{"id":114654,"date":"2018-04-03T07:25:17","date_gmt":"2018-04-03T05:25:17","guid":{"rendered":"https:\/\/www.24gliwice.pl\/wiadomosci\/?p=114654"},"modified":"2018-04-03T01:36:46","modified_gmt":"2018-04-02T23:36:46","slug":"mieszkancy-szobiszowic-protestuja","status":"publish","type":"post","link":"https:\/\/www.24gliwice.pl\/wiadomosci\/mieszkancy-szobiszowic-protestuja\/","title":{"rendered":"Mieszka\u0144cy protestuj\u0105 przeciwko budowie nowych mieszka\u0144 na terenach zielonych. Napisali petycj\u0119"},"content":{"rendered":"<div class=\"gliwi-a6-nad-leadem-artykulow gliwi-entity-placement\" id=\"gliwi-1193171137\"><div class=\"gliwi-adlabel\"><span style=\"font-size: 9px\">REKLAMA<\/span><\/div><div id=\"gliwi-718876743\" style=\"margin-bottom: 25px;margin-left: auto;margin-right: auto;text-align: center;\"><a data-no-instant=\"1\" href=\"https:\/\/dom100.eu\/\" rel=\"noopener\" class=\"a2t-link\" target=\"_blank\" aria-label=\"20260415 DOM100 D\"><img loading=\"lazy\" decoding=\"async\" src=\"https:\/\/www.24gliwice.pl\/wiadomosci\/wp-content\/uploads\/2026\/04\/20260415-DOM100-D.jpg\" alt=\"\"  srcset=\"https:\/\/www.24gliwice.pl\/wiadomosci\/wp-content\/uploads\/2026\/04\/20260415-DOM100-D.jpg 750w, https:\/\/www.24gliwice.pl\/wiadomosci\/wp-content\/uploads\/2026\/04\/20260415-DOM100-D-410x109.jpg 410w\" sizes=\"(max-width: 750px) 100vw, 750px\" class=\"no-lazyload\" width=\"750\" height=\"200\"  style=\"display: inline-block; max-width: 100%; height: auto;\" \/><\/a><\/div><\/div><h3>Do prezydenta Gliwic wp\u0142yn\u0119\u0142a petycja mieszka\u0144c\u00f3w Szobiszowic, kt\u00f3rzy dzier\u017cawi\u0105 tereny zielone zlokalizowane nieopodal zamieszkiwanych przez nich budynk\u00f3w. Sprzeciwiaj\u0105 si\u0119 planom budowy w tym miejscu mieszka\u0144 komunalnych.<\/h3>\n<p><strong>Gliwiczanie<\/strong> zamieszkali na ulicach Harcerskiej i My\u015bliwskiej domagaj\u0105 si\u0119 natychmiastowego wstrzymania decyzji o budowie nowych obiekt\u00f3w mieszkalnych w lokalizacji, w jakiej aktualnie znajduj\u0105 si\u0119 dzier\u017cawione przez nich dzia\u0142ki. Jak podkre\u015blaj\u0105, obszar ten mia\u0142 charakter rekreacyjny od czasu kiedy wybudowano bloki, kt\u00f3re zamieszkuj\u0105.<\/p>\n<p>&#8211; Przez te wszystkie lata mieszka\u0144cy inwestowali w ogrody swoje prywatne \u015brodki finansowe, kt\u00f3re trudno dzi\u015b by\u0142oby policzy\u0107. Inwestowano w budow\u0119 altan, gara\u017c\u00f3w, sadzenie drzew, krzew\u00f3w ozdobnych, ro\u015blin oraz wykonano wiele czynno\u015bci, kt\u00f3rych mo\u017cna by\u0142oby tu wymieni\u0107 jeszcze bardzo wiele &#8211; pisz\u0105 mieszka\u0144cy w petycji.<\/p><div class=\"gliwi-a3-w-tresci-artykulow gliwi-entity-placement\" id=\"gliwi-585114865\"><div class=\"gliwi-adlabel\"><span style=\"font-size: 9px\">REKLAMA<\/span><\/div><div id=\"gliwi-2577245941\" style=\"margin-bottom: 30px;margin-left: auto;margin-right: auto;text-align: center;\"><a data-no-instant=\"1\" href=\"https:\/\/ogrodyandersa.pl\/\" rel=\"noopener\" class=\"a2t-link\" target=\"_blank\" aria-label=\"20260415 Ogrody Andersa KUP TERAZ D\"><img loading=\"lazy\" decoding=\"async\" src=\"https:\/\/www.24gliwice.pl\/wiadomosci\/wp-content\/uploads\/2026\/04\/20260415-Ogrody-Andersa-KUP-TERAZ-D.jpg\" alt=\"\"  srcset=\"https:\/\/www.24gliwice.pl\/wiadomosci\/wp-content\/uploads\/2026\/04\/20260415-Ogrody-Andersa-KUP-TERAZ-D.jpg 750w, https:\/\/www.24gliwice.pl\/wiadomosci\/wp-content\/uploads\/2026\/04\/20260415-Ogrody-Andersa-KUP-TERAZ-D-410x109.jpg 410w\" sizes=\"(max-width: 750px) 100vw, 750px\" class=\"no-lazyload\" width=\"750\" height=\"200\"  style=\"display: inline-block; max-width: 100%; height: auto;\" \/><\/a><\/div><\/div>\n[perfectpullquote align=&#8221;full&#8221; bordertop=&#8221;false&#8221; cite=&#8221;&#8221; link=&#8221;&#8221; color=&#8221;&#8221; class=&#8221;&#8221; size=&#8221;&#8221;]Zaznaczaj\u0105 te\u017c, \u017ce cz\u0119\u015b\u0107 lokator\u00f3w u\u017cytkuje te ogrody nawet kilkadziesi\u0105t lat i uto\u017csamia si\u0119 z tymi terenami. Dla wielu os\u00f3b by\u0142o to miejsce sp\u0119dzania czasu z rodzin\u0105 czy znajomymi na \u015bwie\u017cym powietrzu.[\/perfectpullquote]\n<p>&#8211; Rozumiemy fakt, \u017ce wielu ludzi chce nowych mieszka\u0144, ale nie mo\u017ce to odbywa\u0107 si\u0119 kosztem innych mieszka\u0144c\u00f3w miasta. Uwa\u017camy, \u017ce pozbawienie nas mo\u017cliwo\u015bci u\u017cytkowania ww dzia\u0142ek ogrodowych jest krzywdz\u0105ce. Jeste\u015bmy zdania, \u017ce nowe obiekty mieszkalne powinny powstawa\u0107 na niezagospodarowanych gruntach, kt\u00f3rych w Gliwicach nie brakuje &#8211; zaznaczaj\u0105 gliwiczanie.<\/p>\n<p><iframe loading=\"lazy\" src=\"https:\/\/www.google.com\/maps\/embed?pb=!4v1522145604946!6m8!1m7!1s7fnvNgphgXusob250jIG5g!2m2!1d50.31830255327416!2d18.66922138059613!3f231.1782119063797!4f2.6802649906949796!5f0.7820865974627469\" width=\"810\" height=\"450\" frameborder=\"0\" style=\"border:0\" allowfullscreen><\/iframe><\/p>\n<p>Mieszka\u0144cy twierdz\u0105 te\u017c, \u017ce o planowanej inwestycji nikt ich wcze\u015bniej nie poinformowa\u0142. Okazuje si\u0119, \u017ce budowa wcale nie jest jeszcze przes\u0105dzona.<\/p>\n<p>&#8211; Pomi\u0119dzy tymi domami jest spory teren do tej pory niezagospodarowany (oko\u0142o 0,5 ha). Obszar ten w miejscowym planie zagospodarowania przestrzennego ma zapisane przeznaczenie pod budownictwo i w zwi\u0105zku z tym by\u0142 brany pod uwag\u0119 jako miejsce pod ewentualn\u0105 zabudow\u0119 \u2013 rozwa\u017cano tak\u0105 koncepcj\u0119. \u017badnej wi\u0105\u017c\u0105cej decyzji w tej sprawie na t\u0119 chwil\u0119 nie ma. Jeden z mieszka\u0144c\u00f3w pyta\u0142 o to i uzyska\u0142 tak\u0105 informacj\u0119 &#8211; wyja\u015bnia <strong>Marek Jarz\u0119bowski<\/strong>, rzecznik Prezydenta Miasta.<\/p>\n<p>Petycja do prezydenta wp\u0142yn\u0119\u0142a na pocz\u0105tku marca. Do 1 czerwca urz\u0119dnicy maj\u0105 czas na jej rozpatrzenie. <\/p>\n<div class=\"gliwi-a5-na-koncu-artykulow gliwi-entity-placement\" id=\"gliwi-748246946\"><div class=\"gliwi-adlabel\"><span style=\"font-size: 9px\">REKLAMA<\/span><\/div><div id=\"gliwi-3049000378\" style=\"margin-left: auto;margin-right: auto;text-align: center;\"><a data-no-instant=\"1\" href=\"https:\/\/prezeroarenagliwice.pl\/\" rel=\"noopener\" class=\"a2t-link\" target=\"_blank\" aria-label=\"20260309-PREZERO-WIOSNA-D\"><img loading=\"lazy\" decoding=\"async\" src=\"https:\/\/www.24gliwice.pl\/wiadomosci\/wp-content\/uploads\/2026\/03\/20260309-PREZERO-WIOSNA-D.webp\" alt=\"\"  srcset=\"https:\/\/www.24gliwice.pl\/wiadomosci\/wp-content\/uploads\/2026\/03\/20260309-PREZERO-WIOSNA-D.webp 750w, https:\/\/www.24gliwice.pl\/wiadomosci\/wp-content\/uploads\/2026\/03\/20260309-PREZERO-WIOSNA-D-410x109.webp 410w\" sizes=\"(max-width: 750px) 100vw, 750px\" class=\"no-lazyload\" width=\"750\" height=\"200\"  style=\"display: inline-block; max-width: 100%; height: auto;\" \/><\/a><\/div><\/div>","protected":false},"excerpt":{"rendered":"<p>Do prezydenta Gliwic wp\u0142yn\u0119\u0142a petycja mieszka\u0144c\u00f3w Szobiszowic, kt\u00f3rzy dzier\u017cawi\u0105 tereny zielone zlokalizowane nieopodal zamieszkiwanych przez nich budynk\u00f3w. Sprzeciwiaj\u0105 si\u0119 planom budowy w tym miejscu mieszka\u0144 komunalnych. Gliwiczanie zamieszkali na ulicach Harcerskiej i My\u015bliwskiej domagaj\u0105 si\u0119 natychmiastowego wstrzymania decyzji o budowie nowych obiekt\u00f3w mieszkalnych w lokalizacji, w jakiej aktualnie znajduj\u0105 si\u0119 dzier\u017cawione przez nich dzia\u0142ki. Jak [&hellip;]<\/p>\n","protected":false},"author":15,"featured_media":114709,"comment_status":"open","ping_status":"closed","sticky":false,"template":"","format":"standard","meta":{"_monsterinsights_skip_tracking":false,"_monsterinsights_sitenote_active":false,"_monsterinsights_sitenote_note":"","_monsterinsights_sitenote_category":0,"footnotes":"","_links_to":"","_links_to_target":""},"categories":[3,1],"tags":[8415,11935,11933,9050,11884,11932,1508],"class_list":["post-114654","post","type-post","status-publish","format-standard","has-post-thumbnail","hentry","category-gliwice","category-wszystko","tag-budynek","tag-harcerska","tag-miejscowy-plan-zagospodarowania-przestrzennego","tag-mieszkania-komunalne","tag-mysliwska","tag-petycja","tag-tbs"],"yoast_head":"<!-- This site is optimized with the Yoast SEO plugin v27.5 - https:\/\/yoast.com\/product\/yoast-seo-wordpress\/ -->\n<title>Mieszka\u0144cy protestuj\u0105 przeciwko budowie nowych mieszka\u0144 na terenach zielonych. Napisali petycj\u0119 - 24GLIWICE - Portal Gliwice | codziennie nowe informacje<\/title>\n<meta name=\"robots\" content=\"index, follow, max-snippet:-1, max-image-preview:large, max-video-preview:-1\" \/>\n<link rel=\"canonical\" href=\"https:\/\/www.24gliwice.pl\/wiadomosci\/mieszkancy-szobiszowic-protestuja\/\" \/>\n<meta property=\"og:locale\" content=\"pl_PL\" \/>\n<meta property=\"og:type\" content=\"article\" \/>\n<meta property=\"og:title\" content=\"Mieszka\u0144cy protestuj\u0105 przeciwko budowie nowych mieszka\u0144 na terenach zielonych. Napisali petycj\u0119 - 24GLIWICE - Portal Gliwice | codziennie nowe informacje\" \/>\n<meta property=\"og:description\" content=\"Do prezydenta Gliwic wp\u0142yn\u0119\u0142a petycja mieszka\u0144c\u00f3w Szobiszowic, kt\u00f3rzy dzier\u017cawi\u0105 tereny zielone zlokalizowane nieopodal zamieszkiwanych przez nich budynk\u00f3w. Sprzeciwiaj\u0105 si\u0119 planom budowy w tym miejscu mieszka\u0144 komunalnych. Gliwiczanie zamieszkali na ulicach Harcerskiej i My\u015bliwskiej domagaj\u0105 si\u0119 natychmiastowego wstrzymania decyzji o budowie nowych obiekt\u00f3w mieszkalnych w lokalizacji, w jakiej aktualnie znajduj\u0105 si\u0119 dzier\u017cawione przez nich dzia\u0142ki. Jak [&hellip;]\" \/>\n<meta property=\"og:url\" content=\"https:\/\/www.24gliwice.pl\/wiadomosci\/mieszkancy-szobiszowic-protestuja\/\" \/>\n<meta property=\"og:site_name\" content=\"24GLIWICE - Portal Gliwice | codziennie nowe informacje\" \/>\n<meta property=\"article:publisher\" content=\"https:\/\/www.facebook.com\/24gliwice\" \/>\n<meta property=\"article:published_time\" content=\"2018-04-03T05:25:17+00:00\" \/>\n<meta property=\"og:image\" content=\"https:\/\/www.24gliwice.pl\/wiadomosci\/wp-content\/uploads\/2018\/03\/harcerska.jpg\" \/>\n\t<meta property=\"og:image:width\" content=\"1069\" \/>\n\t<meta property=\"og:image:height\" content=\"602\" \/>\n\t<meta property=\"og:image:type\" content=\"image\/jpeg\" \/>\n<meta name=\"author\" content=\"\u017baneta Mrozek-Siewierska\" \/>\n<meta name=\"twitter:card\" content=\"summary_large_image\" \/>\n<meta name=\"twitter:creator\" content=\"@24gliwice\" \/>\n<meta name=\"twitter:site\" content=\"@24gliwice\" \/>\n<meta name=\"twitter:label1\" content=\"Napisane przez\" \/>\n\t<meta name=\"twitter:data1\" content=\"\u017baneta Mrozek-Siewierska\" \/>\n\t<meta name=\"twitter:label2\" content=\"Szacowany czas czytania\" \/>\n\t<meta name=\"twitter:data2\" content=\"2 minuty\" \/>\n<script type=\"application\/ld+json\" class=\"yoast-schema-graph\">{\"@context\":\"https:\\\/\\\/schema.org\",\"@graph\":[{\"@type\":\"Article\",\"@id\":\"https:\\\/\\\/www.24gliwice.pl\\\/wiadomosci\\\/mieszkancy-szobiszowic-protestuja\\\/#article\",\"isPartOf\":{\"@id\":\"https:\\\/\\\/www.24gliwice.pl\\\/wiadomosci\\\/mieszkancy-szobiszowic-protestuja\\\/\"},\"author\":{\"name\":\"\u017baneta Mrozek-Siewierska\",\"@id\":\"https:\\\/\\\/www.24gliwice.pl\\\/wiadomosci\\\/#\\\/schema\\\/person\\\/e42c650edd7f2fa332be3811fb166b6e\"},\"headline\":\"Mieszka\u0144cy protestuj\u0105 przeciwko budowie nowych mieszka\u0144 na terenach zielonych. Napisali petycj\u0119\",\"datePublished\":\"2018-04-03T05:25:17+00:00\",\"mainEntityOfPage\":{\"@id\":\"https:\\\/\\\/www.24gliwice.pl\\\/wiadomosci\\\/mieszkancy-szobiszowic-protestuja\\\/\"},\"wordCount\":382,\"commentCount\":0,\"publisher\":{\"@id\":\"https:\\\/\\\/www.24gliwice.pl\\\/wiadomosci\\\/#organization\"},\"image\":{\"@id\":\"https:\\\/\\\/www.24gliwice.pl\\\/wiadomosci\\\/mieszkancy-szobiszowic-protestuja\\\/#primaryimage\"},\"thumbnailUrl\":\"https:\\\/\\\/www.24gliwice.pl\\\/wiadomosci\\\/wp-content\\\/uploads\\\/2018\\\/03\\\/harcerska.jpg\",\"keywords\":[\"budynek\",\"harcerska\",\"miejscowy plan zagospodarowania przestrzennego\",\"mieszkania komunalne\",\"my\u015bliwska\",\"petycja\",\"TBS\"],\"articleSection\":[\"Gliwice\",\"Najnowsze wiadomo\u015bci\"],\"inLanguage\":\"pl-PL\",\"potentialAction\":[{\"@type\":\"CommentAction\",\"name\":\"Comment\",\"target\":[\"https:\\\/\\\/www.24gliwice.pl\\\/wiadomosci\\\/mieszkancy-szobiszowic-protestuja\\\/#respond\"]}]},{\"@type\":\"WebPage\",\"@id\":\"https:\\\/\\\/www.24gliwice.pl\\\/wiadomosci\\\/mieszkancy-szobiszowic-protestuja\\\/\",\"url\":\"https:\\\/\\\/www.24gliwice.pl\\\/wiadomosci\\\/mieszkancy-szobiszowic-protestuja\\\/\",\"name\":\"Mieszka\u0144cy protestuj\u0105 przeciwko budowie nowych mieszka\u0144 na terenach zielonych. Napisali petycj\u0119 - 24GLIWICE - Portal Gliwice | codziennie nowe informacje\",\"isPartOf\":{\"@id\":\"https:\\\/\\\/www.24gliwice.pl\\\/wiadomosci\\\/#website\"},\"primaryImageOfPage\":{\"@id\":\"https:\\\/\\\/www.24gliwice.pl\\\/wiadomosci\\\/mieszkancy-szobiszowic-protestuja\\\/#primaryimage\"},\"image\":{\"@id\":\"https:\\\/\\\/www.24gliwice.pl\\\/wiadomosci\\\/mieszkancy-szobiszowic-protestuja\\\/#primaryimage\"},\"thumbnailUrl\":\"https:\\\/\\\/www.24gliwice.pl\\\/wiadomosci\\\/wp-content\\\/uploads\\\/2018\\\/03\\\/harcerska.jpg\",\"datePublished\":\"2018-04-03T05:25:17+00:00\",\"breadcrumb\":{\"@id\":\"https:\\\/\\\/www.24gliwice.pl\\\/wiadomosci\\\/mieszkancy-szobiszowic-protestuja\\\/#breadcrumb\"},\"inLanguage\":\"pl-PL\",\"potentialAction\":[{\"@type\":\"ReadAction\",\"target\":[\"https:\\\/\\\/www.24gliwice.pl\\\/wiadomosci\\\/mieszkancy-szobiszowic-protestuja\\\/\"]}]},{\"@type\":\"ImageObject\",\"inLanguage\":\"pl-PL\",\"@id\":\"https:\\\/\\\/www.24gliwice.pl\\\/wiadomosci\\\/mieszkancy-szobiszowic-protestuja\\\/#primaryimage\",\"url\":\"https:\\\/\\\/www.24gliwice.pl\\\/wiadomosci\\\/wp-content\\\/uploads\\\/2018\\\/03\\\/harcerska.jpg\",\"contentUrl\":\"https:\\\/\\\/www.24gliwice.pl\\\/wiadomosci\\\/wp-content\\\/uploads\\\/2018\\\/03\\\/harcerska.jpg\",\"width\":1069,\"height\":602},{\"@type\":\"BreadcrumbList\",\"@id\":\"https:\\\/\\\/www.24gliwice.pl\\\/wiadomosci\\\/mieszkancy-szobiszowic-protestuja\\\/#breadcrumb\",\"itemListElement\":[{\"@type\":\"ListItem\",\"position\":1,\"name\":\"Strona g\u0142\u00f3wna\",\"item\":\"https:\\\/\\\/www.24gliwice.pl\\\/wiadomosci\\\/\"},{\"@type\":\"ListItem\",\"position\":2,\"name\":\"Mieszka\u0144cy protestuj\u0105 przeciwko budowie nowych mieszka\u0144 na terenach zielonych. Napisali petycj\u0119\"}]},{\"@type\":\"WebSite\",\"@id\":\"https:\\\/\\\/www.24gliwice.pl\\\/wiadomosci\\\/#website\",\"url\":\"https:\\\/\\\/www.24gliwice.pl\\\/wiadomosci\\\/\",\"name\":\"24GLIWICE - Portal Gliwice | codziennie nowe wiadomo\u015bci\",\"description\":\"Portal Miejski Gliwice\",\"publisher\":{\"@id\":\"https:\\\/\\\/www.24gliwice.pl\\\/wiadomosci\\\/#organization\"},\"potentialAction\":[{\"@type\":\"SearchAction\",\"target\":{\"@type\":\"EntryPoint\",\"urlTemplate\":\"https:\\\/\\\/www.24gliwice.pl\\\/wiadomosci\\\/?s={search_term_string}\"},\"query-input\":{\"@type\":\"PropertyValueSpecification\",\"valueRequired\":true,\"valueName\":\"search_term_string\"}}],\"inLanguage\":\"pl-PL\"},{\"@type\":\"Organization\",\"@id\":\"https:\\\/\\\/www.24gliwice.pl\\\/wiadomosci\\\/#organization\",\"name\":\"24gliwice\",\"url\":\"https:\\\/\\\/www.24gliwice.pl\\\/wiadomosci\\\/\",\"logo\":{\"@type\":\"ImageObject\",\"inLanguage\":\"pl-PL\",\"@id\":\"https:\\\/\\\/www.24gliwice.pl\\\/wiadomosci\\\/#\\\/schema\\\/logo\\\/image\\\/\",\"url\":\"https:\\\/\\\/www.24gliwice.pl\\\/wiadomosci\\\/wp-content\\\/uploads\\\/2024\\\/10\\\/24gliwice-logo-696.jpg\",\"contentUrl\":\"https:\\\/\\\/www.24gliwice.pl\\\/wiadomosci\\\/wp-content\\\/uploads\\\/2024\\\/10\\\/24gliwice-logo-696.jpg\",\"width\":696,\"height\":696,\"caption\":\"24gliwice\"},\"image\":{\"@id\":\"https:\\\/\\\/www.24gliwice.pl\\\/wiadomosci\\\/#\\\/schema\\\/logo\\\/image\\\/\"},\"sameAs\":[\"https:\\\/\\\/www.facebook.com\\\/24gliwice\",\"https:\\\/\\\/x.com\\\/24gliwice\",\"https:\\\/\\\/www.youtube.com\\\/@24gliwice\"]},{\"@type\":\"Person\",\"@id\":\"https:\\\/\\\/www.24gliwice.pl\\\/wiadomosci\\\/#\\\/schema\\\/person\\\/e42c650edd7f2fa332be3811fb166b6e\",\"name\":\"\u017baneta Mrozek-Siewierska\",\"image\":{\"@type\":\"ImageObject\",\"inLanguage\":\"pl-PL\",\"@id\":\"https:\\\/\\\/secure.gravatar.com\\\/avatar\\\/1881429e9c64597c77ad7aef2d0a19be69a3253e57534d16aa15bf3a4d34a0a3?s=96&d=mm&r=g\",\"url\":\"https:\\\/\\\/secure.gravatar.com\\\/avatar\\\/1881429e9c64597c77ad7aef2d0a19be69a3253e57534d16aa15bf3a4d34a0a3?s=96&d=mm&r=g\",\"contentUrl\":\"https:\\\/\\\/secure.gravatar.com\\\/avatar\\\/1881429e9c64597c77ad7aef2d0a19be69a3253e57534d16aa15bf3a4d34a0a3?s=96&d=mm&r=g\",\"caption\":\"\u017baneta Mrozek-Siewierska\"},\"url\":\"https:\\\/\\\/www.24gliwice.pl\\\/wiadomosci\\\/author\\\/zms\\\/\"}]}<\/script>\n<!-- \/ Yoast SEO plugin. -->","yoast_head_json":{"title":"Mieszka\u0144cy protestuj\u0105 przeciwko budowie nowych mieszka\u0144 na terenach zielonych. Napisali petycj\u0119 - 24GLIWICE - Portal Gliwice | codziennie nowe informacje","robots":{"index":"index","follow":"follow","max-snippet":"max-snippet:-1","max-image-preview":"max-image-preview:large","max-video-preview":"max-video-preview:-1"},"canonical":"https:\/\/www.24gliwice.pl\/wiadomosci\/mieszkancy-szobiszowic-protestuja\/","og_locale":"pl_PL","og_type":"article","og_title":"Mieszka\u0144cy protestuj\u0105 przeciwko budowie nowych mieszka\u0144 na terenach zielonych. Napisali petycj\u0119 - 24GLIWICE - Portal Gliwice | codziennie nowe informacje","og_description":"Do prezydenta Gliwic wp\u0142yn\u0119\u0142a petycja mieszka\u0144c\u00f3w Szobiszowic, kt\u00f3rzy dzier\u017cawi\u0105 tereny zielone zlokalizowane nieopodal zamieszkiwanych przez nich budynk\u00f3w. Sprzeciwiaj\u0105 si\u0119 planom budowy w tym miejscu mieszka\u0144 komunalnych. Gliwiczanie zamieszkali na ulicach Harcerskiej i My\u015bliwskiej domagaj\u0105 si\u0119 natychmiastowego wstrzymania decyzji o budowie nowych obiekt\u00f3w mieszkalnych w lokalizacji, w jakiej aktualnie znajduj\u0105 si\u0119 dzier\u017cawione przez nich dzia\u0142ki. Jak [&hellip;]","og_url":"https:\/\/www.24gliwice.pl\/wiadomosci\/mieszkancy-szobiszowic-protestuja\/","og_site_name":"24GLIWICE - Portal Gliwice | codziennie nowe informacje","article_publisher":"https:\/\/www.facebook.com\/24gliwice","article_published_time":"2018-04-03T05:25:17+00:00","og_image":[{"width":1069,"height":602,"url":"https:\/\/www.24gliwice.pl\/wiadomosci\/wp-content\/uploads\/2018\/03\/harcerska.jpg","type":"image\/jpeg"}],"author":"\u017baneta Mrozek-Siewierska","twitter_card":"summary_large_image","twitter_creator":"@24gliwice","twitter_site":"@24gliwice","twitter_misc":{"Napisane przez":"\u017baneta Mrozek-Siewierska","Szacowany czas czytania":"2 minuty"},"schema":{"@context":"https:\/\/schema.org","@graph":[{"@type":"Article","@id":"https:\/\/www.24gliwice.pl\/wiadomosci\/mieszkancy-szobiszowic-protestuja\/#article","isPartOf":{"@id":"https:\/\/www.24gliwice.pl\/wiadomosci\/mieszkancy-szobiszowic-protestuja\/"},"author":{"name":"\u017baneta Mrozek-Siewierska","@id":"https:\/\/www.24gliwice.pl\/wiadomosci\/#\/schema\/person\/e42c650edd7f2fa332be3811fb166b6e"},"headline":"Mieszka\u0144cy protestuj\u0105 przeciwko budowie nowych mieszka\u0144 na terenach zielonych. Napisali petycj\u0119","datePublished":"2018-04-03T05:25:17+00:00","mainEntityOfPage":{"@id":"https:\/\/www.24gliwice.pl\/wiadomosci\/mieszkancy-szobiszowic-protestuja\/"},"wordCount":382,"commentCount":0,"publisher":{"@id":"https:\/\/www.24gliwice.pl\/wiadomosci\/#organization"},"image":{"@id":"https:\/\/www.24gliwice.pl\/wiadomosci\/mieszkancy-szobiszowic-protestuja\/#primaryimage"},"thumbnailUrl":"https:\/\/www.24gliwice.pl\/wiadomosci\/wp-content\/uploads\/2018\/03\/harcerska.jpg","keywords":["budynek","harcerska","miejscowy plan zagospodarowania przestrzennego","mieszkania komunalne","my\u015bliwska","petycja","TBS"],"articleSection":["Gliwice","Najnowsze wiadomo\u015bci"],"inLanguage":"pl-PL","potentialAction":[{"@type":"CommentAction","name":"Comment","target":["https:\/\/www.24gliwice.pl\/wiadomosci\/mieszkancy-szobiszowic-protestuja\/#respond"]}]},{"@type":"WebPage","@id":"https:\/\/www.24gliwice.pl\/wiadomosci\/mieszkancy-szobiszowic-protestuja\/","url":"https:\/\/www.24gliwice.pl\/wiadomosci\/mieszkancy-szobiszowic-protestuja\/","name":"Mieszka\u0144cy protestuj\u0105 przeciwko budowie nowych mieszka\u0144 na terenach zielonych. Napisali petycj\u0119 - 24GLIWICE - Portal Gliwice | codziennie nowe informacje","isPartOf":{"@id":"https:\/\/www.24gliwice.pl\/wiadomosci\/#website"},"primaryImageOfPage":{"@id":"https:\/\/www.24gliwice.pl\/wiadomosci\/mieszkancy-szobiszowic-protestuja\/#primaryimage"},"image":{"@id":"https:\/\/www.24gliwice.pl\/wiadomosci\/mieszkancy-szobiszowic-protestuja\/#primaryimage"},"thumbnailUrl":"https:\/\/www.24gliwice.pl\/wiadomosci\/wp-content\/uploads\/2018\/03\/harcerska.jpg","datePublished":"2018-04-03T05:25:17+00:00","breadcrumb":{"@id":"https:\/\/www.24gliwice.pl\/wiadomosci\/mieszkancy-szobiszowic-protestuja\/#breadcrumb"},"inLanguage":"pl-PL","potentialAction":[{"@type":"ReadAction","target":["https:\/\/www.24gliwice.pl\/wiadomosci\/mieszkancy-szobiszowic-protestuja\/"]}]},{"@type":"ImageObject","inLanguage":"pl-PL","@id":"https:\/\/www.24gliwice.pl\/wiadomosci\/mieszkancy-szobiszowic-protestuja\/#primaryimage","url":"https:\/\/www.24gliwice.pl\/wiadomosci\/wp-content\/uploads\/2018\/03\/harcerska.jpg","contentUrl":"https:\/\/www.24gliwice.pl\/wiadomosci\/wp-content\/uploads\/2018\/03\/harcerska.jpg","width":1069,"height":602},{"@type":"BreadcrumbList","@id":"https:\/\/www.24gliwice.pl\/wiadomosci\/mieszkancy-szobiszowic-protestuja\/#breadcrumb","itemListElement":[{"@type":"ListItem","position":1,"name":"Strona g\u0142\u00f3wna","item":"https:\/\/www.24gliwice.pl\/wiadomosci\/"},{"@type":"ListItem","position":2,"name":"Mieszka\u0144cy protestuj\u0105 przeciwko budowie nowych mieszka\u0144 na terenach zielonych. Napisali petycj\u0119"}]},{"@type":"WebSite","@id":"https:\/\/www.24gliwice.pl\/wiadomosci\/#website","url":"https:\/\/www.24gliwice.pl\/wiadomosci\/","name":"24GLIWICE - Portal Gliwice | codziennie nowe wiadomo\u015bci","description":"Portal Miejski Gliwice","publisher":{"@id":"https:\/\/www.24gliwice.pl\/wiadomosci\/#organization"},"potentialAction":[{"@type":"SearchAction","target":{"@type":"EntryPoint","urlTemplate":"https:\/\/www.24gliwice.pl\/wiadomosci\/?s={search_term_string}"},"query-input":{"@type":"PropertyValueSpecification","valueRequired":true,"valueName":"search_term_string"}}],"inLanguage":"pl-PL"},{"@type":"Organization","@id":"https:\/\/www.24gliwice.pl\/wiadomosci\/#organization","name":"24gliwice","url":"https:\/\/www.24gliwice.pl\/wiadomosci\/","logo":{"@type":"ImageObject","inLanguage":"pl-PL","@id":"https:\/\/www.24gliwice.pl\/wiadomosci\/#\/schema\/logo\/image\/","url":"https:\/\/www.24gliwice.pl\/wiadomosci\/wp-content\/uploads\/2024\/10\/24gliwice-logo-696.jpg","contentUrl":"https:\/\/www.24gliwice.pl\/wiadomosci\/wp-content\/uploads\/2024\/10\/24gliwice-logo-696.jpg","width":696,"height":696,"caption":"24gliwice"},"image":{"@id":"https:\/\/www.24gliwice.pl\/wiadomosci\/#\/schema\/logo\/image\/"},"sameAs":["https:\/\/www.facebook.com\/24gliwice","https:\/\/x.com\/24gliwice","https:\/\/www.youtube.com\/@24gliwice"]},{"@type":"Person","@id":"https:\/\/www.24gliwice.pl\/wiadomosci\/#\/schema\/person\/e42c650edd7f2fa332be3811fb166b6e","name":"\u017baneta Mrozek-Siewierska","image":{"@type":"ImageObject","inLanguage":"pl-PL","@id":"https:\/\/secure.gravatar.com\/avatar\/1881429e9c64597c77ad7aef2d0a19be69a3253e57534d16aa15bf3a4d34a0a3?s=96&d=mm&r=g","url":"https:\/\/secure.gravatar.com\/avatar\/1881429e9c64597c77ad7aef2d0a19be69a3253e57534d16aa15bf3a4d34a0a3?s=96&d=mm&r=g","contentUrl":"https:\/\/secure.gravatar.com\/avatar\/1881429e9c64597c77ad7aef2d0a19be69a3253e57534d16aa15bf3a4d34a0a3?s=96&d=mm&r=g","caption":"\u017baneta Mrozek-Siewierska"},"url":"https:\/\/www.24gliwice.pl\/wiadomosci\/author\/zms\/"}]}},"_links":{"self":[{"href":"https:\/\/www.24gliwice.pl\/wiadomosci\/wp-json\/wp\/v2\/posts\/114654","targetHints":{"allow":["GET"]}}],"collection":[{"href":"https:\/\/www.24gliwice.pl\/wiadomosci\/wp-json\/wp\/v2\/posts"}],"about":[{"href":"https:\/\/www.24gliwice.pl\/wiadomosci\/wp-json\/wp\/v2\/types\/post"}],"author":[{"embeddable":true,"href":"https:\/\/www.24gliwice.pl\/wiadomosci\/wp-json\/wp\/v2\/users\/15"}],"replies":[{"embeddable":true,"href":"https:\/\/www.24gliwice.pl\/wiadomosci\/wp-json\/wp\/v2\/comments?post=114654"}],"version-history":[{"count":0,"href":"https:\/\/www.24gliwice.pl\/wiadomosci\/wp-json\/wp\/v2\/posts\/114654\/revisions"}],"wp:featuredmedia":[{"embeddable":true,"href":"https:\/\/www.24gliwice.pl\/wiadomosci\/wp-json\/wp\/v2\/media\/114709"}],"wp:attachment":[{"href":"https:\/\/www.24gliwice.pl\/wiadomosci\/wp-json\/wp\/v2\/media?parent=114654"}],"wp:term":[{"taxonomy":"category","embeddable":true,"href":"https:\/\/www.24gliwice.pl\/wiadomosci\/wp-json\/wp\/v2\/categories?post=114654"},{"taxonomy":"post_tag","embeddable":true,"href":"https:\/\/www.24gliwice.pl\/wiadomosci\/wp-json\/wp\/v2\/tags?post=114654"}],"curies":[{"name":"wp","href":"https:\/\/api.w.org\/{rel}","templated":true}]}}