{"id":114750,"date":"2018-03-28T00:39:24","date_gmt":"2018-03-27T22:39:24","guid":{"rendered":"https:\/\/www.24gliwice.pl\/wiadomosci\/?p=114750"},"modified":"2018-03-28T14:10:54","modified_gmt":"2018-03-28T12:10:54","slug":"budowa-silesia-outlet","status":"publish","type":"post","link":"https:\/\/www.24gliwice.pl\/wiadomosci\/budowa-silesia-outlet\/","title":{"rendered":"Budowa Silesia Outlet nabiera rozp\u0119du. &#8220;Najp\u00f3\u017aniej w lipcu obiekt znajdzie si\u0119 pod dachem&#8221;"},"content":{"rendered":"<div class=\"gliwi-a6-nad-leadem-artykulow gliwi-entity-placement\" id=\"gliwi-3490161384\"><div class=\"gliwi-adlabel\"><span style=\"font-size: 9px\">REKLAMA<\/span><\/div><div id=\"gliwi-1784928200\" style=\"margin-bottom: 30px;margin-left: auto;margin-right: auto;text-align: center;\"><a data-no-instant=\"1\" href=\"https:\/\/przedszkole.halogen.org.pl\/\" rel=\"noopener\" class=\"a2t-link\" target=\"_blank\" aria-label=\"20260402-ANIMATOR-przedszkole_grafika_750x200\"><img loading=\"lazy\" decoding=\"async\" src=\"https:\/\/www.24gliwice.pl\/wiadomosci\/wp-content\/uploads\/2026\/04\/20260402-ANIMATOR-przedszkole_grafika_750x200.webp\" alt=\"\"  srcset=\"https:\/\/www.24gliwice.pl\/wiadomosci\/wp-content\/uploads\/2026\/04\/20260402-ANIMATOR-przedszkole_grafika_750x200.webp 750w, https:\/\/www.24gliwice.pl\/wiadomosci\/wp-content\/uploads\/2026\/04\/20260402-ANIMATOR-przedszkole_grafika_750x200-410x109.webp 410w\" sizes=\"(max-width: 750px) 100vw, 750px\" class=\"no-lazyload\" width=\"750\" height=\"200\"  style=\"display: inline-block; max-width: 100%; height: auto;\" \/><\/a><\/div><\/div><h3>Od trzech miesi\u0119cy w Gliwicach, w s\u0105siedztwie Auchan przy ul. Rybnickiej trwa budowa najwi\u0119kszego centrum wyprzeda\u017cowego na G\u00f3rnym \u015al\u0105sku &#8211; Silesia Outlet.<\/h3>\n<p> Projekt b\u0119dzie zrealizowany w dw\u00f3ch etapach, faza pierwsza to oko\u0142o 70 sklep\u00f3w o \u0142\u0105cznej powierzchni najmu 12 tys. mkw., faza druga to ponad 50 sklep\u00f3w o \u0142\u0105cznej powierzchni 8 tys. mkw. GLA. <\/p>\n<p>Jak zapewnia generalny wykonawca, firma Erbud SA. najp\u00f3\u017aniej w lipcu faza pierwsza obiektu znajdzie si\u0119 pod dachem. Ca\u0142kowity koszt budowy tego etapu wyniesie ponad 57 mln z\u0142otych. Otwarcie Silesia Outlet zaplanowano na wiosn\u0119 2019 roku. <\/p><div class=\"gliwi-a3-w-tresci-artykulow gliwi-entity-placement\" id=\"gliwi-1426791817\"><div class=\"gliwi-adlabel\"><span style=\"font-size: 9px\">REKLAMA<\/span><\/div><div id=\"gliwi-1600288420\" style=\"margin-bottom: 30px;margin-left: auto;margin-right: auto;text-align: center;\"><a data-no-instant=\"1\" href=\"https:\/\/ogrodyandersa.pl\/\" rel=\"noopener\" class=\"a2t-link\" target=\"_blank\" aria-label=\"20260415 Ogrody Andersa KUP TERAZ D\"><img loading=\"lazy\" decoding=\"async\" src=\"https:\/\/www.24gliwice.pl\/wiadomosci\/wp-content\/uploads\/2026\/04\/20260415-Ogrody-Andersa-KUP-TERAZ-D.jpg\" alt=\"\"  srcset=\"https:\/\/www.24gliwice.pl\/wiadomosci\/wp-content\/uploads\/2026\/04\/20260415-Ogrody-Andersa-KUP-TERAZ-D.jpg 750w, https:\/\/www.24gliwice.pl\/wiadomosci\/wp-content\/uploads\/2026\/04\/20260415-Ogrody-Andersa-KUP-TERAZ-D-410x109.jpg 410w\" sizes=\"(max-width: 750px) 100vw, 750px\" class=\"no-lazyload\" width=\"750\" height=\"200\"  style=\"display: inline-block; max-width: 100%; height: auto;\" \/><\/a><\/div><\/div>\n<p><img loading=\"lazy\" decoding=\"async\" src=\"https:\/\/www.24gliwice.pl\/wiadomosci\/wp-content\/uploads\/2018\/01\/silesia-outlet-3-810x455.jpg\" alt=\"\" width=\"810\" height=\"455\" class=\"aligncenter size-large wp-image-111209\" srcset=\"https:\/\/www.24gliwice.pl\/wiadomosci\/wp-content\/uploads\/2018\/01\/silesia-outlet-3-810x455.jpg 810w, https:\/\/www.24gliwice.pl\/wiadomosci\/wp-content\/uploads\/2018\/01\/silesia-outlet-3-768x432.jpg 768w, https:\/\/www.24gliwice.pl\/wiadomosci\/wp-content\/uploads\/2018\/01\/silesia-outlet-3.jpg 996w\" sizes=\"auto, (max-width: 810px) 100vw, 810px\" \/><\/p>\n<p>Inwestorem Silesia Outlet jest 6B47 Poland, sp\u00f3\u0142ka z grupy 6B47 Real Estate Investors AG. Za komercjalizacj\u0119 obiektu odpowiada BOIG Property Consulting.<\/p>\n<blockquote><p>\u2013\u00a0Na plac budowy weszli\u015bmy pod koniec grudnia, aktualnie jeste\u015bmy na etapie wykonywania dokumentacji wykonawczej, jednocze\u015bnie trwaj\u0105 roboty makroniwelacyjne i ziemne. Wykonujemy roboty fundamentowe wraz z g\u0142\u00f3wn\u0105 konstrukcj\u0105 \u017celbetow\u0105. Na prze\u0142omie kwietnia i maja rozpoczniemy monta\u017c konstrukcji stalowej, tak aby najp\u00f3\u017aniej w lipcu budynek znalaz\u0142 si\u0119 pod dachem<\/p><\/blockquote>\n<p>\u00a0\u2013\u00a0m\u00f3wi\u00a0<strong>Piotr Dobosz<\/strong>, Dyrektora oddzia\u0142u Erbud z Krakowa.<\/p>\n<p>W Silesia Outlet na \u0142\u0105cznej powierzchni blisko 20 tys. mkw. GLA znajdzie si\u0119 ponad 120 salon\u00f3w znanych i cenionych marek odzie\u017cowych oraz obuwniczych, dost\u0119pnych zawsze co najmniej 30 proc. taniej ni\u017c w regularnych galeriach handlowych. <\/p>\n<p><img loading=\"lazy\" decoding=\"async\" src=\"https:\/\/www.24gliwice.pl\/wiadomosci\/wp-content\/uploads\/2018\/03\/1-silesia-outlet-2-806x455.jpg\" alt=\"\" width=\"806\" height=\"455\" class=\"aligncenter size-large wp-image-114753\" srcset=\"https:\/\/www.24gliwice.pl\/wiadomosci\/wp-content\/uploads\/2018\/03\/1-silesia-outlet-2-806x455.jpg 806w, https:\/\/www.24gliwice.pl\/wiadomosci\/wp-content\/uploads\/2018\/03\/1-silesia-outlet-2-410x232.jpg 410w, https:\/\/www.24gliwice.pl\/wiadomosci\/wp-content\/uploads\/2018\/03\/1-silesia-outlet-2-768x433.jpg 768w, https:\/\/www.24gliwice.pl\/wiadomosci\/wp-content\/uploads\/2018\/03\/1-silesia-outlet-2.jpg 810w\" sizes=\"auto, (max-width: 806px) 100vw, 806px\" \/><\/p>\n<p>\u2013 Nowy outlet odpowie na potrzeby zakupowe mieszka\u0144c\u00f3w Katowic, Gliwic, Zabrza, Bytomia, Tarnowskich G\u00f3r, Miko\u0142owa, K\u0119dzierzyna-Ko\u017ala, Opola czy Rybnika oraz okolicznych miast. Inwestycja przyniesie tak\u017ce inne korzy\u015bci dla lokalnej spo\u0142eczno\u015bci. Szacujemy, \u017ce w Silesia Outlet zatrudnienie znajdzie oko\u0142o 650 os\u00f3b. Jednocze\u015bnie obiekt b\u0119dzie generowa\u0142 sta\u0142y przych\u00f3d dla bud\u017cetu miejskiego mi\u0119dzy innymi w postaci podatku od nieruchomo\u015bci \u2013 m\u00f3wi <strong>Miros\u0142aw Januszko<\/strong>, CEO sp\u00f3\u0142ki 6B47 Poland.<\/p>\n<p><img loading=\"lazy\" decoding=\"async\" src=\"https:\/\/www.24gliwice.pl\/wiadomosci\/wp-content\/uploads\/2017\/01\/silesia-outlet-810x370.jpg\" alt=\"\" width=\"810\" height=\"370\" class=\"aligncenter size-large wp-image-92585\" srcset=\"https:\/\/www.24gliwice.pl\/wiadomosci\/wp-content\/uploads\/2017\/01\/silesia-outlet.jpg 810w, https:\/\/www.24gliwice.pl\/wiadomosci\/wp-content\/uploads\/2017\/01\/silesia-outlet-410x187.jpg 410w, https:\/\/www.24gliwice.pl\/wiadomosci\/wp-content\/uploads\/2017\/01\/silesia-outlet-768x351.jpg 768w\" sizes=\"auto, (max-width: 810px) 100vw, 810px\" \/><\/p>\n<p>Faza pierwsza obiektu jest ju\u017c wynaj\u0119ta na poziomie oko\u0142o 70 proc. W Silesia Outlet swoje salony otworz\u0105 m.in.: Vistula i W\u00f3lczanka, Kubenz, Bruno Zinger, Lavard, Lancerto, Lee Cooper, Wrangler, Cross Jeans, Pepe Jeans, Diverse, Bagatelle, Martes Sport, Puma, Reebok, Adidas i New Balance, Guess, Kazar, Umbro i Pierre Cardin wraz z ofert\u0105 Bugatti i Milestone, Venezia, Unisono, Trespass, Volcano i Symbiosis. Sektor us\u0142ugowy b\u0119d\u0105 reprezentowa\u0107 m.in. restauracje Olimp i Mia Pizza, Lodowa Manufaktura Lovit, biuro podr\u00f3\u017cy Sun-Way Travel, salon prasowy Tabak, punkt serwisuj\u0105cy telefony kom\u00f3rkowe 4Tel, salonik Lotto, perfumeria Amora oraz salon optyczny Soczekwki24.<\/p>\n<p>Budowa Silesia Outlet ruszy\u0142a w grudniu 2017 roku. Generalnym wykonawc\u0105 jest firma Erbud SA, finansowanie projektu zapewni\u0142 Bank Zachodni WBK SA. Otwarcie Silesia Outlet zaplanowano na wiosn\u0119 2019 roku.\u00a0<\/p>\n<p><img loading=\"lazy\" decoding=\"async\" src=\"https:\/\/www.24gliwice.pl\/wiadomosci\/wp-content\/uploads\/2018\/01\/silesia-outlet2-807x455.jpg\" alt=\"\" width=\"807\" height=\"455\" class=\"aligncenter size-large wp-image-111211\" srcset=\"https:\/\/www.24gliwice.pl\/wiadomosci\/wp-content\/uploads\/2018\/01\/silesia-outlet2-807x455.jpg 807w, https:\/\/www.24gliwice.pl\/wiadomosci\/wp-content\/uploads\/2018\/01\/silesia-outlet2-410x232.jpg 410w, https:\/\/www.24gliwice.pl\/wiadomosci\/wp-content\/uploads\/2018\/01\/silesia-outlet2-768x433.jpg 768w, https:\/\/www.24gliwice.pl\/wiadomosci\/wp-content\/uploads\/2018\/01\/silesia-outlet2-810x457.jpg 810w, https:\/\/www.24gliwice.pl\/wiadomosci\/wp-content\/uploads\/2018\/01\/silesia-outlet2.jpg 990w\" sizes=\"auto, (max-width: 807px) 100vw, 807px\" \/><\/p>\n<div class=\"gliwi-a5-na-koncu-artykulow gliwi-entity-placement\" id=\"gliwi-3417193333\"><div class=\"gliwi-adlabel\"><span style=\"font-size: 9px\">REKLAMA<\/span><\/div><div id=\"gliwi-2236979383\" style=\"margin-left: auto;margin-right: auto;text-align: center;\"><a data-no-instant=\"1\" href=\"https:\/\/prezeroarenagliwice.pl\/\" rel=\"noopener\" class=\"a2t-link\" target=\"_blank\" aria-label=\"20260309-PREZERO-WIOSNA-D\"><img loading=\"lazy\" decoding=\"async\" src=\"https:\/\/www.24gliwice.pl\/wiadomosci\/wp-content\/uploads\/2026\/03\/20260309-PREZERO-WIOSNA-D.webp\" alt=\"\"  srcset=\"https:\/\/www.24gliwice.pl\/wiadomosci\/wp-content\/uploads\/2026\/03\/20260309-PREZERO-WIOSNA-D.webp 750w, https:\/\/www.24gliwice.pl\/wiadomosci\/wp-content\/uploads\/2026\/03\/20260309-PREZERO-WIOSNA-D-410x109.webp 410w\" sizes=\"(max-width: 750px) 100vw, 750px\" class=\"no-lazyload\" width=\"750\" height=\"200\"  style=\"display: inline-block; max-width: 100%; height: auto;\" \/><\/a><\/div><\/div>","protected":false},"excerpt":{"rendered":"<p>Od trzech miesi\u0119cy w Gliwicach, w s\u0105siedztwie Auchan przy ul. Rybnickiej trwa budowa najwi\u0119kszego centrum wyprzeda\u017cowego na G\u00f3rnym \u015al\u0105sku &#8211; Silesia Outlet. Projekt b\u0119dzie zrealizowany w dw\u00f3ch etapach, faza pierwsza to oko\u0142o 70 sklep\u00f3w o \u0142\u0105cznej powierzchni najmu 12 tys. mkw., faza druga to ponad 50 sklep\u00f3w o \u0142\u0105cznej powierzchni 8 tys. mkw. GLA. Jak [&hellip;]<\/p>\n","protected":false},"author":4,"featured_media":114818,"comment_status":"open","ping_status":"closed","sticky":false,"template":"","format":"standard","meta":{"_monsterinsights_skip_tracking":false,"_monsterinsights_sitenote_active":false,"_monsterinsights_sitenote_note":"","_monsterinsights_sitenote_category":0,"footnotes":"","_links_to":"","_links_to_target":""},"categories":[3,1,9],"tags":[8053,8348,8347],"class_list":["post-114750","post","type-post","status-publish","format-standard","has-post-thumbnail","hentry","category-gliwice","category-wszystko","category-aktualnosci_lokalne","tag-budowa","tag-centrum-wyprzedazowe","tag-silesia-outlet"],"yoast_head":"<!-- This site is optimized with the Yoast SEO plugin v27.5 - https:\/\/yoast.com\/product\/yoast-seo-wordpress\/ -->\n<title>Budowa Silesia Outlet nabiera rozp\u0119du. &quot;Najp\u00f3\u017aniej w lipcu obiekt znajdzie si\u0119 pod dachem&quot; - 24GLIWICE - Portal Gliwice | codziennie nowe informacje<\/title>\n<meta name=\"robots\" content=\"index, follow, max-snippet:-1, max-image-preview:large, max-video-preview:-1\" \/>\n<link rel=\"canonical\" href=\"https:\/\/www.24gliwice.pl\/wiadomosci\/budowa-silesia-outlet\/\" \/>\n<meta property=\"og:locale\" content=\"pl_PL\" \/>\n<meta property=\"og:type\" content=\"article\" \/>\n<meta property=\"og:title\" content=\"Budowa Silesia Outlet nabiera rozp\u0119du. &quot;Najp\u00f3\u017aniej w lipcu obiekt znajdzie si\u0119 pod dachem&quot; - 24GLIWICE - Portal Gliwice | codziennie nowe informacje\" \/>\n<meta property=\"og:description\" content=\"Od trzech miesi\u0119cy w Gliwicach, w s\u0105siedztwie Auchan przy ul. Rybnickiej trwa budowa najwi\u0119kszego centrum wyprzeda\u017cowego na G\u00f3rnym \u015al\u0105sku &#8211; Silesia Outlet. Projekt b\u0119dzie zrealizowany w dw\u00f3ch etapach, faza pierwsza to oko\u0142o 70 sklep\u00f3w o \u0142\u0105cznej powierzchni najmu 12 tys. mkw., faza druga to ponad 50 sklep\u00f3w o \u0142\u0105cznej powierzchni 8 tys. mkw. GLA. Jak [&hellip;]\" \/>\n<meta property=\"og:url\" content=\"https:\/\/www.24gliwice.pl\/wiadomosci\/budowa-silesia-outlet\/\" \/>\n<meta property=\"og:site_name\" content=\"24GLIWICE - Portal Gliwice | codziennie nowe informacje\" \/>\n<meta property=\"article:publisher\" content=\"https:\/\/www.facebook.com\/24gliwice\" \/>\n<meta property=\"article:author\" content=\"https:\/\/www.facebook.com\/marcin.fabrykowski\" \/>\n<meta property=\"article:published_time\" content=\"2018-03-27T22:39:24+00:00\" \/>\n<meta property=\"article:modified_time\" content=\"2018-03-28T12:10:54+00:00\" \/>\n<meta property=\"og:image\" content=\"https:\/\/www.24gliwice.pl\/wiadomosci\/wp-content\/uploads\/2018\/03\/1-silesia-outlet-1-001.jpg\" \/>\n\t<meta property=\"og:image:width\" content=\"810\" \/>\n\t<meta property=\"og:image:height\" content=\"456\" \/>\n\t<meta property=\"og:image:type\" content=\"image\/jpeg\" \/>\n<meta name=\"author\" content=\"Marcin Fabrykowski\" \/>\n<meta name=\"twitter:card\" content=\"summary_large_image\" \/>\n<meta name=\"twitter:creator\" content=\"@24gliwice\" \/>\n<meta name=\"twitter:site\" content=\"@24gliwice\" \/>\n<meta name=\"twitter:label1\" content=\"Napisane przez\" \/>\n\t<meta name=\"twitter:data1\" content=\"Marcin Fabrykowski\" \/>\n\t<meta name=\"twitter:label2\" content=\"Szacowany czas czytania\" \/>\n\t<meta name=\"twitter:data2\" content=\"2 minuty\" \/>\n<script type=\"application\/ld+json\" class=\"yoast-schema-graph\">{\"@context\":\"https:\\\/\\\/schema.org\",\"@graph\":[{\"@type\":\"Article\",\"@id\":\"https:\\\/\\\/www.24gliwice.pl\\\/wiadomosci\\\/budowa-silesia-outlet\\\/#article\",\"isPartOf\":{\"@id\":\"https:\\\/\\\/www.24gliwice.pl\\\/wiadomosci\\\/budowa-silesia-outlet\\\/\"},\"author\":{\"name\":\"Marcin Fabrykowski\",\"@id\":\"https:\\\/\\\/www.24gliwice.pl\\\/wiadomosci\\\/#\\\/schema\\\/person\\\/cb5857e4a4d048c15984c1edcc8ef0c0\"},\"headline\":\"Budowa Silesia Outlet nabiera rozp\u0119du. &#8220;Najp\u00f3\u017aniej w lipcu obiekt znajdzie si\u0119 pod dachem&#8221;\",\"datePublished\":\"2018-03-27T22:39:24+00:00\",\"dateModified\":\"2018-03-28T12:10:54+00:00\",\"mainEntityOfPage\":{\"@id\":\"https:\\\/\\\/www.24gliwice.pl\\\/wiadomosci\\\/budowa-silesia-outlet\\\/\"},\"wordCount\":446,\"commentCount\":0,\"publisher\":{\"@id\":\"https:\\\/\\\/www.24gliwice.pl\\\/wiadomosci\\\/#organization\"},\"image\":{\"@id\":\"https:\\\/\\\/www.24gliwice.pl\\\/wiadomosci\\\/budowa-silesia-outlet\\\/#primaryimage\"},\"thumbnailUrl\":\"https:\\\/\\\/www.24gliwice.pl\\\/wiadomosci\\\/wp-content\\\/uploads\\\/2018\\\/03\\\/1-silesia-outlet-1-001.jpg\",\"keywords\":[\"budowa\",\"centrum wyprzeda\u017cowe\",\"SILESIA OUTLET\"],\"articleSection\":[\"Gliwice\",\"Najnowsze wiadomo\u015bci\",\"Portal Gliwice - Wiadomo\u015bci lokalne\"],\"inLanguage\":\"pl-PL\",\"potentialAction\":[{\"@type\":\"CommentAction\",\"name\":\"Comment\",\"target\":[\"https:\\\/\\\/www.24gliwice.pl\\\/wiadomosci\\\/budowa-silesia-outlet\\\/#respond\"]}]},{\"@type\":\"WebPage\",\"@id\":\"https:\\\/\\\/www.24gliwice.pl\\\/wiadomosci\\\/budowa-silesia-outlet\\\/\",\"url\":\"https:\\\/\\\/www.24gliwice.pl\\\/wiadomosci\\\/budowa-silesia-outlet\\\/\",\"name\":\"Budowa Silesia Outlet nabiera rozp\u0119du. \\\"Najp\u00f3\u017aniej w lipcu obiekt znajdzie si\u0119 pod dachem\\\" - 24GLIWICE - Portal Gliwice | codziennie nowe informacje\",\"isPartOf\":{\"@id\":\"https:\\\/\\\/www.24gliwice.pl\\\/wiadomosci\\\/#website\"},\"primaryImageOfPage\":{\"@id\":\"https:\\\/\\\/www.24gliwice.pl\\\/wiadomosci\\\/budowa-silesia-outlet\\\/#primaryimage\"},\"image\":{\"@id\":\"https:\\\/\\\/www.24gliwice.pl\\\/wiadomosci\\\/budowa-silesia-outlet\\\/#primaryimage\"},\"thumbnailUrl\":\"https:\\\/\\\/www.24gliwice.pl\\\/wiadomosci\\\/wp-content\\\/uploads\\\/2018\\\/03\\\/1-silesia-outlet-1-001.jpg\",\"datePublished\":\"2018-03-27T22:39:24+00:00\",\"dateModified\":\"2018-03-28T12:10:54+00:00\",\"breadcrumb\":{\"@id\":\"https:\\\/\\\/www.24gliwice.pl\\\/wiadomosci\\\/budowa-silesia-outlet\\\/#breadcrumb\"},\"inLanguage\":\"pl-PL\",\"potentialAction\":[{\"@type\":\"ReadAction\",\"target\":[\"https:\\\/\\\/www.24gliwice.pl\\\/wiadomosci\\\/budowa-silesia-outlet\\\/\"]}]},{\"@type\":\"ImageObject\",\"inLanguage\":\"pl-PL\",\"@id\":\"https:\\\/\\\/www.24gliwice.pl\\\/wiadomosci\\\/budowa-silesia-outlet\\\/#primaryimage\",\"url\":\"https:\\\/\\\/www.24gliwice.pl\\\/wiadomosci\\\/wp-content\\\/uploads\\\/2018\\\/03\\\/1-silesia-outlet-1-001.jpg\",\"contentUrl\":\"https:\\\/\\\/www.24gliwice.pl\\\/wiadomosci\\\/wp-content\\\/uploads\\\/2018\\\/03\\\/1-silesia-outlet-1-001.jpg\",\"width\":810,\"height\":456},{\"@type\":\"BreadcrumbList\",\"@id\":\"https:\\\/\\\/www.24gliwice.pl\\\/wiadomosci\\\/budowa-silesia-outlet\\\/#breadcrumb\",\"itemListElement\":[{\"@type\":\"ListItem\",\"position\":1,\"name\":\"Strona g\u0142\u00f3wna\",\"item\":\"https:\\\/\\\/www.24gliwice.pl\\\/wiadomosci\\\/\"},{\"@type\":\"ListItem\",\"position\":2,\"name\":\"Budowa Silesia Outlet nabiera rozp\u0119du. &#8222;Najp\u00f3\u017aniej w lipcu obiekt znajdzie si\u0119 pod dachem&#8221;\"}]},{\"@type\":\"WebSite\",\"@id\":\"https:\\\/\\\/www.24gliwice.pl\\\/wiadomosci\\\/#website\",\"url\":\"https:\\\/\\\/www.24gliwice.pl\\\/wiadomosci\\\/\",\"name\":\"24GLIWICE - Portal Gliwice | codziennie nowe wiadomo\u015bci\",\"description\":\"Portal Miejski Gliwice\",\"publisher\":{\"@id\":\"https:\\\/\\\/www.24gliwice.pl\\\/wiadomosci\\\/#organization\"},\"potentialAction\":[{\"@type\":\"SearchAction\",\"target\":{\"@type\":\"EntryPoint\",\"urlTemplate\":\"https:\\\/\\\/www.24gliwice.pl\\\/wiadomosci\\\/?s={search_term_string}\"},\"query-input\":{\"@type\":\"PropertyValueSpecification\",\"valueRequired\":true,\"valueName\":\"search_term_string\"}}],\"inLanguage\":\"pl-PL\"},{\"@type\":\"Organization\",\"@id\":\"https:\\\/\\\/www.24gliwice.pl\\\/wiadomosci\\\/#organization\",\"name\":\"24gliwice\",\"url\":\"https:\\\/\\\/www.24gliwice.pl\\\/wiadomosci\\\/\",\"logo\":{\"@type\":\"ImageObject\",\"inLanguage\":\"pl-PL\",\"@id\":\"https:\\\/\\\/www.24gliwice.pl\\\/wiadomosci\\\/#\\\/schema\\\/logo\\\/image\\\/\",\"url\":\"https:\\\/\\\/www.24gliwice.pl\\\/wiadomosci\\\/wp-content\\\/uploads\\\/2024\\\/10\\\/24gliwice-logo-696.jpg\",\"contentUrl\":\"https:\\\/\\\/www.24gliwice.pl\\\/wiadomosci\\\/wp-content\\\/uploads\\\/2024\\\/10\\\/24gliwice-logo-696.jpg\",\"width\":696,\"height\":696,\"caption\":\"24gliwice\"},\"image\":{\"@id\":\"https:\\\/\\\/www.24gliwice.pl\\\/wiadomosci\\\/#\\\/schema\\\/logo\\\/image\\\/\"},\"sameAs\":[\"https:\\\/\\\/www.facebook.com\\\/24gliwice\",\"https:\\\/\\\/x.com\\\/24gliwice\",\"https:\\\/\\\/www.youtube.com\\\/@24gliwice\"]},{\"@type\":\"Person\",\"@id\":\"https:\\\/\\\/www.24gliwice.pl\\\/wiadomosci\\\/#\\\/schema\\\/person\\\/cb5857e4a4d048c15984c1edcc8ef0c0\",\"name\":\"Marcin Fabrykowski\",\"image\":{\"@type\":\"ImageObject\",\"inLanguage\":\"pl-PL\",\"@id\":\"https:\\\/\\\/www.24gliwice.pl\\\/wiadomosci\\\/wp-content\\\/uploads\\\/2025\\\/11\\\/zdjecie-moje-marcin-300-96x96.jpg\",\"url\":\"https:\\\/\\\/www.24gliwice.pl\\\/wiadomosci\\\/wp-content\\\/uploads\\\/2025\\\/11\\\/zdjecie-moje-marcin-300-96x96.jpg\",\"contentUrl\":\"https:\\\/\\\/www.24gliwice.pl\\\/wiadomosci\\\/wp-content\\\/uploads\\\/2025\\\/11\\\/zdjecie-moje-marcin-300-96x96.jpg\",\"caption\":\"Marcin Fabrykowski\"},\"sameAs\":[\"http:\\\/\\\/24gliwice.pl\",\"https:\\\/\\\/www.facebook.com\\\/marcin.fabrykowski\"],\"url\":\"https:\\\/\\\/www.24gliwice.pl\\\/wiadomosci\\\/author\\\/marcin-fabrykowski\\\/\"}]}<\/script>\n<!-- \/ Yoast SEO plugin. -->","yoast_head_json":{"title":"Budowa Silesia Outlet nabiera rozp\u0119du. \"Najp\u00f3\u017aniej w lipcu obiekt znajdzie si\u0119 pod dachem\" - 24GLIWICE - Portal Gliwice | codziennie nowe informacje","robots":{"index":"index","follow":"follow","max-snippet":"max-snippet:-1","max-image-preview":"max-image-preview:large","max-video-preview":"max-video-preview:-1"},"canonical":"https:\/\/www.24gliwice.pl\/wiadomosci\/budowa-silesia-outlet\/","og_locale":"pl_PL","og_type":"article","og_title":"Budowa Silesia Outlet nabiera rozp\u0119du. \"Najp\u00f3\u017aniej w lipcu obiekt znajdzie si\u0119 pod dachem\" - 24GLIWICE - Portal Gliwice | codziennie nowe informacje","og_description":"Od trzech miesi\u0119cy w Gliwicach, w s\u0105siedztwie Auchan przy ul. Rybnickiej trwa budowa najwi\u0119kszego centrum wyprzeda\u017cowego na G\u00f3rnym \u015al\u0105sku &#8211; Silesia Outlet. Projekt b\u0119dzie zrealizowany w dw\u00f3ch etapach, faza pierwsza to oko\u0142o 70 sklep\u00f3w o \u0142\u0105cznej powierzchni najmu 12 tys. mkw., faza druga to ponad 50 sklep\u00f3w o \u0142\u0105cznej powierzchni 8 tys. mkw. GLA. Jak [&hellip;]","og_url":"https:\/\/www.24gliwice.pl\/wiadomosci\/budowa-silesia-outlet\/","og_site_name":"24GLIWICE - Portal Gliwice | codziennie nowe informacje","article_publisher":"https:\/\/www.facebook.com\/24gliwice","article_author":"https:\/\/www.facebook.com\/marcin.fabrykowski","article_published_time":"2018-03-27T22:39:24+00:00","article_modified_time":"2018-03-28T12:10:54+00:00","og_image":[{"width":810,"height":456,"url":"https:\/\/www.24gliwice.pl\/wiadomosci\/wp-content\/uploads\/2018\/03\/1-silesia-outlet-1-001.jpg","type":"image\/jpeg"}],"author":"Marcin Fabrykowski","twitter_card":"summary_large_image","twitter_creator":"@24gliwice","twitter_site":"@24gliwice","twitter_misc":{"Napisane przez":"Marcin Fabrykowski","Szacowany czas czytania":"2 minuty"},"schema":{"@context":"https:\/\/schema.org","@graph":[{"@type":"Article","@id":"https:\/\/www.24gliwice.pl\/wiadomosci\/budowa-silesia-outlet\/#article","isPartOf":{"@id":"https:\/\/www.24gliwice.pl\/wiadomosci\/budowa-silesia-outlet\/"},"author":{"name":"Marcin Fabrykowski","@id":"https:\/\/www.24gliwice.pl\/wiadomosci\/#\/schema\/person\/cb5857e4a4d048c15984c1edcc8ef0c0"},"headline":"Budowa Silesia Outlet nabiera rozp\u0119du. &#8220;Najp\u00f3\u017aniej w lipcu obiekt znajdzie si\u0119 pod dachem&#8221;","datePublished":"2018-03-27T22:39:24+00:00","dateModified":"2018-03-28T12:10:54+00:00","mainEntityOfPage":{"@id":"https:\/\/www.24gliwice.pl\/wiadomosci\/budowa-silesia-outlet\/"},"wordCount":446,"commentCount":0,"publisher":{"@id":"https:\/\/www.24gliwice.pl\/wiadomosci\/#organization"},"image":{"@id":"https:\/\/www.24gliwice.pl\/wiadomosci\/budowa-silesia-outlet\/#primaryimage"},"thumbnailUrl":"https:\/\/www.24gliwice.pl\/wiadomosci\/wp-content\/uploads\/2018\/03\/1-silesia-outlet-1-001.jpg","keywords":["budowa","centrum wyprzeda\u017cowe","SILESIA OUTLET"],"articleSection":["Gliwice","Najnowsze wiadomo\u015bci","Portal Gliwice - Wiadomo\u015bci lokalne"],"inLanguage":"pl-PL","potentialAction":[{"@type":"CommentAction","name":"Comment","target":["https:\/\/www.24gliwice.pl\/wiadomosci\/budowa-silesia-outlet\/#respond"]}]},{"@type":"WebPage","@id":"https:\/\/www.24gliwice.pl\/wiadomosci\/budowa-silesia-outlet\/","url":"https:\/\/www.24gliwice.pl\/wiadomosci\/budowa-silesia-outlet\/","name":"Budowa Silesia Outlet nabiera rozp\u0119du. \"Najp\u00f3\u017aniej w lipcu obiekt znajdzie si\u0119 pod dachem\" - 24GLIWICE - Portal Gliwice | codziennie nowe informacje","isPartOf":{"@id":"https:\/\/www.24gliwice.pl\/wiadomosci\/#website"},"primaryImageOfPage":{"@id":"https:\/\/www.24gliwice.pl\/wiadomosci\/budowa-silesia-outlet\/#primaryimage"},"image":{"@id":"https:\/\/www.24gliwice.pl\/wiadomosci\/budowa-silesia-outlet\/#primaryimage"},"thumbnailUrl":"https:\/\/www.24gliwice.pl\/wiadomosci\/wp-content\/uploads\/2018\/03\/1-silesia-outlet-1-001.jpg","datePublished":"2018-03-27T22:39:24+00:00","dateModified":"2018-03-28T12:10:54+00:00","breadcrumb":{"@id":"https:\/\/www.24gliwice.pl\/wiadomosci\/budowa-silesia-outlet\/#breadcrumb"},"inLanguage":"pl-PL","potentialAction":[{"@type":"ReadAction","target":["https:\/\/www.24gliwice.pl\/wiadomosci\/budowa-silesia-outlet\/"]}]},{"@type":"ImageObject","inLanguage":"pl-PL","@id":"https:\/\/www.24gliwice.pl\/wiadomosci\/budowa-silesia-outlet\/#primaryimage","url":"https:\/\/www.24gliwice.pl\/wiadomosci\/wp-content\/uploads\/2018\/03\/1-silesia-outlet-1-001.jpg","contentUrl":"https:\/\/www.24gliwice.pl\/wiadomosci\/wp-content\/uploads\/2018\/03\/1-silesia-outlet-1-001.jpg","width":810,"height":456},{"@type":"BreadcrumbList","@id":"https:\/\/www.24gliwice.pl\/wiadomosci\/budowa-silesia-outlet\/#breadcrumb","itemListElement":[{"@type":"ListItem","position":1,"name":"Strona g\u0142\u00f3wna","item":"https:\/\/www.24gliwice.pl\/wiadomosci\/"},{"@type":"ListItem","position":2,"name":"Budowa Silesia Outlet nabiera rozp\u0119du. &#8222;Najp\u00f3\u017aniej w lipcu obiekt znajdzie si\u0119 pod dachem&#8221;"}]},{"@type":"WebSite","@id":"https:\/\/www.24gliwice.pl\/wiadomosci\/#website","url":"https:\/\/www.24gliwice.pl\/wiadomosci\/","name":"24GLIWICE - Portal Gliwice | codziennie nowe wiadomo\u015bci","description":"Portal Miejski Gliwice","publisher":{"@id":"https:\/\/www.24gliwice.pl\/wiadomosci\/#organization"},"potentialAction":[{"@type":"SearchAction","target":{"@type":"EntryPoint","urlTemplate":"https:\/\/www.24gliwice.pl\/wiadomosci\/?s={search_term_string}"},"query-input":{"@type":"PropertyValueSpecification","valueRequired":true,"valueName":"search_term_string"}}],"inLanguage":"pl-PL"},{"@type":"Organization","@id":"https:\/\/www.24gliwice.pl\/wiadomosci\/#organization","name":"24gliwice","url":"https:\/\/www.24gliwice.pl\/wiadomosci\/","logo":{"@type":"ImageObject","inLanguage":"pl-PL","@id":"https:\/\/www.24gliwice.pl\/wiadomosci\/#\/schema\/logo\/image\/","url":"https:\/\/www.24gliwice.pl\/wiadomosci\/wp-content\/uploads\/2024\/10\/24gliwice-logo-696.jpg","contentUrl":"https:\/\/www.24gliwice.pl\/wiadomosci\/wp-content\/uploads\/2024\/10\/24gliwice-logo-696.jpg","width":696,"height":696,"caption":"24gliwice"},"image":{"@id":"https:\/\/www.24gliwice.pl\/wiadomosci\/#\/schema\/logo\/image\/"},"sameAs":["https:\/\/www.facebook.com\/24gliwice","https:\/\/x.com\/24gliwice","https:\/\/www.youtube.com\/@24gliwice"]},{"@type":"Person","@id":"https:\/\/www.24gliwice.pl\/wiadomosci\/#\/schema\/person\/cb5857e4a4d048c15984c1edcc8ef0c0","name":"Marcin Fabrykowski","image":{"@type":"ImageObject","inLanguage":"pl-PL","@id":"https:\/\/www.24gliwice.pl\/wiadomosci\/wp-content\/uploads\/2025\/11\/zdjecie-moje-marcin-300-96x96.jpg","url":"https:\/\/www.24gliwice.pl\/wiadomosci\/wp-content\/uploads\/2025\/11\/zdjecie-moje-marcin-300-96x96.jpg","contentUrl":"https:\/\/www.24gliwice.pl\/wiadomosci\/wp-content\/uploads\/2025\/11\/zdjecie-moje-marcin-300-96x96.jpg","caption":"Marcin Fabrykowski"},"sameAs":["http:\/\/24gliwice.pl","https:\/\/www.facebook.com\/marcin.fabrykowski"],"url":"https:\/\/www.24gliwice.pl\/wiadomosci\/author\/marcin-fabrykowski\/"}]}},"_links":{"self":[{"href":"https:\/\/www.24gliwice.pl\/wiadomosci\/wp-json\/wp\/v2\/posts\/114750","targetHints":{"allow":["GET"]}}],"collection":[{"href":"https:\/\/www.24gliwice.pl\/wiadomosci\/wp-json\/wp\/v2\/posts"}],"about":[{"href":"https:\/\/www.24gliwice.pl\/wiadomosci\/wp-json\/wp\/v2\/types\/post"}],"author":[{"embeddable":true,"href":"https:\/\/www.24gliwice.pl\/wiadomosci\/wp-json\/wp\/v2\/users\/4"}],"replies":[{"embeddable":true,"href":"https:\/\/www.24gliwice.pl\/wiadomosci\/wp-json\/wp\/v2\/comments?post=114750"}],"version-history":[{"count":0,"href":"https:\/\/www.24gliwice.pl\/wiadomosci\/wp-json\/wp\/v2\/posts\/114750\/revisions"}],"wp:featuredmedia":[{"embeddable":true,"href":"https:\/\/www.24gliwice.pl\/wiadomosci\/wp-json\/wp\/v2\/media\/114818"}],"wp:attachment":[{"href":"https:\/\/www.24gliwice.pl\/wiadomosci\/wp-json\/wp\/v2\/media?parent=114750"}],"wp:term":[{"taxonomy":"category","embeddable":true,"href":"https:\/\/www.24gliwice.pl\/wiadomosci\/wp-json\/wp\/v2\/categories?post=114750"},{"taxonomy":"post_tag","embeddable":true,"href":"https:\/\/www.24gliwice.pl\/wiadomosci\/wp-json\/wp\/v2\/tags?post=114750"}],"curies":[{"name":"wp","href":"https:\/\/api.w.org\/{rel}","templated":true}]}}