{"id":114783,"date":"2018-03-28T14:01:44","date_gmt":"2018-03-28T12:01:44","guid":{"rendered":"https:\/\/www.24gliwice.pl\/wiadomosci\/?p=114783"},"modified":"2018-03-28T14:02:11","modified_gmt":"2018-03-28T12:02:11","slug":"wypalanie-trawy-nie-uzyznia-gleby","status":"publish","type":"post","link":"https:\/\/www.24gliwice.pl\/wiadomosci\/wypalanie-trawy-nie-uzyznia-gleby\/","title":{"rendered":"Wypalanie trawy nie u\u017cy\u017ania gleby, chocia\u017c wielu wci\u0105\u017c tak s\u0105dzi. Pa\u0144stwowa Stra\u017c Po\u017carna apeluje"},"content":{"rendered":"<div class=\"gliwi-a6-nad-leadem-artykulow gliwi-entity-placement\" id=\"gliwi-2124922241\"><div class=\"gliwi-adlabel\"><span style=\"font-size: 9px\">REKLAMA<\/span><\/div><div id=\"gliwi-3755881334\" style=\"margin-bottom: 25px;margin-left: auto;margin-right: auto;text-align: center;\"><a data-no-instant=\"1\" href=\"https:\/\/dom100.eu\/\" rel=\"noopener\" class=\"a2t-link\" target=\"_blank\" aria-label=\"20260415 DOM100 D\"><img loading=\"lazy\" decoding=\"async\" src=\"https:\/\/www.24gliwice.pl\/wiadomosci\/wp-content\/uploads\/2026\/04\/20260415-DOM100-D.jpg\" alt=\"\"  srcset=\"https:\/\/www.24gliwice.pl\/wiadomosci\/wp-content\/uploads\/2026\/04\/20260415-DOM100-D.jpg 750w, https:\/\/www.24gliwice.pl\/wiadomosci\/wp-content\/uploads\/2026\/04\/20260415-DOM100-D-410x109.jpg 410w\" sizes=\"(max-width: 750px) 100vw, 750px\" class=\"no-lazyload\" width=\"750\" height=\"200\"  style=\"display: inline-block; max-width: 100%; height: auto;\" \/><\/a><\/div><\/div><h3>Na pocz\u0105tku wiosny wyra\u017anie wzrasta liczba po\u017car\u00f3w \u0142\u0105k i nieu\u017cytk\u00f3w. W po\u017carach dochodzi do niekorzystnych zmian dla \u015brodowiska naturalnego, gin\u0105 te\u017c zwierz\u0119ta, czasem r\u00f3wnie\u017c ludzie.<\/h3>\n<p>Mimo \u017ce wypalania traw zakazuje ustawa o ochronie przyrody i ustawa o lasach, niekt\u00f3rzy nadal mylnie s\u0105dz\u0105, \u017ce po\u017cary \u0142\u0105k u\u017cy\u017aniaj\u0105 gleb\u0119.<\/p>\n<p>\u2012 Rzeczywisto\u015b\u0107 wskazuje, \u017ce wypalanie traw prowadzi do nieodwracalnych zmian w \u015brodowisku naturalnym \u2013 ziemia wyja\u0142awia si\u0119, zahamowany zostaje bardzo po\u017cyteczny, naturalny rozk\u0142ad resztek ro\u015blinnych oraz asymilacja azotu z powietrza. Do atmosfery przedostaje si\u0119 szereg zwi\u0105zk\u00f3w chemicznych b\u0119d\u0105cych truciznami zar\u00f3wno dla ludzi, jak i zwierz\u0105t \u2013 informuje <strong>Komenda G\u0142\u00f3wna Pa\u0144stwowej Stra\u017cy Po\u017carnej.<\/strong><\/p><div class=\"gliwi-a3-w-tresci-artykulow gliwi-entity-placement\" id=\"gliwi-1637833651\"><div class=\"gliwi-adlabel\"><span style=\"font-size: 9px\">REKLAMA<\/span><\/div><div id=\"gliwi-1866988424\" style=\"margin-bottom: 30px;margin-left: auto;margin-right: auto;text-align: center;\"><a data-no-instant=\"1\" href=\"https:\/\/zlobek.halogen.org.pl\/\" rel=\"noopener\" class=\"a2t-link\" target=\"_blank\" aria-label=\"animator-zlobek_750x200\"><img loading=\"lazy\" decoding=\"async\" src=\"https:\/\/www.24gliwice.pl\/wiadomosci\/wp-content\/uploads\/2026\/02\/animator-zlobek_750x200.webp\" alt=\"\"  srcset=\"https:\/\/www.24gliwice.pl\/wiadomosci\/wp-content\/uploads\/2026\/02\/animator-zlobek_750x200.webp 750w, https:\/\/www.24gliwice.pl\/wiadomosci\/wp-content\/uploads\/2026\/02\/animator-zlobek_750x200-410x109.webp 410w\" sizes=\"(max-width: 750px) 100vw, 750px\" class=\"no-lazyload\" width=\"750\" height=\"200\"  style=\"display: inline-block; max-width: 100%; height: auto;\" \/><\/a><\/div><\/div>\n<p>Stra\u017cacy szacuj\u0105, \u017ce za 94% po\u017car\u00f3w \u0142\u0105k odpowiada cz\u0142owiek. Wysuszona po zimie ro\u015blinno\u015b\u0107 bardzo szybko zajmuje si\u0119 ogniem, a ten cz\u0119sto wymyka si\u0119 spod kontroli, rozprzestrzeniaj\u0105c si\u0119 na tereny le\u015bne i pobliskie zabudowania. Po\u017cary stanowi\u0105 zagro\u017cenie dla znajduj\u0105cych si\u0119 w ich zasi\u0119gu ludzi i zwierz\u0105t, kt\u00f3rzy gin\u0105 w p\u0142omieniach albo przez dym trac\u0105 orientacj\u0119 i ulegaj\u0105 zaczadzeniu.<\/p>\n<p>(\u017cms)\/UM(mm)<\/p>\n<div class=\"gliwi-a5-na-koncu-artykulow gliwi-entity-placement\" id=\"gliwi-2001350068\"><div class=\"gliwi-adlabel\"><span style=\"font-size: 9px\">REKLAMA<\/span><\/div><div id=\"gliwi-1998167541\" style=\"margin-left: auto;margin-right: auto;text-align: center;\"><a data-no-instant=\"1\" href=\"https:\/\/prezeroarenagliwice.pl\/\" rel=\"noopener\" class=\"a2t-link\" target=\"_blank\" aria-label=\"20260309-PREZERO-WIOSNA-D\"><img loading=\"lazy\" decoding=\"async\" src=\"https:\/\/www.24gliwice.pl\/wiadomosci\/wp-content\/uploads\/2026\/03\/20260309-PREZERO-WIOSNA-D.webp\" alt=\"\"  srcset=\"https:\/\/www.24gliwice.pl\/wiadomosci\/wp-content\/uploads\/2026\/03\/20260309-PREZERO-WIOSNA-D.webp 750w, https:\/\/www.24gliwice.pl\/wiadomosci\/wp-content\/uploads\/2026\/03\/20260309-PREZERO-WIOSNA-D-410x109.webp 410w\" sizes=\"(max-width: 750px) 100vw, 750px\" class=\"no-lazyload\" width=\"750\" height=\"200\"  style=\"display: inline-block; max-width: 100%; height: auto;\" \/><\/a><\/div><\/div>","protected":false},"excerpt":{"rendered":"<p>Na pocz\u0105tku wiosny wyra\u017anie wzrasta liczba po\u017car\u00f3w \u0142\u0105k i nieu\u017cytk\u00f3w. W po\u017carach dochodzi do niekorzystnych zmian dla \u015brodowiska naturalnego, gin\u0105 te\u017c zwierz\u0119ta, czasem r\u00f3wnie\u017c ludzie. Mimo \u017ce wypalania traw zakazuje ustawa o ochronie przyrody i ustawa o lasach, niekt\u00f3rzy nadal mylnie s\u0105dz\u0105, \u017ce po\u017cary \u0142\u0105k u\u017cy\u017aniaj\u0105 gleb\u0119. \u2012 Rzeczywisto\u015b\u0107 wskazuje, \u017ce wypalanie traw prowadzi do [&hellip;]<\/p>\n","protected":false},"author":15,"featured_media":114786,"comment_status":"open","ping_status":"closed","sticky":false,"template":"","format":"standard","meta":{"_monsterinsights_skip_tracking":false,"_monsterinsights_sitenote_active":false,"_monsterinsights_sitenote_note":"","_monsterinsights_sitenote_category":0,"footnotes":"","_links_to":"","_links_to_target":""},"categories":[1],"tags":[11086,60,11950,1472,10978],"class_list":["post-114783","post","type-post","status-publish","format-standard","has-post-thumbnail","hentry","category-wszystko","tag-ogien","tag-pozar","tag-pozary-traw","tag-straz-pozarna","tag-wypalanie-traw"],"yoast_head":"<!-- This site is optimized with the Yoast SEO plugin v27.5 - https:\/\/yoast.com\/product\/yoast-seo-wordpress\/ -->\n<title>Wypalanie trawy nie u\u017cy\u017ania gleby, chocia\u017c wielu wci\u0105\u017c tak s\u0105dzi. Pa\u0144stwowa Stra\u017c Po\u017carna apeluje - 24GLIWICE - Portal Gliwice | codziennie nowe informacje<\/title>\n<meta name=\"robots\" content=\"index, follow, max-snippet:-1, max-image-preview:large, max-video-preview:-1\" \/>\n<link rel=\"canonical\" href=\"https:\/\/www.24gliwice.pl\/wiadomosci\/wypalanie-trawy-nie-uzyznia-gleby\/\" \/>\n<meta property=\"og:locale\" content=\"pl_PL\" \/>\n<meta property=\"og:type\" content=\"article\" \/>\n<meta property=\"og:title\" content=\"Wypalanie trawy nie u\u017cy\u017ania gleby, chocia\u017c wielu wci\u0105\u017c tak s\u0105dzi. Pa\u0144stwowa Stra\u017c Po\u017carna apeluje - 24GLIWICE - Portal Gliwice | codziennie nowe informacje\" \/>\n<meta property=\"og:description\" content=\"Na pocz\u0105tku wiosny wyra\u017anie wzrasta liczba po\u017car\u00f3w \u0142\u0105k i nieu\u017cytk\u00f3w. W po\u017carach dochodzi do niekorzystnych zmian dla \u015brodowiska naturalnego, gin\u0105 te\u017c zwierz\u0119ta, czasem r\u00f3wnie\u017c ludzie. Mimo \u017ce wypalania traw zakazuje ustawa o ochronie przyrody i ustawa o lasach, niekt\u00f3rzy nadal mylnie s\u0105dz\u0105, \u017ce po\u017cary \u0142\u0105k u\u017cy\u017aniaj\u0105 gleb\u0119. \u2012 Rzeczywisto\u015b\u0107 wskazuje, \u017ce wypalanie traw prowadzi do [&hellip;]\" \/>\n<meta property=\"og:url\" content=\"https:\/\/www.24gliwice.pl\/wiadomosci\/wypalanie-trawy-nie-uzyznia-gleby\/\" \/>\n<meta property=\"og:site_name\" content=\"24GLIWICE - Portal Gliwice | codziennie nowe informacje\" \/>\n<meta property=\"article:publisher\" content=\"https:\/\/www.facebook.com\/24gliwice\" \/>\n<meta property=\"article:published_time\" content=\"2018-03-28T12:01:44+00:00\" \/>\n<meta property=\"article:modified_time\" content=\"2018-03-28T12:02:11+00:00\" \/>\n<meta property=\"og:image\" content=\"https:\/\/www.24gliwice.pl\/wiadomosci\/wp-content\/uploads\/2018\/03\/wypalanie-traw.jpg\" \/>\n\t<meta property=\"og:image:width\" content=\"878\" \/>\n\t<meta property=\"og:image:height\" content=\"493\" \/>\n\t<meta property=\"og:image:type\" content=\"image\/jpeg\" \/>\n<meta name=\"author\" content=\"\u017baneta Mrozek-Siewierska\" \/>\n<meta name=\"twitter:card\" content=\"summary_large_image\" \/>\n<meta name=\"twitter:creator\" content=\"@24gliwice\" \/>\n<meta name=\"twitter:site\" content=\"@24gliwice\" \/>\n<meta name=\"twitter:label1\" content=\"Napisane przez\" \/>\n\t<meta name=\"twitter:data1\" content=\"\u017baneta Mrozek-Siewierska\" \/>\n\t<meta name=\"twitter:label2\" content=\"Szacowany czas czytania\" \/>\n\t<meta name=\"twitter:data2\" content=\"1 minuta\" \/>\n<script type=\"application\/ld+json\" class=\"yoast-schema-graph\">{\"@context\":\"https:\\\/\\\/schema.org\",\"@graph\":[{\"@type\":\"Article\",\"@id\":\"https:\\\/\\\/www.24gliwice.pl\\\/wiadomosci\\\/wypalanie-trawy-nie-uzyznia-gleby\\\/#article\",\"isPartOf\":{\"@id\":\"https:\\\/\\\/www.24gliwice.pl\\\/wiadomosci\\\/wypalanie-trawy-nie-uzyznia-gleby\\\/\"},\"author\":{\"name\":\"\u017baneta Mrozek-Siewierska\",\"@id\":\"https:\\\/\\\/www.24gliwice.pl\\\/wiadomosci\\\/#\\\/schema\\\/person\\\/e42c650edd7f2fa332be3811fb166b6e\"},\"headline\":\"Wypalanie trawy nie u\u017cy\u017ania gleby, chocia\u017c wielu wci\u0105\u017c tak s\u0105dzi. Pa\u0144stwowa Stra\u017c Po\u017carna apeluje\",\"datePublished\":\"2018-03-28T12:01:44+00:00\",\"dateModified\":\"2018-03-28T12:02:11+00:00\",\"mainEntityOfPage\":{\"@id\":\"https:\\\/\\\/www.24gliwice.pl\\\/wiadomosci\\\/wypalanie-trawy-nie-uzyznia-gleby\\\/\"},\"wordCount\":217,\"commentCount\":0,\"publisher\":{\"@id\":\"https:\\\/\\\/www.24gliwice.pl\\\/wiadomosci\\\/#organization\"},\"image\":{\"@id\":\"https:\\\/\\\/www.24gliwice.pl\\\/wiadomosci\\\/wypalanie-trawy-nie-uzyznia-gleby\\\/#primaryimage\"},\"thumbnailUrl\":\"https:\\\/\\\/www.24gliwice.pl\\\/wiadomosci\\\/wp-content\\\/uploads\\\/2018\\\/03\\\/wypalanie-traw.jpg\",\"keywords\":[\"ogie\u0144\",\"PO\u017bAR\",\"po\u017cary traw\",\"STRA\u017b PO\u017bARNA\",\"wypalanie traw\"],\"articleSection\":[\"Najnowsze wiadomo\u015bci\"],\"inLanguage\":\"pl-PL\",\"potentialAction\":[{\"@type\":\"CommentAction\",\"name\":\"Comment\",\"target\":[\"https:\\\/\\\/www.24gliwice.pl\\\/wiadomosci\\\/wypalanie-trawy-nie-uzyznia-gleby\\\/#respond\"]}]},{\"@type\":\"WebPage\",\"@id\":\"https:\\\/\\\/www.24gliwice.pl\\\/wiadomosci\\\/wypalanie-trawy-nie-uzyznia-gleby\\\/\",\"url\":\"https:\\\/\\\/www.24gliwice.pl\\\/wiadomosci\\\/wypalanie-trawy-nie-uzyznia-gleby\\\/\",\"name\":\"Wypalanie trawy nie u\u017cy\u017ania gleby, chocia\u017c wielu wci\u0105\u017c tak s\u0105dzi. Pa\u0144stwowa Stra\u017c Po\u017carna apeluje - 24GLIWICE - Portal Gliwice | codziennie nowe informacje\",\"isPartOf\":{\"@id\":\"https:\\\/\\\/www.24gliwice.pl\\\/wiadomosci\\\/#website\"},\"primaryImageOfPage\":{\"@id\":\"https:\\\/\\\/www.24gliwice.pl\\\/wiadomosci\\\/wypalanie-trawy-nie-uzyznia-gleby\\\/#primaryimage\"},\"image\":{\"@id\":\"https:\\\/\\\/www.24gliwice.pl\\\/wiadomosci\\\/wypalanie-trawy-nie-uzyznia-gleby\\\/#primaryimage\"},\"thumbnailUrl\":\"https:\\\/\\\/www.24gliwice.pl\\\/wiadomosci\\\/wp-content\\\/uploads\\\/2018\\\/03\\\/wypalanie-traw.jpg\",\"datePublished\":\"2018-03-28T12:01:44+00:00\",\"dateModified\":\"2018-03-28T12:02:11+00:00\",\"breadcrumb\":{\"@id\":\"https:\\\/\\\/www.24gliwice.pl\\\/wiadomosci\\\/wypalanie-trawy-nie-uzyznia-gleby\\\/#breadcrumb\"},\"inLanguage\":\"pl-PL\",\"potentialAction\":[{\"@type\":\"ReadAction\",\"target\":[\"https:\\\/\\\/www.24gliwice.pl\\\/wiadomosci\\\/wypalanie-trawy-nie-uzyznia-gleby\\\/\"]}]},{\"@type\":\"ImageObject\",\"inLanguage\":\"pl-PL\",\"@id\":\"https:\\\/\\\/www.24gliwice.pl\\\/wiadomosci\\\/wypalanie-trawy-nie-uzyznia-gleby\\\/#primaryimage\",\"url\":\"https:\\\/\\\/www.24gliwice.pl\\\/wiadomosci\\\/wp-content\\\/uploads\\\/2018\\\/03\\\/wypalanie-traw.jpg\",\"contentUrl\":\"https:\\\/\\\/www.24gliwice.pl\\\/wiadomosci\\\/wp-content\\\/uploads\\\/2018\\\/03\\\/wypalanie-traw.jpg\",\"width\":878,\"height\":493},{\"@type\":\"BreadcrumbList\",\"@id\":\"https:\\\/\\\/www.24gliwice.pl\\\/wiadomosci\\\/wypalanie-trawy-nie-uzyznia-gleby\\\/#breadcrumb\",\"itemListElement\":[{\"@type\":\"ListItem\",\"position\":1,\"name\":\"Strona g\u0142\u00f3wna\",\"item\":\"https:\\\/\\\/www.24gliwice.pl\\\/wiadomosci\\\/\"},{\"@type\":\"ListItem\",\"position\":2,\"name\":\"Wypalanie trawy nie u\u017cy\u017ania gleby, chocia\u017c wielu wci\u0105\u017c tak s\u0105dzi. Pa\u0144stwowa Stra\u017c Po\u017carna apeluje\"}]},{\"@type\":\"WebSite\",\"@id\":\"https:\\\/\\\/www.24gliwice.pl\\\/wiadomosci\\\/#website\",\"url\":\"https:\\\/\\\/www.24gliwice.pl\\\/wiadomosci\\\/\",\"name\":\"24GLIWICE - Portal Gliwice | codziennie nowe wiadomo\u015bci\",\"description\":\"Portal Miejski Gliwice\",\"publisher\":{\"@id\":\"https:\\\/\\\/www.24gliwice.pl\\\/wiadomosci\\\/#organization\"},\"potentialAction\":[{\"@type\":\"SearchAction\",\"target\":{\"@type\":\"EntryPoint\",\"urlTemplate\":\"https:\\\/\\\/www.24gliwice.pl\\\/wiadomosci\\\/?s={search_term_string}\"},\"query-input\":{\"@type\":\"PropertyValueSpecification\",\"valueRequired\":true,\"valueName\":\"search_term_string\"}}],\"inLanguage\":\"pl-PL\"},{\"@type\":\"Organization\",\"@id\":\"https:\\\/\\\/www.24gliwice.pl\\\/wiadomosci\\\/#organization\",\"name\":\"24gliwice\",\"url\":\"https:\\\/\\\/www.24gliwice.pl\\\/wiadomosci\\\/\",\"logo\":{\"@type\":\"ImageObject\",\"inLanguage\":\"pl-PL\",\"@id\":\"https:\\\/\\\/www.24gliwice.pl\\\/wiadomosci\\\/#\\\/schema\\\/logo\\\/image\\\/\",\"url\":\"https:\\\/\\\/www.24gliwice.pl\\\/wiadomosci\\\/wp-content\\\/uploads\\\/2024\\\/10\\\/24gliwice-logo-696.jpg\",\"contentUrl\":\"https:\\\/\\\/www.24gliwice.pl\\\/wiadomosci\\\/wp-content\\\/uploads\\\/2024\\\/10\\\/24gliwice-logo-696.jpg\",\"width\":696,\"height\":696,\"caption\":\"24gliwice\"},\"image\":{\"@id\":\"https:\\\/\\\/www.24gliwice.pl\\\/wiadomosci\\\/#\\\/schema\\\/logo\\\/image\\\/\"},\"sameAs\":[\"https:\\\/\\\/www.facebook.com\\\/24gliwice\",\"https:\\\/\\\/x.com\\\/24gliwice\",\"https:\\\/\\\/www.youtube.com\\\/@24gliwice\"]},{\"@type\":\"Person\",\"@id\":\"https:\\\/\\\/www.24gliwice.pl\\\/wiadomosci\\\/#\\\/schema\\\/person\\\/e42c650edd7f2fa332be3811fb166b6e\",\"name\":\"\u017baneta Mrozek-Siewierska\",\"image\":{\"@type\":\"ImageObject\",\"inLanguage\":\"pl-PL\",\"@id\":\"https:\\\/\\\/secure.gravatar.com\\\/avatar\\\/1881429e9c64597c77ad7aef2d0a19be69a3253e57534d16aa15bf3a4d34a0a3?s=96&d=mm&r=g\",\"url\":\"https:\\\/\\\/secure.gravatar.com\\\/avatar\\\/1881429e9c64597c77ad7aef2d0a19be69a3253e57534d16aa15bf3a4d34a0a3?s=96&d=mm&r=g\",\"contentUrl\":\"https:\\\/\\\/secure.gravatar.com\\\/avatar\\\/1881429e9c64597c77ad7aef2d0a19be69a3253e57534d16aa15bf3a4d34a0a3?s=96&d=mm&r=g\",\"caption\":\"\u017baneta Mrozek-Siewierska\"},\"url\":\"https:\\\/\\\/www.24gliwice.pl\\\/wiadomosci\\\/author\\\/zms\\\/\"}]}<\/script>\n<!-- \/ Yoast SEO plugin. -->","yoast_head_json":{"title":"Wypalanie trawy nie u\u017cy\u017ania gleby, chocia\u017c wielu wci\u0105\u017c tak s\u0105dzi. Pa\u0144stwowa Stra\u017c Po\u017carna apeluje - 24GLIWICE - Portal Gliwice | codziennie nowe informacje","robots":{"index":"index","follow":"follow","max-snippet":"max-snippet:-1","max-image-preview":"max-image-preview:large","max-video-preview":"max-video-preview:-1"},"canonical":"https:\/\/www.24gliwice.pl\/wiadomosci\/wypalanie-trawy-nie-uzyznia-gleby\/","og_locale":"pl_PL","og_type":"article","og_title":"Wypalanie trawy nie u\u017cy\u017ania gleby, chocia\u017c wielu wci\u0105\u017c tak s\u0105dzi. Pa\u0144stwowa Stra\u017c Po\u017carna apeluje - 24GLIWICE - Portal Gliwice | codziennie nowe informacje","og_description":"Na pocz\u0105tku wiosny wyra\u017anie wzrasta liczba po\u017car\u00f3w \u0142\u0105k i nieu\u017cytk\u00f3w. W po\u017carach dochodzi do niekorzystnych zmian dla \u015brodowiska naturalnego, gin\u0105 te\u017c zwierz\u0119ta, czasem r\u00f3wnie\u017c ludzie. Mimo \u017ce wypalania traw zakazuje ustawa o ochronie przyrody i ustawa o lasach, niekt\u00f3rzy nadal mylnie s\u0105dz\u0105, \u017ce po\u017cary \u0142\u0105k u\u017cy\u017aniaj\u0105 gleb\u0119. \u2012 Rzeczywisto\u015b\u0107 wskazuje, \u017ce wypalanie traw prowadzi do [&hellip;]","og_url":"https:\/\/www.24gliwice.pl\/wiadomosci\/wypalanie-trawy-nie-uzyznia-gleby\/","og_site_name":"24GLIWICE - Portal Gliwice | codziennie nowe informacje","article_publisher":"https:\/\/www.facebook.com\/24gliwice","article_published_time":"2018-03-28T12:01:44+00:00","article_modified_time":"2018-03-28T12:02:11+00:00","og_image":[{"width":878,"height":493,"url":"https:\/\/www.24gliwice.pl\/wiadomosci\/wp-content\/uploads\/2018\/03\/wypalanie-traw.jpg","type":"image\/jpeg"}],"author":"\u017baneta Mrozek-Siewierska","twitter_card":"summary_large_image","twitter_creator":"@24gliwice","twitter_site":"@24gliwice","twitter_misc":{"Napisane przez":"\u017baneta Mrozek-Siewierska","Szacowany czas czytania":"1 minuta"},"schema":{"@context":"https:\/\/schema.org","@graph":[{"@type":"Article","@id":"https:\/\/www.24gliwice.pl\/wiadomosci\/wypalanie-trawy-nie-uzyznia-gleby\/#article","isPartOf":{"@id":"https:\/\/www.24gliwice.pl\/wiadomosci\/wypalanie-trawy-nie-uzyznia-gleby\/"},"author":{"name":"\u017baneta Mrozek-Siewierska","@id":"https:\/\/www.24gliwice.pl\/wiadomosci\/#\/schema\/person\/e42c650edd7f2fa332be3811fb166b6e"},"headline":"Wypalanie trawy nie u\u017cy\u017ania gleby, chocia\u017c wielu wci\u0105\u017c tak s\u0105dzi. Pa\u0144stwowa Stra\u017c Po\u017carna apeluje","datePublished":"2018-03-28T12:01:44+00:00","dateModified":"2018-03-28T12:02:11+00:00","mainEntityOfPage":{"@id":"https:\/\/www.24gliwice.pl\/wiadomosci\/wypalanie-trawy-nie-uzyznia-gleby\/"},"wordCount":217,"commentCount":0,"publisher":{"@id":"https:\/\/www.24gliwice.pl\/wiadomosci\/#organization"},"image":{"@id":"https:\/\/www.24gliwice.pl\/wiadomosci\/wypalanie-trawy-nie-uzyznia-gleby\/#primaryimage"},"thumbnailUrl":"https:\/\/www.24gliwice.pl\/wiadomosci\/wp-content\/uploads\/2018\/03\/wypalanie-traw.jpg","keywords":["ogie\u0144","PO\u017bAR","po\u017cary traw","STRA\u017b PO\u017bARNA","wypalanie traw"],"articleSection":["Najnowsze wiadomo\u015bci"],"inLanguage":"pl-PL","potentialAction":[{"@type":"CommentAction","name":"Comment","target":["https:\/\/www.24gliwice.pl\/wiadomosci\/wypalanie-trawy-nie-uzyznia-gleby\/#respond"]}]},{"@type":"WebPage","@id":"https:\/\/www.24gliwice.pl\/wiadomosci\/wypalanie-trawy-nie-uzyznia-gleby\/","url":"https:\/\/www.24gliwice.pl\/wiadomosci\/wypalanie-trawy-nie-uzyznia-gleby\/","name":"Wypalanie trawy nie u\u017cy\u017ania gleby, chocia\u017c wielu wci\u0105\u017c tak s\u0105dzi. Pa\u0144stwowa Stra\u017c Po\u017carna apeluje - 24GLIWICE - Portal Gliwice | codziennie nowe informacje","isPartOf":{"@id":"https:\/\/www.24gliwice.pl\/wiadomosci\/#website"},"primaryImageOfPage":{"@id":"https:\/\/www.24gliwice.pl\/wiadomosci\/wypalanie-trawy-nie-uzyznia-gleby\/#primaryimage"},"image":{"@id":"https:\/\/www.24gliwice.pl\/wiadomosci\/wypalanie-trawy-nie-uzyznia-gleby\/#primaryimage"},"thumbnailUrl":"https:\/\/www.24gliwice.pl\/wiadomosci\/wp-content\/uploads\/2018\/03\/wypalanie-traw.jpg","datePublished":"2018-03-28T12:01:44+00:00","dateModified":"2018-03-28T12:02:11+00:00","breadcrumb":{"@id":"https:\/\/www.24gliwice.pl\/wiadomosci\/wypalanie-trawy-nie-uzyznia-gleby\/#breadcrumb"},"inLanguage":"pl-PL","potentialAction":[{"@type":"ReadAction","target":["https:\/\/www.24gliwice.pl\/wiadomosci\/wypalanie-trawy-nie-uzyznia-gleby\/"]}]},{"@type":"ImageObject","inLanguage":"pl-PL","@id":"https:\/\/www.24gliwice.pl\/wiadomosci\/wypalanie-trawy-nie-uzyznia-gleby\/#primaryimage","url":"https:\/\/www.24gliwice.pl\/wiadomosci\/wp-content\/uploads\/2018\/03\/wypalanie-traw.jpg","contentUrl":"https:\/\/www.24gliwice.pl\/wiadomosci\/wp-content\/uploads\/2018\/03\/wypalanie-traw.jpg","width":878,"height":493},{"@type":"BreadcrumbList","@id":"https:\/\/www.24gliwice.pl\/wiadomosci\/wypalanie-trawy-nie-uzyznia-gleby\/#breadcrumb","itemListElement":[{"@type":"ListItem","position":1,"name":"Strona g\u0142\u00f3wna","item":"https:\/\/www.24gliwice.pl\/wiadomosci\/"},{"@type":"ListItem","position":2,"name":"Wypalanie trawy nie u\u017cy\u017ania gleby, chocia\u017c wielu wci\u0105\u017c tak s\u0105dzi. Pa\u0144stwowa Stra\u017c Po\u017carna apeluje"}]},{"@type":"WebSite","@id":"https:\/\/www.24gliwice.pl\/wiadomosci\/#website","url":"https:\/\/www.24gliwice.pl\/wiadomosci\/","name":"24GLIWICE - Portal Gliwice | codziennie nowe wiadomo\u015bci","description":"Portal Miejski Gliwice","publisher":{"@id":"https:\/\/www.24gliwice.pl\/wiadomosci\/#organization"},"potentialAction":[{"@type":"SearchAction","target":{"@type":"EntryPoint","urlTemplate":"https:\/\/www.24gliwice.pl\/wiadomosci\/?s={search_term_string}"},"query-input":{"@type":"PropertyValueSpecification","valueRequired":true,"valueName":"search_term_string"}}],"inLanguage":"pl-PL"},{"@type":"Organization","@id":"https:\/\/www.24gliwice.pl\/wiadomosci\/#organization","name":"24gliwice","url":"https:\/\/www.24gliwice.pl\/wiadomosci\/","logo":{"@type":"ImageObject","inLanguage":"pl-PL","@id":"https:\/\/www.24gliwice.pl\/wiadomosci\/#\/schema\/logo\/image\/","url":"https:\/\/www.24gliwice.pl\/wiadomosci\/wp-content\/uploads\/2024\/10\/24gliwice-logo-696.jpg","contentUrl":"https:\/\/www.24gliwice.pl\/wiadomosci\/wp-content\/uploads\/2024\/10\/24gliwice-logo-696.jpg","width":696,"height":696,"caption":"24gliwice"},"image":{"@id":"https:\/\/www.24gliwice.pl\/wiadomosci\/#\/schema\/logo\/image\/"},"sameAs":["https:\/\/www.facebook.com\/24gliwice","https:\/\/x.com\/24gliwice","https:\/\/www.youtube.com\/@24gliwice"]},{"@type":"Person","@id":"https:\/\/www.24gliwice.pl\/wiadomosci\/#\/schema\/person\/e42c650edd7f2fa332be3811fb166b6e","name":"\u017baneta Mrozek-Siewierska","image":{"@type":"ImageObject","inLanguage":"pl-PL","@id":"https:\/\/secure.gravatar.com\/avatar\/1881429e9c64597c77ad7aef2d0a19be69a3253e57534d16aa15bf3a4d34a0a3?s=96&d=mm&r=g","url":"https:\/\/secure.gravatar.com\/avatar\/1881429e9c64597c77ad7aef2d0a19be69a3253e57534d16aa15bf3a4d34a0a3?s=96&d=mm&r=g","contentUrl":"https:\/\/secure.gravatar.com\/avatar\/1881429e9c64597c77ad7aef2d0a19be69a3253e57534d16aa15bf3a4d34a0a3?s=96&d=mm&r=g","caption":"\u017baneta Mrozek-Siewierska"},"url":"https:\/\/www.24gliwice.pl\/wiadomosci\/author\/zms\/"}]}},"_links":{"self":[{"href":"https:\/\/www.24gliwice.pl\/wiadomosci\/wp-json\/wp\/v2\/posts\/114783","targetHints":{"allow":["GET"]}}],"collection":[{"href":"https:\/\/www.24gliwice.pl\/wiadomosci\/wp-json\/wp\/v2\/posts"}],"about":[{"href":"https:\/\/www.24gliwice.pl\/wiadomosci\/wp-json\/wp\/v2\/types\/post"}],"author":[{"embeddable":true,"href":"https:\/\/www.24gliwice.pl\/wiadomosci\/wp-json\/wp\/v2\/users\/15"}],"replies":[{"embeddable":true,"href":"https:\/\/www.24gliwice.pl\/wiadomosci\/wp-json\/wp\/v2\/comments?post=114783"}],"version-history":[{"count":0,"href":"https:\/\/www.24gliwice.pl\/wiadomosci\/wp-json\/wp\/v2\/posts\/114783\/revisions"}],"wp:featuredmedia":[{"embeddable":true,"href":"https:\/\/www.24gliwice.pl\/wiadomosci\/wp-json\/wp\/v2\/media\/114786"}],"wp:attachment":[{"href":"https:\/\/www.24gliwice.pl\/wiadomosci\/wp-json\/wp\/v2\/media?parent=114783"}],"wp:term":[{"taxonomy":"category","embeddable":true,"href":"https:\/\/www.24gliwice.pl\/wiadomosci\/wp-json\/wp\/v2\/categories?post=114783"},{"taxonomy":"post_tag","embeddable":true,"href":"https:\/\/www.24gliwice.pl\/wiadomosci\/wp-json\/wp\/v2\/tags?post=114783"}],"curies":[{"name":"wp","href":"https:\/\/api.w.org\/{rel}","templated":true}]}}