{"id":114849,"date":"2018-03-29T01:17:54","date_gmt":"2018-03-28T23:17:54","guid":{"rendered":"https:\/\/www.24gliwice.pl\/wiadomosci\/?p=114849"},"modified":"2018-03-29T18:57:56","modified_gmt":"2018-03-29T16:57:56","slug":"oiom-2-0-w-szpitalu-miejskim-nr-4","status":"publish","type":"post","link":"https:\/\/www.24gliwice.pl\/wiadomosci\/oiom-2-0-w-szpitalu-miejskim-nr-4\/","title":{"rendered":"OIOM 2.0 w dawnym szpitalu &#8220;wojskowym&#8221;. Zmodernizowany oddzia\u0142 ruszy kr\u00f3tko po \u015bwi\u0119tach"},"content":{"rendered":"<div class=\"gliwi-a6-nad-leadem-artykulow gliwi-entity-placement\" id=\"gliwi-3555319045\"><div class=\"gliwi-adlabel\"><span style=\"font-size: 9px\">REKLAMA<\/span><\/div><div id=\"gliwi-4023273620\" style=\"margin-bottom: 30px;margin-left: auto;margin-right: auto;text-align: center;\"><a data-no-instant=\"1\" href=\"https:\/\/przedszkole.halogen.org.pl\/\" rel=\"noopener\" class=\"a2t-link\" target=\"_blank\" aria-label=\"20260402-ANIMATOR-przedszkole_grafika_750x200\"><img loading=\"lazy\" decoding=\"async\" src=\"https:\/\/www.24gliwice.pl\/wiadomosci\/wp-content\/uploads\/2026\/04\/20260402-ANIMATOR-przedszkole_grafika_750x200.webp\" alt=\"\"  srcset=\"https:\/\/www.24gliwice.pl\/wiadomosci\/wp-content\/uploads\/2026\/04\/20260402-ANIMATOR-przedszkole_grafika_750x200.webp 750w, https:\/\/www.24gliwice.pl\/wiadomosci\/wp-content\/uploads\/2026\/04\/20260402-ANIMATOR-przedszkole_grafika_750x200-410x109.webp 410w\" sizes=\"(max-width: 750px) 100vw, 750px\" class=\"no-lazyload\" width=\"750\" height=\"200\"  style=\"display: inline-block; max-width: 100%; height: auto;\" \/><\/a><\/div><\/div><h3>4 kwietnia w Szpitalu Miejskim nr 4 przy ul. Zygmunta Starego 20 ma ruszy\u0107 zmodernizowany Oddzia\u0142 Anestezjologii i Intensywnej Terapii dla doros\u0142ych. Jednocze\u015bnie b\u0119dzie mog\u0142o z niego korzysta\u0107 7 najci\u0119\u017cej chorych pacjent\u00f3w.<\/h3>\n<p>Modernizacja poch\u0142on\u0119\u0142a 1,6 mln z\u0142 z miejskiego bud\u017cetu.<\/p>\n<p>Zdecydowanie wy\u017cszy standard leczenia na OIOM-ie dla doros\u0142ych, unowocze\u015bnionym i powi\u0119kszonym do 7 stanowisk intensywnej terapii (w tym jedno stanowisko do tzw. izolowania chorego), to najwa\u017cniejsza zmiana, kt\u00f3r\u0105 w kwietniu odczuj\u0105 mieszka\u0144cy Gliwic i powiatu gliwickiego po skomplikowanych zabiegach operacyjnych, urazach wielonarz\u0105dowych, ze schorzeniami neurologicznymi i internistycznymi oraz niewydolno\u015bci\u0105 oddechow\u0105.<\/p><div class=\"gliwi-a3-w-tresci-artykulow gliwi-entity-placement\" id=\"gliwi-924581663\"><div class=\"gliwi-adlabel\"><span style=\"font-size: 9px\">REKLAMA<\/span><\/div><div id=\"gliwi-522566746\" style=\"margin-bottom: 30px;margin-left: auto;margin-right: auto;text-align: center;\"><a data-no-instant=\"1\" href=\"https:\/\/ogrodyandersa.pl\/\" rel=\"noopener\" class=\"a2t-link\" target=\"_blank\" aria-label=\"20260415 Ogrody Andersa KUP TERAZ D\"><img loading=\"lazy\" decoding=\"async\" src=\"https:\/\/www.24gliwice.pl\/wiadomosci\/wp-content\/uploads\/2026\/04\/20260415-Ogrody-Andersa-KUP-TERAZ-D.jpg\" alt=\"\"  srcset=\"https:\/\/www.24gliwice.pl\/wiadomosci\/wp-content\/uploads\/2026\/04\/20260415-Ogrody-Andersa-KUP-TERAZ-D.jpg 750w, https:\/\/www.24gliwice.pl\/wiadomosci\/wp-content\/uploads\/2026\/04\/20260415-Ogrody-Andersa-KUP-TERAZ-D-410x109.jpg 410w\" sizes=\"(max-width: 750px) 100vw, 750px\" class=\"no-lazyload\" width=\"750\" height=\"200\"  style=\"display: inline-block; max-width: 100%; height: auto;\" \/><\/a><\/div><\/div>\n<blockquote><p>Prace na Oddziale Anestezjologii i Intensywnej Terapii dla doros\u0142ych wynika\u0142y z potrzeby dostosowania jednostki do wymog\u00f3w rozporz\u0105dzenia ministra zdrowia <\/p><\/blockquote>\n<p>\u2013 podkre\u015bla <strong>Renata Bry\u0142a<\/strong>, prezes zarz\u0105du Szpitala Miejskiego nr 4.<\/p>\n<p>W ramach modernizacji OIOM przy Zygmunta Starego wyposa\u017cono w wysokiej klasy monitory funkcji \u017cyciowej, nowoczesne respiratory z mo\u017cliwo\u015bci\u0105 wykorzystania najnowszych typ\u00f3w wentylacji pacjenta, \u0142\u00f3\u017cka intensywnej terapii z materacami przeciwodle\u017cynowymi, urz\u0105dzenie nerkozast\u0119pcze do prowadzenia ci\u0105g\u0142ej dializy i klimatyzacj\u0119 z nowoczesn\u0105 instalacj\u0105 gaz\u00f3w medycznych. Pobyt pacjenta ma na bie\u017c\u0105co archiwizowa\u0107 system informatyczny. <\/p>\n<p>\u2013 To nowoczesne rozwi\u0105zanie, kt\u00f3re podniesie bezpiecze\u0144stwo i komfort leczenia chorych w ci\u0119\u017ckich stanach niewydolno\u015bci kr\u0105\u017ceniowej i oddechowej, wymagaj\u0105cych wspomagania oddechu oraz intensywnej terapii farmakologicznej \u2013 m\u00f3wi Renata Bry\u0142a.<\/p>\n<p>(\u017cms)\/MSI<br \/>\nfot. arch. UM Gliwice<\/p>\n<div class=\"gliwi-a5-na-koncu-artykulow gliwi-entity-placement\" id=\"gliwi-1580733176\"><div class=\"gliwi-adlabel\"><span style=\"font-size: 9px\">REKLAMA<\/span><\/div><div id=\"gliwi-1459441230\" style=\"margin-left: auto;margin-right: auto;text-align: center;\"><a data-no-instant=\"1\" href=\"https:\/\/prezeroarenagliwice.pl\/\" rel=\"noopener\" class=\"a2t-link\" target=\"_blank\" aria-label=\"20260309-PREZERO-WIOSNA-D\"><img loading=\"lazy\" decoding=\"async\" src=\"https:\/\/www.24gliwice.pl\/wiadomosci\/wp-content\/uploads\/2026\/03\/20260309-PREZERO-WIOSNA-D.webp\" alt=\"\"  srcset=\"https:\/\/www.24gliwice.pl\/wiadomosci\/wp-content\/uploads\/2026\/03\/20260309-PREZERO-WIOSNA-D.webp 750w, https:\/\/www.24gliwice.pl\/wiadomosci\/wp-content\/uploads\/2026\/03\/20260309-PREZERO-WIOSNA-D-410x109.webp 410w\" sizes=\"(max-width: 750px) 100vw, 750px\" class=\"no-lazyload\" width=\"750\" height=\"200\"  style=\"display: inline-block; max-width: 100%; height: auto;\" \/><\/a><\/div><\/div>","protected":false},"excerpt":{"rendered":"<p>4 kwietnia w Szpitalu Miejskim nr 4 przy ul. Zygmunta Starego 20 ma ruszy\u0107 zmodernizowany Oddzia\u0142 Anestezjologii i Intensywnej Terapii dla doros\u0142ych. Jednocze\u015bnie b\u0119dzie mog\u0142o z niego korzysta\u0107 7 najci\u0119\u017cej chorych pacjent\u00f3w. Modernizacja poch\u0142on\u0119\u0142a 1,6 mln z\u0142 z miejskiego bud\u017cetu. Zdecydowanie wy\u017cszy standard leczenia na OIOM-ie dla doros\u0142ych, unowocze\u015bnionym i powi\u0119kszonym do 7 stanowisk intensywnej [&hellip;]<\/p>\n","protected":false},"author":15,"featured_media":114852,"comment_status":"open","ping_status":"closed","sticky":false,"template":"","format":"standard","meta":{"_monsterinsights_skip_tracking":false,"_monsterinsights_sitenote_active":false,"_monsterinsights_sitenote_note":"","_monsterinsights_sitenote_category":0,"footnotes":"","_links_to":"","_links_to_target":""},"categories":[3,1,9],"tags":[7501,980,7960,7959,4409],"class_list":["post-114849","post","type-post","status-publish","format-standard","has-post-thumbnail","hentry","category-gliwice","category-wszystko","category-aktualnosci_lokalne","tag-gcm","tag-kosciuszki","tag-szpital-miejski-nr-4","tag-szpital-wojskowy","tag-zygmunta-starego"],"yoast_head":"<!-- This site is optimized with the Yoast SEO plugin v27.5 - https:\/\/yoast.com\/product\/yoast-seo-wordpress\/ -->\n<title>OIOM 2.0 w dawnym szpitalu &quot;wojskowym&quot;. Zmodernizowany oddzia\u0142 ruszy kr\u00f3tko po \u015bwi\u0119tach - 24GLIWICE - Portal Gliwice | codziennie nowe informacje<\/title>\n<meta name=\"robots\" content=\"index, follow, max-snippet:-1, max-image-preview:large, max-video-preview:-1\" \/>\n<link rel=\"canonical\" href=\"https:\/\/www.24gliwice.pl\/wiadomosci\/oiom-2-0-w-szpitalu-miejskim-nr-4\/\" \/>\n<meta property=\"og:locale\" content=\"pl_PL\" \/>\n<meta property=\"og:type\" content=\"article\" \/>\n<meta property=\"og:title\" content=\"OIOM 2.0 w dawnym szpitalu &quot;wojskowym&quot;. Zmodernizowany oddzia\u0142 ruszy kr\u00f3tko po \u015bwi\u0119tach - 24GLIWICE - Portal Gliwice | codziennie nowe informacje\" \/>\n<meta property=\"og:description\" content=\"4 kwietnia w Szpitalu Miejskim nr 4 przy ul. Zygmunta Starego 20 ma ruszy\u0107 zmodernizowany Oddzia\u0142 Anestezjologii i Intensywnej Terapii dla doros\u0142ych. Jednocze\u015bnie b\u0119dzie mog\u0142o z niego korzysta\u0107 7 najci\u0119\u017cej chorych pacjent\u00f3w. Modernizacja poch\u0142on\u0119\u0142a 1,6 mln z\u0142 z miejskiego bud\u017cetu. Zdecydowanie wy\u017cszy standard leczenia na OIOM-ie dla doros\u0142ych, unowocze\u015bnionym i powi\u0119kszonym do 7 stanowisk intensywnej [&hellip;]\" \/>\n<meta property=\"og:url\" content=\"https:\/\/www.24gliwice.pl\/wiadomosci\/oiom-2-0-w-szpitalu-miejskim-nr-4\/\" \/>\n<meta property=\"og:site_name\" content=\"24GLIWICE - Portal Gliwice | codziennie nowe informacje\" \/>\n<meta property=\"article:publisher\" content=\"https:\/\/www.facebook.com\/24gliwice\" \/>\n<meta property=\"article:published_time\" content=\"2018-03-28T23:17:54+00:00\" \/>\n<meta property=\"article:modified_time\" content=\"2018-03-29T16:57:56+00:00\" \/>\n<meta property=\"og:image\" content=\"https:\/\/www.24gliwice.pl\/wiadomosci\/wp-content\/uploads\/2018\/03\/OIOM-2.jpg\" \/>\n\t<meta property=\"og:image:width\" content=\"999\" \/>\n\t<meta property=\"og:image:height\" content=\"561\" \/>\n\t<meta property=\"og:image:type\" content=\"image\/jpeg\" \/>\n<meta name=\"author\" content=\"\u017baneta Mrozek-Siewierska\" \/>\n<meta name=\"twitter:card\" content=\"summary_large_image\" \/>\n<meta name=\"twitter:creator\" content=\"@24gliwice\" \/>\n<meta name=\"twitter:site\" content=\"@24gliwice\" \/>\n<meta name=\"twitter:label1\" content=\"Napisane przez\" \/>\n\t<meta name=\"twitter:data1\" content=\"\u017baneta Mrozek-Siewierska\" \/>\n\t<meta name=\"twitter:label2\" content=\"Szacowany czas czytania\" \/>\n\t<meta name=\"twitter:data2\" content=\"1 minuta\" \/>\n<script type=\"application\/ld+json\" class=\"yoast-schema-graph\">{\"@context\":\"https:\\\/\\\/schema.org\",\"@graph\":[{\"@type\":\"Article\",\"@id\":\"https:\\\/\\\/www.24gliwice.pl\\\/wiadomosci\\\/oiom-2-0-w-szpitalu-miejskim-nr-4\\\/#article\",\"isPartOf\":{\"@id\":\"https:\\\/\\\/www.24gliwice.pl\\\/wiadomosci\\\/oiom-2-0-w-szpitalu-miejskim-nr-4\\\/\"},\"author\":{\"name\":\"\u017baneta Mrozek-Siewierska\",\"@id\":\"https:\\\/\\\/www.24gliwice.pl\\\/wiadomosci\\\/#\\\/schema\\\/person\\\/e42c650edd7f2fa332be3811fb166b6e\"},\"headline\":\"OIOM 2.0 w dawnym szpitalu &#8220;wojskowym&#8221;. Zmodernizowany oddzia\u0142 ruszy kr\u00f3tko po \u015bwi\u0119tach\",\"datePublished\":\"2018-03-28T23:17:54+00:00\",\"dateModified\":\"2018-03-29T16:57:56+00:00\",\"mainEntityOfPage\":{\"@id\":\"https:\\\/\\\/www.24gliwice.pl\\\/wiadomosci\\\/oiom-2-0-w-szpitalu-miejskim-nr-4\\\/\"},\"wordCount\":252,\"commentCount\":0,\"publisher\":{\"@id\":\"https:\\\/\\\/www.24gliwice.pl\\\/wiadomosci\\\/#organization\"},\"image\":{\"@id\":\"https:\\\/\\\/www.24gliwice.pl\\\/wiadomosci\\\/oiom-2-0-w-szpitalu-miejskim-nr-4\\\/#primaryimage\"},\"thumbnailUrl\":\"https:\\\/\\\/www.24gliwice.pl\\\/wiadomosci\\\/wp-content\\\/uploads\\\/2018\\\/03\\\/OIOM-2.jpg\",\"keywords\":[\"gcm\",\"KO\u015aCIUSZKI\",\"SZPITAL MIEJSKI NR 4\",\"szpital wojskowy\",\"ZYGMUNTA STAREGO\"],\"articleSection\":[\"Gliwice\",\"Najnowsze wiadomo\u015bci\",\"Portal Gliwice - Wiadomo\u015bci lokalne\"],\"inLanguage\":\"pl-PL\",\"potentialAction\":[{\"@type\":\"CommentAction\",\"name\":\"Comment\",\"target\":[\"https:\\\/\\\/www.24gliwice.pl\\\/wiadomosci\\\/oiom-2-0-w-szpitalu-miejskim-nr-4\\\/#respond\"]}]},{\"@type\":\"WebPage\",\"@id\":\"https:\\\/\\\/www.24gliwice.pl\\\/wiadomosci\\\/oiom-2-0-w-szpitalu-miejskim-nr-4\\\/\",\"url\":\"https:\\\/\\\/www.24gliwice.pl\\\/wiadomosci\\\/oiom-2-0-w-szpitalu-miejskim-nr-4\\\/\",\"name\":\"OIOM 2.0 w dawnym szpitalu \\\"wojskowym\\\". Zmodernizowany oddzia\u0142 ruszy kr\u00f3tko po \u015bwi\u0119tach - 24GLIWICE - Portal Gliwice | codziennie nowe informacje\",\"isPartOf\":{\"@id\":\"https:\\\/\\\/www.24gliwice.pl\\\/wiadomosci\\\/#website\"},\"primaryImageOfPage\":{\"@id\":\"https:\\\/\\\/www.24gliwice.pl\\\/wiadomosci\\\/oiom-2-0-w-szpitalu-miejskim-nr-4\\\/#primaryimage\"},\"image\":{\"@id\":\"https:\\\/\\\/www.24gliwice.pl\\\/wiadomosci\\\/oiom-2-0-w-szpitalu-miejskim-nr-4\\\/#primaryimage\"},\"thumbnailUrl\":\"https:\\\/\\\/www.24gliwice.pl\\\/wiadomosci\\\/wp-content\\\/uploads\\\/2018\\\/03\\\/OIOM-2.jpg\",\"datePublished\":\"2018-03-28T23:17:54+00:00\",\"dateModified\":\"2018-03-29T16:57:56+00:00\",\"breadcrumb\":{\"@id\":\"https:\\\/\\\/www.24gliwice.pl\\\/wiadomosci\\\/oiom-2-0-w-szpitalu-miejskim-nr-4\\\/#breadcrumb\"},\"inLanguage\":\"pl-PL\",\"potentialAction\":[{\"@type\":\"ReadAction\",\"target\":[\"https:\\\/\\\/www.24gliwice.pl\\\/wiadomosci\\\/oiom-2-0-w-szpitalu-miejskim-nr-4\\\/\"]}]},{\"@type\":\"ImageObject\",\"inLanguage\":\"pl-PL\",\"@id\":\"https:\\\/\\\/www.24gliwice.pl\\\/wiadomosci\\\/oiom-2-0-w-szpitalu-miejskim-nr-4\\\/#primaryimage\",\"url\":\"https:\\\/\\\/www.24gliwice.pl\\\/wiadomosci\\\/wp-content\\\/uploads\\\/2018\\\/03\\\/OIOM-2.jpg\",\"contentUrl\":\"https:\\\/\\\/www.24gliwice.pl\\\/wiadomosci\\\/wp-content\\\/uploads\\\/2018\\\/03\\\/OIOM-2.jpg\",\"width\":999,\"height\":561},{\"@type\":\"BreadcrumbList\",\"@id\":\"https:\\\/\\\/www.24gliwice.pl\\\/wiadomosci\\\/oiom-2-0-w-szpitalu-miejskim-nr-4\\\/#breadcrumb\",\"itemListElement\":[{\"@type\":\"ListItem\",\"position\":1,\"name\":\"Strona g\u0142\u00f3wna\",\"item\":\"https:\\\/\\\/www.24gliwice.pl\\\/wiadomosci\\\/\"},{\"@type\":\"ListItem\",\"position\":2,\"name\":\"OIOM 2.0 w dawnym szpitalu &#8222;wojskowym&#8221;. Zmodernizowany oddzia\u0142 ruszy kr\u00f3tko po \u015bwi\u0119tach\"}]},{\"@type\":\"WebSite\",\"@id\":\"https:\\\/\\\/www.24gliwice.pl\\\/wiadomosci\\\/#website\",\"url\":\"https:\\\/\\\/www.24gliwice.pl\\\/wiadomosci\\\/\",\"name\":\"24GLIWICE - Portal Gliwice | codziennie nowe wiadomo\u015bci\",\"description\":\"Portal Miejski Gliwice\",\"publisher\":{\"@id\":\"https:\\\/\\\/www.24gliwice.pl\\\/wiadomosci\\\/#organization\"},\"potentialAction\":[{\"@type\":\"SearchAction\",\"target\":{\"@type\":\"EntryPoint\",\"urlTemplate\":\"https:\\\/\\\/www.24gliwice.pl\\\/wiadomosci\\\/?s={search_term_string}\"},\"query-input\":{\"@type\":\"PropertyValueSpecification\",\"valueRequired\":true,\"valueName\":\"search_term_string\"}}],\"inLanguage\":\"pl-PL\"},{\"@type\":\"Organization\",\"@id\":\"https:\\\/\\\/www.24gliwice.pl\\\/wiadomosci\\\/#organization\",\"name\":\"24gliwice\",\"url\":\"https:\\\/\\\/www.24gliwice.pl\\\/wiadomosci\\\/\",\"logo\":{\"@type\":\"ImageObject\",\"inLanguage\":\"pl-PL\",\"@id\":\"https:\\\/\\\/www.24gliwice.pl\\\/wiadomosci\\\/#\\\/schema\\\/logo\\\/image\\\/\",\"url\":\"https:\\\/\\\/www.24gliwice.pl\\\/wiadomosci\\\/wp-content\\\/uploads\\\/2024\\\/10\\\/24gliwice-logo-696.jpg\",\"contentUrl\":\"https:\\\/\\\/www.24gliwice.pl\\\/wiadomosci\\\/wp-content\\\/uploads\\\/2024\\\/10\\\/24gliwice-logo-696.jpg\",\"width\":696,\"height\":696,\"caption\":\"24gliwice\"},\"image\":{\"@id\":\"https:\\\/\\\/www.24gliwice.pl\\\/wiadomosci\\\/#\\\/schema\\\/logo\\\/image\\\/\"},\"sameAs\":[\"https:\\\/\\\/www.facebook.com\\\/24gliwice\",\"https:\\\/\\\/x.com\\\/24gliwice\",\"https:\\\/\\\/www.youtube.com\\\/@24gliwice\"]},{\"@type\":\"Person\",\"@id\":\"https:\\\/\\\/www.24gliwice.pl\\\/wiadomosci\\\/#\\\/schema\\\/person\\\/e42c650edd7f2fa332be3811fb166b6e\",\"name\":\"\u017baneta Mrozek-Siewierska\",\"image\":{\"@type\":\"ImageObject\",\"inLanguage\":\"pl-PL\",\"@id\":\"https:\\\/\\\/secure.gravatar.com\\\/avatar\\\/1881429e9c64597c77ad7aef2d0a19be69a3253e57534d16aa15bf3a4d34a0a3?s=96&d=mm&r=g\",\"url\":\"https:\\\/\\\/secure.gravatar.com\\\/avatar\\\/1881429e9c64597c77ad7aef2d0a19be69a3253e57534d16aa15bf3a4d34a0a3?s=96&d=mm&r=g\",\"contentUrl\":\"https:\\\/\\\/secure.gravatar.com\\\/avatar\\\/1881429e9c64597c77ad7aef2d0a19be69a3253e57534d16aa15bf3a4d34a0a3?s=96&d=mm&r=g\",\"caption\":\"\u017baneta Mrozek-Siewierska\"},\"url\":\"https:\\\/\\\/www.24gliwice.pl\\\/wiadomosci\\\/author\\\/zms\\\/\"}]}<\/script>\n<!-- \/ Yoast SEO plugin. -->","yoast_head_json":{"title":"OIOM 2.0 w dawnym szpitalu \"wojskowym\". Zmodernizowany oddzia\u0142 ruszy kr\u00f3tko po \u015bwi\u0119tach - 24GLIWICE - Portal Gliwice | codziennie nowe informacje","robots":{"index":"index","follow":"follow","max-snippet":"max-snippet:-1","max-image-preview":"max-image-preview:large","max-video-preview":"max-video-preview:-1"},"canonical":"https:\/\/www.24gliwice.pl\/wiadomosci\/oiom-2-0-w-szpitalu-miejskim-nr-4\/","og_locale":"pl_PL","og_type":"article","og_title":"OIOM 2.0 w dawnym szpitalu \"wojskowym\". Zmodernizowany oddzia\u0142 ruszy kr\u00f3tko po \u015bwi\u0119tach - 24GLIWICE - Portal Gliwice | codziennie nowe informacje","og_description":"4 kwietnia w Szpitalu Miejskim nr 4 przy ul. Zygmunta Starego 20 ma ruszy\u0107 zmodernizowany Oddzia\u0142 Anestezjologii i Intensywnej Terapii dla doros\u0142ych. Jednocze\u015bnie b\u0119dzie mog\u0142o z niego korzysta\u0107 7 najci\u0119\u017cej chorych pacjent\u00f3w. Modernizacja poch\u0142on\u0119\u0142a 1,6 mln z\u0142 z miejskiego bud\u017cetu. Zdecydowanie wy\u017cszy standard leczenia na OIOM-ie dla doros\u0142ych, unowocze\u015bnionym i powi\u0119kszonym do 7 stanowisk intensywnej [&hellip;]","og_url":"https:\/\/www.24gliwice.pl\/wiadomosci\/oiom-2-0-w-szpitalu-miejskim-nr-4\/","og_site_name":"24GLIWICE - Portal Gliwice | codziennie nowe informacje","article_publisher":"https:\/\/www.facebook.com\/24gliwice","article_published_time":"2018-03-28T23:17:54+00:00","article_modified_time":"2018-03-29T16:57:56+00:00","og_image":[{"width":999,"height":561,"url":"https:\/\/www.24gliwice.pl\/wiadomosci\/wp-content\/uploads\/2018\/03\/OIOM-2.jpg","type":"image\/jpeg"}],"author":"\u017baneta Mrozek-Siewierska","twitter_card":"summary_large_image","twitter_creator":"@24gliwice","twitter_site":"@24gliwice","twitter_misc":{"Napisane przez":"\u017baneta Mrozek-Siewierska","Szacowany czas czytania":"1 minuta"},"schema":{"@context":"https:\/\/schema.org","@graph":[{"@type":"Article","@id":"https:\/\/www.24gliwice.pl\/wiadomosci\/oiom-2-0-w-szpitalu-miejskim-nr-4\/#article","isPartOf":{"@id":"https:\/\/www.24gliwice.pl\/wiadomosci\/oiom-2-0-w-szpitalu-miejskim-nr-4\/"},"author":{"name":"\u017baneta Mrozek-Siewierska","@id":"https:\/\/www.24gliwice.pl\/wiadomosci\/#\/schema\/person\/e42c650edd7f2fa332be3811fb166b6e"},"headline":"OIOM 2.0 w dawnym szpitalu &#8220;wojskowym&#8221;. Zmodernizowany oddzia\u0142 ruszy kr\u00f3tko po \u015bwi\u0119tach","datePublished":"2018-03-28T23:17:54+00:00","dateModified":"2018-03-29T16:57:56+00:00","mainEntityOfPage":{"@id":"https:\/\/www.24gliwice.pl\/wiadomosci\/oiom-2-0-w-szpitalu-miejskim-nr-4\/"},"wordCount":252,"commentCount":0,"publisher":{"@id":"https:\/\/www.24gliwice.pl\/wiadomosci\/#organization"},"image":{"@id":"https:\/\/www.24gliwice.pl\/wiadomosci\/oiom-2-0-w-szpitalu-miejskim-nr-4\/#primaryimage"},"thumbnailUrl":"https:\/\/www.24gliwice.pl\/wiadomosci\/wp-content\/uploads\/2018\/03\/OIOM-2.jpg","keywords":["gcm","KO\u015aCIUSZKI","SZPITAL MIEJSKI NR 4","szpital wojskowy","ZYGMUNTA STAREGO"],"articleSection":["Gliwice","Najnowsze wiadomo\u015bci","Portal Gliwice - Wiadomo\u015bci lokalne"],"inLanguage":"pl-PL","potentialAction":[{"@type":"CommentAction","name":"Comment","target":["https:\/\/www.24gliwice.pl\/wiadomosci\/oiom-2-0-w-szpitalu-miejskim-nr-4\/#respond"]}]},{"@type":"WebPage","@id":"https:\/\/www.24gliwice.pl\/wiadomosci\/oiom-2-0-w-szpitalu-miejskim-nr-4\/","url":"https:\/\/www.24gliwice.pl\/wiadomosci\/oiom-2-0-w-szpitalu-miejskim-nr-4\/","name":"OIOM 2.0 w dawnym szpitalu \"wojskowym\". Zmodernizowany oddzia\u0142 ruszy kr\u00f3tko po \u015bwi\u0119tach - 24GLIWICE - Portal Gliwice | codziennie nowe informacje","isPartOf":{"@id":"https:\/\/www.24gliwice.pl\/wiadomosci\/#website"},"primaryImageOfPage":{"@id":"https:\/\/www.24gliwice.pl\/wiadomosci\/oiom-2-0-w-szpitalu-miejskim-nr-4\/#primaryimage"},"image":{"@id":"https:\/\/www.24gliwice.pl\/wiadomosci\/oiom-2-0-w-szpitalu-miejskim-nr-4\/#primaryimage"},"thumbnailUrl":"https:\/\/www.24gliwice.pl\/wiadomosci\/wp-content\/uploads\/2018\/03\/OIOM-2.jpg","datePublished":"2018-03-28T23:17:54+00:00","dateModified":"2018-03-29T16:57:56+00:00","breadcrumb":{"@id":"https:\/\/www.24gliwice.pl\/wiadomosci\/oiom-2-0-w-szpitalu-miejskim-nr-4\/#breadcrumb"},"inLanguage":"pl-PL","potentialAction":[{"@type":"ReadAction","target":["https:\/\/www.24gliwice.pl\/wiadomosci\/oiom-2-0-w-szpitalu-miejskim-nr-4\/"]}]},{"@type":"ImageObject","inLanguage":"pl-PL","@id":"https:\/\/www.24gliwice.pl\/wiadomosci\/oiom-2-0-w-szpitalu-miejskim-nr-4\/#primaryimage","url":"https:\/\/www.24gliwice.pl\/wiadomosci\/wp-content\/uploads\/2018\/03\/OIOM-2.jpg","contentUrl":"https:\/\/www.24gliwice.pl\/wiadomosci\/wp-content\/uploads\/2018\/03\/OIOM-2.jpg","width":999,"height":561},{"@type":"BreadcrumbList","@id":"https:\/\/www.24gliwice.pl\/wiadomosci\/oiom-2-0-w-szpitalu-miejskim-nr-4\/#breadcrumb","itemListElement":[{"@type":"ListItem","position":1,"name":"Strona g\u0142\u00f3wna","item":"https:\/\/www.24gliwice.pl\/wiadomosci\/"},{"@type":"ListItem","position":2,"name":"OIOM 2.0 w dawnym szpitalu &#8222;wojskowym&#8221;. Zmodernizowany oddzia\u0142 ruszy kr\u00f3tko po \u015bwi\u0119tach"}]},{"@type":"WebSite","@id":"https:\/\/www.24gliwice.pl\/wiadomosci\/#website","url":"https:\/\/www.24gliwice.pl\/wiadomosci\/","name":"24GLIWICE - Portal Gliwice | codziennie nowe wiadomo\u015bci","description":"Portal Miejski Gliwice","publisher":{"@id":"https:\/\/www.24gliwice.pl\/wiadomosci\/#organization"},"potentialAction":[{"@type":"SearchAction","target":{"@type":"EntryPoint","urlTemplate":"https:\/\/www.24gliwice.pl\/wiadomosci\/?s={search_term_string}"},"query-input":{"@type":"PropertyValueSpecification","valueRequired":true,"valueName":"search_term_string"}}],"inLanguage":"pl-PL"},{"@type":"Organization","@id":"https:\/\/www.24gliwice.pl\/wiadomosci\/#organization","name":"24gliwice","url":"https:\/\/www.24gliwice.pl\/wiadomosci\/","logo":{"@type":"ImageObject","inLanguage":"pl-PL","@id":"https:\/\/www.24gliwice.pl\/wiadomosci\/#\/schema\/logo\/image\/","url":"https:\/\/www.24gliwice.pl\/wiadomosci\/wp-content\/uploads\/2024\/10\/24gliwice-logo-696.jpg","contentUrl":"https:\/\/www.24gliwice.pl\/wiadomosci\/wp-content\/uploads\/2024\/10\/24gliwice-logo-696.jpg","width":696,"height":696,"caption":"24gliwice"},"image":{"@id":"https:\/\/www.24gliwice.pl\/wiadomosci\/#\/schema\/logo\/image\/"},"sameAs":["https:\/\/www.facebook.com\/24gliwice","https:\/\/x.com\/24gliwice","https:\/\/www.youtube.com\/@24gliwice"]},{"@type":"Person","@id":"https:\/\/www.24gliwice.pl\/wiadomosci\/#\/schema\/person\/e42c650edd7f2fa332be3811fb166b6e","name":"\u017baneta Mrozek-Siewierska","image":{"@type":"ImageObject","inLanguage":"pl-PL","@id":"https:\/\/secure.gravatar.com\/avatar\/1881429e9c64597c77ad7aef2d0a19be69a3253e57534d16aa15bf3a4d34a0a3?s=96&d=mm&r=g","url":"https:\/\/secure.gravatar.com\/avatar\/1881429e9c64597c77ad7aef2d0a19be69a3253e57534d16aa15bf3a4d34a0a3?s=96&d=mm&r=g","contentUrl":"https:\/\/secure.gravatar.com\/avatar\/1881429e9c64597c77ad7aef2d0a19be69a3253e57534d16aa15bf3a4d34a0a3?s=96&d=mm&r=g","caption":"\u017baneta Mrozek-Siewierska"},"url":"https:\/\/www.24gliwice.pl\/wiadomosci\/author\/zms\/"}]}},"_links":{"self":[{"href":"https:\/\/www.24gliwice.pl\/wiadomosci\/wp-json\/wp\/v2\/posts\/114849","targetHints":{"allow":["GET"]}}],"collection":[{"href":"https:\/\/www.24gliwice.pl\/wiadomosci\/wp-json\/wp\/v2\/posts"}],"about":[{"href":"https:\/\/www.24gliwice.pl\/wiadomosci\/wp-json\/wp\/v2\/types\/post"}],"author":[{"embeddable":true,"href":"https:\/\/www.24gliwice.pl\/wiadomosci\/wp-json\/wp\/v2\/users\/15"}],"replies":[{"embeddable":true,"href":"https:\/\/www.24gliwice.pl\/wiadomosci\/wp-json\/wp\/v2\/comments?post=114849"}],"version-history":[{"count":0,"href":"https:\/\/www.24gliwice.pl\/wiadomosci\/wp-json\/wp\/v2\/posts\/114849\/revisions"}],"wp:featuredmedia":[{"embeddable":true,"href":"https:\/\/www.24gliwice.pl\/wiadomosci\/wp-json\/wp\/v2\/media\/114852"}],"wp:attachment":[{"href":"https:\/\/www.24gliwice.pl\/wiadomosci\/wp-json\/wp\/v2\/media?parent=114849"}],"wp:term":[{"taxonomy":"category","embeddable":true,"href":"https:\/\/www.24gliwice.pl\/wiadomosci\/wp-json\/wp\/v2\/categories?post=114849"},{"taxonomy":"post_tag","embeddable":true,"href":"https:\/\/www.24gliwice.pl\/wiadomosci\/wp-json\/wp\/v2\/tags?post=114849"}],"curies":[{"name":"wp","href":"https:\/\/api.w.org\/{rel}","templated":true}]}}