{"id":114865,"date":"2018-03-29T18:51:39","date_gmt":"2018-03-29T16:51:39","guid":{"rendered":"https:\/\/www.24gliwice.pl\/wiadomosci\/?p=114865"},"modified":"2018-03-29T18:52:12","modified_gmt":"2018-03-29T16:52:12","slug":"mzuk-rozpoczyna-prace-w-hali-przy-ul-sikorskiego","status":"publish","type":"post","link":"https:\/\/www.24gliwice.pl\/wiadomosci\/mzuk-rozpoczyna-prace-w-hali-przy-ul-sikorskiego\/","title":{"rendered":"MZUK rozpoczyna prace w hali przy ul. Sikorskiego. W przysz\u0142ym roku zostanie wy\u0142\u0105czona z u\u017cytku"},"content":{"rendered":"<div class=\"gliwi-a6-nad-leadem-artykulow gliwi-entity-placement\" id=\"gliwi-602779755\"><div class=\"gliwi-adlabel\"><span style=\"font-size: 9px\">REKLAMA<\/span><\/div><div id=\"gliwi-1497268116\" style=\"margin-bottom: 25px;margin-left: auto;margin-right: auto;text-align: center;\"><a data-no-instant=\"1\" href=\"https:\/\/dom100.eu\/\" rel=\"noopener\" class=\"a2t-link\" target=\"_blank\" aria-label=\"20260415 DOM100 D\"><img loading=\"lazy\" decoding=\"async\" src=\"https:\/\/www.24gliwice.pl\/wiadomosci\/wp-content\/uploads\/2026\/04\/20260415-DOM100-D.jpg\" alt=\"\"  srcset=\"https:\/\/www.24gliwice.pl\/wiadomosci\/wp-content\/uploads\/2026\/04\/20260415-DOM100-D.jpg 750w, https:\/\/www.24gliwice.pl\/wiadomosci\/wp-content\/uploads\/2026\/04\/20260415-DOM100-D-410x109.jpg 410w\" sizes=\"(max-width: 750px) 100vw, 750px\" class=\"no-lazyload\" width=\"750\" height=\"200\"  style=\"display: inline-block; max-width: 100%; height: auto;\" \/><\/a><\/div><\/div><h3>Hal\u0119 sportow\u0105 przy ul. Sikorskiego w So\u015bnicy czeka generalny remont. W tym roku zyska pochylni\u0119 dla niepe\u0142nosprawnych, w kolejnym &#8211; now\u0105 nawierzchni\u0119 sportow\u0105 i nowoczesne, energooszcz\u0119dne o\u015bwietlenie. <\/h3>\n<p>Hala sportowa w So\u015bnicy jest intensywnie eksploatowana od ko\u0144ca lat 70-tych, nic wi\u0119c dziwnego, \u017ce wymaga remontu. Miejski Zarz\u0105d Us\u0142ug Komunalnych, kt\u00f3ry zarz\u0105dza obiektem, modernizuje go sukcesywnie od dziesi\u0119ciu lat.<\/p>\n[perfectpullquote align=&#8221;full&#8221; bordertop=&#8221;false&#8221; cite=&#8221;&#8221; link=&#8221;&#8221; color=&#8221;&#8221; class=&#8221;&#8221; size=&#8221;&#8221;]Na prze\u0142omie lat 2007\u20132008 wykonano termomodernizacj\u0119, a w 2012 r. wymieniono nag\u0142o\u015bnienie i wyremontowano schody ewakuacyjne.[\/perfectpullquote]\n<p>Dwa lata temu odnowiony zosta\u0142 teren pomi\u0119dzy hal\u0105, M\u0142odzie\u017cowym O\u015brodkiem Socjoterapii i Zespo\u0142em Szk\u00f3\u0142 Ekonomiczno-Technicznych. Odnowiono alejki, postawiono nowe \u0142awki i energooszcz\u0119dne latarnie, pojawi\u0142y si\u0119 nowe nasadzenia, powsta\u0142 parking. Wkr\u00f3tce w hali rozpoczn\u0105 si\u0119 prace zmierzaj\u0105ce do wyeliminowania istniej\u0105cych barier architektonicznych.<\/p><div class=\"gliwi-a3-w-tresci-artykulow gliwi-entity-placement\" id=\"gliwi-804868677\"><div class=\"gliwi-adlabel\"><span style=\"font-size: 9px\">REKLAMA<\/span><\/div><div id=\"gliwi-891358455\" style=\"margin-bottom: 30px;margin-left: auto;margin-right: auto;text-align: center;\"><a data-no-instant=\"1\" href=\"https:\/\/zlobek.halogen.org.pl\/\" rel=\"noopener\" class=\"a2t-link\" target=\"_blank\" aria-label=\"animator-zlobek_750x200\"><img loading=\"lazy\" decoding=\"async\" src=\"https:\/\/www.24gliwice.pl\/wiadomosci\/wp-content\/uploads\/2026\/02\/animator-zlobek_750x200.webp\" alt=\"\"  srcset=\"https:\/\/www.24gliwice.pl\/wiadomosci\/wp-content\/uploads\/2026\/02\/animator-zlobek_750x200.webp 750w, https:\/\/www.24gliwice.pl\/wiadomosci\/wp-content\/uploads\/2026\/02\/animator-zlobek_750x200-410x109.webp 410w\" sizes=\"(max-width: 750px) 100vw, 750px\" class=\"no-lazyload\" width=\"750\" height=\"200\"  style=\"display: inline-block; max-width: 100%; height: auto;\" \/><\/a><\/div><\/div>\n<p>Jeszcze w tym roku pojawi si\u0119 pochylnia dla os\u00f3b niepe\u0142nosprawnych. W przysz\u0142ym natomiast rozpocznie si\u0119 remont generalny.<\/p>\n<p>\u2013 W latach 2019\u20132020 planujemy modernizacj\u0119 nawierzchni hali sportowej, przebudow\u0119 i remont pomieszcze\u0144 socjalnych, zmian\u0119 o\u015bwietlenia na LED, modyfikacj\u0119 instalacji elektrycznej, budow\u0119 instalacji ca\u0142ego obiektu oraz budow\u0119 windy dla os\u00f3b niepe\u0142nosprawnych, kt\u00f3ra umo\u017cliwi wjazd na poziom pierwszego pi\u0119tra \u2013 wylicza <strong>Tadeusz Mazur<\/strong>, dyrektor Miejskiego Zarz\u0105du Us\u0142ug Komunalnych.<\/p>\n<p>Dzi\u0119ki wydzieleniu stref przeciwpo\u017carowych i ewakuacyjnych zwi\u0119kszy si\u0119 bezpiecze\u0144stwo korzystania z obiektu. Na czas prac hala w So\u015bnicy b\u0119dzie wy\u0142\u0105czona z u\u017cytkowania.<\/p>\n<p>(\u017cms)\/UM(mf)<br \/>\nfot. MZUK<\/p>\n<div class=\"gliwi-a5-na-koncu-artykulow gliwi-entity-placement\" id=\"gliwi-135249845\"><div class=\"gliwi-adlabel\"><span style=\"font-size: 9px\">REKLAMA<\/span><\/div><div id=\"gliwi-1825705929\" style=\"margin-left: auto;margin-right: auto;text-align: center;\"><a data-no-instant=\"1\" href=\"https:\/\/prezeroarenagliwice.pl\/\" rel=\"noopener\" class=\"a2t-link\" target=\"_blank\" aria-label=\"20260309-PREZERO-WIOSNA-D\"><img loading=\"lazy\" decoding=\"async\" src=\"https:\/\/www.24gliwice.pl\/wiadomosci\/wp-content\/uploads\/2026\/03\/20260309-PREZERO-WIOSNA-D.webp\" alt=\"\"  srcset=\"https:\/\/www.24gliwice.pl\/wiadomosci\/wp-content\/uploads\/2026\/03\/20260309-PREZERO-WIOSNA-D.webp 750w, https:\/\/www.24gliwice.pl\/wiadomosci\/wp-content\/uploads\/2026\/03\/20260309-PREZERO-WIOSNA-D-410x109.webp 410w\" sizes=\"(max-width: 750px) 100vw, 750px\" class=\"no-lazyload\" width=\"750\" height=\"200\"  style=\"display: inline-block; max-width: 100%; height: auto;\" \/><\/a><\/div><\/div>","protected":false},"excerpt":{"rendered":"<p>Hal\u0119 sportow\u0105 przy ul. Sikorskiego w So\u015bnicy czeka generalny remont. W tym roku zyska pochylni\u0119 dla niepe\u0142nosprawnych, w kolejnym &#8211; now\u0105 nawierzchni\u0119 sportow\u0105 i nowoczesne, energooszcz\u0119dne o\u015bwietlenie. Hala sportowa w So\u015bnicy jest intensywnie eksploatowana od ko\u0144ca lat 70-tych, nic wi\u0119c dziwnego, \u017ce wymaga remontu. Miejski Zarz\u0105d Us\u0142ug Komunalnych, kt\u00f3ry zarz\u0105dza obiektem, modernizuje go sukcesywnie od [&hellip;]<\/p>\n","protected":false},"author":15,"featured_media":114873,"comment_status":"open","ping_status":"closed","sticky":false,"template":"","format":"standard","meta":{"_monsterinsights_skip_tracking":false,"_monsterinsights_sitenote_active":false,"_monsterinsights_sitenote_note":"","_monsterinsights_sitenote_category":0,"footnotes":"","_links_to":"","_links_to_target":""},"categories":[3,1],"tags":[4548,10387,257,989,9825,183,11968],"class_list":["post-114865","post","type-post","status-publish","format-standard","has-post-thumbnail","hentry","category-gliwice","category-wszystko","tag-hala-sportowa","tag-modernizacja","tag-mzuk","tag-remont","tag-sikorskiego","tag-sosnica","tag-udogodnienia-dla-niepelnosprawnych"],"yoast_head":"<!-- This site is optimized with the Yoast SEO plugin v27.5 - https:\/\/yoast.com\/product\/yoast-seo-wordpress\/ -->\n<title>MZUK rozpoczyna prace w hali przy ul. Sikorskiego. W przysz\u0142ym roku zostanie wy\u0142\u0105czona z u\u017cytku - 24GLIWICE - Portal Gliwice | codziennie nowe informacje<\/title>\n<meta name=\"robots\" content=\"index, follow, max-snippet:-1, max-image-preview:large, max-video-preview:-1\" \/>\n<link rel=\"canonical\" href=\"https:\/\/www.24gliwice.pl\/wiadomosci\/mzuk-rozpoczyna-prace-w-hali-przy-ul-sikorskiego\/\" \/>\n<meta property=\"og:locale\" content=\"pl_PL\" \/>\n<meta property=\"og:type\" content=\"article\" \/>\n<meta property=\"og:title\" content=\"MZUK rozpoczyna prace w hali przy ul. Sikorskiego. W przysz\u0142ym roku zostanie wy\u0142\u0105czona z u\u017cytku - 24GLIWICE - Portal Gliwice | codziennie nowe informacje\" \/>\n<meta property=\"og:description\" content=\"Hal\u0119 sportow\u0105 przy ul. Sikorskiego w So\u015bnicy czeka generalny remont. W tym roku zyska pochylni\u0119 dla niepe\u0142nosprawnych, w kolejnym &#8211; now\u0105 nawierzchni\u0119 sportow\u0105 i nowoczesne, energooszcz\u0119dne o\u015bwietlenie. Hala sportowa w So\u015bnicy jest intensywnie eksploatowana od ko\u0144ca lat 70-tych, nic wi\u0119c dziwnego, \u017ce wymaga remontu. Miejski Zarz\u0105d Us\u0142ug Komunalnych, kt\u00f3ry zarz\u0105dza obiektem, modernizuje go sukcesywnie od [&hellip;]\" \/>\n<meta property=\"og:url\" content=\"https:\/\/www.24gliwice.pl\/wiadomosci\/mzuk-rozpoczyna-prace-w-hali-przy-ul-sikorskiego\/\" \/>\n<meta property=\"og:site_name\" content=\"24GLIWICE - Portal Gliwice | codziennie nowe informacje\" \/>\n<meta property=\"article:publisher\" content=\"https:\/\/www.facebook.com\/24gliwice\" \/>\n<meta property=\"article:published_time\" content=\"2018-03-29T16:51:39+00:00\" \/>\n<meta property=\"article:modified_time\" content=\"2018-03-29T16:52:12+00:00\" \/>\n<meta property=\"og:image\" content=\"https:\/\/www.24gliwice.pl\/wiadomosci\/wp-content\/uploads\/2018\/03\/hala_1-e1522310058250.jpg\" \/>\n\t<meta property=\"og:image:width\" content=\"810\" \/>\n\t<meta property=\"og:image:height\" content=\"456\" \/>\n\t<meta property=\"og:image:type\" content=\"image\/jpeg\" \/>\n<meta name=\"author\" content=\"\u017baneta Mrozek-Siewierska\" \/>\n<meta name=\"twitter:card\" content=\"summary_large_image\" \/>\n<meta name=\"twitter:creator\" content=\"@24gliwice\" \/>\n<meta name=\"twitter:site\" content=\"@24gliwice\" \/>\n<meta name=\"twitter:label1\" content=\"Napisane przez\" \/>\n\t<meta name=\"twitter:data1\" content=\"\u017baneta Mrozek-Siewierska\" \/>\n\t<meta name=\"twitter:label2\" content=\"Szacowany czas czytania\" \/>\n\t<meta name=\"twitter:data2\" content=\"1 minuta\" \/>\n<script type=\"application\/ld+json\" class=\"yoast-schema-graph\">{\"@context\":\"https:\\\/\\\/schema.org\",\"@graph\":[{\"@type\":\"Article\",\"@id\":\"https:\\\/\\\/www.24gliwice.pl\\\/wiadomosci\\\/mzuk-rozpoczyna-prace-w-hali-przy-ul-sikorskiego\\\/#article\",\"isPartOf\":{\"@id\":\"https:\\\/\\\/www.24gliwice.pl\\\/wiadomosci\\\/mzuk-rozpoczyna-prace-w-hali-przy-ul-sikorskiego\\\/\"},\"author\":{\"name\":\"\u017baneta Mrozek-Siewierska\",\"@id\":\"https:\\\/\\\/www.24gliwice.pl\\\/wiadomosci\\\/#\\\/schema\\\/person\\\/e42c650edd7f2fa332be3811fb166b6e\"},\"headline\":\"MZUK rozpoczyna prace w hali przy ul. Sikorskiego. W przysz\u0142ym roku zostanie wy\u0142\u0105czona z u\u017cytku\",\"datePublished\":\"2018-03-29T16:51:39+00:00\",\"dateModified\":\"2018-03-29T16:52:12+00:00\",\"mainEntityOfPage\":{\"@id\":\"https:\\\/\\\/www.24gliwice.pl\\\/wiadomosci\\\/mzuk-rozpoczyna-prace-w-hali-przy-ul-sikorskiego\\\/\"},\"wordCount\":274,\"commentCount\":0,\"publisher\":{\"@id\":\"https:\\\/\\\/www.24gliwice.pl\\\/wiadomosci\\\/#organization\"},\"image\":{\"@id\":\"https:\\\/\\\/www.24gliwice.pl\\\/wiadomosci\\\/mzuk-rozpoczyna-prace-w-hali-przy-ul-sikorskiego\\\/#primaryimage\"},\"thumbnailUrl\":\"https:\\\/\\\/www.24gliwice.pl\\\/wiadomosci\\\/wp-content\\\/uploads\\\/2018\\\/03\\\/hala_1-e1522310058250.jpg\",\"keywords\":[\"hala sportowa\",\"MODERNIZACJA\",\"MZUK\",\"REMONT\",\"sikorskiego\",\"SO\u015aNICA\",\"udogodnienia dla niepe\u0142nosprawnych\"],\"articleSection\":[\"Gliwice\",\"Najnowsze wiadomo\u015bci\"],\"inLanguage\":\"pl-PL\",\"potentialAction\":[{\"@type\":\"CommentAction\",\"name\":\"Comment\",\"target\":[\"https:\\\/\\\/www.24gliwice.pl\\\/wiadomosci\\\/mzuk-rozpoczyna-prace-w-hali-przy-ul-sikorskiego\\\/#respond\"]}]},{\"@type\":\"WebPage\",\"@id\":\"https:\\\/\\\/www.24gliwice.pl\\\/wiadomosci\\\/mzuk-rozpoczyna-prace-w-hali-przy-ul-sikorskiego\\\/\",\"url\":\"https:\\\/\\\/www.24gliwice.pl\\\/wiadomosci\\\/mzuk-rozpoczyna-prace-w-hali-przy-ul-sikorskiego\\\/\",\"name\":\"MZUK rozpoczyna prace w hali przy ul. Sikorskiego. W przysz\u0142ym roku zostanie wy\u0142\u0105czona z u\u017cytku - 24GLIWICE - Portal Gliwice | codziennie nowe informacje\",\"isPartOf\":{\"@id\":\"https:\\\/\\\/www.24gliwice.pl\\\/wiadomosci\\\/#website\"},\"primaryImageOfPage\":{\"@id\":\"https:\\\/\\\/www.24gliwice.pl\\\/wiadomosci\\\/mzuk-rozpoczyna-prace-w-hali-przy-ul-sikorskiego\\\/#primaryimage\"},\"image\":{\"@id\":\"https:\\\/\\\/www.24gliwice.pl\\\/wiadomosci\\\/mzuk-rozpoczyna-prace-w-hali-przy-ul-sikorskiego\\\/#primaryimage\"},\"thumbnailUrl\":\"https:\\\/\\\/www.24gliwice.pl\\\/wiadomosci\\\/wp-content\\\/uploads\\\/2018\\\/03\\\/hala_1-e1522310058250.jpg\",\"datePublished\":\"2018-03-29T16:51:39+00:00\",\"dateModified\":\"2018-03-29T16:52:12+00:00\",\"breadcrumb\":{\"@id\":\"https:\\\/\\\/www.24gliwice.pl\\\/wiadomosci\\\/mzuk-rozpoczyna-prace-w-hali-przy-ul-sikorskiego\\\/#breadcrumb\"},\"inLanguage\":\"pl-PL\",\"potentialAction\":[{\"@type\":\"ReadAction\",\"target\":[\"https:\\\/\\\/www.24gliwice.pl\\\/wiadomosci\\\/mzuk-rozpoczyna-prace-w-hali-przy-ul-sikorskiego\\\/\"]}]},{\"@type\":\"ImageObject\",\"inLanguage\":\"pl-PL\",\"@id\":\"https:\\\/\\\/www.24gliwice.pl\\\/wiadomosci\\\/mzuk-rozpoczyna-prace-w-hali-przy-ul-sikorskiego\\\/#primaryimage\",\"url\":\"https:\\\/\\\/www.24gliwice.pl\\\/wiadomosci\\\/wp-content\\\/uploads\\\/2018\\\/03\\\/hala_1-e1522310058250.jpg\",\"contentUrl\":\"https:\\\/\\\/www.24gliwice.pl\\\/wiadomosci\\\/wp-content\\\/uploads\\\/2018\\\/03\\\/hala_1-e1522310058250.jpg\",\"width\":810,\"height\":456},{\"@type\":\"BreadcrumbList\",\"@id\":\"https:\\\/\\\/www.24gliwice.pl\\\/wiadomosci\\\/mzuk-rozpoczyna-prace-w-hali-przy-ul-sikorskiego\\\/#breadcrumb\",\"itemListElement\":[{\"@type\":\"ListItem\",\"position\":1,\"name\":\"Strona g\u0142\u00f3wna\",\"item\":\"https:\\\/\\\/www.24gliwice.pl\\\/wiadomosci\\\/\"},{\"@type\":\"ListItem\",\"position\":2,\"name\":\"MZUK rozpoczyna prace w hali przy ul. Sikorskiego. W przysz\u0142ym roku zostanie wy\u0142\u0105czona z u\u017cytku\"}]},{\"@type\":\"WebSite\",\"@id\":\"https:\\\/\\\/www.24gliwice.pl\\\/wiadomosci\\\/#website\",\"url\":\"https:\\\/\\\/www.24gliwice.pl\\\/wiadomosci\\\/\",\"name\":\"24GLIWICE - Portal Gliwice | codziennie nowe wiadomo\u015bci\",\"description\":\"Portal Miejski Gliwice\",\"publisher\":{\"@id\":\"https:\\\/\\\/www.24gliwice.pl\\\/wiadomosci\\\/#organization\"},\"potentialAction\":[{\"@type\":\"SearchAction\",\"target\":{\"@type\":\"EntryPoint\",\"urlTemplate\":\"https:\\\/\\\/www.24gliwice.pl\\\/wiadomosci\\\/?s={search_term_string}\"},\"query-input\":{\"@type\":\"PropertyValueSpecification\",\"valueRequired\":true,\"valueName\":\"search_term_string\"}}],\"inLanguage\":\"pl-PL\"},{\"@type\":\"Organization\",\"@id\":\"https:\\\/\\\/www.24gliwice.pl\\\/wiadomosci\\\/#organization\",\"name\":\"24gliwice\",\"url\":\"https:\\\/\\\/www.24gliwice.pl\\\/wiadomosci\\\/\",\"logo\":{\"@type\":\"ImageObject\",\"inLanguage\":\"pl-PL\",\"@id\":\"https:\\\/\\\/www.24gliwice.pl\\\/wiadomosci\\\/#\\\/schema\\\/logo\\\/image\\\/\",\"url\":\"https:\\\/\\\/www.24gliwice.pl\\\/wiadomosci\\\/wp-content\\\/uploads\\\/2024\\\/10\\\/24gliwice-logo-696.jpg\",\"contentUrl\":\"https:\\\/\\\/www.24gliwice.pl\\\/wiadomosci\\\/wp-content\\\/uploads\\\/2024\\\/10\\\/24gliwice-logo-696.jpg\",\"width\":696,\"height\":696,\"caption\":\"24gliwice\"},\"image\":{\"@id\":\"https:\\\/\\\/www.24gliwice.pl\\\/wiadomosci\\\/#\\\/schema\\\/logo\\\/image\\\/\"},\"sameAs\":[\"https:\\\/\\\/www.facebook.com\\\/24gliwice\",\"https:\\\/\\\/x.com\\\/24gliwice\",\"https:\\\/\\\/www.youtube.com\\\/@24gliwice\"]},{\"@type\":\"Person\",\"@id\":\"https:\\\/\\\/www.24gliwice.pl\\\/wiadomosci\\\/#\\\/schema\\\/person\\\/e42c650edd7f2fa332be3811fb166b6e\",\"name\":\"\u017baneta Mrozek-Siewierska\",\"image\":{\"@type\":\"ImageObject\",\"inLanguage\":\"pl-PL\",\"@id\":\"https:\\\/\\\/secure.gravatar.com\\\/avatar\\\/1881429e9c64597c77ad7aef2d0a19be69a3253e57534d16aa15bf3a4d34a0a3?s=96&d=mm&r=g\",\"url\":\"https:\\\/\\\/secure.gravatar.com\\\/avatar\\\/1881429e9c64597c77ad7aef2d0a19be69a3253e57534d16aa15bf3a4d34a0a3?s=96&d=mm&r=g\",\"contentUrl\":\"https:\\\/\\\/secure.gravatar.com\\\/avatar\\\/1881429e9c64597c77ad7aef2d0a19be69a3253e57534d16aa15bf3a4d34a0a3?s=96&d=mm&r=g\",\"caption\":\"\u017baneta Mrozek-Siewierska\"},\"url\":\"https:\\\/\\\/www.24gliwice.pl\\\/wiadomosci\\\/author\\\/zms\\\/\"}]}<\/script>\n<!-- \/ Yoast SEO plugin. -->","yoast_head_json":{"title":"MZUK rozpoczyna prace w hali przy ul. Sikorskiego. W przysz\u0142ym roku zostanie wy\u0142\u0105czona z u\u017cytku - 24GLIWICE - Portal Gliwice | codziennie nowe informacje","robots":{"index":"index","follow":"follow","max-snippet":"max-snippet:-1","max-image-preview":"max-image-preview:large","max-video-preview":"max-video-preview:-1"},"canonical":"https:\/\/www.24gliwice.pl\/wiadomosci\/mzuk-rozpoczyna-prace-w-hali-przy-ul-sikorskiego\/","og_locale":"pl_PL","og_type":"article","og_title":"MZUK rozpoczyna prace w hali przy ul. Sikorskiego. W przysz\u0142ym roku zostanie wy\u0142\u0105czona z u\u017cytku - 24GLIWICE - Portal Gliwice | codziennie nowe informacje","og_description":"Hal\u0119 sportow\u0105 przy ul. Sikorskiego w So\u015bnicy czeka generalny remont. W tym roku zyska pochylni\u0119 dla niepe\u0142nosprawnych, w kolejnym &#8211; now\u0105 nawierzchni\u0119 sportow\u0105 i nowoczesne, energooszcz\u0119dne o\u015bwietlenie. Hala sportowa w So\u015bnicy jest intensywnie eksploatowana od ko\u0144ca lat 70-tych, nic wi\u0119c dziwnego, \u017ce wymaga remontu. Miejski Zarz\u0105d Us\u0142ug Komunalnych, kt\u00f3ry zarz\u0105dza obiektem, modernizuje go sukcesywnie od [&hellip;]","og_url":"https:\/\/www.24gliwice.pl\/wiadomosci\/mzuk-rozpoczyna-prace-w-hali-przy-ul-sikorskiego\/","og_site_name":"24GLIWICE - Portal Gliwice | codziennie nowe informacje","article_publisher":"https:\/\/www.facebook.com\/24gliwice","article_published_time":"2018-03-29T16:51:39+00:00","article_modified_time":"2018-03-29T16:52:12+00:00","og_image":[{"width":810,"height":456,"url":"https:\/\/www.24gliwice.pl\/wiadomosci\/wp-content\/uploads\/2018\/03\/hala_1-e1522310058250.jpg","type":"image\/jpeg"}],"author":"\u017baneta Mrozek-Siewierska","twitter_card":"summary_large_image","twitter_creator":"@24gliwice","twitter_site":"@24gliwice","twitter_misc":{"Napisane przez":"\u017baneta Mrozek-Siewierska","Szacowany czas czytania":"1 minuta"},"schema":{"@context":"https:\/\/schema.org","@graph":[{"@type":"Article","@id":"https:\/\/www.24gliwice.pl\/wiadomosci\/mzuk-rozpoczyna-prace-w-hali-przy-ul-sikorskiego\/#article","isPartOf":{"@id":"https:\/\/www.24gliwice.pl\/wiadomosci\/mzuk-rozpoczyna-prace-w-hali-przy-ul-sikorskiego\/"},"author":{"name":"\u017baneta Mrozek-Siewierska","@id":"https:\/\/www.24gliwice.pl\/wiadomosci\/#\/schema\/person\/e42c650edd7f2fa332be3811fb166b6e"},"headline":"MZUK rozpoczyna prace w hali przy ul. Sikorskiego. W przysz\u0142ym roku zostanie wy\u0142\u0105czona z u\u017cytku","datePublished":"2018-03-29T16:51:39+00:00","dateModified":"2018-03-29T16:52:12+00:00","mainEntityOfPage":{"@id":"https:\/\/www.24gliwice.pl\/wiadomosci\/mzuk-rozpoczyna-prace-w-hali-przy-ul-sikorskiego\/"},"wordCount":274,"commentCount":0,"publisher":{"@id":"https:\/\/www.24gliwice.pl\/wiadomosci\/#organization"},"image":{"@id":"https:\/\/www.24gliwice.pl\/wiadomosci\/mzuk-rozpoczyna-prace-w-hali-przy-ul-sikorskiego\/#primaryimage"},"thumbnailUrl":"https:\/\/www.24gliwice.pl\/wiadomosci\/wp-content\/uploads\/2018\/03\/hala_1-e1522310058250.jpg","keywords":["hala sportowa","MODERNIZACJA","MZUK","REMONT","sikorskiego","SO\u015aNICA","udogodnienia dla niepe\u0142nosprawnych"],"articleSection":["Gliwice","Najnowsze wiadomo\u015bci"],"inLanguage":"pl-PL","potentialAction":[{"@type":"CommentAction","name":"Comment","target":["https:\/\/www.24gliwice.pl\/wiadomosci\/mzuk-rozpoczyna-prace-w-hali-przy-ul-sikorskiego\/#respond"]}]},{"@type":"WebPage","@id":"https:\/\/www.24gliwice.pl\/wiadomosci\/mzuk-rozpoczyna-prace-w-hali-przy-ul-sikorskiego\/","url":"https:\/\/www.24gliwice.pl\/wiadomosci\/mzuk-rozpoczyna-prace-w-hali-przy-ul-sikorskiego\/","name":"MZUK rozpoczyna prace w hali przy ul. Sikorskiego. W przysz\u0142ym roku zostanie wy\u0142\u0105czona z u\u017cytku - 24GLIWICE - Portal Gliwice | codziennie nowe informacje","isPartOf":{"@id":"https:\/\/www.24gliwice.pl\/wiadomosci\/#website"},"primaryImageOfPage":{"@id":"https:\/\/www.24gliwice.pl\/wiadomosci\/mzuk-rozpoczyna-prace-w-hali-przy-ul-sikorskiego\/#primaryimage"},"image":{"@id":"https:\/\/www.24gliwice.pl\/wiadomosci\/mzuk-rozpoczyna-prace-w-hali-przy-ul-sikorskiego\/#primaryimage"},"thumbnailUrl":"https:\/\/www.24gliwice.pl\/wiadomosci\/wp-content\/uploads\/2018\/03\/hala_1-e1522310058250.jpg","datePublished":"2018-03-29T16:51:39+00:00","dateModified":"2018-03-29T16:52:12+00:00","breadcrumb":{"@id":"https:\/\/www.24gliwice.pl\/wiadomosci\/mzuk-rozpoczyna-prace-w-hali-przy-ul-sikorskiego\/#breadcrumb"},"inLanguage":"pl-PL","potentialAction":[{"@type":"ReadAction","target":["https:\/\/www.24gliwice.pl\/wiadomosci\/mzuk-rozpoczyna-prace-w-hali-przy-ul-sikorskiego\/"]}]},{"@type":"ImageObject","inLanguage":"pl-PL","@id":"https:\/\/www.24gliwice.pl\/wiadomosci\/mzuk-rozpoczyna-prace-w-hali-przy-ul-sikorskiego\/#primaryimage","url":"https:\/\/www.24gliwice.pl\/wiadomosci\/wp-content\/uploads\/2018\/03\/hala_1-e1522310058250.jpg","contentUrl":"https:\/\/www.24gliwice.pl\/wiadomosci\/wp-content\/uploads\/2018\/03\/hala_1-e1522310058250.jpg","width":810,"height":456},{"@type":"BreadcrumbList","@id":"https:\/\/www.24gliwice.pl\/wiadomosci\/mzuk-rozpoczyna-prace-w-hali-przy-ul-sikorskiego\/#breadcrumb","itemListElement":[{"@type":"ListItem","position":1,"name":"Strona g\u0142\u00f3wna","item":"https:\/\/www.24gliwice.pl\/wiadomosci\/"},{"@type":"ListItem","position":2,"name":"MZUK rozpoczyna prace w hali przy ul. Sikorskiego. W przysz\u0142ym roku zostanie wy\u0142\u0105czona z u\u017cytku"}]},{"@type":"WebSite","@id":"https:\/\/www.24gliwice.pl\/wiadomosci\/#website","url":"https:\/\/www.24gliwice.pl\/wiadomosci\/","name":"24GLIWICE - Portal Gliwice | codziennie nowe wiadomo\u015bci","description":"Portal Miejski Gliwice","publisher":{"@id":"https:\/\/www.24gliwice.pl\/wiadomosci\/#organization"},"potentialAction":[{"@type":"SearchAction","target":{"@type":"EntryPoint","urlTemplate":"https:\/\/www.24gliwice.pl\/wiadomosci\/?s={search_term_string}"},"query-input":{"@type":"PropertyValueSpecification","valueRequired":true,"valueName":"search_term_string"}}],"inLanguage":"pl-PL"},{"@type":"Organization","@id":"https:\/\/www.24gliwice.pl\/wiadomosci\/#organization","name":"24gliwice","url":"https:\/\/www.24gliwice.pl\/wiadomosci\/","logo":{"@type":"ImageObject","inLanguage":"pl-PL","@id":"https:\/\/www.24gliwice.pl\/wiadomosci\/#\/schema\/logo\/image\/","url":"https:\/\/www.24gliwice.pl\/wiadomosci\/wp-content\/uploads\/2024\/10\/24gliwice-logo-696.jpg","contentUrl":"https:\/\/www.24gliwice.pl\/wiadomosci\/wp-content\/uploads\/2024\/10\/24gliwice-logo-696.jpg","width":696,"height":696,"caption":"24gliwice"},"image":{"@id":"https:\/\/www.24gliwice.pl\/wiadomosci\/#\/schema\/logo\/image\/"},"sameAs":["https:\/\/www.facebook.com\/24gliwice","https:\/\/x.com\/24gliwice","https:\/\/www.youtube.com\/@24gliwice"]},{"@type":"Person","@id":"https:\/\/www.24gliwice.pl\/wiadomosci\/#\/schema\/person\/e42c650edd7f2fa332be3811fb166b6e","name":"\u017baneta Mrozek-Siewierska","image":{"@type":"ImageObject","inLanguage":"pl-PL","@id":"https:\/\/secure.gravatar.com\/avatar\/1881429e9c64597c77ad7aef2d0a19be69a3253e57534d16aa15bf3a4d34a0a3?s=96&d=mm&r=g","url":"https:\/\/secure.gravatar.com\/avatar\/1881429e9c64597c77ad7aef2d0a19be69a3253e57534d16aa15bf3a4d34a0a3?s=96&d=mm&r=g","contentUrl":"https:\/\/secure.gravatar.com\/avatar\/1881429e9c64597c77ad7aef2d0a19be69a3253e57534d16aa15bf3a4d34a0a3?s=96&d=mm&r=g","caption":"\u017baneta Mrozek-Siewierska"},"url":"https:\/\/www.24gliwice.pl\/wiadomosci\/author\/zms\/"}]}},"_links":{"self":[{"href":"https:\/\/www.24gliwice.pl\/wiadomosci\/wp-json\/wp\/v2\/posts\/114865","targetHints":{"allow":["GET"]}}],"collection":[{"href":"https:\/\/www.24gliwice.pl\/wiadomosci\/wp-json\/wp\/v2\/posts"}],"about":[{"href":"https:\/\/www.24gliwice.pl\/wiadomosci\/wp-json\/wp\/v2\/types\/post"}],"author":[{"embeddable":true,"href":"https:\/\/www.24gliwice.pl\/wiadomosci\/wp-json\/wp\/v2\/users\/15"}],"replies":[{"embeddable":true,"href":"https:\/\/www.24gliwice.pl\/wiadomosci\/wp-json\/wp\/v2\/comments?post=114865"}],"version-history":[{"count":0,"href":"https:\/\/www.24gliwice.pl\/wiadomosci\/wp-json\/wp\/v2\/posts\/114865\/revisions"}],"wp:featuredmedia":[{"embeddable":true,"href":"https:\/\/www.24gliwice.pl\/wiadomosci\/wp-json\/wp\/v2\/media\/114873"}],"wp:attachment":[{"href":"https:\/\/www.24gliwice.pl\/wiadomosci\/wp-json\/wp\/v2\/media?parent=114865"}],"wp:term":[{"taxonomy":"category","embeddable":true,"href":"https:\/\/www.24gliwice.pl\/wiadomosci\/wp-json\/wp\/v2\/categories?post=114865"},{"taxonomy":"post_tag","embeddable":true,"href":"https:\/\/www.24gliwice.pl\/wiadomosci\/wp-json\/wp\/v2\/tags?post=114865"}],"curies":[{"name":"wp","href":"https:\/\/api.w.org\/{rel}","templated":true}]}}