{"id":114968,"date":"2018-04-03T01:19:22","date_gmt":"2018-04-02T23:19:22","guid":{"rendered":"https:\/\/www.24gliwice.pl\/wiadomosci\/?p=114968"},"modified":"2018-04-03T01:22:44","modified_gmt":"2018-04-02T23:22:44","slug":"brunatne-krazki-zawieraja-oslabiony-wirus-wscieklizny-nie-wolno-ich-podnosic-z-ziemi","status":"publish","type":"post","link":"https:\/\/www.24gliwice.pl\/wiadomosci\/brunatne-krazki-zawieraja-oslabiony-wirus-wscieklizny-nie-wolno-ich-podnosic-z-ziemi\/","title":{"rendered":"Brunatne kr\u0105\u017cki zawieraj\u0105 os\u0142abiony wirus w\u015bcieklizny. Nie wolno ich podnosi\u0107 z ziemi"},"content":{"rendered":"<div class=\"gliwi-a6-nad-leadem-artykulow gliwi-entity-placement\" id=\"gliwi-3611407937\"><div class=\"gliwi-adlabel\"><span style=\"font-size: 9px\">REKLAMA<\/span><\/div><div id=\"gliwi-1793796238\" style=\"margin-bottom: 30px;margin-left: auto;margin-right: auto;text-align: center;\"><a data-no-instant=\"1\" href=\"https:\/\/przedszkole.halogen.org.pl\/\" rel=\"noopener\" class=\"a2t-link\" target=\"_blank\" aria-label=\"20260402-ANIMATOR-przedszkole_grafika_750x200\"><img loading=\"lazy\" decoding=\"async\" src=\"https:\/\/www.24gliwice.pl\/wiadomosci\/wp-content\/uploads\/2026\/04\/20260402-ANIMATOR-przedszkole_grafika_750x200.webp\" alt=\"\"  srcset=\"https:\/\/www.24gliwice.pl\/wiadomosci\/wp-content\/uploads\/2026\/04\/20260402-ANIMATOR-przedszkole_grafika_750x200.webp 750w, https:\/\/www.24gliwice.pl\/wiadomosci\/wp-content\/uploads\/2026\/04\/20260402-ANIMATOR-przedszkole_grafika_750x200-410x109.webp 410w\" sizes=\"(max-width: 750px) 100vw, 750px\" class=\"no-lazyload\" width=\"750\" height=\"200\"  style=\"display: inline-block; max-width: 100%; height: auto;\" \/><\/a><\/div><\/div><h3>Po \u015bwi\u0119tach rozpocznie si\u0119 akcja szczepienia lis\u00f3w przeciwko w\u015bciekli\u017anie. Trzeba uwa\u017ca\u0107 na brunatne kr\u0105\u017cki, kt\u00f3re b\u0119d\u0105 rozrzucane z samolot\u00f3w nad terenami zielonymi i lasami. <\/h3>\n<p>W terminie od 4 do 13 kwietnia 2018 roku na terenie ca\u0142ego wojew\u00f3dztwa \u015bl\u0105skiego prowadzona b\u0119dzie akcja szczepienia lis\u00f3w przeciwko w\u015bciekli\u017anie. Szczepionka zostanie wy\u0142o\u017cona w formie przyn\u0119ty, kt\u00f3ra b\u0119dzie mia\u0142a kszta\u0142t ma\u0142ych, brunatnych kr\u0105\u017ck\u00f3w o zapachu zepsutej ryby, wyczuwalnym przez lisy ju\u017c z odleg\u0142o\u015bci oko\u0142o 800 metr\u00f3w.<\/p>\n<p>\u015al\u0105ski Wojew\u00f3dzki Lekarz Weterynarii apeluje do mieszka\u0144c\u00f3w wojew\u00f3dztwa o niepodnoszenie szczepionek z ziemi. Znalezion\u0105 przyn\u0119t\u0119 nale\u017cy pozostawi\u0107 w danym miejscu. Jednocze\u015bnie przypomina, \u017ce przez dwa tygodnie po przeprowadzeniu akcji nie powinno si\u0119 wyprowadza\u0107 zwierz\u0105t domowych na tereny zielone. Podkre\u015bli\u0107 r\u00f3wnie\u017c nale\u017cy, \u017ce szczepionka nie jest przeznaczona dla zwierz\u0105t domowych oraz gospodarskich i nie dzia\u0142a na nie wystarczaj\u0105co skutecznie.<\/p><div class=\"gliwi-a3-w-tresci-artykulow gliwi-entity-placement\" id=\"gliwi-2467979148\"><div class=\"gliwi-adlabel\"><span style=\"font-size: 9px\">REKLAMA<\/span><\/div><div id=\"gliwi-1396819836\" style=\"margin-bottom: 30px;margin-left: auto;margin-right: auto;text-align: center;\"><a data-no-instant=\"1\" href=\"https:\/\/ogrodyandersa.pl\/\" rel=\"noopener\" class=\"a2t-link\" target=\"_blank\" aria-label=\"20260415 Ogrody Andersa KUP TERAZ D\"><img loading=\"lazy\" decoding=\"async\" src=\"https:\/\/www.24gliwice.pl\/wiadomosci\/wp-content\/uploads\/2026\/04\/20260415-Ogrody-Andersa-KUP-TERAZ-D.jpg\" alt=\"\"  srcset=\"https:\/\/www.24gliwice.pl\/wiadomosci\/wp-content\/uploads\/2026\/04\/20260415-Ogrody-Andersa-KUP-TERAZ-D.jpg 750w, https:\/\/www.24gliwice.pl\/wiadomosci\/wp-content\/uploads\/2026\/04\/20260415-Ogrody-Andersa-KUP-TERAZ-D-410x109.jpg 410w\" sizes=\"(max-width: 750px) 100vw, 750px\" class=\"no-lazyload\" width=\"750\" height=\"200\"  style=\"display: inline-block; max-width: 100%; height: auto;\" \/><\/a><\/div><\/div>\n<p>Szczepionka zostanie zrzucona przy u\u017cyciu samolot\u00f3w z wysoko\u015bci oko\u0142o 200 metr\u00f3w na obszarze ponad 10 tys. km2 powierzchni zielonych. Na terenie ca\u0142ego wojew\u00f3dztwa \u015bl\u0105skiego zostanie zrzuconych ponad 200 tysi\u0119cy dawek \u2013 nie tylko nad lasami, ale r\u00f3wnie\u017c nad pozosta\u0142ymi terenami zielonymi, takimi jak pola, \u0142\u0105ki czy ogr\u00f3dki dzia\u0142kowe. Szczepionka zostanie te\u017c wy\u0142o\u017cona m.in. w Wojew\u00f3dzkim Parku Kultury i Wypoczynku w Chorzowie (WPKiW).<\/p>\n[perfectpullquote align=&#8221;full&#8221; bordertop=&#8221;false&#8221; cite=&#8221;&#8221; link=&#8221;&#8221; color=&#8221;&#8221; class=&#8221;&#8221; size=&#8221;&#8221;]Sama przyn\u0119ta nie jest niebezpieczna dla cz\u0142owieka, jednak\u017ce nale\u017cy zachowa\u0107 ostro\u017cno\u015b\u0107, gdy\u017c szczepionka zawiera os\u0142abiony wirus w\u015bcieklizny. [\/perfectpullquote]\n<p>Dla zdrowia ludzkiego mo\u017ce stanowi\u0107 pewne niebezpiecze\u0144stwo w momencie niezachowania odpowiedniej ostro\u017cno\u015bci i niedostosowania si\u0119 do zalece\u0144. W przypadku kontaktu cz\u0142owieka z p\u0142ynn\u0105 zawarto\u015bci\u0105 kapsu\u0142ki, kt\u00f3ra znajduje si\u0119 we wn\u0119trzu przyn\u0119ty, nale\u017cy niezw\u0142ocznie umy\u0107 bie\u017c\u0105c\u0105 wod\u0105 z myd\u0142em r\u0119ce oraz wszystkie inne cz\u0119\u015bci cia\u0142a, kt\u00f3re zetkn\u0119\u0142y si\u0119 ze szczepionk\u0105. W takich przypadkach nale\u017cy natychmiast skonsultowa\u0107 si\u0119 z lekarzem, kt\u00f3ry zadecyduje o dalszym post\u0119powaniu.<\/p>\n<p>Wszelkich dodatkowych informacji w tej sprawie udziela\u0107 b\u0119d\u0105 pracownicy \u015al\u0105skiego Wojew\u00f3dzkiego Inspektoratu Weterynarii w Katowicach pod numerem telefonu:<strong> 32 42 88 615<\/strong>.<\/p>\n<p><img loading=\"lazy\" decoding=\"async\" src=\"https:\/\/www.24gliwice.pl\/wiadomosci\/wp-content\/uploads\/2018\/03\/lisz-szczepienie-810x455.jpeg\" alt=\"\" width=\"810\" height=\"455\" class=\"aligncenter size-large wp-image-114973\" \/><\/p>\n<p>Wprowadzenie akcji doustnego szczepienia lis\u00f3w przeciwko w\u015bciekli\u017anie sprawdzi\u0142o si\u0119 jako najskuteczniejsza metoda zwalczania w\u015bcieklizny w Europie. W latach 2011\u20132012 na terenie ca\u0142ego wojew\u00f3dztwa \u015bl\u0105skiego odnotowano po jednym przypadku w\u015bcieklizny, w latach 2013\u20132016 nie stwierdzono przypadk\u00f3w w\u015bcieklizny, natomiast w 2017 roku pojawi\u0142 si\u0119 jeden przypadek tej choroby.<\/p>\n<p>Wyk\u0142adanie szczepionek w wojew\u00f3dztwie \u015bl\u0105skim odbywa si\u0119 dwa razy w ci\u0105gu roku \u2013 wiosn\u0105 i jesieni\u0105. Wszelkie polowania w tym okresie s\u0105 zabronione. Akcja finansowana jest z rezerwy bud\u017cetu pa\u0144stwa oraz wsp\u00f3\u0142finansowana przez Uni\u0119 Europejsk\u0105.<\/p>\n<p>(\u017cms)\/UW Katowice<\/p>\n<div class=\"gliwi-a5-na-koncu-artykulow gliwi-entity-placement\" id=\"gliwi-2575424796\"><div class=\"gliwi-adlabel\"><span style=\"font-size: 9px\">REKLAMA<\/span><\/div><div id=\"gliwi-1863796456\" style=\"margin-left: auto;margin-right: auto;text-align: center;\"><a data-no-instant=\"1\" href=\"https:\/\/www.jasek.pl\/\" rel=\"noopener\" class=\"a2t-link\" target=\"_blank\" aria-label=\"20200401-jasek 600\"><img loading=\"lazy\" decoding=\"async\" src=\"https:\/\/www.24gliwice.pl\/wiadomosci\/wp-content\/uploads\/2020\/04\/20200401-jasek-600.jpg\" alt=\"\"  srcset=\"https:\/\/www.24gliwice.pl\/wiadomosci\/wp-content\/uploads\/2020\/04\/20200401-jasek-600.jpg 600w, https:\/\/www.24gliwice.pl\/wiadomosci\/wp-content\/uploads\/2020\/04\/20200401-jasek-600-410x109.jpg 410w\" sizes=\"(max-width: 600px) 100vw, 600px\" class=\"no-lazyload\" width=\"600\" height=\"160\"  style=\"display: inline-block; max-width: 100%; height: auto;\" \/><\/a><\/div><\/div>","protected":false},"excerpt":{"rendered":"<p>Po \u015bwi\u0119tach rozpocznie si\u0119 akcja szczepienia lis\u00f3w przeciwko w\u015bciekli\u017anie. Trzeba uwa\u017ca\u0107 na brunatne kr\u0105\u017cki, kt\u00f3re b\u0119d\u0105 rozrzucane z samolot\u00f3w nad terenami zielonymi i lasami. W terminie od 4 do 13 kwietnia 2018 roku na terenie ca\u0142ego wojew\u00f3dztwa \u015bl\u0105skiego prowadzona b\u0119dzie akcja szczepienia lis\u00f3w przeciwko w\u015bciekli\u017anie. Szczepionka zostanie wy\u0142o\u017cona w formie przyn\u0119ty, kt\u00f3ra b\u0119dzie mia\u0142a kszta\u0142t [&hellip;]<\/p>\n","protected":false},"author":15,"featured_media":115055,"comment_status":"open","ping_status":"closed","sticky":false,"template":"","format":"standard","meta":{"_monsterinsights_skip_tracking":false,"_monsterinsights_sitenote_active":false,"_monsterinsights_sitenote_note":"","_monsterinsights_sitenote_category":0,"footnotes":"","_links_to":"","_links_to_target":""},"categories":[3,1],"tags":[11099,11984,11852],"class_list":["post-114968","post","type-post","status-publish","format-standard","has-post-thumbnail","hentry","category-gliwice","category-wszystko","tag-szczepienie","tag-szczepienie-lisow","tag-tereny-zielone"],"yoast_head":"<!-- This site is optimized with the Yoast SEO plugin v27.5 - https:\/\/yoast.com\/product\/yoast-seo-wordpress\/ -->\n<title>Brunatne kr\u0105\u017cki zawieraj\u0105 os\u0142abiony wirus w\u015bcieklizny. Nie wolno ich podnosi\u0107 z ziemi - 24GLIWICE - Portal Gliwice | codziennie nowe informacje<\/title>\n<meta name=\"robots\" content=\"index, follow, max-snippet:-1, max-image-preview:large, max-video-preview:-1\" \/>\n<link rel=\"canonical\" href=\"https:\/\/www.24gliwice.pl\/wiadomosci\/brunatne-krazki-zawieraja-oslabiony-wirus-wscieklizny-nie-wolno-ich-podnosic-z-ziemi\/\" \/>\n<meta property=\"og:locale\" content=\"pl_PL\" \/>\n<meta property=\"og:type\" content=\"article\" \/>\n<meta property=\"og:title\" content=\"Brunatne kr\u0105\u017cki zawieraj\u0105 os\u0142abiony wirus w\u015bcieklizny. Nie wolno ich podnosi\u0107 z ziemi - 24GLIWICE - Portal Gliwice | codziennie nowe informacje\" \/>\n<meta property=\"og:description\" content=\"Po \u015bwi\u0119tach rozpocznie si\u0119 akcja szczepienia lis\u00f3w przeciwko w\u015bciekli\u017anie. Trzeba uwa\u017ca\u0107 na brunatne kr\u0105\u017cki, kt\u00f3re b\u0119d\u0105 rozrzucane z samolot\u00f3w nad terenami zielonymi i lasami. W terminie od 4 do 13 kwietnia 2018 roku na terenie ca\u0142ego wojew\u00f3dztwa \u015bl\u0105skiego prowadzona b\u0119dzie akcja szczepienia lis\u00f3w przeciwko w\u015bciekli\u017anie. Szczepionka zostanie wy\u0142o\u017cona w formie przyn\u0119ty, kt\u00f3ra b\u0119dzie mia\u0142a kszta\u0142t [&hellip;]\" \/>\n<meta property=\"og:url\" content=\"https:\/\/www.24gliwice.pl\/wiadomosci\/brunatne-krazki-zawieraja-oslabiony-wirus-wscieklizny-nie-wolno-ich-podnosic-z-ziemi\/\" \/>\n<meta property=\"og:site_name\" content=\"24GLIWICE - Portal Gliwice | codziennie nowe informacje\" \/>\n<meta property=\"article:publisher\" content=\"https:\/\/www.facebook.com\/24gliwice\" \/>\n<meta property=\"article:published_time\" content=\"2018-04-02T23:19:22+00:00\" \/>\n<meta property=\"article:modified_time\" content=\"2018-04-02T23:22:44+00:00\" \/>\n<meta property=\"og:image\" content=\"https:\/\/www.24gliwice.pl\/wiadomosci\/wp-content\/uploads\/2018\/03\/Screenshot_49.jpg\" \/>\n\t<meta property=\"og:image:width\" content=\"921\" \/>\n\t<meta property=\"og:image:height\" content=\"520\" \/>\n\t<meta property=\"og:image:type\" content=\"image\/jpeg\" \/>\n<meta name=\"author\" content=\"\u017baneta Mrozek-Siewierska\" \/>\n<meta name=\"twitter:card\" content=\"summary_large_image\" \/>\n<meta name=\"twitter:creator\" content=\"@24gliwice\" \/>\n<meta name=\"twitter:site\" content=\"@24gliwice\" \/>\n<meta name=\"twitter:label1\" content=\"Napisane przez\" \/>\n\t<meta name=\"twitter:data1\" content=\"\u017baneta Mrozek-Siewierska\" \/>\n\t<meta name=\"twitter:label2\" content=\"Szacowany czas czytania\" \/>\n\t<meta name=\"twitter:data2\" content=\"2 minuty\" \/>\n<script type=\"application\/ld+json\" class=\"yoast-schema-graph\">{\"@context\":\"https:\\\/\\\/schema.org\",\"@graph\":[{\"@type\":\"Article\",\"@id\":\"https:\\\/\\\/www.24gliwice.pl\\\/wiadomosci\\\/brunatne-krazki-zawieraja-oslabiony-wirus-wscieklizny-nie-wolno-ich-podnosic-z-ziemi\\\/#article\",\"isPartOf\":{\"@id\":\"https:\\\/\\\/www.24gliwice.pl\\\/wiadomosci\\\/brunatne-krazki-zawieraja-oslabiony-wirus-wscieklizny-nie-wolno-ich-podnosic-z-ziemi\\\/\"},\"author\":{\"name\":\"\u017baneta Mrozek-Siewierska\",\"@id\":\"https:\\\/\\\/www.24gliwice.pl\\\/wiadomosci\\\/#\\\/schema\\\/person\\\/e42c650edd7f2fa332be3811fb166b6e\"},\"headline\":\"Brunatne kr\u0105\u017cki zawieraj\u0105 os\u0142abiony wirus w\u015bcieklizny. Nie wolno ich podnosi\u0107 z ziemi\",\"datePublished\":\"2018-04-02T23:19:22+00:00\",\"dateModified\":\"2018-04-02T23:22:44+00:00\",\"mainEntityOfPage\":{\"@id\":\"https:\\\/\\\/www.24gliwice.pl\\\/wiadomosci\\\/brunatne-krazki-zawieraja-oslabiony-wirus-wscieklizny-nie-wolno-ich-podnosic-z-ziemi\\\/\"},\"wordCount\":500,\"commentCount\":0,\"publisher\":{\"@id\":\"https:\\\/\\\/www.24gliwice.pl\\\/wiadomosci\\\/#organization\"},\"image\":{\"@id\":\"https:\\\/\\\/www.24gliwice.pl\\\/wiadomosci\\\/brunatne-krazki-zawieraja-oslabiony-wirus-wscieklizny-nie-wolno-ich-podnosic-z-ziemi\\\/#primaryimage\"},\"thumbnailUrl\":\"https:\\\/\\\/www.24gliwice.pl\\\/wiadomosci\\\/wp-content\\\/uploads\\\/2018\\\/03\\\/Screenshot_49.jpg\",\"keywords\":[\"szczepienie\",\"szczepienie lis\u00f3w\",\"tereny zielone\"],\"articleSection\":[\"Gliwice\",\"Najnowsze wiadomo\u015bci\"],\"inLanguage\":\"pl-PL\",\"potentialAction\":[{\"@type\":\"CommentAction\",\"name\":\"Comment\",\"target\":[\"https:\\\/\\\/www.24gliwice.pl\\\/wiadomosci\\\/brunatne-krazki-zawieraja-oslabiony-wirus-wscieklizny-nie-wolno-ich-podnosic-z-ziemi\\\/#respond\"]}]},{\"@type\":\"WebPage\",\"@id\":\"https:\\\/\\\/www.24gliwice.pl\\\/wiadomosci\\\/brunatne-krazki-zawieraja-oslabiony-wirus-wscieklizny-nie-wolno-ich-podnosic-z-ziemi\\\/\",\"url\":\"https:\\\/\\\/www.24gliwice.pl\\\/wiadomosci\\\/brunatne-krazki-zawieraja-oslabiony-wirus-wscieklizny-nie-wolno-ich-podnosic-z-ziemi\\\/\",\"name\":\"Brunatne kr\u0105\u017cki zawieraj\u0105 os\u0142abiony wirus w\u015bcieklizny. Nie wolno ich podnosi\u0107 z ziemi - 24GLIWICE - Portal Gliwice | codziennie nowe informacje\",\"isPartOf\":{\"@id\":\"https:\\\/\\\/www.24gliwice.pl\\\/wiadomosci\\\/#website\"},\"primaryImageOfPage\":{\"@id\":\"https:\\\/\\\/www.24gliwice.pl\\\/wiadomosci\\\/brunatne-krazki-zawieraja-oslabiony-wirus-wscieklizny-nie-wolno-ich-podnosic-z-ziemi\\\/#primaryimage\"},\"image\":{\"@id\":\"https:\\\/\\\/www.24gliwice.pl\\\/wiadomosci\\\/brunatne-krazki-zawieraja-oslabiony-wirus-wscieklizny-nie-wolno-ich-podnosic-z-ziemi\\\/#primaryimage\"},\"thumbnailUrl\":\"https:\\\/\\\/www.24gliwice.pl\\\/wiadomosci\\\/wp-content\\\/uploads\\\/2018\\\/03\\\/Screenshot_49.jpg\",\"datePublished\":\"2018-04-02T23:19:22+00:00\",\"dateModified\":\"2018-04-02T23:22:44+00:00\",\"breadcrumb\":{\"@id\":\"https:\\\/\\\/www.24gliwice.pl\\\/wiadomosci\\\/brunatne-krazki-zawieraja-oslabiony-wirus-wscieklizny-nie-wolno-ich-podnosic-z-ziemi\\\/#breadcrumb\"},\"inLanguage\":\"pl-PL\",\"potentialAction\":[{\"@type\":\"ReadAction\",\"target\":[\"https:\\\/\\\/www.24gliwice.pl\\\/wiadomosci\\\/brunatne-krazki-zawieraja-oslabiony-wirus-wscieklizny-nie-wolno-ich-podnosic-z-ziemi\\\/\"]}]},{\"@type\":\"ImageObject\",\"inLanguage\":\"pl-PL\",\"@id\":\"https:\\\/\\\/www.24gliwice.pl\\\/wiadomosci\\\/brunatne-krazki-zawieraja-oslabiony-wirus-wscieklizny-nie-wolno-ich-podnosic-z-ziemi\\\/#primaryimage\",\"url\":\"https:\\\/\\\/www.24gliwice.pl\\\/wiadomosci\\\/wp-content\\\/uploads\\\/2018\\\/03\\\/Screenshot_49.jpg\",\"contentUrl\":\"https:\\\/\\\/www.24gliwice.pl\\\/wiadomosci\\\/wp-content\\\/uploads\\\/2018\\\/03\\\/Screenshot_49.jpg\",\"width\":921,\"height\":520},{\"@type\":\"BreadcrumbList\",\"@id\":\"https:\\\/\\\/www.24gliwice.pl\\\/wiadomosci\\\/brunatne-krazki-zawieraja-oslabiony-wirus-wscieklizny-nie-wolno-ich-podnosic-z-ziemi\\\/#breadcrumb\",\"itemListElement\":[{\"@type\":\"ListItem\",\"position\":1,\"name\":\"Strona g\u0142\u00f3wna\",\"item\":\"https:\\\/\\\/www.24gliwice.pl\\\/wiadomosci\\\/\"},{\"@type\":\"ListItem\",\"position\":2,\"name\":\"Brunatne kr\u0105\u017cki zawieraj\u0105 os\u0142abiony wirus w\u015bcieklizny. Nie wolno ich podnosi\u0107 z ziemi\"}]},{\"@type\":\"WebSite\",\"@id\":\"https:\\\/\\\/www.24gliwice.pl\\\/wiadomosci\\\/#website\",\"url\":\"https:\\\/\\\/www.24gliwice.pl\\\/wiadomosci\\\/\",\"name\":\"24GLIWICE - Portal Gliwice | codziennie nowe wiadomo\u015bci\",\"description\":\"Portal Miejski Gliwice\",\"publisher\":{\"@id\":\"https:\\\/\\\/www.24gliwice.pl\\\/wiadomosci\\\/#organization\"},\"potentialAction\":[{\"@type\":\"SearchAction\",\"target\":{\"@type\":\"EntryPoint\",\"urlTemplate\":\"https:\\\/\\\/www.24gliwice.pl\\\/wiadomosci\\\/?s={search_term_string}\"},\"query-input\":{\"@type\":\"PropertyValueSpecification\",\"valueRequired\":true,\"valueName\":\"search_term_string\"}}],\"inLanguage\":\"pl-PL\"},{\"@type\":\"Organization\",\"@id\":\"https:\\\/\\\/www.24gliwice.pl\\\/wiadomosci\\\/#organization\",\"name\":\"24gliwice\",\"url\":\"https:\\\/\\\/www.24gliwice.pl\\\/wiadomosci\\\/\",\"logo\":{\"@type\":\"ImageObject\",\"inLanguage\":\"pl-PL\",\"@id\":\"https:\\\/\\\/www.24gliwice.pl\\\/wiadomosci\\\/#\\\/schema\\\/logo\\\/image\\\/\",\"url\":\"https:\\\/\\\/www.24gliwice.pl\\\/wiadomosci\\\/wp-content\\\/uploads\\\/2024\\\/10\\\/24gliwice-logo-696.jpg\",\"contentUrl\":\"https:\\\/\\\/www.24gliwice.pl\\\/wiadomosci\\\/wp-content\\\/uploads\\\/2024\\\/10\\\/24gliwice-logo-696.jpg\",\"width\":696,\"height\":696,\"caption\":\"24gliwice\"},\"image\":{\"@id\":\"https:\\\/\\\/www.24gliwice.pl\\\/wiadomosci\\\/#\\\/schema\\\/logo\\\/image\\\/\"},\"sameAs\":[\"https:\\\/\\\/www.facebook.com\\\/24gliwice\",\"https:\\\/\\\/x.com\\\/24gliwice\",\"https:\\\/\\\/www.youtube.com\\\/@24gliwice\"]},{\"@type\":\"Person\",\"@id\":\"https:\\\/\\\/www.24gliwice.pl\\\/wiadomosci\\\/#\\\/schema\\\/person\\\/e42c650edd7f2fa332be3811fb166b6e\",\"name\":\"\u017baneta Mrozek-Siewierska\",\"image\":{\"@type\":\"ImageObject\",\"inLanguage\":\"pl-PL\",\"@id\":\"https:\\\/\\\/secure.gravatar.com\\\/avatar\\\/1881429e9c64597c77ad7aef2d0a19be69a3253e57534d16aa15bf3a4d34a0a3?s=96&d=mm&r=g\",\"url\":\"https:\\\/\\\/secure.gravatar.com\\\/avatar\\\/1881429e9c64597c77ad7aef2d0a19be69a3253e57534d16aa15bf3a4d34a0a3?s=96&d=mm&r=g\",\"contentUrl\":\"https:\\\/\\\/secure.gravatar.com\\\/avatar\\\/1881429e9c64597c77ad7aef2d0a19be69a3253e57534d16aa15bf3a4d34a0a3?s=96&d=mm&r=g\",\"caption\":\"\u017baneta Mrozek-Siewierska\"},\"url\":\"https:\\\/\\\/www.24gliwice.pl\\\/wiadomosci\\\/author\\\/zms\\\/\"}]}<\/script>\n<!-- \/ Yoast SEO plugin. -->","yoast_head_json":{"title":"Brunatne kr\u0105\u017cki zawieraj\u0105 os\u0142abiony wirus w\u015bcieklizny. Nie wolno ich podnosi\u0107 z ziemi - 24GLIWICE - Portal Gliwice | codziennie nowe informacje","robots":{"index":"index","follow":"follow","max-snippet":"max-snippet:-1","max-image-preview":"max-image-preview:large","max-video-preview":"max-video-preview:-1"},"canonical":"https:\/\/www.24gliwice.pl\/wiadomosci\/brunatne-krazki-zawieraja-oslabiony-wirus-wscieklizny-nie-wolno-ich-podnosic-z-ziemi\/","og_locale":"pl_PL","og_type":"article","og_title":"Brunatne kr\u0105\u017cki zawieraj\u0105 os\u0142abiony wirus w\u015bcieklizny. Nie wolno ich podnosi\u0107 z ziemi - 24GLIWICE - Portal Gliwice | codziennie nowe informacje","og_description":"Po \u015bwi\u0119tach rozpocznie si\u0119 akcja szczepienia lis\u00f3w przeciwko w\u015bciekli\u017anie. Trzeba uwa\u017ca\u0107 na brunatne kr\u0105\u017cki, kt\u00f3re b\u0119d\u0105 rozrzucane z samolot\u00f3w nad terenami zielonymi i lasami. W terminie od 4 do 13 kwietnia 2018 roku na terenie ca\u0142ego wojew\u00f3dztwa \u015bl\u0105skiego prowadzona b\u0119dzie akcja szczepienia lis\u00f3w przeciwko w\u015bciekli\u017anie. Szczepionka zostanie wy\u0142o\u017cona w formie przyn\u0119ty, kt\u00f3ra b\u0119dzie mia\u0142a kszta\u0142t [&hellip;]","og_url":"https:\/\/www.24gliwice.pl\/wiadomosci\/brunatne-krazki-zawieraja-oslabiony-wirus-wscieklizny-nie-wolno-ich-podnosic-z-ziemi\/","og_site_name":"24GLIWICE - Portal Gliwice | codziennie nowe informacje","article_publisher":"https:\/\/www.facebook.com\/24gliwice","article_published_time":"2018-04-02T23:19:22+00:00","article_modified_time":"2018-04-02T23:22:44+00:00","og_image":[{"width":921,"height":520,"url":"https:\/\/www.24gliwice.pl\/wiadomosci\/wp-content\/uploads\/2018\/03\/Screenshot_49.jpg","type":"image\/jpeg"}],"author":"\u017baneta Mrozek-Siewierska","twitter_card":"summary_large_image","twitter_creator":"@24gliwice","twitter_site":"@24gliwice","twitter_misc":{"Napisane przez":"\u017baneta Mrozek-Siewierska","Szacowany czas czytania":"2 minuty"},"schema":{"@context":"https:\/\/schema.org","@graph":[{"@type":"Article","@id":"https:\/\/www.24gliwice.pl\/wiadomosci\/brunatne-krazki-zawieraja-oslabiony-wirus-wscieklizny-nie-wolno-ich-podnosic-z-ziemi\/#article","isPartOf":{"@id":"https:\/\/www.24gliwice.pl\/wiadomosci\/brunatne-krazki-zawieraja-oslabiony-wirus-wscieklizny-nie-wolno-ich-podnosic-z-ziemi\/"},"author":{"name":"\u017baneta Mrozek-Siewierska","@id":"https:\/\/www.24gliwice.pl\/wiadomosci\/#\/schema\/person\/e42c650edd7f2fa332be3811fb166b6e"},"headline":"Brunatne kr\u0105\u017cki zawieraj\u0105 os\u0142abiony wirus w\u015bcieklizny. Nie wolno ich podnosi\u0107 z ziemi","datePublished":"2018-04-02T23:19:22+00:00","dateModified":"2018-04-02T23:22:44+00:00","mainEntityOfPage":{"@id":"https:\/\/www.24gliwice.pl\/wiadomosci\/brunatne-krazki-zawieraja-oslabiony-wirus-wscieklizny-nie-wolno-ich-podnosic-z-ziemi\/"},"wordCount":500,"commentCount":0,"publisher":{"@id":"https:\/\/www.24gliwice.pl\/wiadomosci\/#organization"},"image":{"@id":"https:\/\/www.24gliwice.pl\/wiadomosci\/brunatne-krazki-zawieraja-oslabiony-wirus-wscieklizny-nie-wolno-ich-podnosic-z-ziemi\/#primaryimage"},"thumbnailUrl":"https:\/\/www.24gliwice.pl\/wiadomosci\/wp-content\/uploads\/2018\/03\/Screenshot_49.jpg","keywords":["szczepienie","szczepienie lis\u00f3w","tereny zielone"],"articleSection":["Gliwice","Najnowsze wiadomo\u015bci"],"inLanguage":"pl-PL","potentialAction":[{"@type":"CommentAction","name":"Comment","target":["https:\/\/www.24gliwice.pl\/wiadomosci\/brunatne-krazki-zawieraja-oslabiony-wirus-wscieklizny-nie-wolno-ich-podnosic-z-ziemi\/#respond"]}]},{"@type":"WebPage","@id":"https:\/\/www.24gliwice.pl\/wiadomosci\/brunatne-krazki-zawieraja-oslabiony-wirus-wscieklizny-nie-wolno-ich-podnosic-z-ziemi\/","url":"https:\/\/www.24gliwice.pl\/wiadomosci\/brunatne-krazki-zawieraja-oslabiony-wirus-wscieklizny-nie-wolno-ich-podnosic-z-ziemi\/","name":"Brunatne kr\u0105\u017cki zawieraj\u0105 os\u0142abiony wirus w\u015bcieklizny. Nie wolno ich podnosi\u0107 z ziemi - 24GLIWICE - Portal Gliwice | codziennie nowe informacje","isPartOf":{"@id":"https:\/\/www.24gliwice.pl\/wiadomosci\/#website"},"primaryImageOfPage":{"@id":"https:\/\/www.24gliwice.pl\/wiadomosci\/brunatne-krazki-zawieraja-oslabiony-wirus-wscieklizny-nie-wolno-ich-podnosic-z-ziemi\/#primaryimage"},"image":{"@id":"https:\/\/www.24gliwice.pl\/wiadomosci\/brunatne-krazki-zawieraja-oslabiony-wirus-wscieklizny-nie-wolno-ich-podnosic-z-ziemi\/#primaryimage"},"thumbnailUrl":"https:\/\/www.24gliwice.pl\/wiadomosci\/wp-content\/uploads\/2018\/03\/Screenshot_49.jpg","datePublished":"2018-04-02T23:19:22+00:00","dateModified":"2018-04-02T23:22:44+00:00","breadcrumb":{"@id":"https:\/\/www.24gliwice.pl\/wiadomosci\/brunatne-krazki-zawieraja-oslabiony-wirus-wscieklizny-nie-wolno-ich-podnosic-z-ziemi\/#breadcrumb"},"inLanguage":"pl-PL","potentialAction":[{"@type":"ReadAction","target":["https:\/\/www.24gliwice.pl\/wiadomosci\/brunatne-krazki-zawieraja-oslabiony-wirus-wscieklizny-nie-wolno-ich-podnosic-z-ziemi\/"]}]},{"@type":"ImageObject","inLanguage":"pl-PL","@id":"https:\/\/www.24gliwice.pl\/wiadomosci\/brunatne-krazki-zawieraja-oslabiony-wirus-wscieklizny-nie-wolno-ich-podnosic-z-ziemi\/#primaryimage","url":"https:\/\/www.24gliwice.pl\/wiadomosci\/wp-content\/uploads\/2018\/03\/Screenshot_49.jpg","contentUrl":"https:\/\/www.24gliwice.pl\/wiadomosci\/wp-content\/uploads\/2018\/03\/Screenshot_49.jpg","width":921,"height":520},{"@type":"BreadcrumbList","@id":"https:\/\/www.24gliwice.pl\/wiadomosci\/brunatne-krazki-zawieraja-oslabiony-wirus-wscieklizny-nie-wolno-ich-podnosic-z-ziemi\/#breadcrumb","itemListElement":[{"@type":"ListItem","position":1,"name":"Strona g\u0142\u00f3wna","item":"https:\/\/www.24gliwice.pl\/wiadomosci\/"},{"@type":"ListItem","position":2,"name":"Brunatne kr\u0105\u017cki zawieraj\u0105 os\u0142abiony wirus w\u015bcieklizny. Nie wolno ich podnosi\u0107 z ziemi"}]},{"@type":"WebSite","@id":"https:\/\/www.24gliwice.pl\/wiadomosci\/#website","url":"https:\/\/www.24gliwice.pl\/wiadomosci\/","name":"24GLIWICE - Portal Gliwice | codziennie nowe wiadomo\u015bci","description":"Portal Miejski Gliwice","publisher":{"@id":"https:\/\/www.24gliwice.pl\/wiadomosci\/#organization"},"potentialAction":[{"@type":"SearchAction","target":{"@type":"EntryPoint","urlTemplate":"https:\/\/www.24gliwice.pl\/wiadomosci\/?s={search_term_string}"},"query-input":{"@type":"PropertyValueSpecification","valueRequired":true,"valueName":"search_term_string"}}],"inLanguage":"pl-PL"},{"@type":"Organization","@id":"https:\/\/www.24gliwice.pl\/wiadomosci\/#organization","name":"24gliwice","url":"https:\/\/www.24gliwice.pl\/wiadomosci\/","logo":{"@type":"ImageObject","inLanguage":"pl-PL","@id":"https:\/\/www.24gliwice.pl\/wiadomosci\/#\/schema\/logo\/image\/","url":"https:\/\/www.24gliwice.pl\/wiadomosci\/wp-content\/uploads\/2024\/10\/24gliwice-logo-696.jpg","contentUrl":"https:\/\/www.24gliwice.pl\/wiadomosci\/wp-content\/uploads\/2024\/10\/24gliwice-logo-696.jpg","width":696,"height":696,"caption":"24gliwice"},"image":{"@id":"https:\/\/www.24gliwice.pl\/wiadomosci\/#\/schema\/logo\/image\/"},"sameAs":["https:\/\/www.facebook.com\/24gliwice","https:\/\/x.com\/24gliwice","https:\/\/www.youtube.com\/@24gliwice"]},{"@type":"Person","@id":"https:\/\/www.24gliwice.pl\/wiadomosci\/#\/schema\/person\/e42c650edd7f2fa332be3811fb166b6e","name":"\u017baneta Mrozek-Siewierska","image":{"@type":"ImageObject","inLanguage":"pl-PL","@id":"https:\/\/secure.gravatar.com\/avatar\/1881429e9c64597c77ad7aef2d0a19be69a3253e57534d16aa15bf3a4d34a0a3?s=96&d=mm&r=g","url":"https:\/\/secure.gravatar.com\/avatar\/1881429e9c64597c77ad7aef2d0a19be69a3253e57534d16aa15bf3a4d34a0a3?s=96&d=mm&r=g","contentUrl":"https:\/\/secure.gravatar.com\/avatar\/1881429e9c64597c77ad7aef2d0a19be69a3253e57534d16aa15bf3a4d34a0a3?s=96&d=mm&r=g","caption":"\u017baneta Mrozek-Siewierska"},"url":"https:\/\/www.24gliwice.pl\/wiadomosci\/author\/zms\/"}]}},"_links":{"self":[{"href":"https:\/\/www.24gliwice.pl\/wiadomosci\/wp-json\/wp\/v2\/posts\/114968","targetHints":{"allow":["GET"]}}],"collection":[{"href":"https:\/\/www.24gliwice.pl\/wiadomosci\/wp-json\/wp\/v2\/posts"}],"about":[{"href":"https:\/\/www.24gliwice.pl\/wiadomosci\/wp-json\/wp\/v2\/types\/post"}],"author":[{"embeddable":true,"href":"https:\/\/www.24gliwice.pl\/wiadomosci\/wp-json\/wp\/v2\/users\/15"}],"replies":[{"embeddable":true,"href":"https:\/\/www.24gliwice.pl\/wiadomosci\/wp-json\/wp\/v2\/comments?post=114968"}],"version-history":[{"count":0,"href":"https:\/\/www.24gliwice.pl\/wiadomosci\/wp-json\/wp\/v2\/posts\/114968\/revisions"}],"wp:featuredmedia":[{"embeddable":true,"href":"https:\/\/www.24gliwice.pl\/wiadomosci\/wp-json\/wp\/v2\/media\/115055"}],"wp:attachment":[{"href":"https:\/\/www.24gliwice.pl\/wiadomosci\/wp-json\/wp\/v2\/media?parent=114968"}],"wp:term":[{"taxonomy":"category","embeddable":true,"href":"https:\/\/www.24gliwice.pl\/wiadomosci\/wp-json\/wp\/v2\/categories?post=114968"},{"taxonomy":"post_tag","embeddable":true,"href":"https:\/\/www.24gliwice.pl\/wiadomosci\/wp-json\/wp\/v2\/tags?post=114968"}],"curies":[{"name":"wp","href":"https:\/\/api.w.org\/{rel}","templated":true}]}}