{"id":114974,"date":"2018-04-01T01:19:59","date_gmt":"2018-03-31T23:19:59","guid":{"rendered":"https:\/\/www.24gliwice.pl\/wiadomosci\/?p=114974"},"modified":"2018-04-01T01:19:59","modified_gmt":"2018-03-31T23:19:59","slug":"radiostacja-bedzie-podswietlona-na-niebiesko","status":"publish","type":"post","link":"https:\/\/www.24gliwice.pl\/wiadomosci\/radiostacja-bedzie-podswietlona-na-niebiesko\/","title":{"rendered":"Radiostacja pod\u015bwietlona na niebiesko. To dla chorych, kt\u00f3rzy ze swoj\u0105 przypad\u0142o\u015bci\u0105 \u017cyj\u0105 ca\u0142e \u017cycie"},"content":{"rendered":"<div class=\"gliwi-a6-nad-leadem-artykulow gliwi-entity-placement\" id=\"gliwi-3375117143\"><div class=\"gliwi-adlabel\"><span style=\"font-size: 9px\">REKLAMA<\/span><\/div><div id=\"gliwi-237045692\" style=\"margin-bottom: 25px;margin-left: auto;margin-right: auto;text-align: center;\"><a data-no-instant=\"1\" href=\"https:\/\/dom100.eu\/\" rel=\"noopener\" class=\"a2t-link\" target=\"_blank\" aria-label=\"20260415 DOM100 D\"><img loading=\"lazy\" decoding=\"async\" src=\"https:\/\/www.24gliwice.pl\/wiadomosci\/wp-content\/uploads\/2026\/04\/20260415-DOM100-D.jpg\" alt=\"\"  srcset=\"https:\/\/www.24gliwice.pl\/wiadomosci\/wp-content\/uploads\/2026\/04\/20260415-DOM100-D.jpg 750w, https:\/\/www.24gliwice.pl\/wiadomosci\/wp-content\/uploads\/2026\/04\/20260415-DOM100-D-410x109.jpg 410w\" sizes=\"(max-width: 750px) 100vw, 750px\" class=\"no-lazyload\" width=\"750\" height=\"200\"  style=\"display: inline-block; max-width: 100%; height: auto;\" \/><\/a><\/div><\/div><h3>2 kwietnia obchodzony jest \u015awiatowy Dzie\u0144 \u015awiadomo\u015bci Autyzmu. Z tej okazji, po raz kolejny, Fundacja JiM realizuje og\u00f3lnopolsk\u0105 akcj\u0119 \u201ePolska Na Niebiesko\u201d, w kt\u00f3r\u0105 zaanga\u017cowane s\u0105 tak\u017ce Gliwice.<\/h3>\n<p>Od 1 do 3 kwietnia gliwicka Radiostacja b\u0119dzie pod\u015bwietlona na niebiesko. R\u00f3wnie\u017c Palmiarnia Miejska zostanie w\u0142\u0105czona w t\u0105 akcj\u0119. B\u0142\u0119kitn\u0105 iluminacj\u0119 b\u0119dzie mo\u017cna zobaczy\u0107 2 kwietnia. Wszystko po to, by przybli\u017cy\u0107 Polakom temat autyzmu i zmieni\u0107 postawy mieszka\u0144c\u00f3w naszego kraju.<\/p>\n<p>Celem tegorocznej edycji akcji, realizowanej pod has\u0142em \u201eAutyzm. Na ca\u0142e \u017cycie\u201d jest u\u015bwiadamianie odbiorc\u00f3w, \u017ce osoby z autyzmem \u017cyj\u0105 z nim do ko\u0144ca. To nie choroba, kt\u00f3r\u0105 si\u0119 leczy, czy stan przej\u015bciowy. Dlatego Fundacja JiM w ramach akcji \u201ePolska Na Niebiesko\u201d pragnie zmienia\u0107 \u015bwiadomo\u015b\u0107 Polak\u00f3w, t\u0142umaczy\u0107 czym, tak naprawd\u0119 jest autyzm i jak mo\u017cna pom\u00f3c osobom z tym zaburzeniem.<\/p><div class=\"gliwi-a3-w-tresci-artykulow gliwi-entity-placement\" id=\"gliwi-4155976442\"><div class=\"gliwi-adlabel\"><span style=\"font-size: 9px\">REKLAMA<\/span><\/div><div id=\"gliwi-3999640213\" style=\"margin-bottom: 30px;margin-left: auto;margin-right: auto;text-align: center;\"><a data-no-instant=\"1\" href=\"https:\/\/zlobek.halogen.org.pl\/\" rel=\"noopener\" class=\"a2t-link\" target=\"_blank\" aria-label=\"animator-zlobek_750x200\"><img loading=\"lazy\" decoding=\"async\" src=\"https:\/\/www.24gliwice.pl\/wiadomosci\/wp-content\/uploads\/2026\/02\/animator-zlobek_750x200.webp\" alt=\"\"  srcset=\"https:\/\/www.24gliwice.pl\/wiadomosci\/wp-content\/uploads\/2026\/02\/animator-zlobek_750x200.webp 750w, https:\/\/www.24gliwice.pl\/wiadomosci\/wp-content\/uploads\/2026\/02\/animator-zlobek_750x200-410x109.webp 410w\" sizes=\"(max-width: 750px) 100vw, 750px\" class=\"no-lazyload\" width=\"750\" height=\"200\"  style=\"display: inline-block; max-width: 100%; height: auto;\" \/><\/a><\/div><\/div>\n[perfectpullquote align=&#8221;full&#8221; bordertop=&#8221;false&#8221; cite=&#8221;&#8221; link=&#8221;&#8221; color=&#8221;&#8221; class=&#8221;&#8221; size=&#8221;&#8221;]Kluczowym elementem akcji jest spot, kt\u00f3ry ma uwra\u017cliwi\u0107 odbiorc\u00f3w na problem spo\u0142eczny zwi\u0105zany z autyzmem. [\/perfectpullquote]\n<p>Przedstawia histori\u0119 <strong>Emila<\/strong>, osiemnastoletniego ch\u0142opaka, kt\u00f3rym Fundacja JiM opiekuje si\u0119 od kilku lat. Emil wkr\u00f3tce sko\u0144czy szko\u0142\u0119, nie wiadomo co b\u0119dzie potem. Jego rodzina to tylko jedna z tysi\u0119cy innych potrzebuj\u0105cych pomocy.<\/p>\n<p><iframe loading=\"lazy\" width=\"810\" height=\"455\" src=\"https:\/\/www.youtube.com\/embed\/uJD8REUQJLU\" frameborder=\"0\" allow=\"autoplay; encrypted-media\" allowfullscreen><\/iframe><\/p>\n<p>Im wi\u0119cej os\u00f3b przy\u0142\u0105czy si\u0119 do akcji, tym wi\u0119ksz\u0105 si\u0142\u0119 b\u0119d\u0105 mia\u0142y realizowane dzia\u0142ania. Mocniejszy wyd\u017awi\u0119k wp\u0142ynie pozytywnie na \u015bwiadomo\u015b\u0107 spo\u0142ecze\u0144stwa o autyzmie, a to znacz\u0105co podniesie jako\u015b\u0107 \u017cycia os\u00f3b z tym zaburzeniem. Dlatego dzia\u0142ania Polak\u00f3w nie s\u0105 oboj\u0119tne i to od nas zale\u017cy, czy Polska faktycznie b\u0119dzie Na Niebiesko.<\/p>\n<p>(\u017cms)\/Fundacja JiM<\/p>\n<div class=\"gliwi-a5-na-koncu-artykulow gliwi-entity-placement\" id=\"gliwi-3151840514\"><div class=\"gliwi-adlabel\"><span style=\"font-size: 9px\">REKLAMA<\/span><\/div><div id=\"gliwi-3673316637\" style=\"margin-left: auto;margin-right: auto;text-align: center;\"><a data-no-instant=\"1\" href=\"https:\/\/prezeroarenagliwice.pl\/\" rel=\"noopener\" class=\"a2t-link\" target=\"_blank\" aria-label=\"20260309-PREZERO-WIOSNA-D\"><img loading=\"lazy\" decoding=\"async\" src=\"https:\/\/www.24gliwice.pl\/wiadomosci\/wp-content\/uploads\/2026\/03\/20260309-PREZERO-WIOSNA-D.webp\" alt=\"\"  srcset=\"https:\/\/www.24gliwice.pl\/wiadomosci\/wp-content\/uploads\/2026\/03\/20260309-PREZERO-WIOSNA-D.webp 750w, https:\/\/www.24gliwice.pl\/wiadomosci\/wp-content\/uploads\/2026\/03\/20260309-PREZERO-WIOSNA-D-410x109.webp 410w\" sizes=\"(max-width: 750px) 100vw, 750px\" class=\"no-lazyload\" width=\"750\" height=\"200\"  style=\"display: inline-block; max-width: 100%; height: auto;\" \/><\/a><\/div><\/div>","protected":false},"excerpt":{"rendered":"<p>2 kwietnia obchodzony jest \u015awiatowy Dzie\u0144 \u015awiadomo\u015bci Autyzmu. Z tej okazji, po raz kolejny, Fundacja JiM realizuje og\u00f3lnopolsk\u0105 akcj\u0119 \u201ePolska Na Niebiesko\u201d, w kt\u00f3r\u0105 zaanga\u017cowane s\u0105 tak\u017ce Gliwice. Od 1 do 3 kwietnia gliwicka Radiostacja b\u0119dzie pod\u015bwietlona na niebiesko. R\u00f3wnie\u017c Palmiarnia Miejska zostanie w\u0142\u0105czona w t\u0105 akcj\u0119. B\u0142\u0119kitn\u0105 iluminacj\u0119 b\u0119dzie mo\u017cna zobaczy\u0107 2 kwietnia. Wszystko [&hellip;]<\/p>\n","protected":false},"author":15,"featured_media":96293,"comment_status":"open","ping_status":"closed","sticky":false,"template":"","format":"standard","meta":{"_monsterinsights_skip_tracking":false,"_monsterinsights_sitenote_active":false,"_monsterinsights_sitenote_note":"","_monsterinsights_sitenote_category":0,"footnotes":"","_links_to":"","_links_to_target":""},"categories":[3,1],"tags":[8948,6979,8945],"class_list":["post-114974","post","type-post","status-publish","format-standard","has-post-thumbnail","hentry","category-gliwice","category-wszystko","tag-autyzm","tag-palmiarnia","tag-polska-na-niebiesko"],"yoast_head":"<!-- This site is optimized with the Yoast SEO plugin v27.5 - https:\/\/yoast.com\/product\/yoast-seo-wordpress\/ -->\n<title>Radiostacja pod\u015bwietlona na niebiesko. To dla chorych, kt\u00f3rzy ze swoj\u0105 przypad\u0142o\u015bci\u0105 \u017cyj\u0105 ca\u0142e \u017cycie - 24GLIWICE - Portal Gliwice | codziennie nowe informacje<\/title>\n<meta name=\"robots\" content=\"index, follow, max-snippet:-1, max-image-preview:large, max-video-preview:-1\" \/>\n<link rel=\"canonical\" href=\"https:\/\/www.24gliwice.pl\/wiadomosci\/radiostacja-bedzie-podswietlona-na-niebiesko\/\" \/>\n<meta property=\"og:locale\" content=\"pl_PL\" \/>\n<meta property=\"og:type\" content=\"article\" \/>\n<meta property=\"og:title\" content=\"Radiostacja pod\u015bwietlona na niebiesko. To dla chorych, kt\u00f3rzy ze swoj\u0105 przypad\u0142o\u015bci\u0105 \u017cyj\u0105 ca\u0142e \u017cycie - 24GLIWICE - Portal Gliwice | codziennie nowe informacje\" \/>\n<meta property=\"og:description\" content=\"2 kwietnia obchodzony jest \u015awiatowy Dzie\u0144 \u015awiadomo\u015bci Autyzmu. Z tej okazji, po raz kolejny, Fundacja JiM realizuje og\u00f3lnopolsk\u0105 akcj\u0119 \u201ePolska Na Niebiesko\u201d, w kt\u00f3r\u0105 zaanga\u017cowane s\u0105 tak\u017ce Gliwice. Od 1 do 3 kwietnia gliwicka Radiostacja b\u0119dzie pod\u015bwietlona na niebiesko. R\u00f3wnie\u017c Palmiarnia Miejska zostanie w\u0142\u0105czona w t\u0105 akcj\u0119. B\u0142\u0119kitn\u0105 iluminacj\u0119 b\u0119dzie mo\u017cna zobaczy\u0107 2 kwietnia. Wszystko [&hellip;]\" \/>\n<meta property=\"og:url\" content=\"https:\/\/www.24gliwice.pl\/wiadomosci\/radiostacja-bedzie-podswietlona-na-niebiesko\/\" \/>\n<meta property=\"og:site_name\" content=\"24GLIWICE - Portal Gliwice | codziennie nowe informacje\" \/>\n<meta property=\"article:publisher\" content=\"https:\/\/www.facebook.com\/24gliwice\" \/>\n<meta property=\"article:published_time\" content=\"2018-03-31T23:19:59+00:00\" \/>\n<meta property=\"og:image\" content=\"https:\/\/www.24gliwice.pl\/wiadomosci\/wp-content\/uploads\/2017\/03\/radiostacja-turkus.jpg\" \/>\n\t<meta property=\"og:image:width\" content=\"810\" \/>\n\t<meta property=\"og:image:height\" content=\"455\" \/>\n\t<meta property=\"og:image:type\" content=\"image\/jpeg\" \/>\n<meta name=\"author\" content=\"\u017baneta Mrozek-Siewierska\" \/>\n<meta name=\"twitter:card\" content=\"summary_large_image\" \/>\n<meta name=\"twitter:creator\" content=\"@24gliwice\" \/>\n<meta name=\"twitter:site\" content=\"@24gliwice\" \/>\n<meta name=\"twitter:label1\" content=\"Napisane przez\" \/>\n\t<meta name=\"twitter:data1\" content=\"\u017baneta Mrozek-Siewierska\" \/>\n\t<meta name=\"twitter:label2\" content=\"Szacowany czas czytania\" \/>\n\t<meta name=\"twitter:data2\" content=\"1 minuta\" \/>\n<script type=\"application\/ld+json\" class=\"yoast-schema-graph\">{\"@context\":\"https:\\\/\\\/schema.org\",\"@graph\":[{\"@type\":\"Article\",\"@id\":\"https:\\\/\\\/www.24gliwice.pl\\\/wiadomosci\\\/radiostacja-bedzie-podswietlona-na-niebiesko\\\/#article\",\"isPartOf\":{\"@id\":\"https:\\\/\\\/www.24gliwice.pl\\\/wiadomosci\\\/radiostacja-bedzie-podswietlona-na-niebiesko\\\/\"},\"author\":{\"name\":\"\u017baneta Mrozek-Siewierska\",\"@id\":\"https:\\\/\\\/www.24gliwice.pl\\\/wiadomosci\\\/#\\\/schema\\\/person\\\/e42c650edd7f2fa332be3811fb166b6e\"},\"headline\":\"Radiostacja pod\u015bwietlona na niebiesko. To dla chorych, kt\u00f3rzy ze swoj\u0105 przypad\u0142o\u015bci\u0105 \u017cyj\u0105 ca\u0142e \u017cycie\",\"datePublished\":\"2018-03-31T23:19:59+00:00\",\"mainEntityOfPage\":{\"@id\":\"https:\\\/\\\/www.24gliwice.pl\\\/wiadomosci\\\/radiostacja-bedzie-podswietlona-na-niebiesko\\\/\"},\"wordCount\":310,\"commentCount\":0,\"publisher\":{\"@id\":\"https:\\\/\\\/www.24gliwice.pl\\\/wiadomosci\\\/#organization\"},\"image\":{\"@id\":\"https:\\\/\\\/www.24gliwice.pl\\\/wiadomosci\\\/radiostacja-bedzie-podswietlona-na-niebiesko\\\/#primaryimage\"},\"thumbnailUrl\":\"https:\\\/\\\/www.24gliwice.pl\\\/wiadomosci\\\/wp-content\\\/uploads\\\/2017\\\/03\\\/radiostacja-turkus.jpg\",\"keywords\":[\"autyzm\",\"PALMIARNIA\",\"polska na niebiesko\"],\"articleSection\":[\"Gliwice\",\"Najnowsze wiadomo\u015bci\"],\"inLanguage\":\"pl-PL\",\"potentialAction\":[{\"@type\":\"CommentAction\",\"name\":\"Comment\",\"target\":[\"https:\\\/\\\/www.24gliwice.pl\\\/wiadomosci\\\/radiostacja-bedzie-podswietlona-na-niebiesko\\\/#respond\"]}]},{\"@type\":\"WebPage\",\"@id\":\"https:\\\/\\\/www.24gliwice.pl\\\/wiadomosci\\\/radiostacja-bedzie-podswietlona-na-niebiesko\\\/\",\"url\":\"https:\\\/\\\/www.24gliwice.pl\\\/wiadomosci\\\/radiostacja-bedzie-podswietlona-na-niebiesko\\\/\",\"name\":\"Radiostacja pod\u015bwietlona na niebiesko. To dla chorych, kt\u00f3rzy ze swoj\u0105 przypad\u0142o\u015bci\u0105 \u017cyj\u0105 ca\u0142e \u017cycie - 24GLIWICE - Portal Gliwice | codziennie nowe informacje\",\"isPartOf\":{\"@id\":\"https:\\\/\\\/www.24gliwice.pl\\\/wiadomosci\\\/#website\"},\"primaryImageOfPage\":{\"@id\":\"https:\\\/\\\/www.24gliwice.pl\\\/wiadomosci\\\/radiostacja-bedzie-podswietlona-na-niebiesko\\\/#primaryimage\"},\"image\":{\"@id\":\"https:\\\/\\\/www.24gliwice.pl\\\/wiadomosci\\\/radiostacja-bedzie-podswietlona-na-niebiesko\\\/#primaryimage\"},\"thumbnailUrl\":\"https:\\\/\\\/www.24gliwice.pl\\\/wiadomosci\\\/wp-content\\\/uploads\\\/2017\\\/03\\\/radiostacja-turkus.jpg\",\"datePublished\":\"2018-03-31T23:19:59+00:00\",\"breadcrumb\":{\"@id\":\"https:\\\/\\\/www.24gliwice.pl\\\/wiadomosci\\\/radiostacja-bedzie-podswietlona-na-niebiesko\\\/#breadcrumb\"},\"inLanguage\":\"pl-PL\",\"potentialAction\":[{\"@type\":\"ReadAction\",\"target\":[\"https:\\\/\\\/www.24gliwice.pl\\\/wiadomosci\\\/radiostacja-bedzie-podswietlona-na-niebiesko\\\/\"]}]},{\"@type\":\"ImageObject\",\"inLanguage\":\"pl-PL\",\"@id\":\"https:\\\/\\\/www.24gliwice.pl\\\/wiadomosci\\\/radiostacja-bedzie-podswietlona-na-niebiesko\\\/#primaryimage\",\"url\":\"https:\\\/\\\/www.24gliwice.pl\\\/wiadomosci\\\/wp-content\\\/uploads\\\/2017\\\/03\\\/radiostacja-turkus.jpg\",\"contentUrl\":\"https:\\\/\\\/www.24gliwice.pl\\\/wiadomosci\\\/wp-content\\\/uploads\\\/2017\\\/03\\\/radiostacja-turkus.jpg\",\"width\":810,\"height\":455},{\"@type\":\"BreadcrumbList\",\"@id\":\"https:\\\/\\\/www.24gliwice.pl\\\/wiadomosci\\\/radiostacja-bedzie-podswietlona-na-niebiesko\\\/#breadcrumb\",\"itemListElement\":[{\"@type\":\"ListItem\",\"position\":1,\"name\":\"Strona g\u0142\u00f3wna\",\"item\":\"https:\\\/\\\/www.24gliwice.pl\\\/wiadomosci\\\/\"},{\"@type\":\"ListItem\",\"position\":2,\"name\":\"Radiostacja pod\u015bwietlona na niebiesko. To dla chorych, kt\u00f3rzy ze swoj\u0105 przypad\u0142o\u015bci\u0105 \u017cyj\u0105 ca\u0142e \u017cycie\"}]},{\"@type\":\"WebSite\",\"@id\":\"https:\\\/\\\/www.24gliwice.pl\\\/wiadomosci\\\/#website\",\"url\":\"https:\\\/\\\/www.24gliwice.pl\\\/wiadomosci\\\/\",\"name\":\"24GLIWICE - Portal Gliwice | codziennie nowe wiadomo\u015bci\",\"description\":\"Portal Miejski Gliwice\",\"publisher\":{\"@id\":\"https:\\\/\\\/www.24gliwice.pl\\\/wiadomosci\\\/#organization\"},\"potentialAction\":[{\"@type\":\"SearchAction\",\"target\":{\"@type\":\"EntryPoint\",\"urlTemplate\":\"https:\\\/\\\/www.24gliwice.pl\\\/wiadomosci\\\/?s={search_term_string}\"},\"query-input\":{\"@type\":\"PropertyValueSpecification\",\"valueRequired\":true,\"valueName\":\"search_term_string\"}}],\"inLanguage\":\"pl-PL\"},{\"@type\":\"Organization\",\"@id\":\"https:\\\/\\\/www.24gliwice.pl\\\/wiadomosci\\\/#organization\",\"name\":\"24gliwice\",\"url\":\"https:\\\/\\\/www.24gliwice.pl\\\/wiadomosci\\\/\",\"logo\":{\"@type\":\"ImageObject\",\"inLanguage\":\"pl-PL\",\"@id\":\"https:\\\/\\\/www.24gliwice.pl\\\/wiadomosci\\\/#\\\/schema\\\/logo\\\/image\\\/\",\"url\":\"https:\\\/\\\/www.24gliwice.pl\\\/wiadomosci\\\/wp-content\\\/uploads\\\/2024\\\/10\\\/24gliwice-logo-696.jpg\",\"contentUrl\":\"https:\\\/\\\/www.24gliwice.pl\\\/wiadomosci\\\/wp-content\\\/uploads\\\/2024\\\/10\\\/24gliwice-logo-696.jpg\",\"width\":696,\"height\":696,\"caption\":\"24gliwice\"},\"image\":{\"@id\":\"https:\\\/\\\/www.24gliwice.pl\\\/wiadomosci\\\/#\\\/schema\\\/logo\\\/image\\\/\"},\"sameAs\":[\"https:\\\/\\\/www.facebook.com\\\/24gliwice\",\"https:\\\/\\\/x.com\\\/24gliwice\",\"https:\\\/\\\/www.youtube.com\\\/@24gliwice\"]},{\"@type\":\"Person\",\"@id\":\"https:\\\/\\\/www.24gliwice.pl\\\/wiadomosci\\\/#\\\/schema\\\/person\\\/e42c650edd7f2fa332be3811fb166b6e\",\"name\":\"\u017baneta Mrozek-Siewierska\",\"image\":{\"@type\":\"ImageObject\",\"inLanguage\":\"pl-PL\",\"@id\":\"https:\\\/\\\/secure.gravatar.com\\\/avatar\\\/1881429e9c64597c77ad7aef2d0a19be69a3253e57534d16aa15bf3a4d34a0a3?s=96&d=mm&r=g\",\"url\":\"https:\\\/\\\/secure.gravatar.com\\\/avatar\\\/1881429e9c64597c77ad7aef2d0a19be69a3253e57534d16aa15bf3a4d34a0a3?s=96&d=mm&r=g\",\"contentUrl\":\"https:\\\/\\\/secure.gravatar.com\\\/avatar\\\/1881429e9c64597c77ad7aef2d0a19be69a3253e57534d16aa15bf3a4d34a0a3?s=96&d=mm&r=g\",\"caption\":\"\u017baneta Mrozek-Siewierska\"},\"url\":\"https:\\\/\\\/www.24gliwice.pl\\\/wiadomosci\\\/author\\\/zms\\\/\"}]}<\/script>\n<!-- \/ Yoast SEO plugin. -->","yoast_head_json":{"title":"Radiostacja pod\u015bwietlona na niebiesko. To dla chorych, kt\u00f3rzy ze swoj\u0105 przypad\u0142o\u015bci\u0105 \u017cyj\u0105 ca\u0142e \u017cycie - 24GLIWICE - Portal Gliwice | codziennie nowe informacje","robots":{"index":"index","follow":"follow","max-snippet":"max-snippet:-1","max-image-preview":"max-image-preview:large","max-video-preview":"max-video-preview:-1"},"canonical":"https:\/\/www.24gliwice.pl\/wiadomosci\/radiostacja-bedzie-podswietlona-na-niebiesko\/","og_locale":"pl_PL","og_type":"article","og_title":"Radiostacja pod\u015bwietlona na niebiesko. To dla chorych, kt\u00f3rzy ze swoj\u0105 przypad\u0142o\u015bci\u0105 \u017cyj\u0105 ca\u0142e \u017cycie - 24GLIWICE - Portal Gliwice | codziennie nowe informacje","og_description":"2 kwietnia obchodzony jest \u015awiatowy Dzie\u0144 \u015awiadomo\u015bci Autyzmu. Z tej okazji, po raz kolejny, Fundacja JiM realizuje og\u00f3lnopolsk\u0105 akcj\u0119 \u201ePolska Na Niebiesko\u201d, w kt\u00f3r\u0105 zaanga\u017cowane s\u0105 tak\u017ce Gliwice. Od 1 do 3 kwietnia gliwicka Radiostacja b\u0119dzie pod\u015bwietlona na niebiesko. R\u00f3wnie\u017c Palmiarnia Miejska zostanie w\u0142\u0105czona w t\u0105 akcj\u0119. B\u0142\u0119kitn\u0105 iluminacj\u0119 b\u0119dzie mo\u017cna zobaczy\u0107 2 kwietnia. Wszystko [&hellip;]","og_url":"https:\/\/www.24gliwice.pl\/wiadomosci\/radiostacja-bedzie-podswietlona-na-niebiesko\/","og_site_name":"24GLIWICE - Portal Gliwice | codziennie nowe informacje","article_publisher":"https:\/\/www.facebook.com\/24gliwice","article_published_time":"2018-03-31T23:19:59+00:00","og_image":[{"width":810,"height":455,"url":"https:\/\/www.24gliwice.pl\/wiadomosci\/wp-content\/uploads\/2017\/03\/radiostacja-turkus.jpg","type":"image\/jpeg"}],"author":"\u017baneta Mrozek-Siewierska","twitter_card":"summary_large_image","twitter_creator":"@24gliwice","twitter_site":"@24gliwice","twitter_misc":{"Napisane przez":"\u017baneta Mrozek-Siewierska","Szacowany czas czytania":"1 minuta"},"schema":{"@context":"https:\/\/schema.org","@graph":[{"@type":"Article","@id":"https:\/\/www.24gliwice.pl\/wiadomosci\/radiostacja-bedzie-podswietlona-na-niebiesko\/#article","isPartOf":{"@id":"https:\/\/www.24gliwice.pl\/wiadomosci\/radiostacja-bedzie-podswietlona-na-niebiesko\/"},"author":{"name":"\u017baneta Mrozek-Siewierska","@id":"https:\/\/www.24gliwice.pl\/wiadomosci\/#\/schema\/person\/e42c650edd7f2fa332be3811fb166b6e"},"headline":"Radiostacja pod\u015bwietlona na niebiesko. To dla chorych, kt\u00f3rzy ze swoj\u0105 przypad\u0142o\u015bci\u0105 \u017cyj\u0105 ca\u0142e \u017cycie","datePublished":"2018-03-31T23:19:59+00:00","mainEntityOfPage":{"@id":"https:\/\/www.24gliwice.pl\/wiadomosci\/radiostacja-bedzie-podswietlona-na-niebiesko\/"},"wordCount":310,"commentCount":0,"publisher":{"@id":"https:\/\/www.24gliwice.pl\/wiadomosci\/#organization"},"image":{"@id":"https:\/\/www.24gliwice.pl\/wiadomosci\/radiostacja-bedzie-podswietlona-na-niebiesko\/#primaryimage"},"thumbnailUrl":"https:\/\/www.24gliwice.pl\/wiadomosci\/wp-content\/uploads\/2017\/03\/radiostacja-turkus.jpg","keywords":["autyzm","PALMIARNIA","polska na niebiesko"],"articleSection":["Gliwice","Najnowsze wiadomo\u015bci"],"inLanguage":"pl-PL","potentialAction":[{"@type":"CommentAction","name":"Comment","target":["https:\/\/www.24gliwice.pl\/wiadomosci\/radiostacja-bedzie-podswietlona-na-niebiesko\/#respond"]}]},{"@type":"WebPage","@id":"https:\/\/www.24gliwice.pl\/wiadomosci\/radiostacja-bedzie-podswietlona-na-niebiesko\/","url":"https:\/\/www.24gliwice.pl\/wiadomosci\/radiostacja-bedzie-podswietlona-na-niebiesko\/","name":"Radiostacja pod\u015bwietlona na niebiesko. To dla chorych, kt\u00f3rzy ze swoj\u0105 przypad\u0142o\u015bci\u0105 \u017cyj\u0105 ca\u0142e \u017cycie - 24GLIWICE - Portal Gliwice | codziennie nowe informacje","isPartOf":{"@id":"https:\/\/www.24gliwice.pl\/wiadomosci\/#website"},"primaryImageOfPage":{"@id":"https:\/\/www.24gliwice.pl\/wiadomosci\/radiostacja-bedzie-podswietlona-na-niebiesko\/#primaryimage"},"image":{"@id":"https:\/\/www.24gliwice.pl\/wiadomosci\/radiostacja-bedzie-podswietlona-na-niebiesko\/#primaryimage"},"thumbnailUrl":"https:\/\/www.24gliwice.pl\/wiadomosci\/wp-content\/uploads\/2017\/03\/radiostacja-turkus.jpg","datePublished":"2018-03-31T23:19:59+00:00","breadcrumb":{"@id":"https:\/\/www.24gliwice.pl\/wiadomosci\/radiostacja-bedzie-podswietlona-na-niebiesko\/#breadcrumb"},"inLanguage":"pl-PL","potentialAction":[{"@type":"ReadAction","target":["https:\/\/www.24gliwice.pl\/wiadomosci\/radiostacja-bedzie-podswietlona-na-niebiesko\/"]}]},{"@type":"ImageObject","inLanguage":"pl-PL","@id":"https:\/\/www.24gliwice.pl\/wiadomosci\/radiostacja-bedzie-podswietlona-na-niebiesko\/#primaryimage","url":"https:\/\/www.24gliwice.pl\/wiadomosci\/wp-content\/uploads\/2017\/03\/radiostacja-turkus.jpg","contentUrl":"https:\/\/www.24gliwice.pl\/wiadomosci\/wp-content\/uploads\/2017\/03\/radiostacja-turkus.jpg","width":810,"height":455},{"@type":"BreadcrumbList","@id":"https:\/\/www.24gliwice.pl\/wiadomosci\/radiostacja-bedzie-podswietlona-na-niebiesko\/#breadcrumb","itemListElement":[{"@type":"ListItem","position":1,"name":"Strona g\u0142\u00f3wna","item":"https:\/\/www.24gliwice.pl\/wiadomosci\/"},{"@type":"ListItem","position":2,"name":"Radiostacja pod\u015bwietlona na niebiesko. To dla chorych, kt\u00f3rzy ze swoj\u0105 przypad\u0142o\u015bci\u0105 \u017cyj\u0105 ca\u0142e \u017cycie"}]},{"@type":"WebSite","@id":"https:\/\/www.24gliwice.pl\/wiadomosci\/#website","url":"https:\/\/www.24gliwice.pl\/wiadomosci\/","name":"24GLIWICE - Portal Gliwice | codziennie nowe wiadomo\u015bci","description":"Portal Miejski Gliwice","publisher":{"@id":"https:\/\/www.24gliwice.pl\/wiadomosci\/#organization"},"potentialAction":[{"@type":"SearchAction","target":{"@type":"EntryPoint","urlTemplate":"https:\/\/www.24gliwice.pl\/wiadomosci\/?s={search_term_string}"},"query-input":{"@type":"PropertyValueSpecification","valueRequired":true,"valueName":"search_term_string"}}],"inLanguage":"pl-PL"},{"@type":"Organization","@id":"https:\/\/www.24gliwice.pl\/wiadomosci\/#organization","name":"24gliwice","url":"https:\/\/www.24gliwice.pl\/wiadomosci\/","logo":{"@type":"ImageObject","inLanguage":"pl-PL","@id":"https:\/\/www.24gliwice.pl\/wiadomosci\/#\/schema\/logo\/image\/","url":"https:\/\/www.24gliwice.pl\/wiadomosci\/wp-content\/uploads\/2024\/10\/24gliwice-logo-696.jpg","contentUrl":"https:\/\/www.24gliwice.pl\/wiadomosci\/wp-content\/uploads\/2024\/10\/24gliwice-logo-696.jpg","width":696,"height":696,"caption":"24gliwice"},"image":{"@id":"https:\/\/www.24gliwice.pl\/wiadomosci\/#\/schema\/logo\/image\/"},"sameAs":["https:\/\/www.facebook.com\/24gliwice","https:\/\/x.com\/24gliwice","https:\/\/www.youtube.com\/@24gliwice"]},{"@type":"Person","@id":"https:\/\/www.24gliwice.pl\/wiadomosci\/#\/schema\/person\/e42c650edd7f2fa332be3811fb166b6e","name":"\u017baneta Mrozek-Siewierska","image":{"@type":"ImageObject","inLanguage":"pl-PL","@id":"https:\/\/secure.gravatar.com\/avatar\/1881429e9c64597c77ad7aef2d0a19be69a3253e57534d16aa15bf3a4d34a0a3?s=96&d=mm&r=g","url":"https:\/\/secure.gravatar.com\/avatar\/1881429e9c64597c77ad7aef2d0a19be69a3253e57534d16aa15bf3a4d34a0a3?s=96&d=mm&r=g","contentUrl":"https:\/\/secure.gravatar.com\/avatar\/1881429e9c64597c77ad7aef2d0a19be69a3253e57534d16aa15bf3a4d34a0a3?s=96&d=mm&r=g","caption":"\u017baneta Mrozek-Siewierska"},"url":"https:\/\/www.24gliwice.pl\/wiadomosci\/author\/zms\/"}]}},"_links":{"self":[{"href":"https:\/\/www.24gliwice.pl\/wiadomosci\/wp-json\/wp\/v2\/posts\/114974","targetHints":{"allow":["GET"]}}],"collection":[{"href":"https:\/\/www.24gliwice.pl\/wiadomosci\/wp-json\/wp\/v2\/posts"}],"about":[{"href":"https:\/\/www.24gliwice.pl\/wiadomosci\/wp-json\/wp\/v2\/types\/post"}],"author":[{"embeddable":true,"href":"https:\/\/www.24gliwice.pl\/wiadomosci\/wp-json\/wp\/v2\/users\/15"}],"replies":[{"embeddable":true,"href":"https:\/\/www.24gliwice.pl\/wiadomosci\/wp-json\/wp\/v2\/comments?post=114974"}],"version-history":[{"count":0,"href":"https:\/\/www.24gliwice.pl\/wiadomosci\/wp-json\/wp\/v2\/posts\/114974\/revisions"}],"wp:featuredmedia":[{"embeddable":true,"href":"https:\/\/www.24gliwice.pl\/wiadomosci\/wp-json\/wp\/v2\/media\/96293"}],"wp:attachment":[{"href":"https:\/\/www.24gliwice.pl\/wiadomosci\/wp-json\/wp\/v2\/media?parent=114974"}],"wp:term":[{"taxonomy":"category","embeddable":true,"href":"https:\/\/www.24gliwice.pl\/wiadomosci\/wp-json\/wp\/v2\/categories?post=114974"},{"taxonomy":"post_tag","embeddable":true,"href":"https:\/\/www.24gliwice.pl\/wiadomosci\/wp-json\/wp\/v2\/tags?post=114974"}],"curies":[{"name":"wp","href":"https:\/\/api.w.org\/{rel}","templated":true}]}}