{"id":114992,"date":"2018-04-04T02:21:03","date_gmt":"2018-04-04T00:21:03","guid":{"rendered":"https:\/\/www.24gliwice.pl\/wiadomosci\/?p=114992"},"modified":"2018-04-05T01:24:56","modified_gmt":"2018-04-04T23:24:56","slug":"otwarcie-hali-gliwice-inne-niz-planowano","status":"publish","type":"post","link":"https:\/\/www.24gliwice.pl\/wiadomosci\/otwarcie-hali-gliwice-inne-niz-planowano\/","title":{"rendered":"Otwarcie Hali inne ni\u017c planowano. Trwa walka z czasem, \u017ceby zd\u0105\u017cy\u0107 na koncert Armina van Buurena"},"content":{"rendered":"<div class=\"gliwi-a6-nad-leadem-artykulow gliwi-entity-placement\" id=\"gliwi-3881822295\"><div class=\"gliwi-adlabel\"><span style=\"font-size: 9px\">REKLAMA<\/span><\/div><div id=\"gliwi-640899620\" style=\"margin-bottom: 25px;margin-left: auto;margin-right: auto;text-align: center;\"><a data-no-instant=\"1\" href=\"https:\/\/dom100.eu\/\" rel=\"noopener\" class=\"a2t-link\" target=\"_blank\" aria-label=\"20260415 DOM100 D\"><img loading=\"lazy\" decoding=\"async\" src=\"https:\/\/www.24gliwice.pl\/wiadomosci\/wp-content\/uploads\/2026\/04\/20260415-DOM100-D.jpg\" alt=\"\"  srcset=\"https:\/\/www.24gliwice.pl\/wiadomosci\/wp-content\/uploads\/2026\/04\/20260415-DOM100-D.jpg 750w, https:\/\/www.24gliwice.pl\/wiadomosci\/wp-content\/uploads\/2026\/04\/20260415-DOM100-D-410x109.jpg 410w\" sizes=\"(max-width: 750px) 100vw, 750px\" class=\"no-lazyload\" width=\"750\" height=\"200\"  style=\"display: inline-block; max-width: 100%; height: auto;\" \/><\/a><\/div><\/div><h3>Zapowiadany od jesieni wyst\u0119p holenderskiego DJ&#8217;a Armina van Buurena b\u0119dzie jednocze\u015bnie koncertem otwieraj\u0105cym Hal\u0119 Gliwice.<\/h3>\n<p>To i tak wariant optymistyczny bo niedawno pojawi\u0142y si\u0119 doniesienia o tym, \u017ce koncert jest zagro\u017cony. &#8211; Zd\u0105\u017cymy na 99%, hala jest stale doposa\u017cana, obecnie trwa instalowanie monitoringu &#8211; m\u00f3wi <strong>Marek Jarz\u0119bowski<\/strong>, rzecznik prezydenta Gliwic.<\/p>\n<p>Bior\u0105c pod uwag\u0119 czas, jaki do dyspozycji mieli urz\u0119dnicy, a\u017c trudno uwierzy\u0107, \u017ce pojawi\u0142o si\u0119 kolejne op\u00f3\u017anienie. Je\u017celi Armin Van Buuren zagra 30 maja w Gliwicach b\u0119dzie to i tak ponad pi\u0119\u0107 lat od chwili podpisania umowy na jej budow\u0119. [perfectpullquote align=&#8221;full&#8221; bordertop=&#8221;false&#8221; cite=&#8221;&#8221; link=&#8221;&#8221; color=&#8221;&#8221; class=&#8221;&#8221; size=&#8221;&#8221;]Zamierzenia &#8211; nawet te sprzed kilku miesi\u0119cy &#8211; by\u0142y inne. Jeszcze w listopadzie radni zasiadaj\u0105cy w Komisji Edukacji, Kultury i Sportu zostali poinformowani o planie kilkudniowego cyklu wydarze\u0144 na pocz\u0105tku maja, zako\u0144czonego du\u017cym koncertem.[\/perfectpullquote]\n<p>Nie pierwszy raz jednak inwestycja wymkn\u0119\u0142a si\u0119 harmonogramowi. Nieoficjalnie wiadomo, \u017ce w czasie przesunie si\u0119 tak\u017ce prezentacja kalendarza imprez i zespo\u0142u os\u00f3b odpowiedzialnych za organizacj\u0119 wydarze\u0144 w hali. Fundacja Radan, kt\u00f3rej Miasto powierzy\u0142o t\u0119 rol\u0119, mia\u0142a poprosi\u0107 o dodatkowy czas. Konferencja w tej sprawie spodziewana jest w po\u0142owie kwietnia.<\/p><div class=\"gliwi-a3-w-tresci-artykulow gliwi-entity-placement\" id=\"gliwi-747613576\"><div class=\"gliwi-adlabel\"><span style=\"font-size: 9px\">REKLAMA<\/span><\/div><div id=\"gliwi-596774679\" style=\"margin-bottom: 30px;margin-left: auto;margin-right: auto;text-align: center;\"><a data-no-instant=\"1\" href=\"https:\/\/zlobek.halogen.org.pl\/\" rel=\"noopener\" class=\"a2t-link\" target=\"_blank\" aria-label=\"animator-zlobek_750x200\"><img loading=\"lazy\" decoding=\"async\" src=\"https:\/\/www.24gliwice.pl\/wiadomosci\/wp-content\/uploads\/2026\/02\/animator-zlobek_750x200.webp\" alt=\"\"  srcset=\"https:\/\/www.24gliwice.pl\/wiadomosci\/wp-content\/uploads\/2026\/02\/animator-zlobek_750x200.webp 750w, https:\/\/www.24gliwice.pl\/wiadomosci\/wp-content\/uploads\/2026\/02\/animator-zlobek_750x200-410x109.webp 410w\" sizes=\"(max-width: 750px) 100vw, 750px\" class=\"no-lazyload\" width=\"750\" height=\"200\"  style=\"display: inline-block; max-width: 100%; height: auto;\" \/><\/a><\/div><\/div>\n<blockquote><p>&#8211; Zapewniam, \u017ce w czerwcu po koncercie Armina van Buurena obiekt nie b\u0119dzie sta\u0142 pusty. Prace nad programem wydarze\u0144 ca\u0142y czas trwaj\u0105<\/p><\/blockquote>\n<p> &#8211; przekonuje <strong>Marek Jarz\u0119bowski<\/strong>.<\/p>\n<p>Trudno jednak spodziewa\u0107 si\u0119, \u017ce w ci\u0105gu kilku tygodni w Gliwicach zostanie zaprezentowana gwiazda b\u0105d\u017a wydarzenie wielkiego formatu, a takiego na start swojej dzia\u0142alno\u015bci gliwicka Arena potrzebuje jak tlenu. Co wi\u0119cej, rozruch obiektu zderzy si\u0119 z martwym imprezowo okresem wakacyjnym. Wiele wi\u0119c wskazuje, \u017ce na pierwsze powa\u017cne imprezy poczekamy co najmniej do jesieni.<\/p>\n<p>Tym bardziej, \u017ce inwestycja ci\u0105gle nie jest dopi\u0119ta na ostatni guzik. Trwa przetarg na &#8220;dostaw\u0119 i monta\u017c urz\u0105dze\u0144 zapleczy gastronomicznych oraz wykonanie instalacji sanitarnych, elektrycznych i niskopr\u0105dowych&#8221; w hali. Rozstrzygni\u0119cie post\u0119powania planowane jest dopiero na 4 maja.<\/p>\n<p>Przypomnijmy, w listopadzie hala zosta\u0142a przekazana w dzier\u017caw\u0119 miejskiemu Przedsi\u0119biorstwu Wodoci\u0105g\u00f3w i Kanalizacji w Gliwicach, kt\u00f3re wcze\u015bniej \u2013 jako menad\u017cer kontraktu \u2013 nadzorowa\u0142o budow\u0119 obiektu. PWiK odpowiada\u0107 b\u0119dzie za administracyjne zarz\u0105dzanie hal\u0105, ale o tym kto wyst\u0105pi i jaki charakter b\u0119d\u0105 mia\u0142y imprezy w Arenie Gliwice odpowiada\u0107 b\u0119dzie Fundacja Radan, z kt\u00f3r\u0105 gliwccy urz\u0119dnicy podpisali trzyletni\u0105 umow\u0119. Natomiast jeszcze przed zawarciem kontraktu Miasto og\u0142osi\u0142o wyst\u0119p Armina van Buurena. Muzyk przyjedzie do Gliwic w ramach trasy koncertowej A State of Trance 850.<\/p>\n<p>Micha\u0142 Szewczyk<\/p>\n<div class=\"gliwi-a5-na-koncu-artykulow gliwi-entity-placement\" id=\"gliwi-3112102846\"><div class=\"gliwi-adlabel\"><span style=\"font-size: 9px\">REKLAMA<\/span><\/div><div id=\"gliwi-2166157965\" style=\"margin-left: auto;margin-right: auto;text-align: center;\"><a data-no-instant=\"1\" href=\"https:\/\/prezeroarenagliwice.pl\/\" rel=\"noopener\" class=\"a2t-link\" target=\"_blank\" aria-label=\"20260309-PREZERO-WIOSNA-D\"><img loading=\"lazy\" decoding=\"async\" src=\"https:\/\/www.24gliwice.pl\/wiadomosci\/wp-content\/uploads\/2026\/03\/20260309-PREZERO-WIOSNA-D.webp\" alt=\"\"  srcset=\"https:\/\/www.24gliwice.pl\/wiadomosci\/wp-content\/uploads\/2026\/03\/20260309-PREZERO-WIOSNA-D.webp 750w, https:\/\/www.24gliwice.pl\/wiadomosci\/wp-content\/uploads\/2026\/03\/20260309-PREZERO-WIOSNA-D-410x109.webp 410w\" sizes=\"(max-width: 750px) 100vw, 750px\" class=\"no-lazyload\" width=\"750\" height=\"200\"  style=\"display: inline-block; max-width: 100%; height: auto;\" \/><\/a><\/div><\/div>","protected":false},"excerpt":{"rendered":"<p>Zapowiadany od jesieni wyst\u0119p holenderskiego DJ&#8217;a Armina van Buurena b\u0119dzie jednocze\u015bnie koncertem otwieraj\u0105cym Hal\u0119 Gliwice. To i tak wariant optymistyczny bo niedawno pojawi\u0142y si\u0119 doniesienia o tym, \u017ce koncert jest zagro\u017cony. &#8211; Zd\u0105\u017cymy na 99%, hala jest stale doposa\u017cana, obecnie trwa instalowanie monitoringu &#8211; m\u00f3wi Marek Jarz\u0119bowski, rzecznik prezydenta Gliwic. Bior\u0105c pod uwag\u0119 czas, jaki [&hellip;]<\/p>\n","protected":false},"author":12,"featured_media":106990,"comment_status":"open","ping_status":"closed","sticky":false,"template":"","format":"standard","meta":{"_monsterinsights_skip_tracking":false,"_monsterinsights_sitenote_active":false,"_monsterinsights_sitenote_note":"","_monsterinsights_sitenote_category":0,"footnotes":"","_links_to":"","_links_to_target":""},"categories":[3,1,9],"tags":[1268],"class_list":["post-114992","post","type-post","status-publish","format-standard","has-post-thumbnail","hentry","category-gliwice","category-wszystko","category-aktualnosci_lokalne","tag-marek-jarzebowski"],"yoast_head":"<!-- This site is optimized with the Yoast SEO plugin v27.5 - https:\/\/yoast.com\/product\/yoast-seo-wordpress\/ -->\n<title>Otwarcie Hali inne ni\u017c planowano. Trwa walka z czasem, \u017ceby zd\u0105\u017cy\u0107 na koncert Armina van Buurena - 24GLIWICE - Portal Gliwice | codziennie nowe informacje<\/title>\n<meta name=\"robots\" content=\"index, follow, max-snippet:-1, max-image-preview:large, max-video-preview:-1\" \/>\n<link rel=\"canonical\" href=\"https:\/\/www.24gliwice.pl\/wiadomosci\/otwarcie-hali-gliwice-inne-niz-planowano\/\" \/>\n<meta property=\"og:locale\" content=\"pl_PL\" \/>\n<meta property=\"og:type\" content=\"article\" \/>\n<meta property=\"og:title\" content=\"Otwarcie Hali inne ni\u017c planowano. Trwa walka z czasem, \u017ceby zd\u0105\u017cy\u0107 na koncert Armina van Buurena - 24GLIWICE - Portal Gliwice | codziennie nowe informacje\" \/>\n<meta property=\"og:description\" content=\"Zapowiadany od jesieni wyst\u0119p holenderskiego DJ&#8217;a Armina van Buurena b\u0119dzie jednocze\u015bnie koncertem otwieraj\u0105cym Hal\u0119 Gliwice. To i tak wariant optymistyczny bo niedawno pojawi\u0142y si\u0119 doniesienia o tym, \u017ce koncert jest zagro\u017cony. &#8211; Zd\u0105\u017cymy na 99%, hala jest stale doposa\u017cana, obecnie trwa instalowanie monitoringu &#8211; m\u00f3wi Marek Jarz\u0119bowski, rzecznik prezydenta Gliwic. Bior\u0105c pod uwag\u0119 czas, jaki [&hellip;]\" \/>\n<meta property=\"og:url\" content=\"https:\/\/www.24gliwice.pl\/wiadomosci\/otwarcie-hali-gliwice-inne-niz-planowano\/\" \/>\n<meta property=\"og:site_name\" content=\"24GLIWICE - Portal Gliwice | codziennie nowe informacje\" \/>\n<meta property=\"article:publisher\" content=\"https:\/\/www.facebook.com\/24gliwice\" \/>\n<meta property=\"article:published_time\" content=\"2018-04-04T00:21:03+00:00\" \/>\n<meta property=\"article:modified_time\" content=\"2018-04-04T23:24:56+00:00\" \/>\n<meta property=\"og:image\" content=\"https:\/\/www.24gliwice.pl\/wiadomosci\/wp-content\/uploads\/2017\/10\/1-hala-arena-podium-gliwice.jpg\" \/>\n\t<meta property=\"og:image:width\" content=\"1140\" \/>\n\t<meta property=\"og:image:height\" content=\"642\" \/>\n\t<meta property=\"og:image:type\" content=\"image\/jpeg\" \/>\n<meta name=\"author\" content=\"Micha\u0142 Szewczyk\" \/>\n<meta name=\"twitter:card\" content=\"summary_large_image\" \/>\n<meta name=\"twitter:creator\" content=\"@24gliwice\" \/>\n<meta name=\"twitter:site\" content=\"@24gliwice\" \/>\n<meta name=\"twitter:label1\" content=\"Napisane przez\" \/>\n\t<meta name=\"twitter:data1\" content=\"Micha\u0142 Szewczyk\" \/>\n\t<meta name=\"twitter:label2\" content=\"Szacowany czas czytania\" \/>\n\t<meta name=\"twitter:data2\" content=\"2 minuty\" \/>\n<script type=\"application\/ld+json\" class=\"yoast-schema-graph\">{\"@context\":\"https:\\\/\\\/schema.org\",\"@graph\":[{\"@type\":\"Article\",\"@id\":\"https:\\\/\\\/www.24gliwice.pl\\\/wiadomosci\\\/otwarcie-hali-gliwice-inne-niz-planowano\\\/#article\",\"isPartOf\":{\"@id\":\"https:\\\/\\\/www.24gliwice.pl\\\/wiadomosci\\\/otwarcie-hali-gliwice-inne-niz-planowano\\\/\"},\"author\":{\"name\":\"Micha\u0142 Szewczyk\",\"@id\":\"https:\\\/\\\/www.24gliwice.pl\\\/wiadomosci\\\/#\\\/schema\\\/person\\\/940e8f8a097e322de4f463f061ef8d45\"},\"headline\":\"Otwarcie Hali inne ni\u017c planowano. Trwa walka z czasem, \u017ceby zd\u0105\u017cy\u0107 na koncert Armina van Buurena\",\"datePublished\":\"2018-04-04T00:21:03+00:00\",\"dateModified\":\"2018-04-04T23:24:56+00:00\",\"mainEntityOfPage\":{\"@id\":\"https:\\\/\\\/www.24gliwice.pl\\\/wiadomosci\\\/otwarcie-hali-gliwice-inne-niz-planowano\\\/\"},\"wordCount\":461,\"commentCount\":0,\"publisher\":{\"@id\":\"https:\\\/\\\/www.24gliwice.pl\\\/wiadomosci\\\/#organization\"},\"image\":{\"@id\":\"https:\\\/\\\/www.24gliwice.pl\\\/wiadomosci\\\/otwarcie-hali-gliwice-inne-niz-planowano\\\/#primaryimage\"},\"thumbnailUrl\":\"https:\\\/\\\/www.24gliwice.pl\\\/wiadomosci\\\/wp-content\\\/uploads\\\/2017\\\/10\\\/1-hala-arena-podium-gliwice.jpg\",\"keywords\":[\"MAREK JARZ\u0118BOWSKI\"],\"articleSection\":[\"Gliwice\",\"Najnowsze wiadomo\u015bci\",\"Portal Gliwice - Wiadomo\u015bci lokalne\"],\"inLanguage\":\"pl-PL\",\"potentialAction\":[{\"@type\":\"CommentAction\",\"name\":\"Comment\",\"target\":[\"https:\\\/\\\/www.24gliwice.pl\\\/wiadomosci\\\/otwarcie-hali-gliwice-inne-niz-planowano\\\/#respond\"]}]},{\"@type\":\"WebPage\",\"@id\":\"https:\\\/\\\/www.24gliwice.pl\\\/wiadomosci\\\/otwarcie-hali-gliwice-inne-niz-planowano\\\/\",\"url\":\"https:\\\/\\\/www.24gliwice.pl\\\/wiadomosci\\\/otwarcie-hali-gliwice-inne-niz-planowano\\\/\",\"name\":\"Otwarcie Hali inne ni\u017c planowano. Trwa walka z czasem, \u017ceby zd\u0105\u017cy\u0107 na koncert Armina van Buurena - 24GLIWICE - Portal Gliwice | codziennie nowe informacje\",\"isPartOf\":{\"@id\":\"https:\\\/\\\/www.24gliwice.pl\\\/wiadomosci\\\/#website\"},\"primaryImageOfPage\":{\"@id\":\"https:\\\/\\\/www.24gliwice.pl\\\/wiadomosci\\\/otwarcie-hali-gliwice-inne-niz-planowano\\\/#primaryimage\"},\"image\":{\"@id\":\"https:\\\/\\\/www.24gliwice.pl\\\/wiadomosci\\\/otwarcie-hali-gliwice-inne-niz-planowano\\\/#primaryimage\"},\"thumbnailUrl\":\"https:\\\/\\\/www.24gliwice.pl\\\/wiadomosci\\\/wp-content\\\/uploads\\\/2017\\\/10\\\/1-hala-arena-podium-gliwice.jpg\",\"datePublished\":\"2018-04-04T00:21:03+00:00\",\"dateModified\":\"2018-04-04T23:24:56+00:00\",\"breadcrumb\":{\"@id\":\"https:\\\/\\\/www.24gliwice.pl\\\/wiadomosci\\\/otwarcie-hali-gliwice-inne-niz-planowano\\\/#breadcrumb\"},\"inLanguage\":\"pl-PL\",\"potentialAction\":[{\"@type\":\"ReadAction\",\"target\":[\"https:\\\/\\\/www.24gliwice.pl\\\/wiadomosci\\\/otwarcie-hali-gliwice-inne-niz-planowano\\\/\"]}]},{\"@type\":\"ImageObject\",\"inLanguage\":\"pl-PL\",\"@id\":\"https:\\\/\\\/www.24gliwice.pl\\\/wiadomosci\\\/otwarcie-hali-gliwice-inne-niz-planowano\\\/#primaryimage\",\"url\":\"https:\\\/\\\/www.24gliwice.pl\\\/wiadomosci\\\/wp-content\\\/uploads\\\/2017\\\/10\\\/1-hala-arena-podium-gliwice.jpg\",\"contentUrl\":\"https:\\\/\\\/www.24gliwice.pl\\\/wiadomosci\\\/wp-content\\\/uploads\\\/2017\\\/10\\\/1-hala-arena-podium-gliwice.jpg\",\"width\":1140,\"height\":642},{\"@type\":\"BreadcrumbList\",\"@id\":\"https:\\\/\\\/www.24gliwice.pl\\\/wiadomosci\\\/otwarcie-hali-gliwice-inne-niz-planowano\\\/#breadcrumb\",\"itemListElement\":[{\"@type\":\"ListItem\",\"position\":1,\"name\":\"Strona g\u0142\u00f3wna\",\"item\":\"https:\\\/\\\/www.24gliwice.pl\\\/wiadomosci\\\/\"},{\"@type\":\"ListItem\",\"position\":2,\"name\":\"Otwarcie Hali inne ni\u017c planowano. Trwa walka z czasem, \u017ceby zd\u0105\u017cy\u0107 na koncert Armina van Buurena\"}]},{\"@type\":\"WebSite\",\"@id\":\"https:\\\/\\\/www.24gliwice.pl\\\/wiadomosci\\\/#website\",\"url\":\"https:\\\/\\\/www.24gliwice.pl\\\/wiadomosci\\\/\",\"name\":\"24GLIWICE - Portal Gliwice | codziennie nowe wiadomo\u015bci\",\"description\":\"Portal Miejski Gliwice\",\"publisher\":{\"@id\":\"https:\\\/\\\/www.24gliwice.pl\\\/wiadomosci\\\/#organization\"},\"potentialAction\":[{\"@type\":\"SearchAction\",\"target\":{\"@type\":\"EntryPoint\",\"urlTemplate\":\"https:\\\/\\\/www.24gliwice.pl\\\/wiadomosci\\\/?s={search_term_string}\"},\"query-input\":{\"@type\":\"PropertyValueSpecification\",\"valueRequired\":true,\"valueName\":\"search_term_string\"}}],\"inLanguage\":\"pl-PL\"},{\"@type\":\"Organization\",\"@id\":\"https:\\\/\\\/www.24gliwice.pl\\\/wiadomosci\\\/#organization\",\"name\":\"24gliwice\",\"url\":\"https:\\\/\\\/www.24gliwice.pl\\\/wiadomosci\\\/\",\"logo\":{\"@type\":\"ImageObject\",\"inLanguage\":\"pl-PL\",\"@id\":\"https:\\\/\\\/www.24gliwice.pl\\\/wiadomosci\\\/#\\\/schema\\\/logo\\\/image\\\/\",\"url\":\"https:\\\/\\\/www.24gliwice.pl\\\/wiadomosci\\\/wp-content\\\/uploads\\\/2024\\\/10\\\/24gliwice-logo-696.jpg\",\"contentUrl\":\"https:\\\/\\\/www.24gliwice.pl\\\/wiadomosci\\\/wp-content\\\/uploads\\\/2024\\\/10\\\/24gliwice-logo-696.jpg\",\"width\":696,\"height\":696,\"caption\":\"24gliwice\"},\"image\":{\"@id\":\"https:\\\/\\\/www.24gliwice.pl\\\/wiadomosci\\\/#\\\/schema\\\/logo\\\/image\\\/\"},\"sameAs\":[\"https:\\\/\\\/www.facebook.com\\\/24gliwice\",\"https:\\\/\\\/x.com\\\/24gliwice\",\"https:\\\/\\\/www.youtube.com\\\/@24gliwice\"]},{\"@type\":\"Person\",\"@id\":\"https:\\\/\\\/www.24gliwice.pl\\\/wiadomosci\\\/#\\\/schema\\\/person\\\/940e8f8a097e322de4f463f061ef8d45\",\"name\":\"Micha\u0142 Szewczyk\",\"image\":{\"@type\":\"ImageObject\",\"inLanguage\":\"pl-PL\",\"@id\":\"https:\\\/\\\/secure.gravatar.com\\\/avatar\\\/771b8b6c74cd8d255e46392d605e01a86133900ef09b6ef3c8d451c9d92288cf?s=96&d=mm&r=g\",\"url\":\"https:\\\/\\\/secure.gravatar.com\\\/avatar\\\/771b8b6c74cd8d255e46392d605e01a86133900ef09b6ef3c8d451c9d92288cf?s=96&d=mm&r=g\",\"contentUrl\":\"https:\\\/\\\/secure.gravatar.com\\\/avatar\\\/771b8b6c74cd8d255e46392d605e01a86133900ef09b6ef3c8d451c9d92288cf?s=96&d=mm&r=g\",\"caption\":\"Micha\u0142 Szewczyk\"},\"sameAs\":[\"http:\\\/\\\/www.gazeta-miejska.pl\"],\"url\":\"https:\\\/\\\/www.24gliwice.pl\\\/wiadomosci\\\/author\\\/michal-szewczyk\\\/\"}]}<\/script>\n<!-- \/ Yoast SEO plugin. -->","yoast_head_json":{"title":"Otwarcie Hali inne ni\u017c planowano. Trwa walka z czasem, \u017ceby zd\u0105\u017cy\u0107 na koncert Armina van Buurena - 24GLIWICE - Portal Gliwice | codziennie nowe informacje","robots":{"index":"index","follow":"follow","max-snippet":"max-snippet:-1","max-image-preview":"max-image-preview:large","max-video-preview":"max-video-preview:-1"},"canonical":"https:\/\/www.24gliwice.pl\/wiadomosci\/otwarcie-hali-gliwice-inne-niz-planowano\/","og_locale":"pl_PL","og_type":"article","og_title":"Otwarcie Hali inne ni\u017c planowano. Trwa walka z czasem, \u017ceby zd\u0105\u017cy\u0107 na koncert Armina van Buurena - 24GLIWICE - Portal Gliwice | codziennie nowe informacje","og_description":"Zapowiadany od jesieni wyst\u0119p holenderskiego DJ&#8217;a Armina van Buurena b\u0119dzie jednocze\u015bnie koncertem otwieraj\u0105cym Hal\u0119 Gliwice. To i tak wariant optymistyczny bo niedawno pojawi\u0142y si\u0119 doniesienia o tym, \u017ce koncert jest zagro\u017cony. &#8211; Zd\u0105\u017cymy na 99%, hala jest stale doposa\u017cana, obecnie trwa instalowanie monitoringu &#8211; m\u00f3wi Marek Jarz\u0119bowski, rzecznik prezydenta Gliwic. Bior\u0105c pod uwag\u0119 czas, jaki [&hellip;]","og_url":"https:\/\/www.24gliwice.pl\/wiadomosci\/otwarcie-hali-gliwice-inne-niz-planowano\/","og_site_name":"24GLIWICE - Portal Gliwice | codziennie nowe informacje","article_publisher":"https:\/\/www.facebook.com\/24gliwice","article_published_time":"2018-04-04T00:21:03+00:00","article_modified_time":"2018-04-04T23:24:56+00:00","og_image":[{"width":1140,"height":642,"url":"https:\/\/www.24gliwice.pl\/wiadomosci\/wp-content\/uploads\/2017\/10\/1-hala-arena-podium-gliwice.jpg","type":"image\/jpeg"}],"author":"Micha\u0142 Szewczyk","twitter_card":"summary_large_image","twitter_creator":"@24gliwice","twitter_site":"@24gliwice","twitter_misc":{"Napisane przez":"Micha\u0142 Szewczyk","Szacowany czas czytania":"2 minuty"},"schema":{"@context":"https:\/\/schema.org","@graph":[{"@type":"Article","@id":"https:\/\/www.24gliwice.pl\/wiadomosci\/otwarcie-hali-gliwice-inne-niz-planowano\/#article","isPartOf":{"@id":"https:\/\/www.24gliwice.pl\/wiadomosci\/otwarcie-hali-gliwice-inne-niz-planowano\/"},"author":{"name":"Micha\u0142 Szewczyk","@id":"https:\/\/www.24gliwice.pl\/wiadomosci\/#\/schema\/person\/940e8f8a097e322de4f463f061ef8d45"},"headline":"Otwarcie Hali inne ni\u017c planowano. Trwa walka z czasem, \u017ceby zd\u0105\u017cy\u0107 na koncert Armina van Buurena","datePublished":"2018-04-04T00:21:03+00:00","dateModified":"2018-04-04T23:24:56+00:00","mainEntityOfPage":{"@id":"https:\/\/www.24gliwice.pl\/wiadomosci\/otwarcie-hali-gliwice-inne-niz-planowano\/"},"wordCount":461,"commentCount":0,"publisher":{"@id":"https:\/\/www.24gliwice.pl\/wiadomosci\/#organization"},"image":{"@id":"https:\/\/www.24gliwice.pl\/wiadomosci\/otwarcie-hali-gliwice-inne-niz-planowano\/#primaryimage"},"thumbnailUrl":"https:\/\/www.24gliwice.pl\/wiadomosci\/wp-content\/uploads\/2017\/10\/1-hala-arena-podium-gliwice.jpg","keywords":["MAREK JARZ\u0118BOWSKI"],"articleSection":["Gliwice","Najnowsze wiadomo\u015bci","Portal Gliwice - Wiadomo\u015bci lokalne"],"inLanguage":"pl-PL","potentialAction":[{"@type":"CommentAction","name":"Comment","target":["https:\/\/www.24gliwice.pl\/wiadomosci\/otwarcie-hali-gliwice-inne-niz-planowano\/#respond"]}]},{"@type":"WebPage","@id":"https:\/\/www.24gliwice.pl\/wiadomosci\/otwarcie-hali-gliwice-inne-niz-planowano\/","url":"https:\/\/www.24gliwice.pl\/wiadomosci\/otwarcie-hali-gliwice-inne-niz-planowano\/","name":"Otwarcie Hali inne ni\u017c planowano. Trwa walka z czasem, \u017ceby zd\u0105\u017cy\u0107 na koncert Armina van Buurena - 24GLIWICE - Portal Gliwice | codziennie nowe informacje","isPartOf":{"@id":"https:\/\/www.24gliwice.pl\/wiadomosci\/#website"},"primaryImageOfPage":{"@id":"https:\/\/www.24gliwice.pl\/wiadomosci\/otwarcie-hali-gliwice-inne-niz-planowano\/#primaryimage"},"image":{"@id":"https:\/\/www.24gliwice.pl\/wiadomosci\/otwarcie-hali-gliwice-inne-niz-planowano\/#primaryimage"},"thumbnailUrl":"https:\/\/www.24gliwice.pl\/wiadomosci\/wp-content\/uploads\/2017\/10\/1-hala-arena-podium-gliwice.jpg","datePublished":"2018-04-04T00:21:03+00:00","dateModified":"2018-04-04T23:24:56+00:00","breadcrumb":{"@id":"https:\/\/www.24gliwice.pl\/wiadomosci\/otwarcie-hali-gliwice-inne-niz-planowano\/#breadcrumb"},"inLanguage":"pl-PL","potentialAction":[{"@type":"ReadAction","target":["https:\/\/www.24gliwice.pl\/wiadomosci\/otwarcie-hali-gliwice-inne-niz-planowano\/"]}]},{"@type":"ImageObject","inLanguage":"pl-PL","@id":"https:\/\/www.24gliwice.pl\/wiadomosci\/otwarcie-hali-gliwice-inne-niz-planowano\/#primaryimage","url":"https:\/\/www.24gliwice.pl\/wiadomosci\/wp-content\/uploads\/2017\/10\/1-hala-arena-podium-gliwice.jpg","contentUrl":"https:\/\/www.24gliwice.pl\/wiadomosci\/wp-content\/uploads\/2017\/10\/1-hala-arena-podium-gliwice.jpg","width":1140,"height":642},{"@type":"BreadcrumbList","@id":"https:\/\/www.24gliwice.pl\/wiadomosci\/otwarcie-hali-gliwice-inne-niz-planowano\/#breadcrumb","itemListElement":[{"@type":"ListItem","position":1,"name":"Strona g\u0142\u00f3wna","item":"https:\/\/www.24gliwice.pl\/wiadomosci\/"},{"@type":"ListItem","position":2,"name":"Otwarcie Hali inne ni\u017c planowano. Trwa walka z czasem, \u017ceby zd\u0105\u017cy\u0107 na koncert Armina van Buurena"}]},{"@type":"WebSite","@id":"https:\/\/www.24gliwice.pl\/wiadomosci\/#website","url":"https:\/\/www.24gliwice.pl\/wiadomosci\/","name":"24GLIWICE - Portal Gliwice | codziennie nowe wiadomo\u015bci","description":"Portal Miejski Gliwice","publisher":{"@id":"https:\/\/www.24gliwice.pl\/wiadomosci\/#organization"},"potentialAction":[{"@type":"SearchAction","target":{"@type":"EntryPoint","urlTemplate":"https:\/\/www.24gliwice.pl\/wiadomosci\/?s={search_term_string}"},"query-input":{"@type":"PropertyValueSpecification","valueRequired":true,"valueName":"search_term_string"}}],"inLanguage":"pl-PL"},{"@type":"Organization","@id":"https:\/\/www.24gliwice.pl\/wiadomosci\/#organization","name":"24gliwice","url":"https:\/\/www.24gliwice.pl\/wiadomosci\/","logo":{"@type":"ImageObject","inLanguage":"pl-PL","@id":"https:\/\/www.24gliwice.pl\/wiadomosci\/#\/schema\/logo\/image\/","url":"https:\/\/www.24gliwice.pl\/wiadomosci\/wp-content\/uploads\/2024\/10\/24gliwice-logo-696.jpg","contentUrl":"https:\/\/www.24gliwice.pl\/wiadomosci\/wp-content\/uploads\/2024\/10\/24gliwice-logo-696.jpg","width":696,"height":696,"caption":"24gliwice"},"image":{"@id":"https:\/\/www.24gliwice.pl\/wiadomosci\/#\/schema\/logo\/image\/"},"sameAs":["https:\/\/www.facebook.com\/24gliwice","https:\/\/x.com\/24gliwice","https:\/\/www.youtube.com\/@24gliwice"]},{"@type":"Person","@id":"https:\/\/www.24gliwice.pl\/wiadomosci\/#\/schema\/person\/940e8f8a097e322de4f463f061ef8d45","name":"Micha\u0142 Szewczyk","image":{"@type":"ImageObject","inLanguage":"pl-PL","@id":"https:\/\/secure.gravatar.com\/avatar\/771b8b6c74cd8d255e46392d605e01a86133900ef09b6ef3c8d451c9d92288cf?s=96&d=mm&r=g","url":"https:\/\/secure.gravatar.com\/avatar\/771b8b6c74cd8d255e46392d605e01a86133900ef09b6ef3c8d451c9d92288cf?s=96&d=mm&r=g","contentUrl":"https:\/\/secure.gravatar.com\/avatar\/771b8b6c74cd8d255e46392d605e01a86133900ef09b6ef3c8d451c9d92288cf?s=96&d=mm&r=g","caption":"Micha\u0142 Szewczyk"},"sameAs":["http:\/\/www.gazeta-miejska.pl"],"url":"https:\/\/www.24gliwice.pl\/wiadomosci\/author\/michal-szewczyk\/"}]}},"_links":{"self":[{"href":"https:\/\/www.24gliwice.pl\/wiadomosci\/wp-json\/wp\/v2\/posts\/114992","targetHints":{"allow":["GET"]}}],"collection":[{"href":"https:\/\/www.24gliwice.pl\/wiadomosci\/wp-json\/wp\/v2\/posts"}],"about":[{"href":"https:\/\/www.24gliwice.pl\/wiadomosci\/wp-json\/wp\/v2\/types\/post"}],"author":[{"embeddable":true,"href":"https:\/\/www.24gliwice.pl\/wiadomosci\/wp-json\/wp\/v2\/users\/12"}],"replies":[{"embeddable":true,"href":"https:\/\/www.24gliwice.pl\/wiadomosci\/wp-json\/wp\/v2\/comments?post=114992"}],"version-history":[{"count":0,"href":"https:\/\/www.24gliwice.pl\/wiadomosci\/wp-json\/wp\/v2\/posts\/114992\/revisions"}],"wp:featuredmedia":[{"embeddable":true,"href":"https:\/\/www.24gliwice.pl\/wiadomosci\/wp-json\/wp\/v2\/media\/106990"}],"wp:attachment":[{"href":"https:\/\/www.24gliwice.pl\/wiadomosci\/wp-json\/wp\/v2\/media?parent=114992"}],"wp:term":[{"taxonomy":"category","embeddable":true,"href":"https:\/\/www.24gliwice.pl\/wiadomosci\/wp-json\/wp\/v2\/categories?post=114992"},{"taxonomy":"post_tag","embeddable":true,"href":"https:\/\/www.24gliwice.pl\/wiadomosci\/wp-json\/wp\/v2\/tags?post=114992"}],"curies":[{"name":"wp","href":"https:\/\/api.w.org\/{rel}","templated":true}]}}