{"id":115243,"date":"2018-04-06T02:36:51","date_gmt":"2018-04-06T00:36:51","guid":{"rendered":"https:\/\/www.24gliwice.pl\/wiadomosci\/?p=115243"},"modified":"2018-04-06T02:36:51","modified_gmt":"2018-04-06T00:36:51","slug":"w-tym-roku-skarbowka-bedzie-przyjmowac-pit-y-w-urzedzie-miejskim-wyjatkowo-krotko","status":"publish","type":"post","link":"https:\/\/www.24gliwice.pl\/wiadomosci\/w-tym-roku-skarbowka-bedzie-przyjmowac-pit-y-w-urzedzie-miejskim-wyjatkowo-krotko\/","title":{"rendered":"W tym roku &#8220;skarb\u00f3wka&#8221; b\u0119dzie przyjmowa\u0107 PIT-y w Urz\u0119dzie Miejskim wyj\u0105tkowo kr\u00f3tko"},"content":{"rendered":"<div class=\"gliwi-a6-nad-leadem-artykulow gliwi-entity-placement\" id=\"gliwi-1694980609\"><div class=\"gliwi-adlabel\"><span style=\"font-size: 9px\">REKLAMA<\/span><\/div><div id=\"gliwi-4045620896\" style=\"margin-bottom: 30px;margin-left: auto;margin-right: auto;text-align: center;\"><a data-no-instant=\"1\" href=\"https:\/\/przedszkole.halogen.org.pl\/\" rel=\"noopener\" class=\"a2t-link\" target=\"_blank\" aria-label=\"20260402-ANIMATOR-przedszkole_grafika_750x200\"><img loading=\"lazy\" decoding=\"async\" src=\"https:\/\/www.24gliwice.pl\/wiadomosci\/wp-content\/uploads\/2026\/04\/20260402-ANIMATOR-przedszkole_grafika_750x200.webp\" alt=\"\"  srcset=\"https:\/\/www.24gliwice.pl\/wiadomosci\/wp-content\/uploads\/2026\/04\/20260402-ANIMATOR-przedszkole_grafika_750x200.webp 750w, https:\/\/www.24gliwice.pl\/wiadomosci\/wp-content\/uploads\/2026\/04\/20260402-ANIMATOR-przedszkole_grafika_750x200-410x109.webp 410w\" sizes=\"(max-width: 750px) 100vw, 750px\" class=\"no-lazyload\" width=\"750\" height=\"200\"  style=\"display: inline-block; max-width: 100%; height: auto;\" \/><\/a><\/div><\/div><h3>Tylko przez dwa dni, 17 i 18 kwietnia, ma dzia\u0142a\u0107 w Urz\u0119dzie Miejskim stanowisko skarb\u00f3wki, w kt\u00f3rym b\u0119dzie mo\u017cna z\u0142o\u017cy\u0107 w formie elektronicznej zeznania podatkowe za 2017 rok.<\/h3>\n<p>To decyzja naczelnika I Urz\u0119du Skarbowego w Gliwicach.<\/p>\n<p>Niestety nie uda\u0142o si\u0119 umo\u017cliwi\u0107 gliwiczanom, wzorem 15 poprzednich lat, sk\u0142adania PIT-\u00f3w w UM przez dwa ostatnie tygodnie kwietnia. W tym roku termin ten b\u0119dzie znacz\u0105co kr\u00f3tszy.<\/p><div class=\"gliwi-a3-w-tresci-artykulow gliwi-entity-placement\" id=\"gliwi-1655601857\"><div class=\"gliwi-adlabel\"><span style=\"font-size: 9px\">REKLAMA<\/span><\/div><div id=\"gliwi-2609134370\" style=\"margin-bottom: 30px;margin-left: auto;margin-right: auto;text-align: center;\"><a data-no-instant=\"1\" href=\"https:\/\/ogrodyandersa.pl\/\" rel=\"noopener\" class=\"a2t-link\" target=\"_blank\" aria-label=\"20260415 Ogrody Andersa KUP TERAZ D\"><img loading=\"lazy\" decoding=\"async\" src=\"https:\/\/www.24gliwice.pl\/wiadomosci\/wp-content\/uploads\/2026\/04\/20260415-Ogrody-Andersa-KUP-TERAZ-D.jpg\" alt=\"\"  srcset=\"https:\/\/www.24gliwice.pl\/wiadomosci\/wp-content\/uploads\/2026\/04\/20260415-Ogrody-Andersa-KUP-TERAZ-D.jpg 750w, https:\/\/www.24gliwice.pl\/wiadomosci\/wp-content\/uploads\/2026\/04\/20260415-Ogrody-Andersa-KUP-TERAZ-D-410x109.jpg 410w\" sizes=\"(max-width: 750px) 100vw, 750px\" class=\"no-lazyload\" width=\"750\" height=\"200\"  style=\"display: inline-block; max-width: 100%; height: auto;\" \/><\/a><\/div><\/div>\n[perfectpullquote align=&#8221;full&#8221; bordertop=&#8221;false&#8221; cite=&#8221;&#8221; link=&#8221;&#8221; color=&#8221;&#8221; class=&#8221;&#8221; size=&#8221;&#8221;]Stanowisko skarb\u00f3wki b\u0119dzie dzia\u0142a\u0142o na terenie Biura Obs\u0142ugi Interesant\u00f3w UM w godzinach pracy urz\u0119du (od 8.00 do 16.00). [\/perfectpullquote]\n<p>Zainteresowani mieszka\u0144cy z\u0142o\u017c\u0105 tam zeznania roczne za 2017 rok w formie elektronicznej \u2013 zar\u00f3wno do I, jak i II Urz\u0119du Skarbowego w Gliwicach. Pomoc\u0105 b\u0119d\u0105 im s\u0142u\u017cy\u0107 pracownicy skarb\u00f3wki, wydaj\u0105cy ka\u017cdemu podatnikowi potwierdzenia z\u0142o\u017cenia zezna\u0144 podatkowych (tzw. UPO). Szczeg\u00f3\u0142owe informacje na ten temat mo\u017cna uzyska\u0107 w I Urz\u0119dzie Skarbowym pod numerem telefonu 32\/339-67-70.<\/p>\n<p>Dodatkowo 6 kwietnia w godz. od 11.30 do 13.30 w Gliwickim O\u015brodku Integracji Os\u00f3b Niepe\u0142nosprawnych (ul. Zwyci\u0119stwa 34, oficyna) zorganizowany zostanie dy\u017cur pracownik\u00f3w I Urz\u0119du Skarbowego. W trakcie dy\u017curu osoby niepe\u0142nosprawne b\u0119d\u0105 mog\u0142y zasi\u0119gn\u0105\u0107 informacji w sprawie rozlicze\u0144 podatkowych i ulg za rok 2017 oraz z\u0142o\u017cy\u0107 zeznanie podatkowe.<\/p>\n<p>(\u017cms)\/MSI<\/p>\n<div class=\"gliwi-a5-na-koncu-artykulow gliwi-entity-placement\" id=\"gliwi-3809890049\"><div class=\"gliwi-adlabel\"><span style=\"font-size: 9px\">REKLAMA<\/span><\/div><div id=\"gliwi-757528000\" style=\"margin-left: auto;margin-right: auto;text-align: center;\"><a data-no-instant=\"1\" href=\"https:\/\/prezeroarenagliwice.pl\/\" rel=\"noopener\" class=\"a2t-link\" target=\"_blank\" aria-label=\"20260309-PREZERO-WIOSNA-D\"><img loading=\"lazy\" decoding=\"async\" src=\"https:\/\/www.24gliwice.pl\/wiadomosci\/wp-content\/uploads\/2026\/03\/20260309-PREZERO-WIOSNA-D.webp\" alt=\"\"  srcset=\"https:\/\/www.24gliwice.pl\/wiadomosci\/wp-content\/uploads\/2026\/03\/20260309-PREZERO-WIOSNA-D.webp 750w, https:\/\/www.24gliwice.pl\/wiadomosci\/wp-content\/uploads\/2026\/03\/20260309-PREZERO-WIOSNA-D-410x109.webp 410w\" sizes=\"(max-width: 750px) 100vw, 750px\" class=\"no-lazyload\" width=\"750\" height=\"200\"  style=\"display: inline-block; max-width: 100%; height: auto;\" \/><\/a><\/div><\/div>","protected":false},"excerpt":{"rendered":"<p>Tylko przez dwa dni, 17 i 18 kwietnia, ma dzia\u0142a\u0107 w Urz\u0119dzie Miejskim stanowisko skarb\u00f3wki, w kt\u00f3rym b\u0119dzie mo\u017cna z\u0142o\u017cy\u0107 w formie elektronicznej zeznania podatkowe za 2017 rok. To decyzja naczelnika I Urz\u0119du Skarbowego w Gliwicach. Niestety nie uda\u0142o si\u0119 umo\u017cliwi\u0107 gliwiczanom, wzorem 15 poprzednich lat, sk\u0142adania PIT-\u00f3w w UM przez dwa ostatnie tygodnie kwietnia. [&hellip;]<\/p>\n","protected":false},"author":15,"featured_media":107901,"comment_status":"open","ping_status":"closed","sticky":false,"template":"","format":"standard","meta":{"_monsterinsights_skip_tracking":false,"_monsterinsights_sitenote_active":false,"_monsterinsights_sitenote_note":"","_monsterinsights_sitenote_category":0,"footnotes":"","_links_to":"","_links_to_target":""},"categories":[3,1],"tags":[1688,11801,12030],"class_list":["post-115243","post","type-post","status-publish","format-standard","has-post-thumbnail","hentry","category-gliwice","category-wszystko","tag-pit","tag-urzad-skarbowy","tag-zeznanie-podatkowe"],"yoast_head":"<!-- This site is optimized with the Yoast SEO plugin v27.5 - https:\/\/yoast.com\/product\/yoast-seo-wordpress\/ -->\n<title>W tym roku &quot;skarb\u00f3wka&quot; b\u0119dzie przyjmowa\u0107 PIT-y w Urz\u0119dzie Miejskim wyj\u0105tkowo kr\u00f3tko - 24GLIWICE - Portal Gliwice | codziennie nowe informacje<\/title>\n<meta name=\"robots\" content=\"index, follow, max-snippet:-1, max-image-preview:large, max-video-preview:-1\" \/>\n<link rel=\"canonical\" href=\"https:\/\/www.24gliwice.pl\/wiadomosci\/w-tym-roku-skarbowka-bedzie-przyjmowac-pit-y-w-urzedzie-miejskim-wyjatkowo-krotko\/\" \/>\n<meta property=\"og:locale\" content=\"pl_PL\" \/>\n<meta property=\"og:type\" content=\"article\" \/>\n<meta property=\"og:title\" content=\"W tym roku &quot;skarb\u00f3wka&quot; b\u0119dzie przyjmowa\u0107 PIT-y w Urz\u0119dzie Miejskim wyj\u0105tkowo kr\u00f3tko - 24GLIWICE - Portal Gliwice | codziennie nowe informacje\" \/>\n<meta property=\"og:description\" content=\"Tylko przez dwa dni, 17 i 18 kwietnia, ma dzia\u0142a\u0107 w Urz\u0119dzie Miejskim stanowisko skarb\u00f3wki, w kt\u00f3rym b\u0119dzie mo\u017cna z\u0142o\u017cy\u0107 w formie elektronicznej zeznania podatkowe za 2017 rok. To decyzja naczelnika I Urz\u0119du Skarbowego w Gliwicach. Niestety nie uda\u0142o si\u0119 umo\u017cliwi\u0107 gliwiczanom, wzorem 15 poprzednich lat, sk\u0142adania PIT-\u00f3w w UM przez dwa ostatnie tygodnie kwietnia. [&hellip;]\" \/>\n<meta property=\"og:url\" content=\"https:\/\/www.24gliwice.pl\/wiadomosci\/w-tym-roku-skarbowka-bedzie-przyjmowac-pit-y-w-urzedzie-miejskim-wyjatkowo-krotko\/\" \/>\n<meta property=\"og:site_name\" content=\"24GLIWICE - Portal Gliwice | codziennie nowe informacje\" \/>\n<meta property=\"article:publisher\" content=\"https:\/\/www.facebook.com\/24gliwice\" \/>\n<meta property=\"article:published_time\" content=\"2018-04-06T00:36:51+00:00\" \/>\n<meta property=\"og:image\" content=\"https:\/\/www.24gliwice.pl\/wiadomosci\/wp-content\/uploads\/2017\/11\/UM-urz\u0105d-miasta-wej\u015bcie.jpg\" \/>\n\t<meta property=\"og:image:width\" content=\"1200\" \/>\n\t<meta property=\"og:image:height\" content=\"675\" \/>\n\t<meta property=\"og:image:type\" content=\"image\/jpeg\" \/>\n<meta name=\"author\" content=\"\u017baneta Mrozek-Siewierska\" \/>\n<meta name=\"twitter:card\" content=\"summary_large_image\" \/>\n<meta name=\"twitter:creator\" content=\"@24gliwice\" \/>\n<meta name=\"twitter:site\" content=\"@24gliwice\" \/>\n<meta name=\"twitter:label1\" content=\"Napisane przez\" \/>\n\t<meta name=\"twitter:data1\" content=\"\u017baneta Mrozek-Siewierska\" \/>\n\t<meta name=\"twitter:label2\" content=\"Szacowany czas czytania\" \/>\n\t<meta name=\"twitter:data2\" content=\"1 minuta\" \/>\n<script type=\"application\/ld+json\" class=\"yoast-schema-graph\">{\"@context\":\"https:\\\/\\\/schema.org\",\"@graph\":[{\"@type\":\"Article\",\"@id\":\"https:\\\/\\\/www.24gliwice.pl\\\/wiadomosci\\\/w-tym-roku-skarbowka-bedzie-przyjmowac-pit-y-w-urzedzie-miejskim-wyjatkowo-krotko\\\/#article\",\"isPartOf\":{\"@id\":\"https:\\\/\\\/www.24gliwice.pl\\\/wiadomosci\\\/w-tym-roku-skarbowka-bedzie-przyjmowac-pit-y-w-urzedzie-miejskim-wyjatkowo-krotko\\\/\"},\"author\":{\"name\":\"\u017baneta Mrozek-Siewierska\",\"@id\":\"https:\\\/\\\/www.24gliwice.pl\\\/wiadomosci\\\/#\\\/schema\\\/person\\\/e42c650edd7f2fa332be3811fb166b6e\"},\"headline\":\"W tym roku &#8220;skarb\u00f3wka&#8221; b\u0119dzie przyjmowa\u0107 PIT-y w Urz\u0119dzie Miejskim wyj\u0105tkowo kr\u00f3tko\",\"datePublished\":\"2018-04-06T00:36:51+00:00\",\"mainEntityOfPage\":{\"@id\":\"https:\\\/\\\/www.24gliwice.pl\\\/wiadomosci\\\/w-tym-roku-skarbowka-bedzie-przyjmowac-pit-y-w-urzedzie-miejskim-wyjatkowo-krotko\\\/\"},\"wordCount\":252,\"commentCount\":0,\"publisher\":{\"@id\":\"https:\\\/\\\/www.24gliwice.pl\\\/wiadomosci\\\/#organization\"},\"image\":{\"@id\":\"https:\\\/\\\/www.24gliwice.pl\\\/wiadomosci\\\/w-tym-roku-skarbowka-bedzie-przyjmowac-pit-y-w-urzedzie-miejskim-wyjatkowo-krotko\\\/#primaryimage\"},\"thumbnailUrl\":\"https:\\\/\\\/www.24gliwice.pl\\\/wiadomosci\\\/wp-content\\\/uploads\\\/2017\\\/11\\\/UM-urz\u0105d-miasta-wej\u015bcie.jpg\",\"keywords\":[\"PIT\",\"urz\u0105d skarbowy\",\"zeznanie podatkowe\"],\"articleSection\":[\"Gliwice\",\"Najnowsze wiadomo\u015bci\"],\"inLanguage\":\"pl-PL\",\"potentialAction\":[{\"@type\":\"CommentAction\",\"name\":\"Comment\",\"target\":[\"https:\\\/\\\/www.24gliwice.pl\\\/wiadomosci\\\/w-tym-roku-skarbowka-bedzie-przyjmowac-pit-y-w-urzedzie-miejskim-wyjatkowo-krotko\\\/#respond\"]}]},{\"@type\":\"WebPage\",\"@id\":\"https:\\\/\\\/www.24gliwice.pl\\\/wiadomosci\\\/w-tym-roku-skarbowka-bedzie-przyjmowac-pit-y-w-urzedzie-miejskim-wyjatkowo-krotko\\\/\",\"url\":\"https:\\\/\\\/www.24gliwice.pl\\\/wiadomosci\\\/w-tym-roku-skarbowka-bedzie-przyjmowac-pit-y-w-urzedzie-miejskim-wyjatkowo-krotko\\\/\",\"name\":\"W tym roku \\\"skarb\u00f3wka\\\" b\u0119dzie przyjmowa\u0107 PIT-y w Urz\u0119dzie Miejskim wyj\u0105tkowo kr\u00f3tko - 24GLIWICE - Portal Gliwice | codziennie nowe informacje\",\"isPartOf\":{\"@id\":\"https:\\\/\\\/www.24gliwice.pl\\\/wiadomosci\\\/#website\"},\"primaryImageOfPage\":{\"@id\":\"https:\\\/\\\/www.24gliwice.pl\\\/wiadomosci\\\/w-tym-roku-skarbowka-bedzie-przyjmowac-pit-y-w-urzedzie-miejskim-wyjatkowo-krotko\\\/#primaryimage\"},\"image\":{\"@id\":\"https:\\\/\\\/www.24gliwice.pl\\\/wiadomosci\\\/w-tym-roku-skarbowka-bedzie-przyjmowac-pit-y-w-urzedzie-miejskim-wyjatkowo-krotko\\\/#primaryimage\"},\"thumbnailUrl\":\"https:\\\/\\\/www.24gliwice.pl\\\/wiadomosci\\\/wp-content\\\/uploads\\\/2017\\\/11\\\/UM-urz\u0105d-miasta-wej\u015bcie.jpg\",\"datePublished\":\"2018-04-06T00:36:51+00:00\",\"breadcrumb\":{\"@id\":\"https:\\\/\\\/www.24gliwice.pl\\\/wiadomosci\\\/w-tym-roku-skarbowka-bedzie-przyjmowac-pit-y-w-urzedzie-miejskim-wyjatkowo-krotko\\\/#breadcrumb\"},\"inLanguage\":\"pl-PL\",\"potentialAction\":[{\"@type\":\"ReadAction\",\"target\":[\"https:\\\/\\\/www.24gliwice.pl\\\/wiadomosci\\\/w-tym-roku-skarbowka-bedzie-przyjmowac-pit-y-w-urzedzie-miejskim-wyjatkowo-krotko\\\/\"]}]},{\"@type\":\"ImageObject\",\"inLanguage\":\"pl-PL\",\"@id\":\"https:\\\/\\\/www.24gliwice.pl\\\/wiadomosci\\\/w-tym-roku-skarbowka-bedzie-przyjmowac-pit-y-w-urzedzie-miejskim-wyjatkowo-krotko\\\/#primaryimage\",\"url\":\"https:\\\/\\\/www.24gliwice.pl\\\/wiadomosci\\\/wp-content\\\/uploads\\\/2017\\\/11\\\/UM-urz\u0105d-miasta-wej\u015bcie.jpg\",\"contentUrl\":\"https:\\\/\\\/www.24gliwice.pl\\\/wiadomosci\\\/wp-content\\\/uploads\\\/2017\\\/11\\\/UM-urz\u0105d-miasta-wej\u015bcie.jpg\",\"width\":1200,\"height\":675},{\"@type\":\"BreadcrumbList\",\"@id\":\"https:\\\/\\\/www.24gliwice.pl\\\/wiadomosci\\\/w-tym-roku-skarbowka-bedzie-przyjmowac-pit-y-w-urzedzie-miejskim-wyjatkowo-krotko\\\/#breadcrumb\",\"itemListElement\":[{\"@type\":\"ListItem\",\"position\":1,\"name\":\"Strona g\u0142\u00f3wna\",\"item\":\"https:\\\/\\\/www.24gliwice.pl\\\/wiadomosci\\\/\"},{\"@type\":\"ListItem\",\"position\":2,\"name\":\"W tym roku &#8222;skarb\u00f3wka&#8221; b\u0119dzie przyjmowa\u0107 PIT-y w Urz\u0119dzie Miejskim wyj\u0105tkowo kr\u00f3tko\"}]},{\"@type\":\"WebSite\",\"@id\":\"https:\\\/\\\/www.24gliwice.pl\\\/wiadomosci\\\/#website\",\"url\":\"https:\\\/\\\/www.24gliwice.pl\\\/wiadomosci\\\/\",\"name\":\"24GLIWICE - Portal Gliwice | codziennie nowe wiadomo\u015bci\",\"description\":\"Portal Miejski Gliwice\",\"publisher\":{\"@id\":\"https:\\\/\\\/www.24gliwice.pl\\\/wiadomosci\\\/#organization\"},\"potentialAction\":[{\"@type\":\"SearchAction\",\"target\":{\"@type\":\"EntryPoint\",\"urlTemplate\":\"https:\\\/\\\/www.24gliwice.pl\\\/wiadomosci\\\/?s={search_term_string}\"},\"query-input\":{\"@type\":\"PropertyValueSpecification\",\"valueRequired\":true,\"valueName\":\"search_term_string\"}}],\"inLanguage\":\"pl-PL\"},{\"@type\":\"Organization\",\"@id\":\"https:\\\/\\\/www.24gliwice.pl\\\/wiadomosci\\\/#organization\",\"name\":\"24gliwice\",\"url\":\"https:\\\/\\\/www.24gliwice.pl\\\/wiadomosci\\\/\",\"logo\":{\"@type\":\"ImageObject\",\"inLanguage\":\"pl-PL\",\"@id\":\"https:\\\/\\\/www.24gliwice.pl\\\/wiadomosci\\\/#\\\/schema\\\/logo\\\/image\\\/\",\"url\":\"https:\\\/\\\/www.24gliwice.pl\\\/wiadomosci\\\/wp-content\\\/uploads\\\/2024\\\/10\\\/24gliwice-logo-696.jpg\",\"contentUrl\":\"https:\\\/\\\/www.24gliwice.pl\\\/wiadomosci\\\/wp-content\\\/uploads\\\/2024\\\/10\\\/24gliwice-logo-696.jpg\",\"width\":696,\"height\":696,\"caption\":\"24gliwice\"},\"image\":{\"@id\":\"https:\\\/\\\/www.24gliwice.pl\\\/wiadomosci\\\/#\\\/schema\\\/logo\\\/image\\\/\"},\"sameAs\":[\"https:\\\/\\\/www.facebook.com\\\/24gliwice\",\"https:\\\/\\\/x.com\\\/24gliwice\",\"https:\\\/\\\/www.youtube.com\\\/@24gliwice\"]},{\"@type\":\"Person\",\"@id\":\"https:\\\/\\\/www.24gliwice.pl\\\/wiadomosci\\\/#\\\/schema\\\/person\\\/e42c650edd7f2fa332be3811fb166b6e\",\"name\":\"\u017baneta Mrozek-Siewierska\",\"image\":{\"@type\":\"ImageObject\",\"inLanguage\":\"pl-PL\",\"@id\":\"https:\\\/\\\/secure.gravatar.com\\\/avatar\\\/1881429e9c64597c77ad7aef2d0a19be69a3253e57534d16aa15bf3a4d34a0a3?s=96&d=mm&r=g\",\"url\":\"https:\\\/\\\/secure.gravatar.com\\\/avatar\\\/1881429e9c64597c77ad7aef2d0a19be69a3253e57534d16aa15bf3a4d34a0a3?s=96&d=mm&r=g\",\"contentUrl\":\"https:\\\/\\\/secure.gravatar.com\\\/avatar\\\/1881429e9c64597c77ad7aef2d0a19be69a3253e57534d16aa15bf3a4d34a0a3?s=96&d=mm&r=g\",\"caption\":\"\u017baneta Mrozek-Siewierska\"},\"url\":\"https:\\\/\\\/www.24gliwice.pl\\\/wiadomosci\\\/author\\\/zms\\\/\"}]}<\/script>\n<!-- \/ Yoast SEO plugin. -->","yoast_head_json":{"title":"W tym roku \"skarb\u00f3wka\" b\u0119dzie przyjmowa\u0107 PIT-y w Urz\u0119dzie Miejskim wyj\u0105tkowo kr\u00f3tko - 24GLIWICE - Portal Gliwice | codziennie nowe informacje","robots":{"index":"index","follow":"follow","max-snippet":"max-snippet:-1","max-image-preview":"max-image-preview:large","max-video-preview":"max-video-preview:-1"},"canonical":"https:\/\/www.24gliwice.pl\/wiadomosci\/w-tym-roku-skarbowka-bedzie-przyjmowac-pit-y-w-urzedzie-miejskim-wyjatkowo-krotko\/","og_locale":"pl_PL","og_type":"article","og_title":"W tym roku \"skarb\u00f3wka\" b\u0119dzie przyjmowa\u0107 PIT-y w Urz\u0119dzie Miejskim wyj\u0105tkowo kr\u00f3tko - 24GLIWICE - Portal Gliwice | codziennie nowe informacje","og_description":"Tylko przez dwa dni, 17 i 18 kwietnia, ma dzia\u0142a\u0107 w Urz\u0119dzie Miejskim stanowisko skarb\u00f3wki, w kt\u00f3rym b\u0119dzie mo\u017cna z\u0142o\u017cy\u0107 w formie elektronicznej zeznania podatkowe za 2017 rok. To decyzja naczelnika I Urz\u0119du Skarbowego w Gliwicach. Niestety nie uda\u0142o si\u0119 umo\u017cliwi\u0107 gliwiczanom, wzorem 15 poprzednich lat, sk\u0142adania PIT-\u00f3w w UM przez dwa ostatnie tygodnie kwietnia. [&hellip;]","og_url":"https:\/\/www.24gliwice.pl\/wiadomosci\/w-tym-roku-skarbowka-bedzie-przyjmowac-pit-y-w-urzedzie-miejskim-wyjatkowo-krotko\/","og_site_name":"24GLIWICE - Portal Gliwice | codziennie nowe informacje","article_publisher":"https:\/\/www.facebook.com\/24gliwice","article_published_time":"2018-04-06T00:36:51+00:00","og_image":[{"width":1200,"height":675,"url":"https:\/\/www.24gliwice.pl\/wiadomosci\/wp-content\/uploads\/2017\/11\/UM-urz\u0105d-miasta-wej\u015bcie.jpg","type":"image\/jpeg"}],"author":"\u017baneta Mrozek-Siewierska","twitter_card":"summary_large_image","twitter_creator":"@24gliwice","twitter_site":"@24gliwice","twitter_misc":{"Napisane przez":"\u017baneta Mrozek-Siewierska","Szacowany czas czytania":"1 minuta"},"schema":{"@context":"https:\/\/schema.org","@graph":[{"@type":"Article","@id":"https:\/\/www.24gliwice.pl\/wiadomosci\/w-tym-roku-skarbowka-bedzie-przyjmowac-pit-y-w-urzedzie-miejskim-wyjatkowo-krotko\/#article","isPartOf":{"@id":"https:\/\/www.24gliwice.pl\/wiadomosci\/w-tym-roku-skarbowka-bedzie-przyjmowac-pit-y-w-urzedzie-miejskim-wyjatkowo-krotko\/"},"author":{"name":"\u017baneta Mrozek-Siewierska","@id":"https:\/\/www.24gliwice.pl\/wiadomosci\/#\/schema\/person\/e42c650edd7f2fa332be3811fb166b6e"},"headline":"W tym roku &#8220;skarb\u00f3wka&#8221; b\u0119dzie przyjmowa\u0107 PIT-y w Urz\u0119dzie Miejskim wyj\u0105tkowo kr\u00f3tko","datePublished":"2018-04-06T00:36:51+00:00","mainEntityOfPage":{"@id":"https:\/\/www.24gliwice.pl\/wiadomosci\/w-tym-roku-skarbowka-bedzie-przyjmowac-pit-y-w-urzedzie-miejskim-wyjatkowo-krotko\/"},"wordCount":252,"commentCount":0,"publisher":{"@id":"https:\/\/www.24gliwice.pl\/wiadomosci\/#organization"},"image":{"@id":"https:\/\/www.24gliwice.pl\/wiadomosci\/w-tym-roku-skarbowka-bedzie-przyjmowac-pit-y-w-urzedzie-miejskim-wyjatkowo-krotko\/#primaryimage"},"thumbnailUrl":"https:\/\/www.24gliwice.pl\/wiadomosci\/wp-content\/uploads\/2017\/11\/UM-urz\u0105d-miasta-wej\u015bcie.jpg","keywords":["PIT","urz\u0105d skarbowy","zeznanie podatkowe"],"articleSection":["Gliwice","Najnowsze wiadomo\u015bci"],"inLanguage":"pl-PL","potentialAction":[{"@type":"CommentAction","name":"Comment","target":["https:\/\/www.24gliwice.pl\/wiadomosci\/w-tym-roku-skarbowka-bedzie-przyjmowac-pit-y-w-urzedzie-miejskim-wyjatkowo-krotko\/#respond"]}]},{"@type":"WebPage","@id":"https:\/\/www.24gliwice.pl\/wiadomosci\/w-tym-roku-skarbowka-bedzie-przyjmowac-pit-y-w-urzedzie-miejskim-wyjatkowo-krotko\/","url":"https:\/\/www.24gliwice.pl\/wiadomosci\/w-tym-roku-skarbowka-bedzie-przyjmowac-pit-y-w-urzedzie-miejskim-wyjatkowo-krotko\/","name":"W tym roku \"skarb\u00f3wka\" b\u0119dzie przyjmowa\u0107 PIT-y w Urz\u0119dzie Miejskim wyj\u0105tkowo kr\u00f3tko - 24GLIWICE - Portal Gliwice | codziennie nowe informacje","isPartOf":{"@id":"https:\/\/www.24gliwice.pl\/wiadomosci\/#website"},"primaryImageOfPage":{"@id":"https:\/\/www.24gliwice.pl\/wiadomosci\/w-tym-roku-skarbowka-bedzie-przyjmowac-pit-y-w-urzedzie-miejskim-wyjatkowo-krotko\/#primaryimage"},"image":{"@id":"https:\/\/www.24gliwice.pl\/wiadomosci\/w-tym-roku-skarbowka-bedzie-przyjmowac-pit-y-w-urzedzie-miejskim-wyjatkowo-krotko\/#primaryimage"},"thumbnailUrl":"https:\/\/www.24gliwice.pl\/wiadomosci\/wp-content\/uploads\/2017\/11\/UM-urz\u0105d-miasta-wej\u015bcie.jpg","datePublished":"2018-04-06T00:36:51+00:00","breadcrumb":{"@id":"https:\/\/www.24gliwice.pl\/wiadomosci\/w-tym-roku-skarbowka-bedzie-przyjmowac-pit-y-w-urzedzie-miejskim-wyjatkowo-krotko\/#breadcrumb"},"inLanguage":"pl-PL","potentialAction":[{"@type":"ReadAction","target":["https:\/\/www.24gliwice.pl\/wiadomosci\/w-tym-roku-skarbowka-bedzie-przyjmowac-pit-y-w-urzedzie-miejskim-wyjatkowo-krotko\/"]}]},{"@type":"ImageObject","inLanguage":"pl-PL","@id":"https:\/\/www.24gliwice.pl\/wiadomosci\/w-tym-roku-skarbowka-bedzie-przyjmowac-pit-y-w-urzedzie-miejskim-wyjatkowo-krotko\/#primaryimage","url":"https:\/\/www.24gliwice.pl\/wiadomosci\/wp-content\/uploads\/2017\/11\/UM-urz\u0105d-miasta-wej\u015bcie.jpg","contentUrl":"https:\/\/www.24gliwice.pl\/wiadomosci\/wp-content\/uploads\/2017\/11\/UM-urz\u0105d-miasta-wej\u015bcie.jpg","width":1200,"height":675},{"@type":"BreadcrumbList","@id":"https:\/\/www.24gliwice.pl\/wiadomosci\/w-tym-roku-skarbowka-bedzie-przyjmowac-pit-y-w-urzedzie-miejskim-wyjatkowo-krotko\/#breadcrumb","itemListElement":[{"@type":"ListItem","position":1,"name":"Strona g\u0142\u00f3wna","item":"https:\/\/www.24gliwice.pl\/wiadomosci\/"},{"@type":"ListItem","position":2,"name":"W tym roku &#8222;skarb\u00f3wka&#8221; b\u0119dzie przyjmowa\u0107 PIT-y w Urz\u0119dzie Miejskim wyj\u0105tkowo kr\u00f3tko"}]},{"@type":"WebSite","@id":"https:\/\/www.24gliwice.pl\/wiadomosci\/#website","url":"https:\/\/www.24gliwice.pl\/wiadomosci\/","name":"24GLIWICE - Portal Gliwice | codziennie nowe wiadomo\u015bci","description":"Portal Miejski Gliwice","publisher":{"@id":"https:\/\/www.24gliwice.pl\/wiadomosci\/#organization"},"potentialAction":[{"@type":"SearchAction","target":{"@type":"EntryPoint","urlTemplate":"https:\/\/www.24gliwice.pl\/wiadomosci\/?s={search_term_string}"},"query-input":{"@type":"PropertyValueSpecification","valueRequired":true,"valueName":"search_term_string"}}],"inLanguage":"pl-PL"},{"@type":"Organization","@id":"https:\/\/www.24gliwice.pl\/wiadomosci\/#organization","name":"24gliwice","url":"https:\/\/www.24gliwice.pl\/wiadomosci\/","logo":{"@type":"ImageObject","inLanguage":"pl-PL","@id":"https:\/\/www.24gliwice.pl\/wiadomosci\/#\/schema\/logo\/image\/","url":"https:\/\/www.24gliwice.pl\/wiadomosci\/wp-content\/uploads\/2024\/10\/24gliwice-logo-696.jpg","contentUrl":"https:\/\/www.24gliwice.pl\/wiadomosci\/wp-content\/uploads\/2024\/10\/24gliwice-logo-696.jpg","width":696,"height":696,"caption":"24gliwice"},"image":{"@id":"https:\/\/www.24gliwice.pl\/wiadomosci\/#\/schema\/logo\/image\/"},"sameAs":["https:\/\/www.facebook.com\/24gliwice","https:\/\/x.com\/24gliwice","https:\/\/www.youtube.com\/@24gliwice"]},{"@type":"Person","@id":"https:\/\/www.24gliwice.pl\/wiadomosci\/#\/schema\/person\/e42c650edd7f2fa332be3811fb166b6e","name":"\u017baneta Mrozek-Siewierska","image":{"@type":"ImageObject","inLanguage":"pl-PL","@id":"https:\/\/secure.gravatar.com\/avatar\/1881429e9c64597c77ad7aef2d0a19be69a3253e57534d16aa15bf3a4d34a0a3?s=96&d=mm&r=g","url":"https:\/\/secure.gravatar.com\/avatar\/1881429e9c64597c77ad7aef2d0a19be69a3253e57534d16aa15bf3a4d34a0a3?s=96&d=mm&r=g","contentUrl":"https:\/\/secure.gravatar.com\/avatar\/1881429e9c64597c77ad7aef2d0a19be69a3253e57534d16aa15bf3a4d34a0a3?s=96&d=mm&r=g","caption":"\u017baneta Mrozek-Siewierska"},"url":"https:\/\/www.24gliwice.pl\/wiadomosci\/author\/zms\/"}]}},"_links":{"self":[{"href":"https:\/\/www.24gliwice.pl\/wiadomosci\/wp-json\/wp\/v2\/posts\/115243","targetHints":{"allow":["GET"]}}],"collection":[{"href":"https:\/\/www.24gliwice.pl\/wiadomosci\/wp-json\/wp\/v2\/posts"}],"about":[{"href":"https:\/\/www.24gliwice.pl\/wiadomosci\/wp-json\/wp\/v2\/types\/post"}],"author":[{"embeddable":true,"href":"https:\/\/www.24gliwice.pl\/wiadomosci\/wp-json\/wp\/v2\/users\/15"}],"replies":[{"embeddable":true,"href":"https:\/\/www.24gliwice.pl\/wiadomosci\/wp-json\/wp\/v2\/comments?post=115243"}],"version-history":[{"count":0,"href":"https:\/\/www.24gliwice.pl\/wiadomosci\/wp-json\/wp\/v2\/posts\/115243\/revisions"}],"wp:featuredmedia":[{"embeddable":true,"href":"https:\/\/www.24gliwice.pl\/wiadomosci\/wp-json\/wp\/v2\/media\/107901"}],"wp:attachment":[{"href":"https:\/\/www.24gliwice.pl\/wiadomosci\/wp-json\/wp\/v2\/media?parent=115243"}],"wp:term":[{"taxonomy":"category","embeddable":true,"href":"https:\/\/www.24gliwice.pl\/wiadomosci\/wp-json\/wp\/v2\/categories?post=115243"},{"taxonomy":"post_tag","embeddable":true,"href":"https:\/\/www.24gliwice.pl\/wiadomosci\/wp-json\/wp\/v2\/tags?post=115243"}],"curies":[{"name":"wp","href":"https:\/\/api.w.org\/{rel}","templated":true}]}}