{"id":115341,"date":"2018-04-06T21:21:56","date_gmt":"2018-04-06T19:21:56","guid":{"rendered":"https:\/\/www.24gliwice.pl\/wiadomosci\/?p=115341"},"modified":"2018-04-06T21:21:56","modified_gmt":"2018-04-06T19:21:56","slug":"prawie-29-mln-zlotych-dla-politechniki-slaskiej","status":"publish","type":"post","link":"https:\/\/www.24gliwice.pl\/wiadomosci\/prawie-29-mln-zlotych-dla-politechniki-slaskiej\/","title":{"rendered":"Prawie 29 mln z\u0142otych dla Politechniki \u015al\u0105skiej. Symboliczny czek wr\u0119czy\u0142 minister J. Gowin"},"content":{"rendered":"<div class=\"gliwi-a6-nad-leadem-artykulow gliwi-entity-placement\" id=\"gliwi-596404703\"><div class=\"gliwi-adlabel\"><span style=\"font-size: 9px\">REKLAMA<\/span><\/div><div id=\"gliwi-1253576572\" style=\"margin-bottom: 25px;margin-left: auto;margin-right: auto;text-align: center;\"><a data-no-instant=\"1\" href=\"https:\/\/dom100.eu\/\" rel=\"noopener\" class=\"a2t-link\" target=\"_blank\" aria-label=\"20260415 DOM100 D\"><img loading=\"lazy\" decoding=\"async\" src=\"https:\/\/www.24gliwice.pl\/wiadomosci\/wp-content\/uploads\/2026\/04\/20260415-DOM100-D.jpg\" alt=\"\"  srcset=\"https:\/\/www.24gliwice.pl\/wiadomosci\/wp-content\/uploads\/2026\/04\/20260415-DOM100-D.jpg 750w, https:\/\/www.24gliwice.pl\/wiadomosci\/wp-content\/uploads\/2026\/04\/20260415-DOM100-D-410x109.jpg 410w\" sizes=\"(max-width: 750px) 100vw, 750px\" class=\"no-lazyload\" width=\"750\" height=\"200\"  style=\"display: inline-block; max-width: 100%; height: auto;\" \/><\/a><\/div><\/div><h3>Symboliczny czek na niemal 29 mln z\u0142 dla Politechniki \u015al\u0105skiej na unowocze\u015bnienie kszta\u0142cenia odebra\u0142 w pi\u0105tek na gliwickiej uczelni z r\u0105k wicepremiera, ministra nauki i szkolnictwa wy\u017cszego Jaros\u0142awa Gowina rektor prof. Arkadiusz M\u0119\u017cyk. <\/h3>\n<p>Poza Politechnik\u0105 \u015al\u0105sk\u0105 czeki odebrali r\u00f3wnie\u017c rektorzy sze\u015bciu innych uczelni, kt\u00f3re otrzyma\u0142y dofinansowanie w ramach I i II \u015bcie\u017cki konkursu \u201eZintegrowane Programy Uczelni\u201d. <\/p>\n<p>Politechnika \u015al\u0105ska otrzyma\u0142a drugie najwi\u0119ksze dofinansowanie w ramach I \u015bcie\u017cki spo\u015br\u00f3d wszystkich polskich szk\u00f3\u0142 wy\u017cszych!<\/p><div class=\"gliwi-a3-w-tresci-artykulow gliwi-entity-placement\" id=\"gliwi-2043212461\"><div class=\"gliwi-adlabel\"><span style=\"font-size: 9px\">REKLAMA<\/span><\/div><div id=\"gliwi-506593562\" style=\"margin-bottom: 30px;margin-left: auto;margin-right: auto;text-align: center;\"><a data-no-instant=\"1\" href=\"https:\/\/zlobek.halogen.org.pl\/\" rel=\"noopener\" class=\"a2t-link\" target=\"_blank\" aria-label=\"animator-zlobek_750x200\"><img loading=\"lazy\" decoding=\"async\" src=\"https:\/\/www.24gliwice.pl\/wiadomosci\/wp-content\/uploads\/2026\/02\/animator-zlobek_750x200.webp\" alt=\"\"  srcset=\"https:\/\/www.24gliwice.pl\/wiadomosci\/wp-content\/uploads\/2026\/02\/animator-zlobek_750x200.webp 750w, https:\/\/www.24gliwice.pl\/wiadomosci\/wp-content\/uploads\/2026\/02\/animator-zlobek_750x200-410x109.webp 410w\" sizes=\"(max-width: 750px) 100vw, 750px\" class=\"no-lazyload\" width=\"750\" height=\"200\"  style=\"display: inline-block; max-width: 100%; height: auto;\" \/><\/a><\/div><\/div>\n<blockquote><p>\u2013 W konkursie, w kt\u00f3rym oceniane by\u0142y zintegrowane ca\u0142o\u015bciowe strategie rozwoju uczelni, wszystkie \u015bl\u0105skie uczelnie wypad\u0142y znakomicie. \u0141\u0105cznie na plany rozwojowe dla uczelni wojew\u00f3dztwa \u015bl\u0105skiego przeznaczymy blisko 70 mln z\u0142. Chc\u0119 zapewni\u0107, \u017ce te symboliczne czeki jak najszybciej zamieni\u0105 si\u0119 w \u017cyw\u0105 got\u00f3wk\u0119 <\/p><\/blockquote>\n<p>\u2013 podkre\u015bla\u0142 podczas uroczysto\u015bci minister nauki i szkolnictwa wy\u017cszego.<\/p>\n<p>\u201eZintegrowane Programy Uczelni\u201d to kolejny projekt Narodowego Centrum Bada\u0144 i Rozwoju, kt\u00f3rego celem jest rozwijanie szkolnictwa wy\u017cszego w taki spos\u00f3b, by jak najpe\u0142niej realizowa\u0142o aktualne potrzeby spo\u0142eczne i gospodarcze naszego kraju. Gliwicka uczelnia uzyska\u0142a dofinansowanie na projekt \u201ePolitechnika \u015al\u0105ska jako Centrum Nowoczesnego Kszta\u0142cenia opartego o badania i innowacje\u201d.<\/p>\n<p>Celem nagrodzonego projektu jest przeprowadzenie w ci\u0105gu najbli\u017cszych czterech lat g\u0142\u0119bokich zmian w zakresie kszta\u0142cenia oraz funkcjonowania gliwickiej uczelni, tak aby Politechnika \u015al\u0105ska mog\u0142a pe\u0142ni\u0107 rol\u0119 Centrum Nowoczesnego Kszta\u0142cenia opartego o badania i innowacje. Uzyskana kwota zostanie przeznaczona przede wszystkim na unowocze\u015bnienie kszta\u0142cenia na wszystkich studiach prowadzonych na Politechnice \u015al\u0105skiej. B\u0119dzie ono mia\u0142o bardziej interdyscyplinarny charakter ni\u017c dotychczas. <\/p>\n<p>Na Politechnice \u015al\u0105skiej b\u0119dzie tak\u017ce rozwijana nowoczesna Szko\u0142a Doktor\u00f3w, kt\u00f3ra b\u0119dzie oferowa\u0142a interdyscyplinarny model kszta\u0142cenia w 11 dyscyplinach naukowych. Zostan\u0105 r\u00f3wnie\u017c uruchomione kolejne kierunki studi\u00f3w w j\u0119zyku angielskim, co wp\u0142ynie na wzrost umi\u0119dzynarodowienia uczelni. Obecnie Politechnika \u015al\u0105ska oferuje studia w j\u0119zyku angielskim na 16 kierunkach.<\/p>\n<div class=\"gliwi-a5-na-koncu-artykulow gliwi-entity-placement\" id=\"gliwi-2933854013\"><div class=\"gliwi-adlabel\"><span style=\"font-size: 9px\">REKLAMA<\/span><\/div><div id=\"gliwi-2838327612\" style=\"margin-left: auto;margin-right: auto;text-align: center;\"><a data-no-instant=\"1\" href=\"https:\/\/prezeroarenagliwice.pl\/\" rel=\"noopener\" class=\"a2t-link\" target=\"_blank\" aria-label=\"20260309-PREZERO-WIOSNA-D\"><img loading=\"lazy\" decoding=\"async\" src=\"https:\/\/www.24gliwice.pl\/wiadomosci\/wp-content\/uploads\/2026\/03\/20260309-PREZERO-WIOSNA-D.webp\" alt=\"\"  srcset=\"https:\/\/www.24gliwice.pl\/wiadomosci\/wp-content\/uploads\/2026\/03\/20260309-PREZERO-WIOSNA-D.webp 750w, https:\/\/www.24gliwice.pl\/wiadomosci\/wp-content\/uploads\/2026\/03\/20260309-PREZERO-WIOSNA-D-410x109.webp 410w\" sizes=\"(max-width: 750px) 100vw, 750px\" class=\"no-lazyload\" width=\"750\" height=\"200\"  style=\"display: inline-block; max-width: 100%; height: auto;\" \/><\/a><\/div><\/div>","protected":false},"excerpt":{"rendered":"<p>Symboliczny czek na niemal 29 mln z\u0142 dla Politechniki \u015al\u0105skiej na unowocze\u015bnienie kszta\u0142cenia odebra\u0142 w pi\u0105tek na gliwickiej uczelni z r\u0105k wicepremiera, ministra nauki i szkolnictwa wy\u017cszego Jaros\u0142awa Gowina rektor prof. Arkadiusz M\u0119\u017cyk. Poza Politechnik\u0105 \u015al\u0105sk\u0105 czeki odebrali r\u00f3wnie\u017c rektorzy sze\u015bciu innych uczelni, kt\u00f3re otrzyma\u0142y dofinansowanie w ramach I i II \u015bcie\u017cki konkursu \u201eZintegrowane Programy [&hellip;]<\/p>\n","protected":false},"author":4,"featured_media":115343,"comment_status":"open","ping_status":"closed","sticky":false,"template":"","format":"standard","meta":{"_monsterinsights_skip_tracking":false,"_monsterinsights_sitenote_active":false,"_monsterinsights_sitenote_note":"","_monsterinsights_sitenote_category":0,"footnotes":"","_links_to":"","_links_to_target":""},"categories":[3,1],"tags":[5739,4397,219],"class_list":["post-115341","post","type-post","status-publish","format-standard","has-post-thumbnail","hentry","category-gliwice","category-wszystko","tag-dofinansowanie","tag-jaroslaw-gowin","tag-politechnika-slaska"],"yoast_head":"<!-- This site is optimized with the Yoast SEO plugin v27.5 - https:\/\/yoast.com\/product\/yoast-seo-wordpress\/ -->\n<title>Prawie 29 mln z\u0142otych dla Politechniki \u015al\u0105skiej. Symboliczny czek wr\u0119czy\u0142 minister J. Gowin - 24GLIWICE - Portal Gliwice | codziennie nowe informacje<\/title>\n<meta name=\"robots\" content=\"index, follow, max-snippet:-1, max-image-preview:large, max-video-preview:-1\" \/>\n<link rel=\"canonical\" href=\"https:\/\/www.24gliwice.pl\/wiadomosci\/prawie-29-mln-zlotych-dla-politechniki-slaskiej\/\" \/>\n<meta property=\"og:locale\" content=\"pl_PL\" \/>\n<meta property=\"og:type\" content=\"article\" \/>\n<meta property=\"og:title\" content=\"Prawie 29 mln z\u0142otych dla Politechniki \u015al\u0105skiej. Symboliczny czek wr\u0119czy\u0142 minister J. Gowin - 24GLIWICE - Portal Gliwice | codziennie nowe informacje\" \/>\n<meta property=\"og:description\" content=\"Symboliczny czek na niemal 29 mln z\u0142 dla Politechniki \u015al\u0105skiej na unowocze\u015bnienie kszta\u0142cenia odebra\u0142 w pi\u0105tek na gliwickiej uczelni z r\u0105k wicepremiera, ministra nauki i szkolnictwa wy\u017cszego Jaros\u0142awa Gowina rektor prof. Arkadiusz M\u0119\u017cyk. Poza Politechnik\u0105 \u015al\u0105sk\u0105 czeki odebrali r\u00f3wnie\u017c rektorzy sze\u015bciu innych uczelni, kt\u00f3re otrzyma\u0142y dofinansowanie w ramach I i II \u015bcie\u017cki konkursu \u201eZintegrowane Programy [&hellip;]\" \/>\n<meta property=\"og:url\" content=\"https:\/\/www.24gliwice.pl\/wiadomosci\/prawie-29-mln-zlotych-dla-politechniki-slaskiej\/\" \/>\n<meta property=\"og:site_name\" content=\"24GLIWICE - Portal Gliwice | codziennie nowe informacje\" \/>\n<meta property=\"article:publisher\" content=\"https:\/\/www.facebook.com\/24gliwice\" \/>\n<meta property=\"article:author\" content=\"https:\/\/www.facebook.com\/marcin.fabrykowski\" \/>\n<meta property=\"article:published_time\" content=\"2018-04-06T19:21:56+00:00\" \/>\n<meta property=\"og:image\" content=\"https:\/\/www.24gliwice.pl\/wiadomosci\/wp-content\/uploads\/2018\/04\/gowin-politechnika-czek.jpg\" \/>\n\t<meta property=\"og:image:width\" content=\"725\" \/>\n\t<meta property=\"og:image:height\" content=\"432\" \/>\n\t<meta property=\"og:image:type\" content=\"image\/jpeg\" \/>\n<meta name=\"author\" content=\"Marcin Fabrykowski\" \/>\n<meta name=\"twitter:card\" content=\"summary_large_image\" \/>\n<meta name=\"twitter:creator\" content=\"@24gliwice\" \/>\n<meta name=\"twitter:site\" content=\"@24gliwice\" \/>\n<meta name=\"twitter:label1\" content=\"Napisane przez\" \/>\n\t<meta name=\"twitter:data1\" content=\"Marcin Fabrykowski\" \/>\n\t<meta name=\"twitter:label2\" content=\"Szacowany czas czytania\" \/>\n\t<meta name=\"twitter:data2\" content=\"2 minuty\" \/>\n<script type=\"application\/ld+json\" class=\"yoast-schema-graph\">{\"@context\":\"https:\\\/\\\/schema.org\",\"@graph\":[{\"@type\":\"Article\",\"@id\":\"https:\\\/\\\/www.24gliwice.pl\\\/wiadomosci\\\/prawie-29-mln-zlotych-dla-politechniki-slaskiej\\\/#article\",\"isPartOf\":{\"@id\":\"https:\\\/\\\/www.24gliwice.pl\\\/wiadomosci\\\/prawie-29-mln-zlotych-dla-politechniki-slaskiej\\\/\"},\"author\":{\"name\":\"Marcin Fabrykowski\",\"@id\":\"https:\\\/\\\/www.24gliwice.pl\\\/wiadomosci\\\/#\\\/schema\\\/person\\\/cb5857e4a4d048c15984c1edcc8ef0c0\"},\"headline\":\"Prawie 29 mln z\u0142otych dla Politechniki \u015al\u0105skiej. Symboliczny czek wr\u0119czy\u0142 minister J. Gowin\",\"datePublished\":\"2018-04-06T19:21:56+00:00\",\"mainEntityOfPage\":{\"@id\":\"https:\\\/\\\/www.24gliwice.pl\\\/wiadomosci\\\/prawie-29-mln-zlotych-dla-politechniki-slaskiej\\\/\"},\"wordCount\":354,\"commentCount\":0,\"publisher\":{\"@id\":\"https:\\\/\\\/www.24gliwice.pl\\\/wiadomosci\\\/#organization\"},\"image\":{\"@id\":\"https:\\\/\\\/www.24gliwice.pl\\\/wiadomosci\\\/prawie-29-mln-zlotych-dla-politechniki-slaskiej\\\/#primaryimage\"},\"thumbnailUrl\":\"https:\\\/\\\/www.24gliwice.pl\\\/wiadomosci\\\/wp-content\\\/uploads\\\/2018\\\/04\\\/gowin-politechnika-czek.jpg\",\"keywords\":[\"DOFINANSOWANIE\",\"Jaros\u0142aw Gowin\",\"POLITECHNIKA \u015aL\u0104SKA\"],\"articleSection\":[\"Gliwice\",\"Najnowsze wiadomo\u015bci\"],\"inLanguage\":\"pl-PL\",\"potentialAction\":[{\"@type\":\"CommentAction\",\"name\":\"Comment\",\"target\":[\"https:\\\/\\\/www.24gliwice.pl\\\/wiadomosci\\\/prawie-29-mln-zlotych-dla-politechniki-slaskiej\\\/#respond\"]}]},{\"@type\":\"WebPage\",\"@id\":\"https:\\\/\\\/www.24gliwice.pl\\\/wiadomosci\\\/prawie-29-mln-zlotych-dla-politechniki-slaskiej\\\/\",\"url\":\"https:\\\/\\\/www.24gliwice.pl\\\/wiadomosci\\\/prawie-29-mln-zlotych-dla-politechniki-slaskiej\\\/\",\"name\":\"Prawie 29 mln z\u0142otych dla Politechniki \u015al\u0105skiej. Symboliczny czek wr\u0119czy\u0142 minister J. Gowin - 24GLIWICE - Portal Gliwice | codziennie nowe informacje\",\"isPartOf\":{\"@id\":\"https:\\\/\\\/www.24gliwice.pl\\\/wiadomosci\\\/#website\"},\"primaryImageOfPage\":{\"@id\":\"https:\\\/\\\/www.24gliwice.pl\\\/wiadomosci\\\/prawie-29-mln-zlotych-dla-politechniki-slaskiej\\\/#primaryimage\"},\"image\":{\"@id\":\"https:\\\/\\\/www.24gliwice.pl\\\/wiadomosci\\\/prawie-29-mln-zlotych-dla-politechniki-slaskiej\\\/#primaryimage\"},\"thumbnailUrl\":\"https:\\\/\\\/www.24gliwice.pl\\\/wiadomosci\\\/wp-content\\\/uploads\\\/2018\\\/04\\\/gowin-politechnika-czek.jpg\",\"datePublished\":\"2018-04-06T19:21:56+00:00\",\"breadcrumb\":{\"@id\":\"https:\\\/\\\/www.24gliwice.pl\\\/wiadomosci\\\/prawie-29-mln-zlotych-dla-politechniki-slaskiej\\\/#breadcrumb\"},\"inLanguage\":\"pl-PL\",\"potentialAction\":[{\"@type\":\"ReadAction\",\"target\":[\"https:\\\/\\\/www.24gliwice.pl\\\/wiadomosci\\\/prawie-29-mln-zlotych-dla-politechniki-slaskiej\\\/\"]}]},{\"@type\":\"ImageObject\",\"inLanguage\":\"pl-PL\",\"@id\":\"https:\\\/\\\/www.24gliwice.pl\\\/wiadomosci\\\/prawie-29-mln-zlotych-dla-politechniki-slaskiej\\\/#primaryimage\",\"url\":\"https:\\\/\\\/www.24gliwice.pl\\\/wiadomosci\\\/wp-content\\\/uploads\\\/2018\\\/04\\\/gowin-politechnika-czek.jpg\",\"contentUrl\":\"https:\\\/\\\/www.24gliwice.pl\\\/wiadomosci\\\/wp-content\\\/uploads\\\/2018\\\/04\\\/gowin-politechnika-czek.jpg\",\"width\":725,\"height\":432},{\"@type\":\"BreadcrumbList\",\"@id\":\"https:\\\/\\\/www.24gliwice.pl\\\/wiadomosci\\\/prawie-29-mln-zlotych-dla-politechniki-slaskiej\\\/#breadcrumb\",\"itemListElement\":[{\"@type\":\"ListItem\",\"position\":1,\"name\":\"Strona g\u0142\u00f3wna\",\"item\":\"https:\\\/\\\/www.24gliwice.pl\\\/wiadomosci\\\/\"},{\"@type\":\"ListItem\",\"position\":2,\"name\":\"Prawie 29 mln z\u0142otych dla Politechniki \u015al\u0105skiej. Symboliczny czek wr\u0119czy\u0142 minister J. Gowin\"}]},{\"@type\":\"WebSite\",\"@id\":\"https:\\\/\\\/www.24gliwice.pl\\\/wiadomosci\\\/#website\",\"url\":\"https:\\\/\\\/www.24gliwice.pl\\\/wiadomosci\\\/\",\"name\":\"24GLIWICE - Portal Gliwice | codziennie nowe wiadomo\u015bci\",\"description\":\"Portal Miejski Gliwice\",\"publisher\":{\"@id\":\"https:\\\/\\\/www.24gliwice.pl\\\/wiadomosci\\\/#organization\"},\"potentialAction\":[{\"@type\":\"SearchAction\",\"target\":{\"@type\":\"EntryPoint\",\"urlTemplate\":\"https:\\\/\\\/www.24gliwice.pl\\\/wiadomosci\\\/?s={search_term_string}\"},\"query-input\":{\"@type\":\"PropertyValueSpecification\",\"valueRequired\":true,\"valueName\":\"search_term_string\"}}],\"inLanguage\":\"pl-PL\"},{\"@type\":\"Organization\",\"@id\":\"https:\\\/\\\/www.24gliwice.pl\\\/wiadomosci\\\/#organization\",\"name\":\"24gliwice\",\"url\":\"https:\\\/\\\/www.24gliwice.pl\\\/wiadomosci\\\/\",\"logo\":{\"@type\":\"ImageObject\",\"inLanguage\":\"pl-PL\",\"@id\":\"https:\\\/\\\/www.24gliwice.pl\\\/wiadomosci\\\/#\\\/schema\\\/logo\\\/image\\\/\",\"url\":\"https:\\\/\\\/www.24gliwice.pl\\\/wiadomosci\\\/wp-content\\\/uploads\\\/2024\\\/10\\\/24gliwice-logo-696.jpg\",\"contentUrl\":\"https:\\\/\\\/www.24gliwice.pl\\\/wiadomosci\\\/wp-content\\\/uploads\\\/2024\\\/10\\\/24gliwice-logo-696.jpg\",\"width\":696,\"height\":696,\"caption\":\"24gliwice\"},\"image\":{\"@id\":\"https:\\\/\\\/www.24gliwice.pl\\\/wiadomosci\\\/#\\\/schema\\\/logo\\\/image\\\/\"},\"sameAs\":[\"https:\\\/\\\/www.facebook.com\\\/24gliwice\",\"https:\\\/\\\/x.com\\\/24gliwice\",\"https:\\\/\\\/www.youtube.com\\\/@24gliwice\"]},{\"@type\":\"Person\",\"@id\":\"https:\\\/\\\/www.24gliwice.pl\\\/wiadomosci\\\/#\\\/schema\\\/person\\\/cb5857e4a4d048c15984c1edcc8ef0c0\",\"name\":\"Marcin Fabrykowski\",\"image\":{\"@type\":\"ImageObject\",\"inLanguage\":\"pl-PL\",\"@id\":\"https:\\\/\\\/www.24gliwice.pl\\\/wiadomosci\\\/wp-content\\\/uploads\\\/2025\\\/11\\\/zdjecie-moje-marcin-300-96x96.jpg\",\"url\":\"https:\\\/\\\/www.24gliwice.pl\\\/wiadomosci\\\/wp-content\\\/uploads\\\/2025\\\/11\\\/zdjecie-moje-marcin-300-96x96.jpg\",\"contentUrl\":\"https:\\\/\\\/www.24gliwice.pl\\\/wiadomosci\\\/wp-content\\\/uploads\\\/2025\\\/11\\\/zdjecie-moje-marcin-300-96x96.jpg\",\"caption\":\"Marcin Fabrykowski\"},\"sameAs\":[\"http:\\\/\\\/24gliwice.pl\",\"https:\\\/\\\/www.facebook.com\\\/marcin.fabrykowski\"],\"url\":\"https:\\\/\\\/www.24gliwice.pl\\\/wiadomosci\\\/author\\\/marcin-fabrykowski\\\/\"}]}<\/script>\n<!-- \/ Yoast SEO plugin. -->","yoast_head_json":{"title":"Prawie 29 mln z\u0142otych dla Politechniki \u015al\u0105skiej. Symboliczny czek wr\u0119czy\u0142 minister J. Gowin - 24GLIWICE - Portal Gliwice | codziennie nowe informacje","robots":{"index":"index","follow":"follow","max-snippet":"max-snippet:-1","max-image-preview":"max-image-preview:large","max-video-preview":"max-video-preview:-1"},"canonical":"https:\/\/www.24gliwice.pl\/wiadomosci\/prawie-29-mln-zlotych-dla-politechniki-slaskiej\/","og_locale":"pl_PL","og_type":"article","og_title":"Prawie 29 mln z\u0142otych dla Politechniki \u015al\u0105skiej. Symboliczny czek wr\u0119czy\u0142 minister J. Gowin - 24GLIWICE - Portal Gliwice | codziennie nowe informacje","og_description":"Symboliczny czek na niemal 29 mln z\u0142 dla Politechniki \u015al\u0105skiej na unowocze\u015bnienie kszta\u0142cenia odebra\u0142 w pi\u0105tek na gliwickiej uczelni z r\u0105k wicepremiera, ministra nauki i szkolnictwa wy\u017cszego Jaros\u0142awa Gowina rektor prof. Arkadiusz M\u0119\u017cyk. Poza Politechnik\u0105 \u015al\u0105sk\u0105 czeki odebrali r\u00f3wnie\u017c rektorzy sze\u015bciu innych uczelni, kt\u00f3re otrzyma\u0142y dofinansowanie w ramach I i II \u015bcie\u017cki konkursu \u201eZintegrowane Programy [&hellip;]","og_url":"https:\/\/www.24gliwice.pl\/wiadomosci\/prawie-29-mln-zlotych-dla-politechniki-slaskiej\/","og_site_name":"24GLIWICE - Portal Gliwice | codziennie nowe informacje","article_publisher":"https:\/\/www.facebook.com\/24gliwice","article_author":"https:\/\/www.facebook.com\/marcin.fabrykowski","article_published_time":"2018-04-06T19:21:56+00:00","og_image":[{"width":725,"height":432,"url":"https:\/\/www.24gliwice.pl\/wiadomosci\/wp-content\/uploads\/2018\/04\/gowin-politechnika-czek.jpg","type":"image\/jpeg"}],"author":"Marcin Fabrykowski","twitter_card":"summary_large_image","twitter_creator":"@24gliwice","twitter_site":"@24gliwice","twitter_misc":{"Napisane przez":"Marcin Fabrykowski","Szacowany czas czytania":"2 minuty"},"schema":{"@context":"https:\/\/schema.org","@graph":[{"@type":"Article","@id":"https:\/\/www.24gliwice.pl\/wiadomosci\/prawie-29-mln-zlotych-dla-politechniki-slaskiej\/#article","isPartOf":{"@id":"https:\/\/www.24gliwice.pl\/wiadomosci\/prawie-29-mln-zlotych-dla-politechniki-slaskiej\/"},"author":{"name":"Marcin Fabrykowski","@id":"https:\/\/www.24gliwice.pl\/wiadomosci\/#\/schema\/person\/cb5857e4a4d048c15984c1edcc8ef0c0"},"headline":"Prawie 29 mln z\u0142otych dla Politechniki \u015al\u0105skiej. Symboliczny czek wr\u0119czy\u0142 minister J. Gowin","datePublished":"2018-04-06T19:21:56+00:00","mainEntityOfPage":{"@id":"https:\/\/www.24gliwice.pl\/wiadomosci\/prawie-29-mln-zlotych-dla-politechniki-slaskiej\/"},"wordCount":354,"commentCount":0,"publisher":{"@id":"https:\/\/www.24gliwice.pl\/wiadomosci\/#organization"},"image":{"@id":"https:\/\/www.24gliwice.pl\/wiadomosci\/prawie-29-mln-zlotych-dla-politechniki-slaskiej\/#primaryimage"},"thumbnailUrl":"https:\/\/www.24gliwice.pl\/wiadomosci\/wp-content\/uploads\/2018\/04\/gowin-politechnika-czek.jpg","keywords":["DOFINANSOWANIE","Jaros\u0142aw Gowin","POLITECHNIKA \u015aL\u0104SKA"],"articleSection":["Gliwice","Najnowsze wiadomo\u015bci"],"inLanguage":"pl-PL","potentialAction":[{"@type":"CommentAction","name":"Comment","target":["https:\/\/www.24gliwice.pl\/wiadomosci\/prawie-29-mln-zlotych-dla-politechniki-slaskiej\/#respond"]}]},{"@type":"WebPage","@id":"https:\/\/www.24gliwice.pl\/wiadomosci\/prawie-29-mln-zlotych-dla-politechniki-slaskiej\/","url":"https:\/\/www.24gliwice.pl\/wiadomosci\/prawie-29-mln-zlotych-dla-politechniki-slaskiej\/","name":"Prawie 29 mln z\u0142otych dla Politechniki \u015al\u0105skiej. Symboliczny czek wr\u0119czy\u0142 minister J. Gowin - 24GLIWICE - Portal Gliwice | codziennie nowe informacje","isPartOf":{"@id":"https:\/\/www.24gliwice.pl\/wiadomosci\/#website"},"primaryImageOfPage":{"@id":"https:\/\/www.24gliwice.pl\/wiadomosci\/prawie-29-mln-zlotych-dla-politechniki-slaskiej\/#primaryimage"},"image":{"@id":"https:\/\/www.24gliwice.pl\/wiadomosci\/prawie-29-mln-zlotych-dla-politechniki-slaskiej\/#primaryimage"},"thumbnailUrl":"https:\/\/www.24gliwice.pl\/wiadomosci\/wp-content\/uploads\/2018\/04\/gowin-politechnika-czek.jpg","datePublished":"2018-04-06T19:21:56+00:00","breadcrumb":{"@id":"https:\/\/www.24gliwice.pl\/wiadomosci\/prawie-29-mln-zlotych-dla-politechniki-slaskiej\/#breadcrumb"},"inLanguage":"pl-PL","potentialAction":[{"@type":"ReadAction","target":["https:\/\/www.24gliwice.pl\/wiadomosci\/prawie-29-mln-zlotych-dla-politechniki-slaskiej\/"]}]},{"@type":"ImageObject","inLanguage":"pl-PL","@id":"https:\/\/www.24gliwice.pl\/wiadomosci\/prawie-29-mln-zlotych-dla-politechniki-slaskiej\/#primaryimage","url":"https:\/\/www.24gliwice.pl\/wiadomosci\/wp-content\/uploads\/2018\/04\/gowin-politechnika-czek.jpg","contentUrl":"https:\/\/www.24gliwice.pl\/wiadomosci\/wp-content\/uploads\/2018\/04\/gowin-politechnika-czek.jpg","width":725,"height":432},{"@type":"BreadcrumbList","@id":"https:\/\/www.24gliwice.pl\/wiadomosci\/prawie-29-mln-zlotych-dla-politechniki-slaskiej\/#breadcrumb","itemListElement":[{"@type":"ListItem","position":1,"name":"Strona g\u0142\u00f3wna","item":"https:\/\/www.24gliwice.pl\/wiadomosci\/"},{"@type":"ListItem","position":2,"name":"Prawie 29 mln z\u0142otych dla Politechniki \u015al\u0105skiej. Symboliczny czek wr\u0119czy\u0142 minister J. Gowin"}]},{"@type":"WebSite","@id":"https:\/\/www.24gliwice.pl\/wiadomosci\/#website","url":"https:\/\/www.24gliwice.pl\/wiadomosci\/","name":"24GLIWICE - Portal Gliwice | codziennie nowe wiadomo\u015bci","description":"Portal Miejski Gliwice","publisher":{"@id":"https:\/\/www.24gliwice.pl\/wiadomosci\/#organization"},"potentialAction":[{"@type":"SearchAction","target":{"@type":"EntryPoint","urlTemplate":"https:\/\/www.24gliwice.pl\/wiadomosci\/?s={search_term_string}"},"query-input":{"@type":"PropertyValueSpecification","valueRequired":true,"valueName":"search_term_string"}}],"inLanguage":"pl-PL"},{"@type":"Organization","@id":"https:\/\/www.24gliwice.pl\/wiadomosci\/#organization","name":"24gliwice","url":"https:\/\/www.24gliwice.pl\/wiadomosci\/","logo":{"@type":"ImageObject","inLanguage":"pl-PL","@id":"https:\/\/www.24gliwice.pl\/wiadomosci\/#\/schema\/logo\/image\/","url":"https:\/\/www.24gliwice.pl\/wiadomosci\/wp-content\/uploads\/2024\/10\/24gliwice-logo-696.jpg","contentUrl":"https:\/\/www.24gliwice.pl\/wiadomosci\/wp-content\/uploads\/2024\/10\/24gliwice-logo-696.jpg","width":696,"height":696,"caption":"24gliwice"},"image":{"@id":"https:\/\/www.24gliwice.pl\/wiadomosci\/#\/schema\/logo\/image\/"},"sameAs":["https:\/\/www.facebook.com\/24gliwice","https:\/\/x.com\/24gliwice","https:\/\/www.youtube.com\/@24gliwice"]},{"@type":"Person","@id":"https:\/\/www.24gliwice.pl\/wiadomosci\/#\/schema\/person\/cb5857e4a4d048c15984c1edcc8ef0c0","name":"Marcin Fabrykowski","image":{"@type":"ImageObject","inLanguage":"pl-PL","@id":"https:\/\/www.24gliwice.pl\/wiadomosci\/wp-content\/uploads\/2025\/11\/zdjecie-moje-marcin-300-96x96.jpg","url":"https:\/\/www.24gliwice.pl\/wiadomosci\/wp-content\/uploads\/2025\/11\/zdjecie-moje-marcin-300-96x96.jpg","contentUrl":"https:\/\/www.24gliwice.pl\/wiadomosci\/wp-content\/uploads\/2025\/11\/zdjecie-moje-marcin-300-96x96.jpg","caption":"Marcin Fabrykowski"},"sameAs":["http:\/\/24gliwice.pl","https:\/\/www.facebook.com\/marcin.fabrykowski"],"url":"https:\/\/www.24gliwice.pl\/wiadomosci\/author\/marcin-fabrykowski\/"}]}},"_links":{"self":[{"href":"https:\/\/www.24gliwice.pl\/wiadomosci\/wp-json\/wp\/v2\/posts\/115341","targetHints":{"allow":["GET"]}}],"collection":[{"href":"https:\/\/www.24gliwice.pl\/wiadomosci\/wp-json\/wp\/v2\/posts"}],"about":[{"href":"https:\/\/www.24gliwice.pl\/wiadomosci\/wp-json\/wp\/v2\/types\/post"}],"author":[{"embeddable":true,"href":"https:\/\/www.24gliwice.pl\/wiadomosci\/wp-json\/wp\/v2\/users\/4"}],"replies":[{"embeddable":true,"href":"https:\/\/www.24gliwice.pl\/wiadomosci\/wp-json\/wp\/v2\/comments?post=115341"}],"version-history":[{"count":0,"href":"https:\/\/www.24gliwice.pl\/wiadomosci\/wp-json\/wp\/v2\/posts\/115341\/revisions"}],"wp:featuredmedia":[{"embeddable":true,"href":"https:\/\/www.24gliwice.pl\/wiadomosci\/wp-json\/wp\/v2\/media\/115343"}],"wp:attachment":[{"href":"https:\/\/www.24gliwice.pl\/wiadomosci\/wp-json\/wp\/v2\/media?parent=115341"}],"wp:term":[{"taxonomy":"category","embeddable":true,"href":"https:\/\/www.24gliwice.pl\/wiadomosci\/wp-json\/wp\/v2\/categories?post=115341"},{"taxonomy":"post_tag","embeddable":true,"href":"https:\/\/www.24gliwice.pl\/wiadomosci\/wp-json\/wp\/v2\/tags?post=115341"}],"curies":[{"name":"wp","href":"https:\/\/api.w.org\/{rel}","templated":true}]}}