{"id":115390,"date":"2018-04-09T13:56:35","date_gmt":"2018-04-09T11:56:35","guid":{"rendered":"https:\/\/www.24gliwice.pl\/wiadomosci\/?p=115390"},"modified":"2018-04-09T13:56:35","modified_gmt":"2018-04-09T11:56:35","slug":"zirytowani-kierowcy-zablokowane-autobusy-spaliny-zamiast-relaksu-to-trzeba-poprawic","status":"publish","type":"post","link":"https:\/\/www.24gliwice.pl\/wiadomosci\/zirytowani-kierowcy-zablokowane-autobusy-spaliny-zamiast-relaksu-to-trzeba-poprawic\/","title":{"rendered":"Zirytowani kierowcy, zablokowane autobusy, spaliny zamiast relaksu. To trzeba poprawi\u0107!"},"content":{"rendered":"<div class=\"gliwi-a6-nad-leadem-artykulow gliwi-entity-placement\" id=\"gliwi-357755288\"><div class=\"gliwi-adlabel\"><span style=\"font-size: 9px\">REKLAMA<\/span><\/div><div id=\"gliwi-1986654107\" style=\"margin-bottom: 25px;margin-left: auto;margin-right: auto;text-align: center;\"><a data-no-instant=\"1\" href=\"https:\/\/dom100.eu\/\" rel=\"noopener\" class=\"a2t-link\" target=\"_blank\" aria-label=\"20260415 DOM100 D\"><img loading=\"lazy\" decoding=\"async\" src=\"https:\/\/www.24gliwice.pl\/wiadomosci\/wp-content\/uploads\/2026\/04\/20260415-DOM100-D.jpg\" alt=\"\"  srcset=\"https:\/\/www.24gliwice.pl\/wiadomosci\/wp-content\/uploads\/2026\/04\/20260415-DOM100-D.jpg 750w, https:\/\/www.24gliwice.pl\/wiadomosci\/wp-content\/uploads\/2026\/04\/20260415-DOM100-D-410x109.jpg 410w\" sizes=\"(max-width: 750px) 100vw, 750px\" class=\"no-lazyload\" width=\"750\" height=\"200\"  style=\"display: inline-block; max-width: 100%; height: auto;\" \/><\/a><\/div><\/div><h3>Pierwsze dni funkcjonowania miejskiego podw\u00f3rca, czyli tzw. woonerfu na ul. Siemi\u0144skiego brutalnie zweryfikowa\u0142y za\u0142o\u017cenia projektant\u00f3w i urz\u0119dnik\u00f3w. Przy utrzymaniu obecnego ruchu samochod\u00f3w, ten pomys\u0142 po prostu nie dzia\u0142a.<\/h3>\n<p>Chaos, kt\u00f3ry towarzyszy codziennie kierowcom i u\u017cytkownikom strefy najlepiej obrazuje kr\u00f3tki filmik zarejestrowany przez mieszkank\u0119.<\/p>\n<p><iframe loading=\"lazy\" width=\"810\" height=\"456\" src=\"https:\/\/www.youtube.com\/embed\/IaheHvn7GTM?rel=0\" frameborder=\"0\" allow=\"autoplay; encrypted-media\" allowfullscreen><\/iframe><\/p>\n<p>Mi\u0119dzy wysepkami jest za ma\u0142o miejsca, \u017ceby mog\u0142y si\u0119 swobodnie min\u0105\u0107 dwa samochody. A ju\u017c zupe\u0142nie \u017ale jest gdy przeje\u017cd\u017ca autobus. Odpoczynek mi\u0119dzy zakleszczonymi w korku pojazdami nie ma nic wsp\u00f3lnego z za\u0142o\u017ceniami, kt\u00f3re towarzyszy\u0142y idei przebudowy ul. Siemi\u0144skiego (d. Wieczorka).<\/p><div class=\"gliwi-a3-w-tresci-artykulow gliwi-entity-placement\" id=\"gliwi-1935015557\"><div class=\"gliwi-adlabel\"><span style=\"font-size: 9px\">REKLAMA<\/span><\/div><div id=\"gliwi-2364103238\" style=\"margin-bottom: 30px;margin-left: auto;margin-right: auto;text-align: center;\"><a data-no-instant=\"1\" href=\"https:\/\/ogrodyandersa.pl\/\" rel=\"noopener\" class=\"a2t-link\" target=\"_blank\" aria-label=\"20260415 Ogrody Andersa KUP TERAZ D\"><img loading=\"lazy\" decoding=\"async\" src=\"https:\/\/www.24gliwice.pl\/wiadomosci\/wp-content\/uploads\/2026\/04\/20260415-Ogrody-Andersa-KUP-TERAZ-D.jpg\" alt=\"\"  srcset=\"https:\/\/www.24gliwice.pl\/wiadomosci\/wp-content\/uploads\/2026\/04\/20260415-Ogrody-Andersa-KUP-TERAZ-D.jpg 750w, https:\/\/www.24gliwice.pl\/wiadomosci\/wp-content\/uploads\/2026\/04\/20260415-Ogrody-Andersa-KUP-TERAZ-D-410x109.jpg 410w\" sizes=\"(max-width: 750px) 100vw, 750px\" class=\"no-lazyload\" width=\"750\" height=\"200\"  style=\"display: inline-block; max-width: 100%; height: auto;\" \/><\/a><\/div><\/div>\n<p>Czy to znaczy, \u017ce sam pomys\u0142 takiej organizacji przestrzeni jest z\u0142y? Nic z tych rzeczy. Nale\u017cy go jednak poprawi\u0107, wprowadzaj\u0105c zmiany, kt\u00f3rych z niezrozumia\u0142ych powod\u00f3w nie przewidzieli urz\u0119dnicy.<\/p>\n[perfectpullquote align=&#8221;full&#8221; bordertop=&#8221;false&#8221; cite=&#8221;&#8221; link=&#8221;&#8221; color=&#8221;&#8221; class=&#8221;&#8221; size=&#8221;&#8221;]O ile bowiem sama idea aran\u017cacji ulicy miejskimi meblami, donicami, zieleni\u0105 i stojakami na rowery mo\u017ce si\u0119 podoba\u0107, to jak pokaza\u0142a praktyka, nie sprawdza si\u0119 ona przy utrzymaniu obecnego ruchu samochod\u00f3w na ulicy. [\/perfectpullquote]\n<p>I nic tu nie pomo\u017ce spowalnianie ruchu do 20 km\/h, kt\u00f3rego, nawiasem m\u00f3wi\u0105c, i tak nikt nie przestrzega, co mo\u017cna \u0142atwo zaobserwowa\u0107 na miejscu.<\/p>\n<p>Kilka dni temu zapytali\u015bmy Czytelnik\u00f3w w <a href=\"https:\/\/www.facebook.com\/24gliwice\/photos\/a.191914824188665.47628.117980054915476\/1737841712929294\/?type=3&#038;theater\" rel=\"noopener\" target=\"_blank\">b\u0142yskawicznej sondzie na Facebooku<\/a>, o to czy &#8220;woonerf&#8221; nale\u017cy poprawi\u0107. [perfectpullquote align=&#8221;full&#8221; bordertop=&#8221;false&#8221; cite=&#8221;&#8221; link=&#8221;&#8221; color=&#8221;&#8221; class=&#8221;&#8221; size=&#8221;&#8221;]Zdecydowana wi\u0119kszo\u015b\u0107, ponad 68% odpowiadaj\u0105cych na pytanie zgodzi\u0142a si\u0119 z pogl\u0105dem, \u017ce ruch na ul. Siemi\u0144skiego nale\u017cy ograniczy\u0107 wy\u0142\u0105cznie do autobus\u00f3w, dojazdu dla mieszka\u0144c\u00f3w kamienic oraz szybkiej dostawy towaru. [\/perfectpullquote]\n<p>I to jest chyba najw\u0142a\u015bciwsze rozwi\u0105zanie, kt\u00f3re mo\u017ce uratowa\u0107 ten nieco nieszcz\u0119\u015bliwie przeprowadzony pomys\u0142 przywracania ulicy pieszym i nadania jej bardziej ludzkiego wymiaru.<\/p>\n<p>Jedno jest pewne, zmiany nale\u017cy wprowadzi\u0107 jak najszybciej, bo podw\u00f3rzec\/woonerf w takiej formie do\u015b\u0107 skutecznie zniech\u0119ca do wdra\u017cania podobnych rozwi\u0105za\u0144 w innych miejscach. A chyba nie o to chodzi\u0142o?<\/p>\n<p>Marcin Fabrykowski<\/p>\n<div class=\"gliwi-a5-na-koncu-artykulow gliwi-entity-placement\" id=\"gliwi-742055659\"><div class=\"gliwi-adlabel\"><span style=\"font-size: 9px\">REKLAMA<\/span><\/div><div id=\"gliwi-3313621348\" style=\"margin-left: auto;margin-right: auto;text-align: center;\"><a data-no-instant=\"1\" href=\"https:\/\/prezeroarenagliwice.pl\/\" rel=\"noopener\" class=\"a2t-link\" target=\"_blank\" aria-label=\"20260309-PREZERO-WIOSNA-D\"><img loading=\"lazy\" decoding=\"async\" src=\"https:\/\/www.24gliwice.pl\/wiadomosci\/wp-content\/uploads\/2026\/03\/20260309-PREZERO-WIOSNA-D.webp\" alt=\"\"  srcset=\"https:\/\/www.24gliwice.pl\/wiadomosci\/wp-content\/uploads\/2026\/03\/20260309-PREZERO-WIOSNA-D.webp 750w, https:\/\/www.24gliwice.pl\/wiadomosci\/wp-content\/uploads\/2026\/03\/20260309-PREZERO-WIOSNA-D-410x109.webp 410w\" sizes=\"(max-width: 750px) 100vw, 750px\" class=\"no-lazyload\" width=\"750\" height=\"200\"  style=\"display: inline-block; max-width: 100%; height: auto;\" \/><\/a><\/div><\/div>","protected":false},"excerpt":{"rendered":"<p>Pierwsze dni funkcjonowania miejskiego podw\u00f3rca, czyli tzw. woonerfu na ul. Siemi\u0144skiego brutalnie zweryfikowa\u0142y za\u0142o\u017cenia projektant\u00f3w i urz\u0119dnik\u00f3w. Przy utrzymaniu obecnego ruchu samochod\u00f3w, ten pomys\u0142 po prostu nie dzia\u0142a. Chaos, kt\u00f3ry towarzyszy codziennie kierowcom i u\u017cytkownikom strefy najlepiej obrazuje kr\u00f3tki filmik zarejestrowany przez mieszkank\u0119. Mi\u0119dzy wysepkami jest za ma\u0142o miejsca, \u017ceby mog\u0142y si\u0119 swobodnie min\u0105\u0107 dwa [&hellip;]<\/p>\n","protected":false},"author":4,"featured_media":115392,"comment_status":"open","ping_status":"closed","sticky":false,"template":"","format":"standard","meta":{"_monsterinsights_skip_tracking":false,"_monsterinsights_sitenote_active":false,"_monsterinsights_sitenote_note":"","_monsterinsights_sitenote_category":0,"footnotes":"","_links_to":"","_links_to_target":""},"categories":[3,1,9],"tags":[11911,11590,4967,10693],"class_list":["post-115390","post","type-post","status-publish","format-standard","has-post-thumbnail","hentry","category-gliwice","category-wszystko","category-aktualnosci_lokalne","tag-miejski-podworzec","tag-sieminskiego","tag-wieczorka","tag-woonerf"],"yoast_head":"<!-- This site is optimized with the Yoast SEO plugin v27.5 - https:\/\/yoast.com\/product\/yoast-seo-wordpress\/ -->\n<title>Zirytowani kierowcy, zablokowane autobusy, spaliny zamiast relaksu. To trzeba poprawi\u0107! - 24GLIWICE - Portal Gliwice | codziennie nowe informacje<\/title>\n<meta name=\"robots\" content=\"index, follow, max-snippet:-1, max-image-preview:large, max-video-preview:-1\" \/>\n<link rel=\"canonical\" href=\"https:\/\/www.24gliwice.pl\/wiadomosci\/zirytowani-kierowcy-zablokowane-autobusy-spaliny-zamiast-relaksu-to-trzeba-poprawic\/\" \/>\n<meta property=\"og:locale\" content=\"pl_PL\" \/>\n<meta property=\"og:type\" content=\"article\" \/>\n<meta property=\"og:title\" content=\"Zirytowani kierowcy, zablokowane autobusy, spaliny zamiast relaksu. To trzeba poprawi\u0107! - 24GLIWICE - Portal Gliwice | codziennie nowe informacje\" \/>\n<meta property=\"og:description\" content=\"Pierwsze dni funkcjonowania miejskiego podw\u00f3rca, czyli tzw. woonerfu na ul. Siemi\u0144skiego brutalnie zweryfikowa\u0142y za\u0142o\u017cenia projektant\u00f3w i urz\u0119dnik\u00f3w. Przy utrzymaniu obecnego ruchu samochod\u00f3w, ten pomys\u0142 po prostu nie dzia\u0142a. Chaos, kt\u00f3ry towarzyszy codziennie kierowcom i u\u017cytkownikom strefy najlepiej obrazuje kr\u00f3tki filmik zarejestrowany przez mieszkank\u0119. Mi\u0119dzy wysepkami jest za ma\u0142o miejsca, \u017ceby mog\u0142y si\u0119 swobodnie min\u0105\u0107 dwa [&hellip;]\" \/>\n<meta property=\"og:url\" content=\"https:\/\/www.24gliwice.pl\/wiadomosci\/zirytowani-kierowcy-zablokowane-autobusy-spaliny-zamiast-relaksu-to-trzeba-poprawic\/\" \/>\n<meta property=\"og:site_name\" content=\"24GLIWICE - Portal Gliwice | codziennie nowe informacje\" \/>\n<meta property=\"article:publisher\" content=\"https:\/\/www.facebook.com\/24gliwice\" \/>\n<meta property=\"article:author\" content=\"https:\/\/www.facebook.com\/marcin.fabrykowski\" \/>\n<meta property=\"article:published_time\" content=\"2018-04-09T11:56:35+00:00\" \/>\n<meta property=\"og:image\" content=\"https:\/\/www.24gliwice.pl\/wiadomosci\/wp-content\/uploads\/2018\/04\/1-woonerf.jpg\" \/>\n\t<meta property=\"og:image:width\" content=\"810\" \/>\n\t<meta property=\"og:image:height\" content=\"448\" \/>\n\t<meta property=\"og:image:type\" content=\"image\/jpeg\" \/>\n<meta name=\"author\" content=\"Marcin Fabrykowski\" \/>\n<meta name=\"twitter:card\" content=\"summary_large_image\" \/>\n<meta name=\"twitter:creator\" content=\"@24gliwice\" \/>\n<meta name=\"twitter:site\" content=\"@24gliwice\" \/>\n<meta name=\"twitter:label1\" content=\"Napisane przez\" \/>\n\t<meta name=\"twitter:data1\" content=\"Marcin Fabrykowski\" \/>\n\t<meta name=\"twitter:label2\" content=\"Szacowany czas czytania\" \/>\n\t<meta name=\"twitter:data2\" content=\"2 minuty\" \/>\n<script type=\"application\/ld+json\" class=\"yoast-schema-graph\">{\"@context\":\"https:\\\/\\\/schema.org\",\"@graph\":[{\"@type\":\"Article\",\"@id\":\"https:\\\/\\\/www.24gliwice.pl\\\/wiadomosci\\\/zirytowani-kierowcy-zablokowane-autobusy-spaliny-zamiast-relaksu-to-trzeba-poprawic\\\/#article\",\"isPartOf\":{\"@id\":\"https:\\\/\\\/www.24gliwice.pl\\\/wiadomosci\\\/zirytowani-kierowcy-zablokowane-autobusy-spaliny-zamiast-relaksu-to-trzeba-poprawic\\\/\"},\"author\":{\"name\":\"Marcin Fabrykowski\",\"@id\":\"https:\\\/\\\/www.24gliwice.pl\\\/wiadomosci\\\/#\\\/schema\\\/person\\\/cb5857e4a4d048c15984c1edcc8ef0c0\"},\"headline\":\"Zirytowani kierowcy, zablokowane autobusy, spaliny zamiast relaksu. To trzeba poprawi\u0107!\",\"datePublished\":\"2018-04-09T11:56:35+00:00\",\"mainEntityOfPage\":{\"@id\":\"https:\\\/\\\/www.24gliwice.pl\\\/wiadomosci\\\/zirytowani-kierowcy-zablokowane-autobusy-spaliny-zamiast-relaksu-to-trzeba-poprawic\\\/\"},\"wordCount\":368,\"commentCount\":0,\"publisher\":{\"@id\":\"https:\\\/\\\/www.24gliwice.pl\\\/wiadomosci\\\/#organization\"},\"image\":{\"@id\":\"https:\\\/\\\/www.24gliwice.pl\\\/wiadomosci\\\/zirytowani-kierowcy-zablokowane-autobusy-spaliny-zamiast-relaksu-to-trzeba-poprawic\\\/#primaryimage\"},\"thumbnailUrl\":\"https:\\\/\\\/www.24gliwice.pl\\\/wiadomosci\\\/wp-content\\\/uploads\\\/2018\\\/04\\\/1-woonerf.jpg\",\"keywords\":[\"miejski podw\u00f3rzec\",\"SIEMI\u0143SKIEGO\",\"WIECZORKA\",\"WOONERF\"],\"articleSection\":[\"Gliwice\",\"Najnowsze wiadomo\u015bci\",\"Portal Gliwice - Wiadomo\u015bci lokalne\"],\"inLanguage\":\"pl-PL\",\"potentialAction\":[{\"@type\":\"CommentAction\",\"name\":\"Comment\",\"target\":[\"https:\\\/\\\/www.24gliwice.pl\\\/wiadomosci\\\/zirytowani-kierowcy-zablokowane-autobusy-spaliny-zamiast-relaksu-to-trzeba-poprawic\\\/#respond\"]}]},{\"@type\":\"WebPage\",\"@id\":\"https:\\\/\\\/www.24gliwice.pl\\\/wiadomosci\\\/zirytowani-kierowcy-zablokowane-autobusy-spaliny-zamiast-relaksu-to-trzeba-poprawic\\\/\",\"url\":\"https:\\\/\\\/www.24gliwice.pl\\\/wiadomosci\\\/zirytowani-kierowcy-zablokowane-autobusy-spaliny-zamiast-relaksu-to-trzeba-poprawic\\\/\",\"name\":\"Zirytowani kierowcy, zablokowane autobusy, spaliny zamiast relaksu. To trzeba poprawi\u0107! - 24GLIWICE - Portal Gliwice | codziennie nowe informacje\",\"isPartOf\":{\"@id\":\"https:\\\/\\\/www.24gliwice.pl\\\/wiadomosci\\\/#website\"},\"primaryImageOfPage\":{\"@id\":\"https:\\\/\\\/www.24gliwice.pl\\\/wiadomosci\\\/zirytowani-kierowcy-zablokowane-autobusy-spaliny-zamiast-relaksu-to-trzeba-poprawic\\\/#primaryimage\"},\"image\":{\"@id\":\"https:\\\/\\\/www.24gliwice.pl\\\/wiadomosci\\\/zirytowani-kierowcy-zablokowane-autobusy-spaliny-zamiast-relaksu-to-trzeba-poprawic\\\/#primaryimage\"},\"thumbnailUrl\":\"https:\\\/\\\/www.24gliwice.pl\\\/wiadomosci\\\/wp-content\\\/uploads\\\/2018\\\/04\\\/1-woonerf.jpg\",\"datePublished\":\"2018-04-09T11:56:35+00:00\",\"breadcrumb\":{\"@id\":\"https:\\\/\\\/www.24gliwice.pl\\\/wiadomosci\\\/zirytowani-kierowcy-zablokowane-autobusy-spaliny-zamiast-relaksu-to-trzeba-poprawic\\\/#breadcrumb\"},\"inLanguage\":\"pl-PL\",\"potentialAction\":[{\"@type\":\"ReadAction\",\"target\":[\"https:\\\/\\\/www.24gliwice.pl\\\/wiadomosci\\\/zirytowani-kierowcy-zablokowane-autobusy-spaliny-zamiast-relaksu-to-trzeba-poprawic\\\/\"]}]},{\"@type\":\"ImageObject\",\"inLanguage\":\"pl-PL\",\"@id\":\"https:\\\/\\\/www.24gliwice.pl\\\/wiadomosci\\\/zirytowani-kierowcy-zablokowane-autobusy-spaliny-zamiast-relaksu-to-trzeba-poprawic\\\/#primaryimage\",\"url\":\"https:\\\/\\\/www.24gliwice.pl\\\/wiadomosci\\\/wp-content\\\/uploads\\\/2018\\\/04\\\/1-woonerf.jpg\",\"contentUrl\":\"https:\\\/\\\/www.24gliwice.pl\\\/wiadomosci\\\/wp-content\\\/uploads\\\/2018\\\/04\\\/1-woonerf.jpg\",\"width\":810,\"height\":448},{\"@type\":\"BreadcrumbList\",\"@id\":\"https:\\\/\\\/www.24gliwice.pl\\\/wiadomosci\\\/zirytowani-kierowcy-zablokowane-autobusy-spaliny-zamiast-relaksu-to-trzeba-poprawic\\\/#breadcrumb\",\"itemListElement\":[{\"@type\":\"ListItem\",\"position\":1,\"name\":\"Strona g\u0142\u00f3wna\",\"item\":\"https:\\\/\\\/www.24gliwice.pl\\\/wiadomosci\\\/\"},{\"@type\":\"ListItem\",\"position\":2,\"name\":\"Zirytowani kierowcy, zablokowane autobusy, spaliny zamiast relaksu. To trzeba poprawi\u0107!\"}]},{\"@type\":\"WebSite\",\"@id\":\"https:\\\/\\\/www.24gliwice.pl\\\/wiadomosci\\\/#website\",\"url\":\"https:\\\/\\\/www.24gliwice.pl\\\/wiadomosci\\\/\",\"name\":\"24GLIWICE - Portal Gliwice | codziennie nowe wiadomo\u015bci\",\"description\":\"Portal Miejski Gliwice\",\"publisher\":{\"@id\":\"https:\\\/\\\/www.24gliwice.pl\\\/wiadomosci\\\/#organization\"},\"potentialAction\":[{\"@type\":\"SearchAction\",\"target\":{\"@type\":\"EntryPoint\",\"urlTemplate\":\"https:\\\/\\\/www.24gliwice.pl\\\/wiadomosci\\\/?s={search_term_string}\"},\"query-input\":{\"@type\":\"PropertyValueSpecification\",\"valueRequired\":true,\"valueName\":\"search_term_string\"}}],\"inLanguage\":\"pl-PL\"},{\"@type\":\"Organization\",\"@id\":\"https:\\\/\\\/www.24gliwice.pl\\\/wiadomosci\\\/#organization\",\"name\":\"24gliwice\",\"url\":\"https:\\\/\\\/www.24gliwice.pl\\\/wiadomosci\\\/\",\"logo\":{\"@type\":\"ImageObject\",\"inLanguage\":\"pl-PL\",\"@id\":\"https:\\\/\\\/www.24gliwice.pl\\\/wiadomosci\\\/#\\\/schema\\\/logo\\\/image\\\/\",\"url\":\"https:\\\/\\\/www.24gliwice.pl\\\/wiadomosci\\\/wp-content\\\/uploads\\\/2024\\\/10\\\/24gliwice-logo-696.jpg\",\"contentUrl\":\"https:\\\/\\\/www.24gliwice.pl\\\/wiadomosci\\\/wp-content\\\/uploads\\\/2024\\\/10\\\/24gliwice-logo-696.jpg\",\"width\":696,\"height\":696,\"caption\":\"24gliwice\"},\"image\":{\"@id\":\"https:\\\/\\\/www.24gliwice.pl\\\/wiadomosci\\\/#\\\/schema\\\/logo\\\/image\\\/\"},\"sameAs\":[\"https:\\\/\\\/www.facebook.com\\\/24gliwice\",\"https:\\\/\\\/x.com\\\/24gliwice\",\"https:\\\/\\\/www.youtube.com\\\/@24gliwice\"]},{\"@type\":\"Person\",\"@id\":\"https:\\\/\\\/www.24gliwice.pl\\\/wiadomosci\\\/#\\\/schema\\\/person\\\/cb5857e4a4d048c15984c1edcc8ef0c0\",\"name\":\"Marcin Fabrykowski\",\"image\":{\"@type\":\"ImageObject\",\"inLanguage\":\"pl-PL\",\"@id\":\"https:\\\/\\\/www.24gliwice.pl\\\/wiadomosci\\\/wp-content\\\/uploads\\\/2025\\\/11\\\/zdjecie-moje-marcin-300-96x96.jpg\",\"url\":\"https:\\\/\\\/www.24gliwice.pl\\\/wiadomosci\\\/wp-content\\\/uploads\\\/2025\\\/11\\\/zdjecie-moje-marcin-300-96x96.jpg\",\"contentUrl\":\"https:\\\/\\\/www.24gliwice.pl\\\/wiadomosci\\\/wp-content\\\/uploads\\\/2025\\\/11\\\/zdjecie-moje-marcin-300-96x96.jpg\",\"caption\":\"Marcin Fabrykowski\"},\"sameAs\":[\"http:\\\/\\\/24gliwice.pl\",\"https:\\\/\\\/www.facebook.com\\\/marcin.fabrykowski\"],\"url\":\"https:\\\/\\\/www.24gliwice.pl\\\/wiadomosci\\\/author\\\/marcin-fabrykowski\\\/\"}]}<\/script>\n<!-- \/ Yoast SEO plugin. -->","yoast_head_json":{"title":"Zirytowani kierowcy, zablokowane autobusy, spaliny zamiast relaksu. To trzeba poprawi\u0107! - 24GLIWICE - Portal Gliwice | codziennie nowe informacje","robots":{"index":"index","follow":"follow","max-snippet":"max-snippet:-1","max-image-preview":"max-image-preview:large","max-video-preview":"max-video-preview:-1"},"canonical":"https:\/\/www.24gliwice.pl\/wiadomosci\/zirytowani-kierowcy-zablokowane-autobusy-spaliny-zamiast-relaksu-to-trzeba-poprawic\/","og_locale":"pl_PL","og_type":"article","og_title":"Zirytowani kierowcy, zablokowane autobusy, spaliny zamiast relaksu. To trzeba poprawi\u0107! - 24GLIWICE - Portal Gliwice | codziennie nowe informacje","og_description":"Pierwsze dni funkcjonowania miejskiego podw\u00f3rca, czyli tzw. woonerfu na ul. Siemi\u0144skiego brutalnie zweryfikowa\u0142y za\u0142o\u017cenia projektant\u00f3w i urz\u0119dnik\u00f3w. Przy utrzymaniu obecnego ruchu samochod\u00f3w, ten pomys\u0142 po prostu nie dzia\u0142a. Chaos, kt\u00f3ry towarzyszy codziennie kierowcom i u\u017cytkownikom strefy najlepiej obrazuje kr\u00f3tki filmik zarejestrowany przez mieszkank\u0119. Mi\u0119dzy wysepkami jest za ma\u0142o miejsca, \u017ceby mog\u0142y si\u0119 swobodnie min\u0105\u0107 dwa [&hellip;]","og_url":"https:\/\/www.24gliwice.pl\/wiadomosci\/zirytowani-kierowcy-zablokowane-autobusy-spaliny-zamiast-relaksu-to-trzeba-poprawic\/","og_site_name":"24GLIWICE - Portal Gliwice | codziennie nowe informacje","article_publisher":"https:\/\/www.facebook.com\/24gliwice","article_author":"https:\/\/www.facebook.com\/marcin.fabrykowski","article_published_time":"2018-04-09T11:56:35+00:00","og_image":[{"width":810,"height":448,"url":"https:\/\/www.24gliwice.pl\/wiadomosci\/wp-content\/uploads\/2018\/04\/1-woonerf.jpg","type":"image\/jpeg"}],"author":"Marcin Fabrykowski","twitter_card":"summary_large_image","twitter_creator":"@24gliwice","twitter_site":"@24gliwice","twitter_misc":{"Napisane przez":"Marcin Fabrykowski","Szacowany czas czytania":"2 minuty"},"schema":{"@context":"https:\/\/schema.org","@graph":[{"@type":"Article","@id":"https:\/\/www.24gliwice.pl\/wiadomosci\/zirytowani-kierowcy-zablokowane-autobusy-spaliny-zamiast-relaksu-to-trzeba-poprawic\/#article","isPartOf":{"@id":"https:\/\/www.24gliwice.pl\/wiadomosci\/zirytowani-kierowcy-zablokowane-autobusy-spaliny-zamiast-relaksu-to-trzeba-poprawic\/"},"author":{"name":"Marcin Fabrykowski","@id":"https:\/\/www.24gliwice.pl\/wiadomosci\/#\/schema\/person\/cb5857e4a4d048c15984c1edcc8ef0c0"},"headline":"Zirytowani kierowcy, zablokowane autobusy, spaliny zamiast relaksu. To trzeba poprawi\u0107!","datePublished":"2018-04-09T11:56:35+00:00","mainEntityOfPage":{"@id":"https:\/\/www.24gliwice.pl\/wiadomosci\/zirytowani-kierowcy-zablokowane-autobusy-spaliny-zamiast-relaksu-to-trzeba-poprawic\/"},"wordCount":368,"commentCount":0,"publisher":{"@id":"https:\/\/www.24gliwice.pl\/wiadomosci\/#organization"},"image":{"@id":"https:\/\/www.24gliwice.pl\/wiadomosci\/zirytowani-kierowcy-zablokowane-autobusy-spaliny-zamiast-relaksu-to-trzeba-poprawic\/#primaryimage"},"thumbnailUrl":"https:\/\/www.24gliwice.pl\/wiadomosci\/wp-content\/uploads\/2018\/04\/1-woonerf.jpg","keywords":["miejski podw\u00f3rzec","SIEMI\u0143SKIEGO","WIECZORKA","WOONERF"],"articleSection":["Gliwice","Najnowsze wiadomo\u015bci","Portal Gliwice - Wiadomo\u015bci lokalne"],"inLanguage":"pl-PL","potentialAction":[{"@type":"CommentAction","name":"Comment","target":["https:\/\/www.24gliwice.pl\/wiadomosci\/zirytowani-kierowcy-zablokowane-autobusy-spaliny-zamiast-relaksu-to-trzeba-poprawic\/#respond"]}]},{"@type":"WebPage","@id":"https:\/\/www.24gliwice.pl\/wiadomosci\/zirytowani-kierowcy-zablokowane-autobusy-spaliny-zamiast-relaksu-to-trzeba-poprawic\/","url":"https:\/\/www.24gliwice.pl\/wiadomosci\/zirytowani-kierowcy-zablokowane-autobusy-spaliny-zamiast-relaksu-to-trzeba-poprawic\/","name":"Zirytowani kierowcy, zablokowane autobusy, spaliny zamiast relaksu. To trzeba poprawi\u0107! - 24GLIWICE - Portal Gliwice | codziennie nowe informacje","isPartOf":{"@id":"https:\/\/www.24gliwice.pl\/wiadomosci\/#website"},"primaryImageOfPage":{"@id":"https:\/\/www.24gliwice.pl\/wiadomosci\/zirytowani-kierowcy-zablokowane-autobusy-spaliny-zamiast-relaksu-to-trzeba-poprawic\/#primaryimage"},"image":{"@id":"https:\/\/www.24gliwice.pl\/wiadomosci\/zirytowani-kierowcy-zablokowane-autobusy-spaliny-zamiast-relaksu-to-trzeba-poprawic\/#primaryimage"},"thumbnailUrl":"https:\/\/www.24gliwice.pl\/wiadomosci\/wp-content\/uploads\/2018\/04\/1-woonerf.jpg","datePublished":"2018-04-09T11:56:35+00:00","breadcrumb":{"@id":"https:\/\/www.24gliwice.pl\/wiadomosci\/zirytowani-kierowcy-zablokowane-autobusy-spaliny-zamiast-relaksu-to-trzeba-poprawic\/#breadcrumb"},"inLanguage":"pl-PL","potentialAction":[{"@type":"ReadAction","target":["https:\/\/www.24gliwice.pl\/wiadomosci\/zirytowani-kierowcy-zablokowane-autobusy-spaliny-zamiast-relaksu-to-trzeba-poprawic\/"]}]},{"@type":"ImageObject","inLanguage":"pl-PL","@id":"https:\/\/www.24gliwice.pl\/wiadomosci\/zirytowani-kierowcy-zablokowane-autobusy-spaliny-zamiast-relaksu-to-trzeba-poprawic\/#primaryimage","url":"https:\/\/www.24gliwice.pl\/wiadomosci\/wp-content\/uploads\/2018\/04\/1-woonerf.jpg","contentUrl":"https:\/\/www.24gliwice.pl\/wiadomosci\/wp-content\/uploads\/2018\/04\/1-woonerf.jpg","width":810,"height":448},{"@type":"BreadcrumbList","@id":"https:\/\/www.24gliwice.pl\/wiadomosci\/zirytowani-kierowcy-zablokowane-autobusy-spaliny-zamiast-relaksu-to-trzeba-poprawic\/#breadcrumb","itemListElement":[{"@type":"ListItem","position":1,"name":"Strona g\u0142\u00f3wna","item":"https:\/\/www.24gliwice.pl\/wiadomosci\/"},{"@type":"ListItem","position":2,"name":"Zirytowani kierowcy, zablokowane autobusy, spaliny zamiast relaksu. To trzeba poprawi\u0107!"}]},{"@type":"WebSite","@id":"https:\/\/www.24gliwice.pl\/wiadomosci\/#website","url":"https:\/\/www.24gliwice.pl\/wiadomosci\/","name":"24GLIWICE - Portal Gliwice | codziennie nowe wiadomo\u015bci","description":"Portal Miejski Gliwice","publisher":{"@id":"https:\/\/www.24gliwice.pl\/wiadomosci\/#organization"},"potentialAction":[{"@type":"SearchAction","target":{"@type":"EntryPoint","urlTemplate":"https:\/\/www.24gliwice.pl\/wiadomosci\/?s={search_term_string}"},"query-input":{"@type":"PropertyValueSpecification","valueRequired":true,"valueName":"search_term_string"}}],"inLanguage":"pl-PL"},{"@type":"Organization","@id":"https:\/\/www.24gliwice.pl\/wiadomosci\/#organization","name":"24gliwice","url":"https:\/\/www.24gliwice.pl\/wiadomosci\/","logo":{"@type":"ImageObject","inLanguage":"pl-PL","@id":"https:\/\/www.24gliwice.pl\/wiadomosci\/#\/schema\/logo\/image\/","url":"https:\/\/www.24gliwice.pl\/wiadomosci\/wp-content\/uploads\/2024\/10\/24gliwice-logo-696.jpg","contentUrl":"https:\/\/www.24gliwice.pl\/wiadomosci\/wp-content\/uploads\/2024\/10\/24gliwice-logo-696.jpg","width":696,"height":696,"caption":"24gliwice"},"image":{"@id":"https:\/\/www.24gliwice.pl\/wiadomosci\/#\/schema\/logo\/image\/"},"sameAs":["https:\/\/www.facebook.com\/24gliwice","https:\/\/x.com\/24gliwice","https:\/\/www.youtube.com\/@24gliwice"]},{"@type":"Person","@id":"https:\/\/www.24gliwice.pl\/wiadomosci\/#\/schema\/person\/cb5857e4a4d048c15984c1edcc8ef0c0","name":"Marcin Fabrykowski","image":{"@type":"ImageObject","inLanguage":"pl-PL","@id":"https:\/\/www.24gliwice.pl\/wiadomosci\/wp-content\/uploads\/2025\/11\/zdjecie-moje-marcin-300-96x96.jpg","url":"https:\/\/www.24gliwice.pl\/wiadomosci\/wp-content\/uploads\/2025\/11\/zdjecie-moje-marcin-300-96x96.jpg","contentUrl":"https:\/\/www.24gliwice.pl\/wiadomosci\/wp-content\/uploads\/2025\/11\/zdjecie-moje-marcin-300-96x96.jpg","caption":"Marcin Fabrykowski"},"sameAs":["http:\/\/24gliwice.pl","https:\/\/www.facebook.com\/marcin.fabrykowski"],"url":"https:\/\/www.24gliwice.pl\/wiadomosci\/author\/marcin-fabrykowski\/"}]}},"_links":{"self":[{"href":"https:\/\/www.24gliwice.pl\/wiadomosci\/wp-json\/wp\/v2\/posts\/115390","targetHints":{"allow":["GET"]}}],"collection":[{"href":"https:\/\/www.24gliwice.pl\/wiadomosci\/wp-json\/wp\/v2\/posts"}],"about":[{"href":"https:\/\/www.24gliwice.pl\/wiadomosci\/wp-json\/wp\/v2\/types\/post"}],"author":[{"embeddable":true,"href":"https:\/\/www.24gliwice.pl\/wiadomosci\/wp-json\/wp\/v2\/users\/4"}],"replies":[{"embeddable":true,"href":"https:\/\/www.24gliwice.pl\/wiadomosci\/wp-json\/wp\/v2\/comments?post=115390"}],"version-history":[{"count":0,"href":"https:\/\/www.24gliwice.pl\/wiadomosci\/wp-json\/wp\/v2\/posts\/115390\/revisions"}],"wp:featuredmedia":[{"embeddable":true,"href":"https:\/\/www.24gliwice.pl\/wiadomosci\/wp-json\/wp\/v2\/media\/115392"}],"wp:attachment":[{"href":"https:\/\/www.24gliwice.pl\/wiadomosci\/wp-json\/wp\/v2\/media?parent=115390"}],"wp:term":[{"taxonomy":"category","embeddable":true,"href":"https:\/\/www.24gliwice.pl\/wiadomosci\/wp-json\/wp\/v2\/categories?post=115390"},{"taxonomy":"post_tag","embeddable":true,"href":"https:\/\/www.24gliwice.pl\/wiadomosci\/wp-json\/wp\/v2\/tags?post=115390"}],"curies":[{"name":"wp","href":"https:\/\/api.w.org\/{rel}","templated":true}]}}