{"id":115403,"date":"2018-04-10T13:56:21","date_gmt":"2018-04-10T11:56:21","guid":{"rendered":"https:\/\/www.24gliwice.pl\/wiadomosci\/?p=115403"},"modified":"2018-04-10T13:56:21","modified_gmt":"2018-04-10T11:56:21","slug":"w-budynku-architektury-startuje-liceum-kosztochlonny-obiekt-bedzie-lepiej-wykorzystany","status":"publish","type":"post","link":"https:\/\/www.24gliwice.pl\/wiadomosci\/w-budynku-architektury-startuje-liceum-kosztochlonny-obiekt-bedzie-lepiej-wykorzystany\/","title":{"rendered":"W budynku Architektury startuje Liceum. Kosztoch\u0142onny obiekt b\u0119dzie lepiej wykorzystany"},"content":{"rendered":"<div class=\"gliwi-a6-nad-leadem-artykulow gliwi-entity-placement\" id=\"gliwi-920968109\"><div class=\"gliwi-adlabel\"><span style=\"font-size: 9px\">REKLAMA<\/span><\/div><div id=\"gliwi-3500588716\" style=\"margin-bottom: 30px;margin-left: auto;margin-right: auto;text-align: center;\"><a data-no-instant=\"1\" href=\"https:\/\/przedszkole.halogen.org.pl\/\" rel=\"noopener\" class=\"a2t-link\" target=\"_blank\" aria-label=\"20260402-ANIMATOR-przedszkole_grafika_750x200\"><img loading=\"lazy\" decoding=\"async\" src=\"https:\/\/www.24gliwice.pl\/wiadomosci\/wp-content\/uploads\/2026\/04\/20260402-ANIMATOR-przedszkole_grafika_750x200.webp\" alt=\"\"  srcset=\"https:\/\/www.24gliwice.pl\/wiadomosci\/wp-content\/uploads\/2026\/04\/20260402-ANIMATOR-przedszkole_grafika_750x200.webp 750w, https:\/\/www.24gliwice.pl\/wiadomosci\/wp-content\/uploads\/2026\/04\/20260402-ANIMATOR-przedszkole_grafika_750x200-410x109.webp 410w\" sizes=\"(max-width: 750px) 100vw, 750px\" class=\"no-lazyload\" width=\"750\" height=\"200\"  style=\"display: inline-block; max-width: 100%; height: auto;\" \/><\/a><\/div><\/div><h3>Wyremontowany w 2011 roku budynek dawnego klubu Spirala i Kinoteatru X, a obecnie Wydzia\u0142u Architektury Politechniki \u015al\u0105skiej wkr\u00f3tce zostanie tak\u017ce siedzib\u0105 powstaj\u0105cego pod piecz\u0105 gliwickiej uczelni Akademickiego Liceum Og\u00f3lnokszta\u0142c\u0105cego.<\/h3>\n<p> W kontek\u015bcie przysz\u0142o\u015bci budynku w ostatnich tygodniach pojawi\u0142o si\u0119 sporo spekulacji, w tym te m\u00f3wi\u0105ce o wyprowadzce architekt\u00f3w z ulicy Strzody. <\/p>\n<h4>NOWE LICEUM W GLIWICACH<\/H4><\/p><div class=\"gliwi-a3-w-tresci-artykulow gliwi-entity-placement\" id=\"gliwi-3057380346\"><div class=\"gliwi-adlabel\"><span style=\"font-size: 9px\">REKLAMA<\/span><\/div><div id=\"gliwi-367759760\" style=\"margin-bottom: 30px;margin-left: auto;margin-right: auto;text-align: center;\"><a data-no-instant=\"1\" href=\"https:\/\/ogrodyandersa.pl\/\" rel=\"noopener\" class=\"a2t-link\" target=\"_blank\" aria-label=\"20260415 Ogrody Andersa KUP TERAZ D\"><img loading=\"lazy\" decoding=\"async\" src=\"https:\/\/www.24gliwice.pl\/wiadomosci\/wp-content\/uploads\/2026\/04\/20260415-Ogrody-Andersa-KUP-TERAZ-D.jpg\" alt=\"\"  srcset=\"https:\/\/www.24gliwice.pl\/wiadomosci\/wp-content\/uploads\/2026\/04\/20260415-Ogrody-Andersa-KUP-TERAZ-D.jpg 750w, https:\/\/www.24gliwice.pl\/wiadomosci\/wp-content\/uploads\/2026\/04\/20260415-Ogrody-Andersa-KUP-TERAZ-D-410x109.jpg 410w\" sizes=\"(max-width: 750px) 100vw, 750px\" class=\"no-lazyload\" width=\"750\" height=\"200\"  style=\"display: inline-block; max-width: 100%; height: auto;\" \/><\/a><\/div><\/div>\n<p>&#8211; Wydzia\u0142 Architektury Politechniki \u015al\u0105skiej b\u0119dzie nadal mie\u015bci\u0142 si\u0119 w budynku przy ul. Strzody 10 w Gliwicach. Od przysz\u0142ego roku szkolnego, czyli od wrze\u015bnia br., w budynku tym opr\u00f3cz Wydzia\u0142u Architektury b\u0119dzie r\u00f3wnie\u017c zlokalizowane Liceum Akademickie Politechniki \u015al\u0105skiej \u2013 jedno z dw\u00f3ch (obok rybnickiego), kt\u00f3re nasza uczelnia w tym roku uruchamia. Liceum b\u0119dzie kszta\u0142ci\u0142o w dw\u00f3ch profilach: politechnicznym oraz architektonicznym. Dlatego najbardziej naturalne jest ulokowanie liceum w\u0142a\u015bnie w budynku Wydzia\u0142u Architektury &#8211; wyja\u015bnia Do\u015b. <\/p>\n<p>Oferta nowego liceum b\u0119dzie oparta na autorskich programach, poszerzaj\u0105cych podstawy programowe przede wszystkim z przedmiot\u00f3w \u015bcis\u0142ych oraz z j\u0119zyk\u00f3w obcych. ALO ma by\u0107 pierwsz\u0105 ku\u017ani\u0105 talent\u00f3w z my\u015bl\u0105 o kontynuacji kszta\u0142cenia na Politechnice \u015al\u0105skiej.<br \/>\n&#8211; Bliska wsp\u00f3\u0142praca z Politechnik\u0105 \u015al\u0105sk\u0105 umo\u017cliwi najlepszym uczniom lice\u00f3w akademickich (opr\u00f3cz gliwickiego, Politechnika \u015al\u0105ska otwiera r\u00f3wnie\u017c drugie liceum w Rybniku &#8211; <strong>red.<\/strong>) fakultatywny udzia\u0142 w wybranych zaj\u0119ciach na studiach z mo\u017cliwo\u015bci\u0105 ich zaliczenia jeszcze przed rozpocz\u0119ciem nauki na uczelni \u2013 reklamowa\u0142 nowe plac\u00f3wki w lutym tego roku rektor Politechniki \u015al\u0105skiej <strong>prof. Arkadiusz M\u0119\u017cyk<\/strong>.<\/p>\n<p>ALO b\u0119dzie dzia\u0142a\u0107 na zasadach szko\u0142y publicznej, z nadzorem pedagogicznym \u015al\u0105skiego Kuratora O\u015bwiaty w Katowicach. <\/p>\n<p><img loading=\"lazy\" decoding=\"async\" src=\"https:\/\/www.24gliwice.pl\/wiadomosci\/wp-content\/uploads\/2018\/04\/poli-810x455.jpg\" alt=\"\" width=\"810\" height=\"455\" class=\"aligncenter size-large wp-image-115405\" srcset=\"https:\/\/www.24gliwice.pl\/wiadomosci\/wp-content\/uploads\/2018\/04\/poli-810x456.jpg 810w, https:\/\/www.24gliwice.pl\/wiadomosci\/wp-content\/uploads\/2018\/04\/poli-768x432.jpg 768w, https:\/\/www.24gliwice.pl\/wiadomosci\/wp-content\/uploads\/2018\/04\/poli-1140x641.jpg 1140w, https:\/\/www.24gliwice.pl\/wiadomosci\/wp-content\/uploads\/2018\/04\/poli.jpg 2048w\" sizes=\"auto, (max-width: 810px) 100vw, 810px\" \/><\/p>\n<h4>WYSOKIE KOSZTY UTRZYMANIA PRZY STRZODY<\/h4>\n<p>Poszerzenie funkcjonalno\u015bci budynku przy ul. Strzody 10 mo\u017ce by\u0107 te\u017c recept\u0105 na jego efektywniejsze zagospodarowanie. Zapewne wydatnie pomo\u017ce te\u017c w utrzymaniu kosztownego obiektu. Nie jest tajemnic\u0105, \u017ce Politechnika mia\u0142a problemy z wype\u0142nieniem 2900 m2 powierzchni budynku. W 2013 roku du\u017cym echem obi\u0142a si\u0119 w Gliwicach oferta wynajmu, kt\u00f3ra przez kilka dni widnia\u0142a na stronie internetowej uczelni.<\/p>\n<p>Dziekan Wydzia\u0142u Architektury Politechniki \u015al\u0105skiej zaprasza\u0142 w niej do sk\u0142adania ofert &#8220;na wynajem powierzchni u\u017cytkowej z przeznaczeniem na prowadzenie dzia\u0142alno\u015bci gospodarczej typu filia banku, firmy ubezpieczeniowe, firmy o charakterze dzia\u0142alno\u015bci biurowej, szko\u0142y niepublicznej&#8221;. Gdy sprawa trafi\u0142a do medi\u00f3w, og\u0142oszenie znikn\u0119\u0142o, a sprawa nazwana zosta\u0142a przez przedstawicieli uczelni &#8220;olbrzymim nieporozumieniem&#8221;. Nieoficjalnie m\u00f3wi\u0142o si\u0119 jednak, \u017ce wyremontowany kosztem 10 mln z\u0142otych obiekt generuje szczeg\u00f3lnie wysokie koszty ogrzewania i o\u015bwietlenia. <\/p>\n<p><H4>SZMACIANY ZGRZYT<\/H4><\/p>\n<p>Ambitne zamierzenia w\u0142odarzy Politechniki wesz\u0142y obecnie w etap dzia\u0142a\u0144 marketingowych. Wesz\u0142y &#8211; trzeba doda\u0107 &#8211; z du\u017cym potkni\u0119ciem. Na szklanej elewacji zabytku pojawi\u0142 si\u0119 niedawno baner reklamowy nowo powstaj\u0105cego liceum. Rozpostarta wzd\u0142u\u017c budynku plandeka niewiele r\u00f3\u017cni si\u0119 od tych samowolnie wieszanych na p\u0142otach w innych miejscach Gliwic. Niedawno pisali\u015bmy <a href=\"https:\/\/www.24gliwice.pl\/wiadomosci\/chaos-reklamowy-wymknal-sie-spod-kontroli-magistrat-przepisy-sa-dobre-problemem-samowolka\/\" rel=\"noopener\" target=\"_blank\">o problemach z opanowaniem reklamowego chaosu w Gliwicach<\/a>. Reklama ze Strzody jest by\u0107 mo\u017ce najprostsz\u0105 odpowiedzi\u0105 na zadane w artykule pytania o przyczyny ba\u0142aganu. Je\u017celi o przestrze\u0144 miejsk\u0105 nie dbaj\u0105 ci, kt\u00f3rzy powinni wyznacza\u0107 standardy, trudno oczekiwa\u0107 szerszych zmian na lepsze.<br \/>\n&#8211; Wydzia\u0142 Architektury Politechniki \u015al\u0105skiej jest zdecydowanie ostatnim budynkiem w Gliwicach, kt\u00f3ry powinny zakrywa\u0107 reklamy. Oj, z\u0142y p\u0142ynie st\u0105d przyk\u0142ad&#8230; &#8211; skomentowa\u0142 serwis architektoniczny Gruba Tektura i trudno nie przyzna\u0107 autorom racji.<br \/>\n<strong>Micha\u0142 Szewczyk<\/strong><\/p>\n<p><img loading=\"lazy\" decoding=\"async\" src=\"https:\/\/www.24gliwice.pl\/wiadomosci\/wp-content\/uploads\/2018\/04\/poli2.jpg\" alt=\"\" width=\"2048\" height=\"1152\" class=\"alignnone size-full wp-image-115406\" srcset=\"https:\/\/www.24gliwice.pl\/wiadomosci\/wp-content\/uploads\/2018\/04\/poli2.jpg 2048w, https:\/\/www.24gliwice.pl\/wiadomosci\/wp-content\/uploads\/2018\/04\/poli2-410x232.jpg 410w, https:\/\/www.24gliwice.pl\/wiadomosci\/wp-content\/uploads\/2018\/04\/poli2-768x432.jpg 768w, https:\/\/www.24gliwice.pl\/wiadomosci\/wp-content\/uploads\/2018\/04\/poli2-810x456.jpg 810w, https:\/\/www.24gliwice.pl\/wiadomosci\/wp-content\/uploads\/2018\/04\/poli2-1140x641.jpg 1140w\" sizes=\"auto, (max-width: 2048px) 100vw, 2048px\" \/> <\/p>\n<div class=\"gliwi-a5-na-koncu-artykulow gliwi-entity-placement\" id=\"gliwi-2788449162\"><div class=\"gliwi-adlabel\"><span style=\"font-size: 9px\">REKLAMA<\/span><\/div><div id=\"gliwi-81075475\" style=\"margin-left: auto;margin-right: auto;text-align: center;\"><a data-no-instant=\"1\" href=\"https:\/\/prezeroarenagliwice.pl\/\" rel=\"noopener\" class=\"a2t-link\" target=\"_blank\" aria-label=\"20260309-PREZERO-WIOSNA-D\"><img loading=\"lazy\" decoding=\"async\" src=\"https:\/\/www.24gliwice.pl\/wiadomosci\/wp-content\/uploads\/2026\/03\/20260309-PREZERO-WIOSNA-D.webp\" alt=\"\"  srcset=\"https:\/\/www.24gliwice.pl\/wiadomosci\/wp-content\/uploads\/2026\/03\/20260309-PREZERO-WIOSNA-D.webp 750w, https:\/\/www.24gliwice.pl\/wiadomosci\/wp-content\/uploads\/2026\/03\/20260309-PREZERO-WIOSNA-D-410x109.webp 410w\" sizes=\"(max-width: 750px) 100vw, 750px\" class=\"no-lazyload\" width=\"750\" height=\"200\"  style=\"display: inline-block; max-width: 100%; height: auto;\" \/><\/a><\/div><\/div>","protected":false},"excerpt":{"rendered":"<p>Wyremontowany w 2011 roku budynek dawnego klubu Spirala i Kinoteatru X, a obecnie Wydzia\u0142u Architektury Politechniki \u015al\u0105skiej wkr\u00f3tce zostanie tak\u017ce siedzib\u0105 powstaj\u0105cego pod piecz\u0105 gliwickiej uczelni Akademickiego Liceum Og\u00f3lnokszta\u0142c\u0105cego. W kontek\u015bcie przysz\u0142o\u015bci budynku w ostatnich tygodniach pojawi\u0142o si\u0119 sporo spekulacji, w tym te m\u00f3wi\u0105ce o wyprowadzce architekt\u00f3w z ulicy Strzody. NOWE LICEUM W GLIWICACH &#8211; [&hellip;]<\/p>\n","protected":false},"author":12,"featured_media":115407,"comment_status":"open","ping_status":"closed","sticky":false,"template":"","format":"standard","meta":{"_monsterinsights_skip_tracking":false,"_monsterinsights_sitenote_active":false,"_monsterinsights_sitenote_note":"","_monsterinsights_sitenote_category":0,"footnotes":"","_links_to":"","_links_to_target":""},"categories":[3,1,9],"tags":[160,12057,725,219,220,10537],"class_list":["post-115403","post","type-post","status-publish","format-standard","has-post-thumbnail","hentry","category-gliwice","category-wszystko","category-aktualnosci_lokalne","tag-kino-teatr-x","tag-kino-x","tag-pawel-dos","tag-politechnika-slaska","tag-spirala","tag-wydzial-architektury"],"yoast_head":"<!-- This site is optimized with the Yoast SEO plugin v27.5 - https:\/\/yoast.com\/product\/yoast-seo-wordpress\/ -->\n<title>W budynku Architektury startuje Liceum. Kosztoch\u0142onny obiekt b\u0119dzie lepiej wykorzystany - 24GLIWICE - Portal Gliwice | codziennie nowe informacje<\/title>\n<meta name=\"robots\" content=\"index, follow, max-snippet:-1, max-image-preview:large, max-video-preview:-1\" \/>\n<link rel=\"canonical\" href=\"https:\/\/www.24gliwice.pl\/wiadomosci\/w-budynku-architektury-startuje-liceum-kosztochlonny-obiekt-bedzie-lepiej-wykorzystany\/\" \/>\n<meta property=\"og:locale\" content=\"pl_PL\" \/>\n<meta property=\"og:type\" content=\"article\" \/>\n<meta property=\"og:title\" content=\"W budynku Architektury startuje Liceum. Kosztoch\u0142onny obiekt b\u0119dzie lepiej wykorzystany - 24GLIWICE - Portal Gliwice | codziennie nowe informacje\" \/>\n<meta property=\"og:description\" content=\"Wyremontowany w 2011 roku budynek dawnego klubu Spirala i Kinoteatru X, a obecnie Wydzia\u0142u Architektury Politechniki \u015al\u0105skiej wkr\u00f3tce zostanie tak\u017ce siedzib\u0105 powstaj\u0105cego pod piecz\u0105 gliwickiej uczelni Akademickiego Liceum Og\u00f3lnokszta\u0142c\u0105cego. W kontek\u015bcie przysz\u0142o\u015bci budynku w ostatnich tygodniach pojawi\u0142o si\u0119 sporo spekulacji, w tym te m\u00f3wi\u0105ce o wyprowadzce architekt\u00f3w z ulicy Strzody. NOWE LICEUM W GLIWICACH &#8211; [&hellip;]\" \/>\n<meta property=\"og:url\" content=\"https:\/\/www.24gliwice.pl\/wiadomosci\/w-budynku-architektury-startuje-liceum-kosztochlonny-obiekt-bedzie-lepiej-wykorzystany\/\" \/>\n<meta property=\"og:site_name\" content=\"24GLIWICE - Portal Gliwice | codziennie nowe informacje\" \/>\n<meta property=\"article:publisher\" content=\"https:\/\/www.facebook.com\/24gliwice\" \/>\n<meta property=\"article:published_time\" content=\"2018-04-10T11:56:21+00:00\" \/>\n<meta property=\"og:image\" content=\"https:\/\/www.24gliwice.pl\/wiadomosci\/wp-content\/uploads\/2018\/04\/poli3.jpg\" \/>\n\t<meta property=\"og:image:width\" content=\"2048\" \/>\n\t<meta property=\"og:image:height\" content=\"1078\" \/>\n\t<meta property=\"og:image:type\" content=\"image\/jpeg\" \/>\n<meta name=\"author\" content=\"Micha\u0142 Szewczyk\" \/>\n<meta name=\"twitter:card\" content=\"summary_large_image\" \/>\n<meta name=\"twitter:creator\" content=\"@24gliwice\" \/>\n<meta name=\"twitter:site\" content=\"@24gliwice\" \/>\n<meta name=\"twitter:label1\" content=\"Napisane przez\" \/>\n\t<meta name=\"twitter:data1\" content=\"Micha\u0142 Szewczyk\" \/>\n\t<meta name=\"twitter:label2\" content=\"Szacowany czas czytania\" \/>\n\t<meta name=\"twitter:data2\" content=\"3 minuty\" \/>\n<script type=\"application\/ld+json\" class=\"yoast-schema-graph\">{\"@context\":\"https:\\\/\\\/schema.org\",\"@graph\":[{\"@type\":\"Article\",\"@id\":\"https:\\\/\\\/www.24gliwice.pl\\\/wiadomosci\\\/w-budynku-architektury-startuje-liceum-kosztochlonny-obiekt-bedzie-lepiej-wykorzystany\\\/#article\",\"isPartOf\":{\"@id\":\"https:\\\/\\\/www.24gliwice.pl\\\/wiadomosci\\\/w-budynku-architektury-startuje-liceum-kosztochlonny-obiekt-bedzie-lepiej-wykorzystany\\\/\"},\"author\":{\"name\":\"Micha\u0142 Szewczyk\",\"@id\":\"https:\\\/\\\/www.24gliwice.pl\\\/wiadomosci\\\/#\\\/schema\\\/person\\\/940e8f8a097e322de4f463f061ef8d45\"},\"headline\":\"W budynku Architektury startuje Liceum. Kosztoch\u0142onny obiekt b\u0119dzie lepiej wykorzystany\",\"datePublished\":\"2018-04-10T11:56:21+00:00\",\"mainEntityOfPage\":{\"@id\":\"https:\\\/\\\/www.24gliwice.pl\\\/wiadomosci\\\/w-budynku-architektury-startuje-liceum-kosztochlonny-obiekt-bedzie-lepiej-wykorzystany\\\/\"},\"wordCount\":603,\"commentCount\":0,\"publisher\":{\"@id\":\"https:\\\/\\\/www.24gliwice.pl\\\/wiadomosci\\\/#organization\"},\"image\":{\"@id\":\"https:\\\/\\\/www.24gliwice.pl\\\/wiadomosci\\\/w-budynku-architektury-startuje-liceum-kosztochlonny-obiekt-bedzie-lepiej-wykorzystany\\\/#primaryimage\"},\"thumbnailUrl\":\"https:\\\/\\\/www.24gliwice.pl\\\/wiadomosci\\\/wp-content\\\/uploads\\\/2018\\\/04\\\/poli3.jpg\",\"keywords\":[\"Kino Teatr X\",\"kino x\",\"pawe\u0142 do\u015b\",\"POLITECHNIKA \u015aL\u0104SKA\",\"Spirala\",\"wydzia\u0142 architektury\"],\"articleSection\":[\"Gliwice\",\"Najnowsze wiadomo\u015bci\",\"Portal Gliwice - Wiadomo\u015bci lokalne\"],\"inLanguage\":\"pl-PL\",\"potentialAction\":[{\"@type\":\"CommentAction\",\"name\":\"Comment\",\"target\":[\"https:\\\/\\\/www.24gliwice.pl\\\/wiadomosci\\\/w-budynku-architektury-startuje-liceum-kosztochlonny-obiekt-bedzie-lepiej-wykorzystany\\\/#respond\"]}]},{\"@type\":\"WebPage\",\"@id\":\"https:\\\/\\\/www.24gliwice.pl\\\/wiadomosci\\\/w-budynku-architektury-startuje-liceum-kosztochlonny-obiekt-bedzie-lepiej-wykorzystany\\\/\",\"url\":\"https:\\\/\\\/www.24gliwice.pl\\\/wiadomosci\\\/w-budynku-architektury-startuje-liceum-kosztochlonny-obiekt-bedzie-lepiej-wykorzystany\\\/\",\"name\":\"W budynku Architektury startuje Liceum. Kosztoch\u0142onny obiekt b\u0119dzie lepiej wykorzystany - 24GLIWICE - Portal Gliwice | codziennie nowe informacje\",\"isPartOf\":{\"@id\":\"https:\\\/\\\/www.24gliwice.pl\\\/wiadomosci\\\/#website\"},\"primaryImageOfPage\":{\"@id\":\"https:\\\/\\\/www.24gliwice.pl\\\/wiadomosci\\\/w-budynku-architektury-startuje-liceum-kosztochlonny-obiekt-bedzie-lepiej-wykorzystany\\\/#primaryimage\"},\"image\":{\"@id\":\"https:\\\/\\\/www.24gliwice.pl\\\/wiadomosci\\\/w-budynku-architektury-startuje-liceum-kosztochlonny-obiekt-bedzie-lepiej-wykorzystany\\\/#primaryimage\"},\"thumbnailUrl\":\"https:\\\/\\\/www.24gliwice.pl\\\/wiadomosci\\\/wp-content\\\/uploads\\\/2018\\\/04\\\/poli3.jpg\",\"datePublished\":\"2018-04-10T11:56:21+00:00\",\"breadcrumb\":{\"@id\":\"https:\\\/\\\/www.24gliwice.pl\\\/wiadomosci\\\/w-budynku-architektury-startuje-liceum-kosztochlonny-obiekt-bedzie-lepiej-wykorzystany\\\/#breadcrumb\"},\"inLanguage\":\"pl-PL\",\"potentialAction\":[{\"@type\":\"ReadAction\",\"target\":[\"https:\\\/\\\/www.24gliwice.pl\\\/wiadomosci\\\/w-budynku-architektury-startuje-liceum-kosztochlonny-obiekt-bedzie-lepiej-wykorzystany\\\/\"]}]},{\"@type\":\"ImageObject\",\"inLanguage\":\"pl-PL\",\"@id\":\"https:\\\/\\\/www.24gliwice.pl\\\/wiadomosci\\\/w-budynku-architektury-startuje-liceum-kosztochlonny-obiekt-bedzie-lepiej-wykorzystany\\\/#primaryimage\",\"url\":\"https:\\\/\\\/www.24gliwice.pl\\\/wiadomosci\\\/wp-content\\\/uploads\\\/2018\\\/04\\\/poli3.jpg\",\"contentUrl\":\"https:\\\/\\\/www.24gliwice.pl\\\/wiadomosci\\\/wp-content\\\/uploads\\\/2018\\\/04\\\/poli3.jpg\",\"width\":2048,\"height\":1078},{\"@type\":\"BreadcrumbList\",\"@id\":\"https:\\\/\\\/www.24gliwice.pl\\\/wiadomosci\\\/w-budynku-architektury-startuje-liceum-kosztochlonny-obiekt-bedzie-lepiej-wykorzystany\\\/#breadcrumb\",\"itemListElement\":[{\"@type\":\"ListItem\",\"position\":1,\"name\":\"Strona g\u0142\u00f3wna\",\"item\":\"https:\\\/\\\/www.24gliwice.pl\\\/wiadomosci\\\/\"},{\"@type\":\"ListItem\",\"position\":2,\"name\":\"W budynku Architektury startuje Liceum. Kosztoch\u0142onny obiekt b\u0119dzie lepiej wykorzystany\"}]},{\"@type\":\"WebSite\",\"@id\":\"https:\\\/\\\/www.24gliwice.pl\\\/wiadomosci\\\/#website\",\"url\":\"https:\\\/\\\/www.24gliwice.pl\\\/wiadomosci\\\/\",\"name\":\"24GLIWICE - Portal Gliwice | codziennie nowe wiadomo\u015bci\",\"description\":\"Portal Miejski Gliwice\",\"publisher\":{\"@id\":\"https:\\\/\\\/www.24gliwice.pl\\\/wiadomosci\\\/#organization\"},\"potentialAction\":[{\"@type\":\"SearchAction\",\"target\":{\"@type\":\"EntryPoint\",\"urlTemplate\":\"https:\\\/\\\/www.24gliwice.pl\\\/wiadomosci\\\/?s={search_term_string}\"},\"query-input\":{\"@type\":\"PropertyValueSpecification\",\"valueRequired\":true,\"valueName\":\"search_term_string\"}}],\"inLanguage\":\"pl-PL\"},{\"@type\":\"Organization\",\"@id\":\"https:\\\/\\\/www.24gliwice.pl\\\/wiadomosci\\\/#organization\",\"name\":\"24gliwice\",\"url\":\"https:\\\/\\\/www.24gliwice.pl\\\/wiadomosci\\\/\",\"logo\":{\"@type\":\"ImageObject\",\"inLanguage\":\"pl-PL\",\"@id\":\"https:\\\/\\\/www.24gliwice.pl\\\/wiadomosci\\\/#\\\/schema\\\/logo\\\/image\\\/\",\"url\":\"https:\\\/\\\/www.24gliwice.pl\\\/wiadomosci\\\/wp-content\\\/uploads\\\/2024\\\/10\\\/24gliwice-logo-696.jpg\",\"contentUrl\":\"https:\\\/\\\/www.24gliwice.pl\\\/wiadomosci\\\/wp-content\\\/uploads\\\/2024\\\/10\\\/24gliwice-logo-696.jpg\",\"width\":696,\"height\":696,\"caption\":\"24gliwice\"},\"image\":{\"@id\":\"https:\\\/\\\/www.24gliwice.pl\\\/wiadomosci\\\/#\\\/schema\\\/logo\\\/image\\\/\"},\"sameAs\":[\"https:\\\/\\\/www.facebook.com\\\/24gliwice\",\"https:\\\/\\\/x.com\\\/24gliwice\",\"https:\\\/\\\/www.youtube.com\\\/@24gliwice\"]},{\"@type\":\"Person\",\"@id\":\"https:\\\/\\\/www.24gliwice.pl\\\/wiadomosci\\\/#\\\/schema\\\/person\\\/940e8f8a097e322de4f463f061ef8d45\",\"name\":\"Micha\u0142 Szewczyk\",\"image\":{\"@type\":\"ImageObject\",\"inLanguage\":\"pl-PL\",\"@id\":\"https:\\\/\\\/secure.gravatar.com\\\/avatar\\\/771b8b6c74cd8d255e46392d605e01a86133900ef09b6ef3c8d451c9d92288cf?s=96&d=mm&r=g\",\"url\":\"https:\\\/\\\/secure.gravatar.com\\\/avatar\\\/771b8b6c74cd8d255e46392d605e01a86133900ef09b6ef3c8d451c9d92288cf?s=96&d=mm&r=g\",\"contentUrl\":\"https:\\\/\\\/secure.gravatar.com\\\/avatar\\\/771b8b6c74cd8d255e46392d605e01a86133900ef09b6ef3c8d451c9d92288cf?s=96&d=mm&r=g\",\"caption\":\"Micha\u0142 Szewczyk\"},\"sameAs\":[\"http:\\\/\\\/www.gazeta-miejska.pl\"],\"url\":\"https:\\\/\\\/www.24gliwice.pl\\\/wiadomosci\\\/author\\\/michal-szewczyk\\\/\"}]}<\/script>\n<!-- \/ Yoast SEO plugin. -->","yoast_head_json":{"title":"W budynku Architektury startuje Liceum. Kosztoch\u0142onny obiekt b\u0119dzie lepiej wykorzystany - 24GLIWICE - Portal Gliwice | codziennie nowe informacje","robots":{"index":"index","follow":"follow","max-snippet":"max-snippet:-1","max-image-preview":"max-image-preview:large","max-video-preview":"max-video-preview:-1"},"canonical":"https:\/\/www.24gliwice.pl\/wiadomosci\/w-budynku-architektury-startuje-liceum-kosztochlonny-obiekt-bedzie-lepiej-wykorzystany\/","og_locale":"pl_PL","og_type":"article","og_title":"W budynku Architektury startuje Liceum. Kosztoch\u0142onny obiekt b\u0119dzie lepiej wykorzystany - 24GLIWICE - Portal Gliwice | codziennie nowe informacje","og_description":"Wyremontowany w 2011 roku budynek dawnego klubu Spirala i Kinoteatru X, a obecnie Wydzia\u0142u Architektury Politechniki \u015al\u0105skiej wkr\u00f3tce zostanie tak\u017ce siedzib\u0105 powstaj\u0105cego pod piecz\u0105 gliwickiej uczelni Akademickiego Liceum Og\u00f3lnokszta\u0142c\u0105cego. W kontek\u015bcie przysz\u0142o\u015bci budynku w ostatnich tygodniach pojawi\u0142o si\u0119 sporo spekulacji, w tym te m\u00f3wi\u0105ce o wyprowadzce architekt\u00f3w z ulicy Strzody. NOWE LICEUM W GLIWICACH &#8211; [&hellip;]","og_url":"https:\/\/www.24gliwice.pl\/wiadomosci\/w-budynku-architektury-startuje-liceum-kosztochlonny-obiekt-bedzie-lepiej-wykorzystany\/","og_site_name":"24GLIWICE - Portal Gliwice | codziennie nowe informacje","article_publisher":"https:\/\/www.facebook.com\/24gliwice","article_published_time":"2018-04-10T11:56:21+00:00","og_image":[{"width":2048,"height":1078,"url":"https:\/\/www.24gliwice.pl\/wiadomosci\/wp-content\/uploads\/2018\/04\/poli3.jpg","type":"image\/jpeg"}],"author":"Micha\u0142 Szewczyk","twitter_card":"summary_large_image","twitter_creator":"@24gliwice","twitter_site":"@24gliwice","twitter_misc":{"Napisane przez":"Micha\u0142 Szewczyk","Szacowany czas czytania":"3 minuty"},"schema":{"@context":"https:\/\/schema.org","@graph":[{"@type":"Article","@id":"https:\/\/www.24gliwice.pl\/wiadomosci\/w-budynku-architektury-startuje-liceum-kosztochlonny-obiekt-bedzie-lepiej-wykorzystany\/#article","isPartOf":{"@id":"https:\/\/www.24gliwice.pl\/wiadomosci\/w-budynku-architektury-startuje-liceum-kosztochlonny-obiekt-bedzie-lepiej-wykorzystany\/"},"author":{"name":"Micha\u0142 Szewczyk","@id":"https:\/\/www.24gliwice.pl\/wiadomosci\/#\/schema\/person\/940e8f8a097e322de4f463f061ef8d45"},"headline":"W budynku Architektury startuje Liceum. Kosztoch\u0142onny obiekt b\u0119dzie lepiej wykorzystany","datePublished":"2018-04-10T11:56:21+00:00","mainEntityOfPage":{"@id":"https:\/\/www.24gliwice.pl\/wiadomosci\/w-budynku-architektury-startuje-liceum-kosztochlonny-obiekt-bedzie-lepiej-wykorzystany\/"},"wordCount":603,"commentCount":0,"publisher":{"@id":"https:\/\/www.24gliwice.pl\/wiadomosci\/#organization"},"image":{"@id":"https:\/\/www.24gliwice.pl\/wiadomosci\/w-budynku-architektury-startuje-liceum-kosztochlonny-obiekt-bedzie-lepiej-wykorzystany\/#primaryimage"},"thumbnailUrl":"https:\/\/www.24gliwice.pl\/wiadomosci\/wp-content\/uploads\/2018\/04\/poli3.jpg","keywords":["Kino Teatr X","kino x","pawe\u0142 do\u015b","POLITECHNIKA \u015aL\u0104SKA","Spirala","wydzia\u0142 architektury"],"articleSection":["Gliwice","Najnowsze wiadomo\u015bci","Portal Gliwice - Wiadomo\u015bci lokalne"],"inLanguage":"pl-PL","potentialAction":[{"@type":"CommentAction","name":"Comment","target":["https:\/\/www.24gliwice.pl\/wiadomosci\/w-budynku-architektury-startuje-liceum-kosztochlonny-obiekt-bedzie-lepiej-wykorzystany\/#respond"]}]},{"@type":"WebPage","@id":"https:\/\/www.24gliwice.pl\/wiadomosci\/w-budynku-architektury-startuje-liceum-kosztochlonny-obiekt-bedzie-lepiej-wykorzystany\/","url":"https:\/\/www.24gliwice.pl\/wiadomosci\/w-budynku-architektury-startuje-liceum-kosztochlonny-obiekt-bedzie-lepiej-wykorzystany\/","name":"W budynku Architektury startuje Liceum. Kosztoch\u0142onny obiekt b\u0119dzie lepiej wykorzystany - 24GLIWICE - Portal Gliwice | codziennie nowe informacje","isPartOf":{"@id":"https:\/\/www.24gliwice.pl\/wiadomosci\/#website"},"primaryImageOfPage":{"@id":"https:\/\/www.24gliwice.pl\/wiadomosci\/w-budynku-architektury-startuje-liceum-kosztochlonny-obiekt-bedzie-lepiej-wykorzystany\/#primaryimage"},"image":{"@id":"https:\/\/www.24gliwice.pl\/wiadomosci\/w-budynku-architektury-startuje-liceum-kosztochlonny-obiekt-bedzie-lepiej-wykorzystany\/#primaryimage"},"thumbnailUrl":"https:\/\/www.24gliwice.pl\/wiadomosci\/wp-content\/uploads\/2018\/04\/poli3.jpg","datePublished":"2018-04-10T11:56:21+00:00","breadcrumb":{"@id":"https:\/\/www.24gliwice.pl\/wiadomosci\/w-budynku-architektury-startuje-liceum-kosztochlonny-obiekt-bedzie-lepiej-wykorzystany\/#breadcrumb"},"inLanguage":"pl-PL","potentialAction":[{"@type":"ReadAction","target":["https:\/\/www.24gliwice.pl\/wiadomosci\/w-budynku-architektury-startuje-liceum-kosztochlonny-obiekt-bedzie-lepiej-wykorzystany\/"]}]},{"@type":"ImageObject","inLanguage":"pl-PL","@id":"https:\/\/www.24gliwice.pl\/wiadomosci\/w-budynku-architektury-startuje-liceum-kosztochlonny-obiekt-bedzie-lepiej-wykorzystany\/#primaryimage","url":"https:\/\/www.24gliwice.pl\/wiadomosci\/wp-content\/uploads\/2018\/04\/poli3.jpg","contentUrl":"https:\/\/www.24gliwice.pl\/wiadomosci\/wp-content\/uploads\/2018\/04\/poli3.jpg","width":2048,"height":1078},{"@type":"BreadcrumbList","@id":"https:\/\/www.24gliwice.pl\/wiadomosci\/w-budynku-architektury-startuje-liceum-kosztochlonny-obiekt-bedzie-lepiej-wykorzystany\/#breadcrumb","itemListElement":[{"@type":"ListItem","position":1,"name":"Strona g\u0142\u00f3wna","item":"https:\/\/www.24gliwice.pl\/wiadomosci\/"},{"@type":"ListItem","position":2,"name":"W budynku Architektury startuje Liceum. Kosztoch\u0142onny obiekt b\u0119dzie lepiej wykorzystany"}]},{"@type":"WebSite","@id":"https:\/\/www.24gliwice.pl\/wiadomosci\/#website","url":"https:\/\/www.24gliwice.pl\/wiadomosci\/","name":"24GLIWICE - Portal Gliwice | codziennie nowe wiadomo\u015bci","description":"Portal Miejski Gliwice","publisher":{"@id":"https:\/\/www.24gliwice.pl\/wiadomosci\/#organization"},"potentialAction":[{"@type":"SearchAction","target":{"@type":"EntryPoint","urlTemplate":"https:\/\/www.24gliwice.pl\/wiadomosci\/?s={search_term_string}"},"query-input":{"@type":"PropertyValueSpecification","valueRequired":true,"valueName":"search_term_string"}}],"inLanguage":"pl-PL"},{"@type":"Organization","@id":"https:\/\/www.24gliwice.pl\/wiadomosci\/#organization","name":"24gliwice","url":"https:\/\/www.24gliwice.pl\/wiadomosci\/","logo":{"@type":"ImageObject","inLanguage":"pl-PL","@id":"https:\/\/www.24gliwice.pl\/wiadomosci\/#\/schema\/logo\/image\/","url":"https:\/\/www.24gliwice.pl\/wiadomosci\/wp-content\/uploads\/2024\/10\/24gliwice-logo-696.jpg","contentUrl":"https:\/\/www.24gliwice.pl\/wiadomosci\/wp-content\/uploads\/2024\/10\/24gliwice-logo-696.jpg","width":696,"height":696,"caption":"24gliwice"},"image":{"@id":"https:\/\/www.24gliwice.pl\/wiadomosci\/#\/schema\/logo\/image\/"},"sameAs":["https:\/\/www.facebook.com\/24gliwice","https:\/\/x.com\/24gliwice","https:\/\/www.youtube.com\/@24gliwice"]},{"@type":"Person","@id":"https:\/\/www.24gliwice.pl\/wiadomosci\/#\/schema\/person\/940e8f8a097e322de4f463f061ef8d45","name":"Micha\u0142 Szewczyk","image":{"@type":"ImageObject","inLanguage":"pl-PL","@id":"https:\/\/secure.gravatar.com\/avatar\/771b8b6c74cd8d255e46392d605e01a86133900ef09b6ef3c8d451c9d92288cf?s=96&d=mm&r=g","url":"https:\/\/secure.gravatar.com\/avatar\/771b8b6c74cd8d255e46392d605e01a86133900ef09b6ef3c8d451c9d92288cf?s=96&d=mm&r=g","contentUrl":"https:\/\/secure.gravatar.com\/avatar\/771b8b6c74cd8d255e46392d605e01a86133900ef09b6ef3c8d451c9d92288cf?s=96&d=mm&r=g","caption":"Micha\u0142 Szewczyk"},"sameAs":["http:\/\/www.gazeta-miejska.pl"],"url":"https:\/\/www.24gliwice.pl\/wiadomosci\/author\/michal-szewczyk\/"}]}},"_links":{"self":[{"href":"https:\/\/www.24gliwice.pl\/wiadomosci\/wp-json\/wp\/v2\/posts\/115403","targetHints":{"allow":["GET"]}}],"collection":[{"href":"https:\/\/www.24gliwice.pl\/wiadomosci\/wp-json\/wp\/v2\/posts"}],"about":[{"href":"https:\/\/www.24gliwice.pl\/wiadomosci\/wp-json\/wp\/v2\/types\/post"}],"author":[{"embeddable":true,"href":"https:\/\/www.24gliwice.pl\/wiadomosci\/wp-json\/wp\/v2\/users\/12"}],"replies":[{"embeddable":true,"href":"https:\/\/www.24gliwice.pl\/wiadomosci\/wp-json\/wp\/v2\/comments?post=115403"}],"version-history":[{"count":0,"href":"https:\/\/www.24gliwice.pl\/wiadomosci\/wp-json\/wp\/v2\/posts\/115403\/revisions"}],"wp:featuredmedia":[{"embeddable":true,"href":"https:\/\/www.24gliwice.pl\/wiadomosci\/wp-json\/wp\/v2\/media\/115407"}],"wp:attachment":[{"href":"https:\/\/www.24gliwice.pl\/wiadomosci\/wp-json\/wp\/v2\/media?parent=115403"}],"wp:term":[{"taxonomy":"category","embeddable":true,"href":"https:\/\/www.24gliwice.pl\/wiadomosci\/wp-json\/wp\/v2\/categories?post=115403"},{"taxonomy":"post_tag","embeddable":true,"href":"https:\/\/www.24gliwice.pl\/wiadomosci\/wp-json\/wp\/v2\/tags?post=115403"}],"curies":[{"name":"wp","href":"https:\/\/api.w.org\/{rel}","templated":true}]}}