{"id":115544,"date":"2018-04-12T01:29:32","date_gmt":"2018-04-11T23:29:32","guid":{"rendered":"https:\/\/www.24gliwice.pl\/wiadomosci\/?p=115544"},"modified":"2018-04-12T01:29:32","modified_gmt":"2018-04-11T23:29:32","slug":"palmiarnia-miejska-przejdzie-remont-podczas-przerwy-technologicznej-w-wakacje-koszt-to-ok-900-tys-zl","status":"publish","type":"post","link":"https:\/\/www.24gliwice.pl\/wiadomosci\/palmiarnia-miejska-przejdzie-remont-podczas-przerwy-technologicznej-w-wakacje-koszt-to-ok-900-tys-zl\/","title":{"rendered":"Palmiarnia Miejska przejdzie remont podczas przerwy technologicznej w wakacje. Koszt to ok. 900 tys. z\u0142"},"content":{"rendered":"<div class=\"gliwi-a6-nad-leadem-artykulow gliwi-entity-placement\" id=\"gliwi-4173562722\"><div class=\"gliwi-adlabel\"><span style=\"font-size: 9px\">REKLAMA<\/span><\/div><div id=\"gliwi-1985638510\" style=\"margin-bottom: 25px;margin-left: auto;margin-right: auto;text-align: center;\"><a data-no-instant=\"1\" href=\"https:\/\/dom100.eu\/\" rel=\"noopener\" class=\"a2t-link\" target=\"_blank\" aria-label=\"20260415 DOM100 D\"><img loading=\"lazy\" decoding=\"async\" src=\"https:\/\/www.24gliwice.pl\/wiadomosci\/wp-content\/uploads\/2026\/04\/20260415-DOM100-D.jpg\" alt=\"\"  srcset=\"https:\/\/www.24gliwice.pl\/wiadomosci\/wp-content\/uploads\/2026\/04\/20260415-DOM100-D.jpg 750w, https:\/\/www.24gliwice.pl\/wiadomosci\/wp-content\/uploads\/2026\/04\/20260415-DOM100-D-410x109.jpg 410w\" sizes=\"(max-width: 750px) 100vw, 750px\" class=\"no-lazyload\" width=\"750\" height=\"200\"  style=\"display: inline-block; max-width: 100%; height: auto;\" \/><\/a><\/div><\/div><h3>Palmiarnia Miejska, jedno z ulubionych miejsc gliwiczan, b\u0119dzie modernizowana. Remont przejdzie m.in. elewacja pawilonu ro\u015blin u\u017cytkowych.<\/h3>\n<p>Zgodnie z planem roboty b\u0119d\u0105 prowadzone w trakcie przerwy technologicznej w Palmiarni w okresie od 25 czerwca do 31 lipca. W tym czasie szklane panele z \u201eVitrolitu\u201d w pawilonie ro\u015blin u\u017cytkowych zostan\u0105 zdemontowane, a zast\u0105pi\u0105 je \u015bciany z poliw\u0119glanu komorowego.<\/p>\n<p>Od strony parku Chopina zamontowana b\u0119dzie szklana fasada. Zaplanowano te\u017c modernizacj\u0119 4 \u0142\u0105cznik\u00f3w pawilonu, monta\u017c nowych drzwi aluminiowych, okien i element\u00f3w infrastruktury technicznej.<\/p><div class=\"gliwi-a3-w-tresci-artykulow gliwi-entity-placement\" id=\"gliwi-3633633680\"><div class=\"gliwi-adlabel\"><span style=\"font-size: 9px\">REKLAMA<\/span><\/div><div id=\"gliwi-1543806083\" style=\"margin-bottom: 30px;margin-left: auto;margin-right: auto;text-align: center;\"><a data-no-instant=\"1\" href=\"https:\/\/ogrodyandersa.pl\/\" rel=\"noopener\" class=\"a2t-link\" target=\"_blank\" aria-label=\"20260415 Ogrody Andersa KUP TERAZ D\"><img loading=\"lazy\" decoding=\"async\" src=\"https:\/\/www.24gliwice.pl\/wiadomosci\/wp-content\/uploads\/2026\/04\/20260415-Ogrody-Andersa-KUP-TERAZ-D.jpg\" alt=\"\"  srcset=\"https:\/\/www.24gliwice.pl\/wiadomosci\/wp-content\/uploads\/2026\/04\/20260415-Ogrody-Andersa-KUP-TERAZ-D.jpg 750w, https:\/\/www.24gliwice.pl\/wiadomosci\/wp-content\/uploads\/2026\/04\/20260415-Ogrody-Andersa-KUP-TERAZ-D-410x109.jpg 410w\" sizes=\"(max-width: 750px) 100vw, 750px\" class=\"no-lazyload\" width=\"750\" height=\"200\"  style=\"display: inline-block; max-width: 100%; height: auto;\" \/><\/a><\/div><\/div>\n<p>Inwestycja b\u0119dzie kosztowa\u0107 oko\u0142o 900 tys. z\u0142. Aktualnie trwa przetarg, w wyniku kt\u00f3rego ma by\u0107 wy\u0142oniony wykonawca. Otwarcie ofert zaplanowano na 19 kwietnia.<\/p>\n<p>(\u017cms)\/UM(mf)<br \/>\nfot. arch. 24gliwice.pl<\/p>\n<div class=\"gliwi-a5-na-koncu-artykulow gliwi-entity-placement\" id=\"gliwi-2963039907\"><div class=\"gliwi-adlabel\"><span style=\"font-size: 9px\">REKLAMA<\/span><\/div><div id=\"gliwi-1063585428\" style=\"margin-left: auto;margin-right: auto;text-align: center;\"><a data-no-instant=\"1\" href=\"https:\/\/prezeroarenagliwice.pl\/\" rel=\"noopener\" class=\"a2t-link\" target=\"_blank\" aria-label=\"20260309-PREZERO-WIOSNA-D\"><img loading=\"lazy\" decoding=\"async\" src=\"https:\/\/www.24gliwice.pl\/wiadomosci\/wp-content\/uploads\/2026\/03\/20260309-PREZERO-WIOSNA-D.webp\" alt=\"\"  srcset=\"https:\/\/www.24gliwice.pl\/wiadomosci\/wp-content\/uploads\/2026\/03\/20260309-PREZERO-WIOSNA-D.webp 750w, https:\/\/www.24gliwice.pl\/wiadomosci\/wp-content\/uploads\/2026\/03\/20260309-PREZERO-WIOSNA-D-410x109.webp 410w\" sizes=\"(max-width: 750px) 100vw, 750px\" class=\"no-lazyload\" width=\"750\" height=\"200\"  style=\"display: inline-block; max-width: 100%; height: auto;\" \/><\/a><\/div><\/div>","protected":false},"excerpt":{"rendered":"<p>Palmiarnia Miejska, jedno z ulubionych miejsc gliwiczan, b\u0119dzie modernizowana. Remont przejdzie m.in. elewacja pawilonu ro\u015blin u\u017cytkowych. Zgodnie z planem roboty b\u0119d\u0105 prowadzone w trakcie przerwy technologicznej w Palmiarni w okresie od 25 czerwca do 31 lipca. W tym czasie szklane panele z \u201eVitrolitu\u201d w pawilonie ro\u015blin u\u017cytkowych zostan\u0105 zdemontowane, a zast\u0105pi\u0105 je \u015bciany z poliw\u0119glanu [&hellip;]<\/p>\n","protected":false},"author":15,"featured_media":115560,"comment_status":"open","ping_status":"closed","sticky":false,"template":"","format":"standard","meta":{"_monsterinsights_skip_tracking":false,"_monsterinsights_sitenote_active":false,"_monsterinsights_sitenote_note":"","_monsterinsights_sitenote_category":0,"footnotes":"","_links_to":"","_links_to_target":""},"categories":[3,1],"tags":[10387,10017,9881,9341],"class_list":["post-115544","post","type-post","status-publish","format-standard","has-post-thumbnail","hentry","category-gliwice","category-wszystko","tag-modernizacja","tag-palmiarnia-miejska","tag-przerwa-technologiczna","tag-remont-elewacji"],"yoast_head":"<!-- This site is optimized with the Yoast SEO plugin v27.5 - https:\/\/yoast.com\/product\/yoast-seo-wordpress\/ -->\n<title>Palmiarnia Miejska przejdzie remont podczas przerwy technologicznej w wakacje. Koszt to ok. 900 tys. z\u0142 - 24GLIWICE - Portal Gliwice | codziennie nowe informacje<\/title>\n<meta name=\"robots\" content=\"index, follow, max-snippet:-1, max-image-preview:large, max-video-preview:-1\" \/>\n<link rel=\"canonical\" href=\"https:\/\/www.24gliwice.pl\/wiadomosci\/palmiarnia-miejska-przejdzie-remont-podczas-przerwy-technologicznej-w-wakacje-koszt-to-ok-900-tys-zl\/\" \/>\n<meta property=\"og:locale\" content=\"pl_PL\" \/>\n<meta property=\"og:type\" content=\"article\" \/>\n<meta property=\"og:title\" content=\"Palmiarnia Miejska przejdzie remont podczas przerwy technologicznej w wakacje. Koszt to ok. 900 tys. z\u0142 - 24GLIWICE - Portal Gliwice | codziennie nowe informacje\" \/>\n<meta property=\"og:description\" content=\"Palmiarnia Miejska, jedno z ulubionych miejsc gliwiczan, b\u0119dzie modernizowana. Remont przejdzie m.in. elewacja pawilonu ro\u015blin u\u017cytkowych. Zgodnie z planem roboty b\u0119d\u0105 prowadzone w trakcie przerwy technologicznej w Palmiarni w okresie od 25 czerwca do 31 lipca. W tym czasie szklane panele z \u201eVitrolitu\u201d w pawilonie ro\u015blin u\u017cytkowych zostan\u0105 zdemontowane, a zast\u0105pi\u0105 je \u015bciany z poliw\u0119glanu [&hellip;]\" \/>\n<meta property=\"og:url\" content=\"https:\/\/www.24gliwice.pl\/wiadomosci\/palmiarnia-miejska-przejdzie-remont-podczas-przerwy-technologicznej-w-wakacje-koszt-to-ok-900-tys-zl\/\" \/>\n<meta property=\"og:site_name\" content=\"24GLIWICE - Portal Gliwice | codziennie nowe informacje\" \/>\n<meta property=\"article:publisher\" content=\"https:\/\/www.facebook.com\/24gliwice\" \/>\n<meta property=\"article:published_time\" content=\"2018-04-11T23:29:32+00:00\" \/>\n<meta property=\"og:image\" content=\"https:\/\/www.24gliwice.pl\/wiadomosci\/wp-content\/uploads\/2018\/04\/palmiarnia-808x455.jpg\" \/>\n\t<meta property=\"og:image:width\" content=\"808\" \/>\n\t<meta property=\"og:image:height\" content=\"455\" \/>\n\t<meta property=\"og:image:type\" content=\"image\/jpeg\" \/>\n<meta name=\"author\" content=\"\u017baneta Mrozek-Siewierska\" \/>\n<meta name=\"twitter:card\" content=\"summary_large_image\" \/>\n<meta name=\"twitter:creator\" content=\"@24gliwice\" \/>\n<meta name=\"twitter:site\" content=\"@24gliwice\" \/>\n<meta name=\"twitter:label1\" content=\"Napisane przez\" \/>\n\t<meta name=\"twitter:data1\" content=\"\u017baneta Mrozek-Siewierska\" \/>\n\t<meta name=\"twitter:label2\" content=\"Szacowany czas czytania\" \/>\n\t<meta name=\"twitter:data2\" content=\"1 minuta\" \/>\n<script type=\"application\/ld+json\" class=\"yoast-schema-graph\">{\"@context\":\"https:\\\/\\\/schema.org\",\"@graph\":[{\"@type\":\"Article\",\"@id\":\"https:\\\/\\\/www.24gliwice.pl\\\/wiadomosci\\\/palmiarnia-miejska-przejdzie-remont-podczas-przerwy-technologicznej-w-wakacje-koszt-to-ok-900-tys-zl\\\/#article\",\"isPartOf\":{\"@id\":\"https:\\\/\\\/www.24gliwice.pl\\\/wiadomosci\\\/palmiarnia-miejska-przejdzie-remont-podczas-przerwy-technologicznej-w-wakacje-koszt-to-ok-900-tys-zl\\\/\"},\"author\":{\"name\":\"\u017baneta Mrozek-Siewierska\",\"@id\":\"https:\\\/\\\/www.24gliwice.pl\\\/wiadomosci\\\/#\\\/schema\\\/person\\\/e42c650edd7f2fa332be3811fb166b6e\"},\"headline\":\"Palmiarnia Miejska przejdzie remont podczas przerwy technologicznej w wakacje. Koszt to ok. 900 tys. z\u0142\",\"datePublished\":\"2018-04-11T23:29:32+00:00\",\"mainEntityOfPage\":{\"@id\":\"https:\\\/\\\/www.24gliwice.pl\\\/wiadomosci\\\/palmiarnia-miejska-przejdzie-remont-podczas-przerwy-technologicznej-w-wakacje-koszt-to-ok-900-tys-zl\\\/\"},\"wordCount\":134,\"commentCount\":0,\"publisher\":{\"@id\":\"https:\\\/\\\/www.24gliwice.pl\\\/wiadomosci\\\/#organization\"},\"image\":{\"@id\":\"https:\\\/\\\/www.24gliwice.pl\\\/wiadomosci\\\/palmiarnia-miejska-przejdzie-remont-podczas-przerwy-technologicznej-w-wakacje-koszt-to-ok-900-tys-zl\\\/#primaryimage\"},\"thumbnailUrl\":\"https:\\\/\\\/www.24gliwice.pl\\\/wiadomosci\\\/wp-content\\\/uploads\\\/2018\\\/04\\\/palmiarnia.jpg\",\"keywords\":[\"MODERNIZACJA\",\"PALMIARNIA MIEJSKA\",\"przerwa technologiczna\",\"remont elewacji\"],\"articleSection\":[\"Gliwice\",\"Najnowsze wiadomo\u015bci\"],\"inLanguage\":\"pl-PL\",\"potentialAction\":[{\"@type\":\"CommentAction\",\"name\":\"Comment\",\"target\":[\"https:\\\/\\\/www.24gliwice.pl\\\/wiadomosci\\\/palmiarnia-miejska-przejdzie-remont-podczas-przerwy-technologicznej-w-wakacje-koszt-to-ok-900-tys-zl\\\/#respond\"]}]},{\"@type\":\"WebPage\",\"@id\":\"https:\\\/\\\/www.24gliwice.pl\\\/wiadomosci\\\/palmiarnia-miejska-przejdzie-remont-podczas-przerwy-technologicznej-w-wakacje-koszt-to-ok-900-tys-zl\\\/\",\"url\":\"https:\\\/\\\/www.24gliwice.pl\\\/wiadomosci\\\/palmiarnia-miejska-przejdzie-remont-podczas-przerwy-technologicznej-w-wakacje-koszt-to-ok-900-tys-zl\\\/\",\"name\":\"Palmiarnia Miejska przejdzie remont podczas przerwy technologicznej w wakacje. Koszt to ok. 900 tys. z\u0142 - 24GLIWICE - Portal Gliwice | codziennie nowe informacje\",\"isPartOf\":{\"@id\":\"https:\\\/\\\/www.24gliwice.pl\\\/wiadomosci\\\/#website\"},\"primaryImageOfPage\":{\"@id\":\"https:\\\/\\\/www.24gliwice.pl\\\/wiadomosci\\\/palmiarnia-miejska-przejdzie-remont-podczas-przerwy-technologicznej-w-wakacje-koszt-to-ok-900-tys-zl\\\/#primaryimage\"},\"image\":{\"@id\":\"https:\\\/\\\/www.24gliwice.pl\\\/wiadomosci\\\/palmiarnia-miejska-przejdzie-remont-podczas-przerwy-technologicznej-w-wakacje-koszt-to-ok-900-tys-zl\\\/#primaryimage\"},\"thumbnailUrl\":\"https:\\\/\\\/www.24gliwice.pl\\\/wiadomosci\\\/wp-content\\\/uploads\\\/2018\\\/04\\\/palmiarnia.jpg\",\"datePublished\":\"2018-04-11T23:29:32+00:00\",\"breadcrumb\":{\"@id\":\"https:\\\/\\\/www.24gliwice.pl\\\/wiadomosci\\\/palmiarnia-miejska-przejdzie-remont-podczas-przerwy-technologicznej-w-wakacje-koszt-to-ok-900-tys-zl\\\/#breadcrumb\"},\"inLanguage\":\"pl-PL\",\"potentialAction\":[{\"@type\":\"ReadAction\",\"target\":[\"https:\\\/\\\/www.24gliwice.pl\\\/wiadomosci\\\/palmiarnia-miejska-przejdzie-remont-podczas-przerwy-technologicznej-w-wakacje-koszt-to-ok-900-tys-zl\\\/\"]}]},{\"@type\":\"ImageObject\",\"inLanguage\":\"pl-PL\",\"@id\":\"https:\\\/\\\/www.24gliwice.pl\\\/wiadomosci\\\/palmiarnia-miejska-przejdzie-remont-podczas-przerwy-technologicznej-w-wakacje-koszt-to-ok-900-tys-zl\\\/#primaryimage\",\"url\":\"https:\\\/\\\/www.24gliwice.pl\\\/wiadomosci\\\/wp-content\\\/uploads\\\/2018\\\/04\\\/palmiarnia.jpg\",\"contentUrl\":\"https:\\\/\\\/www.24gliwice.pl\\\/wiadomosci\\\/wp-content\\\/uploads\\\/2018\\\/04\\\/palmiarnia.jpg\",\"width\":5179,\"height\":2918},{\"@type\":\"BreadcrumbList\",\"@id\":\"https:\\\/\\\/www.24gliwice.pl\\\/wiadomosci\\\/palmiarnia-miejska-przejdzie-remont-podczas-przerwy-technologicznej-w-wakacje-koszt-to-ok-900-tys-zl\\\/#breadcrumb\",\"itemListElement\":[{\"@type\":\"ListItem\",\"position\":1,\"name\":\"Strona g\u0142\u00f3wna\",\"item\":\"https:\\\/\\\/www.24gliwice.pl\\\/wiadomosci\\\/\"},{\"@type\":\"ListItem\",\"position\":2,\"name\":\"Palmiarnia Miejska przejdzie remont podczas przerwy technologicznej w wakacje. Koszt to ok. 900 tys. z\u0142\"}]},{\"@type\":\"WebSite\",\"@id\":\"https:\\\/\\\/www.24gliwice.pl\\\/wiadomosci\\\/#website\",\"url\":\"https:\\\/\\\/www.24gliwice.pl\\\/wiadomosci\\\/\",\"name\":\"24GLIWICE - Portal Gliwice | codziennie nowe wiadomo\u015bci\",\"description\":\"Portal Miejski Gliwice\",\"publisher\":{\"@id\":\"https:\\\/\\\/www.24gliwice.pl\\\/wiadomosci\\\/#organization\"},\"potentialAction\":[{\"@type\":\"SearchAction\",\"target\":{\"@type\":\"EntryPoint\",\"urlTemplate\":\"https:\\\/\\\/www.24gliwice.pl\\\/wiadomosci\\\/?s={search_term_string}\"},\"query-input\":{\"@type\":\"PropertyValueSpecification\",\"valueRequired\":true,\"valueName\":\"search_term_string\"}}],\"inLanguage\":\"pl-PL\"},{\"@type\":\"Organization\",\"@id\":\"https:\\\/\\\/www.24gliwice.pl\\\/wiadomosci\\\/#organization\",\"name\":\"24gliwice\",\"url\":\"https:\\\/\\\/www.24gliwice.pl\\\/wiadomosci\\\/\",\"logo\":{\"@type\":\"ImageObject\",\"inLanguage\":\"pl-PL\",\"@id\":\"https:\\\/\\\/www.24gliwice.pl\\\/wiadomosci\\\/#\\\/schema\\\/logo\\\/image\\\/\",\"url\":\"https:\\\/\\\/www.24gliwice.pl\\\/wiadomosci\\\/wp-content\\\/uploads\\\/2024\\\/10\\\/24gliwice-logo-696.jpg\",\"contentUrl\":\"https:\\\/\\\/www.24gliwice.pl\\\/wiadomosci\\\/wp-content\\\/uploads\\\/2024\\\/10\\\/24gliwice-logo-696.jpg\",\"width\":696,\"height\":696,\"caption\":\"24gliwice\"},\"image\":{\"@id\":\"https:\\\/\\\/www.24gliwice.pl\\\/wiadomosci\\\/#\\\/schema\\\/logo\\\/image\\\/\"},\"sameAs\":[\"https:\\\/\\\/www.facebook.com\\\/24gliwice\",\"https:\\\/\\\/x.com\\\/24gliwice\",\"https:\\\/\\\/www.youtube.com\\\/@24gliwice\"]},{\"@type\":\"Person\",\"@id\":\"https:\\\/\\\/www.24gliwice.pl\\\/wiadomosci\\\/#\\\/schema\\\/person\\\/e42c650edd7f2fa332be3811fb166b6e\",\"name\":\"\u017baneta Mrozek-Siewierska\",\"image\":{\"@type\":\"ImageObject\",\"inLanguage\":\"pl-PL\",\"@id\":\"https:\\\/\\\/secure.gravatar.com\\\/avatar\\\/1881429e9c64597c77ad7aef2d0a19be69a3253e57534d16aa15bf3a4d34a0a3?s=96&d=mm&r=g\",\"url\":\"https:\\\/\\\/secure.gravatar.com\\\/avatar\\\/1881429e9c64597c77ad7aef2d0a19be69a3253e57534d16aa15bf3a4d34a0a3?s=96&d=mm&r=g\",\"contentUrl\":\"https:\\\/\\\/secure.gravatar.com\\\/avatar\\\/1881429e9c64597c77ad7aef2d0a19be69a3253e57534d16aa15bf3a4d34a0a3?s=96&d=mm&r=g\",\"caption\":\"\u017baneta Mrozek-Siewierska\"},\"url\":\"https:\\\/\\\/www.24gliwice.pl\\\/wiadomosci\\\/author\\\/zms\\\/\"}]}<\/script>\n<!-- \/ Yoast SEO plugin. -->","yoast_head_json":{"title":"Palmiarnia Miejska przejdzie remont podczas przerwy technologicznej w wakacje. Koszt to ok. 900 tys. z\u0142 - 24GLIWICE - Portal Gliwice | codziennie nowe informacje","robots":{"index":"index","follow":"follow","max-snippet":"max-snippet:-1","max-image-preview":"max-image-preview:large","max-video-preview":"max-video-preview:-1"},"canonical":"https:\/\/www.24gliwice.pl\/wiadomosci\/palmiarnia-miejska-przejdzie-remont-podczas-przerwy-technologicznej-w-wakacje-koszt-to-ok-900-tys-zl\/","og_locale":"pl_PL","og_type":"article","og_title":"Palmiarnia Miejska przejdzie remont podczas przerwy technologicznej w wakacje. Koszt to ok. 900 tys. z\u0142 - 24GLIWICE - Portal Gliwice | codziennie nowe informacje","og_description":"Palmiarnia Miejska, jedno z ulubionych miejsc gliwiczan, b\u0119dzie modernizowana. Remont przejdzie m.in. elewacja pawilonu ro\u015blin u\u017cytkowych. Zgodnie z planem roboty b\u0119d\u0105 prowadzone w trakcie przerwy technologicznej w Palmiarni w okresie od 25 czerwca do 31 lipca. W tym czasie szklane panele z \u201eVitrolitu\u201d w pawilonie ro\u015blin u\u017cytkowych zostan\u0105 zdemontowane, a zast\u0105pi\u0105 je \u015bciany z poliw\u0119glanu [&hellip;]","og_url":"https:\/\/www.24gliwice.pl\/wiadomosci\/palmiarnia-miejska-przejdzie-remont-podczas-przerwy-technologicznej-w-wakacje-koszt-to-ok-900-tys-zl\/","og_site_name":"24GLIWICE - Portal Gliwice | codziennie nowe informacje","article_publisher":"https:\/\/www.facebook.com\/24gliwice","article_published_time":"2018-04-11T23:29:32+00:00","og_image":[{"width":808,"height":455,"url":"https:\/\/www.24gliwice.pl\/wiadomosci\/wp-content\/uploads\/2018\/04\/palmiarnia-808x455.jpg","type":"image\/jpeg"}],"author":"\u017baneta Mrozek-Siewierska","twitter_card":"summary_large_image","twitter_creator":"@24gliwice","twitter_site":"@24gliwice","twitter_misc":{"Napisane przez":"\u017baneta Mrozek-Siewierska","Szacowany czas czytania":"1 minuta"},"schema":{"@context":"https:\/\/schema.org","@graph":[{"@type":"Article","@id":"https:\/\/www.24gliwice.pl\/wiadomosci\/palmiarnia-miejska-przejdzie-remont-podczas-przerwy-technologicznej-w-wakacje-koszt-to-ok-900-tys-zl\/#article","isPartOf":{"@id":"https:\/\/www.24gliwice.pl\/wiadomosci\/palmiarnia-miejska-przejdzie-remont-podczas-przerwy-technologicznej-w-wakacje-koszt-to-ok-900-tys-zl\/"},"author":{"name":"\u017baneta Mrozek-Siewierska","@id":"https:\/\/www.24gliwice.pl\/wiadomosci\/#\/schema\/person\/e42c650edd7f2fa332be3811fb166b6e"},"headline":"Palmiarnia Miejska przejdzie remont podczas przerwy technologicznej w wakacje. Koszt to ok. 900 tys. z\u0142","datePublished":"2018-04-11T23:29:32+00:00","mainEntityOfPage":{"@id":"https:\/\/www.24gliwice.pl\/wiadomosci\/palmiarnia-miejska-przejdzie-remont-podczas-przerwy-technologicznej-w-wakacje-koszt-to-ok-900-tys-zl\/"},"wordCount":134,"commentCount":0,"publisher":{"@id":"https:\/\/www.24gliwice.pl\/wiadomosci\/#organization"},"image":{"@id":"https:\/\/www.24gliwice.pl\/wiadomosci\/palmiarnia-miejska-przejdzie-remont-podczas-przerwy-technologicznej-w-wakacje-koszt-to-ok-900-tys-zl\/#primaryimage"},"thumbnailUrl":"https:\/\/www.24gliwice.pl\/wiadomosci\/wp-content\/uploads\/2018\/04\/palmiarnia.jpg","keywords":["MODERNIZACJA","PALMIARNIA MIEJSKA","przerwa technologiczna","remont elewacji"],"articleSection":["Gliwice","Najnowsze wiadomo\u015bci"],"inLanguage":"pl-PL","potentialAction":[{"@type":"CommentAction","name":"Comment","target":["https:\/\/www.24gliwice.pl\/wiadomosci\/palmiarnia-miejska-przejdzie-remont-podczas-przerwy-technologicznej-w-wakacje-koszt-to-ok-900-tys-zl\/#respond"]}]},{"@type":"WebPage","@id":"https:\/\/www.24gliwice.pl\/wiadomosci\/palmiarnia-miejska-przejdzie-remont-podczas-przerwy-technologicznej-w-wakacje-koszt-to-ok-900-tys-zl\/","url":"https:\/\/www.24gliwice.pl\/wiadomosci\/palmiarnia-miejska-przejdzie-remont-podczas-przerwy-technologicznej-w-wakacje-koszt-to-ok-900-tys-zl\/","name":"Palmiarnia Miejska przejdzie remont podczas przerwy technologicznej w wakacje. Koszt to ok. 900 tys. z\u0142 - 24GLIWICE - Portal Gliwice | codziennie nowe informacje","isPartOf":{"@id":"https:\/\/www.24gliwice.pl\/wiadomosci\/#website"},"primaryImageOfPage":{"@id":"https:\/\/www.24gliwice.pl\/wiadomosci\/palmiarnia-miejska-przejdzie-remont-podczas-przerwy-technologicznej-w-wakacje-koszt-to-ok-900-tys-zl\/#primaryimage"},"image":{"@id":"https:\/\/www.24gliwice.pl\/wiadomosci\/palmiarnia-miejska-przejdzie-remont-podczas-przerwy-technologicznej-w-wakacje-koszt-to-ok-900-tys-zl\/#primaryimage"},"thumbnailUrl":"https:\/\/www.24gliwice.pl\/wiadomosci\/wp-content\/uploads\/2018\/04\/palmiarnia.jpg","datePublished":"2018-04-11T23:29:32+00:00","breadcrumb":{"@id":"https:\/\/www.24gliwice.pl\/wiadomosci\/palmiarnia-miejska-przejdzie-remont-podczas-przerwy-technologicznej-w-wakacje-koszt-to-ok-900-tys-zl\/#breadcrumb"},"inLanguage":"pl-PL","potentialAction":[{"@type":"ReadAction","target":["https:\/\/www.24gliwice.pl\/wiadomosci\/palmiarnia-miejska-przejdzie-remont-podczas-przerwy-technologicznej-w-wakacje-koszt-to-ok-900-tys-zl\/"]}]},{"@type":"ImageObject","inLanguage":"pl-PL","@id":"https:\/\/www.24gliwice.pl\/wiadomosci\/palmiarnia-miejska-przejdzie-remont-podczas-przerwy-technologicznej-w-wakacje-koszt-to-ok-900-tys-zl\/#primaryimage","url":"https:\/\/www.24gliwice.pl\/wiadomosci\/wp-content\/uploads\/2018\/04\/palmiarnia.jpg","contentUrl":"https:\/\/www.24gliwice.pl\/wiadomosci\/wp-content\/uploads\/2018\/04\/palmiarnia.jpg","width":5179,"height":2918},{"@type":"BreadcrumbList","@id":"https:\/\/www.24gliwice.pl\/wiadomosci\/palmiarnia-miejska-przejdzie-remont-podczas-przerwy-technologicznej-w-wakacje-koszt-to-ok-900-tys-zl\/#breadcrumb","itemListElement":[{"@type":"ListItem","position":1,"name":"Strona g\u0142\u00f3wna","item":"https:\/\/www.24gliwice.pl\/wiadomosci\/"},{"@type":"ListItem","position":2,"name":"Palmiarnia Miejska przejdzie remont podczas przerwy technologicznej w wakacje. Koszt to ok. 900 tys. z\u0142"}]},{"@type":"WebSite","@id":"https:\/\/www.24gliwice.pl\/wiadomosci\/#website","url":"https:\/\/www.24gliwice.pl\/wiadomosci\/","name":"24GLIWICE - Portal Gliwice | codziennie nowe wiadomo\u015bci","description":"Portal Miejski Gliwice","publisher":{"@id":"https:\/\/www.24gliwice.pl\/wiadomosci\/#organization"},"potentialAction":[{"@type":"SearchAction","target":{"@type":"EntryPoint","urlTemplate":"https:\/\/www.24gliwice.pl\/wiadomosci\/?s={search_term_string}"},"query-input":{"@type":"PropertyValueSpecification","valueRequired":true,"valueName":"search_term_string"}}],"inLanguage":"pl-PL"},{"@type":"Organization","@id":"https:\/\/www.24gliwice.pl\/wiadomosci\/#organization","name":"24gliwice","url":"https:\/\/www.24gliwice.pl\/wiadomosci\/","logo":{"@type":"ImageObject","inLanguage":"pl-PL","@id":"https:\/\/www.24gliwice.pl\/wiadomosci\/#\/schema\/logo\/image\/","url":"https:\/\/www.24gliwice.pl\/wiadomosci\/wp-content\/uploads\/2024\/10\/24gliwice-logo-696.jpg","contentUrl":"https:\/\/www.24gliwice.pl\/wiadomosci\/wp-content\/uploads\/2024\/10\/24gliwice-logo-696.jpg","width":696,"height":696,"caption":"24gliwice"},"image":{"@id":"https:\/\/www.24gliwice.pl\/wiadomosci\/#\/schema\/logo\/image\/"},"sameAs":["https:\/\/www.facebook.com\/24gliwice","https:\/\/x.com\/24gliwice","https:\/\/www.youtube.com\/@24gliwice"]},{"@type":"Person","@id":"https:\/\/www.24gliwice.pl\/wiadomosci\/#\/schema\/person\/e42c650edd7f2fa332be3811fb166b6e","name":"\u017baneta Mrozek-Siewierska","image":{"@type":"ImageObject","inLanguage":"pl-PL","@id":"https:\/\/secure.gravatar.com\/avatar\/1881429e9c64597c77ad7aef2d0a19be69a3253e57534d16aa15bf3a4d34a0a3?s=96&d=mm&r=g","url":"https:\/\/secure.gravatar.com\/avatar\/1881429e9c64597c77ad7aef2d0a19be69a3253e57534d16aa15bf3a4d34a0a3?s=96&d=mm&r=g","contentUrl":"https:\/\/secure.gravatar.com\/avatar\/1881429e9c64597c77ad7aef2d0a19be69a3253e57534d16aa15bf3a4d34a0a3?s=96&d=mm&r=g","caption":"\u017baneta Mrozek-Siewierska"},"url":"https:\/\/www.24gliwice.pl\/wiadomosci\/author\/zms\/"}]}},"_links":{"self":[{"href":"https:\/\/www.24gliwice.pl\/wiadomosci\/wp-json\/wp\/v2\/posts\/115544","targetHints":{"allow":["GET"]}}],"collection":[{"href":"https:\/\/www.24gliwice.pl\/wiadomosci\/wp-json\/wp\/v2\/posts"}],"about":[{"href":"https:\/\/www.24gliwice.pl\/wiadomosci\/wp-json\/wp\/v2\/types\/post"}],"author":[{"embeddable":true,"href":"https:\/\/www.24gliwice.pl\/wiadomosci\/wp-json\/wp\/v2\/users\/15"}],"replies":[{"embeddable":true,"href":"https:\/\/www.24gliwice.pl\/wiadomosci\/wp-json\/wp\/v2\/comments?post=115544"}],"version-history":[{"count":0,"href":"https:\/\/www.24gliwice.pl\/wiadomosci\/wp-json\/wp\/v2\/posts\/115544\/revisions"}],"wp:featuredmedia":[{"embeddable":true,"href":"https:\/\/www.24gliwice.pl\/wiadomosci\/wp-json\/wp\/v2\/media\/115560"}],"wp:attachment":[{"href":"https:\/\/www.24gliwice.pl\/wiadomosci\/wp-json\/wp\/v2\/media?parent=115544"}],"wp:term":[{"taxonomy":"category","embeddable":true,"href":"https:\/\/www.24gliwice.pl\/wiadomosci\/wp-json\/wp\/v2\/categories?post=115544"},{"taxonomy":"post_tag","embeddable":true,"href":"https:\/\/www.24gliwice.pl\/wiadomosci\/wp-json\/wp\/v2\/tags?post=115544"}],"curies":[{"name":"wp","href":"https:\/\/api.w.org\/{rel}","templated":true}]}}