{"id":115563,"date":"2018-04-16T01:14:09","date_gmt":"2018-04-15T23:14:09","guid":{"rendered":"https:\/\/www.24gliwice.pl\/wiadomosci\/?p=115563"},"modified":"2018-04-16T01:14:09","modified_gmt":"2018-04-15T23:14:09","slug":"czy-zostanie-przywrocone-polaczenie-kolejowe-na-linii-gliwice-bytom-pkp-rewitalizuje-torowisko","status":"publish","type":"post","link":"https:\/\/www.24gliwice.pl\/wiadomosci\/czy-zostanie-przywrocone-polaczenie-kolejowe-na-linii-gliwice-bytom-pkp-rewitalizuje-torowisko\/","title":{"rendered":"Czy zostanie przywr\u00f3cone po\u0142\u0105czenie kolejowe na linii Gliwice &#8211; Bytom? PKP rewitalizuje torowisko"},"content":{"rendered":"<div class=\"gliwi-a6-nad-leadem-artykulow gliwi-entity-placement\" id=\"gliwi-2350617012\"><div class=\"gliwi-adlabel\"><span style=\"font-size: 9px\">REKLAMA<\/span><\/div><div id=\"gliwi-992841638\" style=\"margin-bottom: 30px;margin-left: auto;margin-right: auto;text-align: center;\"><a data-no-instant=\"1\" href=\"https:\/\/przedszkole.halogen.org.pl\/\" rel=\"noopener\" class=\"a2t-link\" target=\"_blank\" aria-label=\"20260402-ANIMATOR-przedszkole_grafika_750x200\"><img loading=\"lazy\" decoding=\"async\" src=\"https:\/\/www.24gliwice.pl\/wiadomosci\/wp-content\/uploads\/2026\/04\/20260402-ANIMATOR-przedszkole_grafika_750x200.webp\" alt=\"\"  srcset=\"https:\/\/www.24gliwice.pl\/wiadomosci\/wp-content\/uploads\/2026\/04\/20260402-ANIMATOR-przedszkole_grafika_750x200.webp 750w, https:\/\/www.24gliwice.pl\/wiadomosci\/wp-content\/uploads\/2026\/04\/20260402-ANIMATOR-przedszkole_grafika_750x200-410x109.webp 410w\" sizes=\"(max-width: 750px) 100vw, 750px\" class=\"no-lazyload\" width=\"750\" height=\"200\"  style=\"display: inline-block; max-width: 100%; height: auto;\" \/><\/a><\/div><\/div><h3>Planowana inwestycja PKP Polskie Linie Kolejowe polepszy komunikacj\u0119 mi\u0119dzy Gliwicami a Bytomiem, na razie jednak tylko dla poci\u0105g\u00f3w towarowych. Transport pasa\u017cer\u00f3w jest wst\u0119pnie rozwa\u017cany.<\/h3>\n<p>PKP Polskie Linie Kolejowe og\u0142osi\u0142o przetarg na rewitalizacje tor\u00f3w mi\u0119dzy innymi na odcinku Gliwice \u2013 Bytom. Jego rozstrzygni\u0119cie zaplanowane jest na po\u0142ow\u0119 maja. Modernizacja ma przede wszystkim skr\u00f3ci\u0107 czas przewozu towar\u00f3w.<\/p>\n<p>Ca\u0142y projekt, kt\u00f3ry dotyczy r\u00f3wnie\u017c prac na odcinkach Chorz\u00f3w Stary \u2013 Mys\u0142owice oraz Dorota \u2013 Mys\u0142owice Brzezinka ma kosztowa\u0107 350 milion\u00f3w z\u0142otych. Na prawie pi\u0119\u0107dziesi\u0119ciokilometrowym odcinku wymienione zostan\u0105 tory, kompleksowo przebudowana zostanie sie\u0107 trakcyjna, zmodernizowane zostanie 78 rozjazd\u00f3w, a na 5 przejazdach kolejowych ma by\u0107 zapewnione wi\u0119ksze bezpiecze\u0144stwo.<\/p><div class=\"gliwi-a3-w-tresci-artykulow gliwi-entity-placement\" id=\"gliwi-573408550\"><div class=\"gliwi-adlabel\"><span style=\"font-size: 9px\">REKLAMA<\/span><\/div><div id=\"gliwi-930445877\" style=\"margin-bottom: 30px;margin-left: auto;margin-right: auto;text-align: center;\"><a data-no-instant=\"1\" href=\"https:\/\/ogrodyandersa.pl\/\" rel=\"noopener\" class=\"a2t-link\" target=\"_blank\" aria-label=\"20260415 Ogrody Andersa KUP TERAZ D\"><img loading=\"lazy\" decoding=\"async\" src=\"https:\/\/www.24gliwice.pl\/wiadomosci\/wp-content\/uploads\/2026\/04\/20260415-Ogrody-Andersa-KUP-TERAZ-D.jpg\" alt=\"\"  srcset=\"https:\/\/www.24gliwice.pl\/wiadomosci\/wp-content\/uploads\/2026\/04\/20260415-Ogrody-Andersa-KUP-TERAZ-D.jpg 750w, https:\/\/www.24gliwice.pl\/wiadomosci\/wp-content\/uploads\/2026\/04\/20260415-Ogrody-Andersa-KUP-TERAZ-D-410x109.jpg 410w\" sizes=\"(max-width: 750px) 100vw, 750px\" class=\"no-lazyload\" width=\"750\" height=\"200\"  style=\"display: inline-block; max-width: 100%; height: auto;\" \/><\/a><\/div><\/div>\n[perfectpullquote align=&#8221;full&#8221; bordertop=&#8221;false&#8221; cite=&#8221;&#8221; link=&#8221;&#8221; color=&#8221;&#8221; class=&#8221;&#8221; size=&#8221;&#8221;]Ruch pasa\u017cerski na odcinku z Gliwic do Bytomia funkcjonowa\u0142 do 2001 roku. P\u00f3\u017aniej wznawiano go dwukrotnie \u2013 w 2008 i 2013 roku. [\/perfectpullquote]\n<p>Za ka\u017cdym razem jednak po\u0142\u0105czenia nie cieszy\u0142y si\u0119 popularno\u015bci\u0105 w\u015br\u00f3d pasa\u017cer\u00f3w, a poci\u0105gi \u015bwieci\u0142y pustkami. Ostatecznie po\u0142\u0105czenie zlikwidowano w 2014 roku.<\/p>\n<p>Obecnie na tej trasie odbywa si\u0119 tylko ruch towarowy. I tak na razie pozostanie. Brak infrastruktury \u2013 to g\u0142\u00f3wny pow\u00f3d, dla kt\u00f3rego po zako\u0144czonej rewitalizacji, z trasy nie b\u0119d\u0105 korzysta\u0142y poci\u0105gi pasa\u017cerskie. Wyj\u0105tkowo mo\u017ce si\u0119 to zdarzy\u0107 jedynie w ramach komunikacji zast\u0119pczej, kiedy z powodu awarii trakcji w innych miejscach, wypadk\u00f3w czy innych zdarze\u0144, odcinek mi\u0119dzy tymi dwoma miastami traktowany b\u0119dzie jako linia objazdowa.<\/p>\n[perfectpullquote align=&#8221;full&#8221; bordertop=&#8221;false&#8221; cite=&#8221;&#8221; link=&#8221;&#8221; color=&#8221;&#8221; class=&#8221;&#8221; size=&#8221;&#8221;]Czy Koleje \u015al\u0105skie rozwa\u017caj\u0105 sta\u0142e przywr\u00f3cenie po\u0142\u0105cze\u0144 mi\u0119dzy Gliwicami a Bytomiem? Z informacji przekazanych przez <strong>Magdalen\u0119 Iwa\u0144sk\u0105<\/strong>, rzecznika prasowego Kolei \u015al\u0105skich, wynika, \u017ce tak.[\/perfectpullquote]\n<p>&#8211; Warto przy tym jednak zwr\u00f3ci\u0107 uwag\u0119, \u017ce opr\u00f3cz prac torowych niezb\u0119dne by\u0142oby r\u00f3wnie\u017c w niekt\u00f3rych przypadkach nowe umiejscowienie przystank\u00f3w, tak aby ich lokalizacja by\u0142a dopasowana do potrzeb mieszka\u0144c\u00f3w i g\u0142\u00f3wnych generator\u00f3w ruchu \u2013 m\u00f3wi Magdalena Iwa\u0144ska.<\/p>\n<p>\u2013 Dodatkowo zasadna by\u0142aby r\u00f3wnie\u017c integracja z innymi \u015brodkami transportu publicznego, tak aby na przyk\u0142ad autobusy uzupe\u0142nia\u0142y rozk\u0142ad jazdy poci\u0105g\u00f3w. Obecnie nie jeste\u015bmy w stanie powiedzie\u0107, kiedy uruchomienie po\u0142\u0105cze\u0144 na tej relacji mog\u0142oby nast\u0105pi\u0107 &#8211; dodaje.<\/p>\n<p>Zako\u0144czenie inwestycji PKP PLK planowane jest na 2023 r.<\/p>\n<p>(\u017cms)\/UM(kr)<br \/>\nfot. PKP PLK<\/p>\n<div class=\"gliwi-a5-na-koncu-artykulow gliwi-entity-placement\" id=\"gliwi-1180279792\"><div class=\"gliwi-adlabel\"><span style=\"font-size: 9px\">REKLAMA<\/span><\/div><div id=\"gliwi-552041035\" style=\"margin-left: auto;margin-right: auto;text-align: center;\"><a data-no-instant=\"1\" href=\"https:\/\/prezeroarenagliwice.pl\/\" rel=\"noopener\" class=\"a2t-link\" target=\"_blank\" aria-label=\"20260309-PREZERO-WIOSNA-D\"><img loading=\"lazy\" decoding=\"async\" src=\"https:\/\/www.24gliwice.pl\/wiadomosci\/wp-content\/uploads\/2026\/03\/20260309-PREZERO-WIOSNA-D.webp\" alt=\"\"  srcset=\"https:\/\/www.24gliwice.pl\/wiadomosci\/wp-content\/uploads\/2026\/03\/20260309-PREZERO-WIOSNA-D.webp 750w, https:\/\/www.24gliwice.pl\/wiadomosci\/wp-content\/uploads\/2026\/03\/20260309-PREZERO-WIOSNA-D-410x109.webp 410w\" sizes=\"(max-width: 750px) 100vw, 750px\" class=\"no-lazyload\" width=\"750\" height=\"200\"  style=\"display: inline-block; max-width: 100%; height: auto;\" \/><\/a><\/div><\/div>","protected":false},"excerpt":{"rendered":"<p>Planowana inwestycja PKP Polskie Linie Kolejowe polepszy komunikacj\u0119 mi\u0119dzy Gliwicami a Bytomiem, na razie jednak tylko dla poci\u0105g\u00f3w towarowych. Transport pasa\u017cer\u00f3w jest wst\u0119pnie rozwa\u017cany. PKP Polskie Linie Kolejowe og\u0142osi\u0142o przetarg na rewitalizacje tor\u00f3w mi\u0119dzy innymi na odcinku Gliwice \u2013 Bytom. Jego rozstrzygni\u0119cie zaplanowane jest na po\u0142ow\u0119 maja. Modernizacja ma przede wszystkim skr\u00f3ci\u0107 czas przewozu towar\u00f3w. [&hellip;]<\/p>\n","protected":false},"author":15,"featured_media":115568,"comment_status":"open","ping_status":"closed","sticky":false,"template":"","format":"standard","meta":{"_monsterinsights_skip_tracking":false,"_monsterinsights_sitenote_active":false,"_monsterinsights_sitenote_note":"","_monsterinsights_sitenote_category":0,"footnotes":"","_links_to":"","_links_to_target":""},"categories":[3,1],"tags":[8489,4687,9537,12077,9940,8491,12078,12079,8349],"class_list":["post-115563","post","type-post","status-publish","format-standard","has-post-thumbnail","hentry","category-gliwice","category-wszystko","tag-kolej","tag-koleje-slaskie","tag-komunikacja-publiczna","tag-linia-kolejowa","tag-pkp-plk","tag-pociag","tag-polaczenie-kolejowe","tag-polaczenie-kolejowe-gliwice-bytom","tag-transport"],"yoast_head":"<!-- This site is optimized with the Yoast SEO plugin v27.5 - https:\/\/yoast.com\/product\/yoast-seo-wordpress\/ -->\n<title>Czy zostanie przywr\u00f3cone po\u0142\u0105czenie kolejowe na linii Gliwice - Bytom? PKP rewitalizuje torowisko - 24GLIWICE - Portal Gliwice | codziennie nowe informacje<\/title>\n<meta name=\"robots\" content=\"index, follow, max-snippet:-1, max-image-preview:large, max-video-preview:-1\" \/>\n<link rel=\"canonical\" href=\"https:\/\/www.24gliwice.pl\/wiadomosci\/czy-zostanie-przywrocone-polaczenie-kolejowe-na-linii-gliwice-bytom-pkp-rewitalizuje-torowisko\/\" \/>\n<meta property=\"og:locale\" content=\"pl_PL\" \/>\n<meta property=\"og:type\" content=\"article\" \/>\n<meta property=\"og:title\" content=\"Czy zostanie przywr\u00f3cone po\u0142\u0105czenie kolejowe na linii Gliwice - Bytom? PKP rewitalizuje torowisko - 24GLIWICE - Portal Gliwice | codziennie nowe informacje\" \/>\n<meta property=\"og:description\" content=\"Planowana inwestycja PKP Polskie Linie Kolejowe polepszy komunikacj\u0119 mi\u0119dzy Gliwicami a Bytomiem, na razie jednak tylko dla poci\u0105g\u00f3w towarowych. Transport pasa\u017cer\u00f3w jest wst\u0119pnie rozwa\u017cany. PKP Polskie Linie Kolejowe og\u0142osi\u0142o przetarg na rewitalizacje tor\u00f3w mi\u0119dzy innymi na odcinku Gliwice \u2013 Bytom. Jego rozstrzygni\u0119cie zaplanowane jest na po\u0142ow\u0119 maja. Modernizacja ma przede wszystkim skr\u00f3ci\u0107 czas przewozu towar\u00f3w. [&hellip;]\" \/>\n<meta property=\"og:url\" content=\"https:\/\/www.24gliwice.pl\/wiadomosci\/czy-zostanie-przywrocone-polaczenie-kolejowe-na-linii-gliwice-bytom-pkp-rewitalizuje-torowisko\/\" \/>\n<meta property=\"og:site_name\" content=\"24GLIWICE - Portal Gliwice | codziennie nowe informacje\" \/>\n<meta property=\"article:publisher\" content=\"https:\/\/www.facebook.com\/24gliwice\" \/>\n<meta property=\"article:published_time\" content=\"2018-04-15T23:14:09+00:00\" \/>\n<meta property=\"og:image\" content=\"https:\/\/www.24gliwice.pl\/wiadomosci\/wp-content\/uploads\/2018\/04\/pkp-modernizuje-lini\u0119-gliwice-bytom.jpg\" \/>\n\t<meta property=\"og:image:width\" content=\"799\" \/>\n\t<meta property=\"og:image:height\" content=\"449\" \/>\n\t<meta property=\"og:image:type\" content=\"image\/jpeg\" \/>\n<meta name=\"author\" content=\"\u017baneta Mrozek-Siewierska\" \/>\n<meta name=\"twitter:card\" content=\"summary_large_image\" \/>\n<meta name=\"twitter:creator\" content=\"@24gliwice\" \/>\n<meta name=\"twitter:site\" content=\"@24gliwice\" \/>\n<meta name=\"twitter:label1\" content=\"Napisane przez\" \/>\n\t<meta name=\"twitter:data1\" content=\"\u017baneta Mrozek-Siewierska\" \/>\n\t<meta name=\"twitter:label2\" content=\"Szacowany czas czytania\" \/>\n\t<meta name=\"twitter:data2\" content=\"2 minuty\" \/>\n<script type=\"application\/ld+json\" class=\"yoast-schema-graph\">{\"@context\":\"https:\\\/\\\/schema.org\",\"@graph\":[{\"@type\":\"Article\",\"@id\":\"https:\\\/\\\/www.24gliwice.pl\\\/wiadomosci\\\/czy-zostanie-przywrocone-polaczenie-kolejowe-na-linii-gliwice-bytom-pkp-rewitalizuje-torowisko\\\/#article\",\"isPartOf\":{\"@id\":\"https:\\\/\\\/www.24gliwice.pl\\\/wiadomosci\\\/czy-zostanie-przywrocone-polaczenie-kolejowe-na-linii-gliwice-bytom-pkp-rewitalizuje-torowisko\\\/\"},\"author\":{\"name\":\"\u017baneta Mrozek-Siewierska\",\"@id\":\"https:\\\/\\\/www.24gliwice.pl\\\/wiadomosci\\\/#\\\/schema\\\/person\\\/e42c650edd7f2fa332be3811fb166b6e\"},\"headline\":\"Czy zostanie przywr\u00f3cone po\u0142\u0105czenie kolejowe na linii Gliwice &#8211; Bytom? PKP rewitalizuje torowisko\",\"datePublished\":\"2018-04-15T23:14:09+00:00\",\"mainEntityOfPage\":{\"@id\":\"https:\\\/\\\/www.24gliwice.pl\\\/wiadomosci\\\/czy-zostanie-przywrocone-polaczenie-kolejowe-na-linii-gliwice-bytom-pkp-rewitalizuje-torowisko\\\/\"},\"wordCount\":434,\"commentCount\":0,\"publisher\":{\"@id\":\"https:\\\/\\\/www.24gliwice.pl\\\/wiadomosci\\\/#organization\"},\"image\":{\"@id\":\"https:\\\/\\\/www.24gliwice.pl\\\/wiadomosci\\\/czy-zostanie-przywrocone-polaczenie-kolejowe-na-linii-gliwice-bytom-pkp-rewitalizuje-torowisko\\\/#primaryimage\"},\"thumbnailUrl\":\"https:\\\/\\\/www.24gliwice.pl\\\/wiadomosci\\\/wp-content\\\/uploads\\\/2018\\\/04\\\/pkp-modernizuje-lini\u0119-gliwice-bytom.jpg\",\"keywords\":[\"KOLEJ\",\"KOLEJE \u015aL\u0104SKIE\",\"KOMUNIKACJA PUBLICZNA\",\"linia kolejowa\",\"pkp plk\",\"POCI\u0104G\",\"po\u0142\u0105czenie kolejowe\",\"po\u0142\u0105czenie kolejowe gliwice bytom\",\"TRANSPORT\"],\"articleSection\":[\"Gliwice\",\"Najnowsze wiadomo\u015bci\"],\"inLanguage\":\"pl-PL\",\"potentialAction\":[{\"@type\":\"CommentAction\",\"name\":\"Comment\",\"target\":[\"https:\\\/\\\/www.24gliwice.pl\\\/wiadomosci\\\/czy-zostanie-przywrocone-polaczenie-kolejowe-na-linii-gliwice-bytom-pkp-rewitalizuje-torowisko\\\/#respond\"]}]},{\"@type\":\"WebPage\",\"@id\":\"https:\\\/\\\/www.24gliwice.pl\\\/wiadomosci\\\/czy-zostanie-przywrocone-polaczenie-kolejowe-na-linii-gliwice-bytom-pkp-rewitalizuje-torowisko\\\/\",\"url\":\"https:\\\/\\\/www.24gliwice.pl\\\/wiadomosci\\\/czy-zostanie-przywrocone-polaczenie-kolejowe-na-linii-gliwice-bytom-pkp-rewitalizuje-torowisko\\\/\",\"name\":\"Czy zostanie przywr\u00f3cone po\u0142\u0105czenie kolejowe na linii Gliwice - Bytom? PKP rewitalizuje torowisko - 24GLIWICE - Portal Gliwice | codziennie nowe informacje\",\"isPartOf\":{\"@id\":\"https:\\\/\\\/www.24gliwice.pl\\\/wiadomosci\\\/#website\"},\"primaryImageOfPage\":{\"@id\":\"https:\\\/\\\/www.24gliwice.pl\\\/wiadomosci\\\/czy-zostanie-przywrocone-polaczenie-kolejowe-na-linii-gliwice-bytom-pkp-rewitalizuje-torowisko\\\/#primaryimage\"},\"image\":{\"@id\":\"https:\\\/\\\/www.24gliwice.pl\\\/wiadomosci\\\/czy-zostanie-przywrocone-polaczenie-kolejowe-na-linii-gliwice-bytom-pkp-rewitalizuje-torowisko\\\/#primaryimage\"},\"thumbnailUrl\":\"https:\\\/\\\/www.24gliwice.pl\\\/wiadomosci\\\/wp-content\\\/uploads\\\/2018\\\/04\\\/pkp-modernizuje-lini\u0119-gliwice-bytom.jpg\",\"datePublished\":\"2018-04-15T23:14:09+00:00\",\"breadcrumb\":{\"@id\":\"https:\\\/\\\/www.24gliwice.pl\\\/wiadomosci\\\/czy-zostanie-przywrocone-polaczenie-kolejowe-na-linii-gliwice-bytom-pkp-rewitalizuje-torowisko\\\/#breadcrumb\"},\"inLanguage\":\"pl-PL\",\"potentialAction\":[{\"@type\":\"ReadAction\",\"target\":[\"https:\\\/\\\/www.24gliwice.pl\\\/wiadomosci\\\/czy-zostanie-przywrocone-polaczenie-kolejowe-na-linii-gliwice-bytom-pkp-rewitalizuje-torowisko\\\/\"]}]},{\"@type\":\"ImageObject\",\"inLanguage\":\"pl-PL\",\"@id\":\"https:\\\/\\\/www.24gliwice.pl\\\/wiadomosci\\\/czy-zostanie-przywrocone-polaczenie-kolejowe-na-linii-gliwice-bytom-pkp-rewitalizuje-torowisko\\\/#primaryimage\",\"url\":\"https:\\\/\\\/www.24gliwice.pl\\\/wiadomosci\\\/wp-content\\\/uploads\\\/2018\\\/04\\\/pkp-modernizuje-lini\u0119-gliwice-bytom.jpg\",\"contentUrl\":\"https:\\\/\\\/www.24gliwice.pl\\\/wiadomosci\\\/wp-content\\\/uploads\\\/2018\\\/04\\\/pkp-modernizuje-lini\u0119-gliwice-bytom.jpg\",\"width\":799,\"height\":449,\"caption\":\"fot. PKP PLK\"},{\"@type\":\"BreadcrumbList\",\"@id\":\"https:\\\/\\\/www.24gliwice.pl\\\/wiadomosci\\\/czy-zostanie-przywrocone-polaczenie-kolejowe-na-linii-gliwice-bytom-pkp-rewitalizuje-torowisko\\\/#breadcrumb\",\"itemListElement\":[{\"@type\":\"ListItem\",\"position\":1,\"name\":\"Strona g\u0142\u00f3wna\",\"item\":\"https:\\\/\\\/www.24gliwice.pl\\\/wiadomosci\\\/\"},{\"@type\":\"ListItem\",\"position\":2,\"name\":\"Czy zostanie przywr\u00f3cone po\u0142\u0105czenie kolejowe na linii Gliwice &#8211; Bytom? PKP rewitalizuje torowisko\"}]},{\"@type\":\"WebSite\",\"@id\":\"https:\\\/\\\/www.24gliwice.pl\\\/wiadomosci\\\/#website\",\"url\":\"https:\\\/\\\/www.24gliwice.pl\\\/wiadomosci\\\/\",\"name\":\"24GLIWICE - Portal Gliwice | codziennie nowe wiadomo\u015bci\",\"description\":\"Portal Miejski Gliwice\",\"publisher\":{\"@id\":\"https:\\\/\\\/www.24gliwice.pl\\\/wiadomosci\\\/#organization\"},\"potentialAction\":[{\"@type\":\"SearchAction\",\"target\":{\"@type\":\"EntryPoint\",\"urlTemplate\":\"https:\\\/\\\/www.24gliwice.pl\\\/wiadomosci\\\/?s={search_term_string}\"},\"query-input\":{\"@type\":\"PropertyValueSpecification\",\"valueRequired\":true,\"valueName\":\"search_term_string\"}}],\"inLanguage\":\"pl-PL\"},{\"@type\":\"Organization\",\"@id\":\"https:\\\/\\\/www.24gliwice.pl\\\/wiadomosci\\\/#organization\",\"name\":\"24gliwice\",\"url\":\"https:\\\/\\\/www.24gliwice.pl\\\/wiadomosci\\\/\",\"logo\":{\"@type\":\"ImageObject\",\"inLanguage\":\"pl-PL\",\"@id\":\"https:\\\/\\\/www.24gliwice.pl\\\/wiadomosci\\\/#\\\/schema\\\/logo\\\/image\\\/\",\"url\":\"https:\\\/\\\/www.24gliwice.pl\\\/wiadomosci\\\/wp-content\\\/uploads\\\/2024\\\/10\\\/24gliwice-logo-696.jpg\",\"contentUrl\":\"https:\\\/\\\/www.24gliwice.pl\\\/wiadomosci\\\/wp-content\\\/uploads\\\/2024\\\/10\\\/24gliwice-logo-696.jpg\",\"width\":696,\"height\":696,\"caption\":\"24gliwice\"},\"image\":{\"@id\":\"https:\\\/\\\/www.24gliwice.pl\\\/wiadomosci\\\/#\\\/schema\\\/logo\\\/image\\\/\"},\"sameAs\":[\"https:\\\/\\\/www.facebook.com\\\/24gliwice\",\"https:\\\/\\\/x.com\\\/24gliwice\",\"https:\\\/\\\/www.youtube.com\\\/@24gliwice\"]},{\"@type\":\"Person\",\"@id\":\"https:\\\/\\\/www.24gliwice.pl\\\/wiadomosci\\\/#\\\/schema\\\/person\\\/e42c650edd7f2fa332be3811fb166b6e\",\"name\":\"\u017baneta Mrozek-Siewierska\",\"image\":{\"@type\":\"ImageObject\",\"inLanguage\":\"pl-PL\",\"@id\":\"https:\\\/\\\/secure.gravatar.com\\\/avatar\\\/1881429e9c64597c77ad7aef2d0a19be69a3253e57534d16aa15bf3a4d34a0a3?s=96&d=mm&r=g\",\"url\":\"https:\\\/\\\/secure.gravatar.com\\\/avatar\\\/1881429e9c64597c77ad7aef2d0a19be69a3253e57534d16aa15bf3a4d34a0a3?s=96&d=mm&r=g\",\"contentUrl\":\"https:\\\/\\\/secure.gravatar.com\\\/avatar\\\/1881429e9c64597c77ad7aef2d0a19be69a3253e57534d16aa15bf3a4d34a0a3?s=96&d=mm&r=g\",\"caption\":\"\u017baneta Mrozek-Siewierska\"},\"url\":\"https:\\\/\\\/www.24gliwice.pl\\\/wiadomosci\\\/author\\\/zms\\\/\"}]}<\/script>\n<!-- \/ Yoast SEO plugin. -->","yoast_head_json":{"title":"Czy zostanie przywr\u00f3cone po\u0142\u0105czenie kolejowe na linii Gliwice - Bytom? PKP rewitalizuje torowisko - 24GLIWICE - Portal Gliwice | codziennie nowe informacje","robots":{"index":"index","follow":"follow","max-snippet":"max-snippet:-1","max-image-preview":"max-image-preview:large","max-video-preview":"max-video-preview:-1"},"canonical":"https:\/\/www.24gliwice.pl\/wiadomosci\/czy-zostanie-przywrocone-polaczenie-kolejowe-na-linii-gliwice-bytom-pkp-rewitalizuje-torowisko\/","og_locale":"pl_PL","og_type":"article","og_title":"Czy zostanie przywr\u00f3cone po\u0142\u0105czenie kolejowe na linii Gliwice - Bytom? PKP rewitalizuje torowisko - 24GLIWICE - Portal Gliwice | codziennie nowe informacje","og_description":"Planowana inwestycja PKP Polskie Linie Kolejowe polepszy komunikacj\u0119 mi\u0119dzy Gliwicami a Bytomiem, na razie jednak tylko dla poci\u0105g\u00f3w towarowych. Transport pasa\u017cer\u00f3w jest wst\u0119pnie rozwa\u017cany. PKP Polskie Linie Kolejowe og\u0142osi\u0142o przetarg na rewitalizacje tor\u00f3w mi\u0119dzy innymi na odcinku Gliwice \u2013 Bytom. Jego rozstrzygni\u0119cie zaplanowane jest na po\u0142ow\u0119 maja. Modernizacja ma przede wszystkim skr\u00f3ci\u0107 czas przewozu towar\u00f3w. [&hellip;]","og_url":"https:\/\/www.24gliwice.pl\/wiadomosci\/czy-zostanie-przywrocone-polaczenie-kolejowe-na-linii-gliwice-bytom-pkp-rewitalizuje-torowisko\/","og_site_name":"24GLIWICE - Portal Gliwice | codziennie nowe informacje","article_publisher":"https:\/\/www.facebook.com\/24gliwice","article_published_time":"2018-04-15T23:14:09+00:00","og_image":[{"width":799,"height":449,"url":"https:\/\/www.24gliwice.pl\/wiadomosci\/wp-content\/uploads\/2018\/04\/pkp-modernizuje-lini\u0119-gliwice-bytom.jpg","type":"image\/jpeg"}],"author":"\u017baneta Mrozek-Siewierska","twitter_card":"summary_large_image","twitter_creator":"@24gliwice","twitter_site":"@24gliwice","twitter_misc":{"Napisane przez":"\u017baneta Mrozek-Siewierska","Szacowany czas czytania":"2 minuty"},"schema":{"@context":"https:\/\/schema.org","@graph":[{"@type":"Article","@id":"https:\/\/www.24gliwice.pl\/wiadomosci\/czy-zostanie-przywrocone-polaczenie-kolejowe-na-linii-gliwice-bytom-pkp-rewitalizuje-torowisko\/#article","isPartOf":{"@id":"https:\/\/www.24gliwice.pl\/wiadomosci\/czy-zostanie-przywrocone-polaczenie-kolejowe-na-linii-gliwice-bytom-pkp-rewitalizuje-torowisko\/"},"author":{"name":"\u017baneta Mrozek-Siewierska","@id":"https:\/\/www.24gliwice.pl\/wiadomosci\/#\/schema\/person\/e42c650edd7f2fa332be3811fb166b6e"},"headline":"Czy zostanie przywr\u00f3cone po\u0142\u0105czenie kolejowe na linii Gliwice &#8211; Bytom? PKP rewitalizuje torowisko","datePublished":"2018-04-15T23:14:09+00:00","mainEntityOfPage":{"@id":"https:\/\/www.24gliwice.pl\/wiadomosci\/czy-zostanie-przywrocone-polaczenie-kolejowe-na-linii-gliwice-bytom-pkp-rewitalizuje-torowisko\/"},"wordCount":434,"commentCount":0,"publisher":{"@id":"https:\/\/www.24gliwice.pl\/wiadomosci\/#organization"},"image":{"@id":"https:\/\/www.24gliwice.pl\/wiadomosci\/czy-zostanie-przywrocone-polaczenie-kolejowe-na-linii-gliwice-bytom-pkp-rewitalizuje-torowisko\/#primaryimage"},"thumbnailUrl":"https:\/\/www.24gliwice.pl\/wiadomosci\/wp-content\/uploads\/2018\/04\/pkp-modernizuje-lini\u0119-gliwice-bytom.jpg","keywords":["KOLEJ","KOLEJE \u015aL\u0104SKIE","KOMUNIKACJA PUBLICZNA","linia kolejowa","pkp plk","POCI\u0104G","po\u0142\u0105czenie kolejowe","po\u0142\u0105czenie kolejowe gliwice bytom","TRANSPORT"],"articleSection":["Gliwice","Najnowsze wiadomo\u015bci"],"inLanguage":"pl-PL","potentialAction":[{"@type":"CommentAction","name":"Comment","target":["https:\/\/www.24gliwice.pl\/wiadomosci\/czy-zostanie-przywrocone-polaczenie-kolejowe-na-linii-gliwice-bytom-pkp-rewitalizuje-torowisko\/#respond"]}]},{"@type":"WebPage","@id":"https:\/\/www.24gliwice.pl\/wiadomosci\/czy-zostanie-przywrocone-polaczenie-kolejowe-na-linii-gliwice-bytom-pkp-rewitalizuje-torowisko\/","url":"https:\/\/www.24gliwice.pl\/wiadomosci\/czy-zostanie-przywrocone-polaczenie-kolejowe-na-linii-gliwice-bytom-pkp-rewitalizuje-torowisko\/","name":"Czy zostanie przywr\u00f3cone po\u0142\u0105czenie kolejowe na linii Gliwice - Bytom? PKP rewitalizuje torowisko - 24GLIWICE - Portal Gliwice | codziennie nowe informacje","isPartOf":{"@id":"https:\/\/www.24gliwice.pl\/wiadomosci\/#website"},"primaryImageOfPage":{"@id":"https:\/\/www.24gliwice.pl\/wiadomosci\/czy-zostanie-przywrocone-polaczenie-kolejowe-na-linii-gliwice-bytom-pkp-rewitalizuje-torowisko\/#primaryimage"},"image":{"@id":"https:\/\/www.24gliwice.pl\/wiadomosci\/czy-zostanie-przywrocone-polaczenie-kolejowe-na-linii-gliwice-bytom-pkp-rewitalizuje-torowisko\/#primaryimage"},"thumbnailUrl":"https:\/\/www.24gliwice.pl\/wiadomosci\/wp-content\/uploads\/2018\/04\/pkp-modernizuje-lini\u0119-gliwice-bytom.jpg","datePublished":"2018-04-15T23:14:09+00:00","breadcrumb":{"@id":"https:\/\/www.24gliwice.pl\/wiadomosci\/czy-zostanie-przywrocone-polaczenie-kolejowe-na-linii-gliwice-bytom-pkp-rewitalizuje-torowisko\/#breadcrumb"},"inLanguage":"pl-PL","potentialAction":[{"@type":"ReadAction","target":["https:\/\/www.24gliwice.pl\/wiadomosci\/czy-zostanie-przywrocone-polaczenie-kolejowe-na-linii-gliwice-bytom-pkp-rewitalizuje-torowisko\/"]}]},{"@type":"ImageObject","inLanguage":"pl-PL","@id":"https:\/\/www.24gliwice.pl\/wiadomosci\/czy-zostanie-przywrocone-polaczenie-kolejowe-na-linii-gliwice-bytom-pkp-rewitalizuje-torowisko\/#primaryimage","url":"https:\/\/www.24gliwice.pl\/wiadomosci\/wp-content\/uploads\/2018\/04\/pkp-modernizuje-lini\u0119-gliwice-bytom.jpg","contentUrl":"https:\/\/www.24gliwice.pl\/wiadomosci\/wp-content\/uploads\/2018\/04\/pkp-modernizuje-lini\u0119-gliwice-bytom.jpg","width":799,"height":449,"caption":"fot. PKP PLK"},{"@type":"BreadcrumbList","@id":"https:\/\/www.24gliwice.pl\/wiadomosci\/czy-zostanie-przywrocone-polaczenie-kolejowe-na-linii-gliwice-bytom-pkp-rewitalizuje-torowisko\/#breadcrumb","itemListElement":[{"@type":"ListItem","position":1,"name":"Strona g\u0142\u00f3wna","item":"https:\/\/www.24gliwice.pl\/wiadomosci\/"},{"@type":"ListItem","position":2,"name":"Czy zostanie przywr\u00f3cone po\u0142\u0105czenie kolejowe na linii Gliwice &#8211; Bytom? PKP rewitalizuje torowisko"}]},{"@type":"WebSite","@id":"https:\/\/www.24gliwice.pl\/wiadomosci\/#website","url":"https:\/\/www.24gliwice.pl\/wiadomosci\/","name":"24GLIWICE - Portal Gliwice | codziennie nowe wiadomo\u015bci","description":"Portal Miejski Gliwice","publisher":{"@id":"https:\/\/www.24gliwice.pl\/wiadomosci\/#organization"},"potentialAction":[{"@type":"SearchAction","target":{"@type":"EntryPoint","urlTemplate":"https:\/\/www.24gliwice.pl\/wiadomosci\/?s={search_term_string}"},"query-input":{"@type":"PropertyValueSpecification","valueRequired":true,"valueName":"search_term_string"}}],"inLanguage":"pl-PL"},{"@type":"Organization","@id":"https:\/\/www.24gliwice.pl\/wiadomosci\/#organization","name":"24gliwice","url":"https:\/\/www.24gliwice.pl\/wiadomosci\/","logo":{"@type":"ImageObject","inLanguage":"pl-PL","@id":"https:\/\/www.24gliwice.pl\/wiadomosci\/#\/schema\/logo\/image\/","url":"https:\/\/www.24gliwice.pl\/wiadomosci\/wp-content\/uploads\/2024\/10\/24gliwice-logo-696.jpg","contentUrl":"https:\/\/www.24gliwice.pl\/wiadomosci\/wp-content\/uploads\/2024\/10\/24gliwice-logo-696.jpg","width":696,"height":696,"caption":"24gliwice"},"image":{"@id":"https:\/\/www.24gliwice.pl\/wiadomosci\/#\/schema\/logo\/image\/"},"sameAs":["https:\/\/www.facebook.com\/24gliwice","https:\/\/x.com\/24gliwice","https:\/\/www.youtube.com\/@24gliwice"]},{"@type":"Person","@id":"https:\/\/www.24gliwice.pl\/wiadomosci\/#\/schema\/person\/e42c650edd7f2fa332be3811fb166b6e","name":"\u017baneta Mrozek-Siewierska","image":{"@type":"ImageObject","inLanguage":"pl-PL","@id":"https:\/\/secure.gravatar.com\/avatar\/1881429e9c64597c77ad7aef2d0a19be69a3253e57534d16aa15bf3a4d34a0a3?s=96&d=mm&r=g","url":"https:\/\/secure.gravatar.com\/avatar\/1881429e9c64597c77ad7aef2d0a19be69a3253e57534d16aa15bf3a4d34a0a3?s=96&d=mm&r=g","contentUrl":"https:\/\/secure.gravatar.com\/avatar\/1881429e9c64597c77ad7aef2d0a19be69a3253e57534d16aa15bf3a4d34a0a3?s=96&d=mm&r=g","caption":"\u017baneta Mrozek-Siewierska"},"url":"https:\/\/www.24gliwice.pl\/wiadomosci\/author\/zms\/"}]}},"_links":{"self":[{"href":"https:\/\/www.24gliwice.pl\/wiadomosci\/wp-json\/wp\/v2\/posts\/115563","targetHints":{"allow":["GET"]}}],"collection":[{"href":"https:\/\/www.24gliwice.pl\/wiadomosci\/wp-json\/wp\/v2\/posts"}],"about":[{"href":"https:\/\/www.24gliwice.pl\/wiadomosci\/wp-json\/wp\/v2\/types\/post"}],"author":[{"embeddable":true,"href":"https:\/\/www.24gliwice.pl\/wiadomosci\/wp-json\/wp\/v2\/users\/15"}],"replies":[{"embeddable":true,"href":"https:\/\/www.24gliwice.pl\/wiadomosci\/wp-json\/wp\/v2\/comments?post=115563"}],"version-history":[{"count":0,"href":"https:\/\/www.24gliwice.pl\/wiadomosci\/wp-json\/wp\/v2\/posts\/115563\/revisions"}],"wp:featuredmedia":[{"embeddable":true,"href":"https:\/\/www.24gliwice.pl\/wiadomosci\/wp-json\/wp\/v2\/media\/115568"}],"wp:attachment":[{"href":"https:\/\/www.24gliwice.pl\/wiadomosci\/wp-json\/wp\/v2\/media?parent=115563"}],"wp:term":[{"taxonomy":"category","embeddable":true,"href":"https:\/\/www.24gliwice.pl\/wiadomosci\/wp-json\/wp\/v2\/categories?post=115563"},{"taxonomy":"post_tag","embeddable":true,"href":"https:\/\/www.24gliwice.pl\/wiadomosci\/wp-json\/wp\/v2\/tags?post=115563"}],"curies":[{"name":"wp","href":"https:\/\/api.w.org\/{rel}","templated":true}]}}