{"id":115585,"date":"2018-04-13T00:30:16","date_gmt":"2018-04-12T22:30:16","guid":{"rendered":"https:\/\/www.24gliwice.pl\/wiadomosci\/?p=115585"},"modified":"2018-04-12T23:31:45","modified_gmt":"2018-04-12T21:31:45","slug":"bmz-rozbuduje-zaklad-na-terenie-gliwickiej-strefy-ekonomicznej-pojawia-sie-kolejne-miejsca-pracy","status":"publish","type":"post","link":"https:\/\/www.24gliwice.pl\/wiadomosci\/bmz-rozbuduje-zaklad-na-terenie-gliwickiej-strefy-ekonomicznej-pojawia-sie-kolejne-miejsca-pracy\/","title":{"rendered":"BMZ rozbuduje zak\u0142ad na terenie gliwickiej strefy ekonomicznej. Pojawi\u0105 si\u0119 kolejne miejsca pracy"},"content":{"rendered":"<div class=\"gliwi-a6-nad-leadem-artykulow gliwi-entity-placement\" id=\"gliwi-1513003412\"><div class=\"gliwi-adlabel\"><span style=\"font-size: 9px\">REKLAMA<\/span><\/div><div id=\"gliwi-2215533596\" style=\"margin-bottom: 25px;margin-left: auto;margin-right: auto;text-align: center;\"><a data-no-instant=\"1\" href=\"https:\/\/dom100.eu\/\" rel=\"noopener\" class=\"a2t-link\" target=\"_blank\" aria-label=\"20260415 DOM100 D\"><img loading=\"lazy\" decoding=\"async\" src=\"https:\/\/www.24gliwice.pl\/wiadomosci\/wp-content\/uploads\/2026\/04\/20260415-DOM100-D.jpg\" alt=\"\"  srcset=\"https:\/\/www.24gliwice.pl\/wiadomosci\/wp-content\/uploads\/2026\/04\/20260415-DOM100-D.jpg 750w, https:\/\/www.24gliwice.pl\/wiadomosci\/wp-content\/uploads\/2026\/04\/20260415-DOM100-D-410x109.jpg 410w\" sizes=\"(max-width: 750px) 100vw, 750px\" class=\"no-lazyload\" width=\"750\" height=\"200\"  style=\"display: inline-block; max-width: 100%; height: auto;\" \/><\/a><\/div><\/div><h3>Wiod\u0105cy producent baterii, firma BMZ Poland, kt\u00f3ra na swoj\u0105 siedzib\u0119 wybra\u0142a gliwick\u0105 stref\u0119 ekonomiczn\u0105, planuje rozbudow\u0119. Jest ona zwi\u0105zana ze wzrastaj\u0105cym zapotrzebowaniem rynku na baterie litowo-jonowe i oznacza utworzenie nowych miejsc pracy.<\/h3>\n<p>W Gliwicach BMZ Poland jest obecny od 2010 r. W roku 2017 na ponad 12,3 tys. m2 przy przy ul. Einsteina wybudowa\u0142 w\u0142asn\u0105 siedzib\u0119 z nowoczesnymi halami produkcyjnymi, magazynami, laboratoriami badawczymi i biurami. Firma przygotowuje rozwi\u0105zania dla przemys\u0142u motoryzacyjnego oraz wybranych projekt\u00f3w ma\u0142oseryjnych i wysoko zautomatyzowanych, jak np. produkcja magazyn\u00f3w energii.<\/p>\n[perfectpullquote align=&#8221;full&#8221; bordertop=&#8221;false&#8221; cite=&#8221;&#8221; link=&#8221;&#8221; color=&#8221;&#8221; class=&#8221;&#8221; size=&#8221;&#8221;]Produkuje te\u017c nowoczesne systemy zasilania dla autobus\u00f3w elektrycznych i baterie do rower\u00f3w elektrycznych. Firma skupia si\u0119 tak\u017ce na elektronarz\u0119dziach i narz\u0119dziach ogrodniczych. [\/perfectpullquote]\n<p>\u2013 Sektory te rosn\u0105 w niezwykle szybkim tempie: 25-35% rok do roku. St\u0105d decyzja o budowie magazynu z powierzchni\u0105 biurowo-socjaln\u0105. Rozbudowa z pewno\u015bci\u0105 wp\u0142ynie na zmian\u0119 ilo\u015bci zatrudnionych, jednak na tym etapie jest jeszcze za wcze\u015bnie, by decydowa\u0107 o szczeg\u00f3\u0142ach \u2013 wyja\u015bnia <strong>Agata K\u0119dzierska<\/strong>, rzecznik prasowy BMZ Poland.<\/p><div class=\"gliwi-a3-w-tresci-artykulow gliwi-entity-placement\" id=\"gliwi-3802168001\"><div class=\"gliwi-adlabel\"><span style=\"font-size: 9px\">REKLAMA<\/span><\/div><div id=\"gliwi-1800287173\" style=\"margin-bottom: 30px;margin-left: auto;margin-right: auto;text-align: center;\"><a data-no-instant=\"1\" href=\"https:\/\/zlobek.halogen.org.pl\/\" rel=\"noopener\" class=\"a2t-link\" target=\"_blank\" aria-label=\"animator-zlobek_750x200\"><img loading=\"lazy\" decoding=\"async\" src=\"https:\/\/www.24gliwice.pl\/wiadomosci\/wp-content\/uploads\/2026\/02\/animator-zlobek_750x200.webp\" alt=\"\"  srcset=\"https:\/\/www.24gliwice.pl\/wiadomosci\/wp-content\/uploads\/2026\/02\/animator-zlobek_750x200.webp 750w, https:\/\/www.24gliwice.pl\/wiadomosci\/wp-content\/uploads\/2026\/02\/animator-zlobek_750x200-410x109.webp 410w\" sizes=\"(max-width: 750px) 100vw, 750px\" class=\"no-lazyload\" width=\"750\" height=\"200\"  style=\"display: inline-block; max-width: 100%; height: auto;\" \/><\/a><\/div><\/div>\n<p>Teraz firma przymierza si\u0119 do rozbudowy. Prace przy nowej inwestycji maj\u0105 ruszy\u0107 jeszcze w tym roku, jesieni\u0105. \u2013 Gliwice to bardzo dobre miejsce do inwestiowania. To centrum \u015al\u0105ska, kt\u00f3rego atutem jest m.in. blisko\u015b\u0107 Politechniki \u015al\u0105skiej oraz dobra infrastruktura. To da\u0142o nam szans\u0119 na rozszerzenie dzia\u0142alno\u015bci \u2013 dodaje K\u0119dzierska.<\/p>\n[perfectpullquote align=&#8221;full&#8221; bordertop=&#8221;false&#8221; cite=&#8221;&#8221; link=&#8221;&#8221; color=&#8221;&#8221; class=&#8221;&#8221; size=&#8221;&#8221;]BMZ Poland powsta\u0142a w 2010 r. jako sp\u00f3\u0142ka-c\u00f3rka BMZ GmBH. Obecnie wchodzi w sk\u0142ad konsorcjum \u201ePolski E-BUS\u201d, powsta\u0142ego z inicjatywy partnera \u2013 firmy Ursus Bus. Zatrudnia ponad 800 pracownik\u00f3w. [\/perfectpullquote]\n<p>W 2017 roku uroczy\u015bcie otwarto now\u0105 fabryk\u0119 firmy. W halach przy ul. Einsteina ruszy\u0142a w\u00f3wczas produkcja dedykowana przemys\u0142owi motoryzacyjnemu z przeznaczeniem na rynki Europy \u015arodkowo-Wschodniej. W uroczystym otwarciu wzi\u0119li udzia\u0142 m.in. udzia\u0142 Jadwiga Emilewicz, \u00f3wczesna wiceminister rozwoju oraz prezydent Gliwic Zygmunt Frankiewicz.<\/p>\n<p>(\u017cms)\/UM(mf)<br \/>\nFot. Z.Daniec\/UM Gliwice<\/p>\n<div class=\"gliwi-a5-na-koncu-artykulow gliwi-entity-placement\" id=\"gliwi-3601314819\"><div class=\"gliwi-adlabel\"><span style=\"font-size: 9px\">REKLAMA<\/span><\/div><div id=\"gliwi-2185321018\" style=\"margin-left: auto;margin-right: auto;text-align: center;\"><a data-no-instant=\"1\" href=\"https:\/\/prezeroarenagliwice.pl\/\" rel=\"noopener\" class=\"a2t-link\" target=\"_blank\" aria-label=\"20260309-PREZERO-WIOSNA-D\"><img loading=\"lazy\" decoding=\"async\" src=\"https:\/\/www.24gliwice.pl\/wiadomosci\/wp-content\/uploads\/2026\/03\/20260309-PREZERO-WIOSNA-D.webp\" alt=\"\"  srcset=\"https:\/\/www.24gliwice.pl\/wiadomosci\/wp-content\/uploads\/2026\/03\/20260309-PREZERO-WIOSNA-D.webp 750w, https:\/\/www.24gliwice.pl\/wiadomosci\/wp-content\/uploads\/2026\/03\/20260309-PREZERO-WIOSNA-D-410x109.webp 410w\" sizes=\"(max-width: 750px) 100vw, 750px\" class=\"no-lazyload\" width=\"750\" height=\"200\"  style=\"display: inline-block; max-width: 100%; height: auto;\" \/><\/a><\/div><\/div>","protected":false},"excerpt":{"rendered":"<p>Wiod\u0105cy producent baterii, firma BMZ Poland, kt\u00f3ra na swoj\u0105 siedzib\u0119 wybra\u0142a gliwick\u0105 stref\u0119 ekonomiczn\u0105, planuje rozbudow\u0119. Jest ona zwi\u0105zana ze wzrastaj\u0105cym zapotrzebowaniem rynku na baterie litowo-jonowe i oznacza utworzenie nowych miejsc pracy. W Gliwicach BMZ Poland jest obecny od 2010 r. W roku 2017 na ponad 12,3 tys. m2 przy przy ul. Einsteina wybudowa\u0142 w\u0142asn\u0105 [&hellip;]<\/p>\n","protected":false},"author":15,"featured_media":115589,"comment_status":"open","ping_status":"closed","sticky":false,"template":"","format":"standard","meta":{"_monsterinsights_skip_tracking":false,"_monsterinsights_sitenote_active":false,"_monsterinsights_sitenote_note":"","_monsterinsights_sitenote_category":0,"footnotes":"","_links_to":"","_links_to_target":""},"categories":[3,1],"tags":[10240,9350,9347,11779,8183,12081],"class_list":["post-115585","post","type-post","status-publish","format-standard","has-post-thumbnail","hentry","category-gliwice","category-wszystko","tag-bmz","tag-fabryka","tag-ksse","tag-magazyn","tag-strefa","tag-strefa-ekonomiczna"],"yoast_head":"<!-- This site is optimized with the Yoast SEO plugin v27.5 - https:\/\/yoast.com\/product\/yoast-seo-wordpress\/ -->\n<title>BMZ rozbuduje zak\u0142ad na terenie gliwickiej strefy ekonomicznej. Pojawi\u0105 si\u0119 kolejne miejsca pracy - 24GLIWICE - Portal Gliwice | codziennie nowe informacje<\/title>\n<meta name=\"robots\" content=\"index, follow, max-snippet:-1, max-image-preview:large, max-video-preview:-1\" \/>\n<link rel=\"canonical\" href=\"https:\/\/www.24gliwice.pl\/wiadomosci\/bmz-rozbuduje-zaklad-na-terenie-gliwickiej-strefy-ekonomicznej-pojawia-sie-kolejne-miejsca-pracy\/\" \/>\n<meta property=\"og:locale\" content=\"pl_PL\" \/>\n<meta property=\"og:type\" content=\"article\" \/>\n<meta property=\"og:title\" content=\"BMZ rozbuduje zak\u0142ad na terenie gliwickiej strefy ekonomicznej. Pojawi\u0105 si\u0119 kolejne miejsca pracy - 24GLIWICE - Portal Gliwice | codziennie nowe informacje\" \/>\n<meta property=\"og:description\" content=\"Wiod\u0105cy producent baterii, firma BMZ Poland, kt\u00f3ra na swoj\u0105 siedzib\u0119 wybra\u0142a gliwick\u0105 stref\u0119 ekonomiczn\u0105, planuje rozbudow\u0119. Jest ona zwi\u0105zana ze wzrastaj\u0105cym zapotrzebowaniem rynku na baterie litowo-jonowe i oznacza utworzenie nowych miejsc pracy. W Gliwicach BMZ Poland jest obecny od 2010 r. W roku 2017 na ponad 12,3 tys. m2 przy przy ul. Einsteina wybudowa\u0142 w\u0142asn\u0105 [&hellip;]\" \/>\n<meta property=\"og:url\" content=\"https:\/\/www.24gliwice.pl\/wiadomosci\/bmz-rozbuduje-zaklad-na-terenie-gliwickiej-strefy-ekonomicznej-pojawia-sie-kolejne-miejsca-pracy\/\" \/>\n<meta property=\"og:site_name\" content=\"24GLIWICE - Portal Gliwice | codziennie nowe informacje\" \/>\n<meta property=\"article:publisher\" content=\"https:\/\/www.facebook.com\/24gliwice\" \/>\n<meta property=\"article:published_time\" content=\"2018-04-12T22:30:16+00:00\" \/>\n<meta property=\"og:image\" content=\"https:\/\/www.24gliwice.pl\/wiadomosci\/wp-content\/uploads\/2018\/04\/bmz-z-daniec.jpg\" \/>\n\t<meta property=\"og:image:width\" content=\"866\" \/>\n\t<meta property=\"og:image:height\" content=\"487\" \/>\n\t<meta property=\"og:image:type\" content=\"image\/jpeg\" \/>\n<meta name=\"author\" content=\"\u017baneta Mrozek-Siewierska\" \/>\n<meta name=\"twitter:card\" content=\"summary_large_image\" \/>\n<meta name=\"twitter:creator\" content=\"@24gliwice\" \/>\n<meta name=\"twitter:site\" content=\"@24gliwice\" \/>\n<meta name=\"twitter:label1\" content=\"Napisane przez\" \/>\n\t<meta name=\"twitter:data1\" content=\"\u017baneta Mrozek-Siewierska\" \/>\n\t<meta name=\"twitter:label2\" content=\"Szacowany czas czytania\" \/>\n\t<meta name=\"twitter:data2\" content=\"2 minuty\" \/>\n<script type=\"application\/ld+json\" class=\"yoast-schema-graph\">{\"@context\":\"https:\\\/\\\/schema.org\",\"@graph\":[{\"@type\":\"Article\",\"@id\":\"https:\\\/\\\/www.24gliwice.pl\\\/wiadomosci\\\/bmz-rozbuduje-zaklad-na-terenie-gliwickiej-strefy-ekonomicznej-pojawia-sie-kolejne-miejsca-pracy\\\/#article\",\"isPartOf\":{\"@id\":\"https:\\\/\\\/www.24gliwice.pl\\\/wiadomosci\\\/bmz-rozbuduje-zaklad-na-terenie-gliwickiej-strefy-ekonomicznej-pojawia-sie-kolejne-miejsca-pracy\\\/\"},\"author\":{\"name\":\"\u017baneta Mrozek-Siewierska\",\"@id\":\"https:\\\/\\\/www.24gliwice.pl\\\/wiadomosci\\\/#\\\/schema\\\/person\\\/e42c650edd7f2fa332be3811fb166b6e\"},\"headline\":\"BMZ rozbuduje zak\u0142ad na terenie gliwickiej strefy ekonomicznej. Pojawi\u0105 si\u0119 kolejne miejsca pracy\",\"datePublished\":\"2018-04-12T22:30:16+00:00\",\"mainEntityOfPage\":{\"@id\":\"https:\\\/\\\/www.24gliwice.pl\\\/wiadomosci\\\/bmz-rozbuduje-zaklad-na-terenie-gliwickiej-strefy-ekonomicznej-pojawia-sie-kolejne-miejsca-pracy\\\/\"},\"wordCount\":349,\"commentCount\":0,\"publisher\":{\"@id\":\"https:\\\/\\\/www.24gliwice.pl\\\/wiadomosci\\\/#organization\"},\"image\":{\"@id\":\"https:\\\/\\\/www.24gliwice.pl\\\/wiadomosci\\\/bmz-rozbuduje-zaklad-na-terenie-gliwickiej-strefy-ekonomicznej-pojawia-sie-kolejne-miejsca-pracy\\\/#primaryimage\"},\"thumbnailUrl\":\"https:\\\/\\\/www.24gliwice.pl\\\/wiadomosci\\\/wp-content\\\/uploads\\\/2018\\\/04\\\/bmz-z-daniec.jpg\",\"keywords\":[\"bmz\",\"fabryka\",\"KSSE\",\"magazyn\",\"STREFA\",\"strefa ekonomiczna\"],\"articleSection\":[\"Gliwice\",\"Najnowsze wiadomo\u015bci\"],\"inLanguage\":\"pl-PL\",\"potentialAction\":[{\"@type\":\"CommentAction\",\"name\":\"Comment\",\"target\":[\"https:\\\/\\\/www.24gliwice.pl\\\/wiadomosci\\\/bmz-rozbuduje-zaklad-na-terenie-gliwickiej-strefy-ekonomicznej-pojawia-sie-kolejne-miejsca-pracy\\\/#respond\"]}]},{\"@type\":\"WebPage\",\"@id\":\"https:\\\/\\\/www.24gliwice.pl\\\/wiadomosci\\\/bmz-rozbuduje-zaklad-na-terenie-gliwickiej-strefy-ekonomicznej-pojawia-sie-kolejne-miejsca-pracy\\\/\",\"url\":\"https:\\\/\\\/www.24gliwice.pl\\\/wiadomosci\\\/bmz-rozbuduje-zaklad-na-terenie-gliwickiej-strefy-ekonomicznej-pojawia-sie-kolejne-miejsca-pracy\\\/\",\"name\":\"BMZ rozbuduje zak\u0142ad na terenie gliwickiej strefy ekonomicznej. Pojawi\u0105 si\u0119 kolejne miejsca pracy - 24GLIWICE - Portal Gliwice | codziennie nowe informacje\",\"isPartOf\":{\"@id\":\"https:\\\/\\\/www.24gliwice.pl\\\/wiadomosci\\\/#website\"},\"primaryImageOfPage\":{\"@id\":\"https:\\\/\\\/www.24gliwice.pl\\\/wiadomosci\\\/bmz-rozbuduje-zaklad-na-terenie-gliwickiej-strefy-ekonomicznej-pojawia-sie-kolejne-miejsca-pracy\\\/#primaryimage\"},\"image\":{\"@id\":\"https:\\\/\\\/www.24gliwice.pl\\\/wiadomosci\\\/bmz-rozbuduje-zaklad-na-terenie-gliwickiej-strefy-ekonomicznej-pojawia-sie-kolejne-miejsca-pracy\\\/#primaryimage\"},\"thumbnailUrl\":\"https:\\\/\\\/www.24gliwice.pl\\\/wiadomosci\\\/wp-content\\\/uploads\\\/2018\\\/04\\\/bmz-z-daniec.jpg\",\"datePublished\":\"2018-04-12T22:30:16+00:00\",\"breadcrumb\":{\"@id\":\"https:\\\/\\\/www.24gliwice.pl\\\/wiadomosci\\\/bmz-rozbuduje-zaklad-na-terenie-gliwickiej-strefy-ekonomicznej-pojawia-sie-kolejne-miejsca-pracy\\\/#breadcrumb\"},\"inLanguage\":\"pl-PL\",\"potentialAction\":[{\"@type\":\"ReadAction\",\"target\":[\"https:\\\/\\\/www.24gliwice.pl\\\/wiadomosci\\\/bmz-rozbuduje-zaklad-na-terenie-gliwickiej-strefy-ekonomicznej-pojawia-sie-kolejne-miejsca-pracy\\\/\"]}]},{\"@type\":\"ImageObject\",\"inLanguage\":\"pl-PL\",\"@id\":\"https:\\\/\\\/www.24gliwice.pl\\\/wiadomosci\\\/bmz-rozbuduje-zaklad-na-terenie-gliwickiej-strefy-ekonomicznej-pojawia-sie-kolejne-miejsca-pracy\\\/#primaryimage\",\"url\":\"https:\\\/\\\/www.24gliwice.pl\\\/wiadomosci\\\/wp-content\\\/uploads\\\/2018\\\/04\\\/bmz-z-daniec.jpg\",\"contentUrl\":\"https:\\\/\\\/www.24gliwice.pl\\\/wiadomosci\\\/wp-content\\\/uploads\\\/2018\\\/04\\\/bmz-z-daniec.jpg\",\"width\":866,\"height\":487,\"caption\":\"fot. Z. Daniec\\\/UM Gliwice\"},{\"@type\":\"BreadcrumbList\",\"@id\":\"https:\\\/\\\/www.24gliwice.pl\\\/wiadomosci\\\/bmz-rozbuduje-zaklad-na-terenie-gliwickiej-strefy-ekonomicznej-pojawia-sie-kolejne-miejsca-pracy\\\/#breadcrumb\",\"itemListElement\":[{\"@type\":\"ListItem\",\"position\":1,\"name\":\"Strona g\u0142\u00f3wna\",\"item\":\"https:\\\/\\\/www.24gliwice.pl\\\/wiadomosci\\\/\"},{\"@type\":\"ListItem\",\"position\":2,\"name\":\"BMZ rozbuduje zak\u0142ad na terenie gliwickiej strefy ekonomicznej. Pojawi\u0105 si\u0119 kolejne miejsca pracy\"}]},{\"@type\":\"WebSite\",\"@id\":\"https:\\\/\\\/www.24gliwice.pl\\\/wiadomosci\\\/#website\",\"url\":\"https:\\\/\\\/www.24gliwice.pl\\\/wiadomosci\\\/\",\"name\":\"24GLIWICE - Portal Gliwice | codziennie nowe wiadomo\u015bci\",\"description\":\"Portal Miejski Gliwice\",\"publisher\":{\"@id\":\"https:\\\/\\\/www.24gliwice.pl\\\/wiadomosci\\\/#organization\"},\"potentialAction\":[{\"@type\":\"SearchAction\",\"target\":{\"@type\":\"EntryPoint\",\"urlTemplate\":\"https:\\\/\\\/www.24gliwice.pl\\\/wiadomosci\\\/?s={search_term_string}\"},\"query-input\":{\"@type\":\"PropertyValueSpecification\",\"valueRequired\":true,\"valueName\":\"search_term_string\"}}],\"inLanguage\":\"pl-PL\"},{\"@type\":\"Organization\",\"@id\":\"https:\\\/\\\/www.24gliwice.pl\\\/wiadomosci\\\/#organization\",\"name\":\"24gliwice\",\"url\":\"https:\\\/\\\/www.24gliwice.pl\\\/wiadomosci\\\/\",\"logo\":{\"@type\":\"ImageObject\",\"inLanguage\":\"pl-PL\",\"@id\":\"https:\\\/\\\/www.24gliwice.pl\\\/wiadomosci\\\/#\\\/schema\\\/logo\\\/image\\\/\",\"url\":\"https:\\\/\\\/www.24gliwice.pl\\\/wiadomosci\\\/wp-content\\\/uploads\\\/2024\\\/10\\\/24gliwice-logo-696.jpg\",\"contentUrl\":\"https:\\\/\\\/www.24gliwice.pl\\\/wiadomosci\\\/wp-content\\\/uploads\\\/2024\\\/10\\\/24gliwice-logo-696.jpg\",\"width\":696,\"height\":696,\"caption\":\"24gliwice\"},\"image\":{\"@id\":\"https:\\\/\\\/www.24gliwice.pl\\\/wiadomosci\\\/#\\\/schema\\\/logo\\\/image\\\/\"},\"sameAs\":[\"https:\\\/\\\/www.facebook.com\\\/24gliwice\",\"https:\\\/\\\/x.com\\\/24gliwice\",\"https:\\\/\\\/www.youtube.com\\\/@24gliwice\"]},{\"@type\":\"Person\",\"@id\":\"https:\\\/\\\/www.24gliwice.pl\\\/wiadomosci\\\/#\\\/schema\\\/person\\\/e42c650edd7f2fa332be3811fb166b6e\",\"name\":\"\u017baneta Mrozek-Siewierska\",\"image\":{\"@type\":\"ImageObject\",\"inLanguage\":\"pl-PL\",\"@id\":\"https:\\\/\\\/secure.gravatar.com\\\/avatar\\\/1881429e9c64597c77ad7aef2d0a19be69a3253e57534d16aa15bf3a4d34a0a3?s=96&d=mm&r=g\",\"url\":\"https:\\\/\\\/secure.gravatar.com\\\/avatar\\\/1881429e9c64597c77ad7aef2d0a19be69a3253e57534d16aa15bf3a4d34a0a3?s=96&d=mm&r=g\",\"contentUrl\":\"https:\\\/\\\/secure.gravatar.com\\\/avatar\\\/1881429e9c64597c77ad7aef2d0a19be69a3253e57534d16aa15bf3a4d34a0a3?s=96&d=mm&r=g\",\"caption\":\"\u017baneta Mrozek-Siewierska\"},\"url\":\"https:\\\/\\\/www.24gliwice.pl\\\/wiadomosci\\\/author\\\/zms\\\/\"}]}<\/script>\n<!-- \/ Yoast SEO plugin. -->","yoast_head_json":{"title":"BMZ rozbuduje zak\u0142ad na terenie gliwickiej strefy ekonomicznej. Pojawi\u0105 si\u0119 kolejne miejsca pracy - 24GLIWICE - Portal Gliwice | codziennie nowe informacje","robots":{"index":"index","follow":"follow","max-snippet":"max-snippet:-1","max-image-preview":"max-image-preview:large","max-video-preview":"max-video-preview:-1"},"canonical":"https:\/\/www.24gliwice.pl\/wiadomosci\/bmz-rozbuduje-zaklad-na-terenie-gliwickiej-strefy-ekonomicznej-pojawia-sie-kolejne-miejsca-pracy\/","og_locale":"pl_PL","og_type":"article","og_title":"BMZ rozbuduje zak\u0142ad na terenie gliwickiej strefy ekonomicznej. Pojawi\u0105 si\u0119 kolejne miejsca pracy - 24GLIWICE - Portal Gliwice | codziennie nowe informacje","og_description":"Wiod\u0105cy producent baterii, firma BMZ Poland, kt\u00f3ra na swoj\u0105 siedzib\u0119 wybra\u0142a gliwick\u0105 stref\u0119 ekonomiczn\u0105, planuje rozbudow\u0119. Jest ona zwi\u0105zana ze wzrastaj\u0105cym zapotrzebowaniem rynku na baterie litowo-jonowe i oznacza utworzenie nowych miejsc pracy. W Gliwicach BMZ Poland jest obecny od 2010 r. W roku 2017 na ponad 12,3 tys. m2 przy przy ul. Einsteina wybudowa\u0142 w\u0142asn\u0105 [&hellip;]","og_url":"https:\/\/www.24gliwice.pl\/wiadomosci\/bmz-rozbuduje-zaklad-na-terenie-gliwickiej-strefy-ekonomicznej-pojawia-sie-kolejne-miejsca-pracy\/","og_site_name":"24GLIWICE - Portal Gliwice | codziennie nowe informacje","article_publisher":"https:\/\/www.facebook.com\/24gliwice","article_published_time":"2018-04-12T22:30:16+00:00","og_image":[{"width":866,"height":487,"url":"https:\/\/www.24gliwice.pl\/wiadomosci\/wp-content\/uploads\/2018\/04\/bmz-z-daniec.jpg","type":"image\/jpeg"}],"author":"\u017baneta Mrozek-Siewierska","twitter_card":"summary_large_image","twitter_creator":"@24gliwice","twitter_site":"@24gliwice","twitter_misc":{"Napisane przez":"\u017baneta Mrozek-Siewierska","Szacowany czas czytania":"2 minuty"},"schema":{"@context":"https:\/\/schema.org","@graph":[{"@type":"Article","@id":"https:\/\/www.24gliwice.pl\/wiadomosci\/bmz-rozbuduje-zaklad-na-terenie-gliwickiej-strefy-ekonomicznej-pojawia-sie-kolejne-miejsca-pracy\/#article","isPartOf":{"@id":"https:\/\/www.24gliwice.pl\/wiadomosci\/bmz-rozbuduje-zaklad-na-terenie-gliwickiej-strefy-ekonomicznej-pojawia-sie-kolejne-miejsca-pracy\/"},"author":{"name":"\u017baneta Mrozek-Siewierska","@id":"https:\/\/www.24gliwice.pl\/wiadomosci\/#\/schema\/person\/e42c650edd7f2fa332be3811fb166b6e"},"headline":"BMZ rozbuduje zak\u0142ad na terenie gliwickiej strefy ekonomicznej. Pojawi\u0105 si\u0119 kolejne miejsca pracy","datePublished":"2018-04-12T22:30:16+00:00","mainEntityOfPage":{"@id":"https:\/\/www.24gliwice.pl\/wiadomosci\/bmz-rozbuduje-zaklad-na-terenie-gliwickiej-strefy-ekonomicznej-pojawia-sie-kolejne-miejsca-pracy\/"},"wordCount":349,"commentCount":0,"publisher":{"@id":"https:\/\/www.24gliwice.pl\/wiadomosci\/#organization"},"image":{"@id":"https:\/\/www.24gliwice.pl\/wiadomosci\/bmz-rozbuduje-zaklad-na-terenie-gliwickiej-strefy-ekonomicznej-pojawia-sie-kolejne-miejsca-pracy\/#primaryimage"},"thumbnailUrl":"https:\/\/www.24gliwice.pl\/wiadomosci\/wp-content\/uploads\/2018\/04\/bmz-z-daniec.jpg","keywords":["bmz","fabryka","KSSE","magazyn","STREFA","strefa ekonomiczna"],"articleSection":["Gliwice","Najnowsze wiadomo\u015bci"],"inLanguage":"pl-PL","potentialAction":[{"@type":"CommentAction","name":"Comment","target":["https:\/\/www.24gliwice.pl\/wiadomosci\/bmz-rozbuduje-zaklad-na-terenie-gliwickiej-strefy-ekonomicznej-pojawia-sie-kolejne-miejsca-pracy\/#respond"]}]},{"@type":"WebPage","@id":"https:\/\/www.24gliwice.pl\/wiadomosci\/bmz-rozbuduje-zaklad-na-terenie-gliwickiej-strefy-ekonomicznej-pojawia-sie-kolejne-miejsca-pracy\/","url":"https:\/\/www.24gliwice.pl\/wiadomosci\/bmz-rozbuduje-zaklad-na-terenie-gliwickiej-strefy-ekonomicznej-pojawia-sie-kolejne-miejsca-pracy\/","name":"BMZ rozbuduje zak\u0142ad na terenie gliwickiej strefy ekonomicznej. Pojawi\u0105 si\u0119 kolejne miejsca pracy - 24GLIWICE - Portal Gliwice | codziennie nowe informacje","isPartOf":{"@id":"https:\/\/www.24gliwice.pl\/wiadomosci\/#website"},"primaryImageOfPage":{"@id":"https:\/\/www.24gliwice.pl\/wiadomosci\/bmz-rozbuduje-zaklad-na-terenie-gliwickiej-strefy-ekonomicznej-pojawia-sie-kolejne-miejsca-pracy\/#primaryimage"},"image":{"@id":"https:\/\/www.24gliwice.pl\/wiadomosci\/bmz-rozbuduje-zaklad-na-terenie-gliwickiej-strefy-ekonomicznej-pojawia-sie-kolejne-miejsca-pracy\/#primaryimage"},"thumbnailUrl":"https:\/\/www.24gliwice.pl\/wiadomosci\/wp-content\/uploads\/2018\/04\/bmz-z-daniec.jpg","datePublished":"2018-04-12T22:30:16+00:00","breadcrumb":{"@id":"https:\/\/www.24gliwice.pl\/wiadomosci\/bmz-rozbuduje-zaklad-na-terenie-gliwickiej-strefy-ekonomicznej-pojawia-sie-kolejne-miejsca-pracy\/#breadcrumb"},"inLanguage":"pl-PL","potentialAction":[{"@type":"ReadAction","target":["https:\/\/www.24gliwice.pl\/wiadomosci\/bmz-rozbuduje-zaklad-na-terenie-gliwickiej-strefy-ekonomicznej-pojawia-sie-kolejne-miejsca-pracy\/"]}]},{"@type":"ImageObject","inLanguage":"pl-PL","@id":"https:\/\/www.24gliwice.pl\/wiadomosci\/bmz-rozbuduje-zaklad-na-terenie-gliwickiej-strefy-ekonomicznej-pojawia-sie-kolejne-miejsca-pracy\/#primaryimage","url":"https:\/\/www.24gliwice.pl\/wiadomosci\/wp-content\/uploads\/2018\/04\/bmz-z-daniec.jpg","contentUrl":"https:\/\/www.24gliwice.pl\/wiadomosci\/wp-content\/uploads\/2018\/04\/bmz-z-daniec.jpg","width":866,"height":487,"caption":"fot. Z. Daniec\/UM Gliwice"},{"@type":"BreadcrumbList","@id":"https:\/\/www.24gliwice.pl\/wiadomosci\/bmz-rozbuduje-zaklad-na-terenie-gliwickiej-strefy-ekonomicznej-pojawia-sie-kolejne-miejsca-pracy\/#breadcrumb","itemListElement":[{"@type":"ListItem","position":1,"name":"Strona g\u0142\u00f3wna","item":"https:\/\/www.24gliwice.pl\/wiadomosci\/"},{"@type":"ListItem","position":2,"name":"BMZ rozbuduje zak\u0142ad na terenie gliwickiej strefy ekonomicznej. Pojawi\u0105 si\u0119 kolejne miejsca pracy"}]},{"@type":"WebSite","@id":"https:\/\/www.24gliwice.pl\/wiadomosci\/#website","url":"https:\/\/www.24gliwice.pl\/wiadomosci\/","name":"24GLIWICE - Portal Gliwice | codziennie nowe wiadomo\u015bci","description":"Portal Miejski Gliwice","publisher":{"@id":"https:\/\/www.24gliwice.pl\/wiadomosci\/#organization"},"potentialAction":[{"@type":"SearchAction","target":{"@type":"EntryPoint","urlTemplate":"https:\/\/www.24gliwice.pl\/wiadomosci\/?s={search_term_string}"},"query-input":{"@type":"PropertyValueSpecification","valueRequired":true,"valueName":"search_term_string"}}],"inLanguage":"pl-PL"},{"@type":"Organization","@id":"https:\/\/www.24gliwice.pl\/wiadomosci\/#organization","name":"24gliwice","url":"https:\/\/www.24gliwice.pl\/wiadomosci\/","logo":{"@type":"ImageObject","inLanguage":"pl-PL","@id":"https:\/\/www.24gliwice.pl\/wiadomosci\/#\/schema\/logo\/image\/","url":"https:\/\/www.24gliwice.pl\/wiadomosci\/wp-content\/uploads\/2024\/10\/24gliwice-logo-696.jpg","contentUrl":"https:\/\/www.24gliwice.pl\/wiadomosci\/wp-content\/uploads\/2024\/10\/24gliwice-logo-696.jpg","width":696,"height":696,"caption":"24gliwice"},"image":{"@id":"https:\/\/www.24gliwice.pl\/wiadomosci\/#\/schema\/logo\/image\/"},"sameAs":["https:\/\/www.facebook.com\/24gliwice","https:\/\/x.com\/24gliwice","https:\/\/www.youtube.com\/@24gliwice"]},{"@type":"Person","@id":"https:\/\/www.24gliwice.pl\/wiadomosci\/#\/schema\/person\/e42c650edd7f2fa332be3811fb166b6e","name":"\u017baneta Mrozek-Siewierska","image":{"@type":"ImageObject","inLanguage":"pl-PL","@id":"https:\/\/secure.gravatar.com\/avatar\/1881429e9c64597c77ad7aef2d0a19be69a3253e57534d16aa15bf3a4d34a0a3?s=96&d=mm&r=g","url":"https:\/\/secure.gravatar.com\/avatar\/1881429e9c64597c77ad7aef2d0a19be69a3253e57534d16aa15bf3a4d34a0a3?s=96&d=mm&r=g","contentUrl":"https:\/\/secure.gravatar.com\/avatar\/1881429e9c64597c77ad7aef2d0a19be69a3253e57534d16aa15bf3a4d34a0a3?s=96&d=mm&r=g","caption":"\u017baneta Mrozek-Siewierska"},"url":"https:\/\/www.24gliwice.pl\/wiadomosci\/author\/zms\/"}]}},"_links":{"self":[{"href":"https:\/\/www.24gliwice.pl\/wiadomosci\/wp-json\/wp\/v2\/posts\/115585","targetHints":{"allow":["GET"]}}],"collection":[{"href":"https:\/\/www.24gliwice.pl\/wiadomosci\/wp-json\/wp\/v2\/posts"}],"about":[{"href":"https:\/\/www.24gliwice.pl\/wiadomosci\/wp-json\/wp\/v2\/types\/post"}],"author":[{"embeddable":true,"href":"https:\/\/www.24gliwice.pl\/wiadomosci\/wp-json\/wp\/v2\/users\/15"}],"replies":[{"embeddable":true,"href":"https:\/\/www.24gliwice.pl\/wiadomosci\/wp-json\/wp\/v2\/comments?post=115585"}],"version-history":[{"count":0,"href":"https:\/\/www.24gliwice.pl\/wiadomosci\/wp-json\/wp\/v2\/posts\/115585\/revisions"}],"wp:featuredmedia":[{"embeddable":true,"href":"https:\/\/www.24gliwice.pl\/wiadomosci\/wp-json\/wp\/v2\/media\/115589"}],"wp:attachment":[{"href":"https:\/\/www.24gliwice.pl\/wiadomosci\/wp-json\/wp\/v2\/media?parent=115585"}],"wp:term":[{"taxonomy":"category","embeddable":true,"href":"https:\/\/www.24gliwice.pl\/wiadomosci\/wp-json\/wp\/v2\/categories?post=115585"},{"taxonomy":"post_tag","embeddable":true,"href":"https:\/\/www.24gliwice.pl\/wiadomosci\/wp-json\/wp\/v2\/tags?post=115585"}],"curies":[{"name":"wp","href":"https:\/\/api.w.org\/{rel}","templated":true}]}}