{"id":115679,"date":"2018-04-16T12:25:15","date_gmt":"2018-04-16T10:25:15","guid":{"rendered":"https:\/\/www.24gliwice.pl\/wiadomosci\/?p=115679"},"modified":"2018-04-17T02:35:36","modified_gmt":"2018-04-17T00:35:36","slug":"strefa-czystego-transportu-w-centrum-gliwic-teoretycznie-mozliwe-jest-jedno-ale","status":"publish","type":"post","link":"https:\/\/www.24gliwice.pl\/wiadomosci\/strefa-czystego-transportu-w-centrum-gliwic-teoretycznie-mozliwe-jest-jedno-ale\/","title":{"rendered":"Strefa czystego transportu w centrum Gliwic? Teoretycznie mo\u017cliwa, jest jedno ale&#8230;"},"content":{"rendered":"<div class=\"gliwi-a6-nad-leadem-artykulow gliwi-entity-placement\" id=\"gliwi-1614139515\"><div class=\"gliwi-adlabel\"><span style=\"font-size: 9px\">REKLAMA<\/span><\/div><div id=\"gliwi-221617750\" style=\"margin-bottom: 30px;margin-left: auto;margin-right: auto;text-align: center;\"><a data-no-instant=\"1\" href=\"https:\/\/przedszkole.halogen.org.pl\/\" rel=\"noopener\" class=\"a2t-link\" target=\"_blank\" aria-label=\"20260402-ANIMATOR-przedszkole_grafika_750x200\"><img loading=\"lazy\" decoding=\"async\" src=\"https:\/\/www.24gliwice.pl\/wiadomosci\/wp-content\/uploads\/2026\/04\/20260402-ANIMATOR-przedszkole_grafika_750x200.webp\" alt=\"\"  srcset=\"https:\/\/www.24gliwice.pl\/wiadomosci\/wp-content\/uploads\/2026\/04\/20260402-ANIMATOR-przedszkole_grafika_750x200.webp 750w, https:\/\/www.24gliwice.pl\/wiadomosci\/wp-content\/uploads\/2026\/04\/20260402-ANIMATOR-przedszkole_grafika_750x200-410x109.webp 410w\" sizes=\"(max-width: 750px) 100vw, 750px\" class=\"no-lazyload\" width=\"750\" height=\"200\"  style=\"display: inline-block; max-width: 100%; height: auto;\" \/><\/a><\/div><\/div><h3>W Gliwicach zarejestrowanych jest ponad 144 tysi\u0105ce pojazd\u00f3w, spo\u015br\u00f3d nich tylko 11 posiada nap\u0119d elektryczny. To zbyt ma\u0142o, by ustanowienie strefy czystego transportu w centrum mia\u0142o jakikolwiek sens &#8211; t\u0142umacz\u0105 urz\u0119dnicy.<\/h3>\n<p>W styczniu Sejm przyj\u0105\u0142 ustaw\u0119 o elektromobilno\u015bci i paliwach alternatywnych. Zgodnie z nowymi przepisami samorz\u0105dy mog\u0105 wprowadzi\u0107 w centrach miast tzw. strefy czystego transportu.<\/p>\n<p>Celem ustanowienia nowych przepis\u00f3w jest zmniejszenie zawarto\u015bci szkodliwych py\u0142\u00f3w i substancji w atmosferze na terenach mocno zurbanizowanych, poprzez ograniczenie wjazdu samochod\u00f3w nap\u0119dzanych tradycyjnymi rodzajami paliw, jak m.in. diesel czy benzyna. Za z\u0142amanie prawa w tym zakresie grozi kara grzywny do 500 z\u0142. <\/p><div class=\"gliwi-a3-w-tresci-artykulow gliwi-entity-placement\" id=\"gliwi-481036742\"><div class=\"gliwi-adlabel\"><span style=\"font-size: 9px\">REKLAMA<\/span><\/div><div id=\"gliwi-2968865847\" style=\"margin-bottom: 30px;margin-left: auto;margin-right: auto;text-align: center;\"><a data-no-instant=\"1\" href=\"https:\/\/ogrodyandersa.pl\/\" rel=\"noopener\" class=\"a2t-link\" target=\"_blank\" aria-label=\"20260415 Ogrody Andersa KUP TERAZ D\"><img loading=\"lazy\" decoding=\"async\" src=\"https:\/\/www.24gliwice.pl\/wiadomosci\/wp-content\/uploads\/2026\/04\/20260415-Ogrody-Andersa-KUP-TERAZ-D.jpg\" alt=\"\"  srcset=\"https:\/\/www.24gliwice.pl\/wiadomosci\/wp-content\/uploads\/2026\/04\/20260415-Ogrody-Andersa-KUP-TERAZ-D.jpg 750w, https:\/\/www.24gliwice.pl\/wiadomosci\/wp-content\/uploads\/2026\/04\/20260415-Ogrody-Andersa-KUP-TERAZ-D-410x109.jpg 410w\" sizes=\"(max-width: 750px) 100vw, 750px\" class=\"no-lazyload\" width=\"750\" height=\"200\"  style=\"display: inline-block; max-width: 100%; height: auto;\" \/><\/a><\/div><\/div>\n<p>Chocia\u017c wed\u0142ug raportu Najwy\u017cszej Izby Kontroli z 2014 roku, zanieczyszczenia komunikacyjne stanowi\u0105 5,4 do 7 % og\u00f3\u0142u zanieczyszcze\u0144, lokalnie w du\u017cych skupiskach zabudowa\u0144 ich udzia\u0142 mo\u017ce by\u0107 du\u017co wi\u0119kszy (np. 63% odnotowano w Warszawie). Gliwice, znajduj\u0105ce si\u0119 na jednym z wiod\u0105cych miejsc w kraju pod wzgl\u0119dem ilo\u015bci smogowych dni w roku (125 dni, za <a href=\"https:\/\/www.nik.gov.pl\/aktualnosci\/nik-o-ochronie-powietrza-przed-zanieczyszczeniami.html\" rel=\"noopener\" target=\"_blank\">nik.gov.pl<\/a>), mog\u0142yby zadba\u0107 o popraw\u0119 jako\u015bci powietrza w centrum poprzez wprowadzenie takich ogranicze\u0144, jednak w obecnej sytuacji by\u0142oby to bezzasadne &#8211; t\u0142umacz\u0105 urz\u0119dnicy. Do strefy czystego transportu mog\u0142oby bowiem wjecha\u0107 niewiele pojazd\u00f3w.<\/p>\n<blockquote><p>Z ewidencji wynika, \u017ce liczba zarejestrowanych pojazd\u00f3w zasilanych energi\u0105 elektryczn\u0105 w Gliwicach wynosi zaledwie&#8230; 11 (w tym 5 samochod\u00f3w osobowych i 6 motorower\u00f3w) przy liczbie 144 155 wszystkich zarejestrowanych pojazd\u00f3w<\/p><\/blockquote>\n<p>&#8211; informuje nas dyrektor ZDM, <strong>Anna Gilner<\/strong>.<\/p>\n<p>&#8211; Maj\u0105c na uwadze wskazan\u0105 powy\u017cej dysproporcj\u0119, ustanowienie strefy czystego transportu, do kt\u00f3rej wjazd zgodnie z za\u0142o\u017ceniami Ustawy z dnia 11 stycznia 2018 r. o elektromobilno\u015bci i paliwach alternatywnych (&#8230;) by\u0142by ograniczony wy\u0142\u0105cznie do pojazd\u00f3w elektrycznych, nap\u0119dzanych wodorem, gazem ziemnym czy wybranej grupy u\u017cytkownik\u00f3w (np. s\u0142u\u017cb ratunkowych, Policji, Inspekcji Transportu Drogowego, zarz\u0105dc\u00f3w dr\u00f3g, autobus\u00f3w zeroemisyjnych, autobus\u00f3w szkolnych, floty obs\u0142uguj\u0105cej Kancelari\u0119 Rady Ministr\u00f3w), wydaje si\u0119 by\u0107 w najbli\u017cszej perspektywie nieuzasadnione &#8211; dodaje Anna Gilner.<\/p>\n<p>\u017baneta Mrozek-Siewierska<br \/>\nfotomonta\u017c: 24gliwice<\/p>\n<div class=\"gliwi-a5-na-koncu-artykulow gliwi-entity-placement\" id=\"gliwi-3026582723\"><div class=\"gliwi-adlabel\"><span style=\"font-size: 9px\">REKLAMA<\/span><\/div><div id=\"gliwi-2096908205\" style=\"margin-left: auto;margin-right: auto;text-align: center;\"><a data-no-instant=\"1\" href=\"https:\/\/www.jasek.pl\/\" rel=\"noopener\" class=\"a2t-link\" target=\"_blank\" aria-label=\"20200401-jasek 600\"><img loading=\"lazy\" decoding=\"async\" src=\"https:\/\/www.24gliwice.pl\/wiadomosci\/wp-content\/uploads\/2020\/04\/20200401-jasek-600.jpg\" alt=\"\"  srcset=\"https:\/\/www.24gliwice.pl\/wiadomosci\/wp-content\/uploads\/2020\/04\/20200401-jasek-600.jpg 600w, https:\/\/www.24gliwice.pl\/wiadomosci\/wp-content\/uploads\/2020\/04\/20200401-jasek-600-410x109.jpg 410w\" sizes=\"(max-width: 600px) 100vw, 600px\" class=\"no-lazyload\" width=\"600\" height=\"160\"  style=\"display: inline-block; max-width: 100%; height: auto;\" \/><\/a><\/div><\/div>","protected":false},"excerpt":{"rendered":"<p>W Gliwicach zarejestrowanych jest ponad 144 tysi\u0105ce pojazd\u00f3w, spo\u015br\u00f3d nich tylko 11 posiada nap\u0119d elektryczny. To zbyt ma\u0142o, by ustanowienie strefy czystego transportu w centrum mia\u0142o jakikolwiek sens &#8211; t\u0142umacz\u0105 urz\u0119dnicy. W styczniu Sejm przyj\u0105\u0142 ustaw\u0119 o elektromobilno\u015bci i paliwach alternatywnych. Zgodnie z nowymi przepisami samorz\u0105dy mog\u0105 wprowadzi\u0107 w centrach miast tzw. strefy czystego transportu. [&hellip;]<\/p>\n","protected":false},"author":15,"featured_media":115775,"comment_status":"open","ping_status":"closed","sticky":false,"template":"","format":"standard","meta":{"_monsterinsights_skip_tracking":false,"_monsterinsights_sitenote_active":false,"_monsterinsights_sitenote_note":"","_monsterinsights_sitenote_category":0,"footnotes":"","_links_to":"","_links_to_target":""},"categories":[3,1,9],"tags":[8686,9013,10698,8204,10178,12082,12100,10693,12101,9437,8318],"class_list":["post-115679","post","type-post","status-publish","format-standard","has-post-thumbnail","hentry","category-gliwice","category-wszystko","category-aktualnosci_lokalne","tag-centrum","tag-pm-10","tag-pm-2","tag-smog","tag-spaliny","tag-srodmiescie","tag-strefa-czystego-transportu","tag-woonerf","tag-zakaz-ruchu","tag-zakaz-wjazdu","tag-zanieczyszczenie-powietrza"],"yoast_head":"<!-- This site is optimized with the Yoast SEO plugin v27.5 - https:\/\/yoast.com\/product\/yoast-seo-wordpress\/ -->\n<title>Strefa czystego transportu w centrum Gliwic? Teoretycznie mo\u017cliwa, jest jedno ale... - 24GLIWICE - Portal Gliwice | codziennie nowe informacje<\/title>\n<meta name=\"robots\" content=\"index, follow, max-snippet:-1, max-image-preview:large, max-video-preview:-1\" \/>\n<link rel=\"canonical\" href=\"https:\/\/www.24gliwice.pl\/wiadomosci\/strefa-czystego-transportu-w-centrum-gliwic-teoretycznie-mozliwe-jest-jedno-ale\/\" \/>\n<meta property=\"og:locale\" content=\"pl_PL\" \/>\n<meta property=\"og:type\" content=\"article\" \/>\n<meta property=\"og:title\" content=\"Strefa czystego transportu w centrum Gliwic? Teoretycznie mo\u017cliwa, jest jedno ale... - 24GLIWICE - Portal Gliwice | codziennie nowe informacje\" \/>\n<meta property=\"og:description\" content=\"W Gliwicach zarejestrowanych jest ponad 144 tysi\u0105ce pojazd\u00f3w, spo\u015br\u00f3d nich tylko 11 posiada nap\u0119d elektryczny. To zbyt ma\u0142o, by ustanowienie strefy czystego transportu w centrum mia\u0142o jakikolwiek sens &#8211; t\u0142umacz\u0105 urz\u0119dnicy. W styczniu Sejm przyj\u0105\u0142 ustaw\u0119 o elektromobilno\u015bci i paliwach alternatywnych. Zgodnie z nowymi przepisami samorz\u0105dy mog\u0105 wprowadzi\u0107 w centrach miast tzw. strefy czystego transportu. [&hellip;]\" \/>\n<meta property=\"og:url\" content=\"https:\/\/www.24gliwice.pl\/wiadomosci\/strefa-czystego-transportu-w-centrum-gliwic-teoretycznie-mozliwe-jest-jedno-ale\/\" \/>\n<meta property=\"og:site_name\" content=\"24GLIWICE - Portal Gliwice | codziennie nowe informacje\" \/>\n<meta property=\"article:publisher\" content=\"https:\/\/www.facebook.com\/24gliwice\" \/>\n<meta property=\"article:published_time\" content=\"2018-04-16T10:25:15+00:00\" \/>\n<meta property=\"article:modified_time\" content=\"2018-04-17T00:35:36+00:00\" \/>\n<meta property=\"og:image\" content=\"https:\/\/www.24gliwice.pl\/wiadomosci\/wp-content\/uploads\/2018\/04\/1-strefa-czystego-ruchu-001.jpg\" \/>\n\t<meta property=\"og:image:width\" content=\"810\" \/>\n\t<meta property=\"og:image:height\" content=\"459\" \/>\n\t<meta property=\"og:image:type\" content=\"image\/jpeg\" \/>\n<meta name=\"author\" content=\"\u017baneta Mrozek-Siewierska\" \/>\n<meta name=\"twitter:card\" content=\"summary_large_image\" \/>\n<meta name=\"twitter:creator\" content=\"@24gliwice\" \/>\n<meta name=\"twitter:site\" content=\"@24gliwice\" \/>\n<meta name=\"twitter:label1\" content=\"Napisane przez\" \/>\n\t<meta name=\"twitter:data1\" content=\"\u017baneta Mrozek-Siewierska\" \/>\n\t<meta name=\"twitter:label2\" content=\"Szacowany czas czytania\" \/>\n\t<meta name=\"twitter:data2\" content=\"2 minuty\" \/>\n<script type=\"application\/ld+json\" class=\"yoast-schema-graph\">{\"@context\":\"https:\\\/\\\/schema.org\",\"@graph\":[{\"@type\":\"Article\",\"@id\":\"https:\\\/\\\/www.24gliwice.pl\\\/wiadomosci\\\/strefa-czystego-transportu-w-centrum-gliwic-teoretycznie-mozliwe-jest-jedno-ale\\\/#article\",\"isPartOf\":{\"@id\":\"https:\\\/\\\/www.24gliwice.pl\\\/wiadomosci\\\/strefa-czystego-transportu-w-centrum-gliwic-teoretycznie-mozliwe-jest-jedno-ale\\\/\"},\"author\":{\"name\":\"\u017baneta Mrozek-Siewierska\",\"@id\":\"https:\\\/\\\/www.24gliwice.pl\\\/wiadomosci\\\/#\\\/schema\\\/person\\\/e42c650edd7f2fa332be3811fb166b6e\"},\"headline\":\"Strefa czystego transportu w centrum Gliwic? Teoretycznie mo\u017cliwa, jest jedno ale&#8230;\",\"datePublished\":\"2018-04-16T10:25:15+00:00\",\"dateModified\":\"2018-04-17T00:35:36+00:00\",\"mainEntityOfPage\":{\"@id\":\"https:\\\/\\\/www.24gliwice.pl\\\/wiadomosci\\\/strefa-czystego-transportu-w-centrum-gliwic-teoretycznie-mozliwe-jest-jedno-ale\\\/\"},\"wordCount\":357,\"commentCount\":0,\"publisher\":{\"@id\":\"https:\\\/\\\/www.24gliwice.pl\\\/wiadomosci\\\/#organization\"},\"image\":{\"@id\":\"https:\\\/\\\/www.24gliwice.pl\\\/wiadomosci\\\/strefa-czystego-transportu-w-centrum-gliwic-teoretycznie-mozliwe-jest-jedno-ale\\\/#primaryimage\"},\"thumbnailUrl\":\"https:\\\/\\\/www.24gliwice.pl\\\/wiadomosci\\\/wp-content\\\/uploads\\\/2018\\\/04\\\/1-strefa-czystego-ruchu-001.jpg\",\"keywords\":[\"centrum\",\"pm 10\",\"pm 2\",\"SMOG\",\"spaliny\",\"\u015br\u00f3dmie\u015bcie\",\"strefa czystego transportu\",\"WOONERF\",\"zakaz ruchu\",\"zakaz wjazdu\",\"zanieczyszczenie powietrza\"],\"articleSection\":[\"Gliwice\",\"Najnowsze wiadomo\u015bci\",\"Portal Gliwice - Wiadomo\u015bci lokalne\"],\"inLanguage\":\"pl-PL\",\"potentialAction\":[{\"@type\":\"CommentAction\",\"name\":\"Comment\",\"target\":[\"https:\\\/\\\/www.24gliwice.pl\\\/wiadomosci\\\/strefa-czystego-transportu-w-centrum-gliwic-teoretycznie-mozliwe-jest-jedno-ale\\\/#respond\"]}]},{\"@type\":\"WebPage\",\"@id\":\"https:\\\/\\\/www.24gliwice.pl\\\/wiadomosci\\\/strefa-czystego-transportu-w-centrum-gliwic-teoretycznie-mozliwe-jest-jedno-ale\\\/\",\"url\":\"https:\\\/\\\/www.24gliwice.pl\\\/wiadomosci\\\/strefa-czystego-transportu-w-centrum-gliwic-teoretycznie-mozliwe-jest-jedno-ale\\\/\",\"name\":\"Strefa czystego transportu w centrum Gliwic? Teoretycznie mo\u017cliwa, jest jedno ale... - 24GLIWICE - Portal Gliwice | codziennie nowe informacje\",\"isPartOf\":{\"@id\":\"https:\\\/\\\/www.24gliwice.pl\\\/wiadomosci\\\/#website\"},\"primaryImageOfPage\":{\"@id\":\"https:\\\/\\\/www.24gliwice.pl\\\/wiadomosci\\\/strefa-czystego-transportu-w-centrum-gliwic-teoretycznie-mozliwe-jest-jedno-ale\\\/#primaryimage\"},\"image\":{\"@id\":\"https:\\\/\\\/www.24gliwice.pl\\\/wiadomosci\\\/strefa-czystego-transportu-w-centrum-gliwic-teoretycznie-mozliwe-jest-jedno-ale\\\/#primaryimage\"},\"thumbnailUrl\":\"https:\\\/\\\/www.24gliwice.pl\\\/wiadomosci\\\/wp-content\\\/uploads\\\/2018\\\/04\\\/1-strefa-czystego-ruchu-001.jpg\",\"datePublished\":\"2018-04-16T10:25:15+00:00\",\"dateModified\":\"2018-04-17T00:35:36+00:00\",\"breadcrumb\":{\"@id\":\"https:\\\/\\\/www.24gliwice.pl\\\/wiadomosci\\\/strefa-czystego-transportu-w-centrum-gliwic-teoretycznie-mozliwe-jest-jedno-ale\\\/#breadcrumb\"},\"inLanguage\":\"pl-PL\",\"potentialAction\":[{\"@type\":\"ReadAction\",\"target\":[\"https:\\\/\\\/www.24gliwice.pl\\\/wiadomosci\\\/strefa-czystego-transportu-w-centrum-gliwic-teoretycznie-mozliwe-jest-jedno-ale\\\/\"]}]},{\"@type\":\"ImageObject\",\"inLanguage\":\"pl-PL\",\"@id\":\"https:\\\/\\\/www.24gliwice.pl\\\/wiadomosci\\\/strefa-czystego-transportu-w-centrum-gliwic-teoretycznie-mozliwe-jest-jedno-ale\\\/#primaryimage\",\"url\":\"https:\\\/\\\/www.24gliwice.pl\\\/wiadomosci\\\/wp-content\\\/uploads\\\/2018\\\/04\\\/1-strefa-czystego-ruchu-001.jpg\",\"contentUrl\":\"https:\\\/\\\/www.24gliwice.pl\\\/wiadomosci\\\/wp-content\\\/uploads\\\/2018\\\/04\\\/1-strefa-czystego-ruchu-001.jpg\",\"width\":810,\"height\":459},{\"@type\":\"BreadcrumbList\",\"@id\":\"https:\\\/\\\/www.24gliwice.pl\\\/wiadomosci\\\/strefa-czystego-transportu-w-centrum-gliwic-teoretycznie-mozliwe-jest-jedno-ale\\\/#breadcrumb\",\"itemListElement\":[{\"@type\":\"ListItem\",\"position\":1,\"name\":\"Strona g\u0142\u00f3wna\",\"item\":\"https:\\\/\\\/www.24gliwice.pl\\\/wiadomosci\\\/\"},{\"@type\":\"ListItem\",\"position\":2,\"name\":\"Strefa czystego transportu w centrum Gliwic? Teoretycznie mo\u017cliwa, jest jedno ale&#8230;\"}]},{\"@type\":\"WebSite\",\"@id\":\"https:\\\/\\\/www.24gliwice.pl\\\/wiadomosci\\\/#website\",\"url\":\"https:\\\/\\\/www.24gliwice.pl\\\/wiadomosci\\\/\",\"name\":\"24GLIWICE - Portal Gliwice | codziennie nowe wiadomo\u015bci\",\"description\":\"Portal Miejski Gliwice\",\"publisher\":{\"@id\":\"https:\\\/\\\/www.24gliwice.pl\\\/wiadomosci\\\/#organization\"},\"potentialAction\":[{\"@type\":\"SearchAction\",\"target\":{\"@type\":\"EntryPoint\",\"urlTemplate\":\"https:\\\/\\\/www.24gliwice.pl\\\/wiadomosci\\\/?s={search_term_string}\"},\"query-input\":{\"@type\":\"PropertyValueSpecification\",\"valueRequired\":true,\"valueName\":\"search_term_string\"}}],\"inLanguage\":\"pl-PL\"},{\"@type\":\"Organization\",\"@id\":\"https:\\\/\\\/www.24gliwice.pl\\\/wiadomosci\\\/#organization\",\"name\":\"24gliwice\",\"url\":\"https:\\\/\\\/www.24gliwice.pl\\\/wiadomosci\\\/\",\"logo\":{\"@type\":\"ImageObject\",\"inLanguage\":\"pl-PL\",\"@id\":\"https:\\\/\\\/www.24gliwice.pl\\\/wiadomosci\\\/#\\\/schema\\\/logo\\\/image\\\/\",\"url\":\"https:\\\/\\\/www.24gliwice.pl\\\/wiadomosci\\\/wp-content\\\/uploads\\\/2024\\\/10\\\/24gliwice-logo-696.jpg\",\"contentUrl\":\"https:\\\/\\\/www.24gliwice.pl\\\/wiadomosci\\\/wp-content\\\/uploads\\\/2024\\\/10\\\/24gliwice-logo-696.jpg\",\"width\":696,\"height\":696,\"caption\":\"24gliwice\"},\"image\":{\"@id\":\"https:\\\/\\\/www.24gliwice.pl\\\/wiadomosci\\\/#\\\/schema\\\/logo\\\/image\\\/\"},\"sameAs\":[\"https:\\\/\\\/www.facebook.com\\\/24gliwice\",\"https:\\\/\\\/x.com\\\/24gliwice\",\"https:\\\/\\\/www.youtube.com\\\/@24gliwice\"]},{\"@type\":\"Person\",\"@id\":\"https:\\\/\\\/www.24gliwice.pl\\\/wiadomosci\\\/#\\\/schema\\\/person\\\/e42c650edd7f2fa332be3811fb166b6e\",\"name\":\"\u017baneta Mrozek-Siewierska\",\"image\":{\"@type\":\"ImageObject\",\"inLanguage\":\"pl-PL\",\"@id\":\"https:\\\/\\\/secure.gravatar.com\\\/avatar\\\/1881429e9c64597c77ad7aef2d0a19be69a3253e57534d16aa15bf3a4d34a0a3?s=96&d=mm&r=g\",\"url\":\"https:\\\/\\\/secure.gravatar.com\\\/avatar\\\/1881429e9c64597c77ad7aef2d0a19be69a3253e57534d16aa15bf3a4d34a0a3?s=96&d=mm&r=g\",\"contentUrl\":\"https:\\\/\\\/secure.gravatar.com\\\/avatar\\\/1881429e9c64597c77ad7aef2d0a19be69a3253e57534d16aa15bf3a4d34a0a3?s=96&d=mm&r=g\",\"caption\":\"\u017baneta Mrozek-Siewierska\"},\"url\":\"https:\\\/\\\/www.24gliwice.pl\\\/wiadomosci\\\/author\\\/zms\\\/\"}]}<\/script>\n<!-- \/ Yoast SEO plugin. -->","yoast_head_json":{"title":"Strefa czystego transportu w centrum Gliwic? Teoretycznie mo\u017cliwa, jest jedno ale... - 24GLIWICE - Portal Gliwice | codziennie nowe informacje","robots":{"index":"index","follow":"follow","max-snippet":"max-snippet:-1","max-image-preview":"max-image-preview:large","max-video-preview":"max-video-preview:-1"},"canonical":"https:\/\/www.24gliwice.pl\/wiadomosci\/strefa-czystego-transportu-w-centrum-gliwic-teoretycznie-mozliwe-jest-jedno-ale\/","og_locale":"pl_PL","og_type":"article","og_title":"Strefa czystego transportu w centrum Gliwic? Teoretycznie mo\u017cliwa, jest jedno ale... - 24GLIWICE - Portal Gliwice | codziennie nowe informacje","og_description":"W Gliwicach zarejestrowanych jest ponad 144 tysi\u0105ce pojazd\u00f3w, spo\u015br\u00f3d nich tylko 11 posiada nap\u0119d elektryczny. To zbyt ma\u0142o, by ustanowienie strefy czystego transportu w centrum mia\u0142o jakikolwiek sens &#8211; t\u0142umacz\u0105 urz\u0119dnicy. W styczniu Sejm przyj\u0105\u0142 ustaw\u0119 o elektromobilno\u015bci i paliwach alternatywnych. Zgodnie z nowymi przepisami samorz\u0105dy mog\u0105 wprowadzi\u0107 w centrach miast tzw. strefy czystego transportu. [&hellip;]","og_url":"https:\/\/www.24gliwice.pl\/wiadomosci\/strefa-czystego-transportu-w-centrum-gliwic-teoretycznie-mozliwe-jest-jedno-ale\/","og_site_name":"24GLIWICE - Portal Gliwice | codziennie nowe informacje","article_publisher":"https:\/\/www.facebook.com\/24gliwice","article_published_time":"2018-04-16T10:25:15+00:00","article_modified_time":"2018-04-17T00:35:36+00:00","og_image":[{"width":810,"height":459,"url":"https:\/\/www.24gliwice.pl\/wiadomosci\/wp-content\/uploads\/2018\/04\/1-strefa-czystego-ruchu-001.jpg","type":"image\/jpeg"}],"author":"\u017baneta Mrozek-Siewierska","twitter_card":"summary_large_image","twitter_creator":"@24gliwice","twitter_site":"@24gliwice","twitter_misc":{"Napisane przez":"\u017baneta Mrozek-Siewierska","Szacowany czas czytania":"2 minuty"},"schema":{"@context":"https:\/\/schema.org","@graph":[{"@type":"Article","@id":"https:\/\/www.24gliwice.pl\/wiadomosci\/strefa-czystego-transportu-w-centrum-gliwic-teoretycznie-mozliwe-jest-jedno-ale\/#article","isPartOf":{"@id":"https:\/\/www.24gliwice.pl\/wiadomosci\/strefa-czystego-transportu-w-centrum-gliwic-teoretycznie-mozliwe-jest-jedno-ale\/"},"author":{"name":"\u017baneta Mrozek-Siewierska","@id":"https:\/\/www.24gliwice.pl\/wiadomosci\/#\/schema\/person\/e42c650edd7f2fa332be3811fb166b6e"},"headline":"Strefa czystego transportu w centrum Gliwic? Teoretycznie mo\u017cliwa, jest jedno ale&#8230;","datePublished":"2018-04-16T10:25:15+00:00","dateModified":"2018-04-17T00:35:36+00:00","mainEntityOfPage":{"@id":"https:\/\/www.24gliwice.pl\/wiadomosci\/strefa-czystego-transportu-w-centrum-gliwic-teoretycznie-mozliwe-jest-jedno-ale\/"},"wordCount":357,"commentCount":0,"publisher":{"@id":"https:\/\/www.24gliwice.pl\/wiadomosci\/#organization"},"image":{"@id":"https:\/\/www.24gliwice.pl\/wiadomosci\/strefa-czystego-transportu-w-centrum-gliwic-teoretycznie-mozliwe-jest-jedno-ale\/#primaryimage"},"thumbnailUrl":"https:\/\/www.24gliwice.pl\/wiadomosci\/wp-content\/uploads\/2018\/04\/1-strefa-czystego-ruchu-001.jpg","keywords":["centrum","pm 10","pm 2","SMOG","spaliny","\u015br\u00f3dmie\u015bcie","strefa czystego transportu","WOONERF","zakaz ruchu","zakaz wjazdu","zanieczyszczenie powietrza"],"articleSection":["Gliwice","Najnowsze wiadomo\u015bci","Portal Gliwice - Wiadomo\u015bci lokalne"],"inLanguage":"pl-PL","potentialAction":[{"@type":"CommentAction","name":"Comment","target":["https:\/\/www.24gliwice.pl\/wiadomosci\/strefa-czystego-transportu-w-centrum-gliwic-teoretycznie-mozliwe-jest-jedno-ale\/#respond"]}]},{"@type":"WebPage","@id":"https:\/\/www.24gliwice.pl\/wiadomosci\/strefa-czystego-transportu-w-centrum-gliwic-teoretycznie-mozliwe-jest-jedno-ale\/","url":"https:\/\/www.24gliwice.pl\/wiadomosci\/strefa-czystego-transportu-w-centrum-gliwic-teoretycznie-mozliwe-jest-jedno-ale\/","name":"Strefa czystego transportu w centrum Gliwic? Teoretycznie mo\u017cliwa, jest jedno ale... - 24GLIWICE - Portal Gliwice | codziennie nowe informacje","isPartOf":{"@id":"https:\/\/www.24gliwice.pl\/wiadomosci\/#website"},"primaryImageOfPage":{"@id":"https:\/\/www.24gliwice.pl\/wiadomosci\/strefa-czystego-transportu-w-centrum-gliwic-teoretycznie-mozliwe-jest-jedno-ale\/#primaryimage"},"image":{"@id":"https:\/\/www.24gliwice.pl\/wiadomosci\/strefa-czystego-transportu-w-centrum-gliwic-teoretycznie-mozliwe-jest-jedno-ale\/#primaryimage"},"thumbnailUrl":"https:\/\/www.24gliwice.pl\/wiadomosci\/wp-content\/uploads\/2018\/04\/1-strefa-czystego-ruchu-001.jpg","datePublished":"2018-04-16T10:25:15+00:00","dateModified":"2018-04-17T00:35:36+00:00","breadcrumb":{"@id":"https:\/\/www.24gliwice.pl\/wiadomosci\/strefa-czystego-transportu-w-centrum-gliwic-teoretycznie-mozliwe-jest-jedno-ale\/#breadcrumb"},"inLanguage":"pl-PL","potentialAction":[{"@type":"ReadAction","target":["https:\/\/www.24gliwice.pl\/wiadomosci\/strefa-czystego-transportu-w-centrum-gliwic-teoretycznie-mozliwe-jest-jedno-ale\/"]}]},{"@type":"ImageObject","inLanguage":"pl-PL","@id":"https:\/\/www.24gliwice.pl\/wiadomosci\/strefa-czystego-transportu-w-centrum-gliwic-teoretycznie-mozliwe-jest-jedno-ale\/#primaryimage","url":"https:\/\/www.24gliwice.pl\/wiadomosci\/wp-content\/uploads\/2018\/04\/1-strefa-czystego-ruchu-001.jpg","contentUrl":"https:\/\/www.24gliwice.pl\/wiadomosci\/wp-content\/uploads\/2018\/04\/1-strefa-czystego-ruchu-001.jpg","width":810,"height":459},{"@type":"BreadcrumbList","@id":"https:\/\/www.24gliwice.pl\/wiadomosci\/strefa-czystego-transportu-w-centrum-gliwic-teoretycznie-mozliwe-jest-jedno-ale\/#breadcrumb","itemListElement":[{"@type":"ListItem","position":1,"name":"Strona g\u0142\u00f3wna","item":"https:\/\/www.24gliwice.pl\/wiadomosci\/"},{"@type":"ListItem","position":2,"name":"Strefa czystego transportu w centrum Gliwic? Teoretycznie mo\u017cliwa, jest jedno ale&#8230;"}]},{"@type":"WebSite","@id":"https:\/\/www.24gliwice.pl\/wiadomosci\/#website","url":"https:\/\/www.24gliwice.pl\/wiadomosci\/","name":"24GLIWICE - Portal Gliwice | codziennie nowe wiadomo\u015bci","description":"Portal Miejski Gliwice","publisher":{"@id":"https:\/\/www.24gliwice.pl\/wiadomosci\/#organization"},"potentialAction":[{"@type":"SearchAction","target":{"@type":"EntryPoint","urlTemplate":"https:\/\/www.24gliwice.pl\/wiadomosci\/?s={search_term_string}"},"query-input":{"@type":"PropertyValueSpecification","valueRequired":true,"valueName":"search_term_string"}}],"inLanguage":"pl-PL"},{"@type":"Organization","@id":"https:\/\/www.24gliwice.pl\/wiadomosci\/#organization","name":"24gliwice","url":"https:\/\/www.24gliwice.pl\/wiadomosci\/","logo":{"@type":"ImageObject","inLanguage":"pl-PL","@id":"https:\/\/www.24gliwice.pl\/wiadomosci\/#\/schema\/logo\/image\/","url":"https:\/\/www.24gliwice.pl\/wiadomosci\/wp-content\/uploads\/2024\/10\/24gliwice-logo-696.jpg","contentUrl":"https:\/\/www.24gliwice.pl\/wiadomosci\/wp-content\/uploads\/2024\/10\/24gliwice-logo-696.jpg","width":696,"height":696,"caption":"24gliwice"},"image":{"@id":"https:\/\/www.24gliwice.pl\/wiadomosci\/#\/schema\/logo\/image\/"},"sameAs":["https:\/\/www.facebook.com\/24gliwice","https:\/\/x.com\/24gliwice","https:\/\/www.youtube.com\/@24gliwice"]},{"@type":"Person","@id":"https:\/\/www.24gliwice.pl\/wiadomosci\/#\/schema\/person\/e42c650edd7f2fa332be3811fb166b6e","name":"\u017baneta Mrozek-Siewierska","image":{"@type":"ImageObject","inLanguage":"pl-PL","@id":"https:\/\/secure.gravatar.com\/avatar\/1881429e9c64597c77ad7aef2d0a19be69a3253e57534d16aa15bf3a4d34a0a3?s=96&d=mm&r=g","url":"https:\/\/secure.gravatar.com\/avatar\/1881429e9c64597c77ad7aef2d0a19be69a3253e57534d16aa15bf3a4d34a0a3?s=96&d=mm&r=g","contentUrl":"https:\/\/secure.gravatar.com\/avatar\/1881429e9c64597c77ad7aef2d0a19be69a3253e57534d16aa15bf3a4d34a0a3?s=96&d=mm&r=g","caption":"\u017baneta Mrozek-Siewierska"},"url":"https:\/\/www.24gliwice.pl\/wiadomosci\/author\/zms\/"}]}},"_links":{"self":[{"href":"https:\/\/www.24gliwice.pl\/wiadomosci\/wp-json\/wp\/v2\/posts\/115679","targetHints":{"allow":["GET"]}}],"collection":[{"href":"https:\/\/www.24gliwice.pl\/wiadomosci\/wp-json\/wp\/v2\/posts"}],"about":[{"href":"https:\/\/www.24gliwice.pl\/wiadomosci\/wp-json\/wp\/v2\/types\/post"}],"author":[{"embeddable":true,"href":"https:\/\/www.24gliwice.pl\/wiadomosci\/wp-json\/wp\/v2\/users\/15"}],"replies":[{"embeddable":true,"href":"https:\/\/www.24gliwice.pl\/wiadomosci\/wp-json\/wp\/v2\/comments?post=115679"}],"version-history":[{"count":0,"href":"https:\/\/www.24gliwice.pl\/wiadomosci\/wp-json\/wp\/v2\/posts\/115679\/revisions"}],"wp:featuredmedia":[{"embeddable":true,"href":"https:\/\/www.24gliwice.pl\/wiadomosci\/wp-json\/wp\/v2\/media\/115775"}],"wp:attachment":[{"href":"https:\/\/www.24gliwice.pl\/wiadomosci\/wp-json\/wp\/v2\/media?parent=115679"}],"wp:term":[{"taxonomy":"category","embeddable":true,"href":"https:\/\/www.24gliwice.pl\/wiadomosci\/wp-json\/wp\/v2\/categories?post=115679"},{"taxonomy":"post_tag","embeddable":true,"href":"https:\/\/www.24gliwice.pl\/wiadomosci\/wp-json\/wp\/v2\/tags?post=115679"}],"curies":[{"name":"wp","href":"https:\/\/api.w.org\/{rel}","templated":true}]}}