{"id":115713,"date":"2018-04-14T02:11:20","date_gmt":"2018-04-14T00:11:20","guid":{"rendered":"https:\/\/www.24gliwice.pl\/wiadomosci\/?p=115713"},"modified":"2018-04-14T02:13:34","modified_gmt":"2018-04-14T00:13:34","slug":"remont-katedry-piotra-i-pawla-bartlomieja","status":"publish","type":"post","link":"https:\/\/www.24gliwice.pl\/wiadomosci\/remont-katedry-piotra-i-pawla-bartlomieja\/","title":{"rendered":"Miasto dofinansuje remont dw\u00f3ch ko\u015bcio\u0142\u00f3w. To cenne zabytki wymagaj\u0105ce sporych nak\u0142ad\u00f3w"},"content":{"rendered":"<div class=\"gliwi-a6-nad-leadem-artykulow gliwi-entity-placement\" id=\"gliwi-506248905\"><div class=\"gliwi-adlabel\"><span style=\"font-size: 9px\">REKLAMA<\/span><\/div><div id=\"gliwi-447585267\" style=\"margin-bottom: 25px;margin-left: auto;margin-right: auto;text-align: center;\"><a data-no-instant=\"1\" href=\"https:\/\/dom100.eu\/\" rel=\"noopener\" class=\"a2t-link\" target=\"_blank\" aria-label=\"20260415 DOM100 D\"><img loading=\"lazy\" decoding=\"async\" src=\"https:\/\/www.24gliwice.pl\/wiadomosci\/wp-content\/uploads\/2026\/04\/20260415-DOM100-D.jpg\" alt=\"\"  srcset=\"https:\/\/www.24gliwice.pl\/wiadomosci\/wp-content\/uploads\/2026\/04\/20260415-DOM100-D.jpg 750w, https:\/\/www.24gliwice.pl\/wiadomosci\/wp-content\/uploads\/2026\/04\/20260415-DOM100-D-410x109.jpg 410w\" sizes=\"(max-width: 750px) 100vw, 750px\" class=\"no-lazyload\" width=\"750\" height=\"200\"  style=\"display: inline-block; max-width: 100%; height: auto;\" \/><\/a><\/div><\/div><h3>300 tys. z\u0142 zamierza przeznaczy\u0107 miasto na dofinansowanie koniecznych remont\u00f3w w dw\u00f3ch zabytkowych gliwickich \u015bwi\u0105tyniach. Og\u00f3\u0142em w ostatnich latach na ten cel z miejskiego bud\u017cetu przeznaczono blisko 3,5 mln z\u0142.<\/h3>\n<p>W tym roku \u015brodki zostan\u0105 przekazane na dofinansowanie remontu elewacji prezbiterium ko\u015bcio\u0142a katedralnego pw. \u015bw. Aposto\u0142\u00f3w Piotra i Paw\u0142a oraz remontu konserwatorskiego i odbudowy murowanego ogrodzenia ko\u015bcio\u0142a rektorskiego pw. \u015bw. Bart\u0142omieja przy ul. Toszeckiej. Ka\u017cda z parafii na konieczne modernizacje otrzyma po 150 tys. z\u0142.<\/p>\n[perfectpullquote align=&#8221;full&#8221; bordertop=&#8221;false&#8221; cite=&#8221;&#8221; link=&#8221;&#8221; color=&#8221;&#8221; class=&#8221;&#8221; size=&#8221;&#8221;]Obydwa obiekty s\u0105 wpisane do rejestru zabytk\u00f3w i w\u0142a\u015bnie ten wpis umo\u017cliwia samorz\u0105dowi przekazywanie dotacji z bud\u017cetu miejskiego. [\/perfectpullquote]\n<p>Remont gliwickiej katedry trwa w etapach od po\u0142owy minionej dekady. B\u0119dzie kontynuowany jeszcze przez kilka kolejnych lat. <strong>Wed\u0142ug kosztorysu przygotowanego w 2013 roku ca\u0142kowity koszt prac wyniesie oko\u0142o 17 mln z\u0142.<\/strong><\/p><div class=\"gliwi-a3-w-tresci-artykulow gliwi-entity-placement\" id=\"gliwi-2695046430\"><div class=\"gliwi-adlabel\"><span style=\"font-size: 9px\">REKLAMA<\/span><\/div><div id=\"gliwi-2179632724\" style=\"margin-bottom: 30px;margin-left: auto;margin-right: auto;text-align: center;\"><a data-no-instant=\"1\" href=\"https:\/\/zlobek.halogen.org.pl\/\" rel=\"noopener\" class=\"a2t-link\" target=\"_blank\" aria-label=\"animator-zlobek_750x200\"><img loading=\"lazy\" decoding=\"async\" src=\"https:\/\/www.24gliwice.pl\/wiadomosci\/wp-content\/uploads\/2026\/02\/animator-zlobek_750x200.webp\" alt=\"\"  srcset=\"https:\/\/www.24gliwice.pl\/wiadomosci\/wp-content\/uploads\/2026\/02\/animator-zlobek_750x200.webp 750w, https:\/\/www.24gliwice.pl\/wiadomosci\/wp-content\/uploads\/2026\/02\/animator-zlobek_750x200-410x109.webp 410w\" sizes=\"(max-width: 750px) 100vw, 750px\" class=\"no-lazyload\" width=\"750\" height=\"200\"  style=\"display: inline-block; max-width: 100%; height: auto;\" \/><\/a><\/div><\/div>\n<p><iframe loading=\"lazy\" width=\"810\" height=\"456\" src=\"https:\/\/www.youtube.com\/embed\/qgST0u_zT2I\" frameborder=\"0\" allow=\"autoplay; encrypted-media\" allowfullscreen><\/iframe><\/p>\n<p>Przeprowadzone do tej pory renowacje (odnowienie zabytkowych organ\u00f3w, remont cz\u0119\u015bci elewacji wie\u017cy i cz\u0119\u015bci elewacji bocznych od strony p\u00f3\u0142nocnej i po\u0142udniowej, a tak\u017ce I i II etap remontu elewacji prezbiterium) poch\u0142on\u0119\u0142y ponad 1,5 mln z\u0142. Prace by\u0142y bardzo zaawansowane i skomplikowane. Cz\u0119\u015b\u0107 \u015brodk\u00f3w pochodzi\u0142a z miejskiego bud\u017cetu, cz\u0119\u015b\u0107 ze \u015brodk\u00f3w w\u0142asnych parafii. Miasto wspar\u0142o katedr\u0119 kwot\u0105 blisko miliona z\u0142otych.<\/p>\n<p>Planowane na 2018 r. prace budowlane obejmuj\u0105 remont konserwatorski cz\u0119\u015bci elewacji prezbiterium ko\u015bcio\u0142a od strony wschodniej, m.in. przemurowanie pinakli z uzupe\u0142nieniem kszta\u0142tek ceramicznych i tynk\u00f3w, napraw\u0119 lica ceglanego, oczyszczenie kamiennego coko\u0142u oraz prace dekarskie. W kolejnych latach parafia planuje przeprowadzi\u0107 dalszy remont elewacji prezbiterium.<\/p>\n[perfectpullquote align=&#8221;full&#8221; bordertop=&#8221;false&#8221; cite=&#8221;&#8221; link=&#8221;&#8221; color=&#8221;&#8221; class=&#8221;&#8221; size=&#8221;&#8221;]Takie samo wsparcie jak katedra otrzyma z miejskiego bud\u017cetu zabytkowy ko\u015bci\u00f3\u0142ek rektorski pw. \u015bw. Bart\u0142omieja \u2013 jeden z najstarszych obiekt\u00f3w sakralnych w Gliwicach. [\/perfectpullquote]\n<p>\u015arodki zostan\u0105 przeznaczone w tym roku na remont i odbudow\u0119 murowanego ogrodzenia \u015bwi\u0105tyni od strony po\u0142udniowej, wzd\u0142u\u017c dojazdu do s\u0105siednich nieruchomo\u015bci. Na cz\u0119\u015bci tego odcinka mur pe\u0142ni jednocze\u015bnie funkcj\u0119 masywnej \u015bciany oporowej (ze wzgl\u0119du na r\u00f3\u017cnic\u0119 poziomu terenu po obu jego stronach). To kolejny, sz\u00f3sty ju\u017c etap kompleksowej renowacji ogrodzenia zabytku przy ul. Toszeckiej.<\/p>\n<p><img loading=\"lazy\" decoding=\"async\" src=\"http:\/\/www.24gliwice.pl\/wiadomosci\/wp-content\/uploads\/2017\/05\/1-widok-na-odleg\u0142o\u015b\u0107.jpg\" alt=\"\" width=\"810\" height=\"456\" class=\"aligncenter size-full wp-image-99144\" srcset=\"https:\/\/www.24gliwice.pl\/wiadomosci\/wp-content\/uploads\/2017\/05\/1-widok-na-odleg\u0142o\u015b\u0107.jpg 810w, https:\/\/www.24gliwice.pl\/wiadomosci\/wp-content\/uploads\/2017\/05\/1-widok-na-odleg\u0142o\u015b\u0107-410x232.jpg 410w, https:\/\/www.24gliwice.pl\/wiadomosci\/wp-content\/uploads\/2017\/05\/1-widok-na-odleg\u0142o\u015b\u0107-768x432.jpg 768w, https:\/\/www.24gliwice.pl\/wiadomosci\/wp-content\/uploads\/2017\/05\/1-widok-na-odleg\u0142o\u015b\u0107-808x455.jpg 808w\" sizes=\"auto, (max-width: 810px) 100vw, 810px\" \/><\/p>\n<p>Szeroko zakrojone prace remontowe w \u201ema\u0142ym Bart\u0142omieju\u201d s\u0105 prowadzone od 2009 roku. Do tej pory wykonano m.in. kapitalny remont dachu \u015bwi\u0105tyni (naprawa wi\u0119\u017aby dachowej i wymiana pokrycia gontu). Osuszono te\u017c zawilgocone mury ko\u015bcio\u0142a, naprawiano sp\u0119kane \u015bciany i sklepienia, oczyszczono elewacj\u0119 frontow\u0105 wie\u017cy oraz \u2013 pocz\u0105wszy od 2013 roku \u2013 odbudowano inne fragmenty murowanego ogrodzenia.<\/p>\n[perfectpullquote align=&#8221;full&#8221; bordertop=&#8221;false&#8221; cite=&#8221;&#8221; link=&#8221;&#8221; color=&#8221;&#8221; class=&#8221;&#8221; size=&#8221;&#8221;]Dotychczasowe remonty sfinansowane zosta\u0142y ze \u015brodk\u00f3w parafialnych oraz dzi\u0119ki wsparciu Miasta Gliwice, kt\u00f3re przekroczy\u0142o kwot\u0119 630 tys. z\u0142. [\/perfectpullquote]\n<p>Udzia\u0142 w finansowaniu prac mia\u0142 te\u017c Urz\u0105d Marsza\u0142kowski i Wojew\u00f3dzki Urz\u0105d Ochrony Zabytk\u00f3w w Katowicach. W kolejnych latach parafia planuje przeprowadzi\u0107 dalszy remont pozosta\u0142ych fragment\u00f3w murowanego ogrodzenia \u015bwi\u0105tyni.<\/p>\n<p>(\u017cms)\/MSI<br \/>\nfot. 24gliwice mf\/\u017cms<\/p>\n<div class=\"gliwi-a5-na-koncu-artykulow gliwi-entity-placement\" id=\"gliwi-1853807597\"><div class=\"gliwi-adlabel\"><span style=\"font-size: 9px\">REKLAMA<\/span><\/div><div id=\"gliwi-2500328906\" style=\"margin-left: auto;margin-right: auto;text-align: center;\"><a data-no-instant=\"1\" href=\"https:\/\/prezeroarenagliwice.pl\/\" rel=\"noopener\" class=\"a2t-link\" target=\"_blank\" aria-label=\"20260309-PREZERO-WIOSNA-D\"><img loading=\"lazy\" decoding=\"async\" src=\"https:\/\/www.24gliwice.pl\/wiadomosci\/wp-content\/uploads\/2026\/03\/20260309-PREZERO-WIOSNA-D.webp\" alt=\"\"  srcset=\"https:\/\/www.24gliwice.pl\/wiadomosci\/wp-content\/uploads\/2026\/03\/20260309-PREZERO-WIOSNA-D.webp 750w, https:\/\/www.24gliwice.pl\/wiadomosci\/wp-content\/uploads\/2026\/03\/20260309-PREZERO-WIOSNA-D-410x109.webp 410w\" sizes=\"(max-width: 750px) 100vw, 750px\" class=\"no-lazyload\" width=\"750\" height=\"200\"  style=\"display: inline-block; max-width: 100%; height: auto;\" \/><\/a><\/div><\/div>","protected":false},"excerpt":{"rendered":"<p>300 tys. z\u0142 zamierza przeznaczy\u0107 miasto na dofinansowanie koniecznych remont\u00f3w w dw\u00f3ch zabytkowych gliwickich \u015bwi\u0105tyniach. Og\u00f3\u0142em w ostatnich latach na ten cel z miejskiego bud\u017cetu przeznaczono blisko 3,5 mln z\u0142. W tym roku \u015brodki zostan\u0105 przekazane na dofinansowanie remontu elewacji prezbiterium ko\u015bcio\u0142a katedralnego pw. \u015bw. Aposto\u0142\u00f3w Piotra i Paw\u0142a oraz remontu konserwatorskiego i odbudowy murowanego [&hellip;]<\/p>\n","protected":false},"author":15,"featured_media":115730,"comment_status":"open","ping_status":"closed","sticky":false,"template":"","format":"standard","meta":{"_monsterinsights_skip_tracking":false,"_monsterinsights_sitenote_active":false,"_monsterinsights_sitenote_note":"","_monsterinsights_sitenote_category":0,"footnotes":"","_links_to":"","_links_to_target":""},"categories":[3,1,9],"tags":[4785,12111,38,6957],"class_list":["post-115713","post","type-post","status-publish","format-standard","has-post-thumbnail","hentry","category-gliwice","category-wszystko","category-aktualnosci_lokalne","tag-budzet-miasta","tag-projekt-uchwaly","tag-rada-miasta","tag-sesja-rady-miasta"],"yoast_head":"<!-- This site is optimized with the Yoast SEO plugin v27.5 - https:\/\/yoast.com\/product\/yoast-seo-wordpress\/ -->\n<title>Miasto dofinansuje remont dw\u00f3ch ko\u015bcio\u0142\u00f3w. To cenne zabytki wymagaj\u0105ce sporych nak\u0142ad\u00f3w - 24GLIWICE - Portal Gliwice | codziennie nowe informacje<\/title>\n<meta name=\"robots\" content=\"index, follow, max-snippet:-1, max-image-preview:large, max-video-preview:-1\" \/>\n<link rel=\"canonical\" href=\"https:\/\/www.24gliwice.pl\/wiadomosci\/remont-katedry-piotra-i-pawla-bartlomieja\/\" \/>\n<meta property=\"og:locale\" content=\"pl_PL\" \/>\n<meta property=\"og:type\" content=\"article\" \/>\n<meta property=\"og:title\" content=\"Miasto dofinansuje remont dw\u00f3ch ko\u015bcio\u0142\u00f3w. To cenne zabytki wymagaj\u0105ce sporych nak\u0142ad\u00f3w - 24GLIWICE - Portal Gliwice | codziennie nowe informacje\" \/>\n<meta property=\"og:description\" content=\"300 tys. z\u0142 zamierza przeznaczy\u0107 miasto na dofinansowanie koniecznych remont\u00f3w w dw\u00f3ch zabytkowych gliwickich \u015bwi\u0105tyniach. Og\u00f3\u0142em w ostatnich latach na ten cel z miejskiego bud\u017cetu przeznaczono blisko 3,5 mln z\u0142. W tym roku \u015brodki zostan\u0105 przekazane na dofinansowanie remontu elewacji prezbiterium ko\u015bcio\u0142a katedralnego pw. \u015bw. Aposto\u0142\u00f3w Piotra i Paw\u0142a oraz remontu konserwatorskiego i odbudowy murowanego [&hellip;]\" \/>\n<meta property=\"og:url\" content=\"https:\/\/www.24gliwice.pl\/wiadomosci\/remont-katedry-piotra-i-pawla-bartlomieja\/\" \/>\n<meta property=\"og:site_name\" content=\"24GLIWICE - Portal Gliwice | codziennie nowe informacje\" \/>\n<meta property=\"article:publisher\" content=\"https:\/\/www.facebook.com\/24gliwice\" \/>\n<meta property=\"article:published_time\" content=\"2018-04-14T00:11:20+00:00\" \/>\n<meta property=\"article:modified_time\" content=\"2018-04-14T00:13:34+00:00\" \/>\n<meta property=\"og:image\" content=\"https:\/\/www.24gliwice.pl\/wiadomosci\/wp-content\/uploads\/2018\/04\/kosciol-piotra-i-pawla.jpg\" \/>\n\t<meta property=\"og:image:width\" content=\"1103\" \/>\n\t<meta property=\"og:image:height\" content=\"649\" \/>\n\t<meta property=\"og:image:type\" content=\"image\/jpeg\" \/>\n<meta name=\"author\" content=\"\u017baneta Mrozek-Siewierska\" \/>\n<meta name=\"twitter:card\" content=\"summary_large_image\" \/>\n<meta name=\"twitter:creator\" content=\"@24gliwice\" \/>\n<meta name=\"twitter:site\" content=\"@24gliwice\" \/>\n<meta name=\"twitter:label1\" content=\"Napisane przez\" \/>\n\t<meta name=\"twitter:data1\" content=\"\u017baneta Mrozek-Siewierska\" \/>\n\t<meta name=\"twitter:label2\" content=\"Szacowany czas czytania\" \/>\n\t<meta name=\"twitter:data2\" content=\"3 minuty\" \/>\n<script type=\"application\/ld+json\" class=\"yoast-schema-graph\">{\"@context\":\"https:\\\/\\\/schema.org\",\"@graph\":[{\"@type\":\"Article\",\"@id\":\"https:\\\/\\\/www.24gliwice.pl\\\/wiadomosci\\\/remont-katedry-piotra-i-pawla-bartlomieja\\\/#article\",\"isPartOf\":{\"@id\":\"https:\\\/\\\/www.24gliwice.pl\\\/wiadomosci\\\/remont-katedry-piotra-i-pawla-bartlomieja\\\/\"},\"author\":{\"name\":\"\u017baneta Mrozek-Siewierska\",\"@id\":\"https:\\\/\\\/www.24gliwice.pl\\\/wiadomosci\\\/#\\\/schema\\\/person\\\/e42c650edd7f2fa332be3811fb166b6e\"},\"headline\":\"Miasto dofinansuje remont dw\u00f3ch ko\u015bcio\u0142\u00f3w. To cenne zabytki wymagaj\u0105ce sporych nak\u0142ad\u00f3w\",\"datePublished\":\"2018-04-14T00:11:20+00:00\",\"dateModified\":\"2018-04-14T00:13:34+00:00\",\"mainEntityOfPage\":{\"@id\":\"https:\\\/\\\/www.24gliwice.pl\\\/wiadomosci\\\/remont-katedry-piotra-i-pawla-bartlomieja\\\/\"},\"wordCount\":535,\"commentCount\":0,\"publisher\":{\"@id\":\"https:\\\/\\\/www.24gliwice.pl\\\/wiadomosci\\\/#organization\"},\"image\":{\"@id\":\"https:\\\/\\\/www.24gliwice.pl\\\/wiadomosci\\\/remont-katedry-piotra-i-pawla-bartlomieja\\\/#primaryimage\"},\"thumbnailUrl\":\"https:\\\/\\\/www.24gliwice.pl\\\/wiadomosci\\\/wp-content\\\/uploads\\\/2018\\\/04\\\/kosciol-piotra-i-pawla.jpg\",\"keywords\":[\"bud\u017cet miasta\",\"projekt uchwa\u0142y\",\"RADA MIASTA\",\"SESJA RADY MIASTA\"],\"articleSection\":[\"Gliwice\",\"Najnowsze wiadomo\u015bci\",\"Portal Gliwice - Wiadomo\u015bci lokalne\"],\"inLanguage\":\"pl-PL\",\"potentialAction\":[{\"@type\":\"CommentAction\",\"name\":\"Comment\",\"target\":[\"https:\\\/\\\/www.24gliwice.pl\\\/wiadomosci\\\/remont-katedry-piotra-i-pawla-bartlomieja\\\/#respond\"]}]},{\"@type\":\"WebPage\",\"@id\":\"https:\\\/\\\/www.24gliwice.pl\\\/wiadomosci\\\/remont-katedry-piotra-i-pawla-bartlomieja\\\/\",\"url\":\"https:\\\/\\\/www.24gliwice.pl\\\/wiadomosci\\\/remont-katedry-piotra-i-pawla-bartlomieja\\\/\",\"name\":\"Miasto dofinansuje remont dw\u00f3ch ko\u015bcio\u0142\u00f3w. To cenne zabytki wymagaj\u0105ce sporych nak\u0142ad\u00f3w - 24GLIWICE - Portal Gliwice | codziennie nowe informacje\",\"isPartOf\":{\"@id\":\"https:\\\/\\\/www.24gliwice.pl\\\/wiadomosci\\\/#website\"},\"primaryImageOfPage\":{\"@id\":\"https:\\\/\\\/www.24gliwice.pl\\\/wiadomosci\\\/remont-katedry-piotra-i-pawla-bartlomieja\\\/#primaryimage\"},\"image\":{\"@id\":\"https:\\\/\\\/www.24gliwice.pl\\\/wiadomosci\\\/remont-katedry-piotra-i-pawla-bartlomieja\\\/#primaryimage\"},\"thumbnailUrl\":\"https:\\\/\\\/www.24gliwice.pl\\\/wiadomosci\\\/wp-content\\\/uploads\\\/2018\\\/04\\\/kosciol-piotra-i-pawla.jpg\",\"datePublished\":\"2018-04-14T00:11:20+00:00\",\"dateModified\":\"2018-04-14T00:13:34+00:00\",\"breadcrumb\":{\"@id\":\"https:\\\/\\\/www.24gliwice.pl\\\/wiadomosci\\\/remont-katedry-piotra-i-pawla-bartlomieja\\\/#breadcrumb\"},\"inLanguage\":\"pl-PL\",\"potentialAction\":[{\"@type\":\"ReadAction\",\"target\":[\"https:\\\/\\\/www.24gliwice.pl\\\/wiadomosci\\\/remont-katedry-piotra-i-pawla-bartlomieja\\\/\"]}]},{\"@type\":\"ImageObject\",\"inLanguage\":\"pl-PL\",\"@id\":\"https:\\\/\\\/www.24gliwice.pl\\\/wiadomosci\\\/remont-katedry-piotra-i-pawla-bartlomieja\\\/#primaryimage\",\"url\":\"https:\\\/\\\/www.24gliwice.pl\\\/wiadomosci\\\/wp-content\\\/uploads\\\/2018\\\/04\\\/kosciol-piotra-i-pawla.jpg\",\"contentUrl\":\"https:\\\/\\\/www.24gliwice.pl\\\/wiadomosci\\\/wp-content\\\/uploads\\\/2018\\\/04\\\/kosciol-piotra-i-pawla.jpg\",\"width\":1103,\"height\":649},{\"@type\":\"BreadcrumbList\",\"@id\":\"https:\\\/\\\/www.24gliwice.pl\\\/wiadomosci\\\/remont-katedry-piotra-i-pawla-bartlomieja\\\/#breadcrumb\",\"itemListElement\":[{\"@type\":\"ListItem\",\"position\":1,\"name\":\"Strona g\u0142\u00f3wna\",\"item\":\"https:\\\/\\\/www.24gliwice.pl\\\/wiadomosci\\\/\"},{\"@type\":\"ListItem\",\"position\":2,\"name\":\"Miasto dofinansuje remont dw\u00f3ch ko\u015bcio\u0142\u00f3w. To cenne zabytki wymagaj\u0105ce sporych nak\u0142ad\u00f3w\"}]},{\"@type\":\"WebSite\",\"@id\":\"https:\\\/\\\/www.24gliwice.pl\\\/wiadomosci\\\/#website\",\"url\":\"https:\\\/\\\/www.24gliwice.pl\\\/wiadomosci\\\/\",\"name\":\"24GLIWICE - Portal Gliwice | codziennie nowe wiadomo\u015bci\",\"description\":\"Portal Miejski Gliwice\",\"publisher\":{\"@id\":\"https:\\\/\\\/www.24gliwice.pl\\\/wiadomosci\\\/#organization\"},\"potentialAction\":[{\"@type\":\"SearchAction\",\"target\":{\"@type\":\"EntryPoint\",\"urlTemplate\":\"https:\\\/\\\/www.24gliwice.pl\\\/wiadomosci\\\/?s={search_term_string}\"},\"query-input\":{\"@type\":\"PropertyValueSpecification\",\"valueRequired\":true,\"valueName\":\"search_term_string\"}}],\"inLanguage\":\"pl-PL\"},{\"@type\":\"Organization\",\"@id\":\"https:\\\/\\\/www.24gliwice.pl\\\/wiadomosci\\\/#organization\",\"name\":\"24gliwice\",\"url\":\"https:\\\/\\\/www.24gliwice.pl\\\/wiadomosci\\\/\",\"logo\":{\"@type\":\"ImageObject\",\"inLanguage\":\"pl-PL\",\"@id\":\"https:\\\/\\\/www.24gliwice.pl\\\/wiadomosci\\\/#\\\/schema\\\/logo\\\/image\\\/\",\"url\":\"https:\\\/\\\/www.24gliwice.pl\\\/wiadomosci\\\/wp-content\\\/uploads\\\/2024\\\/10\\\/24gliwice-logo-696.jpg\",\"contentUrl\":\"https:\\\/\\\/www.24gliwice.pl\\\/wiadomosci\\\/wp-content\\\/uploads\\\/2024\\\/10\\\/24gliwice-logo-696.jpg\",\"width\":696,\"height\":696,\"caption\":\"24gliwice\"},\"image\":{\"@id\":\"https:\\\/\\\/www.24gliwice.pl\\\/wiadomosci\\\/#\\\/schema\\\/logo\\\/image\\\/\"},\"sameAs\":[\"https:\\\/\\\/www.facebook.com\\\/24gliwice\",\"https:\\\/\\\/x.com\\\/24gliwice\",\"https:\\\/\\\/www.youtube.com\\\/@24gliwice\"]},{\"@type\":\"Person\",\"@id\":\"https:\\\/\\\/www.24gliwice.pl\\\/wiadomosci\\\/#\\\/schema\\\/person\\\/e42c650edd7f2fa332be3811fb166b6e\",\"name\":\"\u017baneta Mrozek-Siewierska\",\"image\":{\"@type\":\"ImageObject\",\"inLanguage\":\"pl-PL\",\"@id\":\"https:\\\/\\\/secure.gravatar.com\\\/avatar\\\/1881429e9c64597c77ad7aef2d0a19be69a3253e57534d16aa15bf3a4d34a0a3?s=96&d=mm&r=g\",\"url\":\"https:\\\/\\\/secure.gravatar.com\\\/avatar\\\/1881429e9c64597c77ad7aef2d0a19be69a3253e57534d16aa15bf3a4d34a0a3?s=96&d=mm&r=g\",\"contentUrl\":\"https:\\\/\\\/secure.gravatar.com\\\/avatar\\\/1881429e9c64597c77ad7aef2d0a19be69a3253e57534d16aa15bf3a4d34a0a3?s=96&d=mm&r=g\",\"caption\":\"\u017baneta Mrozek-Siewierska\"},\"url\":\"https:\\\/\\\/www.24gliwice.pl\\\/wiadomosci\\\/author\\\/zms\\\/\"}]}<\/script>\n<!-- \/ Yoast SEO plugin. -->","yoast_head_json":{"title":"Miasto dofinansuje remont dw\u00f3ch ko\u015bcio\u0142\u00f3w. To cenne zabytki wymagaj\u0105ce sporych nak\u0142ad\u00f3w - 24GLIWICE - Portal Gliwice | codziennie nowe informacje","robots":{"index":"index","follow":"follow","max-snippet":"max-snippet:-1","max-image-preview":"max-image-preview:large","max-video-preview":"max-video-preview:-1"},"canonical":"https:\/\/www.24gliwice.pl\/wiadomosci\/remont-katedry-piotra-i-pawla-bartlomieja\/","og_locale":"pl_PL","og_type":"article","og_title":"Miasto dofinansuje remont dw\u00f3ch ko\u015bcio\u0142\u00f3w. To cenne zabytki wymagaj\u0105ce sporych nak\u0142ad\u00f3w - 24GLIWICE - Portal Gliwice | codziennie nowe informacje","og_description":"300 tys. z\u0142 zamierza przeznaczy\u0107 miasto na dofinansowanie koniecznych remont\u00f3w w dw\u00f3ch zabytkowych gliwickich \u015bwi\u0105tyniach. Og\u00f3\u0142em w ostatnich latach na ten cel z miejskiego bud\u017cetu przeznaczono blisko 3,5 mln z\u0142. W tym roku \u015brodki zostan\u0105 przekazane na dofinansowanie remontu elewacji prezbiterium ko\u015bcio\u0142a katedralnego pw. \u015bw. Aposto\u0142\u00f3w Piotra i Paw\u0142a oraz remontu konserwatorskiego i odbudowy murowanego [&hellip;]","og_url":"https:\/\/www.24gliwice.pl\/wiadomosci\/remont-katedry-piotra-i-pawla-bartlomieja\/","og_site_name":"24GLIWICE - Portal Gliwice | codziennie nowe informacje","article_publisher":"https:\/\/www.facebook.com\/24gliwice","article_published_time":"2018-04-14T00:11:20+00:00","article_modified_time":"2018-04-14T00:13:34+00:00","og_image":[{"width":1103,"height":649,"url":"https:\/\/www.24gliwice.pl\/wiadomosci\/wp-content\/uploads\/2018\/04\/kosciol-piotra-i-pawla.jpg","type":"image\/jpeg"}],"author":"\u017baneta Mrozek-Siewierska","twitter_card":"summary_large_image","twitter_creator":"@24gliwice","twitter_site":"@24gliwice","twitter_misc":{"Napisane przez":"\u017baneta Mrozek-Siewierska","Szacowany czas czytania":"3 minuty"},"schema":{"@context":"https:\/\/schema.org","@graph":[{"@type":"Article","@id":"https:\/\/www.24gliwice.pl\/wiadomosci\/remont-katedry-piotra-i-pawla-bartlomieja\/#article","isPartOf":{"@id":"https:\/\/www.24gliwice.pl\/wiadomosci\/remont-katedry-piotra-i-pawla-bartlomieja\/"},"author":{"name":"\u017baneta Mrozek-Siewierska","@id":"https:\/\/www.24gliwice.pl\/wiadomosci\/#\/schema\/person\/e42c650edd7f2fa332be3811fb166b6e"},"headline":"Miasto dofinansuje remont dw\u00f3ch ko\u015bcio\u0142\u00f3w. To cenne zabytki wymagaj\u0105ce sporych nak\u0142ad\u00f3w","datePublished":"2018-04-14T00:11:20+00:00","dateModified":"2018-04-14T00:13:34+00:00","mainEntityOfPage":{"@id":"https:\/\/www.24gliwice.pl\/wiadomosci\/remont-katedry-piotra-i-pawla-bartlomieja\/"},"wordCount":535,"commentCount":0,"publisher":{"@id":"https:\/\/www.24gliwice.pl\/wiadomosci\/#organization"},"image":{"@id":"https:\/\/www.24gliwice.pl\/wiadomosci\/remont-katedry-piotra-i-pawla-bartlomieja\/#primaryimage"},"thumbnailUrl":"https:\/\/www.24gliwice.pl\/wiadomosci\/wp-content\/uploads\/2018\/04\/kosciol-piotra-i-pawla.jpg","keywords":["bud\u017cet miasta","projekt uchwa\u0142y","RADA MIASTA","SESJA RADY MIASTA"],"articleSection":["Gliwice","Najnowsze wiadomo\u015bci","Portal Gliwice - Wiadomo\u015bci lokalne"],"inLanguage":"pl-PL","potentialAction":[{"@type":"CommentAction","name":"Comment","target":["https:\/\/www.24gliwice.pl\/wiadomosci\/remont-katedry-piotra-i-pawla-bartlomieja\/#respond"]}]},{"@type":"WebPage","@id":"https:\/\/www.24gliwice.pl\/wiadomosci\/remont-katedry-piotra-i-pawla-bartlomieja\/","url":"https:\/\/www.24gliwice.pl\/wiadomosci\/remont-katedry-piotra-i-pawla-bartlomieja\/","name":"Miasto dofinansuje remont dw\u00f3ch ko\u015bcio\u0142\u00f3w. To cenne zabytki wymagaj\u0105ce sporych nak\u0142ad\u00f3w - 24GLIWICE - Portal Gliwice | codziennie nowe informacje","isPartOf":{"@id":"https:\/\/www.24gliwice.pl\/wiadomosci\/#website"},"primaryImageOfPage":{"@id":"https:\/\/www.24gliwice.pl\/wiadomosci\/remont-katedry-piotra-i-pawla-bartlomieja\/#primaryimage"},"image":{"@id":"https:\/\/www.24gliwice.pl\/wiadomosci\/remont-katedry-piotra-i-pawla-bartlomieja\/#primaryimage"},"thumbnailUrl":"https:\/\/www.24gliwice.pl\/wiadomosci\/wp-content\/uploads\/2018\/04\/kosciol-piotra-i-pawla.jpg","datePublished":"2018-04-14T00:11:20+00:00","dateModified":"2018-04-14T00:13:34+00:00","breadcrumb":{"@id":"https:\/\/www.24gliwice.pl\/wiadomosci\/remont-katedry-piotra-i-pawla-bartlomieja\/#breadcrumb"},"inLanguage":"pl-PL","potentialAction":[{"@type":"ReadAction","target":["https:\/\/www.24gliwice.pl\/wiadomosci\/remont-katedry-piotra-i-pawla-bartlomieja\/"]}]},{"@type":"ImageObject","inLanguage":"pl-PL","@id":"https:\/\/www.24gliwice.pl\/wiadomosci\/remont-katedry-piotra-i-pawla-bartlomieja\/#primaryimage","url":"https:\/\/www.24gliwice.pl\/wiadomosci\/wp-content\/uploads\/2018\/04\/kosciol-piotra-i-pawla.jpg","contentUrl":"https:\/\/www.24gliwice.pl\/wiadomosci\/wp-content\/uploads\/2018\/04\/kosciol-piotra-i-pawla.jpg","width":1103,"height":649},{"@type":"BreadcrumbList","@id":"https:\/\/www.24gliwice.pl\/wiadomosci\/remont-katedry-piotra-i-pawla-bartlomieja\/#breadcrumb","itemListElement":[{"@type":"ListItem","position":1,"name":"Strona g\u0142\u00f3wna","item":"https:\/\/www.24gliwice.pl\/wiadomosci\/"},{"@type":"ListItem","position":2,"name":"Miasto dofinansuje remont dw\u00f3ch ko\u015bcio\u0142\u00f3w. To cenne zabytki wymagaj\u0105ce sporych nak\u0142ad\u00f3w"}]},{"@type":"WebSite","@id":"https:\/\/www.24gliwice.pl\/wiadomosci\/#website","url":"https:\/\/www.24gliwice.pl\/wiadomosci\/","name":"24GLIWICE - Portal Gliwice | codziennie nowe wiadomo\u015bci","description":"Portal Miejski Gliwice","publisher":{"@id":"https:\/\/www.24gliwice.pl\/wiadomosci\/#organization"},"potentialAction":[{"@type":"SearchAction","target":{"@type":"EntryPoint","urlTemplate":"https:\/\/www.24gliwice.pl\/wiadomosci\/?s={search_term_string}"},"query-input":{"@type":"PropertyValueSpecification","valueRequired":true,"valueName":"search_term_string"}}],"inLanguage":"pl-PL"},{"@type":"Organization","@id":"https:\/\/www.24gliwice.pl\/wiadomosci\/#organization","name":"24gliwice","url":"https:\/\/www.24gliwice.pl\/wiadomosci\/","logo":{"@type":"ImageObject","inLanguage":"pl-PL","@id":"https:\/\/www.24gliwice.pl\/wiadomosci\/#\/schema\/logo\/image\/","url":"https:\/\/www.24gliwice.pl\/wiadomosci\/wp-content\/uploads\/2024\/10\/24gliwice-logo-696.jpg","contentUrl":"https:\/\/www.24gliwice.pl\/wiadomosci\/wp-content\/uploads\/2024\/10\/24gliwice-logo-696.jpg","width":696,"height":696,"caption":"24gliwice"},"image":{"@id":"https:\/\/www.24gliwice.pl\/wiadomosci\/#\/schema\/logo\/image\/"},"sameAs":["https:\/\/www.facebook.com\/24gliwice","https:\/\/x.com\/24gliwice","https:\/\/www.youtube.com\/@24gliwice"]},{"@type":"Person","@id":"https:\/\/www.24gliwice.pl\/wiadomosci\/#\/schema\/person\/e42c650edd7f2fa332be3811fb166b6e","name":"\u017baneta Mrozek-Siewierska","image":{"@type":"ImageObject","inLanguage":"pl-PL","@id":"https:\/\/secure.gravatar.com\/avatar\/1881429e9c64597c77ad7aef2d0a19be69a3253e57534d16aa15bf3a4d34a0a3?s=96&d=mm&r=g","url":"https:\/\/secure.gravatar.com\/avatar\/1881429e9c64597c77ad7aef2d0a19be69a3253e57534d16aa15bf3a4d34a0a3?s=96&d=mm&r=g","contentUrl":"https:\/\/secure.gravatar.com\/avatar\/1881429e9c64597c77ad7aef2d0a19be69a3253e57534d16aa15bf3a4d34a0a3?s=96&d=mm&r=g","caption":"\u017baneta Mrozek-Siewierska"},"url":"https:\/\/www.24gliwice.pl\/wiadomosci\/author\/zms\/"}]}},"_links":{"self":[{"href":"https:\/\/www.24gliwice.pl\/wiadomosci\/wp-json\/wp\/v2\/posts\/115713","targetHints":{"allow":["GET"]}}],"collection":[{"href":"https:\/\/www.24gliwice.pl\/wiadomosci\/wp-json\/wp\/v2\/posts"}],"about":[{"href":"https:\/\/www.24gliwice.pl\/wiadomosci\/wp-json\/wp\/v2\/types\/post"}],"author":[{"embeddable":true,"href":"https:\/\/www.24gliwice.pl\/wiadomosci\/wp-json\/wp\/v2\/users\/15"}],"replies":[{"embeddable":true,"href":"https:\/\/www.24gliwice.pl\/wiadomosci\/wp-json\/wp\/v2\/comments?post=115713"}],"version-history":[{"count":0,"href":"https:\/\/www.24gliwice.pl\/wiadomosci\/wp-json\/wp\/v2\/posts\/115713\/revisions"}],"wp:featuredmedia":[{"embeddable":true,"href":"https:\/\/www.24gliwice.pl\/wiadomosci\/wp-json\/wp\/v2\/media\/115730"}],"wp:attachment":[{"href":"https:\/\/www.24gliwice.pl\/wiadomosci\/wp-json\/wp\/v2\/media?parent=115713"}],"wp:term":[{"taxonomy":"category","embeddable":true,"href":"https:\/\/www.24gliwice.pl\/wiadomosci\/wp-json\/wp\/v2\/categories?post=115713"},{"taxonomy":"post_tag","embeddable":true,"href":"https:\/\/www.24gliwice.pl\/wiadomosci\/wp-json\/wp\/v2\/tags?post=115713"}],"curies":[{"name":"wp","href":"https:\/\/api.w.org\/{rel}","templated":true}]}}