{"id":115790,"date":"2018-04-17T13:38:52","date_gmt":"2018-04-17T11:38:52","guid":{"rendered":"https:\/\/www.24gliwice.pl\/wiadomosci\/?p=115790"},"modified":"2018-04-17T13:43:23","modified_gmt":"2018-04-17T11:43:23","slug":"na-sieminskiego-maja-rzadzic-piesi-policja-i-straz-miejska-poproszone-o-dodatkowe-kontrole","status":"publish","type":"post","link":"https:\/\/www.24gliwice.pl\/wiadomosci\/na-sieminskiego-maja-rzadzic-piesi-policja-i-straz-miejska-poproszone-o-dodatkowe-kontrole\/","title":{"rendered":"Na Siemi\u0144skiego maj\u0105 rz\u0105dzi\u0107 piesi. Policja i Stra\u017c Miejska poproszone o dodatkowe kontrole"},"content":{"rendered":"<div class=\"gliwi-a6-nad-leadem-artykulow gliwi-entity-placement\" id=\"gliwi-704222490\"><div class=\"gliwi-adlabel\"><span style=\"font-size: 9px\">REKLAMA<\/span><\/div><div id=\"gliwi-2699538526\" style=\"margin-bottom: 30px;margin-left: auto;margin-right: auto;text-align: center;\"><a data-no-instant=\"1\" href=\"https:\/\/przedszkole.halogen.org.pl\/\" rel=\"noopener\" class=\"a2t-link\" target=\"_blank\" aria-label=\"20260402-ANIMATOR-przedszkole_grafika_750x200\"><img loading=\"lazy\" decoding=\"async\" src=\"https:\/\/www.24gliwice.pl\/wiadomosci\/wp-content\/uploads\/2026\/04\/20260402-ANIMATOR-przedszkole_grafika_750x200.webp\" alt=\"\"  srcset=\"https:\/\/www.24gliwice.pl\/wiadomosci\/wp-content\/uploads\/2026\/04\/20260402-ANIMATOR-przedszkole_grafika_750x200.webp 750w, https:\/\/www.24gliwice.pl\/wiadomosci\/wp-content\/uploads\/2026\/04\/20260402-ANIMATOR-przedszkole_grafika_750x200-410x109.webp 410w\" sizes=\"(max-width: 750px) 100vw, 750px\" class=\"no-lazyload\" width=\"750\" height=\"200\"  style=\"display: inline-block; max-width: 100%; height: auto;\" \/><\/a><\/div><\/div><h3>Wyrozumiale, ale konsekwentnie &#8211; tak w skr\u00f3cie maj\u0105 wygl\u0105da\u0107 dzia\u0142ania s\u0142u\u017cb mundurowych na ul. Siemi\u0144skiego.<\/h3>\n<p>Na pe\u0142nej d\u0142ugo\u015bci tzw. woonerfu (miejskiego podw\u00f3rca) piesi maj\u0105 bezwzgl\u0119dne pierwsze\u0144stwo przed samochodami i mog\u0105 korzysta\u0107 z ca\u0142ej szeroko\u015bci drogi.<\/p>\n<p>Na razie to jednak g\u0142\u00f3wnie teoria, a str\u00f3\u017ce prawa skupiaj\u0105 si\u0119 przede wszystkim na nieprawid\u0142owym parkowaniu b\u0105d\u017a tamowaniu ruchu samochod\u00f3w.<\/p><div class=\"gliwi-a3-w-tresci-artykulow gliwi-entity-placement\" id=\"gliwi-3078226536\"><div class=\"gliwi-adlabel\"><span style=\"font-size: 9px\">REKLAMA<\/span><\/div><div id=\"gliwi-1250641374\" style=\"margin-bottom: 30px;margin-left: auto;margin-right: auto;text-align: center;\"><a data-no-instant=\"1\" href=\"https:\/\/ogrodyandersa.pl\/\" rel=\"noopener\" class=\"a2t-link\" target=\"_blank\" aria-label=\"20260415 Ogrody Andersa KUP TERAZ D\"><img loading=\"lazy\" decoding=\"async\" src=\"https:\/\/www.24gliwice.pl\/wiadomosci\/wp-content\/uploads\/2026\/04\/20260415-Ogrody-Andersa-KUP-TERAZ-D.jpg\" alt=\"\"  srcset=\"https:\/\/www.24gliwice.pl\/wiadomosci\/wp-content\/uploads\/2026\/04\/20260415-Ogrody-Andersa-KUP-TERAZ-D.jpg 750w, https:\/\/www.24gliwice.pl\/wiadomosci\/wp-content\/uploads\/2026\/04\/20260415-Ogrody-Andersa-KUP-TERAZ-D-410x109.jpg 410w\" sizes=\"(max-width: 750px) 100vw, 750px\" class=\"no-lazyload\" width=\"750\" height=\"200\"  style=\"display: inline-block; max-width: 100%; height: auto;\" \/><\/a><\/div><\/div>\n<p>&#8211; Do tej pory ujawnili\u015bmy szereg nieprawid\u0142owo zaparkowanych pojazd\u00f3w. Wystawiono 2 mandaty i pi\u0119\u0107 poucze\u0144 &#8211; informuje <strong>nadkom. Marek S\u0142omski<\/strong>, oficer prasowy Komendy Miejskiej Policji w Gliwicach. &#8211; Policjanci kierowani s\u0105 w to miejsce obligatoryjnie, codziennie w godzinach 6:45-8:30 oraz w godzinach p\u00f3\u017aniejszych w celu reagowania na nieprawid\u0142owe parkowanie pojazd\u00f3w b\u0105d\u017a tamowanie i utrudnianie ruchu &#8211; dodaje.<\/p>\n<p>&#8211; Ujawnili\u015bmy 19 wykrocze\u0144 zwi\u0105zanych z postojem w strefie zamieszkania w miejscu innym ni\u017c wyznaczone &#8211; m\u00f3wi <strong>Bo\u017cena Frej<\/strong>, rzecznik prasowy Stra\u017cy Miejskiej w Gliwicach. &#8211; W wyniku tych dzia\u0142a\u0144 zosta\u0142o udzielonych 17 poucze\u0144, a dwie osoby otrzyma\u0142y mandat karny &#8211; dodaje.<\/p>\n<p>O dodatkowe kontrole mundurowych tu\u017c przed otwarciem woonerfu poprosili gliwiccy urz\u0119dnicy. Zgodnie z za\u0142o\u017ceniami, na tzw. &#8220;podw\u00f3rcu&#8221; ruch samochodowy powinien zosta\u0107 uspokojony, a prawa kierowc\u00f3w i pieszych powinny zmieni\u0107 si\u0119 na korzy\u015b\u0107 tych drugich. I cho\u0107 plany Magistratu na razie spali\u0142y na panewce, kierowcy musz\u0105 liczy\u0107 si\u0119 z respektowaniem przepis\u00f3w strefy zamieszkania (znak D-40). A te opr\u00f3cz pierwsze\u0144stwa pieszych narzucaj\u0105 <strong>ograniczenie pr\u0119dko\u015bci do 20 km\/h<\/strong>, natomiast parkowanie samochod\u00f3w mo\u017cliwe jest tylko <strong>w miejscach odpowiednio oznakowanych<\/strong>. Ponadto kieruj\u0105cy pojazdem, kt\u00f3ry opuszcza stref\u0119 zamieszkania <strong>musi ust\u0105pi\u0107 pierwsze\u0144stwa innym uczestnikom ruchu<\/strong> i traktowany jest jak w\u0142\u0105czaj\u0105cy si\u0119 do ruchu.<\/p>\n[perfectpullquote align=&#8221;full&#8221; bordertop=&#8221;false&#8221; cite=&#8221;&#8221; link=&#8221;&#8221; color=&#8221;&#8221; class=&#8221;&#8221; size=&#8221;&#8221;]Analogiczne rozwi\u0105zanie obowi\u0105zuje obecnie na gliwickiej star\u00f3wce. Niestety przyk\u0142ad p\u0142yn\u0105cy z serca miasta, pokazuje, \u017ce mimo odpowiedniego oznakowania, na ulicy i tak dominuje prawo silniejszego, a spacer po ul. Raciborskiej czy Ko\u015bcielnej nadal jest daleki od bezpiecznego.[\/perfectpullquote]\n<p>Tym trudniej b\u0119dzie zmieni\u0107 nawyki kierowc\u00f3w na Siemi\u0144skiego, kt\u00f3ra przez lata, jeszcze jako Wieczorka sta\u0142a si\u0119 wa\u017cnym \u0142\u0105cznikiem komunikacyjnym w centrum Gliwic. Jak podkre\u015bla nadkom. S\u0142omski, obecnie &#8220;analizowane s\u0105 rozwi\u0105zania mog\u0105ce poprawi\u0107 bezpiecze\u0144stwo&#8221; w rejonie woonerfu.<\/p>\n<p>To jednak zadanie nie tylko dla mundurowych, ale przede wszystkim architekt\u00f3w i urz\u0119dnik\u00f3w. Trudno bowiem wymusza\u0107 pos\u0142usze\u0144stwo mandatami, kiedy mo\u017cliwe jest przeprojektowanie koncepcji (coraz cz\u0119\u015bciej m\u00f3wi si\u0119 o konieczno\u015bci wprowadzenia jednokierunkowo\u015bci b\u0105d\u017a znacznego ograniczenie ruchu samochod\u00f3w). Przestrog\u0105 niech b\u0119dzie sytuacja z ubieg\u0142ego tygodnia, kiedy w ulicznym korku na Siemi\u0144skiego, mi\u0119dzy samochodami a autobusami zablokowany zosta\u0142 przejazd karetki pogotowia.<\/p>\n<p>Micha\u0142 Szewczyk<\/p>\n<div class=\"gliwi-a5-na-koncu-artykulow gliwi-entity-placement\" id=\"gliwi-3861100121\"><div class=\"gliwi-adlabel\"><span style=\"font-size: 9px\">REKLAMA<\/span><\/div><div id=\"gliwi-7634340\" style=\"margin-left: auto;margin-right: auto;text-align: center;\"><a data-no-instant=\"1\" href=\"https:\/\/www.jasek.pl\/\" rel=\"noopener\" class=\"a2t-link\" target=\"_blank\" aria-label=\"20200401-jasek 600\"><img loading=\"lazy\" decoding=\"async\" src=\"https:\/\/www.24gliwice.pl\/wiadomosci\/wp-content\/uploads\/2020\/04\/20200401-jasek-600.jpg\" alt=\"\"  srcset=\"https:\/\/www.24gliwice.pl\/wiadomosci\/wp-content\/uploads\/2020\/04\/20200401-jasek-600.jpg 600w, https:\/\/www.24gliwice.pl\/wiadomosci\/wp-content\/uploads\/2020\/04\/20200401-jasek-600-410x109.jpg 410w\" sizes=\"(max-width: 600px) 100vw, 600px\" class=\"no-lazyload\" width=\"600\" height=\"160\"  style=\"display: inline-block; max-width: 100%; height: auto;\" \/><\/a><\/div><\/div>","protected":false},"excerpt":{"rendered":"<p>Wyrozumiale, ale konsekwentnie &#8211; tak w skr\u00f3cie maj\u0105 wygl\u0105da\u0107 dzia\u0142ania s\u0142u\u017cb mundurowych na ul. Siemi\u0144skiego. Na pe\u0142nej d\u0142ugo\u015bci tzw. woonerfu (miejskiego podw\u00f3rca) piesi maj\u0105 bezwzgl\u0119dne pierwsze\u0144stwo przed samochodami i mog\u0105 korzysta\u0107 z ca\u0142ej szeroko\u015bci drogi. Na razie to jednak g\u0142\u00f3wnie teoria, a str\u00f3\u017ce prawa skupiaj\u0105 si\u0119 przede wszystkim na nieprawid\u0142owym parkowaniu b\u0105d\u017a tamowaniu ruchu samochod\u00f3w. [&hellip;]<\/p>\n","protected":false},"author":12,"featured_media":115793,"comment_status":"open","ping_status":"closed","sticky":false,"template":"","format":"standard","meta":{"_monsterinsights_skip_tracking":false,"_monsterinsights_sitenote_active":false,"_monsterinsights_sitenote_note":"","_monsterinsights_sitenote_category":0,"footnotes":"","_links_to":"","_links_to_target":""},"categories":[3,1,9],"tags":[10693],"class_list":["post-115790","post","type-post","status-publish","format-standard","has-post-thumbnail","hentry","category-gliwice","category-wszystko","category-aktualnosci_lokalne","tag-woonerf"],"yoast_head":"<!-- This site is optimized with the Yoast SEO plugin v27.5 - https:\/\/yoast.com\/product\/yoast-seo-wordpress\/ -->\n<title>Na Siemi\u0144skiego maj\u0105 rz\u0105dzi\u0107 piesi. Policja i Stra\u017c Miejska poproszone o dodatkowe kontrole - 24GLIWICE - Portal Gliwice | codziennie nowe informacje<\/title>\n<meta name=\"robots\" content=\"index, follow, max-snippet:-1, max-image-preview:large, max-video-preview:-1\" \/>\n<link rel=\"canonical\" href=\"https:\/\/www.24gliwice.pl\/wiadomosci\/na-sieminskiego-maja-rzadzic-piesi-policja-i-straz-miejska-poproszone-o-dodatkowe-kontrole\/\" \/>\n<meta property=\"og:locale\" content=\"pl_PL\" \/>\n<meta property=\"og:type\" content=\"article\" \/>\n<meta property=\"og:title\" content=\"Na Siemi\u0144skiego maj\u0105 rz\u0105dzi\u0107 piesi. Policja i Stra\u017c Miejska poproszone o dodatkowe kontrole - 24GLIWICE - Portal Gliwice | codziennie nowe informacje\" \/>\n<meta property=\"og:description\" content=\"Wyrozumiale, ale konsekwentnie &#8211; tak w skr\u00f3cie maj\u0105 wygl\u0105da\u0107 dzia\u0142ania s\u0142u\u017cb mundurowych na ul. Siemi\u0144skiego. Na pe\u0142nej d\u0142ugo\u015bci tzw. woonerfu (miejskiego podw\u00f3rca) piesi maj\u0105 bezwzgl\u0119dne pierwsze\u0144stwo przed samochodami i mog\u0105 korzysta\u0107 z ca\u0142ej szeroko\u015bci drogi. Na razie to jednak g\u0142\u00f3wnie teoria, a str\u00f3\u017ce prawa skupiaj\u0105 si\u0119 przede wszystkim na nieprawid\u0142owym parkowaniu b\u0105d\u017a tamowaniu ruchu samochod\u00f3w. [&hellip;]\" \/>\n<meta property=\"og:url\" content=\"https:\/\/www.24gliwice.pl\/wiadomosci\/na-sieminskiego-maja-rzadzic-piesi-policja-i-straz-miejska-poproszone-o-dodatkowe-kontrole\/\" \/>\n<meta property=\"og:site_name\" content=\"24GLIWICE - Portal Gliwice | codziennie nowe informacje\" \/>\n<meta property=\"article:publisher\" content=\"https:\/\/www.facebook.com\/24gliwice\" \/>\n<meta property=\"article:published_time\" content=\"2018-04-17T11:38:52+00:00\" \/>\n<meta property=\"article:modified_time\" content=\"2018-04-17T11:43:23+00:00\" \/>\n<meta property=\"og:image\" content=\"https:\/\/www.24gliwice.pl\/wiadomosci\/wp-content\/uploads\/2018\/04\/siem.jpg\" \/>\n\t<meta property=\"og:image:width\" content=\"2048\" \/>\n\t<meta property=\"og:image:height\" content=\"1152\" \/>\n\t<meta property=\"og:image:type\" content=\"image\/jpeg\" \/>\n<meta name=\"author\" content=\"Micha\u0142 Szewczyk\" \/>\n<meta name=\"twitter:card\" content=\"summary_large_image\" \/>\n<meta name=\"twitter:creator\" content=\"@24gliwice\" \/>\n<meta name=\"twitter:site\" content=\"@24gliwice\" \/>\n<meta name=\"twitter:label1\" content=\"Napisane przez\" \/>\n\t<meta name=\"twitter:data1\" content=\"Micha\u0142 Szewczyk\" \/>\n\t<meta name=\"twitter:label2\" content=\"Szacowany czas czytania\" \/>\n\t<meta name=\"twitter:data2\" content=\"2 minuty\" \/>\n<script type=\"application\/ld+json\" class=\"yoast-schema-graph\">{\"@context\":\"https:\\\/\\\/schema.org\",\"@graph\":[{\"@type\":\"Article\",\"@id\":\"https:\\\/\\\/www.24gliwice.pl\\\/wiadomosci\\\/na-sieminskiego-maja-rzadzic-piesi-policja-i-straz-miejska-poproszone-o-dodatkowe-kontrole\\\/#article\",\"isPartOf\":{\"@id\":\"https:\\\/\\\/www.24gliwice.pl\\\/wiadomosci\\\/na-sieminskiego-maja-rzadzic-piesi-policja-i-straz-miejska-poproszone-o-dodatkowe-kontrole\\\/\"},\"author\":{\"name\":\"Micha\u0142 Szewczyk\",\"@id\":\"https:\\\/\\\/www.24gliwice.pl\\\/wiadomosci\\\/#\\\/schema\\\/person\\\/940e8f8a097e322de4f463f061ef8d45\"},\"headline\":\"Na Siemi\u0144skiego maj\u0105 rz\u0105dzi\u0107 piesi. Policja i Stra\u017c Miejska poproszone o dodatkowe kontrole\",\"datePublished\":\"2018-04-17T11:38:52+00:00\",\"dateModified\":\"2018-04-17T11:43:23+00:00\",\"mainEntityOfPage\":{\"@id\":\"https:\\\/\\\/www.24gliwice.pl\\\/wiadomosci\\\/na-sieminskiego-maja-rzadzic-piesi-policja-i-straz-miejska-poproszone-o-dodatkowe-kontrole\\\/\"},\"wordCount\":494,\"commentCount\":0,\"publisher\":{\"@id\":\"https:\\\/\\\/www.24gliwice.pl\\\/wiadomosci\\\/#organization\"},\"image\":{\"@id\":\"https:\\\/\\\/www.24gliwice.pl\\\/wiadomosci\\\/na-sieminskiego-maja-rzadzic-piesi-policja-i-straz-miejska-poproszone-o-dodatkowe-kontrole\\\/#primaryimage\"},\"thumbnailUrl\":\"https:\\\/\\\/www.24gliwice.pl\\\/wiadomosci\\\/wp-content\\\/uploads\\\/2018\\\/04\\\/siem.jpg\",\"keywords\":[\"WOONERF\"],\"articleSection\":[\"Gliwice\",\"Najnowsze wiadomo\u015bci\",\"Portal Gliwice - Wiadomo\u015bci lokalne\"],\"inLanguage\":\"pl-PL\",\"potentialAction\":[{\"@type\":\"CommentAction\",\"name\":\"Comment\",\"target\":[\"https:\\\/\\\/www.24gliwice.pl\\\/wiadomosci\\\/na-sieminskiego-maja-rzadzic-piesi-policja-i-straz-miejska-poproszone-o-dodatkowe-kontrole\\\/#respond\"]}]},{\"@type\":\"WebPage\",\"@id\":\"https:\\\/\\\/www.24gliwice.pl\\\/wiadomosci\\\/na-sieminskiego-maja-rzadzic-piesi-policja-i-straz-miejska-poproszone-o-dodatkowe-kontrole\\\/\",\"url\":\"https:\\\/\\\/www.24gliwice.pl\\\/wiadomosci\\\/na-sieminskiego-maja-rzadzic-piesi-policja-i-straz-miejska-poproszone-o-dodatkowe-kontrole\\\/\",\"name\":\"Na Siemi\u0144skiego maj\u0105 rz\u0105dzi\u0107 piesi. Policja i Stra\u017c Miejska poproszone o dodatkowe kontrole - 24GLIWICE - Portal Gliwice | codziennie nowe informacje\",\"isPartOf\":{\"@id\":\"https:\\\/\\\/www.24gliwice.pl\\\/wiadomosci\\\/#website\"},\"primaryImageOfPage\":{\"@id\":\"https:\\\/\\\/www.24gliwice.pl\\\/wiadomosci\\\/na-sieminskiego-maja-rzadzic-piesi-policja-i-straz-miejska-poproszone-o-dodatkowe-kontrole\\\/#primaryimage\"},\"image\":{\"@id\":\"https:\\\/\\\/www.24gliwice.pl\\\/wiadomosci\\\/na-sieminskiego-maja-rzadzic-piesi-policja-i-straz-miejska-poproszone-o-dodatkowe-kontrole\\\/#primaryimage\"},\"thumbnailUrl\":\"https:\\\/\\\/www.24gliwice.pl\\\/wiadomosci\\\/wp-content\\\/uploads\\\/2018\\\/04\\\/siem.jpg\",\"datePublished\":\"2018-04-17T11:38:52+00:00\",\"dateModified\":\"2018-04-17T11:43:23+00:00\",\"breadcrumb\":{\"@id\":\"https:\\\/\\\/www.24gliwice.pl\\\/wiadomosci\\\/na-sieminskiego-maja-rzadzic-piesi-policja-i-straz-miejska-poproszone-o-dodatkowe-kontrole\\\/#breadcrumb\"},\"inLanguage\":\"pl-PL\",\"potentialAction\":[{\"@type\":\"ReadAction\",\"target\":[\"https:\\\/\\\/www.24gliwice.pl\\\/wiadomosci\\\/na-sieminskiego-maja-rzadzic-piesi-policja-i-straz-miejska-poproszone-o-dodatkowe-kontrole\\\/\"]}]},{\"@type\":\"ImageObject\",\"inLanguage\":\"pl-PL\",\"@id\":\"https:\\\/\\\/www.24gliwice.pl\\\/wiadomosci\\\/na-sieminskiego-maja-rzadzic-piesi-policja-i-straz-miejska-poproszone-o-dodatkowe-kontrole\\\/#primaryimage\",\"url\":\"https:\\\/\\\/www.24gliwice.pl\\\/wiadomosci\\\/wp-content\\\/uploads\\\/2018\\\/04\\\/siem.jpg\",\"contentUrl\":\"https:\\\/\\\/www.24gliwice.pl\\\/wiadomosci\\\/wp-content\\\/uploads\\\/2018\\\/04\\\/siem.jpg\",\"width\":2048,\"height\":1152},{\"@type\":\"BreadcrumbList\",\"@id\":\"https:\\\/\\\/www.24gliwice.pl\\\/wiadomosci\\\/na-sieminskiego-maja-rzadzic-piesi-policja-i-straz-miejska-poproszone-o-dodatkowe-kontrole\\\/#breadcrumb\",\"itemListElement\":[{\"@type\":\"ListItem\",\"position\":1,\"name\":\"Strona g\u0142\u00f3wna\",\"item\":\"https:\\\/\\\/www.24gliwice.pl\\\/wiadomosci\\\/\"},{\"@type\":\"ListItem\",\"position\":2,\"name\":\"Na Siemi\u0144skiego maj\u0105 rz\u0105dzi\u0107 piesi. Policja i Stra\u017c Miejska poproszone o dodatkowe kontrole\"}]},{\"@type\":\"WebSite\",\"@id\":\"https:\\\/\\\/www.24gliwice.pl\\\/wiadomosci\\\/#website\",\"url\":\"https:\\\/\\\/www.24gliwice.pl\\\/wiadomosci\\\/\",\"name\":\"24GLIWICE - Portal Gliwice | codziennie nowe wiadomo\u015bci\",\"description\":\"Portal Miejski Gliwice\",\"publisher\":{\"@id\":\"https:\\\/\\\/www.24gliwice.pl\\\/wiadomosci\\\/#organization\"},\"potentialAction\":[{\"@type\":\"SearchAction\",\"target\":{\"@type\":\"EntryPoint\",\"urlTemplate\":\"https:\\\/\\\/www.24gliwice.pl\\\/wiadomosci\\\/?s={search_term_string}\"},\"query-input\":{\"@type\":\"PropertyValueSpecification\",\"valueRequired\":true,\"valueName\":\"search_term_string\"}}],\"inLanguage\":\"pl-PL\"},{\"@type\":\"Organization\",\"@id\":\"https:\\\/\\\/www.24gliwice.pl\\\/wiadomosci\\\/#organization\",\"name\":\"24gliwice\",\"url\":\"https:\\\/\\\/www.24gliwice.pl\\\/wiadomosci\\\/\",\"logo\":{\"@type\":\"ImageObject\",\"inLanguage\":\"pl-PL\",\"@id\":\"https:\\\/\\\/www.24gliwice.pl\\\/wiadomosci\\\/#\\\/schema\\\/logo\\\/image\\\/\",\"url\":\"https:\\\/\\\/www.24gliwice.pl\\\/wiadomosci\\\/wp-content\\\/uploads\\\/2024\\\/10\\\/24gliwice-logo-696.jpg\",\"contentUrl\":\"https:\\\/\\\/www.24gliwice.pl\\\/wiadomosci\\\/wp-content\\\/uploads\\\/2024\\\/10\\\/24gliwice-logo-696.jpg\",\"width\":696,\"height\":696,\"caption\":\"24gliwice\"},\"image\":{\"@id\":\"https:\\\/\\\/www.24gliwice.pl\\\/wiadomosci\\\/#\\\/schema\\\/logo\\\/image\\\/\"},\"sameAs\":[\"https:\\\/\\\/www.facebook.com\\\/24gliwice\",\"https:\\\/\\\/x.com\\\/24gliwice\",\"https:\\\/\\\/www.youtube.com\\\/@24gliwice\"]},{\"@type\":\"Person\",\"@id\":\"https:\\\/\\\/www.24gliwice.pl\\\/wiadomosci\\\/#\\\/schema\\\/person\\\/940e8f8a097e322de4f463f061ef8d45\",\"name\":\"Micha\u0142 Szewczyk\",\"image\":{\"@type\":\"ImageObject\",\"inLanguage\":\"pl-PL\",\"@id\":\"https:\\\/\\\/secure.gravatar.com\\\/avatar\\\/771b8b6c74cd8d255e46392d605e01a86133900ef09b6ef3c8d451c9d92288cf?s=96&d=mm&r=g\",\"url\":\"https:\\\/\\\/secure.gravatar.com\\\/avatar\\\/771b8b6c74cd8d255e46392d605e01a86133900ef09b6ef3c8d451c9d92288cf?s=96&d=mm&r=g\",\"contentUrl\":\"https:\\\/\\\/secure.gravatar.com\\\/avatar\\\/771b8b6c74cd8d255e46392d605e01a86133900ef09b6ef3c8d451c9d92288cf?s=96&d=mm&r=g\",\"caption\":\"Micha\u0142 Szewczyk\"},\"sameAs\":[\"http:\\\/\\\/www.gazeta-miejska.pl\"],\"url\":\"https:\\\/\\\/www.24gliwice.pl\\\/wiadomosci\\\/author\\\/michal-szewczyk\\\/\"}]}<\/script>\n<!-- \/ Yoast SEO plugin. -->","yoast_head_json":{"title":"Na Siemi\u0144skiego maj\u0105 rz\u0105dzi\u0107 piesi. Policja i Stra\u017c Miejska poproszone o dodatkowe kontrole - 24GLIWICE - Portal Gliwice | codziennie nowe informacje","robots":{"index":"index","follow":"follow","max-snippet":"max-snippet:-1","max-image-preview":"max-image-preview:large","max-video-preview":"max-video-preview:-1"},"canonical":"https:\/\/www.24gliwice.pl\/wiadomosci\/na-sieminskiego-maja-rzadzic-piesi-policja-i-straz-miejska-poproszone-o-dodatkowe-kontrole\/","og_locale":"pl_PL","og_type":"article","og_title":"Na Siemi\u0144skiego maj\u0105 rz\u0105dzi\u0107 piesi. Policja i Stra\u017c Miejska poproszone o dodatkowe kontrole - 24GLIWICE - Portal Gliwice | codziennie nowe informacje","og_description":"Wyrozumiale, ale konsekwentnie &#8211; tak w skr\u00f3cie maj\u0105 wygl\u0105da\u0107 dzia\u0142ania s\u0142u\u017cb mundurowych na ul. Siemi\u0144skiego. Na pe\u0142nej d\u0142ugo\u015bci tzw. woonerfu (miejskiego podw\u00f3rca) piesi maj\u0105 bezwzgl\u0119dne pierwsze\u0144stwo przed samochodami i mog\u0105 korzysta\u0107 z ca\u0142ej szeroko\u015bci drogi. Na razie to jednak g\u0142\u00f3wnie teoria, a str\u00f3\u017ce prawa skupiaj\u0105 si\u0119 przede wszystkim na nieprawid\u0142owym parkowaniu b\u0105d\u017a tamowaniu ruchu samochod\u00f3w. [&hellip;]","og_url":"https:\/\/www.24gliwice.pl\/wiadomosci\/na-sieminskiego-maja-rzadzic-piesi-policja-i-straz-miejska-poproszone-o-dodatkowe-kontrole\/","og_site_name":"24GLIWICE - Portal Gliwice | codziennie nowe informacje","article_publisher":"https:\/\/www.facebook.com\/24gliwice","article_published_time":"2018-04-17T11:38:52+00:00","article_modified_time":"2018-04-17T11:43:23+00:00","og_image":[{"width":2048,"height":1152,"url":"https:\/\/www.24gliwice.pl\/wiadomosci\/wp-content\/uploads\/2018\/04\/siem.jpg","type":"image\/jpeg"}],"author":"Micha\u0142 Szewczyk","twitter_card":"summary_large_image","twitter_creator":"@24gliwice","twitter_site":"@24gliwice","twitter_misc":{"Napisane przez":"Micha\u0142 Szewczyk","Szacowany czas czytania":"2 minuty"},"schema":{"@context":"https:\/\/schema.org","@graph":[{"@type":"Article","@id":"https:\/\/www.24gliwice.pl\/wiadomosci\/na-sieminskiego-maja-rzadzic-piesi-policja-i-straz-miejska-poproszone-o-dodatkowe-kontrole\/#article","isPartOf":{"@id":"https:\/\/www.24gliwice.pl\/wiadomosci\/na-sieminskiego-maja-rzadzic-piesi-policja-i-straz-miejska-poproszone-o-dodatkowe-kontrole\/"},"author":{"name":"Micha\u0142 Szewczyk","@id":"https:\/\/www.24gliwice.pl\/wiadomosci\/#\/schema\/person\/940e8f8a097e322de4f463f061ef8d45"},"headline":"Na Siemi\u0144skiego maj\u0105 rz\u0105dzi\u0107 piesi. Policja i Stra\u017c Miejska poproszone o dodatkowe kontrole","datePublished":"2018-04-17T11:38:52+00:00","dateModified":"2018-04-17T11:43:23+00:00","mainEntityOfPage":{"@id":"https:\/\/www.24gliwice.pl\/wiadomosci\/na-sieminskiego-maja-rzadzic-piesi-policja-i-straz-miejska-poproszone-o-dodatkowe-kontrole\/"},"wordCount":494,"commentCount":0,"publisher":{"@id":"https:\/\/www.24gliwice.pl\/wiadomosci\/#organization"},"image":{"@id":"https:\/\/www.24gliwice.pl\/wiadomosci\/na-sieminskiego-maja-rzadzic-piesi-policja-i-straz-miejska-poproszone-o-dodatkowe-kontrole\/#primaryimage"},"thumbnailUrl":"https:\/\/www.24gliwice.pl\/wiadomosci\/wp-content\/uploads\/2018\/04\/siem.jpg","keywords":["WOONERF"],"articleSection":["Gliwice","Najnowsze wiadomo\u015bci","Portal Gliwice - Wiadomo\u015bci lokalne"],"inLanguage":"pl-PL","potentialAction":[{"@type":"CommentAction","name":"Comment","target":["https:\/\/www.24gliwice.pl\/wiadomosci\/na-sieminskiego-maja-rzadzic-piesi-policja-i-straz-miejska-poproszone-o-dodatkowe-kontrole\/#respond"]}]},{"@type":"WebPage","@id":"https:\/\/www.24gliwice.pl\/wiadomosci\/na-sieminskiego-maja-rzadzic-piesi-policja-i-straz-miejska-poproszone-o-dodatkowe-kontrole\/","url":"https:\/\/www.24gliwice.pl\/wiadomosci\/na-sieminskiego-maja-rzadzic-piesi-policja-i-straz-miejska-poproszone-o-dodatkowe-kontrole\/","name":"Na Siemi\u0144skiego maj\u0105 rz\u0105dzi\u0107 piesi. Policja i Stra\u017c Miejska poproszone o dodatkowe kontrole - 24GLIWICE - Portal Gliwice | codziennie nowe informacje","isPartOf":{"@id":"https:\/\/www.24gliwice.pl\/wiadomosci\/#website"},"primaryImageOfPage":{"@id":"https:\/\/www.24gliwice.pl\/wiadomosci\/na-sieminskiego-maja-rzadzic-piesi-policja-i-straz-miejska-poproszone-o-dodatkowe-kontrole\/#primaryimage"},"image":{"@id":"https:\/\/www.24gliwice.pl\/wiadomosci\/na-sieminskiego-maja-rzadzic-piesi-policja-i-straz-miejska-poproszone-o-dodatkowe-kontrole\/#primaryimage"},"thumbnailUrl":"https:\/\/www.24gliwice.pl\/wiadomosci\/wp-content\/uploads\/2018\/04\/siem.jpg","datePublished":"2018-04-17T11:38:52+00:00","dateModified":"2018-04-17T11:43:23+00:00","breadcrumb":{"@id":"https:\/\/www.24gliwice.pl\/wiadomosci\/na-sieminskiego-maja-rzadzic-piesi-policja-i-straz-miejska-poproszone-o-dodatkowe-kontrole\/#breadcrumb"},"inLanguage":"pl-PL","potentialAction":[{"@type":"ReadAction","target":["https:\/\/www.24gliwice.pl\/wiadomosci\/na-sieminskiego-maja-rzadzic-piesi-policja-i-straz-miejska-poproszone-o-dodatkowe-kontrole\/"]}]},{"@type":"ImageObject","inLanguage":"pl-PL","@id":"https:\/\/www.24gliwice.pl\/wiadomosci\/na-sieminskiego-maja-rzadzic-piesi-policja-i-straz-miejska-poproszone-o-dodatkowe-kontrole\/#primaryimage","url":"https:\/\/www.24gliwice.pl\/wiadomosci\/wp-content\/uploads\/2018\/04\/siem.jpg","contentUrl":"https:\/\/www.24gliwice.pl\/wiadomosci\/wp-content\/uploads\/2018\/04\/siem.jpg","width":2048,"height":1152},{"@type":"BreadcrumbList","@id":"https:\/\/www.24gliwice.pl\/wiadomosci\/na-sieminskiego-maja-rzadzic-piesi-policja-i-straz-miejska-poproszone-o-dodatkowe-kontrole\/#breadcrumb","itemListElement":[{"@type":"ListItem","position":1,"name":"Strona g\u0142\u00f3wna","item":"https:\/\/www.24gliwice.pl\/wiadomosci\/"},{"@type":"ListItem","position":2,"name":"Na Siemi\u0144skiego maj\u0105 rz\u0105dzi\u0107 piesi. Policja i Stra\u017c Miejska poproszone o dodatkowe kontrole"}]},{"@type":"WebSite","@id":"https:\/\/www.24gliwice.pl\/wiadomosci\/#website","url":"https:\/\/www.24gliwice.pl\/wiadomosci\/","name":"24GLIWICE - Portal Gliwice | codziennie nowe wiadomo\u015bci","description":"Portal Miejski Gliwice","publisher":{"@id":"https:\/\/www.24gliwice.pl\/wiadomosci\/#organization"},"potentialAction":[{"@type":"SearchAction","target":{"@type":"EntryPoint","urlTemplate":"https:\/\/www.24gliwice.pl\/wiadomosci\/?s={search_term_string}"},"query-input":{"@type":"PropertyValueSpecification","valueRequired":true,"valueName":"search_term_string"}}],"inLanguage":"pl-PL"},{"@type":"Organization","@id":"https:\/\/www.24gliwice.pl\/wiadomosci\/#organization","name":"24gliwice","url":"https:\/\/www.24gliwice.pl\/wiadomosci\/","logo":{"@type":"ImageObject","inLanguage":"pl-PL","@id":"https:\/\/www.24gliwice.pl\/wiadomosci\/#\/schema\/logo\/image\/","url":"https:\/\/www.24gliwice.pl\/wiadomosci\/wp-content\/uploads\/2024\/10\/24gliwice-logo-696.jpg","contentUrl":"https:\/\/www.24gliwice.pl\/wiadomosci\/wp-content\/uploads\/2024\/10\/24gliwice-logo-696.jpg","width":696,"height":696,"caption":"24gliwice"},"image":{"@id":"https:\/\/www.24gliwice.pl\/wiadomosci\/#\/schema\/logo\/image\/"},"sameAs":["https:\/\/www.facebook.com\/24gliwice","https:\/\/x.com\/24gliwice","https:\/\/www.youtube.com\/@24gliwice"]},{"@type":"Person","@id":"https:\/\/www.24gliwice.pl\/wiadomosci\/#\/schema\/person\/940e8f8a097e322de4f463f061ef8d45","name":"Micha\u0142 Szewczyk","image":{"@type":"ImageObject","inLanguage":"pl-PL","@id":"https:\/\/secure.gravatar.com\/avatar\/771b8b6c74cd8d255e46392d605e01a86133900ef09b6ef3c8d451c9d92288cf?s=96&d=mm&r=g","url":"https:\/\/secure.gravatar.com\/avatar\/771b8b6c74cd8d255e46392d605e01a86133900ef09b6ef3c8d451c9d92288cf?s=96&d=mm&r=g","contentUrl":"https:\/\/secure.gravatar.com\/avatar\/771b8b6c74cd8d255e46392d605e01a86133900ef09b6ef3c8d451c9d92288cf?s=96&d=mm&r=g","caption":"Micha\u0142 Szewczyk"},"sameAs":["http:\/\/www.gazeta-miejska.pl"],"url":"https:\/\/www.24gliwice.pl\/wiadomosci\/author\/michal-szewczyk\/"}]}},"_links":{"self":[{"href":"https:\/\/www.24gliwice.pl\/wiadomosci\/wp-json\/wp\/v2\/posts\/115790","targetHints":{"allow":["GET"]}}],"collection":[{"href":"https:\/\/www.24gliwice.pl\/wiadomosci\/wp-json\/wp\/v2\/posts"}],"about":[{"href":"https:\/\/www.24gliwice.pl\/wiadomosci\/wp-json\/wp\/v2\/types\/post"}],"author":[{"embeddable":true,"href":"https:\/\/www.24gliwice.pl\/wiadomosci\/wp-json\/wp\/v2\/users\/12"}],"replies":[{"embeddable":true,"href":"https:\/\/www.24gliwice.pl\/wiadomosci\/wp-json\/wp\/v2\/comments?post=115790"}],"version-history":[{"count":0,"href":"https:\/\/www.24gliwice.pl\/wiadomosci\/wp-json\/wp\/v2\/posts\/115790\/revisions"}],"wp:featuredmedia":[{"embeddable":true,"href":"https:\/\/www.24gliwice.pl\/wiadomosci\/wp-json\/wp\/v2\/media\/115793"}],"wp:attachment":[{"href":"https:\/\/www.24gliwice.pl\/wiadomosci\/wp-json\/wp\/v2\/media?parent=115790"}],"wp:term":[{"taxonomy":"category","embeddable":true,"href":"https:\/\/www.24gliwice.pl\/wiadomosci\/wp-json\/wp\/v2\/categories?post=115790"},{"taxonomy":"post_tag","embeddable":true,"href":"https:\/\/www.24gliwice.pl\/wiadomosci\/wp-json\/wp\/v2\/tags?post=115790"}],"curies":[{"name":"wp","href":"https:\/\/api.w.org\/{rel}","templated":true}]}}