{"id":115796,"date":"2018-04-19T02:53:48","date_gmt":"2018-04-19T00:53:48","guid":{"rendered":"https:\/\/www.24gliwice.pl\/wiadomosci\/?p=115796"},"modified":"2018-04-19T02:53:48","modified_gmt":"2018-04-19T00:53:48","slug":"coraz-mniej-wolnych-miejsc-problemy-z-rotacja-w-strefie-platnego-parkowania","status":"publish","type":"post","link":"https:\/\/www.24gliwice.pl\/wiadomosci\/coraz-mniej-wolnych-miejsc-problemy-z-rotacja-w-strefie-platnego-parkowania\/","title":{"rendered":"Coraz mniej wolnych miejsc, a p\u0142aci\u0107 trzeba. Rosn\u0105 problemy z rotacj\u0105 w Strefie P\u0142atnego Parkowania"},"content":{"rendered":"<div class=\"gliwi-a6-nad-leadem-artykulow gliwi-entity-placement\" id=\"gliwi-2126892060\"><div class=\"gliwi-adlabel\"><span style=\"font-size: 9px\">REKLAMA<\/span><\/div><div id=\"gliwi-990229985\" style=\"margin-bottom: 25px;margin-left: auto;margin-right: auto;text-align: center;\"><a data-no-instant=\"1\" href=\"https:\/\/dom100.eu\/\" rel=\"noopener\" class=\"a2t-link\" target=\"_blank\" aria-label=\"20260415 DOM100 D\"><img loading=\"lazy\" decoding=\"async\" src=\"https:\/\/www.24gliwice.pl\/wiadomosci\/wp-content\/uploads\/2026\/04\/20260415-DOM100-D.jpg\" alt=\"\"  srcset=\"https:\/\/www.24gliwice.pl\/wiadomosci\/wp-content\/uploads\/2026\/04\/20260415-DOM100-D.jpg 750w, https:\/\/www.24gliwice.pl\/wiadomosci\/wp-content\/uploads\/2026\/04\/20260415-DOM100-D-410x109.jpg 410w\" sizes=\"(max-width: 750px) 100vw, 750px\" class=\"no-lazyload\" width=\"750\" height=\"200\"  style=\"display: inline-block; max-width: 100%; height: auto;\" \/><\/a><\/div><\/div><h3>Narasta problem braku wolnych miejsc w Strefie P\u0142atnego Parkowania. &#8211; Ich zaj\u0119to\u015b\u0107 w podstrefie B wynios\u0142a 77% &#8211; m\u00f3wi\u0105 urz\u0119dnicy i prezentuj\u0105 dane. S\u0119k w tym, \u017ce zestawienia nie uwzgl\u0119dniaj\u0105&#8230; Abonament\u00f3w Mieszka\u0144ca i rycza\u0142t\u00f3w wielodniowych.<\/h3>\n<p>Na papierze problemu nie ma. Wed\u0142ug statystyk, w rejonie star\u00f3wki strefa \u015bwieci pustkami, a ponad 3\/4 miejsc postojowych jest wolnych (zaj\u0119to\u015b\u0107 w podstrefie A wed\u0142ug Zarz\u0105du Dr\u00f3g Miejskich to 23%).<br \/>\n&#8211; Nie uwzgl\u0119dniamy posiadaczy Abonament\u00f3w Mieszka\u0144ca i Rycza\u0142t\u00f3w Wielodniowych z uwagi na brak mo\u017cliwo\u015bci okre\u015blenia, w jakich okresach czasowych oraz rejonach SPP dokonuj\u0105 postoju swoich pojazd\u00f3w, a tym samym nie mo\u017cna okre\u015bli\u0107 szacunkowo o ile mo\u017ce wzrosn\u0105\u0107 procent zaj\u0119to\u015bci miejsc &#8211; wyja\u015bnia <strong>Dawid Och\u00f3d<\/strong> p.o. zast\u0119pcy dyrektora w gliwickim ZDM.<\/p>\n<p>Co wi\u0119cej, jak twierdzi ZDM &#8220;nie mo\u017cna wyr\u00f3\u017cni\u0107 zaj\u0119to\u015bci miejsc konkretnie dla wybranych ulic&#8221;. Je\u017celi takimi danymi dysponuje Magistrat, trudno dziwi\u0107 si\u0119, \u017ce przez ostatni rok nikt w urz\u0119dzie nie zainteresowa\u0142 si\u0119 narastaj\u0105cym problemem. Skargi i pro\u015bby o pomoc dociera\u0142y natomiast do Rady Osiedlowej \u015ar\u00f3dmie\u015bcie.<\/p><div class=\"gliwi-a3-w-tresci-artykulow gliwi-entity-placement\" id=\"gliwi-2038125494\"><div class=\"gliwi-adlabel\"><span style=\"font-size: 9px\">REKLAMA<\/span><\/div><div id=\"gliwi-2937200680\" style=\"margin-bottom: 30px;margin-left: auto;margin-right: auto;text-align: center;\"><a data-no-instant=\"1\" href=\"https:\/\/zlobek.halogen.org.pl\/\" rel=\"noopener\" class=\"a2t-link\" target=\"_blank\" aria-label=\"animator-zlobek_750x200\"><img loading=\"lazy\" decoding=\"async\" src=\"https:\/\/www.24gliwice.pl\/wiadomosci\/wp-content\/uploads\/2026\/02\/animator-zlobek_750x200.webp\" alt=\"\"  srcset=\"https:\/\/www.24gliwice.pl\/wiadomosci\/wp-content\/uploads\/2026\/02\/animator-zlobek_750x200.webp 750w, https:\/\/www.24gliwice.pl\/wiadomosci\/wp-content\/uploads\/2026\/02\/animator-zlobek_750x200-410x109.webp 410w\" sizes=\"(max-width: 750px) 100vw, 750px\" class=\"no-lazyload\" width=\"750\" height=\"200\"  style=\"display: inline-block; max-width: 100%; height: auto;\" \/><\/a><\/div><\/div>\n<blockquote><p>&#8211; Otrzymujemy zg\u0142oszenia, \u017ce z miesi\u0105ca na miesi\u0105c coraz trudniej znale\u017a\u0107 miejsce parkingowe. Za chwil\u0119 wr\u00f3cimy do punktu wyj\u015bcia, tyle, \u017ce p\u0142aci\u0107 nadal b\u0119dzie trzeba<\/p><\/blockquote>\n<p>&#8211; komentuje <strong>Petros Tovmasyan<\/strong> z RO \u015ar\u00f3dmie\u015bcie.<\/p>\n<p><img loading=\"lazy\" decoding=\"async\" class=\"aligncenter size-full wp-image-116040\" src=\"https:\/\/www.24gliwice.pl\/wiadomosci\/wp-content\/uploads\/2018\/04\/1-parkowanie-gliwice-tablica-led.jpg\" alt=\"\" width=\"810\" height=\"456\" srcset=\"https:\/\/www.24gliwice.pl\/wiadomosci\/wp-content\/uploads\/2018\/04\/1-parkowanie-gliwice-tablica-led.jpg 810w, https:\/\/www.24gliwice.pl\/wiadomosci\/wp-content\/uploads\/2018\/04\/1-parkowanie-gliwice-tablica-led-410x232.jpg 410w, https:\/\/www.24gliwice.pl\/wiadomosci\/wp-content\/uploads\/2018\/04\/1-parkowanie-gliwice-tablica-led-768x432.jpg 768w, https:\/\/www.24gliwice.pl\/wiadomosci\/wp-content\/uploads\/2018\/04\/1-parkowanie-gliwice-tablica-led-808x455.jpg 808w\" sizes=\"auto, (max-width: 810px) 100vw, 810px\" \/><\/p>\n<h4>&#8220;MIESZKA\u0143C\u00d3W&#8221; PRZYBYWA<\/h4>\n<p>W jakim stopniu przytaczane przez urz\u0119dnik\u00f3w liczby obci\u0105\u017cone s\u0105 grzechem niedoszacowania? W 2017 roku wydano 3357 Abonament\u00f3w Mieszka\u0144ca, najwi\u0119cej w historii SPP. Natomiast ca\u0142o\u015bciowa liczba miejsc parkingowych w SPP to oko\u0142o 2800. \u0141atwo wi\u0119c zauwa\u017cy\u0107, \u017ce nawet pomijaj\u0105c rycza\u0142ty, abonamenty znacznie podwy\u017cszaj\u0105 prezentowane kalkulacje.<\/p>\n[perfectpullquote align=&#8221;full&#8221; bordertop=&#8221;false&#8221; cite=&#8221;&#8221; link=&#8221;&#8221; color=&#8221;&#8221; class=&#8221;&#8221; size=&#8221;&#8221;]Za\u0142o\u017cenia jednak by\u0142y inne. W ci\u0105gu dnia mieszka\u0144cy mieli zwalnia\u0107 miejsca, kt\u00f3re przypada\u0142aby przyjezdnym. [\/perfectpullquote]\n<p>Problem w tym, \u017ce po Abonament Mieszka\u0144ca cz\u0119sto si\u0119gaj\u0105 osoby spoza Gliwic np. pracownicy firm meldowani przez pracodawc\u00f3w na pobyt czasowy. W internecie jeszcze w ubieg\u0142ym roku mo\u017cna by\u0142o znale\u017a\u0107 og\u0142oszenia z ofert\u0105 zameldowania w mieszkaniu na star\u00f3wce.<\/p>\n<p>Zainteresowanie abonamentem nie dziwi, bo zapewnia spore oszcz\u0119dno\u015bci. Jego roczny koszt to 120 z\u0142otych. W przypadku rycza\u0142tu wielodniowego, w ci\u0105gu tygodnia trzeba liczy\u0107 si\u0119 z zap\u0142at\u0105 37,5 z\u0142otych. Abonament zwraca si\u0119 wi\u0119c ju\u017c po niespe\u0142na miesi\u0105cu. Jeszcze w ubieg\u0142ym roku, wydawa\u0142o si\u0119, \u017ce urz\u0119dnik\u00f3w do uszczelnienia uchwa\u0142y o gliwickiej SPP zmusz\u0105 og\u00f3lnokrajowe przepisy, a konkretnie nowelizacja ustawy o ewidencji ludno\u015bci, przewiduj\u0105ca zniesienie obowi\u0105zku meldunkowego. W\u00f3wczas odpad\u0142aby g\u0142\u00f3wna przes\u0142anka decyduj\u0105ca obecnie o otrzymaniu Abonamentu. Rz\u0105d jednak wycofa\u0142 si\u0119 z pomys\u0142u, wi\u0119c nie trzeba te\u017c zmienia\u0107 gliwickich regulacji.<\/p>\n<h4>NIE DLA WZROSTU OP\u0141ATY PARKINGOWEJ<\/h4>\n<p>W niedawno zaprezentowanym badaniu CBOS, urz\u0119dnicy zwr\u00f3cili si\u0119 do gliwiczan o ocen\u0119 p\u0142atnego parkowania w mie\u015bcie. W ankiecie pad\u0142y pytania m.in. o rozszerzenie SPP. Ankietowani podzielili si\u0119 niemal po po\u0142owie. 44% badanych popar\u0142o ten pomys\u0142, 38% by\u0142o przeciw. Z kolei a\u017c 63% gliwiczan jest przeciwnych podniesieniu op\u0142at parkingowych (przy 16% za). Fakt pojawienia si\u0119 takich pyta\u0144 w ankiecie wzbudzi\u0142 jednak podejrzenia o plany dotycz\u0105ce przysz\u0142o\u015bci gliwickiej strefy. ZDM na razie ucina spekulacje i zapewnia, \u017ce cennik op\u0142at nie zostanie zmieniony.<\/p>\n<p>&#8211; Na chwile obecn\u0105 tutejszy Zarz\u0105d Dr\u00f3g Miejskich nie przewiduje rozszerzenia obszaru SPP jak r\u00f3wnie\u017c zmiany obowi\u0105zuj\u0105cych stawek za post\u00f3j &#8211; komentuje Dawid Och\u00f3d.<\/p>\n<p>Strefa P\u0142atnego Parkowania wystartowa\u0142a w sierpniu 2015 roku. Tylko w 2017 roku wniesiono 1 609 392 op\u0142at parkingowych.<\/p>\n<p>Micha\u0142 Szewczyk<\/p>\n<div class=\"gliwi-a5-na-koncu-artykulow gliwi-entity-placement\" id=\"gliwi-2543160708\"><div class=\"gliwi-adlabel\"><span style=\"font-size: 9px\">REKLAMA<\/span><\/div><div id=\"gliwi-760929570\" style=\"margin-left: auto;margin-right: auto;text-align: center;\"><a data-no-instant=\"1\" href=\"https:\/\/prezeroarenagliwice.pl\/\" rel=\"noopener\" class=\"a2t-link\" target=\"_blank\" aria-label=\"20260309-PREZERO-WIOSNA-D\"><img loading=\"lazy\" decoding=\"async\" src=\"https:\/\/www.24gliwice.pl\/wiadomosci\/wp-content\/uploads\/2026\/03\/20260309-PREZERO-WIOSNA-D.webp\" alt=\"\"  srcset=\"https:\/\/www.24gliwice.pl\/wiadomosci\/wp-content\/uploads\/2026\/03\/20260309-PREZERO-WIOSNA-D.webp 750w, https:\/\/www.24gliwice.pl\/wiadomosci\/wp-content\/uploads\/2026\/03\/20260309-PREZERO-WIOSNA-D-410x109.webp 410w\" sizes=\"(max-width: 750px) 100vw, 750px\" class=\"no-lazyload\" width=\"750\" height=\"200\"  style=\"display: inline-block; max-width: 100%; height: auto;\" \/><\/a><\/div><\/div>","protected":false},"excerpt":{"rendered":"<p>Narasta problem braku wolnych miejsc w Strefie P\u0142atnego Parkowania. &#8211; Ich zaj\u0119to\u015b\u0107 w podstrefie B wynios\u0142a 77% &#8211; m\u00f3wi\u0105 urz\u0119dnicy i prezentuj\u0105 dane. S\u0119k w tym, \u017ce zestawienia nie uwzgl\u0119dniaj\u0105&#8230; Abonament\u00f3w Mieszka\u0144ca i rycza\u0142t\u00f3w wielodniowych. Na papierze problemu nie ma. Wed\u0142ug statystyk, w rejonie star\u00f3wki strefa \u015bwieci pustkami, a ponad 3\/4 miejsc postojowych jest wolnych [&hellip;]<\/p>\n","protected":false},"author":12,"featured_media":115794,"comment_status":"open","ping_status":"closed","sticky":false,"template":"","format":"standard","meta":{"_monsterinsights_skip_tracking":false,"_monsterinsights_sitenote_active":false,"_monsterinsights_sitenote_note":"","_monsterinsights_sitenote_category":0,"footnotes":"","_links_to":"","_links_to_target":""},"categories":[3,1,9],"tags":[12128,5334,6826,316,9468,9288],"class_list":["post-115796","post","type-post","status-publish","format-standard","has-post-thumbnail","hentry","category-gliwice","category-wszystko","category-aktualnosci_lokalne","tag-anna-gilner","tag-dawid-ochod","tag-mariusz-kopec","tag-petros-tovmasyan","tag-spp","tag-strefa-platnego-parkowania-gliwice"],"yoast_head":"<!-- This site is optimized with the Yoast SEO plugin v27.5 - https:\/\/yoast.com\/product\/yoast-seo-wordpress\/ -->\n<title>Coraz mniej wolnych miejsc, a p\u0142aci\u0107 trzeba. Rosn\u0105 problemy z rotacj\u0105 w Strefie P\u0142atnego Parkowania - 24GLIWICE - Portal Gliwice | codziennie nowe informacje<\/title>\n<meta name=\"robots\" content=\"index, follow, max-snippet:-1, max-image-preview:large, max-video-preview:-1\" \/>\n<link rel=\"canonical\" href=\"https:\/\/www.24gliwice.pl\/wiadomosci\/coraz-mniej-wolnych-miejsc-problemy-z-rotacja-w-strefie-platnego-parkowania\/\" \/>\n<meta property=\"og:locale\" content=\"pl_PL\" \/>\n<meta property=\"og:type\" content=\"article\" \/>\n<meta property=\"og:title\" content=\"Coraz mniej wolnych miejsc, a p\u0142aci\u0107 trzeba. Rosn\u0105 problemy z rotacj\u0105 w Strefie P\u0142atnego Parkowania - 24GLIWICE - Portal Gliwice | codziennie nowe informacje\" \/>\n<meta property=\"og:description\" content=\"Narasta problem braku wolnych miejsc w Strefie P\u0142atnego Parkowania. &#8211; Ich zaj\u0119to\u015b\u0107 w podstrefie B wynios\u0142a 77% &#8211; m\u00f3wi\u0105 urz\u0119dnicy i prezentuj\u0105 dane. S\u0119k w tym, \u017ce zestawienia nie uwzgl\u0119dniaj\u0105&#8230; Abonament\u00f3w Mieszka\u0144ca i rycza\u0142t\u00f3w wielodniowych. Na papierze problemu nie ma. Wed\u0142ug statystyk, w rejonie star\u00f3wki strefa \u015bwieci pustkami, a ponad 3\/4 miejsc postojowych jest wolnych [&hellip;]\" \/>\n<meta property=\"og:url\" content=\"https:\/\/www.24gliwice.pl\/wiadomosci\/coraz-mniej-wolnych-miejsc-problemy-z-rotacja-w-strefie-platnego-parkowania\/\" \/>\n<meta property=\"og:site_name\" content=\"24GLIWICE - Portal Gliwice | codziennie nowe informacje\" \/>\n<meta property=\"article:publisher\" content=\"https:\/\/www.facebook.com\/24gliwice\" \/>\n<meta property=\"article:published_time\" content=\"2018-04-19T00:53:48+00:00\" \/>\n<meta property=\"og:image\" content=\"https:\/\/www.24gliwice.pl\/wiadomosci\/wp-content\/uploads\/2018\/04\/spp2.jpg\" \/>\n\t<meta property=\"og:image:width\" content=\"2048\" \/>\n\t<meta property=\"og:image:height\" content=\"1152\" \/>\n\t<meta property=\"og:image:type\" content=\"image\/jpeg\" \/>\n<meta name=\"author\" content=\"Micha\u0142 Szewczyk\" \/>\n<meta name=\"twitter:card\" content=\"summary_large_image\" \/>\n<meta name=\"twitter:creator\" content=\"@24gliwice\" \/>\n<meta name=\"twitter:site\" content=\"@24gliwice\" \/>\n<meta name=\"twitter:label1\" content=\"Napisane przez\" \/>\n\t<meta name=\"twitter:data1\" content=\"Micha\u0142 Szewczyk\" \/>\n\t<meta name=\"twitter:label2\" content=\"Szacowany czas czytania\" \/>\n\t<meta name=\"twitter:data2\" content=\"3 minuty\" \/>\n<script type=\"application\/ld+json\" class=\"yoast-schema-graph\">{\"@context\":\"https:\\\/\\\/schema.org\",\"@graph\":[{\"@type\":\"Article\",\"@id\":\"https:\\\/\\\/www.24gliwice.pl\\\/wiadomosci\\\/coraz-mniej-wolnych-miejsc-problemy-z-rotacja-w-strefie-platnego-parkowania\\\/#article\",\"isPartOf\":{\"@id\":\"https:\\\/\\\/www.24gliwice.pl\\\/wiadomosci\\\/coraz-mniej-wolnych-miejsc-problemy-z-rotacja-w-strefie-platnego-parkowania\\\/\"},\"author\":{\"name\":\"Micha\u0142 Szewczyk\",\"@id\":\"https:\\\/\\\/www.24gliwice.pl\\\/wiadomosci\\\/#\\\/schema\\\/person\\\/940e8f8a097e322de4f463f061ef8d45\"},\"headline\":\"Coraz mniej wolnych miejsc, a p\u0142aci\u0107 trzeba. Rosn\u0105 problemy z rotacj\u0105 w Strefie P\u0142atnego Parkowania\",\"datePublished\":\"2018-04-19T00:53:48+00:00\",\"mainEntityOfPage\":{\"@id\":\"https:\\\/\\\/www.24gliwice.pl\\\/wiadomosci\\\/coraz-mniej-wolnych-miejsc-problemy-z-rotacja-w-strefie-platnego-parkowania\\\/\"},\"wordCount\":656,\"commentCount\":0,\"publisher\":{\"@id\":\"https:\\\/\\\/www.24gliwice.pl\\\/wiadomosci\\\/#organization\"},\"image\":{\"@id\":\"https:\\\/\\\/www.24gliwice.pl\\\/wiadomosci\\\/coraz-mniej-wolnych-miejsc-problemy-z-rotacja-w-strefie-platnego-parkowania\\\/#primaryimage\"},\"thumbnailUrl\":\"https:\\\/\\\/www.24gliwice.pl\\\/wiadomosci\\\/wp-content\\\/uploads\\\/2018\\\/04\\\/spp2.jpg\",\"keywords\":[\"anna gilner\",\"DAWID OCH\u00d3D\",\"MARIUSZ KOPE\u0106\",\"Petros Tovmasyan\",\"SPP\",\"strefa p\u0142atnego parkowania gliwice\"],\"articleSection\":[\"Gliwice\",\"Najnowsze wiadomo\u015bci\",\"Portal Gliwice - Wiadomo\u015bci lokalne\"],\"inLanguage\":\"pl-PL\",\"potentialAction\":[{\"@type\":\"CommentAction\",\"name\":\"Comment\",\"target\":[\"https:\\\/\\\/www.24gliwice.pl\\\/wiadomosci\\\/coraz-mniej-wolnych-miejsc-problemy-z-rotacja-w-strefie-platnego-parkowania\\\/#respond\"]}]},{\"@type\":\"WebPage\",\"@id\":\"https:\\\/\\\/www.24gliwice.pl\\\/wiadomosci\\\/coraz-mniej-wolnych-miejsc-problemy-z-rotacja-w-strefie-platnego-parkowania\\\/\",\"url\":\"https:\\\/\\\/www.24gliwice.pl\\\/wiadomosci\\\/coraz-mniej-wolnych-miejsc-problemy-z-rotacja-w-strefie-platnego-parkowania\\\/\",\"name\":\"Coraz mniej wolnych miejsc, a p\u0142aci\u0107 trzeba. Rosn\u0105 problemy z rotacj\u0105 w Strefie P\u0142atnego Parkowania - 24GLIWICE - Portal Gliwice | codziennie nowe informacje\",\"isPartOf\":{\"@id\":\"https:\\\/\\\/www.24gliwice.pl\\\/wiadomosci\\\/#website\"},\"primaryImageOfPage\":{\"@id\":\"https:\\\/\\\/www.24gliwice.pl\\\/wiadomosci\\\/coraz-mniej-wolnych-miejsc-problemy-z-rotacja-w-strefie-platnego-parkowania\\\/#primaryimage\"},\"image\":{\"@id\":\"https:\\\/\\\/www.24gliwice.pl\\\/wiadomosci\\\/coraz-mniej-wolnych-miejsc-problemy-z-rotacja-w-strefie-platnego-parkowania\\\/#primaryimage\"},\"thumbnailUrl\":\"https:\\\/\\\/www.24gliwice.pl\\\/wiadomosci\\\/wp-content\\\/uploads\\\/2018\\\/04\\\/spp2.jpg\",\"datePublished\":\"2018-04-19T00:53:48+00:00\",\"breadcrumb\":{\"@id\":\"https:\\\/\\\/www.24gliwice.pl\\\/wiadomosci\\\/coraz-mniej-wolnych-miejsc-problemy-z-rotacja-w-strefie-platnego-parkowania\\\/#breadcrumb\"},\"inLanguage\":\"pl-PL\",\"potentialAction\":[{\"@type\":\"ReadAction\",\"target\":[\"https:\\\/\\\/www.24gliwice.pl\\\/wiadomosci\\\/coraz-mniej-wolnych-miejsc-problemy-z-rotacja-w-strefie-platnego-parkowania\\\/\"]}]},{\"@type\":\"ImageObject\",\"inLanguage\":\"pl-PL\",\"@id\":\"https:\\\/\\\/www.24gliwice.pl\\\/wiadomosci\\\/coraz-mniej-wolnych-miejsc-problemy-z-rotacja-w-strefie-platnego-parkowania\\\/#primaryimage\",\"url\":\"https:\\\/\\\/www.24gliwice.pl\\\/wiadomosci\\\/wp-content\\\/uploads\\\/2018\\\/04\\\/spp2.jpg\",\"contentUrl\":\"https:\\\/\\\/www.24gliwice.pl\\\/wiadomosci\\\/wp-content\\\/uploads\\\/2018\\\/04\\\/spp2.jpg\",\"width\":2048,\"height\":1152},{\"@type\":\"BreadcrumbList\",\"@id\":\"https:\\\/\\\/www.24gliwice.pl\\\/wiadomosci\\\/coraz-mniej-wolnych-miejsc-problemy-z-rotacja-w-strefie-platnego-parkowania\\\/#breadcrumb\",\"itemListElement\":[{\"@type\":\"ListItem\",\"position\":1,\"name\":\"Strona g\u0142\u00f3wna\",\"item\":\"https:\\\/\\\/www.24gliwice.pl\\\/wiadomosci\\\/\"},{\"@type\":\"ListItem\",\"position\":2,\"name\":\"Coraz mniej wolnych miejsc, a p\u0142aci\u0107 trzeba. Rosn\u0105 problemy z rotacj\u0105 w Strefie P\u0142atnego Parkowania\"}]},{\"@type\":\"WebSite\",\"@id\":\"https:\\\/\\\/www.24gliwice.pl\\\/wiadomosci\\\/#website\",\"url\":\"https:\\\/\\\/www.24gliwice.pl\\\/wiadomosci\\\/\",\"name\":\"24GLIWICE - Portal Gliwice | codziennie nowe wiadomo\u015bci\",\"description\":\"Portal Miejski Gliwice\",\"publisher\":{\"@id\":\"https:\\\/\\\/www.24gliwice.pl\\\/wiadomosci\\\/#organization\"},\"potentialAction\":[{\"@type\":\"SearchAction\",\"target\":{\"@type\":\"EntryPoint\",\"urlTemplate\":\"https:\\\/\\\/www.24gliwice.pl\\\/wiadomosci\\\/?s={search_term_string}\"},\"query-input\":{\"@type\":\"PropertyValueSpecification\",\"valueRequired\":true,\"valueName\":\"search_term_string\"}}],\"inLanguage\":\"pl-PL\"},{\"@type\":\"Organization\",\"@id\":\"https:\\\/\\\/www.24gliwice.pl\\\/wiadomosci\\\/#organization\",\"name\":\"24gliwice\",\"url\":\"https:\\\/\\\/www.24gliwice.pl\\\/wiadomosci\\\/\",\"logo\":{\"@type\":\"ImageObject\",\"inLanguage\":\"pl-PL\",\"@id\":\"https:\\\/\\\/www.24gliwice.pl\\\/wiadomosci\\\/#\\\/schema\\\/logo\\\/image\\\/\",\"url\":\"https:\\\/\\\/www.24gliwice.pl\\\/wiadomosci\\\/wp-content\\\/uploads\\\/2024\\\/10\\\/24gliwice-logo-696.jpg\",\"contentUrl\":\"https:\\\/\\\/www.24gliwice.pl\\\/wiadomosci\\\/wp-content\\\/uploads\\\/2024\\\/10\\\/24gliwice-logo-696.jpg\",\"width\":696,\"height\":696,\"caption\":\"24gliwice\"},\"image\":{\"@id\":\"https:\\\/\\\/www.24gliwice.pl\\\/wiadomosci\\\/#\\\/schema\\\/logo\\\/image\\\/\"},\"sameAs\":[\"https:\\\/\\\/www.facebook.com\\\/24gliwice\",\"https:\\\/\\\/x.com\\\/24gliwice\",\"https:\\\/\\\/www.youtube.com\\\/@24gliwice\"]},{\"@type\":\"Person\",\"@id\":\"https:\\\/\\\/www.24gliwice.pl\\\/wiadomosci\\\/#\\\/schema\\\/person\\\/940e8f8a097e322de4f463f061ef8d45\",\"name\":\"Micha\u0142 Szewczyk\",\"image\":{\"@type\":\"ImageObject\",\"inLanguage\":\"pl-PL\",\"@id\":\"https:\\\/\\\/secure.gravatar.com\\\/avatar\\\/771b8b6c74cd8d255e46392d605e01a86133900ef09b6ef3c8d451c9d92288cf?s=96&d=mm&r=g\",\"url\":\"https:\\\/\\\/secure.gravatar.com\\\/avatar\\\/771b8b6c74cd8d255e46392d605e01a86133900ef09b6ef3c8d451c9d92288cf?s=96&d=mm&r=g\",\"contentUrl\":\"https:\\\/\\\/secure.gravatar.com\\\/avatar\\\/771b8b6c74cd8d255e46392d605e01a86133900ef09b6ef3c8d451c9d92288cf?s=96&d=mm&r=g\",\"caption\":\"Micha\u0142 Szewczyk\"},\"sameAs\":[\"http:\\\/\\\/www.gazeta-miejska.pl\"],\"url\":\"https:\\\/\\\/www.24gliwice.pl\\\/wiadomosci\\\/author\\\/michal-szewczyk\\\/\"}]}<\/script>\n<!-- \/ Yoast SEO plugin. -->","yoast_head_json":{"title":"Coraz mniej wolnych miejsc, a p\u0142aci\u0107 trzeba. Rosn\u0105 problemy z rotacj\u0105 w Strefie P\u0142atnego Parkowania - 24GLIWICE - Portal Gliwice | codziennie nowe informacje","robots":{"index":"index","follow":"follow","max-snippet":"max-snippet:-1","max-image-preview":"max-image-preview:large","max-video-preview":"max-video-preview:-1"},"canonical":"https:\/\/www.24gliwice.pl\/wiadomosci\/coraz-mniej-wolnych-miejsc-problemy-z-rotacja-w-strefie-platnego-parkowania\/","og_locale":"pl_PL","og_type":"article","og_title":"Coraz mniej wolnych miejsc, a p\u0142aci\u0107 trzeba. Rosn\u0105 problemy z rotacj\u0105 w Strefie P\u0142atnego Parkowania - 24GLIWICE - Portal Gliwice | codziennie nowe informacje","og_description":"Narasta problem braku wolnych miejsc w Strefie P\u0142atnego Parkowania. &#8211; Ich zaj\u0119to\u015b\u0107 w podstrefie B wynios\u0142a 77% &#8211; m\u00f3wi\u0105 urz\u0119dnicy i prezentuj\u0105 dane. S\u0119k w tym, \u017ce zestawienia nie uwzgl\u0119dniaj\u0105&#8230; Abonament\u00f3w Mieszka\u0144ca i rycza\u0142t\u00f3w wielodniowych. Na papierze problemu nie ma. Wed\u0142ug statystyk, w rejonie star\u00f3wki strefa \u015bwieci pustkami, a ponad 3\/4 miejsc postojowych jest wolnych [&hellip;]","og_url":"https:\/\/www.24gliwice.pl\/wiadomosci\/coraz-mniej-wolnych-miejsc-problemy-z-rotacja-w-strefie-platnego-parkowania\/","og_site_name":"24GLIWICE - Portal Gliwice | codziennie nowe informacje","article_publisher":"https:\/\/www.facebook.com\/24gliwice","article_published_time":"2018-04-19T00:53:48+00:00","og_image":[{"width":2048,"height":1152,"url":"https:\/\/www.24gliwice.pl\/wiadomosci\/wp-content\/uploads\/2018\/04\/spp2.jpg","type":"image\/jpeg"}],"author":"Micha\u0142 Szewczyk","twitter_card":"summary_large_image","twitter_creator":"@24gliwice","twitter_site":"@24gliwice","twitter_misc":{"Napisane przez":"Micha\u0142 Szewczyk","Szacowany czas czytania":"3 minuty"},"schema":{"@context":"https:\/\/schema.org","@graph":[{"@type":"Article","@id":"https:\/\/www.24gliwice.pl\/wiadomosci\/coraz-mniej-wolnych-miejsc-problemy-z-rotacja-w-strefie-platnego-parkowania\/#article","isPartOf":{"@id":"https:\/\/www.24gliwice.pl\/wiadomosci\/coraz-mniej-wolnych-miejsc-problemy-z-rotacja-w-strefie-platnego-parkowania\/"},"author":{"name":"Micha\u0142 Szewczyk","@id":"https:\/\/www.24gliwice.pl\/wiadomosci\/#\/schema\/person\/940e8f8a097e322de4f463f061ef8d45"},"headline":"Coraz mniej wolnych miejsc, a p\u0142aci\u0107 trzeba. Rosn\u0105 problemy z rotacj\u0105 w Strefie P\u0142atnego Parkowania","datePublished":"2018-04-19T00:53:48+00:00","mainEntityOfPage":{"@id":"https:\/\/www.24gliwice.pl\/wiadomosci\/coraz-mniej-wolnych-miejsc-problemy-z-rotacja-w-strefie-platnego-parkowania\/"},"wordCount":656,"commentCount":0,"publisher":{"@id":"https:\/\/www.24gliwice.pl\/wiadomosci\/#organization"},"image":{"@id":"https:\/\/www.24gliwice.pl\/wiadomosci\/coraz-mniej-wolnych-miejsc-problemy-z-rotacja-w-strefie-platnego-parkowania\/#primaryimage"},"thumbnailUrl":"https:\/\/www.24gliwice.pl\/wiadomosci\/wp-content\/uploads\/2018\/04\/spp2.jpg","keywords":["anna gilner","DAWID OCH\u00d3D","MARIUSZ KOPE\u0106","Petros Tovmasyan","SPP","strefa p\u0142atnego parkowania gliwice"],"articleSection":["Gliwice","Najnowsze wiadomo\u015bci","Portal Gliwice - Wiadomo\u015bci lokalne"],"inLanguage":"pl-PL","potentialAction":[{"@type":"CommentAction","name":"Comment","target":["https:\/\/www.24gliwice.pl\/wiadomosci\/coraz-mniej-wolnych-miejsc-problemy-z-rotacja-w-strefie-platnego-parkowania\/#respond"]}]},{"@type":"WebPage","@id":"https:\/\/www.24gliwice.pl\/wiadomosci\/coraz-mniej-wolnych-miejsc-problemy-z-rotacja-w-strefie-platnego-parkowania\/","url":"https:\/\/www.24gliwice.pl\/wiadomosci\/coraz-mniej-wolnych-miejsc-problemy-z-rotacja-w-strefie-platnego-parkowania\/","name":"Coraz mniej wolnych miejsc, a p\u0142aci\u0107 trzeba. Rosn\u0105 problemy z rotacj\u0105 w Strefie P\u0142atnego Parkowania - 24GLIWICE - Portal Gliwice | codziennie nowe informacje","isPartOf":{"@id":"https:\/\/www.24gliwice.pl\/wiadomosci\/#website"},"primaryImageOfPage":{"@id":"https:\/\/www.24gliwice.pl\/wiadomosci\/coraz-mniej-wolnych-miejsc-problemy-z-rotacja-w-strefie-platnego-parkowania\/#primaryimage"},"image":{"@id":"https:\/\/www.24gliwice.pl\/wiadomosci\/coraz-mniej-wolnych-miejsc-problemy-z-rotacja-w-strefie-platnego-parkowania\/#primaryimage"},"thumbnailUrl":"https:\/\/www.24gliwice.pl\/wiadomosci\/wp-content\/uploads\/2018\/04\/spp2.jpg","datePublished":"2018-04-19T00:53:48+00:00","breadcrumb":{"@id":"https:\/\/www.24gliwice.pl\/wiadomosci\/coraz-mniej-wolnych-miejsc-problemy-z-rotacja-w-strefie-platnego-parkowania\/#breadcrumb"},"inLanguage":"pl-PL","potentialAction":[{"@type":"ReadAction","target":["https:\/\/www.24gliwice.pl\/wiadomosci\/coraz-mniej-wolnych-miejsc-problemy-z-rotacja-w-strefie-platnego-parkowania\/"]}]},{"@type":"ImageObject","inLanguage":"pl-PL","@id":"https:\/\/www.24gliwice.pl\/wiadomosci\/coraz-mniej-wolnych-miejsc-problemy-z-rotacja-w-strefie-platnego-parkowania\/#primaryimage","url":"https:\/\/www.24gliwice.pl\/wiadomosci\/wp-content\/uploads\/2018\/04\/spp2.jpg","contentUrl":"https:\/\/www.24gliwice.pl\/wiadomosci\/wp-content\/uploads\/2018\/04\/spp2.jpg","width":2048,"height":1152},{"@type":"BreadcrumbList","@id":"https:\/\/www.24gliwice.pl\/wiadomosci\/coraz-mniej-wolnych-miejsc-problemy-z-rotacja-w-strefie-platnego-parkowania\/#breadcrumb","itemListElement":[{"@type":"ListItem","position":1,"name":"Strona g\u0142\u00f3wna","item":"https:\/\/www.24gliwice.pl\/wiadomosci\/"},{"@type":"ListItem","position":2,"name":"Coraz mniej wolnych miejsc, a p\u0142aci\u0107 trzeba. Rosn\u0105 problemy z rotacj\u0105 w Strefie P\u0142atnego Parkowania"}]},{"@type":"WebSite","@id":"https:\/\/www.24gliwice.pl\/wiadomosci\/#website","url":"https:\/\/www.24gliwice.pl\/wiadomosci\/","name":"24GLIWICE - Portal Gliwice | codziennie nowe wiadomo\u015bci","description":"Portal Miejski Gliwice","publisher":{"@id":"https:\/\/www.24gliwice.pl\/wiadomosci\/#organization"},"potentialAction":[{"@type":"SearchAction","target":{"@type":"EntryPoint","urlTemplate":"https:\/\/www.24gliwice.pl\/wiadomosci\/?s={search_term_string}"},"query-input":{"@type":"PropertyValueSpecification","valueRequired":true,"valueName":"search_term_string"}}],"inLanguage":"pl-PL"},{"@type":"Organization","@id":"https:\/\/www.24gliwice.pl\/wiadomosci\/#organization","name":"24gliwice","url":"https:\/\/www.24gliwice.pl\/wiadomosci\/","logo":{"@type":"ImageObject","inLanguage":"pl-PL","@id":"https:\/\/www.24gliwice.pl\/wiadomosci\/#\/schema\/logo\/image\/","url":"https:\/\/www.24gliwice.pl\/wiadomosci\/wp-content\/uploads\/2024\/10\/24gliwice-logo-696.jpg","contentUrl":"https:\/\/www.24gliwice.pl\/wiadomosci\/wp-content\/uploads\/2024\/10\/24gliwice-logo-696.jpg","width":696,"height":696,"caption":"24gliwice"},"image":{"@id":"https:\/\/www.24gliwice.pl\/wiadomosci\/#\/schema\/logo\/image\/"},"sameAs":["https:\/\/www.facebook.com\/24gliwice","https:\/\/x.com\/24gliwice","https:\/\/www.youtube.com\/@24gliwice"]},{"@type":"Person","@id":"https:\/\/www.24gliwice.pl\/wiadomosci\/#\/schema\/person\/940e8f8a097e322de4f463f061ef8d45","name":"Micha\u0142 Szewczyk","image":{"@type":"ImageObject","inLanguage":"pl-PL","@id":"https:\/\/secure.gravatar.com\/avatar\/771b8b6c74cd8d255e46392d605e01a86133900ef09b6ef3c8d451c9d92288cf?s=96&d=mm&r=g","url":"https:\/\/secure.gravatar.com\/avatar\/771b8b6c74cd8d255e46392d605e01a86133900ef09b6ef3c8d451c9d92288cf?s=96&d=mm&r=g","contentUrl":"https:\/\/secure.gravatar.com\/avatar\/771b8b6c74cd8d255e46392d605e01a86133900ef09b6ef3c8d451c9d92288cf?s=96&d=mm&r=g","caption":"Micha\u0142 Szewczyk"},"sameAs":["http:\/\/www.gazeta-miejska.pl"],"url":"https:\/\/www.24gliwice.pl\/wiadomosci\/author\/michal-szewczyk\/"}]}},"_links":{"self":[{"href":"https:\/\/www.24gliwice.pl\/wiadomosci\/wp-json\/wp\/v2\/posts\/115796","targetHints":{"allow":["GET"]}}],"collection":[{"href":"https:\/\/www.24gliwice.pl\/wiadomosci\/wp-json\/wp\/v2\/posts"}],"about":[{"href":"https:\/\/www.24gliwice.pl\/wiadomosci\/wp-json\/wp\/v2\/types\/post"}],"author":[{"embeddable":true,"href":"https:\/\/www.24gliwice.pl\/wiadomosci\/wp-json\/wp\/v2\/users\/12"}],"replies":[{"embeddable":true,"href":"https:\/\/www.24gliwice.pl\/wiadomosci\/wp-json\/wp\/v2\/comments?post=115796"}],"version-history":[{"count":0,"href":"https:\/\/www.24gliwice.pl\/wiadomosci\/wp-json\/wp\/v2\/posts\/115796\/revisions"}],"wp:featuredmedia":[{"embeddable":true,"href":"https:\/\/www.24gliwice.pl\/wiadomosci\/wp-json\/wp\/v2\/media\/115794"}],"wp:attachment":[{"href":"https:\/\/www.24gliwice.pl\/wiadomosci\/wp-json\/wp\/v2\/media?parent=115796"}],"wp:term":[{"taxonomy":"category","embeddable":true,"href":"https:\/\/www.24gliwice.pl\/wiadomosci\/wp-json\/wp\/v2\/categories?post=115796"},{"taxonomy":"post_tag","embeddable":true,"href":"https:\/\/www.24gliwice.pl\/wiadomosci\/wp-json\/wp\/v2\/tags?post=115796"}],"curies":[{"name":"wp","href":"https:\/\/api.w.org\/{rel}","templated":true}]}}