{"id":115812,"date":"2018-04-17T10:50:32","date_gmt":"2018-04-17T08:50:32","guid":{"rendered":"https:\/\/www.24gliwice.pl\/wiadomosci\/?p=115812"},"modified":"2018-04-17T10:50:32","modified_gmt":"2018-04-17T08:50:32","slug":"zdezorientowani-pasazerowie-chaos-na-dworcu-koleje-slaskie-po-cichu-zmienily-rozklad","status":"publish","type":"post","link":"https:\/\/www.24gliwice.pl\/wiadomosci\/zdezorientowani-pasazerowie-chaos-na-dworcu-koleje-slaskie-po-cichu-zmienily-rozklad\/","title":{"rendered":"Zdezorientowani pasa\u017cerowie, chaos na dworcu. Koleje \u015al\u0105skie po cichu zmieni\u0142y rozk\u0142ad"},"content":{"rendered":"<div class=\"gliwi-a6-nad-leadem-artykulow gliwi-entity-placement\" id=\"gliwi-1109673949\"><div class=\"gliwi-adlabel\"><span style=\"font-size: 9px\">REKLAMA<\/span><\/div><div id=\"gliwi-2730659700\" style=\"margin-bottom: 30px;margin-left: auto;margin-right: auto;text-align: center;\"><a data-no-instant=\"1\" href=\"https:\/\/przedszkole.halogen.org.pl\/\" rel=\"noopener\" class=\"a2t-link\" target=\"_blank\" aria-label=\"20260402-ANIMATOR-przedszkole_grafika_750x200\"><img loading=\"lazy\" decoding=\"async\" src=\"https:\/\/www.24gliwice.pl\/wiadomosci\/wp-content\/uploads\/2026\/04\/20260402-ANIMATOR-przedszkole_grafika_750x200.webp\" alt=\"\"  srcset=\"https:\/\/www.24gliwice.pl\/wiadomosci\/wp-content\/uploads\/2026\/04\/20260402-ANIMATOR-przedszkole_grafika_750x200.webp 750w, https:\/\/www.24gliwice.pl\/wiadomosci\/wp-content\/uploads\/2026\/04\/20260402-ANIMATOR-przedszkole_grafika_750x200-410x109.webp 410w\" sizes=\"(max-width: 750px) 100vw, 750px\" class=\"no-lazyload\" width=\"750\" height=\"200\"  style=\"display: inline-block; max-width: 100%; height: auto;\" \/><\/a><\/div><\/div><h3>Kilkunasto a czasem nawet kilkudziesi\u0119ciominutowe sp\u00f3\u017anienia do pracy zafundowa\u0142y dzi\u015b pasa\u017cerom Koleje \u015al\u0105skie. To efekt wprowadzonej po cichu zmiany rozk\u0142adu jazdy.<\\h3><\/p>\n<p>&#8211; Korekta wynika z prac remontowych na trasie D\u0105browa G\u00f3rnicza Z\u0105bkowice &#8211; B\u0119dzin Ksawera &#8211; potwierdza <strong>Magdalena Iwa\u0144ska<\/strong>, rzecznik prasowy Kolei \u015al\u0105skich.<\/p><div class=\"gliwi-a3-w-tresci-artykulow gliwi-entity-placement\" id=\"gliwi-2485145583\"><div class=\"gliwi-adlabel\"><span style=\"font-size: 9px\">REKLAMA<\/span><\/div><div id=\"gliwi-2652675997\" style=\"margin-bottom: 30px;margin-left: auto;margin-right: auto;text-align: center;\"><a data-no-instant=\"1\" href=\"https:\/\/zlobek.halogen.org.pl\/\" rel=\"noopener\" class=\"a2t-link\" target=\"_blank\" aria-label=\"animator-zlobek_750x200\"><img loading=\"lazy\" decoding=\"async\" src=\"https:\/\/www.24gliwice.pl\/wiadomosci\/wp-content\/uploads\/2026\/02\/animator-zlobek_750x200.webp\" alt=\"\"  srcset=\"https:\/\/www.24gliwice.pl\/wiadomosci\/wp-content\/uploads\/2026\/02\/animator-zlobek_750x200.webp 750w, https:\/\/www.24gliwice.pl\/wiadomosci\/wp-content\/uploads\/2026\/02\/animator-zlobek_750x200-410x109.webp 410w\" sizes=\"(max-width: 750px) 100vw, 750px\" class=\"no-lazyload\" width=\"750\" height=\"200\"  style=\"display: inline-block; max-width: 100%; height: auto;\" \/><\/a><\/div><\/div>\n<p>W tym wypadku trudno m\u00f3wi\u0107 jednak o korekcie, bo poranne poci\u0105gi na linii Gliwice &#8211; Katowice przesuni\u0119te zosta\u0142y o kilkana\u015bcie minut (np. zamiast popularnego po\u0142\u0105czenia o 7:13, Koleje \u015al\u0105skie od wtorku proponuj\u0105 7:00 i 7:37). Jeszcze wi\u0119kszy przeskok w rozk\u0142adzie dotkn\u0105\u0142 relacje Gliwice &#8211; Sosnowiec, gdzie r\u00f3\u017cnica si\u0119ga blisko godziny. <\/p>\n<p>Zdenerwowani pasa\u017cerowie skar\u017c\u0105 si\u0119 przede wszystkim na brak informacji o planowanych zmianach przewo\u017anika. Nie ma jej na stronie internetowej sp\u00f3\u0142ki, a rozk\u0142ady jazdy na dworcach PKP obejmuj\u0105 okres od marca do czerwca tego roku, bez uwzgl\u0119dnienia zmian. Dzisiejsze zamieszanie przepowiada jedynie drobna adnotacja odsy\u0142aj\u0105ca do legendy. Tam po odnalezieniu odpowiedniego numeru i przeanalizowaniu kiedy kursuje poci\u0105g, pasa\u017cer mo\u017ce wyci\u0105gn\u0105\u0107 wniosek o zmianie siatki po\u0142\u0105cze\u0144.<br \/>\n&#8211; Mam codziennie studiowa\u0107 rozk\u0142ad jazdy z lup\u0105 czy aby przypadkiem Pa\u0144stwo nie odwo\u0142ali poci\u0105gu? &#8211; denerwowa\u0142a si\u0119 przy kasie Kolei \u015al\u0105skich jedna z podr\u00f3\u017cnych.<\/p>\n<p>&#8211; Rzeczywi\u015bcie, bijemy si\u0119 w pier\u015b, powinni\u015bmy lepiej poinformowa\u0107 podr\u00f3\u017cnych o zmianach, a informacja powinna pojawi\u0107 si\u0119 na naszej stronie. Na pewno dzisiaj jeszcze to zrobimy &#8211; komentuje Magdalena Iwa\u0144ska.<\/p>\n<p>Wprowadzone od wtorku zmiany w rozk\u0142adzie jazdy dotycz\u0105 jedynie poci\u0105g\u00f3w sp\u00f3\u0142ki Koleje \u015al\u0105skie. Remont na trasie D\u0105browa G\u00f3rnicza Z\u0105bkowice &#8211; B\u0119dzin Ksawera potrwa przynajmniej do 8 maja.<\/p>\n<p>Micha\u0142 Szewczyk<\/p>\n<div class=\"gliwi-a5-na-koncu-artykulow gliwi-entity-placement\" id=\"gliwi-2886803329\"><div class=\"gliwi-adlabel\"><span style=\"font-size: 9px\">REKLAMA<\/span><\/div><div id=\"gliwi-2258987378\" style=\"margin-left: auto;margin-right: auto;text-align: center;\"><a data-no-instant=\"1\" href=\"https:\/\/prezeroarenagliwice.pl\/\" rel=\"noopener\" class=\"a2t-link\" target=\"_blank\" aria-label=\"20260309-PREZERO-WIOSNA-D\"><img loading=\"lazy\" decoding=\"async\" src=\"https:\/\/www.24gliwice.pl\/wiadomosci\/wp-content\/uploads\/2026\/03\/20260309-PREZERO-WIOSNA-D.webp\" alt=\"\"  srcset=\"https:\/\/www.24gliwice.pl\/wiadomosci\/wp-content\/uploads\/2026\/03\/20260309-PREZERO-WIOSNA-D.webp 750w, https:\/\/www.24gliwice.pl\/wiadomosci\/wp-content\/uploads\/2026\/03\/20260309-PREZERO-WIOSNA-D-410x109.webp 410w\" sizes=\"(max-width: 750px) 100vw, 750px\" class=\"no-lazyload\" width=\"750\" height=\"200\"  style=\"display: inline-block; max-width: 100%; height: auto;\" \/><\/a><\/div><\/div>","protected":false},"excerpt":{"rendered":"<p>Kilkunasto a czasem nawet kilkudziesi\u0119ciominutowe sp\u00f3\u017anienia do pracy zafundowa\u0142y dzi\u015b pasa\u017cerom Koleje \u015al\u0105skie. To efekt wprowadzonej po cichu zmiany rozk\u0142adu jazdy. &#8211; Korekta wynika z prac remontowych na trasie D\u0105browa G\u00f3rnicza Z\u0105bkowice &#8211; B\u0119dzin Ksawera &#8211; potwierdza Magdalena Iwa\u0144ska, rzecznik prasowy Kolei \u015al\u0105skich. W tym wypadku trudno m\u00f3wi\u0107 jednak o korekcie, bo poranne poci\u0105gi na [&hellip;]<\/p>\n","protected":false},"author":12,"featured_media":115834,"comment_status":"open","ping_status":"closed","sticky":false,"template":"","format":"standard","meta":{"_monsterinsights_skip_tracking":false,"_monsterinsights_sitenote_active":false,"_monsterinsights_sitenote_note":"","_monsterinsights_sitenote_category":0,"footnotes":"","_links_to":"","_links_to_target":""},"categories":[3,1,9],"tags":[4687,10681],"class_list":["post-115812","post","type-post","status-publish","format-standard","has-post-thumbnail","hentry","category-gliwice","category-wszystko","category-aktualnosci_lokalne","tag-koleje-slaskie","tag-rozklad-jazdy-pkp"],"yoast_head":"<!-- This site is optimized with the Yoast SEO plugin v27.5 - https:\/\/yoast.com\/product\/yoast-seo-wordpress\/ -->\n<title>Zdezorientowani pasa\u017cerowie, chaos na dworcu. Koleje \u015al\u0105skie po cichu zmieni\u0142y rozk\u0142ad - 24GLIWICE - Portal Gliwice | codziennie nowe informacje<\/title>\n<meta name=\"robots\" content=\"index, follow, max-snippet:-1, max-image-preview:large, max-video-preview:-1\" \/>\n<link rel=\"canonical\" href=\"https:\/\/www.24gliwice.pl\/wiadomosci\/zdezorientowani-pasazerowie-chaos-na-dworcu-koleje-slaskie-po-cichu-zmienily-rozklad\/\" \/>\n<meta property=\"og:locale\" content=\"pl_PL\" \/>\n<meta property=\"og:type\" content=\"article\" \/>\n<meta property=\"og:title\" content=\"Zdezorientowani pasa\u017cerowie, chaos na dworcu. Koleje \u015al\u0105skie po cichu zmieni\u0142y rozk\u0142ad - 24GLIWICE - Portal Gliwice | codziennie nowe informacje\" \/>\n<meta property=\"og:description\" content=\"Kilkunasto a czasem nawet kilkudziesi\u0119ciominutowe sp\u00f3\u017anienia do pracy zafundowa\u0142y dzi\u015b pasa\u017cerom Koleje \u015al\u0105skie. To efekt wprowadzonej po cichu zmiany rozk\u0142adu jazdy. &#8211; Korekta wynika z prac remontowych na trasie D\u0105browa G\u00f3rnicza Z\u0105bkowice &#8211; B\u0119dzin Ksawera &#8211; potwierdza Magdalena Iwa\u0144ska, rzecznik prasowy Kolei \u015al\u0105skich. W tym wypadku trudno m\u00f3wi\u0107 jednak o korekcie, bo poranne poci\u0105gi na [&hellip;]\" \/>\n<meta property=\"og:url\" content=\"https:\/\/www.24gliwice.pl\/wiadomosci\/zdezorientowani-pasazerowie-chaos-na-dworcu-koleje-slaskie-po-cichu-zmienily-rozklad\/\" \/>\n<meta property=\"og:site_name\" content=\"24GLIWICE - Portal Gliwice | codziennie nowe informacje\" \/>\n<meta property=\"article:publisher\" content=\"https:\/\/www.facebook.com\/24gliwice\" \/>\n<meta property=\"article:published_time\" content=\"2018-04-17T08:50:32+00:00\" \/>\n<meta property=\"og:image\" content=\"https:\/\/www.24gliwice.pl\/wiadomosci\/wp-content\/uploads\/2018\/04\/1-dworzec-peron-gliwice.jpg\" \/>\n\t<meta property=\"og:image:width\" content=\"810\" \/>\n\t<meta property=\"og:image:height\" content=\"468\" \/>\n\t<meta property=\"og:image:type\" content=\"image\/jpeg\" \/>\n<meta name=\"author\" content=\"Micha\u0142 Szewczyk\" \/>\n<meta name=\"twitter:card\" content=\"summary_large_image\" \/>\n<meta name=\"twitter:creator\" content=\"@24gliwice\" \/>\n<meta name=\"twitter:site\" content=\"@24gliwice\" \/>\n<meta name=\"twitter:label1\" content=\"Napisane przez\" \/>\n\t<meta name=\"twitter:data1\" content=\"Micha\u0142 Szewczyk\" \/>\n\t<meta name=\"twitter:label2\" content=\"Szacowany czas czytania\" \/>\n\t<meta name=\"twitter:data2\" content=\"1 minuta\" \/>\n<script type=\"application\/ld+json\" class=\"yoast-schema-graph\">{\"@context\":\"https:\\\/\\\/schema.org\",\"@graph\":[{\"@type\":\"Article\",\"@id\":\"https:\\\/\\\/www.24gliwice.pl\\\/wiadomosci\\\/zdezorientowani-pasazerowie-chaos-na-dworcu-koleje-slaskie-po-cichu-zmienily-rozklad\\\/#article\",\"isPartOf\":{\"@id\":\"https:\\\/\\\/www.24gliwice.pl\\\/wiadomosci\\\/zdezorientowani-pasazerowie-chaos-na-dworcu-koleje-slaskie-po-cichu-zmienily-rozklad\\\/\"},\"author\":{\"name\":\"Micha\u0142 Szewczyk\",\"@id\":\"https:\\\/\\\/www.24gliwice.pl\\\/wiadomosci\\\/#\\\/schema\\\/person\\\/940e8f8a097e322de4f463f061ef8d45\"},\"headline\":\"Zdezorientowani pasa\u017cerowie, chaos na dworcu. Koleje \u015al\u0105skie po cichu zmieni\u0142y rozk\u0142ad\",\"datePublished\":\"2018-04-17T08:50:32+00:00\",\"mainEntityOfPage\":{\"@id\":\"https:\\\/\\\/www.24gliwice.pl\\\/wiadomosci\\\/zdezorientowani-pasazerowie-chaos-na-dworcu-koleje-slaskie-po-cichu-zmienily-rozklad\\\/\"},\"wordCount\":307,\"commentCount\":0,\"publisher\":{\"@id\":\"https:\\\/\\\/www.24gliwice.pl\\\/wiadomosci\\\/#organization\"},\"image\":{\"@id\":\"https:\\\/\\\/www.24gliwice.pl\\\/wiadomosci\\\/zdezorientowani-pasazerowie-chaos-na-dworcu-koleje-slaskie-po-cichu-zmienily-rozklad\\\/#primaryimage\"},\"thumbnailUrl\":\"https:\\\/\\\/www.24gliwice.pl\\\/wiadomosci\\\/wp-content\\\/uploads\\\/2018\\\/04\\\/1-dworzec-peron-gliwice.jpg\",\"keywords\":[\"KOLEJE \u015aL\u0104SKIE\",\"rozk\u0142ad jazdy pkp\"],\"articleSection\":[\"Gliwice\",\"Najnowsze wiadomo\u015bci\",\"Portal Gliwice - Wiadomo\u015bci lokalne\"],\"inLanguage\":\"pl-PL\",\"potentialAction\":[{\"@type\":\"CommentAction\",\"name\":\"Comment\",\"target\":[\"https:\\\/\\\/www.24gliwice.pl\\\/wiadomosci\\\/zdezorientowani-pasazerowie-chaos-na-dworcu-koleje-slaskie-po-cichu-zmienily-rozklad\\\/#respond\"]}]},{\"@type\":\"WebPage\",\"@id\":\"https:\\\/\\\/www.24gliwice.pl\\\/wiadomosci\\\/zdezorientowani-pasazerowie-chaos-na-dworcu-koleje-slaskie-po-cichu-zmienily-rozklad\\\/\",\"url\":\"https:\\\/\\\/www.24gliwice.pl\\\/wiadomosci\\\/zdezorientowani-pasazerowie-chaos-na-dworcu-koleje-slaskie-po-cichu-zmienily-rozklad\\\/\",\"name\":\"Zdezorientowani pasa\u017cerowie, chaos na dworcu. Koleje \u015al\u0105skie po cichu zmieni\u0142y rozk\u0142ad - 24GLIWICE - Portal Gliwice | codziennie nowe informacje\",\"isPartOf\":{\"@id\":\"https:\\\/\\\/www.24gliwice.pl\\\/wiadomosci\\\/#website\"},\"primaryImageOfPage\":{\"@id\":\"https:\\\/\\\/www.24gliwice.pl\\\/wiadomosci\\\/zdezorientowani-pasazerowie-chaos-na-dworcu-koleje-slaskie-po-cichu-zmienily-rozklad\\\/#primaryimage\"},\"image\":{\"@id\":\"https:\\\/\\\/www.24gliwice.pl\\\/wiadomosci\\\/zdezorientowani-pasazerowie-chaos-na-dworcu-koleje-slaskie-po-cichu-zmienily-rozklad\\\/#primaryimage\"},\"thumbnailUrl\":\"https:\\\/\\\/www.24gliwice.pl\\\/wiadomosci\\\/wp-content\\\/uploads\\\/2018\\\/04\\\/1-dworzec-peron-gliwice.jpg\",\"datePublished\":\"2018-04-17T08:50:32+00:00\",\"breadcrumb\":{\"@id\":\"https:\\\/\\\/www.24gliwice.pl\\\/wiadomosci\\\/zdezorientowani-pasazerowie-chaos-na-dworcu-koleje-slaskie-po-cichu-zmienily-rozklad\\\/#breadcrumb\"},\"inLanguage\":\"pl-PL\",\"potentialAction\":[{\"@type\":\"ReadAction\",\"target\":[\"https:\\\/\\\/www.24gliwice.pl\\\/wiadomosci\\\/zdezorientowani-pasazerowie-chaos-na-dworcu-koleje-slaskie-po-cichu-zmienily-rozklad\\\/\"]}]},{\"@type\":\"ImageObject\",\"inLanguage\":\"pl-PL\",\"@id\":\"https:\\\/\\\/www.24gliwice.pl\\\/wiadomosci\\\/zdezorientowani-pasazerowie-chaos-na-dworcu-koleje-slaskie-po-cichu-zmienily-rozklad\\\/#primaryimage\",\"url\":\"https:\\\/\\\/www.24gliwice.pl\\\/wiadomosci\\\/wp-content\\\/uploads\\\/2018\\\/04\\\/1-dworzec-peron-gliwice.jpg\",\"contentUrl\":\"https:\\\/\\\/www.24gliwice.pl\\\/wiadomosci\\\/wp-content\\\/uploads\\\/2018\\\/04\\\/1-dworzec-peron-gliwice.jpg\",\"width\":810,\"height\":468},{\"@type\":\"BreadcrumbList\",\"@id\":\"https:\\\/\\\/www.24gliwice.pl\\\/wiadomosci\\\/zdezorientowani-pasazerowie-chaos-na-dworcu-koleje-slaskie-po-cichu-zmienily-rozklad\\\/#breadcrumb\",\"itemListElement\":[{\"@type\":\"ListItem\",\"position\":1,\"name\":\"Strona g\u0142\u00f3wna\",\"item\":\"https:\\\/\\\/www.24gliwice.pl\\\/wiadomosci\\\/\"},{\"@type\":\"ListItem\",\"position\":2,\"name\":\"Zdezorientowani pasa\u017cerowie, chaos na dworcu. Koleje \u015al\u0105skie po cichu zmieni\u0142y rozk\u0142ad\"}]},{\"@type\":\"WebSite\",\"@id\":\"https:\\\/\\\/www.24gliwice.pl\\\/wiadomosci\\\/#website\",\"url\":\"https:\\\/\\\/www.24gliwice.pl\\\/wiadomosci\\\/\",\"name\":\"24GLIWICE - Portal Gliwice | codziennie nowe wiadomo\u015bci\",\"description\":\"Portal Miejski Gliwice\",\"publisher\":{\"@id\":\"https:\\\/\\\/www.24gliwice.pl\\\/wiadomosci\\\/#organization\"},\"potentialAction\":[{\"@type\":\"SearchAction\",\"target\":{\"@type\":\"EntryPoint\",\"urlTemplate\":\"https:\\\/\\\/www.24gliwice.pl\\\/wiadomosci\\\/?s={search_term_string}\"},\"query-input\":{\"@type\":\"PropertyValueSpecification\",\"valueRequired\":true,\"valueName\":\"search_term_string\"}}],\"inLanguage\":\"pl-PL\"},{\"@type\":\"Organization\",\"@id\":\"https:\\\/\\\/www.24gliwice.pl\\\/wiadomosci\\\/#organization\",\"name\":\"24gliwice\",\"url\":\"https:\\\/\\\/www.24gliwice.pl\\\/wiadomosci\\\/\",\"logo\":{\"@type\":\"ImageObject\",\"inLanguage\":\"pl-PL\",\"@id\":\"https:\\\/\\\/www.24gliwice.pl\\\/wiadomosci\\\/#\\\/schema\\\/logo\\\/image\\\/\",\"url\":\"https:\\\/\\\/www.24gliwice.pl\\\/wiadomosci\\\/wp-content\\\/uploads\\\/2024\\\/10\\\/24gliwice-logo-696.jpg\",\"contentUrl\":\"https:\\\/\\\/www.24gliwice.pl\\\/wiadomosci\\\/wp-content\\\/uploads\\\/2024\\\/10\\\/24gliwice-logo-696.jpg\",\"width\":696,\"height\":696,\"caption\":\"24gliwice\"},\"image\":{\"@id\":\"https:\\\/\\\/www.24gliwice.pl\\\/wiadomosci\\\/#\\\/schema\\\/logo\\\/image\\\/\"},\"sameAs\":[\"https:\\\/\\\/www.facebook.com\\\/24gliwice\",\"https:\\\/\\\/x.com\\\/24gliwice\",\"https:\\\/\\\/www.youtube.com\\\/@24gliwice\"]},{\"@type\":\"Person\",\"@id\":\"https:\\\/\\\/www.24gliwice.pl\\\/wiadomosci\\\/#\\\/schema\\\/person\\\/940e8f8a097e322de4f463f061ef8d45\",\"name\":\"Micha\u0142 Szewczyk\",\"image\":{\"@type\":\"ImageObject\",\"inLanguage\":\"pl-PL\",\"@id\":\"https:\\\/\\\/secure.gravatar.com\\\/avatar\\\/771b8b6c74cd8d255e46392d605e01a86133900ef09b6ef3c8d451c9d92288cf?s=96&d=mm&r=g\",\"url\":\"https:\\\/\\\/secure.gravatar.com\\\/avatar\\\/771b8b6c74cd8d255e46392d605e01a86133900ef09b6ef3c8d451c9d92288cf?s=96&d=mm&r=g\",\"contentUrl\":\"https:\\\/\\\/secure.gravatar.com\\\/avatar\\\/771b8b6c74cd8d255e46392d605e01a86133900ef09b6ef3c8d451c9d92288cf?s=96&d=mm&r=g\",\"caption\":\"Micha\u0142 Szewczyk\"},\"sameAs\":[\"http:\\\/\\\/www.gazeta-miejska.pl\"],\"url\":\"https:\\\/\\\/www.24gliwice.pl\\\/wiadomosci\\\/author\\\/michal-szewczyk\\\/\"}]}<\/script>\n<!-- \/ Yoast SEO plugin. -->","yoast_head_json":{"title":"Zdezorientowani pasa\u017cerowie, chaos na dworcu. Koleje \u015al\u0105skie po cichu zmieni\u0142y rozk\u0142ad - 24GLIWICE - Portal Gliwice | codziennie nowe informacje","robots":{"index":"index","follow":"follow","max-snippet":"max-snippet:-1","max-image-preview":"max-image-preview:large","max-video-preview":"max-video-preview:-1"},"canonical":"https:\/\/www.24gliwice.pl\/wiadomosci\/zdezorientowani-pasazerowie-chaos-na-dworcu-koleje-slaskie-po-cichu-zmienily-rozklad\/","og_locale":"pl_PL","og_type":"article","og_title":"Zdezorientowani pasa\u017cerowie, chaos na dworcu. Koleje \u015al\u0105skie po cichu zmieni\u0142y rozk\u0142ad - 24GLIWICE - Portal Gliwice | codziennie nowe informacje","og_description":"Kilkunasto a czasem nawet kilkudziesi\u0119ciominutowe sp\u00f3\u017anienia do pracy zafundowa\u0142y dzi\u015b pasa\u017cerom Koleje \u015al\u0105skie. To efekt wprowadzonej po cichu zmiany rozk\u0142adu jazdy. &#8211; Korekta wynika z prac remontowych na trasie D\u0105browa G\u00f3rnicza Z\u0105bkowice &#8211; B\u0119dzin Ksawera &#8211; potwierdza Magdalena Iwa\u0144ska, rzecznik prasowy Kolei \u015al\u0105skich. W tym wypadku trudno m\u00f3wi\u0107 jednak o korekcie, bo poranne poci\u0105gi na [&hellip;]","og_url":"https:\/\/www.24gliwice.pl\/wiadomosci\/zdezorientowani-pasazerowie-chaos-na-dworcu-koleje-slaskie-po-cichu-zmienily-rozklad\/","og_site_name":"24GLIWICE - Portal Gliwice | codziennie nowe informacje","article_publisher":"https:\/\/www.facebook.com\/24gliwice","article_published_time":"2018-04-17T08:50:32+00:00","og_image":[{"width":810,"height":468,"url":"https:\/\/www.24gliwice.pl\/wiadomosci\/wp-content\/uploads\/2018\/04\/1-dworzec-peron-gliwice.jpg","type":"image\/jpeg"}],"author":"Micha\u0142 Szewczyk","twitter_card":"summary_large_image","twitter_creator":"@24gliwice","twitter_site":"@24gliwice","twitter_misc":{"Napisane przez":"Micha\u0142 Szewczyk","Szacowany czas czytania":"1 minuta"},"schema":{"@context":"https:\/\/schema.org","@graph":[{"@type":"Article","@id":"https:\/\/www.24gliwice.pl\/wiadomosci\/zdezorientowani-pasazerowie-chaos-na-dworcu-koleje-slaskie-po-cichu-zmienily-rozklad\/#article","isPartOf":{"@id":"https:\/\/www.24gliwice.pl\/wiadomosci\/zdezorientowani-pasazerowie-chaos-na-dworcu-koleje-slaskie-po-cichu-zmienily-rozklad\/"},"author":{"name":"Micha\u0142 Szewczyk","@id":"https:\/\/www.24gliwice.pl\/wiadomosci\/#\/schema\/person\/940e8f8a097e322de4f463f061ef8d45"},"headline":"Zdezorientowani pasa\u017cerowie, chaos na dworcu. Koleje \u015al\u0105skie po cichu zmieni\u0142y rozk\u0142ad","datePublished":"2018-04-17T08:50:32+00:00","mainEntityOfPage":{"@id":"https:\/\/www.24gliwice.pl\/wiadomosci\/zdezorientowani-pasazerowie-chaos-na-dworcu-koleje-slaskie-po-cichu-zmienily-rozklad\/"},"wordCount":307,"commentCount":0,"publisher":{"@id":"https:\/\/www.24gliwice.pl\/wiadomosci\/#organization"},"image":{"@id":"https:\/\/www.24gliwice.pl\/wiadomosci\/zdezorientowani-pasazerowie-chaos-na-dworcu-koleje-slaskie-po-cichu-zmienily-rozklad\/#primaryimage"},"thumbnailUrl":"https:\/\/www.24gliwice.pl\/wiadomosci\/wp-content\/uploads\/2018\/04\/1-dworzec-peron-gliwice.jpg","keywords":["KOLEJE \u015aL\u0104SKIE","rozk\u0142ad jazdy pkp"],"articleSection":["Gliwice","Najnowsze wiadomo\u015bci","Portal Gliwice - Wiadomo\u015bci lokalne"],"inLanguage":"pl-PL","potentialAction":[{"@type":"CommentAction","name":"Comment","target":["https:\/\/www.24gliwice.pl\/wiadomosci\/zdezorientowani-pasazerowie-chaos-na-dworcu-koleje-slaskie-po-cichu-zmienily-rozklad\/#respond"]}]},{"@type":"WebPage","@id":"https:\/\/www.24gliwice.pl\/wiadomosci\/zdezorientowani-pasazerowie-chaos-na-dworcu-koleje-slaskie-po-cichu-zmienily-rozklad\/","url":"https:\/\/www.24gliwice.pl\/wiadomosci\/zdezorientowani-pasazerowie-chaos-na-dworcu-koleje-slaskie-po-cichu-zmienily-rozklad\/","name":"Zdezorientowani pasa\u017cerowie, chaos na dworcu. Koleje \u015al\u0105skie po cichu zmieni\u0142y rozk\u0142ad - 24GLIWICE - Portal Gliwice | codziennie nowe informacje","isPartOf":{"@id":"https:\/\/www.24gliwice.pl\/wiadomosci\/#website"},"primaryImageOfPage":{"@id":"https:\/\/www.24gliwice.pl\/wiadomosci\/zdezorientowani-pasazerowie-chaos-na-dworcu-koleje-slaskie-po-cichu-zmienily-rozklad\/#primaryimage"},"image":{"@id":"https:\/\/www.24gliwice.pl\/wiadomosci\/zdezorientowani-pasazerowie-chaos-na-dworcu-koleje-slaskie-po-cichu-zmienily-rozklad\/#primaryimage"},"thumbnailUrl":"https:\/\/www.24gliwice.pl\/wiadomosci\/wp-content\/uploads\/2018\/04\/1-dworzec-peron-gliwice.jpg","datePublished":"2018-04-17T08:50:32+00:00","breadcrumb":{"@id":"https:\/\/www.24gliwice.pl\/wiadomosci\/zdezorientowani-pasazerowie-chaos-na-dworcu-koleje-slaskie-po-cichu-zmienily-rozklad\/#breadcrumb"},"inLanguage":"pl-PL","potentialAction":[{"@type":"ReadAction","target":["https:\/\/www.24gliwice.pl\/wiadomosci\/zdezorientowani-pasazerowie-chaos-na-dworcu-koleje-slaskie-po-cichu-zmienily-rozklad\/"]}]},{"@type":"ImageObject","inLanguage":"pl-PL","@id":"https:\/\/www.24gliwice.pl\/wiadomosci\/zdezorientowani-pasazerowie-chaos-na-dworcu-koleje-slaskie-po-cichu-zmienily-rozklad\/#primaryimage","url":"https:\/\/www.24gliwice.pl\/wiadomosci\/wp-content\/uploads\/2018\/04\/1-dworzec-peron-gliwice.jpg","contentUrl":"https:\/\/www.24gliwice.pl\/wiadomosci\/wp-content\/uploads\/2018\/04\/1-dworzec-peron-gliwice.jpg","width":810,"height":468},{"@type":"BreadcrumbList","@id":"https:\/\/www.24gliwice.pl\/wiadomosci\/zdezorientowani-pasazerowie-chaos-na-dworcu-koleje-slaskie-po-cichu-zmienily-rozklad\/#breadcrumb","itemListElement":[{"@type":"ListItem","position":1,"name":"Strona g\u0142\u00f3wna","item":"https:\/\/www.24gliwice.pl\/wiadomosci\/"},{"@type":"ListItem","position":2,"name":"Zdezorientowani pasa\u017cerowie, chaos na dworcu. Koleje \u015al\u0105skie po cichu zmieni\u0142y rozk\u0142ad"}]},{"@type":"WebSite","@id":"https:\/\/www.24gliwice.pl\/wiadomosci\/#website","url":"https:\/\/www.24gliwice.pl\/wiadomosci\/","name":"24GLIWICE - Portal Gliwice | codziennie nowe wiadomo\u015bci","description":"Portal Miejski Gliwice","publisher":{"@id":"https:\/\/www.24gliwice.pl\/wiadomosci\/#organization"},"potentialAction":[{"@type":"SearchAction","target":{"@type":"EntryPoint","urlTemplate":"https:\/\/www.24gliwice.pl\/wiadomosci\/?s={search_term_string}"},"query-input":{"@type":"PropertyValueSpecification","valueRequired":true,"valueName":"search_term_string"}}],"inLanguage":"pl-PL"},{"@type":"Organization","@id":"https:\/\/www.24gliwice.pl\/wiadomosci\/#organization","name":"24gliwice","url":"https:\/\/www.24gliwice.pl\/wiadomosci\/","logo":{"@type":"ImageObject","inLanguage":"pl-PL","@id":"https:\/\/www.24gliwice.pl\/wiadomosci\/#\/schema\/logo\/image\/","url":"https:\/\/www.24gliwice.pl\/wiadomosci\/wp-content\/uploads\/2024\/10\/24gliwice-logo-696.jpg","contentUrl":"https:\/\/www.24gliwice.pl\/wiadomosci\/wp-content\/uploads\/2024\/10\/24gliwice-logo-696.jpg","width":696,"height":696,"caption":"24gliwice"},"image":{"@id":"https:\/\/www.24gliwice.pl\/wiadomosci\/#\/schema\/logo\/image\/"},"sameAs":["https:\/\/www.facebook.com\/24gliwice","https:\/\/x.com\/24gliwice","https:\/\/www.youtube.com\/@24gliwice"]},{"@type":"Person","@id":"https:\/\/www.24gliwice.pl\/wiadomosci\/#\/schema\/person\/940e8f8a097e322de4f463f061ef8d45","name":"Micha\u0142 Szewczyk","image":{"@type":"ImageObject","inLanguage":"pl-PL","@id":"https:\/\/secure.gravatar.com\/avatar\/771b8b6c74cd8d255e46392d605e01a86133900ef09b6ef3c8d451c9d92288cf?s=96&d=mm&r=g","url":"https:\/\/secure.gravatar.com\/avatar\/771b8b6c74cd8d255e46392d605e01a86133900ef09b6ef3c8d451c9d92288cf?s=96&d=mm&r=g","contentUrl":"https:\/\/secure.gravatar.com\/avatar\/771b8b6c74cd8d255e46392d605e01a86133900ef09b6ef3c8d451c9d92288cf?s=96&d=mm&r=g","caption":"Micha\u0142 Szewczyk"},"sameAs":["http:\/\/www.gazeta-miejska.pl"],"url":"https:\/\/www.24gliwice.pl\/wiadomosci\/author\/michal-szewczyk\/"}]}},"_links":{"self":[{"href":"https:\/\/www.24gliwice.pl\/wiadomosci\/wp-json\/wp\/v2\/posts\/115812","targetHints":{"allow":["GET"]}}],"collection":[{"href":"https:\/\/www.24gliwice.pl\/wiadomosci\/wp-json\/wp\/v2\/posts"}],"about":[{"href":"https:\/\/www.24gliwice.pl\/wiadomosci\/wp-json\/wp\/v2\/types\/post"}],"author":[{"embeddable":true,"href":"https:\/\/www.24gliwice.pl\/wiadomosci\/wp-json\/wp\/v2\/users\/12"}],"replies":[{"embeddable":true,"href":"https:\/\/www.24gliwice.pl\/wiadomosci\/wp-json\/wp\/v2\/comments?post=115812"}],"version-history":[{"count":0,"href":"https:\/\/www.24gliwice.pl\/wiadomosci\/wp-json\/wp\/v2\/posts\/115812\/revisions"}],"wp:featuredmedia":[{"embeddable":true,"href":"https:\/\/www.24gliwice.pl\/wiadomosci\/wp-json\/wp\/v2\/media\/115834"}],"wp:attachment":[{"href":"https:\/\/www.24gliwice.pl\/wiadomosci\/wp-json\/wp\/v2\/media?parent=115812"}],"wp:term":[{"taxonomy":"category","embeddable":true,"href":"https:\/\/www.24gliwice.pl\/wiadomosci\/wp-json\/wp\/v2\/categories?post=115812"},{"taxonomy":"post_tag","embeddable":true,"href":"https:\/\/www.24gliwice.pl\/wiadomosci\/wp-json\/wp\/v2\/tags?post=115812"}],"curies":[{"name":"wp","href":"https:\/\/api.w.org\/{rel}","templated":true}]}}