{"id":115928,"date":"2018-04-18T11:33:10","date_gmt":"2018-04-18T09:33:10","guid":{"rendered":"https:\/\/www.24gliwice.pl\/wiadomosci\/?p=115928"},"modified":"2018-04-18T11:33:10","modified_gmt":"2018-04-18T09:33:10","slug":"przetarg-na-pumptrack-ogloszony-tuz-przy-lodowisku-powstanie-tor-dla-rowerzystow-i-rolkarzy","status":"publish","type":"post","link":"https:\/\/www.24gliwice.pl\/wiadomosci\/przetarg-na-pumptrack-ogloszony-tuz-przy-lodowisku-powstanie-tor-dla-rowerzystow-i-rolkarzy\/","title":{"rendered":"Przetarg na pumptrack og\u0142oszony. Tu\u017c przy lodowisku powstanie tor dla rowerzyst\u00f3w i rolkarzy"},"content":{"rendered":"<div class=\"gliwi-a6-nad-leadem-artykulow gliwi-entity-placement\" id=\"gliwi-2192621230\"><div class=\"gliwi-adlabel\"><span style=\"font-size: 9px\">REKLAMA<\/span><\/div><div id=\"gliwi-3758397502\" style=\"margin-bottom: 30px;margin-left: auto;margin-right: auto;text-align: center;\"><a data-no-instant=\"1\" href=\"https:\/\/przedszkole.halogen.org.pl\/\" rel=\"noopener\" class=\"a2t-link\" target=\"_blank\" aria-label=\"20260402-ANIMATOR-przedszkole_grafika_750x200\"><img loading=\"lazy\" decoding=\"async\" src=\"https:\/\/www.24gliwice.pl\/wiadomosci\/wp-content\/uploads\/2026\/04\/20260402-ANIMATOR-przedszkole_grafika_750x200.webp\" alt=\"\"  srcset=\"https:\/\/www.24gliwice.pl\/wiadomosci\/wp-content\/uploads\/2026\/04\/20260402-ANIMATOR-przedszkole_grafika_750x200.webp 750w, https:\/\/www.24gliwice.pl\/wiadomosci\/wp-content\/uploads\/2026\/04\/20260402-ANIMATOR-przedszkole_grafika_750x200-410x109.webp 410w\" sizes=\"(max-width: 750px) 100vw, 750px\" class=\"no-lazyload\" width=\"750\" height=\"200\"  style=\"display: inline-block; max-width: 100%; height: auto;\" \/><\/a><\/div><\/div><h3>Jeszcze w tym roku powstanie w Gliwicach specjalny tor do ekstremalnej jazdy na rowerze i rolkach.<\\h3> Inwestycja zostanie zrealizowana przy ul. Akademickiej 29, w s\u0105siedztwie lodowiska &#8220;Tafla&#8221;.<\/p>\n<p>&#8211; Pumptrack b\u0119dzie posiada\u0142 nawierzchni\u0119 asfaltow\u0105 o d\u0142ugo\u015bci minimum 100m. Na torze znajdowa\u0107 si\u0119 b\u0119d\u0105 specjalnie profilowane zakr\u0119ty i muldy, wszystko po to aby m\u00f3c si\u0119 rozp\u0119dzi\u0107 i utrzyma\u0107 pr\u0119dko\u015b\u0107 na ca\u0142ej trasie bez konieczno\u015bci peda\u0142owania &#8211; m\u00f3wi <strong>Iwona Janik<\/strong> z Miejskiego Zarz\u0105du Us\u0142ug Komunalnych.<\/p><div class=\"gliwi-a3-w-tresci-artykulow gliwi-entity-placement\" id=\"gliwi-3281449742\"><div class=\"gliwi-adlabel\"><span style=\"font-size: 9px\">REKLAMA<\/span><\/div><div id=\"gliwi-100427322\" style=\"margin-bottom: 30px;margin-left: auto;margin-right: auto;text-align: center;\"><a data-no-instant=\"1\" href=\"https:\/\/ogrodyandersa.pl\/\" rel=\"noopener\" class=\"a2t-link\" target=\"_blank\" aria-label=\"20260415 Ogrody Andersa KUP TERAZ D\"><img loading=\"lazy\" decoding=\"async\" src=\"https:\/\/www.24gliwice.pl\/wiadomosci\/wp-content\/uploads\/2026\/04\/20260415-Ogrody-Andersa-KUP-TERAZ-D.jpg\" alt=\"\"  srcset=\"https:\/\/www.24gliwice.pl\/wiadomosci\/wp-content\/uploads\/2026\/04\/20260415-Ogrody-Andersa-KUP-TERAZ-D.jpg 750w, https:\/\/www.24gliwice.pl\/wiadomosci\/wp-content\/uploads\/2026\/04\/20260415-Ogrody-Andersa-KUP-TERAZ-D-410x109.jpg 410w\" sizes=\"(max-width: 750px) 100vw, 750px\" class=\"no-lazyload\" width=\"750\" height=\"200\"  style=\"display: inline-block; max-width: 100%; height: auto;\" \/><\/a><\/div><\/div>\n<p>Oferty w post\u0119powaniu przetargowym mo\u017cna sk\u0142ada\u0107 do 25 kwietnia. Zwyci\u0119zca przetargu b\u0119dzie mia\u0142 7 miesi\u0119cy na wykonanie zadania. Wst\u0119pny koszt jego realizacji szacuje si\u0119 na 167 tysi\u0119cy z\u0142otych.<\/p>\n<blockquote><p>&#8211; Z obiektu b\u0119d\u0105 mogli korzysta\u0107 wszyscy rowerzy\u015bci i m\u0142odsi i starsi. Poza dobr\u0105 zabaw\u0105, tego typu tory rowerowe ucz\u0105 utrzymania r\u00f3wnowagi, refleksu i dynamiki jazdy na rowerze<\/p><\/blockquote>\n<p> &#8211; komentuje Iwona Janik.<\/p>\n<p><em>Czym jest pumptrack i jak si\u0119 z niego korzysta? Wideo: Dobrerowery.pl<\/em><iframe loading=\"lazy\" width=\"560\" height=\"315\" src=\"https:\/\/www.youtube.com\/embed\/TNkA5kP7-Mg?start=28\" frameborder=\"0\" allow=\"autoplay; encrypted-media\" allowfullscreen><\/iframe><\/p>\n<p>Pierwszy w Gliwicach pumptrack powstanie dzi\u0119ki g\u0142osowaniu mieszka\u0144c\u00f3w w ramach Bud\u017cetu Obywatelskiego. Inicjatywa zebra\u0142a ponad 350 g\u0142os\u00f3w cho\u0107 jej realizacja i tak by\u0142a pewna. Po wst\u0119pnej selekcji, tor o kt\u00f3ry zawnioskowa\u0142 dyrektor O\u015brodka Sportu Politechniki \u015al\u0105skiej <strong>Krzysztof Czapla<\/strong>, zosta\u0142 jedynym zadaniem poddanym pod g\u0142osowanie dla osiedla Politechniki. Co ciekawe, pumptrack\u00f3w w Gliwicach mog\u0142o by\u0107 wi\u0119cej, ale dwa inne zg\u0142oszone przez Gliwick\u0105 Rad\u0119 Rowerow\u0105 (w Parku Chrobrego i Parku Chorzowskim) nie zyska\u0142y akceptacji urz\u0119dnik\u00f3w.<\/p>\n<p>&#8211; Nie obra\u017camy si\u0119, wr\u0119cz przeciwnie, jeste\u015bmy zadowoleni z nowej inwestycji rowerowej w mie\u015bcie &#8211; m\u00f3wi <strong>Tomasz Herud<\/strong> z GRR. &#8211; Mamy jedynie obawy o jako\u015b\u0107 wykonania. Realizacja takiego toru wymaga szczeg\u00f3lnej wiedzy, a cz\u0119sto zdarza si\u0119, \u017ce firmy budowlane niespacjalizuj\u0105ce si\u0119 w tego typu inwestycjach, nie czuj\u0105 jej klimatu. Mam nadziej\u0119, \u017ce w Gliwicach b\u0119dzie inaczej &#8211; dodaje.<\/p>\n<p>W ostatnich latach tory terenowe do jazdy na rowerze &#8211; g\u0142\u00f3wnie za spraw\u0105 bud\u017cet\u00f3w obywatelskich &#8211; coraz \u015bmielej zaznaczaj\u0105 swoj\u0105 obecno\u015b\u0107 w polskich miastach. Na \u015al\u0105sku powsta\u0142y m.in. w Katowicach, Rudzie \u015al\u0105skiej i B\u0119dzinie. Wi\u0119kszo\u015b\u0107 cieszy si\u0119 du\u017c\u0105 popularno\u015bci\u0105.<br \/>\nAby z nich skorzysta\u0107 nie jest konieczne posiadanie specjalnego roweru. Zaleca si\u0119 natomiast jazd\u0119 w sprz\u0119cie ochronnym.<\/p>\n<p>Micha\u0142 Szewczyk<\/p>\n<div class=\"gliwi-a5-na-koncu-artykulow gliwi-entity-placement\" id=\"gliwi-914518277\"><div class=\"gliwi-adlabel\"><span style=\"font-size: 9px\">REKLAMA<\/span><\/div><div id=\"gliwi-2733631778\" style=\"margin-left: auto;margin-right: auto;text-align: center;\"><a data-no-instant=\"1\" href=\"https:\/\/prezeroarenagliwice.pl\/\" rel=\"noopener\" class=\"a2t-link\" target=\"_blank\" aria-label=\"20260309-PREZERO-WIOSNA-D\"><img loading=\"lazy\" decoding=\"async\" src=\"https:\/\/www.24gliwice.pl\/wiadomosci\/wp-content\/uploads\/2026\/03\/20260309-PREZERO-WIOSNA-D.webp\" alt=\"\"  srcset=\"https:\/\/www.24gliwice.pl\/wiadomosci\/wp-content\/uploads\/2026\/03\/20260309-PREZERO-WIOSNA-D.webp 750w, https:\/\/www.24gliwice.pl\/wiadomosci\/wp-content\/uploads\/2026\/03\/20260309-PREZERO-WIOSNA-D-410x109.webp 410w\" sizes=\"(max-width: 750px) 100vw, 750px\" class=\"no-lazyload\" width=\"750\" height=\"200\"  style=\"display: inline-block; max-width: 100%; height: auto;\" \/><\/a><\/div><\/div>","protected":false},"excerpt":{"rendered":"<p>Jeszcze w tym roku powstanie w Gliwicach specjalny tor do ekstremalnej jazdy na rowerze i rolkach. Inwestycja zostanie zrealizowana przy ul. Akademickiej 29, w s\u0105siedztwie lodowiska &#8220;Tafla&#8221;. &#8211; Pumptrack b\u0119dzie posiada\u0142 nawierzchni\u0119 asfaltow\u0105 o d\u0142ugo\u015bci minimum 100m. Na torze znajdowa\u0107 si\u0119 b\u0119d\u0105 specjalnie profilowane zakr\u0119ty i muldy, wszystko po to aby m\u00f3c si\u0119 rozp\u0119dzi\u0107 i [&hellip;]<\/p>\n","protected":false},"author":12,"featured_media":115962,"comment_status":"open","ping_status":"closed","sticky":false,"template":"","format":"standard","meta":{"_monsterinsights_skip_tracking":false,"_monsterinsights_sitenote_active":false,"_monsterinsights_sitenote_note":"","_monsterinsights_sitenote_category":0,"footnotes":"","_links_to":"","_links_to_target":""},"categories":[3,1,9],"tags":[257,12148],"class_list":["post-115928","post","type-post","status-publish","format-standard","has-post-thumbnail","hentry","category-gliwice","category-wszystko","category-aktualnosci_lokalne","tag-mzuk","tag-tomasz-herud"],"yoast_head":"<!-- This site is optimized with the Yoast SEO plugin v27.5 - https:\/\/yoast.com\/product\/yoast-seo-wordpress\/ -->\n<title>Przetarg na pumptrack og\u0142oszony. Tu\u017c przy lodowisku powstanie tor dla rowerzyst\u00f3w i rolkarzy - 24GLIWICE - Portal Gliwice | codziennie nowe informacje<\/title>\n<meta name=\"robots\" content=\"index, follow, max-snippet:-1, max-image-preview:large, max-video-preview:-1\" \/>\n<link rel=\"canonical\" href=\"https:\/\/www.24gliwice.pl\/wiadomosci\/przetarg-na-pumptrack-ogloszony-tuz-przy-lodowisku-powstanie-tor-dla-rowerzystow-i-rolkarzy\/\" \/>\n<meta property=\"og:locale\" content=\"pl_PL\" \/>\n<meta property=\"og:type\" content=\"article\" \/>\n<meta property=\"og:title\" content=\"Przetarg na pumptrack og\u0142oszony. Tu\u017c przy lodowisku powstanie tor dla rowerzyst\u00f3w i rolkarzy - 24GLIWICE - Portal Gliwice | codziennie nowe informacje\" \/>\n<meta property=\"og:description\" content=\"Jeszcze w tym roku powstanie w Gliwicach specjalny tor do ekstremalnej jazdy na rowerze i rolkach. Inwestycja zostanie zrealizowana przy ul. Akademickiej 29, w s\u0105siedztwie lodowiska &#8220;Tafla&#8221;. &#8211; Pumptrack b\u0119dzie posiada\u0142 nawierzchni\u0119 asfaltow\u0105 o d\u0142ugo\u015bci minimum 100m. Na torze znajdowa\u0107 si\u0119 b\u0119d\u0105 specjalnie profilowane zakr\u0119ty i muldy, wszystko po to aby m\u00f3c si\u0119 rozp\u0119dzi\u0107 i [&hellip;]\" \/>\n<meta property=\"og:url\" content=\"https:\/\/www.24gliwice.pl\/wiadomosci\/przetarg-na-pumptrack-ogloszony-tuz-przy-lodowisku-powstanie-tor-dla-rowerzystow-i-rolkarzy\/\" \/>\n<meta property=\"og:site_name\" content=\"24GLIWICE - Portal Gliwice | codziennie nowe informacje\" \/>\n<meta property=\"article:publisher\" content=\"https:\/\/www.facebook.com\/24gliwice\" \/>\n<meta property=\"article:published_time\" content=\"2018-04-18T09:33:10+00:00\" \/>\n<meta property=\"og:image\" content=\"https:\/\/www.24gliwice.pl\/wiadomosci\/wp-content\/uploads\/2018\/04\/1-Screenshot_28-001.jpg\" \/>\n\t<meta property=\"og:image:width\" content=\"810\" \/>\n\t<meta property=\"og:image:height\" content=\"457\" \/>\n\t<meta property=\"og:image:type\" content=\"image\/jpeg\" \/>\n<meta name=\"author\" content=\"Micha\u0142 Szewczyk\" \/>\n<meta name=\"twitter:card\" content=\"summary_large_image\" \/>\n<meta name=\"twitter:creator\" content=\"@24gliwice\" \/>\n<meta name=\"twitter:site\" content=\"@24gliwice\" \/>\n<meta name=\"twitter:label1\" content=\"Napisane przez\" \/>\n\t<meta name=\"twitter:data1\" content=\"Micha\u0142 Szewczyk\" \/>\n\t<meta name=\"twitter:label2\" content=\"Szacowany czas czytania\" \/>\n\t<meta name=\"twitter:data2\" content=\"2 minuty\" \/>\n<script type=\"application\/ld+json\" class=\"yoast-schema-graph\">{\"@context\":\"https:\\\/\\\/schema.org\",\"@graph\":[{\"@type\":\"Article\",\"@id\":\"https:\\\/\\\/www.24gliwice.pl\\\/wiadomosci\\\/przetarg-na-pumptrack-ogloszony-tuz-przy-lodowisku-powstanie-tor-dla-rowerzystow-i-rolkarzy\\\/#article\",\"isPartOf\":{\"@id\":\"https:\\\/\\\/www.24gliwice.pl\\\/wiadomosci\\\/przetarg-na-pumptrack-ogloszony-tuz-przy-lodowisku-powstanie-tor-dla-rowerzystow-i-rolkarzy\\\/\"},\"author\":{\"name\":\"Micha\u0142 Szewczyk\",\"@id\":\"https:\\\/\\\/www.24gliwice.pl\\\/wiadomosci\\\/#\\\/schema\\\/person\\\/940e8f8a097e322de4f463f061ef8d45\"},\"headline\":\"Przetarg na pumptrack og\u0142oszony. Tu\u017c przy lodowisku powstanie tor dla rowerzyst\u00f3w i rolkarzy\",\"datePublished\":\"2018-04-18T09:33:10+00:00\",\"mainEntityOfPage\":{\"@id\":\"https:\\\/\\\/www.24gliwice.pl\\\/wiadomosci\\\/przetarg-na-pumptrack-ogloszony-tuz-przy-lodowisku-powstanie-tor-dla-rowerzystow-i-rolkarzy\\\/\"},\"wordCount\":413,\"commentCount\":0,\"publisher\":{\"@id\":\"https:\\\/\\\/www.24gliwice.pl\\\/wiadomosci\\\/#organization\"},\"image\":{\"@id\":\"https:\\\/\\\/www.24gliwice.pl\\\/wiadomosci\\\/przetarg-na-pumptrack-ogloszony-tuz-przy-lodowisku-powstanie-tor-dla-rowerzystow-i-rolkarzy\\\/#primaryimage\"},\"thumbnailUrl\":\"https:\\\/\\\/www.24gliwice.pl\\\/wiadomosci\\\/wp-content\\\/uploads\\\/2018\\\/04\\\/1-Screenshot_28-001.jpg\",\"keywords\":[\"MZUK\",\"tomasz herud\"],\"articleSection\":[\"Gliwice\",\"Najnowsze wiadomo\u015bci\",\"Portal Gliwice - Wiadomo\u015bci lokalne\"],\"inLanguage\":\"pl-PL\",\"potentialAction\":[{\"@type\":\"CommentAction\",\"name\":\"Comment\",\"target\":[\"https:\\\/\\\/www.24gliwice.pl\\\/wiadomosci\\\/przetarg-na-pumptrack-ogloszony-tuz-przy-lodowisku-powstanie-tor-dla-rowerzystow-i-rolkarzy\\\/#respond\"]}]},{\"@type\":\"WebPage\",\"@id\":\"https:\\\/\\\/www.24gliwice.pl\\\/wiadomosci\\\/przetarg-na-pumptrack-ogloszony-tuz-przy-lodowisku-powstanie-tor-dla-rowerzystow-i-rolkarzy\\\/\",\"url\":\"https:\\\/\\\/www.24gliwice.pl\\\/wiadomosci\\\/przetarg-na-pumptrack-ogloszony-tuz-przy-lodowisku-powstanie-tor-dla-rowerzystow-i-rolkarzy\\\/\",\"name\":\"Przetarg na pumptrack og\u0142oszony. Tu\u017c przy lodowisku powstanie tor dla rowerzyst\u00f3w i rolkarzy - 24GLIWICE - Portal Gliwice | codziennie nowe informacje\",\"isPartOf\":{\"@id\":\"https:\\\/\\\/www.24gliwice.pl\\\/wiadomosci\\\/#website\"},\"primaryImageOfPage\":{\"@id\":\"https:\\\/\\\/www.24gliwice.pl\\\/wiadomosci\\\/przetarg-na-pumptrack-ogloszony-tuz-przy-lodowisku-powstanie-tor-dla-rowerzystow-i-rolkarzy\\\/#primaryimage\"},\"image\":{\"@id\":\"https:\\\/\\\/www.24gliwice.pl\\\/wiadomosci\\\/przetarg-na-pumptrack-ogloszony-tuz-przy-lodowisku-powstanie-tor-dla-rowerzystow-i-rolkarzy\\\/#primaryimage\"},\"thumbnailUrl\":\"https:\\\/\\\/www.24gliwice.pl\\\/wiadomosci\\\/wp-content\\\/uploads\\\/2018\\\/04\\\/1-Screenshot_28-001.jpg\",\"datePublished\":\"2018-04-18T09:33:10+00:00\",\"breadcrumb\":{\"@id\":\"https:\\\/\\\/www.24gliwice.pl\\\/wiadomosci\\\/przetarg-na-pumptrack-ogloszony-tuz-przy-lodowisku-powstanie-tor-dla-rowerzystow-i-rolkarzy\\\/#breadcrumb\"},\"inLanguage\":\"pl-PL\",\"potentialAction\":[{\"@type\":\"ReadAction\",\"target\":[\"https:\\\/\\\/www.24gliwice.pl\\\/wiadomosci\\\/przetarg-na-pumptrack-ogloszony-tuz-przy-lodowisku-powstanie-tor-dla-rowerzystow-i-rolkarzy\\\/\"]}]},{\"@type\":\"ImageObject\",\"inLanguage\":\"pl-PL\",\"@id\":\"https:\\\/\\\/www.24gliwice.pl\\\/wiadomosci\\\/przetarg-na-pumptrack-ogloszony-tuz-przy-lodowisku-powstanie-tor-dla-rowerzystow-i-rolkarzy\\\/#primaryimage\",\"url\":\"https:\\\/\\\/www.24gliwice.pl\\\/wiadomosci\\\/wp-content\\\/uploads\\\/2018\\\/04\\\/1-Screenshot_28-001.jpg\",\"contentUrl\":\"https:\\\/\\\/www.24gliwice.pl\\\/wiadomosci\\\/wp-content\\\/uploads\\\/2018\\\/04\\\/1-Screenshot_28-001.jpg\",\"width\":810,\"height\":457},{\"@type\":\"BreadcrumbList\",\"@id\":\"https:\\\/\\\/www.24gliwice.pl\\\/wiadomosci\\\/przetarg-na-pumptrack-ogloszony-tuz-przy-lodowisku-powstanie-tor-dla-rowerzystow-i-rolkarzy\\\/#breadcrumb\",\"itemListElement\":[{\"@type\":\"ListItem\",\"position\":1,\"name\":\"Strona g\u0142\u00f3wna\",\"item\":\"https:\\\/\\\/www.24gliwice.pl\\\/wiadomosci\\\/\"},{\"@type\":\"ListItem\",\"position\":2,\"name\":\"Przetarg na pumptrack og\u0142oszony. Tu\u017c przy lodowisku powstanie tor dla rowerzyst\u00f3w i rolkarzy\"}]},{\"@type\":\"WebSite\",\"@id\":\"https:\\\/\\\/www.24gliwice.pl\\\/wiadomosci\\\/#website\",\"url\":\"https:\\\/\\\/www.24gliwice.pl\\\/wiadomosci\\\/\",\"name\":\"24GLIWICE - Portal Gliwice | codziennie nowe wiadomo\u015bci\",\"description\":\"Portal Miejski Gliwice\",\"publisher\":{\"@id\":\"https:\\\/\\\/www.24gliwice.pl\\\/wiadomosci\\\/#organization\"},\"potentialAction\":[{\"@type\":\"SearchAction\",\"target\":{\"@type\":\"EntryPoint\",\"urlTemplate\":\"https:\\\/\\\/www.24gliwice.pl\\\/wiadomosci\\\/?s={search_term_string}\"},\"query-input\":{\"@type\":\"PropertyValueSpecification\",\"valueRequired\":true,\"valueName\":\"search_term_string\"}}],\"inLanguage\":\"pl-PL\"},{\"@type\":\"Organization\",\"@id\":\"https:\\\/\\\/www.24gliwice.pl\\\/wiadomosci\\\/#organization\",\"name\":\"24gliwice\",\"url\":\"https:\\\/\\\/www.24gliwice.pl\\\/wiadomosci\\\/\",\"logo\":{\"@type\":\"ImageObject\",\"inLanguage\":\"pl-PL\",\"@id\":\"https:\\\/\\\/www.24gliwice.pl\\\/wiadomosci\\\/#\\\/schema\\\/logo\\\/image\\\/\",\"url\":\"https:\\\/\\\/www.24gliwice.pl\\\/wiadomosci\\\/wp-content\\\/uploads\\\/2024\\\/10\\\/24gliwice-logo-696.jpg\",\"contentUrl\":\"https:\\\/\\\/www.24gliwice.pl\\\/wiadomosci\\\/wp-content\\\/uploads\\\/2024\\\/10\\\/24gliwice-logo-696.jpg\",\"width\":696,\"height\":696,\"caption\":\"24gliwice\"},\"image\":{\"@id\":\"https:\\\/\\\/www.24gliwice.pl\\\/wiadomosci\\\/#\\\/schema\\\/logo\\\/image\\\/\"},\"sameAs\":[\"https:\\\/\\\/www.facebook.com\\\/24gliwice\",\"https:\\\/\\\/x.com\\\/24gliwice\",\"https:\\\/\\\/www.youtube.com\\\/@24gliwice\"]},{\"@type\":\"Person\",\"@id\":\"https:\\\/\\\/www.24gliwice.pl\\\/wiadomosci\\\/#\\\/schema\\\/person\\\/940e8f8a097e322de4f463f061ef8d45\",\"name\":\"Micha\u0142 Szewczyk\",\"image\":{\"@type\":\"ImageObject\",\"inLanguage\":\"pl-PL\",\"@id\":\"https:\\\/\\\/secure.gravatar.com\\\/avatar\\\/771b8b6c74cd8d255e46392d605e01a86133900ef09b6ef3c8d451c9d92288cf?s=96&d=mm&r=g\",\"url\":\"https:\\\/\\\/secure.gravatar.com\\\/avatar\\\/771b8b6c74cd8d255e46392d605e01a86133900ef09b6ef3c8d451c9d92288cf?s=96&d=mm&r=g\",\"contentUrl\":\"https:\\\/\\\/secure.gravatar.com\\\/avatar\\\/771b8b6c74cd8d255e46392d605e01a86133900ef09b6ef3c8d451c9d92288cf?s=96&d=mm&r=g\",\"caption\":\"Micha\u0142 Szewczyk\"},\"sameAs\":[\"http:\\\/\\\/www.gazeta-miejska.pl\"],\"url\":\"https:\\\/\\\/www.24gliwice.pl\\\/wiadomosci\\\/author\\\/michal-szewczyk\\\/\"}]}<\/script>\n<!-- \/ Yoast SEO plugin. -->","yoast_head_json":{"title":"Przetarg na pumptrack og\u0142oszony. Tu\u017c przy lodowisku powstanie tor dla rowerzyst\u00f3w i rolkarzy - 24GLIWICE - Portal Gliwice | codziennie nowe informacje","robots":{"index":"index","follow":"follow","max-snippet":"max-snippet:-1","max-image-preview":"max-image-preview:large","max-video-preview":"max-video-preview:-1"},"canonical":"https:\/\/www.24gliwice.pl\/wiadomosci\/przetarg-na-pumptrack-ogloszony-tuz-przy-lodowisku-powstanie-tor-dla-rowerzystow-i-rolkarzy\/","og_locale":"pl_PL","og_type":"article","og_title":"Przetarg na pumptrack og\u0142oszony. Tu\u017c przy lodowisku powstanie tor dla rowerzyst\u00f3w i rolkarzy - 24GLIWICE - Portal Gliwice | codziennie nowe informacje","og_description":"Jeszcze w tym roku powstanie w Gliwicach specjalny tor do ekstremalnej jazdy na rowerze i rolkach. Inwestycja zostanie zrealizowana przy ul. Akademickiej 29, w s\u0105siedztwie lodowiska &#8220;Tafla&#8221;. &#8211; Pumptrack b\u0119dzie posiada\u0142 nawierzchni\u0119 asfaltow\u0105 o d\u0142ugo\u015bci minimum 100m. Na torze znajdowa\u0107 si\u0119 b\u0119d\u0105 specjalnie profilowane zakr\u0119ty i muldy, wszystko po to aby m\u00f3c si\u0119 rozp\u0119dzi\u0107 i [&hellip;]","og_url":"https:\/\/www.24gliwice.pl\/wiadomosci\/przetarg-na-pumptrack-ogloszony-tuz-przy-lodowisku-powstanie-tor-dla-rowerzystow-i-rolkarzy\/","og_site_name":"24GLIWICE - Portal Gliwice | codziennie nowe informacje","article_publisher":"https:\/\/www.facebook.com\/24gliwice","article_published_time":"2018-04-18T09:33:10+00:00","og_image":[{"width":810,"height":457,"url":"https:\/\/www.24gliwice.pl\/wiadomosci\/wp-content\/uploads\/2018\/04\/1-Screenshot_28-001.jpg","type":"image\/jpeg"}],"author":"Micha\u0142 Szewczyk","twitter_card":"summary_large_image","twitter_creator":"@24gliwice","twitter_site":"@24gliwice","twitter_misc":{"Napisane przez":"Micha\u0142 Szewczyk","Szacowany czas czytania":"2 minuty"},"schema":{"@context":"https:\/\/schema.org","@graph":[{"@type":"Article","@id":"https:\/\/www.24gliwice.pl\/wiadomosci\/przetarg-na-pumptrack-ogloszony-tuz-przy-lodowisku-powstanie-tor-dla-rowerzystow-i-rolkarzy\/#article","isPartOf":{"@id":"https:\/\/www.24gliwice.pl\/wiadomosci\/przetarg-na-pumptrack-ogloszony-tuz-przy-lodowisku-powstanie-tor-dla-rowerzystow-i-rolkarzy\/"},"author":{"name":"Micha\u0142 Szewczyk","@id":"https:\/\/www.24gliwice.pl\/wiadomosci\/#\/schema\/person\/940e8f8a097e322de4f463f061ef8d45"},"headline":"Przetarg na pumptrack og\u0142oszony. Tu\u017c przy lodowisku powstanie tor dla rowerzyst\u00f3w i rolkarzy","datePublished":"2018-04-18T09:33:10+00:00","mainEntityOfPage":{"@id":"https:\/\/www.24gliwice.pl\/wiadomosci\/przetarg-na-pumptrack-ogloszony-tuz-przy-lodowisku-powstanie-tor-dla-rowerzystow-i-rolkarzy\/"},"wordCount":413,"commentCount":0,"publisher":{"@id":"https:\/\/www.24gliwice.pl\/wiadomosci\/#organization"},"image":{"@id":"https:\/\/www.24gliwice.pl\/wiadomosci\/przetarg-na-pumptrack-ogloszony-tuz-przy-lodowisku-powstanie-tor-dla-rowerzystow-i-rolkarzy\/#primaryimage"},"thumbnailUrl":"https:\/\/www.24gliwice.pl\/wiadomosci\/wp-content\/uploads\/2018\/04\/1-Screenshot_28-001.jpg","keywords":["MZUK","tomasz herud"],"articleSection":["Gliwice","Najnowsze wiadomo\u015bci","Portal Gliwice - Wiadomo\u015bci lokalne"],"inLanguage":"pl-PL","potentialAction":[{"@type":"CommentAction","name":"Comment","target":["https:\/\/www.24gliwice.pl\/wiadomosci\/przetarg-na-pumptrack-ogloszony-tuz-przy-lodowisku-powstanie-tor-dla-rowerzystow-i-rolkarzy\/#respond"]}]},{"@type":"WebPage","@id":"https:\/\/www.24gliwice.pl\/wiadomosci\/przetarg-na-pumptrack-ogloszony-tuz-przy-lodowisku-powstanie-tor-dla-rowerzystow-i-rolkarzy\/","url":"https:\/\/www.24gliwice.pl\/wiadomosci\/przetarg-na-pumptrack-ogloszony-tuz-przy-lodowisku-powstanie-tor-dla-rowerzystow-i-rolkarzy\/","name":"Przetarg na pumptrack og\u0142oszony. Tu\u017c przy lodowisku powstanie tor dla rowerzyst\u00f3w i rolkarzy - 24GLIWICE - Portal Gliwice | codziennie nowe informacje","isPartOf":{"@id":"https:\/\/www.24gliwice.pl\/wiadomosci\/#website"},"primaryImageOfPage":{"@id":"https:\/\/www.24gliwice.pl\/wiadomosci\/przetarg-na-pumptrack-ogloszony-tuz-przy-lodowisku-powstanie-tor-dla-rowerzystow-i-rolkarzy\/#primaryimage"},"image":{"@id":"https:\/\/www.24gliwice.pl\/wiadomosci\/przetarg-na-pumptrack-ogloszony-tuz-przy-lodowisku-powstanie-tor-dla-rowerzystow-i-rolkarzy\/#primaryimage"},"thumbnailUrl":"https:\/\/www.24gliwice.pl\/wiadomosci\/wp-content\/uploads\/2018\/04\/1-Screenshot_28-001.jpg","datePublished":"2018-04-18T09:33:10+00:00","breadcrumb":{"@id":"https:\/\/www.24gliwice.pl\/wiadomosci\/przetarg-na-pumptrack-ogloszony-tuz-przy-lodowisku-powstanie-tor-dla-rowerzystow-i-rolkarzy\/#breadcrumb"},"inLanguage":"pl-PL","potentialAction":[{"@type":"ReadAction","target":["https:\/\/www.24gliwice.pl\/wiadomosci\/przetarg-na-pumptrack-ogloszony-tuz-przy-lodowisku-powstanie-tor-dla-rowerzystow-i-rolkarzy\/"]}]},{"@type":"ImageObject","inLanguage":"pl-PL","@id":"https:\/\/www.24gliwice.pl\/wiadomosci\/przetarg-na-pumptrack-ogloszony-tuz-przy-lodowisku-powstanie-tor-dla-rowerzystow-i-rolkarzy\/#primaryimage","url":"https:\/\/www.24gliwice.pl\/wiadomosci\/wp-content\/uploads\/2018\/04\/1-Screenshot_28-001.jpg","contentUrl":"https:\/\/www.24gliwice.pl\/wiadomosci\/wp-content\/uploads\/2018\/04\/1-Screenshot_28-001.jpg","width":810,"height":457},{"@type":"BreadcrumbList","@id":"https:\/\/www.24gliwice.pl\/wiadomosci\/przetarg-na-pumptrack-ogloszony-tuz-przy-lodowisku-powstanie-tor-dla-rowerzystow-i-rolkarzy\/#breadcrumb","itemListElement":[{"@type":"ListItem","position":1,"name":"Strona g\u0142\u00f3wna","item":"https:\/\/www.24gliwice.pl\/wiadomosci\/"},{"@type":"ListItem","position":2,"name":"Przetarg na pumptrack og\u0142oszony. Tu\u017c przy lodowisku powstanie tor dla rowerzyst\u00f3w i rolkarzy"}]},{"@type":"WebSite","@id":"https:\/\/www.24gliwice.pl\/wiadomosci\/#website","url":"https:\/\/www.24gliwice.pl\/wiadomosci\/","name":"24GLIWICE - Portal Gliwice | codziennie nowe wiadomo\u015bci","description":"Portal Miejski Gliwice","publisher":{"@id":"https:\/\/www.24gliwice.pl\/wiadomosci\/#organization"},"potentialAction":[{"@type":"SearchAction","target":{"@type":"EntryPoint","urlTemplate":"https:\/\/www.24gliwice.pl\/wiadomosci\/?s={search_term_string}"},"query-input":{"@type":"PropertyValueSpecification","valueRequired":true,"valueName":"search_term_string"}}],"inLanguage":"pl-PL"},{"@type":"Organization","@id":"https:\/\/www.24gliwice.pl\/wiadomosci\/#organization","name":"24gliwice","url":"https:\/\/www.24gliwice.pl\/wiadomosci\/","logo":{"@type":"ImageObject","inLanguage":"pl-PL","@id":"https:\/\/www.24gliwice.pl\/wiadomosci\/#\/schema\/logo\/image\/","url":"https:\/\/www.24gliwice.pl\/wiadomosci\/wp-content\/uploads\/2024\/10\/24gliwice-logo-696.jpg","contentUrl":"https:\/\/www.24gliwice.pl\/wiadomosci\/wp-content\/uploads\/2024\/10\/24gliwice-logo-696.jpg","width":696,"height":696,"caption":"24gliwice"},"image":{"@id":"https:\/\/www.24gliwice.pl\/wiadomosci\/#\/schema\/logo\/image\/"},"sameAs":["https:\/\/www.facebook.com\/24gliwice","https:\/\/x.com\/24gliwice","https:\/\/www.youtube.com\/@24gliwice"]},{"@type":"Person","@id":"https:\/\/www.24gliwice.pl\/wiadomosci\/#\/schema\/person\/940e8f8a097e322de4f463f061ef8d45","name":"Micha\u0142 Szewczyk","image":{"@type":"ImageObject","inLanguage":"pl-PL","@id":"https:\/\/secure.gravatar.com\/avatar\/771b8b6c74cd8d255e46392d605e01a86133900ef09b6ef3c8d451c9d92288cf?s=96&d=mm&r=g","url":"https:\/\/secure.gravatar.com\/avatar\/771b8b6c74cd8d255e46392d605e01a86133900ef09b6ef3c8d451c9d92288cf?s=96&d=mm&r=g","contentUrl":"https:\/\/secure.gravatar.com\/avatar\/771b8b6c74cd8d255e46392d605e01a86133900ef09b6ef3c8d451c9d92288cf?s=96&d=mm&r=g","caption":"Micha\u0142 Szewczyk"},"sameAs":["http:\/\/www.gazeta-miejska.pl"],"url":"https:\/\/www.24gliwice.pl\/wiadomosci\/author\/michal-szewczyk\/"}]}},"_links":{"self":[{"href":"https:\/\/www.24gliwice.pl\/wiadomosci\/wp-json\/wp\/v2\/posts\/115928","targetHints":{"allow":["GET"]}}],"collection":[{"href":"https:\/\/www.24gliwice.pl\/wiadomosci\/wp-json\/wp\/v2\/posts"}],"about":[{"href":"https:\/\/www.24gliwice.pl\/wiadomosci\/wp-json\/wp\/v2\/types\/post"}],"author":[{"embeddable":true,"href":"https:\/\/www.24gliwice.pl\/wiadomosci\/wp-json\/wp\/v2\/users\/12"}],"replies":[{"embeddable":true,"href":"https:\/\/www.24gliwice.pl\/wiadomosci\/wp-json\/wp\/v2\/comments?post=115928"}],"version-history":[{"count":0,"href":"https:\/\/www.24gliwice.pl\/wiadomosci\/wp-json\/wp\/v2\/posts\/115928\/revisions"}],"wp:featuredmedia":[{"embeddable":true,"href":"https:\/\/www.24gliwice.pl\/wiadomosci\/wp-json\/wp\/v2\/media\/115962"}],"wp:attachment":[{"href":"https:\/\/www.24gliwice.pl\/wiadomosci\/wp-json\/wp\/v2\/media?parent=115928"}],"wp:term":[{"taxonomy":"category","embeddable":true,"href":"https:\/\/www.24gliwice.pl\/wiadomosci\/wp-json\/wp\/v2\/categories?post=115928"},{"taxonomy":"post_tag","embeddable":true,"href":"https:\/\/www.24gliwice.pl\/wiadomosci\/wp-json\/wp\/v2\/tags?post=115928"}],"curies":[{"name":"wp","href":"https:\/\/api.w.org\/{rel}","templated":true}]}}