{"id":116043,"date":"2018-04-20T00:21:04","date_gmt":"2018-04-19T22:21:04","guid":{"rendered":"https:\/\/www.24gliwice.pl\/wiadomosci\/?p=116043"},"modified":"2018-04-20T00:22:32","modified_gmt":"2018-04-19T22:22:32","slug":"strazacy-interweniowali-w-kwietniu-plonely-laki","status":"publish","type":"post","link":"https:\/\/www.24gliwice.pl\/wiadomosci\/strazacy-interweniowali-w-kwietniu-plonely-laki\/","title":{"rendered":"Stra\u017cacy interweniowali w kwietniu o po\u0142ow\u0119 cz\u0119\u015bciej ni\u017c przez ca\u0142y marzec. P\u0142on\u0119\u0142y \u0142\u0105ki"},"content":{"rendered":"<div class=\"gliwi-a6-nad-leadem-artykulow gliwi-entity-placement\" id=\"gliwi-1300743824\"><div class=\"gliwi-adlabel\"><span style=\"font-size: 9px\">REKLAMA<\/span><\/div><div id=\"gliwi-3927657248\" style=\"margin-bottom: 30px;margin-left: auto;margin-right: auto;text-align: center;\"><a data-no-instant=\"1\" href=\"https:\/\/przedszkole.halogen.org.pl\/\" rel=\"noopener\" class=\"a2t-link\" target=\"_blank\" aria-label=\"20260402-ANIMATOR-przedszkole_grafika_750x200\"><img loading=\"lazy\" decoding=\"async\" src=\"https:\/\/www.24gliwice.pl\/wiadomosci\/wp-content\/uploads\/2026\/04\/20260402-ANIMATOR-przedszkole_grafika_750x200.webp\" alt=\"\"  srcset=\"https:\/\/www.24gliwice.pl\/wiadomosci\/wp-content\/uploads\/2026\/04\/20260402-ANIMATOR-przedszkole_grafika_750x200.webp 750w, https:\/\/www.24gliwice.pl\/wiadomosci\/wp-content\/uploads\/2026\/04\/20260402-ANIMATOR-przedszkole_grafika_750x200-410x109.webp 410w\" sizes=\"(max-width: 750px) 100vw, 750px\" class=\"no-lazyload\" width=\"750\" height=\"200\"  style=\"display: inline-block; max-width: 100%; height: auto;\" \/><\/a><\/div><\/div><h3>W marcu do po\u017car\u00f3w traw gliwicka stra\u017c po\u017carna wyje\u017cd\u017ca\u0142a prawie 40 razy. W tym miesi\u0105cu stra\u017cacy maj\u0105 ju\u017c za sob\u0105 62 takie interwencje.<\/h3>\n<p>\u2013 Najcz\u0119\u015bciej do po\u017car\u00f3w traw dochodzi na polach i \u0142\u0105kach \u2013 wyja\u015bnia <strong>Dariusz Mr\u00f3wka<\/strong>, z Komendy Miejskiej Pa\u0144stwowej Stra\u017cy Po\u017carnej w Gliwicach. \u2013 W 95 procent takich zdarze\u0144 wywo\u0142anych by\u0142o celowym dzia\u0142aniem cz\u0142owieka.<\/p>\n<p>Co roku z nadej\u015bciem wiosny nad polami, \u0142\u0105kami i dzia\u0142kami pojawia si\u0119 gryz\u0105cy dym. Na \u0142\u0105kach p\u0142onie trawa, a na dzia\u0142kach ga\u0142\u0119zie, li\u015bcie i inne pozosta\u0142o\u015bci po zimie. Niestety, nadal w\u015br\u00f3d spo\u0142ecze\u0144stwa panuje przekonanie, \u017ce po wypaleniu zesz\u0142orocznej i uschni\u0119tej trawy, w jej miejsce odro\u015bnie nowa i jeszcze bujniejsza.<\/p><div class=\"gliwi-a3-w-tresci-artykulow gliwi-entity-placement\" id=\"gliwi-2783286841\"><div class=\"gliwi-adlabel\"><span style=\"font-size: 9px\">REKLAMA<\/span><\/div><div id=\"gliwi-948625514\" style=\"margin-bottom: 30px;margin-left: auto;margin-right: auto;text-align: center;\"><a data-no-instant=\"1\" href=\"https:\/\/ogrodyandersa.pl\/\" rel=\"noopener\" class=\"a2t-link\" target=\"_blank\" aria-label=\"20260415 Ogrody Andersa KUP TERAZ D\"><img loading=\"lazy\" decoding=\"async\" src=\"https:\/\/www.24gliwice.pl\/wiadomosci\/wp-content\/uploads\/2026\/04\/20260415-Ogrody-Andersa-KUP-TERAZ-D.jpg\" alt=\"\"  srcset=\"https:\/\/www.24gliwice.pl\/wiadomosci\/wp-content\/uploads\/2026\/04\/20260415-Ogrody-Andersa-KUP-TERAZ-D.jpg 750w, https:\/\/www.24gliwice.pl\/wiadomosci\/wp-content\/uploads\/2026\/04\/20260415-Ogrody-Andersa-KUP-TERAZ-D-410x109.jpg 410w\" sizes=\"(max-width: 750px) 100vw, 750px\" class=\"no-lazyload\" width=\"750\" height=\"200\"  style=\"display: inline-block; max-width: 100%; height: auto;\" \/><\/a><\/div><\/div>\n[perfectpullquote align=&#8221;full&#8221; bordertop=&#8221;false&#8221; cite=&#8221;&#8221; link=&#8221;&#8221; color=&#8221;&#8221; class=&#8221;&#8221; size=&#8221;&#8221;]Nic bardziej mylnego. Zniszczona po po\u017carze ziemia wyja\u0142awia si\u0119, a \u017cyj\u0105ce w niej owady zapylaj\u0105ce gin\u0105. [\/perfectpullquote]\n<p>Nie tylko ogie\u0144 jest niebezpieczny. Towarzysz\u0105cy mu dym mo\u017ce doprowadzi\u0107 do zaczadzenia przebywaj\u0105cych w pobli\u017cu os\u00f3b. Zmniejsza on r\u00f3wnie\u017c widoczno\u015b\u0107 na drodze, co z kolei mo\u017ce prowadzi\u0107 do gro\u017anych wypadk\u00f3w drogowych.<\/p>\n<p>Decyduj\u0105c si\u0119 na spalanie trawy, li\u015bci lub ga\u0142\u0119zi nale\u017cy liczy\u0107 si\u0119 z sankcjami. Za takie dzia\u0142anie grozi grzywna w wysoko\u015bci do 5 tys. z\u0142otych, a nawet kara pozbawienia wolno\u015bci, je\u015bli podpalacz wywo\u0142a\u0142 po\u017car, kt\u00f3ry zagra\u017ca\u0142 \u017cyciu lub zdrowiu innych os\u00f3b.<\/p>\n<p>Wi\u0119cej informacji na temat mo\u017cna znale\u017a\u0107 na stronie <a href=\"http:\/\/www.stoppozaromtraw.pl\">www.stoppozaromtraw.pl<\/a>. <\/p>\n<p>(\u017cms)\/UM(kr)<\/p>\n<div class=\"gliwi-a5-na-koncu-artykulow gliwi-entity-placement\" id=\"gliwi-2261470741\"><div class=\"gliwi-adlabel\"><span style=\"font-size: 9px\">REKLAMA<\/span><\/div><div id=\"gliwi-2495632207\" style=\"margin-left: auto;margin-right: auto;text-align: center;\"><a data-no-instant=\"1\" href=\"https:\/\/prezeroarenagliwice.pl\/\" rel=\"noopener\" class=\"a2t-link\" target=\"_blank\" aria-label=\"20260309-PREZERO-WIOSNA-D\"><img loading=\"lazy\" decoding=\"async\" src=\"https:\/\/www.24gliwice.pl\/wiadomosci\/wp-content\/uploads\/2026\/03\/20260309-PREZERO-WIOSNA-D.webp\" alt=\"\"  srcset=\"https:\/\/www.24gliwice.pl\/wiadomosci\/wp-content\/uploads\/2026\/03\/20260309-PREZERO-WIOSNA-D.webp 750w, https:\/\/www.24gliwice.pl\/wiadomosci\/wp-content\/uploads\/2026\/03\/20260309-PREZERO-WIOSNA-D-410x109.webp 410w\" sizes=\"(max-width: 750px) 100vw, 750px\" class=\"no-lazyload\" width=\"750\" height=\"200\"  style=\"display: inline-block; max-width: 100%; height: auto;\" \/><\/a><\/div><\/div>","protected":false},"excerpt":{"rendered":"<p>W marcu do po\u017car\u00f3w traw gliwicka stra\u017c po\u017carna wyje\u017cd\u017ca\u0142a prawie 40 razy. W tym miesi\u0105cu stra\u017cacy maj\u0105 ju\u017c za sob\u0105 62 takie interwencje. \u2013 Najcz\u0119\u015bciej do po\u017car\u00f3w traw dochodzi na polach i \u0142\u0105kach \u2013 wyja\u015bnia Dariusz Mr\u00f3wka, z Komendy Miejskiej Pa\u0144stwowej Stra\u017cy Po\u017carnej w Gliwicach. \u2013 W 95 procent takich zdarze\u0144 wywo\u0142anych by\u0142o celowym dzia\u0142aniem [&hellip;]<\/p>\n","protected":false},"author":15,"featured_media":114786,"comment_status":"open","ping_status":"closed","sticky":false,"template":"","format":"standard","meta":{"_monsterinsights_skip_tracking":false,"_monsterinsights_sitenote_active":false,"_monsterinsights_sitenote_note":"","_monsterinsights_sitenote_category":0,"footnotes":"","_links_to":"","_links_to_target":""},"categories":[3,1],"tags":[11086,60,11950,1472,12160,8866],"class_list":["post-116043","post","type-post","status-publish","format-standard","has-post-thumbnail","hentry","category-gliwice","category-wszystko","tag-ogien","tag-pozar","tag-pozary-traw","tag-straz-pozarna","tag-wypalanie-trawy","tag-zwloki"],"yoast_head":"<!-- This site is optimized with the Yoast SEO plugin v27.5 - https:\/\/yoast.com\/product\/yoast-seo-wordpress\/ -->\n<title>Stra\u017cacy interweniowali w kwietniu o po\u0142ow\u0119 cz\u0119\u015bciej ni\u017c przez ca\u0142y marzec. P\u0142on\u0119\u0142y \u0142\u0105ki - 24GLIWICE - Portal Gliwice | codziennie nowe informacje<\/title>\n<meta name=\"robots\" content=\"index, follow, max-snippet:-1, max-image-preview:large, max-video-preview:-1\" \/>\n<link rel=\"canonical\" href=\"https:\/\/www.24gliwice.pl\/wiadomosci\/strazacy-interweniowali-w-kwietniu-plonely-laki\/\" \/>\n<meta property=\"og:locale\" content=\"pl_PL\" \/>\n<meta property=\"og:type\" content=\"article\" \/>\n<meta property=\"og:title\" content=\"Stra\u017cacy interweniowali w kwietniu o po\u0142ow\u0119 cz\u0119\u015bciej ni\u017c przez ca\u0142y marzec. P\u0142on\u0119\u0142y \u0142\u0105ki - 24GLIWICE - Portal Gliwice | codziennie nowe informacje\" \/>\n<meta property=\"og:description\" content=\"W marcu do po\u017car\u00f3w traw gliwicka stra\u017c po\u017carna wyje\u017cd\u017ca\u0142a prawie 40 razy. W tym miesi\u0105cu stra\u017cacy maj\u0105 ju\u017c za sob\u0105 62 takie interwencje. \u2013 Najcz\u0119\u015bciej do po\u017car\u00f3w traw dochodzi na polach i \u0142\u0105kach \u2013 wyja\u015bnia Dariusz Mr\u00f3wka, z Komendy Miejskiej Pa\u0144stwowej Stra\u017cy Po\u017carnej w Gliwicach. \u2013 W 95 procent takich zdarze\u0144 wywo\u0142anych by\u0142o celowym dzia\u0142aniem [&hellip;]\" \/>\n<meta property=\"og:url\" content=\"https:\/\/www.24gliwice.pl\/wiadomosci\/strazacy-interweniowali-w-kwietniu-plonely-laki\/\" \/>\n<meta property=\"og:site_name\" content=\"24GLIWICE - Portal Gliwice | codziennie nowe informacje\" \/>\n<meta property=\"article:publisher\" content=\"https:\/\/www.facebook.com\/24gliwice\" \/>\n<meta property=\"article:published_time\" content=\"2018-04-19T22:21:04+00:00\" \/>\n<meta property=\"article:modified_time\" content=\"2018-04-19T22:22:32+00:00\" \/>\n<meta property=\"og:image\" content=\"https:\/\/www.24gliwice.pl\/wiadomosci\/wp-content\/uploads\/2018\/03\/wypalanie-traw.jpg\" \/>\n\t<meta property=\"og:image:width\" content=\"878\" \/>\n\t<meta property=\"og:image:height\" content=\"493\" \/>\n\t<meta property=\"og:image:type\" content=\"image\/jpeg\" \/>\n<meta name=\"author\" content=\"\u017baneta Mrozek-Siewierska\" \/>\n<meta name=\"twitter:card\" content=\"summary_large_image\" \/>\n<meta name=\"twitter:creator\" content=\"@24gliwice\" \/>\n<meta name=\"twitter:site\" content=\"@24gliwice\" \/>\n<meta name=\"twitter:label1\" content=\"Napisane przez\" \/>\n\t<meta name=\"twitter:data1\" content=\"\u017baneta Mrozek-Siewierska\" \/>\n\t<meta name=\"twitter:label2\" content=\"Szacowany czas czytania\" \/>\n\t<meta name=\"twitter:data2\" content=\"1 minuta\" \/>\n<script type=\"application\/ld+json\" class=\"yoast-schema-graph\">{\"@context\":\"https:\\\/\\\/schema.org\",\"@graph\":[{\"@type\":\"Article\",\"@id\":\"https:\\\/\\\/www.24gliwice.pl\\\/wiadomosci\\\/strazacy-interweniowali-w-kwietniu-plonely-laki\\\/#article\",\"isPartOf\":{\"@id\":\"https:\\\/\\\/www.24gliwice.pl\\\/wiadomosci\\\/strazacy-interweniowali-w-kwietniu-plonely-laki\\\/\"},\"author\":{\"name\":\"\u017baneta Mrozek-Siewierska\",\"@id\":\"https:\\\/\\\/www.24gliwice.pl\\\/wiadomosci\\\/#\\\/schema\\\/person\\\/e42c650edd7f2fa332be3811fb166b6e\"},\"headline\":\"Stra\u017cacy interweniowali w kwietniu o po\u0142ow\u0119 cz\u0119\u015bciej ni\u017c przez ca\u0142y marzec. P\u0142on\u0119\u0142y \u0142\u0105ki\",\"datePublished\":\"2018-04-19T22:21:04+00:00\",\"dateModified\":\"2018-04-19T22:22:32+00:00\",\"mainEntityOfPage\":{\"@id\":\"https:\\\/\\\/www.24gliwice.pl\\\/wiadomosci\\\/strazacy-interweniowali-w-kwietniu-plonely-laki\\\/\"},\"wordCount\":294,\"commentCount\":0,\"publisher\":{\"@id\":\"https:\\\/\\\/www.24gliwice.pl\\\/wiadomosci\\\/#organization\"},\"image\":{\"@id\":\"https:\\\/\\\/www.24gliwice.pl\\\/wiadomosci\\\/strazacy-interweniowali-w-kwietniu-plonely-laki\\\/#primaryimage\"},\"thumbnailUrl\":\"https:\\\/\\\/www.24gliwice.pl\\\/wiadomosci\\\/wp-content\\\/uploads\\\/2018\\\/03\\\/wypalanie-traw.jpg\",\"keywords\":[\"ogie\u0144\",\"PO\u017bAR\",\"po\u017cary traw\",\"STRA\u017b PO\u017bARNA\",\"wypalanie trawy\",\"zw\u0142oki\"],\"articleSection\":[\"Gliwice\",\"Najnowsze wiadomo\u015bci\"],\"inLanguage\":\"pl-PL\",\"potentialAction\":[{\"@type\":\"CommentAction\",\"name\":\"Comment\",\"target\":[\"https:\\\/\\\/www.24gliwice.pl\\\/wiadomosci\\\/strazacy-interweniowali-w-kwietniu-plonely-laki\\\/#respond\"]}]},{\"@type\":\"WebPage\",\"@id\":\"https:\\\/\\\/www.24gliwice.pl\\\/wiadomosci\\\/strazacy-interweniowali-w-kwietniu-plonely-laki\\\/\",\"url\":\"https:\\\/\\\/www.24gliwice.pl\\\/wiadomosci\\\/strazacy-interweniowali-w-kwietniu-plonely-laki\\\/\",\"name\":\"Stra\u017cacy interweniowali w kwietniu o po\u0142ow\u0119 cz\u0119\u015bciej ni\u017c przez ca\u0142y marzec. P\u0142on\u0119\u0142y \u0142\u0105ki - 24GLIWICE - Portal Gliwice | codziennie nowe informacje\",\"isPartOf\":{\"@id\":\"https:\\\/\\\/www.24gliwice.pl\\\/wiadomosci\\\/#website\"},\"primaryImageOfPage\":{\"@id\":\"https:\\\/\\\/www.24gliwice.pl\\\/wiadomosci\\\/strazacy-interweniowali-w-kwietniu-plonely-laki\\\/#primaryimage\"},\"image\":{\"@id\":\"https:\\\/\\\/www.24gliwice.pl\\\/wiadomosci\\\/strazacy-interweniowali-w-kwietniu-plonely-laki\\\/#primaryimage\"},\"thumbnailUrl\":\"https:\\\/\\\/www.24gliwice.pl\\\/wiadomosci\\\/wp-content\\\/uploads\\\/2018\\\/03\\\/wypalanie-traw.jpg\",\"datePublished\":\"2018-04-19T22:21:04+00:00\",\"dateModified\":\"2018-04-19T22:22:32+00:00\",\"breadcrumb\":{\"@id\":\"https:\\\/\\\/www.24gliwice.pl\\\/wiadomosci\\\/strazacy-interweniowali-w-kwietniu-plonely-laki\\\/#breadcrumb\"},\"inLanguage\":\"pl-PL\",\"potentialAction\":[{\"@type\":\"ReadAction\",\"target\":[\"https:\\\/\\\/www.24gliwice.pl\\\/wiadomosci\\\/strazacy-interweniowali-w-kwietniu-plonely-laki\\\/\"]}]},{\"@type\":\"ImageObject\",\"inLanguage\":\"pl-PL\",\"@id\":\"https:\\\/\\\/www.24gliwice.pl\\\/wiadomosci\\\/strazacy-interweniowali-w-kwietniu-plonely-laki\\\/#primaryimage\",\"url\":\"https:\\\/\\\/www.24gliwice.pl\\\/wiadomosci\\\/wp-content\\\/uploads\\\/2018\\\/03\\\/wypalanie-traw.jpg\",\"contentUrl\":\"https:\\\/\\\/www.24gliwice.pl\\\/wiadomosci\\\/wp-content\\\/uploads\\\/2018\\\/03\\\/wypalanie-traw.jpg\",\"width\":878,\"height\":493},{\"@type\":\"BreadcrumbList\",\"@id\":\"https:\\\/\\\/www.24gliwice.pl\\\/wiadomosci\\\/strazacy-interweniowali-w-kwietniu-plonely-laki\\\/#breadcrumb\",\"itemListElement\":[{\"@type\":\"ListItem\",\"position\":1,\"name\":\"Strona g\u0142\u00f3wna\",\"item\":\"https:\\\/\\\/www.24gliwice.pl\\\/wiadomosci\\\/\"},{\"@type\":\"ListItem\",\"position\":2,\"name\":\"Stra\u017cacy interweniowali w kwietniu o po\u0142ow\u0119 cz\u0119\u015bciej ni\u017c przez ca\u0142y marzec. P\u0142on\u0119\u0142y \u0142\u0105ki\"}]},{\"@type\":\"WebSite\",\"@id\":\"https:\\\/\\\/www.24gliwice.pl\\\/wiadomosci\\\/#website\",\"url\":\"https:\\\/\\\/www.24gliwice.pl\\\/wiadomosci\\\/\",\"name\":\"24GLIWICE - Portal Gliwice | codziennie nowe wiadomo\u015bci\",\"description\":\"Portal Miejski Gliwice\",\"publisher\":{\"@id\":\"https:\\\/\\\/www.24gliwice.pl\\\/wiadomosci\\\/#organization\"},\"potentialAction\":[{\"@type\":\"SearchAction\",\"target\":{\"@type\":\"EntryPoint\",\"urlTemplate\":\"https:\\\/\\\/www.24gliwice.pl\\\/wiadomosci\\\/?s={search_term_string}\"},\"query-input\":{\"@type\":\"PropertyValueSpecification\",\"valueRequired\":true,\"valueName\":\"search_term_string\"}}],\"inLanguage\":\"pl-PL\"},{\"@type\":\"Organization\",\"@id\":\"https:\\\/\\\/www.24gliwice.pl\\\/wiadomosci\\\/#organization\",\"name\":\"24gliwice\",\"url\":\"https:\\\/\\\/www.24gliwice.pl\\\/wiadomosci\\\/\",\"logo\":{\"@type\":\"ImageObject\",\"inLanguage\":\"pl-PL\",\"@id\":\"https:\\\/\\\/www.24gliwice.pl\\\/wiadomosci\\\/#\\\/schema\\\/logo\\\/image\\\/\",\"url\":\"https:\\\/\\\/www.24gliwice.pl\\\/wiadomosci\\\/wp-content\\\/uploads\\\/2024\\\/10\\\/24gliwice-logo-696.jpg\",\"contentUrl\":\"https:\\\/\\\/www.24gliwice.pl\\\/wiadomosci\\\/wp-content\\\/uploads\\\/2024\\\/10\\\/24gliwice-logo-696.jpg\",\"width\":696,\"height\":696,\"caption\":\"24gliwice\"},\"image\":{\"@id\":\"https:\\\/\\\/www.24gliwice.pl\\\/wiadomosci\\\/#\\\/schema\\\/logo\\\/image\\\/\"},\"sameAs\":[\"https:\\\/\\\/www.facebook.com\\\/24gliwice\",\"https:\\\/\\\/x.com\\\/24gliwice\",\"https:\\\/\\\/www.youtube.com\\\/@24gliwice\"]},{\"@type\":\"Person\",\"@id\":\"https:\\\/\\\/www.24gliwice.pl\\\/wiadomosci\\\/#\\\/schema\\\/person\\\/e42c650edd7f2fa332be3811fb166b6e\",\"name\":\"\u017baneta Mrozek-Siewierska\",\"image\":{\"@type\":\"ImageObject\",\"inLanguage\":\"pl-PL\",\"@id\":\"https:\\\/\\\/secure.gravatar.com\\\/avatar\\\/1881429e9c64597c77ad7aef2d0a19be69a3253e57534d16aa15bf3a4d34a0a3?s=96&d=mm&r=g\",\"url\":\"https:\\\/\\\/secure.gravatar.com\\\/avatar\\\/1881429e9c64597c77ad7aef2d0a19be69a3253e57534d16aa15bf3a4d34a0a3?s=96&d=mm&r=g\",\"contentUrl\":\"https:\\\/\\\/secure.gravatar.com\\\/avatar\\\/1881429e9c64597c77ad7aef2d0a19be69a3253e57534d16aa15bf3a4d34a0a3?s=96&d=mm&r=g\",\"caption\":\"\u017baneta Mrozek-Siewierska\"},\"url\":\"https:\\\/\\\/www.24gliwice.pl\\\/wiadomosci\\\/author\\\/zms\\\/\"}]}<\/script>\n<!-- \/ Yoast SEO plugin. -->","yoast_head_json":{"title":"Stra\u017cacy interweniowali w kwietniu o po\u0142ow\u0119 cz\u0119\u015bciej ni\u017c przez ca\u0142y marzec. P\u0142on\u0119\u0142y \u0142\u0105ki - 24GLIWICE - Portal Gliwice | codziennie nowe informacje","robots":{"index":"index","follow":"follow","max-snippet":"max-snippet:-1","max-image-preview":"max-image-preview:large","max-video-preview":"max-video-preview:-1"},"canonical":"https:\/\/www.24gliwice.pl\/wiadomosci\/strazacy-interweniowali-w-kwietniu-plonely-laki\/","og_locale":"pl_PL","og_type":"article","og_title":"Stra\u017cacy interweniowali w kwietniu o po\u0142ow\u0119 cz\u0119\u015bciej ni\u017c przez ca\u0142y marzec. P\u0142on\u0119\u0142y \u0142\u0105ki - 24GLIWICE - Portal Gliwice | codziennie nowe informacje","og_description":"W marcu do po\u017car\u00f3w traw gliwicka stra\u017c po\u017carna wyje\u017cd\u017ca\u0142a prawie 40 razy. W tym miesi\u0105cu stra\u017cacy maj\u0105 ju\u017c za sob\u0105 62 takie interwencje. \u2013 Najcz\u0119\u015bciej do po\u017car\u00f3w traw dochodzi na polach i \u0142\u0105kach \u2013 wyja\u015bnia Dariusz Mr\u00f3wka, z Komendy Miejskiej Pa\u0144stwowej Stra\u017cy Po\u017carnej w Gliwicach. \u2013 W 95 procent takich zdarze\u0144 wywo\u0142anych by\u0142o celowym dzia\u0142aniem [&hellip;]","og_url":"https:\/\/www.24gliwice.pl\/wiadomosci\/strazacy-interweniowali-w-kwietniu-plonely-laki\/","og_site_name":"24GLIWICE - Portal Gliwice | codziennie nowe informacje","article_publisher":"https:\/\/www.facebook.com\/24gliwice","article_published_time":"2018-04-19T22:21:04+00:00","article_modified_time":"2018-04-19T22:22:32+00:00","og_image":[{"width":878,"height":493,"url":"https:\/\/www.24gliwice.pl\/wiadomosci\/wp-content\/uploads\/2018\/03\/wypalanie-traw.jpg","type":"image\/jpeg"}],"author":"\u017baneta Mrozek-Siewierska","twitter_card":"summary_large_image","twitter_creator":"@24gliwice","twitter_site":"@24gliwice","twitter_misc":{"Napisane przez":"\u017baneta Mrozek-Siewierska","Szacowany czas czytania":"1 minuta"},"schema":{"@context":"https:\/\/schema.org","@graph":[{"@type":"Article","@id":"https:\/\/www.24gliwice.pl\/wiadomosci\/strazacy-interweniowali-w-kwietniu-plonely-laki\/#article","isPartOf":{"@id":"https:\/\/www.24gliwice.pl\/wiadomosci\/strazacy-interweniowali-w-kwietniu-plonely-laki\/"},"author":{"name":"\u017baneta Mrozek-Siewierska","@id":"https:\/\/www.24gliwice.pl\/wiadomosci\/#\/schema\/person\/e42c650edd7f2fa332be3811fb166b6e"},"headline":"Stra\u017cacy interweniowali w kwietniu o po\u0142ow\u0119 cz\u0119\u015bciej ni\u017c przez ca\u0142y marzec. P\u0142on\u0119\u0142y \u0142\u0105ki","datePublished":"2018-04-19T22:21:04+00:00","dateModified":"2018-04-19T22:22:32+00:00","mainEntityOfPage":{"@id":"https:\/\/www.24gliwice.pl\/wiadomosci\/strazacy-interweniowali-w-kwietniu-plonely-laki\/"},"wordCount":294,"commentCount":0,"publisher":{"@id":"https:\/\/www.24gliwice.pl\/wiadomosci\/#organization"},"image":{"@id":"https:\/\/www.24gliwice.pl\/wiadomosci\/strazacy-interweniowali-w-kwietniu-plonely-laki\/#primaryimage"},"thumbnailUrl":"https:\/\/www.24gliwice.pl\/wiadomosci\/wp-content\/uploads\/2018\/03\/wypalanie-traw.jpg","keywords":["ogie\u0144","PO\u017bAR","po\u017cary traw","STRA\u017b PO\u017bARNA","wypalanie trawy","zw\u0142oki"],"articleSection":["Gliwice","Najnowsze wiadomo\u015bci"],"inLanguage":"pl-PL","potentialAction":[{"@type":"CommentAction","name":"Comment","target":["https:\/\/www.24gliwice.pl\/wiadomosci\/strazacy-interweniowali-w-kwietniu-plonely-laki\/#respond"]}]},{"@type":"WebPage","@id":"https:\/\/www.24gliwice.pl\/wiadomosci\/strazacy-interweniowali-w-kwietniu-plonely-laki\/","url":"https:\/\/www.24gliwice.pl\/wiadomosci\/strazacy-interweniowali-w-kwietniu-plonely-laki\/","name":"Stra\u017cacy interweniowali w kwietniu o po\u0142ow\u0119 cz\u0119\u015bciej ni\u017c przez ca\u0142y marzec. P\u0142on\u0119\u0142y \u0142\u0105ki - 24GLIWICE - Portal Gliwice | codziennie nowe informacje","isPartOf":{"@id":"https:\/\/www.24gliwice.pl\/wiadomosci\/#website"},"primaryImageOfPage":{"@id":"https:\/\/www.24gliwice.pl\/wiadomosci\/strazacy-interweniowali-w-kwietniu-plonely-laki\/#primaryimage"},"image":{"@id":"https:\/\/www.24gliwice.pl\/wiadomosci\/strazacy-interweniowali-w-kwietniu-plonely-laki\/#primaryimage"},"thumbnailUrl":"https:\/\/www.24gliwice.pl\/wiadomosci\/wp-content\/uploads\/2018\/03\/wypalanie-traw.jpg","datePublished":"2018-04-19T22:21:04+00:00","dateModified":"2018-04-19T22:22:32+00:00","breadcrumb":{"@id":"https:\/\/www.24gliwice.pl\/wiadomosci\/strazacy-interweniowali-w-kwietniu-plonely-laki\/#breadcrumb"},"inLanguage":"pl-PL","potentialAction":[{"@type":"ReadAction","target":["https:\/\/www.24gliwice.pl\/wiadomosci\/strazacy-interweniowali-w-kwietniu-plonely-laki\/"]}]},{"@type":"ImageObject","inLanguage":"pl-PL","@id":"https:\/\/www.24gliwice.pl\/wiadomosci\/strazacy-interweniowali-w-kwietniu-plonely-laki\/#primaryimage","url":"https:\/\/www.24gliwice.pl\/wiadomosci\/wp-content\/uploads\/2018\/03\/wypalanie-traw.jpg","contentUrl":"https:\/\/www.24gliwice.pl\/wiadomosci\/wp-content\/uploads\/2018\/03\/wypalanie-traw.jpg","width":878,"height":493},{"@type":"BreadcrumbList","@id":"https:\/\/www.24gliwice.pl\/wiadomosci\/strazacy-interweniowali-w-kwietniu-plonely-laki\/#breadcrumb","itemListElement":[{"@type":"ListItem","position":1,"name":"Strona g\u0142\u00f3wna","item":"https:\/\/www.24gliwice.pl\/wiadomosci\/"},{"@type":"ListItem","position":2,"name":"Stra\u017cacy interweniowali w kwietniu o po\u0142ow\u0119 cz\u0119\u015bciej ni\u017c przez ca\u0142y marzec. P\u0142on\u0119\u0142y \u0142\u0105ki"}]},{"@type":"WebSite","@id":"https:\/\/www.24gliwice.pl\/wiadomosci\/#website","url":"https:\/\/www.24gliwice.pl\/wiadomosci\/","name":"24GLIWICE - Portal Gliwice | codziennie nowe wiadomo\u015bci","description":"Portal Miejski Gliwice","publisher":{"@id":"https:\/\/www.24gliwice.pl\/wiadomosci\/#organization"},"potentialAction":[{"@type":"SearchAction","target":{"@type":"EntryPoint","urlTemplate":"https:\/\/www.24gliwice.pl\/wiadomosci\/?s={search_term_string}"},"query-input":{"@type":"PropertyValueSpecification","valueRequired":true,"valueName":"search_term_string"}}],"inLanguage":"pl-PL"},{"@type":"Organization","@id":"https:\/\/www.24gliwice.pl\/wiadomosci\/#organization","name":"24gliwice","url":"https:\/\/www.24gliwice.pl\/wiadomosci\/","logo":{"@type":"ImageObject","inLanguage":"pl-PL","@id":"https:\/\/www.24gliwice.pl\/wiadomosci\/#\/schema\/logo\/image\/","url":"https:\/\/www.24gliwice.pl\/wiadomosci\/wp-content\/uploads\/2024\/10\/24gliwice-logo-696.jpg","contentUrl":"https:\/\/www.24gliwice.pl\/wiadomosci\/wp-content\/uploads\/2024\/10\/24gliwice-logo-696.jpg","width":696,"height":696,"caption":"24gliwice"},"image":{"@id":"https:\/\/www.24gliwice.pl\/wiadomosci\/#\/schema\/logo\/image\/"},"sameAs":["https:\/\/www.facebook.com\/24gliwice","https:\/\/x.com\/24gliwice","https:\/\/www.youtube.com\/@24gliwice"]},{"@type":"Person","@id":"https:\/\/www.24gliwice.pl\/wiadomosci\/#\/schema\/person\/e42c650edd7f2fa332be3811fb166b6e","name":"\u017baneta Mrozek-Siewierska","image":{"@type":"ImageObject","inLanguage":"pl-PL","@id":"https:\/\/secure.gravatar.com\/avatar\/1881429e9c64597c77ad7aef2d0a19be69a3253e57534d16aa15bf3a4d34a0a3?s=96&d=mm&r=g","url":"https:\/\/secure.gravatar.com\/avatar\/1881429e9c64597c77ad7aef2d0a19be69a3253e57534d16aa15bf3a4d34a0a3?s=96&d=mm&r=g","contentUrl":"https:\/\/secure.gravatar.com\/avatar\/1881429e9c64597c77ad7aef2d0a19be69a3253e57534d16aa15bf3a4d34a0a3?s=96&d=mm&r=g","caption":"\u017baneta Mrozek-Siewierska"},"url":"https:\/\/www.24gliwice.pl\/wiadomosci\/author\/zms\/"}]}},"_links":{"self":[{"href":"https:\/\/www.24gliwice.pl\/wiadomosci\/wp-json\/wp\/v2\/posts\/116043","targetHints":{"allow":["GET"]}}],"collection":[{"href":"https:\/\/www.24gliwice.pl\/wiadomosci\/wp-json\/wp\/v2\/posts"}],"about":[{"href":"https:\/\/www.24gliwice.pl\/wiadomosci\/wp-json\/wp\/v2\/types\/post"}],"author":[{"embeddable":true,"href":"https:\/\/www.24gliwice.pl\/wiadomosci\/wp-json\/wp\/v2\/users\/15"}],"replies":[{"embeddable":true,"href":"https:\/\/www.24gliwice.pl\/wiadomosci\/wp-json\/wp\/v2\/comments?post=116043"}],"version-history":[{"count":0,"href":"https:\/\/www.24gliwice.pl\/wiadomosci\/wp-json\/wp\/v2\/posts\/116043\/revisions"}],"wp:featuredmedia":[{"embeddable":true,"href":"https:\/\/www.24gliwice.pl\/wiadomosci\/wp-json\/wp\/v2\/media\/114786"}],"wp:attachment":[{"href":"https:\/\/www.24gliwice.pl\/wiadomosci\/wp-json\/wp\/v2\/media?parent=116043"}],"wp:term":[{"taxonomy":"category","embeddable":true,"href":"https:\/\/www.24gliwice.pl\/wiadomosci\/wp-json\/wp\/v2\/categories?post=116043"},{"taxonomy":"post_tag","embeddable":true,"href":"https:\/\/www.24gliwice.pl\/wiadomosci\/wp-json\/wp\/v2\/tags?post=116043"}],"curies":[{"name":"wp","href":"https:\/\/api.w.org\/{rel}","templated":true}]}}