{"id":116097,"date":"2018-04-23T16:32:25","date_gmt":"2018-04-23T14:32:25","guid":{"rendered":"https:\/\/www.24gliwice.pl\/wiadomosci\/?p=116097"},"modified":"2018-04-23T16:34:18","modified_gmt":"2018-04-23T14:34:18","slug":"ostatnia-redukcja-etatow-w-fabryce-opla","status":"publish","type":"post","link":"https:\/\/www.24gliwice.pl\/wiadomosci\/ostatnia-redukcja-etatow-w-fabryce-opla\/","title":{"rendered":"Ostatnia redukcja etat\u00f3w w fabryce Opla? &#8220;Liczymy, \u017ce otrzymamy do produkcji nowy model&#8221;"},"content":{"rendered":"<div class=\"gliwi-a6-nad-leadem-artykulow gliwi-entity-placement\" id=\"gliwi-547588752\"><div class=\"gliwi-adlabel\"><span style=\"font-size: 9px\">REKLAMA<\/span><\/div><div id=\"gliwi-2143475803\" style=\"margin-bottom: 25px;margin-left: auto;margin-right: auto;text-align: center;\"><a data-no-instant=\"1\" href=\"https:\/\/dom100.eu\/\" rel=\"noopener\" class=\"a2t-link\" target=\"_blank\" aria-label=\"20260415 DOM100 D\"><img loading=\"lazy\" decoding=\"async\" src=\"https:\/\/www.24gliwice.pl\/wiadomosci\/wp-content\/uploads\/2026\/04\/20260415-DOM100-D.jpg\" alt=\"\"  srcset=\"https:\/\/www.24gliwice.pl\/wiadomosci\/wp-content\/uploads\/2026\/04\/20260415-DOM100-D.jpg 750w, https:\/\/www.24gliwice.pl\/wiadomosci\/wp-content\/uploads\/2026\/04\/20260415-DOM100-D-410x109.jpg 410w\" sizes=\"(max-width: 750px) 100vw, 750px\" class=\"no-lazyload\" width=\"750\" height=\"200\"  style=\"display: inline-block; max-width: 100%; height: auto;\" \/><\/a><\/div><\/div><h3>275 os\u00f3b z gliwickiej fabryki Opla i 25 zatrudnionych w tyskim zak\u0142adzie Opel Manufacturing Poland ma obj\u0105\u0107 <a href=\"https:\/\/www.24gliwice.pl\/wiadomosci\/likwidacja-trzeciej-zmiany-w-oplu-staje-sie-faktem-odprawy-do-14-krotnosci-pensji\/\" rel=\"noopener\" target=\"_blank\">kolejna tura programu dobrowolnych odej\u015b\u0107 (POD).<\/a> Zg\u0142oszenia ch\u0119tnych b\u0119d\u0105 przyjmowane od 23 kwietnia do 11 maja.<\/h3>\n<p>Jak podkre\u015bla <strong>Mariusz Kr\u00f3l<\/strong>, szef Solidarno\u015bci w Opel Manufacturing Poland w Gliwicach, zasady korzystania z PDO s\u0105 okre\u015blone w regulaminie, kt\u00f3rego zapisy by\u0142y przedmiotem uzgodnie\u0144 pomi\u0119dzy pracodawc\u0105 a zak\u0142adowymi organizacjami zwi\u0105zkowymi.<\/p>\n<p>\u2013 Pracownikom, kt\u00f3rzy zdecyduj\u0105 si\u0119 na dobrowolne odej\u015bcie z fabryki w pierwszym tygodniu przyjmowania zg\u0142osze\u0144 do II tury PDO, b\u0119dzie przys\u0142ugiwa\u0107 odprawa wynosz\u0105ca maksymalnie 21 miesi\u0119cznych wynagrodze\u0144 \u2013 informuje przewodnicz\u0105cy.<\/p><div class=\"gliwi-a3-w-tresci-artykulow gliwi-entity-placement\" id=\"gliwi-3378059226\"><div class=\"gliwi-adlabel\"><span style=\"font-size: 9px\">REKLAMA<\/span><\/div><div id=\"gliwi-193464696\" style=\"margin-bottom: 30px;margin-left: auto;margin-right: auto;text-align: center;\"><a data-no-instant=\"1\" href=\"https:\/\/zlobek.halogen.org.pl\/\" rel=\"noopener\" class=\"a2t-link\" target=\"_blank\" aria-label=\"animator-zlobek_750x200\"><img loading=\"lazy\" decoding=\"async\" src=\"https:\/\/www.24gliwice.pl\/wiadomosci\/wp-content\/uploads\/2026\/02\/animator-zlobek_750x200.webp\" alt=\"\"  srcset=\"https:\/\/www.24gliwice.pl\/wiadomosci\/wp-content\/uploads\/2026\/02\/animator-zlobek_750x200.webp 750w, https:\/\/www.24gliwice.pl\/wiadomosci\/wp-content\/uploads\/2026\/02\/animator-zlobek_750x200-410x109.webp 410w\" sizes=\"(max-width: 750px) 100vw, 750px\" class=\"no-lazyload\" width=\"750\" height=\"200\"  style=\"display: inline-block; max-width: 100%; height: auto;\" \/><\/a><\/div><\/div>\n<blockquote><p>Tym, kt\u00f3rzy decyzj\u0119 podejm\u0105 p\u00f3\u017aniej, przys\u0142ugiwa\u0107 b\u0119dzie maksymalnie 20 miesi\u0119cznych pensji<\/p><\/blockquote>\n<p>&#8211; dodaje.<\/p>\n<p>Mariusz Kr\u00f3l spodziewa si\u0119, \u017ce podobnie jak podczas I tury PDO, z propozycji dobrowolnych odej\u015b\u0107 w zamian za odpraw\u0119 b\u0119d\u0105 korzysta\u0107 przede wszystkim pracownicy starsi sta\u017cem.<\/p>\n<p>\u2013 Ich wynagrodzenia s\u0105 wy\u017csze ni\u017c u m\u0142odych pracownik\u00f3w, a co za tym idzie wysoko\u015b\u0107 odpraw jest bardziej zach\u0119caj\u0105ca do skorzystania z programu ni\u017c w przypadku m\u0142odych pracownik\u00f3w z kr\u00f3tkim sta\u017cem \u2013 wyja\u015bnia Kr\u00f3l. Dodaje, \u017ce cho\u0107 w jego ocenie zasady korzystania z PDO s\u0105 do\u015b\u0107 dobrze oceniane i przez zwi\u0105zek, i przez beneficjent\u00f3w programu, to jednak fakt kolejnej redukcji zatrudnienia w polskich zak\u0142adach Opla jest niedobr\u0105 wiadomo\u015bci\u0105.<\/p>\n<p>\u2013 Mamy jednak nadziej\u0119, \u017ce to ju\u017c koniec redukcji w naszej fabryce. Liczymy, \u017ce otrzymamy do produkcji nowy model, kt\u00f3ry b\u0119dzie si\u0119 dobrze sprzedawa\u0142, a w \u015blad za tym mo\u017cna b\u0119dzie ponownie zwi\u0119ksza\u0107 zatrudnienie \u2013 dodaje przewodnicz\u0105cy.<\/p>\n[perfectpullquote align=&#8221;full&#8221; bordertop=&#8221;false&#8221; cite=&#8221;&#8221; link=&#8221;&#8221; color=&#8221;&#8221; class=&#8221;&#8221; size=&#8221;&#8221;]Z pierwszej tury PDO, kt\u00f3ra by\u0142a prowadzona na pocz\u0105tku tego roku, skorzysta\u0142o 190 pracownik\u00f3w. To nie jedyna w ostatnich miesi\u0105cach redukcja zatrudnienia w gliwickim zak\u0142adzie. [\/perfectpullquote]\n<p>W zesz\u0142ym roku po przerwie wakacyjnej zak\u0142ad zrezygnowa\u0142 z us\u0142ug pracownik\u00f3w zatrudnionych za po\u015brednictwem agencji pracy tymczasowej. Nie przed\u0142u\u017cono te\u017c um\u00f3w osobom zatrudnionym na czas okre\u015blony. Pod koniec lutego 250 pracownik\u00f3w z Gliwic zosta\u0142o oddelegowanych do pracy w fabryce Opla w Ruesselsheim w Niemczech. Od lutego fabryka w Gliwicach pracuje na dwie, a nie na trzy zmiany jak dotychczas.<\/p>\n<p>Pierwsza tura PDO nie obj\u0119\u0142a fabryki silnik\u00f3w w Tychach, druga tak. \u2013 Zasady s\u0105 takie same jak w gliwickiej fabryce, ale skala zdecydowanie mniejsza. Zak\u0142ad w Tychach jest w innej sytuacji ni\u017c zak\u0142ad w Gliwicach, na pocz\u0105tku przysz\u0142ego roku w fabryce ma ruszy\u0107 produkcja silnik\u00f3w 1.2 Pure Tech.<\/p>\n<p>Fabryka w Gliwicach zatrudnia obecnie niespe\u0142na 3500 pracownik\u00f3w, z kolei fabryka w Tychach 400 os\u00f3b, jednak z powodu remontu i prac modernizacyjnych bezpo\u015brednio w zak\u0142adzie pracuje oko\u0142o 100 os\u00f3b, pozostali s\u0105 oddelegowani do pracy w Gliwicach i w innych zak\u0142adach koncernu. <\/p>\n<p>W ubieg\u0142ym roku Opel zosta\u0142 przej\u0119ty przez francusk\u0105 grup\u0119 PSA, w\u0142a\u015bciciela marek Citroen i Peugeot. Nowy w\u0142a\u015bciciel zapowiedzia\u0142 utrzymanie produkcji we wszystkich europejskich zak\u0142adach Opla i zagwarantowa\u0142, \u017ce w najbli\u017cszym czasie nie przewiduje w nich przymusowych zwolnie\u0144 pracownik\u00f3w.<\/p>\n<p>(\u017cms)\/(pod, kar)\/<a href=\"http:\/\/www.solidarnosckatowice.pl\/pl-PL\/druga_tura_pdo_w_oplu.html\">solidarnosckatowice.pl<\/a><\/p>\n<div class=\"gliwi-a5-na-koncu-artykulow gliwi-entity-placement\" id=\"gliwi-3540983039\"><div class=\"gliwi-adlabel\"><span style=\"font-size: 9px\">REKLAMA<\/span><\/div><div id=\"gliwi-677173690\" style=\"margin-left: auto;margin-right: auto;text-align: center;\"><a data-no-instant=\"1\" href=\"https:\/\/prezeroarenagliwice.pl\/\" rel=\"noopener\" class=\"a2t-link\" target=\"_blank\" aria-label=\"20260309-PREZERO-WIOSNA-D\"><img loading=\"lazy\" decoding=\"async\" src=\"https:\/\/www.24gliwice.pl\/wiadomosci\/wp-content\/uploads\/2026\/03\/20260309-PREZERO-WIOSNA-D.webp\" alt=\"\"  srcset=\"https:\/\/www.24gliwice.pl\/wiadomosci\/wp-content\/uploads\/2026\/03\/20260309-PREZERO-WIOSNA-D.webp 750w, https:\/\/www.24gliwice.pl\/wiadomosci\/wp-content\/uploads\/2026\/03\/20260309-PREZERO-WIOSNA-D-410x109.webp 410w\" sizes=\"(max-width: 750px) 100vw, 750px\" class=\"no-lazyload\" width=\"750\" height=\"200\"  style=\"display: inline-block; max-width: 100%; height: auto;\" \/><\/a><\/div><\/div>","protected":false},"excerpt":{"rendered":"<p>275 os\u00f3b z gliwickiej fabryki Opla i 25 zatrudnionych w tyskim zak\u0142adzie Opel Manufacturing Poland ma obj\u0105\u0107 kolejna tura programu dobrowolnych odej\u015b\u0107 (POD). Zg\u0142oszenia ch\u0119tnych b\u0119d\u0105 przyjmowane od 23 kwietnia do 11 maja. Jak podkre\u015bla Mariusz Kr\u00f3l, szef Solidarno\u015bci w Opel Manufacturing Poland w Gliwicach, zasady korzystania z PDO s\u0105 okre\u015blone w regulaminie, kt\u00f3rego zapisy [&hellip;]<\/p>\n","protected":false},"author":15,"featured_media":103374,"comment_status":"open","ping_status":"closed","sticky":false,"template":"","format":"standard","meta":{"_monsterinsights_skip_tracking":false,"_monsterinsights_sitenote_active":false,"_monsterinsights_sitenote_note":"","_monsterinsights_sitenote_category":0,"footnotes":"","_links_to":"","_links_to_target":""},"categories":[3,1,9],"tags":[180,11217,8425,11214,8781],"class_list":["post-116097","post","type-post","status-publish","format-standard","has-post-thumbnail","hentry","category-gliwice","category-wszystko","category-aktualnosci_lokalne","tag-fabryka-opla","tag-likwidacja-trzeciej-zmiany","tag-opel","tag-redukcja-zatrudnienia","tag-zwolnienia"],"yoast_head":"<!-- This site is optimized with the Yoast SEO plugin v27.5 - https:\/\/yoast.com\/product\/yoast-seo-wordpress\/ -->\n<title>Ostatnia redukcja etat\u00f3w w fabryce Opla? &quot;Liczymy, \u017ce otrzymamy do produkcji nowy model&quot; - 24GLIWICE - Portal Gliwice | codziennie nowe informacje<\/title>\n<meta name=\"robots\" content=\"index, follow, max-snippet:-1, max-image-preview:large, max-video-preview:-1\" \/>\n<link rel=\"canonical\" href=\"https:\/\/www.24gliwice.pl\/wiadomosci\/ostatnia-redukcja-etatow-w-fabryce-opla\/\" \/>\n<meta property=\"og:locale\" content=\"pl_PL\" \/>\n<meta property=\"og:type\" content=\"article\" \/>\n<meta property=\"og:title\" content=\"Ostatnia redukcja etat\u00f3w w fabryce Opla? &quot;Liczymy, \u017ce otrzymamy do produkcji nowy model&quot; - 24GLIWICE - Portal Gliwice | codziennie nowe informacje\" \/>\n<meta property=\"og:description\" content=\"275 os\u00f3b z gliwickiej fabryki Opla i 25 zatrudnionych w tyskim zak\u0142adzie Opel Manufacturing Poland ma obj\u0105\u0107 kolejna tura programu dobrowolnych odej\u015b\u0107 (POD). Zg\u0142oszenia ch\u0119tnych b\u0119d\u0105 przyjmowane od 23 kwietnia do 11 maja. Jak podkre\u015bla Mariusz Kr\u00f3l, szef Solidarno\u015bci w Opel Manufacturing Poland w Gliwicach, zasady korzystania z PDO s\u0105 okre\u015blone w regulaminie, kt\u00f3rego zapisy [&hellip;]\" \/>\n<meta property=\"og:url\" content=\"https:\/\/www.24gliwice.pl\/wiadomosci\/ostatnia-redukcja-etatow-w-fabryce-opla\/\" \/>\n<meta property=\"og:site_name\" content=\"24GLIWICE - Portal Gliwice | codziennie nowe informacje\" \/>\n<meta property=\"article:publisher\" content=\"https:\/\/www.facebook.com\/24gliwice\" \/>\n<meta property=\"article:published_time\" content=\"2018-04-23T14:32:25+00:00\" \/>\n<meta property=\"article:modified_time\" content=\"2018-04-23T14:34:18+00:00\" \/>\n<meta property=\"og:image\" content=\"https:\/\/www.24gliwice.pl\/wiadomosci\/wp-content\/uploads\/2017\/08\/1-DSC00464-e1524215858521.jpg\" \/>\n\t<meta property=\"og:image:width\" content=\"810\" \/>\n\t<meta property=\"og:image:height\" content=\"456\" \/>\n\t<meta property=\"og:image:type\" content=\"image\/jpeg\" \/>\n<meta name=\"author\" content=\"\u017baneta Mrozek-Siewierska\" \/>\n<meta name=\"twitter:card\" content=\"summary_large_image\" \/>\n<meta name=\"twitter:creator\" content=\"@24gliwice\" \/>\n<meta name=\"twitter:site\" content=\"@24gliwice\" \/>\n<meta name=\"twitter:label1\" content=\"Napisane przez\" \/>\n\t<meta name=\"twitter:data1\" content=\"\u017baneta Mrozek-Siewierska\" \/>\n\t<meta name=\"twitter:label2\" content=\"Szacowany czas czytania\" \/>\n\t<meta name=\"twitter:data2\" content=\"3 minuty\" \/>\n<script type=\"application\/ld+json\" class=\"yoast-schema-graph\">{\"@context\":\"https:\\\/\\\/schema.org\",\"@graph\":[{\"@type\":\"Article\",\"@id\":\"https:\\\/\\\/www.24gliwice.pl\\\/wiadomosci\\\/ostatnia-redukcja-etatow-w-fabryce-opla\\\/#article\",\"isPartOf\":{\"@id\":\"https:\\\/\\\/www.24gliwice.pl\\\/wiadomosci\\\/ostatnia-redukcja-etatow-w-fabryce-opla\\\/\"},\"author\":{\"name\":\"\u017baneta Mrozek-Siewierska\",\"@id\":\"https:\\\/\\\/www.24gliwice.pl\\\/wiadomosci\\\/#\\\/schema\\\/person\\\/e42c650edd7f2fa332be3811fb166b6e\"},\"headline\":\"Ostatnia redukcja etat\u00f3w w fabryce Opla? &#8220;Liczymy, \u017ce otrzymamy do produkcji nowy model&#8221;\",\"datePublished\":\"2018-04-23T14:32:25+00:00\",\"dateModified\":\"2018-04-23T14:34:18+00:00\",\"mainEntityOfPage\":{\"@id\":\"https:\\\/\\\/www.24gliwice.pl\\\/wiadomosci\\\/ostatnia-redukcja-etatow-w-fabryce-opla\\\/\"},\"wordCount\":553,\"commentCount\":0,\"publisher\":{\"@id\":\"https:\\\/\\\/www.24gliwice.pl\\\/wiadomosci\\\/#organization\"},\"image\":{\"@id\":\"https:\\\/\\\/www.24gliwice.pl\\\/wiadomosci\\\/ostatnia-redukcja-etatow-w-fabryce-opla\\\/#primaryimage\"},\"thumbnailUrl\":\"https:\\\/\\\/www.24gliwice.pl\\\/wiadomosci\\\/wp-content\\\/uploads\\\/2017\\\/08\\\/1-DSC00464-e1524215858521.jpg\",\"keywords\":[\"fabryka Opla\",\"likwidacja trzeciej zmiany\",\"OPEL\",\"redukcja zatrudnienia\",\"zwolnienia\"],\"articleSection\":[\"Gliwice\",\"Najnowsze wiadomo\u015bci\",\"Portal Gliwice - Wiadomo\u015bci lokalne\"],\"inLanguage\":\"pl-PL\",\"potentialAction\":[{\"@type\":\"CommentAction\",\"name\":\"Comment\",\"target\":[\"https:\\\/\\\/www.24gliwice.pl\\\/wiadomosci\\\/ostatnia-redukcja-etatow-w-fabryce-opla\\\/#respond\"]}]},{\"@type\":\"WebPage\",\"@id\":\"https:\\\/\\\/www.24gliwice.pl\\\/wiadomosci\\\/ostatnia-redukcja-etatow-w-fabryce-opla\\\/\",\"url\":\"https:\\\/\\\/www.24gliwice.pl\\\/wiadomosci\\\/ostatnia-redukcja-etatow-w-fabryce-opla\\\/\",\"name\":\"Ostatnia redukcja etat\u00f3w w fabryce Opla? \\\"Liczymy, \u017ce otrzymamy do produkcji nowy model\\\" - 24GLIWICE - Portal Gliwice | codziennie nowe informacje\",\"isPartOf\":{\"@id\":\"https:\\\/\\\/www.24gliwice.pl\\\/wiadomosci\\\/#website\"},\"primaryImageOfPage\":{\"@id\":\"https:\\\/\\\/www.24gliwice.pl\\\/wiadomosci\\\/ostatnia-redukcja-etatow-w-fabryce-opla\\\/#primaryimage\"},\"image\":{\"@id\":\"https:\\\/\\\/www.24gliwice.pl\\\/wiadomosci\\\/ostatnia-redukcja-etatow-w-fabryce-opla\\\/#primaryimage\"},\"thumbnailUrl\":\"https:\\\/\\\/www.24gliwice.pl\\\/wiadomosci\\\/wp-content\\\/uploads\\\/2017\\\/08\\\/1-DSC00464-e1524215858521.jpg\",\"datePublished\":\"2018-04-23T14:32:25+00:00\",\"dateModified\":\"2018-04-23T14:34:18+00:00\",\"breadcrumb\":{\"@id\":\"https:\\\/\\\/www.24gliwice.pl\\\/wiadomosci\\\/ostatnia-redukcja-etatow-w-fabryce-opla\\\/#breadcrumb\"},\"inLanguage\":\"pl-PL\",\"potentialAction\":[{\"@type\":\"ReadAction\",\"target\":[\"https:\\\/\\\/www.24gliwice.pl\\\/wiadomosci\\\/ostatnia-redukcja-etatow-w-fabryce-opla\\\/\"]}]},{\"@type\":\"ImageObject\",\"inLanguage\":\"pl-PL\",\"@id\":\"https:\\\/\\\/www.24gliwice.pl\\\/wiadomosci\\\/ostatnia-redukcja-etatow-w-fabryce-opla\\\/#primaryimage\",\"url\":\"https:\\\/\\\/www.24gliwice.pl\\\/wiadomosci\\\/wp-content\\\/uploads\\\/2017\\\/08\\\/1-DSC00464-e1524215858521.jpg\",\"contentUrl\":\"https:\\\/\\\/www.24gliwice.pl\\\/wiadomosci\\\/wp-content\\\/uploads\\\/2017\\\/08\\\/1-DSC00464-e1524215858521.jpg\",\"width\":810,\"height\":456},{\"@type\":\"BreadcrumbList\",\"@id\":\"https:\\\/\\\/www.24gliwice.pl\\\/wiadomosci\\\/ostatnia-redukcja-etatow-w-fabryce-opla\\\/#breadcrumb\",\"itemListElement\":[{\"@type\":\"ListItem\",\"position\":1,\"name\":\"Strona g\u0142\u00f3wna\",\"item\":\"https:\\\/\\\/www.24gliwice.pl\\\/wiadomosci\\\/\"},{\"@type\":\"ListItem\",\"position\":2,\"name\":\"Ostatnia redukcja etat\u00f3w w fabryce Opla? &#8222;Liczymy, \u017ce otrzymamy do produkcji nowy model&#8221;\"}]},{\"@type\":\"WebSite\",\"@id\":\"https:\\\/\\\/www.24gliwice.pl\\\/wiadomosci\\\/#website\",\"url\":\"https:\\\/\\\/www.24gliwice.pl\\\/wiadomosci\\\/\",\"name\":\"24GLIWICE - Portal Gliwice | codziennie nowe wiadomo\u015bci\",\"description\":\"Portal Miejski Gliwice\",\"publisher\":{\"@id\":\"https:\\\/\\\/www.24gliwice.pl\\\/wiadomosci\\\/#organization\"},\"potentialAction\":[{\"@type\":\"SearchAction\",\"target\":{\"@type\":\"EntryPoint\",\"urlTemplate\":\"https:\\\/\\\/www.24gliwice.pl\\\/wiadomosci\\\/?s={search_term_string}\"},\"query-input\":{\"@type\":\"PropertyValueSpecification\",\"valueRequired\":true,\"valueName\":\"search_term_string\"}}],\"inLanguage\":\"pl-PL\"},{\"@type\":\"Organization\",\"@id\":\"https:\\\/\\\/www.24gliwice.pl\\\/wiadomosci\\\/#organization\",\"name\":\"24gliwice\",\"url\":\"https:\\\/\\\/www.24gliwice.pl\\\/wiadomosci\\\/\",\"logo\":{\"@type\":\"ImageObject\",\"inLanguage\":\"pl-PL\",\"@id\":\"https:\\\/\\\/www.24gliwice.pl\\\/wiadomosci\\\/#\\\/schema\\\/logo\\\/image\\\/\",\"url\":\"https:\\\/\\\/www.24gliwice.pl\\\/wiadomosci\\\/wp-content\\\/uploads\\\/2024\\\/10\\\/24gliwice-logo-696.jpg\",\"contentUrl\":\"https:\\\/\\\/www.24gliwice.pl\\\/wiadomosci\\\/wp-content\\\/uploads\\\/2024\\\/10\\\/24gliwice-logo-696.jpg\",\"width\":696,\"height\":696,\"caption\":\"24gliwice\"},\"image\":{\"@id\":\"https:\\\/\\\/www.24gliwice.pl\\\/wiadomosci\\\/#\\\/schema\\\/logo\\\/image\\\/\"},\"sameAs\":[\"https:\\\/\\\/www.facebook.com\\\/24gliwice\",\"https:\\\/\\\/x.com\\\/24gliwice\",\"https:\\\/\\\/www.youtube.com\\\/@24gliwice\"]},{\"@type\":\"Person\",\"@id\":\"https:\\\/\\\/www.24gliwice.pl\\\/wiadomosci\\\/#\\\/schema\\\/person\\\/e42c650edd7f2fa332be3811fb166b6e\",\"name\":\"\u017baneta Mrozek-Siewierska\",\"image\":{\"@type\":\"ImageObject\",\"inLanguage\":\"pl-PL\",\"@id\":\"https:\\\/\\\/secure.gravatar.com\\\/avatar\\\/1881429e9c64597c77ad7aef2d0a19be69a3253e57534d16aa15bf3a4d34a0a3?s=96&d=mm&r=g\",\"url\":\"https:\\\/\\\/secure.gravatar.com\\\/avatar\\\/1881429e9c64597c77ad7aef2d0a19be69a3253e57534d16aa15bf3a4d34a0a3?s=96&d=mm&r=g\",\"contentUrl\":\"https:\\\/\\\/secure.gravatar.com\\\/avatar\\\/1881429e9c64597c77ad7aef2d0a19be69a3253e57534d16aa15bf3a4d34a0a3?s=96&d=mm&r=g\",\"caption\":\"\u017baneta Mrozek-Siewierska\"},\"url\":\"https:\\\/\\\/www.24gliwice.pl\\\/wiadomosci\\\/author\\\/zms\\\/\"}]}<\/script>\n<!-- \/ Yoast SEO plugin. -->","yoast_head_json":{"title":"Ostatnia redukcja etat\u00f3w w fabryce Opla? \"Liczymy, \u017ce otrzymamy do produkcji nowy model\" - 24GLIWICE - Portal Gliwice | codziennie nowe informacje","robots":{"index":"index","follow":"follow","max-snippet":"max-snippet:-1","max-image-preview":"max-image-preview:large","max-video-preview":"max-video-preview:-1"},"canonical":"https:\/\/www.24gliwice.pl\/wiadomosci\/ostatnia-redukcja-etatow-w-fabryce-opla\/","og_locale":"pl_PL","og_type":"article","og_title":"Ostatnia redukcja etat\u00f3w w fabryce Opla? \"Liczymy, \u017ce otrzymamy do produkcji nowy model\" - 24GLIWICE - Portal Gliwice | codziennie nowe informacje","og_description":"275 os\u00f3b z gliwickiej fabryki Opla i 25 zatrudnionych w tyskim zak\u0142adzie Opel Manufacturing Poland ma obj\u0105\u0107 kolejna tura programu dobrowolnych odej\u015b\u0107 (POD). Zg\u0142oszenia ch\u0119tnych b\u0119d\u0105 przyjmowane od 23 kwietnia do 11 maja. Jak podkre\u015bla Mariusz Kr\u00f3l, szef Solidarno\u015bci w Opel Manufacturing Poland w Gliwicach, zasady korzystania z PDO s\u0105 okre\u015blone w regulaminie, kt\u00f3rego zapisy [&hellip;]","og_url":"https:\/\/www.24gliwice.pl\/wiadomosci\/ostatnia-redukcja-etatow-w-fabryce-opla\/","og_site_name":"24GLIWICE - Portal Gliwice | codziennie nowe informacje","article_publisher":"https:\/\/www.facebook.com\/24gliwice","article_published_time":"2018-04-23T14:32:25+00:00","article_modified_time":"2018-04-23T14:34:18+00:00","og_image":[{"width":810,"height":456,"url":"https:\/\/www.24gliwice.pl\/wiadomosci\/wp-content\/uploads\/2017\/08\/1-DSC00464-e1524215858521.jpg","type":"image\/jpeg"}],"author":"\u017baneta Mrozek-Siewierska","twitter_card":"summary_large_image","twitter_creator":"@24gliwice","twitter_site":"@24gliwice","twitter_misc":{"Napisane przez":"\u017baneta Mrozek-Siewierska","Szacowany czas czytania":"3 minuty"},"schema":{"@context":"https:\/\/schema.org","@graph":[{"@type":"Article","@id":"https:\/\/www.24gliwice.pl\/wiadomosci\/ostatnia-redukcja-etatow-w-fabryce-opla\/#article","isPartOf":{"@id":"https:\/\/www.24gliwice.pl\/wiadomosci\/ostatnia-redukcja-etatow-w-fabryce-opla\/"},"author":{"name":"\u017baneta Mrozek-Siewierska","@id":"https:\/\/www.24gliwice.pl\/wiadomosci\/#\/schema\/person\/e42c650edd7f2fa332be3811fb166b6e"},"headline":"Ostatnia redukcja etat\u00f3w w fabryce Opla? &#8220;Liczymy, \u017ce otrzymamy do produkcji nowy model&#8221;","datePublished":"2018-04-23T14:32:25+00:00","dateModified":"2018-04-23T14:34:18+00:00","mainEntityOfPage":{"@id":"https:\/\/www.24gliwice.pl\/wiadomosci\/ostatnia-redukcja-etatow-w-fabryce-opla\/"},"wordCount":553,"commentCount":0,"publisher":{"@id":"https:\/\/www.24gliwice.pl\/wiadomosci\/#organization"},"image":{"@id":"https:\/\/www.24gliwice.pl\/wiadomosci\/ostatnia-redukcja-etatow-w-fabryce-opla\/#primaryimage"},"thumbnailUrl":"https:\/\/www.24gliwice.pl\/wiadomosci\/wp-content\/uploads\/2017\/08\/1-DSC00464-e1524215858521.jpg","keywords":["fabryka Opla","likwidacja trzeciej zmiany","OPEL","redukcja zatrudnienia","zwolnienia"],"articleSection":["Gliwice","Najnowsze wiadomo\u015bci","Portal Gliwice - Wiadomo\u015bci lokalne"],"inLanguage":"pl-PL","potentialAction":[{"@type":"CommentAction","name":"Comment","target":["https:\/\/www.24gliwice.pl\/wiadomosci\/ostatnia-redukcja-etatow-w-fabryce-opla\/#respond"]}]},{"@type":"WebPage","@id":"https:\/\/www.24gliwice.pl\/wiadomosci\/ostatnia-redukcja-etatow-w-fabryce-opla\/","url":"https:\/\/www.24gliwice.pl\/wiadomosci\/ostatnia-redukcja-etatow-w-fabryce-opla\/","name":"Ostatnia redukcja etat\u00f3w w fabryce Opla? \"Liczymy, \u017ce otrzymamy do produkcji nowy model\" - 24GLIWICE - Portal Gliwice | codziennie nowe informacje","isPartOf":{"@id":"https:\/\/www.24gliwice.pl\/wiadomosci\/#website"},"primaryImageOfPage":{"@id":"https:\/\/www.24gliwice.pl\/wiadomosci\/ostatnia-redukcja-etatow-w-fabryce-opla\/#primaryimage"},"image":{"@id":"https:\/\/www.24gliwice.pl\/wiadomosci\/ostatnia-redukcja-etatow-w-fabryce-opla\/#primaryimage"},"thumbnailUrl":"https:\/\/www.24gliwice.pl\/wiadomosci\/wp-content\/uploads\/2017\/08\/1-DSC00464-e1524215858521.jpg","datePublished":"2018-04-23T14:32:25+00:00","dateModified":"2018-04-23T14:34:18+00:00","breadcrumb":{"@id":"https:\/\/www.24gliwice.pl\/wiadomosci\/ostatnia-redukcja-etatow-w-fabryce-opla\/#breadcrumb"},"inLanguage":"pl-PL","potentialAction":[{"@type":"ReadAction","target":["https:\/\/www.24gliwice.pl\/wiadomosci\/ostatnia-redukcja-etatow-w-fabryce-opla\/"]}]},{"@type":"ImageObject","inLanguage":"pl-PL","@id":"https:\/\/www.24gliwice.pl\/wiadomosci\/ostatnia-redukcja-etatow-w-fabryce-opla\/#primaryimage","url":"https:\/\/www.24gliwice.pl\/wiadomosci\/wp-content\/uploads\/2017\/08\/1-DSC00464-e1524215858521.jpg","contentUrl":"https:\/\/www.24gliwice.pl\/wiadomosci\/wp-content\/uploads\/2017\/08\/1-DSC00464-e1524215858521.jpg","width":810,"height":456},{"@type":"BreadcrumbList","@id":"https:\/\/www.24gliwice.pl\/wiadomosci\/ostatnia-redukcja-etatow-w-fabryce-opla\/#breadcrumb","itemListElement":[{"@type":"ListItem","position":1,"name":"Strona g\u0142\u00f3wna","item":"https:\/\/www.24gliwice.pl\/wiadomosci\/"},{"@type":"ListItem","position":2,"name":"Ostatnia redukcja etat\u00f3w w fabryce Opla? &#8222;Liczymy, \u017ce otrzymamy do produkcji nowy model&#8221;"}]},{"@type":"WebSite","@id":"https:\/\/www.24gliwice.pl\/wiadomosci\/#website","url":"https:\/\/www.24gliwice.pl\/wiadomosci\/","name":"24GLIWICE - Portal Gliwice | codziennie nowe wiadomo\u015bci","description":"Portal Miejski Gliwice","publisher":{"@id":"https:\/\/www.24gliwice.pl\/wiadomosci\/#organization"},"potentialAction":[{"@type":"SearchAction","target":{"@type":"EntryPoint","urlTemplate":"https:\/\/www.24gliwice.pl\/wiadomosci\/?s={search_term_string}"},"query-input":{"@type":"PropertyValueSpecification","valueRequired":true,"valueName":"search_term_string"}}],"inLanguage":"pl-PL"},{"@type":"Organization","@id":"https:\/\/www.24gliwice.pl\/wiadomosci\/#organization","name":"24gliwice","url":"https:\/\/www.24gliwice.pl\/wiadomosci\/","logo":{"@type":"ImageObject","inLanguage":"pl-PL","@id":"https:\/\/www.24gliwice.pl\/wiadomosci\/#\/schema\/logo\/image\/","url":"https:\/\/www.24gliwice.pl\/wiadomosci\/wp-content\/uploads\/2024\/10\/24gliwice-logo-696.jpg","contentUrl":"https:\/\/www.24gliwice.pl\/wiadomosci\/wp-content\/uploads\/2024\/10\/24gliwice-logo-696.jpg","width":696,"height":696,"caption":"24gliwice"},"image":{"@id":"https:\/\/www.24gliwice.pl\/wiadomosci\/#\/schema\/logo\/image\/"},"sameAs":["https:\/\/www.facebook.com\/24gliwice","https:\/\/x.com\/24gliwice","https:\/\/www.youtube.com\/@24gliwice"]},{"@type":"Person","@id":"https:\/\/www.24gliwice.pl\/wiadomosci\/#\/schema\/person\/e42c650edd7f2fa332be3811fb166b6e","name":"\u017baneta Mrozek-Siewierska","image":{"@type":"ImageObject","inLanguage":"pl-PL","@id":"https:\/\/secure.gravatar.com\/avatar\/1881429e9c64597c77ad7aef2d0a19be69a3253e57534d16aa15bf3a4d34a0a3?s=96&d=mm&r=g","url":"https:\/\/secure.gravatar.com\/avatar\/1881429e9c64597c77ad7aef2d0a19be69a3253e57534d16aa15bf3a4d34a0a3?s=96&d=mm&r=g","contentUrl":"https:\/\/secure.gravatar.com\/avatar\/1881429e9c64597c77ad7aef2d0a19be69a3253e57534d16aa15bf3a4d34a0a3?s=96&d=mm&r=g","caption":"\u017baneta Mrozek-Siewierska"},"url":"https:\/\/www.24gliwice.pl\/wiadomosci\/author\/zms\/"}]}},"_links":{"self":[{"href":"https:\/\/www.24gliwice.pl\/wiadomosci\/wp-json\/wp\/v2\/posts\/116097","targetHints":{"allow":["GET"]}}],"collection":[{"href":"https:\/\/www.24gliwice.pl\/wiadomosci\/wp-json\/wp\/v2\/posts"}],"about":[{"href":"https:\/\/www.24gliwice.pl\/wiadomosci\/wp-json\/wp\/v2\/types\/post"}],"author":[{"embeddable":true,"href":"https:\/\/www.24gliwice.pl\/wiadomosci\/wp-json\/wp\/v2\/users\/15"}],"replies":[{"embeddable":true,"href":"https:\/\/www.24gliwice.pl\/wiadomosci\/wp-json\/wp\/v2\/comments?post=116097"}],"version-history":[{"count":0,"href":"https:\/\/www.24gliwice.pl\/wiadomosci\/wp-json\/wp\/v2\/posts\/116097\/revisions"}],"wp:featuredmedia":[{"embeddable":true,"href":"https:\/\/www.24gliwice.pl\/wiadomosci\/wp-json\/wp\/v2\/media\/103374"}],"wp:attachment":[{"href":"https:\/\/www.24gliwice.pl\/wiadomosci\/wp-json\/wp\/v2\/media?parent=116097"}],"wp:term":[{"taxonomy":"category","embeddable":true,"href":"https:\/\/www.24gliwice.pl\/wiadomosci\/wp-json\/wp\/v2\/categories?post=116097"},{"taxonomy":"post_tag","embeddable":true,"href":"https:\/\/www.24gliwice.pl\/wiadomosci\/wp-json\/wp\/v2\/tags?post=116097"}],"curies":[{"name":"wp","href":"https:\/\/api.w.org\/{rel}","templated":true}]}}