{"id":116114,"date":"2018-05-29T20:29:39","date_gmt":"2018-05-29T18:29:39","guid":{"rendered":"https:\/\/www.24gliwice.pl\/wiadomosci\/?p=116114"},"modified":"2018-05-31T01:51:35","modified_gmt":"2018-05-30T23:51:35","slug":"tylko-niektore-ogrodki-sa-zadbane-dopuszczono-sie-tez-samowolki-twierdzi-miasto-petycja-odrzucona","status":"publish","type":"post","link":"https:\/\/www.24gliwice.pl\/wiadomosci\/tylko-niektore-ogrodki-sa-zadbane-dopuszczono-sie-tez-samowolki-twierdzi-miasto-petycja-odrzucona\/","title":{"rendered":"Tylko niekt\u00f3re ogr\u00f3dki s\u0105 zadbane, dopuszczono si\u0119 te\u017c samowolki &#8211; twierdzi Miasto. Petycja odrzucona"},"content":{"rendered":"<div class=\"gliwi-a6-nad-leadem-artykulow gliwi-entity-placement\" id=\"gliwi-3913874491\"><div class=\"gliwi-adlabel\"><span style=\"font-size: 9px\">REKLAMA<\/span><\/div><div id=\"gliwi-2710357092\" style=\"margin-bottom: 30px;margin-left: auto;margin-right: auto;text-align: center;\"><a data-no-instant=\"1\" href=\"https:\/\/przedszkole.halogen.org.pl\/\" rel=\"noopener\" class=\"a2t-link\" target=\"_blank\" aria-label=\"20260402-ANIMATOR-przedszkole_grafika_750x200\"><img loading=\"lazy\" decoding=\"async\" src=\"https:\/\/www.24gliwice.pl\/wiadomosci\/wp-content\/uploads\/2026\/04\/20260402-ANIMATOR-przedszkole_grafika_750x200.webp\" alt=\"\"  srcset=\"https:\/\/www.24gliwice.pl\/wiadomosci\/wp-content\/uploads\/2026\/04\/20260402-ANIMATOR-przedszkole_grafika_750x200.webp 750w, https:\/\/www.24gliwice.pl\/wiadomosci\/wp-content\/uploads\/2026\/04\/20260402-ANIMATOR-przedszkole_grafika_750x200-410x109.webp 410w\" sizes=\"(max-width: 750px) 100vw, 750px\" class=\"no-lazyload\" width=\"750\" height=\"200\"  style=\"display: inline-block; max-width: 100%; height: auto;\" \/><\/a><\/div><\/div><h3>W kwietniu informowali\u015bmy o <a href=\"https:\/\/www.24gliwice.pl\/wiadomosci\/mieszkancy-szobiszowic-protestuja\/\" target=\"_blank\" rel=\"noopener\">petycji wystosowanej do prezydenta Gliwic przez mieszka\u0144c\u00f3w ulic My\u015bliwskiej i Harcerskiej.<\/a> Protestuj\u0105 oni przeciw budowie budynk\u00f3w mieszkalnych na terenie dzia\u0142ek, kt\u00f3re dzier\u017cawi\u0105 od miasta.<\/h3>\n<p>Przypomnijmy, mieszka\u0144cy domagali si\u0119 natychmiastowego wstrzymania decyzji o budowie nowych obiekt\u00f3w mieszkalnych w lokalizacji, gdzie aktualnie znajduj\u0105 si\u0119 dzier\u017cawione przez nich od Miasta dzia\u0142ki. Jak podkre\u015blaj\u0105, obszar ten mia\u0142 charakter rekreacyjny od czasu kiedy wybudowano bloki, kt\u00f3re zamieszkuj\u0105.<\/p>\n[perfectpullquote align=&#8221;full&#8221; bordertop=&#8221;false&#8221; cite=&#8221;&#8221; link=&#8221;&#8221; color=&#8221;&#8221; class=&#8221;&#8221; size=&#8221;&#8221;]Umowy dzier\u017cawy wygasaj\u0105 31 pa\u017adziernika i wszystko wskazuje na to, \u017ce nie zostan\u0105 przed\u0142u\u017cone. [\/perfectpullquote]\n<p><img loading=\"lazy\" decoding=\"async\" class=\"alignnone size-full wp-image-117514\" src=\"https:\/\/www.24gliwice.pl\/wiadomosci\/wp-content\/uploads\/2018\/05\/harcerska-2-e1526992453335.jpg\" alt=\"\" width=\"810\" height=\"456\" \/><\/p>\n<p>Odpowied\u017a Miasta na postulaty mieszka\u0144c\u00f3w dzielnicy jest negatywna.<\/p><div class=\"gliwi-a3-w-tresci-artykulow gliwi-entity-placement\" id=\"gliwi-1667910829\"><div class=\"gliwi-adlabel\"><span style=\"font-size: 9px\">REKLAMA<\/span><\/div><div id=\"gliwi-1255223243\" style=\"margin-bottom: 30px;margin-left: auto;margin-right: auto;text-align: center;\"><a data-no-instant=\"1\" href=\"https:\/\/ogrodyandersa.pl\/\" rel=\"noopener\" class=\"a2t-link\" target=\"_blank\" aria-label=\"20260415 Ogrody Andersa KUP TERAZ D\"><img loading=\"lazy\" decoding=\"async\" src=\"https:\/\/www.24gliwice.pl\/wiadomosci\/wp-content\/uploads\/2026\/04\/20260415-Ogrody-Andersa-KUP-TERAZ-D.jpg\" alt=\"\"  srcset=\"https:\/\/www.24gliwice.pl\/wiadomosci\/wp-content\/uploads\/2026\/04\/20260415-Ogrody-Andersa-KUP-TERAZ-D.jpg 750w, https:\/\/www.24gliwice.pl\/wiadomosci\/wp-content\/uploads\/2026\/04\/20260415-Ogrody-Andersa-KUP-TERAZ-D-410x109.jpg 410w\" sizes=\"(max-width: 750px) 100vw, 750px\" class=\"no-lazyload\" width=\"750\" height=\"200\"  style=\"display: inline-block; max-width: 100%; height: auto;\" \/><\/a><\/div><\/div>\n<p style=\"padding-left: 30px;\"><em>&#8211; Teren (&#8230;) o \u0142\u0105cznej powierzchni u\u017cytkowej 4,5 ty\u015b. m2 zgodnie z Miejscowym Planem Zagospodarowania Przestrzennego jest przeznaczony pod budownictwo mieszkaniowe. Ze wzgl\u0119du na po\u0142o\u017cenie i uzbrojenie stanowi atrakcyjn\u0105 lokalizacj\u0119 inwestycji. Sprawdzono, \u017ce jest mo\u017cliwa zabudowa nieruchomo\u015bci budynkami mieszkalnymi o wysoko\u015bci dostosowanej do budynk\u00f3w s\u0105siednich, w kt\u00f3rych powsta\u0142oby ok. 36 mieszka\u0144 komunalnych. Nale\u017cy nadmieni\u0107, \u017ce ka\u017cdej budowie towarzyszy projekt zagospodarowania terenu zieleni\u0105 urz\u0105dzon\u0105 oraz miejscami postojowymi dla samochod\u00f3w<\/em> &#8211; czytamy w pi\u015bmie podpisanym przez<strong> Adama Neumanna<\/strong>, zast\u0119pc\u0119 prezydenta Gliwic. <em>&#8211; Tylko niewielka cz\u0119\u015b\u0107 funkcjonuj\u0105cych ogr\u00f3dk\u00f3w przydomowych jest zadbana. \u0141\u0105cznie na przedmiotowym terenie postawionych zosta\u0142o samowolnie 26 obiekt\u00f3w tymczasowych (17 wiat i altan oraz 9 gara\u017cy blaszanych). <\/em><\/p>\n<p>W pi\u015bmie wytkni\u0119to mieszka\u0144com brak dba\u0142o\u015bci o w\u0142a\u015bciwe zagospodarowanie dzia\u0142ek.<\/p>\n<p style=\"padding-left: 30px;\"><em>&#8211; Ponadto nieruchomo\u015b\u0107 bezumownie wykorzystywana jest przez wsp\u00f3lnoty mieszkaniowe (&#8230;) na miejsca gromadzenia odpad\u00f3w i na parkowanie samochod\u00f3w. Bior\u0105c pod uwag\u0119 istniej\u0105cy spos\u00f3b zagospodarowania terenu, trudno uzna\u0107 go za estetyczny i racjonalny<\/em> &#8211; podkre\u015bla Neumann.<\/p>\n<p>Prezydent odrzuci\u0142 petycj\u0119, jako bezprzedmiotow\u0105. Decyzja w sprawie dalszego sposobu zagospodarowania tego terenu oraz ewentualnego przyst\u0105pienia do budowy mieszka\u0144 komunalnych zapadnie po wyga\u015bni\u0119ciu um\u00f3w dzier\u017cawy, czyli po 31 pa\u017adziernika.<\/p>\n<p>(\u017cms)<\/p>\n<p>Z tre\u015bci\u0105 dokumentu petycji, a tak\u017ce z ca\u0142o\u015bci\u0105 odpowiedzi prezydenta Neumana, mo\u017cna zapozna\u0107 si\u0119 tutaj:<br \/>\n<a href=\"https:\/\/www.24gliwice.pl\/wiadomosci\/wp-content\/uploads\/2018\/04\/Petycja-mieszka\u0144c\u00f3w-Szobiszowic.pdf\">Petycja mieszka\u0144c\u00f3w Szobiszowic<\/a><br \/>\n<a href=\"https:\/\/www.24gliwice.pl\/wiadomosci\/wp-content\/uploads\/2018\/04\/Odpowied\u017a-na-petycj\u0119.pdf\">Odpowied\u017a na petycj\u0119<\/a><\/p>\n<p><img loading=\"lazy\" decoding=\"async\" class=\"alignnone size-full wp-image-117516\" src=\"https:\/\/www.24gliwice.pl\/wiadomosci\/wp-content\/uploads\/2018\/05\/harcerska-e1526992495500.jpg\" alt=\"\" width=\"810\" height=\"456\" \/><\/p>\n<div class=\"gliwi-a5-na-koncu-artykulow gliwi-entity-placement\" id=\"gliwi-83536049\"><div class=\"gliwi-adlabel\"><span style=\"font-size: 9px\">REKLAMA<\/span><\/div><div id=\"gliwi-3195396721\" style=\"margin-left: auto;margin-right: auto;text-align: center;\"><a data-no-instant=\"1\" href=\"https:\/\/prezeroarenagliwice.pl\/\" rel=\"noopener\" class=\"a2t-link\" target=\"_blank\" aria-label=\"20260309-PREZERO-WIOSNA-D\"><img loading=\"lazy\" decoding=\"async\" src=\"https:\/\/www.24gliwice.pl\/wiadomosci\/wp-content\/uploads\/2026\/03\/20260309-PREZERO-WIOSNA-D.webp\" alt=\"\"  srcset=\"https:\/\/www.24gliwice.pl\/wiadomosci\/wp-content\/uploads\/2026\/03\/20260309-PREZERO-WIOSNA-D.webp 750w, https:\/\/www.24gliwice.pl\/wiadomosci\/wp-content\/uploads\/2026\/03\/20260309-PREZERO-WIOSNA-D-410x109.webp 410w\" sizes=\"(max-width: 750px) 100vw, 750px\" class=\"no-lazyload\" width=\"750\" height=\"200\"  style=\"display: inline-block; max-width: 100%; height: auto;\" \/><\/a><\/div><\/div>","protected":false},"excerpt":{"rendered":"<p>W kwietniu informowali\u015bmy o petycji wystosowanej do prezydenta Gliwic przez mieszka\u0144c\u00f3w ulic My\u015bliwskiej i Harcerskiej. Protestuj\u0105 oni przeciw budowie budynk\u00f3w mieszkalnych na terenie dzia\u0142ek, kt\u00f3re dzier\u017cawi\u0105 od miasta. Przypomnijmy, mieszka\u0144cy domagali si\u0119 natychmiastowego wstrzymania decyzji o budowie nowych obiekt\u00f3w mieszkalnych w lokalizacji, gdzie aktualnie znajduj\u0105 si\u0119 dzier\u017cawione przez nich od Miasta dzia\u0142ki. Jak podkre\u015blaj\u0105, obszar [&hellip;]<\/p>\n","protected":false},"author":15,"featured_media":117515,"comment_status":"open","ping_status":"closed","sticky":false,"template":"","format":"standard","meta":{"_monsterinsights_skip_tracking":false,"_monsterinsights_sitenote_active":false,"_monsterinsights_sitenote_note":"","_monsterinsights_sitenote_category":0,"footnotes":"","_links_to":"","_links_to_target":""},"categories":[3,1,9],"tags":[8053,11935,9050,11884,12176,11932],"class_list":["post-116114","post","type-post","status-publish","format-standard","has-post-thumbnail","hentry","category-gliwice","category-wszystko","category-aktualnosci_lokalne","tag-budowa","tag-harcerska","tag-mieszkania-komunalne","tag-mysliwska","tag-neumann","tag-petycja"],"yoast_head":"<!-- This site is optimized with the Yoast SEO plugin v27.5 - https:\/\/yoast.com\/product\/yoast-seo-wordpress\/ -->\n<title>Tylko niekt\u00f3re ogr\u00f3dki s\u0105 zadbane, dopuszczono si\u0119 te\u017c samowolki - twierdzi Miasto. Petycja odrzucona - 24GLIWICE - Portal Gliwice | codziennie nowe informacje<\/title>\n<meta name=\"robots\" content=\"index, follow, max-snippet:-1, max-image-preview:large, max-video-preview:-1\" \/>\n<link rel=\"canonical\" href=\"https:\/\/www.24gliwice.pl\/wiadomosci\/tylko-niektore-ogrodki-sa-zadbane-dopuszczono-sie-tez-samowolki-twierdzi-miasto-petycja-odrzucona\/\" \/>\n<meta property=\"og:locale\" content=\"pl_PL\" \/>\n<meta property=\"og:type\" content=\"article\" \/>\n<meta property=\"og:title\" content=\"Tylko niekt\u00f3re ogr\u00f3dki s\u0105 zadbane, dopuszczono si\u0119 te\u017c samowolki - twierdzi Miasto. Petycja odrzucona - 24GLIWICE - Portal Gliwice | codziennie nowe informacje\" \/>\n<meta property=\"og:description\" content=\"W kwietniu informowali\u015bmy o petycji wystosowanej do prezydenta Gliwic przez mieszka\u0144c\u00f3w ulic My\u015bliwskiej i Harcerskiej. Protestuj\u0105 oni przeciw budowie budynk\u00f3w mieszkalnych na terenie dzia\u0142ek, kt\u00f3re dzier\u017cawi\u0105 od miasta. Przypomnijmy, mieszka\u0144cy domagali si\u0119 natychmiastowego wstrzymania decyzji o budowie nowych obiekt\u00f3w mieszkalnych w lokalizacji, gdzie aktualnie znajduj\u0105 si\u0119 dzier\u017cawione przez nich od Miasta dzia\u0142ki. Jak podkre\u015blaj\u0105, obszar [&hellip;]\" \/>\n<meta property=\"og:url\" content=\"https:\/\/www.24gliwice.pl\/wiadomosci\/tylko-niektore-ogrodki-sa-zadbane-dopuszczono-sie-tez-samowolki-twierdzi-miasto-petycja-odrzucona\/\" \/>\n<meta property=\"og:site_name\" content=\"24GLIWICE - Portal Gliwice | codziennie nowe informacje\" \/>\n<meta property=\"article:publisher\" content=\"https:\/\/www.facebook.com\/24gliwice\" \/>\n<meta property=\"article:published_time\" content=\"2018-05-29T18:29:39+00:00\" \/>\n<meta property=\"article:modified_time\" content=\"2018-05-30T23:51:35+00:00\" \/>\n<meta property=\"og:image\" content=\"https:\/\/www.24gliwice.pl\/wiadomosci\/wp-content\/uploads\/2018\/05\/harcerska-3-e1526992303201.jpg\" \/>\n\t<meta property=\"og:image:width\" content=\"810\" \/>\n\t<meta property=\"og:image:height\" content=\"456\" \/>\n\t<meta property=\"og:image:type\" content=\"image\/jpeg\" \/>\n<meta name=\"author\" content=\"\u017baneta Mrozek-Siewierska\" \/>\n<meta name=\"twitter:card\" content=\"summary_large_image\" \/>\n<meta name=\"twitter:creator\" content=\"@24gliwice\" \/>\n<meta name=\"twitter:site\" content=\"@24gliwice\" \/>\n<meta name=\"twitter:label1\" content=\"Napisane przez\" \/>\n\t<meta name=\"twitter:data1\" content=\"\u017baneta Mrozek-Siewierska\" \/>\n\t<meta name=\"twitter:label2\" content=\"Szacowany czas czytania\" \/>\n\t<meta name=\"twitter:data2\" content=\"2 minuty\" \/>\n<script type=\"application\/ld+json\" class=\"yoast-schema-graph\">{\"@context\":\"https:\\\/\\\/schema.org\",\"@graph\":[{\"@type\":\"Article\",\"@id\":\"https:\\\/\\\/www.24gliwice.pl\\\/wiadomosci\\\/tylko-niektore-ogrodki-sa-zadbane-dopuszczono-sie-tez-samowolki-twierdzi-miasto-petycja-odrzucona\\\/#article\",\"isPartOf\":{\"@id\":\"https:\\\/\\\/www.24gliwice.pl\\\/wiadomosci\\\/tylko-niektore-ogrodki-sa-zadbane-dopuszczono-sie-tez-samowolki-twierdzi-miasto-petycja-odrzucona\\\/\"},\"author\":{\"name\":\"\u017baneta Mrozek-Siewierska\",\"@id\":\"https:\\\/\\\/www.24gliwice.pl\\\/wiadomosci\\\/#\\\/schema\\\/person\\\/e42c650edd7f2fa332be3811fb166b6e\"},\"headline\":\"Tylko niekt\u00f3re ogr\u00f3dki s\u0105 zadbane, dopuszczono si\u0119 te\u017c samowolki &#8211; twierdzi Miasto. Petycja odrzucona\",\"datePublished\":\"2018-05-29T18:29:39+00:00\",\"dateModified\":\"2018-05-30T23:51:35+00:00\",\"mainEntityOfPage\":{\"@id\":\"https:\\\/\\\/www.24gliwice.pl\\\/wiadomosci\\\/tylko-niektore-ogrodki-sa-zadbane-dopuszczono-sie-tez-samowolki-twierdzi-miasto-petycja-odrzucona\\\/\"},\"wordCount\":379,\"commentCount\":0,\"publisher\":{\"@id\":\"https:\\\/\\\/www.24gliwice.pl\\\/wiadomosci\\\/#organization\"},\"image\":{\"@id\":\"https:\\\/\\\/www.24gliwice.pl\\\/wiadomosci\\\/tylko-niektore-ogrodki-sa-zadbane-dopuszczono-sie-tez-samowolki-twierdzi-miasto-petycja-odrzucona\\\/#primaryimage\"},\"thumbnailUrl\":\"https:\\\/\\\/www.24gliwice.pl\\\/wiadomosci\\\/wp-content\\\/uploads\\\/2018\\\/05\\\/harcerska-3-e1526992303201.jpg\",\"keywords\":[\"budowa\",\"harcerska\",\"mieszkania komunalne\",\"my\u015bliwska\",\"NEUMANN\",\"petycja\"],\"articleSection\":[\"Gliwice\",\"Najnowsze wiadomo\u015bci\",\"Portal Gliwice - Wiadomo\u015bci lokalne\"],\"inLanguage\":\"pl-PL\",\"potentialAction\":[{\"@type\":\"CommentAction\",\"name\":\"Comment\",\"target\":[\"https:\\\/\\\/www.24gliwice.pl\\\/wiadomosci\\\/tylko-niektore-ogrodki-sa-zadbane-dopuszczono-sie-tez-samowolki-twierdzi-miasto-petycja-odrzucona\\\/#respond\"]}]},{\"@type\":\"WebPage\",\"@id\":\"https:\\\/\\\/www.24gliwice.pl\\\/wiadomosci\\\/tylko-niektore-ogrodki-sa-zadbane-dopuszczono-sie-tez-samowolki-twierdzi-miasto-petycja-odrzucona\\\/\",\"url\":\"https:\\\/\\\/www.24gliwice.pl\\\/wiadomosci\\\/tylko-niektore-ogrodki-sa-zadbane-dopuszczono-sie-tez-samowolki-twierdzi-miasto-petycja-odrzucona\\\/\",\"name\":\"Tylko niekt\u00f3re ogr\u00f3dki s\u0105 zadbane, dopuszczono si\u0119 te\u017c samowolki - twierdzi Miasto. Petycja odrzucona - 24GLIWICE - Portal Gliwice | codziennie nowe informacje\",\"isPartOf\":{\"@id\":\"https:\\\/\\\/www.24gliwice.pl\\\/wiadomosci\\\/#website\"},\"primaryImageOfPage\":{\"@id\":\"https:\\\/\\\/www.24gliwice.pl\\\/wiadomosci\\\/tylko-niektore-ogrodki-sa-zadbane-dopuszczono-sie-tez-samowolki-twierdzi-miasto-petycja-odrzucona\\\/#primaryimage\"},\"image\":{\"@id\":\"https:\\\/\\\/www.24gliwice.pl\\\/wiadomosci\\\/tylko-niektore-ogrodki-sa-zadbane-dopuszczono-sie-tez-samowolki-twierdzi-miasto-petycja-odrzucona\\\/#primaryimage\"},\"thumbnailUrl\":\"https:\\\/\\\/www.24gliwice.pl\\\/wiadomosci\\\/wp-content\\\/uploads\\\/2018\\\/05\\\/harcerska-3-e1526992303201.jpg\",\"datePublished\":\"2018-05-29T18:29:39+00:00\",\"dateModified\":\"2018-05-30T23:51:35+00:00\",\"breadcrumb\":{\"@id\":\"https:\\\/\\\/www.24gliwice.pl\\\/wiadomosci\\\/tylko-niektore-ogrodki-sa-zadbane-dopuszczono-sie-tez-samowolki-twierdzi-miasto-petycja-odrzucona\\\/#breadcrumb\"},\"inLanguage\":\"pl-PL\",\"potentialAction\":[{\"@type\":\"ReadAction\",\"target\":[\"https:\\\/\\\/www.24gliwice.pl\\\/wiadomosci\\\/tylko-niektore-ogrodki-sa-zadbane-dopuszczono-sie-tez-samowolki-twierdzi-miasto-petycja-odrzucona\\\/\"]}]},{\"@type\":\"ImageObject\",\"inLanguage\":\"pl-PL\",\"@id\":\"https:\\\/\\\/www.24gliwice.pl\\\/wiadomosci\\\/tylko-niektore-ogrodki-sa-zadbane-dopuszczono-sie-tez-samowolki-twierdzi-miasto-petycja-odrzucona\\\/#primaryimage\",\"url\":\"https:\\\/\\\/www.24gliwice.pl\\\/wiadomosci\\\/wp-content\\\/uploads\\\/2018\\\/05\\\/harcerska-3-e1526992303201.jpg\",\"contentUrl\":\"https:\\\/\\\/www.24gliwice.pl\\\/wiadomosci\\\/wp-content\\\/uploads\\\/2018\\\/05\\\/harcerska-3-e1526992303201.jpg\",\"width\":810,\"height\":456},{\"@type\":\"BreadcrumbList\",\"@id\":\"https:\\\/\\\/www.24gliwice.pl\\\/wiadomosci\\\/tylko-niektore-ogrodki-sa-zadbane-dopuszczono-sie-tez-samowolki-twierdzi-miasto-petycja-odrzucona\\\/#breadcrumb\",\"itemListElement\":[{\"@type\":\"ListItem\",\"position\":1,\"name\":\"Strona g\u0142\u00f3wna\",\"item\":\"https:\\\/\\\/www.24gliwice.pl\\\/wiadomosci\\\/\"},{\"@type\":\"ListItem\",\"position\":2,\"name\":\"Tylko niekt\u00f3re ogr\u00f3dki s\u0105 zadbane, dopuszczono si\u0119 te\u017c samowolki &#8211; twierdzi Miasto. Petycja odrzucona\"}]},{\"@type\":\"WebSite\",\"@id\":\"https:\\\/\\\/www.24gliwice.pl\\\/wiadomosci\\\/#website\",\"url\":\"https:\\\/\\\/www.24gliwice.pl\\\/wiadomosci\\\/\",\"name\":\"24GLIWICE - Portal Gliwice | codziennie nowe wiadomo\u015bci\",\"description\":\"Portal Miejski Gliwice\",\"publisher\":{\"@id\":\"https:\\\/\\\/www.24gliwice.pl\\\/wiadomosci\\\/#organization\"},\"potentialAction\":[{\"@type\":\"SearchAction\",\"target\":{\"@type\":\"EntryPoint\",\"urlTemplate\":\"https:\\\/\\\/www.24gliwice.pl\\\/wiadomosci\\\/?s={search_term_string}\"},\"query-input\":{\"@type\":\"PropertyValueSpecification\",\"valueRequired\":true,\"valueName\":\"search_term_string\"}}],\"inLanguage\":\"pl-PL\"},{\"@type\":\"Organization\",\"@id\":\"https:\\\/\\\/www.24gliwice.pl\\\/wiadomosci\\\/#organization\",\"name\":\"24gliwice\",\"url\":\"https:\\\/\\\/www.24gliwice.pl\\\/wiadomosci\\\/\",\"logo\":{\"@type\":\"ImageObject\",\"inLanguage\":\"pl-PL\",\"@id\":\"https:\\\/\\\/www.24gliwice.pl\\\/wiadomosci\\\/#\\\/schema\\\/logo\\\/image\\\/\",\"url\":\"https:\\\/\\\/www.24gliwice.pl\\\/wiadomosci\\\/wp-content\\\/uploads\\\/2024\\\/10\\\/24gliwice-logo-696.jpg\",\"contentUrl\":\"https:\\\/\\\/www.24gliwice.pl\\\/wiadomosci\\\/wp-content\\\/uploads\\\/2024\\\/10\\\/24gliwice-logo-696.jpg\",\"width\":696,\"height\":696,\"caption\":\"24gliwice\"},\"image\":{\"@id\":\"https:\\\/\\\/www.24gliwice.pl\\\/wiadomosci\\\/#\\\/schema\\\/logo\\\/image\\\/\"},\"sameAs\":[\"https:\\\/\\\/www.facebook.com\\\/24gliwice\",\"https:\\\/\\\/x.com\\\/24gliwice\",\"https:\\\/\\\/www.youtube.com\\\/@24gliwice\"]},{\"@type\":\"Person\",\"@id\":\"https:\\\/\\\/www.24gliwice.pl\\\/wiadomosci\\\/#\\\/schema\\\/person\\\/e42c650edd7f2fa332be3811fb166b6e\",\"name\":\"\u017baneta Mrozek-Siewierska\",\"image\":{\"@type\":\"ImageObject\",\"inLanguage\":\"pl-PL\",\"@id\":\"https:\\\/\\\/secure.gravatar.com\\\/avatar\\\/1881429e9c64597c77ad7aef2d0a19be69a3253e57534d16aa15bf3a4d34a0a3?s=96&d=mm&r=g\",\"url\":\"https:\\\/\\\/secure.gravatar.com\\\/avatar\\\/1881429e9c64597c77ad7aef2d0a19be69a3253e57534d16aa15bf3a4d34a0a3?s=96&d=mm&r=g\",\"contentUrl\":\"https:\\\/\\\/secure.gravatar.com\\\/avatar\\\/1881429e9c64597c77ad7aef2d0a19be69a3253e57534d16aa15bf3a4d34a0a3?s=96&d=mm&r=g\",\"caption\":\"\u017baneta Mrozek-Siewierska\"},\"url\":\"https:\\\/\\\/www.24gliwice.pl\\\/wiadomosci\\\/author\\\/zms\\\/\"}]}<\/script>\n<!-- \/ Yoast SEO plugin. -->","yoast_head_json":{"title":"Tylko niekt\u00f3re ogr\u00f3dki s\u0105 zadbane, dopuszczono si\u0119 te\u017c samowolki - twierdzi Miasto. Petycja odrzucona - 24GLIWICE - Portal Gliwice | codziennie nowe informacje","robots":{"index":"index","follow":"follow","max-snippet":"max-snippet:-1","max-image-preview":"max-image-preview:large","max-video-preview":"max-video-preview:-1"},"canonical":"https:\/\/www.24gliwice.pl\/wiadomosci\/tylko-niektore-ogrodki-sa-zadbane-dopuszczono-sie-tez-samowolki-twierdzi-miasto-petycja-odrzucona\/","og_locale":"pl_PL","og_type":"article","og_title":"Tylko niekt\u00f3re ogr\u00f3dki s\u0105 zadbane, dopuszczono si\u0119 te\u017c samowolki - twierdzi Miasto. Petycja odrzucona - 24GLIWICE - Portal Gliwice | codziennie nowe informacje","og_description":"W kwietniu informowali\u015bmy o petycji wystosowanej do prezydenta Gliwic przez mieszka\u0144c\u00f3w ulic My\u015bliwskiej i Harcerskiej. Protestuj\u0105 oni przeciw budowie budynk\u00f3w mieszkalnych na terenie dzia\u0142ek, kt\u00f3re dzier\u017cawi\u0105 od miasta. Przypomnijmy, mieszka\u0144cy domagali si\u0119 natychmiastowego wstrzymania decyzji o budowie nowych obiekt\u00f3w mieszkalnych w lokalizacji, gdzie aktualnie znajduj\u0105 si\u0119 dzier\u017cawione przez nich od Miasta dzia\u0142ki. Jak podkre\u015blaj\u0105, obszar [&hellip;]","og_url":"https:\/\/www.24gliwice.pl\/wiadomosci\/tylko-niektore-ogrodki-sa-zadbane-dopuszczono-sie-tez-samowolki-twierdzi-miasto-petycja-odrzucona\/","og_site_name":"24GLIWICE - Portal Gliwice | codziennie nowe informacje","article_publisher":"https:\/\/www.facebook.com\/24gliwice","article_published_time":"2018-05-29T18:29:39+00:00","article_modified_time":"2018-05-30T23:51:35+00:00","og_image":[{"width":810,"height":456,"url":"https:\/\/www.24gliwice.pl\/wiadomosci\/wp-content\/uploads\/2018\/05\/harcerska-3-e1526992303201.jpg","type":"image\/jpeg"}],"author":"\u017baneta Mrozek-Siewierska","twitter_card":"summary_large_image","twitter_creator":"@24gliwice","twitter_site":"@24gliwice","twitter_misc":{"Napisane przez":"\u017baneta Mrozek-Siewierska","Szacowany czas czytania":"2 minuty"},"schema":{"@context":"https:\/\/schema.org","@graph":[{"@type":"Article","@id":"https:\/\/www.24gliwice.pl\/wiadomosci\/tylko-niektore-ogrodki-sa-zadbane-dopuszczono-sie-tez-samowolki-twierdzi-miasto-petycja-odrzucona\/#article","isPartOf":{"@id":"https:\/\/www.24gliwice.pl\/wiadomosci\/tylko-niektore-ogrodki-sa-zadbane-dopuszczono-sie-tez-samowolki-twierdzi-miasto-petycja-odrzucona\/"},"author":{"name":"\u017baneta Mrozek-Siewierska","@id":"https:\/\/www.24gliwice.pl\/wiadomosci\/#\/schema\/person\/e42c650edd7f2fa332be3811fb166b6e"},"headline":"Tylko niekt\u00f3re ogr\u00f3dki s\u0105 zadbane, dopuszczono si\u0119 te\u017c samowolki &#8211; twierdzi Miasto. Petycja odrzucona","datePublished":"2018-05-29T18:29:39+00:00","dateModified":"2018-05-30T23:51:35+00:00","mainEntityOfPage":{"@id":"https:\/\/www.24gliwice.pl\/wiadomosci\/tylko-niektore-ogrodki-sa-zadbane-dopuszczono-sie-tez-samowolki-twierdzi-miasto-petycja-odrzucona\/"},"wordCount":379,"commentCount":0,"publisher":{"@id":"https:\/\/www.24gliwice.pl\/wiadomosci\/#organization"},"image":{"@id":"https:\/\/www.24gliwice.pl\/wiadomosci\/tylko-niektore-ogrodki-sa-zadbane-dopuszczono-sie-tez-samowolki-twierdzi-miasto-petycja-odrzucona\/#primaryimage"},"thumbnailUrl":"https:\/\/www.24gliwice.pl\/wiadomosci\/wp-content\/uploads\/2018\/05\/harcerska-3-e1526992303201.jpg","keywords":["budowa","harcerska","mieszkania komunalne","my\u015bliwska","NEUMANN","petycja"],"articleSection":["Gliwice","Najnowsze wiadomo\u015bci","Portal Gliwice - Wiadomo\u015bci lokalne"],"inLanguage":"pl-PL","potentialAction":[{"@type":"CommentAction","name":"Comment","target":["https:\/\/www.24gliwice.pl\/wiadomosci\/tylko-niektore-ogrodki-sa-zadbane-dopuszczono-sie-tez-samowolki-twierdzi-miasto-petycja-odrzucona\/#respond"]}]},{"@type":"WebPage","@id":"https:\/\/www.24gliwice.pl\/wiadomosci\/tylko-niektore-ogrodki-sa-zadbane-dopuszczono-sie-tez-samowolki-twierdzi-miasto-petycja-odrzucona\/","url":"https:\/\/www.24gliwice.pl\/wiadomosci\/tylko-niektore-ogrodki-sa-zadbane-dopuszczono-sie-tez-samowolki-twierdzi-miasto-petycja-odrzucona\/","name":"Tylko niekt\u00f3re ogr\u00f3dki s\u0105 zadbane, dopuszczono si\u0119 te\u017c samowolki - twierdzi Miasto. Petycja odrzucona - 24GLIWICE - Portal Gliwice | codziennie nowe informacje","isPartOf":{"@id":"https:\/\/www.24gliwice.pl\/wiadomosci\/#website"},"primaryImageOfPage":{"@id":"https:\/\/www.24gliwice.pl\/wiadomosci\/tylko-niektore-ogrodki-sa-zadbane-dopuszczono-sie-tez-samowolki-twierdzi-miasto-petycja-odrzucona\/#primaryimage"},"image":{"@id":"https:\/\/www.24gliwice.pl\/wiadomosci\/tylko-niektore-ogrodki-sa-zadbane-dopuszczono-sie-tez-samowolki-twierdzi-miasto-petycja-odrzucona\/#primaryimage"},"thumbnailUrl":"https:\/\/www.24gliwice.pl\/wiadomosci\/wp-content\/uploads\/2018\/05\/harcerska-3-e1526992303201.jpg","datePublished":"2018-05-29T18:29:39+00:00","dateModified":"2018-05-30T23:51:35+00:00","breadcrumb":{"@id":"https:\/\/www.24gliwice.pl\/wiadomosci\/tylko-niektore-ogrodki-sa-zadbane-dopuszczono-sie-tez-samowolki-twierdzi-miasto-petycja-odrzucona\/#breadcrumb"},"inLanguage":"pl-PL","potentialAction":[{"@type":"ReadAction","target":["https:\/\/www.24gliwice.pl\/wiadomosci\/tylko-niektore-ogrodki-sa-zadbane-dopuszczono-sie-tez-samowolki-twierdzi-miasto-petycja-odrzucona\/"]}]},{"@type":"ImageObject","inLanguage":"pl-PL","@id":"https:\/\/www.24gliwice.pl\/wiadomosci\/tylko-niektore-ogrodki-sa-zadbane-dopuszczono-sie-tez-samowolki-twierdzi-miasto-petycja-odrzucona\/#primaryimage","url":"https:\/\/www.24gliwice.pl\/wiadomosci\/wp-content\/uploads\/2018\/05\/harcerska-3-e1526992303201.jpg","contentUrl":"https:\/\/www.24gliwice.pl\/wiadomosci\/wp-content\/uploads\/2018\/05\/harcerska-3-e1526992303201.jpg","width":810,"height":456},{"@type":"BreadcrumbList","@id":"https:\/\/www.24gliwice.pl\/wiadomosci\/tylko-niektore-ogrodki-sa-zadbane-dopuszczono-sie-tez-samowolki-twierdzi-miasto-petycja-odrzucona\/#breadcrumb","itemListElement":[{"@type":"ListItem","position":1,"name":"Strona g\u0142\u00f3wna","item":"https:\/\/www.24gliwice.pl\/wiadomosci\/"},{"@type":"ListItem","position":2,"name":"Tylko niekt\u00f3re ogr\u00f3dki s\u0105 zadbane, dopuszczono si\u0119 te\u017c samowolki &#8211; twierdzi Miasto. Petycja odrzucona"}]},{"@type":"WebSite","@id":"https:\/\/www.24gliwice.pl\/wiadomosci\/#website","url":"https:\/\/www.24gliwice.pl\/wiadomosci\/","name":"24GLIWICE - Portal Gliwice | codziennie nowe wiadomo\u015bci","description":"Portal Miejski Gliwice","publisher":{"@id":"https:\/\/www.24gliwice.pl\/wiadomosci\/#organization"},"potentialAction":[{"@type":"SearchAction","target":{"@type":"EntryPoint","urlTemplate":"https:\/\/www.24gliwice.pl\/wiadomosci\/?s={search_term_string}"},"query-input":{"@type":"PropertyValueSpecification","valueRequired":true,"valueName":"search_term_string"}}],"inLanguage":"pl-PL"},{"@type":"Organization","@id":"https:\/\/www.24gliwice.pl\/wiadomosci\/#organization","name":"24gliwice","url":"https:\/\/www.24gliwice.pl\/wiadomosci\/","logo":{"@type":"ImageObject","inLanguage":"pl-PL","@id":"https:\/\/www.24gliwice.pl\/wiadomosci\/#\/schema\/logo\/image\/","url":"https:\/\/www.24gliwice.pl\/wiadomosci\/wp-content\/uploads\/2024\/10\/24gliwice-logo-696.jpg","contentUrl":"https:\/\/www.24gliwice.pl\/wiadomosci\/wp-content\/uploads\/2024\/10\/24gliwice-logo-696.jpg","width":696,"height":696,"caption":"24gliwice"},"image":{"@id":"https:\/\/www.24gliwice.pl\/wiadomosci\/#\/schema\/logo\/image\/"},"sameAs":["https:\/\/www.facebook.com\/24gliwice","https:\/\/x.com\/24gliwice","https:\/\/www.youtube.com\/@24gliwice"]},{"@type":"Person","@id":"https:\/\/www.24gliwice.pl\/wiadomosci\/#\/schema\/person\/e42c650edd7f2fa332be3811fb166b6e","name":"\u017baneta Mrozek-Siewierska","image":{"@type":"ImageObject","inLanguage":"pl-PL","@id":"https:\/\/secure.gravatar.com\/avatar\/1881429e9c64597c77ad7aef2d0a19be69a3253e57534d16aa15bf3a4d34a0a3?s=96&d=mm&r=g","url":"https:\/\/secure.gravatar.com\/avatar\/1881429e9c64597c77ad7aef2d0a19be69a3253e57534d16aa15bf3a4d34a0a3?s=96&d=mm&r=g","contentUrl":"https:\/\/secure.gravatar.com\/avatar\/1881429e9c64597c77ad7aef2d0a19be69a3253e57534d16aa15bf3a4d34a0a3?s=96&d=mm&r=g","caption":"\u017baneta Mrozek-Siewierska"},"url":"https:\/\/www.24gliwice.pl\/wiadomosci\/author\/zms\/"}]}},"_links":{"self":[{"href":"https:\/\/www.24gliwice.pl\/wiadomosci\/wp-json\/wp\/v2\/posts\/116114","targetHints":{"allow":["GET"]}}],"collection":[{"href":"https:\/\/www.24gliwice.pl\/wiadomosci\/wp-json\/wp\/v2\/posts"}],"about":[{"href":"https:\/\/www.24gliwice.pl\/wiadomosci\/wp-json\/wp\/v2\/types\/post"}],"author":[{"embeddable":true,"href":"https:\/\/www.24gliwice.pl\/wiadomosci\/wp-json\/wp\/v2\/users\/15"}],"replies":[{"embeddable":true,"href":"https:\/\/www.24gliwice.pl\/wiadomosci\/wp-json\/wp\/v2\/comments?post=116114"}],"version-history":[{"count":0,"href":"https:\/\/www.24gliwice.pl\/wiadomosci\/wp-json\/wp\/v2\/posts\/116114\/revisions"}],"wp:featuredmedia":[{"embeddable":true,"href":"https:\/\/www.24gliwice.pl\/wiadomosci\/wp-json\/wp\/v2\/media\/117515"}],"wp:attachment":[{"href":"https:\/\/www.24gliwice.pl\/wiadomosci\/wp-json\/wp\/v2\/media?parent=116114"}],"wp:term":[{"taxonomy":"category","embeddable":true,"href":"https:\/\/www.24gliwice.pl\/wiadomosci\/wp-json\/wp\/v2\/categories?post=116114"},{"taxonomy":"post_tag","embeddable":true,"href":"https:\/\/www.24gliwice.pl\/wiadomosci\/wp-json\/wp\/v2\/tags?post=116114"}],"curies":[{"name":"wp","href":"https:\/\/api.w.org\/{rel}","templated":true}]}}