{"id":116159,"date":"2018-04-23T01:47:03","date_gmt":"2018-04-22T23:47:03","guid":{"rendered":"https:\/\/www.24gliwice.pl\/wiadomosci\/?p=116159"},"modified":"2018-04-23T01:47:03","modified_gmt":"2018-04-22T23:47:03","slug":"od-srody-mieszkancy-bojkowa-musza-liczyc-sie-z-utrudnieniami-w-ruchu-drogowym","status":"publish","type":"post","link":"https:\/\/www.24gliwice.pl\/wiadomosci\/od-srody-mieszkancy-bojkowa-musza-liczyc-sie-z-utrudnieniami-w-ruchu-drogowym\/","title":{"rendered":"Od \u015brody mieszka\u0144cy Bojkowa musz\u0105 liczy\u0107 si\u0119 z utrudnieniami w ruchu drogowym"},"content":{"rendered":"<div class=\"gliwi-a6-nad-leadem-artykulow gliwi-entity-placement\" id=\"gliwi-3272972764\"><div class=\"gliwi-adlabel\"><span style=\"font-size: 9px\">REKLAMA<\/span><\/div><div id=\"gliwi-986612506\" style=\"margin-bottom: 25px;margin-left: auto;margin-right: auto;text-align: center;\"><a data-no-instant=\"1\" href=\"https:\/\/dom100.eu\/\" rel=\"noopener\" class=\"a2t-link\" target=\"_blank\" aria-label=\"20260415 DOM100 D\"><img loading=\"lazy\" decoding=\"async\" src=\"https:\/\/www.24gliwice.pl\/wiadomosci\/wp-content\/uploads\/2026\/04\/20260415-DOM100-D.jpg\" alt=\"\"  srcset=\"https:\/\/www.24gliwice.pl\/wiadomosci\/wp-content\/uploads\/2026\/04\/20260415-DOM100-D.jpg 750w, https:\/\/www.24gliwice.pl\/wiadomosci\/wp-content\/uploads\/2026\/04\/20260415-DOM100-D-410x109.jpg 410w\" sizes=\"(max-width: 750px) 100vw, 750px\" class=\"no-lazyload\" width=\"750\" height=\"200\"  style=\"display: inline-block; max-width: 100%; height: auto;\" \/><\/a><\/div><\/div><h3>W \u015brod\u0119, 25 kwietnia, rozpocznie si\u0119 remont chodnika i jezdni ul. Rolnik\u00f3w w Bojkowie. Prace potrwaj\u0105 do po\u0142owy lipca. To kolejna realizacja zaplanowana przez ZDM na 2018 rok.<\/h3>\n<p>Wykonawca inwestycji &#8211; Przedsi\u0119biorstwo Remont\u00f3w Ulic i Most\u00f3w &#8211; prosi kierowc\u00f3w, by zwracali uwag\u0119 na oznakowanie tymczasowe.<\/p>\n<p>Remont ul. Rolnik\u00f3w b\u0119dzie realizowany w dw\u00f3ch etapach. Najpierw zostanie zamkni\u0119ty odcinek od ul. Bojkowskiej do \u017bytniej. Objazd zostanie poprowadzony ulic\u0105 \u017bytni\u0105. W drugim etapie prace obejm\u0105 odcinek od ul. \u017bytniej do Do\u017cynkowej, a objazd b\u0119dzie wytyczony ulic\u0105 Do\u017cynkow\u0105.<\/p><div class=\"gliwi-a3-w-tresci-artykulow gliwi-entity-placement\" id=\"gliwi-1855455888\"><div class=\"gliwi-adlabel\"><span style=\"font-size: 9px\">REKLAMA<\/span><\/div><div id=\"gliwi-542400674\" style=\"margin-bottom: 30px;margin-left: auto;margin-right: auto;text-align: center;\"><a data-no-instant=\"1\" href=\"https:\/\/zlobek.halogen.org.pl\/\" rel=\"noopener\" class=\"a2t-link\" target=\"_blank\" aria-label=\"animator-zlobek_750x200\"><img loading=\"lazy\" decoding=\"async\" src=\"https:\/\/www.24gliwice.pl\/wiadomosci\/wp-content\/uploads\/2026\/02\/animator-zlobek_750x200.webp\" alt=\"\"  srcset=\"https:\/\/www.24gliwice.pl\/wiadomosci\/wp-content\/uploads\/2026\/02\/animator-zlobek_750x200.webp 750w, https:\/\/www.24gliwice.pl\/wiadomosci\/wp-content\/uploads\/2026\/02\/animator-zlobek_750x200-410x109.webp 410w\" sizes=\"(max-width: 750px) 100vw, 750px\" class=\"no-lazyload\" width=\"750\" height=\"200\"  style=\"display: inline-block; max-width: 100%; height: auto;\" \/><\/a><\/div><\/div>\n[perfectpullquote align=&#8221;full&#8221; bordertop=&#8221;false&#8221; cite=&#8221;&#8221; link=&#8221;&#8221; color=&#8221;&#8221; class=&#8221;&#8221; size=&#8221;&#8221;]Je\u015bli wszystko p\u00f3jdzie zgodnie z planem, prace zako\u0144cz\u0105 si\u0119 w po\u0142owie lipca. [\/perfectpullquote]\n<p>Zarz\u0105d Dr\u00f3g Miejskich w Gliwicach na ten rok zaplanowa\u0142 d\u0142ug\u0105 list\u0119 remont\u00f3w ulic. Mo\u017cna j\u0105 znale\u017a\u0107 na naszej stronie <a href=\"https:\/\/www.24gliwice.pl\/wiadomosci\/te-ulice-zostana-wyremontowane-w-2018-roku-pierwsze-roboty-drogowe-zaczna-sie-juz-w-kwietniu\/\" rel=\"noopener\" target=\"_blank\">24gliwice.pl<\/a>. <\/p>\n<p>(\u017cms)\/UM(mf)<\/p>\n<p><iframe loading=\"lazy\" src=\"https:\/\/www.google.com\/maps\/embed?pb=!1m18!1m12!1m3!1d2973.1745684755283!2d18.686920315822203!3d50.25372440940122!2m3!1f0!2f0!3f0!3m2!1i1024!2i768!4f13.1!3m3!1m2!1s0x4711314c93ee4bb1%3A0xd16de2ca85b06042!2sRolnik%C3%B3w%2C+Gliwice!5e1!3m2!1spl!2spl!4v1524227289906\" width=\"810\" height=\"450\" frameborder=\"0\" style=\"border:0\" allowfullscreen><\/iframe><\/p>\n<div class=\"gliwi-a5-na-koncu-artykulow gliwi-entity-placement\" id=\"gliwi-2534210445\"><div class=\"gliwi-adlabel\"><span style=\"font-size: 9px\">REKLAMA<\/span><\/div><div id=\"gliwi-3383697966\" style=\"margin-left: auto;margin-right: auto;text-align: center;\"><a data-no-instant=\"1\" href=\"https:\/\/prezeroarenagliwice.pl\/\" rel=\"noopener\" class=\"a2t-link\" target=\"_blank\" aria-label=\"20260309-PREZERO-WIOSNA-D\"><img loading=\"lazy\" decoding=\"async\" src=\"https:\/\/www.24gliwice.pl\/wiadomosci\/wp-content\/uploads\/2026\/03\/20260309-PREZERO-WIOSNA-D.webp\" alt=\"\"  srcset=\"https:\/\/www.24gliwice.pl\/wiadomosci\/wp-content\/uploads\/2026\/03\/20260309-PREZERO-WIOSNA-D.webp 750w, https:\/\/www.24gliwice.pl\/wiadomosci\/wp-content\/uploads\/2026\/03\/20260309-PREZERO-WIOSNA-D-410x109.webp 410w\" sizes=\"(max-width: 750px) 100vw, 750px\" class=\"no-lazyload\" width=\"750\" height=\"200\"  style=\"display: inline-block; max-width: 100%; height: auto;\" \/><\/a><\/div><\/div>","protected":false},"excerpt":{"rendered":"<p>W \u015brod\u0119, 25 kwietnia, rozpocznie si\u0119 remont chodnika i jezdni ul. Rolnik\u00f3w w Bojkowie. Prace potrwaj\u0105 do po\u0142owy lipca. To kolejna realizacja zaplanowana przez ZDM na 2018 rok. Wykonawca inwestycji &#8211; Przedsi\u0119biorstwo Remont\u00f3w Ulic i Most\u00f3w &#8211; prosi kierowc\u00f3w, by zwracali uwag\u0119 na oznakowanie tymczasowe. Remont ul. Rolnik\u00f3w b\u0119dzie realizowany w dw\u00f3ch etapach. Najpierw zostanie [&hellip;]<\/p>\n","protected":false},"author":15,"featured_media":116162,"comment_status":"open","ping_status":"closed","sticky":false,"template":"","format":"standard","meta":{"_monsterinsights_skip_tracking":false,"_monsterinsights_sitenote_active":false,"_monsterinsights_sitenote_note":"","_monsterinsights_sitenote_category":0,"footnotes":"","_links_to":"","_links_to_target":""},"categories":[3,1],"tags":[9666,11811,369,10118,9826,12186,10116,214],"class_list":["post-116159","post","type-post","status-publish","format-standard","has-post-thumbnail","hentry","category-gliwice","category-wszystko","tag-bojkow","tag-drogi-do-remontu","tag-pruim","tag-remont-chodnika","tag-rolnikow","tag-ulice-do-remontu","tag-wymiana-nawierzchni-jezdni","tag-zdm"],"yoast_head":"<!-- This site is optimized with the Yoast SEO plugin v27.5 - https:\/\/yoast.com\/product\/yoast-seo-wordpress\/ -->\n<title>Od \u015brody mieszka\u0144cy Bojkowa musz\u0105 liczy\u0107 si\u0119 z utrudnieniami w ruchu drogowym - 24GLIWICE - Portal Gliwice | codziennie nowe informacje<\/title>\n<meta name=\"robots\" content=\"index, follow, max-snippet:-1, max-image-preview:large, max-video-preview:-1\" \/>\n<link rel=\"canonical\" href=\"https:\/\/www.24gliwice.pl\/wiadomosci\/od-srody-mieszkancy-bojkowa-musza-liczyc-sie-z-utrudnieniami-w-ruchu-drogowym\/\" \/>\n<meta property=\"og:locale\" content=\"pl_PL\" \/>\n<meta property=\"og:type\" content=\"article\" \/>\n<meta property=\"og:title\" content=\"Od \u015brody mieszka\u0144cy Bojkowa musz\u0105 liczy\u0107 si\u0119 z utrudnieniami w ruchu drogowym - 24GLIWICE - Portal Gliwice | codziennie nowe informacje\" \/>\n<meta property=\"og:description\" content=\"W \u015brod\u0119, 25 kwietnia, rozpocznie si\u0119 remont chodnika i jezdni ul. Rolnik\u00f3w w Bojkowie. Prace potrwaj\u0105 do po\u0142owy lipca. To kolejna realizacja zaplanowana przez ZDM na 2018 rok. Wykonawca inwestycji &#8211; Przedsi\u0119biorstwo Remont\u00f3w Ulic i Most\u00f3w &#8211; prosi kierowc\u00f3w, by zwracali uwag\u0119 na oznakowanie tymczasowe. Remont ul. Rolnik\u00f3w b\u0119dzie realizowany w dw\u00f3ch etapach. Najpierw zostanie [&hellip;]\" \/>\n<meta property=\"og:url\" content=\"https:\/\/www.24gliwice.pl\/wiadomosci\/od-srody-mieszkancy-bojkowa-musza-liczyc-sie-z-utrudnieniami-w-ruchu-drogowym\/\" \/>\n<meta property=\"og:site_name\" content=\"24GLIWICE - Portal Gliwice | codziennie nowe informacje\" \/>\n<meta property=\"article:publisher\" content=\"https:\/\/www.facebook.com\/24gliwice\" \/>\n<meta property=\"article:published_time\" content=\"2018-04-22T23:47:03+00:00\" \/>\n<meta property=\"og:image\" content=\"https:\/\/www.24gliwice.pl\/wiadomosci\/wp-content\/uploads\/2018\/04\/ulica_rolnikow.jpg\" \/>\n\t<meta property=\"og:image:width\" content=\"879\" \/>\n\t<meta property=\"og:image:height\" content=\"494\" \/>\n\t<meta property=\"og:image:type\" content=\"image\/jpeg\" \/>\n<meta name=\"author\" content=\"\u017baneta Mrozek-Siewierska\" \/>\n<meta name=\"twitter:card\" content=\"summary_large_image\" \/>\n<meta name=\"twitter:creator\" content=\"@24gliwice\" \/>\n<meta name=\"twitter:site\" content=\"@24gliwice\" \/>\n<meta name=\"twitter:label1\" content=\"Napisane przez\" \/>\n\t<meta name=\"twitter:data1\" content=\"\u017baneta Mrozek-Siewierska\" \/>\n\t<meta name=\"twitter:label2\" content=\"Szacowany czas czytania\" \/>\n\t<meta name=\"twitter:data2\" content=\"1 minuta\" \/>\n<script type=\"application\/ld+json\" class=\"yoast-schema-graph\">{\"@context\":\"https:\\\/\\\/schema.org\",\"@graph\":[{\"@type\":\"Article\",\"@id\":\"https:\\\/\\\/www.24gliwice.pl\\\/wiadomosci\\\/od-srody-mieszkancy-bojkowa-musza-liczyc-sie-z-utrudnieniami-w-ruchu-drogowym\\\/#article\",\"isPartOf\":{\"@id\":\"https:\\\/\\\/www.24gliwice.pl\\\/wiadomosci\\\/od-srody-mieszkancy-bojkowa-musza-liczyc-sie-z-utrudnieniami-w-ruchu-drogowym\\\/\"},\"author\":{\"name\":\"\u017baneta Mrozek-Siewierska\",\"@id\":\"https:\\\/\\\/www.24gliwice.pl\\\/wiadomosci\\\/#\\\/schema\\\/person\\\/e42c650edd7f2fa332be3811fb166b6e\"},\"headline\":\"Od \u015brody mieszka\u0144cy Bojkowa musz\u0105 liczy\u0107 si\u0119 z utrudnieniami w ruchu drogowym\",\"datePublished\":\"2018-04-22T23:47:03+00:00\",\"mainEntityOfPage\":{\"@id\":\"https:\\\/\\\/www.24gliwice.pl\\\/wiadomosci\\\/od-srody-mieszkancy-bojkowa-musza-liczyc-sie-z-utrudnieniami-w-ruchu-drogowym\\\/\"},\"wordCount\":164,\"commentCount\":0,\"publisher\":{\"@id\":\"https:\\\/\\\/www.24gliwice.pl\\\/wiadomosci\\\/#organization\"},\"image\":{\"@id\":\"https:\\\/\\\/www.24gliwice.pl\\\/wiadomosci\\\/od-srody-mieszkancy-bojkowa-musza-liczyc-sie-z-utrudnieniami-w-ruchu-drogowym\\\/#primaryimage\"},\"thumbnailUrl\":\"https:\\\/\\\/www.24gliwice.pl\\\/wiadomosci\\\/wp-content\\\/uploads\\\/2018\\\/04\\\/ulica_rolnikow.jpg\",\"keywords\":[\"BOJK\u00d3W\",\"drogi do remontu\",\"PRUIM\",\"remont chodnika\",\"rolnik\u00f3w\",\"ulice do remontu\",\"WYMIANA NAWIERZCHNI JEZDNI\",\"ZDM\"],\"articleSection\":[\"Gliwice\",\"Najnowsze wiadomo\u015bci\"],\"inLanguage\":\"pl-PL\",\"potentialAction\":[{\"@type\":\"CommentAction\",\"name\":\"Comment\",\"target\":[\"https:\\\/\\\/www.24gliwice.pl\\\/wiadomosci\\\/od-srody-mieszkancy-bojkowa-musza-liczyc-sie-z-utrudnieniami-w-ruchu-drogowym\\\/#respond\"]}]},{\"@type\":\"WebPage\",\"@id\":\"https:\\\/\\\/www.24gliwice.pl\\\/wiadomosci\\\/od-srody-mieszkancy-bojkowa-musza-liczyc-sie-z-utrudnieniami-w-ruchu-drogowym\\\/\",\"url\":\"https:\\\/\\\/www.24gliwice.pl\\\/wiadomosci\\\/od-srody-mieszkancy-bojkowa-musza-liczyc-sie-z-utrudnieniami-w-ruchu-drogowym\\\/\",\"name\":\"Od \u015brody mieszka\u0144cy Bojkowa musz\u0105 liczy\u0107 si\u0119 z utrudnieniami w ruchu drogowym - 24GLIWICE - Portal Gliwice | codziennie nowe informacje\",\"isPartOf\":{\"@id\":\"https:\\\/\\\/www.24gliwice.pl\\\/wiadomosci\\\/#website\"},\"primaryImageOfPage\":{\"@id\":\"https:\\\/\\\/www.24gliwice.pl\\\/wiadomosci\\\/od-srody-mieszkancy-bojkowa-musza-liczyc-sie-z-utrudnieniami-w-ruchu-drogowym\\\/#primaryimage\"},\"image\":{\"@id\":\"https:\\\/\\\/www.24gliwice.pl\\\/wiadomosci\\\/od-srody-mieszkancy-bojkowa-musza-liczyc-sie-z-utrudnieniami-w-ruchu-drogowym\\\/#primaryimage\"},\"thumbnailUrl\":\"https:\\\/\\\/www.24gliwice.pl\\\/wiadomosci\\\/wp-content\\\/uploads\\\/2018\\\/04\\\/ulica_rolnikow.jpg\",\"datePublished\":\"2018-04-22T23:47:03+00:00\",\"breadcrumb\":{\"@id\":\"https:\\\/\\\/www.24gliwice.pl\\\/wiadomosci\\\/od-srody-mieszkancy-bojkowa-musza-liczyc-sie-z-utrudnieniami-w-ruchu-drogowym\\\/#breadcrumb\"},\"inLanguage\":\"pl-PL\",\"potentialAction\":[{\"@type\":\"ReadAction\",\"target\":[\"https:\\\/\\\/www.24gliwice.pl\\\/wiadomosci\\\/od-srody-mieszkancy-bojkowa-musza-liczyc-sie-z-utrudnieniami-w-ruchu-drogowym\\\/\"]}]},{\"@type\":\"ImageObject\",\"inLanguage\":\"pl-PL\",\"@id\":\"https:\\\/\\\/www.24gliwice.pl\\\/wiadomosci\\\/od-srody-mieszkancy-bojkowa-musza-liczyc-sie-z-utrudnieniami-w-ruchu-drogowym\\\/#primaryimage\",\"url\":\"https:\\\/\\\/www.24gliwice.pl\\\/wiadomosci\\\/wp-content\\\/uploads\\\/2018\\\/04\\\/ulica_rolnikow.jpg\",\"contentUrl\":\"https:\\\/\\\/www.24gliwice.pl\\\/wiadomosci\\\/wp-content\\\/uploads\\\/2018\\\/04\\\/ulica_rolnikow.jpg\",\"width\":879,\"height\":494,\"caption\":\"fot. scr. Google Maps\"},{\"@type\":\"BreadcrumbList\",\"@id\":\"https:\\\/\\\/www.24gliwice.pl\\\/wiadomosci\\\/od-srody-mieszkancy-bojkowa-musza-liczyc-sie-z-utrudnieniami-w-ruchu-drogowym\\\/#breadcrumb\",\"itemListElement\":[{\"@type\":\"ListItem\",\"position\":1,\"name\":\"Strona g\u0142\u00f3wna\",\"item\":\"https:\\\/\\\/www.24gliwice.pl\\\/wiadomosci\\\/\"},{\"@type\":\"ListItem\",\"position\":2,\"name\":\"Od \u015brody mieszka\u0144cy Bojkowa musz\u0105 liczy\u0107 si\u0119 z utrudnieniami w ruchu drogowym\"}]},{\"@type\":\"WebSite\",\"@id\":\"https:\\\/\\\/www.24gliwice.pl\\\/wiadomosci\\\/#website\",\"url\":\"https:\\\/\\\/www.24gliwice.pl\\\/wiadomosci\\\/\",\"name\":\"24GLIWICE - Portal Gliwice | codziennie nowe wiadomo\u015bci\",\"description\":\"Portal Miejski Gliwice\",\"publisher\":{\"@id\":\"https:\\\/\\\/www.24gliwice.pl\\\/wiadomosci\\\/#organization\"},\"potentialAction\":[{\"@type\":\"SearchAction\",\"target\":{\"@type\":\"EntryPoint\",\"urlTemplate\":\"https:\\\/\\\/www.24gliwice.pl\\\/wiadomosci\\\/?s={search_term_string}\"},\"query-input\":{\"@type\":\"PropertyValueSpecification\",\"valueRequired\":true,\"valueName\":\"search_term_string\"}}],\"inLanguage\":\"pl-PL\"},{\"@type\":\"Organization\",\"@id\":\"https:\\\/\\\/www.24gliwice.pl\\\/wiadomosci\\\/#organization\",\"name\":\"24gliwice\",\"url\":\"https:\\\/\\\/www.24gliwice.pl\\\/wiadomosci\\\/\",\"logo\":{\"@type\":\"ImageObject\",\"inLanguage\":\"pl-PL\",\"@id\":\"https:\\\/\\\/www.24gliwice.pl\\\/wiadomosci\\\/#\\\/schema\\\/logo\\\/image\\\/\",\"url\":\"https:\\\/\\\/www.24gliwice.pl\\\/wiadomosci\\\/wp-content\\\/uploads\\\/2024\\\/10\\\/24gliwice-logo-696.jpg\",\"contentUrl\":\"https:\\\/\\\/www.24gliwice.pl\\\/wiadomosci\\\/wp-content\\\/uploads\\\/2024\\\/10\\\/24gliwice-logo-696.jpg\",\"width\":696,\"height\":696,\"caption\":\"24gliwice\"},\"image\":{\"@id\":\"https:\\\/\\\/www.24gliwice.pl\\\/wiadomosci\\\/#\\\/schema\\\/logo\\\/image\\\/\"},\"sameAs\":[\"https:\\\/\\\/www.facebook.com\\\/24gliwice\",\"https:\\\/\\\/x.com\\\/24gliwice\",\"https:\\\/\\\/www.youtube.com\\\/@24gliwice\"]},{\"@type\":\"Person\",\"@id\":\"https:\\\/\\\/www.24gliwice.pl\\\/wiadomosci\\\/#\\\/schema\\\/person\\\/e42c650edd7f2fa332be3811fb166b6e\",\"name\":\"\u017baneta Mrozek-Siewierska\",\"image\":{\"@type\":\"ImageObject\",\"inLanguage\":\"pl-PL\",\"@id\":\"https:\\\/\\\/secure.gravatar.com\\\/avatar\\\/1881429e9c64597c77ad7aef2d0a19be69a3253e57534d16aa15bf3a4d34a0a3?s=96&d=mm&r=g\",\"url\":\"https:\\\/\\\/secure.gravatar.com\\\/avatar\\\/1881429e9c64597c77ad7aef2d0a19be69a3253e57534d16aa15bf3a4d34a0a3?s=96&d=mm&r=g\",\"contentUrl\":\"https:\\\/\\\/secure.gravatar.com\\\/avatar\\\/1881429e9c64597c77ad7aef2d0a19be69a3253e57534d16aa15bf3a4d34a0a3?s=96&d=mm&r=g\",\"caption\":\"\u017baneta Mrozek-Siewierska\"},\"url\":\"https:\\\/\\\/www.24gliwice.pl\\\/wiadomosci\\\/author\\\/zms\\\/\"}]}<\/script>\n<!-- \/ Yoast SEO plugin. -->","yoast_head_json":{"title":"Od \u015brody mieszka\u0144cy Bojkowa musz\u0105 liczy\u0107 si\u0119 z utrudnieniami w ruchu drogowym - 24GLIWICE - Portal Gliwice | codziennie nowe informacje","robots":{"index":"index","follow":"follow","max-snippet":"max-snippet:-1","max-image-preview":"max-image-preview:large","max-video-preview":"max-video-preview:-1"},"canonical":"https:\/\/www.24gliwice.pl\/wiadomosci\/od-srody-mieszkancy-bojkowa-musza-liczyc-sie-z-utrudnieniami-w-ruchu-drogowym\/","og_locale":"pl_PL","og_type":"article","og_title":"Od \u015brody mieszka\u0144cy Bojkowa musz\u0105 liczy\u0107 si\u0119 z utrudnieniami w ruchu drogowym - 24GLIWICE - Portal Gliwice | codziennie nowe informacje","og_description":"W \u015brod\u0119, 25 kwietnia, rozpocznie si\u0119 remont chodnika i jezdni ul. Rolnik\u00f3w w Bojkowie. Prace potrwaj\u0105 do po\u0142owy lipca. To kolejna realizacja zaplanowana przez ZDM na 2018 rok. Wykonawca inwestycji &#8211; Przedsi\u0119biorstwo Remont\u00f3w Ulic i Most\u00f3w &#8211; prosi kierowc\u00f3w, by zwracali uwag\u0119 na oznakowanie tymczasowe. Remont ul. Rolnik\u00f3w b\u0119dzie realizowany w dw\u00f3ch etapach. Najpierw zostanie [&hellip;]","og_url":"https:\/\/www.24gliwice.pl\/wiadomosci\/od-srody-mieszkancy-bojkowa-musza-liczyc-sie-z-utrudnieniami-w-ruchu-drogowym\/","og_site_name":"24GLIWICE - Portal Gliwice | codziennie nowe informacje","article_publisher":"https:\/\/www.facebook.com\/24gliwice","article_published_time":"2018-04-22T23:47:03+00:00","og_image":[{"width":879,"height":494,"url":"https:\/\/www.24gliwice.pl\/wiadomosci\/wp-content\/uploads\/2018\/04\/ulica_rolnikow.jpg","type":"image\/jpeg"}],"author":"\u017baneta Mrozek-Siewierska","twitter_card":"summary_large_image","twitter_creator":"@24gliwice","twitter_site":"@24gliwice","twitter_misc":{"Napisane przez":"\u017baneta Mrozek-Siewierska","Szacowany czas czytania":"1 minuta"},"schema":{"@context":"https:\/\/schema.org","@graph":[{"@type":"Article","@id":"https:\/\/www.24gliwice.pl\/wiadomosci\/od-srody-mieszkancy-bojkowa-musza-liczyc-sie-z-utrudnieniami-w-ruchu-drogowym\/#article","isPartOf":{"@id":"https:\/\/www.24gliwice.pl\/wiadomosci\/od-srody-mieszkancy-bojkowa-musza-liczyc-sie-z-utrudnieniami-w-ruchu-drogowym\/"},"author":{"name":"\u017baneta Mrozek-Siewierska","@id":"https:\/\/www.24gliwice.pl\/wiadomosci\/#\/schema\/person\/e42c650edd7f2fa332be3811fb166b6e"},"headline":"Od \u015brody mieszka\u0144cy Bojkowa musz\u0105 liczy\u0107 si\u0119 z utrudnieniami w ruchu drogowym","datePublished":"2018-04-22T23:47:03+00:00","mainEntityOfPage":{"@id":"https:\/\/www.24gliwice.pl\/wiadomosci\/od-srody-mieszkancy-bojkowa-musza-liczyc-sie-z-utrudnieniami-w-ruchu-drogowym\/"},"wordCount":164,"commentCount":0,"publisher":{"@id":"https:\/\/www.24gliwice.pl\/wiadomosci\/#organization"},"image":{"@id":"https:\/\/www.24gliwice.pl\/wiadomosci\/od-srody-mieszkancy-bojkowa-musza-liczyc-sie-z-utrudnieniami-w-ruchu-drogowym\/#primaryimage"},"thumbnailUrl":"https:\/\/www.24gliwice.pl\/wiadomosci\/wp-content\/uploads\/2018\/04\/ulica_rolnikow.jpg","keywords":["BOJK\u00d3W","drogi do remontu","PRUIM","remont chodnika","rolnik\u00f3w","ulice do remontu","WYMIANA NAWIERZCHNI JEZDNI","ZDM"],"articleSection":["Gliwice","Najnowsze wiadomo\u015bci"],"inLanguage":"pl-PL","potentialAction":[{"@type":"CommentAction","name":"Comment","target":["https:\/\/www.24gliwice.pl\/wiadomosci\/od-srody-mieszkancy-bojkowa-musza-liczyc-sie-z-utrudnieniami-w-ruchu-drogowym\/#respond"]}]},{"@type":"WebPage","@id":"https:\/\/www.24gliwice.pl\/wiadomosci\/od-srody-mieszkancy-bojkowa-musza-liczyc-sie-z-utrudnieniami-w-ruchu-drogowym\/","url":"https:\/\/www.24gliwice.pl\/wiadomosci\/od-srody-mieszkancy-bojkowa-musza-liczyc-sie-z-utrudnieniami-w-ruchu-drogowym\/","name":"Od \u015brody mieszka\u0144cy Bojkowa musz\u0105 liczy\u0107 si\u0119 z utrudnieniami w ruchu drogowym - 24GLIWICE - Portal Gliwice | codziennie nowe informacje","isPartOf":{"@id":"https:\/\/www.24gliwice.pl\/wiadomosci\/#website"},"primaryImageOfPage":{"@id":"https:\/\/www.24gliwice.pl\/wiadomosci\/od-srody-mieszkancy-bojkowa-musza-liczyc-sie-z-utrudnieniami-w-ruchu-drogowym\/#primaryimage"},"image":{"@id":"https:\/\/www.24gliwice.pl\/wiadomosci\/od-srody-mieszkancy-bojkowa-musza-liczyc-sie-z-utrudnieniami-w-ruchu-drogowym\/#primaryimage"},"thumbnailUrl":"https:\/\/www.24gliwice.pl\/wiadomosci\/wp-content\/uploads\/2018\/04\/ulica_rolnikow.jpg","datePublished":"2018-04-22T23:47:03+00:00","breadcrumb":{"@id":"https:\/\/www.24gliwice.pl\/wiadomosci\/od-srody-mieszkancy-bojkowa-musza-liczyc-sie-z-utrudnieniami-w-ruchu-drogowym\/#breadcrumb"},"inLanguage":"pl-PL","potentialAction":[{"@type":"ReadAction","target":["https:\/\/www.24gliwice.pl\/wiadomosci\/od-srody-mieszkancy-bojkowa-musza-liczyc-sie-z-utrudnieniami-w-ruchu-drogowym\/"]}]},{"@type":"ImageObject","inLanguage":"pl-PL","@id":"https:\/\/www.24gliwice.pl\/wiadomosci\/od-srody-mieszkancy-bojkowa-musza-liczyc-sie-z-utrudnieniami-w-ruchu-drogowym\/#primaryimage","url":"https:\/\/www.24gliwice.pl\/wiadomosci\/wp-content\/uploads\/2018\/04\/ulica_rolnikow.jpg","contentUrl":"https:\/\/www.24gliwice.pl\/wiadomosci\/wp-content\/uploads\/2018\/04\/ulica_rolnikow.jpg","width":879,"height":494,"caption":"fot. scr. Google Maps"},{"@type":"BreadcrumbList","@id":"https:\/\/www.24gliwice.pl\/wiadomosci\/od-srody-mieszkancy-bojkowa-musza-liczyc-sie-z-utrudnieniami-w-ruchu-drogowym\/#breadcrumb","itemListElement":[{"@type":"ListItem","position":1,"name":"Strona g\u0142\u00f3wna","item":"https:\/\/www.24gliwice.pl\/wiadomosci\/"},{"@type":"ListItem","position":2,"name":"Od \u015brody mieszka\u0144cy Bojkowa musz\u0105 liczy\u0107 si\u0119 z utrudnieniami w ruchu drogowym"}]},{"@type":"WebSite","@id":"https:\/\/www.24gliwice.pl\/wiadomosci\/#website","url":"https:\/\/www.24gliwice.pl\/wiadomosci\/","name":"24GLIWICE - Portal Gliwice | codziennie nowe wiadomo\u015bci","description":"Portal Miejski Gliwice","publisher":{"@id":"https:\/\/www.24gliwice.pl\/wiadomosci\/#organization"},"potentialAction":[{"@type":"SearchAction","target":{"@type":"EntryPoint","urlTemplate":"https:\/\/www.24gliwice.pl\/wiadomosci\/?s={search_term_string}"},"query-input":{"@type":"PropertyValueSpecification","valueRequired":true,"valueName":"search_term_string"}}],"inLanguage":"pl-PL"},{"@type":"Organization","@id":"https:\/\/www.24gliwice.pl\/wiadomosci\/#organization","name":"24gliwice","url":"https:\/\/www.24gliwice.pl\/wiadomosci\/","logo":{"@type":"ImageObject","inLanguage":"pl-PL","@id":"https:\/\/www.24gliwice.pl\/wiadomosci\/#\/schema\/logo\/image\/","url":"https:\/\/www.24gliwice.pl\/wiadomosci\/wp-content\/uploads\/2024\/10\/24gliwice-logo-696.jpg","contentUrl":"https:\/\/www.24gliwice.pl\/wiadomosci\/wp-content\/uploads\/2024\/10\/24gliwice-logo-696.jpg","width":696,"height":696,"caption":"24gliwice"},"image":{"@id":"https:\/\/www.24gliwice.pl\/wiadomosci\/#\/schema\/logo\/image\/"},"sameAs":["https:\/\/www.facebook.com\/24gliwice","https:\/\/x.com\/24gliwice","https:\/\/www.youtube.com\/@24gliwice"]},{"@type":"Person","@id":"https:\/\/www.24gliwice.pl\/wiadomosci\/#\/schema\/person\/e42c650edd7f2fa332be3811fb166b6e","name":"\u017baneta Mrozek-Siewierska","image":{"@type":"ImageObject","inLanguage":"pl-PL","@id":"https:\/\/secure.gravatar.com\/avatar\/1881429e9c64597c77ad7aef2d0a19be69a3253e57534d16aa15bf3a4d34a0a3?s=96&d=mm&r=g","url":"https:\/\/secure.gravatar.com\/avatar\/1881429e9c64597c77ad7aef2d0a19be69a3253e57534d16aa15bf3a4d34a0a3?s=96&d=mm&r=g","contentUrl":"https:\/\/secure.gravatar.com\/avatar\/1881429e9c64597c77ad7aef2d0a19be69a3253e57534d16aa15bf3a4d34a0a3?s=96&d=mm&r=g","caption":"\u017baneta Mrozek-Siewierska"},"url":"https:\/\/www.24gliwice.pl\/wiadomosci\/author\/zms\/"}]}},"_links":{"self":[{"href":"https:\/\/www.24gliwice.pl\/wiadomosci\/wp-json\/wp\/v2\/posts\/116159","targetHints":{"allow":["GET"]}}],"collection":[{"href":"https:\/\/www.24gliwice.pl\/wiadomosci\/wp-json\/wp\/v2\/posts"}],"about":[{"href":"https:\/\/www.24gliwice.pl\/wiadomosci\/wp-json\/wp\/v2\/types\/post"}],"author":[{"embeddable":true,"href":"https:\/\/www.24gliwice.pl\/wiadomosci\/wp-json\/wp\/v2\/users\/15"}],"replies":[{"embeddable":true,"href":"https:\/\/www.24gliwice.pl\/wiadomosci\/wp-json\/wp\/v2\/comments?post=116159"}],"version-history":[{"count":0,"href":"https:\/\/www.24gliwice.pl\/wiadomosci\/wp-json\/wp\/v2\/posts\/116159\/revisions"}],"wp:featuredmedia":[{"embeddable":true,"href":"https:\/\/www.24gliwice.pl\/wiadomosci\/wp-json\/wp\/v2\/media\/116162"}],"wp:attachment":[{"href":"https:\/\/www.24gliwice.pl\/wiadomosci\/wp-json\/wp\/v2\/media?parent=116159"}],"wp:term":[{"taxonomy":"category","embeddable":true,"href":"https:\/\/www.24gliwice.pl\/wiadomosci\/wp-json\/wp\/v2\/categories?post=116159"},{"taxonomy":"post_tag","embeddable":true,"href":"https:\/\/www.24gliwice.pl\/wiadomosci\/wp-json\/wp\/v2\/tags?post=116159"}],"curies":[{"name":"wp","href":"https:\/\/api.w.org\/{rel}","templated":true}]}}