{"id":116241,"date":"2018-05-05T02:36:08","date_gmt":"2018-05-05T00:36:08","guid":{"rendered":"https:\/\/www.24gliwice.pl\/wiadomosci\/?p=116241"},"modified":"2018-05-06T21:30:01","modified_gmt":"2018-05-06T19:30:01","slug":"woonerf-w-alternatywnym-swiecie-urzednikow-felieton","status":"publish","type":"post","link":"https:\/\/www.24gliwice.pl\/wiadomosci\/woonerf-w-alternatywnym-swiecie-urzednikow-felieton\/","title":{"rendered":"Woonerf w alternatywnym \u015bwiecie urz\u0119dnik\u00f3w (FELIETON)"},"content":{"rendered":"<div class=\"gliwi-a6-nad-leadem-artykulow gliwi-entity-placement\" id=\"gliwi-2739877825\"><div class=\"gliwi-adlabel\"><span style=\"font-size: 9px\">REKLAMA<\/span><\/div><div id=\"gliwi-3581434560\" style=\"margin-bottom: 25px;margin-left: auto;margin-right: auto;text-align: center;\"><a data-no-instant=\"1\" href=\"https:\/\/dom100.eu\/\" rel=\"noopener\" class=\"a2t-link\" target=\"_blank\" aria-label=\"20260415 DOM100 D\"><img loading=\"lazy\" decoding=\"async\" src=\"https:\/\/www.24gliwice.pl\/wiadomosci\/wp-content\/uploads\/2026\/04\/20260415-DOM100-D.jpg\" alt=\"\"  srcset=\"https:\/\/www.24gliwice.pl\/wiadomosci\/wp-content\/uploads\/2026\/04\/20260415-DOM100-D.jpg 750w, https:\/\/www.24gliwice.pl\/wiadomosci\/wp-content\/uploads\/2026\/04\/20260415-DOM100-D-410x109.jpg 410w\" sizes=\"(max-width: 750px) 100vw, 750px\" class=\"no-lazyload\" width=\"750\" height=\"200\"  style=\"display: inline-block; max-width: 100%; height: auto;\" \/><\/a><\/div><\/div><h3>W Magistracie pojawi\u0142a si\u0119 pono\u0107 magiczna kula. Pierwsze czary-mary odprawiono nad ul. Siemi\u0144skiego. \u2013 250-metrowy miejski podw\u00f3rzec wycisza ruch uliczny i jest przestrzeni\u0105 sprzyjaj\u0105c\u0105 wypoczynkowi \u2013 napisali w tek\u015bcie reklamowym urz\u0119dnicy odpowiedzialni za promocj\u0119 miasta.<\/h3>\n<p>Ui\u015bcili op\u0142aty i rozes\u0142ali wyczarowan\u0105 wizj\u0119 po regionalnych mediach. Rzucanie zakl\u0119\u0107 kosztowa\u0142o nas blisko 10 tysi\u0119cy z\u0142otych i jak m\u00f3wi\u0105 autorzy, mia\u0142o cel \u201einformacyjny\u201d, cho\u0107 granica mi\u0119dzy informacj\u0105, prawd\u0105 a marketingow\u0105 manipulacj\u0105 rozmywa si\u0119 tu w niemal ka\u017cdym zdaniu.<\/p>\n<h4>JEST \u0179LE, ALE MO\u017bE BY\u0106 LEPIEJ<\/h4>\n<p>Woonerf mia\u0142 by\u0107 now\u0105 jako\u015bci\u0105 w Gliwicach. Roz\u0142o\u017ceniem akcent\u00f3w skierowanych do tej pory na kierowc\u00f3w i ruch samochodowy. Tym razem przynajmniej na jednej ulicy w centrum mieli rz\u0105dzi\u0107 piesi. <\/p><div class=\"gliwi-a3-w-tresci-artykulow gliwi-entity-placement\" id=\"gliwi-109204778\"><div class=\"gliwi-adlabel\"><span style=\"font-size: 9px\">REKLAMA<\/span><\/div><div id=\"gliwi-2074102761\" style=\"margin-bottom: 30px;margin-left: auto;margin-right: auto;text-align: center;\"><a data-no-instant=\"1\" href=\"https:\/\/zlobek.halogen.org.pl\/\" rel=\"noopener\" class=\"a2t-link\" target=\"_blank\" aria-label=\"animator-zlobek_750x200\"><img loading=\"lazy\" decoding=\"async\" src=\"https:\/\/www.24gliwice.pl\/wiadomosci\/wp-content\/uploads\/2026\/02\/animator-zlobek_750x200.webp\" alt=\"\"  srcset=\"https:\/\/www.24gliwice.pl\/wiadomosci\/wp-content\/uploads\/2026\/02\/animator-zlobek_750x200.webp 750w, https:\/\/www.24gliwice.pl\/wiadomosci\/wp-content\/uploads\/2026\/02\/animator-zlobek_750x200-410x109.webp 410w\" sizes=\"(max-width: 750px) 100vw, 750px\" class=\"no-lazyload\" width=\"750\" height=\"200\"  style=\"display: inline-block; max-width: 100%; height: auto;\" \/><\/a><\/div><\/div>\n[perfectpullquote align=&#8221;full&#8221; bordertop=&#8221;false&#8221; cite=&#8221;&#8221; link=&#8221;&#8221; color=&#8221;&#8221; class=&#8221;&#8221; size=&#8221;&#8221;]Niestety, pierwsze tygodnie na Siemi\u0144skiego to karykatura tego co na star\u00f3wkach europejskich miast jest norm\u0105. [\/perfectpullquote]\n<p>Na \u201epodw\u00f3rzec\u201d wybrano wa\u017cn\u0105 komunikacyjnie ulic\u0119 i trudno si\u0119 dziwi\u0107, \u017ce kierowcy nadal wybieraj\u0105 j\u0105 jako jeden z g\u0142\u00f3wnych dojazd\u00f3w do centrum. Mi\u0119dzy parkletami powstaj\u0105 zatory, py\u0142 z ulicy osiada na miejskich meblach, a ha\u0142as nijak ma si\u0119 do wypoczynku. Frustracja, nerwy, poczucie chaosu i (zw\u0142aszcza dla pieszych) brak bezpiecze\u0144stwa. Dok\u0142adne przeciwie\u0144stwo idei, kt\u00f3ra sta\u0142a za tym pomys\u0142em. Nadal jednak mo\u017cna mie\u0107 nadziej\u0119, \u017ce to problemy wieku dzieci\u0119cego, a projekt mo\u017cna poprawi\u0107.<\/p>\n<p><img loading=\"lazy\" decoding=\"async\" class=\"alignnone size-full wp-image-116692\" src=\"https:\/\/www.24gliwice.pl\/wiadomosci\/wp-content\/uploads\/2018\/05\/woo3.jpg\" alt=\"\" width=\"2048\" height=\"1152\" srcset=\"https:\/\/www.24gliwice.pl\/wiadomosci\/wp-content\/uploads\/2018\/05\/woo3.jpg 2048w, https:\/\/www.24gliwice.pl\/wiadomosci\/wp-content\/uploads\/2018\/05\/woo3-410x232.jpg 410w, https:\/\/www.24gliwice.pl\/wiadomosci\/wp-content\/uploads\/2018\/05\/woo3-768x432.jpg 768w, https:\/\/www.24gliwice.pl\/wiadomosci\/wp-content\/uploads\/2018\/05\/woo3-810x456.jpg 810w, https:\/\/www.24gliwice.pl\/wiadomosci\/wp-content\/uploads\/2018\/05\/woo3-1140x641.jpg 1140w\" sizes=\"auto, (max-width: 2048px) 100vw, 2048px\" \/><\/p>\n<h4>CZARY-MARY ZA 10 TYSI\u0118CY<\/h4>\n<p>I tu urz\u0119dnikom z pomoc\u0105 najwyra\u017aniej przysz\u0142a owa magiczna kula. Zamiast dzia\u0142a\u0144 &#8211; rzucanie czar\u00f3w: bujdy i zmy\u015blenie.<\/p>\n<blockquote><p>&#8211; Ulica Siemi\u0144skiego zamieni\u0142a si\u0119 w przestrze\u0144 przyjazn\u0105 wszystkim mieszka\u0144com<\/p><\/blockquote>\n<p> &#8211; czytamy w materia\u0142ach rozpowszechnianych przez Magistrat. <\/p>\n<blockquote><p>&#8211; Spowolniony ruch samochod\u00f3w oraz miejsca do siedzenia, spokojnego wypicia kawy czy rozmowy przyci\u0105gaj\u0105 zar\u00f3wno mieszka\u0144c\u00f3w, kt\u00f3rzy ch\u0119tnie obieraj\u0105 ten kierunek na spacery, jak i go\u015bci odwiedzaj\u0105cych miasto.<\/p><\/blockquote>\n<p>Czytam i szukam ukrytego sarkazmu. Wszak Magistrat dotychczas do woonerfowych idei podchodzi\u0142 jak pies do je\u017ca (przyk\u0142ad blokowania przez Urz\u0105d zesz\u0142orocznej \u201e\u017bywej Ulicy\u201d).<\/p>\n<blockquote><p>&#8211; Od chwili otwarcia, ul. Siemi\u0144skiego cieszy si\u0119 du\u017cym zainteresowaniem i przyci\u0105ga przechodni\u00f3w, kt\u00f3rzy ch\u0119tnie przysiadaj\u0105 na wygodnych siedziskach i ciesz\u0105 si\u0119 chwil\u0105 relaksu przy kawie i herbacie<\/p><\/blockquote>\n<p> \u2013 rzucaj\u0105 kolejne zakl\u0119cia autorzy tekstu.<\/p>\n<p>Czy kto\u015b z Urz\u0119du przed przygotowaniem materia\u0142u wybra\u0142 si\u0119 na miejsce? <strong>Je\u017celi woonerf jest jeszcze niesko\u0144czony, jaki by\u0142 sens jego reklamowania na terenie ca\u0142ego wojew\u00f3dztwa?<\/strong><\/p>\n<p>&#8211; Magistrat nie zajmuje si\u0119 bezpo\u015brednio woonerfem. Obserwujemy, a ewentualne dzia\u0142ania usprawniaj\u0105ce b\u0119dzie m\u00f3g\u0142 podejmowa\u0107 ZDM, je\u015bli zajdzie taka potrzeba. Pomys\u0142 jak ka\u017cdy ma swoich zwolennik\u00f3w i przeciwnik\u00f3w \u2013 odpisuj\u0105 nam urz\u0119dnicy zapytani o ocen\u0119 nowej Siemi\u0144skiego.<\/p>\n<p>Odpowiedzialnych wi\u0119c brak. Wiemy za to, \u017ce \u201eniezajmuj\u0105cy si\u0119 woonerfem\u201d Urz\u0105d przygotowa\u0142 o nim materia\u0142 promocyjny. Publikacja reklamowa ukaza\u0142a si\u0119 w kilku tytu\u0142ach o zasi\u0119gu regionalnym. \u0141\u0105czny koszt to ok. 9 tys. 300 z\u0142otych. Warto by podobn\u0105 gorliwo\u015b\u0107 wykazano w naprawianiu tego co nie wysz\u0142o. Zanim jeszcze wyko\u015blawiona idea zostanie ostatecznie zdyskredytowana przez niezadowolonych mieszka\u0144c\u00f3w. Rzeczywisto\u015bci nie trzeba zaklina\u0107. Rzeczywisto\u015b\u0107 mo\u017cna kreowa\u0107.<\/p>\n<p>Micha\u0142 Szewczyk<\/p>\n<div class=\"gliwi-a5-na-koncu-artykulow gliwi-entity-placement\" id=\"gliwi-3613301661\"><div class=\"gliwi-adlabel\"><span style=\"font-size: 9px\">REKLAMA<\/span><\/div><div id=\"gliwi-761274077\" style=\"margin-left: auto;margin-right: auto;text-align: center;\"><a data-no-instant=\"1\" href=\"https:\/\/www.jasek.pl\/\" rel=\"noopener\" class=\"a2t-link\" target=\"_blank\" aria-label=\"20200401-jasek 600\"><img loading=\"lazy\" decoding=\"async\" src=\"https:\/\/www.24gliwice.pl\/wiadomosci\/wp-content\/uploads\/2020\/04\/20200401-jasek-600.jpg\" alt=\"\"  srcset=\"https:\/\/www.24gliwice.pl\/wiadomosci\/wp-content\/uploads\/2020\/04\/20200401-jasek-600.jpg 600w, https:\/\/www.24gliwice.pl\/wiadomosci\/wp-content\/uploads\/2020\/04\/20200401-jasek-600-410x109.jpg 410w\" sizes=\"(max-width: 600px) 100vw, 600px\" class=\"no-lazyload\" width=\"600\" height=\"160\"  style=\"display: inline-block; max-width: 100%; height: auto;\" \/><\/a><\/div><\/div>","protected":false},"excerpt":{"rendered":"<p>W Magistracie pojawi\u0142a si\u0119 pono\u0107 magiczna kula. Pierwsze czary-mary odprawiono nad ul. Siemi\u0144skiego. \u2013 250-metrowy miejski podw\u00f3rzec wycisza ruch uliczny i jest przestrzeni\u0105 sprzyjaj\u0105c\u0105 wypoczynkowi \u2013 napisali w tek\u015bcie reklamowym urz\u0119dnicy odpowiedzialni za promocj\u0119 miasta. Ui\u015bcili op\u0142aty i rozes\u0142ali wyczarowan\u0105 wizj\u0119 po regionalnych mediach. Rzucanie zakl\u0119\u0107 kosztowa\u0142o nas blisko 10 tysi\u0119cy z\u0142otych i jak m\u00f3wi\u0105 [&hellip;]<\/p>\n","protected":false},"author":12,"featured_media":116691,"comment_status":"open","ping_status":"closed","sticky":false,"template":"","format":"standard","meta":{"_monsterinsights_skip_tracking":false,"_monsterinsights_sitenote_active":false,"_monsterinsights_sitenote_note":"","_monsterinsights_sitenote_category":0,"footnotes":"","_links_to":"","_links_to_target":""},"categories":[3,1,9],"tags":[],"class_list":["post-116241","post","type-post","status-publish","format-standard","has-post-thumbnail","hentry","category-gliwice","category-wszystko","category-aktualnosci_lokalne"],"yoast_head":"<!-- This site is optimized with the Yoast SEO plugin v27.5 - https:\/\/yoast.com\/product\/yoast-seo-wordpress\/ -->\n<title>Woonerf w alternatywnym \u015bwiecie urz\u0119dnik\u00f3w (FELIETON) - 24GLIWICE - Portal Gliwice | codziennie nowe informacje<\/title>\n<meta name=\"robots\" content=\"index, follow, max-snippet:-1, max-image-preview:large, max-video-preview:-1\" \/>\n<link rel=\"canonical\" href=\"https:\/\/www.24gliwice.pl\/wiadomosci\/woonerf-w-alternatywnym-swiecie-urzednikow-felieton\/\" \/>\n<meta property=\"og:locale\" content=\"pl_PL\" \/>\n<meta property=\"og:type\" content=\"article\" \/>\n<meta property=\"og:title\" content=\"Woonerf w alternatywnym \u015bwiecie urz\u0119dnik\u00f3w (FELIETON) - 24GLIWICE - Portal Gliwice | codziennie nowe informacje\" \/>\n<meta property=\"og:description\" content=\"W Magistracie pojawi\u0142a si\u0119 pono\u0107 magiczna kula. Pierwsze czary-mary odprawiono nad ul. Siemi\u0144skiego. \u2013 250-metrowy miejski podw\u00f3rzec wycisza ruch uliczny i jest przestrzeni\u0105 sprzyjaj\u0105c\u0105 wypoczynkowi \u2013 napisali w tek\u015bcie reklamowym urz\u0119dnicy odpowiedzialni za promocj\u0119 miasta. Ui\u015bcili op\u0142aty i rozes\u0142ali wyczarowan\u0105 wizj\u0119 po regionalnych mediach. Rzucanie zakl\u0119\u0107 kosztowa\u0142o nas blisko 10 tysi\u0119cy z\u0142otych i jak m\u00f3wi\u0105 [&hellip;]\" \/>\n<meta property=\"og:url\" content=\"https:\/\/www.24gliwice.pl\/wiadomosci\/woonerf-w-alternatywnym-swiecie-urzednikow-felieton\/\" \/>\n<meta property=\"og:site_name\" content=\"24GLIWICE - Portal Gliwice | codziennie nowe informacje\" \/>\n<meta property=\"article:publisher\" content=\"https:\/\/www.facebook.com\/24gliwice\" \/>\n<meta property=\"article:published_time\" content=\"2018-05-05T00:36:08+00:00\" \/>\n<meta property=\"article:modified_time\" content=\"2018-05-06T19:30:01+00:00\" \/>\n<meta property=\"og:image\" content=\"https:\/\/www.24gliwice.pl\/wiadomosci\/wp-content\/uploads\/2018\/05\/woo.jpg\" \/>\n\t<meta property=\"og:image:width\" content=\"2048\" \/>\n\t<meta property=\"og:image:height\" content=\"1152\" \/>\n\t<meta property=\"og:image:type\" content=\"image\/jpeg\" \/>\n<meta name=\"author\" content=\"Micha\u0142 Szewczyk\" \/>\n<meta name=\"twitter:card\" content=\"summary_large_image\" \/>\n<meta name=\"twitter:creator\" content=\"@24gliwice\" \/>\n<meta name=\"twitter:site\" content=\"@24gliwice\" \/>\n<meta name=\"twitter:label1\" content=\"Napisane przez\" \/>\n\t<meta name=\"twitter:data1\" content=\"Micha\u0142 Szewczyk\" \/>\n\t<meta name=\"twitter:label2\" content=\"Szacowany czas czytania\" \/>\n\t<meta name=\"twitter:data2\" content=\"3 minuty\" \/>\n<script type=\"application\/ld+json\" class=\"yoast-schema-graph\">{\"@context\":\"https:\\\/\\\/schema.org\",\"@graph\":[{\"@type\":\"Article\",\"@id\":\"https:\\\/\\\/www.24gliwice.pl\\\/wiadomosci\\\/woonerf-w-alternatywnym-swiecie-urzednikow-felieton\\\/#article\",\"isPartOf\":{\"@id\":\"https:\\\/\\\/www.24gliwice.pl\\\/wiadomosci\\\/woonerf-w-alternatywnym-swiecie-urzednikow-felieton\\\/\"},\"author\":{\"name\":\"Micha\u0142 Szewczyk\",\"@id\":\"https:\\\/\\\/www.24gliwice.pl\\\/wiadomosci\\\/#\\\/schema\\\/person\\\/940e8f8a097e322de4f463f061ef8d45\"},\"headline\":\"Woonerf w alternatywnym \u015bwiecie urz\u0119dnik\u00f3w (FELIETON)\",\"datePublished\":\"2018-05-05T00:36:08+00:00\",\"dateModified\":\"2018-05-06T19:30:01+00:00\",\"mainEntityOfPage\":{\"@id\":\"https:\\\/\\\/www.24gliwice.pl\\\/wiadomosci\\\/woonerf-w-alternatywnym-swiecie-urzednikow-felieton\\\/\"},\"wordCount\":559,\"commentCount\":0,\"publisher\":{\"@id\":\"https:\\\/\\\/www.24gliwice.pl\\\/wiadomosci\\\/#organization\"},\"image\":{\"@id\":\"https:\\\/\\\/www.24gliwice.pl\\\/wiadomosci\\\/woonerf-w-alternatywnym-swiecie-urzednikow-felieton\\\/#primaryimage\"},\"thumbnailUrl\":\"https:\\\/\\\/www.24gliwice.pl\\\/wiadomosci\\\/wp-content\\\/uploads\\\/2018\\\/05\\\/woo.jpg\",\"articleSection\":[\"Gliwice\",\"Najnowsze wiadomo\u015bci\",\"Portal Gliwice - Wiadomo\u015bci lokalne\"],\"inLanguage\":\"pl-PL\",\"potentialAction\":[{\"@type\":\"CommentAction\",\"name\":\"Comment\",\"target\":[\"https:\\\/\\\/www.24gliwice.pl\\\/wiadomosci\\\/woonerf-w-alternatywnym-swiecie-urzednikow-felieton\\\/#respond\"]}]},{\"@type\":\"WebPage\",\"@id\":\"https:\\\/\\\/www.24gliwice.pl\\\/wiadomosci\\\/woonerf-w-alternatywnym-swiecie-urzednikow-felieton\\\/\",\"url\":\"https:\\\/\\\/www.24gliwice.pl\\\/wiadomosci\\\/woonerf-w-alternatywnym-swiecie-urzednikow-felieton\\\/\",\"name\":\"Woonerf w alternatywnym \u015bwiecie urz\u0119dnik\u00f3w (FELIETON) - 24GLIWICE - Portal Gliwice | codziennie nowe informacje\",\"isPartOf\":{\"@id\":\"https:\\\/\\\/www.24gliwice.pl\\\/wiadomosci\\\/#website\"},\"primaryImageOfPage\":{\"@id\":\"https:\\\/\\\/www.24gliwice.pl\\\/wiadomosci\\\/woonerf-w-alternatywnym-swiecie-urzednikow-felieton\\\/#primaryimage\"},\"image\":{\"@id\":\"https:\\\/\\\/www.24gliwice.pl\\\/wiadomosci\\\/woonerf-w-alternatywnym-swiecie-urzednikow-felieton\\\/#primaryimage\"},\"thumbnailUrl\":\"https:\\\/\\\/www.24gliwice.pl\\\/wiadomosci\\\/wp-content\\\/uploads\\\/2018\\\/05\\\/woo.jpg\",\"datePublished\":\"2018-05-05T00:36:08+00:00\",\"dateModified\":\"2018-05-06T19:30:01+00:00\",\"breadcrumb\":{\"@id\":\"https:\\\/\\\/www.24gliwice.pl\\\/wiadomosci\\\/woonerf-w-alternatywnym-swiecie-urzednikow-felieton\\\/#breadcrumb\"},\"inLanguage\":\"pl-PL\",\"potentialAction\":[{\"@type\":\"ReadAction\",\"target\":[\"https:\\\/\\\/www.24gliwice.pl\\\/wiadomosci\\\/woonerf-w-alternatywnym-swiecie-urzednikow-felieton\\\/\"]}]},{\"@type\":\"ImageObject\",\"inLanguage\":\"pl-PL\",\"@id\":\"https:\\\/\\\/www.24gliwice.pl\\\/wiadomosci\\\/woonerf-w-alternatywnym-swiecie-urzednikow-felieton\\\/#primaryimage\",\"url\":\"https:\\\/\\\/www.24gliwice.pl\\\/wiadomosci\\\/wp-content\\\/uploads\\\/2018\\\/05\\\/woo.jpg\",\"contentUrl\":\"https:\\\/\\\/www.24gliwice.pl\\\/wiadomosci\\\/wp-content\\\/uploads\\\/2018\\\/05\\\/woo.jpg\",\"width\":2048,\"height\":1152},{\"@type\":\"BreadcrumbList\",\"@id\":\"https:\\\/\\\/www.24gliwice.pl\\\/wiadomosci\\\/woonerf-w-alternatywnym-swiecie-urzednikow-felieton\\\/#breadcrumb\",\"itemListElement\":[{\"@type\":\"ListItem\",\"position\":1,\"name\":\"Strona g\u0142\u00f3wna\",\"item\":\"https:\\\/\\\/www.24gliwice.pl\\\/wiadomosci\\\/\"},{\"@type\":\"ListItem\",\"position\":2,\"name\":\"Woonerf w alternatywnym \u015bwiecie urz\u0119dnik\u00f3w (FELIETON)\"}]},{\"@type\":\"WebSite\",\"@id\":\"https:\\\/\\\/www.24gliwice.pl\\\/wiadomosci\\\/#website\",\"url\":\"https:\\\/\\\/www.24gliwice.pl\\\/wiadomosci\\\/\",\"name\":\"24GLIWICE - Portal Gliwice | codziennie nowe wiadomo\u015bci\",\"description\":\"Portal Miejski Gliwice\",\"publisher\":{\"@id\":\"https:\\\/\\\/www.24gliwice.pl\\\/wiadomosci\\\/#organization\"},\"potentialAction\":[{\"@type\":\"SearchAction\",\"target\":{\"@type\":\"EntryPoint\",\"urlTemplate\":\"https:\\\/\\\/www.24gliwice.pl\\\/wiadomosci\\\/?s={search_term_string}\"},\"query-input\":{\"@type\":\"PropertyValueSpecification\",\"valueRequired\":true,\"valueName\":\"search_term_string\"}}],\"inLanguage\":\"pl-PL\"},{\"@type\":\"Organization\",\"@id\":\"https:\\\/\\\/www.24gliwice.pl\\\/wiadomosci\\\/#organization\",\"name\":\"24gliwice\",\"url\":\"https:\\\/\\\/www.24gliwice.pl\\\/wiadomosci\\\/\",\"logo\":{\"@type\":\"ImageObject\",\"inLanguage\":\"pl-PL\",\"@id\":\"https:\\\/\\\/www.24gliwice.pl\\\/wiadomosci\\\/#\\\/schema\\\/logo\\\/image\\\/\",\"url\":\"https:\\\/\\\/www.24gliwice.pl\\\/wiadomosci\\\/wp-content\\\/uploads\\\/2024\\\/10\\\/24gliwice-logo-696.jpg\",\"contentUrl\":\"https:\\\/\\\/www.24gliwice.pl\\\/wiadomosci\\\/wp-content\\\/uploads\\\/2024\\\/10\\\/24gliwice-logo-696.jpg\",\"width\":696,\"height\":696,\"caption\":\"24gliwice\"},\"image\":{\"@id\":\"https:\\\/\\\/www.24gliwice.pl\\\/wiadomosci\\\/#\\\/schema\\\/logo\\\/image\\\/\"},\"sameAs\":[\"https:\\\/\\\/www.facebook.com\\\/24gliwice\",\"https:\\\/\\\/x.com\\\/24gliwice\",\"https:\\\/\\\/www.youtube.com\\\/@24gliwice\"]},{\"@type\":\"Person\",\"@id\":\"https:\\\/\\\/www.24gliwice.pl\\\/wiadomosci\\\/#\\\/schema\\\/person\\\/940e8f8a097e322de4f463f061ef8d45\",\"name\":\"Micha\u0142 Szewczyk\",\"image\":{\"@type\":\"ImageObject\",\"inLanguage\":\"pl-PL\",\"@id\":\"https:\\\/\\\/secure.gravatar.com\\\/avatar\\\/771b8b6c74cd8d255e46392d605e01a86133900ef09b6ef3c8d451c9d92288cf?s=96&d=mm&r=g\",\"url\":\"https:\\\/\\\/secure.gravatar.com\\\/avatar\\\/771b8b6c74cd8d255e46392d605e01a86133900ef09b6ef3c8d451c9d92288cf?s=96&d=mm&r=g\",\"contentUrl\":\"https:\\\/\\\/secure.gravatar.com\\\/avatar\\\/771b8b6c74cd8d255e46392d605e01a86133900ef09b6ef3c8d451c9d92288cf?s=96&d=mm&r=g\",\"caption\":\"Micha\u0142 Szewczyk\"},\"sameAs\":[\"http:\\\/\\\/www.gazeta-miejska.pl\"],\"url\":\"https:\\\/\\\/www.24gliwice.pl\\\/wiadomosci\\\/author\\\/michal-szewczyk\\\/\"}]}<\/script>\n<!-- \/ Yoast SEO plugin. -->","yoast_head_json":{"title":"Woonerf w alternatywnym \u015bwiecie urz\u0119dnik\u00f3w (FELIETON) - 24GLIWICE - Portal Gliwice | codziennie nowe informacje","robots":{"index":"index","follow":"follow","max-snippet":"max-snippet:-1","max-image-preview":"max-image-preview:large","max-video-preview":"max-video-preview:-1"},"canonical":"https:\/\/www.24gliwice.pl\/wiadomosci\/woonerf-w-alternatywnym-swiecie-urzednikow-felieton\/","og_locale":"pl_PL","og_type":"article","og_title":"Woonerf w alternatywnym \u015bwiecie urz\u0119dnik\u00f3w (FELIETON) - 24GLIWICE - Portal Gliwice | codziennie nowe informacje","og_description":"W Magistracie pojawi\u0142a si\u0119 pono\u0107 magiczna kula. Pierwsze czary-mary odprawiono nad ul. Siemi\u0144skiego. \u2013 250-metrowy miejski podw\u00f3rzec wycisza ruch uliczny i jest przestrzeni\u0105 sprzyjaj\u0105c\u0105 wypoczynkowi \u2013 napisali w tek\u015bcie reklamowym urz\u0119dnicy odpowiedzialni za promocj\u0119 miasta. Ui\u015bcili op\u0142aty i rozes\u0142ali wyczarowan\u0105 wizj\u0119 po regionalnych mediach. Rzucanie zakl\u0119\u0107 kosztowa\u0142o nas blisko 10 tysi\u0119cy z\u0142otych i jak m\u00f3wi\u0105 [&hellip;]","og_url":"https:\/\/www.24gliwice.pl\/wiadomosci\/woonerf-w-alternatywnym-swiecie-urzednikow-felieton\/","og_site_name":"24GLIWICE - Portal Gliwice | codziennie nowe informacje","article_publisher":"https:\/\/www.facebook.com\/24gliwice","article_published_time":"2018-05-05T00:36:08+00:00","article_modified_time":"2018-05-06T19:30:01+00:00","og_image":[{"width":2048,"height":1152,"url":"https:\/\/www.24gliwice.pl\/wiadomosci\/wp-content\/uploads\/2018\/05\/woo.jpg","type":"image\/jpeg"}],"author":"Micha\u0142 Szewczyk","twitter_card":"summary_large_image","twitter_creator":"@24gliwice","twitter_site":"@24gliwice","twitter_misc":{"Napisane przez":"Micha\u0142 Szewczyk","Szacowany czas czytania":"3 minuty"},"schema":{"@context":"https:\/\/schema.org","@graph":[{"@type":"Article","@id":"https:\/\/www.24gliwice.pl\/wiadomosci\/woonerf-w-alternatywnym-swiecie-urzednikow-felieton\/#article","isPartOf":{"@id":"https:\/\/www.24gliwice.pl\/wiadomosci\/woonerf-w-alternatywnym-swiecie-urzednikow-felieton\/"},"author":{"name":"Micha\u0142 Szewczyk","@id":"https:\/\/www.24gliwice.pl\/wiadomosci\/#\/schema\/person\/940e8f8a097e322de4f463f061ef8d45"},"headline":"Woonerf w alternatywnym \u015bwiecie urz\u0119dnik\u00f3w (FELIETON)","datePublished":"2018-05-05T00:36:08+00:00","dateModified":"2018-05-06T19:30:01+00:00","mainEntityOfPage":{"@id":"https:\/\/www.24gliwice.pl\/wiadomosci\/woonerf-w-alternatywnym-swiecie-urzednikow-felieton\/"},"wordCount":559,"commentCount":0,"publisher":{"@id":"https:\/\/www.24gliwice.pl\/wiadomosci\/#organization"},"image":{"@id":"https:\/\/www.24gliwice.pl\/wiadomosci\/woonerf-w-alternatywnym-swiecie-urzednikow-felieton\/#primaryimage"},"thumbnailUrl":"https:\/\/www.24gliwice.pl\/wiadomosci\/wp-content\/uploads\/2018\/05\/woo.jpg","articleSection":["Gliwice","Najnowsze wiadomo\u015bci","Portal Gliwice - Wiadomo\u015bci lokalne"],"inLanguage":"pl-PL","potentialAction":[{"@type":"CommentAction","name":"Comment","target":["https:\/\/www.24gliwice.pl\/wiadomosci\/woonerf-w-alternatywnym-swiecie-urzednikow-felieton\/#respond"]}]},{"@type":"WebPage","@id":"https:\/\/www.24gliwice.pl\/wiadomosci\/woonerf-w-alternatywnym-swiecie-urzednikow-felieton\/","url":"https:\/\/www.24gliwice.pl\/wiadomosci\/woonerf-w-alternatywnym-swiecie-urzednikow-felieton\/","name":"Woonerf w alternatywnym \u015bwiecie urz\u0119dnik\u00f3w (FELIETON) - 24GLIWICE - Portal Gliwice | codziennie nowe informacje","isPartOf":{"@id":"https:\/\/www.24gliwice.pl\/wiadomosci\/#website"},"primaryImageOfPage":{"@id":"https:\/\/www.24gliwice.pl\/wiadomosci\/woonerf-w-alternatywnym-swiecie-urzednikow-felieton\/#primaryimage"},"image":{"@id":"https:\/\/www.24gliwice.pl\/wiadomosci\/woonerf-w-alternatywnym-swiecie-urzednikow-felieton\/#primaryimage"},"thumbnailUrl":"https:\/\/www.24gliwice.pl\/wiadomosci\/wp-content\/uploads\/2018\/05\/woo.jpg","datePublished":"2018-05-05T00:36:08+00:00","dateModified":"2018-05-06T19:30:01+00:00","breadcrumb":{"@id":"https:\/\/www.24gliwice.pl\/wiadomosci\/woonerf-w-alternatywnym-swiecie-urzednikow-felieton\/#breadcrumb"},"inLanguage":"pl-PL","potentialAction":[{"@type":"ReadAction","target":["https:\/\/www.24gliwice.pl\/wiadomosci\/woonerf-w-alternatywnym-swiecie-urzednikow-felieton\/"]}]},{"@type":"ImageObject","inLanguage":"pl-PL","@id":"https:\/\/www.24gliwice.pl\/wiadomosci\/woonerf-w-alternatywnym-swiecie-urzednikow-felieton\/#primaryimage","url":"https:\/\/www.24gliwice.pl\/wiadomosci\/wp-content\/uploads\/2018\/05\/woo.jpg","contentUrl":"https:\/\/www.24gliwice.pl\/wiadomosci\/wp-content\/uploads\/2018\/05\/woo.jpg","width":2048,"height":1152},{"@type":"BreadcrumbList","@id":"https:\/\/www.24gliwice.pl\/wiadomosci\/woonerf-w-alternatywnym-swiecie-urzednikow-felieton\/#breadcrumb","itemListElement":[{"@type":"ListItem","position":1,"name":"Strona g\u0142\u00f3wna","item":"https:\/\/www.24gliwice.pl\/wiadomosci\/"},{"@type":"ListItem","position":2,"name":"Woonerf w alternatywnym \u015bwiecie urz\u0119dnik\u00f3w (FELIETON)"}]},{"@type":"WebSite","@id":"https:\/\/www.24gliwice.pl\/wiadomosci\/#website","url":"https:\/\/www.24gliwice.pl\/wiadomosci\/","name":"24GLIWICE - Portal Gliwice | codziennie nowe wiadomo\u015bci","description":"Portal Miejski Gliwice","publisher":{"@id":"https:\/\/www.24gliwice.pl\/wiadomosci\/#organization"},"potentialAction":[{"@type":"SearchAction","target":{"@type":"EntryPoint","urlTemplate":"https:\/\/www.24gliwice.pl\/wiadomosci\/?s={search_term_string}"},"query-input":{"@type":"PropertyValueSpecification","valueRequired":true,"valueName":"search_term_string"}}],"inLanguage":"pl-PL"},{"@type":"Organization","@id":"https:\/\/www.24gliwice.pl\/wiadomosci\/#organization","name":"24gliwice","url":"https:\/\/www.24gliwice.pl\/wiadomosci\/","logo":{"@type":"ImageObject","inLanguage":"pl-PL","@id":"https:\/\/www.24gliwice.pl\/wiadomosci\/#\/schema\/logo\/image\/","url":"https:\/\/www.24gliwice.pl\/wiadomosci\/wp-content\/uploads\/2024\/10\/24gliwice-logo-696.jpg","contentUrl":"https:\/\/www.24gliwice.pl\/wiadomosci\/wp-content\/uploads\/2024\/10\/24gliwice-logo-696.jpg","width":696,"height":696,"caption":"24gliwice"},"image":{"@id":"https:\/\/www.24gliwice.pl\/wiadomosci\/#\/schema\/logo\/image\/"},"sameAs":["https:\/\/www.facebook.com\/24gliwice","https:\/\/x.com\/24gliwice","https:\/\/www.youtube.com\/@24gliwice"]},{"@type":"Person","@id":"https:\/\/www.24gliwice.pl\/wiadomosci\/#\/schema\/person\/940e8f8a097e322de4f463f061ef8d45","name":"Micha\u0142 Szewczyk","image":{"@type":"ImageObject","inLanguage":"pl-PL","@id":"https:\/\/secure.gravatar.com\/avatar\/771b8b6c74cd8d255e46392d605e01a86133900ef09b6ef3c8d451c9d92288cf?s=96&d=mm&r=g","url":"https:\/\/secure.gravatar.com\/avatar\/771b8b6c74cd8d255e46392d605e01a86133900ef09b6ef3c8d451c9d92288cf?s=96&d=mm&r=g","contentUrl":"https:\/\/secure.gravatar.com\/avatar\/771b8b6c74cd8d255e46392d605e01a86133900ef09b6ef3c8d451c9d92288cf?s=96&d=mm&r=g","caption":"Micha\u0142 Szewczyk"},"sameAs":["http:\/\/www.gazeta-miejska.pl"],"url":"https:\/\/www.24gliwice.pl\/wiadomosci\/author\/michal-szewczyk\/"}]}},"_links":{"self":[{"href":"https:\/\/www.24gliwice.pl\/wiadomosci\/wp-json\/wp\/v2\/posts\/116241","targetHints":{"allow":["GET"]}}],"collection":[{"href":"https:\/\/www.24gliwice.pl\/wiadomosci\/wp-json\/wp\/v2\/posts"}],"about":[{"href":"https:\/\/www.24gliwice.pl\/wiadomosci\/wp-json\/wp\/v2\/types\/post"}],"author":[{"embeddable":true,"href":"https:\/\/www.24gliwice.pl\/wiadomosci\/wp-json\/wp\/v2\/users\/12"}],"replies":[{"embeddable":true,"href":"https:\/\/www.24gliwice.pl\/wiadomosci\/wp-json\/wp\/v2\/comments?post=116241"}],"version-history":[{"count":0,"href":"https:\/\/www.24gliwice.pl\/wiadomosci\/wp-json\/wp\/v2\/posts\/116241\/revisions"}],"wp:featuredmedia":[{"embeddable":true,"href":"https:\/\/www.24gliwice.pl\/wiadomosci\/wp-json\/wp\/v2\/media\/116691"}],"wp:attachment":[{"href":"https:\/\/www.24gliwice.pl\/wiadomosci\/wp-json\/wp\/v2\/media?parent=116241"}],"wp:term":[{"taxonomy":"category","embeddable":true,"href":"https:\/\/www.24gliwice.pl\/wiadomosci\/wp-json\/wp\/v2\/categories?post=116241"},{"taxonomy":"post_tag","embeddable":true,"href":"https:\/\/www.24gliwice.pl\/wiadomosci\/wp-json\/wp\/v2\/tags?post=116241"}],"curies":[{"name":"wp","href":"https:\/\/api.w.org\/{rel}","templated":true}]}}