{"id":116431,"date":"2018-04-27T00:58:55","date_gmt":"2018-04-26T22:58:55","guid":{"rendered":"https:\/\/www.24gliwice.pl\/wiadomosci\/?p=116431"},"modified":"2018-04-27T00:58:55","modified_gmt":"2018-04-26T22:58:55","slug":"w-parku-chopina-powstanie-miejsce-do-coworkingu-inwestycja-wybrana-glosami-mieszkancow","status":"publish","type":"post","link":"https:\/\/www.24gliwice.pl\/wiadomosci\/w-parku-chopina-powstanie-miejsce-do-coworkingu-inwestycja-wybrana-glosami-mieszkancow\/","title":{"rendered":"W Parku Chopina powstanie miejsce do coworkingu. Inwestycja wybrana g\u0142osami mieszka\u0144c\u00f3w"},"content":{"rendered":"<div class=\"gliwi-a6-nad-leadem-artykulow gliwi-entity-placement\" id=\"gliwi-3808392496\"><div class=\"gliwi-adlabel\"><span style=\"font-size: 9px\">REKLAMA<\/span><\/div><div id=\"gliwi-1343258686\" style=\"margin-bottom: 30px;margin-left: auto;margin-right: auto;text-align: center;\"><a data-no-instant=\"1\" href=\"https:\/\/przedszkole.halogen.org.pl\/\" rel=\"noopener\" class=\"a2t-link\" target=\"_blank\" aria-label=\"20260402-ANIMATOR-przedszkole_grafika_750x200\"><img loading=\"lazy\" decoding=\"async\" src=\"https:\/\/www.24gliwice.pl\/wiadomosci\/wp-content\/uploads\/2026\/04\/20260402-ANIMATOR-przedszkole_grafika_750x200.webp\" alt=\"\"  srcset=\"https:\/\/www.24gliwice.pl\/wiadomosci\/wp-content\/uploads\/2026\/04\/20260402-ANIMATOR-przedszkole_grafika_750x200.webp 750w, https:\/\/www.24gliwice.pl\/wiadomosci\/wp-content\/uploads\/2026\/04\/20260402-ANIMATOR-przedszkole_grafika_750x200-410x109.webp 410w\" sizes=\"(max-width: 750px) 100vw, 750px\" class=\"no-lazyload\" width=\"750\" height=\"200\"  style=\"display: inline-block; max-width: 100%; height: auto;\" \/><\/a><\/div><\/div><h3>W Gliwicach powstaj\u0105 kolejne miejsca pracy we wsp\u00f3lnej przestrzeni. Ostatnio stref\u0119 coworkingu rozbudowano w Technoparku, kolejn\u0105, w parku Chopina, ma zorganizowa\u0107 Miejski Zarz\u0105d Us\u0142ug Komunalnych.<\/h3>\n<p>Coworking polega na indywidualnej lub wsp\u00f3lnej pracy w wynaj\u0119tym pomieszczeniu. Najcz\u0119\u015bciej z takiego rozwi\u0105zania korzystaj\u0105 freelancerzy, kt\u00f3rzy zamiast pracy w czterech \u015bcianach w\u0142asnego domu czy mieszkania wol\u0105 realizowa\u0107 projekty i zam\u00f3wienia w towarzystwie innych kreatywnych ludzi. Zapewnia im to spokojn\u0105, ale nie samotn\u0105 prac\u0119.<\/p>\n[perfectpullquote align=&#8221;full&#8221; bordertop=&#8221;false&#8221; cite=&#8221;&#8221; link=&#8221;&#8221; color=&#8221;&#8221; class=&#8221;&#8221; size=&#8221;&#8221;]Centra coworkingowe ciesz\u0105 si\u0119 coraz wi\u0119ksz\u0105 popularno\u015bci\u0105 i powstaje ich coraz wi\u0119cej. [\/perfectpullquote]\n<p>\u2013 To ciekawa perspektywa dla m\u0142odych i samodzielnych przedsi\u0119biorc\u00f3w oraz os\u00f3b, kt\u00f3re rozpoczynaj\u0105 przygod\u0119 w biznesie. Strefa coworkingowa dzia\u0142a w gliwickim Technoparku od 2015 r. W marcu oddali\u015bmy do u\u017cytku dodatkow\u0105 cz\u0119\u015b\u0107 i obecnie w nowoczesnych pomieszczeniach mamy do dyspozycji 25 miejsc \u2013 t\u0142umaczy <strong>Jacek Kotra<\/strong>, dyrektor Parku Naukowo-Technologicznego \u201eTECHNOPARK GLIWICE\u201d.<\/p><div class=\"gliwi-a3-w-tresci-artykulow gliwi-entity-placement\" id=\"gliwi-181750730\"><div class=\"gliwi-adlabel\"><span style=\"font-size: 9px\">REKLAMA<\/span><\/div><div id=\"gliwi-2506551897\" style=\"margin-bottom: 30px;margin-left: auto;margin-right: auto;text-align: center;\"><a data-no-instant=\"1\" href=\"https:\/\/ogrodyandersa.pl\/\" rel=\"noopener\" class=\"a2t-link\" target=\"_blank\" aria-label=\"20260415 Ogrody Andersa KUP TERAZ D\"><img loading=\"lazy\" decoding=\"async\" src=\"https:\/\/www.24gliwice.pl\/wiadomosci\/wp-content\/uploads\/2026\/04\/20260415-Ogrody-Andersa-KUP-TERAZ-D.jpg\" alt=\"\"  srcset=\"https:\/\/www.24gliwice.pl\/wiadomosci\/wp-content\/uploads\/2026\/04\/20260415-Ogrody-Andersa-KUP-TERAZ-D.jpg 750w, https:\/\/www.24gliwice.pl\/wiadomosci\/wp-content\/uploads\/2026\/04\/20260415-Ogrody-Andersa-KUP-TERAZ-D-410x109.jpg 410w\" sizes=\"(max-width: 750px) 100vw, 750px\" class=\"no-lazyload\" width=\"750\" height=\"200\"  style=\"display: inline-block; max-width: 100%; height: auto;\" \/><\/a><\/div><\/div>\n<p>Ka\u017cda z os\u00f3b korzystaj\u0105cych z coworkingu w gliwickim Technoparku ma do dyspozycji biurko z dost\u0119pem do internetu, bezp\u0142atnie u\u017cyczan\u0105 sal\u0119 do spotka\u0144 z klientami, miejsce do relaksu oraz mo\u017cliwo\u015b\u0107 korzystania z organizowanych w Technoparku wydarze\u0144 i konferencji, a tak\u017ce spotka\u0144 networkingowych. Wi\u0119cej informacji mo\u017cna znale\u017a\u0107 na stronie <a href=\"http:\/\/www.technopark.gliwice.pl\/coworking\" target=\"_blank\" rel=\"noopener\">www.technopark.gliwice.pl\/coworking<\/a>.<\/p>\n<p>Podobna przestrze\u0144 \u2013 miejsce do wsp\u00f3lnej pracy kilkunastu os\u00f3b \u2013 powstanie r\u00f3wnie\u017c w parku Chopina. Pod zadaszeniem zostan\u0105 zamontowane sto\u0142y i \u0142awki z dost\u0119pem do energii elektrycznej oraz hotspot.<\/p>\n<p>Inwestycja zostanie zrealizowana jeszcze w tym roku, w ramach Gliwickiego Bud\u017cetu Obywatelskiego.<\/p>\n<p>(\u017cms)\/UM(mf)<\/p>\n<div class=\"gliwi-a5-na-koncu-artykulow gliwi-entity-placement\" id=\"gliwi-3942676520\"><div class=\"gliwi-adlabel\"><span style=\"font-size: 9px\">REKLAMA<\/span><\/div><div id=\"gliwi-1320785744\" style=\"margin-left: auto;margin-right: auto;text-align: center;\"><a data-no-instant=\"1\" href=\"https:\/\/prezeroarenagliwice.pl\/\" rel=\"noopener\" class=\"a2t-link\" target=\"_blank\" aria-label=\"20260309-PREZERO-WIOSNA-D\"><img loading=\"lazy\" decoding=\"async\" src=\"https:\/\/www.24gliwice.pl\/wiadomosci\/wp-content\/uploads\/2026\/03\/20260309-PREZERO-WIOSNA-D.webp\" alt=\"\"  srcset=\"https:\/\/www.24gliwice.pl\/wiadomosci\/wp-content\/uploads\/2026\/03\/20260309-PREZERO-WIOSNA-D.webp 750w, https:\/\/www.24gliwice.pl\/wiadomosci\/wp-content\/uploads\/2026\/03\/20260309-PREZERO-WIOSNA-D-410x109.webp 410w\" sizes=\"(max-width: 750px) 100vw, 750px\" class=\"no-lazyload\" width=\"750\" height=\"200\"  style=\"display: inline-block; max-width: 100%; height: auto;\" \/><\/a><\/div><\/div>","protected":false},"excerpt":{"rendered":"<p>W Gliwicach powstaj\u0105 kolejne miejsca pracy we wsp\u00f3lnej przestrzeni. Ostatnio stref\u0119 coworkingu rozbudowano w Technoparku, kolejn\u0105, w parku Chopina, ma zorganizowa\u0107 Miejski Zarz\u0105d Us\u0142ug Komunalnych. Coworking polega na indywidualnej lub wsp\u00f3lnej pracy w wynaj\u0119tym pomieszczeniu. Najcz\u0119\u015bciej z takiego rozwi\u0105zania korzystaj\u0105 freelancerzy, kt\u00f3rzy zamiast pracy w czterech \u015bcianach w\u0142asnego domu czy mieszkania wol\u0105 realizowa\u0107 projekty i [&hellip;]<\/p>\n","protected":false},"author":15,"featured_media":116438,"comment_status":"open","ping_status":"closed","sticky":false,"template":"","format":"standard","meta":{"_monsterinsights_skip_tracking":false,"_monsterinsights_sitenote_active":false,"_monsterinsights_sitenote_note":"","_monsterinsights_sitenote_category":0,"footnotes":"","_links_to":"","_links_to_target":""},"categories":[3,1],"tags":[4408,11022,257,3140],"class_list":["post-116431","post","type-post","status-publish","format-standard","has-post-thumbnail","hentry","category-gliwice","category-wszystko","tag-budzet-obywatelski","tag-glosowanie","tag-mzuk","tag-park-chopina"],"yoast_head":"<!-- This site is optimized with the Yoast SEO plugin v27.5 - https:\/\/yoast.com\/product\/yoast-seo-wordpress\/ -->\n<title>W Parku Chopina powstanie miejsce do coworkingu. Inwestycja wybrana g\u0142osami mieszka\u0144c\u00f3w - 24GLIWICE - Portal Gliwice | codziennie nowe informacje<\/title>\n<meta name=\"robots\" content=\"index, follow, max-snippet:-1, max-image-preview:large, max-video-preview:-1\" \/>\n<link rel=\"canonical\" href=\"https:\/\/www.24gliwice.pl\/wiadomosci\/w-parku-chopina-powstanie-miejsce-do-coworkingu-inwestycja-wybrana-glosami-mieszkancow\/\" \/>\n<meta property=\"og:locale\" content=\"pl_PL\" \/>\n<meta property=\"og:type\" content=\"article\" \/>\n<meta property=\"og:title\" content=\"W Parku Chopina powstanie miejsce do coworkingu. Inwestycja wybrana g\u0142osami mieszka\u0144c\u00f3w - 24GLIWICE - Portal Gliwice | codziennie nowe informacje\" \/>\n<meta property=\"og:description\" content=\"W Gliwicach powstaj\u0105 kolejne miejsca pracy we wsp\u00f3lnej przestrzeni. Ostatnio stref\u0119 coworkingu rozbudowano w Technoparku, kolejn\u0105, w parku Chopina, ma zorganizowa\u0107 Miejski Zarz\u0105d Us\u0142ug Komunalnych. Coworking polega na indywidualnej lub wsp\u00f3lnej pracy w wynaj\u0119tym pomieszczeniu. Najcz\u0119\u015bciej z takiego rozwi\u0105zania korzystaj\u0105 freelancerzy, kt\u00f3rzy zamiast pracy w czterech \u015bcianach w\u0142asnego domu czy mieszkania wol\u0105 realizowa\u0107 projekty i [&hellip;]\" \/>\n<meta property=\"og:url\" content=\"https:\/\/www.24gliwice.pl\/wiadomosci\/w-parku-chopina-powstanie-miejsce-do-coworkingu-inwestycja-wybrana-glosami-mieszkancow\/\" \/>\n<meta property=\"og:site_name\" content=\"24GLIWICE - Portal Gliwice | codziennie nowe informacje\" \/>\n<meta property=\"article:publisher\" content=\"https:\/\/www.facebook.com\/24gliwice\" \/>\n<meta property=\"article:published_time\" content=\"2018-04-26T22:58:55+00:00\" \/>\n<meta property=\"og:image\" content=\"https:\/\/www.24gliwice.pl\/wiadomosci\/wp-content\/uploads\/2018\/04\/park-chopina.jpg\" \/>\n\t<meta property=\"og:image:width\" content=\"1591\" \/>\n\t<meta property=\"og:image:height\" content=\"999\" \/>\n\t<meta property=\"og:image:type\" content=\"image\/jpeg\" \/>\n<meta name=\"author\" content=\"\u017baneta Mrozek-Siewierska\" \/>\n<meta name=\"twitter:card\" content=\"summary_large_image\" \/>\n<meta name=\"twitter:creator\" content=\"@24gliwice\" \/>\n<meta name=\"twitter:site\" content=\"@24gliwice\" \/>\n<meta name=\"twitter:label1\" content=\"Napisane przez\" \/>\n\t<meta name=\"twitter:data1\" content=\"\u017baneta Mrozek-Siewierska\" \/>\n\t<meta name=\"twitter:label2\" content=\"Szacowany czas czytania\" \/>\n\t<meta name=\"twitter:data2\" content=\"1 minuta\" \/>\n<script type=\"application\/ld+json\" class=\"yoast-schema-graph\">{\"@context\":\"https:\\\/\\\/schema.org\",\"@graph\":[{\"@type\":\"Article\",\"@id\":\"https:\\\/\\\/www.24gliwice.pl\\\/wiadomosci\\\/w-parku-chopina-powstanie-miejsce-do-coworkingu-inwestycja-wybrana-glosami-mieszkancow\\\/#article\",\"isPartOf\":{\"@id\":\"https:\\\/\\\/www.24gliwice.pl\\\/wiadomosci\\\/w-parku-chopina-powstanie-miejsce-do-coworkingu-inwestycja-wybrana-glosami-mieszkancow\\\/\"},\"author\":{\"name\":\"\u017baneta Mrozek-Siewierska\",\"@id\":\"https:\\\/\\\/www.24gliwice.pl\\\/wiadomosci\\\/#\\\/schema\\\/person\\\/e42c650edd7f2fa332be3811fb166b6e\"},\"headline\":\"W Parku Chopina powstanie miejsce do coworkingu. Inwestycja wybrana g\u0142osami mieszka\u0144c\u00f3w\",\"datePublished\":\"2018-04-26T22:58:55+00:00\",\"mainEntityOfPage\":{\"@id\":\"https:\\\/\\\/www.24gliwice.pl\\\/wiadomosci\\\/w-parku-chopina-powstanie-miejsce-do-coworkingu-inwestycja-wybrana-glosami-mieszkancow\\\/\"},\"wordCount\":285,\"commentCount\":0,\"publisher\":{\"@id\":\"https:\\\/\\\/www.24gliwice.pl\\\/wiadomosci\\\/#organization\"},\"image\":{\"@id\":\"https:\\\/\\\/www.24gliwice.pl\\\/wiadomosci\\\/w-parku-chopina-powstanie-miejsce-do-coworkingu-inwestycja-wybrana-glosami-mieszkancow\\\/#primaryimage\"},\"thumbnailUrl\":\"https:\\\/\\\/www.24gliwice.pl\\\/wiadomosci\\\/wp-content\\\/uploads\\\/2018\\\/04\\\/park-chopina.jpg\",\"keywords\":[\"BUD\u017bET OBYWATELSKI\",\"G\u0141OSOWANIE\",\"MZUK\",\"PARK CHOPINA\"],\"articleSection\":[\"Gliwice\",\"Najnowsze wiadomo\u015bci\"],\"inLanguage\":\"pl-PL\",\"potentialAction\":[{\"@type\":\"CommentAction\",\"name\":\"Comment\",\"target\":[\"https:\\\/\\\/www.24gliwice.pl\\\/wiadomosci\\\/w-parku-chopina-powstanie-miejsce-do-coworkingu-inwestycja-wybrana-glosami-mieszkancow\\\/#respond\"]}]},{\"@type\":\"WebPage\",\"@id\":\"https:\\\/\\\/www.24gliwice.pl\\\/wiadomosci\\\/w-parku-chopina-powstanie-miejsce-do-coworkingu-inwestycja-wybrana-glosami-mieszkancow\\\/\",\"url\":\"https:\\\/\\\/www.24gliwice.pl\\\/wiadomosci\\\/w-parku-chopina-powstanie-miejsce-do-coworkingu-inwestycja-wybrana-glosami-mieszkancow\\\/\",\"name\":\"W Parku Chopina powstanie miejsce do coworkingu. Inwestycja wybrana g\u0142osami mieszka\u0144c\u00f3w - 24GLIWICE - Portal Gliwice | codziennie nowe informacje\",\"isPartOf\":{\"@id\":\"https:\\\/\\\/www.24gliwice.pl\\\/wiadomosci\\\/#website\"},\"primaryImageOfPage\":{\"@id\":\"https:\\\/\\\/www.24gliwice.pl\\\/wiadomosci\\\/w-parku-chopina-powstanie-miejsce-do-coworkingu-inwestycja-wybrana-glosami-mieszkancow\\\/#primaryimage\"},\"image\":{\"@id\":\"https:\\\/\\\/www.24gliwice.pl\\\/wiadomosci\\\/w-parku-chopina-powstanie-miejsce-do-coworkingu-inwestycja-wybrana-glosami-mieszkancow\\\/#primaryimage\"},\"thumbnailUrl\":\"https:\\\/\\\/www.24gliwice.pl\\\/wiadomosci\\\/wp-content\\\/uploads\\\/2018\\\/04\\\/park-chopina.jpg\",\"datePublished\":\"2018-04-26T22:58:55+00:00\",\"breadcrumb\":{\"@id\":\"https:\\\/\\\/www.24gliwice.pl\\\/wiadomosci\\\/w-parku-chopina-powstanie-miejsce-do-coworkingu-inwestycja-wybrana-glosami-mieszkancow\\\/#breadcrumb\"},\"inLanguage\":\"pl-PL\",\"potentialAction\":[{\"@type\":\"ReadAction\",\"target\":[\"https:\\\/\\\/www.24gliwice.pl\\\/wiadomosci\\\/w-parku-chopina-powstanie-miejsce-do-coworkingu-inwestycja-wybrana-glosami-mieszkancow\\\/\"]}]},{\"@type\":\"ImageObject\",\"inLanguage\":\"pl-PL\",\"@id\":\"https:\\\/\\\/www.24gliwice.pl\\\/wiadomosci\\\/w-parku-chopina-powstanie-miejsce-do-coworkingu-inwestycja-wybrana-glosami-mieszkancow\\\/#primaryimage\",\"url\":\"https:\\\/\\\/www.24gliwice.pl\\\/wiadomosci\\\/wp-content\\\/uploads\\\/2018\\\/04\\\/park-chopina.jpg\",\"contentUrl\":\"https:\\\/\\\/www.24gliwice.pl\\\/wiadomosci\\\/wp-content\\\/uploads\\\/2018\\\/04\\\/park-chopina.jpg\",\"width\":1591,\"height\":999},{\"@type\":\"BreadcrumbList\",\"@id\":\"https:\\\/\\\/www.24gliwice.pl\\\/wiadomosci\\\/w-parku-chopina-powstanie-miejsce-do-coworkingu-inwestycja-wybrana-glosami-mieszkancow\\\/#breadcrumb\",\"itemListElement\":[{\"@type\":\"ListItem\",\"position\":1,\"name\":\"Strona g\u0142\u00f3wna\",\"item\":\"https:\\\/\\\/www.24gliwice.pl\\\/wiadomosci\\\/\"},{\"@type\":\"ListItem\",\"position\":2,\"name\":\"W Parku Chopina powstanie miejsce do coworkingu. Inwestycja wybrana g\u0142osami mieszka\u0144c\u00f3w\"}]},{\"@type\":\"WebSite\",\"@id\":\"https:\\\/\\\/www.24gliwice.pl\\\/wiadomosci\\\/#website\",\"url\":\"https:\\\/\\\/www.24gliwice.pl\\\/wiadomosci\\\/\",\"name\":\"24GLIWICE - Portal Gliwice | codziennie nowe wiadomo\u015bci\",\"description\":\"Portal Miejski Gliwice\",\"publisher\":{\"@id\":\"https:\\\/\\\/www.24gliwice.pl\\\/wiadomosci\\\/#organization\"},\"potentialAction\":[{\"@type\":\"SearchAction\",\"target\":{\"@type\":\"EntryPoint\",\"urlTemplate\":\"https:\\\/\\\/www.24gliwice.pl\\\/wiadomosci\\\/?s={search_term_string}\"},\"query-input\":{\"@type\":\"PropertyValueSpecification\",\"valueRequired\":true,\"valueName\":\"search_term_string\"}}],\"inLanguage\":\"pl-PL\"},{\"@type\":\"Organization\",\"@id\":\"https:\\\/\\\/www.24gliwice.pl\\\/wiadomosci\\\/#organization\",\"name\":\"24gliwice\",\"url\":\"https:\\\/\\\/www.24gliwice.pl\\\/wiadomosci\\\/\",\"logo\":{\"@type\":\"ImageObject\",\"inLanguage\":\"pl-PL\",\"@id\":\"https:\\\/\\\/www.24gliwice.pl\\\/wiadomosci\\\/#\\\/schema\\\/logo\\\/image\\\/\",\"url\":\"https:\\\/\\\/www.24gliwice.pl\\\/wiadomosci\\\/wp-content\\\/uploads\\\/2024\\\/10\\\/24gliwice-logo-696.jpg\",\"contentUrl\":\"https:\\\/\\\/www.24gliwice.pl\\\/wiadomosci\\\/wp-content\\\/uploads\\\/2024\\\/10\\\/24gliwice-logo-696.jpg\",\"width\":696,\"height\":696,\"caption\":\"24gliwice\"},\"image\":{\"@id\":\"https:\\\/\\\/www.24gliwice.pl\\\/wiadomosci\\\/#\\\/schema\\\/logo\\\/image\\\/\"},\"sameAs\":[\"https:\\\/\\\/www.facebook.com\\\/24gliwice\",\"https:\\\/\\\/x.com\\\/24gliwice\",\"https:\\\/\\\/www.youtube.com\\\/@24gliwice\"]},{\"@type\":\"Person\",\"@id\":\"https:\\\/\\\/www.24gliwice.pl\\\/wiadomosci\\\/#\\\/schema\\\/person\\\/e42c650edd7f2fa332be3811fb166b6e\",\"name\":\"\u017baneta Mrozek-Siewierska\",\"image\":{\"@type\":\"ImageObject\",\"inLanguage\":\"pl-PL\",\"@id\":\"https:\\\/\\\/secure.gravatar.com\\\/avatar\\\/1881429e9c64597c77ad7aef2d0a19be69a3253e57534d16aa15bf3a4d34a0a3?s=96&d=mm&r=g\",\"url\":\"https:\\\/\\\/secure.gravatar.com\\\/avatar\\\/1881429e9c64597c77ad7aef2d0a19be69a3253e57534d16aa15bf3a4d34a0a3?s=96&d=mm&r=g\",\"contentUrl\":\"https:\\\/\\\/secure.gravatar.com\\\/avatar\\\/1881429e9c64597c77ad7aef2d0a19be69a3253e57534d16aa15bf3a4d34a0a3?s=96&d=mm&r=g\",\"caption\":\"\u017baneta Mrozek-Siewierska\"},\"url\":\"https:\\\/\\\/www.24gliwice.pl\\\/wiadomosci\\\/author\\\/zms\\\/\"}]}<\/script>\n<!-- \/ Yoast SEO plugin. -->","yoast_head_json":{"title":"W Parku Chopina powstanie miejsce do coworkingu. Inwestycja wybrana g\u0142osami mieszka\u0144c\u00f3w - 24GLIWICE - Portal Gliwice | codziennie nowe informacje","robots":{"index":"index","follow":"follow","max-snippet":"max-snippet:-1","max-image-preview":"max-image-preview:large","max-video-preview":"max-video-preview:-1"},"canonical":"https:\/\/www.24gliwice.pl\/wiadomosci\/w-parku-chopina-powstanie-miejsce-do-coworkingu-inwestycja-wybrana-glosami-mieszkancow\/","og_locale":"pl_PL","og_type":"article","og_title":"W Parku Chopina powstanie miejsce do coworkingu. Inwestycja wybrana g\u0142osami mieszka\u0144c\u00f3w - 24GLIWICE - Portal Gliwice | codziennie nowe informacje","og_description":"W Gliwicach powstaj\u0105 kolejne miejsca pracy we wsp\u00f3lnej przestrzeni. Ostatnio stref\u0119 coworkingu rozbudowano w Technoparku, kolejn\u0105, w parku Chopina, ma zorganizowa\u0107 Miejski Zarz\u0105d Us\u0142ug Komunalnych. Coworking polega na indywidualnej lub wsp\u00f3lnej pracy w wynaj\u0119tym pomieszczeniu. Najcz\u0119\u015bciej z takiego rozwi\u0105zania korzystaj\u0105 freelancerzy, kt\u00f3rzy zamiast pracy w czterech \u015bcianach w\u0142asnego domu czy mieszkania wol\u0105 realizowa\u0107 projekty i [&hellip;]","og_url":"https:\/\/www.24gliwice.pl\/wiadomosci\/w-parku-chopina-powstanie-miejsce-do-coworkingu-inwestycja-wybrana-glosami-mieszkancow\/","og_site_name":"24GLIWICE - Portal Gliwice | codziennie nowe informacje","article_publisher":"https:\/\/www.facebook.com\/24gliwice","article_published_time":"2018-04-26T22:58:55+00:00","og_image":[{"width":1591,"height":999,"url":"https:\/\/www.24gliwice.pl\/wiadomosci\/wp-content\/uploads\/2018\/04\/park-chopina.jpg","type":"image\/jpeg"}],"author":"\u017baneta Mrozek-Siewierska","twitter_card":"summary_large_image","twitter_creator":"@24gliwice","twitter_site":"@24gliwice","twitter_misc":{"Napisane przez":"\u017baneta Mrozek-Siewierska","Szacowany czas czytania":"1 minuta"},"schema":{"@context":"https:\/\/schema.org","@graph":[{"@type":"Article","@id":"https:\/\/www.24gliwice.pl\/wiadomosci\/w-parku-chopina-powstanie-miejsce-do-coworkingu-inwestycja-wybrana-glosami-mieszkancow\/#article","isPartOf":{"@id":"https:\/\/www.24gliwice.pl\/wiadomosci\/w-parku-chopina-powstanie-miejsce-do-coworkingu-inwestycja-wybrana-glosami-mieszkancow\/"},"author":{"name":"\u017baneta Mrozek-Siewierska","@id":"https:\/\/www.24gliwice.pl\/wiadomosci\/#\/schema\/person\/e42c650edd7f2fa332be3811fb166b6e"},"headline":"W Parku Chopina powstanie miejsce do coworkingu. Inwestycja wybrana g\u0142osami mieszka\u0144c\u00f3w","datePublished":"2018-04-26T22:58:55+00:00","mainEntityOfPage":{"@id":"https:\/\/www.24gliwice.pl\/wiadomosci\/w-parku-chopina-powstanie-miejsce-do-coworkingu-inwestycja-wybrana-glosami-mieszkancow\/"},"wordCount":285,"commentCount":0,"publisher":{"@id":"https:\/\/www.24gliwice.pl\/wiadomosci\/#organization"},"image":{"@id":"https:\/\/www.24gliwice.pl\/wiadomosci\/w-parku-chopina-powstanie-miejsce-do-coworkingu-inwestycja-wybrana-glosami-mieszkancow\/#primaryimage"},"thumbnailUrl":"https:\/\/www.24gliwice.pl\/wiadomosci\/wp-content\/uploads\/2018\/04\/park-chopina.jpg","keywords":["BUD\u017bET OBYWATELSKI","G\u0141OSOWANIE","MZUK","PARK CHOPINA"],"articleSection":["Gliwice","Najnowsze wiadomo\u015bci"],"inLanguage":"pl-PL","potentialAction":[{"@type":"CommentAction","name":"Comment","target":["https:\/\/www.24gliwice.pl\/wiadomosci\/w-parku-chopina-powstanie-miejsce-do-coworkingu-inwestycja-wybrana-glosami-mieszkancow\/#respond"]}]},{"@type":"WebPage","@id":"https:\/\/www.24gliwice.pl\/wiadomosci\/w-parku-chopina-powstanie-miejsce-do-coworkingu-inwestycja-wybrana-glosami-mieszkancow\/","url":"https:\/\/www.24gliwice.pl\/wiadomosci\/w-parku-chopina-powstanie-miejsce-do-coworkingu-inwestycja-wybrana-glosami-mieszkancow\/","name":"W Parku Chopina powstanie miejsce do coworkingu. Inwestycja wybrana g\u0142osami mieszka\u0144c\u00f3w - 24GLIWICE - Portal Gliwice | codziennie nowe informacje","isPartOf":{"@id":"https:\/\/www.24gliwice.pl\/wiadomosci\/#website"},"primaryImageOfPage":{"@id":"https:\/\/www.24gliwice.pl\/wiadomosci\/w-parku-chopina-powstanie-miejsce-do-coworkingu-inwestycja-wybrana-glosami-mieszkancow\/#primaryimage"},"image":{"@id":"https:\/\/www.24gliwice.pl\/wiadomosci\/w-parku-chopina-powstanie-miejsce-do-coworkingu-inwestycja-wybrana-glosami-mieszkancow\/#primaryimage"},"thumbnailUrl":"https:\/\/www.24gliwice.pl\/wiadomosci\/wp-content\/uploads\/2018\/04\/park-chopina.jpg","datePublished":"2018-04-26T22:58:55+00:00","breadcrumb":{"@id":"https:\/\/www.24gliwice.pl\/wiadomosci\/w-parku-chopina-powstanie-miejsce-do-coworkingu-inwestycja-wybrana-glosami-mieszkancow\/#breadcrumb"},"inLanguage":"pl-PL","potentialAction":[{"@type":"ReadAction","target":["https:\/\/www.24gliwice.pl\/wiadomosci\/w-parku-chopina-powstanie-miejsce-do-coworkingu-inwestycja-wybrana-glosami-mieszkancow\/"]}]},{"@type":"ImageObject","inLanguage":"pl-PL","@id":"https:\/\/www.24gliwice.pl\/wiadomosci\/w-parku-chopina-powstanie-miejsce-do-coworkingu-inwestycja-wybrana-glosami-mieszkancow\/#primaryimage","url":"https:\/\/www.24gliwice.pl\/wiadomosci\/wp-content\/uploads\/2018\/04\/park-chopina.jpg","contentUrl":"https:\/\/www.24gliwice.pl\/wiadomosci\/wp-content\/uploads\/2018\/04\/park-chopina.jpg","width":1591,"height":999},{"@type":"BreadcrumbList","@id":"https:\/\/www.24gliwice.pl\/wiadomosci\/w-parku-chopina-powstanie-miejsce-do-coworkingu-inwestycja-wybrana-glosami-mieszkancow\/#breadcrumb","itemListElement":[{"@type":"ListItem","position":1,"name":"Strona g\u0142\u00f3wna","item":"https:\/\/www.24gliwice.pl\/wiadomosci\/"},{"@type":"ListItem","position":2,"name":"W Parku Chopina powstanie miejsce do coworkingu. Inwestycja wybrana g\u0142osami mieszka\u0144c\u00f3w"}]},{"@type":"WebSite","@id":"https:\/\/www.24gliwice.pl\/wiadomosci\/#website","url":"https:\/\/www.24gliwice.pl\/wiadomosci\/","name":"24GLIWICE - Portal Gliwice | codziennie nowe wiadomo\u015bci","description":"Portal Miejski Gliwice","publisher":{"@id":"https:\/\/www.24gliwice.pl\/wiadomosci\/#organization"},"potentialAction":[{"@type":"SearchAction","target":{"@type":"EntryPoint","urlTemplate":"https:\/\/www.24gliwice.pl\/wiadomosci\/?s={search_term_string}"},"query-input":{"@type":"PropertyValueSpecification","valueRequired":true,"valueName":"search_term_string"}}],"inLanguage":"pl-PL"},{"@type":"Organization","@id":"https:\/\/www.24gliwice.pl\/wiadomosci\/#organization","name":"24gliwice","url":"https:\/\/www.24gliwice.pl\/wiadomosci\/","logo":{"@type":"ImageObject","inLanguage":"pl-PL","@id":"https:\/\/www.24gliwice.pl\/wiadomosci\/#\/schema\/logo\/image\/","url":"https:\/\/www.24gliwice.pl\/wiadomosci\/wp-content\/uploads\/2024\/10\/24gliwice-logo-696.jpg","contentUrl":"https:\/\/www.24gliwice.pl\/wiadomosci\/wp-content\/uploads\/2024\/10\/24gliwice-logo-696.jpg","width":696,"height":696,"caption":"24gliwice"},"image":{"@id":"https:\/\/www.24gliwice.pl\/wiadomosci\/#\/schema\/logo\/image\/"},"sameAs":["https:\/\/www.facebook.com\/24gliwice","https:\/\/x.com\/24gliwice","https:\/\/www.youtube.com\/@24gliwice"]},{"@type":"Person","@id":"https:\/\/www.24gliwice.pl\/wiadomosci\/#\/schema\/person\/e42c650edd7f2fa332be3811fb166b6e","name":"\u017baneta Mrozek-Siewierska","image":{"@type":"ImageObject","inLanguage":"pl-PL","@id":"https:\/\/secure.gravatar.com\/avatar\/1881429e9c64597c77ad7aef2d0a19be69a3253e57534d16aa15bf3a4d34a0a3?s=96&d=mm&r=g","url":"https:\/\/secure.gravatar.com\/avatar\/1881429e9c64597c77ad7aef2d0a19be69a3253e57534d16aa15bf3a4d34a0a3?s=96&d=mm&r=g","contentUrl":"https:\/\/secure.gravatar.com\/avatar\/1881429e9c64597c77ad7aef2d0a19be69a3253e57534d16aa15bf3a4d34a0a3?s=96&d=mm&r=g","caption":"\u017baneta Mrozek-Siewierska"},"url":"https:\/\/www.24gliwice.pl\/wiadomosci\/author\/zms\/"}]}},"_links":{"self":[{"href":"https:\/\/www.24gliwice.pl\/wiadomosci\/wp-json\/wp\/v2\/posts\/116431","targetHints":{"allow":["GET"]}}],"collection":[{"href":"https:\/\/www.24gliwice.pl\/wiadomosci\/wp-json\/wp\/v2\/posts"}],"about":[{"href":"https:\/\/www.24gliwice.pl\/wiadomosci\/wp-json\/wp\/v2\/types\/post"}],"author":[{"embeddable":true,"href":"https:\/\/www.24gliwice.pl\/wiadomosci\/wp-json\/wp\/v2\/users\/15"}],"replies":[{"embeddable":true,"href":"https:\/\/www.24gliwice.pl\/wiadomosci\/wp-json\/wp\/v2\/comments?post=116431"}],"version-history":[{"count":0,"href":"https:\/\/www.24gliwice.pl\/wiadomosci\/wp-json\/wp\/v2\/posts\/116431\/revisions"}],"wp:featuredmedia":[{"embeddable":true,"href":"https:\/\/www.24gliwice.pl\/wiadomosci\/wp-json\/wp\/v2\/media\/116438"}],"wp:attachment":[{"href":"https:\/\/www.24gliwice.pl\/wiadomosci\/wp-json\/wp\/v2\/media?parent=116431"}],"wp:term":[{"taxonomy":"category","embeddable":true,"href":"https:\/\/www.24gliwice.pl\/wiadomosci\/wp-json\/wp\/v2\/categories?post=116431"},{"taxonomy":"post_tag","embeddable":true,"href":"https:\/\/www.24gliwice.pl\/wiadomosci\/wp-json\/wp\/v2\/tags?post=116431"}],"curies":[{"name":"wp","href":"https:\/\/api.w.org\/{rel}","templated":true}]}}