{"id":116446,"date":"2018-04-27T18:37:16","date_gmt":"2018-04-27T16:37:16","guid":{"rendered":"https:\/\/www.24gliwice.pl\/wiadomosci\/?p=116446"},"modified":"2018-04-27T18:48:58","modified_gmt":"2018-04-27T16:48:58","slug":"woda-i-odprowadzenie-sciekow-podrozeje-o-9-podwyzka-taryfy-rozlozona-na-trzy-lata","status":"publish","type":"post","link":"https:\/\/www.24gliwice.pl\/wiadomosci\/woda-i-odprowadzenie-sciekow-podrozeje-o-9-podwyzka-taryfy-rozlozona-na-trzy-lata\/","title":{"rendered":"Woda i odprowadzenie \u015bciek\u00f3w podro\u017cej\u0105 o ok. 9%. Podwy\u017cka taryfy roz\u0142o\u017cona na trzy lata"},"content":{"rendered":"<div class=\"gliwi-a6-nad-leadem-artykulow gliwi-entity-placement\" id=\"gliwi-1089482745\"><div class=\"gliwi-adlabel\"><span style=\"font-size: 9px\">REKLAMA<\/span><\/div><div id=\"gliwi-2709239278\" style=\"margin-bottom: 30px;margin-left: auto;margin-right: auto;text-align: center;\"><a data-no-instant=\"1\" href=\"https:\/\/przedszkole.halogen.org.pl\/\" rel=\"noopener\" class=\"a2t-link\" target=\"_blank\" aria-label=\"20260402-ANIMATOR-przedszkole_grafika_750x200\"><img loading=\"lazy\" decoding=\"async\" src=\"https:\/\/www.24gliwice.pl\/wiadomosci\/wp-content\/uploads\/2026\/04\/20260402-ANIMATOR-przedszkole_grafika_750x200.webp\" alt=\"\"  srcset=\"https:\/\/www.24gliwice.pl\/wiadomosci\/wp-content\/uploads\/2026\/04\/20260402-ANIMATOR-przedszkole_grafika_750x200.webp 750w, https:\/\/www.24gliwice.pl\/wiadomosci\/wp-content\/uploads\/2026\/04\/20260402-ANIMATOR-przedszkole_grafika_750x200-410x109.webp 410w\" sizes=\"(max-width: 750px) 100vw, 750px\" class=\"no-lazyload\" width=\"750\" height=\"200\"  style=\"display: inline-block; max-width: 100%; height: auto;\" \/><\/a><\/div><\/div><h3>PWiK przedstawi\u0142o nowe, wy\u017csze taryfy za wod\u0119 i \u015bcieki. W zale\u017cno\u015bci od decyzji Polskich W\u00f3d, wejd\u0105 one w \u017cycie ju\u017c w maju, albo w lipcu.<\/h3>\n<p>Jeszcze w listopadzie ubieg\u0142ego roku zapewniano mieszka\u0144c\u00f3w Gliwic o tym, \u017ce wysoko\u015b\u0107 op\u0142at za wod\u0119 i \u015bcieki <a href=\"https:\/\/www.24gliwice.pl\/wiadomosci\/woda-w-gliwicach-do-najtanszych-nie-nalezy-znamy-jej-ceny-na-2018-rok\/\" target=\"_blank\" rel=\"noopener\">nie zmieni si\u0119 w 2018 roku<\/a>. Teraz gliwiczanom przedstawiono plan podwy\u017cek, kt\u00f3re mog\u0105 zosta\u0107 wprowadzone ju\u017c od przysz\u0142ego miesi\u0105ca, w zale\u017cno\u015bci od tego, czy Wody Polskie, powo\u0142any na pocz\u0105tku roku organ regulacyjny w zakresie gospodarki wodnej, zaakceptuj\u0105 zaproponowane przez tutejsze wodoci\u0105gi, wy\u017csze stawki.<\/p>\n[perfectpullquote align=&#8221;full&#8221; bordertop=&#8221;false&#8221; cite=&#8221;&#8221; link=&#8221;&#8221; color=&#8221;&#8221; class=&#8221;&#8221; size=&#8221;&#8221;]Je\u017celi jednak Pa\u0144stwowe Gospodarstwo Wodne w og\u00f3le nie wyda decyzji w ci\u0105gu 120 dni od daty dor\u0119czenia mu projektu, nowe taryfy automatycznie wejd\u0105 w \u017cycie. Termin ten up\u0142ywa 11 lipca. [\/perfectpullquote]\n<p>Przedsi\u0119biorstwo Wodoci\u0105g\u00f3w i Kanalizacji w Gliwicach, podobnie jak pozosta\u0142e przedsi\u0119biorstwa wodno-kanalizacyjne w kraju, zosta\u0142o zobowi\u0105zane do przedstawienia wysoko\u015bci stawek nowymi przepisami, dotycz\u0105cymi zbiorowego zaopatrzenia w wod\u0119. Przy ustalaniu ich wysoko\u015bci uwzgl\u0119dniono m.in. przewidywany poziom inflacji w Polsce oraz wzrost wysoko\u015bci podatku od nieruchomo\u015bci, p\u0142aconego przez PWiK od realizowanych inwestycji wodno-kanalizacyjnych. <\/p><div class=\"gliwi-a3-w-tresci-artykulow gliwi-entity-placement\" id=\"gliwi-1814910724\"><div class=\"gliwi-adlabel\"><span style=\"font-size: 9px\">REKLAMA<\/span><\/div><div id=\"gliwi-467870913\" style=\"margin-bottom: 30px;margin-left: auto;margin-right: auto;text-align: center;\"><a data-no-instant=\"1\" href=\"https:\/\/zlobek.halogen.org.pl\/\" rel=\"noopener\" class=\"a2t-link\" target=\"_blank\" aria-label=\"animator-zlobek_750x200\"><img loading=\"lazy\" decoding=\"async\" src=\"https:\/\/www.24gliwice.pl\/wiadomosci\/wp-content\/uploads\/2026\/02\/animator-zlobek_750x200.webp\" alt=\"\"  srcset=\"https:\/\/www.24gliwice.pl\/wiadomosci\/wp-content\/uploads\/2026\/02\/animator-zlobek_750x200.webp 750w, https:\/\/www.24gliwice.pl\/wiadomosci\/wp-content\/uploads\/2026\/02\/animator-zlobek_750x200-410x109.webp 410w\" sizes=\"(max-width: 750px) 100vw, 750px\" class=\"no-lazyload\" width=\"750\" height=\"200\"  style=\"display: inline-block; max-width: 100%; height: auto;\" \/><\/a><\/div><\/div>\n<p>W taryfach uwzgl\u0119dniono r\u00f3wnie\u017c op\u0142aty za us\u0142ugi wodne (dawniej op\u0142ata za korzystanie ze \u015brodowiska) wyliczone zgodnie z nowym Prawem wodnym. Cena za wod\u0119 zawiera t\u0105 op\u0142at\u0119 w wysoko\u015bci 1 292 tys. z\u0142 za rok, natomiast cena za odprowadzanie \u015bciek\u00f3w &#8211; 671 tys. z\u0142 za rok.<\/p>\n<p>\u2013 Do tej pory w Gliwicach utrzymywano stawki za wod\u0119 i \u015bcieki na niskim poziomie, bo pozwala\u0142a na to dobra kondycja ekonomiczna PWiK. W planowaniu taryf na trzy lata z g\u00f3ry sp\u00f3\u0142ka musia\u0142a jednak uwzgl\u0119dni\u0107 wymogi nowych przepis\u00f3w i prognozowan\u0105 sytuacj\u0119 makroekonomiczn\u0105 w kraju \u2013 informuje na \u0142amach MSI Przedsi\u0119biorstwo Wodoci\u0105g\u00f3w i Kanalizacji. <\/p>\n<h4>Taryfa b\u0119dzie podnoszona regularnie przez 3 lata<\/h4>\n<p>Obecnie za 1 m3 wody mieszka\u0144cy p\u0142ac\u0105 <strong>4,82 z\u0142<\/strong> brutto. Po wej\u015bciu w \u017cycie taryfikatora, przez pierwszych 12 miesi\u0119cy ma obowi\u0105zywa\u0107 stawka <strong>4,95 z\u0142<\/strong> brutto\/m3, od 13 do 24 miesi\u0105ca obowi\u0105zywania nowej taryfy ju\u017c <strong>5,09 z\u0142<\/strong> brutto\/m3, za\u015b od 25 do 36 miesi\u0105ca <strong>5,24 z\u0142 <\/strong>brutto\/m3. To wzrost o 8,7 %.<\/p>\n<p>Za odprowadzanie 1 m3 \u015bciek\u00f3w gliwiczanie p\u0142ac\u0105 teraz <strong>6,77 z\u0142<\/strong> brutto. W okresie pierwszych 12 miesi\u0119cy obowi\u0105zywania nowej taryfy stawka za odbi\u00f3r m3 \u015bciek\u00f3w ma wynosi\u0107 <strong>7,14 z\u0142<\/strong> brutto, od 13 do 24 miesi\u0105ca <strong>7,26 z\u0142 <\/strong>brutto, a od 25 do 36 miesi\u0105ca ju\u017c<strong> 7,41 z\u0142<\/strong> brutto. W tym przypadku wzrost wyniesie oko\u0142o 9,5 %.<\/p>\n<p>\u0141\u0105cznie za dostaw\u0119 wody i odbi\u00f3r \u015bciek\u00f3w b\u0119dziemy za trzy lata p\u0142aci\u0107 <strong>12,65 z\u0142 (9,1 % wi\u0119cej)<\/strong>, chyba, \u017ce PWiK uzna, i\u017c nale\u017cy skr\u00f3ci\u0107 okres obowi\u0105zywania wprowadzanych taryf. <\/p>\n<p>(\u017cms)\/MSI<\/p>\n<div class=\"gliwi-a5-na-koncu-artykulow gliwi-entity-placement\" id=\"gliwi-555156243\"><div class=\"gliwi-adlabel\"><span style=\"font-size: 9px\">REKLAMA<\/span><\/div><div id=\"gliwi-2803850587\" style=\"margin-left: auto;margin-right: auto;text-align: center;\"><a data-no-instant=\"1\" href=\"https:\/\/prezeroarenagliwice.pl\/\" rel=\"noopener\" class=\"a2t-link\" target=\"_blank\" aria-label=\"20260309-PREZERO-WIOSNA-D\"><img loading=\"lazy\" decoding=\"async\" src=\"https:\/\/www.24gliwice.pl\/wiadomosci\/wp-content\/uploads\/2026\/03\/20260309-PREZERO-WIOSNA-D.webp\" alt=\"\"  srcset=\"https:\/\/www.24gliwice.pl\/wiadomosci\/wp-content\/uploads\/2026\/03\/20260309-PREZERO-WIOSNA-D.webp 750w, https:\/\/www.24gliwice.pl\/wiadomosci\/wp-content\/uploads\/2026\/03\/20260309-PREZERO-WIOSNA-D-410x109.webp 410w\" sizes=\"(max-width: 750px) 100vw, 750px\" class=\"no-lazyload\" width=\"750\" height=\"200\"  style=\"display: inline-block; max-width: 100%; height: auto;\" \/><\/a><\/div><\/div>","protected":false},"excerpt":{"rendered":"<p>PWiK przedstawi\u0142o nowe, wy\u017csze taryfy za wod\u0119 i \u015bcieki. W zale\u017cno\u015bci od decyzji Polskich W\u00f3d, wejd\u0105 one w \u017cycie ju\u017c w maju, albo w lipcu. Jeszcze w listopadzie ubieg\u0142ego roku zapewniano mieszka\u0144c\u00f3w Gliwic o tym, \u017ce wysoko\u015b\u0107 op\u0142at za wod\u0119 i \u015bcieki nie zmieni si\u0119 w 2018 roku. Teraz gliwiczanom przedstawiono plan podwy\u017cek, kt\u00f3re mog\u0105 [&hellip;]<\/p>\n","protected":false},"author":15,"featured_media":100122,"comment_status":"open","ping_status":"closed","sticky":false,"template":"","format":"standard","meta":{"_monsterinsights_skip_tracking":false,"_monsterinsights_sitenote_active":false,"_monsterinsights_sitenote_note":"","_monsterinsights_sitenote_category":0,"footnotes":"","_links_to":"","_links_to_target":""},"categories":[3,1,9],"tags":[9513,9841,1804],"class_list":["post-116446","post","type-post","status-publish","format-standard","has-post-thumbnail","hentry","category-gliwice","category-wszystko","category-aktualnosci_lokalne","tag-cena-wody","tag-podwyzka-cen","tag-pwik"],"yoast_head":"<!-- This site is optimized with the Yoast SEO plugin v27.5 - https:\/\/yoast.com\/product\/yoast-seo-wordpress\/ -->\n<title>Woda i odprowadzenie \u015bciek\u00f3w podro\u017cej\u0105 o ok. 9%. Podwy\u017cka taryfy roz\u0142o\u017cona na trzy lata - 24GLIWICE - Portal Gliwice | codziennie nowe informacje<\/title>\n<meta name=\"robots\" content=\"index, follow, max-snippet:-1, max-image-preview:large, max-video-preview:-1\" \/>\n<link rel=\"canonical\" href=\"https:\/\/www.24gliwice.pl\/wiadomosci\/woda-i-odprowadzenie-sciekow-podrozeje-o-9-podwyzka-taryfy-rozlozona-na-trzy-lata\/\" \/>\n<meta property=\"og:locale\" content=\"pl_PL\" \/>\n<meta property=\"og:type\" content=\"article\" \/>\n<meta property=\"og:title\" content=\"Woda i odprowadzenie \u015bciek\u00f3w podro\u017cej\u0105 o ok. 9%. Podwy\u017cka taryfy roz\u0142o\u017cona na trzy lata - 24GLIWICE - Portal Gliwice | codziennie nowe informacje\" \/>\n<meta property=\"og:description\" content=\"PWiK przedstawi\u0142o nowe, wy\u017csze taryfy za wod\u0119 i \u015bcieki. W zale\u017cno\u015bci od decyzji Polskich W\u00f3d, wejd\u0105 one w \u017cycie ju\u017c w maju, albo w lipcu. Jeszcze w listopadzie ubieg\u0142ego roku zapewniano mieszka\u0144c\u00f3w Gliwic o tym, \u017ce wysoko\u015b\u0107 op\u0142at za wod\u0119 i \u015bcieki nie zmieni si\u0119 w 2018 roku. Teraz gliwiczanom przedstawiono plan podwy\u017cek, kt\u00f3re mog\u0105 [&hellip;]\" \/>\n<meta property=\"og:url\" content=\"https:\/\/www.24gliwice.pl\/wiadomosci\/woda-i-odprowadzenie-sciekow-podrozeje-o-9-podwyzka-taryfy-rozlozona-na-trzy-lata\/\" \/>\n<meta property=\"og:site_name\" content=\"24GLIWICE - Portal Gliwice | codziennie nowe informacje\" \/>\n<meta property=\"article:publisher\" content=\"https:\/\/www.facebook.com\/24gliwice\" \/>\n<meta property=\"article:published_time\" content=\"2018-04-27T16:37:16+00:00\" \/>\n<meta property=\"article:modified_time\" content=\"2018-04-27T16:48:58+00:00\" \/>\n<meta property=\"og:image\" content=\"https:\/\/www.24gliwice.pl\/wiadomosci\/wp-content\/uploads\/2017\/06\/pwik-willa-neumanna.jpg\" \/>\n\t<meta property=\"og:image:width\" content=\"1140\" \/>\n\t<meta property=\"og:image:height\" content=\"642\" \/>\n\t<meta property=\"og:image:type\" content=\"image\/jpeg\" \/>\n<meta name=\"author\" content=\"\u017baneta Mrozek-Siewierska\" \/>\n<meta name=\"twitter:card\" content=\"summary_large_image\" \/>\n<meta name=\"twitter:creator\" content=\"@24gliwice\" \/>\n<meta name=\"twitter:site\" content=\"@24gliwice\" \/>\n<meta name=\"twitter:label1\" content=\"Napisane przez\" \/>\n\t<meta name=\"twitter:data1\" content=\"\u017baneta Mrozek-Siewierska\" \/>\n\t<meta name=\"twitter:label2\" content=\"Szacowany czas czytania\" \/>\n\t<meta name=\"twitter:data2\" content=\"2 minuty\" \/>\n<script type=\"application\/ld+json\" class=\"yoast-schema-graph\">{\"@context\":\"https:\\\/\\\/schema.org\",\"@graph\":[{\"@type\":\"Article\",\"@id\":\"https:\\\/\\\/www.24gliwice.pl\\\/wiadomosci\\\/woda-i-odprowadzenie-sciekow-podrozeje-o-9-podwyzka-taryfy-rozlozona-na-trzy-lata\\\/#article\",\"isPartOf\":{\"@id\":\"https:\\\/\\\/www.24gliwice.pl\\\/wiadomosci\\\/woda-i-odprowadzenie-sciekow-podrozeje-o-9-podwyzka-taryfy-rozlozona-na-trzy-lata\\\/\"},\"author\":{\"name\":\"\u017baneta Mrozek-Siewierska\",\"@id\":\"https:\\\/\\\/www.24gliwice.pl\\\/wiadomosci\\\/#\\\/schema\\\/person\\\/e42c650edd7f2fa332be3811fb166b6e\"},\"headline\":\"Woda i odprowadzenie \u015bciek\u00f3w podro\u017cej\u0105 o ok. 9%. Podwy\u017cka taryfy roz\u0142o\u017cona na trzy lata\",\"datePublished\":\"2018-04-27T16:37:16+00:00\",\"dateModified\":\"2018-04-27T16:48:58+00:00\",\"mainEntityOfPage\":{\"@id\":\"https:\\\/\\\/www.24gliwice.pl\\\/wiadomosci\\\/woda-i-odprowadzenie-sciekow-podrozeje-o-9-podwyzka-taryfy-rozlozona-na-trzy-lata\\\/\"},\"wordCount\":485,\"commentCount\":0,\"publisher\":{\"@id\":\"https:\\\/\\\/www.24gliwice.pl\\\/wiadomosci\\\/#organization\"},\"image\":{\"@id\":\"https:\\\/\\\/www.24gliwice.pl\\\/wiadomosci\\\/woda-i-odprowadzenie-sciekow-podrozeje-o-9-podwyzka-taryfy-rozlozona-na-trzy-lata\\\/#primaryimage\"},\"thumbnailUrl\":\"https:\\\/\\\/www.24gliwice.pl\\\/wiadomosci\\\/wp-content\\\/uploads\\\/2017\\\/06\\\/pwik-willa-neumanna.jpg\",\"keywords\":[\"cena wody\",\"podwy\u017cka cen\",\"PWIK\"],\"articleSection\":[\"Gliwice\",\"Najnowsze wiadomo\u015bci\",\"Portal Gliwice - Wiadomo\u015bci lokalne\"],\"inLanguage\":\"pl-PL\",\"potentialAction\":[{\"@type\":\"CommentAction\",\"name\":\"Comment\",\"target\":[\"https:\\\/\\\/www.24gliwice.pl\\\/wiadomosci\\\/woda-i-odprowadzenie-sciekow-podrozeje-o-9-podwyzka-taryfy-rozlozona-na-trzy-lata\\\/#respond\"]}]},{\"@type\":\"WebPage\",\"@id\":\"https:\\\/\\\/www.24gliwice.pl\\\/wiadomosci\\\/woda-i-odprowadzenie-sciekow-podrozeje-o-9-podwyzka-taryfy-rozlozona-na-trzy-lata\\\/\",\"url\":\"https:\\\/\\\/www.24gliwice.pl\\\/wiadomosci\\\/woda-i-odprowadzenie-sciekow-podrozeje-o-9-podwyzka-taryfy-rozlozona-na-trzy-lata\\\/\",\"name\":\"Woda i odprowadzenie \u015bciek\u00f3w podro\u017cej\u0105 o ok. 9%. Podwy\u017cka taryfy roz\u0142o\u017cona na trzy lata - 24GLIWICE - Portal Gliwice | codziennie nowe informacje\",\"isPartOf\":{\"@id\":\"https:\\\/\\\/www.24gliwice.pl\\\/wiadomosci\\\/#website\"},\"primaryImageOfPage\":{\"@id\":\"https:\\\/\\\/www.24gliwice.pl\\\/wiadomosci\\\/woda-i-odprowadzenie-sciekow-podrozeje-o-9-podwyzka-taryfy-rozlozona-na-trzy-lata\\\/#primaryimage\"},\"image\":{\"@id\":\"https:\\\/\\\/www.24gliwice.pl\\\/wiadomosci\\\/woda-i-odprowadzenie-sciekow-podrozeje-o-9-podwyzka-taryfy-rozlozona-na-trzy-lata\\\/#primaryimage\"},\"thumbnailUrl\":\"https:\\\/\\\/www.24gliwice.pl\\\/wiadomosci\\\/wp-content\\\/uploads\\\/2017\\\/06\\\/pwik-willa-neumanna.jpg\",\"datePublished\":\"2018-04-27T16:37:16+00:00\",\"dateModified\":\"2018-04-27T16:48:58+00:00\",\"breadcrumb\":{\"@id\":\"https:\\\/\\\/www.24gliwice.pl\\\/wiadomosci\\\/woda-i-odprowadzenie-sciekow-podrozeje-o-9-podwyzka-taryfy-rozlozona-na-trzy-lata\\\/#breadcrumb\"},\"inLanguage\":\"pl-PL\",\"potentialAction\":[{\"@type\":\"ReadAction\",\"target\":[\"https:\\\/\\\/www.24gliwice.pl\\\/wiadomosci\\\/woda-i-odprowadzenie-sciekow-podrozeje-o-9-podwyzka-taryfy-rozlozona-na-trzy-lata\\\/\"]}]},{\"@type\":\"ImageObject\",\"inLanguage\":\"pl-PL\",\"@id\":\"https:\\\/\\\/www.24gliwice.pl\\\/wiadomosci\\\/woda-i-odprowadzenie-sciekow-podrozeje-o-9-podwyzka-taryfy-rozlozona-na-trzy-lata\\\/#primaryimage\",\"url\":\"https:\\\/\\\/www.24gliwice.pl\\\/wiadomosci\\\/wp-content\\\/uploads\\\/2017\\\/06\\\/pwik-willa-neumanna.jpg\",\"contentUrl\":\"https:\\\/\\\/www.24gliwice.pl\\\/wiadomosci\\\/wp-content\\\/uploads\\\/2017\\\/06\\\/pwik-willa-neumanna.jpg\",\"width\":1140,\"height\":642},{\"@type\":\"BreadcrumbList\",\"@id\":\"https:\\\/\\\/www.24gliwice.pl\\\/wiadomosci\\\/woda-i-odprowadzenie-sciekow-podrozeje-o-9-podwyzka-taryfy-rozlozona-na-trzy-lata\\\/#breadcrumb\",\"itemListElement\":[{\"@type\":\"ListItem\",\"position\":1,\"name\":\"Strona g\u0142\u00f3wna\",\"item\":\"https:\\\/\\\/www.24gliwice.pl\\\/wiadomosci\\\/\"},{\"@type\":\"ListItem\",\"position\":2,\"name\":\"Woda i odprowadzenie \u015bciek\u00f3w podro\u017cej\u0105 o ok. 9%. Podwy\u017cka taryfy roz\u0142o\u017cona na trzy lata\"}]},{\"@type\":\"WebSite\",\"@id\":\"https:\\\/\\\/www.24gliwice.pl\\\/wiadomosci\\\/#website\",\"url\":\"https:\\\/\\\/www.24gliwice.pl\\\/wiadomosci\\\/\",\"name\":\"24GLIWICE - Portal Gliwice | codziennie nowe wiadomo\u015bci\",\"description\":\"Portal Miejski Gliwice\",\"publisher\":{\"@id\":\"https:\\\/\\\/www.24gliwice.pl\\\/wiadomosci\\\/#organization\"},\"potentialAction\":[{\"@type\":\"SearchAction\",\"target\":{\"@type\":\"EntryPoint\",\"urlTemplate\":\"https:\\\/\\\/www.24gliwice.pl\\\/wiadomosci\\\/?s={search_term_string}\"},\"query-input\":{\"@type\":\"PropertyValueSpecification\",\"valueRequired\":true,\"valueName\":\"search_term_string\"}}],\"inLanguage\":\"pl-PL\"},{\"@type\":\"Organization\",\"@id\":\"https:\\\/\\\/www.24gliwice.pl\\\/wiadomosci\\\/#organization\",\"name\":\"24gliwice\",\"url\":\"https:\\\/\\\/www.24gliwice.pl\\\/wiadomosci\\\/\",\"logo\":{\"@type\":\"ImageObject\",\"inLanguage\":\"pl-PL\",\"@id\":\"https:\\\/\\\/www.24gliwice.pl\\\/wiadomosci\\\/#\\\/schema\\\/logo\\\/image\\\/\",\"url\":\"https:\\\/\\\/www.24gliwice.pl\\\/wiadomosci\\\/wp-content\\\/uploads\\\/2024\\\/10\\\/24gliwice-logo-696.jpg\",\"contentUrl\":\"https:\\\/\\\/www.24gliwice.pl\\\/wiadomosci\\\/wp-content\\\/uploads\\\/2024\\\/10\\\/24gliwice-logo-696.jpg\",\"width\":696,\"height\":696,\"caption\":\"24gliwice\"},\"image\":{\"@id\":\"https:\\\/\\\/www.24gliwice.pl\\\/wiadomosci\\\/#\\\/schema\\\/logo\\\/image\\\/\"},\"sameAs\":[\"https:\\\/\\\/www.facebook.com\\\/24gliwice\",\"https:\\\/\\\/x.com\\\/24gliwice\",\"https:\\\/\\\/www.youtube.com\\\/@24gliwice\"]},{\"@type\":\"Person\",\"@id\":\"https:\\\/\\\/www.24gliwice.pl\\\/wiadomosci\\\/#\\\/schema\\\/person\\\/e42c650edd7f2fa332be3811fb166b6e\",\"name\":\"\u017baneta Mrozek-Siewierska\",\"image\":{\"@type\":\"ImageObject\",\"inLanguage\":\"pl-PL\",\"@id\":\"https:\\\/\\\/secure.gravatar.com\\\/avatar\\\/1881429e9c64597c77ad7aef2d0a19be69a3253e57534d16aa15bf3a4d34a0a3?s=96&d=mm&r=g\",\"url\":\"https:\\\/\\\/secure.gravatar.com\\\/avatar\\\/1881429e9c64597c77ad7aef2d0a19be69a3253e57534d16aa15bf3a4d34a0a3?s=96&d=mm&r=g\",\"contentUrl\":\"https:\\\/\\\/secure.gravatar.com\\\/avatar\\\/1881429e9c64597c77ad7aef2d0a19be69a3253e57534d16aa15bf3a4d34a0a3?s=96&d=mm&r=g\",\"caption\":\"\u017baneta Mrozek-Siewierska\"},\"url\":\"https:\\\/\\\/www.24gliwice.pl\\\/wiadomosci\\\/author\\\/zms\\\/\"}]}<\/script>\n<!-- \/ Yoast SEO plugin. -->","yoast_head_json":{"title":"Woda i odprowadzenie \u015bciek\u00f3w podro\u017cej\u0105 o ok. 9%. Podwy\u017cka taryfy roz\u0142o\u017cona na trzy lata - 24GLIWICE - Portal Gliwice | codziennie nowe informacje","robots":{"index":"index","follow":"follow","max-snippet":"max-snippet:-1","max-image-preview":"max-image-preview:large","max-video-preview":"max-video-preview:-1"},"canonical":"https:\/\/www.24gliwice.pl\/wiadomosci\/woda-i-odprowadzenie-sciekow-podrozeje-o-9-podwyzka-taryfy-rozlozona-na-trzy-lata\/","og_locale":"pl_PL","og_type":"article","og_title":"Woda i odprowadzenie \u015bciek\u00f3w podro\u017cej\u0105 o ok. 9%. Podwy\u017cka taryfy roz\u0142o\u017cona na trzy lata - 24GLIWICE - Portal Gliwice | codziennie nowe informacje","og_description":"PWiK przedstawi\u0142o nowe, wy\u017csze taryfy za wod\u0119 i \u015bcieki. W zale\u017cno\u015bci od decyzji Polskich W\u00f3d, wejd\u0105 one w \u017cycie ju\u017c w maju, albo w lipcu. Jeszcze w listopadzie ubieg\u0142ego roku zapewniano mieszka\u0144c\u00f3w Gliwic o tym, \u017ce wysoko\u015b\u0107 op\u0142at za wod\u0119 i \u015bcieki nie zmieni si\u0119 w 2018 roku. Teraz gliwiczanom przedstawiono plan podwy\u017cek, kt\u00f3re mog\u0105 [&hellip;]","og_url":"https:\/\/www.24gliwice.pl\/wiadomosci\/woda-i-odprowadzenie-sciekow-podrozeje-o-9-podwyzka-taryfy-rozlozona-na-trzy-lata\/","og_site_name":"24GLIWICE - Portal Gliwice | codziennie nowe informacje","article_publisher":"https:\/\/www.facebook.com\/24gliwice","article_published_time":"2018-04-27T16:37:16+00:00","article_modified_time":"2018-04-27T16:48:58+00:00","og_image":[{"width":1140,"height":642,"url":"https:\/\/www.24gliwice.pl\/wiadomosci\/wp-content\/uploads\/2017\/06\/pwik-willa-neumanna.jpg","type":"image\/jpeg"}],"author":"\u017baneta Mrozek-Siewierska","twitter_card":"summary_large_image","twitter_creator":"@24gliwice","twitter_site":"@24gliwice","twitter_misc":{"Napisane przez":"\u017baneta Mrozek-Siewierska","Szacowany czas czytania":"2 minuty"},"schema":{"@context":"https:\/\/schema.org","@graph":[{"@type":"Article","@id":"https:\/\/www.24gliwice.pl\/wiadomosci\/woda-i-odprowadzenie-sciekow-podrozeje-o-9-podwyzka-taryfy-rozlozona-na-trzy-lata\/#article","isPartOf":{"@id":"https:\/\/www.24gliwice.pl\/wiadomosci\/woda-i-odprowadzenie-sciekow-podrozeje-o-9-podwyzka-taryfy-rozlozona-na-trzy-lata\/"},"author":{"name":"\u017baneta Mrozek-Siewierska","@id":"https:\/\/www.24gliwice.pl\/wiadomosci\/#\/schema\/person\/e42c650edd7f2fa332be3811fb166b6e"},"headline":"Woda i odprowadzenie \u015bciek\u00f3w podro\u017cej\u0105 o ok. 9%. Podwy\u017cka taryfy roz\u0142o\u017cona na trzy lata","datePublished":"2018-04-27T16:37:16+00:00","dateModified":"2018-04-27T16:48:58+00:00","mainEntityOfPage":{"@id":"https:\/\/www.24gliwice.pl\/wiadomosci\/woda-i-odprowadzenie-sciekow-podrozeje-o-9-podwyzka-taryfy-rozlozona-na-trzy-lata\/"},"wordCount":485,"commentCount":0,"publisher":{"@id":"https:\/\/www.24gliwice.pl\/wiadomosci\/#organization"},"image":{"@id":"https:\/\/www.24gliwice.pl\/wiadomosci\/woda-i-odprowadzenie-sciekow-podrozeje-o-9-podwyzka-taryfy-rozlozona-na-trzy-lata\/#primaryimage"},"thumbnailUrl":"https:\/\/www.24gliwice.pl\/wiadomosci\/wp-content\/uploads\/2017\/06\/pwik-willa-neumanna.jpg","keywords":["cena wody","podwy\u017cka cen","PWIK"],"articleSection":["Gliwice","Najnowsze wiadomo\u015bci","Portal Gliwice - Wiadomo\u015bci lokalne"],"inLanguage":"pl-PL","potentialAction":[{"@type":"CommentAction","name":"Comment","target":["https:\/\/www.24gliwice.pl\/wiadomosci\/woda-i-odprowadzenie-sciekow-podrozeje-o-9-podwyzka-taryfy-rozlozona-na-trzy-lata\/#respond"]}]},{"@type":"WebPage","@id":"https:\/\/www.24gliwice.pl\/wiadomosci\/woda-i-odprowadzenie-sciekow-podrozeje-o-9-podwyzka-taryfy-rozlozona-na-trzy-lata\/","url":"https:\/\/www.24gliwice.pl\/wiadomosci\/woda-i-odprowadzenie-sciekow-podrozeje-o-9-podwyzka-taryfy-rozlozona-na-trzy-lata\/","name":"Woda i odprowadzenie \u015bciek\u00f3w podro\u017cej\u0105 o ok. 9%. Podwy\u017cka taryfy roz\u0142o\u017cona na trzy lata - 24GLIWICE - Portal Gliwice | codziennie nowe informacje","isPartOf":{"@id":"https:\/\/www.24gliwice.pl\/wiadomosci\/#website"},"primaryImageOfPage":{"@id":"https:\/\/www.24gliwice.pl\/wiadomosci\/woda-i-odprowadzenie-sciekow-podrozeje-o-9-podwyzka-taryfy-rozlozona-na-trzy-lata\/#primaryimage"},"image":{"@id":"https:\/\/www.24gliwice.pl\/wiadomosci\/woda-i-odprowadzenie-sciekow-podrozeje-o-9-podwyzka-taryfy-rozlozona-na-trzy-lata\/#primaryimage"},"thumbnailUrl":"https:\/\/www.24gliwice.pl\/wiadomosci\/wp-content\/uploads\/2017\/06\/pwik-willa-neumanna.jpg","datePublished":"2018-04-27T16:37:16+00:00","dateModified":"2018-04-27T16:48:58+00:00","breadcrumb":{"@id":"https:\/\/www.24gliwice.pl\/wiadomosci\/woda-i-odprowadzenie-sciekow-podrozeje-o-9-podwyzka-taryfy-rozlozona-na-trzy-lata\/#breadcrumb"},"inLanguage":"pl-PL","potentialAction":[{"@type":"ReadAction","target":["https:\/\/www.24gliwice.pl\/wiadomosci\/woda-i-odprowadzenie-sciekow-podrozeje-o-9-podwyzka-taryfy-rozlozona-na-trzy-lata\/"]}]},{"@type":"ImageObject","inLanguage":"pl-PL","@id":"https:\/\/www.24gliwice.pl\/wiadomosci\/woda-i-odprowadzenie-sciekow-podrozeje-o-9-podwyzka-taryfy-rozlozona-na-trzy-lata\/#primaryimage","url":"https:\/\/www.24gliwice.pl\/wiadomosci\/wp-content\/uploads\/2017\/06\/pwik-willa-neumanna.jpg","contentUrl":"https:\/\/www.24gliwice.pl\/wiadomosci\/wp-content\/uploads\/2017\/06\/pwik-willa-neumanna.jpg","width":1140,"height":642},{"@type":"BreadcrumbList","@id":"https:\/\/www.24gliwice.pl\/wiadomosci\/woda-i-odprowadzenie-sciekow-podrozeje-o-9-podwyzka-taryfy-rozlozona-na-trzy-lata\/#breadcrumb","itemListElement":[{"@type":"ListItem","position":1,"name":"Strona g\u0142\u00f3wna","item":"https:\/\/www.24gliwice.pl\/wiadomosci\/"},{"@type":"ListItem","position":2,"name":"Woda i odprowadzenie \u015bciek\u00f3w podro\u017cej\u0105 o ok. 9%. Podwy\u017cka taryfy roz\u0142o\u017cona na trzy lata"}]},{"@type":"WebSite","@id":"https:\/\/www.24gliwice.pl\/wiadomosci\/#website","url":"https:\/\/www.24gliwice.pl\/wiadomosci\/","name":"24GLIWICE - Portal Gliwice | codziennie nowe wiadomo\u015bci","description":"Portal Miejski Gliwice","publisher":{"@id":"https:\/\/www.24gliwice.pl\/wiadomosci\/#organization"},"potentialAction":[{"@type":"SearchAction","target":{"@type":"EntryPoint","urlTemplate":"https:\/\/www.24gliwice.pl\/wiadomosci\/?s={search_term_string}"},"query-input":{"@type":"PropertyValueSpecification","valueRequired":true,"valueName":"search_term_string"}}],"inLanguage":"pl-PL"},{"@type":"Organization","@id":"https:\/\/www.24gliwice.pl\/wiadomosci\/#organization","name":"24gliwice","url":"https:\/\/www.24gliwice.pl\/wiadomosci\/","logo":{"@type":"ImageObject","inLanguage":"pl-PL","@id":"https:\/\/www.24gliwice.pl\/wiadomosci\/#\/schema\/logo\/image\/","url":"https:\/\/www.24gliwice.pl\/wiadomosci\/wp-content\/uploads\/2024\/10\/24gliwice-logo-696.jpg","contentUrl":"https:\/\/www.24gliwice.pl\/wiadomosci\/wp-content\/uploads\/2024\/10\/24gliwice-logo-696.jpg","width":696,"height":696,"caption":"24gliwice"},"image":{"@id":"https:\/\/www.24gliwice.pl\/wiadomosci\/#\/schema\/logo\/image\/"},"sameAs":["https:\/\/www.facebook.com\/24gliwice","https:\/\/x.com\/24gliwice","https:\/\/www.youtube.com\/@24gliwice"]},{"@type":"Person","@id":"https:\/\/www.24gliwice.pl\/wiadomosci\/#\/schema\/person\/e42c650edd7f2fa332be3811fb166b6e","name":"\u017baneta Mrozek-Siewierska","image":{"@type":"ImageObject","inLanguage":"pl-PL","@id":"https:\/\/secure.gravatar.com\/avatar\/1881429e9c64597c77ad7aef2d0a19be69a3253e57534d16aa15bf3a4d34a0a3?s=96&d=mm&r=g","url":"https:\/\/secure.gravatar.com\/avatar\/1881429e9c64597c77ad7aef2d0a19be69a3253e57534d16aa15bf3a4d34a0a3?s=96&d=mm&r=g","contentUrl":"https:\/\/secure.gravatar.com\/avatar\/1881429e9c64597c77ad7aef2d0a19be69a3253e57534d16aa15bf3a4d34a0a3?s=96&d=mm&r=g","caption":"\u017baneta Mrozek-Siewierska"},"url":"https:\/\/www.24gliwice.pl\/wiadomosci\/author\/zms\/"}]}},"_links":{"self":[{"href":"https:\/\/www.24gliwice.pl\/wiadomosci\/wp-json\/wp\/v2\/posts\/116446","targetHints":{"allow":["GET"]}}],"collection":[{"href":"https:\/\/www.24gliwice.pl\/wiadomosci\/wp-json\/wp\/v2\/posts"}],"about":[{"href":"https:\/\/www.24gliwice.pl\/wiadomosci\/wp-json\/wp\/v2\/types\/post"}],"author":[{"embeddable":true,"href":"https:\/\/www.24gliwice.pl\/wiadomosci\/wp-json\/wp\/v2\/users\/15"}],"replies":[{"embeddable":true,"href":"https:\/\/www.24gliwice.pl\/wiadomosci\/wp-json\/wp\/v2\/comments?post=116446"}],"version-history":[{"count":0,"href":"https:\/\/www.24gliwice.pl\/wiadomosci\/wp-json\/wp\/v2\/posts\/116446\/revisions"}],"wp:featuredmedia":[{"embeddable":true,"href":"https:\/\/www.24gliwice.pl\/wiadomosci\/wp-json\/wp\/v2\/media\/100122"}],"wp:attachment":[{"href":"https:\/\/www.24gliwice.pl\/wiadomosci\/wp-json\/wp\/v2\/media?parent=116446"}],"wp:term":[{"taxonomy":"category","embeddable":true,"href":"https:\/\/www.24gliwice.pl\/wiadomosci\/wp-json\/wp\/v2\/categories?post=116446"},{"taxonomy":"post_tag","embeddable":true,"href":"https:\/\/www.24gliwice.pl\/wiadomosci\/wp-json\/wp\/v2\/tags?post=116446"}],"curies":[{"name":"wp","href":"https:\/\/api.w.org\/{rel}","templated":true}]}}