{"id":116459,"date":"2018-04-30T16:13:08","date_gmt":"2018-04-30T14:13:08","guid":{"rendered":"https:\/\/www.24gliwice.pl\/wiadomosci\/?p=116459"},"modified":"2018-04-30T16:13:08","modified_gmt":"2018-04-30T14:13:08","slug":"nowy-sprzet-dla-noworodkow-w-gliwickim-szpitalu-zakupiony-z-1-podatku-przekazanego-lokalnie","status":"publish","type":"post","link":"https:\/\/www.24gliwice.pl\/wiadomosci\/nowy-sprzet-dla-noworodkow-w-gliwickim-szpitalu-zakupiony-z-1-podatku-przekazanego-lokalnie\/","title":{"rendered":"Nowy sprz\u0119t dla noworodk\u00f3w w gliwickim szpitalu. Zakupiony z 1% podatku przekazanego lokalnie"},"content":{"rendered":"<div class=\"gliwi-a6-nad-leadem-artykulow gliwi-entity-placement\" id=\"gliwi-4286049597\"><div class=\"gliwi-adlabel\"><span style=\"font-size: 9px\">REKLAMA<\/span><\/div><div id=\"gliwi-3430510280\" style=\"margin-bottom: 30px;margin-left: auto;margin-right: auto;text-align: center;\"><a data-no-instant=\"1\" href=\"https:\/\/przedszkole.halogen.org.pl\/\" rel=\"noopener\" class=\"a2t-link\" target=\"_blank\" aria-label=\"20260402-ANIMATOR-przedszkole_grafika_750x200\"><img loading=\"lazy\" decoding=\"async\" src=\"https:\/\/www.24gliwice.pl\/wiadomosci\/wp-content\/uploads\/2026\/04\/20260402-ANIMATOR-przedszkole_grafika_750x200.webp\" alt=\"\"  srcset=\"https:\/\/www.24gliwice.pl\/wiadomosci\/wp-content\/uploads\/2026\/04\/20260402-ANIMATOR-przedszkole_grafika_750x200.webp 750w, https:\/\/www.24gliwice.pl\/wiadomosci\/wp-content\/uploads\/2026\/04\/20260402-ANIMATOR-przedszkole_grafika_750x200-410x109.webp 410w\" sizes=\"(max-width: 750px) 100vw, 750px\" class=\"no-lazyload\" width=\"750\" height=\"200\"  style=\"display: inline-block; max-width: 100%; height: auto;\" \/><\/a><\/div><\/div><h3>Nowoczesne urz\u0105dzenie, wspomagaj\u0105ce leczenie nasilonej \u017c\u00f3\u0142taczki u najm\u0142odszych pacjent\u00f3w, trafi\u0142o do Szpitala Wielospecjalistycznego w Gliwicach. Cz\u0119\u015b\u0107 funduszy na jego zakup pochodzi\u0142o z 1% podatku przekazanego plac\u00f3wce podczas rozliczenia PIT.<\/h3>\n<p>Dzi\u0119ki mieszka\u0144com Gliwic, kt\u00f3rzy w ubieg\u0142ym roku za po\u015brednictwem Stowarzyszenia \u201eCa\u0142a Naprz\u00f3d\u201d przekazali sw\u00f3j 1% podatku dla Szpitala Wielospecjalistycznego w Gliwicach, mo\u017cliwe by\u0142o zakupienie nowoczesnego urz\u0105dzenia do fototerapii Billisoft PT s\u0142u\u017c\u0105cego do leczenia nasilonej \u017c\u00f3\u0142taczki u noworodk\u00f3w.<\/p>\n[perfectpullquote align=&#8221;full&#8221; bordertop=&#8221;false&#8221; cite=&#8221;&#8221; link=&#8221;&#8221; color=&#8221;&#8221; class=&#8221;&#8221; size=&#8221;&#8221;]Sprz\u0119t kosztowa\u0142 21,5 tys. z\u0142 z czego 12,5 tys. z\u0142 to \u015brodki zebrane w ramach 1% dzi\u0119ki wsp\u00f3\u0142pracy plac\u00f3wki z gliwickim Stowarzyszeniem. [\/perfectpullquote]\n<p>&#8211; Dzi\u0119kujemy rodzicom naszych ma\u0142ych pacjent\u00f3w i wszystkim pozosta\u0142ym, kt\u00f3rzy wsparli zakup. Fototerapia z u\u017cyciem nowego urz\u0105dzenia jest du\u017cym u\u0142atwieniem zar\u00f3wno dla noworodk\u00f3w, jak te\u017c ich rodzic\u00f3w. Nie wymaga umieszczania noworodka w inkubatorze, przez co intensywne \u015bwiat\u0142o nie przeszkadza dziecku i mamie &#8211; m\u00f3wi prezes Szpitala, dr <strong>Beata Sadownik<\/strong>. <\/p><div class=\"gliwi-a3-w-tresci-artykulow gliwi-entity-placement\" id=\"gliwi-3730087698\"><div class=\"gliwi-adlabel\"><span style=\"font-size: 9px\">REKLAMA<\/span><\/div><div id=\"gliwi-3115061550\" style=\"margin-bottom: 30px;margin-left: auto;margin-right: auto;text-align: center;\"><a data-no-instant=\"1\" href=\"https:\/\/zlobek.halogen.org.pl\/\" rel=\"noopener\" class=\"a2t-link\" target=\"_blank\" aria-label=\"animator-zlobek_750x200\"><img loading=\"lazy\" decoding=\"async\" src=\"https:\/\/www.24gliwice.pl\/wiadomosci\/wp-content\/uploads\/2026\/02\/animator-zlobek_750x200.webp\" alt=\"\"  srcset=\"https:\/\/www.24gliwice.pl\/wiadomosci\/wp-content\/uploads\/2026\/02\/animator-zlobek_750x200.webp 750w, https:\/\/www.24gliwice.pl\/wiadomosci\/wp-content\/uploads\/2026\/02\/animator-zlobek_750x200-410x109.webp 410w\" sizes=\"(max-width: 750px) 100vw, 750px\" class=\"no-lazyload\" width=\"750\" height=\"200\"  style=\"display: inline-block; max-width: 100%; height: auto;\" \/><\/a><\/div><\/div>\n<p>&#8211; Nie mieli\u015bmy dotychczas okazji partycypowa\u0107 w zakupie sprz\u0119tu dla szpitala, wspierali\u015bmy indywidualne osoby, tym bardziej jest to dla nas nowe i cenne do\u015bwiadczenie. Jako rodzic zdaj\u0119 sobie spraw\u0119 z tego, \u017ce taki nowoczesny sprz\u0119t jest bardzo potrzebny i b\u0119dzie s\u0142u\u017cy\u0142 wielu ma\u0142ym pacjentom. To bardzo pozytywna inicjatywa &#8211; wyja\u015bnia <strong>Olgierd Gerszy\u0144ski<\/strong>, prezes Stowarzyszenia \u201eCa\u0142a Naprz\u00f3d\u201d.<\/p>\n<p>W tym roku nadal mo\u017cliwe jest odpisanie 1% podatku na rzecz Szpitala. Wystarczy w zeznaniu podatkowym wpisa\u0107 KRS 0000328818 z dopiskiem &#8220;Szpital&#8221;. W ramach wsp\u00f3\u0142pracy Szpital i \u201eCa\u0142a Naprz\u00f3d\u2019 planuj\u0105 zbi\u00f3rk\u0119 \u015brodk\u00f3w na kolejne zakupy, m.in. nowych inkubator\u00f3w, maj\u0105cych zast\u0105pi\u0107 niemal 30-letnie, u\u017cywane obecnie.<\/p>\n<p>(\u017cms)\/&#8221;Ca\u0142a Naprz\u00f3d&#8221;<\/p>\n<div class=\"gliwi-a5-na-koncu-artykulow gliwi-entity-placement\" id=\"gliwi-2066331407\"><div class=\"gliwi-adlabel\"><span style=\"font-size: 9px\">REKLAMA<\/span><\/div><div id=\"gliwi-1926351432\" style=\"margin-left: auto;margin-right: auto;text-align: center;\"><a data-no-instant=\"1\" href=\"https:\/\/prezeroarenagliwice.pl\/\" rel=\"noopener\" class=\"a2t-link\" target=\"_blank\" aria-label=\"20260309-PREZERO-WIOSNA-D\"><img loading=\"lazy\" decoding=\"async\" src=\"https:\/\/www.24gliwice.pl\/wiadomosci\/wp-content\/uploads\/2026\/03\/20260309-PREZERO-WIOSNA-D.webp\" alt=\"\"  srcset=\"https:\/\/www.24gliwice.pl\/wiadomosci\/wp-content\/uploads\/2026\/03\/20260309-PREZERO-WIOSNA-D.webp 750w, https:\/\/www.24gliwice.pl\/wiadomosci\/wp-content\/uploads\/2026\/03\/20260309-PREZERO-WIOSNA-D-410x109.webp 410w\" sizes=\"(max-width: 750px) 100vw, 750px\" class=\"no-lazyload\" width=\"750\" height=\"200\"  style=\"display: inline-block; max-width: 100%; height: auto;\" \/><\/a><\/div><\/div>","protected":false},"excerpt":{"rendered":"<p>Nowoczesne urz\u0105dzenie, wspomagaj\u0105ce leczenie nasilonej \u017c\u00f3\u0142taczki u najm\u0142odszych pacjent\u00f3w, trafi\u0142o do Szpitala Wielospecjalistycznego w Gliwicach. Cz\u0119\u015b\u0107 funduszy na jego zakup pochodzi\u0142o z 1% podatku przekazanego plac\u00f3wce podczas rozliczenia PIT. Dzi\u0119ki mieszka\u0144com Gliwic, kt\u00f3rzy w ubieg\u0142ym roku za po\u015brednictwem Stowarzyszenia \u201eCa\u0142a Naprz\u00f3d\u201d przekazali sw\u00f3j 1% podatku dla Szpitala Wielospecjalistycznego w Gliwicach, mo\u017cliwe by\u0142o zakupienie nowoczesnego urz\u0105dzenia [&hellip;]<\/p>\n","protected":false},"author":15,"featured_media":116464,"comment_status":"open","ping_status":"closed","sticky":false,"template":"","format":"standard","meta":{"_monsterinsights_skip_tracking":false,"_monsterinsights_sitenote_active":false,"_monsterinsights_sitenote_note":"","_monsterinsights_sitenote_category":0,"footnotes":"","_links_to":"","_links_to_target":""},"categories":[3,1],"tags":[7124,9677,12231,1688,8475,11801],"class_list":["post-116459","post","type-post","status-publish","format-standard","has-post-thumbnail","hentry","category-gliwice","category-wszystko","tag-1-podatku","tag-cala-naprzod","tag-nowy-sprzet-dla-szpitala","tag-pit","tag-szpital-wielospecjalistyczny","tag-urzad-skarbowy"],"yoast_head":"<!-- This site is optimized with the Yoast SEO plugin v27.5 - https:\/\/yoast.com\/product\/yoast-seo-wordpress\/ -->\n<title>Nowy sprz\u0119t dla noworodk\u00f3w w gliwickim szpitalu. Zakupiony z 1% podatku przekazanego lokalnie - 24GLIWICE - Portal Gliwice | codziennie nowe informacje<\/title>\n<meta name=\"robots\" content=\"index, follow, max-snippet:-1, max-image-preview:large, max-video-preview:-1\" \/>\n<link rel=\"canonical\" href=\"https:\/\/www.24gliwice.pl\/wiadomosci\/nowy-sprzet-dla-noworodkow-w-gliwickim-szpitalu-zakupiony-z-1-podatku-przekazanego-lokalnie\/\" \/>\n<meta property=\"og:locale\" content=\"pl_PL\" \/>\n<meta property=\"og:type\" content=\"article\" \/>\n<meta property=\"og:title\" content=\"Nowy sprz\u0119t dla noworodk\u00f3w w gliwickim szpitalu. Zakupiony z 1% podatku przekazanego lokalnie - 24GLIWICE - Portal Gliwice | codziennie nowe informacje\" \/>\n<meta property=\"og:description\" content=\"Nowoczesne urz\u0105dzenie, wspomagaj\u0105ce leczenie nasilonej \u017c\u00f3\u0142taczki u najm\u0142odszych pacjent\u00f3w, trafi\u0142o do Szpitala Wielospecjalistycznego w Gliwicach. Cz\u0119\u015b\u0107 funduszy na jego zakup pochodzi\u0142o z 1% podatku przekazanego plac\u00f3wce podczas rozliczenia PIT. Dzi\u0119ki mieszka\u0144com Gliwic, kt\u00f3rzy w ubieg\u0142ym roku za po\u015brednictwem Stowarzyszenia \u201eCa\u0142a Naprz\u00f3d\u201d przekazali sw\u00f3j 1% podatku dla Szpitala Wielospecjalistycznego w Gliwicach, mo\u017cliwe by\u0142o zakupienie nowoczesnego urz\u0105dzenia [&hellip;]\" \/>\n<meta property=\"og:url\" content=\"https:\/\/www.24gliwice.pl\/wiadomosci\/nowy-sprzet-dla-noworodkow-w-gliwickim-szpitalu-zakupiony-z-1-podatku-przekazanego-lokalnie\/\" \/>\n<meta property=\"og:site_name\" content=\"24GLIWICE - Portal Gliwice | codziennie nowe informacje\" \/>\n<meta property=\"article:publisher\" content=\"https:\/\/www.facebook.com\/24gliwice\" \/>\n<meta property=\"article:published_time\" content=\"2018-04-30T14:13:08+00:00\" \/>\n<meta property=\"og:image\" content=\"https:\/\/www.24gliwice.pl\/wiadomosci\/wp-content\/uploads\/2018\/04\/nowy-sprz\u0119t-dla-szpitala.jpg\" \/>\n\t<meta property=\"og:image:width\" content=\"2048\" \/>\n\t<meta property=\"og:image:height\" content=\"1151\" \/>\n\t<meta property=\"og:image:type\" content=\"image\/jpeg\" \/>\n<meta name=\"author\" content=\"\u017baneta Mrozek-Siewierska\" \/>\n<meta name=\"twitter:card\" content=\"summary_large_image\" \/>\n<meta name=\"twitter:creator\" content=\"@24gliwice\" \/>\n<meta name=\"twitter:site\" content=\"@24gliwice\" \/>\n<meta name=\"twitter:label1\" content=\"Napisane przez\" \/>\n\t<meta name=\"twitter:data1\" content=\"\u017baneta Mrozek-Siewierska\" \/>\n\t<meta name=\"twitter:label2\" content=\"Szacowany czas czytania\" \/>\n\t<meta name=\"twitter:data2\" content=\"2 minuty\" \/>\n<script type=\"application\/ld+json\" class=\"yoast-schema-graph\">{\"@context\":\"https:\\\/\\\/schema.org\",\"@graph\":[{\"@type\":\"Article\",\"@id\":\"https:\\\/\\\/www.24gliwice.pl\\\/wiadomosci\\\/nowy-sprzet-dla-noworodkow-w-gliwickim-szpitalu-zakupiony-z-1-podatku-przekazanego-lokalnie\\\/#article\",\"isPartOf\":{\"@id\":\"https:\\\/\\\/www.24gliwice.pl\\\/wiadomosci\\\/nowy-sprzet-dla-noworodkow-w-gliwickim-szpitalu-zakupiony-z-1-podatku-przekazanego-lokalnie\\\/\"},\"author\":{\"name\":\"\u017baneta Mrozek-Siewierska\",\"@id\":\"https:\\\/\\\/www.24gliwice.pl\\\/wiadomosci\\\/#\\\/schema\\\/person\\\/e42c650edd7f2fa332be3811fb166b6e\"},\"headline\":\"Nowy sprz\u0119t dla noworodk\u00f3w w gliwickim szpitalu. Zakupiony z 1% podatku przekazanego lokalnie\",\"datePublished\":\"2018-04-30T14:13:08+00:00\",\"mainEntityOfPage\":{\"@id\":\"https:\\\/\\\/www.24gliwice.pl\\\/wiadomosci\\\/nowy-sprzet-dla-noworodkow-w-gliwickim-szpitalu-zakupiony-z-1-podatku-przekazanego-lokalnie\\\/\"},\"wordCount\":323,\"commentCount\":0,\"publisher\":{\"@id\":\"https:\\\/\\\/www.24gliwice.pl\\\/wiadomosci\\\/#organization\"},\"image\":{\"@id\":\"https:\\\/\\\/www.24gliwice.pl\\\/wiadomosci\\\/nowy-sprzet-dla-noworodkow-w-gliwickim-szpitalu-zakupiony-z-1-podatku-przekazanego-lokalnie\\\/#primaryimage\"},\"thumbnailUrl\":\"https:\\\/\\\/www.24gliwice.pl\\\/wiadomosci\\\/wp-content\\\/uploads\\\/2018\\\/04\\\/nowy-sprz\u0119t-dla-szpitala.jpg\",\"keywords\":[\"1% PODATKU\",\"ca\u0142a naprz\u00f3d\",\"nowy sprz\u0119t dla szpitala\",\"PIT\",\"szpital wielospecjalistyczny\",\"urz\u0105d skarbowy\"],\"articleSection\":[\"Gliwice\",\"Najnowsze wiadomo\u015bci\"],\"inLanguage\":\"pl-PL\",\"potentialAction\":[{\"@type\":\"CommentAction\",\"name\":\"Comment\",\"target\":[\"https:\\\/\\\/www.24gliwice.pl\\\/wiadomosci\\\/nowy-sprzet-dla-noworodkow-w-gliwickim-szpitalu-zakupiony-z-1-podatku-przekazanego-lokalnie\\\/#respond\"]}]},{\"@type\":\"WebPage\",\"@id\":\"https:\\\/\\\/www.24gliwice.pl\\\/wiadomosci\\\/nowy-sprzet-dla-noworodkow-w-gliwickim-szpitalu-zakupiony-z-1-podatku-przekazanego-lokalnie\\\/\",\"url\":\"https:\\\/\\\/www.24gliwice.pl\\\/wiadomosci\\\/nowy-sprzet-dla-noworodkow-w-gliwickim-szpitalu-zakupiony-z-1-podatku-przekazanego-lokalnie\\\/\",\"name\":\"Nowy sprz\u0119t dla noworodk\u00f3w w gliwickim szpitalu. Zakupiony z 1% podatku przekazanego lokalnie - 24GLIWICE - Portal Gliwice | codziennie nowe informacje\",\"isPartOf\":{\"@id\":\"https:\\\/\\\/www.24gliwice.pl\\\/wiadomosci\\\/#website\"},\"primaryImageOfPage\":{\"@id\":\"https:\\\/\\\/www.24gliwice.pl\\\/wiadomosci\\\/nowy-sprzet-dla-noworodkow-w-gliwickim-szpitalu-zakupiony-z-1-podatku-przekazanego-lokalnie\\\/#primaryimage\"},\"image\":{\"@id\":\"https:\\\/\\\/www.24gliwice.pl\\\/wiadomosci\\\/nowy-sprzet-dla-noworodkow-w-gliwickim-szpitalu-zakupiony-z-1-podatku-przekazanego-lokalnie\\\/#primaryimage\"},\"thumbnailUrl\":\"https:\\\/\\\/www.24gliwice.pl\\\/wiadomosci\\\/wp-content\\\/uploads\\\/2018\\\/04\\\/nowy-sprz\u0119t-dla-szpitala.jpg\",\"datePublished\":\"2018-04-30T14:13:08+00:00\",\"breadcrumb\":{\"@id\":\"https:\\\/\\\/www.24gliwice.pl\\\/wiadomosci\\\/nowy-sprzet-dla-noworodkow-w-gliwickim-szpitalu-zakupiony-z-1-podatku-przekazanego-lokalnie\\\/#breadcrumb\"},\"inLanguage\":\"pl-PL\",\"potentialAction\":[{\"@type\":\"ReadAction\",\"target\":[\"https:\\\/\\\/www.24gliwice.pl\\\/wiadomosci\\\/nowy-sprzet-dla-noworodkow-w-gliwickim-szpitalu-zakupiony-z-1-podatku-przekazanego-lokalnie\\\/\"]}]},{\"@type\":\"ImageObject\",\"inLanguage\":\"pl-PL\",\"@id\":\"https:\\\/\\\/www.24gliwice.pl\\\/wiadomosci\\\/nowy-sprzet-dla-noworodkow-w-gliwickim-szpitalu-zakupiony-z-1-podatku-przekazanego-lokalnie\\\/#primaryimage\",\"url\":\"https:\\\/\\\/www.24gliwice.pl\\\/wiadomosci\\\/wp-content\\\/uploads\\\/2018\\\/04\\\/nowy-sprz\u0119t-dla-szpitala.jpg\",\"contentUrl\":\"https:\\\/\\\/www.24gliwice.pl\\\/wiadomosci\\\/wp-content\\\/uploads\\\/2018\\\/04\\\/nowy-sprz\u0119t-dla-szpitala.jpg\",\"width\":2048,\"height\":1151,\"caption\":\"fot. Olgierd Gerszy\u0144ski \\\/Ca\u0142a Naprz\u00f3d\"},{\"@type\":\"BreadcrumbList\",\"@id\":\"https:\\\/\\\/www.24gliwice.pl\\\/wiadomosci\\\/nowy-sprzet-dla-noworodkow-w-gliwickim-szpitalu-zakupiony-z-1-podatku-przekazanego-lokalnie\\\/#breadcrumb\",\"itemListElement\":[{\"@type\":\"ListItem\",\"position\":1,\"name\":\"Strona g\u0142\u00f3wna\",\"item\":\"https:\\\/\\\/www.24gliwice.pl\\\/wiadomosci\\\/\"},{\"@type\":\"ListItem\",\"position\":2,\"name\":\"Nowy sprz\u0119t dla noworodk\u00f3w w gliwickim szpitalu. Zakupiony z 1% podatku przekazanego lokalnie\"}]},{\"@type\":\"WebSite\",\"@id\":\"https:\\\/\\\/www.24gliwice.pl\\\/wiadomosci\\\/#website\",\"url\":\"https:\\\/\\\/www.24gliwice.pl\\\/wiadomosci\\\/\",\"name\":\"24GLIWICE - Portal Gliwice | codziennie nowe wiadomo\u015bci\",\"description\":\"Portal Miejski Gliwice\",\"publisher\":{\"@id\":\"https:\\\/\\\/www.24gliwice.pl\\\/wiadomosci\\\/#organization\"},\"potentialAction\":[{\"@type\":\"SearchAction\",\"target\":{\"@type\":\"EntryPoint\",\"urlTemplate\":\"https:\\\/\\\/www.24gliwice.pl\\\/wiadomosci\\\/?s={search_term_string}\"},\"query-input\":{\"@type\":\"PropertyValueSpecification\",\"valueRequired\":true,\"valueName\":\"search_term_string\"}}],\"inLanguage\":\"pl-PL\"},{\"@type\":\"Organization\",\"@id\":\"https:\\\/\\\/www.24gliwice.pl\\\/wiadomosci\\\/#organization\",\"name\":\"24gliwice\",\"url\":\"https:\\\/\\\/www.24gliwice.pl\\\/wiadomosci\\\/\",\"logo\":{\"@type\":\"ImageObject\",\"inLanguage\":\"pl-PL\",\"@id\":\"https:\\\/\\\/www.24gliwice.pl\\\/wiadomosci\\\/#\\\/schema\\\/logo\\\/image\\\/\",\"url\":\"https:\\\/\\\/www.24gliwice.pl\\\/wiadomosci\\\/wp-content\\\/uploads\\\/2024\\\/10\\\/24gliwice-logo-696.jpg\",\"contentUrl\":\"https:\\\/\\\/www.24gliwice.pl\\\/wiadomosci\\\/wp-content\\\/uploads\\\/2024\\\/10\\\/24gliwice-logo-696.jpg\",\"width\":696,\"height\":696,\"caption\":\"24gliwice\"},\"image\":{\"@id\":\"https:\\\/\\\/www.24gliwice.pl\\\/wiadomosci\\\/#\\\/schema\\\/logo\\\/image\\\/\"},\"sameAs\":[\"https:\\\/\\\/www.facebook.com\\\/24gliwice\",\"https:\\\/\\\/x.com\\\/24gliwice\",\"https:\\\/\\\/www.youtube.com\\\/@24gliwice\"]},{\"@type\":\"Person\",\"@id\":\"https:\\\/\\\/www.24gliwice.pl\\\/wiadomosci\\\/#\\\/schema\\\/person\\\/e42c650edd7f2fa332be3811fb166b6e\",\"name\":\"\u017baneta Mrozek-Siewierska\",\"image\":{\"@type\":\"ImageObject\",\"inLanguage\":\"pl-PL\",\"@id\":\"https:\\\/\\\/secure.gravatar.com\\\/avatar\\\/1881429e9c64597c77ad7aef2d0a19be69a3253e57534d16aa15bf3a4d34a0a3?s=96&d=mm&r=g\",\"url\":\"https:\\\/\\\/secure.gravatar.com\\\/avatar\\\/1881429e9c64597c77ad7aef2d0a19be69a3253e57534d16aa15bf3a4d34a0a3?s=96&d=mm&r=g\",\"contentUrl\":\"https:\\\/\\\/secure.gravatar.com\\\/avatar\\\/1881429e9c64597c77ad7aef2d0a19be69a3253e57534d16aa15bf3a4d34a0a3?s=96&d=mm&r=g\",\"caption\":\"\u017baneta Mrozek-Siewierska\"},\"url\":\"https:\\\/\\\/www.24gliwice.pl\\\/wiadomosci\\\/author\\\/zms\\\/\"}]}<\/script>\n<!-- \/ Yoast SEO plugin. -->","yoast_head_json":{"title":"Nowy sprz\u0119t dla noworodk\u00f3w w gliwickim szpitalu. Zakupiony z 1% podatku przekazanego lokalnie - 24GLIWICE - Portal Gliwice | codziennie nowe informacje","robots":{"index":"index","follow":"follow","max-snippet":"max-snippet:-1","max-image-preview":"max-image-preview:large","max-video-preview":"max-video-preview:-1"},"canonical":"https:\/\/www.24gliwice.pl\/wiadomosci\/nowy-sprzet-dla-noworodkow-w-gliwickim-szpitalu-zakupiony-z-1-podatku-przekazanego-lokalnie\/","og_locale":"pl_PL","og_type":"article","og_title":"Nowy sprz\u0119t dla noworodk\u00f3w w gliwickim szpitalu. Zakupiony z 1% podatku przekazanego lokalnie - 24GLIWICE - Portal Gliwice | codziennie nowe informacje","og_description":"Nowoczesne urz\u0105dzenie, wspomagaj\u0105ce leczenie nasilonej \u017c\u00f3\u0142taczki u najm\u0142odszych pacjent\u00f3w, trafi\u0142o do Szpitala Wielospecjalistycznego w Gliwicach. Cz\u0119\u015b\u0107 funduszy na jego zakup pochodzi\u0142o z 1% podatku przekazanego plac\u00f3wce podczas rozliczenia PIT. Dzi\u0119ki mieszka\u0144com Gliwic, kt\u00f3rzy w ubieg\u0142ym roku za po\u015brednictwem Stowarzyszenia \u201eCa\u0142a Naprz\u00f3d\u201d przekazali sw\u00f3j 1% podatku dla Szpitala Wielospecjalistycznego w Gliwicach, mo\u017cliwe by\u0142o zakupienie nowoczesnego urz\u0105dzenia [&hellip;]","og_url":"https:\/\/www.24gliwice.pl\/wiadomosci\/nowy-sprzet-dla-noworodkow-w-gliwickim-szpitalu-zakupiony-z-1-podatku-przekazanego-lokalnie\/","og_site_name":"24GLIWICE - Portal Gliwice | codziennie nowe informacje","article_publisher":"https:\/\/www.facebook.com\/24gliwice","article_published_time":"2018-04-30T14:13:08+00:00","og_image":[{"width":2048,"height":1151,"url":"https:\/\/www.24gliwice.pl\/wiadomosci\/wp-content\/uploads\/2018\/04\/nowy-sprz\u0119t-dla-szpitala.jpg","type":"image\/jpeg"}],"author":"\u017baneta Mrozek-Siewierska","twitter_card":"summary_large_image","twitter_creator":"@24gliwice","twitter_site":"@24gliwice","twitter_misc":{"Napisane przez":"\u017baneta Mrozek-Siewierska","Szacowany czas czytania":"2 minuty"},"schema":{"@context":"https:\/\/schema.org","@graph":[{"@type":"Article","@id":"https:\/\/www.24gliwice.pl\/wiadomosci\/nowy-sprzet-dla-noworodkow-w-gliwickim-szpitalu-zakupiony-z-1-podatku-przekazanego-lokalnie\/#article","isPartOf":{"@id":"https:\/\/www.24gliwice.pl\/wiadomosci\/nowy-sprzet-dla-noworodkow-w-gliwickim-szpitalu-zakupiony-z-1-podatku-przekazanego-lokalnie\/"},"author":{"name":"\u017baneta Mrozek-Siewierska","@id":"https:\/\/www.24gliwice.pl\/wiadomosci\/#\/schema\/person\/e42c650edd7f2fa332be3811fb166b6e"},"headline":"Nowy sprz\u0119t dla noworodk\u00f3w w gliwickim szpitalu. Zakupiony z 1% podatku przekazanego lokalnie","datePublished":"2018-04-30T14:13:08+00:00","mainEntityOfPage":{"@id":"https:\/\/www.24gliwice.pl\/wiadomosci\/nowy-sprzet-dla-noworodkow-w-gliwickim-szpitalu-zakupiony-z-1-podatku-przekazanego-lokalnie\/"},"wordCount":323,"commentCount":0,"publisher":{"@id":"https:\/\/www.24gliwice.pl\/wiadomosci\/#organization"},"image":{"@id":"https:\/\/www.24gliwice.pl\/wiadomosci\/nowy-sprzet-dla-noworodkow-w-gliwickim-szpitalu-zakupiony-z-1-podatku-przekazanego-lokalnie\/#primaryimage"},"thumbnailUrl":"https:\/\/www.24gliwice.pl\/wiadomosci\/wp-content\/uploads\/2018\/04\/nowy-sprz\u0119t-dla-szpitala.jpg","keywords":["1% PODATKU","ca\u0142a naprz\u00f3d","nowy sprz\u0119t dla szpitala","PIT","szpital wielospecjalistyczny","urz\u0105d skarbowy"],"articleSection":["Gliwice","Najnowsze wiadomo\u015bci"],"inLanguage":"pl-PL","potentialAction":[{"@type":"CommentAction","name":"Comment","target":["https:\/\/www.24gliwice.pl\/wiadomosci\/nowy-sprzet-dla-noworodkow-w-gliwickim-szpitalu-zakupiony-z-1-podatku-przekazanego-lokalnie\/#respond"]}]},{"@type":"WebPage","@id":"https:\/\/www.24gliwice.pl\/wiadomosci\/nowy-sprzet-dla-noworodkow-w-gliwickim-szpitalu-zakupiony-z-1-podatku-przekazanego-lokalnie\/","url":"https:\/\/www.24gliwice.pl\/wiadomosci\/nowy-sprzet-dla-noworodkow-w-gliwickim-szpitalu-zakupiony-z-1-podatku-przekazanego-lokalnie\/","name":"Nowy sprz\u0119t dla noworodk\u00f3w w gliwickim szpitalu. Zakupiony z 1% podatku przekazanego lokalnie - 24GLIWICE - Portal Gliwice | codziennie nowe informacje","isPartOf":{"@id":"https:\/\/www.24gliwice.pl\/wiadomosci\/#website"},"primaryImageOfPage":{"@id":"https:\/\/www.24gliwice.pl\/wiadomosci\/nowy-sprzet-dla-noworodkow-w-gliwickim-szpitalu-zakupiony-z-1-podatku-przekazanego-lokalnie\/#primaryimage"},"image":{"@id":"https:\/\/www.24gliwice.pl\/wiadomosci\/nowy-sprzet-dla-noworodkow-w-gliwickim-szpitalu-zakupiony-z-1-podatku-przekazanego-lokalnie\/#primaryimage"},"thumbnailUrl":"https:\/\/www.24gliwice.pl\/wiadomosci\/wp-content\/uploads\/2018\/04\/nowy-sprz\u0119t-dla-szpitala.jpg","datePublished":"2018-04-30T14:13:08+00:00","breadcrumb":{"@id":"https:\/\/www.24gliwice.pl\/wiadomosci\/nowy-sprzet-dla-noworodkow-w-gliwickim-szpitalu-zakupiony-z-1-podatku-przekazanego-lokalnie\/#breadcrumb"},"inLanguage":"pl-PL","potentialAction":[{"@type":"ReadAction","target":["https:\/\/www.24gliwice.pl\/wiadomosci\/nowy-sprzet-dla-noworodkow-w-gliwickim-szpitalu-zakupiony-z-1-podatku-przekazanego-lokalnie\/"]}]},{"@type":"ImageObject","inLanguage":"pl-PL","@id":"https:\/\/www.24gliwice.pl\/wiadomosci\/nowy-sprzet-dla-noworodkow-w-gliwickim-szpitalu-zakupiony-z-1-podatku-przekazanego-lokalnie\/#primaryimage","url":"https:\/\/www.24gliwice.pl\/wiadomosci\/wp-content\/uploads\/2018\/04\/nowy-sprz\u0119t-dla-szpitala.jpg","contentUrl":"https:\/\/www.24gliwice.pl\/wiadomosci\/wp-content\/uploads\/2018\/04\/nowy-sprz\u0119t-dla-szpitala.jpg","width":2048,"height":1151,"caption":"fot. Olgierd Gerszy\u0144ski \/Ca\u0142a Naprz\u00f3d"},{"@type":"BreadcrumbList","@id":"https:\/\/www.24gliwice.pl\/wiadomosci\/nowy-sprzet-dla-noworodkow-w-gliwickim-szpitalu-zakupiony-z-1-podatku-przekazanego-lokalnie\/#breadcrumb","itemListElement":[{"@type":"ListItem","position":1,"name":"Strona g\u0142\u00f3wna","item":"https:\/\/www.24gliwice.pl\/wiadomosci\/"},{"@type":"ListItem","position":2,"name":"Nowy sprz\u0119t dla noworodk\u00f3w w gliwickim szpitalu. Zakupiony z 1% podatku przekazanego lokalnie"}]},{"@type":"WebSite","@id":"https:\/\/www.24gliwice.pl\/wiadomosci\/#website","url":"https:\/\/www.24gliwice.pl\/wiadomosci\/","name":"24GLIWICE - Portal Gliwice | codziennie nowe wiadomo\u015bci","description":"Portal Miejski Gliwice","publisher":{"@id":"https:\/\/www.24gliwice.pl\/wiadomosci\/#organization"},"potentialAction":[{"@type":"SearchAction","target":{"@type":"EntryPoint","urlTemplate":"https:\/\/www.24gliwice.pl\/wiadomosci\/?s={search_term_string}"},"query-input":{"@type":"PropertyValueSpecification","valueRequired":true,"valueName":"search_term_string"}}],"inLanguage":"pl-PL"},{"@type":"Organization","@id":"https:\/\/www.24gliwice.pl\/wiadomosci\/#organization","name":"24gliwice","url":"https:\/\/www.24gliwice.pl\/wiadomosci\/","logo":{"@type":"ImageObject","inLanguage":"pl-PL","@id":"https:\/\/www.24gliwice.pl\/wiadomosci\/#\/schema\/logo\/image\/","url":"https:\/\/www.24gliwice.pl\/wiadomosci\/wp-content\/uploads\/2024\/10\/24gliwice-logo-696.jpg","contentUrl":"https:\/\/www.24gliwice.pl\/wiadomosci\/wp-content\/uploads\/2024\/10\/24gliwice-logo-696.jpg","width":696,"height":696,"caption":"24gliwice"},"image":{"@id":"https:\/\/www.24gliwice.pl\/wiadomosci\/#\/schema\/logo\/image\/"},"sameAs":["https:\/\/www.facebook.com\/24gliwice","https:\/\/x.com\/24gliwice","https:\/\/www.youtube.com\/@24gliwice"]},{"@type":"Person","@id":"https:\/\/www.24gliwice.pl\/wiadomosci\/#\/schema\/person\/e42c650edd7f2fa332be3811fb166b6e","name":"\u017baneta Mrozek-Siewierska","image":{"@type":"ImageObject","inLanguage":"pl-PL","@id":"https:\/\/secure.gravatar.com\/avatar\/1881429e9c64597c77ad7aef2d0a19be69a3253e57534d16aa15bf3a4d34a0a3?s=96&d=mm&r=g","url":"https:\/\/secure.gravatar.com\/avatar\/1881429e9c64597c77ad7aef2d0a19be69a3253e57534d16aa15bf3a4d34a0a3?s=96&d=mm&r=g","contentUrl":"https:\/\/secure.gravatar.com\/avatar\/1881429e9c64597c77ad7aef2d0a19be69a3253e57534d16aa15bf3a4d34a0a3?s=96&d=mm&r=g","caption":"\u017baneta Mrozek-Siewierska"},"url":"https:\/\/www.24gliwice.pl\/wiadomosci\/author\/zms\/"}]}},"_links":{"self":[{"href":"https:\/\/www.24gliwice.pl\/wiadomosci\/wp-json\/wp\/v2\/posts\/116459","targetHints":{"allow":["GET"]}}],"collection":[{"href":"https:\/\/www.24gliwice.pl\/wiadomosci\/wp-json\/wp\/v2\/posts"}],"about":[{"href":"https:\/\/www.24gliwice.pl\/wiadomosci\/wp-json\/wp\/v2\/types\/post"}],"author":[{"embeddable":true,"href":"https:\/\/www.24gliwice.pl\/wiadomosci\/wp-json\/wp\/v2\/users\/15"}],"replies":[{"embeddable":true,"href":"https:\/\/www.24gliwice.pl\/wiadomosci\/wp-json\/wp\/v2\/comments?post=116459"}],"version-history":[{"count":0,"href":"https:\/\/www.24gliwice.pl\/wiadomosci\/wp-json\/wp\/v2\/posts\/116459\/revisions"}],"wp:featuredmedia":[{"embeddable":true,"href":"https:\/\/www.24gliwice.pl\/wiadomosci\/wp-json\/wp\/v2\/media\/116464"}],"wp:attachment":[{"href":"https:\/\/www.24gliwice.pl\/wiadomosci\/wp-json\/wp\/v2\/media?parent=116459"}],"wp:term":[{"taxonomy":"category","embeddable":true,"href":"https:\/\/www.24gliwice.pl\/wiadomosci\/wp-json\/wp\/v2\/categories?post=116459"},{"taxonomy":"post_tag","embeddable":true,"href":"https:\/\/www.24gliwice.pl\/wiadomosci\/wp-json\/wp\/v2\/tags?post=116459"}],"curies":[{"name":"wp","href":"https:\/\/api.w.org\/{rel}","templated":true}]}}