{"id":116537,"date":"2018-04-30T01:05:12","date_gmt":"2018-04-29T23:05:12","guid":{"rendered":"https:\/\/www.24gliwice.pl\/wiadomosci\/?p=116537"},"modified":"2018-05-01T15:08:48","modified_gmt":"2018-05-01T13:08:48","slug":"oswiadczenie-w-sprawie-nieprawdziwych-informacji-rozpowszechnianych-przez-p-roberta-neumanna","status":"publish","type":"post","link":"https:\/\/www.24gliwice.pl\/wiadomosci\/oswiadczenie-w-sprawie-nieprawdziwych-informacji-rozpowszechnianych-przez-p-roberta-neumanna\/","title":{"rendered":"O\u015bwiadczenie w sprawie nieprawdziwych informacji rozpowszechnianych przez p. Roberta Neumanna"},"content":{"rendered":"<div class=\"gliwi-a6-nad-leadem-artykulow gliwi-entity-placement\" id=\"gliwi-3462706772\"><div class=\"gliwi-adlabel\"><span style=\"font-size: 9px\">REKLAMA<\/span><\/div><div id=\"gliwi-3000037737\" style=\"margin-bottom: 30px;margin-left: auto;margin-right: auto;text-align: center;\"><a data-no-instant=\"1\" href=\"https:\/\/przedszkole.halogen.org.pl\/\" rel=\"noopener\" class=\"a2t-link\" target=\"_blank\" aria-label=\"20260402-ANIMATOR-przedszkole_grafika_750x200\"><img loading=\"lazy\" decoding=\"async\" src=\"https:\/\/www.24gliwice.pl\/wiadomosci\/wp-content\/uploads\/2026\/04\/20260402-ANIMATOR-przedszkole_grafika_750x200.webp\" alt=\"\"  srcset=\"https:\/\/www.24gliwice.pl\/wiadomosci\/wp-content\/uploads\/2026\/04\/20260402-ANIMATOR-przedszkole_grafika_750x200.webp 750w, https:\/\/www.24gliwice.pl\/wiadomosci\/wp-content\/uploads\/2026\/04\/20260402-ANIMATOR-przedszkole_grafika_750x200-410x109.webp 410w\" sizes=\"(max-width: 750px) 100vw, 750px\" class=\"no-lazyload\" width=\"750\" height=\"200\"  style=\"display: inline-block; max-width: 100%; height: auto;\" \/><\/a><\/div><\/div><h3>W zwi\u0105zku z publikacj\u0105 i rozpowszechnianiem przez p. Roberta Neumanna, w\u0142a\u015bciciela firmy &#8220;From the Sky&#8221; nieprawdziwych informacji jakoby portal 24GLIWICE dopu\u015bci\u0142 si\u0119 &#8220;kradzie\u017cy&#8221; zdj\u0119cia &#8220;Areny Gliwice&#8221; poprzez jego u\u017cycie <a href=\"https:\/\/www.24gliwice.pl\/wiadomosci\/rozpoczynamy-wydarzeniami-wokol-areny-na-poczatek-bieg-rajd-miejski-i-dni-otwarte-tv\/\"> w materiale telewizyjnym<\/a>, o\u015bwiadczamy:<\/h3>\n<p>&#8211; Zdj\u0119cie, kt\u00f3rego kradzie\u017c zarzuca nam p. Robert Neumann, redakcja 24GLIWICE otrzyma\u0142a w dniu 26 kwietnia 2018 oficjaln\u0105 drog\u0105 jako cz\u0119\u015b\u0107 pakietu prasowego dotycz\u0105cego harmonogramu imprez, od Agencji Marketingowej MOMA, za wiedz\u0105 i zgod\u0105 Urz\u0119du Miejskiego w Gliwicach. <strong>Zdj\u0119cie pozyskane zosta\u0142o wi\u0119c ca\u0142kowicie LEGALNIE.<\/strong><\/p>\n<p>&#8211; O ile nie ma wyra\u017anego zastrze\u017cenia, otrzymanie pakietu prasowego jest <strong>r\u00f3wnoznaczne z prawem do dowolnego wykorzystania materia\u0142\u00f3w w publikacji<\/strong>. W pakiecie znalaz\u0142y si\u0119 zdj\u0119cia r\u00f3\u017cnych autor\u00f3w, kt\u00f3re nie zawiera\u0142y znak\u00f3w wodnych ani podpis\u00f3w na fotografiach (wbrew nieprawdziwym twierdzeniom p. Roberta Neumanna). Pakiet nie by\u0142 r\u00f3wnie\u017c opatrzony klauzul\u0105 dot. sposobu, w jaki mia\u0142yby by\u0107 podpisane.<\/p><div class=\"gliwi-a3-w-tresci-artykulow gliwi-entity-placement\" id=\"gliwi-4080395502\"><div class=\"gliwi-adlabel\"><span style=\"font-size: 9px\">REKLAMA<\/span><\/div><div id=\"gliwi-2930504112\" style=\"margin-bottom: 30px;margin-left: auto;margin-right: auto;text-align: center;\"><a data-no-instant=\"1\" href=\"https:\/\/zlobek.halogen.org.pl\/\" rel=\"noopener\" class=\"a2t-link\" target=\"_blank\" aria-label=\"animator-zlobek_750x200\"><img loading=\"lazy\" decoding=\"async\" src=\"https:\/\/www.24gliwice.pl\/wiadomosci\/wp-content\/uploads\/2026\/02\/animator-zlobek_750x200.webp\" alt=\"\"  srcset=\"https:\/\/www.24gliwice.pl\/wiadomosci\/wp-content\/uploads\/2026\/02\/animator-zlobek_750x200.webp 750w, https:\/\/www.24gliwice.pl\/wiadomosci\/wp-content\/uploads\/2026\/02\/animator-zlobek_750x200-410x109.webp 410w\" sizes=\"(max-width: 750px) 100vw, 750px\" class=\"no-lazyload\" width=\"750\" height=\"200\"  style=\"display: inline-block; max-width: 100%; height: auto;\" \/><\/a><\/div><\/div>\n<p>&#8211; Kilkusekundowa migawka w materiale TV, na kt\u00f3rej widoczne by\u0142o zdj\u0119cie p. Roberta Neumanna, <strong>wbrew rozpowszechnianym przez niego nieprawdziwym twierdzeniom o braku podpisu, zosta\u0142a opatrzona, podobnie jak pozosta\u0142e legalnie wykorzystane zdj\u0119cia, widoczn\u0105 w prawym g\u00f3rnym rogu adnotacj\u0105: &#8220;Materia\u0142y prasowe UM Gliwice&#8221;.<\/strong><\/p>\n<p>&#8211; Zdj\u0119cie p. Roberta Neumanna zosta\u0142o wykonane w ramach umowy, kt\u00f3r\u0105 zawar\u0142 z Urz\u0119dem Miejskim w Gliwicach. Wg naszej wiedzy, prawa maj\u0105tkowe do fotografii przechodz\u0105 na Zamawiaj\u0105cego, tj. Urz\u0105d Miejski w Gliwicach.<\/p>\n<p>&#8211; W sytuacji ca\u0142kowicie legalnej drogi pozyskania, redakcja zdecydowa\u0142a jednak o usuni\u0119ciu zdj\u0119cia autorstwa p. Roberta Neumanna ze wszystkich materia\u0142\u00f3w ju\u017c w pi\u0105tek, 27 kwietnia. Pomimo tego, p. Neumann opublikowa\u0142 tre\u015bci szkaluj\u0105ce redakcj\u0119, dodatkowo wykupuj\u0105c p\u0142atn\u0105 promocj\u0119 w serwisie spo\u0142eczno\u015bciowym Facebook.<\/p>\n<p>&#8211; Po konsultacjach z kancelari\u0105 prawn\u0105, w najbli\u017cszych dniach rozwa\u017cymy z\u0142o\u017cenie pozwu przeciwko p. Robertowi Neumannowi za rozpowszechnianie nieprawdziwych informacji, maj\u0105ce charakter celowego dzia\u0142ania na szkod\u0119 portalu 24GLIWICE. <strong>Prosimy r\u00f3wnie\u017c wszystkich o powstrzymanie si\u0119 przed pochopnymi, cz\u0119sto niesprawiedliwymi i krzywdz\u0105cymi ocenami na podstawie jednostronnego przekazu p. Roberta Neumanna. <\/strong><\/p>\n<p><em>Wydawca 24GLIWICE<\/em><\/p>\n<div class=\"gliwi-a5-na-koncu-artykulow gliwi-entity-placement\" id=\"gliwi-2446363052\"><div class=\"gliwi-adlabel\"><span style=\"font-size: 9px\">REKLAMA<\/span><\/div><div id=\"gliwi-1707775435\" style=\"margin-left: auto;margin-right: auto;text-align: center;\"><a data-no-instant=\"1\" href=\"https:\/\/prezeroarenagliwice.pl\/\" rel=\"noopener\" class=\"a2t-link\" target=\"_blank\" aria-label=\"20260309-PREZERO-WIOSNA-D\"><img loading=\"lazy\" decoding=\"async\" src=\"https:\/\/www.24gliwice.pl\/wiadomosci\/wp-content\/uploads\/2026\/03\/20260309-PREZERO-WIOSNA-D.webp\" alt=\"\"  srcset=\"https:\/\/www.24gliwice.pl\/wiadomosci\/wp-content\/uploads\/2026\/03\/20260309-PREZERO-WIOSNA-D.webp 750w, https:\/\/www.24gliwice.pl\/wiadomosci\/wp-content\/uploads\/2026\/03\/20260309-PREZERO-WIOSNA-D-410x109.webp 410w\" sizes=\"(max-width: 750px) 100vw, 750px\" class=\"no-lazyload\" width=\"750\" height=\"200\"  style=\"display: inline-block; max-width: 100%; height: auto;\" \/><\/a><\/div><\/div>","protected":false},"excerpt":{"rendered":"<p>W zwi\u0105zku z publikacj\u0105 i rozpowszechnianiem przez p. Roberta Neumanna, w\u0142a\u015bciciela firmy &#8220;From the Sky&#8221; nieprawdziwych informacji jakoby portal 24GLIWICE dopu\u015bci\u0142 si\u0119 &#8220;kradzie\u017cy&#8221; zdj\u0119cia &#8220;Areny Gliwice&#8221; poprzez jego u\u017cycie w materiale telewizyjnym, o\u015bwiadczamy: &#8211; Zdj\u0119cie, kt\u00f3rego kradzie\u017c zarzuca nam p. Robert Neumann, redakcja 24GLIWICE otrzyma\u0142a w dniu 26 kwietnia 2018 oficjaln\u0105 drog\u0105 jako cz\u0119\u015b\u0107 pakietu [&hellip;]<\/p>\n","protected":false},"author":4,"featured_media":116557,"comment_status":"closed","ping_status":"closed","sticky":false,"template":"","format":"standard","meta":{"_monsterinsights_skip_tracking":false,"_monsterinsights_sitenote_active":false,"_monsterinsights_sitenote_note":"","_monsterinsights_sitenote_category":0,"footnotes":"","_links_to":"","_links_to_target":""},"categories":[1,9],"tags":[],"class_list":["post-116537","post","type-post","status-publish","format-standard","has-post-thumbnail","hentry","category-wszystko","category-aktualnosci_lokalne"],"yoast_head":"<!-- This site is optimized with the Yoast SEO plugin v27.5 - https:\/\/yoast.com\/product\/yoast-seo-wordpress\/ -->\n<title>O\u015bwiadczenie w sprawie nieprawdziwych informacji rozpowszechnianych przez p. Roberta Neumanna - 24GLIWICE - Portal Gliwice | codziennie nowe informacje<\/title>\n<meta name=\"robots\" content=\"index, follow, max-snippet:-1, max-image-preview:large, max-video-preview:-1\" \/>\n<link rel=\"canonical\" href=\"https:\/\/www.24gliwice.pl\/wiadomosci\/oswiadczenie-w-sprawie-nieprawdziwych-informacji-rozpowszechnianych-przez-p-roberta-neumanna\/\" \/>\n<meta property=\"og:locale\" content=\"pl_PL\" \/>\n<meta property=\"og:type\" content=\"article\" \/>\n<meta property=\"og:title\" content=\"O\u015bwiadczenie w sprawie nieprawdziwych informacji rozpowszechnianych przez p. Roberta Neumanna - 24GLIWICE - Portal Gliwice | codziennie nowe informacje\" \/>\n<meta property=\"og:description\" content=\"W zwi\u0105zku z publikacj\u0105 i rozpowszechnianiem przez p. Roberta Neumanna, w\u0142a\u015bciciela firmy &#8220;From the Sky&#8221; nieprawdziwych informacji jakoby portal 24GLIWICE dopu\u015bci\u0142 si\u0119 &#8220;kradzie\u017cy&#8221; zdj\u0119cia &#8220;Areny Gliwice&#8221; poprzez jego u\u017cycie w materiale telewizyjnym, o\u015bwiadczamy: &#8211; Zdj\u0119cie, kt\u00f3rego kradzie\u017c zarzuca nam p. Robert Neumann, redakcja 24GLIWICE otrzyma\u0142a w dniu 26 kwietnia 2018 oficjaln\u0105 drog\u0105 jako cz\u0119\u015b\u0107 pakietu [&hellip;]\" \/>\n<meta property=\"og:url\" content=\"https:\/\/www.24gliwice.pl\/wiadomosci\/oswiadczenie-w-sprawie-nieprawdziwych-informacji-rozpowszechnianych-przez-p-roberta-neumanna\/\" \/>\n<meta property=\"og:site_name\" content=\"24GLIWICE - Portal Gliwice | codziennie nowe informacje\" \/>\n<meta property=\"article:publisher\" content=\"https:\/\/www.facebook.com\/24gliwice\" \/>\n<meta property=\"article:author\" content=\"https:\/\/www.facebook.com\/marcin.fabrykowski\" \/>\n<meta property=\"article:published_time\" content=\"2018-04-29T23:05:12+00:00\" \/>\n<meta property=\"article:modified_time\" content=\"2018-05-01T13:08:48+00:00\" \/>\n<meta property=\"og:image\" content=\"https:\/\/www.24gliwice.pl\/wiadomosci\/wp-content\/uploads\/2018\/04\/1-fromthesky-001.jpg\" \/>\n\t<meta property=\"og:image:width\" content=\"810\" \/>\n\t<meta property=\"og:image:height\" content=\"455\" \/>\n\t<meta property=\"og:image:type\" content=\"image\/jpeg\" \/>\n<meta name=\"author\" content=\"Marcin Fabrykowski\" \/>\n<meta name=\"twitter:card\" content=\"summary_large_image\" \/>\n<meta name=\"twitter:creator\" content=\"@24gliwice\" \/>\n<meta name=\"twitter:site\" content=\"@24gliwice\" \/>\n<meta name=\"twitter:label1\" content=\"Napisane przez\" \/>\n\t<meta name=\"twitter:data1\" content=\"Marcin Fabrykowski\" \/>\n\t<meta name=\"twitter:label2\" content=\"Szacowany czas czytania\" \/>\n\t<meta name=\"twitter:data2\" content=\"2 minuty\" \/>\n<script type=\"application\/ld+json\" class=\"yoast-schema-graph\">{\"@context\":\"https:\\\/\\\/schema.org\",\"@graph\":[{\"@type\":\"Article\",\"@id\":\"https:\\\/\\\/www.24gliwice.pl\\\/wiadomosci\\\/oswiadczenie-w-sprawie-nieprawdziwych-informacji-rozpowszechnianych-przez-p-roberta-neumanna\\\/#article\",\"isPartOf\":{\"@id\":\"https:\\\/\\\/www.24gliwice.pl\\\/wiadomosci\\\/oswiadczenie-w-sprawie-nieprawdziwych-informacji-rozpowszechnianych-przez-p-roberta-neumanna\\\/\"},\"author\":{\"name\":\"Marcin Fabrykowski\",\"@id\":\"https:\\\/\\\/www.24gliwice.pl\\\/wiadomosci\\\/#\\\/schema\\\/person\\\/cb5857e4a4d048c15984c1edcc8ef0c0\"},\"headline\":\"O\u015bwiadczenie w sprawie nieprawdziwych informacji rozpowszechnianych przez p. Roberta Neumanna\",\"datePublished\":\"2018-04-29T23:05:12+00:00\",\"dateModified\":\"2018-05-01T13:08:48+00:00\",\"mainEntityOfPage\":{\"@id\":\"https:\\\/\\\/www.24gliwice.pl\\\/wiadomosci\\\/oswiadczenie-w-sprawie-nieprawdziwych-informacji-rozpowszechnianych-przez-p-roberta-neumanna\\\/\"},\"wordCount\":371,\"publisher\":{\"@id\":\"https:\\\/\\\/www.24gliwice.pl\\\/wiadomosci\\\/#organization\"},\"image\":{\"@id\":\"https:\\\/\\\/www.24gliwice.pl\\\/wiadomosci\\\/oswiadczenie-w-sprawie-nieprawdziwych-informacji-rozpowszechnianych-przez-p-roberta-neumanna\\\/#primaryimage\"},\"thumbnailUrl\":\"https:\\\/\\\/www.24gliwice.pl\\\/wiadomosci\\\/wp-content\\\/uploads\\\/2018\\\/04\\\/1-fromthesky-001.jpg\",\"articleSection\":[\"Najnowsze wiadomo\u015bci\",\"Portal Gliwice - Wiadomo\u015bci lokalne\"],\"inLanguage\":\"pl-PL\"},{\"@type\":\"WebPage\",\"@id\":\"https:\\\/\\\/www.24gliwice.pl\\\/wiadomosci\\\/oswiadczenie-w-sprawie-nieprawdziwych-informacji-rozpowszechnianych-przez-p-roberta-neumanna\\\/\",\"url\":\"https:\\\/\\\/www.24gliwice.pl\\\/wiadomosci\\\/oswiadczenie-w-sprawie-nieprawdziwych-informacji-rozpowszechnianych-przez-p-roberta-neumanna\\\/\",\"name\":\"O\u015bwiadczenie w sprawie nieprawdziwych informacji rozpowszechnianych przez p. Roberta Neumanna - 24GLIWICE - Portal Gliwice | codziennie nowe informacje\",\"isPartOf\":{\"@id\":\"https:\\\/\\\/www.24gliwice.pl\\\/wiadomosci\\\/#website\"},\"primaryImageOfPage\":{\"@id\":\"https:\\\/\\\/www.24gliwice.pl\\\/wiadomosci\\\/oswiadczenie-w-sprawie-nieprawdziwych-informacji-rozpowszechnianych-przez-p-roberta-neumanna\\\/#primaryimage\"},\"image\":{\"@id\":\"https:\\\/\\\/www.24gliwice.pl\\\/wiadomosci\\\/oswiadczenie-w-sprawie-nieprawdziwych-informacji-rozpowszechnianych-przez-p-roberta-neumanna\\\/#primaryimage\"},\"thumbnailUrl\":\"https:\\\/\\\/www.24gliwice.pl\\\/wiadomosci\\\/wp-content\\\/uploads\\\/2018\\\/04\\\/1-fromthesky-001.jpg\",\"datePublished\":\"2018-04-29T23:05:12+00:00\",\"dateModified\":\"2018-05-01T13:08:48+00:00\",\"breadcrumb\":{\"@id\":\"https:\\\/\\\/www.24gliwice.pl\\\/wiadomosci\\\/oswiadczenie-w-sprawie-nieprawdziwych-informacji-rozpowszechnianych-przez-p-roberta-neumanna\\\/#breadcrumb\"},\"inLanguage\":\"pl-PL\",\"potentialAction\":[{\"@type\":\"ReadAction\",\"target\":[\"https:\\\/\\\/www.24gliwice.pl\\\/wiadomosci\\\/oswiadczenie-w-sprawie-nieprawdziwych-informacji-rozpowszechnianych-przez-p-roberta-neumanna\\\/\"]}]},{\"@type\":\"ImageObject\",\"inLanguage\":\"pl-PL\",\"@id\":\"https:\\\/\\\/www.24gliwice.pl\\\/wiadomosci\\\/oswiadczenie-w-sprawie-nieprawdziwych-informacji-rozpowszechnianych-przez-p-roberta-neumanna\\\/#primaryimage\",\"url\":\"https:\\\/\\\/www.24gliwice.pl\\\/wiadomosci\\\/wp-content\\\/uploads\\\/2018\\\/04\\\/1-fromthesky-001.jpg\",\"contentUrl\":\"https:\\\/\\\/www.24gliwice.pl\\\/wiadomosci\\\/wp-content\\\/uploads\\\/2018\\\/04\\\/1-fromthesky-001.jpg\",\"width\":810,\"height\":455},{\"@type\":\"BreadcrumbList\",\"@id\":\"https:\\\/\\\/www.24gliwice.pl\\\/wiadomosci\\\/oswiadczenie-w-sprawie-nieprawdziwych-informacji-rozpowszechnianych-przez-p-roberta-neumanna\\\/#breadcrumb\",\"itemListElement\":[{\"@type\":\"ListItem\",\"position\":1,\"name\":\"Strona g\u0142\u00f3wna\",\"item\":\"https:\\\/\\\/www.24gliwice.pl\\\/wiadomosci\\\/\"},{\"@type\":\"ListItem\",\"position\":2,\"name\":\"O\u015bwiadczenie w sprawie nieprawdziwych informacji rozpowszechnianych przez p. Roberta Neumanna\"}]},{\"@type\":\"WebSite\",\"@id\":\"https:\\\/\\\/www.24gliwice.pl\\\/wiadomosci\\\/#website\",\"url\":\"https:\\\/\\\/www.24gliwice.pl\\\/wiadomosci\\\/\",\"name\":\"24GLIWICE - Portal Gliwice | codziennie nowe wiadomo\u015bci\",\"description\":\"Portal Miejski Gliwice\",\"publisher\":{\"@id\":\"https:\\\/\\\/www.24gliwice.pl\\\/wiadomosci\\\/#organization\"},\"potentialAction\":[{\"@type\":\"SearchAction\",\"target\":{\"@type\":\"EntryPoint\",\"urlTemplate\":\"https:\\\/\\\/www.24gliwice.pl\\\/wiadomosci\\\/?s={search_term_string}\"},\"query-input\":{\"@type\":\"PropertyValueSpecification\",\"valueRequired\":true,\"valueName\":\"search_term_string\"}}],\"inLanguage\":\"pl-PL\"},{\"@type\":\"Organization\",\"@id\":\"https:\\\/\\\/www.24gliwice.pl\\\/wiadomosci\\\/#organization\",\"name\":\"24gliwice\",\"url\":\"https:\\\/\\\/www.24gliwice.pl\\\/wiadomosci\\\/\",\"logo\":{\"@type\":\"ImageObject\",\"inLanguage\":\"pl-PL\",\"@id\":\"https:\\\/\\\/www.24gliwice.pl\\\/wiadomosci\\\/#\\\/schema\\\/logo\\\/image\\\/\",\"url\":\"https:\\\/\\\/www.24gliwice.pl\\\/wiadomosci\\\/wp-content\\\/uploads\\\/2024\\\/10\\\/24gliwice-logo-696.jpg\",\"contentUrl\":\"https:\\\/\\\/www.24gliwice.pl\\\/wiadomosci\\\/wp-content\\\/uploads\\\/2024\\\/10\\\/24gliwice-logo-696.jpg\",\"width\":696,\"height\":696,\"caption\":\"24gliwice\"},\"image\":{\"@id\":\"https:\\\/\\\/www.24gliwice.pl\\\/wiadomosci\\\/#\\\/schema\\\/logo\\\/image\\\/\"},\"sameAs\":[\"https:\\\/\\\/www.facebook.com\\\/24gliwice\",\"https:\\\/\\\/x.com\\\/24gliwice\",\"https:\\\/\\\/www.youtube.com\\\/@24gliwice\"]},{\"@type\":\"Person\",\"@id\":\"https:\\\/\\\/www.24gliwice.pl\\\/wiadomosci\\\/#\\\/schema\\\/person\\\/cb5857e4a4d048c15984c1edcc8ef0c0\",\"name\":\"Marcin Fabrykowski\",\"image\":{\"@type\":\"ImageObject\",\"inLanguage\":\"pl-PL\",\"@id\":\"https:\\\/\\\/www.24gliwice.pl\\\/wiadomosci\\\/wp-content\\\/uploads\\\/2025\\\/11\\\/zdjecie-moje-marcin-300-96x96.jpg\",\"url\":\"https:\\\/\\\/www.24gliwice.pl\\\/wiadomosci\\\/wp-content\\\/uploads\\\/2025\\\/11\\\/zdjecie-moje-marcin-300-96x96.jpg\",\"contentUrl\":\"https:\\\/\\\/www.24gliwice.pl\\\/wiadomosci\\\/wp-content\\\/uploads\\\/2025\\\/11\\\/zdjecie-moje-marcin-300-96x96.jpg\",\"caption\":\"Marcin Fabrykowski\"},\"sameAs\":[\"http:\\\/\\\/24gliwice.pl\",\"https:\\\/\\\/www.facebook.com\\\/marcin.fabrykowski\"],\"url\":\"https:\\\/\\\/www.24gliwice.pl\\\/wiadomosci\\\/author\\\/marcin-fabrykowski\\\/\"}]}<\/script>\n<!-- \/ Yoast SEO plugin. -->","yoast_head_json":{"title":"O\u015bwiadczenie w sprawie nieprawdziwych informacji rozpowszechnianych przez p. Roberta Neumanna - 24GLIWICE - Portal Gliwice | codziennie nowe informacje","robots":{"index":"index","follow":"follow","max-snippet":"max-snippet:-1","max-image-preview":"max-image-preview:large","max-video-preview":"max-video-preview:-1"},"canonical":"https:\/\/www.24gliwice.pl\/wiadomosci\/oswiadczenie-w-sprawie-nieprawdziwych-informacji-rozpowszechnianych-przez-p-roberta-neumanna\/","og_locale":"pl_PL","og_type":"article","og_title":"O\u015bwiadczenie w sprawie nieprawdziwych informacji rozpowszechnianych przez p. Roberta Neumanna - 24GLIWICE - Portal Gliwice | codziennie nowe informacje","og_description":"W zwi\u0105zku z publikacj\u0105 i rozpowszechnianiem przez p. Roberta Neumanna, w\u0142a\u015bciciela firmy &#8220;From the Sky&#8221; nieprawdziwych informacji jakoby portal 24GLIWICE dopu\u015bci\u0142 si\u0119 &#8220;kradzie\u017cy&#8221; zdj\u0119cia &#8220;Areny Gliwice&#8221; poprzez jego u\u017cycie w materiale telewizyjnym, o\u015bwiadczamy: &#8211; Zdj\u0119cie, kt\u00f3rego kradzie\u017c zarzuca nam p. Robert Neumann, redakcja 24GLIWICE otrzyma\u0142a w dniu 26 kwietnia 2018 oficjaln\u0105 drog\u0105 jako cz\u0119\u015b\u0107 pakietu [&hellip;]","og_url":"https:\/\/www.24gliwice.pl\/wiadomosci\/oswiadczenie-w-sprawie-nieprawdziwych-informacji-rozpowszechnianych-przez-p-roberta-neumanna\/","og_site_name":"24GLIWICE - Portal Gliwice | codziennie nowe informacje","article_publisher":"https:\/\/www.facebook.com\/24gliwice","article_author":"https:\/\/www.facebook.com\/marcin.fabrykowski","article_published_time":"2018-04-29T23:05:12+00:00","article_modified_time":"2018-05-01T13:08:48+00:00","og_image":[{"width":810,"height":455,"url":"https:\/\/www.24gliwice.pl\/wiadomosci\/wp-content\/uploads\/2018\/04\/1-fromthesky-001.jpg","type":"image\/jpeg"}],"author":"Marcin Fabrykowski","twitter_card":"summary_large_image","twitter_creator":"@24gliwice","twitter_site":"@24gliwice","twitter_misc":{"Napisane przez":"Marcin Fabrykowski","Szacowany czas czytania":"2 minuty"},"schema":{"@context":"https:\/\/schema.org","@graph":[{"@type":"Article","@id":"https:\/\/www.24gliwice.pl\/wiadomosci\/oswiadczenie-w-sprawie-nieprawdziwych-informacji-rozpowszechnianych-przez-p-roberta-neumanna\/#article","isPartOf":{"@id":"https:\/\/www.24gliwice.pl\/wiadomosci\/oswiadczenie-w-sprawie-nieprawdziwych-informacji-rozpowszechnianych-przez-p-roberta-neumanna\/"},"author":{"name":"Marcin Fabrykowski","@id":"https:\/\/www.24gliwice.pl\/wiadomosci\/#\/schema\/person\/cb5857e4a4d048c15984c1edcc8ef0c0"},"headline":"O\u015bwiadczenie w sprawie nieprawdziwych informacji rozpowszechnianych przez p. Roberta Neumanna","datePublished":"2018-04-29T23:05:12+00:00","dateModified":"2018-05-01T13:08:48+00:00","mainEntityOfPage":{"@id":"https:\/\/www.24gliwice.pl\/wiadomosci\/oswiadczenie-w-sprawie-nieprawdziwych-informacji-rozpowszechnianych-przez-p-roberta-neumanna\/"},"wordCount":371,"publisher":{"@id":"https:\/\/www.24gliwice.pl\/wiadomosci\/#organization"},"image":{"@id":"https:\/\/www.24gliwice.pl\/wiadomosci\/oswiadczenie-w-sprawie-nieprawdziwych-informacji-rozpowszechnianych-przez-p-roberta-neumanna\/#primaryimage"},"thumbnailUrl":"https:\/\/www.24gliwice.pl\/wiadomosci\/wp-content\/uploads\/2018\/04\/1-fromthesky-001.jpg","articleSection":["Najnowsze wiadomo\u015bci","Portal Gliwice - Wiadomo\u015bci lokalne"],"inLanguage":"pl-PL"},{"@type":"WebPage","@id":"https:\/\/www.24gliwice.pl\/wiadomosci\/oswiadczenie-w-sprawie-nieprawdziwych-informacji-rozpowszechnianych-przez-p-roberta-neumanna\/","url":"https:\/\/www.24gliwice.pl\/wiadomosci\/oswiadczenie-w-sprawie-nieprawdziwych-informacji-rozpowszechnianych-przez-p-roberta-neumanna\/","name":"O\u015bwiadczenie w sprawie nieprawdziwych informacji rozpowszechnianych przez p. Roberta Neumanna - 24GLIWICE - Portal Gliwice | codziennie nowe informacje","isPartOf":{"@id":"https:\/\/www.24gliwice.pl\/wiadomosci\/#website"},"primaryImageOfPage":{"@id":"https:\/\/www.24gliwice.pl\/wiadomosci\/oswiadczenie-w-sprawie-nieprawdziwych-informacji-rozpowszechnianych-przez-p-roberta-neumanna\/#primaryimage"},"image":{"@id":"https:\/\/www.24gliwice.pl\/wiadomosci\/oswiadczenie-w-sprawie-nieprawdziwych-informacji-rozpowszechnianych-przez-p-roberta-neumanna\/#primaryimage"},"thumbnailUrl":"https:\/\/www.24gliwice.pl\/wiadomosci\/wp-content\/uploads\/2018\/04\/1-fromthesky-001.jpg","datePublished":"2018-04-29T23:05:12+00:00","dateModified":"2018-05-01T13:08:48+00:00","breadcrumb":{"@id":"https:\/\/www.24gliwice.pl\/wiadomosci\/oswiadczenie-w-sprawie-nieprawdziwych-informacji-rozpowszechnianych-przez-p-roberta-neumanna\/#breadcrumb"},"inLanguage":"pl-PL","potentialAction":[{"@type":"ReadAction","target":["https:\/\/www.24gliwice.pl\/wiadomosci\/oswiadczenie-w-sprawie-nieprawdziwych-informacji-rozpowszechnianych-przez-p-roberta-neumanna\/"]}]},{"@type":"ImageObject","inLanguage":"pl-PL","@id":"https:\/\/www.24gliwice.pl\/wiadomosci\/oswiadczenie-w-sprawie-nieprawdziwych-informacji-rozpowszechnianych-przez-p-roberta-neumanna\/#primaryimage","url":"https:\/\/www.24gliwice.pl\/wiadomosci\/wp-content\/uploads\/2018\/04\/1-fromthesky-001.jpg","contentUrl":"https:\/\/www.24gliwice.pl\/wiadomosci\/wp-content\/uploads\/2018\/04\/1-fromthesky-001.jpg","width":810,"height":455},{"@type":"BreadcrumbList","@id":"https:\/\/www.24gliwice.pl\/wiadomosci\/oswiadczenie-w-sprawie-nieprawdziwych-informacji-rozpowszechnianych-przez-p-roberta-neumanna\/#breadcrumb","itemListElement":[{"@type":"ListItem","position":1,"name":"Strona g\u0142\u00f3wna","item":"https:\/\/www.24gliwice.pl\/wiadomosci\/"},{"@type":"ListItem","position":2,"name":"O\u015bwiadczenie w sprawie nieprawdziwych informacji rozpowszechnianych przez p. Roberta Neumanna"}]},{"@type":"WebSite","@id":"https:\/\/www.24gliwice.pl\/wiadomosci\/#website","url":"https:\/\/www.24gliwice.pl\/wiadomosci\/","name":"24GLIWICE - Portal Gliwice | codziennie nowe wiadomo\u015bci","description":"Portal Miejski Gliwice","publisher":{"@id":"https:\/\/www.24gliwice.pl\/wiadomosci\/#organization"},"potentialAction":[{"@type":"SearchAction","target":{"@type":"EntryPoint","urlTemplate":"https:\/\/www.24gliwice.pl\/wiadomosci\/?s={search_term_string}"},"query-input":{"@type":"PropertyValueSpecification","valueRequired":true,"valueName":"search_term_string"}}],"inLanguage":"pl-PL"},{"@type":"Organization","@id":"https:\/\/www.24gliwice.pl\/wiadomosci\/#organization","name":"24gliwice","url":"https:\/\/www.24gliwice.pl\/wiadomosci\/","logo":{"@type":"ImageObject","inLanguage":"pl-PL","@id":"https:\/\/www.24gliwice.pl\/wiadomosci\/#\/schema\/logo\/image\/","url":"https:\/\/www.24gliwice.pl\/wiadomosci\/wp-content\/uploads\/2024\/10\/24gliwice-logo-696.jpg","contentUrl":"https:\/\/www.24gliwice.pl\/wiadomosci\/wp-content\/uploads\/2024\/10\/24gliwice-logo-696.jpg","width":696,"height":696,"caption":"24gliwice"},"image":{"@id":"https:\/\/www.24gliwice.pl\/wiadomosci\/#\/schema\/logo\/image\/"},"sameAs":["https:\/\/www.facebook.com\/24gliwice","https:\/\/x.com\/24gliwice","https:\/\/www.youtube.com\/@24gliwice"]},{"@type":"Person","@id":"https:\/\/www.24gliwice.pl\/wiadomosci\/#\/schema\/person\/cb5857e4a4d048c15984c1edcc8ef0c0","name":"Marcin Fabrykowski","image":{"@type":"ImageObject","inLanguage":"pl-PL","@id":"https:\/\/www.24gliwice.pl\/wiadomosci\/wp-content\/uploads\/2025\/11\/zdjecie-moje-marcin-300-96x96.jpg","url":"https:\/\/www.24gliwice.pl\/wiadomosci\/wp-content\/uploads\/2025\/11\/zdjecie-moje-marcin-300-96x96.jpg","contentUrl":"https:\/\/www.24gliwice.pl\/wiadomosci\/wp-content\/uploads\/2025\/11\/zdjecie-moje-marcin-300-96x96.jpg","caption":"Marcin Fabrykowski"},"sameAs":["http:\/\/24gliwice.pl","https:\/\/www.facebook.com\/marcin.fabrykowski"],"url":"https:\/\/www.24gliwice.pl\/wiadomosci\/author\/marcin-fabrykowski\/"}]}},"_links":{"self":[{"href":"https:\/\/www.24gliwice.pl\/wiadomosci\/wp-json\/wp\/v2\/posts\/116537","targetHints":{"allow":["GET"]}}],"collection":[{"href":"https:\/\/www.24gliwice.pl\/wiadomosci\/wp-json\/wp\/v2\/posts"}],"about":[{"href":"https:\/\/www.24gliwice.pl\/wiadomosci\/wp-json\/wp\/v2\/types\/post"}],"author":[{"embeddable":true,"href":"https:\/\/www.24gliwice.pl\/wiadomosci\/wp-json\/wp\/v2\/users\/4"}],"replies":[{"embeddable":true,"href":"https:\/\/www.24gliwice.pl\/wiadomosci\/wp-json\/wp\/v2\/comments?post=116537"}],"version-history":[{"count":0,"href":"https:\/\/www.24gliwice.pl\/wiadomosci\/wp-json\/wp\/v2\/posts\/116537\/revisions"}],"wp:featuredmedia":[{"embeddable":true,"href":"https:\/\/www.24gliwice.pl\/wiadomosci\/wp-json\/wp\/v2\/media\/116557"}],"wp:attachment":[{"href":"https:\/\/www.24gliwice.pl\/wiadomosci\/wp-json\/wp\/v2\/media?parent=116537"}],"wp:term":[{"taxonomy":"category","embeddable":true,"href":"https:\/\/www.24gliwice.pl\/wiadomosci\/wp-json\/wp\/v2\/categories?post=116537"},{"taxonomy":"post_tag","embeddable":true,"href":"https:\/\/www.24gliwice.pl\/wiadomosci\/wp-json\/wp\/v2\/tags?post=116537"}],"curies":[{"name":"wp","href":"https:\/\/api.w.org\/{rel}","templated":true}]}}