{"id":116571,"date":"2018-05-02T01:48:53","date_gmt":"2018-05-01T23:48:53","guid":{"rendered":"https:\/\/www.24gliwice.pl\/wiadomosci\/?p=116571"},"modified":"2018-05-02T01:48:53","modified_gmt":"2018-05-01T23:48:53","slug":"politechnika-slaska-chce-miec-swoja-maskotke-uczelnia-oglosila-wlasnie-konkurs-na-projekt","status":"publish","type":"post","link":"https:\/\/www.24gliwice.pl\/wiadomosci\/politechnika-slaska-chce-miec-swoja-maskotke-uczelnia-oglosila-wlasnie-konkurs-na-projekt\/","title":{"rendered":"Politechnika \u015al\u0105ska chce mie\u0107 swoj\u0105&#8230; maskotk\u0119. Uczelnia og\u0142osi\u0142a w\u0142a\u015bnie konkurs na projekt"},"content":{"rendered":"<div class=\"gliwi-a6-nad-leadem-artykulow gliwi-entity-placement\" id=\"gliwi-1021657973\"><div class=\"gliwi-adlabel\"><span style=\"font-size: 9px\">REKLAMA<\/span><\/div><div id=\"gliwi-654905298\" style=\"margin-bottom: 30px;margin-left: auto;margin-right: auto;text-align: center;\"><a data-no-instant=\"1\" href=\"https:\/\/przedszkole.halogen.org.pl\/\" rel=\"noopener\" class=\"a2t-link\" target=\"_blank\" aria-label=\"20260402-ANIMATOR-przedszkole_grafika_750x200\"><img loading=\"lazy\" decoding=\"async\" src=\"https:\/\/www.24gliwice.pl\/wiadomosci\/wp-content\/uploads\/2026\/04\/20260402-ANIMATOR-przedszkole_grafika_750x200.webp\" alt=\"\"  srcset=\"https:\/\/www.24gliwice.pl\/wiadomosci\/wp-content\/uploads\/2026\/04\/20260402-ANIMATOR-przedszkole_grafika_750x200.webp 750w, https:\/\/www.24gliwice.pl\/wiadomosci\/wp-content\/uploads\/2026\/04\/20260402-ANIMATOR-przedszkole_grafika_750x200-410x109.webp 410w\" sizes=\"(max-width: 750px) 100vw, 750px\" class=\"no-lazyload\" width=\"750\" height=\"200\"  style=\"display: inline-block; max-width: 100%; height: auto;\" \/><\/a><\/div><\/div><h3>Rusza konkurs na koncepcj\u0119 maskotki wraz z jej nazw\u0105 dla Politechniki \u015al\u0105skiej. Do wygrania s\u0105 3 tys. z\u0142otych. Konkurs ma charakter otwarty i og\u00f3lnopolski. Maskotka b\u0119dzie wykorzystywana jako element promocji uczelni.<\/h3>\n<p>Liczy si\u0119 pomys\u0142 i zgodno\u015b\u0107 koncepcji z misj\u0105, wizj\u0105 oraz warto\u015bciami Politechniki \u015al\u0105skiej. Termin zg\u0142aszania prac konkursowych mija 31 maja.<\/p>\n<p>Celem konkursu jest wyb\u00f3r koncepcji maskotki oraz jej nazwy. Wybrana koncepcja mo\u017ce by\u0107 kompleksowym rozwi\u0105zaniem lub stanowi\u0107 inspiracj\u0119 do dalszych prac.<\/p><div class=\"gliwi-a3-w-tresci-artykulow gliwi-entity-placement\" id=\"gliwi-532084416\"><div class=\"gliwi-adlabel\"><span style=\"font-size: 9px\">REKLAMA<\/span><\/div><div id=\"gliwi-4248948615\" style=\"margin-bottom: 30px;margin-left: auto;margin-right: auto;text-align: center;\"><a data-no-instant=\"1\" href=\"https:\/\/zlobek.halogen.org.pl\/\" rel=\"noopener\" class=\"a2t-link\" target=\"_blank\" aria-label=\"animator-zlobek_750x200\"><img loading=\"lazy\" decoding=\"async\" src=\"https:\/\/www.24gliwice.pl\/wiadomosci\/wp-content\/uploads\/2026\/02\/animator-zlobek_750x200.webp\" alt=\"\"  srcset=\"https:\/\/www.24gliwice.pl\/wiadomosci\/wp-content\/uploads\/2026\/02\/animator-zlobek_750x200.webp 750w, https:\/\/www.24gliwice.pl\/wiadomosci\/wp-content\/uploads\/2026\/02\/animator-zlobek_750x200-410x109.webp 410w\" sizes=\"(max-width: 750px) 100vw, 750px\" class=\"no-lazyload\" width=\"750\" height=\"200\"  style=\"display: inline-block; max-width: 100%; height: auto;\" \/><\/a><\/div><\/div>\n<p>Maskotka ma odzwierciedla\u0107 dzia\u0142alno\u015b\u0107 Politechniki \u015al\u0105skiej, budzi\u0107 pozytywne skojarzenia, promowa\u0107 warto\u015bci, jakim ho\u0142duje uczelnia, kt\u00f3ra uczestnicz\u0105c w rozwoju nauki, techniki i kultury, kszta\u0142tuje w swej spo\u0142eczno\u015bci postawy patriotyzmu, obywatelskiej odpowiedzialno\u015bci, spo\u0142ecznej aktywno\u015bci, wzajemnego szacunku i tolerancji.<\/p>\n<p>Projekt maskotki musi by\u0107 zgodny z misj\u0105 i wizj\u0105 Politechniki \u015al\u0105skiej jako presti\u017cowego, europejskiego uniwersytetu technicznego, kt\u00f3ry prowadzi innowacyjne badania naukowe i prace rozwojowe, kszta\u0142ci wysoko wykwalifikowane kadry na rzecz spo\u0142ecze\u0144stwa i gospodarki opartej na wiedzy, a tak\u017ce aktywnie wp\u0142ywa na rozw\u00f3j regionu i spo\u0142eczno\u015bci lokalnych.<\/p>\n[perfectpullquote align=&#8221;full&#8221; bordertop=&#8221;false&#8221; cite=&#8221;&#8221; link=&#8221;&#8221; color=&#8221;&#8221; class=&#8221;&#8221; size=&#8221;&#8221;]W konkursie mo\u017cna wzi\u0105\u0107 udzia\u0142 indywidualnie lub w zespole. Ka\u017cdy uczestnik mo\u017ce przedstawi\u0107 maksymalnie trzy prace. Technika opracowania koncepcji maskotki jest dowolna.[\/perfectpullquote]\n<p>Prace zostan\u0105 ocenione wed\u0142ug czterech kryteri\u00f3w: czytelno\u015b\u0107 komunikatu, innowacyjno\u015b\u0107 i pomys\u0142owo\u015b\u0107, walory estetyczne projektu oraz potencja\u0142 promocyjny. Do wygrania atrakcyjne nagrody pieni\u0119\u017cne. Zwyci\u0119ska praca zostanie nagrodzona kwot\u0105 3 tys. z\u0142, laureat drugiego miejsca otrzyma 1,5 tys. z\u0142, a trzeciego miejsca 500 z\u0142.<\/p>\n<p>Wszystkie nagrodzone i wyr\u00f3\u017cnione projekty wezm\u0105 udzia\u0142 w wystawie. Og\u0142oszenie wynik\u00f3w oraz wr\u0119czenie nagr\u00f3d nast\u0105pi do 30 czerwca. Szczeg\u00f3\u0142owe informacje oraz regulamin konkursu s\u0105 dost\u0119pne tutaj: <a href=\"https:\/\/www.24gliwice.pl\/wiadomosci\/wp-content\/uploads\/2018\/04\/Regulamin-konkursu-Koncepcja-maskotki-wraz-z-jej-nazw\u0105-dla-P\u015a.pdf\">Regulamin konkursu &#8211; Koncepcja maskotki wraz z jej nazw\u0105 dla P\u015a<\/a><\/p>\n<p>(\u017cms)\/polsl.pl<\/p>\n<div class=\"gliwi-a5-na-koncu-artykulow gliwi-entity-placement\" id=\"gliwi-772014969\"><div class=\"gliwi-adlabel\"><span style=\"font-size: 9px\">REKLAMA<\/span><\/div><div id=\"gliwi-1623987894\" style=\"margin-left: auto;margin-right: auto;text-align: center;\"><a data-no-instant=\"1\" href=\"https:\/\/www.jasek.pl\/\" rel=\"noopener\" class=\"a2t-link\" target=\"_blank\" aria-label=\"20200401-jasek 600\"><img loading=\"lazy\" decoding=\"async\" src=\"https:\/\/www.24gliwice.pl\/wiadomosci\/wp-content\/uploads\/2020\/04\/20200401-jasek-600.jpg\" alt=\"\"  srcset=\"https:\/\/www.24gliwice.pl\/wiadomosci\/wp-content\/uploads\/2020\/04\/20200401-jasek-600.jpg 600w, https:\/\/www.24gliwice.pl\/wiadomosci\/wp-content\/uploads\/2020\/04\/20200401-jasek-600-410x109.jpg 410w\" sizes=\"(max-width: 600px) 100vw, 600px\" class=\"no-lazyload\" width=\"600\" height=\"160\"  style=\"display: inline-block; max-width: 100%; height: auto;\" \/><\/a><\/div><\/div>","protected":false},"excerpt":{"rendered":"<p>Rusza konkurs na koncepcj\u0119 maskotki wraz z jej nazw\u0105 dla Politechniki \u015al\u0105skiej. Do wygrania s\u0105 3 tys. z\u0142otych. Konkurs ma charakter otwarty i og\u00f3lnopolski. Maskotka b\u0119dzie wykorzystywana jako element promocji uczelni. Liczy si\u0119 pomys\u0142 i zgodno\u015b\u0107 koncepcji z misj\u0105, wizj\u0105 oraz warto\u015bciami Politechniki \u015al\u0105skiej. Termin zg\u0142aszania prac konkursowych mija 31 maja. Celem konkursu jest wyb\u00f3r [&hellip;]<\/p>\n","protected":false},"author":15,"featured_media":0,"comment_status":"open","ping_status":"closed","sticky":false,"template":"","format":"standard","meta":{"_monsterinsights_skip_tracking":false,"_monsterinsights_sitenote_active":false,"_monsterinsights_sitenote_note":"","_monsterinsights_sitenote_category":0,"footnotes":"","_links_to":"","_links_to_target":""},"categories":[3,1],"tags":[8693,12245,8696,219],"class_list":["post-116571","post","type-post","status-publish","format-standard","hentry","category-gliwice","category-wszystko","tag-konkurs","tag-maskotka","tag-nagrody","tag-politechnika-slaska"],"yoast_head":"<!-- This site is optimized with the Yoast SEO plugin v27.5 - https:\/\/yoast.com\/product\/yoast-seo-wordpress\/ -->\n<title>Politechnika \u015al\u0105ska chce mie\u0107 swoj\u0105... maskotk\u0119. Uczelnia og\u0142osi\u0142a w\u0142a\u015bnie konkurs na projekt - 24GLIWICE - Portal Gliwice | codziennie nowe informacje<\/title>\n<meta name=\"robots\" content=\"index, follow, max-snippet:-1, max-image-preview:large, max-video-preview:-1\" \/>\n<link rel=\"canonical\" href=\"https:\/\/www.24gliwice.pl\/wiadomosci\/politechnika-slaska-chce-miec-swoja-maskotke-uczelnia-oglosila-wlasnie-konkurs-na-projekt\/\" \/>\n<meta property=\"og:locale\" content=\"pl_PL\" \/>\n<meta property=\"og:type\" content=\"article\" \/>\n<meta property=\"og:title\" content=\"Politechnika \u015al\u0105ska chce mie\u0107 swoj\u0105... maskotk\u0119. Uczelnia og\u0142osi\u0142a w\u0142a\u015bnie konkurs na projekt - 24GLIWICE - Portal Gliwice | codziennie nowe informacje\" \/>\n<meta property=\"og:description\" content=\"Rusza konkurs na koncepcj\u0119 maskotki wraz z jej nazw\u0105 dla Politechniki \u015al\u0105skiej. Do wygrania s\u0105 3 tys. z\u0142otych. Konkurs ma charakter otwarty i og\u00f3lnopolski. Maskotka b\u0119dzie wykorzystywana jako element promocji uczelni. Liczy si\u0119 pomys\u0142 i zgodno\u015b\u0107 koncepcji z misj\u0105, wizj\u0105 oraz warto\u015bciami Politechniki \u015al\u0105skiej. Termin zg\u0142aszania prac konkursowych mija 31 maja. Celem konkursu jest wyb\u00f3r [&hellip;]\" \/>\n<meta property=\"og:url\" content=\"https:\/\/www.24gliwice.pl\/wiadomosci\/politechnika-slaska-chce-miec-swoja-maskotke-uczelnia-oglosila-wlasnie-konkurs-na-projekt\/\" \/>\n<meta property=\"og:site_name\" content=\"24GLIWICE - Portal Gliwice | codziennie nowe informacje\" \/>\n<meta property=\"article:publisher\" content=\"https:\/\/www.facebook.com\/24gliwice\" \/>\n<meta property=\"article:published_time\" content=\"2018-05-01T23:48:53+00:00\" \/>\n<meta property=\"og:image\" content=\"https:\/\/www.24gliwice.pl\/wiadomosci\/wp-content\/uploads\/2018\/02\/politechnika-e1519736948934.jpg\" \/>\n\t<meta property=\"og:image:width\" content=\"810\" \/>\n\t<meta property=\"og:image:height\" content=\"456\" \/>\n\t<meta property=\"og:image:type\" content=\"image\/jpeg\" \/>\n<meta name=\"author\" content=\"\u017baneta Mrozek-Siewierska\" \/>\n<meta name=\"twitter:card\" content=\"summary_large_image\" \/>\n<meta name=\"twitter:creator\" content=\"@24gliwice\" \/>\n<meta name=\"twitter:site\" content=\"@24gliwice\" \/>\n<meta name=\"twitter:label1\" content=\"Napisane przez\" \/>\n\t<meta name=\"twitter:data1\" content=\"\u017baneta Mrozek-Siewierska\" \/>\n\t<meta name=\"twitter:label2\" content=\"Szacowany czas czytania\" \/>\n\t<meta name=\"twitter:data2\" content=\"2 minuty\" \/>\n<script type=\"application\/ld+json\" class=\"yoast-schema-graph\">{\"@context\":\"https:\\\/\\\/schema.org\",\"@graph\":[{\"@type\":\"Article\",\"@id\":\"https:\\\/\\\/www.24gliwice.pl\\\/wiadomosci\\\/politechnika-slaska-chce-miec-swoja-maskotke-uczelnia-oglosila-wlasnie-konkurs-na-projekt\\\/#article\",\"isPartOf\":{\"@id\":\"https:\\\/\\\/www.24gliwice.pl\\\/wiadomosci\\\/politechnika-slaska-chce-miec-swoja-maskotke-uczelnia-oglosila-wlasnie-konkurs-na-projekt\\\/\"},\"author\":{\"name\":\"\u017baneta Mrozek-Siewierska\",\"@id\":\"https:\\\/\\\/www.24gliwice.pl\\\/wiadomosci\\\/#\\\/schema\\\/person\\\/e42c650edd7f2fa332be3811fb166b6e\"},\"headline\":\"Politechnika \u015al\u0105ska chce mie\u0107 swoj\u0105&#8230; maskotk\u0119. Uczelnia og\u0142osi\u0142a w\u0142a\u015bnie konkurs na projekt\",\"datePublished\":\"2018-05-01T23:48:53+00:00\",\"mainEntityOfPage\":{\"@id\":\"https:\\\/\\\/www.24gliwice.pl\\\/wiadomosci\\\/politechnika-slaska-chce-miec-swoja-maskotke-uczelnia-oglosila-wlasnie-konkurs-na-projekt\\\/\"},\"wordCount\":329,\"commentCount\":0,\"publisher\":{\"@id\":\"https:\\\/\\\/www.24gliwice.pl\\\/wiadomosci\\\/#organization\"},\"keywords\":[\"KONKURS\",\"maskotka\",\"nagrody\",\"POLITECHNIKA \u015aL\u0104SKA\"],\"articleSection\":[\"Gliwice\",\"Najnowsze wiadomo\u015bci\"],\"inLanguage\":\"pl-PL\",\"potentialAction\":[{\"@type\":\"CommentAction\",\"name\":\"Comment\",\"target\":[\"https:\\\/\\\/www.24gliwice.pl\\\/wiadomosci\\\/politechnika-slaska-chce-miec-swoja-maskotke-uczelnia-oglosila-wlasnie-konkurs-na-projekt\\\/#respond\"]}]},{\"@type\":\"WebPage\",\"@id\":\"https:\\\/\\\/www.24gliwice.pl\\\/wiadomosci\\\/politechnika-slaska-chce-miec-swoja-maskotke-uczelnia-oglosila-wlasnie-konkurs-na-projekt\\\/\",\"url\":\"https:\\\/\\\/www.24gliwice.pl\\\/wiadomosci\\\/politechnika-slaska-chce-miec-swoja-maskotke-uczelnia-oglosila-wlasnie-konkurs-na-projekt\\\/\",\"name\":\"Politechnika \u015al\u0105ska chce mie\u0107 swoj\u0105... maskotk\u0119. Uczelnia og\u0142osi\u0142a w\u0142a\u015bnie konkurs na projekt - 24GLIWICE - Portal Gliwice | codziennie nowe informacje\",\"isPartOf\":{\"@id\":\"https:\\\/\\\/www.24gliwice.pl\\\/wiadomosci\\\/#website\"},\"datePublished\":\"2018-05-01T23:48:53+00:00\",\"breadcrumb\":{\"@id\":\"https:\\\/\\\/www.24gliwice.pl\\\/wiadomosci\\\/politechnika-slaska-chce-miec-swoja-maskotke-uczelnia-oglosila-wlasnie-konkurs-na-projekt\\\/#breadcrumb\"},\"inLanguage\":\"pl-PL\",\"potentialAction\":[{\"@type\":\"ReadAction\",\"target\":[\"https:\\\/\\\/www.24gliwice.pl\\\/wiadomosci\\\/politechnika-slaska-chce-miec-swoja-maskotke-uczelnia-oglosila-wlasnie-konkurs-na-projekt\\\/\"]}]},{\"@type\":\"BreadcrumbList\",\"@id\":\"https:\\\/\\\/www.24gliwice.pl\\\/wiadomosci\\\/politechnika-slaska-chce-miec-swoja-maskotke-uczelnia-oglosila-wlasnie-konkurs-na-projekt\\\/#breadcrumb\",\"itemListElement\":[{\"@type\":\"ListItem\",\"position\":1,\"name\":\"Strona g\u0142\u00f3wna\",\"item\":\"https:\\\/\\\/www.24gliwice.pl\\\/wiadomosci\\\/\"},{\"@type\":\"ListItem\",\"position\":2,\"name\":\"Politechnika \u015al\u0105ska chce mie\u0107 swoj\u0105&#8230; maskotk\u0119. Uczelnia og\u0142osi\u0142a w\u0142a\u015bnie konkurs na projekt\"}]},{\"@type\":\"WebSite\",\"@id\":\"https:\\\/\\\/www.24gliwice.pl\\\/wiadomosci\\\/#website\",\"url\":\"https:\\\/\\\/www.24gliwice.pl\\\/wiadomosci\\\/\",\"name\":\"24GLIWICE - Portal Gliwice | codziennie nowe wiadomo\u015bci\",\"description\":\"Portal Miejski Gliwice\",\"publisher\":{\"@id\":\"https:\\\/\\\/www.24gliwice.pl\\\/wiadomosci\\\/#organization\"},\"potentialAction\":[{\"@type\":\"SearchAction\",\"target\":{\"@type\":\"EntryPoint\",\"urlTemplate\":\"https:\\\/\\\/www.24gliwice.pl\\\/wiadomosci\\\/?s={search_term_string}\"},\"query-input\":{\"@type\":\"PropertyValueSpecification\",\"valueRequired\":true,\"valueName\":\"search_term_string\"}}],\"inLanguage\":\"pl-PL\"},{\"@type\":\"Organization\",\"@id\":\"https:\\\/\\\/www.24gliwice.pl\\\/wiadomosci\\\/#organization\",\"name\":\"24gliwice\",\"url\":\"https:\\\/\\\/www.24gliwice.pl\\\/wiadomosci\\\/\",\"logo\":{\"@type\":\"ImageObject\",\"inLanguage\":\"pl-PL\",\"@id\":\"https:\\\/\\\/www.24gliwice.pl\\\/wiadomosci\\\/#\\\/schema\\\/logo\\\/image\\\/\",\"url\":\"https:\\\/\\\/www.24gliwice.pl\\\/wiadomosci\\\/wp-content\\\/uploads\\\/2024\\\/10\\\/24gliwice-logo-696.jpg\",\"contentUrl\":\"https:\\\/\\\/www.24gliwice.pl\\\/wiadomosci\\\/wp-content\\\/uploads\\\/2024\\\/10\\\/24gliwice-logo-696.jpg\",\"width\":696,\"height\":696,\"caption\":\"24gliwice\"},\"image\":{\"@id\":\"https:\\\/\\\/www.24gliwice.pl\\\/wiadomosci\\\/#\\\/schema\\\/logo\\\/image\\\/\"},\"sameAs\":[\"https:\\\/\\\/www.facebook.com\\\/24gliwice\",\"https:\\\/\\\/x.com\\\/24gliwice\",\"https:\\\/\\\/www.youtube.com\\\/@24gliwice\"]},{\"@type\":\"Person\",\"@id\":\"https:\\\/\\\/www.24gliwice.pl\\\/wiadomosci\\\/#\\\/schema\\\/person\\\/e42c650edd7f2fa332be3811fb166b6e\",\"name\":\"\u017baneta Mrozek-Siewierska\",\"image\":{\"@type\":\"ImageObject\",\"inLanguage\":\"pl-PL\",\"@id\":\"https:\\\/\\\/secure.gravatar.com\\\/avatar\\\/1881429e9c64597c77ad7aef2d0a19be69a3253e57534d16aa15bf3a4d34a0a3?s=96&d=mm&r=g\",\"url\":\"https:\\\/\\\/secure.gravatar.com\\\/avatar\\\/1881429e9c64597c77ad7aef2d0a19be69a3253e57534d16aa15bf3a4d34a0a3?s=96&d=mm&r=g\",\"contentUrl\":\"https:\\\/\\\/secure.gravatar.com\\\/avatar\\\/1881429e9c64597c77ad7aef2d0a19be69a3253e57534d16aa15bf3a4d34a0a3?s=96&d=mm&r=g\",\"caption\":\"\u017baneta Mrozek-Siewierska\"},\"url\":\"https:\\\/\\\/www.24gliwice.pl\\\/wiadomosci\\\/author\\\/zms\\\/\"}]}<\/script>\n<!-- \/ Yoast SEO plugin. -->","yoast_head_json":{"title":"Politechnika \u015al\u0105ska chce mie\u0107 swoj\u0105... maskotk\u0119. Uczelnia og\u0142osi\u0142a w\u0142a\u015bnie konkurs na projekt - 24GLIWICE - Portal Gliwice | codziennie nowe informacje","robots":{"index":"index","follow":"follow","max-snippet":"max-snippet:-1","max-image-preview":"max-image-preview:large","max-video-preview":"max-video-preview:-1"},"canonical":"https:\/\/www.24gliwice.pl\/wiadomosci\/politechnika-slaska-chce-miec-swoja-maskotke-uczelnia-oglosila-wlasnie-konkurs-na-projekt\/","og_locale":"pl_PL","og_type":"article","og_title":"Politechnika \u015al\u0105ska chce mie\u0107 swoj\u0105... maskotk\u0119. Uczelnia og\u0142osi\u0142a w\u0142a\u015bnie konkurs na projekt - 24GLIWICE - Portal Gliwice | codziennie nowe informacje","og_description":"Rusza konkurs na koncepcj\u0119 maskotki wraz z jej nazw\u0105 dla Politechniki \u015al\u0105skiej. Do wygrania s\u0105 3 tys. z\u0142otych. Konkurs ma charakter otwarty i og\u00f3lnopolski. Maskotka b\u0119dzie wykorzystywana jako element promocji uczelni. Liczy si\u0119 pomys\u0142 i zgodno\u015b\u0107 koncepcji z misj\u0105, wizj\u0105 oraz warto\u015bciami Politechniki \u015al\u0105skiej. Termin zg\u0142aszania prac konkursowych mija 31 maja. Celem konkursu jest wyb\u00f3r [&hellip;]","og_url":"https:\/\/www.24gliwice.pl\/wiadomosci\/politechnika-slaska-chce-miec-swoja-maskotke-uczelnia-oglosila-wlasnie-konkurs-na-projekt\/","og_site_name":"24GLIWICE - Portal Gliwice | codziennie nowe informacje","article_publisher":"https:\/\/www.facebook.com\/24gliwice","article_published_time":"2018-05-01T23:48:53+00:00","og_image":[{"width":810,"height":456,"url":"https:\/\/www.24gliwice.pl\/wiadomosci\/wp-content\/uploads\/2018\/02\/politechnika-e1519736948934.jpg","type":"image\/jpeg"}],"author":"\u017baneta Mrozek-Siewierska","twitter_card":"summary_large_image","twitter_creator":"@24gliwice","twitter_site":"@24gliwice","twitter_misc":{"Napisane przez":"\u017baneta Mrozek-Siewierska","Szacowany czas czytania":"2 minuty"},"schema":{"@context":"https:\/\/schema.org","@graph":[{"@type":"Article","@id":"https:\/\/www.24gliwice.pl\/wiadomosci\/politechnika-slaska-chce-miec-swoja-maskotke-uczelnia-oglosila-wlasnie-konkurs-na-projekt\/#article","isPartOf":{"@id":"https:\/\/www.24gliwice.pl\/wiadomosci\/politechnika-slaska-chce-miec-swoja-maskotke-uczelnia-oglosila-wlasnie-konkurs-na-projekt\/"},"author":{"name":"\u017baneta Mrozek-Siewierska","@id":"https:\/\/www.24gliwice.pl\/wiadomosci\/#\/schema\/person\/e42c650edd7f2fa332be3811fb166b6e"},"headline":"Politechnika \u015al\u0105ska chce mie\u0107 swoj\u0105&#8230; maskotk\u0119. Uczelnia og\u0142osi\u0142a w\u0142a\u015bnie konkurs na projekt","datePublished":"2018-05-01T23:48:53+00:00","mainEntityOfPage":{"@id":"https:\/\/www.24gliwice.pl\/wiadomosci\/politechnika-slaska-chce-miec-swoja-maskotke-uczelnia-oglosila-wlasnie-konkurs-na-projekt\/"},"wordCount":329,"commentCount":0,"publisher":{"@id":"https:\/\/www.24gliwice.pl\/wiadomosci\/#organization"},"keywords":["KONKURS","maskotka","nagrody","POLITECHNIKA \u015aL\u0104SKA"],"articleSection":["Gliwice","Najnowsze wiadomo\u015bci"],"inLanguage":"pl-PL","potentialAction":[{"@type":"CommentAction","name":"Comment","target":["https:\/\/www.24gliwice.pl\/wiadomosci\/politechnika-slaska-chce-miec-swoja-maskotke-uczelnia-oglosila-wlasnie-konkurs-na-projekt\/#respond"]}]},{"@type":"WebPage","@id":"https:\/\/www.24gliwice.pl\/wiadomosci\/politechnika-slaska-chce-miec-swoja-maskotke-uczelnia-oglosila-wlasnie-konkurs-na-projekt\/","url":"https:\/\/www.24gliwice.pl\/wiadomosci\/politechnika-slaska-chce-miec-swoja-maskotke-uczelnia-oglosila-wlasnie-konkurs-na-projekt\/","name":"Politechnika \u015al\u0105ska chce mie\u0107 swoj\u0105... maskotk\u0119. Uczelnia og\u0142osi\u0142a w\u0142a\u015bnie konkurs na projekt - 24GLIWICE - Portal Gliwice | codziennie nowe informacje","isPartOf":{"@id":"https:\/\/www.24gliwice.pl\/wiadomosci\/#website"},"datePublished":"2018-05-01T23:48:53+00:00","breadcrumb":{"@id":"https:\/\/www.24gliwice.pl\/wiadomosci\/politechnika-slaska-chce-miec-swoja-maskotke-uczelnia-oglosila-wlasnie-konkurs-na-projekt\/#breadcrumb"},"inLanguage":"pl-PL","potentialAction":[{"@type":"ReadAction","target":["https:\/\/www.24gliwice.pl\/wiadomosci\/politechnika-slaska-chce-miec-swoja-maskotke-uczelnia-oglosila-wlasnie-konkurs-na-projekt\/"]}]},{"@type":"BreadcrumbList","@id":"https:\/\/www.24gliwice.pl\/wiadomosci\/politechnika-slaska-chce-miec-swoja-maskotke-uczelnia-oglosila-wlasnie-konkurs-na-projekt\/#breadcrumb","itemListElement":[{"@type":"ListItem","position":1,"name":"Strona g\u0142\u00f3wna","item":"https:\/\/www.24gliwice.pl\/wiadomosci\/"},{"@type":"ListItem","position":2,"name":"Politechnika \u015al\u0105ska chce mie\u0107 swoj\u0105&#8230; maskotk\u0119. Uczelnia og\u0142osi\u0142a w\u0142a\u015bnie konkurs na projekt"}]},{"@type":"WebSite","@id":"https:\/\/www.24gliwice.pl\/wiadomosci\/#website","url":"https:\/\/www.24gliwice.pl\/wiadomosci\/","name":"24GLIWICE - Portal Gliwice | codziennie nowe wiadomo\u015bci","description":"Portal Miejski Gliwice","publisher":{"@id":"https:\/\/www.24gliwice.pl\/wiadomosci\/#organization"},"potentialAction":[{"@type":"SearchAction","target":{"@type":"EntryPoint","urlTemplate":"https:\/\/www.24gliwice.pl\/wiadomosci\/?s={search_term_string}"},"query-input":{"@type":"PropertyValueSpecification","valueRequired":true,"valueName":"search_term_string"}}],"inLanguage":"pl-PL"},{"@type":"Organization","@id":"https:\/\/www.24gliwice.pl\/wiadomosci\/#organization","name":"24gliwice","url":"https:\/\/www.24gliwice.pl\/wiadomosci\/","logo":{"@type":"ImageObject","inLanguage":"pl-PL","@id":"https:\/\/www.24gliwice.pl\/wiadomosci\/#\/schema\/logo\/image\/","url":"https:\/\/www.24gliwice.pl\/wiadomosci\/wp-content\/uploads\/2024\/10\/24gliwice-logo-696.jpg","contentUrl":"https:\/\/www.24gliwice.pl\/wiadomosci\/wp-content\/uploads\/2024\/10\/24gliwice-logo-696.jpg","width":696,"height":696,"caption":"24gliwice"},"image":{"@id":"https:\/\/www.24gliwice.pl\/wiadomosci\/#\/schema\/logo\/image\/"},"sameAs":["https:\/\/www.facebook.com\/24gliwice","https:\/\/x.com\/24gliwice","https:\/\/www.youtube.com\/@24gliwice"]},{"@type":"Person","@id":"https:\/\/www.24gliwice.pl\/wiadomosci\/#\/schema\/person\/e42c650edd7f2fa332be3811fb166b6e","name":"\u017baneta Mrozek-Siewierska","image":{"@type":"ImageObject","inLanguage":"pl-PL","@id":"https:\/\/secure.gravatar.com\/avatar\/1881429e9c64597c77ad7aef2d0a19be69a3253e57534d16aa15bf3a4d34a0a3?s=96&d=mm&r=g","url":"https:\/\/secure.gravatar.com\/avatar\/1881429e9c64597c77ad7aef2d0a19be69a3253e57534d16aa15bf3a4d34a0a3?s=96&d=mm&r=g","contentUrl":"https:\/\/secure.gravatar.com\/avatar\/1881429e9c64597c77ad7aef2d0a19be69a3253e57534d16aa15bf3a4d34a0a3?s=96&d=mm&r=g","caption":"\u017baneta Mrozek-Siewierska"},"url":"https:\/\/www.24gliwice.pl\/wiadomosci\/author\/zms\/"}]}},"_links":{"self":[{"href":"https:\/\/www.24gliwice.pl\/wiadomosci\/wp-json\/wp\/v2\/posts\/116571","targetHints":{"allow":["GET"]}}],"collection":[{"href":"https:\/\/www.24gliwice.pl\/wiadomosci\/wp-json\/wp\/v2\/posts"}],"about":[{"href":"https:\/\/www.24gliwice.pl\/wiadomosci\/wp-json\/wp\/v2\/types\/post"}],"author":[{"embeddable":true,"href":"https:\/\/www.24gliwice.pl\/wiadomosci\/wp-json\/wp\/v2\/users\/15"}],"replies":[{"embeddable":true,"href":"https:\/\/www.24gliwice.pl\/wiadomosci\/wp-json\/wp\/v2\/comments?post=116571"}],"version-history":[{"count":0,"href":"https:\/\/www.24gliwice.pl\/wiadomosci\/wp-json\/wp\/v2\/posts\/116571\/revisions"}],"wp:attachment":[{"href":"https:\/\/www.24gliwice.pl\/wiadomosci\/wp-json\/wp\/v2\/media?parent=116571"}],"wp:term":[{"taxonomy":"category","embeddable":true,"href":"https:\/\/www.24gliwice.pl\/wiadomosci\/wp-json\/wp\/v2\/categories?post=116571"},{"taxonomy":"post_tag","embeddable":true,"href":"https:\/\/www.24gliwice.pl\/wiadomosci\/wp-json\/wp\/v2\/tags?post=116571"}],"curies":[{"name":"wp","href":"https:\/\/api.w.org\/{rel}","templated":true}]}}