{"id":116653,"date":"2018-05-18T11:53:17","date_gmt":"2018-05-18T09:53:17","guid":{"rendered":"https:\/\/www.24gliwice.pl\/wiadomosci\/?p=116653"},"modified":"2018-05-18T11:53:17","modified_gmt":"2018-05-18T09:53:17","slug":"biala-brama-na-starowce-tablica","status":"publish","type":"post","link":"https:\/\/www.24gliwice.pl\/wiadomosci\/biala-brama-na-starowce-tablica\/","title":{"rendered":"Bia\u0142a Brama na star\u00f3wce wci\u0105\u017c czeka na upami\u0119tnienie.  &#8220;Projekt tablicy jest w trakcie uzgodnie\u0144&#8221;"},"content":{"rendered":"<div class=\"gliwi-a6-nad-leadem-artykulow gliwi-entity-placement\" id=\"gliwi-2121991443\"><div class=\"gliwi-adlabel\"><span style=\"font-size: 9px\">REKLAMA<\/span><\/div><div id=\"gliwi-2722750410\" style=\"margin-bottom: 25px;margin-left: auto;margin-right: auto;text-align: center;\"><a data-no-instant=\"1\" href=\"https:\/\/dom100.eu\/\" rel=\"noopener\" class=\"a2t-link\" target=\"_blank\" aria-label=\"20260415 DOM100 D\"><img loading=\"lazy\" decoding=\"async\" src=\"https:\/\/www.24gliwice.pl\/wiadomosci\/wp-content\/uploads\/2026\/04\/20260415-DOM100-D.jpg\" alt=\"\"  srcset=\"https:\/\/www.24gliwice.pl\/wiadomosci\/wp-content\/uploads\/2026\/04\/20260415-DOM100-D.jpg 750w, https:\/\/www.24gliwice.pl\/wiadomosci\/wp-content\/uploads\/2026\/04\/20260415-DOM100-D-410x109.jpg 410w\" sizes=\"(max-width: 750px) 100vw, 750px\" class=\"no-lazyload\" width=\"750\" height=\"200\"  style=\"display: inline-block; max-width: 100%; height: auto;\" \/><\/a><\/div><\/div><h3>Jesieni\u0105 2015 roku, zasypano odkryte przy okazji remontu star\u00f3wki fundamenty Bia\u0142ej Bramy przy ul. Basztowej. Decyzja podzieli\u0142a mieszka\u0144c\u00f3w, ale z\u0142agodzi\u0107 mia\u0142o j\u0105 upami\u0119tnienie odkrycia (tablic\u0105 lub specjaln\u0105 makiet\u0105).<\/h3>\n<p>Magistrat przekonuje, \u017ce sprawa pojawienia si\u0119 tablicy nie zosta\u0142a zapomniana, a prace nad jej przygotowaniem wci\u0105\u017c trwaj\u0105. Projekt podlega\u0142 konsultacjom z Wojew\u00f3dzkim Urz\u0119dem Ochrony Zabytk\u00f3w i u\u017cytkownikami wieczystymi kamienicy, na kt\u00f3rej ma si\u0119 pojawi\u0107 tablica (budynek numer 3, na \u015bcianie \u0142\u0105cz\u0105cej z budynkiem nr 5).<br \/>\nCi ostatni wnie\u015bli uwagi, wi\u0119c ca\u0142y proces wyd\u0142u\u017cy\u0142 si\u0119 o kolejne miesi\u0105ce. Ju\u017c w ubieg\u0142ym roku urz\u0119dnicy nie ukrywali, \u017ce chcieliby temat jak najszybciej zamkn\u0105\u0107 &#8211; w sieci pojawi\u0142 si\u0119 nawet wst\u0119pny projekt tablicy (autorstwa Miejskiego Konserwatora Zabytk\u00f3w), kt\u00f3ry jednak spotka\u0142 si\u0119 ze spor\u0105 krytyk\u0105 spo\u0142ecznik\u00f3w i cz\u0119\u015bci internaut\u00f3w.<\/p>\n<p><img loading=\"lazy\" decoding=\"async\" class=\"aligncenter size-full wp-image-100658\" src=\"http:\/\/www.24gliwice.pl\/wiadomosci\/wp-content\/uploads\/2017\/06\/1-biala_brama.jpg\" alt=\"\" width=\"810\" height=\"465\" srcset=\"https:\/\/www.24gliwice.pl\/wiadomosci\/wp-content\/uploads\/2017\/06\/1-biala_brama.jpg 810w, https:\/\/www.24gliwice.pl\/wiadomosci\/wp-content\/uploads\/2017\/06\/1-biala_brama-404x232.jpg 404w, https:\/\/www.24gliwice.pl\/wiadomosci\/wp-content\/uploads\/2017\/06\/1-biala_brama-768x441.jpg 768w, https:\/\/www.24gliwice.pl\/wiadomosci\/wp-content\/uploads\/2017\/06\/1-biala_brama-793x455.jpg 793w\" sizes=\"auto, (max-width: 810px) 100vw, 810px\" \/><\/p>\n<p>Magistrat na razie nie chce prezentowa\u0107 ostatecznego projektu. Wiadomo, \u017ce tablica pojawi si\u0119 na budynku nr 3 (na \u015bcianie \u0142\u0105cz\u0105cej si\u0119 z budynkiem nr 5).<\/p><div class=\"gliwi-a3-w-tresci-artykulow gliwi-entity-placement\" id=\"gliwi-4068055820\"><div class=\"gliwi-adlabel\"><span style=\"font-size: 9px\">REKLAMA<\/span><\/div><div id=\"gliwi-3044004691\" style=\"margin-bottom: 30px;margin-left: auto;margin-right: auto;text-align: center;\"><a data-no-instant=\"1\" href=\"https:\/\/zlobek.halogen.org.pl\/\" rel=\"noopener\" class=\"a2t-link\" target=\"_blank\" aria-label=\"animator-zlobek_750x200\"><img loading=\"lazy\" decoding=\"async\" src=\"https:\/\/www.24gliwice.pl\/wiadomosci\/wp-content\/uploads\/2026\/02\/animator-zlobek_750x200.webp\" alt=\"\"  srcset=\"https:\/\/www.24gliwice.pl\/wiadomosci\/wp-content\/uploads\/2026\/02\/animator-zlobek_750x200.webp 750w, https:\/\/www.24gliwice.pl\/wiadomosci\/wp-content\/uploads\/2026\/02\/animator-zlobek_750x200-410x109.webp 410w\" sizes=\"(max-width: 750px) 100vw, 750px\" class=\"no-lazyload\" width=\"750\" height=\"200\"  style=\"display: inline-block; max-width: 100%; height: auto;\" \/><\/a><\/div><\/div>\n<blockquote><p>&#8211; Projekt tablicy jest w trakcie uzgodnie\u0144, a jego udost\u0119pnienie b\u0119dzie mo\u017cliwe dopiero po dopracowaniu wszystkich element\u00f3w<\/p><\/blockquote>\n<p>&#8211; informuje <strong>Maja Lamorska-Gorgol<\/strong> z biura rzecznika prasowego Prezydenta Gliwic. &#8211; Tablica b\u0119dzie wykonana ze szk\u0142a bezpiecznego. W stosunku do pierwotnej wersji zmieni\u0142a si\u0119 (zmniejszy\u0142a) jej wielko\u015b\u0107. Z tego powodu zosta\u0142 skr\u00f3cony tekst, kt\u00f3ry oczywi\u015bcie b\u0119dzie przet\u0142umaczony na j\u0119zyk angielski i niemiecki. Na tablicy znajdzie si\u0119 kod QR umo\u017cliwiaj\u0105cy odes\u0142anie do strony internetowej Urz\u0119du Miejskiego z rozszerzonym opisem &#8211; zdradza szczeg\u00f3\u0142y.<\/p>\n<p style=\"padding-left: 60px;\"><em>Przypomnijmy, fundamenty Bia\u0142ej Bramy, zwanej te\u017c Bytomsk\u0105, by\u0142y jednym z nielicznych, zachowanych fragment\u00f3w \u015bredniowiecznych fortyfikacji Gliwic. Do dzi\u015b, zachowa\u0142y si\u0119 mury obronne przy ul. Grodowej i Basztowej, pozosta\u0142o\u015bci drugiej z bram (Czarnej, czyli Raciborskiej) przy placu Rze\u017aniczym, a tak\u017ce fragment kurtyny z baszt\u0105, kt\u00f3ry zosta\u0142 wykorzystany przy wznoszeniu Zamku Piastowskiego, b\u0119d\u0105cego obecnie siedzib\u0105 muzeum. Rozbi\u00f3rk\u0119 Bia\u0142ej Bramy rozpocz\u0119to w lipcu 1852 roku. Trudno wskaza\u0107 bezpo\u015bredni\u0105 przyczyn\u0119 tej decyzji, cho\u0107 w \u017ar\u00f3d\u0142ach historycznych pojawiaj\u0105 si\u0119 m.in. relacje gliwickiego nauczyciela Josepha Heimbrod\u2019a, kt\u00f3ry wskazywa\u0142 na trudno\u015bci z przejazdem przez Bram\u0119, gdzie z trudem mie\u015bci\u0142 si\u0119 jeden w\u00f3z. Na fundamenty obiektu natkni\u0119to si\u0119 podczas prac modernizacyjnych na star\u00f3wce, latem 2015 roku.<\/em><\/p>\n<p>Urz\u0119dnicy zapewniaj\u0105, \u017ce efekt ko\u0144cowy zobaczymy jeszcze w tym roku. [perfectpullquote align=&#8221;full&#8221; bordertop=&#8221;false&#8221; cite=&#8221;&#8221; link=&#8221;&#8221; color=&#8221;&#8221; class=&#8221;&#8221; size=&#8221;&#8221;]Na razie o Bia\u0142ej Bramie przypomina rozwi\u0105zanie po\u015brednie &#8211; kolor kostki brukowej na ul. Basztowej. [\/perfectpullquote]\n<p>Czerwony odwzorowuje mury zwi\u0105zane z budynkiem przedbramnym, obejmuj\u0105cym przycz\u00f3\u0142ki i most. Dwa pasy z czarnej kostki to fosy, a granitowa kostka to fundamenty wie\u017cy. Kr\u00f3tki spacer po star\u00f3wce do\u015b\u0107 brutalnie pokazuje jednak, \u017ce taki pomys\u0142 upami\u0119tnienia nie sprawdza si\u0119. Ulica zape\u0142niona jest zaparkowanymi samochodami i raczej ma\u0142o kto w tym miejscu zaprz\u0105ta sobie g\u0142ow\u0119 uk\u0142adem bruku. A tym bardziej historycznym znaczeniem tego co znajduje si\u0119 pod nim.<\/p>\n<p><img loading=\"lazy\" decoding=\"async\" class=\"alignnone size-full wp-image-116667\" src=\"https:\/\/www.24gliwice.pl\/wiadomosci\/wp-content\/uploads\/2018\/05\/bb3.jpg\" alt=\"\" width=\"1200\" height=\"675\" srcset=\"https:\/\/www.24gliwice.pl\/wiadomosci\/wp-content\/uploads\/2018\/05\/bb3.jpg 1200w, https:\/\/www.24gliwice.pl\/wiadomosci\/wp-content\/uploads\/2018\/05\/bb3-410x232.jpg 410w, https:\/\/www.24gliwice.pl\/wiadomosci\/wp-content\/uploads\/2018\/05\/bb3-768x432.jpg 768w, https:\/\/www.24gliwice.pl\/wiadomosci\/wp-content\/uploads\/2018\/05\/bb3-810x456.jpg 810w, https:\/\/www.24gliwice.pl\/wiadomosci\/wp-content\/uploads\/2018\/05\/bb3-1140x641.jpg 1140w\" sizes=\"auto, (max-width: 1200px) 100vw, 1200px\" \/><\/p>\n<p>Micha\u0142 Szewczyk<\/p>\n<div class=\"gliwi-a5-na-koncu-artykulow gliwi-entity-placement\" id=\"gliwi-2487455800\"><div class=\"gliwi-adlabel\"><span style=\"font-size: 9px\">REKLAMA<\/span><\/div><div id=\"gliwi-1833925964\" style=\"margin-left: auto;margin-right: auto;text-align: center;\"><a data-no-instant=\"1\" href=\"https:\/\/prezeroarenagliwice.pl\/\" rel=\"noopener\" class=\"a2t-link\" target=\"_blank\" aria-label=\"20260309-PREZERO-WIOSNA-D\"><img loading=\"lazy\" decoding=\"async\" src=\"https:\/\/www.24gliwice.pl\/wiadomosci\/wp-content\/uploads\/2026\/03\/20260309-PREZERO-WIOSNA-D.webp\" alt=\"\"  srcset=\"https:\/\/www.24gliwice.pl\/wiadomosci\/wp-content\/uploads\/2026\/03\/20260309-PREZERO-WIOSNA-D.webp 750w, https:\/\/www.24gliwice.pl\/wiadomosci\/wp-content\/uploads\/2026\/03\/20260309-PREZERO-WIOSNA-D-410x109.webp 410w\" sizes=\"(max-width: 750px) 100vw, 750px\" class=\"no-lazyload\" width=\"750\" height=\"200\"  style=\"display: inline-block; max-width: 100%; height: auto;\" \/><\/a><\/div><\/div>","protected":false},"excerpt":{"rendered":"<p>Jesieni\u0105 2015 roku, zasypano odkryte przy okazji remontu star\u00f3wki fundamenty Bia\u0142ej Bramy przy ul. Basztowej. Decyzja podzieli\u0142a mieszka\u0144c\u00f3w, ale z\u0142agodzi\u0107 mia\u0142o j\u0105 upami\u0119tnienie odkrycia (tablic\u0105 lub specjaln\u0105 makiet\u0105). Magistrat przekonuje, \u017ce sprawa pojawienia si\u0119 tablicy nie zosta\u0142a zapomniana, a prace nad jej przygotowaniem wci\u0105\u017c trwaj\u0105. Projekt podlega\u0142 konsultacjom z Wojew\u00f3dzkim Urz\u0119dem Ochrony Zabytk\u00f3w i u\u017cytkownikami [&hellip;]<\/p>\n","protected":false},"author":12,"featured_media":116666,"comment_status":"open","ping_status":"closed","sticky":false,"template":"","format":"standard","meta":{"_monsterinsights_skip_tracking":false,"_monsterinsights_sitenote_active":false,"_monsterinsights_sitenote_note":"","_monsterinsights_sitenote_category":0,"footnotes":"","_links_to":"","_links_to_target":""},"categories":[3,1,9],"tags":[6216,236,3919,2382],"class_list":["post-116653","post","type-post","status-publish","format-standard","has-post-thumbnail","hentry","category-gliwice","category-wszystko","category-aktualnosci_lokalne","tag-biala-brama","tag-ewa-pokorska","tag-maja-lamorska","tag-starowka"],"yoast_head":"<!-- This site is optimized with the Yoast SEO plugin v27.5 - https:\/\/yoast.com\/product\/yoast-seo-wordpress\/ -->\n<title>Bia\u0142a Brama na star\u00f3wce wci\u0105\u017c czeka na upami\u0119tnienie. &quot;Projekt tablicy jest w trakcie uzgodnie\u0144&quot; - 24GLIWICE - Portal Gliwice | codziennie nowe informacje<\/title>\n<meta name=\"robots\" content=\"index, follow, max-snippet:-1, max-image-preview:large, max-video-preview:-1\" \/>\n<link rel=\"canonical\" href=\"https:\/\/www.24gliwice.pl\/wiadomosci\/biala-brama-na-starowce-tablica\/\" \/>\n<meta property=\"og:locale\" content=\"pl_PL\" \/>\n<meta property=\"og:type\" content=\"article\" \/>\n<meta property=\"og:title\" content=\"Bia\u0142a Brama na star\u00f3wce wci\u0105\u017c czeka na upami\u0119tnienie. &quot;Projekt tablicy jest w trakcie uzgodnie\u0144&quot; - 24GLIWICE - Portal Gliwice | codziennie nowe informacje\" \/>\n<meta property=\"og:description\" content=\"Jesieni\u0105 2015 roku, zasypano odkryte przy okazji remontu star\u00f3wki fundamenty Bia\u0142ej Bramy przy ul. Basztowej. Decyzja podzieli\u0142a mieszka\u0144c\u00f3w, ale z\u0142agodzi\u0107 mia\u0142o j\u0105 upami\u0119tnienie odkrycia (tablic\u0105 lub specjaln\u0105 makiet\u0105). Magistrat przekonuje, \u017ce sprawa pojawienia si\u0119 tablicy nie zosta\u0142a zapomniana, a prace nad jej przygotowaniem wci\u0105\u017c trwaj\u0105. Projekt podlega\u0142 konsultacjom z Wojew\u00f3dzkim Urz\u0119dem Ochrony Zabytk\u00f3w i u\u017cytkownikami [&hellip;]\" \/>\n<meta property=\"og:url\" content=\"https:\/\/www.24gliwice.pl\/wiadomosci\/biala-brama-na-starowce-tablica\/\" \/>\n<meta property=\"og:site_name\" content=\"24GLIWICE - Portal Gliwice | codziennie nowe informacje\" \/>\n<meta property=\"article:publisher\" content=\"https:\/\/www.facebook.com\/24gliwice\" \/>\n<meta property=\"article:published_time\" content=\"2018-05-18T09:53:17+00:00\" \/>\n<meta property=\"og:image\" content=\"https:\/\/www.24gliwice.pl\/wiadomosci\/wp-content\/uploads\/2018\/05\/bb1-1.jpg\" \/>\n\t<meta property=\"og:image:width\" content=\"1200\" \/>\n\t<meta property=\"og:image:height\" content=\"675\" \/>\n\t<meta property=\"og:image:type\" content=\"image\/jpeg\" \/>\n<meta name=\"author\" content=\"Micha\u0142 Szewczyk\" \/>\n<meta name=\"twitter:card\" content=\"summary_large_image\" \/>\n<meta name=\"twitter:creator\" content=\"@24gliwice\" \/>\n<meta name=\"twitter:site\" content=\"@24gliwice\" \/>\n<meta name=\"twitter:label1\" content=\"Napisane przez\" \/>\n\t<meta name=\"twitter:data1\" content=\"Micha\u0142 Szewczyk\" \/>\n\t<meta name=\"twitter:label2\" content=\"Szacowany czas czytania\" \/>\n\t<meta name=\"twitter:data2\" content=\"3 minuty\" \/>\n<script type=\"application\/ld+json\" class=\"yoast-schema-graph\">{\"@context\":\"https:\\\/\\\/schema.org\",\"@graph\":[{\"@type\":\"Article\",\"@id\":\"https:\\\/\\\/www.24gliwice.pl\\\/wiadomosci\\\/biala-brama-na-starowce-tablica\\\/#article\",\"isPartOf\":{\"@id\":\"https:\\\/\\\/www.24gliwice.pl\\\/wiadomosci\\\/biala-brama-na-starowce-tablica\\\/\"},\"author\":{\"name\":\"Micha\u0142 Szewczyk\",\"@id\":\"https:\\\/\\\/www.24gliwice.pl\\\/wiadomosci\\\/#\\\/schema\\\/person\\\/940e8f8a097e322de4f463f061ef8d45\"},\"headline\":\"Bia\u0142a Brama na star\u00f3wce wci\u0105\u017c czeka na upami\u0119tnienie. &#8220;Projekt tablicy jest w trakcie uzgodnie\u0144&#8221;\",\"datePublished\":\"2018-05-18T09:53:17+00:00\",\"mainEntityOfPage\":{\"@id\":\"https:\\\/\\\/www.24gliwice.pl\\\/wiadomosci\\\/biala-brama-na-starowce-tablica\\\/\"},\"wordCount\":540,\"commentCount\":0,\"publisher\":{\"@id\":\"https:\\\/\\\/www.24gliwice.pl\\\/wiadomosci\\\/#organization\"},\"image\":{\"@id\":\"https:\\\/\\\/www.24gliwice.pl\\\/wiadomosci\\\/biala-brama-na-starowce-tablica\\\/#primaryimage\"},\"thumbnailUrl\":\"https:\\\/\\\/www.24gliwice.pl\\\/wiadomosci\\\/wp-content\\\/uploads\\\/2018\\\/05\\\/bb1-1.jpg\",\"keywords\":[\"bia\u0142a brama\",\"EWA POKORSKA\",\"maja lamorska\",\"STAR\u00d3WKA\"],\"articleSection\":[\"Gliwice\",\"Najnowsze wiadomo\u015bci\",\"Portal Gliwice - Wiadomo\u015bci lokalne\"],\"inLanguage\":\"pl-PL\",\"potentialAction\":[{\"@type\":\"CommentAction\",\"name\":\"Comment\",\"target\":[\"https:\\\/\\\/www.24gliwice.pl\\\/wiadomosci\\\/biala-brama-na-starowce-tablica\\\/#respond\"]}]},{\"@type\":\"WebPage\",\"@id\":\"https:\\\/\\\/www.24gliwice.pl\\\/wiadomosci\\\/biala-brama-na-starowce-tablica\\\/\",\"url\":\"https:\\\/\\\/www.24gliwice.pl\\\/wiadomosci\\\/biala-brama-na-starowce-tablica\\\/\",\"name\":\"Bia\u0142a Brama na star\u00f3wce wci\u0105\u017c czeka na upami\u0119tnienie. \\\"Projekt tablicy jest w trakcie uzgodnie\u0144\\\" - 24GLIWICE - Portal Gliwice | codziennie nowe informacje\",\"isPartOf\":{\"@id\":\"https:\\\/\\\/www.24gliwice.pl\\\/wiadomosci\\\/#website\"},\"primaryImageOfPage\":{\"@id\":\"https:\\\/\\\/www.24gliwice.pl\\\/wiadomosci\\\/biala-brama-na-starowce-tablica\\\/#primaryimage\"},\"image\":{\"@id\":\"https:\\\/\\\/www.24gliwice.pl\\\/wiadomosci\\\/biala-brama-na-starowce-tablica\\\/#primaryimage\"},\"thumbnailUrl\":\"https:\\\/\\\/www.24gliwice.pl\\\/wiadomosci\\\/wp-content\\\/uploads\\\/2018\\\/05\\\/bb1-1.jpg\",\"datePublished\":\"2018-05-18T09:53:17+00:00\",\"breadcrumb\":{\"@id\":\"https:\\\/\\\/www.24gliwice.pl\\\/wiadomosci\\\/biala-brama-na-starowce-tablica\\\/#breadcrumb\"},\"inLanguage\":\"pl-PL\",\"potentialAction\":[{\"@type\":\"ReadAction\",\"target\":[\"https:\\\/\\\/www.24gliwice.pl\\\/wiadomosci\\\/biala-brama-na-starowce-tablica\\\/\"]}]},{\"@type\":\"ImageObject\",\"inLanguage\":\"pl-PL\",\"@id\":\"https:\\\/\\\/www.24gliwice.pl\\\/wiadomosci\\\/biala-brama-na-starowce-tablica\\\/#primaryimage\",\"url\":\"https:\\\/\\\/www.24gliwice.pl\\\/wiadomosci\\\/wp-content\\\/uploads\\\/2018\\\/05\\\/bb1-1.jpg\",\"contentUrl\":\"https:\\\/\\\/www.24gliwice.pl\\\/wiadomosci\\\/wp-content\\\/uploads\\\/2018\\\/05\\\/bb1-1.jpg\",\"width\":1200,\"height\":675},{\"@type\":\"BreadcrumbList\",\"@id\":\"https:\\\/\\\/www.24gliwice.pl\\\/wiadomosci\\\/biala-brama-na-starowce-tablica\\\/#breadcrumb\",\"itemListElement\":[{\"@type\":\"ListItem\",\"position\":1,\"name\":\"Strona g\u0142\u00f3wna\",\"item\":\"https:\\\/\\\/www.24gliwice.pl\\\/wiadomosci\\\/\"},{\"@type\":\"ListItem\",\"position\":2,\"name\":\"Bia\u0142a Brama na star\u00f3wce wci\u0105\u017c czeka na upami\u0119tnienie. &#8222;Projekt tablicy jest w trakcie uzgodnie\u0144&#8221;\"}]},{\"@type\":\"WebSite\",\"@id\":\"https:\\\/\\\/www.24gliwice.pl\\\/wiadomosci\\\/#website\",\"url\":\"https:\\\/\\\/www.24gliwice.pl\\\/wiadomosci\\\/\",\"name\":\"24GLIWICE - Portal Gliwice | codziennie nowe wiadomo\u015bci\",\"description\":\"Portal Miejski Gliwice\",\"publisher\":{\"@id\":\"https:\\\/\\\/www.24gliwice.pl\\\/wiadomosci\\\/#organization\"},\"potentialAction\":[{\"@type\":\"SearchAction\",\"target\":{\"@type\":\"EntryPoint\",\"urlTemplate\":\"https:\\\/\\\/www.24gliwice.pl\\\/wiadomosci\\\/?s={search_term_string}\"},\"query-input\":{\"@type\":\"PropertyValueSpecification\",\"valueRequired\":true,\"valueName\":\"search_term_string\"}}],\"inLanguage\":\"pl-PL\"},{\"@type\":\"Organization\",\"@id\":\"https:\\\/\\\/www.24gliwice.pl\\\/wiadomosci\\\/#organization\",\"name\":\"24gliwice\",\"url\":\"https:\\\/\\\/www.24gliwice.pl\\\/wiadomosci\\\/\",\"logo\":{\"@type\":\"ImageObject\",\"inLanguage\":\"pl-PL\",\"@id\":\"https:\\\/\\\/www.24gliwice.pl\\\/wiadomosci\\\/#\\\/schema\\\/logo\\\/image\\\/\",\"url\":\"https:\\\/\\\/www.24gliwice.pl\\\/wiadomosci\\\/wp-content\\\/uploads\\\/2024\\\/10\\\/24gliwice-logo-696.jpg\",\"contentUrl\":\"https:\\\/\\\/www.24gliwice.pl\\\/wiadomosci\\\/wp-content\\\/uploads\\\/2024\\\/10\\\/24gliwice-logo-696.jpg\",\"width\":696,\"height\":696,\"caption\":\"24gliwice\"},\"image\":{\"@id\":\"https:\\\/\\\/www.24gliwice.pl\\\/wiadomosci\\\/#\\\/schema\\\/logo\\\/image\\\/\"},\"sameAs\":[\"https:\\\/\\\/www.facebook.com\\\/24gliwice\",\"https:\\\/\\\/x.com\\\/24gliwice\",\"https:\\\/\\\/www.youtube.com\\\/@24gliwice\"]},{\"@type\":\"Person\",\"@id\":\"https:\\\/\\\/www.24gliwice.pl\\\/wiadomosci\\\/#\\\/schema\\\/person\\\/940e8f8a097e322de4f463f061ef8d45\",\"name\":\"Micha\u0142 Szewczyk\",\"image\":{\"@type\":\"ImageObject\",\"inLanguage\":\"pl-PL\",\"@id\":\"https:\\\/\\\/secure.gravatar.com\\\/avatar\\\/771b8b6c74cd8d255e46392d605e01a86133900ef09b6ef3c8d451c9d92288cf?s=96&d=mm&r=g\",\"url\":\"https:\\\/\\\/secure.gravatar.com\\\/avatar\\\/771b8b6c74cd8d255e46392d605e01a86133900ef09b6ef3c8d451c9d92288cf?s=96&d=mm&r=g\",\"contentUrl\":\"https:\\\/\\\/secure.gravatar.com\\\/avatar\\\/771b8b6c74cd8d255e46392d605e01a86133900ef09b6ef3c8d451c9d92288cf?s=96&d=mm&r=g\",\"caption\":\"Micha\u0142 Szewczyk\"},\"sameAs\":[\"http:\\\/\\\/www.gazeta-miejska.pl\"],\"url\":\"https:\\\/\\\/www.24gliwice.pl\\\/wiadomosci\\\/author\\\/michal-szewczyk\\\/\"}]}<\/script>\n<!-- \/ Yoast SEO plugin. -->","yoast_head_json":{"title":"Bia\u0142a Brama na star\u00f3wce wci\u0105\u017c czeka na upami\u0119tnienie. \"Projekt tablicy jest w trakcie uzgodnie\u0144\" - 24GLIWICE - Portal Gliwice | codziennie nowe informacje","robots":{"index":"index","follow":"follow","max-snippet":"max-snippet:-1","max-image-preview":"max-image-preview:large","max-video-preview":"max-video-preview:-1"},"canonical":"https:\/\/www.24gliwice.pl\/wiadomosci\/biala-brama-na-starowce-tablica\/","og_locale":"pl_PL","og_type":"article","og_title":"Bia\u0142a Brama na star\u00f3wce wci\u0105\u017c czeka na upami\u0119tnienie. \"Projekt tablicy jest w trakcie uzgodnie\u0144\" - 24GLIWICE - Portal Gliwice | codziennie nowe informacje","og_description":"Jesieni\u0105 2015 roku, zasypano odkryte przy okazji remontu star\u00f3wki fundamenty Bia\u0142ej Bramy przy ul. Basztowej. Decyzja podzieli\u0142a mieszka\u0144c\u00f3w, ale z\u0142agodzi\u0107 mia\u0142o j\u0105 upami\u0119tnienie odkrycia (tablic\u0105 lub specjaln\u0105 makiet\u0105). Magistrat przekonuje, \u017ce sprawa pojawienia si\u0119 tablicy nie zosta\u0142a zapomniana, a prace nad jej przygotowaniem wci\u0105\u017c trwaj\u0105. Projekt podlega\u0142 konsultacjom z Wojew\u00f3dzkim Urz\u0119dem Ochrony Zabytk\u00f3w i u\u017cytkownikami [&hellip;]","og_url":"https:\/\/www.24gliwice.pl\/wiadomosci\/biala-brama-na-starowce-tablica\/","og_site_name":"24GLIWICE - Portal Gliwice | codziennie nowe informacje","article_publisher":"https:\/\/www.facebook.com\/24gliwice","article_published_time":"2018-05-18T09:53:17+00:00","og_image":[{"width":1200,"height":675,"url":"https:\/\/www.24gliwice.pl\/wiadomosci\/wp-content\/uploads\/2018\/05\/bb1-1.jpg","type":"image\/jpeg"}],"author":"Micha\u0142 Szewczyk","twitter_card":"summary_large_image","twitter_creator":"@24gliwice","twitter_site":"@24gliwice","twitter_misc":{"Napisane przez":"Micha\u0142 Szewczyk","Szacowany czas czytania":"3 minuty"},"schema":{"@context":"https:\/\/schema.org","@graph":[{"@type":"Article","@id":"https:\/\/www.24gliwice.pl\/wiadomosci\/biala-brama-na-starowce-tablica\/#article","isPartOf":{"@id":"https:\/\/www.24gliwice.pl\/wiadomosci\/biala-brama-na-starowce-tablica\/"},"author":{"name":"Micha\u0142 Szewczyk","@id":"https:\/\/www.24gliwice.pl\/wiadomosci\/#\/schema\/person\/940e8f8a097e322de4f463f061ef8d45"},"headline":"Bia\u0142a Brama na star\u00f3wce wci\u0105\u017c czeka na upami\u0119tnienie. &#8220;Projekt tablicy jest w trakcie uzgodnie\u0144&#8221;","datePublished":"2018-05-18T09:53:17+00:00","mainEntityOfPage":{"@id":"https:\/\/www.24gliwice.pl\/wiadomosci\/biala-brama-na-starowce-tablica\/"},"wordCount":540,"commentCount":0,"publisher":{"@id":"https:\/\/www.24gliwice.pl\/wiadomosci\/#organization"},"image":{"@id":"https:\/\/www.24gliwice.pl\/wiadomosci\/biala-brama-na-starowce-tablica\/#primaryimage"},"thumbnailUrl":"https:\/\/www.24gliwice.pl\/wiadomosci\/wp-content\/uploads\/2018\/05\/bb1-1.jpg","keywords":["bia\u0142a brama","EWA POKORSKA","maja lamorska","STAR\u00d3WKA"],"articleSection":["Gliwice","Najnowsze wiadomo\u015bci","Portal Gliwice - Wiadomo\u015bci lokalne"],"inLanguage":"pl-PL","potentialAction":[{"@type":"CommentAction","name":"Comment","target":["https:\/\/www.24gliwice.pl\/wiadomosci\/biala-brama-na-starowce-tablica\/#respond"]}]},{"@type":"WebPage","@id":"https:\/\/www.24gliwice.pl\/wiadomosci\/biala-brama-na-starowce-tablica\/","url":"https:\/\/www.24gliwice.pl\/wiadomosci\/biala-brama-na-starowce-tablica\/","name":"Bia\u0142a Brama na star\u00f3wce wci\u0105\u017c czeka na upami\u0119tnienie. \"Projekt tablicy jest w trakcie uzgodnie\u0144\" - 24GLIWICE - Portal Gliwice | codziennie nowe informacje","isPartOf":{"@id":"https:\/\/www.24gliwice.pl\/wiadomosci\/#website"},"primaryImageOfPage":{"@id":"https:\/\/www.24gliwice.pl\/wiadomosci\/biala-brama-na-starowce-tablica\/#primaryimage"},"image":{"@id":"https:\/\/www.24gliwice.pl\/wiadomosci\/biala-brama-na-starowce-tablica\/#primaryimage"},"thumbnailUrl":"https:\/\/www.24gliwice.pl\/wiadomosci\/wp-content\/uploads\/2018\/05\/bb1-1.jpg","datePublished":"2018-05-18T09:53:17+00:00","breadcrumb":{"@id":"https:\/\/www.24gliwice.pl\/wiadomosci\/biala-brama-na-starowce-tablica\/#breadcrumb"},"inLanguage":"pl-PL","potentialAction":[{"@type":"ReadAction","target":["https:\/\/www.24gliwice.pl\/wiadomosci\/biala-brama-na-starowce-tablica\/"]}]},{"@type":"ImageObject","inLanguage":"pl-PL","@id":"https:\/\/www.24gliwice.pl\/wiadomosci\/biala-brama-na-starowce-tablica\/#primaryimage","url":"https:\/\/www.24gliwice.pl\/wiadomosci\/wp-content\/uploads\/2018\/05\/bb1-1.jpg","contentUrl":"https:\/\/www.24gliwice.pl\/wiadomosci\/wp-content\/uploads\/2018\/05\/bb1-1.jpg","width":1200,"height":675},{"@type":"BreadcrumbList","@id":"https:\/\/www.24gliwice.pl\/wiadomosci\/biala-brama-na-starowce-tablica\/#breadcrumb","itemListElement":[{"@type":"ListItem","position":1,"name":"Strona g\u0142\u00f3wna","item":"https:\/\/www.24gliwice.pl\/wiadomosci\/"},{"@type":"ListItem","position":2,"name":"Bia\u0142a Brama na star\u00f3wce wci\u0105\u017c czeka na upami\u0119tnienie. &#8222;Projekt tablicy jest w trakcie uzgodnie\u0144&#8221;"}]},{"@type":"WebSite","@id":"https:\/\/www.24gliwice.pl\/wiadomosci\/#website","url":"https:\/\/www.24gliwice.pl\/wiadomosci\/","name":"24GLIWICE - Portal Gliwice | codziennie nowe wiadomo\u015bci","description":"Portal Miejski Gliwice","publisher":{"@id":"https:\/\/www.24gliwice.pl\/wiadomosci\/#organization"},"potentialAction":[{"@type":"SearchAction","target":{"@type":"EntryPoint","urlTemplate":"https:\/\/www.24gliwice.pl\/wiadomosci\/?s={search_term_string}"},"query-input":{"@type":"PropertyValueSpecification","valueRequired":true,"valueName":"search_term_string"}}],"inLanguage":"pl-PL"},{"@type":"Organization","@id":"https:\/\/www.24gliwice.pl\/wiadomosci\/#organization","name":"24gliwice","url":"https:\/\/www.24gliwice.pl\/wiadomosci\/","logo":{"@type":"ImageObject","inLanguage":"pl-PL","@id":"https:\/\/www.24gliwice.pl\/wiadomosci\/#\/schema\/logo\/image\/","url":"https:\/\/www.24gliwice.pl\/wiadomosci\/wp-content\/uploads\/2024\/10\/24gliwice-logo-696.jpg","contentUrl":"https:\/\/www.24gliwice.pl\/wiadomosci\/wp-content\/uploads\/2024\/10\/24gliwice-logo-696.jpg","width":696,"height":696,"caption":"24gliwice"},"image":{"@id":"https:\/\/www.24gliwice.pl\/wiadomosci\/#\/schema\/logo\/image\/"},"sameAs":["https:\/\/www.facebook.com\/24gliwice","https:\/\/x.com\/24gliwice","https:\/\/www.youtube.com\/@24gliwice"]},{"@type":"Person","@id":"https:\/\/www.24gliwice.pl\/wiadomosci\/#\/schema\/person\/940e8f8a097e322de4f463f061ef8d45","name":"Micha\u0142 Szewczyk","image":{"@type":"ImageObject","inLanguage":"pl-PL","@id":"https:\/\/secure.gravatar.com\/avatar\/771b8b6c74cd8d255e46392d605e01a86133900ef09b6ef3c8d451c9d92288cf?s=96&d=mm&r=g","url":"https:\/\/secure.gravatar.com\/avatar\/771b8b6c74cd8d255e46392d605e01a86133900ef09b6ef3c8d451c9d92288cf?s=96&d=mm&r=g","contentUrl":"https:\/\/secure.gravatar.com\/avatar\/771b8b6c74cd8d255e46392d605e01a86133900ef09b6ef3c8d451c9d92288cf?s=96&d=mm&r=g","caption":"Micha\u0142 Szewczyk"},"sameAs":["http:\/\/www.gazeta-miejska.pl"],"url":"https:\/\/www.24gliwice.pl\/wiadomosci\/author\/michal-szewczyk\/"}]}},"_links":{"self":[{"href":"https:\/\/www.24gliwice.pl\/wiadomosci\/wp-json\/wp\/v2\/posts\/116653","targetHints":{"allow":["GET"]}}],"collection":[{"href":"https:\/\/www.24gliwice.pl\/wiadomosci\/wp-json\/wp\/v2\/posts"}],"about":[{"href":"https:\/\/www.24gliwice.pl\/wiadomosci\/wp-json\/wp\/v2\/types\/post"}],"author":[{"embeddable":true,"href":"https:\/\/www.24gliwice.pl\/wiadomosci\/wp-json\/wp\/v2\/users\/12"}],"replies":[{"embeddable":true,"href":"https:\/\/www.24gliwice.pl\/wiadomosci\/wp-json\/wp\/v2\/comments?post=116653"}],"version-history":[{"count":0,"href":"https:\/\/www.24gliwice.pl\/wiadomosci\/wp-json\/wp\/v2\/posts\/116653\/revisions"}],"wp:featuredmedia":[{"embeddable":true,"href":"https:\/\/www.24gliwice.pl\/wiadomosci\/wp-json\/wp\/v2\/media\/116666"}],"wp:attachment":[{"href":"https:\/\/www.24gliwice.pl\/wiadomosci\/wp-json\/wp\/v2\/media?parent=116653"}],"wp:term":[{"taxonomy":"category","embeddable":true,"href":"https:\/\/www.24gliwice.pl\/wiadomosci\/wp-json\/wp\/v2\/categories?post=116653"},{"taxonomy":"post_tag","embeddable":true,"href":"https:\/\/www.24gliwice.pl\/wiadomosci\/wp-json\/wp\/v2\/tags?post=116653"}],"curies":[{"name":"wp","href":"https:\/\/api.w.org\/{rel}","templated":true}]}}