{"id":116749,"date":"2018-05-05T18:14:44","date_gmt":"2018-05-05T16:14:44","guid":{"rendered":"https:\/\/www.24gliwice.pl\/wiadomosci\/?p=116749"},"modified":"2024-08-20T02:00:08","modified_gmt":"2024-08-20T00:00:08","slug":"porazka-w-niecieczy-piast-gliwice-przegrywa-z-sandecja-nowy-sacz","status":"publish","type":"post","link":"https:\/\/www.24gliwice.pl\/wiadomosci\/porazka-w-niecieczy-piast-gliwice-przegrywa-z-sandecja-nowy-sacz\/","title":{"rendered":"Pora\u017cka w Niecieczy. Piast Gliwice przegrywa z Sandecj\u0105 Nowy S\u0105cz"},"content":{"rendered":"<div class=\"gliwi-a6-nad-leadem-artykulow gliwi-entity-placement\" id=\"gliwi-2354088911\"><div class=\"gliwi-adlabel\"><span style=\"font-size: 9px\">REKLAMA<\/span><\/div><div id=\"gliwi-1056871534\" style=\"margin-bottom: 30px;margin-left: auto;margin-right: auto;text-align: center;\"><a data-no-instant=\"1\" href=\"https:\/\/przedszkole.halogen.org.pl\/\" rel=\"noopener\" class=\"a2t-link\" target=\"_blank\" aria-label=\"20260402-ANIMATOR-przedszkole_grafika_750x200\"><img loading=\"lazy\" decoding=\"async\" src=\"https:\/\/www.24gliwice.pl\/wiadomosci\/wp-content\/uploads\/2026\/04\/20260402-ANIMATOR-przedszkole_grafika_750x200.webp\" alt=\"\"  srcset=\"https:\/\/www.24gliwice.pl\/wiadomosci\/wp-content\/uploads\/2026\/04\/20260402-ANIMATOR-przedszkole_grafika_750x200.webp 750w, https:\/\/www.24gliwice.pl\/wiadomosci\/wp-content\/uploads\/2026\/04\/20260402-ANIMATOR-przedszkole_grafika_750x200-410x109.webp 410w\" sizes=\"(max-width: 750px) 100vw, 750px\" class=\"no-lazyload\" width=\"750\" height=\"200\"  style=\"display: inline-block; max-width: 100%; height: auto;\" \/><\/a><\/div><\/div><h3>W meczu 34. kolejki Lotto Ekstraklasy Piast Gliwice przegra\u0142 w Niecieczy z Sandecj\u0105 Nowy S\u0105cz 1:2  i do Gliwic b\u0119dzie wraca\u0142 z poczuciem ogromnego niedosytu.<\/h3>\n<p><strong>Wpis na list\u0119 strzelc\u00f3w<\/strong><br \/>\n<strong>1-0<\/strong> &#8211; Gospodarze zamkn\u0119li w polu karnym dru\u017cyn\u0119 Piasta i kilka razy pr\u00f3bowali do\u015brodkowa\u0107 w pole karne. W ko\u0144cu  sztuka ta uda\u0142a si\u0119 Wojciechowi Trochimowi, a bramkarza Jakuba Szmatu\u0142\u0119 g\u0142\u00f3wk\u0105 uprzedzi\u0142 Filip Piszczek daj\u0105c prowadzenie dru\u017cynie z Nowego S\u0105cza.<br \/>\n<strong>1-1<\/strong> &#8211; Akcja praw\u0105 stron\u0105, pi\u0142ka trafi\u0142a pod nogi Sasy Zivca a ten szybko odegra\u0142 do Tomasza Jod\u0142owca. Pomocnik Piasta min\u0105\u0142 obro\u0144c\u0119 i odda\u0142 strza\u0142. Pi\u0142ka pod drodze odbi\u0142a si\u0119 jeszcze od interweniuj\u0105cego Gliwy i wpad\u0142a do bramki.<br \/>\n<strong>2-1<\/strong> &#8211; Pi\u0142k\u0119 po stracie Pietrowskiego przej\u0105\u0142 Kolev i poda\u0142 do Wojciecha Trochima, kt\u00f3ry z du\u017cym spokojem najpierw min\u0105\u0142 rywala, a po chwili pokona\u0142 Jakuba Szmatu\u0142\u0119.<\/p>\n<p><strong>Spotkanie w skr\u00f3cie<\/strong><br \/>\nJako pierwsi gro\u017anie zaatakowali gospodarze. W drugiej minucie dobr\u0105 okazj\u0119 mia\u0142a Sandecja, lecz Wojciech Trochim \u017ale wykona\u0142 rzut wolny i trafi\u0142 w gliwicki mur. Po kwadransie w polu karnym w\u015blizgiem atakuj\u0105cego Aleksandyra Koleva powstrzyma\u0142 Uros Korun. D\u0142ugimi fragmentami \u017cadna z dru\u017cyn nie potrafi\u0142a stworzy\u0107 sobie gro\u017anej sytuacji.<\/p><div class=\"gliwi-a3-w-tresci-artykulow gliwi-entity-placement\" id=\"gliwi-3704823637\"><div class=\"gliwi-adlabel\"><span style=\"font-size: 9px\">REKLAMA<\/span><\/div><div id=\"gliwi-345729238\" style=\"margin-bottom: 30px;margin-left: auto;margin-right: auto;text-align: center;\"><a data-no-instant=\"1\" href=\"https:\/\/ogrodyandersa.pl\/\" rel=\"noopener\" class=\"a2t-link\" target=\"_blank\" aria-label=\"20260415 Ogrody Andersa KUP TERAZ D\"><img loading=\"lazy\" decoding=\"async\" src=\"https:\/\/www.24gliwice.pl\/wiadomosci\/wp-content\/uploads\/2026\/04\/20260415-Ogrody-Andersa-KUP-TERAZ-D.jpg\" alt=\"\"  srcset=\"https:\/\/www.24gliwice.pl\/wiadomosci\/wp-content\/uploads\/2026\/04\/20260415-Ogrody-Andersa-KUP-TERAZ-D.jpg 750w, https:\/\/www.24gliwice.pl\/wiadomosci\/wp-content\/uploads\/2026\/04\/20260415-Ogrody-Andersa-KUP-TERAZ-D-410x109.jpg 410w\" sizes=\"(max-width: 750px) 100vw, 750px\" class=\"no-lazyload\" width=\"750\" height=\"200\"  style=\"display: inline-block; max-width: 100%; height: auto;\" \/><\/a><\/div><\/div>\n<p>Po stracie gola Piast rzuci\u0142 si\u0119 do odrabiania straty. Z rzutu wolnego uderza\u0142 Tom Hateley, ale strza\u0142 Anglika by\u0142 zbyt s\u0142aby, a by zaskoczy\u0107 Micha\u0142a Gliw\u0119. Kilka minut p\u00f3\u017aniej mocne do\u015brodkowanie z rzutu wolnego na rzut ro\u017cny wybi\u0142 bramkarz Sandecji. Po kornerze gro\u017any strza\u0142 odda\u0142 Mateusz Szczepaniak, ale Gliwa odbi\u0142 pi\u0142k\u0119 nad poprzeczk\u0119. Przewaga w posiadaniu pi\u0142ki do przerwy nie prze\u0142o\u017cy\u0142a si\u0119 jednak na kolejne okazje bramkowe.<\/p>\n<p>Po zmianie stron nadal przewa\u017cali gliwiczanie i szybko doczekali si\u0119 okazji na gola. W zamieszaniu w polu karnym pi\u0142ka spad\u0142a pod nogi Mateusza Szczepaniaka, kt\u00f3ry uderzy\u0142 z pierwszej pi\u0142ki. Mocno, ale i bardzo niecelnie. Po up\u0142ywie kolejnych kilku minut Hateley do\u015brodkowa\u0142 z prawej strony, lecz Sasa Zivec nie si\u0119gn\u0105\u0142 pi\u0142ki. Angielski pomocnik popisa\u0142 si\u0119 jeszcze jedn\u0105 idealn\u0105 centr\u0105, gdy po rzucie ro\u017cnym o centymetry pomyli\u0142 si\u0119 g\u0142\u00f3wkuj\u0105cy Tomasz Jod\u0142owiec. W odpowiedzi z rzutu wolnego uderza\u0142 Trochim, ale Jakub Szmatu\u0142a pewnie odbi\u0142 pi\u0142k\u0119. <\/p>\n<p>Po golu wyr\u00f3wnuj\u0105cym mecz nabra\u0142 tempa. Sporo o\u017cywienia w grze gliwiczan wprowadzi\u0142 Papadopulos, ale \u015bwietn\u0105 okazj\u0119 zmarnowali gospodarze. Adrian Danek strzela\u0142 z lewej strony pola karnego i pi\u0142ka o centymetry min\u0119\u0142a s\u0142upek bramki Piasta. W odpowiedzi niecelnie strzeli\u0142 z kilkunastu metr\u00f3w Sasa Zivec. S\u0142owe\u0144ski skrzyd\u0142owy m\u00f3g\u0142 przeprowadzi\u0107 akcj\u0119 na wag\u0119 zwyci\u0119skiego gola, gdy w kontrze otrzyma\u0142 \u015bwietne podanie od Jod\u0142owca, lecz jego podanie w polu karnym do jeszcze lepiej ustawionego partnera zosta\u0142a zablokowana przez jednego z obro\u0144c\u00f3w Sandecji. Niewykorzystana sytuacja niestety zem\u015bci\u0142a si\u0119 w 90 minucie&#8230;<\/p>\n<p>Spotkanie na stadionie w Niecieczy ogl\u0105da\u0142o 1374 widz\u00f3w.<\/p>\n<h4>Sandecja Nowy S\u0105cz &#8211; Piast Gliwice 2-1 (1-0)<\/h4>\n<p><strong>1-0<\/strong> &#8211; Piszczek, 28. min.<br \/>\n<strong>1-1<\/strong> &#8211; Jod\u0142owiec, 66 min.<br \/>\n<strong>2-1<\/strong> &#8211; Trochim, 90 min. <\/p>\n<p>Biuro Prasowe<br \/>\nGKS Piast SA<\/p>\n<div class=\"gliwi-a5-na-koncu-artykulow gliwi-entity-placement\" id=\"gliwi-3069570770\"><div class=\"gliwi-adlabel\"><span style=\"font-size: 9px\">REKLAMA<\/span><\/div><div id=\"gliwi-2287937207\" style=\"margin-left: auto;margin-right: auto;text-align: center;\"><a data-no-instant=\"1\" href=\"https:\/\/prezeroarenagliwice.pl\/\" rel=\"noopener\" class=\"a2t-link\" target=\"_blank\" aria-label=\"20260309-PREZERO-WIOSNA-D\"><img loading=\"lazy\" decoding=\"async\" src=\"https:\/\/www.24gliwice.pl\/wiadomosci\/wp-content\/uploads\/2026\/03\/20260309-PREZERO-WIOSNA-D.webp\" alt=\"\"  srcset=\"https:\/\/www.24gliwice.pl\/wiadomosci\/wp-content\/uploads\/2026\/03\/20260309-PREZERO-WIOSNA-D.webp 750w, https:\/\/www.24gliwice.pl\/wiadomosci\/wp-content\/uploads\/2026\/03\/20260309-PREZERO-WIOSNA-D-410x109.webp 410w\" sizes=\"(max-width: 750px) 100vw, 750px\" class=\"no-lazyload\" width=\"750\" height=\"200\"  style=\"display: inline-block; max-width: 100%; height: auto;\" \/><\/a><\/div><\/div>","protected":false},"excerpt":{"rendered":"<p>W meczu 34. kolejki Lotto Ekstraklasy Piast Gliwice przegra\u0142 w Niecieczy z Sandecj\u0105 Nowy S\u0105cz 1:2 i do Gliwic b\u0119dzie wraca\u0142 z poczuciem ogromnego niedosytu. Wpis na list\u0119 strzelc\u00f3w 1-0 &#8211; Gospodarze zamkn\u0119li w polu karnym dru\u017cyn\u0119 Piasta i kilka razy pr\u00f3bowali do\u015brodkowa\u0107 w pole karne. W ko\u0144cu sztuka ta uda\u0142a si\u0119 Wojciechowi Trochimowi, a [&hellip;]<\/p>\n","protected":false},"author":4,"featured_media":116752,"comment_status":"open","ping_status":"closed","sticky":false,"template":"","format":"standard","meta":{"_monsterinsights_skip_tracking":false,"_monsterinsights_sitenote_active":false,"_monsterinsights_sitenote_note":"","_monsterinsights_sitenote_category":0,"footnotes":"","_links_to":"","_links_to_target":""},"categories":[1,23842],"tags":[2786,8186,74,10435],"class_list":["post-116749","post","type-post","status-publish","format-standard","has-post-thumbnail","hentry","category-wszystko","category-sport_gliwice","tag-ekstraklasa","tag-mecz","tag-piast-gliwice","tag-sandecja-nowy-sacz"],"yoast_head":"<!-- This site is optimized with the Yoast SEO plugin v27.5 - https:\/\/yoast.com\/product\/yoast-seo-wordpress\/ -->\n<title>Pora\u017cka w Niecieczy. Piast Gliwice przegrywa z Sandecj\u0105 Nowy S\u0105cz - 24GLIWICE - Portal Gliwice | codziennie nowe informacje<\/title>\n<meta name=\"robots\" content=\"index, follow, max-snippet:-1, max-image-preview:large, max-video-preview:-1\" \/>\n<link rel=\"canonical\" href=\"https:\/\/www.24gliwice.pl\/wiadomosci\/porazka-w-niecieczy-piast-gliwice-przegrywa-z-sandecja-nowy-sacz\/\" \/>\n<meta property=\"og:locale\" content=\"pl_PL\" \/>\n<meta property=\"og:type\" content=\"article\" \/>\n<meta property=\"og:title\" content=\"Pora\u017cka w Niecieczy. Piast Gliwice przegrywa z Sandecj\u0105 Nowy S\u0105cz - 24GLIWICE - Portal Gliwice | codziennie nowe informacje\" \/>\n<meta property=\"og:description\" content=\"W meczu 34. kolejki Lotto Ekstraklasy Piast Gliwice przegra\u0142 w Niecieczy z Sandecj\u0105 Nowy S\u0105cz 1:2 i do Gliwic b\u0119dzie wraca\u0142 z poczuciem ogromnego niedosytu. Wpis na list\u0119 strzelc\u00f3w 1-0 &#8211; Gospodarze zamkn\u0119li w polu karnym dru\u017cyn\u0119 Piasta i kilka razy pr\u00f3bowali do\u015brodkowa\u0107 w pole karne. W ko\u0144cu sztuka ta uda\u0142a si\u0119 Wojciechowi Trochimowi, a [&hellip;]\" \/>\n<meta property=\"og:url\" content=\"https:\/\/www.24gliwice.pl\/wiadomosci\/porazka-w-niecieczy-piast-gliwice-przegrywa-z-sandecja-nowy-sacz\/\" \/>\n<meta property=\"og:site_name\" content=\"24GLIWICE - Portal Gliwice | codziennie nowe informacje\" \/>\n<meta property=\"article:publisher\" content=\"https:\/\/www.facebook.com\/24gliwice\" \/>\n<meta property=\"article:author\" content=\"https:\/\/www.facebook.com\/marcin.fabrykowski\" \/>\n<meta property=\"article:published_time\" content=\"2018-05-05T16:14:44+00:00\" \/>\n<meta property=\"article:modified_time\" content=\"2024-08-20T00:00:08+00:00\" \/>\n<meta property=\"og:image\" content=\"https:\/\/www.24gliwice.pl\/wiadomosci\/wp-content\/uploads\/2018\/05\/piast-sandecja.jpg\" \/>\n\t<meta property=\"og:image:width\" content=\"842\" \/>\n\t<meta property=\"og:image:height\" content=\"498\" \/>\n\t<meta property=\"og:image:type\" content=\"image\/jpeg\" \/>\n<meta name=\"author\" content=\"Marcin Fabrykowski\" \/>\n<meta name=\"twitter:card\" content=\"summary_large_image\" \/>\n<meta name=\"twitter:creator\" content=\"@24gliwice\" \/>\n<meta name=\"twitter:site\" content=\"@24gliwice\" \/>\n<meta name=\"twitter:label1\" content=\"Napisane przez\" \/>\n\t<meta name=\"twitter:data1\" content=\"Marcin Fabrykowski\" \/>\n\t<meta name=\"twitter:label2\" content=\"Szacowany czas czytania\" \/>\n\t<meta name=\"twitter:data2\" content=\"3 minuty\" \/>\n<script type=\"application\/ld+json\" class=\"yoast-schema-graph\">{\"@context\":\"https:\\\/\\\/schema.org\",\"@graph\":[{\"@type\":\"Article\",\"@id\":\"https:\\\/\\\/www.24gliwice.pl\\\/wiadomosci\\\/porazka-w-niecieczy-piast-gliwice-przegrywa-z-sandecja-nowy-sacz\\\/#article\",\"isPartOf\":{\"@id\":\"https:\\\/\\\/www.24gliwice.pl\\\/wiadomosci\\\/porazka-w-niecieczy-piast-gliwice-przegrywa-z-sandecja-nowy-sacz\\\/\"},\"author\":{\"name\":\"Marcin Fabrykowski\",\"@id\":\"https:\\\/\\\/www.24gliwice.pl\\\/wiadomosci\\\/#\\\/schema\\\/person\\\/cb5857e4a4d048c15984c1edcc8ef0c0\"},\"headline\":\"Pora\u017cka w Niecieczy. Piast Gliwice przegrywa z Sandecj\u0105 Nowy S\u0105cz\",\"datePublished\":\"2018-05-05T16:14:44+00:00\",\"dateModified\":\"2024-08-20T00:00:08+00:00\",\"mainEntityOfPage\":{\"@id\":\"https:\\\/\\\/www.24gliwice.pl\\\/wiadomosci\\\/porazka-w-niecieczy-piast-gliwice-przegrywa-z-sandecja-nowy-sacz\\\/\"},\"wordCount\":540,\"commentCount\":0,\"publisher\":{\"@id\":\"https:\\\/\\\/www.24gliwice.pl\\\/wiadomosci\\\/#organization\"},\"image\":{\"@id\":\"https:\\\/\\\/www.24gliwice.pl\\\/wiadomosci\\\/porazka-w-niecieczy-piast-gliwice-przegrywa-z-sandecja-nowy-sacz\\\/#primaryimage\"},\"thumbnailUrl\":\"https:\\\/\\\/www.24gliwice.pl\\\/wiadomosci\\\/wp-content\\\/uploads\\\/2018\\\/05\\\/piast-sandecja.jpg\",\"keywords\":[\"EKSTRAKLASA\",\"MECZ\",\"PIAST GLIWICE\",\"sandecja nowy s\u0105cz\"],\"articleSection\":[\"Najnowsze wiadomo\u015bci\",\"Sport\"],\"inLanguage\":\"pl-PL\",\"potentialAction\":[{\"@type\":\"CommentAction\",\"name\":\"Comment\",\"target\":[\"https:\\\/\\\/www.24gliwice.pl\\\/wiadomosci\\\/porazka-w-niecieczy-piast-gliwice-przegrywa-z-sandecja-nowy-sacz\\\/#respond\"]}]},{\"@type\":\"WebPage\",\"@id\":\"https:\\\/\\\/www.24gliwice.pl\\\/wiadomosci\\\/porazka-w-niecieczy-piast-gliwice-przegrywa-z-sandecja-nowy-sacz\\\/\",\"url\":\"https:\\\/\\\/www.24gliwice.pl\\\/wiadomosci\\\/porazka-w-niecieczy-piast-gliwice-przegrywa-z-sandecja-nowy-sacz\\\/\",\"name\":\"Pora\u017cka w Niecieczy. Piast Gliwice przegrywa z Sandecj\u0105 Nowy S\u0105cz - 24GLIWICE - Portal Gliwice | codziennie nowe informacje\",\"isPartOf\":{\"@id\":\"https:\\\/\\\/www.24gliwice.pl\\\/wiadomosci\\\/#website\"},\"primaryImageOfPage\":{\"@id\":\"https:\\\/\\\/www.24gliwice.pl\\\/wiadomosci\\\/porazka-w-niecieczy-piast-gliwice-przegrywa-z-sandecja-nowy-sacz\\\/#primaryimage\"},\"image\":{\"@id\":\"https:\\\/\\\/www.24gliwice.pl\\\/wiadomosci\\\/porazka-w-niecieczy-piast-gliwice-przegrywa-z-sandecja-nowy-sacz\\\/#primaryimage\"},\"thumbnailUrl\":\"https:\\\/\\\/www.24gliwice.pl\\\/wiadomosci\\\/wp-content\\\/uploads\\\/2018\\\/05\\\/piast-sandecja.jpg\",\"datePublished\":\"2018-05-05T16:14:44+00:00\",\"dateModified\":\"2024-08-20T00:00:08+00:00\",\"breadcrumb\":{\"@id\":\"https:\\\/\\\/www.24gliwice.pl\\\/wiadomosci\\\/porazka-w-niecieczy-piast-gliwice-przegrywa-z-sandecja-nowy-sacz\\\/#breadcrumb\"},\"inLanguage\":\"pl-PL\",\"potentialAction\":[{\"@type\":\"ReadAction\",\"target\":[\"https:\\\/\\\/www.24gliwice.pl\\\/wiadomosci\\\/porazka-w-niecieczy-piast-gliwice-przegrywa-z-sandecja-nowy-sacz\\\/\"]}]},{\"@type\":\"ImageObject\",\"inLanguage\":\"pl-PL\",\"@id\":\"https:\\\/\\\/www.24gliwice.pl\\\/wiadomosci\\\/porazka-w-niecieczy-piast-gliwice-przegrywa-z-sandecja-nowy-sacz\\\/#primaryimage\",\"url\":\"https:\\\/\\\/www.24gliwice.pl\\\/wiadomosci\\\/wp-content\\\/uploads\\\/2018\\\/05\\\/piast-sandecja.jpg\",\"contentUrl\":\"https:\\\/\\\/www.24gliwice.pl\\\/wiadomosci\\\/wp-content\\\/uploads\\\/2018\\\/05\\\/piast-sandecja.jpg\",\"width\":842,\"height\":498},{\"@type\":\"BreadcrumbList\",\"@id\":\"https:\\\/\\\/www.24gliwice.pl\\\/wiadomosci\\\/porazka-w-niecieczy-piast-gliwice-przegrywa-z-sandecja-nowy-sacz\\\/#breadcrumb\",\"itemListElement\":[{\"@type\":\"ListItem\",\"position\":1,\"name\":\"Strona g\u0142\u00f3wna\",\"item\":\"https:\\\/\\\/www.24gliwice.pl\\\/wiadomosci\\\/\"},{\"@type\":\"ListItem\",\"position\":2,\"name\":\"Pora\u017cka w Niecieczy. Piast Gliwice przegrywa z Sandecj\u0105 Nowy S\u0105cz\"}]},{\"@type\":\"WebSite\",\"@id\":\"https:\\\/\\\/www.24gliwice.pl\\\/wiadomosci\\\/#website\",\"url\":\"https:\\\/\\\/www.24gliwice.pl\\\/wiadomosci\\\/\",\"name\":\"24GLIWICE - Portal Gliwice | codziennie nowe wiadomo\u015bci\",\"description\":\"Portal Miejski Gliwice\",\"publisher\":{\"@id\":\"https:\\\/\\\/www.24gliwice.pl\\\/wiadomosci\\\/#organization\"},\"potentialAction\":[{\"@type\":\"SearchAction\",\"target\":{\"@type\":\"EntryPoint\",\"urlTemplate\":\"https:\\\/\\\/www.24gliwice.pl\\\/wiadomosci\\\/?s={search_term_string}\"},\"query-input\":{\"@type\":\"PropertyValueSpecification\",\"valueRequired\":true,\"valueName\":\"search_term_string\"}}],\"inLanguage\":\"pl-PL\"},{\"@type\":\"Organization\",\"@id\":\"https:\\\/\\\/www.24gliwice.pl\\\/wiadomosci\\\/#organization\",\"name\":\"24gliwice\",\"url\":\"https:\\\/\\\/www.24gliwice.pl\\\/wiadomosci\\\/\",\"logo\":{\"@type\":\"ImageObject\",\"inLanguage\":\"pl-PL\",\"@id\":\"https:\\\/\\\/www.24gliwice.pl\\\/wiadomosci\\\/#\\\/schema\\\/logo\\\/image\\\/\",\"url\":\"https:\\\/\\\/www.24gliwice.pl\\\/wiadomosci\\\/wp-content\\\/uploads\\\/2024\\\/10\\\/24gliwice-logo-696.jpg\",\"contentUrl\":\"https:\\\/\\\/www.24gliwice.pl\\\/wiadomosci\\\/wp-content\\\/uploads\\\/2024\\\/10\\\/24gliwice-logo-696.jpg\",\"width\":696,\"height\":696,\"caption\":\"24gliwice\"},\"image\":{\"@id\":\"https:\\\/\\\/www.24gliwice.pl\\\/wiadomosci\\\/#\\\/schema\\\/logo\\\/image\\\/\"},\"sameAs\":[\"https:\\\/\\\/www.facebook.com\\\/24gliwice\",\"https:\\\/\\\/x.com\\\/24gliwice\",\"https:\\\/\\\/www.youtube.com\\\/@24gliwice\"]},{\"@type\":\"Person\",\"@id\":\"https:\\\/\\\/www.24gliwice.pl\\\/wiadomosci\\\/#\\\/schema\\\/person\\\/cb5857e4a4d048c15984c1edcc8ef0c0\",\"name\":\"Marcin Fabrykowski\",\"image\":{\"@type\":\"ImageObject\",\"inLanguage\":\"pl-PL\",\"@id\":\"https:\\\/\\\/www.24gliwice.pl\\\/wiadomosci\\\/wp-content\\\/uploads\\\/2025\\\/11\\\/zdjecie-moje-marcin-300-96x96.jpg\",\"url\":\"https:\\\/\\\/www.24gliwice.pl\\\/wiadomosci\\\/wp-content\\\/uploads\\\/2025\\\/11\\\/zdjecie-moje-marcin-300-96x96.jpg\",\"contentUrl\":\"https:\\\/\\\/www.24gliwice.pl\\\/wiadomosci\\\/wp-content\\\/uploads\\\/2025\\\/11\\\/zdjecie-moje-marcin-300-96x96.jpg\",\"caption\":\"Marcin Fabrykowski\"},\"sameAs\":[\"http:\\\/\\\/24gliwice.pl\",\"https:\\\/\\\/www.facebook.com\\\/marcin.fabrykowski\"],\"url\":\"https:\\\/\\\/www.24gliwice.pl\\\/wiadomosci\\\/author\\\/marcin-fabrykowski\\\/\"}]}<\/script>\n<!-- \/ Yoast SEO plugin. -->","yoast_head_json":{"title":"Pora\u017cka w Niecieczy. Piast Gliwice przegrywa z Sandecj\u0105 Nowy S\u0105cz - 24GLIWICE - Portal Gliwice | codziennie nowe informacje","robots":{"index":"index","follow":"follow","max-snippet":"max-snippet:-1","max-image-preview":"max-image-preview:large","max-video-preview":"max-video-preview:-1"},"canonical":"https:\/\/www.24gliwice.pl\/wiadomosci\/porazka-w-niecieczy-piast-gliwice-przegrywa-z-sandecja-nowy-sacz\/","og_locale":"pl_PL","og_type":"article","og_title":"Pora\u017cka w Niecieczy. Piast Gliwice przegrywa z Sandecj\u0105 Nowy S\u0105cz - 24GLIWICE - Portal Gliwice | codziennie nowe informacje","og_description":"W meczu 34. kolejki Lotto Ekstraklasy Piast Gliwice przegra\u0142 w Niecieczy z Sandecj\u0105 Nowy S\u0105cz 1:2 i do Gliwic b\u0119dzie wraca\u0142 z poczuciem ogromnego niedosytu. Wpis na list\u0119 strzelc\u00f3w 1-0 &#8211; Gospodarze zamkn\u0119li w polu karnym dru\u017cyn\u0119 Piasta i kilka razy pr\u00f3bowali do\u015brodkowa\u0107 w pole karne. W ko\u0144cu sztuka ta uda\u0142a si\u0119 Wojciechowi Trochimowi, a [&hellip;]","og_url":"https:\/\/www.24gliwice.pl\/wiadomosci\/porazka-w-niecieczy-piast-gliwice-przegrywa-z-sandecja-nowy-sacz\/","og_site_name":"24GLIWICE - Portal Gliwice | codziennie nowe informacje","article_publisher":"https:\/\/www.facebook.com\/24gliwice","article_author":"https:\/\/www.facebook.com\/marcin.fabrykowski","article_published_time":"2018-05-05T16:14:44+00:00","article_modified_time":"2024-08-20T00:00:08+00:00","og_image":[{"width":842,"height":498,"url":"https:\/\/www.24gliwice.pl\/wiadomosci\/wp-content\/uploads\/2018\/05\/piast-sandecja.jpg","type":"image\/jpeg"}],"author":"Marcin Fabrykowski","twitter_card":"summary_large_image","twitter_creator":"@24gliwice","twitter_site":"@24gliwice","twitter_misc":{"Napisane przez":"Marcin Fabrykowski","Szacowany czas czytania":"3 minuty"},"schema":{"@context":"https:\/\/schema.org","@graph":[{"@type":"Article","@id":"https:\/\/www.24gliwice.pl\/wiadomosci\/porazka-w-niecieczy-piast-gliwice-przegrywa-z-sandecja-nowy-sacz\/#article","isPartOf":{"@id":"https:\/\/www.24gliwice.pl\/wiadomosci\/porazka-w-niecieczy-piast-gliwice-przegrywa-z-sandecja-nowy-sacz\/"},"author":{"name":"Marcin Fabrykowski","@id":"https:\/\/www.24gliwice.pl\/wiadomosci\/#\/schema\/person\/cb5857e4a4d048c15984c1edcc8ef0c0"},"headline":"Pora\u017cka w Niecieczy. Piast Gliwice przegrywa z Sandecj\u0105 Nowy S\u0105cz","datePublished":"2018-05-05T16:14:44+00:00","dateModified":"2024-08-20T00:00:08+00:00","mainEntityOfPage":{"@id":"https:\/\/www.24gliwice.pl\/wiadomosci\/porazka-w-niecieczy-piast-gliwice-przegrywa-z-sandecja-nowy-sacz\/"},"wordCount":540,"commentCount":0,"publisher":{"@id":"https:\/\/www.24gliwice.pl\/wiadomosci\/#organization"},"image":{"@id":"https:\/\/www.24gliwice.pl\/wiadomosci\/porazka-w-niecieczy-piast-gliwice-przegrywa-z-sandecja-nowy-sacz\/#primaryimage"},"thumbnailUrl":"https:\/\/www.24gliwice.pl\/wiadomosci\/wp-content\/uploads\/2018\/05\/piast-sandecja.jpg","keywords":["EKSTRAKLASA","MECZ","PIAST GLIWICE","sandecja nowy s\u0105cz"],"articleSection":["Najnowsze wiadomo\u015bci","Sport"],"inLanguage":"pl-PL","potentialAction":[{"@type":"CommentAction","name":"Comment","target":["https:\/\/www.24gliwice.pl\/wiadomosci\/porazka-w-niecieczy-piast-gliwice-przegrywa-z-sandecja-nowy-sacz\/#respond"]}]},{"@type":"WebPage","@id":"https:\/\/www.24gliwice.pl\/wiadomosci\/porazka-w-niecieczy-piast-gliwice-przegrywa-z-sandecja-nowy-sacz\/","url":"https:\/\/www.24gliwice.pl\/wiadomosci\/porazka-w-niecieczy-piast-gliwice-przegrywa-z-sandecja-nowy-sacz\/","name":"Pora\u017cka w Niecieczy. Piast Gliwice przegrywa z Sandecj\u0105 Nowy S\u0105cz - 24GLIWICE - Portal Gliwice | codziennie nowe informacje","isPartOf":{"@id":"https:\/\/www.24gliwice.pl\/wiadomosci\/#website"},"primaryImageOfPage":{"@id":"https:\/\/www.24gliwice.pl\/wiadomosci\/porazka-w-niecieczy-piast-gliwice-przegrywa-z-sandecja-nowy-sacz\/#primaryimage"},"image":{"@id":"https:\/\/www.24gliwice.pl\/wiadomosci\/porazka-w-niecieczy-piast-gliwice-przegrywa-z-sandecja-nowy-sacz\/#primaryimage"},"thumbnailUrl":"https:\/\/www.24gliwice.pl\/wiadomosci\/wp-content\/uploads\/2018\/05\/piast-sandecja.jpg","datePublished":"2018-05-05T16:14:44+00:00","dateModified":"2024-08-20T00:00:08+00:00","breadcrumb":{"@id":"https:\/\/www.24gliwice.pl\/wiadomosci\/porazka-w-niecieczy-piast-gliwice-przegrywa-z-sandecja-nowy-sacz\/#breadcrumb"},"inLanguage":"pl-PL","potentialAction":[{"@type":"ReadAction","target":["https:\/\/www.24gliwice.pl\/wiadomosci\/porazka-w-niecieczy-piast-gliwice-przegrywa-z-sandecja-nowy-sacz\/"]}]},{"@type":"ImageObject","inLanguage":"pl-PL","@id":"https:\/\/www.24gliwice.pl\/wiadomosci\/porazka-w-niecieczy-piast-gliwice-przegrywa-z-sandecja-nowy-sacz\/#primaryimage","url":"https:\/\/www.24gliwice.pl\/wiadomosci\/wp-content\/uploads\/2018\/05\/piast-sandecja.jpg","contentUrl":"https:\/\/www.24gliwice.pl\/wiadomosci\/wp-content\/uploads\/2018\/05\/piast-sandecja.jpg","width":842,"height":498},{"@type":"BreadcrumbList","@id":"https:\/\/www.24gliwice.pl\/wiadomosci\/porazka-w-niecieczy-piast-gliwice-przegrywa-z-sandecja-nowy-sacz\/#breadcrumb","itemListElement":[{"@type":"ListItem","position":1,"name":"Strona g\u0142\u00f3wna","item":"https:\/\/www.24gliwice.pl\/wiadomosci\/"},{"@type":"ListItem","position":2,"name":"Pora\u017cka w Niecieczy. Piast Gliwice przegrywa z Sandecj\u0105 Nowy S\u0105cz"}]},{"@type":"WebSite","@id":"https:\/\/www.24gliwice.pl\/wiadomosci\/#website","url":"https:\/\/www.24gliwice.pl\/wiadomosci\/","name":"24GLIWICE - Portal Gliwice | codziennie nowe wiadomo\u015bci","description":"Portal Miejski Gliwice","publisher":{"@id":"https:\/\/www.24gliwice.pl\/wiadomosci\/#organization"},"potentialAction":[{"@type":"SearchAction","target":{"@type":"EntryPoint","urlTemplate":"https:\/\/www.24gliwice.pl\/wiadomosci\/?s={search_term_string}"},"query-input":{"@type":"PropertyValueSpecification","valueRequired":true,"valueName":"search_term_string"}}],"inLanguage":"pl-PL"},{"@type":"Organization","@id":"https:\/\/www.24gliwice.pl\/wiadomosci\/#organization","name":"24gliwice","url":"https:\/\/www.24gliwice.pl\/wiadomosci\/","logo":{"@type":"ImageObject","inLanguage":"pl-PL","@id":"https:\/\/www.24gliwice.pl\/wiadomosci\/#\/schema\/logo\/image\/","url":"https:\/\/www.24gliwice.pl\/wiadomosci\/wp-content\/uploads\/2024\/10\/24gliwice-logo-696.jpg","contentUrl":"https:\/\/www.24gliwice.pl\/wiadomosci\/wp-content\/uploads\/2024\/10\/24gliwice-logo-696.jpg","width":696,"height":696,"caption":"24gliwice"},"image":{"@id":"https:\/\/www.24gliwice.pl\/wiadomosci\/#\/schema\/logo\/image\/"},"sameAs":["https:\/\/www.facebook.com\/24gliwice","https:\/\/x.com\/24gliwice","https:\/\/www.youtube.com\/@24gliwice"]},{"@type":"Person","@id":"https:\/\/www.24gliwice.pl\/wiadomosci\/#\/schema\/person\/cb5857e4a4d048c15984c1edcc8ef0c0","name":"Marcin Fabrykowski","image":{"@type":"ImageObject","inLanguage":"pl-PL","@id":"https:\/\/www.24gliwice.pl\/wiadomosci\/wp-content\/uploads\/2025\/11\/zdjecie-moje-marcin-300-96x96.jpg","url":"https:\/\/www.24gliwice.pl\/wiadomosci\/wp-content\/uploads\/2025\/11\/zdjecie-moje-marcin-300-96x96.jpg","contentUrl":"https:\/\/www.24gliwice.pl\/wiadomosci\/wp-content\/uploads\/2025\/11\/zdjecie-moje-marcin-300-96x96.jpg","caption":"Marcin Fabrykowski"},"sameAs":["http:\/\/24gliwice.pl","https:\/\/www.facebook.com\/marcin.fabrykowski"],"url":"https:\/\/www.24gliwice.pl\/wiadomosci\/author\/marcin-fabrykowski\/"}]}},"_links":{"self":[{"href":"https:\/\/www.24gliwice.pl\/wiadomosci\/wp-json\/wp\/v2\/posts\/116749","targetHints":{"allow":["GET"]}}],"collection":[{"href":"https:\/\/www.24gliwice.pl\/wiadomosci\/wp-json\/wp\/v2\/posts"}],"about":[{"href":"https:\/\/www.24gliwice.pl\/wiadomosci\/wp-json\/wp\/v2\/types\/post"}],"author":[{"embeddable":true,"href":"https:\/\/www.24gliwice.pl\/wiadomosci\/wp-json\/wp\/v2\/users\/4"}],"replies":[{"embeddable":true,"href":"https:\/\/www.24gliwice.pl\/wiadomosci\/wp-json\/wp\/v2\/comments?post=116749"}],"version-history":[{"count":0,"href":"https:\/\/www.24gliwice.pl\/wiadomosci\/wp-json\/wp\/v2\/posts\/116749\/revisions"}],"wp:featuredmedia":[{"embeddable":true,"href":"https:\/\/www.24gliwice.pl\/wiadomosci\/wp-json\/wp\/v2\/media\/116752"}],"wp:attachment":[{"href":"https:\/\/www.24gliwice.pl\/wiadomosci\/wp-json\/wp\/v2\/media?parent=116749"}],"wp:term":[{"taxonomy":"category","embeddable":true,"href":"https:\/\/www.24gliwice.pl\/wiadomosci\/wp-json\/wp\/v2\/categories?post=116749"},{"taxonomy":"post_tag","embeddable":true,"href":"https:\/\/www.24gliwice.pl\/wiadomosci\/wp-json\/wp\/v2\/tags?post=116749"}],"curies":[{"name":"wp","href":"https:\/\/api.w.org\/{rel}","templated":true}]}}