{"id":116943,"date":"2018-05-10T13:36:28","date_gmt":"2018-05-10T11:36:28","guid":{"rendered":"https:\/\/www.24gliwice.pl\/wiadomosci\/?p=116943"},"modified":"2018-05-10T13:36:28","modified_gmt":"2018-05-10T11:36:28","slug":"sygnalizacji-swietlnej-na-przejsciu-obok-szkoly-nie-bedzie-analiza-zdm-wykazala-ze-jest-tam-niepotrzebne","status":"publish","type":"post","link":"https:\/\/www.24gliwice.pl\/wiadomosci\/sygnalizacji-swietlnej-na-przejsciu-obok-szkoly-nie-bedzie-analiza-zdm-wykazala-ze-jest-tam-niepotrzebne\/","title":{"rendered":"Sygnalizacji \u015bwietlnej na przej\u015bciu obok szko\u0142y nie b\u0119dzie. Analiza ZDM wykaza\u0142a, \u017ce jest tam niepotrzebne"},"content":{"rendered":"<div class=\"gliwi-a6-nad-leadem-artykulow gliwi-entity-placement\" id=\"gliwi-1021724999\"><div class=\"gliwi-adlabel\"><span style=\"font-size: 9px\">REKLAMA<\/span><\/div><div id=\"gliwi-1699586942\" style=\"margin-bottom: 25px;margin-left: auto;margin-right: auto;text-align: center;\"><a data-no-instant=\"1\" href=\"https:\/\/dom100.eu\/\" rel=\"noopener\" class=\"a2t-link\" target=\"_blank\" aria-label=\"20260415 DOM100 D\"><img loading=\"lazy\" decoding=\"async\" src=\"https:\/\/www.24gliwice.pl\/wiadomosci\/wp-content\/uploads\/2026\/04\/20260415-DOM100-D.jpg\" alt=\"\"  srcset=\"https:\/\/www.24gliwice.pl\/wiadomosci\/wp-content\/uploads\/2026\/04\/20260415-DOM100-D.jpg 750w, https:\/\/www.24gliwice.pl\/wiadomosci\/wp-content\/uploads\/2026\/04\/20260415-DOM100-D-410x109.jpg 410w\" sizes=\"(max-width: 750px) 100vw, 750px\" class=\"no-lazyload\" width=\"750\" height=\"200\"  style=\"display: inline-block; max-width: 100%; height: auto;\" \/><\/a><\/div><\/div><h3>Rodzice dzieci ze szko\u0142y podstawowej w So\u015bnicy wnioskowali o budow\u0119 sygnalizacji na przej\u015bciu dla pieszych nieopodal plac\u00f3wki. Jak twierdz\u0105, w tym rejonie kierowcy nie respektuj\u0105 przepis\u00f3w, a pokonanie jezdni jest niebezpieczne.<\/h3>\n<p>Do Prezydenta miasta wp\u0142yn\u0119\u0142a petycja, w kt\u00f3rej mieszka\u0144cy wnioskuj\u0105, \u017ceby jedno z przej\u015b\u0107 przez ulic\u0119 Beskidzk\u0105 zaopatrzy\u0107 w sygnalizacj\u0119 \u015bwietln\u0105. Mia\u0142oby to zwi\u0119kszy\u0107 bezpiecze\u0144stwo dzieci ucz\u0119szczaj\u0105cych do po\u0142o\u017conej nieopodal plac\u00f3wki, w kt\u00f3rej &#8211; w systemie dwuzmianowym &#8211; uczy si\u0119 546 uczni\u00f3w.<\/p>\n<blockquote><p>W drodze do W\/W plac\u00f3wki o\u015bwiatowej rodzice dzieci jak i same dzieci napotykali na problem z bezpiecznym doj\u015bciem do szko\u0142y przez ul. Beskidzk\u0105. Rozwa\u017cano na m\u00f3j wniosek rozwi\u0105zanie tego tematu<\/p><\/blockquote>\n<p>&#8211; pisze jeden z <strong>mieszka\u0144c\u00f3w<\/strong> w petycji.<\/p><div class=\"gliwi-a3-w-tresci-artykulow gliwi-entity-placement\" id=\"gliwi-1278378207\"><div class=\"gliwi-adlabel\"><span style=\"font-size: 9px\">REKLAMA<\/span><\/div><div id=\"gliwi-3993372904\" style=\"margin-bottom: 30px;margin-left: auto;margin-right: auto;text-align: center;\"><a data-no-instant=\"1\" href=\"https:\/\/ogrodyandersa.pl\/\" rel=\"noopener\" class=\"a2t-link\" target=\"_blank\" aria-label=\"20260415 Ogrody Andersa KUP TERAZ D\"><img loading=\"lazy\" decoding=\"async\" src=\"https:\/\/www.24gliwice.pl\/wiadomosci\/wp-content\/uploads\/2026\/04\/20260415-Ogrody-Andersa-KUP-TERAZ-D.jpg\" alt=\"\"  srcset=\"https:\/\/www.24gliwice.pl\/wiadomosci\/wp-content\/uploads\/2026\/04\/20260415-Ogrody-Andersa-KUP-TERAZ-D.jpg 750w, https:\/\/www.24gliwice.pl\/wiadomosci\/wp-content\/uploads\/2026\/04\/20260415-Ogrody-Andersa-KUP-TERAZ-D-410x109.jpg 410w\" sizes=\"(max-width: 750px) 100vw, 750px\" class=\"no-lazyload\" width=\"750\" height=\"200\"  style=\"display: inline-block; max-width: 100%; height: auto;\" \/><\/a><\/div><\/div>\n<p>Po przekazanych sygna\u0142ach od Przedstawicieli Rady Rodzic\u00f3w i swoich w\u0142asnych obserwacjach, gliwiczanin z\u0142o\u017cy\u0142 do ZDM wniosek o zabudow\u0119 prog\u00f3w zwalniaj\u0105cych, ale jego wniosek nie spe\u0142ni\u0142 zapis\u00f3w w\u0142a\u015bciwego Rozporz\u0105dzenia Ministra Infrastruktury: <em> progi zwalniaj\u0105ce nie mog\u0105 by\u0107 umieszczone bli\u017cej ni\u017c 40 m od skrzy\u017cowania ulic i dr\u00f3g.<\/em> W tej sytuacji zdecydowano o z\u0142o\u017ceniu petycji do prezydenta, wskazuj\u0105c, \u017ce wprowadzenie sygnalizacji na jednym z przej\u015b\u0107 s\u0142u\u017cy\u0142oby nie tylko dzieciom i m\u0142odzie\u017cy szkolnej, ale wszystkim mieszka\u0144com. Odpowied\u017a jednak jest negatywna.<\/p>\n<p>&#8211; Odpowiadaj\u0105c na petycj\u0119 z dnia 28 marca dotycz\u0105c\u0105 budowy sygnalizacji \u015bwietlnej na przej\u015bciu dla pieszych na ul. Beskidzkiej w rejonie skrzy\u017cowania z ul. Pust\u0105 informuj\u0119, \u017ce ie Zarz\u0105d Dr\u00f3g Miejskich w Gliwicach w kwietniu 2018 roku (&#8230;) przeprowadzi\u0142 analiz\u0119 zasadno\u015bci budowy sygnalizacji \u015bwietlnej. Wy\u017cej wymieniona analiza jednoznacznie wskaza\u0142a brak konieczno\u015bci budowy sygnalizacji \u015bwietlnej w tym miejscu &#8211; uzasadni\u0142 odrzucenie petycji zast\u0119pca prezydenta miasta, <strong>Adam Neumann<\/strong>.<\/p>\n<p>(\u017cms)<br \/>\nfot. scr. Google Maps<\/p>\n<p><iframe loading=\"lazy\" style=\"border: 0;\" src=\"https:\/\/www.google.com\/maps\/embed?pb=!4v1525867350529!6m8!1m7!1snzTHgQESipfUY30IzkflWA!2m2!1d50.29297175188267!2d18.73338089998794!3f45.99861104995708!4f-6.724104470317457!5f0.7820865974627469\" width=\"810\" height=\"455\" frameborder=\"0\" allowfullscreen=\"allowfullscreen\"><\/iframe><\/p>\n<div class=\"gliwi-a5-na-koncu-artykulow gliwi-entity-placement\" id=\"gliwi-873707526\"><div class=\"gliwi-adlabel\"><span style=\"font-size: 9px\">REKLAMA<\/span><\/div><div id=\"gliwi-929754364\" style=\"margin-left: auto;margin-right: auto;text-align: center;\"><a data-no-instant=\"1\" href=\"https:\/\/www.jasek.pl\/\" rel=\"noopener\" class=\"a2t-link\" target=\"_blank\" aria-label=\"20200401-jasek 600\"><img loading=\"lazy\" decoding=\"async\" src=\"https:\/\/www.24gliwice.pl\/wiadomosci\/wp-content\/uploads\/2020\/04\/20200401-jasek-600.jpg\" alt=\"\"  srcset=\"https:\/\/www.24gliwice.pl\/wiadomosci\/wp-content\/uploads\/2020\/04\/20200401-jasek-600.jpg 600w, https:\/\/www.24gliwice.pl\/wiadomosci\/wp-content\/uploads\/2020\/04\/20200401-jasek-600-410x109.jpg 410w\" sizes=\"(max-width: 600px) 100vw, 600px\" class=\"no-lazyload\" width=\"600\" height=\"160\"  style=\"display: inline-block; max-width: 100%; height: auto;\" \/><\/a><\/div><\/div>","protected":false},"excerpt":{"rendered":"<p>Rodzice dzieci ze szko\u0142y podstawowej w So\u015bnicy wnioskowali o budow\u0119 sygnalizacji na przej\u015bciu dla pieszych nieopodal plac\u00f3wki. Jak twierdz\u0105, w tym rejonie kierowcy nie respektuj\u0105 przepis\u00f3w, a pokonanie jezdni jest niebezpieczne. Do Prezydenta miasta wp\u0142yn\u0119\u0142a petycja, w kt\u00f3rej mieszka\u0144cy wnioskuj\u0105, \u017ceby jedno z przej\u015b\u0107 przez ulic\u0119 Beskidzk\u0105 zaopatrzy\u0107 w sygnalizacj\u0119 \u015bwietln\u0105. Mia\u0142oby to zwi\u0119kszy\u0107 bezpiecze\u0144stwo [&hellip;]<\/p>\n","protected":false},"author":15,"featured_media":117004,"comment_status":"open","ping_status":"closed","sticky":false,"template":"","format":"standard","meta":{"_monsterinsights_skip_tracking":false,"_monsterinsights_sitenote_active":false,"_monsterinsights_sitenote_note":"","_monsterinsights_sitenote_category":0,"footnotes":"","_links_to":"","_links_to_target":""},"categories":[3,1],"tags":[7750,9859],"class_list":["post-116943","post","type-post","status-publish","format-standard","has-post-thumbnail","hentry","category-gliwice","category-wszystko","tag-przejscie-dla-pieszych","tag-sygnalizacja-swietlna"],"yoast_head":"<!-- This site is optimized with the Yoast SEO plugin v27.5 - https:\/\/yoast.com\/product\/yoast-seo-wordpress\/ -->\n<title>Sygnalizacji \u015bwietlnej na przej\u015bciu obok szko\u0142y nie b\u0119dzie. Analiza ZDM wykaza\u0142a, \u017ce jest tam niepotrzebne - 24GLIWICE - Portal Gliwice | codziennie nowe informacje<\/title>\n<meta name=\"robots\" content=\"index, follow, max-snippet:-1, max-image-preview:large, max-video-preview:-1\" \/>\n<link rel=\"canonical\" href=\"https:\/\/www.24gliwice.pl\/wiadomosci\/sygnalizacji-swietlnej-na-przejsciu-obok-szkoly-nie-bedzie-analiza-zdm-wykazala-ze-jest-tam-niepotrzebne\/\" \/>\n<meta property=\"og:locale\" content=\"pl_PL\" \/>\n<meta property=\"og:type\" content=\"article\" \/>\n<meta property=\"og:title\" content=\"Sygnalizacji \u015bwietlnej na przej\u015bciu obok szko\u0142y nie b\u0119dzie. Analiza ZDM wykaza\u0142a, \u017ce jest tam niepotrzebne - 24GLIWICE - Portal Gliwice | codziennie nowe informacje\" \/>\n<meta property=\"og:description\" content=\"Rodzice dzieci ze szko\u0142y podstawowej w So\u015bnicy wnioskowali o budow\u0119 sygnalizacji na przej\u015bciu dla pieszych nieopodal plac\u00f3wki. Jak twierdz\u0105, w tym rejonie kierowcy nie respektuj\u0105 przepis\u00f3w, a pokonanie jezdni jest niebezpieczne. Do Prezydenta miasta wp\u0142yn\u0119\u0142a petycja, w kt\u00f3rej mieszka\u0144cy wnioskuj\u0105, \u017ceby jedno z przej\u015b\u0107 przez ulic\u0119 Beskidzk\u0105 zaopatrzy\u0107 w sygnalizacj\u0119 \u015bwietln\u0105. Mia\u0142oby to zwi\u0119kszy\u0107 bezpiecze\u0144stwo [&hellip;]\" \/>\n<meta property=\"og:url\" content=\"https:\/\/www.24gliwice.pl\/wiadomosci\/sygnalizacji-swietlnej-na-przejsciu-obok-szkoly-nie-bedzie-analiza-zdm-wykazala-ze-jest-tam-niepotrzebne\/\" \/>\n<meta property=\"og:site_name\" content=\"24GLIWICE - Portal Gliwice | codziennie nowe informacje\" \/>\n<meta property=\"article:publisher\" content=\"https:\/\/www.facebook.com\/24gliwice\" \/>\n<meta property=\"article:published_time\" content=\"2018-05-10T11:36:28+00:00\" \/>\n<meta property=\"og:image\" content=\"https:\/\/www.24gliwice.pl\/wiadomosci\/wp-content\/uploads\/2018\/05\/beskidzka-pasy-e1525867421972.jpg\" \/>\n\t<meta property=\"og:image:width\" content=\"810\" \/>\n\t<meta property=\"og:image:height\" content=\"456\" \/>\n\t<meta property=\"og:image:type\" content=\"image\/jpeg\" \/>\n<meta name=\"author\" content=\"\u017baneta Mrozek-Siewierska\" \/>\n<meta name=\"twitter:card\" content=\"summary_large_image\" \/>\n<meta name=\"twitter:creator\" content=\"@24gliwice\" \/>\n<meta name=\"twitter:site\" content=\"@24gliwice\" \/>\n<meta name=\"twitter:label1\" content=\"Napisane przez\" \/>\n\t<meta name=\"twitter:data1\" content=\"\u017baneta Mrozek-Siewierska\" \/>\n\t<meta name=\"twitter:label2\" content=\"Szacowany czas czytania\" \/>\n\t<meta name=\"twitter:data2\" content=\"2 minuty\" \/>\n<script type=\"application\/ld+json\" class=\"yoast-schema-graph\">{\"@context\":\"https:\\\/\\\/schema.org\",\"@graph\":[{\"@type\":\"Article\",\"@id\":\"https:\\\/\\\/www.24gliwice.pl\\\/wiadomosci\\\/sygnalizacji-swietlnej-na-przejsciu-obok-szkoly-nie-bedzie-analiza-zdm-wykazala-ze-jest-tam-niepotrzebne\\\/#article\",\"isPartOf\":{\"@id\":\"https:\\\/\\\/www.24gliwice.pl\\\/wiadomosci\\\/sygnalizacji-swietlnej-na-przejsciu-obok-szkoly-nie-bedzie-analiza-zdm-wykazala-ze-jest-tam-niepotrzebne\\\/\"},\"author\":{\"name\":\"\u017baneta Mrozek-Siewierska\",\"@id\":\"https:\\\/\\\/www.24gliwice.pl\\\/wiadomosci\\\/#\\\/schema\\\/person\\\/e42c650edd7f2fa332be3811fb166b6e\"},\"headline\":\"Sygnalizacji \u015bwietlnej na przej\u015bciu obok szko\u0142y nie b\u0119dzie. Analiza ZDM wykaza\u0142a, \u017ce jest tam niepotrzebne\",\"datePublished\":\"2018-05-10T11:36:28+00:00\",\"mainEntityOfPage\":{\"@id\":\"https:\\\/\\\/www.24gliwice.pl\\\/wiadomosci\\\/sygnalizacji-swietlnej-na-przejsciu-obok-szkoly-nie-bedzie-analiza-zdm-wykazala-ze-jest-tam-niepotrzebne\\\/\"},\"wordCount\":335,\"commentCount\":0,\"publisher\":{\"@id\":\"https:\\\/\\\/www.24gliwice.pl\\\/wiadomosci\\\/#organization\"},\"image\":{\"@id\":\"https:\\\/\\\/www.24gliwice.pl\\\/wiadomosci\\\/sygnalizacji-swietlnej-na-przejsciu-obok-szkoly-nie-bedzie-analiza-zdm-wykazala-ze-jest-tam-niepotrzebne\\\/#primaryimage\"},\"thumbnailUrl\":\"https:\\\/\\\/www.24gliwice.pl\\\/wiadomosci\\\/wp-content\\\/uploads\\\/2018\\\/05\\\/beskidzka-pasy-e1525867421972.jpg\",\"keywords\":[\"PRZEJ\u015aCIE DLA PIESZYCH\",\"sygnalizacja \u015bwietlna\"],\"articleSection\":[\"Gliwice\",\"Najnowsze wiadomo\u015bci\"],\"inLanguage\":\"pl-PL\",\"potentialAction\":[{\"@type\":\"CommentAction\",\"name\":\"Comment\",\"target\":[\"https:\\\/\\\/www.24gliwice.pl\\\/wiadomosci\\\/sygnalizacji-swietlnej-na-przejsciu-obok-szkoly-nie-bedzie-analiza-zdm-wykazala-ze-jest-tam-niepotrzebne\\\/#respond\"]}]},{\"@type\":\"WebPage\",\"@id\":\"https:\\\/\\\/www.24gliwice.pl\\\/wiadomosci\\\/sygnalizacji-swietlnej-na-przejsciu-obok-szkoly-nie-bedzie-analiza-zdm-wykazala-ze-jest-tam-niepotrzebne\\\/\",\"url\":\"https:\\\/\\\/www.24gliwice.pl\\\/wiadomosci\\\/sygnalizacji-swietlnej-na-przejsciu-obok-szkoly-nie-bedzie-analiza-zdm-wykazala-ze-jest-tam-niepotrzebne\\\/\",\"name\":\"Sygnalizacji \u015bwietlnej na przej\u015bciu obok szko\u0142y nie b\u0119dzie. Analiza ZDM wykaza\u0142a, \u017ce jest tam niepotrzebne - 24GLIWICE - Portal Gliwice | codziennie nowe informacje\",\"isPartOf\":{\"@id\":\"https:\\\/\\\/www.24gliwice.pl\\\/wiadomosci\\\/#website\"},\"primaryImageOfPage\":{\"@id\":\"https:\\\/\\\/www.24gliwice.pl\\\/wiadomosci\\\/sygnalizacji-swietlnej-na-przejsciu-obok-szkoly-nie-bedzie-analiza-zdm-wykazala-ze-jest-tam-niepotrzebne\\\/#primaryimage\"},\"image\":{\"@id\":\"https:\\\/\\\/www.24gliwice.pl\\\/wiadomosci\\\/sygnalizacji-swietlnej-na-przejsciu-obok-szkoly-nie-bedzie-analiza-zdm-wykazala-ze-jest-tam-niepotrzebne\\\/#primaryimage\"},\"thumbnailUrl\":\"https:\\\/\\\/www.24gliwice.pl\\\/wiadomosci\\\/wp-content\\\/uploads\\\/2018\\\/05\\\/beskidzka-pasy-e1525867421972.jpg\",\"datePublished\":\"2018-05-10T11:36:28+00:00\",\"breadcrumb\":{\"@id\":\"https:\\\/\\\/www.24gliwice.pl\\\/wiadomosci\\\/sygnalizacji-swietlnej-na-przejsciu-obok-szkoly-nie-bedzie-analiza-zdm-wykazala-ze-jest-tam-niepotrzebne\\\/#breadcrumb\"},\"inLanguage\":\"pl-PL\",\"potentialAction\":[{\"@type\":\"ReadAction\",\"target\":[\"https:\\\/\\\/www.24gliwice.pl\\\/wiadomosci\\\/sygnalizacji-swietlnej-na-przejsciu-obok-szkoly-nie-bedzie-analiza-zdm-wykazala-ze-jest-tam-niepotrzebne\\\/\"]}]},{\"@type\":\"ImageObject\",\"inLanguage\":\"pl-PL\",\"@id\":\"https:\\\/\\\/www.24gliwice.pl\\\/wiadomosci\\\/sygnalizacji-swietlnej-na-przejsciu-obok-szkoly-nie-bedzie-analiza-zdm-wykazala-ze-jest-tam-niepotrzebne\\\/#primaryimage\",\"url\":\"https:\\\/\\\/www.24gliwice.pl\\\/wiadomosci\\\/wp-content\\\/uploads\\\/2018\\\/05\\\/beskidzka-pasy-e1525867421972.jpg\",\"contentUrl\":\"https:\\\/\\\/www.24gliwice.pl\\\/wiadomosci\\\/wp-content\\\/uploads\\\/2018\\\/05\\\/beskidzka-pasy-e1525867421972.jpg\",\"width\":810,\"height\":456},{\"@type\":\"BreadcrumbList\",\"@id\":\"https:\\\/\\\/www.24gliwice.pl\\\/wiadomosci\\\/sygnalizacji-swietlnej-na-przejsciu-obok-szkoly-nie-bedzie-analiza-zdm-wykazala-ze-jest-tam-niepotrzebne\\\/#breadcrumb\",\"itemListElement\":[{\"@type\":\"ListItem\",\"position\":1,\"name\":\"Strona g\u0142\u00f3wna\",\"item\":\"https:\\\/\\\/www.24gliwice.pl\\\/wiadomosci\\\/\"},{\"@type\":\"ListItem\",\"position\":2,\"name\":\"Sygnalizacji \u015bwietlnej na przej\u015bciu obok szko\u0142y nie b\u0119dzie. Analiza ZDM wykaza\u0142a, \u017ce jest tam niepotrzebne\"}]},{\"@type\":\"WebSite\",\"@id\":\"https:\\\/\\\/www.24gliwice.pl\\\/wiadomosci\\\/#website\",\"url\":\"https:\\\/\\\/www.24gliwice.pl\\\/wiadomosci\\\/\",\"name\":\"24GLIWICE - Portal Gliwice | codziennie nowe wiadomo\u015bci\",\"description\":\"Portal Miejski Gliwice\",\"publisher\":{\"@id\":\"https:\\\/\\\/www.24gliwice.pl\\\/wiadomosci\\\/#organization\"},\"potentialAction\":[{\"@type\":\"SearchAction\",\"target\":{\"@type\":\"EntryPoint\",\"urlTemplate\":\"https:\\\/\\\/www.24gliwice.pl\\\/wiadomosci\\\/?s={search_term_string}\"},\"query-input\":{\"@type\":\"PropertyValueSpecification\",\"valueRequired\":true,\"valueName\":\"search_term_string\"}}],\"inLanguage\":\"pl-PL\"},{\"@type\":\"Organization\",\"@id\":\"https:\\\/\\\/www.24gliwice.pl\\\/wiadomosci\\\/#organization\",\"name\":\"24gliwice\",\"url\":\"https:\\\/\\\/www.24gliwice.pl\\\/wiadomosci\\\/\",\"logo\":{\"@type\":\"ImageObject\",\"inLanguage\":\"pl-PL\",\"@id\":\"https:\\\/\\\/www.24gliwice.pl\\\/wiadomosci\\\/#\\\/schema\\\/logo\\\/image\\\/\",\"url\":\"https:\\\/\\\/www.24gliwice.pl\\\/wiadomosci\\\/wp-content\\\/uploads\\\/2024\\\/10\\\/24gliwice-logo-696.jpg\",\"contentUrl\":\"https:\\\/\\\/www.24gliwice.pl\\\/wiadomosci\\\/wp-content\\\/uploads\\\/2024\\\/10\\\/24gliwice-logo-696.jpg\",\"width\":696,\"height\":696,\"caption\":\"24gliwice\"},\"image\":{\"@id\":\"https:\\\/\\\/www.24gliwice.pl\\\/wiadomosci\\\/#\\\/schema\\\/logo\\\/image\\\/\"},\"sameAs\":[\"https:\\\/\\\/www.facebook.com\\\/24gliwice\",\"https:\\\/\\\/x.com\\\/24gliwice\",\"https:\\\/\\\/www.youtube.com\\\/@24gliwice\"]},{\"@type\":\"Person\",\"@id\":\"https:\\\/\\\/www.24gliwice.pl\\\/wiadomosci\\\/#\\\/schema\\\/person\\\/e42c650edd7f2fa332be3811fb166b6e\",\"name\":\"\u017baneta Mrozek-Siewierska\",\"image\":{\"@type\":\"ImageObject\",\"inLanguage\":\"pl-PL\",\"@id\":\"https:\\\/\\\/secure.gravatar.com\\\/avatar\\\/1881429e9c64597c77ad7aef2d0a19be69a3253e57534d16aa15bf3a4d34a0a3?s=96&d=mm&r=g\",\"url\":\"https:\\\/\\\/secure.gravatar.com\\\/avatar\\\/1881429e9c64597c77ad7aef2d0a19be69a3253e57534d16aa15bf3a4d34a0a3?s=96&d=mm&r=g\",\"contentUrl\":\"https:\\\/\\\/secure.gravatar.com\\\/avatar\\\/1881429e9c64597c77ad7aef2d0a19be69a3253e57534d16aa15bf3a4d34a0a3?s=96&d=mm&r=g\",\"caption\":\"\u017baneta Mrozek-Siewierska\"},\"url\":\"https:\\\/\\\/www.24gliwice.pl\\\/wiadomosci\\\/author\\\/zms\\\/\"}]}<\/script>\n<!-- \/ Yoast SEO plugin. -->","yoast_head_json":{"title":"Sygnalizacji \u015bwietlnej na przej\u015bciu obok szko\u0142y nie b\u0119dzie. Analiza ZDM wykaza\u0142a, \u017ce jest tam niepotrzebne - 24GLIWICE - Portal Gliwice | codziennie nowe informacje","robots":{"index":"index","follow":"follow","max-snippet":"max-snippet:-1","max-image-preview":"max-image-preview:large","max-video-preview":"max-video-preview:-1"},"canonical":"https:\/\/www.24gliwice.pl\/wiadomosci\/sygnalizacji-swietlnej-na-przejsciu-obok-szkoly-nie-bedzie-analiza-zdm-wykazala-ze-jest-tam-niepotrzebne\/","og_locale":"pl_PL","og_type":"article","og_title":"Sygnalizacji \u015bwietlnej na przej\u015bciu obok szko\u0142y nie b\u0119dzie. Analiza ZDM wykaza\u0142a, \u017ce jest tam niepotrzebne - 24GLIWICE - Portal Gliwice | codziennie nowe informacje","og_description":"Rodzice dzieci ze szko\u0142y podstawowej w So\u015bnicy wnioskowali o budow\u0119 sygnalizacji na przej\u015bciu dla pieszych nieopodal plac\u00f3wki. Jak twierdz\u0105, w tym rejonie kierowcy nie respektuj\u0105 przepis\u00f3w, a pokonanie jezdni jest niebezpieczne. Do Prezydenta miasta wp\u0142yn\u0119\u0142a petycja, w kt\u00f3rej mieszka\u0144cy wnioskuj\u0105, \u017ceby jedno z przej\u015b\u0107 przez ulic\u0119 Beskidzk\u0105 zaopatrzy\u0107 w sygnalizacj\u0119 \u015bwietln\u0105. Mia\u0142oby to zwi\u0119kszy\u0107 bezpiecze\u0144stwo [&hellip;]","og_url":"https:\/\/www.24gliwice.pl\/wiadomosci\/sygnalizacji-swietlnej-na-przejsciu-obok-szkoly-nie-bedzie-analiza-zdm-wykazala-ze-jest-tam-niepotrzebne\/","og_site_name":"24GLIWICE - Portal Gliwice | codziennie nowe informacje","article_publisher":"https:\/\/www.facebook.com\/24gliwice","article_published_time":"2018-05-10T11:36:28+00:00","og_image":[{"width":810,"height":456,"url":"https:\/\/www.24gliwice.pl\/wiadomosci\/wp-content\/uploads\/2018\/05\/beskidzka-pasy-e1525867421972.jpg","type":"image\/jpeg"}],"author":"\u017baneta Mrozek-Siewierska","twitter_card":"summary_large_image","twitter_creator":"@24gliwice","twitter_site":"@24gliwice","twitter_misc":{"Napisane przez":"\u017baneta Mrozek-Siewierska","Szacowany czas czytania":"2 minuty"},"schema":{"@context":"https:\/\/schema.org","@graph":[{"@type":"Article","@id":"https:\/\/www.24gliwice.pl\/wiadomosci\/sygnalizacji-swietlnej-na-przejsciu-obok-szkoly-nie-bedzie-analiza-zdm-wykazala-ze-jest-tam-niepotrzebne\/#article","isPartOf":{"@id":"https:\/\/www.24gliwice.pl\/wiadomosci\/sygnalizacji-swietlnej-na-przejsciu-obok-szkoly-nie-bedzie-analiza-zdm-wykazala-ze-jest-tam-niepotrzebne\/"},"author":{"name":"\u017baneta Mrozek-Siewierska","@id":"https:\/\/www.24gliwice.pl\/wiadomosci\/#\/schema\/person\/e42c650edd7f2fa332be3811fb166b6e"},"headline":"Sygnalizacji \u015bwietlnej na przej\u015bciu obok szko\u0142y nie b\u0119dzie. Analiza ZDM wykaza\u0142a, \u017ce jest tam niepotrzebne","datePublished":"2018-05-10T11:36:28+00:00","mainEntityOfPage":{"@id":"https:\/\/www.24gliwice.pl\/wiadomosci\/sygnalizacji-swietlnej-na-przejsciu-obok-szkoly-nie-bedzie-analiza-zdm-wykazala-ze-jest-tam-niepotrzebne\/"},"wordCount":335,"commentCount":0,"publisher":{"@id":"https:\/\/www.24gliwice.pl\/wiadomosci\/#organization"},"image":{"@id":"https:\/\/www.24gliwice.pl\/wiadomosci\/sygnalizacji-swietlnej-na-przejsciu-obok-szkoly-nie-bedzie-analiza-zdm-wykazala-ze-jest-tam-niepotrzebne\/#primaryimage"},"thumbnailUrl":"https:\/\/www.24gliwice.pl\/wiadomosci\/wp-content\/uploads\/2018\/05\/beskidzka-pasy-e1525867421972.jpg","keywords":["PRZEJ\u015aCIE DLA PIESZYCH","sygnalizacja \u015bwietlna"],"articleSection":["Gliwice","Najnowsze wiadomo\u015bci"],"inLanguage":"pl-PL","potentialAction":[{"@type":"CommentAction","name":"Comment","target":["https:\/\/www.24gliwice.pl\/wiadomosci\/sygnalizacji-swietlnej-na-przejsciu-obok-szkoly-nie-bedzie-analiza-zdm-wykazala-ze-jest-tam-niepotrzebne\/#respond"]}]},{"@type":"WebPage","@id":"https:\/\/www.24gliwice.pl\/wiadomosci\/sygnalizacji-swietlnej-na-przejsciu-obok-szkoly-nie-bedzie-analiza-zdm-wykazala-ze-jest-tam-niepotrzebne\/","url":"https:\/\/www.24gliwice.pl\/wiadomosci\/sygnalizacji-swietlnej-na-przejsciu-obok-szkoly-nie-bedzie-analiza-zdm-wykazala-ze-jest-tam-niepotrzebne\/","name":"Sygnalizacji \u015bwietlnej na przej\u015bciu obok szko\u0142y nie b\u0119dzie. Analiza ZDM wykaza\u0142a, \u017ce jest tam niepotrzebne - 24GLIWICE - Portal Gliwice | codziennie nowe informacje","isPartOf":{"@id":"https:\/\/www.24gliwice.pl\/wiadomosci\/#website"},"primaryImageOfPage":{"@id":"https:\/\/www.24gliwice.pl\/wiadomosci\/sygnalizacji-swietlnej-na-przejsciu-obok-szkoly-nie-bedzie-analiza-zdm-wykazala-ze-jest-tam-niepotrzebne\/#primaryimage"},"image":{"@id":"https:\/\/www.24gliwice.pl\/wiadomosci\/sygnalizacji-swietlnej-na-przejsciu-obok-szkoly-nie-bedzie-analiza-zdm-wykazala-ze-jest-tam-niepotrzebne\/#primaryimage"},"thumbnailUrl":"https:\/\/www.24gliwice.pl\/wiadomosci\/wp-content\/uploads\/2018\/05\/beskidzka-pasy-e1525867421972.jpg","datePublished":"2018-05-10T11:36:28+00:00","breadcrumb":{"@id":"https:\/\/www.24gliwice.pl\/wiadomosci\/sygnalizacji-swietlnej-na-przejsciu-obok-szkoly-nie-bedzie-analiza-zdm-wykazala-ze-jest-tam-niepotrzebne\/#breadcrumb"},"inLanguage":"pl-PL","potentialAction":[{"@type":"ReadAction","target":["https:\/\/www.24gliwice.pl\/wiadomosci\/sygnalizacji-swietlnej-na-przejsciu-obok-szkoly-nie-bedzie-analiza-zdm-wykazala-ze-jest-tam-niepotrzebne\/"]}]},{"@type":"ImageObject","inLanguage":"pl-PL","@id":"https:\/\/www.24gliwice.pl\/wiadomosci\/sygnalizacji-swietlnej-na-przejsciu-obok-szkoly-nie-bedzie-analiza-zdm-wykazala-ze-jest-tam-niepotrzebne\/#primaryimage","url":"https:\/\/www.24gliwice.pl\/wiadomosci\/wp-content\/uploads\/2018\/05\/beskidzka-pasy-e1525867421972.jpg","contentUrl":"https:\/\/www.24gliwice.pl\/wiadomosci\/wp-content\/uploads\/2018\/05\/beskidzka-pasy-e1525867421972.jpg","width":810,"height":456},{"@type":"BreadcrumbList","@id":"https:\/\/www.24gliwice.pl\/wiadomosci\/sygnalizacji-swietlnej-na-przejsciu-obok-szkoly-nie-bedzie-analiza-zdm-wykazala-ze-jest-tam-niepotrzebne\/#breadcrumb","itemListElement":[{"@type":"ListItem","position":1,"name":"Strona g\u0142\u00f3wna","item":"https:\/\/www.24gliwice.pl\/wiadomosci\/"},{"@type":"ListItem","position":2,"name":"Sygnalizacji \u015bwietlnej na przej\u015bciu obok szko\u0142y nie b\u0119dzie. Analiza ZDM wykaza\u0142a, \u017ce jest tam niepotrzebne"}]},{"@type":"WebSite","@id":"https:\/\/www.24gliwice.pl\/wiadomosci\/#website","url":"https:\/\/www.24gliwice.pl\/wiadomosci\/","name":"24GLIWICE - Portal Gliwice | codziennie nowe wiadomo\u015bci","description":"Portal Miejski Gliwice","publisher":{"@id":"https:\/\/www.24gliwice.pl\/wiadomosci\/#organization"},"potentialAction":[{"@type":"SearchAction","target":{"@type":"EntryPoint","urlTemplate":"https:\/\/www.24gliwice.pl\/wiadomosci\/?s={search_term_string}"},"query-input":{"@type":"PropertyValueSpecification","valueRequired":true,"valueName":"search_term_string"}}],"inLanguage":"pl-PL"},{"@type":"Organization","@id":"https:\/\/www.24gliwice.pl\/wiadomosci\/#organization","name":"24gliwice","url":"https:\/\/www.24gliwice.pl\/wiadomosci\/","logo":{"@type":"ImageObject","inLanguage":"pl-PL","@id":"https:\/\/www.24gliwice.pl\/wiadomosci\/#\/schema\/logo\/image\/","url":"https:\/\/www.24gliwice.pl\/wiadomosci\/wp-content\/uploads\/2024\/10\/24gliwice-logo-696.jpg","contentUrl":"https:\/\/www.24gliwice.pl\/wiadomosci\/wp-content\/uploads\/2024\/10\/24gliwice-logo-696.jpg","width":696,"height":696,"caption":"24gliwice"},"image":{"@id":"https:\/\/www.24gliwice.pl\/wiadomosci\/#\/schema\/logo\/image\/"},"sameAs":["https:\/\/www.facebook.com\/24gliwice","https:\/\/x.com\/24gliwice","https:\/\/www.youtube.com\/@24gliwice"]},{"@type":"Person","@id":"https:\/\/www.24gliwice.pl\/wiadomosci\/#\/schema\/person\/e42c650edd7f2fa332be3811fb166b6e","name":"\u017baneta Mrozek-Siewierska","image":{"@type":"ImageObject","inLanguage":"pl-PL","@id":"https:\/\/secure.gravatar.com\/avatar\/1881429e9c64597c77ad7aef2d0a19be69a3253e57534d16aa15bf3a4d34a0a3?s=96&d=mm&r=g","url":"https:\/\/secure.gravatar.com\/avatar\/1881429e9c64597c77ad7aef2d0a19be69a3253e57534d16aa15bf3a4d34a0a3?s=96&d=mm&r=g","contentUrl":"https:\/\/secure.gravatar.com\/avatar\/1881429e9c64597c77ad7aef2d0a19be69a3253e57534d16aa15bf3a4d34a0a3?s=96&d=mm&r=g","caption":"\u017baneta Mrozek-Siewierska"},"url":"https:\/\/www.24gliwice.pl\/wiadomosci\/author\/zms\/"}]}},"_links":{"self":[{"href":"https:\/\/www.24gliwice.pl\/wiadomosci\/wp-json\/wp\/v2\/posts\/116943","targetHints":{"allow":["GET"]}}],"collection":[{"href":"https:\/\/www.24gliwice.pl\/wiadomosci\/wp-json\/wp\/v2\/posts"}],"about":[{"href":"https:\/\/www.24gliwice.pl\/wiadomosci\/wp-json\/wp\/v2\/types\/post"}],"author":[{"embeddable":true,"href":"https:\/\/www.24gliwice.pl\/wiadomosci\/wp-json\/wp\/v2\/users\/15"}],"replies":[{"embeddable":true,"href":"https:\/\/www.24gliwice.pl\/wiadomosci\/wp-json\/wp\/v2\/comments?post=116943"}],"version-history":[{"count":0,"href":"https:\/\/www.24gliwice.pl\/wiadomosci\/wp-json\/wp\/v2\/posts\/116943\/revisions"}],"wp:featuredmedia":[{"embeddable":true,"href":"https:\/\/www.24gliwice.pl\/wiadomosci\/wp-json\/wp\/v2\/media\/117004"}],"wp:attachment":[{"href":"https:\/\/www.24gliwice.pl\/wiadomosci\/wp-json\/wp\/v2\/media?parent=116943"}],"wp:term":[{"taxonomy":"category","embeddable":true,"href":"https:\/\/www.24gliwice.pl\/wiadomosci\/wp-json\/wp\/v2\/categories?post=116943"},{"taxonomy":"post_tag","embeddable":true,"href":"https:\/\/www.24gliwice.pl\/wiadomosci\/wp-json\/wp\/v2\/tags?post=116943"}],"curies":[{"name":"wp","href":"https:\/\/api.w.org\/{rel}","templated":true}]}}