{"id":117105,"date":"2018-05-12T17:48:59","date_gmt":"2018-05-12T15:48:59","guid":{"rendered":"https:\/\/www.24gliwice.pl\/wiadomosci\/?p=117105"},"modified":"2024-08-20T02:00:07","modified_gmt":"2024-08-20T00:00:07","slug":"piast-przegrywa-na-wyjezdzie-porazka-ze-slaskiem-wroclaw-31","status":"publish","type":"post","link":"https:\/\/www.24gliwice.pl\/wiadomosci\/piast-przegrywa-na-wyjezdzie-porazka-ze-slaskiem-wroclaw-31\/","title":{"rendered":"Piast przegrywa na wyje\u017adzie. Pora\u017cka ze \u015al\u0105skiem Wroc\u0142aw 3:1"},"content":{"rendered":"<div class=\"gliwi-a6-nad-leadem-artykulow gliwi-entity-placement\" id=\"gliwi-145843405\"><div class=\"gliwi-adlabel\"><span style=\"font-size: 9px\">REKLAMA<\/span><\/div><div id=\"gliwi-3475852029\" style=\"margin-bottom: 30px;margin-left: auto;margin-right: auto;text-align: center;\"><a data-no-instant=\"1\" href=\"https:\/\/przedszkole.halogen.org.pl\/\" rel=\"noopener\" class=\"a2t-link\" target=\"_blank\" aria-label=\"20260402-ANIMATOR-przedszkole_grafika_750x200\"><img loading=\"lazy\" decoding=\"async\" src=\"https:\/\/www.24gliwice.pl\/wiadomosci\/wp-content\/uploads\/2026\/04\/20260402-ANIMATOR-przedszkole_grafika_750x200.webp\" alt=\"\"  srcset=\"https:\/\/www.24gliwice.pl\/wiadomosci\/wp-content\/uploads\/2026\/04\/20260402-ANIMATOR-przedszkole_grafika_750x200.webp 750w, https:\/\/www.24gliwice.pl\/wiadomosci\/wp-content\/uploads\/2026\/04\/20260402-ANIMATOR-przedszkole_grafika_750x200-410x109.webp 410w\" sizes=\"(max-width: 750px) 100vw, 750px\" class=\"no-lazyload\" width=\"750\" height=\"200\"  style=\"display: inline-block; max-width: 100%; height: auto;\" \/><\/a><\/div><\/div><h3>W sobotnim meczu 36. kolejki Lotto Ekstraklasy Piast Gliwice przegra\u0142 na wyje\u017adzie ze \u015al\u0105skiem Wroc\u0142aw 1-3 (0-2). Jedynego gola dla Niebiesko-Czerwonych zdoby\u0142 Sasa Zivec.<\/h3>\n<p><strong>1-0<\/strong> &#8211; Mateusz Cholewiak dogra\u0142 do Roberta Picha, a ten wbieg\u0142 w pole karne i pokona\u0142 Jakuba Szmatu\u0142\u0119 strza\u0142em w d\u0142ugi r\u00f3g.<br \/>\n<strong>2-0<\/strong> &#8211; Szybka kontra miejscowych i Marcin Robak podwy\u017csza prowadzenie \u015al\u0105ska wykorzystuj\u0105c dobre podanie Daniela \u0141uczaka.<br \/>\n<strong>2-1<\/strong> &#8211; Mateusz Szczepaniak dogra\u0142 do Mateusza Maka, kt\u00f3ry wycofa\u0142 pi\u0142k\u0119 do Sasy Ziveca, a ten spokojnym strza\u0142em trafi\u0142 do siatki. Pi\u0142ka zanim przekroczy\u0142a lini\u0119 bramkow\u0105 odbi\u0142a si\u0119 jeszcze od jednego z obro\u0144c\u00f3w i nieco zmyli\u0142a bezradnego Jakuba S\u0142owika.<br \/>\n<strong>3-1<\/strong> &#8211; Kolejny szybki atak gospodarzy zako\u0144czy\u0142 sie bramk\u0105. Robert Pich podwoi\u0142 sw\u00f3j dorobek strzelecki wykorzystuj\u0105c sytuacj\u0119 sam na sam z Jakubem Szmatu\u0142\u0105.<\/p>\n<p>Od pierwszego gwizdka s\u0119dziego obie dru\u017cyny by\u0142y aktywne i pr\u00f3bowa\u0142y stwarza\u0107 sobie sytuacje strzeleckie. Na uderzenia Piotra Celebana i Kamila Vacka odpowiedzieli Gerard Badia oraz Aleksandar Sedlar, ale obaj nie trafili w \u015bwiat\u0142o bramki.<br \/>\nW 20. minucie bliski otworzenia wyniku rywalizacji by\u0142 Michal Papadopulos, kt\u00f3ry technicznym strza\u0142em z szesnastu metr\u00f3w trafi\u0142 w poprzeczk\u0119. Kilka minut p\u00f3\u017aniej Badia ponownie uderza\u0142 z dystansu, ale zabrak\u0142o celno\u015bci.<\/p><div class=\"gliwi-a3-w-tresci-artykulow gliwi-entity-placement\" id=\"gliwi-3833973860\"><div class=\"gliwi-adlabel\"><span style=\"font-size: 9px\">REKLAMA<\/span><\/div><div id=\"gliwi-3875130260\" style=\"margin-bottom: 30px;margin-left: auto;margin-right: auto;text-align: center;\"><a data-no-instant=\"1\" href=\"https:\/\/ogrodyandersa.pl\/\" rel=\"noopener\" class=\"a2t-link\" target=\"_blank\" aria-label=\"20260415 Ogrody Andersa KUP TERAZ D\"><img loading=\"lazy\" decoding=\"async\" src=\"https:\/\/www.24gliwice.pl\/wiadomosci\/wp-content\/uploads\/2026\/04\/20260415-Ogrody-Andersa-KUP-TERAZ-D.jpg\" alt=\"\"  srcset=\"https:\/\/www.24gliwice.pl\/wiadomosci\/wp-content\/uploads\/2026\/04\/20260415-Ogrody-Andersa-KUP-TERAZ-D.jpg 750w, https:\/\/www.24gliwice.pl\/wiadomosci\/wp-content\/uploads\/2026\/04\/20260415-Ogrody-Andersa-KUP-TERAZ-D-410x109.jpg 410w\" sizes=\"(max-width: 750px) 100vw, 750px\" class=\"no-lazyload\" width=\"750\" height=\"200\"  style=\"display: inline-block; max-width: 100%; height: auto;\" \/><\/a><\/div><\/div>\n<p>W 28. minucie Mateusz Szczepaniak zmusi\u0142 do interwencji Jakuba S\u0142owika, jednak bramkarz \u015al\u0105ska nie da\u0142 si\u0119 pokona\u0107. Chwil\u0119 p\u00f3\u017aniej skuteczniejszy okaza\u0142 si\u0119 Robert Pich, kt\u00f3ry otworzy\u0142 wynik spotkania, pokonuj\u0105c Jakuba Szmatu\u0142\u0119 precyzyjnym uderzeniem.<br \/>\nJeszcze przed przerw\u0105 miejscowi podwy\u017cszyli prowadzenie. Podopieczni Tadeusza Paw\u0142owskiego skutecznie wyprowadzili kontratak i po raz drugi pokonali bramkarza Piasta.<\/p>\n<p>Niebiesko-Czerwoni mogli zdoby\u0107 kontaktowego gola, ale pi\u0142ka po pi\u0119knym uderzeniu Sedlara zatrzyma\u0142a si\u0119 na poprzeczce.<br \/>\nPo zmianie stron Piast d\u0105\u017cy\u0142 do odrobienia strat. Gliwiczanie pr\u00f3bowali strzela\u0107, ale pi\u0142ka po uderzeniach Mateusza Maka, Sedlara i Szczepaniaka nie chcia\u0142a wpa\u015b\u0107 do siatki. W 65. minucie dobrym do\u015brodkowaniem popisa\u0142 si\u0119 Martin Konczkowski, ale Sasa Zivec tak\u017ce nie trafi\u0142 w \u015bwiat\u0142o bramki. Chwil\u0119 p\u00f3\u017aniej S\u0142oweniec by\u0142 ju\u017c skuteczniejszy i pokona\u0142 S\u0142owika po dobrym podaniu Maka, zmniejszaj\u0105c prowadzenie gospodarzy.<\/p>\n<p>W 71. minucie Zivec by\u0142 bliski wyr\u00f3wnania. Skrzyd\u0142owy Piasta zbieg\u0142 z naro\u017cnika pola karnego i uderzy\u0142 w kierunku dalszego s\u0142upka, jednak jego pr\u00f3ba by\u0142a minimalnie niecelna.<br \/>\nW ko\u0144c\u00f3wce spotkania gospodarze strzelili kolejnego gola i ustali\u0142 rezultat meczu na 3-1.<\/p>\n<p>Spotkanie odby\u0142o si\u0119 na Stadionie Wroc\u0142aw. Na trybunach pojawi\u0142o si\u0119 &#8230; widz\u00f3w.<\/p>\n<h4>\u015al\u0105sk Wroc\u0142aw &#8211; Piast Gliwice 3-1 (2-0)<\/h4>\n<p>1-0 &#8211; Pich, 30 min.<br \/>\n2-0 &#8211; Robak, 42 min.<br \/>\n2-1 &#8211; Zivec, 66 min.<br \/>\n3-1 &#8211; Pich, 86 min.<\/p>\n<p>Biuro Prasowe<br \/>\nGKS Piast SA <\/p>\n<div class=\"gliwi-a5-na-koncu-artykulow gliwi-entity-placement\" id=\"gliwi-4101767296\"><div class=\"gliwi-adlabel\"><span style=\"font-size: 9px\">REKLAMA<\/span><\/div><div id=\"gliwi-1093083163\" style=\"margin-left: auto;margin-right: auto;text-align: center;\"><a data-no-instant=\"1\" href=\"https:\/\/prezeroarenagliwice.pl\/\" rel=\"noopener\" class=\"a2t-link\" target=\"_blank\" aria-label=\"20260309-PREZERO-WIOSNA-D\"><img loading=\"lazy\" decoding=\"async\" src=\"https:\/\/www.24gliwice.pl\/wiadomosci\/wp-content\/uploads\/2026\/03\/20260309-PREZERO-WIOSNA-D.webp\" alt=\"\"  srcset=\"https:\/\/www.24gliwice.pl\/wiadomosci\/wp-content\/uploads\/2026\/03\/20260309-PREZERO-WIOSNA-D.webp 750w, https:\/\/www.24gliwice.pl\/wiadomosci\/wp-content\/uploads\/2026\/03\/20260309-PREZERO-WIOSNA-D-410x109.webp 410w\" sizes=\"(max-width: 750px) 100vw, 750px\" class=\"no-lazyload\" width=\"750\" height=\"200\"  style=\"display: inline-block; max-width: 100%; height: auto;\" \/><\/a><\/div><\/div>","protected":false},"excerpt":{"rendered":"<p>W sobotnim meczu 36. kolejki Lotto Ekstraklasy Piast Gliwice przegra\u0142 na wyje\u017adzie ze \u015al\u0105skiem Wroc\u0142aw 1-3 (0-2). Jedynego gola dla Niebiesko-Czerwonych zdoby\u0142 Sasa Zivec. 1-0 &#8211; Mateusz Cholewiak dogra\u0142 do Roberta Picha, a ten wbieg\u0142 w pole karne i pokona\u0142 Jakuba Szmatu\u0142\u0119 strza\u0142em w d\u0142ugi r\u00f3g. 2-0 &#8211; Szybka kontra miejscowych i Marcin Robak podwy\u017csza [&hellip;]<\/p>\n","protected":false},"author":4,"featured_media":117106,"comment_status":"open","ping_status":"closed","sticky":false,"template":"","format":"standard","meta":{"_monsterinsights_skip_tracking":false,"_monsterinsights_sitenote_active":false,"_monsterinsights_sitenote_note":"","_monsterinsights_sitenote_category":0,"footnotes":"","_links_to":"","_links_to_target":""},"categories":[1,23842],"tags":[2786,8186,74,4052],"class_list":["post-117105","post","type-post","status-publish","format-standard","has-post-thumbnail","hentry","category-wszystko","category-sport_gliwice","tag-ekstraklasa","tag-mecz","tag-piast-gliwice","tag-slask-wroclaw"],"yoast_head":"<!-- This site is optimized with the Yoast SEO plugin v27.5 - https:\/\/yoast.com\/product\/yoast-seo-wordpress\/ -->\n<title>Piast przegrywa na wyje\u017adzie. Pora\u017cka ze \u015al\u0105skiem Wroc\u0142aw 3:1 - 24GLIWICE - Portal Gliwice | codziennie nowe informacje<\/title>\n<meta name=\"robots\" content=\"index, follow, max-snippet:-1, max-image-preview:large, max-video-preview:-1\" \/>\n<link rel=\"canonical\" href=\"https:\/\/www.24gliwice.pl\/wiadomosci\/piast-przegrywa-na-wyjezdzie-porazka-ze-slaskiem-wroclaw-31\/\" \/>\n<meta property=\"og:locale\" content=\"pl_PL\" \/>\n<meta property=\"og:type\" content=\"article\" \/>\n<meta property=\"og:title\" content=\"Piast przegrywa na wyje\u017adzie. Pora\u017cka ze \u015al\u0105skiem Wroc\u0142aw 3:1 - 24GLIWICE - Portal Gliwice | codziennie nowe informacje\" \/>\n<meta property=\"og:description\" content=\"W sobotnim meczu 36. kolejki Lotto Ekstraklasy Piast Gliwice przegra\u0142 na wyje\u017adzie ze \u015al\u0105skiem Wroc\u0142aw 1-3 (0-2). Jedynego gola dla Niebiesko-Czerwonych zdoby\u0142 Sasa Zivec. 1-0 &#8211; Mateusz Cholewiak dogra\u0142 do Roberta Picha, a ten wbieg\u0142 w pole karne i pokona\u0142 Jakuba Szmatu\u0142\u0119 strza\u0142em w d\u0142ugi r\u00f3g. 2-0 &#8211; Szybka kontra miejscowych i Marcin Robak podwy\u017csza [&hellip;]\" \/>\n<meta property=\"og:url\" content=\"https:\/\/www.24gliwice.pl\/wiadomosci\/piast-przegrywa-na-wyjezdzie-porazka-ze-slaskiem-wroclaw-31\/\" \/>\n<meta property=\"og:site_name\" content=\"24GLIWICE - Portal Gliwice | codziennie nowe informacje\" \/>\n<meta property=\"article:publisher\" content=\"https:\/\/www.facebook.com\/24gliwice\" \/>\n<meta property=\"article:author\" content=\"https:\/\/www.facebook.com\/marcin.fabrykowski\" \/>\n<meta property=\"article:published_time\" content=\"2018-05-12T15:48:59+00:00\" \/>\n<meta property=\"article:modified_time\" content=\"2024-08-20T00:00:07+00:00\" \/>\n<meta property=\"og:image\" content=\"https:\/\/www.24gliwice.pl\/wiadomosci\/wp-content\/uploads\/2018\/05\/piast-slask.jpg\" \/>\n\t<meta property=\"og:image:width\" content=\"843\" \/>\n\t<meta property=\"og:image:height\" content=\"463\" \/>\n\t<meta property=\"og:image:type\" content=\"image\/jpeg\" \/>\n<meta name=\"author\" content=\"Marcin Fabrykowski\" \/>\n<meta name=\"twitter:card\" content=\"summary_large_image\" \/>\n<meta name=\"twitter:creator\" content=\"@24gliwice\" \/>\n<meta name=\"twitter:site\" content=\"@24gliwice\" \/>\n<meta name=\"twitter:label1\" content=\"Napisane przez\" \/>\n\t<meta name=\"twitter:data1\" content=\"Marcin Fabrykowski\" \/>\n\t<meta name=\"twitter:label2\" content=\"Szacowany czas czytania\" \/>\n\t<meta name=\"twitter:data2\" content=\"2 minuty\" \/>\n<script type=\"application\/ld+json\" class=\"yoast-schema-graph\">{\"@context\":\"https:\\\/\\\/schema.org\",\"@graph\":[{\"@type\":\"Article\",\"@id\":\"https:\\\/\\\/www.24gliwice.pl\\\/wiadomosci\\\/piast-przegrywa-na-wyjezdzie-porazka-ze-slaskiem-wroclaw-31\\\/#article\",\"isPartOf\":{\"@id\":\"https:\\\/\\\/www.24gliwice.pl\\\/wiadomosci\\\/piast-przegrywa-na-wyjezdzie-porazka-ze-slaskiem-wroclaw-31\\\/\"},\"author\":{\"name\":\"Marcin Fabrykowski\",\"@id\":\"https:\\\/\\\/www.24gliwice.pl\\\/wiadomosci\\\/#\\\/schema\\\/person\\\/cb5857e4a4d048c15984c1edcc8ef0c0\"},\"headline\":\"Piast przegrywa na wyje\u017adzie. Pora\u017cka ze \u015al\u0105skiem Wroc\u0142aw 3:1\",\"datePublished\":\"2018-05-12T15:48:59+00:00\",\"dateModified\":\"2024-08-20T00:00:07+00:00\",\"mainEntityOfPage\":{\"@id\":\"https:\\\/\\\/www.24gliwice.pl\\\/wiadomosci\\\/piast-przegrywa-na-wyjezdzie-porazka-ze-slaskiem-wroclaw-31\\\/\"},\"wordCount\":468,\"commentCount\":0,\"publisher\":{\"@id\":\"https:\\\/\\\/www.24gliwice.pl\\\/wiadomosci\\\/#organization\"},\"image\":{\"@id\":\"https:\\\/\\\/www.24gliwice.pl\\\/wiadomosci\\\/piast-przegrywa-na-wyjezdzie-porazka-ze-slaskiem-wroclaw-31\\\/#primaryimage\"},\"thumbnailUrl\":\"https:\\\/\\\/www.24gliwice.pl\\\/wiadomosci\\\/wp-content\\\/uploads\\\/2018\\\/05\\\/piast-slask.jpg\",\"keywords\":[\"EKSTRAKLASA\",\"MECZ\",\"PIAST GLIWICE\",\"\u015al\u0105sk Wroc\u0142aw\"],\"articleSection\":[\"Najnowsze wiadomo\u015bci\",\"Sport\"],\"inLanguage\":\"pl-PL\",\"potentialAction\":[{\"@type\":\"CommentAction\",\"name\":\"Comment\",\"target\":[\"https:\\\/\\\/www.24gliwice.pl\\\/wiadomosci\\\/piast-przegrywa-na-wyjezdzie-porazka-ze-slaskiem-wroclaw-31\\\/#respond\"]}]},{\"@type\":\"WebPage\",\"@id\":\"https:\\\/\\\/www.24gliwice.pl\\\/wiadomosci\\\/piast-przegrywa-na-wyjezdzie-porazka-ze-slaskiem-wroclaw-31\\\/\",\"url\":\"https:\\\/\\\/www.24gliwice.pl\\\/wiadomosci\\\/piast-przegrywa-na-wyjezdzie-porazka-ze-slaskiem-wroclaw-31\\\/\",\"name\":\"Piast przegrywa na wyje\u017adzie. Pora\u017cka ze \u015al\u0105skiem Wroc\u0142aw 3:1 - 24GLIWICE - Portal Gliwice | codziennie nowe informacje\",\"isPartOf\":{\"@id\":\"https:\\\/\\\/www.24gliwice.pl\\\/wiadomosci\\\/#website\"},\"primaryImageOfPage\":{\"@id\":\"https:\\\/\\\/www.24gliwice.pl\\\/wiadomosci\\\/piast-przegrywa-na-wyjezdzie-porazka-ze-slaskiem-wroclaw-31\\\/#primaryimage\"},\"image\":{\"@id\":\"https:\\\/\\\/www.24gliwice.pl\\\/wiadomosci\\\/piast-przegrywa-na-wyjezdzie-porazka-ze-slaskiem-wroclaw-31\\\/#primaryimage\"},\"thumbnailUrl\":\"https:\\\/\\\/www.24gliwice.pl\\\/wiadomosci\\\/wp-content\\\/uploads\\\/2018\\\/05\\\/piast-slask.jpg\",\"datePublished\":\"2018-05-12T15:48:59+00:00\",\"dateModified\":\"2024-08-20T00:00:07+00:00\",\"breadcrumb\":{\"@id\":\"https:\\\/\\\/www.24gliwice.pl\\\/wiadomosci\\\/piast-przegrywa-na-wyjezdzie-porazka-ze-slaskiem-wroclaw-31\\\/#breadcrumb\"},\"inLanguage\":\"pl-PL\",\"potentialAction\":[{\"@type\":\"ReadAction\",\"target\":[\"https:\\\/\\\/www.24gliwice.pl\\\/wiadomosci\\\/piast-przegrywa-na-wyjezdzie-porazka-ze-slaskiem-wroclaw-31\\\/\"]}]},{\"@type\":\"ImageObject\",\"inLanguage\":\"pl-PL\",\"@id\":\"https:\\\/\\\/www.24gliwice.pl\\\/wiadomosci\\\/piast-przegrywa-na-wyjezdzie-porazka-ze-slaskiem-wroclaw-31\\\/#primaryimage\",\"url\":\"https:\\\/\\\/www.24gliwice.pl\\\/wiadomosci\\\/wp-content\\\/uploads\\\/2018\\\/05\\\/piast-slask.jpg\",\"contentUrl\":\"https:\\\/\\\/www.24gliwice.pl\\\/wiadomosci\\\/wp-content\\\/uploads\\\/2018\\\/05\\\/piast-slask.jpg\",\"width\":843,\"height\":463},{\"@type\":\"BreadcrumbList\",\"@id\":\"https:\\\/\\\/www.24gliwice.pl\\\/wiadomosci\\\/piast-przegrywa-na-wyjezdzie-porazka-ze-slaskiem-wroclaw-31\\\/#breadcrumb\",\"itemListElement\":[{\"@type\":\"ListItem\",\"position\":1,\"name\":\"Strona g\u0142\u00f3wna\",\"item\":\"https:\\\/\\\/www.24gliwice.pl\\\/wiadomosci\\\/\"},{\"@type\":\"ListItem\",\"position\":2,\"name\":\"Piast przegrywa na wyje\u017adzie. Pora\u017cka ze \u015al\u0105skiem Wroc\u0142aw 3:1\"}]},{\"@type\":\"WebSite\",\"@id\":\"https:\\\/\\\/www.24gliwice.pl\\\/wiadomosci\\\/#website\",\"url\":\"https:\\\/\\\/www.24gliwice.pl\\\/wiadomosci\\\/\",\"name\":\"24GLIWICE - Portal Gliwice | codziennie nowe wiadomo\u015bci\",\"description\":\"Portal Miejski Gliwice\",\"publisher\":{\"@id\":\"https:\\\/\\\/www.24gliwice.pl\\\/wiadomosci\\\/#organization\"},\"potentialAction\":[{\"@type\":\"SearchAction\",\"target\":{\"@type\":\"EntryPoint\",\"urlTemplate\":\"https:\\\/\\\/www.24gliwice.pl\\\/wiadomosci\\\/?s={search_term_string}\"},\"query-input\":{\"@type\":\"PropertyValueSpecification\",\"valueRequired\":true,\"valueName\":\"search_term_string\"}}],\"inLanguage\":\"pl-PL\"},{\"@type\":\"Organization\",\"@id\":\"https:\\\/\\\/www.24gliwice.pl\\\/wiadomosci\\\/#organization\",\"name\":\"24gliwice\",\"url\":\"https:\\\/\\\/www.24gliwice.pl\\\/wiadomosci\\\/\",\"logo\":{\"@type\":\"ImageObject\",\"inLanguage\":\"pl-PL\",\"@id\":\"https:\\\/\\\/www.24gliwice.pl\\\/wiadomosci\\\/#\\\/schema\\\/logo\\\/image\\\/\",\"url\":\"https:\\\/\\\/www.24gliwice.pl\\\/wiadomosci\\\/wp-content\\\/uploads\\\/2024\\\/10\\\/24gliwice-logo-696.jpg\",\"contentUrl\":\"https:\\\/\\\/www.24gliwice.pl\\\/wiadomosci\\\/wp-content\\\/uploads\\\/2024\\\/10\\\/24gliwice-logo-696.jpg\",\"width\":696,\"height\":696,\"caption\":\"24gliwice\"},\"image\":{\"@id\":\"https:\\\/\\\/www.24gliwice.pl\\\/wiadomosci\\\/#\\\/schema\\\/logo\\\/image\\\/\"},\"sameAs\":[\"https:\\\/\\\/www.facebook.com\\\/24gliwice\",\"https:\\\/\\\/x.com\\\/24gliwice\",\"https:\\\/\\\/www.youtube.com\\\/@24gliwice\"]},{\"@type\":\"Person\",\"@id\":\"https:\\\/\\\/www.24gliwice.pl\\\/wiadomosci\\\/#\\\/schema\\\/person\\\/cb5857e4a4d048c15984c1edcc8ef0c0\",\"name\":\"Marcin Fabrykowski\",\"image\":{\"@type\":\"ImageObject\",\"inLanguage\":\"pl-PL\",\"@id\":\"https:\\\/\\\/www.24gliwice.pl\\\/wiadomosci\\\/wp-content\\\/uploads\\\/2025\\\/11\\\/zdjecie-moje-marcin-300-96x96.jpg\",\"url\":\"https:\\\/\\\/www.24gliwice.pl\\\/wiadomosci\\\/wp-content\\\/uploads\\\/2025\\\/11\\\/zdjecie-moje-marcin-300-96x96.jpg\",\"contentUrl\":\"https:\\\/\\\/www.24gliwice.pl\\\/wiadomosci\\\/wp-content\\\/uploads\\\/2025\\\/11\\\/zdjecie-moje-marcin-300-96x96.jpg\",\"caption\":\"Marcin Fabrykowski\"},\"sameAs\":[\"http:\\\/\\\/24gliwice.pl\",\"https:\\\/\\\/www.facebook.com\\\/marcin.fabrykowski\"],\"url\":\"https:\\\/\\\/www.24gliwice.pl\\\/wiadomosci\\\/author\\\/marcin-fabrykowski\\\/\"}]}<\/script>\n<!-- \/ Yoast SEO plugin. -->","yoast_head_json":{"title":"Piast przegrywa na wyje\u017adzie. Pora\u017cka ze \u015al\u0105skiem Wroc\u0142aw 3:1 - 24GLIWICE - Portal Gliwice | codziennie nowe informacje","robots":{"index":"index","follow":"follow","max-snippet":"max-snippet:-1","max-image-preview":"max-image-preview:large","max-video-preview":"max-video-preview:-1"},"canonical":"https:\/\/www.24gliwice.pl\/wiadomosci\/piast-przegrywa-na-wyjezdzie-porazka-ze-slaskiem-wroclaw-31\/","og_locale":"pl_PL","og_type":"article","og_title":"Piast przegrywa na wyje\u017adzie. Pora\u017cka ze \u015al\u0105skiem Wroc\u0142aw 3:1 - 24GLIWICE - Portal Gliwice | codziennie nowe informacje","og_description":"W sobotnim meczu 36. kolejki Lotto Ekstraklasy Piast Gliwice przegra\u0142 na wyje\u017adzie ze \u015al\u0105skiem Wroc\u0142aw 1-3 (0-2). Jedynego gola dla Niebiesko-Czerwonych zdoby\u0142 Sasa Zivec. 1-0 &#8211; Mateusz Cholewiak dogra\u0142 do Roberta Picha, a ten wbieg\u0142 w pole karne i pokona\u0142 Jakuba Szmatu\u0142\u0119 strza\u0142em w d\u0142ugi r\u00f3g. 2-0 &#8211; Szybka kontra miejscowych i Marcin Robak podwy\u017csza [&hellip;]","og_url":"https:\/\/www.24gliwice.pl\/wiadomosci\/piast-przegrywa-na-wyjezdzie-porazka-ze-slaskiem-wroclaw-31\/","og_site_name":"24GLIWICE - Portal Gliwice | codziennie nowe informacje","article_publisher":"https:\/\/www.facebook.com\/24gliwice","article_author":"https:\/\/www.facebook.com\/marcin.fabrykowski","article_published_time":"2018-05-12T15:48:59+00:00","article_modified_time":"2024-08-20T00:00:07+00:00","og_image":[{"width":843,"height":463,"url":"https:\/\/www.24gliwice.pl\/wiadomosci\/wp-content\/uploads\/2018\/05\/piast-slask.jpg","type":"image\/jpeg"}],"author":"Marcin Fabrykowski","twitter_card":"summary_large_image","twitter_creator":"@24gliwice","twitter_site":"@24gliwice","twitter_misc":{"Napisane przez":"Marcin Fabrykowski","Szacowany czas czytania":"2 minuty"},"schema":{"@context":"https:\/\/schema.org","@graph":[{"@type":"Article","@id":"https:\/\/www.24gliwice.pl\/wiadomosci\/piast-przegrywa-na-wyjezdzie-porazka-ze-slaskiem-wroclaw-31\/#article","isPartOf":{"@id":"https:\/\/www.24gliwice.pl\/wiadomosci\/piast-przegrywa-na-wyjezdzie-porazka-ze-slaskiem-wroclaw-31\/"},"author":{"name":"Marcin Fabrykowski","@id":"https:\/\/www.24gliwice.pl\/wiadomosci\/#\/schema\/person\/cb5857e4a4d048c15984c1edcc8ef0c0"},"headline":"Piast przegrywa na wyje\u017adzie. Pora\u017cka ze \u015al\u0105skiem Wroc\u0142aw 3:1","datePublished":"2018-05-12T15:48:59+00:00","dateModified":"2024-08-20T00:00:07+00:00","mainEntityOfPage":{"@id":"https:\/\/www.24gliwice.pl\/wiadomosci\/piast-przegrywa-na-wyjezdzie-porazka-ze-slaskiem-wroclaw-31\/"},"wordCount":468,"commentCount":0,"publisher":{"@id":"https:\/\/www.24gliwice.pl\/wiadomosci\/#organization"},"image":{"@id":"https:\/\/www.24gliwice.pl\/wiadomosci\/piast-przegrywa-na-wyjezdzie-porazka-ze-slaskiem-wroclaw-31\/#primaryimage"},"thumbnailUrl":"https:\/\/www.24gliwice.pl\/wiadomosci\/wp-content\/uploads\/2018\/05\/piast-slask.jpg","keywords":["EKSTRAKLASA","MECZ","PIAST GLIWICE","\u015al\u0105sk Wroc\u0142aw"],"articleSection":["Najnowsze wiadomo\u015bci","Sport"],"inLanguage":"pl-PL","potentialAction":[{"@type":"CommentAction","name":"Comment","target":["https:\/\/www.24gliwice.pl\/wiadomosci\/piast-przegrywa-na-wyjezdzie-porazka-ze-slaskiem-wroclaw-31\/#respond"]}]},{"@type":"WebPage","@id":"https:\/\/www.24gliwice.pl\/wiadomosci\/piast-przegrywa-na-wyjezdzie-porazka-ze-slaskiem-wroclaw-31\/","url":"https:\/\/www.24gliwice.pl\/wiadomosci\/piast-przegrywa-na-wyjezdzie-porazka-ze-slaskiem-wroclaw-31\/","name":"Piast przegrywa na wyje\u017adzie. Pora\u017cka ze \u015al\u0105skiem Wroc\u0142aw 3:1 - 24GLIWICE - Portal Gliwice | codziennie nowe informacje","isPartOf":{"@id":"https:\/\/www.24gliwice.pl\/wiadomosci\/#website"},"primaryImageOfPage":{"@id":"https:\/\/www.24gliwice.pl\/wiadomosci\/piast-przegrywa-na-wyjezdzie-porazka-ze-slaskiem-wroclaw-31\/#primaryimage"},"image":{"@id":"https:\/\/www.24gliwice.pl\/wiadomosci\/piast-przegrywa-na-wyjezdzie-porazka-ze-slaskiem-wroclaw-31\/#primaryimage"},"thumbnailUrl":"https:\/\/www.24gliwice.pl\/wiadomosci\/wp-content\/uploads\/2018\/05\/piast-slask.jpg","datePublished":"2018-05-12T15:48:59+00:00","dateModified":"2024-08-20T00:00:07+00:00","breadcrumb":{"@id":"https:\/\/www.24gliwice.pl\/wiadomosci\/piast-przegrywa-na-wyjezdzie-porazka-ze-slaskiem-wroclaw-31\/#breadcrumb"},"inLanguage":"pl-PL","potentialAction":[{"@type":"ReadAction","target":["https:\/\/www.24gliwice.pl\/wiadomosci\/piast-przegrywa-na-wyjezdzie-porazka-ze-slaskiem-wroclaw-31\/"]}]},{"@type":"ImageObject","inLanguage":"pl-PL","@id":"https:\/\/www.24gliwice.pl\/wiadomosci\/piast-przegrywa-na-wyjezdzie-porazka-ze-slaskiem-wroclaw-31\/#primaryimage","url":"https:\/\/www.24gliwice.pl\/wiadomosci\/wp-content\/uploads\/2018\/05\/piast-slask.jpg","contentUrl":"https:\/\/www.24gliwice.pl\/wiadomosci\/wp-content\/uploads\/2018\/05\/piast-slask.jpg","width":843,"height":463},{"@type":"BreadcrumbList","@id":"https:\/\/www.24gliwice.pl\/wiadomosci\/piast-przegrywa-na-wyjezdzie-porazka-ze-slaskiem-wroclaw-31\/#breadcrumb","itemListElement":[{"@type":"ListItem","position":1,"name":"Strona g\u0142\u00f3wna","item":"https:\/\/www.24gliwice.pl\/wiadomosci\/"},{"@type":"ListItem","position":2,"name":"Piast przegrywa na wyje\u017adzie. Pora\u017cka ze \u015al\u0105skiem Wroc\u0142aw 3:1"}]},{"@type":"WebSite","@id":"https:\/\/www.24gliwice.pl\/wiadomosci\/#website","url":"https:\/\/www.24gliwice.pl\/wiadomosci\/","name":"24GLIWICE - Portal Gliwice | codziennie nowe wiadomo\u015bci","description":"Portal Miejski Gliwice","publisher":{"@id":"https:\/\/www.24gliwice.pl\/wiadomosci\/#organization"},"potentialAction":[{"@type":"SearchAction","target":{"@type":"EntryPoint","urlTemplate":"https:\/\/www.24gliwice.pl\/wiadomosci\/?s={search_term_string}"},"query-input":{"@type":"PropertyValueSpecification","valueRequired":true,"valueName":"search_term_string"}}],"inLanguage":"pl-PL"},{"@type":"Organization","@id":"https:\/\/www.24gliwice.pl\/wiadomosci\/#organization","name":"24gliwice","url":"https:\/\/www.24gliwice.pl\/wiadomosci\/","logo":{"@type":"ImageObject","inLanguage":"pl-PL","@id":"https:\/\/www.24gliwice.pl\/wiadomosci\/#\/schema\/logo\/image\/","url":"https:\/\/www.24gliwice.pl\/wiadomosci\/wp-content\/uploads\/2024\/10\/24gliwice-logo-696.jpg","contentUrl":"https:\/\/www.24gliwice.pl\/wiadomosci\/wp-content\/uploads\/2024\/10\/24gliwice-logo-696.jpg","width":696,"height":696,"caption":"24gliwice"},"image":{"@id":"https:\/\/www.24gliwice.pl\/wiadomosci\/#\/schema\/logo\/image\/"},"sameAs":["https:\/\/www.facebook.com\/24gliwice","https:\/\/x.com\/24gliwice","https:\/\/www.youtube.com\/@24gliwice"]},{"@type":"Person","@id":"https:\/\/www.24gliwice.pl\/wiadomosci\/#\/schema\/person\/cb5857e4a4d048c15984c1edcc8ef0c0","name":"Marcin Fabrykowski","image":{"@type":"ImageObject","inLanguage":"pl-PL","@id":"https:\/\/www.24gliwice.pl\/wiadomosci\/wp-content\/uploads\/2025\/11\/zdjecie-moje-marcin-300-96x96.jpg","url":"https:\/\/www.24gliwice.pl\/wiadomosci\/wp-content\/uploads\/2025\/11\/zdjecie-moje-marcin-300-96x96.jpg","contentUrl":"https:\/\/www.24gliwice.pl\/wiadomosci\/wp-content\/uploads\/2025\/11\/zdjecie-moje-marcin-300-96x96.jpg","caption":"Marcin Fabrykowski"},"sameAs":["http:\/\/24gliwice.pl","https:\/\/www.facebook.com\/marcin.fabrykowski"],"url":"https:\/\/www.24gliwice.pl\/wiadomosci\/author\/marcin-fabrykowski\/"}]}},"_links":{"self":[{"href":"https:\/\/www.24gliwice.pl\/wiadomosci\/wp-json\/wp\/v2\/posts\/117105","targetHints":{"allow":["GET"]}}],"collection":[{"href":"https:\/\/www.24gliwice.pl\/wiadomosci\/wp-json\/wp\/v2\/posts"}],"about":[{"href":"https:\/\/www.24gliwice.pl\/wiadomosci\/wp-json\/wp\/v2\/types\/post"}],"author":[{"embeddable":true,"href":"https:\/\/www.24gliwice.pl\/wiadomosci\/wp-json\/wp\/v2\/users\/4"}],"replies":[{"embeddable":true,"href":"https:\/\/www.24gliwice.pl\/wiadomosci\/wp-json\/wp\/v2\/comments?post=117105"}],"version-history":[{"count":0,"href":"https:\/\/www.24gliwice.pl\/wiadomosci\/wp-json\/wp\/v2\/posts\/117105\/revisions"}],"wp:featuredmedia":[{"embeddable":true,"href":"https:\/\/www.24gliwice.pl\/wiadomosci\/wp-json\/wp\/v2\/media\/117106"}],"wp:attachment":[{"href":"https:\/\/www.24gliwice.pl\/wiadomosci\/wp-json\/wp\/v2\/media?parent=117105"}],"wp:term":[{"taxonomy":"category","embeddable":true,"href":"https:\/\/www.24gliwice.pl\/wiadomosci\/wp-json\/wp\/v2\/categories?post=117105"},{"taxonomy":"post_tag","embeddable":true,"href":"https:\/\/www.24gliwice.pl\/wiadomosci\/wp-json\/wp\/v2\/tags?post=117105"}],"curies":[{"name":"wp","href":"https:\/\/api.w.org\/{rel}","templated":true}]}}