{"id":117168,"date":"2018-05-15T13:34:22","date_gmt":"2018-05-15T11:34:22","guid":{"rendered":"https:\/\/www.24gliwice.pl\/wiadomosci\/?p=117168"},"modified":"2018-05-16T21:18:19","modified_gmt":"2018-05-16T19:18:19","slug":"krytyczna-sytuacja-bumaru-labedy-przemyslowi-obronnemu-kraju-grozi-utrata-czesci-potencjalu","status":"publish","type":"post","link":"https:\/\/www.24gliwice.pl\/wiadomosci\/krytyczna-sytuacja-bumaru-labedy-przemyslowi-obronnemu-kraju-grozi-utrata-czesci-potencjalu\/","title":{"rendered":"&#8220;Krytyczna sytuacja Bumaru-\u0141ab\u0119dy.&#8221; Przemys\u0142owi obronnemu kraju grozi utrata cz\u0119\u015bci potencja\u0142u?"},"content":{"rendered":"<div class=\"gliwi-a6-nad-leadem-artykulow gliwi-entity-placement\" id=\"gliwi-1476720271\"><div class=\"gliwi-adlabel\"><span style=\"font-size: 9px\">REKLAMA<\/span><\/div><div id=\"gliwi-1547820909\" style=\"margin-bottom: 30px;margin-left: auto;margin-right: auto;text-align: center;\"><a data-no-instant=\"1\" href=\"https:\/\/przedszkole.halogen.org.pl\/\" rel=\"noopener\" class=\"a2t-link\" target=\"_blank\" aria-label=\"20260402-ANIMATOR-przedszkole_grafika_750x200\"><img loading=\"lazy\" decoding=\"async\" src=\"https:\/\/www.24gliwice.pl\/wiadomosci\/wp-content\/uploads\/2026\/04\/20260402-ANIMATOR-przedszkole_grafika_750x200.webp\" alt=\"\"  srcset=\"https:\/\/www.24gliwice.pl\/wiadomosci\/wp-content\/uploads\/2026\/04\/20260402-ANIMATOR-przedszkole_grafika_750x200.webp 750w, https:\/\/www.24gliwice.pl\/wiadomosci\/wp-content\/uploads\/2026\/04\/20260402-ANIMATOR-przedszkole_grafika_750x200-410x109.webp 410w\" sizes=\"(max-width: 750px) 100vw, 750px\" class=\"no-lazyload\" width=\"750\" height=\"200\"  style=\"display: inline-block; max-width: 100%; height: auto;\" \/><\/a><\/div><\/div><h3>Zaniepokojeni sytuacj\u0105 Bumaru-\u0141ab\u0119dy zwi\u0105zkowcy i politycy ze \u015al\u0105ska wystosowali apel do szefa MON, Mariusza B\u0142aszczaka. Jak twierdz\u0105, zak\u0142ad stoi na skraju bankructwa wskutek wieloletnich zaniedba\u0144 w\u0142a\u015bcicielskich.<\/h3>\n<p>Od kilku lat przedsi\u0119biorstwo ma kontrakty tylko na remonty czo\u0142g\u00f3w. By mog\u0142o dalej funkcjonowa\u0107 potrzeba, aby rozpocz\u0119to tam produkcj\u0119 w\u0142asnego produktu.<\/p>\n<p>W pi\u0105tek \u015al\u0105sko-D\u0105browska Solidarno\u015b\u0107 poinformowa\u0142a, i\u017c dzie\u0144 wcze\u015bniej, 10 maja, parlamentarzy\u015bci z wojew\u00f3dztwa \u015bl\u0105skiego i przedstawiciele zwi\u0105zk\u00f3w zawodowych skierowali wsp\u00f3lny apel do ministra obrony narodowej <strong>Mariusza B\u0142aszczaka<\/strong> w sprawie krytycznej sytuacji w Zak\u0142adach Mechanicznych Bumar-\u0141ab\u0119dy.\u00a0<\/p><div class=\"gliwi-a3-w-tresci-artykulow gliwi-entity-placement\" id=\"gliwi-3955578928\"><div class=\"gliwi-adlabel\"><span style=\"font-size: 9px\">REKLAMA<\/span><\/div><div id=\"gliwi-836260090\" style=\"margin-bottom: 30px;margin-left: auto;margin-right: auto;text-align: center;\"><a data-no-instant=\"1\" href=\"https:\/\/ogrodyandersa.pl\/\" rel=\"noopener\" class=\"a2t-link\" target=\"_blank\" aria-label=\"20260415 Ogrody Andersa KUP TERAZ D\"><img loading=\"lazy\" decoding=\"async\" src=\"https:\/\/www.24gliwice.pl\/wiadomosci\/wp-content\/uploads\/2026\/04\/20260415-Ogrody-Andersa-KUP-TERAZ-D.jpg\" alt=\"\"  srcset=\"https:\/\/www.24gliwice.pl\/wiadomosci\/wp-content\/uploads\/2026\/04\/20260415-Ogrody-Andersa-KUP-TERAZ-D.jpg 750w, https:\/\/www.24gliwice.pl\/wiadomosci\/wp-content\/uploads\/2026\/04\/20260415-Ogrody-Andersa-KUP-TERAZ-D-410x109.jpg 410w\" sizes=\"(max-width: 750px) 100vw, 750px\" class=\"no-lazyload\" width=\"750\" height=\"200\"  style=\"display: inline-block; max-width: 100%; height: auto;\" \/><\/a><\/div><\/div>\n<p>W ocenie sygnatariuszy apelu, bez pilnych dzia\u0142a\u0144 resortu gliwickiemu przedsi\u0119biorstwu grozi bankructwo. Wieloletnie zaniedbania w\u0142a\u015bcicielskie oraz brak jakiejkolwiek polityki przemys\u0142owej poprzednich rz\u0105d\u00f3w doprowadzi\u0142y ZM Bumar-\u0141ab\u0119dy na skraj bankructwa, co grozi likwidacj\u0105 setek miejsc pracy oraz utrat\u0105 znacz\u0105cej cz\u0119\u015bci potencja\u0142u polskiego przemys\u0142u obronnego.<\/p>\n<blockquote><p><em>Krytyczna sytuacja ZM Bumar-\u0141ab\u0119dy wymaga podj\u0119cia przez Ministerstwo Obrony Narodowej pilnych dzia\u0142a\u0144 zar\u00f3wno o charakterze dora\u017anym, jak i strategicznym<\/em><\/p><\/blockquote>\n<p>\u2013 napisano w apelu, kt\u00f3ry obok <strong>lider\u00f3w organizacji zwi\u0105zkowych<\/strong> z ZM Bumar-\u0141ab\u0119dy i przewodnicz\u0105cego \u015bl\u0105sko-d\u0105browskiej Solidarno\u015bci <strong>Dominika Kolorza,<\/strong> podpisali pos\u0142owie <strong>Grzegorz D\u0142ugi, Jaros\u0142aw Gonciarz, Krzysztof Sitarski<\/strong> i senator <strong>Krystian Probierz<\/strong>.<\/p>\n<p>W\u015br\u00f3d dzia\u0142a\u0144 kr\u00f3tkoterminowych, kt\u00f3rych wdro\u017cenie poprawi\u0142oby sytuacj\u0119 gliwickiego zak\u0142adu, sygnatariusze apelu wymienili m.in. jak najszybsze podpisanie umowy z Bumarem-\u0141ab\u0119dy w zakresie bie\u017c\u0105cych i g\u0142\u00f3wnych napraw czo\u0142g\u00f3w T-72 oraz zawarcie aneksu do umowy na modernizacj\u0119 czo\u0142g\u00f3w Leopard 2A4, kt\u00f3ry umo\u017cliwi\u0142by bie\u017c\u0105ce finansowanie realizacji kontraktu. Zgodnie z dotychczasowym brzmieniem umowy \u015brodki za wykonan\u0105 modernizacj\u0119 ZM Bumar-\u0141ab\u0119dy mia\u0142yby otrzyma\u0107 dopiero w momencie finalnej sprzeda\u017cy.<\/p>\n<blockquote><p>Te dzia\u0142ania s\u0105 mo\u017cliwe do zrealizowania w bardzo kr\u00f3tkim czasie. Pozwoli\u0142yby one zapewni\u0107 naszej firmie \u015brodki na bie\u017c\u0105c\u0105 dzia\u0142alno\u015b\u0107, terminowe regulowanie zobowi\u0105za\u0144 wobec kontrahent\u00f3w i wyp\u0142at\u0119 wynagrodze\u0144 pracownikom<\/p><\/blockquote>\n<p>\u2013 m\u00f3wi <strong>Zdzis\u0142aw Goliszewski<\/strong>, przewodnicz\u0105cy Solidarno\u015bci w ZM Bumar-\u0141ab\u0119dy. W pi\u015bmie skierowanym do ministra B\u0142aszczaka parlamentarzy\u015bci i zwi\u0105zkowcy wskazali, \u017ce dla pe\u0142nego wykorzystania potencja\u0142u przemys\u0142owego Bumaru-\u0141ab\u0119dy niezb\u0119dne s\u0105 r\u00f3wnie\u017c decyzje o charakterze strategicznym.<\/p>\n<p><em>Kluczow\u0105 kwesti\u0105 w tym zakresie jest ulokowanie w ZM Bumar \u0141ab\u0119dy produkcji most\u00f3w na podwoziu samochodowym MS-20. Produkt ten jest wyrobem w\u0142asnym gliwickich przedsi\u0119biorstw, kt\u00f3ry nie odbiega jako\u015bci\u0105 oraz zaawansowaniem technicznym od zagranicznej konkurencji. Si\u0142y Zbrojne RP zg\u0142aszaj\u0105 du\u017ce zapotrzebowanie na tego typu konstrukcje. Most ten mo\u017ce by\u0107 r\u00f3wnie\u017c wykorzystywany przez odpowiednie s\u0142u\u017cby w celach cywilnych, np. w przypadku kl\u0119sk \u017cywio\u0142owych<\/em> \u2013 wiidnieje w dokumencie.<\/p>\n<p>\u2013 Od kilku lat Bumar-\u0141ab\u0119dy otrzymuje jedynie kontrakty na remonty czo\u0142g\u00f3w. To swego rodzaju kropl\u00f3wka, kt\u00f3ra pozwala temu przedsi\u0119biorstwu przetrwa\u0107, ale nie daje stabilizacji finansowej oraz mo\u017cliwo\u015bci rozwoju \u2013 t\u0142umaczy <strong>Dominik Kolorz<\/strong>, przewodnicz\u0105cy Zarz\u0105du Regionu \u015al\u0105sko-D\u0105browskiego NSZZ Solidarno\u015b\u0107.<\/p>\n<blockquote><p>\u017beby si\u0119 rozwija\u0107, Bumar-\u0141ab\u0119dy potrzebuje wieloletniego kontraktu na dostawy w\u0142asnego produktu <\/p><\/blockquote>\n<p>&#8211; dodaje.<\/p>\n<p>Tre\u015b\u0107 apelu skierowanego do szefa resortu obrony narodowej zosta\u0142a przyj\u0119ta podczas spotkania w sprawie sytuacji w ZM Bumar-\u0141ab\u0119dy, kt\u00f3re zosta\u0142o zorganizowane 19 kwietnia w siedzibie \u015bl\u0105sko-d\u0105browskiej Solidarno\u015bci Katowicach. Zaproszenia na spotkanie zosta\u0142o skierowane do wi\u0119kszej liczby parlamentarzyst\u00f3w z wojew\u00f3dztwa \u015bl\u0105skiego. Cz\u0119\u015b\u0107 z nich wykaza\u0142a zainteresowanie problemami gliwickiego zak\u0142adu, jednak z racji innych zobowi\u0105za\u0144 nie mog\u0142a osobi\u015bcie uczestniczy\u0107 w rozmowach i tym samym z\u0142o\u017cy\u0107 podpisu pod tekstem wsp\u00f3lnej deklaracji.<\/p>\n<p>Parlamentarzystki PiS <strong>Bo\u017cena Borys-Szopa<\/strong> oraz <strong>Izabela Kloc<\/strong> nie odpowiedzia\u0142y na skierowane do nich zaproszenie. Z kolei pose\u0142 tej partii, <strong>Wojciech Szarama<\/strong> przes\u0142a\u0142 do organizator\u00f3w pismo, w kt\u00f3rym poinformowa\u0142, \u017ce przedstawi\u0142 postulaty zwi\u0105zk\u00f3w zawodowych z ZM Bumar-\u0141ab\u0119dy ministrowi Mariuszowi B\u0142aszczakowi.<\/p>\n<p>(\u017cms)\/<a href=\"http:\/\/www.solidarnosckatowice.pl\/pl-PL\/bumar_potrzebuje_szybkich_decyzji.html\" target=\"_blank\" rel=\"noopener\">solidarnosckatowice.pl<\/a>\/<strong>\u0141ukasz Karczmarzyk<\/strong><br \/>\nfot. <a href=\"http:\/\/www.bumar.gliwice.pl\" rel=\"noopener\" target=\"_blank\">www.bumar.gliwice.pl<\/a><\/p>\n<div class=\"gliwi-a5-na-koncu-artykulow gliwi-entity-placement\" id=\"gliwi-2916525681\"><div class=\"gliwi-adlabel\"><span style=\"font-size: 9px\">REKLAMA<\/span><\/div><div id=\"gliwi-355676819\" style=\"margin-left: auto;margin-right: auto;text-align: center;\"><a data-no-instant=\"1\" href=\"https:\/\/www.jasek.pl\/\" rel=\"noopener\" class=\"a2t-link\" target=\"_blank\" aria-label=\"20200401-jasek 600\"><img loading=\"lazy\" decoding=\"async\" src=\"https:\/\/www.24gliwice.pl\/wiadomosci\/wp-content\/uploads\/2020\/04\/20200401-jasek-600.jpg\" alt=\"\"  srcset=\"https:\/\/www.24gliwice.pl\/wiadomosci\/wp-content\/uploads\/2020\/04\/20200401-jasek-600.jpg 600w, https:\/\/www.24gliwice.pl\/wiadomosci\/wp-content\/uploads\/2020\/04\/20200401-jasek-600-410x109.jpg 410w\" sizes=\"(max-width: 600px) 100vw, 600px\" class=\"no-lazyload\" width=\"600\" height=\"160\"  style=\"display: inline-block; max-width: 100%; height: auto;\" \/><\/a><\/div><\/div>","protected":false},"excerpt":{"rendered":"<p>Zaniepokojeni sytuacj\u0105 Bumaru-\u0141ab\u0119dy zwi\u0105zkowcy i politycy ze \u015al\u0105ska wystosowali apel do szefa MON, Mariusza B\u0142aszczaka. Jak twierdz\u0105, zak\u0142ad stoi na skraju bankructwa wskutek wieloletnich zaniedba\u0144 w\u0142a\u015bcicielskich. Od kilku lat przedsi\u0119biorstwo ma kontrakty tylko na remonty czo\u0142g\u00f3w. By mog\u0142o dalej funkcjonowa\u0107 potrzeba, aby rozpocz\u0119to tam produkcj\u0119 w\u0142asnego produktu. W pi\u0105tek \u015al\u0105sko-D\u0105browska Solidarno\u015b\u0107 poinformowa\u0142a, i\u017c dzie\u0144 wcze\u015bniej, [&hellip;]<\/p>\n","protected":false},"author":15,"featured_media":117189,"comment_status":"open","ping_status":"closed","sticky":false,"template":"","format":"standard","meta":{"_monsterinsights_skip_tracking":false,"_monsterinsights_sitenote_active":false,"_monsterinsights_sitenote_note":"","_monsterinsights_sitenote_category":0,"footnotes":"","_links_to":"","_links_to_target":""},"categories":[3,1,9],"tags":[4572,12354,12352,12349,366,8835],"class_list":["post-117168","post","type-post","status-publish","format-standard","has-post-thumbnail","hentry","category-gliwice","category-wszystko","category-aktualnosci_lokalne","tag-bumar","tag-czolgi","tag-ministerstwo-obrony-narodowej","tag-mon","tag-wojsko","tag-zwiazki-zawodowe"],"yoast_head":"<!-- This site is optimized with the Yoast SEO plugin v27.5 - https:\/\/yoast.com\/product\/yoast-seo-wordpress\/ -->\n<title>&quot;Krytyczna sytuacja Bumaru-\u0141ab\u0119dy.&quot; Przemys\u0142owi obronnemu kraju grozi utrata cz\u0119\u015bci potencja\u0142u? - 24GLIWICE - Portal Gliwice | codziennie nowe informacje<\/title>\n<meta name=\"robots\" content=\"index, follow, max-snippet:-1, max-image-preview:large, max-video-preview:-1\" \/>\n<link rel=\"canonical\" href=\"https:\/\/www.24gliwice.pl\/wiadomosci\/krytyczna-sytuacja-bumaru-labedy-przemyslowi-obronnemu-kraju-grozi-utrata-czesci-potencjalu\/\" \/>\n<meta property=\"og:locale\" content=\"pl_PL\" \/>\n<meta property=\"og:type\" content=\"article\" \/>\n<meta property=\"og:title\" content=\"&quot;Krytyczna sytuacja Bumaru-\u0141ab\u0119dy.&quot; Przemys\u0142owi obronnemu kraju grozi utrata cz\u0119\u015bci potencja\u0142u? - 24GLIWICE - Portal Gliwice | codziennie nowe informacje\" \/>\n<meta property=\"og:description\" content=\"Zaniepokojeni sytuacj\u0105 Bumaru-\u0141ab\u0119dy zwi\u0105zkowcy i politycy ze \u015al\u0105ska wystosowali apel do szefa MON, Mariusza B\u0142aszczaka. Jak twierdz\u0105, zak\u0142ad stoi na skraju bankructwa wskutek wieloletnich zaniedba\u0144 w\u0142a\u015bcicielskich. Od kilku lat przedsi\u0119biorstwo ma kontrakty tylko na remonty czo\u0142g\u00f3w. By mog\u0142o dalej funkcjonowa\u0107 potrzeba, aby rozpocz\u0119to tam produkcj\u0119 w\u0142asnego produktu. W pi\u0105tek \u015al\u0105sko-D\u0105browska Solidarno\u015b\u0107 poinformowa\u0142a, i\u017c dzie\u0144 wcze\u015bniej, [&hellip;]\" \/>\n<meta property=\"og:url\" content=\"https:\/\/www.24gliwice.pl\/wiadomosci\/krytyczna-sytuacja-bumaru-labedy-przemyslowi-obronnemu-kraju-grozi-utrata-czesci-potencjalu\/\" \/>\n<meta property=\"og:site_name\" content=\"24GLIWICE - Portal Gliwice | codziennie nowe informacje\" \/>\n<meta property=\"article:publisher\" content=\"https:\/\/www.facebook.com\/24gliwice\" \/>\n<meta property=\"article:published_time\" content=\"2018-05-15T11:34:22+00:00\" \/>\n<meta property=\"article:modified_time\" content=\"2018-05-16T19:18:19+00:00\" \/>\n<meta property=\"og:image\" content=\"https:\/\/www.24gliwice.pl\/wiadomosci\/wp-content\/uploads\/2018\/05\/bumar.jpg\" \/>\n\t<meta property=\"og:image:width\" content=\"862\" \/>\n\t<meta property=\"og:image:height\" content=\"484\" \/>\n\t<meta property=\"og:image:type\" content=\"image\/jpeg\" \/>\n<meta name=\"author\" content=\"\u017baneta Mrozek-Siewierska\" \/>\n<meta name=\"twitter:card\" content=\"summary_large_image\" \/>\n<meta name=\"twitter:creator\" content=\"@24gliwice\" \/>\n<meta name=\"twitter:site\" content=\"@24gliwice\" \/>\n<meta name=\"twitter:label1\" content=\"Napisane przez\" \/>\n\t<meta name=\"twitter:data1\" content=\"\u017baneta Mrozek-Siewierska\" \/>\n\t<meta name=\"twitter:label2\" content=\"Szacowany czas czytania\" \/>\n\t<meta name=\"twitter:data2\" content=\"3 minuty\" \/>\n<script type=\"application\/ld+json\" class=\"yoast-schema-graph\">{\"@context\":\"https:\\\/\\\/schema.org\",\"@graph\":[{\"@type\":\"Article\",\"@id\":\"https:\\\/\\\/www.24gliwice.pl\\\/wiadomosci\\\/krytyczna-sytuacja-bumaru-labedy-przemyslowi-obronnemu-kraju-grozi-utrata-czesci-potencjalu\\\/#article\",\"isPartOf\":{\"@id\":\"https:\\\/\\\/www.24gliwice.pl\\\/wiadomosci\\\/krytyczna-sytuacja-bumaru-labedy-przemyslowi-obronnemu-kraju-grozi-utrata-czesci-potencjalu\\\/\"},\"author\":{\"name\":\"\u017baneta Mrozek-Siewierska\",\"@id\":\"https:\\\/\\\/www.24gliwice.pl\\\/wiadomosci\\\/#\\\/schema\\\/person\\\/e42c650edd7f2fa332be3811fb166b6e\"},\"headline\":\"&#8220;Krytyczna sytuacja Bumaru-\u0141ab\u0119dy.&#8221; Przemys\u0142owi obronnemu kraju grozi utrata cz\u0119\u015bci potencja\u0142u?\",\"datePublished\":\"2018-05-15T11:34:22+00:00\",\"dateModified\":\"2018-05-16T19:18:19+00:00\",\"mainEntityOfPage\":{\"@id\":\"https:\\\/\\\/www.24gliwice.pl\\\/wiadomosci\\\/krytyczna-sytuacja-bumaru-labedy-przemyslowi-obronnemu-kraju-grozi-utrata-czesci-potencjalu\\\/\"},\"wordCount\":712,\"commentCount\":0,\"publisher\":{\"@id\":\"https:\\\/\\\/www.24gliwice.pl\\\/wiadomosci\\\/#organization\"},\"image\":{\"@id\":\"https:\\\/\\\/www.24gliwice.pl\\\/wiadomosci\\\/krytyczna-sytuacja-bumaru-labedy-przemyslowi-obronnemu-kraju-grozi-utrata-czesci-potencjalu\\\/#primaryimage\"},\"thumbnailUrl\":\"https:\\\/\\\/www.24gliwice.pl\\\/wiadomosci\\\/wp-content\\\/uploads\\\/2018\\\/05\\\/bumar.jpg\",\"keywords\":[\"bumar\",\"czo\u0142gi\",\"ministerstwo obrony narodowej\",\"mon\",\"WOJSKO\",\"zwi\u0105zki zawodowe\"],\"articleSection\":[\"Gliwice\",\"Najnowsze wiadomo\u015bci\",\"Portal Gliwice - Wiadomo\u015bci lokalne\"],\"inLanguage\":\"pl-PL\",\"potentialAction\":[{\"@type\":\"CommentAction\",\"name\":\"Comment\",\"target\":[\"https:\\\/\\\/www.24gliwice.pl\\\/wiadomosci\\\/krytyczna-sytuacja-bumaru-labedy-przemyslowi-obronnemu-kraju-grozi-utrata-czesci-potencjalu\\\/#respond\"]}]},{\"@type\":\"WebPage\",\"@id\":\"https:\\\/\\\/www.24gliwice.pl\\\/wiadomosci\\\/krytyczna-sytuacja-bumaru-labedy-przemyslowi-obronnemu-kraju-grozi-utrata-czesci-potencjalu\\\/\",\"url\":\"https:\\\/\\\/www.24gliwice.pl\\\/wiadomosci\\\/krytyczna-sytuacja-bumaru-labedy-przemyslowi-obronnemu-kraju-grozi-utrata-czesci-potencjalu\\\/\",\"name\":\"\\\"Krytyczna sytuacja Bumaru-\u0141ab\u0119dy.\\\" Przemys\u0142owi obronnemu kraju grozi utrata cz\u0119\u015bci potencja\u0142u? - 24GLIWICE - Portal Gliwice | codziennie nowe informacje\",\"isPartOf\":{\"@id\":\"https:\\\/\\\/www.24gliwice.pl\\\/wiadomosci\\\/#website\"},\"primaryImageOfPage\":{\"@id\":\"https:\\\/\\\/www.24gliwice.pl\\\/wiadomosci\\\/krytyczna-sytuacja-bumaru-labedy-przemyslowi-obronnemu-kraju-grozi-utrata-czesci-potencjalu\\\/#primaryimage\"},\"image\":{\"@id\":\"https:\\\/\\\/www.24gliwice.pl\\\/wiadomosci\\\/krytyczna-sytuacja-bumaru-labedy-przemyslowi-obronnemu-kraju-grozi-utrata-czesci-potencjalu\\\/#primaryimage\"},\"thumbnailUrl\":\"https:\\\/\\\/www.24gliwice.pl\\\/wiadomosci\\\/wp-content\\\/uploads\\\/2018\\\/05\\\/bumar.jpg\",\"datePublished\":\"2018-05-15T11:34:22+00:00\",\"dateModified\":\"2018-05-16T19:18:19+00:00\",\"breadcrumb\":{\"@id\":\"https:\\\/\\\/www.24gliwice.pl\\\/wiadomosci\\\/krytyczna-sytuacja-bumaru-labedy-przemyslowi-obronnemu-kraju-grozi-utrata-czesci-potencjalu\\\/#breadcrumb\"},\"inLanguage\":\"pl-PL\",\"potentialAction\":[{\"@type\":\"ReadAction\",\"target\":[\"https:\\\/\\\/www.24gliwice.pl\\\/wiadomosci\\\/krytyczna-sytuacja-bumaru-labedy-przemyslowi-obronnemu-kraju-grozi-utrata-czesci-potencjalu\\\/\"]}]},{\"@type\":\"ImageObject\",\"inLanguage\":\"pl-PL\",\"@id\":\"https:\\\/\\\/www.24gliwice.pl\\\/wiadomosci\\\/krytyczna-sytuacja-bumaru-labedy-przemyslowi-obronnemu-kraju-grozi-utrata-czesci-potencjalu\\\/#primaryimage\",\"url\":\"https:\\\/\\\/www.24gliwice.pl\\\/wiadomosci\\\/wp-content\\\/uploads\\\/2018\\\/05\\\/bumar.jpg\",\"contentUrl\":\"https:\\\/\\\/www.24gliwice.pl\\\/wiadomosci\\\/wp-content\\\/uploads\\\/2018\\\/05\\\/bumar.jpg\",\"width\":862,\"height\":484,\"caption\":\"ZDJ\u0118CIE POGL\u0104DOWE\\\/ www.bumar.gliwice.pl\"},{\"@type\":\"BreadcrumbList\",\"@id\":\"https:\\\/\\\/www.24gliwice.pl\\\/wiadomosci\\\/krytyczna-sytuacja-bumaru-labedy-przemyslowi-obronnemu-kraju-grozi-utrata-czesci-potencjalu\\\/#breadcrumb\",\"itemListElement\":[{\"@type\":\"ListItem\",\"position\":1,\"name\":\"Strona g\u0142\u00f3wna\",\"item\":\"https:\\\/\\\/www.24gliwice.pl\\\/wiadomosci\\\/\"},{\"@type\":\"ListItem\",\"position\":2,\"name\":\"&#8222;Krytyczna sytuacja Bumaru-\u0141ab\u0119dy.&#8221; Przemys\u0142owi obronnemu kraju grozi utrata cz\u0119\u015bci potencja\u0142u?\"}]},{\"@type\":\"WebSite\",\"@id\":\"https:\\\/\\\/www.24gliwice.pl\\\/wiadomosci\\\/#website\",\"url\":\"https:\\\/\\\/www.24gliwice.pl\\\/wiadomosci\\\/\",\"name\":\"24GLIWICE - Portal Gliwice | codziennie nowe wiadomo\u015bci\",\"description\":\"Portal Miejski Gliwice\",\"publisher\":{\"@id\":\"https:\\\/\\\/www.24gliwice.pl\\\/wiadomosci\\\/#organization\"},\"potentialAction\":[{\"@type\":\"SearchAction\",\"target\":{\"@type\":\"EntryPoint\",\"urlTemplate\":\"https:\\\/\\\/www.24gliwice.pl\\\/wiadomosci\\\/?s={search_term_string}\"},\"query-input\":{\"@type\":\"PropertyValueSpecification\",\"valueRequired\":true,\"valueName\":\"search_term_string\"}}],\"inLanguage\":\"pl-PL\"},{\"@type\":\"Organization\",\"@id\":\"https:\\\/\\\/www.24gliwice.pl\\\/wiadomosci\\\/#organization\",\"name\":\"24gliwice\",\"url\":\"https:\\\/\\\/www.24gliwice.pl\\\/wiadomosci\\\/\",\"logo\":{\"@type\":\"ImageObject\",\"inLanguage\":\"pl-PL\",\"@id\":\"https:\\\/\\\/www.24gliwice.pl\\\/wiadomosci\\\/#\\\/schema\\\/logo\\\/image\\\/\",\"url\":\"https:\\\/\\\/www.24gliwice.pl\\\/wiadomosci\\\/wp-content\\\/uploads\\\/2024\\\/10\\\/24gliwice-logo-696.jpg\",\"contentUrl\":\"https:\\\/\\\/www.24gliwice.pl\\\/wiadomosci\\\/wp-content\\\/uploads\\\/2024\\\/10\\\/24gliwice-logo-696.jpg\",\"width\":696,\"height\":696,\"caption\":\"24gliwice\"},\"image\":{\"@id\":\"https:\\\/\\\/www.24gliwice.pl\\\/wiadomosci\\\/#\\\/schema\\\/logo\\\/image\\\/\"},\"sameAs\":[\"https:\\\/\\\/www.facebook.com\\\/24gliwice\",\"https:\\\/\\\/x.com\\\/24gliwice\",\"https:\\\/\\\/www.youtube.com\\\/@24gliwice\"]},{\"@type\":\"Person\",\"@id\":\"https:\\\/\\\/www.24gliwice.pl\\\/wiadomosci\\\/#\\\/schema\\\/person\\\/e42c650edd7f2fa332be3811fb166b6e\",\"name\":\"\u017baneta Mrozek-Siewierska\",\"image\":{\"@type\":\"ImageObject\",\"inLanguage\":\"pl-PL\",\"@id\":\"https:\\\/\\\/secure.gravatar.com\\\/avatar\\\/1881429e9c64597c77ad7aef2d0a19be69a3253e57534d16aa15bf3a4d34a0a3?s=96&d=mm&r=g\",\"url\":\"https:\\\/\\\/secure.gravatar.com\\\/avatar\\\/1881429e9c64597c77ad7aef2d0a19be69a3253e57534d16aa15bf3a4d34a0a3?s=96&d=mm&r=g\",\"contentUrl\":\"https:\\\/\\\/secure.gravatar.com\\\/avatar\\\/1881429e9c64597c77ad7aef2d0a19be69a3253e57534d16aa15bf3a4d34a0a3?s=96&d=mm&r=g\",\"caption\":\"\u017baneta Mrozek-Siewierska\"},\"url\":\"https:\\\/\\\/www.24gliwice.pl\\\/wiadomosci\\\/author\\\/zms\\\/\"}]}<\/script>\n<!-- \/ Yoast SEO plugin. -->","yoast_head_json":{"title":"\"Krytyczna sytuacja Bumaru-\u0141ab\u0119dy.\" Przemys\u0142owi obronnemu kraju grozi utrata cz\u0119\u015bci potencja\u0142u? - 24GLIWICE - Portal Gliwice | codziennie nowe informacje","robots":{"index":"index","follow":"follow","max-snippet":"max-snippet:-1","max-image-preview":"max-image-preview:large","max-video-preview":"max-video-preview:-1"},"canonical":"https:\/\/www.24gliwice.pl\/wiadomosci\/krytyczna-sytuacja-bumaru-labedy-przemyslowi-obronnemu-kraju-grozi-utrata-czesci-potencjalu\/","og_locale":"pl_PL","og_type":"article","og_title":"\"Krytyczna sytuacja Bumaru-\u0141ab\u0119dy.\" Przemys\u0142owi obronnemu kraju grozi utrata cz\u0119\u015bci potencja\u0142u? - 24GLIWICE - Portal Gliwice | codziennie nowe informacje","og_description":"Zaniepokojeni sytuacj\u0105 Bumaru-\u0141ab\u0119dy zwi\u0105zkowcy i politycy ze \u015al\u0105ska wystosowali apel do szefa MON, Mariusza B\u0142aszczaka. Jak twierdz\u0105, zak\u0142ad stoi na skraju bankructwa wskutek wieloletnich zaniedba\u0144 w\u0142a\u015bcicielskich. Od kilku lat przedsi\u0119biorstwo ma kontrakty tylko na remonty czo\u0142g\u00f3w. By mog\u0142o dalej funkcjonowa\u0107 potrzeba, aby rozpocz\u0119to tam produkcj\u0119 w\u0142asnego produktu. W pi\u0105tek \u015al\u0105sko-D\u0105browska Solidarno\u015b\u0107 poinformowa\u0142a, i\u017c dzie\u0144 wcze\u015bniej, [&hellip;]","og_url":"https:\/\/www.24gliwice.pl\/wiadomosci\/krytyczna-sytuacja-bumaru-labedy-przemyslowi-obronnemu-kraju-grozi-utrata-czesci-potencjalu\/","og_site_name":"24GLIWICE - Portal Gliwice | codziennie nowe informacje","article_publisher":"https:\/\/www.facebook.com\/24gliwice","article_published_time":"2018-05-15T11:34:22+00:00","article_modified_time":"2018-05-16T19:18:19+00:00","og_image":[{"width":862,"height":484,"url":"https:\/\/www.24gliwice.pl\/wiadomosci\/wp-content\/uploads\/2018\/05\/bumar.jpg","type":"image\/jpeg"}],"author":"\u017baneta Mrozek-Siewierska","twitter_card":"summary_large_image","twitter_creator":"@24gliwice","twitter_site":"@24gliwice","twitter_misc":{"Napisane przez":"\u017baneta Mrozek-Siewierska","Szacowany czas czytania":"3 minuty"},"schema":{"@context":"https:\/\/schema.org","@graph":[{"@type":"Article","@id":"https:\/\/www.24gliwice.pl\/wiadomosci\/krytyczna-sytuacja-bumaru-labedy-przemyslowi-obronnemu-kraju-grozi-utrata-czesci-potencjalu\/#article","isPartOf":{"@id":"https:\/\/www.24gliwice.pl\/wiadomosci\/krytyczna-sytuacja-bumaru-labedy-przemyslowi-obronnemu-kraju-grozi-utrata-czesci-potencjalu\/"},"author":{"name":"\u017baneta Mrozek-Siewierska","@id":"https:\/\/www.24gliwice.pl\/wiadomosci\/#\/schema\/person\/e42c650edd7f2fa332be3811fb166b6e"},"headline":"&#8220;Krytyczna sytuacja Bumaru-\u0141ab\u0119dy.&#8221; Przemys\u0142owi obronnemu kraju grozi utrata cz\u0119\u015bci potencja\u0142u?","datePublished":"2018-05-15T11:34:22+00:00","dateModified":"2018-05-16T19:18:19+00:00","mainEntityOfPage":{"@id":"https:\/\/www.24gliwice.pl\/wiadomosci\/krytyczna-sytuacja-bumaru-labedy-przemyslowi-obronnemu-kraju-grozi-utrata-czesci-potencjalu\/"},"wordCount":712,"commentCount":0,"publisher":{"@id":"https:\/\/www.24gliwice.pl\/wiadomosci\/#organization"},"image":{"@id":"https:\/\/www.24gliwice.pl\/wiadomosci\/krytyczna-sytuacja-bumaru-labedy-przemyslowi-obronnemu-kraju-grozi-utrata-czesci-potencjalu\/#primaryimage"},"thumbnailUrl":"https:\/\/www.24gliwice.pl\/wiadomosci\/wp-content\/uploads\/2018\/05\/bumar.jpg","keywords":["bumar","czo\u0142gi","ministerstwo obrony narodowej","mon","WOJSKO","zwi\u0105zki zawodowe"],"articleSection":["Gliwice","Najnowsze wiadomo\u015bci","Portal Gliwice - Wiadomo\u015bci lokalne"],"inLanguage":"pl-PL","potentialAction":[{"@type":"CommentAction","name":"Comment","target":["https:\/\/www.24gliwice.pl\/wiadomosci\/krytyczna-sytuacja-bumaru-labedy-przemyslowi-obronnemu-kraju-grozi-utrata-czesci-potencjalu\/#respond"]}]},{"@type":"WebPage","@id":"https:\/\/www.24gliwice.pl\/wiadomosci\/krytyczna-sytuacja-bumaru-labedy-przemyslowi-obronnemu-kraju-grozi-utrata-czesci-potencjalu\/","url":"https:\/\/www.24gliwice.pl\/wiadomosci\/krytyczna-sytuacja-bumaru-labedy-przemyslowi-obronnemu-kraju-grozi-utrata-czesci-potencjalu\/","name":"\"Krytyczna sytuacja Bumaru-\u0141ab\u0119dy.\" Przemys\u0142owi obronnemu kraju grozi utrata cz\u0119\u015bci potencja\u0142u? - 24GLIWICE - Portal Gliwice | codziennie nowe informacje","isPartOf":{"@id":"https:\/\/www.24gliwice.pl\/wiadomosci\/#website"},"primaryImageOfPage":{"@id":"https:\/\/www.24gliwice.pl\/wiadomosci\/krytyczna-sytuacja-bumaru-labedy-przemyslowi-obronnemu-kraju-grozi-utrata-czesci-potencjalu\/#primaryimage"},"image":{"@id":"https:\/\/www.24gliwice.pl\/wiadomosci\/krytyczna-sytuacja-bumaru-labedy-przemyslowi-obronnemu-kraju-grozi-utrata-czesci-potencjalu\/#primaryimage"},"thumbnailUrl":"https:\/\/www.24gliwice.pl\/wiadomosci\/wp-content\/uploads\/2018\/05\/bumar.jpg","datePublished":"2018-05-15T11:34:22+00:00","dateModified":"2018-05-16T19:18:19+00:00","breadcrumb":{"@id":"https:\/\/www.24gliwice.pl\/wiadomosci\/krytyczna-sytuacja-bumaru-labedy-przemyslowi-obronnemu-kraju-grozi-utrata-czesci-potencjalu\/#breadcrumb"},"inLanguage":"pl-PL","potentialAction":[{"@type":"ReadAction","target":["https:\/\/www.24gliwice.pl\/wiadomosci\/krytyczna-sytuacja-bumaru-labedy-przemyslowi-obronnemu-kraju-grozi-utrata-czesci-potencjalu\/"]}]},{"@type":"ImageObject","inLanguage":"pl-PL","@id":"https:\/\/www.24gliwice.pl\/wiadomosci\/krytyczna-sytuacja-bumaru-labedy-przemyslowi-obronnemu-kraju-grozi-utrata-czesci-potencjalu\/#primaryimage","url":"https:\/\/www.24gliwice.pl\/wiadomosci\/wp-content\/uploads\/2018\/05\/bumar.jpg","contentUrl":"https:\/\/www.24gliwice.pl\/wiadomosci\/wp-content\/uploads\/2018\/05\/bumar.jpg","width":862,"height":484,"caption":"ZDJ\u0118CIE POGL\u0104DOWE\/ www.bumar.gliwice.pl"},{"@type":"BreadcrumbList","@id":"https:\/\/www.24gliwice.pl\/wiadomosci\/krytyczna-sytuacja-bumaru-labedy-przemyslowi-obronnemu-kraju-grozi-utrata-czesci-potencjalu\/#breadcrumb","itemListElement":[{"@type":"ListItem","position":1,"name":"Strona g\u0142\u00f3wna","item":"https:\/\/www.24gliwice.pl\/wiadomosci\/"},{"@type":"ListItem","position":2,"name":"&#8222;Krytyczna sytuacja Bumaru-\u0141ab\u0119dy.&#8221; Przemys\u0142owi obronnemu kraju grozi utrata cz\u0119\u015bci potencja\u0142u?"}]},{"@type":"WebSite","@id":"https:\/\/www.24gliwice.pl\/wiadomosci\/#website","url":"https:\/\/www.24gliwice.pl\/wiadomosci\/","name":"24GLIWICE - Portal Gliwice | codziennie nowe wiadomo\u015bci","description":"Portal Miejski Gliwice","publisher":{"@id":"https:\/\/www.24gliwice.pl\/wiadomosci\/#organization"},"potentialAction":[{"@type":"SearchAction","target":{"@type":"EntryPoint","urlTemplate":"https:\/\/www.24gliwice.pl\/wiadomosci\/?s={search_term_string}"},"query-input":{"@type":"PropertyValueSpecification","valueRequired":true,"valueName":"search_term_string"}}],"inLanguage":"pl-PL"},{"@type":"Organization","@id":"https:\/\/www.24gliwice.pl\/wiadomosci\/#organization","name":"24gliwice","url":"https:\/\/www.24gliwice.pl\/wiadomosci\/","logo":{"@type":"ImageObject","inLanguage":"pl-PL","@id":"https:\/\/www.24gliwice.pl\/wiadomosci\/#\/schema\/logo\/image\/","url":"https:\/\/www.24gliwice.pl\/wiadomosci\/wp-content\/uploads\/2024\/10\/24gliwice-logo-696.jpg","contentUrl":"https:\/\/www.24gliwice.pl\/wiadomosci\/wp-content\/uploads\/2024\/10\/24gliwice-logo-696.jpg","width":696,"height":696,"caption":"24gliwice"},"image":{"@id":"https:\/\/www.24gliwice.pl\/wiadomosci\/#\/schema\/logo\/image\/"},"sameAs":["https:\/\/www.facebook.com\/24gliwice","https:\/\/x.com\/24gliwice","https:\/\/www.youtube.com\/@24gliwice"]},{"@type":"Person","@id":"https:\/\/www.24gliwice.pl\/wiadomosci\/#\/schema\/person\/e42c650edd7f2fa332be3811fb166b6e","name":"\u017baneta Mrozek-Siewierska","image":{"@type":"ImageObject","inLanguage":"pl-PL","@id":"https:\/\/secure.gravatar.com\/avatar\/1881429e9c64597c77ad7aef2d0a19be69a3253e57534d16aa15bf3a4d34a0a3?s=96&d=mm&r=g","url":"https:\/\/secure.gravatar.com\/avatar\/1881429e9c64597c77ad7aef2d0a19be69a3253e57534d16aa15bf3a4d34a0a3?s=96&d=mm&r=g","contentUrl":"https:\/\/secure.gravatar.com\/avatar\/1881429e9c64597c77ad7aef2d0a19be69a3253e57534d16aa15bf3a4d34a0a3?s=96&d=mm&r=g","caption":"\u017baneta Mrozek-Siewierska"},"url":"https:\/\/www.24gliwice.pl\/wiadomosci\/author\/zms\/"}]}},"_links":{"self":[{"href":"https:\/\/www.24gliwice.pl\/wiadomosci\/wp-json\/wp\/v2\/posts\/117168","targetHints":{"allow":["GET"]}}],"collection":[{"href":"https:\/\/www.24gliwice.pl\/wiadomosci\/wp-json\/wp\/v2\/posts"}],"about":[{"href":"https:\/\/www.24gliwice.pl\/wiadomosci\/wp-json\/wp\/v2\/types\/post"}],"author":[{"embeddable":true,"href":"https:\/\/www.24gliwice.pl\/wiadomosci\/wp-json\/wp\/v2\/users\/15"}],"replies":[{"embeddable":true,"href":"https:\/\/www.24gliwice.pl\/wiadomosci\/wp-json\/wp\/v2\/comments?post=117168"}],"version-history":[{"count":0,"href":"https:\/\/www.24gliwice.pl\/wiadomosci\/wp-json\/wp\/v2\/posts\/117168\/revisions"}],"wp:featuredmedia":[{"embeddable":true,"href":"https:\/\/www.24gliwice.pl\/wiadomosci\/wp-json\/wp\/v2\/media\/117189"}],"wp:attachment":[{"href":"https:\/\/www.24gliwice.pl\/wiadomosci\/wp-json\/wp\/v2\/media?parent=117168"}],"wp:term":[{"taxonomy":"category","embeddable":true,"href":"https:\/\/www.24gliwice.pl\/wiadomosci\/wp-json\/wp\/v2\/categories?post=117168"},{"taxonomy":"post_tag","embeddable":true,"href":"https:\/\/www.24gliwice.pl\/wiadomosci\/wp-json\/wp\/v2\/tags?post=117168"}],"curies":[{"name":"wp","href":"https:\/\/api.w.org\/{rel}","templated":true}]}}