{"id":117225,"date":"2018-05-16T11:02:00","date_gmt":"2018-05-16T09:02:00","guid":{"rendered":"https:\/\/www.24gliwice.pl\/wiadomosci\/?p=117225"},"modified":"2018-05-16T11:03:02","modified_gmt":"2018-05-16T09:03:02","slug":"nowa-hala-przy-konarskiego","status":"publish","type":"post","link":"https:\/\/www.24gliwice.pl\/wiadomosci\/nowa-hala-przy-konarskiego\/","title":{"rendered":"W miejscu wyburzonego obiektu przy ul. Konarskiego powstanie hala sportowa i budynek dydaktyczny"},"content":{"rendered":"<div class=\"gliwi-a6-nad-leadem-artykulow gliwi-entity-placement\" id=\"gliwi-685356477\"><div class=\"gliwi-adlabel\"><span style=\"font-size: 9px\">REKLAMA<\/span><\/div><div id=\"gliwi-3722310432\" style=\"margin-bottom: 25px;margin-left: auto;margin-right: auto;text-align: center;\"><a data-no-instant=\"1\" href=\"https:\/\/dom100.eu\/\" rel=\"noopener\" class=\"a2t-link\" target=\"_blank\" aria-label=\"20260415 DOM100 D\"><img loading=\"lazy\" decoding=\"async\" src=\"https:\/\/www.24gliwice.pl\/wiadomosci\/wp-content\/uploads\/2026\/04\/20260415-DOM100-D.jpg\" alt=\"\"  srcset=\"https:\/\/www.24gliwice.pl\/wiadomosci\/wp-content\/uploads\/2026\/04\/20260415-DOM100-D.jpg 750w, https:\/\/www.24gliwice.pl\/wiadomosci\/wp-content\/uploads\/2026\/04\/20260415-DOM100-D-410x109.jpg 410w\" sizes=\"(max-width: 750px) 100vw, 750px\" class=\"no-lazyload\" width=\"750\" height=\"200\"  style=\"display: inline-block; max-width: 100%; height: auto;\" \/><\/a><\/div><\/div><h3>Na terenie liceum przy ul. Zimnej Wody zostanie zbudowana nowa hala sportowa, a obok niej trzypi\u0119trowy budynek dydaktyczny. Obszar wok\u00f3\u0142 szko\u0142y b\u0119dzie zmodernizowany, natomiast boiska zyskaj\u0105 sztuczn\u0105 nawierzchni\u0119. <\/h3>\n<p>Obecnie I Liceum Og\u00f3lnokszta\u0142c\u0105ce Dwuj\u0119zyczne im. Edwarda Dembowskiego w Gliwicach tworz\u0105: budynek g\u0142\u00f3wny, ma\u0142a sala gimnastyczna oraz wolnostoj\u0105cy budynek przy ul. Konarskiego. Jednak istniej\u0105ca infrastruktura nie spe\u0142nia wymaga\u0144 rozwijaj\u0105cej si\u0119 szko\u0142y i konieczne s\u0105 zmiany.<\/p>\n<p>Zgodnie z planem, budynek przy ul. Konarskiego zostanie zburzony, a w jego miejscu powstanie nowa hala sportowa z boiskiem o wymiarach 20 x 40 m, trybunami, kt\u00f3re b\u0119d\u0105 mog\u0142y pomie\u015bci\u0107 150 os\u00f3b oraz zapleczem \u2013 szatniami i magazynem na sprz\u0119t sportowy. Obiekt ma mie\u0107 oko\u0142o 20 metr\u00f3w wysoko\u015bci.<\/p><div class=\"gliwi-a3-w-tresci-artykulow gliwi-entity-placement\" id=\"gliwi-2941001852\"><div class=\"gliwi-adlabel\"><span style=\"font-size: 9px\">REKLAMA<\/span><\/div><div id=\"gliwi-2137299158\" style=\"margin-bottom: 30px;margin-left: auto;margin-right: auto;text-align: center;\"><a data-no-instant=\"1\" href=\"https:\/\/ogrodyandersa.pl\/\" rel=\"noopener\" class=\"a2t-link\" target=\"_blank\" aria-label=\"20260415 Ogrody Andersa KUP TERAZ D\"><img loading=\"lazy\" decoding=\"async\" src=\"https:\/\/www.24gliwice.pl\/wiadomosci\/wp-content\/uploads\/2026\/04\/20260415-Ogrody-Andersa-KUP-TERAZ-D.jpg\" alt=\"\"  srcset=\"https:\/\/www.24gliwice.pl\/wiadomosci\/wp-content\/uploads\/2026\/04\/20260415-Ogrody-Andersa-KUP-TERAZ-D.jpg 750w, https:\/\/www.24gliwice.pl\/wiadomosci\/wp-content\/uploads\/2026\/04\/20260415-Ogrody-Andersa-KUP-TERAZ-D-410x109.jpg 410w\" sizes=\"(max-width: 750px) 100vw, 750px\" class=\"no-lazyload\" width=\"750\" height=\"200\"  style=\"display: inline-block; max-width: 100%; height: auto;\" \/><\/a><\/div><\/div>\n<p><iframe loading=\"lazy\" src=\"https:\/\/www.google.com\/maps\/embed?pb=!4v1526458375333!6m8!1m7!1skK7Ai_XVv2qp2bR_vCsqLA!2m2!1d50.29363000788691!2d18.67930777564368!3f323.25536960208245!4f5.454992869088841!5f0.5764793465564988\" width=\"810\" height=\"450\" frameborder=\"0\" style=\"border:0\" allowfullscreen><\/iframe><\/p>\n<p>Przy hali, wed\u0142ug wst\u0119pnej koncepcji, od strony Politechniki \u015al\u0105skiej ma powsta\u0107 trzypi\u0119trowy budynek dydaktyczny o powierzchni ponad 2 tys m2. Znajdzie si\u0119 tam mi\u0119dzy innymi 9 nowoczesnych pracowni.<\/p>\n[perfectpullquote align=&#8221;full&#8221; bordertop=&#8221;false&#8221; cite=&#8221;&#8221; link=&#8221;&#8221; color=&#8221;&#8221; class=&#8221;&#8221; size=&#8221;&#8221;]Zagospodarowany ma zosta\u0107 r\u00f3wnie\u017c teren pomi\u0119dzy nowymi obiektami i budynkiem szko\u0142y. Zmodernizowane zostan\u0105: parking, zieleniec oraz boiska. [\/perfectpullquote]\n<p>Przetarg na wykonanie projektu wygra\u0142a Autorska Pracownia Projektowa Manecki z Krakowa. Ma ju\u017c ona na swoim koncie kilkadziesi\u0105t podobnych zada\u0144, w tym modernizacje wydzia\u0142\u00f3w wy\u017cszych uczelni w Krakowie i Rzeszowie, projekty i budow\u0119 r\u00f3\u017cnych obiekt\u00f3w sportowych oraz budynk\u00f3w szkolnych wraz z potrzebn\u0105 infrastruktur\u0105.<\/p>\n<p>Koszt projektu wraz z wszystkimi pozwoleniami oraz p\u00f3\u017aniejszym nadzorem autorskim budowy to oko\u0142o 192 tys. z\u0142. Na wykonanie zadania pracownia ma czas do po\u0142owy listopada. Je\u017celi wszystko p\u00f3jdzie zgodnie z planem, budowa mog\u0142aby si\u0119 rozpocz\u0105\u0107 w drugiej po\u0142owie 2019 r.<\/p>\n<p>(\u017cms)\/MSI<br \/>\nfot. M. Baranowski\/UM<br \/>\nwiz. Autorska Pracownia Projektowa Manecki<\/p>\n<p><img loading=\"lazy\" decoding=\"async\" src=\"https:\/\/www.24gliwice.pl\/wiadomosci\/wp-content\/uploads\/2018\/05\/koncepcja-hala-boiska-zimnej-wody.jpg\" alt=\"\" width=\"880\" height=\"495\" class=\"alignnone size-full wp-image-117241\" srcset=\"https:\/\/www.24gliwice.pl\/wiadomosci\/wp-content\/uploads\/2018\/05\/koncepcja-hala-boiska-zimnej-wody.jpg 880w, https:\/\/www.24gliwice.pl\/wiadomosci\/wp-content\/uploads\/2018\/05\/koncepcja-hala-boiska-zimnej-wody-410x232.jpg 410w, https:\/\/www.24gliwice.pl\/wiadomosci\/wp-content\/uploads\/2018\/05\/koncepcja-hala-boiska-zimnej-wody-768x432.jpg 768w, https:\/\/www.24gliwice.pl\/wiadomosci\/wp-content\/uploads\/2018\/05\/koncepcja-hala-boiska-zimnej-wody-810x456.jpg 810w\" sizes=\"auto, (max-width: 880px) 100vw, 880px\" \/><\/p>\n<div class=\"gliwi-a5-na-koncu-artykulow gliwi-entity-placement\" id=\"gliwi-1557890356\"><div class=\"gliwi-adlabel\"><span style=\"font-size: 9px\">REKLAMA<\/span><\/div><div id=\"gliwi-2648725251\" style=\"margin-left: auto;margin-right: auto;text-align: center;\"><a data-no-instant=\"1\" href=\"https:\/\/prezeroarenagliwice.pl\/\" rel=\"noopener\" class=\"a2t-link\" target=\"_blank\" aria-label=\"20260309-PREZERO-WIOSNA-D\"><img loading=\"lazy\" decoding=\"async\" src=\"https:\/\/www.24gliwice.pl\/wiadomosci\/wp-content\/uploads\/2026\/03\/20260309-PREZERO-WIOSNA-D.webp\" alt=\"\"  srcset=\"https:\/\/www.24gliwice.pl\/wiadomosci\/wp-content\/uploads\/2026\/03\/20260309-PREZERO-WIOSNA-D.webp 750w, https:\/\/www.24gliwice.pl\/wiadomosci\/wp-content\/uploads\/2026\/03\/20260309-PREZERO-WIOSNA-D-410x109.webp 410w\" sizes=\"(max-width: 750px) 100vw, 750px\" class=\"no-lazyload\" width=\"750\" height=\"200\"  style=\"display: inline-block; max-width: 100%; height: auto;\" \/><\/a><\/div><\/div>","protected":false},"excerpt":{"rendered":"<p>Na terenie liceum przy ul. Zimnej Wody zostanie zbudowana nowa hala sportowa, a obok niej trzypi\u0119trowy budynek dydaktyczny. Obszar wok\u00f3\u0142 szko\u0142y b\u0119dzie zmodernizowany, natomiast boiska zyskaj\u0105 sztuczn\u0105 nawierzchni\u0119. Obecnie I Liceum Og\u00f3lnokszta\u0142c\u0105ce Dwuj\u0119zyczne im. Edwarda Dembowskiego w Gliwicach tworz\u0105: budynek g\u0142\u00f3wny, ma\u0142a sala gimnastyczna oraz wolnostoj\u0105cy budynek przy ul. Konarskiego. Jednak istniej\u0105ca infrastruktura nie spe\u0142nia [&hellip;]<\/p>\n","protected":false},"author":15,"featured_media":117240,"comment_status":"open","ping_status":"closed","sticky":false,"template":"","format":"standard","meta":{"_monsterinsights_skip_tracking":false,"_monsterinsights_sitenote_active":false,"_monsterinsights_sitenote_note":"","_monsterinsights_sitenote_category":0,"footnotes":"","_links_to":"","_links_to_target":""},"categories":[3,1],"tags":[3077,62,4548,9359,9429],"class_list":["post-117225","post","type-post","status-publish","format-standard","has-post-thumbnail","hentry","category-gliwice","category-wszystko","tag-arena-gliwice","tag-hala","tag-hala-sportowa","tag-politechnika","tag-przebudowa"],"yoast_head":"<!-- This site is optimized with the Yoast SEO plugin v27.5 - https:\/\/yoast.com\/product\/yoast-seo-wordpress\/ -->\n<title>W miejscu wyburzonego obiektu przy ul. Konarskiego powstanie hala sportowa i budynek dydaktyczny - 24GLIWICE - Portal Gliwice | codziennie nowe informacje<\/title>\n<meta name=\"robots\" content=\"index, follow, max-snippet:-1, max-image-preview:large, max-video-preview:-1\" \/>\n<link rel=\"canonical\" href=\"https:\/\/www.24gliwice.pl\/wiadomosci\/nowa-hala-przy-konarskiego\/\" \/>\n<meta property=\"og:locale\" content=\"pl_PL\" \/>\n<meta property=\"og:type\" content=\"article\" \/>\n<meta property=\"og:title\" content=\"W miejscu wyburzonego obiektu przy ul. Konarskiego powstanie hala sportowa i budynek dydaktyczny - 24GLIWICE - Portal Gliwice | codziennie nowe informacje\" \/>\n<meta property=\"og:description\" content=\"Na terenie liceum przy ul. Zimnej Wody zostanie zbudowana nowa hala sportowa, a obok niej trzypi\u0119trowy budynek dydaktyczny. Obszar wok\u00f3\u0142 szko\u0142y b\u0119dzie zmodernizowany, natomiast boiska zyskaj\u0105 sztuczn\u0105 nawierzchni\u0119. Obecnie I Liceum Og\u00f3lnokszta\u0142c\u0105ce Dwuj\u0119zyczne im. Edwarda Dembowskiego w Gliwicach tworz\u0105: budynek g\u0142\u00f3wny, ma\u0142a sala gimnastyczna oraz wolnostoj\u0105cy budynek przy ul. Konarskiego. Jednak istniej\u0105ca infrastruktura nie spe\u0142nia [&hellip;]\" \/>\n<meta property=\"og:url\" content=\"https:\/\/www.24gliwice.pl\/wiadomosci\/nowa-hala-przy-konarskiego\/\" \/>\n<meta property=\"og:site_name\" content=\"24GLIWICE - Portal Gliwice | codziennie nowe informacje\" \/>\n<meta property=\"article:publisher\" content=\"https:\/\/www.facebook.com\/24gliwice\" \/>\n<meta property=\"article:published_time\" content=\"2018-05-16T09:02:00+00:00\" \/>\n<meta property=\"article:modified_time\" content=\"2018-05-16T09:03:02+00:00\" \/>\n<meta property=\"og:image\" content=\"https:\/\/www.24gliwice.pl\/wiadomosci\/wp-content\/uploads\/2018\/05\/widok-z-g\u00f3ry-zimnej-wody-liceum.jpg\" \/>\n\t<meta property=\"og:image:width\" content=\"879\" \/>\n\t<meta property=\"og:image:height\" content=\"495\" \/>\n\t<meta property=\"og:image:type\" content=\"image\/jpeg\" \/>\n<meta name=\"author\" content=\"\u017baneta Mrozek-Siewierska\" \/>\n<meta name=\"twitter:card\" content=\"summary_large_image\" \/>\n<meta name=\"twitter:creator\" content=\"@24gliwice\" \/>\n<meta name=\"twitter:site\" content=\"@24gliwice\" \/>\n<meta name=\"twitter:label1\" content=\"Napisane przez\" \/>\n\t<meta name=\"twitter:data1\" content=\"\u017baneta Mrozek-Siewierska\" \/>\n\t<meta name=\"twitter:label2\" content=\"Szacowany czas czytania\" \/>\n\t<meta name=\"twitter:data2\" content=\"1 minuta\" \/>\n<script type=\"application\/ld+json\" class=\"yoast-schema-graph\">{\"@context\":\"https:\\\/\\\/schema.org\",\"@graph\":[{\"@type\":\"Article\",\"@id\":\"https:\\\/\\\/www.24gliwice.pl\\\/wiadomosci\\\/nowa-hala-przy-konarskiego\\\/#article\",\"isPartOf\":{\"@id\":\"https:\\\/\\\/www.24gliwice.pl\\\/wiadomosci\\\/nowa-hala-przy-konarskiego\\\/\"},\"author\":{\"name\":\"\u017baneta Mrozek-Siewierska\",\"@id\":\"https:\\\/\\\/www.24gliwice.pl\\\/wiadomosci\\\/#\\\/schema\\\/person\\\/e42c650edd7f2fa332be3811fb166b6e\"},\"headline\":\"W miejscu wyburzonego obiektu przy ul. Konarskiego powstanie hala sportowa i budynek dydaktyczny\",\"datePublished\":\"2018-05-16T09:02:00+00:00\",\"dateModified\":\"2018-05-16T09:03:02+00:00\",\"mainEntityOfPage\":{\"@id\":\"https:\\\/\\\/www.24gliwice.pl\\\/wiadomosci\\\/nowa-hala-przy-konarskiego\\\/\"},\"wordCount\":310,\"commentCount\":0,\"publisher\":{\"@id\":\"https:\\\/\\\/www.24gliwice.pl\\\/wiadomosci\\\/#organization\"},\"image\":{\"@id\":\"https:\\\/\\\/www.24gliwice.pl\\\/wiadomosci\\\/nowa-hala-przy-konarskiego\\\/#primaryimage\"},\"thumbnailUrl\":\"https:\\\/\\\/www.24gliwice.pl\\\/wiadomosci\\\/wp-content\\\/uploads\\\/2018\\\/05\\\/widok-z-g\u00f3ry-zimnej-wody-liceum.jpg\",\"keywords\":[\"ARENA GLIWICE\",\"hala\",\"hala sportowa\",\"POLITECHNIKA\",\"PRZEBUDOWA\"],\"articleSection\":[\"Gliwice\",\"Najnowsze wiadomo\u015bci\"],\"inLanguage\":\"pl-PL\",\"potentialAction\":[{\"@type\":\"CommentAction\",\"name\":\"Comment\",\"target\":[\"https:\\\/\\\/www.24gliwice.pl\\\/wiadomosci\\\/nowa-hala-przy-konarskiego\\\/#respond\"]}]},{\"@type\":\"WebPage\",\"@id\":\"https:\\\/\\\/www.24gliwice.pl\\\/wiadomosci\\\/nowa-hala-przy-konarskiego\\\/\",\"url\":\"https:\\\/\\\/www.24gliwice.pl\\\/wiadomosci\\\/nowa-hala-przy-konarskiego\\\/\",\"name\":\"W miejscu wyburzonego obiektu przy ul. Konarskiego powstanie hala sportowa i budynek dydaktyczny - 24GLIWICE - Portal Gliwice | codziennie nowe informacje\",\"isPartOf\":{\"@id\":\"https:\\\/\\\/www.24gliwice.pl\\\/wiadomosci\\\/#website\"},\"primaryImageOfPage\":{\"@id\":\"https:\\\/\\\/www.24gliwice.pl\\\/wiadomosci\\\/nowa-hala-przy-konarskiego\\\/#primaryimage\"},\"image\":{\"@id\":\"https:\\\/\\\/www.24gliwice.pl\\\/wiadomosci\\\/nowa-hala-przy-konarskiego\\\/#primaryimage\"},\"thumbnailUrl\":\"https:\\\/\\\/www.24gliwice.pl\\\/wiadomosci\\\/wp-content\\\/uploads\\\/2018\\\/05\\\/widok-z-g\u00f3ry-zimnej-wody-liceum.jpg\",\"datePublished\":\"2018-05-16T09:02:00+00:00\",\"dateModified\":\"2018-05-16T09:03:02+00:00\",\"breadcrumb\":{\"@id\":\"https:\\\/\\\/www.24gliwice.pl\\\/wiadomosci\\\/nowa-hala-przy-konarskiego\\\/#breadcrumb\"},\"inLanguage\":\"pl-PL\",\"potentialAction\":[{\"@type\":\"ReadAction\",\"target\":[\"https:\\\/\\\/www.24gliwice.pl\\\/wiadomosci\\\/nowa-hala-przy-konarskiego\\\/\"]}]},{\"@type\":\"ImageObject\",\"inLanguage\":\"pl-PL\",\"@id\":\"https:\\\/\\\/www.24gliwice.pl\\\/wiadomosci\\\/nowa-hala-przy-konarskiego\\\/#primaryimage\",\"url\":\"https:\\\/\\\/www.24gliwice.pl\\\/wiadomosci\\\/wp-content\\\/uploads\\\/2018\\\/05\\\/widok-z-g\u00f3ry-zimnej-wody-liceum.jpg\",\"contentUrl\":\"https:\\\/\\\/www.24gliwice.pl\\\/wiadomosci\\\/wp-content\\\/uploads\\\/2018\\\/05\\\/widok-z-g\u00f3ry-zimnej-wody-liceum.jpg\",\"width\":879,\"height\":495,\"caption\":\"fot. M. Baranowski\\\/UM\"},{\"@type\":\"BreadcrumbList\",\"@id\":\"https:\\\/\\\/www.24gliwice.pl\\\/wiadomosci\\\/nowa-hala-przy-konarskiego\\\/#breadcrumb\",\"itemListElement\":[{\"@type\":\"ListItem\",\"position\":1,\"name\":\"Strona g\u0142\u00f3wna\",\"item\":\"https:\\\/\\\/www.24gliwice.pl\\\/wiadomosci\\\/\"},{\"@type\":\"ListItem\",\"position\":2,\"name\":\"W miejscu wyburzonego obiektu przy ul. Konarskiego powstanie hala sportowa i budynek dydaktyczny\"}]},{\"@type\":\"WebSite\",\"@id\":\"https:\\\/\\\/www.24gliwice.pl\\\/wiadomosci\\\/#website\",\"url\":\"https:\\\/\\\/www.24gliwice.pl\\\/wiadomosci\\\/\",\"name\":\"24GLIWICE - Portal Gliwice | codziennie nowe wiadomo\u015bci\",\"description\":\"Portal Miejski Gliwice\",\"publisher\":{\"@id\":\"https:\\\/\\\/www.24gliwice.pl\\\/wiadomosci\\\/#organization\"},\"potentialAction\":[{\"@type\":\"SearchAction\",\"target\":{\"@type\":\"EntryPoint\",\"urlTemplate\":\"https:\\\/\\\/www.24gliwice.pl\\\/wiadomosci\\\/?s={search_term_string}\"},\"query-input\":{\"@type\":\"PropertyValueSpecification\",\"valueRequired\":true,\"valueName\":\"search_term_string\"}}],\"inLanguage\":\"pl-PL\"},{\"@type\":\"Organization\",\"@id\":\"https:\\\/\\\/www.24gliwice.pl\\\/wiadomosci\\\/#organization\",\"name\":\"24gliwice\",\"url\":\"https:\\\/\\\/www.24gliwice.pl\\\/wiadomosci\\\/\",\"logo\":{\"@type\":\"ImageObject\",\"inLanguage\":\"pl-PL\",\"@id\":\"https:\\\/\\\/www.24gliwice.pl\\\/wiadomosci\\\/#\\\/schema\\\/logo\\\/image\\\/\",\"url\":\"https:\\\/\\\/www.24gliwice.pl\\\/wiadomosci\\\/wp-content\\\/uploads\\\/2024\\\/10\\\/24gliwice-logo-696.jpg\",\"contentUrl\":\"https:\\\/\\\/www.24gliwice.pl\\\/wiadomosci\\\/wp-content\\\/uploads\\\/2024\\\/10\\\/24gliwice-logo-696.jpg\",\"width\":696,\"height\":696,\"caption\":\"24gliwice\"},\"image\":{\"@id\":\"https:\\\/\\\/www.24gliwice.pl\\\/wiadomosci\\\/#\\\/schema\\\/logo\\\/image\\\/\"},\"sameAs\":[\"https:\\\/\\\/www.facebook.com\\\/24gliwice\",\"https:\\\/\\\/x.com\\\/24gliwice\",\"https:\\\/\\\/www.youtube.com\\\/@24gliwice\"]},{\"@type\":\"Person\",\"@id\":\"https:\\\/\\\/www.24gliwice.pl\\\/wiadomosci\\\/#\\\/schema\\\/person\\\/e42c650edd7f2fa332be3811fb166b6e\",\"name\":\"\u017baneta Mrozek-Siewierska\",\"image\":{\"@type\":\"ImageObject\",\"inLanguage\":\"pl-PL\",\"@id\":\"https:\\\/\\\/secure.gravatar.com\\\/avatar\\\/1881429e9c64597c77ad7aef2d0a19be69a3253e57534d16aa15bf3a4d34a0a3?s=96&d=mm&r=g\",\"url\":\"https:\\\/\\\/secure.gravatar.com\\\/avatar\\\/1881429e9c64597c77ad7aef2d0a19be69a3253e57534d16aa15bf3a4d34a0a3?s=96&d=mm&r=g\",\"contentUrl\":\"https:\\\/\\\/secure.gravatar.com\\\/avatar\\\/1881429e9c64597c77ad7aef2d0a19be69a3253e57534d16aa15bf3a4d34a0a3?s=96&d=mm&r=g\",\"caption\":\"\u017baneta Mrozek-Siewierska\"},\"url\":\"https:\\\/\\\/www.24gliwice.pl\\\/wiadomosci\\\/author\\\/zms\\\/\"}]}<\/script>\n<!-- \/ Yoast SEO plugin. -->","yoast_head_json":{"title":"W miejscu wyburzonego obiektu przy ul. Konarskiego powstanie hala sportowa i budynek dydaktyczny - 24GLIWICE - Portal Gliwice | codziennie nowe informacje","robots":{"index":"index","follow":"follow","max-snippet":"max-snippet:-1","max-image-preview":"max-image-preview:large","max-video-preview":"max-video-preview:-1"},"canonical":"https:\/\/www.24gliwice.pl\/wiadomosci\/nowa-hala-przy-konarskiego\/","og_locale":"pl_PL","og_type":"article","og_title":"W miejscu wyburzonego obiektu przy ul. Konarskiego powstanie hala sportowa i budynek dydaktyczny - 24GLIWICE - Portal Gliwice | codziennie nowe informacje","og_description":"Na terenie liceum przy ul. Zimnej Wody zostanie zbudowana nowa hala sportowa, a obok niej trzypi\u0119trowy budynek dydaktyczny. Obszar wok\u00f3\u0142 szko\u0142y b\u0119dzie zmodernizowany, natomiast boiska zyskaj\u0105 sztuczn\u0105 nawierzchni\u0119. Obecnie I Liceum Og\u00f3lnokszta\u0142c\u0105ce Dwuj\u0119zyczne im. Edwarda Dembowskiego w Gliwicach tworz\u0105: budynek g\u0142\u00f3wny, ma\u0142a sala gimnastyczna oraz wolnostoj\u0105cy budynek przy ul. Konarskiego. Jednak istniej\u0105ca infrastruktura nie spe\u0142nia [&hellip;]","og_url":"https:\/\/www.24gliwice.pl\/wiadomosci\/nowa-hala-przy-konarskiego\/","og_site_name":"24GLIWICE - Portal Gliwice | codziennie nowe informacje","article_publisher":"https:\/\/www.facebook.com\/24gliwice","article_published_time":"2018-05-16T09:02:00+00:00","article_modified_time":"2018-05-16T09:03:02+00:00","og_image":[{"width":879,"height":495,"url":"https:\/\/www.24gliwice.pl\/wiadomosci\/wp-content\/uploads\/2018\/05\/widok-z-g\u00f3ry-zimnej-wody-liceum.jpg","type":"image\/jpeg"}],"author":"\u017baneta Mrozek-Siewierska","twitter_card":"summary_large_image","twitter_creator":"@24gliwice","twitter_site":"@24gliwice","twitter_misc":{"Napisane przez":"\u017baneta Mrozek-Siewierska","Szacowany czas czytania":"1 minuta"},"schema":{"@context":"https:\/\/schema.org","@graph":[{"@type":"Article","@id":"https:\/\/www.24gliwice.pl\/wiadomosci\/nowa-hala-przy-konarskiego\/#article","isPartOf":{"@id":"https:\/\/www.24gliwice.pl\/wiadomosci\/nowa-hala-przy-konarskiego\/"},"author":{"name":"\u017baneta Mrozek-Siewierska","@id":"https:\/\/www.24gliwice.pl\/wiadomosci\/#\/schema\/person\/e42c650edd7f2fa332be3811fb166b6e"},"headline":"W miejscu wyburzonego obiektu przy ul. Konarskiego powstanie hala sportowa i budynek dydaktyczny","datePublished":"2018-05-16T09:02:00+00:00","dateModified":"2018-05-16T09:03:02+00:00","mainEntityOfPage":{"@id":"https:\/\/www.24gliwice.pl\/wiadomosci\/nowa-hala-przy-konarskiego\/"},"wordCount":310,"commentCount":0,"publisher":{"@id":"https:\/\/www.24gliwice.pl\/wiadomosci\/#organization"},"image":{"@id":"https:\/\/www.24gliwice.pl\/wiadomosci\/nowa-hala-przy-konarskiego\/#primaryimage"},"thumbnailUrl":"https:\/\/www.24gliwice.pl\/wiadomosci\/wp-content\/uploads\/2018\/05\/widok-z-g\u00f3ry-zimnej-wody-liceum.jpg","keywords":["ARENA GLIWICE","hala","hala sportowa","POLITECHNIKA","PRZEBUDOWA"],"articleSection":["Gliwice","Najnowsze wiadomo\u015bci"],"inLanguage":"pl-PL","potentialAction":[{"@type":"CommentAction","name":"Comment","target":["https:\/\/www.24gliwice.pl\/wiadomosci\/nowa-hala-przy-konarskiego\/#respond"]}]},{"@type":"WebPage","@id":"https:\/\/www.24gliwice.pl\/wiadomosci\/nowa-hala-przy-konarskiego\/","url":"https:\/\/www.24gliwice.pl\/wiadomosci\/nowa-hala-przy-konarskiego\/","name":"W miejscu wyburzonego obiektu przy ul. Konarskiego powstanie hala sportowa i budynek dydaktyczny - 24GLIWICE - Portal Gliwice | codziennie nowe informacje","isPartOf":{"@id":"https:\/\/www.24gliwice.pl\/wiadomosci\/#website"},"primaryImageOfPage":{"@id":"https:\/\/www.24gliwice.pl\/wiadomosci\/nowa-hala-przy-konarskiego\/#primaryimage"},"image":{"@id":"https:\/\/www.24gliwice.pl\/wiadomosci\/nowa-hala-przy-konarskiego\/#primaryimage"},"thumbnailUrl":"https:\/\/www.24gliwice.pl\/wiadomosci\/wp-content\/uploads\/2018\/05\/widok-z-g\u00f3ry-zimnej-wody-liceum.jpg","datePublished":"2018-05-16T09:02:00+00:00","dateModified":"2018-05-16T09:03:02+00:00","breadcrumb":{"@id":"https:\/\/www.24gliwice.pl\/wiadomosci\/nowa-hala-przy-konarskiego\/#breadcrumb"},"inLanguage":"pl-PL","potentialAction":[{"@type":"ReadAction","target":["https:\/\/www.24gliwice.pl\/wiadomosci\/nowa-hala-przy-konarskiego\/"]}]},{"@type":"ImageObject","inLanguage":"pl-PL","@id":"https:\/\/www.24gliwice.pl\/wiadomosci\/nowa-hala-przy-konarskiego\/#primaryimage","url":"https:\/\/www.24gliwice.pl\/wiadomosci\/wp-content\/uploads\/2018\/05\/widok-z-g\u00f3ry-zimnej-wody-liceum.jpg","contentUrl":"https:\/\/www.24gliwice.pl\/wiadomosci\/wp-content\/uploads\/2018\/05\/widok-z-g\u00f3ry-zimnej-wody-liceum.jpg","width":879,"height":495,"caption":"fot. M. Baranowski\/UM"},{"@type":"BreadcrumbList","@id":"https:\/\/www.24gliwice.pl\/wiadomosci\/nowa-hala-przy-konarskiego\/#breadcrumb","itemListElement":[{"@type":"ListItem","position":1,"name":"Strona g\u0142\u00f3wna","item":"https:\/\/www.24gliwice.pl\/wiadomosci\/"},{"@type":"ListItem","position":2,"name":"W miejscu wyburzonego obiektu przy ul. Konarskiego powstanie hala sportowa i budynek dydaktyczny"}]},{"@type":"WebSite","@id":"https:\/\/www.24gliwice.pl\/wiadomosci\/#website","url":"https:\/\/www.24gliwice.pl\/wiadomosci\/","name":"24GLIWICE - Portal Gliwice | codziennie nowe wiadomo\u015bci","description":"Portal Miejski Gliwice","publisher":{"@id":"https:\/\/www.24gliwice.pl\/wiadomosci\/#organization"},"potentialAction":[{"@type":"SearchAction","target":{"@type":"EntryPoint","urlTemplate":"https:\/\/www.24gliwice.pl\/wiadomosci\/?s={search_term_string}"},"query-input":{"@type":"PropertyValueSpecification","valueRequired":true,"valueName":"search_term_string"}}],"inLanguage":"pl-PL"},{"@type":"Organization","@id":"https:\/\/www.24gliwice.pl\/wiadomosci\/#organization","name":"24gliwice","url":"https:\/\/www.24gliwice.pl\/wiadomosci\/","logo":{"@type":"ImageObject","inLanguage":"pl-PL","@id":"https:\/\/www.24gliwice.pl\/wiadomosci\/#\/schema\/logo\/image\/","url":"https:\/\/www.24gliwice.pl\/wiadomosci\/wp-content\/uploads\/2024\/10\/24gliwice-logo-696.jpg","contentUrl":"https:\/\/www.24gliwice.pl\/wiadomosci\/wp-content\/uploads\/2024\/10\/24gliwice-logo-696.jpg","width":696,"height":696,"caption":"24gliwice"},"image":{"@id":"https:\/\/www.24gliwice.pl\/wiadomosci\/#\/schema\/logo\/image\/"},"sameAs":["https:\/\/www.facebook.com\/24gliwice","https:\/\/x.com\/24gliwice","https:\/\/www.youtube.com\/@24gliwice"]},{"@type":"Person","@id":"https:\/\/www.24gliwice.pl\/wiadomosci\/#\/schema\/person\/e42c650edd7f2fa332be3811fb166b6e","name":"\u017baneta Mrozek-Siewierska","image":{"@type":"ImageObject","inLanguage":"pl-PL","@id":"https:\/\/secure.gravatar.com\/avatar\/1881429e9c64597c77ad7aef2d0a19be69a3253e57534d16aa15bf3a4d34a0a3?s=96&d=mm&r=g","url":"https:\/\/secure.gravatar.com\/avatar\/1881429e9c64597c77ad7aef2d0a19be69a3253e57534d16aa15bf3a4d34a0a3?s=96&d=mm&r=g","contentUrl":"https:\/\/secure.gravatar.com\/avatar\/1881429e9c64597c77ad7aef2d0a19be69a3253e57534d16aa15bf3a4d34a0a3?s=96&d=mm&r=g","caption":"\u017baneta Mrozek-Siewierska"},"url":"https:\/\/www.24gliwice.pl\/wiadomosci\/author\/zms\/"}]}},"_links":{"self":[{"href":"https:\/\/www.24gliwice.pl\/wiadomosci\/wp-json\/wp\/v2\/posts\/117225","targetHints":{"allow":["GET"]}}],"collection":[{"href":"https:\/\/www.24gliwice.pl\/wiadomosci\/wp-json\/wp\/v2\/posts"}],"about":[{"href":"https:\/\/www.24gliwice.pl\/wiadomosci\/wp-json\/wp\/v2\/types\/post"}],"author":[{"embeddable":true,"href":"https:\/\/www.24gliwice.pl\/wiadomosci\/wp-json\/wp\/v2\/users\/15"}],"replies":[{"embeddable":true,"href":"https:\/\/www.24gliwice.pl\/wiadomosci\/wp-json\/wp\/v2\/comments?post=117225"}],"version-history":[{"count":0,"href":"https:\/\/www.24gliwice.pl\/wiadomosci\/wp-json\/wp\/v2\/posts\/117225\/revisions"}],"wp:featuredmedia":[{"embeddable":true,"href":"https:\/\/www.24gliwice.pl\/wiadomosci\/wp-json\/wp\/v2\/media\/117240"}],"wp:attachment":[{"href":"https:\/\/www.24gliwice.pl\/wiadomosci\/wp-json\/wp\/v2\/media?parent=117225"}],"wp:term":[{"taxonomy":"category","embeddable":true,"href":"https:\/\/www.24gliwice.pl\/wiadomosci\/wp-json\/wp\/v2\/categories?post=117225"},{"taxonomy":"post_tag","embeddable":true,"href":"https:\/\/www.24gliwice.pl\/wiadomosci\/wp-json\/wp\/v2\/tags?post=117225"}],"curies":[{"name":"wp","href":"https:\/\/api.w.org\/{rel}","templated":true}]}}