{"id":117260,"date":"2018-05-16T14:41:22","date_gmt":"2018-05-16T12:41:22","guid":{"rendered":"https:\/\/www.24gliwice.pl\/wiadomosci\/?p=117260"},"modified":"2018-05-16T15:04:56","modified_gmt":"2018-05-16T13:04:56","slug":"plaza-na-starowce-w-gliwicach","status":"publish","type":"post","link":"https:\/\/www.24gliwice.pl\/wiadomosci\/plaza-na-starowce-w-gliwicach\/","title":{"rendered":"Nie taka pla\u017ca straszna. Plac na star\u00f3wce ju\u017c z wysypanym piachem, wkr\u00f3tce pojawi\u0105 si\u0119 food trucki"},"content":{"rendered":"<div class=\"gliwi-a6-nad-leadem-artykulow gliwi-entity-placement\" id=\"gliwi-954976848\"><div class=\"gliwi-adlabel\"><span style=\"font-size: 9px\">REKLAMA<\/span><\/div><div id=\"gliwi-1225265156\" style=\"margin-bottom: 30px;margin-left: auto;margin-right: auto;text-align: center;\"><a data-no-instant=\"1\" href=\"https:\/\/przedszkole.halogen.org.pl\/\" rel=\"noopener\" class=\"a2t-link\" target=\"_blank\" aria-label=\"20260402-ANIMATOR-przedszkole_grafika_750x200\"><img loading=\"lazy\" decoding=\"async\" src=\"https:\/\/www.24gliwice.pl\/wiadomosci\/wp-content\/uploads\/2026\/04\/20260402-ANIMATOR-przedszkole_grafika_750x200.webp\" alt=\"\"  srcset=\"https:\/\/www.24gliwice.pl\/wiadomosci\/wp-content\/uploads\/2026\/04\/20260402-ANIMATOR-przedszkole_grafika_750x200.webp 750w, https:\/\/www.24gliwice.pl\/wiadomosci\/wp-content\/uploads\/2026\/04\/20260402-ANIMATOR-przedszkole_grafika_750x200-410x109.webp 410w\" sizes=\"(max-width: 750px) 100vw, 750px\" class=\"no-lazyload\" width=\"750\" height=\"200\"  style=\"display: inline-block; max-width: 100%; height: auto;\" \/><\/a><\/div><\/div><h3>Kilka dni temu <a href=\"https:\/\/www.24gliwice.pl\/wiadomosci\/na-placu-przy-kosciele-powstanie-plaza-z-food-truckami\/\">pisali\u015bmy o planach uruchomienia sezonowej, miejskiej pla\u017cy z food truckami<\/a> na star\u00f3wce. Pomys\u0142 wywo\u0142a\u0142 sporo kontrowersji i mn\u00f3stwo, nie zawsze przychylnych komentarzy. Czy s\u0142usznie?<\/h3>\n<p>Przypomnijmy, na pustym placu mi\u0119dzy ul. Raciborsk\u0105 a Kaczyniec, stanie oko\u0142o siedmiu food truck\u00f3w oferuj\u0105cych r\u00f3\u017cnorodn\u0105 ofert\u0119 gastronomiczn\u0105. Dooko\u0142a pojawi\u0105 si\u0119 le\u017caki i co\u015b w rodzaju miejskiej, piaskowej pla\u017cy. Pomys\u0142odawc\u0105 przedsi\u0119wzi\u0119cia jest zesp\u00f3\u0142 Klastra Innowacji Spo\u0142ecznych \u2013 grupy przedsi\u0119biorstw organizuj\u0105cej projekty spo\u0142eczne. Klaster wynaj\u0105\u0142 teren od w\u0142a\u015bciciela nieruchomo\u015bci, gliwickiej firmy Elipsa, kt\u00f3ra od kilku miesi\u0119cy intensywnie przymierza si\u0119 do rozpocz\u0119cia w tym miejscu budowy obiektu mieszkalnego. Foodtruck\u2019owa pla\u017ca nie zmienia tych plan\u00f3w, ma bowiem charakter tymczasowy.<\/p>\n<p><img loading=\"lazy\" decoding=\"async\" src=\"https:\/\/www.24gliwice.pl\/wiadomosci\/wp-content\/uploads\/2018\/05\/1-starowka-piasek-food-trucki-plaza-3.jpg\" alt=\"\" width=\"810\" height=\"456\" class=\"aligncenter size-full wp-image-117290\" srcset=\"https:\/\/www.24gliwice.pl\/wiadomosci\/wp-content\/uploads\/2018\/05\/1-starowka-piasek-food-trucki-plaza-3.jpg 810w, https:\/\/www.24gliwice.pl\/wiadomosci\/wp-content\/uploads\/2018\/05\/1-starowka-piasek-food-trucki-plaza-3-410x232.jpg 410w, https:\/\/www.24gliwice.pl\/wiadomosci\/wp-content\/uploads\/2018\/05\/1-starowka-piasek-food-trucki-plaza-3-768x432.jpg 768w, https:\/\/www.24gliwice.pl\/wiadomosci\/wp-content\/uploads\/2018\/05\/1-starowka-piasek-food-trucki-plaza-3-808x455.jpg 808w\" sizes=\"auto, (max-width: 810px) 100vw, 810px\" \/><\/p>\n<p>Liczne obawy Czytelnik\u00f3w staraj\u0105 si\u0119 rozwia\u0107 pomys\u0142odawcy gastronomicznej pla\u017cy. Wg ich zapewnie\u0144, piasek b\u0119dzie zabezpieczony i nie powinien by\u0107 roznoszony poza obr\u0119b placu.<\/p><div class=\"gliwi-a3-w-tresci-artykulow gliwi-entity-placement\" id=\"gliwi-222238328\"><div class=\"gliwi-adlabel\"><span style=\"font-size: 9px\">REKLAMA<\/span><\/div><div id=\"gliwi-799567335\" style=\"margin-bottom: 30px;margin-left: auto;margin-right: auto;text-align: center;\"><a data-no-instant=\"1\" href=\"https:\/\/zlobek.halogen.org.pl\/\" rel=\"noopener\" class=\"a2t-link\" target=\"_blank\" aria-label=\"animator-zlobek_750x200\"><img loading=\"lazy\" decoding=\"async\" src=\"https:\/\/www.24gliwice.pl\/wiadomosci\/wp-content\/uploads\/2026\/02\/animator-zlobek_750x200.webp\" alt=\"\"  srcset=\"https:\/\/www.24gliwice.pl\/wiadomosci\/wp-content\/uploads\/2026\/02\/animator-zlobek_750x200.webp 750w, https:\/\/www.24gliwice.pl\/wiadomosci\/wp-content\/uploads\/2026\/02\/animator-zlobek_750x200-410x109.webp 410w\" sizes=\"(max-width: 750px) 100vw, 750px\" class=\"no-lazyload\" width=\"750\" height=\"200\"  style=\"display: inline-block; max-width: 100%; height: auto;\" \/><\/a><\/div><\/div>\n<blockquote><p>&#8211; Piasek nie b\u0119dzie niesiony z wiatrem, bo to bardzo gruby piasek, kt\u00f3ry dodatkowo b\u0119dzie zabezpieczony wysokimi deskami przy p\u0142otach. Przeanalizowali\u015bmy to szczeg\u00f3\u0142owo<\/p><\/blockquote>\n<p>&#8211; zapewnia Petros Tovmasyan z zespo\u0142u Klastra Innowacji Spo\u0142ecznych.<\/p>\n<p>W o\u015bwiadczeniu, w kt\u00f3rym odni\u00f3s\u0142 si\u0119 do s\u0142\u00f3w krytyki ze strony Czytelnik\u00f3w czytamy m.in.<\/p>\n<p style=\"padding-left: 30px;\"><em>&#8220;Piasek przed po\u0142o\u017ceniem b\u0119dzie zabezpieczony hydro-w\u0142\u00f3knin\u0105, dzi\u0119ki czemu woda deszczowa b\u0119dzie przez niego przechodzi\u0107. Jest to rozwi\u0105zanie cz\u0119sto stosowane w r\u00f3\u017cnych ogr\u00f3dkach, gdzie piasek si\u0119 k\u0142adzie na ziemi. Mamy zatrudnione s\u0142u\u017cby sprz\u0105taj\u0105ce, kt\u00f3re codziennie b\u0119d\u0105 na placu sprz\u0105ta\u0107, wynosi\u0107 \u015bmieci itd. w naszym interesie jest aby tam nie by\u0142o brudno i okropnie, po co by\u015bmy w takie co\u015b inwestowali. Opr\u00f3cz piasku b\u0119dzie tam te\u017c wykorzystany betonowy teren jak i nasadzona cz\u0119\u015b\u0107 zieleni, wsp\u00f3\u0142pracujemy z architektami, aby to miejsce by\u0142o przyjemne i \u201cmiejskie\u201d. Zreszt\u0105 sami mam nadziej\u0119 zobaczycie.&#8221;<\/em><\/p>\n<p><img loading=\"lazy\" decoding=\"async\" src=\"https:\/\/www.24gliwice.pl\/wiadomosci\/wp-content\/uploads\/2018\/05\/1-starowka-piasek-food-trucki-plaza-1.jpg\" alt=\"\" width=\"810\" height=\"456\" class=\"aligncenter size-full wp-image-117288\" srcset=\"https:\/\/www.24gliwice.pl\/wiadomosci\/wp-content\/uploads\/2018\/05\/1-starowka-piasek-food-trucki-plaza-1.jpg 810w, https:\/\/www.24gliwice.pl\/wiadomosci\/wp-content\/uploads\/2018\/05\/1-starowka-piasek-food-trucki-plaza-1-410x232.jpg 410w, https:\/\/www.24gliwice.pl\/wiadomosci\/wp-content\/uploads\/2018\/05\/1-starowka-piasek-food-trucki-plaza-1-768x432.jpg 768w, https:\/\/www.24gliwice.pl\/wiadomosci\/wp-content\/uploads\/2018\/05\/1-starowka-piasek-food-trucki-plaza-1-808x455.jpg 808w\" sizes=\"auto, (max-width: 810px) 100vw, 810px\" \/><\/p>\n<p>Wg zapewnie\u0144, Tovmasyana, nie ma r\u00f3wnie\u017c problemu z s\u0105siedztwem ko\u015bcio\u0142a, na kt\u00f3re r\u00f3wnie\u017c sposo os\u00f3b zwraca\u0142o uwag\u0119.<\/p>\n<p style=\"padding-left: 30px;\"><em>&#8220;Co do blisko\u015bci ko\u015bcio\u0142a, plac jest bardzo du\u017cy, w bezpo\u015brednim s\u0105siedztwie do ko\u015bcio\u0142a nie b\u0119dzie punkt\u00f3w gastronomicznych, a nazwa \u201cPla\u017ca\u201d nie oznacza, \u017ce pozwolimy si\u0119 tam komukolwiek rozbiera\u0107 :). (&#8230;) Nie chcemy tam robi\u0107 imprezowni, nie b\u0119dziemy pracowa\u0107 tam po nocach, chcemy aby odwiedzali na Gliwiczanie, rodziny z dzie\u0107mi, tak\u017ce wo wyj\u015bciu z mszy w niedziel\u0119. <strong>Takie place s\u0105 w bardzo wielu du\u017cych miastach, czy na Kazimierzu otoczone kamienicami jak tu, czy w Warszawie nad Wis\u0142\u0105 czy w Budapeszcie w \u015bcis\u0142ym centrum, Nie odkrywamy Ameryki, realizujemy dobre, sprawdzone rozwi\u0105zania, bo chcemy mie\u0107 takie w naszym ulubionym mie\u015bcie.<\/strong>&#8220;<\/em><\/p>\n<p>Tovmasyan prosi o wstrzymanie si\u0119 z ocenami, przynajmniej do realizacji projektu.<\/p>\n<p style=\"padding-left: 30px;\"><em>&#8220;Zalecam poczeka\u0107 chwil\u0119 na efekty naszej pracy, jak si\u0119 ludziom nie spodoba, to zamkniemy plac zwiniemy nasz piasek w w\u0142\u00f3knin\u0119, le\u017canki schowamy do magazynu i wszystko wr\u00f3ci do poprzedniego stanu, jak si\u0119 uda, to ca\u0142e miasto zyska. (&#8230;) Ten projekt nie jest tam na zawsze. (&#8230;) Wierzymy, \u017ce to mo\u017ce si\u0119 uda\u0107, robimy to za swoje, pr\u00f3bujemy, zamiast sta\u0107 i si\u0119 patrze\u0107, marudzi\u0107 inwestujemy w\u0142asne pieni\u0105dze by zrobi\u0107 co\u015b dobrego, co\u015b mi\u0142ego \u2013 tyle.&#8221;<\/em><\/p>\n<div class=\"gliwi-a5-na-koncu-artykulow gliwi-entity-placement\" id=\"gliwi-560929531\"><div class=\"gliwi-adlabel\"><span style=\"font-size: 9px\">REKLAMA<\/span><\/div><div id=\"gliwi-1255920108\" style=\"margin-left: auto;margin-right: auto;text-align: center;\"><a data-no-instant=\"1\" href=\"https:\/\/www.jasek.pl\/\" rel=\"noopener\" class=\"a2t-link\" target=\"_blank\" aria-label=\"20200401-jasek 600\"><img loading=\"lazy\" decoding=\"async\" src=\"https:\/\/www.24gliwice.pl\/wiadomosci\/wp-content\/uploads\/2020\/04\/20200401-jasek-600.jpg\" alt=\"\"  srcset=\"https:\/\/www.24gliwice.pl\/wiadomosci\/wp-content\/uploads\/2020\/04\/20200401-jasek-600.jpg 600w, https:\/\/www.24gliwice.pl\/wiadomosci\/wp-content\/uploads\/2020\/04\/20200401-jasek-600-410x109.jpg 410w\" sizes=\"(max-width: 600px) 100vw, 600px\" class=\"no-lazyload\" width=\"600\" height=\"160\"  style=\"display: inline-block; max-width: 100%; height: auto;\" \/><\/a><\/div><\/div>","protected":false},"excerpt":{"rendered":"<p>Kilka dni temu pisali\u015bmy o planach uruchomienia sezonowej, miejskiej pla\u017cy z food truckami na star\u00f3wce. Pomys\u0142 wywo\u0142a\u0142 sporo kontrowersji i mn\u00f3stwo, nie zawsze przychylnych komentarzy. Czy s\u0142usznie? Przypomnijmy, na pustym placu mi\u0119dzy ul. Raciborsk\u0105 a Kaczyniec, stanie oko\u0142o siedmiu food truck\u00f3w oferuj\u0105cych r\u00f3\u017cnorodn\u0105 ofert\u0119 gastronomiczn\u0105. Dooko\u0142a pojawi\u0105 si\u0119 le\u017caki i co\u015b w rodzaju miejskiej, piaskowej [&hellip;]<\/p>\n","protected":false},"author":4,"featured_media":117289,"comment_status":"open","ping_status":"closed","sticky":false,"template":"","format":"standard","meta":{"_monsterinsights_skip_tracking":false,"_monsterinsights_sitenote_active":false,"_monsterinsights_sitenote_note":"","_monsterinsights_sitenote_category":0,"footnotes":"","_links_to":"","_links_to_target":""},"categories":[3,1,9],"tags":[7377,2382,10224],"class_list":["post-117260","post","type-post","status-publish","format-standard","has-post-thumbnail","hentry","category-gliwice","category-wszystko","category-aktualnosci_lokalne","tag-food-trucki","tag-starowka","tag-tovmasyan"],"yoast_head":"<!-- This site is optimized with the Yoast SEO plugin v27.5 - https:\/\/yoast.com\/product\/yoast-seo-wordpress\/ -->\n<title>Nie taka pla\u017ca straszna. Plac na star\u00f3wce ju\u017c z wysypanym piachem, wkr\u00f3tce pojawi\u0105 si\u0119 food trucki - 24GLIWICE - Portal Gliwice | codziennie nowe informacje<\/title>\n<meta name=\"robots\" content=\"index, follow, max-snippet:-1, max-image-preview:large, max-video-preview:-1\" \/>\n<link rel=\"canonical\" href=\"https:\/\/www.24gliwice.pl\/wiadomosci\/plaza-na-starowce-w-gliwicach\/\" \/>\n<meta property=\"og:locale\" content=\"pl_PL\" \/>\n<meta property=\"og:type\" content=\"article\" \/>\n<meta property=\"og:title\" content=\"Nie taka pla\u017ca straszna. Plac na star\u00f3wce ju\u017c z wysypanym piachem, wkr\u00f3tce pojawi\u0105 si\u0119 food trucki - 24GLIWICE - Portal Gliwice | codziennie nowe informacje\" \/>\n<meta property=\"og:description\" content=\"Kilka dni temu pisali\u015bmy o planach uruchomienia sezonowej, miejskiej pla\u017cy z food truckami na star\u00f3wce. Pomys\u0142 wywo\u0142a\u0142 sporo kontrowersji i mn\u00f3stwo, nie zawsze przychylnych komentarzy. Czy s\u0142usznie? Przypomnijmy, na pustym placu mi\u0119dzy ul. Raciborsk\u0105 a Kaczyniec, stanie oko\u0142o siedmiu food truck\u00f3w oferuj\u0105cych r\u00f3\u017cnorodn\u0105 ofert\u0119 gastronomiczn\u0105. Dooko\u0142a pojawi\u0105 si\u0119 le\u017caki i co\u015b w rodzaju miejskiej, piaskowej [&hellip;]\" \/>\n<meta property=\"og:url\" content=\"https:\/\/www.24gliwice.pl\/wiadomosci\/plaza-na-starowce-w-gliwicach\/\" \/>\n<meta property=\"og:site_name\" content=\"24GLIWICE - Portal Gliwice | codziennie nowe informacje\" \/>\n<meta property=\"article:publisher\" content=\"https:\/\/www.facebook.com\/24gliwice\" \/>\n<meta property=\"article:author\" content=\"https:\/\/www.facebook.com\/marcin.fabrykowski\" \/>\n<meta property=\"article:published_time\" content=\"2018-05-16T12:41:22+00:00\" \/>\n<meta property=\"article:modified_time\" content=\"2018-05-16T13:04:56+00:00\" \/>\n<meta property=\"og:image\" content=\"https:\/\/www.24gliwice.pl\/wiadomosci\/wp-content\/uploads\/2018\/05\/1-starowka-piasek-food-trucki-plaza-2.jpg\" \/>\n\t<meta property=\"og:image:width\" content=\"810\" \/>\n\t<meta property=\"og:image:height\" content=\"456\" \/>\n\t<meta property=\"og:image:type\" content=\"image\/jpeg\" \/>\n<meta name=\"author\" content=\"Marcin Fabrykowski\" \/>\n<meta name=\"twitter:card\" content=\"summary_large_image\" \/>\n<meta name=\"twitter:creator\" content=\"@24gliwice\" \/>\n<meta name=\"twitter:site\" content=\"@24gliwice\" \/>\n<meta name=\"twitter:label1\" content=\"Napisane przez\" \/>\n\t<meta name=\"twitter:data1\" content=\"Marcin Fabrykowski\" \/>\n\t<meta name=\"twitter:label2\" content=\"Szacowany czas czytania\" \/>\n\t<meta name=\"twitter:data2\" content=\"3 minuty\" \/>\n<script type=\"application\/ld+json\" class=\"yoast-schema-graph\">{\"@context\":\"https:\\\/\\\/schema.org\",\"@graph\":[{\"@type\":\"Article\",\"@id\":\"https:\\\/\\\/www.24gliwice.pl\\\/wiadomosci\\\/plaza-na-starowce-w-gliwicach\\\/#article\",\"isPartOf\":{\"@id\":\"https:\\\/\\\/www.24gliwice.pl\\\/wiadomosci\\\/plaza-na-starowce-w-gliwicach\\\/\"},\"author\":{\"name\":\"Marcin Fabrykowski\",\"@id\":\"https:\\\/\\\/www.24gliwice.pl\\\/wiadomosci\\\/#\\\/schema\\\/person\\\/cb5857e4a4d048c15984c1edcc8ef0c0\"},\"headline\":\"Nie taka pla\u017ca straszna. Plac na star\u00f3wce ju\u017c z wysypanym piachem, wkr\u00f3tce pojawi\u0105 si\u0119 food trucki\",\"datePublished\":\"2018-05-16T12:41:22+00:00\",\"dateModified\":\"2018-05-16T13:04:56+00:00\",\"mainEntityOfPage\":{\"@id\":\"https:\\\/\\\/www.24gliwice.pl\\\/wiadomosci\\\/plaza-na-starowce-w-gliwicach\\\/\"},\"wordCount\":580,\"commentCount\":0,\"publisher\":{\"@id\":\"https:\\\/\\\/www.24gliwice.pl\\\/wiadomosci\\\/#organization\"},\"image\":{\"@id\":\"https:\\\/\\\/www.24gliwice.pl\\\/wiadomosci\\\/plaza-na-starowce-w-gliwicach\\\/#primaryimage\"},\"thumbnailUrl\":\"https:\\\/\\\/www.24gliwice.pl\\\/wiadomosci\\\/wp-content\\\/uploads\\\/2018\\\/05\\\/1-starowka-piasek-food-trucki-plaza-2.jpg\",\"keywords\":[\"food trucki\",\"STAR\u00d3WKA\",\"tovmasyan\"],\"articleSection\":[\"Gliwice\",\"Najnowsze wiadomo\u015bci\",\"Portal Gliwice - Wiadomo\u015bci lokalne\"],\"inLanguage\":\"pl-PL\",\"potentialAction\":[{\"@type\":\"CommentAction\",\"name\":\"Comment\",\"target\":[\"https:\\\/\\\/www.24gliwice.pl\\\/wiadomosci\\\/plaza-na-starowce-w-gliwicach\\\/#respond\"]}]},{\"@type\":\"WebPage\",\"@id\":\"https:\\\/\\\/www.24gliwice.pl\\\/wiadomosci\\\/plaza-na-starowce-w-gliwicach\\\/\",\"url\":\"https:\\\/\\\/www.24gliwice.pl\\\/wiadomosci\\\/plaza-na-starowce-w-gliwicach\\\/\",\"name\":\"Nie taka pla\u017ca straszna. Plac na star\u00f3wce ju\u017c z wysypanym piachem, wkr\u00f3tce pojawi\u0105 si\u0119 food trucki - 24GLIWICE - Portal Gliwice | codziennie nowe informacje\",\"isPartOf\":{\"@id\":\"https:\\\/\\\/www.24gliwice.pl\\\/wiadomosci\\\/#website\"},\"primaryImageOfPage\":{\"@id\":\"https:\\\/\\\/www.24gliwice.pl\\\/wiadomosci\\\/plaza-na-starowce-w-gliwicach\\\/#primaryimage\"},\"image\":{\"@id\":\"https:\\\/\\\/www.24gliwice.pl\\\/wiadomosci\\\/plaza-na-starowce-w-gliwicach\\\/#primaryimage\"},\"thumbnailUrl\":\"https:\\\/\\\/www.24gliwice.pl\\\/wiadomosci\\\/wp-content\\\/uploads\\\/2018\\\/05\\\/1-starowka-piasek-food-trucki-plaza-2.jpg\",\"datePublished\":\"2018-05-16T12:41:22+00:00\",\"dateModified\":\"2018-05-16T13:04:56+00:00\",\"breadcrumb\":{\"@id\":\"https:\\\/\\\/www.24gliwice.pl\\\/wiadomosci\\\/plaza-na-starowce-w-gliwicach\\\/#breadcrumb\"},\"inLanguage\":\"pl-PL\",\"potentialAction\":[{\"@type\":\"ReadAction\",\"target\":[\"https:\\\/\\\/www.24gliwice.pl\\\/wiadomosci\\\/plaza-na-starowce-w-gliwicach\\\/\"]}]},{\"@type\":\"ImageObject\",\"inLanguage\":\"pl-PL\",\"@id\":\"https:\\\/\\\/www.24gliwice.pl\\\/wiadomosci\\\/plaza-na-starowce-w-gliwicach\\\/#primaryimage\",\"url\":\"https:\\\/\\\/www.24gliwice.pl\\\/wiadomosci\\\/wp-content\\\/uploads\\\/2018\\\/05\\\/1-starowka-piasek-food-trucki-plaza-2.jpg\",\"contentUrl\":\"https:\\\/\\\/www.24gliwice.pl\\\/wiadomosci\\\/wp-content\\\/uploads\\\/2018\\\/05\\\/1-starowka-piasek-food-trucki-plaza-2.jpg\",\"width\":810,\"height\":456},{\"@type\":\"BreadcrumbList\",\"@id\":\"https:\\\/\\\/www.24gliwice.pl\\\/wiadomosci\\\/plaza-na-starowce-w-gliwicach\\\/#breadcrumb\",\"itemListElement\":[{\"@type\":\"ListItem\",\"position\":1,\"name\":\"Strona g\u0142\u00f3wna\",\"item\":\"https:\\\/\\\/www.24gliwice.pl\\\/wiadomosci\\\/\"},{\"@type\":\"ListItem\",\"position\":2,\"name\":\"Nie taka pla\u017ca straszna. Plac na star\u00f3wce ju\u017c z wysypanym piachem, wkr\u00f3tce pojawi\u0105 si\u0119 food trucki\"}]},{\"@type\":\"WebSite\",\"@id\":\"https:\\\/\\\/www.24gliwice.pl\\\/wiadomosci\\\/#website\",\"url\":\"https:\\\/\\\/www.24gliwice.pl\\\/wiadomosci\\\/\",\"name\":\"24GLIWICE - Portal Gliwice | codziennie nowe wiadomo\u015bci\",\"description\":\"Portal Miejski Gliwice\",\"publisher\":{\"@id\":\"https:\\\/\\\/www.24gliwice.pl\\\/wiadomosci\\\/#organization\"},\"potentialAction\":[{\"@type\":\"SearchAction\",\"target\":{\"@type\":\"EntryPoint\",\"urlTemplate\":\"https:\\\/\\\/www.24gliwice.pl\\\/wiadomosci\\\/?s={search_term_string}\"},\"query-input\":{\"@type\":\"PropertyValueSpecification\",\"valueRequired\":true,\"valueName\":\"search_term_string\"}}],\"inLanguage\":\"pl-PL\"},{\"@type\":\"Organization\",\"@id\":\"https:\\\/\\\/www.24gliwice.pl\\\/wiadomosci\\\/#organization\",\"name\":\"24gliwice\",\"url\":\"https:\\\/\\\/www.24gliwice.pl\\\/wiadomosci\\\/\",\"logo\":{\"@type\":\"ImageObject\",\"inLanguage\":\"pl-PL\",\"@id\":\"https:\\\/\\\/www.24gliwice.pl\\\/wiadomosci\\\/#\\\/schema\\\/logo\\\/image\\\/\",\"url\":\"https:\\\/\\\/www.24gliwice.pl\\\/wiadomosci\\\/wp-content\\\/uploads\\\/2024\\\/10\\\/24gliwice-logo-696.jpg\",\"contentUrl\":\"https:\\\/\\\/www.24gliwice.pl\\\/wiadomosci\\\/wp-content\\\/uploads\\\/2024\\\/10\\\/24gliwice-logo-696.jpg\",\"width\":696,\"height\":696,\"caption\":\"24gliwice\"},\"image\":{\"@id\":\"https:\\\/\\\/www.24gliwice.pl\\\/wiadomosci\\\/#\\\/schema\\\/logo\\\/image\\\/\"},\"sameAs\":[\"https:\\\/\\\/www.facebook.com\\\/24gliwice\",\"https:\\\/\\\/x.com\\\/24gliwice\",\"https:\\\/\\\/www.youtube.com\\\/@24gliwice\"]},{\"@type\":\"Person\",\"@id\":\"https:\\\/\\\/www.24gliwice.pl\\\/wiadomosci\\\/#\\\/schema\\\/person\\\/cb5857e4a4d048c15984c1edcc8ef0c0\",\"name\":\"Marcin Fabrykowski\",\"image\":{\"@type\":\"ImageObject\",\"inLanguage\":\"pl-PL\",\"@id\":\"https:\\\/\\\/www.24gliwice.pl\\\/wiadomosci\\\/wp-content\\\/uploads\\\/2025\\\/11\\\/zdjecie-moje-marcin-300-96x96.jpg\",\"url\":\"https:\\\/\\\/www.24gliwice.pl\\\/wiadomosci\\\/wp-content\\\/uploads\\\/2025\\\/11\\\/zdjecie-moje-marcin-300-96x96.jpg\",\"contentUrl\":\"https:\\\/\\\/www.24gliwice.pl\\\/wiadomosci\\\/wp-content\\\/uploads\\\/2025\\\/11\\\/zdjecie-moje-marcin-300-96x96.jpg\",\"caption\":\"Marcin Fabrykowski\"},\"sameAs\":[\"http:\\\/\\\/24gliwice.pl\",\"https:\\\/\\\/www.facebook.com\\\/marcin.fabrykowski\"],\"url\":\"https:\\\/\\\/www.24gliwice.pl\\\/wiadomosci\\\/author\\\/marcin-fabrykowski\\\/\"}]}<\/script>\n<!-- \/ Yoast SEO plugin. -->","yoast_head_json":{"title":"Nie taka pla\u017ca straszna. Plac na star\u00f3wce ju\u017c z wysypanym piachem, wkr\u00f3tce pojawi\u0105 si\u0119 food trucki - 24GLIWICE - Portal Gliwice | codziennie nowe informacje","robots":{"index":"index","follow":"follow","max-snippet":"max-snippet:-1","max-image-preview":"max-image-preview:large","max-video-preview":"max-video-preview:-1"},"canonical":"https:\/\/www.24gliwice.pl\/wiadomosci\/plaza-na-starowce-w-gliwicach\/","og_locale":"pl_PL","og_type":"article","og_title":"Nie taka pla\u017ca straszna. Plac na star\u00f3wce ju\u017c z wysypanym piachem, wkr\u00f3tce pojawi\u0105 si\u0119 food trucki - 24GLIWICE - Portal Gliwice | codziennie nowe informacje","og_description":"Kilka dni temu pisali\u015bmy o planach uruchomienia sezonowej, miejskiej pla\u017cy z food truckami na star\u00f3wce. Pomys\u0142 wywo\u0142a\u0142 sporo kontrowersji i mn\u00f3stwo, nie zawsze przychylnych komentarzy. Czy s\u0142usznie? Przypomnijmy, na pustym placu mi\u0119dzy ul. Raciborsk\u0105 a Kaczyniec, stanie oko\u0142o siedmiu food truck\u00f3w oferuj\u0105cych r\u00f3\u017cnorodn\u0105 ofert\u0119 gastronomiczn\u0105. Dooko\u0142a pojawi\u0105 si\u0119 le\u017caki i co\u015b w rodzaju miejskiej, piaskowej [&hellip;]","og_url":"https:\/\/www.24gliwice.pl\/wiadomosci\/plaza-na-starowce-w-gliwicach\/","og_site_name":"24GLIWICE - Portal Gliwice | codziennie nowe informacje","article_publisher":"https:\/\/www.facebook.com\/24gliwice","article_author":"https:\/\/www.facebook.com\/marcin.fabrykowski","article_published_time":"2018-05-16T12:41:22+00:00","article_modified_time":"2018-05-16T13:04:56+00:00","og_image":[{"width":810,"height":456,"url":"https:\/\/www.24gliwice.pl\/wiadomosci\/wp-content\/uploads\/2018\/05\/1-starowka-piasek-food-trucki-plaza-2.jpg","type":"image\/jpeg"}],"author":"Marcin Fabrykowski","twitter_card":"summary_large_image","twitter_creator":"@24gliwice","twitter_site":"@24gliwice","twitter_misc":{"Napisane przez":"Marcin Fabrykowski","Szacowany czas czytania":"3 minuty"},"schema":{"@context":"https:\/\/schema.org","@graph":[{"@type":"Article","@id":"https:\/\/www.24gliwice.pl\/wiadomosci\/plaza-na-starowce-w-gliwicach\/#article","isPartOf":{"@id":"https:\/\/www.24gliwice.pl\/wiadomosci\/plaza-na-starowce-w-gliwicach\/"},"author":{"name":"Marcin Fabrykowski","@id":"https:\/\/www.24gliwice.pl\/wiadomosci\/#\/schema\/person\/cb5857e4a4d048c15984c1edcc8ef0c0"},"headline":"Nie taka pla\u017ca straszna. Plac na star\u00f3wce ju\u017c z wysypanym piachem, wkr\u00f3tce pojawi\u0105 si\u0119 food trucki","datePublished":"2018-05-16T12:41:22+00:00","dateModified":"2018-05-16T13:04:56+00:00","mainEntityOfPage":{"@id":"https:\/\/www.24gliwice.pl\/wiadomosci\/plaza-na-starowce-w-gliwicach\/"},"wordCount":580,"commentCount":0,"publisher":{"@id":"https:\/\/www.24gliwice.pl\/wiadomosci\/#organization"},"image":{"@id":"https:\/\/www.24gliwice.pl\/wiadomosci\/plaza-na-starowce-w-gliwicach\/#primaryimage"},"thumbnailUrl":"https:\/\/www.24gliwice.pl\/wiadomosci\/wp-content\/uploads\/2018\/05\/1-starowka-piasek-food-trucki-plaza-2.jpg","keywords":["food trucki","STAR\u00d3WKA","tovmasyan"],"articleSection":["Gliwice","Najnowsze wiadomo\u015bci","Portal Gliwice - Wiadomo\u015bci lokalne"],"inLanguage":"pl-PL","potentialAction":[{"@type":"CommentAction","name":"Comment","target":["https:\/\/www.24gliwice.pl\/wiadomosci\/plaza-na-starowce-w-gliwicach\/#respond"]}]},{"@type":"WebPage","@id":"https:\/\/www.24gliwice.pl\/wiadomosci\/plaza-na-starowce-w-gliwicach\/","url":"https:\/\/www.24gliwice.pl\/wiadomosci\/plaza-na-starowce-w-gliwicach\/","name":"Nie taka pla\u017ca straszna. Plac na star\u00f3wce ju\u017c z wysypanym piachem, wkr\u00f3tce pojawi\u0105 si\u0119 food trucki - 24GLIWICE - Portal Gliwice | codziennie nowe informacje","isPartOf":{"@id":"https:\/\/www.24gliwice.pl\/wiadomosci\/#website"},"primaryImageOfPage":{"@id":"https:\/\/www.24gliwice.pl\/wiadomosci\/plaza-na-starowce-w-gliwicach\/#primaryimage"},"image":{"@id":"https:\/\/www.24gliwice.pl\/wiadomosci\/plaza-na-starowce-w-gliwicach\/#primaryimage"},"thumbnailUrl":"https:\/\/www.24gliwice.pl\/wiadomosci\/wp-content\/uploads\/2018\/05\/1-starowka-piasek-food-trucki-plaza-2.jpg","datePublished":"2018-05-16T12:41:22+00:00","dateModified":"2018-05-16T13:04:56+00:00","breadcrumb":{"@id":"https:\/\/www.24gliwice.pl\/wiadomosci\/plaza-na-starowce-w-gliwicach\/#breadcrumb"},"inLanguage":"pl-PL","potentialAction":[{"@type":"ReadAction","target":["https:\/\/www.24gliwice.pl\/wiadomosci\/plaza-na-starowce-w-gliwicach\/"]}]},{"@type":"ImageObject","inLanguage":"pl-PL","@id":"https:\/\/www.24gliwice.pl\/wiadomosci\/plaza-na-starowce-w-gliwicach\/#primaryimage","url":"https:\/\/www.24gliwice.pl\/wiadomosci\/wp-content\/uploads\/2018\/05\/1-starowka-piasek-food-trucki-plaza-2.jpg","contentUrl":"https:\/\/www.24gliwice.pl\/wiadomosci\/wp-content\/uploads\/2018\/05\/1-starowka-piasek-food-trucki-plaza-2.jpg","width":810,"height":456},{"@type":"BreadcrumbList","@id":"https:\/\/www.24gliwice.pl\/wiadomosci\/plaza-na-starowce-w-gliwicach\/#breadcrumb","itemListElement":[{"@type":"ListItem","position":1,"name":"Strona g\u0142\u00f3wna","item":"https:\/\/www.24gliwice.pl\/wiadomosci\/"},{"@type":"ListItem","position":2,"name":"Nie taka pla\u017ca straszna. Plac na star\u00f3wce ju\u017c z wysypanym piachem, wkr\u00f3tce pojawi\u0105 si\u0119 food trucki"}]},{"@type":"WebSite","@id":"https:\/\/www.24gliwice.pl\/wiadomosci\/#website","url":"https:\/\/www.24gliwice.pl\/wiadomosci\/","name":"24GLIWICE - Portal Gliwice | codziennie nowe wiadomo\u015bci","description":"Portal Miejski Gliwice","publisher":{"@id":"https:\/\/www.24gliwice.pl\/wiadomosci\/#organization"},"potentialAction":[{"@type":"SearchAction","target":{"@type":"EntryPoint","urlTemplate":"https:\/\/www.24gliwice.pl\/wiadomosci\/?s={search_term_string}"},"query-input":{"@type":"PropertyValueSpecification","valueRequired":true,"valueName":"search_term_string"}}],"inLanguage":"pl-PL"},{"@type":"Organization","@id":"https:\/\/www.24gliwice.pl\/wiadomosci\/#organization","name":"24gliwice","url":"https:\/\/www.24gliwice.pl\/wiadomosci\/","logo":{"@type":"ImageObject","inLanguage":"pl-PL","@id":"https:\/\/www.24gliwice.pl\/wiadomosci\/#\/schema\/logo\/image\/","url":"https:\/\/www.24gliwice.pl\/wiadomosci\/wp-content\/uploads\/2024\/10\/24gliwice-logo-696.jpg","contentUrl":"https:\/\/www.24gliwice.pl\/wiadomosci\/wp-content\/uploads\/2024\/10\/24gliwice-logo-696.jpg","width":696,"height":696,"caption":"24gliwice"},"image":{"@id":"https:\/\/www.24gliwice.pl\/wiadomosci\/#\/schema\/logo\/image\/"},"sameAs":["https:\/\/www.facebook.com\/24gliwice","https:\/\/x.com\/24gliwice","https:\/\/www.youtube.com\/@24gliwice"]},{"@type":"Person","@id":"https:\/\/www.24gliwice.pl\/wiadomosci\/#\/schema\/person\/cb5857e4a4d048c15984c1edcc8ef0c0","name":"Marcin Fabrykowski","image":{"@type":"ImageObject","inLanguage":"pl-PL","@id":"https:\/\/www.24gliwice.pl\/wiadomosci\/wp-content\/uploads\/2025\/11\/zdjecie-moje-marcin-300-96x96.jpg","url":"https:\/\/www.24gliwice.pl\/wiadomosci\/wp-content\/uploads\/2025\/11\/zdjecie-moje-marcin-300-96x96.jpg","contentUrl":"https:\/\/www.24gliwice.pl\/wiadomosci\/wp-content\/uploads\/2025\/11\/zdjecie-moje-marcin-300-96x96.jpg","caption":"Marcin Fabrykowski"},"sameAs":["http:\/\/24gliwice.pl","https:\/\/www.facebook.com\/marcin.fabrykowski"],"url":"https:\/\/www.24gliwice.pl\/wiadomosci\/author\/marcin-fabrykowski\/"}]}},"_links":{"self":[{"href":"https:\/\/www.24gliwice.pl\/wiadomosci\/wp-json\/wp\/v2\/posts\/117260","targetHints":{"allow":["GET"]}}],"collection":[{"href":"https:\/\/www.24gliwice.pl\/wiadomosci\/wp-json\/wp\/v2\/posts"}],"about":[{"href":"https:\/\/www.24gliwice.pl\/wiadomosci\/wp-json\/wp\/v2\/types\/post"}],"author":[{"embeddable":true,"href":"https:\/\/www.24gliwice.pl\/wiadomosci\/wp-json\/wp\/v2\/users\/4"}],"replies":[{"embeddable":true,"href":"https:\/\/www.24gliwice.pl\/wiadomosci\/wp-json\/wp\/v2\/comments?post=117260"}],"version-history":[{"count":0,"href":"https:\/\/www.24gliwice.pl\/wiadomosci\/wp-json\/wp\/v2\/posts\/117260\/revisions"}],"wp:featuredmedia":[{"embeddable":true,"href":"https:\/\/www.24gliwice.pl\/wiadomosci\/wp-json\/wp\/v2\/media\/117289"}],"wp:attachment":[{"href":"https:\/\/www.24gliwice.pl\/wiadomosci\/wp-json\/wp\/v2\/media?parent=117260"}],"wp:term":[{"taxonomy":"category","embeddable":true,"href":"https:\/\/www.24gliwice.pl\/wiadomosci\/wp-json\/wp\/v2\/categories?post=117260"},{"taxonomy":"post_tag","embeddable":true,"href":"https:\/\/www.24gliwice.pl\/wiadomosci\/wp-json\/wp\/v2\/tags?post=117260"}],"curies":[{"name":"wp","href":"https:\/\/api.w.org\/{rel}","templated":true}]}}