{"id":117302,"date":"2018-05-17T00:57:14","date_gmt":"2018-05-16T22:57:14","guid":{"rendered":"https:\/\/www.24gliwice.pl\/wiadomosci\/?p=117302"},"modified":"2024-08-20T02:00:06","modified_gmt":"2024-08-20T00:00:06","slug":"czy-piast-utrzyma-sie-w-ekstraklasie-mecz-z-termalica","status":"publish","type":"post","link":"https:\/\/www.24gliwice.pl\/wiadomosci\/czy-piast-utrzyma-sie-w-ekstraklasie-mecz-z-termalica\/","title":{"rendered":"Czy Piast Gliwice utrzyma si\u0119 w Ekstraklasie? W sobot\u0119 mecz o wszystko z Termalic\u0105"},"content":{"rendered":"<div class=\"gliwi-a6-nad-leadem-artykulow gliwi-entity-placement\" id=\"gliwi-100983607\"><div class=\"gliwi-adlabel\"><span style=\"font-size: 9px\">REKLAMA<\/span><\/div><div id=\"gliwi-4155844147\" style=\"margin-bottom: 25px;margin-left: auto;margin-right: auto;text-align: center;\"><a data-no-instant=\"1\" href=\"https:\/\/dom100.eu\/\" rel=\"noopener\" class=\"a2t-link\" target=\"_blank\" aria-label=\"20260415 DOM100 D\"><img loading=\"lazy\" decoding=\"async\" src=\"https:\/\/www.24gliwice.pl\/wiadomosci\/wp-content\/uploads\/2026\/04\/20260415-DOM100-D.jpg\" alt=\"\"  srcset=\"https:\/\/www.24gliwice.pl\/wiadomosci\/wp-content\/uploads\/2026\/04\/20260415-DOM100-D.jpg 750w, https:\/\/www.24gliwice.pl\/wiadomosci\/wp-content\/uploads\/2026\/04\/20260415-DOM100-D-410x109.jpg 410w\" sizes=\"(max-width: 750px) 100vw, 750px\" class=\"no-lazyload\" width=\"750\" height=\"200\"  style=\"display: inline-block; max-width: 100%; height: auto;\" \/><\/a><\/div><\/div><h3>To b\u0119dzie najwa\u017cniejszy mecz Piasta Gliwice w ostatnich latach. Stawk\u0105 jest utrzymanie w Ekstraklasie. Aby tego dokona\u0107 Piast musi wygra\u0107 z Termalic\u0105 Bruk-Bet Nieciecza.<\/h3>\n<p>Pojedynek rozpocznie si\u0119 w sobot\u0119 o godzinie 18:00.<\/p>\n<h4>WYRWA\u0106 SI\u0118 Z CZARNEGO SNU<\/h4>\n<p>Kiedy w 92 minucie kwietniowego spotkania z Ark\u0105 Gdynia, Michal Papadopulos piecz\u0119towa\u0142 pi\u0105t\u0105 bramk\u0105 okaza\u0142e zwyci\u0119stwo Piasta z Ark\u0105 (5:1), wydawa\u0142o si\u0119, \u017ce sprawa utrzymania w Ekstraklasie jest ju\u017c rozstrzygni\u0119ta. Przy sprzyjaj\u0105cych okoliczno\u015bciach, by uratowa\u0107 ligowy byt gliwiczanom potrzeba by\u0142o zaledwie trzech, czterech punkt\u00f3w, a na horyzoncie czeka\u0142y spotkania m.in. z najs\u0142absz\u0105 w rozgrywkach Sandecj\u0105 Nowy S\u0105cz (obecnie ju\u017c spadkowiczem) i pewnym utrzymania \u015al\u0105skiem Wroc\u0142aw. By\u0107 mo\u017ce to w\u0142a\u015bnie ta stosunkowo komfortowa sytuacja u\u015bpi\u0142a gliwickich pi\u0142karzy. W maju zapadli w czarny sen &#8211; w ci\u0105gu tygodnia przegrali trzy mecze.<\/p><div class=\"gliwi-a3-w-tresci-artykulow gliwi-entity-placement\" id=\"gliwi-2208974865\"><div class=\"gliwi-adlabel\"><span style=\"font-size: 9px\">REKLAMA<\/span><\/div><div id=\"gliwi-731625872\" style=\"margin-bottom: 30px;margin-left: auto;margin-right: auto;text-align: center;\"><a data-no-instant=\"1\" href=\"https:\/\/ogrodyandersa.pl\/\" rel=\"noopener\" class=\"a2t-link\" target=\"_blank\" aria-label=\"20260415 Ogrody Andersa KUP TERAZ D\"><img loading=\"lazy\" decoding=\"async\" src=\"https:\/\/www.24gliwice.pl\/wiadomosci\/wp-content\/uploads\/2026\/04\/20260415-Ogrody-Andersa-KUP-TERAZ-D.jpg\" alt=\"\"  srcset=\"https:\/\/www.24gliwice.pl\/wiadomosci\/wp-content\/uploads\/2026\/04\/20260415-Ogrody-Andersa-KUP-TERAZ-D.jpg 750w, https:\/\/www.24gliwice.pl\/wiadomosci\/wp-content\/uploads\/2026\/04\/20260415-Ogrody-Andersa-KUP-TERAZ-D-410x109.jpg 410w\" sizes=\"(max-width: 750px) 100vw, 750px\" class=\"no-lazyload\" width=\"750\" height=\"200\"  style=\"display: inline-block; max-width: 100%; height: auto;\" \/><\/a><\/div><\/div>\n<p>Na domiar z\u0142ego do walki o Ekstraklas\u0119 wr\u00f3ci\u0142a dotychczas pogr\u0105\u017caj\u0105ca si\u0119 w marazmie Termalica Bruk-Bet Nieciecza. W maju Termalica zdoby\u0142a siedem punkt\u00f3w i w najbli\u017csz\u0105 sobot\u0119 przy Okrzei do utrzymania wystarczy jej jeden punkt.<\/p>\n<h4>HISTORIA PO STRONIE PIASTA<\/h4>\n<p>To co mo\u017ce napawa\u0107 optymizmem przed sobotnim meczem to statystyki. [perfectpullquote align=&#8221;full&#8221; bordertop=&#8221;false&#8221; cite=&#8221;&#8221; link=&#8221;&#8221; color=&#8221;&#8221; class=&#8221;&#8221; size=&#8221;&#8221;]Na dziesi\u0119\u0107 rozegranych spotka\u0144 z Termalic\u0105, Piast wygra\u0142 pi\u0119\u0107, a dwa mecze zako\u0144czy\u0142y si\u0119 remisem. Przy Okrzei Nieciecza jeszcze nigdy nie wygra\u0142a. [\/perfectpullquote]\n<p>Ostatnia konfrontacja (7 kwietnia) to remis 1:1. Piast prowadzi\u0142 od 15 minuty po golu Czerwi\u0144skiego. Wyr\u00f3wnanie dla Niecieczy w ostatnich sekundach zapewni\u0142 Gutkovskis. Powt\u00f3rka tamtej konfrontacji teraz oznacza\u0142aby spadek w dramatycznych okoliczno\u015bciach. W ubieg\u0142ych latach Piast jednak radzi\u0142 sobie z przyjezdnymi z Ma\u0142opolski ca\u0142kiem dobrze. Na poziomie Ekstraklasy zwyci\u0119\u017ca\u0142 kolejno 2:1 i 1:0. Jeszcze w pierwszej lidze zremisowa\u0142 1:1 i wygra\u0142 3:1.<\/p>\n<p>S\u0119k w tym, \u017ce ostatnie zwyci\u0119stwo z Termalic\u0105 przy Okrzei (w pa\u017adzierniku 2016 roku) pami\u0119ta zaledwie kilku pi\u0142karzy z aktualnego sk\u0142adu (w\u00f3wczas od pierwszej minuty zagrali Jakub Szmatu\u0142a, Aleksandar Sedlar, Marcin Pietrowski, Sasa Zivec, a z \u0142awki wbiegli Gerard Badia i Martin Bukata). Pozosta\u0142ych pi\u0142karzy z tamtego sk\u0142adu w Gliwicach ju\u017c nie ma albo z r\u00f3\u017cnych przyczyn nie graj\u0105. To mo\u017ce budzi\u0107 pytania, czy w dzisiejszej dru\u017cynie &#8211; stosunkowo m\u0142odej sta\u017cem pracy w Gliwicach &#8211; jest wystarczaj\u0105co du\u017co energii, kt\u00f3ra ka\u017ce &#8220;umiera\u0107&#8221; w sobot\u0119 za Piasta na boisku.<\/p>\n<p>Na szcz\u0119\u015bcie i go\u015bcie mierz\u0105 si\u0119 z podobnym problemem. Termalica to produkt \u0142\u0105cz\u0105cy sport i cele biznesowe, kt\u00f3ry do Ekstraklasy wszed\u0142 dzi\u0119ki zaanga\u017cowaniu i pasji w\u0142a\u015bciciela, a pierwszy sk\u0142ad zespo\u0142u co sezon zmienia si\u0119 jak w kalejdoskopie. Co ciekawe, w sobot\u0119 Piasta zrzuci\u0107 z Ekstraklasy b\u0119d\u0105 pr\u00f3bowali niedawni ulubie\u0144cy trybun przy Okrzei. Mi\u0119dzy s\u0142upkami bramki Termalici stanie zapewne Dariusz Trela, a na prawej obronie zobaczymy Bartosza Szelig\u0119.<\/p>\n<h4>&#8220;PIASTOHOLICY&#8221; POKIBICUJ\u0104 PRZED STADIONEM<\/h4>\n<p>W cieniu rywalizacji sportowej toczy si\u0119 sp\u00f3r w\u0142adz klubu ze Stowarzyszeniem Kibic\u00f3w Piastoholicy, kt\u00f3re w du\u017cej mierze odpowiada\u0142o za doping przy Okrzei. Po skandalicznym zachowaniu chuligan\u00f3w podczas derb\u00f3w z G\u00f3rnikiem Zabrze i wydaniu zakaz\u00f3w stadionowych dla niekt\u00f3rych cz\u0142onk\u00f3w stowarzyszenia, jego w\u0142adze og\u0142osi\u0142y bojkot meczy przy Okrzei. W obliczu arcywa\u017cnego spotkania stowarzyszenie z\u0142agodzi\u0142o stanowisko.<\/p>\n<blockquote><p>&#8211; Zakazy nam dajecie. Ust nam nie zamkniecie! 19.05.2018 &#8211; 17:30. Zbi\u00f3rka pod starymi kasami. Prowadzimy doping pod stadionem<\/p><\/blockquote>\n<p>&#8211; czytamy w grafice opublikowanej na facebooku.<\/p>\n<p>W sobot\u0119 gor\u0105cy doping dla Piasta mo\u017ce by\u0107 na wag\u0119 z\u0142ota. [perfectpullquote align=&#8221;full&#8221; bordertop=&#8221;false&#8221; cite=&#8221;&#8221; link=&#8221;&#8221; color=&#8221;&#8221; class=&#8221;&#8221; size=&#8221;&#8221;]W ko\u0144cu gdyby nie zachowanie pseudokibic\u00f3w podczas meczu z G\u00f3rnikiem i p\u00f3\u017aniejszy walkower, sytuacja Piasta mog\u0142aby obecnie wygl\u0105da\u0107 zupe\u0142nie inaczej. [\/perfectpullquote]\n<p>W chwili przerwania meczu Piast prowadzi\u0142 i trzy punkty by\u0142y na wyci\u0105gni\u0119cie r\u0119ki. Je\u015bli misja utrzymania zespo\u0142u w Ekstraklasie si\u0119 nie powiedzie, odpowiedzialno\u015b\u0107 za spadek po pi\u0119ciu latach obecno\u015bci w najwy\u017cszej klasie rozgrywkowej b\u0119dzie ci\u0105\u017cy\u0107 po cz\u0119\u015bci na prowodyrach tamtych wydarze\u0144.<\/p>\n<p><strong>Micha\u0142 Szewczyk<\/strong><\/p>\n<p>fot. <a href=\"https:\/\/www.piast-gliwice.eu\/\" target=\"_blank\" rel=\"noopener\">piast-gliwice.eu<\/a><\/p>\n<div class=\"gliwi-a5-na-koncu-artykulow gliwi-entity-placement\" id=\"gliwi-3925941429\"><div class=\"gliwi-adlabel\"><span style=\"font-size: 9px\">REKLAMA<\/span><\/div><div id=\"gliwi-2208757729\" style=\"margin-left: auto;margin-right: auto;text-align: center;\"><a data-no-instant=\"1\" href=\"https:\/\/www.jasek.pl\/\" rel=\"noopener\" class=\"a2t-link\" target=\"_blank\" aria-label=\"20200401-jasek 600\"><img loading=\"lazy\" decoding=\"async\" src=\"https:\/\/www.24gliwice.pl\/wiadomosci\/wp-content\/uploads\/2020\/04\/20200401-jasek-600.jpg\" alt=\"\"  srcset=\"https:\/\/www.24gliwice.pl\/wiadomosci\/wp-content\/uploads\/2020\/04\/20200401-jasek-600.jpg 600w, https:\/\/www.24gliwice.pl\/wiadomosci\/wp-content\/uploads\/2020\/04\/20200401-jasek-600-410x109.jpg 410w\" sizes=\"(max-width: 600px) 100vw, 600px\" class=\"no-lazyload\" width=\"600\" height=\"160\"  style=\"display: inline-block; max-width: 100%; height: auto;\" \/><\/a><\/div><\/div>","protected":false},"excerpt":{"rendered":"<p>To b\u0119dzie najwa\u017cniejszy mecz Piasta Gliwice w ostatnich latach. Stawk\u0105 jest utrzymanie w Ekstraklasie. Aby tego dokona\u0107 Piast musi wygra\u0107 z Termalic\u0105 Bruk-Bet Nieciecza. Pojedynek rozpocznie si\u0119 w sobot\u0119 o godzinie 18:00. WYRWA\u0106 SI\u0118 Z CZARNEGO SNU Kiedy w 92 minucie kwietniowego spotkania z Ark\u0105 Gdynia, Michal Papadopulos piecz\u0119towa\u0142 pi\u0105t\u0105 bramk\u0105 okaza\u0142e zwyci\u0119stwo Piasta z [&hellip;]<\/p>\n","protected":false},"author":12,"featured_media":117365,"comment_status":"open","ping_status":"closed","sticky":false,"template":"","format":"standard","meta":{"_monsterinsights_skip_tracking":false,"_monsterinsights_sitenote_active":false,"_monsterinsights_sitenote_note":"","_monsterinsights_sitenote_category":0,"footnotes":"","_links_to":"","_links_to_target":""},"categories":[3,1,23842],"tags":[2786,8186,74],"class_list":["post-117302","post","type-post","status-publish","format-standard","has-post-thumbnail","hentry","category-gliwice","category-wszystko","category-sport_gliwice","tag-ekstraklasa","tag-mecz","tag-piast-gliwice"],"yoast_head":"<!-- This site is optimized with the Yoast SEO plugin v27.5 - https:\/\/yoast.com\/product\/yoast-seo-wordpress\/ -->\n<title>Czy Piast Gliwice utrzyma si\u0119 w Ekstraklasie? W sobot\u0119 mecz o wszystko z Termalic\u0105 - 24GLIWICE - Portal Gliwice | codziennie nowe informacje<\/title>\n<meta name=\"robots\" content=\"index, follow, max-snippet:-1, max-image-preview:large, max-video-preview:-1\" \/>\n<link rel=\"canonical\" href=\"https:\/\/www.24gliwice.pl\/wiadomosci\/czy-piast-utrzyma-sie-w-ekstraklasie-mecz-z-termalica\/\" \/>\n<meta property=\"og:locale\" content=\"pl_PL\" \/>\n<meta property=\"og:type\" content=\"article\" \/>\n<meta property=\"og:title\" content=\"Czy Piast Gliwice utrzyma si\u0119 w Ekstraklasie? W sobot\u0119 mecz o wszystko z Termalic\u0105 - 24GLIWICE - Portal Gliwice | codziennie nowe informacje\" \/>\n<meta property=\"og:description\" content=\"To b\u0119dzie najwa\u017cniejszy mecz Piasta Gliwice w ostatnich latach. Stawk\u0105 jest utrzymanie w Ekstraklasie. Aby tego dokona\u0107 Piast musi wygra\u0107 z Termalic\u0105 Bruk-Bet Nieciecza. Pojedynek rozpocznie si\u0119 w sobot\u0119 o godzinie 18:00. WYRWA\u0106 SI\u0118 Z CZARNEGO SNU Kiedy w 92 minucie kwietniowego spotkania z Ark\u0105 Gdynia, Michal Papadopulos piecz\u0119towa\u0142 pi\u0105t\u0105 bramk\u0105 okaza\u0142e zwyci\u0119stwo Piasta z [&hellip;]\" \/>\n<meta property=\"og:url\" content=\"https:\/\/www.24gliwice.pl\/wiadomosci\/czy-piast-utrzyma-sie-w-ekstraklasie-mecz-z-termalica\/\" \/>\n<meta property=\"og:site_name\" content=\"24GLIWICE - Portal Gliwice | codziennie nowe informacje\" \/>\n<meta property=\"article:publisher\" content=\"https:\/\/www.facebook.com\/24gliwice\" \/>\n<meta property=\"article:published_time\" content=\"2018-05-16T22:57:14+00:00\" \/>\n<meta property=\"article:modified_time\" content=\"2024-08-20T00:00:06+00:00\" \/>\n<meta property=\"og:image\" content=\"https:\/\/www.24gliwice.pl\/wiadomosci\/wp-content\/uploads\/2018\/05\/piast-gliwice.jpg\" \/>\n\t<meta property=\"og:image:width\" content=\"794\" \/>\n\t<meta property=\"og:image:height\" content=\"454\" \/>\n\t<meta property=\"og:image:type\" content=\"image\/jpeg\" \/>\n<meta name=\"author\" content=\"Micha\u0142 Szewczyk\" \/>\n<meta name=\"twitter:card\" content=\"summary_large_image\" \/>\n<meta name=\"twitter:creator\" content=\"@24gliwice\" \/>\n<meta name=\"twitter:site\" content=\"@24gliwice\" \/>\n<meta name=\"twitter:label1\" content=\"Napisane przez\" \/>\n\t<meta name=\"twitter:data1\" content=\"Micha\u0142 Szewczyk\" \/>\n\t<meta name=\"twitter:label2\" content=\"Szacowany czas czytania\" \/>\n\t<meta name=\"twitter:data2\" content=\"4 minuty\" \/>\n<script type=\"application\/ld+json\" class=\"yoast-schema-graph\">{\"@context\":\"https:\\\/\\\/schema.org\",\"@graph\":[{\"@type\":\"Article\",\"@id\":\"https:\\\/\\\/www.24gliwice.pl\\\/wiadomosci\\\/czy-piast-utrzyma-sie-w-ekstraklasie-mecz-z-termalica\\\/#article\",\"isPartOf\":{\"@id\":\"https:\\\/\\\/www.24gliwice.pl\\\/wiadomosci\\\/czy-piast-utrzyma-sie-w-ekstraklasie-mecz-z-termalica\\\/\"},\"author\":{\"name\":\"Micha\u0142 Szewczyk\",\"@id\":\"https:\\\/\\\/www.24gliwice.pl\\\/wiadomosci\\\/#\\\/schema\\\/person\\\/940e8f8a097e322de4f463f061ef8d45\"},\"headline\":\"Czy Piast Gliwice utrzyma si\u0119 w Ekstraklasie? W sobot\u0119 mecz o wszystko z Termalic\u0105\",\"datePublished\":\"2018-05-16T22:57:14+00:00\",\"dateModified\":\"2024-08-20T00:00:06+00:00\",\"mainEntityOfPage\":{\"@id\":\"https:\\\/\\\/www.24gliwice.pl\\\/wiadomosci\\\/czy-piast-utrzyma-sie-w-ekstraklasie-mecz-z-termalica\\\/\"},\"wordCount\":719,\"commentCount\":0,\"publisher\":{\"@id\":\"https:\\\/\\\/www.24gliwice.pl\\\/wiadomosci\\\/#organization\"},\"image\":{\"@id\":\"https:\\\/\\\/www.24gliwice.pl\\\/wiadomosci\\\/czy-piast-utrzyma-sie-w-ekstraklasie-mecz-z-termalica\\\/#primaryimage\"},\"thumbnailUrl\":\"https:\\\/\\\/www.24gliwice.pl\\\/wiadomosci\\\/wp-content\\\/uploads\\\/2018\\\/05\\\/piast-gliwice.jpg\",\"keywords\":[\"EKSTRAKLASA\",\"MECZ\",\"PIAST GLIWICE\"],\"articleSection\":[\"Gliwice\",\"Najnowsze wiadomo\u015bci\",\"Sport\"],\"inLanguage\":\"pl-PL\",\"potentialAction\":[{\"@type\":\"CommentAction\",\"name\":\"Comment\",\"target\":[\"https:\\\/\\\/www.24gliwice.pl\\\/wiadomosci\\\/czy-piast-utrzyma-sie-w-ekstraklasie-mecz-z-termalica\\\/#respond\"]}]},{\"@type\":\"WebPage\",\"@id\":\"https:\\\/\\\/www.24gliwice.pl\\\/wiadomosci\\\/czy-piast-utrzyma-sie-w-ekstraklasie-mecz-z-termalica\\\/\",\"url\":\"https:\\\/\\\/www.24gliwice.pl\\\/wiadomosci\\\/czy-piast-utrzyma-sie-w-ekstraklasie-mecz-z-termalica\\\/\",\"name\":\"Czy Piast Gliwice utrzyma si\u0119 w Ekstraklasie? W sobot\u0119 mecz o wszystko z Termalic\u0105 - 24GLIWICE - Portal Gliwice | codziennie nowe informacje\",\"isPartOf\":{\"@id\":\"https:\\\/\\\/www.24gliwice.pl\\\/wiadomosci\\\/#website\"},\"primaryImageOfPage\":{\"@id\":\"https:\\\/\\\/www.24gliwice.pl\\\/wiadomosci\\\/czy-piast-utrzyma-sie-w-ekstraklasie-mecz-z-termalica\\\/#primaryimage\"},\"image\":{\"@id\":\"https:\\\/\\\/www.24gliwice.pl\\\/wiadomosci\\\/czy-piast-utrzyma-sie-w-ekstraklasie-mecz-z-termalica\\\/#primaryimage\"},\"thumbnailUrl\":\"https:\\\/\\\/www.24gliwice.pl\\\/wiadomosci\\\/wp-content\\\/uploads\\\/2018\\\/05\\\/piast-gliwice.jpg\",\"datePublished\":\"2018-05-16T22:57:14+00:00\",\"dateModified\":\"2024-08-20T00:00:06+00:00\",\"breadcrumb\":{\"@id\":\"https:\\\/\\\/www.24gliwice.pl\\\/wiadomosci\\\/czy-piast-utrzyma-sie-w-ekstraklasie-mecz-z-termalica\\\/#breadcrumb\"},\"inLanguage\":\"pl-PL\",\"potentialAction\":[{\"@type\":\"ReadAction\",\"target\":[\"https:\\\/\\\/www.24gliwice.pl\\\/wiadomosci\\\/czy-piast-utrzyma-sie-w-ekstraklasie-mecz-z-termalica\\\/\"]}]},{\"@type\":\"ImageObject\",\"inLanguage\":\"pl-PL\",\"@id\":\"https:\\\/\\\/www.24gliwice.pl\\\/wiadomosci\\\/czy-piast-utrzyma-sie-w-ekstraklasie-mecz-z-termalica\\\/#primaryimage\",\"url\":\"https:\\\/\\\/www.24gliwice.pl\\\/wiadomosci\\\/wp-content\\\/uploads\\\/2018\\\/05\\\/piast-gliwice.jpg\",\"contentUrl\":\"https:\\\/\\\/www.24gliwice.pl\\\/wiadomosci\\\/wp-content\\\/uploads\\\/2018\\\/05\\\/piast-gliwice.jpg\",\"width\":794,\"height\":454,\"caption\":\"fot. arch. Piast Gliwice\"},{\"@type\":\"BreadcrumbList\",\"@id\":\"https:\\\/\\\/www.24gliwice.pl\\\/wiadomosci\\\/czy-piast-utrzyma-sie-w-ekstraklasie-mecz-z-termalica\\\/#breadcrumb\",\"itemListElement\":[{\"@type\":\"ListItem\",\"position\":1,\"name\":\"Strona g\u0142\u00f3wna\",\"item\":\"https:\\\/\\\/www.24gliwice.pl\\\/wiadomosci\\\/\"},{\"@type\":\"ListItem\",\"position\":2,\"name\":\"Czy Piast Gliwice utrzyma si\u0119 w Ekstraklasie? W sobot\u0119 mecz o wszystko z Termalic\u0105\"}]},{\"@type\":\"WebSite\",\"@id\":\"https:\\\/\\\/www.24gliwice.pl\\\/wiadomosci\\\/#website\",\"url\":\"https:\\\/\\\/www.24gliwice.pl\\\/wiadomosci\\\/\",\"name\":\"24GLIWICE - Portal Gliwice | codziennie nowe wiadomo\u015bci\",\"description\":\"Portal Miejski Gliwice\",\"publisher\":{\"@id\":\"https:\\\/\\\/www.24gliwice.pl\\\/wiadomosci\\\/#organization\"},\"potentialAction\":[{\"@type\":\"SearchAction\",\"target\":{\"@type\":\"EntryPoint\",\"urlTemplate\":\"https:\\\/\\\/www.24gliwice.pl\\\/wiadomosci\\\/?s={search_term_string}\"},\"query-input\":{\"@type\":\"PropertyValueSpecification\",\"valueRequired\":true,\"valueName\":\"search_term_string\"}}],\"inLanguage\":\"pl-PL\"},{\"@type\":\"Organization\",\"@id\":\"https:\\\/\\\/www.24gliwice.pl\\\/wiadomosci\\\/#organization\",\"name\":\"24gliwice\",\"url\":\"https:\\\/\\\/www.24gliwice.pl\\\/wiadomosci\\\/\",\"logo\":{\"@type\":\"ImageObject\",\"inLanguage\":\"pl-PL\",\"@id\":\"https:\\\/\\\/www.24gliwice.pl\\\/wiadomosci\\\/#\\\/schema\\\/logo\\\/image\\\/\",\"url\":\"https:\\\/\\\/www.24gliwice.pl\\\/wiadomosci\\\/wp-content\\\/uploads\\\/2024\\\/10\\\/24gliwice-logo-696.jpg\",\"contentUrl\":\"https:\\\/\\\/www.24gliwice.pl\\\/wiadomosci\\\/wp-content\\\/uploads\\\/2024\\\/10\\\/24gliwice-logo-696.jpg\",\"width\":696,\"height\":696,\"caption\":\"24gliwice\"},\"image\":{\"@id\":\"https:\\\/\\\/www.24gliwice.pl\\\/wiadomosci\\\/#\\\/schema\\\/logo\\\/image\\\/\"},\"sameAs\":[\"https:\\\/\\\/www.facebook.com\\\/24gliwice\",\"https:\\\/\\\/x.com\\\/24gliwice\",\"https:\\\/\\\/www.youtube.com\\\/@24gliwice\"]},{\"@type\":\"Person\",\"@id\":\"https:\\\/\\\/www.24gliwice.pl\\\/wiadomosci\\\/#\\\/schema\\\/person\\\/940e8f8a097e322de4f463f061ef8d45\",\"name\":\"Micha\u0142 Szewczyk\",\"image\":{\"@type\":\"ImageObject\",\"inLanguage\":\"pl-PL\",\"@id\":\"https:\\\/\\\/secure.gravatar.com\\\/avatar\\\/771b8b6c74cd8d255e46392d605e01a86133900ef09b6ef3c8d451c9d92288cf?s=96&d=mm&r=g\",\"url\":\"https:\\\/\\\/secure.gravatar.com\\\/avatar\\\/771b8b6c74cd8d255e46392d605e01a86133900ef09b6ef3c8d451c9d92288cf?s=96&d=mm&r=g\",\"contentUrl\":\"https:\\\/\\\/secure.gravatar.com\\\/avatar\\\/771b8b6c74cd8d255e46392d605e01a86133900ef09b6ef3c8d451c9d92288cf?s=96&d=mm&r=g\",\"caption\":\"Micha\u0142 Szewczyk\"},\"sameAs\":[\"http:\\\/\\\/www.gazeta-miejska.pl\"],\"url\":\"https:\\\/\\\/www.24gliwice.pl\\\/wiadomosci\\\/author\\\/michal-szewczyk\\\/\"}]}<\/script>\n<!-- \/ Yoast SEO plugin. -->","yoast_head_json":{"title":"Czy Piast Gliwice utrzyma si\u0119 w Ekstraklasie? W sobot\u0119 mecz o wszystko z Termalic\u0105 - 24GLIWICE - Portal Gliwice | codziennie nowe informacje","robots":{"index":"index","follow":"follow","max-snippet":"max-snippet:-1","max-image-preview":"max-image-preview:large","max-video-preview":"max-video-preview:-1"},"canonical":"https:\/\/www.24gliwice.pl\/wiadomosci\/czy-piast-utrzyma-sie-w-ekstraklasie-mecz-z-termalica\/","og_locale":"pl_PL","og_type":"article","og_title":"Czy Piast Gliwice utrzyma si\u0119 w Ekstraklasie? W sobot\u0119 mecz o wszystko z Termalic\u0105 - 24GLIWICE - Portal Gliwice | codziennie nowe informacje","og_description":"To b\u0119dzie najwa\u017cniejszy mecz Piasta Gliwice w ostatnich latach. Stawk\u0105 jest utrzymanie w Ekstraklasie. Aby tego dokona\u0107 Piast musi wygra\u0107 z Termalic\u0105 Bruk-Bet Nieciecza. Pojedynek rozpocznie si\u0119 w sobot\u0119 o godzinie 18:00. WYRWA\u0106 SI\u0118 Z CZARNEGO SNU Kiedy w 92 minucie kwietniowego spotkania z Ark\u0105 Gdynia, Michal Papadopulos piecz\u0119towa\u0142 pi\u0105t\u0105 bramk\u0105 okaza\u0142e zwyci\u0119stwo Piasta z [&hellip;]","og_url":"https:\/\/www.24gliwice.pl\/wiadomosci\/czy-piast-utrzyma-sie-w-ekstraklasie-mecz-z-termalica\/","og_site_name":"24GLIWICE - Portal Gliwice | codziennie nowe informacje","article_publisher":"https:\/\/www.facebook.com\/24gliwice","article_published_time":"2018-05-16T22:57:14+00:00","article_modified_time":"2024-08-20T00:00:06+00:00","og_image":[{"width":794,"height":454,"url":"https:\/\/www.24gliwice.pl\/wiadomosci\/wp-content\/uploads\/2018\/05\/piast-gliwice.jpg","type":"image\/jpeg"}],"author":"Micha\u0142 Szewczyk","twitter_card":"summary_large_image","twitter_creator":"@24gliwice","twitter_site":"@24gliwice","twitter_misc":{"Napisane przez":"Micha\u0142 Szewczyk","Szacowany czas czytania":"4 minuty"},"schema":{"@context":"https:\/\/schema.org","@graph":[{"@type":"Article","@id":"https:\/\/www.24gliwice.pl\/wiadomosci\/czy-piast-utrzyma-sie-w-ekstraklasie-mecz-z-termalica\/#article","isPartOf":{"@id":"https:\/\/www.24gliwice.pl\/wiadomosci\/czy-piast-utrzyma-sie-w-ekstraklasie-mecz-z-termalica\/"},"author":{"name":"Micha\u0142 Szewczyk","@id":"https:\/\/www.24gliwice.pl\/wiadomosci\/#\/schema\/person\/940e8f8a097e322de4f463f061ef8d45"},"headline":"Czy Piast Gliwice utrzyma si\u0119 w Ekstraklasie? W sobot\u0119 mecz o wszystko z Termalic\u0105","datePublished":"2018-05-16T22:57:14+00:00","dateModified":"2024-08-20T00:00:06+00:00","mainEntityOfPage":{"@id":"https:\/\/www.24gliwice.pl\/wiadomosci\/czy-piast-utrzyma-sie-w-ekstraklasie-mecz-z-termalica\/"},"wordCount":719,"commentCount":0,"publisher":{"@id":"https:\/\/www.24gliwice.pl\/wiadomosci\/#organization"},"image":{"@id":"https:\/\/www.24gliwice.pl\/wiadomosci\/czy-piast-utrzyma-sie-w-ekstraklasie-mecz-z-termalica\/#primaryimage"},"thumbnailUrl":"https:\/\/www.24gliwice.pl\/wiadomosci\/wp-content\/uploads\/2018\/05\/piast-gliwice.jpg","keywords":["EKSTRAKLASA","MECZ","PIAST GLIWICE"],"articleSection":["Gliwice","Najnowsze wiadomo\u015bci","Sport"],"inLanguage":"pl-PL","potentialAction":[{"@type":"CommentAction","name":"Comment","target":["https:\/\/www.24gliwice.pl\/wiadomosci\/czy-piast-utrzyma-sie-w-ekstraklasie-mecz-z-termalica\/#respond"]}]},{"@type":"WebPage","@id":"https:\/\/www.24gliwice.pl\/wiadomosci\/czy-piast-utrzyma-sie-w-ekstraklasie-mecz-z-termalica\/","url":"https:\/\/www.24gliwice.pl\/wiadomosci\/czy-piast-utrzyma-sie-w-ekstraklasie-mecz-z-termalica\/","name":"Czy Piast Gliwice utrzyma si\u0119 w Ekstraklasie? W sobot\u0119 mecz o wszystko z Termalic\u0105 - 24GLIWICE - Portal Gliwice | codziennie nowe informacje","isPartOf":{"@id":"https:\/\/www.24gliwice.pl\/wiadomosci\/#website"},"primaryImageOfPage":{"@id":"https:\/\/www.24gliwice.pl\/wiadomosci\/czy-piast-utrzyma-sie-w-ekstraklasie-mecz-z-termalica\/#primaryimage"},"image":{"@id":"https:\/\/www.24gliwice.pl\/wiadomosci\/czy-piast-utrzyma-sie-w-ekstraklasie-mecz-z-termalica\/#primaryimage"},"thumbnailUrl":"https:\/\/www.24gliwice.pl\/wiadomosci\/wp-content\/uploads\/2018\/05\/piast-gliwice.jpg","datePublished":"2018-05-16T22:57:14+00:00","dateModified":"2024-08-20T00:00:06+00:00","breadcrumb":{"@id":"https:\/\/www.24gliwice.pl\/wiadomosci\/czy-piast-utrzyma-sie-w-ekstraklasie-mecz-z-termalica\/#breadcrumb"},"inLanguage":"pl-PL","potentialAction":[{"@type":"ReadAction","target":["https:\/\/www.24gliwice.pl\/wiadomosci\/czy-piast-utrzyma-sie-w-ekstraklasie-mecz-z-termalica\/"]}]},{"@type":"ImageObject","inLanguage":"pl-PL","@id":"https:\/\/www.24gliwice.pl\/wiadomosci\/czy-piast-utrzyma-sie-w-ekstraklasie-mecz-z-termalica\/#primaryimage","url":"https:\/\/www.24gliwice.pl\/wiadomosci\/wp-content\/uploads\/2018\/05\/piast-gliwice.jpg","contentUrl":"https:\/\/www.24gliwice.pl\/wiadomosci\/wp-content\/uploads\/2018\/05\/piast-gliwice.jpg","width":794,"height":454,"caption":"fot. arch. Piast Gliwice"},{"@type":"BreadcrumbList","@id":"https:\/\/www.24gliwice.pl\/wiadomosci\/czy-piast-utrzyma-sie-w-ekstraklasie-mecz-z-termalica\/#breadcrumb","itemListElement":[{"@type":"ListItem","position":1,"name":"Strona g\u0142\u00f3wna","item":"https:\/\/www.24gliwice.pl\/wiadomosci\/"},{"@type":"ListItem","position":2,"name":"Czy Piast Gliwice utrzyma si\u0119 w Ekstraklasie? W sobot\u0119 mecz o wszystko z Termalic\u0105"}]},{"@type":"WebSite","@id":"https:\/\/www.24gliwice.pl\/wiadomosci\/#website","url":"https:\/\/www.24gliwice.pl\/wiadomosci\/","name":"24GLIWICE - Portal Gliwice | codziennie nowe wiadomo\u015bci","description":"Portal Miejski Gliwice","publisher":{"@id":"https:\/\/www.24gliwice.pl\/wiadomosci\/#organization"},"potentialAction":[{"@type":"SearchAction","target":{"@type":"EntryPoint","urlTemplate":"https:\/\/www.24gliwice.pl\/wiadomosci\/?s={search_term_string}"},"query-input":{"@type":"PropertyValueSpecification","valueRequired":true,"valueName":"search_term_string"}}],"inLanguage":"pl-PL"},{"@type":"Organization","@id":"https:\/\/www.24gliwice.pl\/wiadomosci\/#organization","name":"24gliwice","url":"https:\/\/www.24gliwice.pl\/wiadomosci\/","logo":{"@type":"ImageObject","inLanguage":"pl-PL","@id":"https:\/\/www.24gliwice.pl\/wiadomosci\/#\/schema\/logo\/image\/","url":"https:\/\/www.24gliwice.pl\/wiadomosci\/wp-content\/uploads\/2024\/10\/24gliwice-logo-696.jpg","contentUrl":"https:\/\/www.24gliwice.pl\/wiadomosci\/wp-content\/uploads\/2024\/10\/24gliwice-logo-696.jpg","width":696,"height":696,"caption":"24gliwice"},"image":{"@id":"https:\/\/www.24gliwice.pl\/wiadomosci\/#\/schema\/logo\/image\/"},"sameAs":["https:\/\/www.facebook.com\/24gliwice","https:\/\/x.com\/24gliwice","https:\/\/www.youtube.com\/@24gliwice"]},{"@type":"Person","@id":"https:\/\/www.24gliwice.pl\/wiadomosci\/#\/schema\/person\/940e8f8a097e322de4f463f061ef8d45","name":"Micha\u0142 Szewczyk","image":{"@type":"ImageObject","inLanguage":"pl-PL","@id":"https:\/\/secure.gravatar.com\/avatar\/771b8b6c74cd8d255e46392d605e01a86133900ef09b6ef3c8d451c9d92288cf?s=96&d=mm&r=g","url":"https:\/\/secure.gravatar.com\/avatar\/771b8b6c74cd8d255e46392d605e01a86133900ef09b6ef3c8d451c9d92288cf?s=96&d=mm&r=g","contentUrl":"https:\/\/secure.gravatar.com\/avatar\/771b8b6c74cd8d255e46392d605e01a86133900ef09b6ef3c8d451c9d92288cf?s=96&d=mm&r=g","caption":"Micha\u0142 Szewczyk"},"sameAs":["http:\/\/www.gazeta-miejska.pl"],"url":"https:\/\/www.24gliwice.pl\/wiadomosci\/author\/michal-szewczyk\/"}]}},"_links":{"self":[{"href":"https:\/\/www.24gliwice.pl\/wiadomosci\/wp-json\/wp\/v2\/posts\/117302","targetHints":{"allow":["GET"]}}],"collection":[{"href":"https:\/\/www.24gliwice.pl\/wiadomosci\/wp-json\/wp\/v2\/posts"}],"about":[{"href":"https:\/\/www.24gliwice.pl\/wiadomosci\/wp-json\/wp\/v2\/types\/post"}],"author":[{"embeddable":true,"href":"https:\/\/www.24gliwice.pl\/wiadomosci\/wp-json\/wp\/v2\/users\/12"}],"replies":[{"embeddable":true,"href":"https:\/\/www.24gliwice.pl\/wiadomosci\/wp-json\/wp\/v2\/comments?post=117302"}],"version-history":[{"count":0,"href":"https:\/\/www.24gliwice.pl\/wiadomosci\/wp-json\/wp\/v2\/posts\/117302\/revisions"}],"wp:featuredmedia":[{"embeddable":true,"href":"https:\/\/www.24gliwice.pl\/wiadomosci\/wp-json\/wp\/v2\/media\/117365"}],"wp:attachment":[{"href":"https:\/\/www.24gliwice.pl\/wiadomosci\/wp-json\/wp\/v2\/media?parent=117302"}],"wp:term":[{"taxonomy":"category","embeddable":true,"href":"https:\/\/www.24gliwice.pl\/wiadomosci\/wp-json\/wp\/v2\/categories?post=117302"},{"taxonomy":"post_tag","embeddable":true,"href":"https:\/\/www.24gliwice.pl\/wiadomosci\/wp-json\/wp\/v2\/tags?post=117302"}],"curies":[{"name":"wp","href":"https:\/\/api.w.org\/{rel}","templated":true}]}}