{"id":117381,"date":"2018-05-17T16:11:11","date_gmt":"2018-05-17T14:11:11","guid":{"rendered":"https:\/\/www.24gliwice.pl\/wiadomosci\/?p=117381"},"modified":"2018-05-17T16:12:22","modified_gmt":"2018-05-17T14:12:22","slug":"w-parku-szwajcaria-pojawila-sie-fontannaspacerowiczow","status":"publish","type":"post","link":"https:\/\/www.24gliwice.pl\/wiadomosci\/w-parku-szwajcaria-pojawila-sie-fontannaspacerowiczow\/","title":{"rendered":"W Parku Szwajcaria pojawi\u0142a si\u0119 fontanna. Jedno z ulubionych miejsc spacerowicz\u00f3w z now\u0105 atrakcj\u0105"},"content":{"rendered":"<div class=\"gliwi-a6-nad-leadem-artykulow gliwi-entity-placement\" id=\"gliwi-3675940600\"><div class=\"gliwi-adlabel\"><span style=\"font-size: 9px\">REKLAMA<\/span><\/div><div id=\"gliwi-3136520501\" style=\"margin-bottom: 25px;margin-left: auto;margin-right: auto;text-align: center;\"><a data-no-instant=\"1\" href=\"https:\/\/dom100.eu\/\" rel=\"noopener\" class=\"a2t-link\" target=\"_blank\" aria-label=\"20260415 DOM100 D\"><img loading=\"lazy\" decoding=\"async\" src=\"https:\/\/www.24gliwice.pl\/wiadomosci\/wp-content\/uploads\/2026\/04\/20260415-DOM100-D.jpg\" alt=\"\"  srcset=\"https:\/\/www.24gliwice.pl\/wiadomosci\/wp-content\/uploads\/2026\/04\/20260415-DOM100-D.jpg 750w, https:\/\/www.24gliwice.pl\/wiadomosci\/wp-content\/uploads\/2026\/04\/20260415-DOM100-D-410x109.jpg 410w\" sizes=\"(max-width: 750px) 100vw, 750px\" class=\"no-lazyload\" width=\"750\" height=\"200\"  style=\"display: inline-block; max-width: 100%; height: auto;\" \/><\/a><\/div><\/div><h3>Kto by\u0142 w Parku Szwajcaria, tego nie trzeba ju\u017c przekonywa\u0107, \u017ce to pi\u0119kne miejsce na spacery. Po gruntownej rewitalizacji zako\u0144czonej w 2013 roku, park przy ul. \u0141ab\u0119dzkiej w ka\u017cdy weekend przy dobrej pogodzie prze\u017cywa prawdziwe obl\u0119\u017cenie.<\/h3>\n<p>Tej wiosny, Park Szwajcaria zyska\u0142 dodatkow\u0105 atrakcj\u0119 w postaci fontanny. Pracownicy Miejskiego Zarz\u0105du Us\u0142ug Komunalnych, zamontowali w\u0142a\u015bnie urz\u0105dzenie, kt\u00f3re jest dekoracj\u0105 stawu. Wodny pokaz mo\u017cna obserwowa\u0107 codziennie od rana do p\u00f3\u017anych godzin wieczornych. Po zmierzchu widoczne b\u0119dzie r\u00f3wnie\u017c o\u015bwietlenie fontanny.<\/p>\n<p><img loading=\"lazy\" decoding=\"async\" src=\"https:\/\/www.24gliwice.pl\/wiadomosci\/wp-content\/uploads\/2018\/05\/1-park-szwajcaria-fontanna-3.jpg\" alt=\"\" width=\"1200\" height=\"675\" class=\"aligncenter size-full wp-image-117384\" srcset=\"https:\/\/www.24gliwice.pl\/wiadomosci\/wp-content\/uploads\/2018\/05\/1-park-szwajcaria-fontanna-3.jpg 1200w, https:\/\/www.24gliwice.pl\/wiadomosci\/wp-content\/uploads\/2018\/05\/1-park-szwajcaria-fontanna-3-410x232.jpg 410w, https:\/\/www.24gliwice.pl\/wiadomosci\/wp-content\/uploads\/2018\/05\/1-park-szwajcaria-fontanna-3-768x432.jpg 768w, https:\/\/www.24gliwice.pl\/wiadomosci\/wp-content\/uploads\/2018\/05\/1-park-szwajcaria-fontanna-3-810x456.jpg 810w, https:\/\/www.24gliwice.pl\/wiadomosci\/wp-content\/uploads\/2018\/05\/1-park-szwajcaria-fontanna-3-1140x641.jpg 1140w\" sizes=\"auto, (max-width: 1200px) 100vw, 1200px\" \/><\/p>\n<p>Zobaczcie te\u017c, jak wygl\u0105da\u0142 Park w 2013 roku, przed zako\u0144czeniem prac. <strong>Materia\u0142y archiwalne<\/strong><br \/>\n<iframe loading=\"lazy\" width=\"810\" height=\"465\" src=\"https:\/\/www.youtube.com\/embed\/yaBMYwHSC30\" frameborder=\"0\" allow=\"autoplay; encrypted-media\" allowfullscreen><\/iframe><br \/>\n<iframe loading=\"lazy\" width=\"810\" height=\"456\" src=\"https:\/\/www.youtube.com\/embed\/oT7Qjdp68Dg\" frameborder=\"0\" allow=\"autoplay; encrypted-media\" allowfullscreen><\/iframe><\/p><div class=\"gliwi-a3-w-tresci-artykulow gliwi-entity-placement\" id=\"gliwi-865089779\"><div class=\"gliwi-adlabel\"><span style=\"font-size: 9px\">REKLAMA<\/span><\/div><div id=\"gliwi-238598371\" style=\"margin-bottom: 30px;margin-left: auto;margin-right: auto;text-align: center;\"><a data-no-instant=\"1\" href=\"https:\/\/zlobek.halogen.org.pl\/\" rel=\"noopener\" class=\"a2t-link\" target=\"_blank\" aria-label=\"animator-zlobek_750x200\"><img loading=\"lazy\" decoding=\"async\" src=\"https:\/\/www.24gliwice.pl\/wiadomosci\/wp-content\/uploads\/2026\/02\/animator-zlobek_750x200.webp\" alt=\"\"  srcset=\"https:\/\/www.24gliwice.pl\/wiadomosci\/wp-content\/uploads\/2026\/02\/animator-zlobek_750x200.webp 750w, https:\/\/www.24gliwice.pl\/wiadomosci\/wp-content\/uploads\/2026\/02\/animator-zlobek_750x200-410x109.webp 410w\" sizes=\"(max-width: 750px) 100vw, 750px\" class=\"no-lazyload\" width=\"750\" height=\"200\"  style=\"display: inline-block; max-width: 100%; height: auto;\" \/><\/a><\/div><\/div>\n<div class=\"gliwi-a5-na-koncu-artykulow gliwi-entity-placement\" id=\"gliwi-1804621689\"><div class=\"gliwi-adlabel\"><span style=\"font-size: 9px\">REKLAMA<\/span><\/div><div id=\"gliwi-1513701793\" style=\"margin-left: auto;margin-right: auto;text-align: center;\"><a data-no-instant=\"1\" href=\"https:\/\/prezeroarenagliwice.pl\/\" rel=\"noopener\" class=\"a2t-link\" target=\"_blank\" aria-label=\"20260309-PREZERO-WIOSNA-D\"><img loading=\"lazy\" decoding=\"async\" src=\"https:\/\/www.24gliwice.pl\/wiadomosci\/wp-content\/uploads\/2026\/03\/20260309-PREZERO-WIOSNA-D.webp\" alt=\"\"  srcset=\"https:\/\/www.24gliwice.pl\/wiadomosci\/wp-content\/uploads\/2026\/03\/20260309-PREZERO-WIOSNA-D.webp 750w, https:\/\/www.24gliwice.pl\/wiadomosci\/wp-content\/uploads\/2026\/03\/20260309-PREZERO-WIOSNA-D-410x109.webp 410w\" sizes=\"(max-width: 750px) 100vw, 750px\" class=\"no-lazyload\" width=\"750\" height=\"200\"  style=\"display: inline-block; max-width: 100%; height: auto;\" \/><\/a><\/div><\/div>","protected":false},"excerpt":{"rendered":"<p>Kto by\u0142 w Parku Szwajcaria, tego nie trzeba ju\u017c przekonywa\u0107, \u017ce to pi\u0119kne miejsce na spacery. Po gruntownej rewitalizacji zako\u0144czonej w 2013 roku, park przy ul. \u0141ab\u0119dzkiej w ka\u017cdy weekend przy dobrej pogodzie prze\u017cywa prawdziwe obl\u0119\u017cenie. Tej wiosny, Park Szwajcaria zyska\u0142 dodatkow\u0105 atrakcj\u0119 w postaci fontanny. Pracownicy Miejskiego Zarz\u0105du Us\u0142ug Komunalnych, zamontowali w\u0142a\u015bnie urz\u0105dzenie, kt\u00f3re [&hellip;]<\/p>\n","protected":false},"author":4,"featured_media":117382,"comment_status":"open","ping_status":"closed","sticky":false,"template":"","format":"standard","meta":{"_monsterinsights_skip_tracking":false,"_monsterinsights_sitenote_active":false,"_monsterinsights_sitenote_note":"","_monsterinsights_sitenote_category":0,"footnotes":"","_links_to":"","_links_to_target":""},"categories":[3,1],"tags":[234,8073],"class_list":["post-117381","post","type-post","status-publish","format-standard","has-post-thumbnail","hentry","category-gliwice","category-wszystko","tag-fontanna","tag-park-szwajcaria"],"yoast_head":"<!-- This site is optimized with the Yoast SEO plugin v27.5 - https:\/\/yoast.com\/product\/yoast-seo-wordpress\/ -->\n<title>W Parku Szwajcaria pojawi\u0142a si\u0119 fontanna. Jedno z ulubionych miejsc spacerowicz\u00f3w z now\u0105 atrakcj\u0105 - 24GLIWICE - Portal Gliwice | codziennie nowe informacje<\/title>\n<meta name=\"robots\" content=\"index, follow, max-snippet:-1, max-image-preview:large, max-video-preview:-1\" \/>\n<link rel=\"canonical\" href=\"https:\/\/www.24gliwice.pl\/wiadomosci\/w-parku-szwajcaria-pojawila-sie-fontannaspacerowiczow\/\" \/>\n<meta property=\"og:locale\" content=\"pl_PL\" \/>\n<meta property=\"og:type\" content=\"article\" \/>\n<meta property=\"og:title\" content=\"W Parku Szwajcaria pojawi\u0142a si\u0119 fontanna. Jedno z ulubionych miejsc spacerowicz\u00f3w z now\u0105 atrakcj\u0105 - 24GLIWICE - Portal Gliwice | codziennie nowe informacje\" \/>\n<meta property=\"og:description\" content=\"Kto by\u0142 w Parku Szwajcaria, tego nie trzeba ju\u017c przekonywa\u0107, \u017ce to pi\u0119kne miejsce na spacery. Po gruntownej rewitalizacji zako\u0144czonej w 2013 roku, park przy ul. \u0141ab\u0119dzkiej w ka\u017cdy weekend przy dobrej pogodzie prze\u017cywa prawdziwe obl\u0119\u017cenie. Tej wiosny, Park Szwajcaria zyska\u0142 dodatkow\u0105 atrakcj\u0119 w postaci fontanny. Pracownicy Miejskiego Zarz\u0105du Us\u0142ug Komunalnych, zamontowali w\u0142a\u015bnie urz\u0105dzenie, kt\u00f3re [&hellip;]\" \/>\n<meta property=\"og:url\" content=\"https:\/\/www.24gliwice.pl\/wiadomosci\/w-parku-szwajcaria-pojawila-sie-fontannaspacerowiczow\/\" \/>\n<meta property=\"og:site_name\" content=\"24GLIWICE - Portal Gliwice | codziennie nowe informacje\" \/>\n<meta property=\"article:publisher\" content=\"https:\/\/www.facebook.com\/24gliwice\" \/>\n<meta property=\"article:author\" content=\"https:\/\/www.facebook.com\/marcin.fabrykowski\" \/>\n<meta property=\"article:published_time\" content=\"2018-05-17T14:11:11+00:00\" \/>\n<meta property=\"article:modified_time\" content=\"2018-05-17T14:12:22+00:00\" \/>\n<meta property=\"og:image\" content=\"https:\/\/www.24gliwice.pl\/wiadomosci\/wp-content\/uploads\/2018\/05\/1-park-szwajcaria-fontanna-1.jpg\" \/>\n\t<meta property=\"og:image:width\" content=\"1200\" \/>\n\t<meta property=\"og:image:height\" content=\"675\" \/>\n\t<meta property=\"og:image:type\" content=\"image\/jpeg\" \/>\n<meta name=\"author\" content=\"Marcin Fabrykowski\" \/>\n<meta name=\"twitter:card\" content=\"summary_large_image\" \/>\n<meta name=\"twitter:creator\" content=\"@24gliwice\" \/>\n<meta name=\"twitter:site\" content=\"@24gliwice\" \/>\n<meta name=\"twitter:label1\" content=\"Napisane przez\" \/>\n\t<meta name=\"twitter:data1\" content=\"Marcin Fabrykowski\" \/>\n\t<meta name=\"twitter:label2\" content=\"Szacowany czas czytania\" \/>\n\t<meta name=\"twitter:data2\" content=\"1 minuta\" \/>\n<script type=\"application\/ld+json\" class=\"yoast-schema-graph\">{\"@context\":\"https:\\\/\\\/schema.org\",\"@graph\":[{\"@type\":\"Article\",\"@id\":\"https:\\\/\\\/www.24gliwice.pl\\\/wiadomosci\\\/w-parku-szwajcaria-pojawila-sie-fontannaspacerowiczow\\\/#article\",\"isPartOf\":{\"@id\":\"https:\\\/\\\/www.24gliwice.pl\\\/wiadomosci\\\/w-parku-szwajcaria-pojawila-sie-fontannaspacerowiczow\\\/\"},\"author\":{\"name\":\"Marcin Fabrykowski\",\"@id\":\"https:\\\/\\\/www.24gliwice.pl\\\/wiadomosci\\\/#\\\/schema\\\/person\\\/cb5857e4a4d048c15984c1edcc8ef0c0\"},\"headline\":\"W Parku Szwajcaria pojawi\u0142a si\u0119 fontanna. Jedno z ulubionych miejsc spacerowicz\u00f3w z now\u0105 atrakcj\u0105\",\"datePublished\":\"2018-05-17T14:11:11+00:00\",\"dateModified\":\"2018-05-17T14:12:22+00:00\",\"mainEntityOfPage\":{\"@id\":\"https:\\\/\\\/www.24gliwice.pl\\\/wiadomosci\\\/w-parku-szwajcaria-pojawila-sie-fontannaspacerowiczow\\\/\"},\"wordCount\":123,\"commentCount\":0,\"publisher\":{\"@id\":\"https:\\\/\\\/www.24gliwice.pl\\\/wiadomosci\\\/#organization\"},\"image\":{\"@id\":\"https:\\\/\\\/www.24gliwice.pl\\\/wiadomosci\\\/w-parku-szwajcaria-pojawila-sie-fontannaspacerowiczow\\\/#primaryimage\"},\"thumbnailUrl\":\"https:\\\/\\\/www.24gliwice.pl\\\/wiadomosci\\\/wp-content\\\/uploads\\\/2018\\\/05\\\/1-park-szwajcaria-fontanna-1.jpg\",\"keywords\":[\"FONTANNA\",\"park szwajcaria\"],\"articleSection\":[\"Gliwice\",\"Najnowsze wiadomo\u015bci\"],\"inLanguage\":\"pl-PL\",\"potentialAction\":[{\"@type\":\"CommentAction\",\"name\":\"Comment\",\"target\":[\"https:\\\/\\\/www.24gliwice.pl\\\/wiadomosci\\\/w-parku-szwajcaria-pojawila-sie-fontannaspacerowiczow\\\/#respond\"]}]},{\"@type\":\"WebPage\",\"@id\":\"https:\\\/\\\/www.24gliwice.pl\\\/wiadomosci\\\/w-parku-szwajcaria-pojawila-sie-fontannaspacerowiczow\\\/\",\"url\":\"https:\\\/\\\/www.24gliwice.pl\\\/wiadomosci\\\/w-parku-szwajcaria-pojawila-sie-fontannaspacerowiczow\\\/\",\"name\":\"W Parku Szwajcaria pojawi\u0142a si\u0119 fontanna. Jedno z ulubionych miejsc spacerowicz\u00f3w z now\u0105 atrakcj\u0105 - 24GLIWICE - Portal Gliwice | codziennie nowe informacje\",\"isPartOf\":{\"@id\":\"https:\\\/\\\/www.24gliwice.pl\\\/wiadomosci\\\/#website\"},\"primaryImageOfPage\":{\"@id\":\"https:\\\/\\\/www.24gliwice.pl\\\/wiadomosci\\\/w-parku-szwajcaria-pojawila-sie-fontannaspacerowiczow\\\/#primaryimage\"},\"image\":{\"@id\":\"https:\\\/\\\/www.24gliwice.pl\\\/wiadomosci\\\/w-parku-szwajcaria-pojawila-sie-fontannaspacerowiczow\\\/#primaryimage\"},\"thumbnailUrl\":\"https:\\\/\\\/www.24gliwice.pl\\\/wiadomosci\\\/wp-content\\\/uploads\\\/2018\\\/05\\\/1-park-szwajcaria-fontanna-1.jpg\",\"datePublished\":\"2018-05-17T14:11:11+00:00\",\"dateModified\":\"2018-05-17T14:12:22+00:00\",\"breadcrumb\":{\"@id\":\"https:\\\/\\\/www.24gliwice.pl\\\/wiadomosci\\\/w-parku-szwajcaria-pojawila-sie-fontannaspacerowiczow\\\/#breadcrumb\"},\"inLanguage\":\"pl-PL\",\"potentialAction\":[{\"@type\":\"ReadAction\",\"target\":[\"https:\\\/\\\/www.24gliwice.pl\\\/wiadomosci\\\/w-parku-szwajcaria-pojawila-sie-fontannaspacerowiczow\\\/\"]}]},{\"@type\":\"ImageObject\",\"inLanguage\":\"pl-PL\",\"@id\":\"https:\\\/\\\/www.24gliwice.pl\\\/wiadomosci\\\/w-parku-szwajcaria-pojawila-sie-fontannaspacerowiczow\\\/#primaryimage\",\"url\":\"https:\\\/\\\/www.24gliwice.pl\\\/wiadomosci\\\/wp-content\\\/uploads\\\/2018\\\/05\\\/1-park-szwajcaria-fontanna-1.jpg\",\"contentUrl\":\"https:\\\/\\\/www.24gliwice.pl\\\/wiadomosci\\\/wp-content\\\/uploads\\\/2018\\\/05\\\/1-park-szwajcaria-fontanna-1.jpg\",\"width\":1200,\"height\":675},{\"@type\":\"BreadcrumbList\",\"@id\":\"https:\\\/\\\/www.24gliwice.pl\\\/wiadomosci\\\/w-parku-szwajcaria-pojawila-sie-fontannaspacerowiczow\\\/#breadcrumb\",\"itemListElement\":[{\"@type\":\"ListItem\",\"position\":1,\"name\":\"Strona g\u0142\u00f3wna\",\"item\":\"https:\\\/\\\/www.24gliwice.pl\\\/wiadomosci\\\/\"},{\"@type\":\"ListItem\",\"position\":2,\"name\":\"W Parku Szwajcaria pojawi\u0142a si\u0119 fontanna. Jedno z ulubionych miejsc spacerowicz\u00f3w z now\u0105 atrakcj\u0105\"}]},{\"@type\":\"WebSite\",\"@id\":\"https:\\\/\\\/www.24gliwice.pl\\\/wiadomosci\\\/#website\",\"url\":\"https:\\\/\\\/www.24gliwice.pl\\\/wiadomosci\\\/\",\"name\":\"24GLIWICE - Portal Gliwice | codziennie nowe wiadomo\u015bci\",\"description\":\"Portal Miejski Gliwice\",\"publisher\":{\"@id\":\"https:\\\/\\\/www.24gliwice.pl\\\/wiadomosci\\\/#organization\"},\"potentialAction\":[{\"@type\":\"SearchAction\",\"target\":{\"@type\":\"EntryPoint\",\"urlTemplate\":\"https:\\\/\\\/www.24gliwice.pl\\\/wiadomosci\\\/?s={search_term_string}\"},\"query-input\":{\"@type\":\"PropertyValueSpecification\",\"valueRequired\":true,\"valueName\":\"search_term_string\"}}],\"inLanguage\":\"pl-PL\"},{\"@type\":\"Organization\",\"@id\":\"https:\\\/\\\/www.24gliwice.pl\\\/wiadomosci\\\/#organization\",\"name\":\"24gliwice\",\"url\":\"https:\\\/\\\/www.24gliwice.pl\\\/wiadomosci\\\/\",\"logo\":{\"@type\":\"ImageObject\",\"inLanguage\":\"pl-PL\",\"@id\":\"https:\\\/\\\/www.24gliwice.pl\\\/wiadomosci\\\/#\\\/schema\\\/logo\\\/image\\\/\",\"url\":\"https:\\\/\\\/www.24gliwice.pl\\\/wiadomosci\\\/wp-content\\\/uploads\\\/2024\\\/10\\\/24gliwice-logo-696.jpg\",\"contentUrl\":\"https:\\\/\\\/www.24gliwice.pl\\\/wiadomosci\\\/wp-content\\\/uploads\\\/2024\\\/10\\\/24gliwice-logo-696.jpg\",\"width\":696,\"height\":696,\"caption\":\"24gliwice\"},\"image\":{\"@id\":\"https:\\\/\\\/www.24gliwice.pl\\\/wiadomosci\\\/#\\\/schema\\\/logo\\\/image\\\/\"},\"sameAs\":[\"https:\\\/\\\/www.facebook.com\\\/24gliwice\",\"https:\\\/\\\/x.com\\\/24gliwice\",\"https:\\\/\\\/www.youtube.com\\\/@24gliwice\"]},{\"@type\":\"Person\",\"@id\":\"https:\\\/\\\/www.24gliwice.pl\\\/wiadomosci\\\/#\\\/schema\\\/person\\\/cb5857e4a4d048c15984c1edcc8ef0c0\",\"name\":\"Marcin Fabrykowski\",\"image\":{\"@type\":\"ImageObject\",\"inLanguage\":\"pl-PL\",\"@id\":\"https:\\\/\\\/www.24gliwice.pl\\\/wiadomosci\\\/wp-content\\\/uploads\\\/2025\\\/11\\\/zdjecie-moje-marcin-300-96x96.jpg\",\"url\":\"https:\\\/\\\/www.24gliwice.pl\\\/wiadomosci\\\/wp-content\\\/uploads\\\/2025\\\/11\\\/zdjecie-moje-marcin-300-96x96.jpg\",\"contentUrl\":\"https:\\\/\\\/www.24gliwice.pl\\\/wiadomosci\\\/wp-content\\\/uploads\\\/2025\\\/11\\\/zdjecie-moje-marcin-300-96x96.jpg\",\"caption\":\"Marcin Fabrykowski\"},\"sameAs\":[\"http:\\\/\\\/24gliwice.pl\",\"https:\\\/\\\/www.facebook.com\\\/marcin.fabrykowski\"],\"url\":\"https:\\\/\\\/www.24gliwice.pl\\\/wiadomosci\\\/author\\\/marcin-fabrykowski\\\/\"}]}<\/script>\n<!-- \/ Yoast SEO plugin. -->","yoast_head_json":{"title":"W Parku Szwajcaria pojawi\u0142a si\u0119 fontanna. Jedno z ulubionych miejsc spacerowicz\u00f3w z now\u0105 atrakcj\u0105 - 24GLIWICE - Portal Gliwice | codziennie nowe informacje","robots":{"index":"index","follow":"follow","max-snippet":"max-snippet:-1","max-image-preview":"max-image-preview:large","max-video-preview":"max-video-preview:-1"},"canonical":"https:\/\/www.24gliwice.pl\/wiadomosci\/w-parku-szwajcaria-pojawila-sie-fontannaspacerowiczow\/","og_locale":"pl_PL","og_type":"article","og_title":"W Parku Szwajcaria pojawi\u0142a si\u0119 fontanna. Jedno z ulubionych miejsc spacerowicz\u00f3w z now\u0105 atrakcj\u0105 - 24GLIWICE - Portal Gliwice | codziennie nowe informacje","og_description":"Kto by\u0142 w Parku Szwajcaria, tego nie trzeba ju\u017c przekonywa\u0107, \u017ce to pi\u0119kne miejsce na spacery. Po gruntownej rewitalizacji zako\u0144czonej w 2013 roku, park przy ul. \u0141ab\u0119dzkiej w ka\u017cdy weekend przy dobrej pogodzie prze\u017cywa prawdziwe obl\u0119\u017cenie. Tej wiosny, Park Szwajcaria zyska\u0142 dodatkow\u0105 atrakcj\u0119 w postaci fontanny. Pracownicy Miejskiego Zarz\u0105du Us\u0142ug Komunalnych, zamontowali w\u0142a\u015bnie urz\u0105dzenie, kt\u00f3re [&hellip;]","og_url":"https:\/\/www.24gliwice.pl\/wiadomosci\/w-parku-szwajcaria-pojawila-sie-fontannaspacerowiczow\/","og_site_name":"24GLIWICE - Portal Gliwice | codziennie nowe informacje","article_publisher":"https:\/\/www.facebook.com\/24gliwice","article_author":"https:\/\/www.facebook.com\/marcin.fabrykowski","article_published_time":"2018-05-17T14:11:11+00:00","article_modified_time":"2018-05-17T14:12:22+00:00","og_image":[{"width":1200,"height":675,"url":"https:\/\/www.24gliwice.pl\/wiadomosci\/wp-content\/uploads\/2018\/05\/1-park-szwajcaria-fontanna-1.jpg","type":"image\/jpeg"}],"author":"Marcin Fabrykowski","twitter_card":"summary_large_image","twitter_creator":"@24gliwice","twitter_site":"@24gliwice","twitter_misc":{"Napisane przez":"Marcin Fabrykowski","Szacowany czas czytania":"1 minuta"},"schema":{"@context":"https:\/\/schema.org","@graph":[{"@type":"Article","@id":"https:\/\/www.24gliwice.pl\/wiadomosci\/w-parku-szwajcaria-pojawila-sie-fontannaspacerowiczow\/#article","isPartOf":{"@id":"https:\/\/www.24gliwice.pl\/wiadomosci\/w-parku-szwajcaria-pojawila-sie-fontannaspacerowiczow\/"},"author":{"name":"Marcin Fabrykowski","@id":"https:\/\/www.24gliwice.pl\/wiadomosci\/#\/schema\/person\/cb5857e4a4d048c15984c1edcc8ef0c0"},"headline":"W Parku Szwajcaria pojawi\u0142a si\u0119 fontanna. Jedno z ulubionych miejsc spacerowicz\u00f3w z now\u0105 atrakcj\u0105","datePublished":"2018-05-17T14:11:11+00:00","dateModified":"2018-05-17T14:12:22+00:00","mainEntityOfPage":{"@id":"https:\/\/www.24gliwice.pl\/wiadomosci\/w-parku-szwajcaria-pojawila-sie-fontannaspacerowiczow\/"},"wordCount":123,"commentCount":0,"publisher":{"@id":"https:\/\/www.24gliwice.pl\/wiadomosci\/#organization"},"image":{"@id":"https:\/\/www.24gliwice.pl\/wiadomosci\/w-parku-szwajcaria-pojawila-sie-fontannaspacerowiczow\/#primaryimage"},"thumbnailUrl":"https:\/\/www.24gliwice.pl\/wiadomosci\/wp-content\/uploads\/2018\/05\/1-park-szwajcaria-fontanna-1.jpg","keywords":["FONTANNA","park szwajcaria"],"articleSection":["Gliwice","Najnowsze wiadomo\u015bci"],"inLanguage":"pl-PL","potentialAction":[{"@type":"CommentAction","name":"Comment","target":["https:\/\/www.24gliwice.pl\/wiadomosci\/w-parku-szwajcaria-pojawila-sie-fontannaspacerowiczow\/#respond"]}]},{"@type":"WebPage","@id":"https:\/\/www.24gliwice.pl\/wiadomosci\/w-parku-szwajcaria-pojawila-sie-fontannaspacerowiczow\/","url":"https:\/\/www.24gliwice.pl\/wiadomosci\/w-parku-szwajcaria-pojawila-sie-fontannaspacerowiczow\/","name":"W Parku Szwajcaria pojawi\u0142a si\u0119 fontanna. Jedno z ulubionych miejsc spacerowicz\u00f3w z now\u0105 atrakcj\u0105 - 24GLIWICE - Portal Gliwice | codziennie nowe informacje","isPartOf":{"@id":"https:\/\/www.24gliwice.pl\/wiadomosci\/#website"},"primaryImageOfPage":{"@id":"https:\/\/www.24gliwice.pl\/wiadomosci\/w-parku-szwajcaria-pojawila-sie-fontannaspacerowiczow\/#primaryimage"},"image":{"@id":"https:\/\/www.24gliwice.pl\/wiadomosci\/w-parku-szwajcaria-pojawila-sie-fontannaspacerowiczow\/#primaryimage"},"thumbnailUrl":"https:\/\/www.24gliwice.pl\/wiadomosci\/wp-content\/uploads\/2018\/05\/1-park-szwajcaria-fontanna-1.jpg","datePublished":"2018-05-17T14:11:11+00:00","dateModified":"2018-05-17T14:12:22+00:00","breadcrumb":{"@id":"https:\/\/www.24gliwice.pl\/wiadomosci\/w-parku-szwajcaria-pojawila-sie-fontannaspacerowiczow\/#breadcrumb"},"inLanguage":"pl-PL","potentialAction":[{"@type":"ReadAction","target":["https:\/\/www.24gliwice.pl\/wiadomosci\/w-parku-szwajcaria-pojawila-sie-fontannaspacerowiczow\/"]}]},{"@type":"ImageObject","inLanguage":"pl-PL","@id":"https:\/\/www.24gliwice.pl\/wiadomosci\/w-parku-szwajcaria-pojawila-sie-fontannaspacerowiczow\/#primaryimage","url":"https:\/\/www.24gliwice.pl\/wiadomosci\/wp-content\/uploads\/2018\/05\/1-park-szwajcaria-fontanna-1.jpg","contentUrl":"https:\/\/www.24gliwice.pl\/wiadomosci\/wp-content\/uploads\/2018\/05\/1-park-szwajcaria-fontanna-1.jpg","width":1200,"height":675},{"@type":"BreadcrumbList","@id":"https:\/\/www.24gliwice.pl\/wiadomosci\/w-parku-szwajcaria-pojawila-sie-fontannaspacerowiczow\/#breadcrumb","itemListElement":[{"@type":"ListItem","position":1,"name":"Strona g\u0142\u00f3wna","item":"https:\/\/www.24gliwice.pl\/wiadomosci\/"},{"@type":"ListItem","position":2,"name":"W Parku Szwajcaria pojawi\u0142a si\u0119 fontanna. Jedno z ulubionych miejsc spacerowicz\u00f3w z now\u0105 atrakcj\u0105"}]},{"@type":"WebSite","@id":"https:\/\/www.24gliwice.pl\/wiadomosci\/#website","url":"https:\/\/www.24gliwice.pl\/wiadomosci\/","name":"24GLIWICE - Portal Gliwice | codziennie nowe wiadomo\u015bci","description":"Portal Miejski Gliwice","publisher":{"@id":"https:\/\/www.24gliwice.pl\/wiadomosci\/#organization"},"potentialAction":[{"@type":"SearchAction","target":{"@type":"EntryPoint","urlTemplate":"https:\/\/www.24gliwice.pl\/wiadomosci\/?s={search_term_string}"},"query-input":{"@type":"PropertyValueSpecification","valueRequired":true,"valueName":"search_term_string"}}],"inLanguage":"pl-PL"},{"@type":"Organization","@id":"https:\/\/www.24gliwice.pl\/wiadomosci\/#organization","name":"24gliwice","url":"https:\/\/www.24gliwice.pl\/wiadomosci\/","logo":{"@type":"ImageObject","inLanguage":"pl-PL","@id":"https:\/\/www.24gliwice.pl\/wiadomosci\/#\/schema\/logo\/image\/","url":"https:\/\/www.24gliwice.pl\/wiadomosci\/wp-content\/uploads\/2024\/10\/24gliwice-logo-696.jpg","contentUrl":"https:\/\/www.24gliwice.pl\/wiadomosci\/wp-content\/uploads\/2024\/10\/24gliwice-logo-696.jpg","width":696,"height":696,"caption":"24gliwice"},"image":{"@id":"https:\/\/www.24gliwice.pl\/wiadomosci\/#\/schema\/logo\/image\/"},"sameAs":["https:\/\/www.facebook.com\/24gliwice","https:\/\/x.com\/24gliwice","https:\/\/www.youtube.com\/@24gliwice"]},{"@type":"Person","@id":"https:\/\/www.24gliwice.pl\/wiadomosci\/#\/schema\/person\/cb5857e4a4d048c15984c1edcc8ef0c0","name":"Marcin Fabrykowski","image":{"@type":"ImageObject","inLanguage":"pl-PL","@id":"https:\/\/www.24gliwice.pl\/wiadomosci\/wp-content\/uploads\/2025\/11\/zdjecie-moje-marcin-300-96x96.jpg","url":"https:\/\/www.24gliwice.pl\/wiadomosci\/wp-content\/uploads\/2025\/11\/zdjecie-moje-marcin-300-96x96.jpg","contentUrl":"https:\/\/www.24gliwice.pl\/wiadomosci\/wp-content\/uploads\/2025\/11\/zdjecie-moje-marcin-300-96x96.jpg","caption":"Marcin Fabrykowski"},"sameAs":["http:\/\/24gliwice.pl","https:\/\/www.facebook.com\/marcin.fabrykowski"],"url":"https:\/\/www.24gliwice.pl\/wiadomosci\/author\/marcin-fabrykowski\/"}]}},"_links":{"self":[{"href":"https:\/\/www.24gliwice.pl\/wiadomosci\/wp-json\/wp\/v2\/posts\/117381","targetHints":{"allow":["GET"]}}],"collection":[{"href":"https:\/\/www.24gliwice.pl\/wiadomosci\/wp-json\/wp\/v2\/posts"}],"about":[{"href":"https:\/\/www.24gliwice.pl\/wiadomosci\/wp-json\/wp\/v2\/types\/post"}],"author":[{"embeddable":true,"href":"https:\/\/www.24gliwice.pl\/wiadomosci\/wp-json\/wp\/v2\/users\/4"}],"replies":[{"embeddable":true,"href":"https:\/\/www.24gliwice.pl\/wiadomosci\/wp-json\/wp\/v2\/comments?post=117381"}],"version-history":[{"count":0,"href":"https:\/\/www.24gliwice.pl\/wiadomosci\/wp-json\/wp\/v2\/posts\/117381\/revisions"}],"wp:featuredmedia":[{"embeddable":true,"href":"https:\/\/www.24gliwice.pl\/wiadomosci\/wp-json\/wp\/v2\/media\/117382"}],"wp:attachment":[{"href":"https:\/\/www.24gliwice.pl\/wiadomosci\/wp-json\/wp\/v2\/media?parent=117381"}],"wp:term":[{"taxonomy":"category","embeddable":true,"href":"https:\/\/www.24gliwice.pl\/wiadomosci\/wp-json\/wp\/v2\/categories?post=117381"},{"taxonomy":"post_tag","embeddable":true,"href":"https:\/\/www.24gliwice.pl\/wiadomosci\/wp-json\/wp\/v2\/tags?post=117381"}],"curies":[{"name":"wp","href":"https:\/\/api.w.org\/{rel}","templated":true}]}}