{"id":117419,"date":"2018-05-21T03:02:20","date_gmt":"2018-05-21T01:02:20","guid":{"rendered":"https:\/\/www.24gliwice.pl\/wiadomosci\/?p=117419"},"modified":"2018-05-21T03:13:32","modified_gmt":"2018-05-21T01:13:32","slug":"az-8-przystankow-autobusowych-zmienia-od-dzisiaj-nazwy-zniknie-m-in-ta-zwiazana-z-gwsp","status":"publish","type":"post","link":"https:\/\/www.24gliwice.pl\/wiadomosci\/az-8-przystankow-autobusowych-zmienia-od-dzisiaj-nazwy-zniknie-m-in-ta-zwiazana-z-gwsp\/","title":{"rendered":"A\u017c 8 przystank\u00f3w zmienia od dzisiaj nazwy. Z tablic znika m.in. GWSP, Gwardia Ludowa i Zubrzycki"},"content":{"rendered":"<div class=\"gliwi-a6-nad-leadem-artykulow gliwi-entity-placement\" id=\"gliwi-3578221467\"><div class=\"gliwi-adlabel\"><span style=\"font-size: 9px\">REKLAMA<\/span><\/div><div id=\"gliwi-2896282745\" style=\"margin-bottom: 30px;margin-left: auto;margin-right: auto;text-align: center;\"><a data-no-instant=\"1\" href=\"https:\/\/przedszkole.halogen.org.pl\/\" rel=\"noopener\" class=\"a2t-link\" target=\"_blank\" aria-label=\"20260402-ANIMATOR-przedszkole_grafika_750x200\"><img loading=\"lazy\" decoding=\"async\" src=\"https:\/\/www.24gliwice.pl\/wiadomosci\/wp-content\/uploads\/2026\/04\/20260402-ANIMATOR-przedszkole_grafika_750x200.webp\" alt=\"\"  srcset=\"https:\/\/www.24gliwice.pl\/wiadomosci\/wp-content\/uploads\/2026\/04\/20260402-ANIMATOR-przedszkole_grafika_750x200.webp 750w, https:\/\/www.24gliwice.pl\/wiadomosci\/wp-content\/uploads\/2026\/04\/20260402-ANIMATOR-przedszkole_grafika_750x200-410x109.webp 410w\" sizes=\"(max-width: 750px) 100vw, 750px\" class=\"no-lazyload\" width=\"750\" height=\"200\"  style=\"display: inline-block; max-width: 100%; height: auto;\" \/><\/a><\/div><\/div><h3>Komunikacyjny Zwi\u0105zek Komunalny GOP poinformowa\u0142, \u017ce z dniem 21 maja (poniedzia\u0142ek) wprowadzono zmiany nazw poszczeg\u00f3lnych przystank\u00f3w autobusowych na terenie Gliwic.<\/h3>\n<p> Wi\u0119kszo\u015b\u0107 zmian to skutek dekomunizacji nazw ulic i osiedli, ale nie tylko. Z nazw znika na przyk\u0142ad GWSP, co ma zwi\u0105zek z<a href=\"https:\/\/www.24gliwice.pl\/wiadomosci\/to-koniec-gliwickiej-wyzszej-szkoly-przedsiebiorczosci-wstrzymana-rekrutacja-studenci-sa-przenoszeni\/\"> likwidacja szko\u0142y<\/a>.<\/p>\n<p>Co ciekawe, tego samego mechanizmu nie zastosowano np. na przystanku Stare Gliwice Famont, mimo, \u017ce o nieistniej\u0105cej od lat firmie w tym miejscu, ma\u0142o kto ju\u017c pami\u0119ta.<\/p><div class=\"gliwi-a3-w-tresci-artykulow gliwi-entity-placement\" id=\"gliwi-2270077072\"><div class=\"gliwi-adlabel\"><span style=\"font-size: 9px\">REKLAMA<\/span><\/div><div id=\"gliwi-4188446946\" style=\"margin-bottom: 30px;margin-left: auto;margin-right: auto;text-align: center;\"><a data-no-instant=\"1\" href=\"https:\/\/zlobek.halogen.org.pl\/\" rel=\"noopener\" class=\"a2t-link\" target=\"_blank\" aria-label=\"animator-zlobek_750x200\"><img loading=\"lazy\" decoding=\"async\" src=\"https:\/\/www.24gliwice.pl\/wiadomosci\/wp-content\/uploads\/2026\/02\/animator-zlobek_750x200.webp\" alt=\"\"  srcset=\"https:\/\/www.24gliwice.pl\/wiadomosci\/wp-content\/uploads\/2026\/02\/animator-zlobek_750x200.webp 750w, https:\/\/www.24gliwice.pl\/wiadomosci\/wp-content\/uploads\/2026\/02\/animator-zlobek_750x200-410x109.webp 410w\" sizes=\"(max-width: 750px) 100vw, 750px\" class=\"no-lazyload\" width=\"750\" height=\"200\"  style=\"display: inline-block; max-width: 100%; height: auto;\" \/><\/a><\/div><\/div>\n<p>Nowe nazwy przedstawiaj\u0105 si\u0119 nast\u0119puj\u0105co:<\/p>\n<p><strong>\u201eGliwice Kopalniana\u201d<\/strong> zamiast dotychczasowej nazwy: \u201eGliwice GWSP\u201d (dotyczy linii nr: 32, 32N, 41, 232, 669, 932),<\/p>\n<p><strong>\u201eOsiedle Wojska Polskiego Ordona\u201d<\/strong> zamiast dotychczasowej nazwy: \u201eOsiedle Gwardii Ludowej\u201d (dotyczy linii nr: 93, 186, 699),<\/p>\n<p><strong>\u201eOsiedle Wojska Polskiego Czwartak\u00f3w\u201d<\/strong> zamiast dotychczasowej nazwy: \u201eOsiedle Gwardii Ludowej Andersa\u201d (dotyczy linii nr: 93, 186, 699),<\/p>\n<p><strong>\u201eOsiedle Wojska Polskiego Kozielska\u201d<\/strong> zamiast dotychczasowej nazwy: \u201eOsiedle Gwardii Ludowej Kozielska\u201d (dotyczy linii nr: 57, 93, 178, 259, 280, 692, 692N),<\/p>\n<p><strong>\u201eOsiedle Wojska Polskiego Szko\u0142a\u201d<\/strong> zamiast dotychczasowej nazwy: \u201eOsiedle Gwardii Ludowej Szko\u0142a\u201d (dotyczy linii nr: 57, 93, 178, 259, 280, 692, 692N),<\/p>\n<p><strong>\u201eOsiedle Wary\u0144skiego Granitowa\u201d<\/strong> zamiast dotychczasowej nazwy: \u201eOsiedle Wary\u0144skiego Niedbalskiego\u201d (dotyczy linii nr: 93, 280, 692, 692N, 699),<\/p>\n<p><strong>\u201eTrynek Cichociemnych\u201d<\/strong> zamiast dotychczasowej nazwy: \u201eOsiedle Zubrzyckiego\u201d (dotyczy linii nr 232 i 677),<\/p>\n<p><strong>\u201eTrynek \u017bwirki i Wigury\u201d<\/strong> zamiast dotychczasowej nazwy: \u201eOsiedle Zubrzyckiego \u017bwirki i Wigury\u201d (dotyczy linii nr: 232, 677).<\/p>\n<div class=\"gliwi-a5-na-koncu-artykulow gliwi-entity-placement\" id=\"gliwi-3954587506\"><div class=\"gliwi-adlabel\"><span style=\"font-size: 9px\">REKLAMA<\/span><\/div><div id=\"gliwi-1484432736\" style=\"margin-left: auto;margin-right: auto;text-align: center;\"><a data-no-instant=\"1\" href=\"https:\/\/www.jasek.pl\/\" rel=\"noopener\" class=\"a2t-link\" target=\"_blank\" aria-label=\"20200401-jasek 600\"><img loading=\"lazy\" decoding=\"async\" src=\"https:\/\/www.24gliwice.pl\/wiadomosci\/wp-content\/uploads\/2020\/04\/20200401-jasek-600.jpg\" alt=\"\"  srcset=\"https:\/\/www.24gliwice.pl\/wiadomosci\/wp-content\/uploads\/2020\/04\/20200401-jasek-600.jpg 600w, https:\/\/www.24gliwice.pl\/wiadomosci\/wp-content\/uploads\/2020\/04\/20200401-jasek-600-410x109.jpg 410w\" sizes=\"(max-width: 600px) 100vw, 600px\" class=\"no-lazyload\" width=\"600\" height=\"160\"  style=\"display: inline-block; max-width: 100%; height: auto;\" \/><\/a><\/div><\/div>","protected":false},"excerpt":{"rendered":"<p>Komunikacyjny Zwi\u0105zek Komunalny GOP poinformowa\u0142, \u017ce z dniem 21 maja (poniedzia\u0142ek) wprowadzono zmiany nazw poszczeg\u00f3lnych przystank\u00f3w autobusowych na terenie Gliwic. Wi\u0119kszo\u015b\u0107 zmian to skutek dekomunizacji nazw ulic i osiedli, ale nie tylko. Z nazw znika na przyk\u0142ad GWSP, co ma zwi\u0105zek z likwidacja szko\u0142y. Co ciekawe, tego samego mechanizmu nie zastosowano np. na przystanku Stare [&hellip;]<\/p>\n","protected":false},"author":4,"featured_media":98160,"comment_status":"open","ping_status":"closed","sticky":false,"template":"","format":"standard","meta":{"_monsterinsights_skip_tracking":false,"_monsterinsights_sitenote_active":false,"_monsterinsights_sitenote_note":"","_monsterinsights_sitenote_category":0,"footnotes":"","_links_to":"","_links_to_target":""},"categories":[3,1,9],"tags":[307,10662,1032,12390],"class_list":["post-117419","post","type-post","status-publish","format-standard","has-post-thumbnail","hentry","category-gliwice","category-wszystko","category-aktualnosci_lokalne","tag-autobusy","tag-dekomunizacja","tag-gwsp","tag-nowe-nazwy-przystankow"],"yoast_head":"<!-- This site is optimized with the Yoast SEO plugin v27.5 - https:\/\/yoast.com\/product\/yoast-seo-wordpress\/ -->\n<title>A\u017c 8 przystank\u00f3w zmienia od dzisiaj nazwy. Z tablic znika m.in. GWSP, Gwardia Ludowa i Zubrzycki - 24GLIWICE - Portal Gliwice | codziennie nowe informacje<\/title>\n<meta name=\"robots\" content=\"index, follow, max-snippet:-1, max-image-preview:large, max-video-preview:-1\" \/>\n<link rel=\"canonical\" href=\"https:\/\/www.24gliwice.pl\/wiadomosci\/az-8-przystankow-autobusowych-zmienia-od-dzisiaj-nazwy-zniknie-m-in-ta-zwiazana-z-gwsp\/\" \/>\n<meta property=\"og:locale\" content=\"pl_PL\" \/>\n<meta property=\"og:type\" content=\"article\" \/>\n<meta property=\"og:title\" content=\"A\u017c 8 przystank\u00f3w zmienia od dzisiaj nazwy. Z tablic znika m.in. GWSP, Gwardia Ludowa i Zubrzycki - 24GLIWICE - Portal Gliwice | codziennie nowe informacje\" \/>\n<meta property=\"og:description\" content=\"Komunikacyjny Zwi\u0105zek Komunalny GOP poinformowa\u0142, \u017ce z dniem 21 maja (poniedzia\u0142ek) wprowadzono zmiany nazw poszczeg\u00f3lnych przystank\u00f3w autobusowych na terenie Gliwic. Wi\u0119kszo\u015b\u0107 zmian to skutek dekomunizacji nazw ulic i osiedli, ale nie tylko. Z nazw znika na przyk\u0142ad GWSP, co ma zwi\u0105zek z likwidacja szko\u0142y. Co ciekawe, tego samego mechanizmu nie zastosowano np. na przystanku Stare [&hellip;]\" \/>\n<meta property=\"og:url\" content=\"https:\/\/www.24gliwice.pl\/wiadomosci\/az-8-przystankow-autobusowych-zmienia-od-dzisiaj-nazwy-zniknie-m-in-ta-zwiazana-z-gwsp\/\" \/>\n<meta property=\"og:site_name\" content=\"24GLIWICE - Portal Gliwice | codziennie nowe informacje\" \/>\n<meta property=\"article:publisher\" content=\"https:\/\/www.facebook.com\/24gliwice\" \/>\n<meta property=\"article:author\" content=\"https:\/\/www.facebook.com\/marcin.fabrykowski\" \/>\n<meta property=\"article:published_time\" content=\"2018-05-21T01:02:20+00:00\" \/>\n<meta property=\"article:modified_time\" content=\"2018-05-21T01:13:32+00:00\" \/>\n<meta property=\"og:image\" content=\"https:\/\/www.24gliwice.pl\/wiadomosci\/wp-content\/uploads\/2017\/05\/1-Autobus-57-luty-gazeta.jpg\" \/>\n\t<meta property=\"og:image:width\" content=\"810\" \/>\n\t<meta property=\"og:image:height\" content=\"437\" \/>\n\t<meta property=\"og:image:type\" content=\"image\/jpeg\" \/>\n<meta name=\"author\" content=\"Marcin Fabrykowski\" \/>\n<meta name=\"twitter:card\" content=\"summary_large_image\" \/>\n<meta name=\"twitter:creator\" content=\"@24gliwice\" \/>\n<meta name=\"twitter:site\" content=\"@24gliwice\" \/>\n<meta name=\"twitter:label1\" content=\"Napisane przez\" \/>\n\t<meta name=\"twitter:data1\" content=\"Marcin Fabrykowski\" \/>\n\t<meta name=\"twitter:label2\" content=\"Szacowany czas czytania\" \/>\n\t<meta name=\"twitter:data2\" content=\"1 minuta\" \/>\n<script type=\"application\/ld+json\" class=\"yoast-schema-graph\">{\"@context\":\"https:\\\/\\\/schema.org\",\"@graph\":[{\"@type\":\"Article\",\"@id\":\"https:\\\/\\\/www.24gliwice.pl\\\/wiadomosci\\\/az-8-przystankow-autobusowych-zmienia-od-dzisiaj-nazwy-zniknie-m-in-ta-zwiazana-z-gwsp\\\/#article\",\"isPartOf\":{\"@id\":\"https:\\\/\\\/www.24gliwice.pl\\\/wiadomosci\\\/az-8-przystankow-autobusowych-zmienia-od-dzisiaj-nazwy-zniknie-m-in-ta-zwiazana-z-gwsp\\\/\"},\"author\":{\"name\":\"Marcin Fabrykowski\",\"@id\":\"https:\\\/\\\/www.24gliwice.pl\\\/wiadomosci\\\/#\\\/schema\\\/person\\\/cb5857e4a4d048c15984c1edcc8ef0c0\"},\"headline\":\"A\u017c 8 przystank\u00f3w zmienia od dzisiaj nazwy. Z tablic znika m.in. GWSP, Gwardia Ludowa i Zubrzycki\",\"datePublished\":\"2018-05-21T01:02:20+00:00\",\"dateModified\":\"2018-05-21T01:13:32+00:00\",\"mainEntityOfPage\":{\"@id\":\"https:\\\/\\\/www.24gliwice.pl\\\/wiadomosci\\\/az-8-przystankow-autobusowych-zmienia-od-dzisiaj-nazwy-zniknie-m-in-ta-zwiazana-z-gwsp\\\/\"},\"wordCount\":217,\"commentCount\":0,\"publisher\":{\"@id\":\"https:\\\/\\\/www.24gliwice.pl\\\/wiadomosci\\\/#organization\"},\"image\":{\"@id\":\"https:\\\/\\\/www.24gliwice.pl\\\/wiadomosci\\\/az-8-przystankow-autobusowych-zmienia-od-dzisiaj-nazwy-zniknie-m-in-ta-zwiazana-z-gwsp\\\/#primaryimage\"},\"thumbnailUrl\":\"https:\\\/\\\/www.24gliwice.pl\\\/wiadomosci\\\/wp-content\\\/uploads\\\/2017\\\/05\\\/1-Autobus-57-luty-gazeta.jpg\",\"keywords\":[\"AUTOBUSY\",\"dekomunizacja\",\"GWSP\",\"nowe nazwy przystank\u00f3w\"],\"articleSection\":[\"Gliwice\",\"Najnowsze wiadomo\u015bci\",\"Portal Gliwice - Wiadomo\u015bci lokalne\"],\"inLanguage\":\"pl-PL\",\"potentialAction\":[{\"@type\":\"CommentAction\",\"name\":\"Comment\",\"target\":[\"https:\\\/\\\/www.24gliwice.pl\\\/wiadomosci\\\/az-8-przystankow-autobusowych-zmienia-od-dzisiaj-nazwy-zniknie-m-in-ta-zwiazana-z-gwsp\\\/#respond\"]}]},{\"@type\":\"WebPage\",\"@id\":\"https:\\\/\\\/www.24gliwice.pl\\\/wiadomosci\\\/az-8-przystankow-autobusowych-zmienia-od-dzisiaj-nazwy-zniknie-m-in-ta-zwiazana-z-gwsp\\\/\",\"url\":\"https:\\\/\\\/www.24gliwice.pl\\\/wiadomosci\\\/az-8-przystankow-autobusowych-zmienia-od-dzisiaj-nazwy-zniknie-m-in-ta-zwiazana-z-gwsp\\\/\",\"name\":\"A\u017c 8 przystank\u00f3w zmienia od dzisiaj nazwy. Z tablic znika m.in. GWSP, Gwardia Ludowa i Zubrzycki - 24GLIWICE - Portal Gliwice | codziennie nowe informacje\",\"isPartOf\":{\"@id\":\"https:\\\/\\\/www.24gliwice.pl\\\/wiadomosci\\\/#website\"},\"primaryImageOfPage\":{\"@id\":\"https:\\\/\\\/www.24gliwice.pl\\\/wiadomosci\\\/az-8-przystankow-autobusowych-zmienia-od-dzisiaj-nazwy-zniknie-m-in-ta-zwiazana-z-gwsp\\\/#primaryimage\"},\"image\":{\"@id\":\"https:\\\/\\\/www.24gliwice.pl\\\/wiadomosci\\\/az-8-przystankow-autobusowych-zmienia-od-dzisiaj-nazwy-zniknie-m-in-ta-zwiazana-z-gwsp\\\/#primaryimage\"},\"thumbnailUrl\":\"https:\\\/\\\/www.24gliwice.pl\\\/wiadomosci\\\/wp-content\\\/uploads\\\/2017\\\/05\\\/1-Autobus-57-luty-gazeta.jpg\",\"datePublished\":\"2018-05-21T01:02:20+00:00\",\"dateModified\":\"2018-05-21T01:13:32+00:00\",\"breadcrumb\":{\"@id\":\"https:\\\/\\\/www.24gliwice.pl\\\/wiadomosci\\\/az-8-przystankow-autobusowych-zmienia-od-dzisiaj-nazwy-zniknie-m-in-ta-zwiazana-z-gwsp\\\/#breadcrumb\"},\"inLanguage\":\"pl-PL\",\"potentialAction\":[{\"@type\":\"ReadAction\",\"target\":[\"https:\\\/\\\/www.24gliwice.pl\\\/wiadomosci\\\/az-8-przystankow-autobusowych-zmienia-od-dzisiaj-nazwy-zniknie-m-in-ta-zwiazana-z-gwsp\\\/\"]}]},{\"@type\":\"ImageObject\",\"inLanguage\":\"pl-PL\",\"@id\":\"https:\\\/\\\/www.24gliwice.pl\\\/wiadomosci\\\/az-8-przystankow-autobusowych-zmienia-od-dzisiaj-nazwy-zniknie-m-in-ta-zwiazana-z-gwsp\\\/#primaryimage\",\"url\":\"https:\\\/\\\/www.24gliwice.pl\\\/wiadomosci\\\/wp-content\\\/uploads\\\/2017\\\/05\\\/1-Autobus-57-luty-gazeta.jpg\",\"contentUrl\":\"https:\\\/\\\/www.24gliwice.pl\\\/wiadomosci\\\/wp-content\\\/uploads\\\/2017\\\/05\\\/1-Autobus-57-luty-gazeta.jpg\",\"width\":810,\"height\":437},{\"@type\":\"BreadcrumbList\",\"@id\":\"https:\\\/\\\/www.24gliwice.pl\\\/wiadomosci\\\/az-8-przystankow-autobusowych-zmienia-od-dzisiaj-nazwy-zniknie-m-in-ta-zwiazana-z-gwsp\\\/#breadcrumb\",\"itemListElement\":[{\"@type\":\"ListItem\",\"position\":1,\"name\":\"Strona g\u0142\u00f3wna\",\"item\":\"https:\\\/\\\/www.24gliwice.pl\\\/wiadomosci\\\/\"},{\"@type\":\"ListItem\",\"position\":2,\"name\":\"A\u017c 8 przystank\u00f3w zmienia od dzisiaj nazwy. Z tablic znika m.in. GWSP, Gwardia Ludowa i Zubrzycki\"}]},{\"@type\":\"WebSite\",\"@id\":\"https:\\\/\\\/www.24gliwice.pl\\\/wiadomosci\\\/#website\",\"url\":\"https:\\\/\\\/www.24gliwice.pl\\\/wiadomosci\\\/\",\"name\":\"24GLIWICE - Portal Gliwice | codziennie nowe wiadomo\u015bci\",\"description\":\"Portal Miejski Gliwice\",\"publisher\":{\"@id\":\"https:\\\/\\\/www.24gliwice.pl\\\/wiadomosci\\\/#organization\"},\"potentialAction\":[{\"@type\":\"SearchAction\",\"target\":{\"@type\":\"EntryPoint\",\"urlTemplate\":\"https:\\\/\\\/www.24gliwice.pl\\\/wiadomosci\\\/?s={search_term_string}\"},\"query-input\":{\"@type\":\"PropertyValueSpecification\",\"valueRequired\":true,\"valueName\":\"search_term_string\"}}],\"inLanguage\":\"pl-PL\"},{\"@type\":\"Organization\",\"@id\":\"https:\\\/\\\/www.24gliwice.pl\\\/wiadomosci\\\/#organization\",\"name\":\"24gliwice\",\"url\":\"https:\\\/\\\/www.24gliwice.pl\\\/wiadomosci\\\/\",\"logo\":{\"@type\":\"ImageObject\",\"inLanguage\":\"pl-PL\",\"@id\":\"https:\\\/\\\/www.24gliwice.pl\\\/wiadomosci\\\/#\\\/schema\\\/logo\\\/image\\\/\",\"url\":\"https:\\\/\\\/www.24gliwice.pl\\\/wiadomosci\\\/wp-content\\\/uploads\\\/2024\\\/10\\\/24gliwice-logo-696.jpg\",\"contentUrl\":\"https:\\\/\\\/www.24gliwice.pl\\\/wiadomosci\\\/wp-content\\\/uploads\\\/2024\\\/10\\\/24gliwice-logo-696.jpg\",\"width\":696,\"height\":696,\"caption\":\"24gliwice\"},\"image\":{\"@id\":\"https:\\\/\\\/www.24gliwice.pl\\\/wiadomosci\\\/#\\\/schema\\\/logo\\\/image\\\/\"},\"sameAs\":[\"https:\\\/\\\/www.facebook.com\\\/24gliwice\",\"https:\\\/\\\/x.com\\\/24gliwice\",\"https:\\\/\\\/www.youtube.com\\\/@24gliwice\"]},{\"@type\":\"Person\",\"@id\":\"https:\\\/\\\/www.24gliwice.pl\\\/wiadomosci\\\/#\\\/schema\\\/person\\\/cb5857e4a4d048c15984c1edcc8ef0c0\",\"name\":\"Marcin Fabrykowski\",\"image\":{\"@type\":\"ImageObject\",\"inLanguage\":\"pl-PL\",\"@id\":\"https:\\\/\\\/www.24gliwice.pl\\\/wiadomosci\\\/wp-content\\\/uploads\\\/2025\\\/11\\\/zdjecie-moje-marcin-300-96x96.jpg\",\"url\":\"https:\\\/\\\/www.24gliwice.pl\\\/wiadomosci\\\/wp-content\\\/uploads\\\/2025\\\/11\\\/zdjecie-moje-marcin-300-96x96.jpg\",\"contentUrl\":\"https:\\\/\\\/www.24gliwice.pl\\\/wiadomosci\\\/wp-content\\\/uploads\\\/2025\\\/11\\\/zdjecie-moje-marcin-300-96x96.jpg\",\"caption\":\"Marcin Fabrykowski\"},\"sameAs\":[\"http:\\\/\\\/24gliwice.pl\",\"https:\\\/\\\/www.facebook.com\\\/marcin.fabrykowski\"],\"url\":\"https:\\\/\\\/www.24gliwice.pl\\\/wiadomosci\\\/author\\\/marcin-fabrykowski\\\/\"}]}<\/script>\n<!-- \/ Yoast SEO plugin. -->","yoast_head_json":{"title":"A\u017c 8 przystank\u00f3w zmienia od dzisiaj nazwy. Z tablic znika m.in. GWSP, Gwardia Ludowa i Zubrzycki - 24GLIWICE - Portal Gliwice | codziennie nowe informacje","robots":{"index":"index","follow":"follow","max-snippet":"max-snippet:-1","max-image-preview":"max-image-preview:large","max-video-preview":"max-video-preview:-1"},"canonical":"https:\/\/www.24gliwice.pl\/wiadomosci\/az-8-przystankow-autobusowych-zmienia-od-dzisiaj-nazwy-zniknie-m-in-ta-zwiazana-z-gwsp\/","og_locale":"pl_PL","og_type":"article","og_title":"A\u017c 8 przystank\u00f3w zmienia od dzisiaj nazwy. Z tablic znika m.in. GWSP, Gwardia Ludowa i Zubrzycki - 24GLIWICE - Portal Gliwice | codziennie nowe informacje","og_description":"Komunikacyjny Zwi\u0105zek Komunalny GOP poinformowa\u0142, \u017ce z dniem 21 maja (poniedzia\u0142ek) wprowadzono zmiany nazw poszczeg\u00f3lnych przystank\u00f3w autobusowych na terenie Gliwic. Wi\u0119kszo\u015b\u0107 zmian to skutek dekomunizacji nazw ulic i osiedli, ale nie tylko. Z nazw znika na przyk\u0142ad GWSP, co ma zwi\u0105zek z likwidacja szko\u0142y. Co ciekawe, tego samego mechanizmu nie zastosowano np. na przystanku Stare [&hellip;]","og_url":"https:\/\/www.24gliwice.pl\/wiadomosci\/az-8-przystankow-autobusowych-zmienia-od-dzisiaj-nazwy-zniknie-m-in-ta-zwiazana-z-gwsp\/","og_site_name":"24GLIWICE - Portal Gliwice | codziennie nowe informacje","article_publisher":"https:\/\/www.facebook.com\/24gliwice","article_author":"https:\/\/www.facebook.com\/marcin.fabrykowski","article_published_time":"2018-05-21T01:02:20+00:00","article_modified_time":"2018-05-21T01:13:32+00:00","og_image":[{"width":810,"height":437,"url":"https:\/\/www.24gliwice.pl\/wiadomosci\/wp-content\/uploads\/2017\/05\/1-Autobus-57-luty-gazeta.jpg","type":"image\/jpeg"}],"author":"Marcin Fabrykowski","twitter_card":"summary_large_image","twitter_creator":"@24gliwice","twitter_site":"@24gliwice","twitter_misc":{"Napisane przez":"Marcin Fabrykowski","Szacowany czas czytania":"1 minuta"},"schema":{"@context":"https:\/\/schema.org","@graph":[{"@type":"Article","@id":"https:\/\/www.24gliwice.pl\/wiadomosci\/az-8-przystankow-autobusowych-zmienia-od-dzisiaj-nazwy-zniknie-m-in-ta-zwiazana-z-gwsp\/#article","isPartOf":{"@id":"https:\/\/www.24gliwice.pl\/wiadomosci\/az-8-przystankow-autobusowych-zmienia-od-dzisiaj-nazwy-zniknie-m-in-ta-zwiazana-z-gwsp\/"},"author":{"name":"Marcin Fabrykowski","@id":"https:\/\/www.24gliwice.pl\/wiadomosci\/#\/schema\/person\/cb5857e4a4d048c15984c1edcc8ef0c0"},"headline":"A\u017c 8 przystank\u00f3w zmienia od dzisiaj nazwy. Z tablic znika m.in. GWSP, Gwardia Ludowa i Zubrzycki","datePublished":"2018-05-21T01:02:20+00:00","dateModified":"2018-05-21T01:13:32+00:00","mainEntityOfPage":{"@id":"https:\/\/www.24gliwice.pl\/wiadomosci\/az-8-przystankow-autobusowych-zmienia-od-dzisiaj-nazwy-zniknie-m-in-ta-zwiazana-z-gwsp\/"},"wordCount":217,"commentCount":0,"publisher":{"@id":"https:\/\/www.24gliwice.pl\/wiadomosci\/#organization"},"image":{"@id":"https:\/\/www.24gliwice.pl\/wiadomosci\/az-8-przystankow-autobusowych-zmienia-od-dzisiaj-nazwy-zniknie-m-in-ta-zwiazana-z-gwsp\/#primaryimage"},"thumbnailUrl":"https:\/\/www.24gliwice.pl\/wiadomosci\/wp-content\/uploads\/2017\/05\/1-Autobus-57-luty-gazeta.jpg","keywords":["AUTOBUSY","dekomunizacja","GWSP","nowe nazwy przystank\u00f3w"],"articleSection":["Gliwice","Najnowsze wiadomo\u015bci","Portal Gliwice - Wiadomo\u015bci lokalne"],"inLanguage":"pl-PL","potentialAction":[{"@type":"CommentAction","name":"Comment","target":["https:\/\/www.24gliwice.pl\/wiadomosci\/az-8-przystankow-autobusowych-zmienia-od-dzisiaj-nazwy-zniknie-m-in-ta-zwiazana-z-gwsp\/#respond"]}]},{"@type":"WebPage","@id":"https:\/\/www.24gliwice.pl\/wiadomosci\/az-8-przystankow-autobusowych-zmienia-od-dzisiaj-nazwy-zniknie-m-in-ta-zwiazana-z-gwsp\/","url":"https:\/\/www.24gliwice.pl\/wiadomosci\/az-8-przystankow-autobusowych-zmienia-od-dzisiaj-nazwy-zniknie-m-in-ta-zwiazana-z-gwsp\/","name":"A\u017c 8 przystank\u00f3w zmienia od dzisiaj nazwy. Z tablic znika m.in. GWSP, Gwardia Ludowa i Zubrzycki - 24GLIWICE - Portal Gliwice | codziennie nowe informacje","isPartOf":{"@id":"https:\/\/www.24gliwice.pl\/wiadomosci\/#website"},"primaryImageOfPage":{"@id":"https:\/\/www.24gliwice.pl\/wiadomosci\/az-8-przystankow-autobusowych-zmienia-od-dzisiaj-nazwy-zniknie-m-in-ta-zwiazana-z-gwsp\/#primaryimage"},"image":{"@id":"https:\/\/www.24gliwice.pl\/wiadomosci\/az-8-przystankow-autobusowych-zmienia-od-dzisiaj-nazwy-zniknie-m-in-ta-zwiazana-z-gwsp\/#primaryimage"},"thumbnailUrl":"https:\/\/www.24gliwice.pl\/wiadomosci\/wp-content\/uploads\/2017\/05\/1-Autobus-57-luty-gazeta.jpg","datePublished":"2018-05-21T01:02:20+00:00","dateModified":"2018-05-21T01:13:32+00:00","breadcrumb":{"@id":"https:\/\/www.24gliwice.pl\/wiadomosci\/az-8-przystankow-autobusowych-zmienia-od-dzisiaj-nazwy-zniknie-m-in-ta-zwiazana-z-gwsp\/#breadcrumb"},"inLanguage":"pl-PL","potentialAction":[{"@type":"ReadAction","target":["https:\/\/www.24gliwice.pl\/wiadomosci\/az-8-przystankow-autobusowych-zmienia-od-dzisiaj-nazwy-zniknie-m-in-ta-zwiazana-z-gwsp\/"]}]},{"@type":"ImageObject","inLanguage":"pl-PL","@id":"https:\/\/www.24gliwice.pl\/wiadomosci\/az-8-przystankow-autobusowych-zmienia-od-dzisiaj-nazwy-zniknie-m-in-ta-zwiazana-z-gwsp\/#primaryimage","url":"https:\/\/www.24gliwice.pl\/wiadomosci\/wp-content\/uploads\/2017\/05\/1-Autobus-57-luty-gazeta.jpg","contentUrl":"https:\/\/www.24gliwice.pl\/wiadomosci\/wp-content\/uploads\/2017\/05\/1-Autobus-57-luty-gazeta.jpg","width":810,"height":437},{"@type":"BreadcrumbList","@id":"https:\/\/www.24gliwice.pl\/wiadomosci\/az-8-przystankow-autobusowych-zmienia-od-dzisiaj-nazwy-zniknie-m-in-ta-zwiazana-z-gwsp\/#breadcrumb","itemListElement":[{"@type":"ListItem","position":1,"name":"Strona g\u0142\u00f3wna","item":"https:\/\/www.24gliwice.pl\/wiadomosci\/"},{"@type":"ListItem","position":2,"name":"A\u017c 8 przystank\u00f3w zmienia od dzisiaj nazwy. Z tablic znika m.in. GWSP, Gwardia Ludowa i Zubrzycki"}]},{"@type":"WebSite","@id":"https:\/\/www.24gliwice.pl\/wiadomosci\/#website","url":"https:\/\/www.24gliwice.pl\/wiadomosci\/","name":"24GLIWICE - Portal Gliwice | codziennie nowe wiadomo\u015bci","description":"Portal Miejski Gliwice","publisher":{"@id":"https:\/\/www.24gliwice.pl\/wiadomosci\/#organization"},"potentialAction":[{"@type":"SearchAction","target":{"@type":"EntryPoint","urlTemplate":"https:\/\/www.24gliwice.pl\/wiadomosci\/?s={search_term_string}"},"query-input":{"@type":"PropertyValueSpecification","valueRequired":true,"valueName":"search_term_string"}}],"inLanguage":"pl-PL"},{"@type":"Organization","@id":"https:\/\/www.24gliwice.pl\/wiadomosci\/#organization","name":"24gliwice","url":"https:\/\/www.24gliwice.pl\/wiadomosci\/","logo":{"@type":"ImageObject","inLanguage":"pl-PL","@id":"https:\/\/www.24gliwice.pl\/wiadomosci\/#\/schema\/logo\/image\/","url":"https:\/\/www.24gliwice.pl\/wiadomosci\/wp-content\/uploads\/2024\/10\/24gliwice-logo-696.jpg","contentUrl":"https:\/\/www.24gliwice.pl\/wiadomosci\/wp-content\/uploads\/2024\/10\/24gliwice-logo-696.jpg","width":696,"height":696,"caption":"24gliwice"},"image":{"@id":"https:\/\/www.24gliwice.pl\/wiadomosci\/#\/schema\/logo\/image\/"},"sameAs":["https:\/\/www.facebook.com\/24gliwice","https:\/\/x.com\/24gliwice","https:\/\/www.youtube.com\/@24gliwice"]},{"@type":"Person","@id":"https:\/\/www.24gliwice.pl\/wiadomosci\/#\/schema\/person\/cb5857e4a4d048c15984c1edcc8ef0c0","name":"Marcin Fabrykowski","image":{"@type":"ImageObject","inLanguage":"pl-PL","@id":"https:\/\/www.24gliwice.pl\/wiadomosci\/wp-content\/uploads\/2025\/11\/zdjecie-moje-marcin-300-96x96.jpg","url":"https:\/\/www.24gliwice.pl\/wiadomosci\/wp-content\/uploads\/2025\/11\/zdjecie-moje-marcin-300-96x96.jpg","contentUrl":"https:\/\/www.24gliwice.pl\/wiadomosci\/wp-content\/uploads\/2025\/11\/zdjecie-moje-marcin-300-96x96.jpg","caption":"Marcin Fabrykowski"},"sameAs":["http:\/\/24gliwice.pl","https:\/\/www.facebook.com\/marcin.fabrykowski"],"url":"https:\/\/www.24gliwice.pl\/wiadomosci\/author\/marcin-fabrykowski\/"}]}},"_links":{"self":[{"href":"https:\/\/www.24gliwice.pl\/wiadomosci\/wp-json\/wp\/v2\/posts\/117419","targetHints":{"allow":["GET"]}}],"collection":[{"href":"https:\/\/www.24gliwice.pl\/wiadomosci\/wp-json\/wp\/v2\/posts"}],"about":[{"href":"https:\/\/www.24gliwice.pl\/wiadomosci\/wp-json\/wp\/v2\/types\/post"}],"author":[{"embeddable":true,"href":"https:\/\/www.24gliwice.pl\/wiadomosci\/wp-json\/wp\/v2\/users\/4"}],"replies":[{"embeddable":true,"href":"https:\/\/www.24gliwice.pl\/wiadomosci\/wp-json\/wp\/v2\/comments?post=117419"}],"version-history":[{"count":0,"href":"https:\/\/www.24gliwice.pl\/wiadomosci\/wp-json\/wp\/v2\/posts\/117419\/revisions"}],"wp:featuredmedia":[{"embeddable":true,"href":"https:\/\/www.24gliwice.pl\/wiadomosci\/wp-json\/wp\/v2\/media\/98160"}],"wp:attachment":[{"href":"https:\/\/www.24gliwice.pl\/wiadomosci\/wp-json\/wp\/v2\/media?parent=117419"}],"wp:term":[{"taxonomy":"category","embeddable":true,"href":"https:\/\/www.24gliwice.pl\/wiadomosci\/wp-json\/wp\/v2\/categories?post=117419"},{"taxonomy":"post_tag","embeddable":true,"href":"https:\/\/www.24gliwice.pl\/wiadomosci\/wp-json\/wp\/v2\/tags?post=117419"}],"curies":[{"name":"wp","href":"https:\/\/api.w.org\/{rel}","templated":true}]}}