{"id":117471,"date":"2018-05-22T02:42:11","date_gmt":"2018-05-22T00:42:11","guid":{"rendered":"https:\/\/www.24gliwice.pl\/wiadomosci\/?p=117471"},"modified":"2018-05-22T02:42:11","modified_gmt":"2018-05-22T00:42:11","slug":"wiosna-w-pelni-a-kwiatowe-rzezby-puste-niepokoja-sie-czytelnicy-wszystko-przez-zimna-zoske","status":"publish","type":"post","link":"https:\/\/www.24gliwice.pl\/wiadomosci\/wiosna-w-pelni-a-kwiatowe-rzezby-puste-niepokoja-sie-czytelnicy-wszystko-przez-zimna-zoske\/","title":{"rendered":"Wiosna w pe\u0142ni, a kwiatowe rze\u017aby puste &#8211; niepokoj\u0105 si\u0119 Czytelnicy. Wszystko przez&#8230; zimn\u0105 Zo\u015bk\u0119"},"content":{"rendered":"<div class=\"gliwi-a6-nad-leadem-artykulow gliwi-entity-placement\" id=\"gliwi-985068324\"><div class=\"gliwi-adlabel\"><span style=\"font-size: 9px\">REKLAMA<\/span><\/div><div id=\"gliwi-2275198553\" style=\"margin-bottom: 30px;margin-left: auto;margin-right: auto;text-align: center;\"><a data-no-instant=\"1\" href=\"https:\/\/przedszkole.halogen.org.pl\/\" rel=\"noopener\" class=\"a2t-link\" target=\"_blank\" aria-label=\"20260402-ANIMATOR-przedszkole_grafika_750x200\"><img loading=\"lazy\" decoding=\"async\" src=\"https:\/\/www.24gliwice.pl\/wiadomosci\/wp-content\/uploads\/2026\/04\/20260402-ANIMATOR-przedszkole_grafika_750x200.webp\" alt=\"\"  srcset=\"https:\/\/www.24gliwice.pl\/wiadomosci\/wp-content\/uploads\/2026\/04\/20260402-ANIMATOR-przedszkole_grafika_750x200.webp 750w, https:\/\/www.24gliwice.pl\/wiadomosci\/wp-content\/uploads\/2026\/04\/20260402-ANIMATOR-przedszkole_grafika_750x200-410x109.webp 410w\" sizes=\"(max-width: 750px) 100vw, 750px\" class=\"no-lazyload\" width=\"750\" height=\"200\"  style=\"display: inline-block; max-width: 100%; height: auto;\" \/><\/a><\/div><\/div><h3>Pi\u0119kna pogoda, ziele\u0144 rozkwita, a na rze\u017abach ci\u0105gle nie ma kwiat\u00f3w &#8211; zauwa\u017caj\u0105 w mailach do redakcji Czytelnicy. Sprawdzili\u015bmy, sezonowe ozdoby wr\u00f3c\u0105 ju\u017c w najbli\u017cszych dniach.<\/h3>\n<p> &#8211; Wszystko przebiega zgodnie z harmonogramem. Zawsze staramy si\u0119 nasadza\u0107 po tzw. zimnej Zo\u015bce. To ze wzgl\u0119du na ryzyko przymrozk\u00f3w, kt\u00f3rych mog\u0142yby nie wytrzyma\u0107 niekt\u00f3re ro\u015bliny &#8211; wyja\u015bnia <strong>Iwona Janik<\/strong> z Miejskiego Zarz\u0105du Us\u0142ug Komunalnych w Gliwicach. <\/p>\n<p>Pierwsze nasadzenia MZUK przeprowadzi\u0142 ju\u017c pod koniec ubieg\u0142ego tygodnia (m.in. na ul. Dworcowej). Prace b\u0119d\u0105 kontynuowane w najbli\u017cszych dniach. Na sadzonki z pocz\u0105tkiem ka\u017cdego roku organizowany jest przetarg. W\u00f3wczas ustalana jest data dostawy kwiat\u00f3w. Dlatego zazwyczaj gdy ro\u015bliny trafiaj\u0105 do Gliwic niemal od razu pojawiaj\u0105 si\u0119 na mie\u015bcie, bez konieczno\u015bci ich magazynowania. Tylko w ubieg\u0142ym roku MZUK w tym celu posadzi\u0142 ponad 125 tysi\u0105ca sadzonek m.in. begonii, sza\u0142wii, stroiczki, aksamitki i pelargonii. Tegoroczne zam\u00f3wienie obejmuj\u0105ce wszystkie nasadzenia w mie\u015bcie (tak\u017ce na skwerach i ziele\u0144cach) przekroczy\u0142o 170 tysi\u0119cy sztuk kwiat\u00f3w jednorocznych.<\/p><div class=\"gliwi-a3-w-tresci-artykulow gliwi-entity-placement\" id=\"gliwi-433527286\"><div class=\"gliwi-adlabel\"><span style=\"font-size: 9px\">REKLAMA<\/span><\/div><div id=\"gliwi-2127424793\" style=\"margin-bottom: 30px;margin-left: auto;margin-right: auto;text-align: center;\"><a data-no-instant=\"1\" href=\"https:\/\/ogrodyandersa.pl\/\" rel=\"noopener\" class=\"a2t-link\" target=\"_blank\" aria-label=\"20260415 Ogrody Andersa KUP TERAZ D\"><img loading=\"lazy\" decoding=\"async\" src=\"https:\/\/www.24gliwice.pl\/wiadomosci\/wp-content\/uploads\/2026\/04\/20260415-Ogrody-Andersa-KUP-TERAZ-D.jpg\" alt=\"\"  srcset=\"https:\/\/www.24gliwice.pl\/wiadomosci\/wp-content\/uploads\/2026\/04\/20260415-Ogrody-Andersa-KUP-TERAZ-D.jpg 750w, https:\/\/www.24gliwice.pl\/wiadomosci\/wp-content\/uploads\/2026\/04\/20260415-Ogrody-Andersa-KUP-TERAZ-D-410x109.jpg 410w\" sizes=\"(max-width: 750px) 100vw, 750px\" class=\"no-lazyload\" width=\"750\" height=\"200\"  style=\"display: inline-block; max-width: 100%; height: auto;\" \/><\/a><\/div><\/div>\n<p><img loading=\"lazy\" decoding=\"async\" src=\"https:\/\/www.24gliwice.pl\/wiadomosci\/wp-content\/uploads\/2018\/05\/kwiotki.jpg\" alt=\"\" width=\"2048\" height=\"1152\" class=\"alignnone size-full wp-image-117475\" srcset=\"https:\/\/www.24gliwice.pl\/wiadomosci\/wp-content\/uploads\/2018\/05\/kwiotki.jpg 2048w, https:\/\/www.24gliwice.pl\/wiadomosci\/wp-content\/uploads\/2018\/05\/kwiotki-410x232.jpg 410w, https:\/\/www.24gliwice.pl\/wiadomosci\/wp-content\/uploads\/2018\/05\/kwiotki-768x432.jpg 768w, https:\/\/www.24gliwice.pl\/wiadomosci\/wp-content\/uploads\/2018\/05\/kwiotki-810x456.jpg 810w, https:\/\/www.24gliwice.pl\/wiadomosci\/wp-content\/uploads\/2018\/05\/kwiotki-1140x641.jpg 1140w\" sizes=\"auto, (max-width: 2048px) 100vw, 2048px\" \/><\/p>\n<p>Samych przestrzennych konstrukcji w Gliwicach jest 20 a ich \u0142\u0105czna powierzchnia przekracza 300 m2. Pierwsze rze\u017aby pojawi\u0142y si\u0119 w 2008 roku. By\u0142 to samoch\u00f3d na ul. Dworcowej, harfa przy Teatrze Miejskim i pszczo\u0142a przy Zamku Piastowskim. Poniewa\u017c pomys\u0142 si\u0119 spodoba\u0142, ju\u017c rok p\u00f3\u017aniej zdecydowano si\u0119 na monta\u017c dziewi\u0119ciu kolejnych. <\/p>\n<p>W 2012 roku w pobli\u017cu jednostki wojskowej na ul. Andersa pojawi\u0142a si\u0119 najbardziej kontrowersyjna z nich &#8211; kwietny czo\u0142g. To w\u00f3wczas pomys\u0142 kwiatowych rze\u017ab spotka\u0142 si\u0119 z krytyk\u0105 &#8211; zarzucano mu jarmarczno\u015b\u0107 i tandetno\u015b\u0107. Jednak jak m\u00f3wi Iwona Janik, w przewa\u017caj\u0105cej wi\u0119kszo\u015bci MZUK spotyka si\u0119 z pozytywnym odzewem ze strony mieszka\u0144c\u00f3w.<br \/>\n&#8211; Bywa, \u017ce nasi pracownicy s\u0105 zaczepiani podczas prac ogrodniczych i chwaleni za upi\u0119kszanie miasta &#8211; dodaje.<\/p>\n<p>Udekorowane kwietniki postoj\u0105 w Gliwicach do pa\u017adziernika.<br \/>\n(msz)<\/p>\n<div class=\"gliwi-a5-na-koncu-artykulow gliwi-entity-placement\" id=\"gliwi-3844491430\"><div class=\"gliwi-adlabel\"><span style=\"font-size: 9px\">REKLAMA<\/span><\/div><div id=\"gliwi-3639575527\" style=\"margin-left: auto;margin-right: auto;text-align: center;\"><a data-no-instant=\"1\" href=\"https:\/\/www.jasek.pl\/\" rel=\"noopener\" class=\"a2t-link\" target=\"_blank\" aria-label=\"20200401-jasek 600\"><img loading=\"lazy\" decoding=\"async\" src=\"https:\/\/www.24gliwice.pl\/wiadomosci\/wp-content\/uploads\/2020\/04\/20200401-jasek-600.jpg\" alt=\"\"  srcset=\"https:\/\/www.24gliwice.pl\/wiadomosci\/wp-content\/uploads\/2020\/04\/20200401-jasek-600.jpg 600w, https:\/\/www.24gliwice.pl\/wiadomosci\/wp-content\/uploads\/2020\/04\/20200401-jasek-600-410x109.jpg 410w\" sizes=\"(max-width: 600px) 100vw, 600px\" class=\"no-lazyload\" width=\"600\" height=\"160\"  style=\"display: inline-block; max-width: 100%; height: auto;\" \/><\/a><\/div><\/div>","protected":false},"excerpt":{"rendered":"<p>Pi\u0119kna pogoda, ziele\u0144 rozkwita, a na rze\u017abach ci\u0105gle nie ma kwiat\u00f3w &#8211; zauwa\u017caj\u0105 w mailach do redakcji Czytelnicy. Sprawdzili\u015bmy, sezonowe ozdoby wr\u00f3c\u0105 ju\u017c w najbli\u017cszych dniach. &#8211; Wszystko przebiega zgodnie z harmonogramem. Zawsze staramy si\u0119 nasadza\u0107 po tzw. zimnej Zo\u015bce. To ze wzgl\u0119du na ryzyko przymrozk\u00f3w, kt\u00f3rych mog\u0142yby nie wytrzyma\u0107 niekt\u00f3re ro\u015bliny &#8211; wyja\u015bnia Iwona [&hellip;]<\/p>\n","protected":false},"author":12,"featured_media":117476,"comment_status":"open","ping_status":"closed","sticky":false,"template":"","format":"standard","meta":{"_monsterinsights_skip_tracking":false,"_monsterinsights_sitenote_active":false,"_monsterinsights_sitenote_note":"","_monsterinsights_sitenote_category":0,"footnotes":"","_links_to":"","_links_to_target":""},"categories":[3,1,9],"tags":[12399,257],"class_list":["post-117471","post","type-post","status-publish","format-standard","has-post-thumbnail","hentry","category-gliwice","category-wszystko","category-aktualnosci_lokalne","tag-kwiaty","tag-mzuk"],"yoast_head":"<!-- This site is optimized with the Yoast SEO plugin v27.5 - https:\/\/yoast.com\/product\/yoast-seo-wordpress\/ -->\n<title>Wiosna w pe\u0142ni, a kwiatowe rze\u017aby puste - niepokoj\u0105 si\u0119 Czytelnicy. Wszystko przez... zimn\u0105 Zo\u015bk\u0119 - 24GLIWICE - Portal Gliwice | codziennie nowe informacje<\/title>\n<meta name=\"robots\" content=\"index, follow, max-snippet:-1, max-image-preview:large, max-video-preview:-1\" \/>\n<link rel=\"canonical\" href=\"https:\/\/www.24gliwice.pl\/wiadomosci\/wiosna-w-pelni-a-kwiatowe-rzezby-puste-niepokoja-sie-czytelnicy-wszystko-przez-zimna-zoske\/\" \/>\n<meta property=\"og:locale\" content=\"pl_PL\" \/>\n<meta property=\"og:type\" content=\"article\" \/>\n<meta property=\"og:title\" content=\"Wiosna w pe\u0142ni, a kwiatowe rze\u017aby puste - niepokoj\u0105 si\u0119 Czytelnicy. Wszystko przez... zimn\u0105 Zo\u015bk\u0119 - 24GLIWICE - Portal Gliwice | codziennie nowe informacje\" \/>\n<meta property=\"og:description\" content=\"Pi\u0119kna pogoda, ziele\u0144 rozkwita, a na rze\u017abach ci\u0105gle nie ma kwiat\u00f3w &#8211; zauwa\u017caj\u0105 w mailach do redakcji Czytelnicy. Sprawdzili\u015bmy, sezonowe ozdoby wr\u00f3c\u0105 ju\u017c w najbli\u017cszych dniach. &#8211; Wszystko przebiega zgodnie z harmonogramem. Zawsze staramy si\u0119 nasadza\u0107 po tzw. zimnej Zo\u015bce. To ze wzgl\u0119du na ryzyko przymrozk\u00f3w, kt\u00f3rych mog\u0142yby nie wytrzyma\u0107 niekt\u00f3re ro\u015bliny &#8211; wyja\u015bnia Iwona [&hellip;]\" \/>\n<meta property=\"og:url\" content=\"https:\/\/www.24gliwice.pl\/wiadomosci\/wiosna-w-pelni-a-kwiatowe-rzezby-puste-niepokoja-sie-czytelnicy-wszystko-przez-zimna-zoske\/\" \/>\n<meta property=\"og:site_name\" content=\"24GLIWICE - Portal Gliwice | codziennie nowe informacje\" \/>\n<meta property=\"article:publisher\" content=\"https:\/\/www.facebook.com\/24gliwice\" \/>\n<meta property=\"article:published_time\" content=\"2018-05-22T00:42:11+00:00\" \/>\n<meta property=\"og:image\" content=\"https:\/\/www.24gliwice.pl\/wiadomosci\/wp-content\/uploads\/2018\/05\/kwiotki2.jpg\" \/>\n\t<meta property=\"og:image:width\" content=\"2040\" \/>\n\t<meta property=\"og:image:height\" content=\"1148\" \/>\n\t<meta property=\"og:image:type\" content=\"image\/jpeg\" \/>\n<meta name=\"author\" content=\"Micha\u0142 Szewczyk\" \/>\n<meta name=\"twitter:card\" content=\"summary_large_image\" \/>\n<meta name=\"twitter:creator\" content=\"@24gliwice\" \/>\n<meta name=\"twitter:site\" content=\"@24gliwice\" \/>\n<meta name=\"twitter:label1\" content=\"Napisane przez\" \/>\n\t<meta name=\"twitter:data1\" content=\"Micha\u0142 Szewczyk\" \/>\n\t<meta name=\"twitter:label2\" content=\"Szacowany czas czytania\" \/>\n\t<meta name=\"twitter:data2\" content=\"2 minuty\" \/>\n<script type=\"application\/ld+json\" class=\"yoast-schema-graph\">{\"@context\":\"https:\\\/\\\/schema.org\",\"@graph\":[{\"@type\":\"Article\",\"@id\":\"https:\\\/\\\/www.24gliwice.pl\\\/wiadomosci\\\/wiosna-w-pelni-a-kwiatowe-rzezby-puste-niepokoja-sie-czytelnicy-wszystko-przez-zimna-zoske\\\/#article\",\"isPartOf\":{\"@id\":\"https:\\\/\\\/www.24gliwice.pl\\\/wiadomosci\\\/wiosna-w-pelni-a-kwiatowe-rzezby-puste-niepokoja-sie-czytelnicy-wszystko-przez-zimna-zoske\\\/\"},\"author\":{\"name\":\"Micha\u0142 Szewczyk\",\"@id\":\"https:\\\/\\\/www.24gliwice.pl\\\/wiadomosci\\\/#\\\/schema\\\/person\\\/940e8f8a097e322de4f463f061ef8d45\"},\"headline\":\"Wiosna w pe\u0142ni, a kwiatowe rze\u017aby puste &#8211; niepokoj\u0105 si\u0119 Czytelnicy. Wszystko przez&#8230; zimn\u0105 Zo\u015bk\u0119\",\"datePublished\":\"2018-05-22T00:42:11+00:00\",\"mainEntityOfPage\":{\"@id\":\"https:\\\/\\\/www.24gliwice.pl\\\/wiadomosci\\\/wiosna-w-pelni-a-kwiatowe-rzezby-puste-niepokoja-sie-czytelnicy-wszystko-przez-zimna-zoske\\\/\"},\"wordCount\":351,\"commentCount\":0,\"publisher\":{\"@id\":\"https:\\\/\\\/www.24gliwice.pl\\\/wiadomosci\\\/#organization\"},\"image\":{\"@id\":\"https:\\\/\\\/www.24gliwice.pl\\\/wiadomosci\\\/wiosna-w-pelni-a-kwiatowe-rzezby-puste-niepokoja-sie-czytelnicy-wszystko-przez-zimna-zoske\\\/#primaryimage\"},\"thumbnailUrl\":\"https:\\\/\\\/www.24gliwice.pl\\\/wiadomosci\\\/wp-content\\\/uploads\\\/2018\\\/05\\\/kwiotki2.jpg\",\"keywords\":[\"kwiaty\",\"MZUK\"],\"articleSection\":[\"Gliwice\",\"Najnowsze wiadomo\u015bci\",\"Portal Gliwice - Wiadomo\u015bci lokalne\"],\"inLanguage\":\"pl-PL\",\"potentialAction\":[{\"@type\":\"CommentAction\",\"name\":\"Comment\",\"target\":[\"https:\\\/\\\/www.24gliwice.pl\\\/wiadomosci\\\/wiosna-w-pelni-a-kwiatowe-rzezby-puste-niepokoja-sie-czytelnicy-wszystko-przez-zimna-zoske\\\/#respond\"]}]},{\"@type\":\"WebPage\",\"@id\":\"https:\\\/\\\/www.24gliwice.pl\\\/wiadomosci\\\/wiosna-w-pelni-a-kwiatowe-rzezby-puste-niepokoja-sie-czytelnicy-wszystko-przez-zimna-zoske\\\/\",\"url\":\"https:\\\/\\\/www.24gliwice.pl\\\/wiadomosci\\\/wiosna-w-pelni-a-kwiatowe-rzezby-puste-niepokoja-sie-czytelnicy-wszystko-przez-zimna-zoske\\\/\",\"name\":\"Wiosna w pe\u0142ni, a kwiatowe rze\u017aby puste - niepokoj\u0105 si\u0119 Czytelnicy. Wszystko przez... zimn\u0105 Zo\u015bk\u0119 - 24GLIWICE - Portal Gliwice | codziennie nowe informacje\",\"isPartOf\":{\"@id\":\"https:\\\/\\\/www.24gliwice.pl\\\/wiadomosci\\\/#website\"},\"primaryImageOfPage\":{\"@id\":\"https:\\\/\\\/www.24gliwice.pl\\\/wiadomosci\\\/wiosna-w-pelni-a-kwiatowe-rzezby-puste-niepokoja-sie-czytelnicy-wszystko-przez-zimna-zoske\\\/#primaryimage\"},\"image\":{\"@id\":\"https:\\\/\\\/www.24gliwice.pl\\\/wiadomosci\\\/wiosna-w-pelni-a-kwiatowe-rzezby-puste-niepokoja-sie-czytelnicy-wszystko-przez-zimna-zoske\\\/#primaryimage\"},\"thumbnailUrl\":\"https:\\\/\\\/www.24gliwice.pl\\\/wiadomosci\\\/wp-content\\\/uploads\\\/2018\\\/05\\\/kwiotki2.jpg\",\"datePublished\":\"2018-05-22T00:42:11+00:00\",\"breadcrumb\":{\"@id\":\"https:\\\/\\\/www.24gliwice.pl\\\/wiadomosci\\\/wiosna-w-pelni-a-kwiatowe-rzezby-puste-niepokoja-sie-czytelnicy-wszystko-przez-zimna-zoske\\\/#breadcrumb\"},\"inLanguage\":\"pl-PL\",\"potentialAction\":[{\"@type\":\"ReadAction\",\"target\":[\"https:\\\/\\\/www.24gliwice.pl\\\/wiadomosci\\\/wiosna-w-pelni-a-kwiatowe-rzezby-puste-niepokoja-sie-czytelnicy-wszystko-przez-zimna-zoske\\\/\"]}]},{\"@type\":\"ImageObject\",\"inLanguage\":\"pl-PL\",\"@id\":\"https:\\\/\\\/www.24gliwice.pl\\\/wiadomosci\\\/wiosna-w-pelni-a-kwiatowe-rzezby-puste-niepokoja-sie-czytelnicy-wszystko-przez-zimna-zoske\\\/#primaryimage\",\"url\":\"https:\\\/\\\/www.24gliwice.pl\\\/wiadomosci\\\/wp-content\\\/uploads\\\/2018\\\/05\\\/kwiotki2.jpg\",\"contentUrl\":\"https:\\\/\\\/www.24gliwice.pl\\\/wiadomosci\\\/wp-content\\\/uploads\\\/2018\\\/05\\\/kwiotki2.jpg\",\"width\":2040,\"height\":1148},{\"@type\":\"BreadcrumbList\",\"@id\":\"https:\\\/\\\/www.24gliwice.pl\\\/wiadomosci\\\/wiosna-w-pelni-a-kwiatowe-rzezby-puste-niepokoja-sie-czytelnicy-wszystko-przez-zimna-zoske\\\/#breadcrumb\",\"itemListElement\":[{\"@type\":\"ListItem\",\"position\":1,\"name\":\"Strona g\u0142\u00f3wna\",\"item\":\"https:\\\/\\\/www.24gliwice.pl\\\/wiadomosci\\\/\"},{\"@type\":\"ListItem\",\"position\":2,\"name\":\"Wiosna w pe\u0142ni, a kwiatowe rze\u017aby puste &#8211; niepokoj\u0105 si\u0119 Czytelnicy. Wszystko przez&#8230; zimn\u0105 Zo\u015bk\u0119\"}]},{\"@type\":\"WebSite\",\"@id\":\"https:\\\/\\\/www.24gliwice.pl\\\/wiadomosci\\\/#website\",\"url\":\"https:\\\/\\\/www.24gliwice.pl\\\/wiadomosci\\\/\",\"name\":\"24GLIWICE - Portal Gliwice | codziennie nowe wiadomo\u015bci\",\"description\":\"Portal Miejski Gliwice\",\"publisher\":{\"@id\":\"https:\\\/\\\/www.24gliwice.pl\\\/wiadomosci\\\/#organization\"},\"potentialAction\":[{\"@type\":\"SearchAction\",\"target\":{\"@type\":\"EntryPoint\",\"urlTemplate\":\"https:\\\/\\\/www.24gliwice.pl\\\/wiadomosci\\\/?s={search_term_string}\"},\"query-input\":{\"@type\":\"PropertyValueSpecification\",\"valueRequired\":true,\"valueName\":\"search_term_string\"}}],\"inLanguage\":\"pl-PL\"},{\"@type\":\"Organization\",\"@id\":\"https:\\\/\\\/www.24gliwice.pl\\\/wiadomosci\\\/#organization\",\"name\":\"24gliwice\",\"url\":\"https:\\\/\\\/www.24gliwice.pl\\\/wiadomosci\\\/\",\"logo\":{\"@type\":\"ImageObject\",\"inLanguage\":\"pl-PL\",\"@id\":\"https:\\\/\\\/www.24gliwice.pl\\\/wiadomosci\\\/#\\\/schema\\\/logo\\\/image\\\/\",\"url\":\"https:\\\/\\\/www.24gliwice.pl\\\/wiadomosci\\\/wp-content\\\/uploads\\\/2024\\\/10\\\/24gliwice-logo-696.jpg\",\"contentUrl\":\"https:\\\/\\\/www.24gliwice.pl\\\/wiadomosci\\\/wp-content\\\/uploads\\\/2024\\\/10\\\/24gliwice-logo-696.jpg\",\"width\":696,\"height\":696,\"caption\":\"24gliwice\"},\"image\":{\"@id\":\"https:\\\/\\\/www.24gliwice.pl\\\/wiadomosci\\\/#\\\/schema\\\/logo\\\/image\\\/\"},\"sameAs\":[\"https:\\\/\\\/www.facebook.com\\\/24gliwice\",\"https:\\\/\\\/x.com\\\/24gliwice\",\"https:\\\/\\\/www.youtube.com\\\/@24gliwice\"]},{\"@type\":\"Person\",\"@id\":\"https:\\\/\\\/www.24gliwice.pl\\\/wiadomosci\\\/#\\\/schema\\\/person\\\/940e8f8a097e322de4f463f061ef8d45\",\"name\":\"Micha\u0142 Szewczyk\",\"image\":{\"@type\":\"ImageObject\",\"inLanguage\":\"pl-PL\",\"@id\":\"https:\\\/\\\/secure.gravatar.com\\\/avatar\\\/771b8b6c74cd8d255e46392d605e01a86133900ef09b6ef3c8d451c9d92288cf?s=96&d=mm&r=g\",\"url\":\"https:\\\/\\\/secure.gravatar.com\\\/avatar\\\/771b8b6c74cd8d255e46392d605e01a86133900ef09b6ef3c8d451c9d92288cf?s=96&d=mm&r=g\",\"contentUrl\":\"https:\\\/\\\/secure.gravatar.com\\\/avatar\\\/771b8b6c74cd8d255e46392d605e01a86133900ef09b6ef3c8d451c9d92288cf?s=96&d=mm&r=g\",\"caption\":\"Micha\u0142 Szewczyk\"},\"sameAs\":[\"http:\\\/\\\/www.gazeta-miejska.pl\"],\"url\":\"https:\\\/\\\/www.24gliwice.pl\\\/wiadomosci\\\/author\\\/michal-szewczyk\\\/\"}]}<\/script>\n<!-- \/ Yoast SEO plugin. -->","yoast_head_json":{"title":"Wiosna w pe\u0142ni, a kwiatowe rze\u017aby puste - niepokoj\u0105 si\u0119 Czytelnicy. Wszystko przez... zimn\u0105 Zo\u015bk\u0119 - 24GLIWICE - Portal Gliwice | codziennie nowe informacje","robots":{"index":"index","follow":"follow","max-snippet":"max-snippet:-1","max-image-preview":"max-image-preview:large","max-video-preview":"max-video-preview:-1"},"canonical":"https:\/\/www.24gliwice.pl\/wiadomosci\/wiosna-w-pelni-a-kwiatowe-rzezby-puste-niepokoja-sie-czytelnicy-wszystko-przez-zimna-zoske\/","og_locale":"pl_PL","og_type":"article","og_title":"Wiosna w pe\u0142ni, a kwiatowe rze\u017aby puste - niepokoj\u0105 si\u0119 Czytelnicy. Wszystko przez... zimn\u0105 Zo\u015bk\u0119 - 24GLIWICE - Portal Gliwice | codziennie nowe informacje","og_description":"Pi\u0119kna pogoda, ziele\u0144 rozkwita, a na rze\u017abach ci\u0105gle nie ma kwiat\u00f3w &#8211; zauwa\u017caj\u0105 w mailach do redakcji Czytelnicy. Sprawdzili\u015bmy, sezonowe ozdoby wr\u00f3c\u0105 ju\u017c w najbli\u017cszych dniach. &#8211; Wszystko przebiega zgodnie z harmonogramem. Zawsze staramy si\u0119 nasadza\u0107 po tzw. zimnej Zo\u015bce. To ze wzgl\u0119du na ryzyko przymrozk\u00f3w, kt\u00f3rych mog\u0142yby nie wytrzyma\u0107 niekt\u00f3re ro\u015bliny &#8211; wyja\u015bnia Iwona [&hellip;]","og_url":"https:\/\/www.24gliwice.pl\/wiadomosci\/wiosna-w-pelni-a-kwiatowe-rzezby-puste-niepokoja-sie-czytelnicy-wszystko-przez-zimna-zoske\/","og_site_name":"24GLIWICE - Portal Gliwice | codziennie nowe informacje","article_publisher":"https:\/\/www.facebook.com\/24gliwice","article_published_time":"2018-05-22T00:42:11+00:00","og_image":[{"width":2040,"height":1148,"url":"https:\/\/www.24gliwice.pl\/wiadomosci\/wp-content\/uploads\/2018\/05\/kwiotki2.jpg","type":"image\/jpeg"}],"author":"Micha\u0142 Szewczyk","twitter_card":"summary_large_image","twitter_creator":"@24gliwice","twitter_site":"@24gliwice","twitter_misc":{"Napisane przez":"Micha\u0142 Szewczyk","Szacowany czas czytania":"2 minuty"},"schema":{"@context":"https:\/\/schema.org","@graph":[{"@type":"Article","@id":"https:\/\/www.24gliwice.pl\/wiadomosci\/wiosna-w-pelni-a-kwiatowe-rzezby-puste-niepokoja-sie-czytelnicy-wszystko-przez-zimna-zoske\/#article","isPartOf":{"@id":"https:\/\/www.24gliwice.pl\/wiadomosci\/wiosna-w-pelni-a-kwiatowe-rzezby-puste-niepokoja-sie-czytelnicy-wszystko-przez-zimna-zoske\/"},"author":{"name":"Micha\u0142 Szewczyk","@id":"https:\/\/www.24gliwice.pl\/wiadomosci\/#\/schema\/person\/940e8f8a097e322de4f463f061ef8d45"},"headline":"Wiosna w pe\u0142ni, a kwiatowe rze\u017aby puste &#8211; niepokoj\u0105 si\u0119 Czytelnicy. Wszystko przez&#8230; zimn\u0105 Zo\u015bk\u0119","datePublished":"2018-05-22T00:42:11+00:00","mainEntityOfPage":{"@id":"https:\/\/www.24gliwice.pl\/wiadomosci\/wiosna-w-pelni-a-kwiatowe-rzezby-puste-niepokoja-sie-czytelnicy-wszystko-przez-zimna-zoske\/"},"wordCount":351,"commentCount":0,"publisher":{"@id":"https:\/\/www.24gliwice.pl\/wiadomosci\/#organization"},"image":{"@id":"https:\/\/www.24gliwice.pl\/wiadomosci\/wiosna-w-pelni-a-kwiatowe-rzezby-puste-niepokoja-sie-czytelnicy-wszystko-przez-zimna-zoske\/#primaryimage"},"thumbnailUrl":"https:\/\/www.24gliwice.pl\/wiadomosci\/wp-content\/uploads\/2018\/05\/kwiotki2.jpg","keywords":["kwiaty","MZUK"],"articleSection":["Gliwice","Najnowsze wiadomo\u015bci","Portal Gliwice - Wiadomo\u015bci lokalne"],"inLanguage":"pl-PL","potentialAction":[{"@type":"CommentAction","name":"Comment","target":["https:\/\/www.24gliwice.pl\/wiadomosci\/wiosna-w-pelni-a-kwiatowe-rzezby-puste-niepokoja-sie-czytelnicy-wszystko-przez-zimna-zoske\/#respond"]}]},{"@type":"WebPage","@id":"https:\/\/www.24gliwice.pl\/wiadomosci\/wiosna-w-pelni-a-kwiatowe-rzezby-puste-niepokoja-sie-czytelnicy-wszystko-przez-zimna-zoske\/","url":"https:\/\/www.24gliwice.pl\/wiadomosci\/wiosna-w-pelni-a-kwiatowe-rzezby-puste-niepokoja-sie-czytelnicy-wszystko-przez-zimna-zoske\/","name":"Wiosna w pe\u0142ni, a kwiatowe rze\u017aby puste - niepokoj\u0105 si\u0119 Czytelnicy. Wszystko przez... zimn\u0105 Zo\u015bk\u0119 - 24GLIWICE - Portal Gliwice | codziennie nowe informacje","isPartOf":{"@id":"https:\/\/www.24gliwice.pl\/wiadomosci\/#website"},"primaryImageOfPage":{"@id":"https:\/\/www.24gliwice.pl\/wiadomosci\/wiosna-w-pelni-a-kwiatowe-rzezby-puste-niepokoja-sie-czytelnicy-wszystko-przez-zimna-zoske\/#primaryimage"},"image":{"@id":"https:\/\/www.24gliwice.pl\/wiadomosci\/wiosna-w-pelni-a-kwiatowe-rzezby-puste-niepokoja-sie-czytelnicy-wszystko-przez-zimna-zoske\/#primaryimage"},"thumbnailUrl":"https:\/\/www.24gliwice.pl\/wiadomosci\/wp-content\/uploads\/2018\/05\/kwiotki2.jpg","datePublished":"2018-05-22T00:42:11+00:00","breadcrumb":{"@id":"https:\/\/www.24gliwice.pl\/wiadomosci\/wiosna-w-pelni-a-kwiatowe-rzezby-puste-niepokoja-sie-czytelnicy-wszystko-przez-zimna-zoske\/#breadcrumb"},"inLanguage":"pl-PL","potentialAction":[{"@type":"ReadAction","target":["https:\/\/www.24gliwice.pl\/wiadomosci\/wiosna-w-pelni-a-kwiatowe-rzezby-puste-niepokoja-sie-czytelnicy-wszystko-przez-zimna-zoske\/"]}]},{"@type":"ImageObject","inLanguage":"pl-PL","@id":"https:\/\/www.24gliwice.pl\/wiadomosci\/wiosna-w-pelni-a-kwiatowe-rzezby-puste-niepokoja-sie-czytelnicy-wszystko-przez-zimna-zoske\/#primaryimage","url":"https:\/\/www.24gliwice.pl\/wiadomosci\/wp-content\/uploads\/2018\/05\/kwiotki2.jpg","contentUrl":"https:\/\/www.24gliwice.pl\/wiadomosci\/wp-content\/uploads\/2018\/05\/kwiotki2.jpg","width":2040,"height":1148},{"@type":"BreadcrumbList","@id":"https:\/\/www.24gliwice.pl\/wiadomosci\/wiosna-w-pelni-a-kwiatowe-rzezby-puste-niepokoja-sie-czytelnicy-wszystko-przez-zimna-zoske\/#breadcrumb","itemListElement":[{"@type":"ListItem","position":1,"name":"Strona g\u0142\u00f3wna","item":"https:\/\/www.24gliwice.pl\/wiadomosci\/"},{"@type":"ListItem","position":2,"name":"Wiosna w pe\u0142ni, a kwiatowe rze\u017aby puste &#8211; niepokoj\u0105 si\u0119 Czytelnicy. Wszystko przez&#8230; zimn\u0105 Zo\u015bk\u0119"}]},{"@type":"WebSite","@id":"https:\/\/www.24gliwice.pl\/wiadomosci\/#website","url":"https:\/\/www.24gliwice.pl\/wiadomosci\/","name":"24GLIWICE - Portal Gliwice | codziennie nowe wiadomo\u015bci","description":"Portal Miejski Gliwice","publisher":{"@id":"https:\/\/www.24gliwice.pl\/wiadomosci\/#organization"},"potentialAction":[{"@type":"SearchAction","target":{"@type":"EntryPoint","urlTemplate":"https:\/\/www.24gliwice.pl\/wiadomosci\/?s={search_term_string}"},"query-input":{"@type":"PropertyValueSpecification","valueRequired":true,"valueName":"search_term_string"}}],"inLanguage":"pl-PL"},{"@type":"Organization","@id":"https:\/\/www.24gliwice.pl\/wiadomosci\/#organization","name":"24gliwice","url":"https:\/\/www.24gliwice.pl\/wiadomosci\/","logo":{"@type":"ImageObject","inLanguage":"pl-PL","@id":"https:\/\/www.24gliwice.pl\/wiadomosci\/#\/schema\/logo\/image\/","url":"https:\/\/www.24gliwice.pl\/wiadomosci\/wp-content\/uploads\/2024\/10\/24gliwice-logo-696.jpg","contentUrl":"https:\/\/www.24gliwice.pl\/wiadomosci\/wp-content\/uploads\/2024\/10\/24gliwice-logo-696.jpg","width":696,"height":696,"caption":"24gliwice"},"image":{"@id":"https:\/\/www.24gliwice.pl\/wiadomosci\/#\/schema\/logo\/image\/"},"sameAs":["https:\/\/www.facebook.com\/24gliwice","https:\/\/x.com\/24gliwice","https:\/\/www.youtube.com\/@24gliwice"]},{"@type":"Person","@id":"https:\/\/www.24gliwice.pl\/wiadomosci\/#\/schema\/person\/940e8f8a097e322de4f463f061ef8d45","name":"Micha\u0142 Szewczyk","image":{"@type":"ImageObject","inLanguage":"pl-PL","@id":"https:\/\/secure.gravatar.com\/avatar\/771b8b6c74cd8d255e46392d605e01a86133900ef09b6ef3c8d451c9d92288cf?s=96&d=mm&r=g","url":"https:\/\/secure.gravatar.com\/avatar\/771b8b6c74cd8d255e46392d605e01a86133900ef09b6ef3c8d451c9d92288cf?s=96&d=mm&r=g","contentUrl":"https:\/\/secure.gravatar.com\/avatar\/771b8b6c74cd8d255e46392d605e01a86133900ef09b6ef3c8d451c9d92288cf?s=96&d=mm&r=g","caption":"Micha\u0142 Szewczyk"},"sameAs":["http:\/\/www.gazeta-miejska.pl"],"url":"https:\/\/www.24gliwice.pl\/wiadomosci\/author\/michal-szewczyk\/"}]}},"_links":{"self":[{"href":"https:\/\/www.24gliwice.pl\/wiadomosci\/wp-json\/wp\/v2\/posts\/117471","targetHints":{"allow":["GET"]}}],"collection":[{"href":"https:\/\/www.24gliwice.pl\/wiadomosci\/wp-json\/wp\/v2\/posts"}],"about":[{"href":"https:\/\/www.24gliwice.pl\/wiadomosci\/wp-json\/wp\/v2\/types\/post"}],"author":[{"embeddable":true,"href":"https:\/\/www.24gliwice.pl\/wiadomosci\/wp-json\/wp\/v2\/users\/12"}],"replies":[{"embeddable":true,"href":"https:\/\/www.24gliwice.pl\/wiadomosci\/wp-json\/wp\/v2\/comments?post=117471"}],"version-history":[{"count":0,"href":"https:\/\/www.24gliwice.pl\/wiadomosci\/wp-json\/wp\/v2\/posts\/117471\/revisions"}],"wp:featuredmedia":[{"embeddable":true,"href":"https:\/\/www.24gliwice.pl\/wiadomosci\/wp-json\/wp\/v2\/media\/117476"}],"wp:attachment":[{"href":"https:\/\/www.24gliwice.pl\/wiadomosci\/wp-json\/wp\/v2\/media?parent=117471"}],"wp:term":[{"taxonomy":"category","embeddable":true,"href":"https:\/\/www.24gliwice.pl\/wiadomosci\/wp-json\/wp\/v2\/categories?post=117471"},{"taxonomy":"post_tag","embeddable":true,"href":"https:\/\/www.24gliwice.pl\/wiadomosci\/wp-json\/wp\/v2\/tags?post=117471"}],"curies":[{"name":"wp","href":"https:\/\/api.w.org\/{rel}","templated":true}]}}