{"id":117498,"date":"2018-05-22T12:07:26","date_gmt":"2018-05-22T10:07:26","guid":{"rendered":"https:\/\/www.24gliwice.pl\/wiadomosci\/?p=117498"},"modified":"2018-05-22T14:06:59","modified_gmt":"2018-05-22T12:06:59","slug":"karambol-na-dts-nadmierna-predkosc-i-chwila-nieuwagi-jednego-kierowcy-wywolaly-efekt-domina","status":"publish","type":"post","link":"https:\/\/www.24gliwice.pl\/wiadomosci\/karambol-na-dts-nadmierna-predkosc-i-chwila-nieuwagi-jednego-kierowcy-wywolaly-efekt-domina\/","title":{"rendered":"Karambol na DT\u015a. Nadmierna pr\u0119dko\u015b\u0107 i chwila nieuwagi jednego kierowcy wywo\u0142a\u0142y efekt domina"},"content":{"rendered":"<div class=\"gliwi-a6-nad-leadem-artykulow gliwi-entity-placement\" id=\"gliwi-1038140192\"><div class=\"gliwi-adlabel\"><span style=\"font-size: 9px\">REKLAMA<\/span><\/div><div id=\"gliwi-2998250047\" style=\"margin-bottom: 30px;margin-left: auto;margin-right: auto;text-align: center;\"><a data-no-instant=\"1\" href=\"https:\/\/przedszkole.halogen.org.pl\/\" rel=\"noopener\" class=\"a2t-link\" target=\"_blank\" aria-label=\"20260402-ANIMATOR-przedszkole_grafika_750x200\"><img loading=\"lazy\" decoding=\"async\" src=\"https:\/\/www.24gliwice.pl\/wiadomosci\/wp-content\/uploads\/2026\/04\/20260402-ANIMATOR-przedszkole_grafika_750x200.webp\" alt=\"\"  srcset=\"https:\/\/www.24gliwice.pl\/wiadomosci\/wp-content\/uploads\/2026\/04\/20260402-ANIMATOR-przedszkole_grafika_750x200.webp 750w, https:\/\/www.24gliwice.pl\/wiadomosci\/wp-content\/uploads\/2026\/04\/20260402-ANIMATOR-przedszkole_grafika_750x200-410x109.webp 410w\" sizes=\"(max-width: 750px) 100vw, 750px\" class=\"no-lazyload\" width=\"750\" height=\"200\"  style=\"display: inline-block; max-width: 100%; height: auto;\" \/><\/a><\/div><\/div><h3>Niedostosowanie pr\u0119dko\u015bci i niezachowanie nale\u017cytej ostro\u017cno\u015bci &#8211; to g\u0142\u00f3wne przyczyny karambolu, do kt\u00f3rego dosz\u0142o na gliwickim odcinku Drogowej Trasy \u015arednicowej.<\/h3>\n<p>40-letni mieszkaniec Zabrza kieruj\u0105cy fiatem, w pobli\u017cu przew\u0119\u017cenia jezdni, uderzy\u0142 w stoj\u0105ce samochody. \u0141\u0105cznie sze\u015b\u0107 pojazd\u00f3w zosta\u0142o zniszczonych lub uszkodzonych. Jedna osoba trafi\u0142a do szpitala. Policjanci zatrzymali kierowcy prawo jazdy.<\/p>\n<p><img loading=\"lazy\" decoding=\"async\" class=\"aligncenter size-full wp-image-117500\" src=\"https:\/\/www.24gliwice.pl\/wiadomosci\/wp-content\/uploads\/2018\/05\/1-karambol-dts-honda.jpg\" alt=\"\" width=\"810\" height=\"455\" srcset=\"https:\/\/www.24gliwice.pl\/wiadomosci\/wp-content\/uploads\/2018\/05\/1-karambol-dts-honda.jpg 810w, https:\/\/www.24gliwice.pl\/wiadomosci\/wp-content\/uploads\/2018\/05\/1-karambol-dts-honda-410x230.jpg 410w, https:\/\/www.24gliwice.pl\/wiadomosci\/wp-content\/uploads\/2018\/05\/1-karambol-dts-honda-768x431.jpg 768w\" sizes=\"auto, (max-width: 810px) 100vw, 810px\" \/><\/p>\n<p>Policja wyja\u015bnia okoliczno\u015bci wypadku, do jakiego dosz\u0142o w poniedzia\u0142ek o godz. 16.20 w Gliwicach na DT\u015a, w rejonie granicy z Zabrzem. Wst\u0119pne ustalenia wskazuj\u0105, \u017ce w wyniku nadmiernej pr\u0119dko\u015bci oraz zagapienia si\u0119, kieruj\u0105cy <strong>fiatem stilo<\/strong> 40-latek najecha\u0142 na <strong>toyot\u0119 coroll\u0119<\/strong> kierowan\u0105 przez 68-letniego mieszka\u0144ca Olkusza, a nast\u0119pnie na <strong>hond\u0119 CRV<\/strong>, kierowan\u0105 przez 35-latka z Zabrza.<\/p><div class=\"gliwi-a3-w-tresci-artykulow gliwi-entity-placement\" id=\"gliwi-1850472982\"><div class=\"gliwi-adlabel\"><span style=\"font-size: 9px\">REKLAMA<\/span><\/div><div id=\"gliwi-119583132\" style=\"margin-bottom: 30px;margin-left: auto;margin-right: auto;text-align: center;\"><a data-no-instant=\"1\" href=\"https:\/\/zlobek.halogen.org.pl\/\" rel=\"noopener\" class=\"a2t-link\" target=\"_blank\" aria-label=\"animator-zlobek_750x200\"><img loading=\"lazy\" decoding=\"async\" src=\"https:\/\/www.24gliwice.pl\/wiadomosci\/wp-content\/uploads\/2026\/02\/animator-zlobek_750x200.webp\" alt=\"\"  srcset=\"https:\/\/www.24gliwice.pl\/wiadomosci\/wp-content\/uploads\/2026\/02\/animator-zlobek_750x200.webp 750w, https:\/\/www.24gliwice.pl\/wiadomosci\/wp-content\/uploads\/2026\/02\/animator-zlobek_750x200-410x109.webp 410w\" sizes=\"(max-width: 750px) 100vw, 750px\" class=\"no-lazyload\" width=\"750\" height=\"200\"  style=\"display: inline-block; max-width: 100%; height: auto;\" \/><\/a><\/div><\/div>\n<p>Honda, si\u0142\u0105 uderzenia, przemie\u015bci\u0142a si\u0119, taranuj\u0105c <strong>peugeota<\/strong>, kt\u00f3rym jecha\u0142 52-letni mieszkaniec Rudy \u015al\u0105skiej. Ten pojazd z kolei wpad\u0142 na <strong>iveco<\/strong>, za kierownic\u0105 kt\u00f3rego siedzia\u0142 22-letni zabrzanin. Ogromna energia przemie\u015bci\u0142a i ten samoch\u00f3d, w stron\u0119 <strong>opla astry<\/strong>. Astr\u0105 jecha\u0142 53-letni chorzowianin.<\/p>\n<p>Obra\u017ce\u0144 dozna\u0142 m\u0119\u017cczyzna kieruj\u0105cy hond\u0105, przewo\u017c\u0105cy prawid\u0142owo, zapi\u0119te w foteliku, 6-letnie dziecko. Na szcz\u0119\u015bcie ma\u0142y pasa\u017cer nie dozna\u0142 obra\u017ce\u0144. (KMP Gliwice)<\/p>\n<div class=\"gliwi-a5-na-koncu-artykulow gliwi-entity-placement\" id=\"gliwi-1606298588\"><div class=\"gliwi-adlabel\"><span style=\"font-size: 9px\">REKLAMA<\/span><\/div><div id=\"gliwi-1345461518\" style=\"margin-left: auto;margin-right: auto;text-align: center;\"><a data-no-instant=\"1\" href=\"https:\/\/prezeroarenagliwice.pl\/\" rel=\"noopener\" class=\"a2t-link\" target=\"_blank\" aria-label=\"20260309-PREZERO-WIOSNA-D\"><img loading=\"lazy\" decoding=\"async\" src=\"https:\/\/www.24gliwice.pl\/wiadomosci\/wp-content\/uploads\/2026\/03\/20260309-PREZERO-WIOSNA-D.webp\" alt=\"\"  srcset=\"https:\/\/www.24gliwice.pl\/wiadomosci\/wp-content\/uploads\/2026\/03\/20260309-PREZERO-WIOSNA-D.webp 750w, https:\/\/www.24gliwice.pl\/wiadomosci\/wp-content\/uploads\/2026\/03\/20260309-PREZERO-WIOSNA-D-410x109.webp 410w\" sizes=\"(max-width: 750px) 100vw, 750px\" class=\"no-lazyload\" width=\"750\" height=\"200\"  style=\"display: inline-block; max-width: 100%; height: auto;\" \/><\/a><\/div><\/div>","protected":false},"excerpt":{"rendered":"<p>Niedostosowanie pr\u0119dko\u015bci i niezachowanie nale\u017cytej ostro\u017cno\u015bci &#8211; to g\u0142\u00f3wne przyczyny karambolu, do kt\u00f3rego dosz\u0142o na gliwickim odcinku Drogowej Trasy \u015arednicowej. 40-letni mieszkaniec Zabrza kieruj\u0105cy fiatem, w pobli\u017cu przew\u0119\u017cenia jezdni, uderzy\u0142 w stoj\u0105ce samochody. \u0141\u0105cznie sze\u015b\u0107 pojazd\u00f3w zosta\u0142o zniszczonych lub uszkodzonych. Jedna osoba trafi\u0142a do szpitala. Policjanci zatrzymali kierowcy prawo jazdy. Policja wyja\u015bnia okoliczno\u015bci wypadku, do [&hellip;]<\/p>\n","protected":false},"author":4,"featured_media":117499,"comment_status":"open","ping_status":"closed","sticky":false,"template":"","format":"standard","meta":{"_monsterinsights_skip_tracking":false,"_monsterinsights_sitenote_active":false,"_monsterinsights_sitenote_note":"","_monsterinsights_sitenote_category":0,"footnotes":"","_links_to":"","_links_to_target":""},"categories":[3,1,9,5],"tags":[54],"class_list":["post-117498","post","type-post","status-publish","format-standard","has-post-thumbnail","hentry","category-gliwice","category-wszystko","category-aktualnosci_lokalne","category-kryminalki","tag-wypadek"],"yoast_head":"<!-- This site is optimized with the Yoast SEO plugin v27.5 - https:\/\/yoast.com\/product\/yoast-seo-wordpress\/ -->\n<title>Karambol na DT\u015a. Nadmierna pr\u0119dko\u015b\u0107 i chwila nieuwagi jednego kierowcy wywo\u0142a\u0142y efekt domina - 24GLIWICE - Portal Gliwice | codziennie nowe informacje<\/title>\n<meta name=\"robots\" content=\"index, follow, max-snippet:-1, max-image-preview:large, max-video-preview:-1\" \/>\n<link rel=\"canonical\" href=\"https:\/\/www.24gliwice.pl\/wiadomosci\/karambol-na-dts-nadmierna-predkosc-i-chwila-nieuwagi-jednego-kierowcy-wywolaly-efekt-domina\/\" \/>\n<meta property=\"og:locale\" content=\"pl_PL\" \/>\n<meta property=\"og:type\" content=\"article\" \/>\n<meta property=\"og:title\" content=\"Karambol na DT\u015a. Nadmierna pr\u0119dko\u015b\u0107 i chwila nieuwagi jednego kierowcy wywo\u0142a\u0142y efekt domina - 24GLIWICE - Portal Gliwice | codziennie nowe informacje\" \/>\n<meta property=\"og:description\" content=\"Niedostosowanie pr\u0119dko\u015bci i niezachowanie nale\u017cytej ostro\u017cno\u015bci &#8211; to g\u0142\u00f3wne przyczyny karambolu, do kt\u00f3rego dosz\u0142o na gliwickim odcinku Drogowej Trasy \u015arednicowej. 40-letni mieszkaniec Zabrza kieruj\u0105cy fiatem, w pobli\u017cu przew\u0119\u017cenia jezdni, uderzy\u0142 w stoj\u0105ce samochody. \u0141\u0105cznie sze\u015b\u0107 pojazd\u00f3w zosta\u0142o zniszczonych lub uszkodzonych. Jedna osoba trafi\u0142a do szpitala. Policjanci zatrzymali kierowcy prawo jazdy. Policja wyja\u015bnia okoliczno\u015bci wypadku, do [&hellip;]\" \/>\n<meta property=\"og:url\" content=\"https:\/\/www.24gliwice.pl\/wiadomosci\/karambol-na-dts-nadmierna-predkosc-i-chwila-nieuwagi-jednego-kierowcy-wywolaly-efekt-domina\/\" \/>\n<meta property=\"og:site_name\" content=\"24GLIWICE - Portal Gliwice | codziennie nowe informacje\" \/>\n<meta property=\"article:publisher\" content=\"https:\/\/www.facebook.com\/24gliwice\" \/>\n<meta property=\"article:author\" content=\"https:\/\/www.facebook.com\/marcin.fabrykowski\" \/>\n<meta property=\"article:published_time\" content=\"2018-05-22T10:07:26+00:00\" \/>\n<meta property=\"article:modified_time\" content=\"2018-05-22T12:06:59+00:00\" \/>\n<meta property=\"og:image\" content=\"https:\/\/www.24gliwice.pl\/wiadomosci\/wp-content\/uploads\/2018\/05\/1-karambol-dts.jpg\" \/>\n\t<meta property=\"og:image:width\" content=\"810\" \/>\n\t<meta property=\"og:image:height\" content=\"455\" \/>\n\t<meta property=\"og:image:type\" content=\"image\/jpeg\" \/>\n<meta name=\"author\" content=\"Marcin Fabrykowski\" \/>\n<meta name=\"twitter:card\" content=\"summary_large_image\" \/>\n<meta name=\"twitter:creator\" content=\"@24gliwice\" \/>\n<meta name=\"twitter:site\" content=\"@24gliwice\" \/>\n<meta name=\"twitter:label1\" content=\"Napisane przez\" \/>\n\t<meta name=\"twitter:data1\" content=\"Marcin Fabrykowski\" \/>\n\t<meta name=\"twitter:label2\" content=\"Szacowany czas czytania\" \/>\n\t<meta name=\"twitter:data2\" content=\"1 minuta\" \/>\n<script type=\"application\/ld+json\" class=\"yoast-schema-graph\">{\"@context\":\"https:\\\/\\\/schema.org\",\"@graph\":[{\"@type\":\"Article\",\"@id\":\"https:\\\/\\\/www.24gliwice.pl\\\/wiadomosci\\\/karambol-na-dts-nadmierna-predkosc-i-chwila-nieuwagi-jednego-kierowcy-wywolaly-efekt-domina\\\/#article\",\"isPartOf\":{\"@id\":\"https:\\\/\\\/www.24gliwice.pl\\\/wiadomosci\\\/karambol-na-dts-nadmierna-predkosc-i-chwila-nieuwagi-jednego-kierowcy-wywolaly-efekt-domina\\\/\"},\"author\":{\"name\":\"Marcin Fabrykowski\",\"@id\":\"https:\\\/\\\/www.24gliwice.pl\\\/wiadomosci\\\/#\\\/schema\\\/person\\\/cb5857e4a4d048c15984c1edcc8ef0c0\"},\"headline\":\"Karambol na DT\u015a. Nadmierna pr\u0119dko\u015b\u0107 i chwila nieuwagi jednego kierowcy wywo\u0142a\u0142y efekt domina\",\"datePublished\":\"2018-05-22T10:07:26+00:00\",\"dateModified\":\"2018-05-22T12:06:59+00:00\",\"mainEntityOfPage\":{\"@id\":\"https:\\\/\\\/www.24gliwice.pl\\\/wiadomosci\\\/karambol-na-dts-nadmierna-predkosc-i-chwila-nieuwagi-jednego-kierowcy-wywolaly-efekt-domina\\\/\"},\"wordCount\":225,\"commentCount\":0,\"publisher\":{\"@id\":\"https:\\\/\\\/www.24gliwice.pl\\\/wiadomosci\\\/#organization\"},\"image\":{\"@id\":\"https:\\\/\\\/www.24gliwice.pl\\\/wiadomosci\\\/karambol-na-dts-nadmierna-predkosc-i-chwila-nieuwagi-jednego-kierowcy-wywolaly-efekt-domina\\\/#primaryimage\"},\"thumbnailUrl\":\"https:\\\/\\\/www.24gliwice.pl\\\/wiadomosci\\\/wp-content\\\/uploads\\\/2018\\\/05\\\/1-karambol-dts.jpg\",\"keywords\":[\"WYPADEK\"],\"articleSection\":[\"Gliwice\",\"Najnowsze wiadomo\u015bci\",\"Portal Gliwice - Wiadomo\u015bci lokalne\",\"Prawo\"],\"inLanguage\":\"pl-PL\",\"potentialAction\":[{\"@type\":\"CommentAction\",\"name\":\"Comment\",\"target\":[\"https:\\\/\\\/www.24gliwice.pl\\\/wiadomosci\\\/karambol-na-dts-nadmierna-predkosc-i-chwila-nieuwagi-jednego-kierowcy-wywolaly-efekt-domina\\\/#respond\"]}]},{\"@type\":\"WebPage\",\"@id\":\"https:\\\/\\\/www.24gliwice.pl\\\/wiadomosci\\\/karambol-na-dts-nadmierna-predkosc-i-chwila-nieuwagi-jednego-kierowcy-wywolaly-efekt-domina\\\/\",\"url\":\"https:\\\/\\\/www.24gliwice.pl\\\/wiadomosci\\\/karambol-na-dts-nadmierna-predkosc-i-chwila-nieuwagi-jednego-kierowcy-wywolaly-efekt-domina\\\/\",\"name\":\"Karambol na DT\u015a. Nadmierna pr\u0119dko\u015b\u0107 i chwila nieuwagi jednego kierowcy wywo\u0142a\u0142y efekt domina - 24GLIWICE - Portal Gliwice | codziennie nowe informacje\",\"isPartOf\":{\"@id\":\"https:\\\/\\\/www.24gliwice.pl\\\/wiadomosci\\\/#website\"},\"primaryImageOfPage\":{\"@id\":\"https:\\\/\\\/www.24gliwice.pl\\\/wiadomosci\\\/karambol-na-dts-nadmierna-predkosc-i-chwila-nieuwagi-jednego-kierowcy-wywolaly-efekt-domina\\\/#primaryimage\"},\"image\":{\"@id\":\"https:\\\/\\\/www.24gliwice.pl\\\/wiadomosci\\\/karambol-na-dts-nadmierna-predkosc-i-chwila-nieuwagi-jednego-kierowcy-wywolaly-efekt-domina\\\/#primaryimage\"},\"thumbnailUrl\":\"https:\\\/\\\/www.24gliwice.pl\\\/wiadomosci\\\/wp-content\\\/uploads\\\/2018\\\/05\\\/1-karambol-dts.jpg\",\"datePublished\":\"2018-05-22T10:07:26+00:00\",\"dateModified\":\"2018-05-22T12:06:59+00:00\",\"breadcrumb\":{\"@id\":\"https:\\\/\\\/www.24gliwice.pl\\\/wiadomosci\\\/karambol-na-dts-nadmierna-predkosc-i-chwila-nieuwagi-jednego-kierowcy-wywolaly-efekt-domina\\\/#breadcrumb\"},\"inLanguage\":\"pl-PL\",\"potentialAction\":[{\"@type\":\"ReadAction\",\"target\":[\"https:\\\/\\\/www.24gliwice.pl\\\/wiadomosci\\\/karambol-na-dts-nadmierna-predkosc-i-chwila-nieuwagi-jednego-kierowcy-wywolaly-efekt-domina\\\/\"]}]},{\"@type\":\"ImageObject\",\"inLanguage\":\"pl-PL\",\"@id\":\"https:\\\/\\\/www.24gliwice.pl\\\/wiadomosci\\\/karambol-na-dts-nadmierna-predkosc-i-chwila-nieuwagi-jednego-kierowcy-wywolaly-efekt-domina\\\/#primaryimage\",\"url\":\"https:\\\/\\\/www.24gliwice.pl\\\/wiadomosci\\\/wp-content\\\/uploads\\\/2018\\\/05\\\/1-karambol-dts.jpg\",\"contentUrl\":\"https:\\\/\\\/www.24gliwice.pl\\\/wiadomosci\\\/wp-content\\\/uploads\\\/2018\\\/05\\\/1-karambol-dts.jpg\",\"width\":810,\"height\":455},{\"@type\":\"BreadcrumbList\",\"@id\":\"https:\\\/\\\/www.24gliwice.pl\\\/wiadomosci\\\/karambol-na-dts-nadmierna-predkosc-i-chwila-nieuwagi-jednego-kierowcy-wywolaly-efekt-domina\\\/#breadcrumb\",\"itemListElement\":[{\"@type\":\"ListItem\",\"position\":1,\"name\":\"Strona g\u0142\u00f3wna\",\"item\":\"https:\\\/\\\/www.24gliwice.pl\\\/wiadomosci\\\/\"},{\"@type\":\"ListItem\",\"position\":2,\"name\":\"Karambol na DT\u015a. Nadmierna pr\u0119dko\u015b\u0107 i chwila nieuwagi jednego kierowcy wywo\u0142a\u0142y efekt domina\"}]},{\"@type\":\"WebSite\",\"@id\":\"https:\\\/\\\/www.24gliwice.pl\\\/wiadomosci\\\/#website\",\"url\":\"https:\\\/\\\/www.24gliwice.pl\\\/wiadomosci\\\/\",\"name\":\"24GLIWICE - Portal Gliwice | codziennie nowe wiadomo\u015bci\",\"description\":\"Portal Miejski Gliwice\",\"publisher\":{\"@id\":\"https:\\\/\\\/www.24gliwice.pl\\\/wiadomosci\\\/#organization\"},\"potentialAction\":[{\"@type\":\"SearchAction\",\"target\":{\"@type\":\"EntryPoint\",\"urlTemplate\":\"https:\\\/\\\/www.24gliwice.pl\\\/wiadomosci\\\/?s={search_term_string}\"},\"query-input\":{\"@type\":\"PropertyValueSpecification\",\"valueRequired\":true,\"valueName\":\"search_term_string\"}}],\"inLanguage\":\"pl-PL\"},{\"@type\":\"Organization\",\"@id\":\"https:\\\/\\\/www.24gliwice.pl\\\/wiadomosci\\\/#organization\",\"name\":\"24gliwice\",\"url\":\"https:\\\/\\\/www.24gliwice.pl\\\/wiadomosci\\\/\",\"logo\":{\"@type\":\"ImageObject\",\"inLanguage\":\"pl-PL\",\"@id\":\"https:\\\/\\\/www.24gliwice.pl\\\/wiadomosci\\\/#\\\/schema\\\/logo\\\/image\\\/\",\"url\":\"https:\\\/\\\/www.24gliwice.pl\\\/wiadomosci\\\/wp-content\\\/uploads\\\/2024\\\/10\\\/24gliwice-logo-696.jpg\",\"contentUrl\":\"https:\\\/\\\/www.24gliwice.pl\\\/wiadomosci\\\/wp-content\\\/uploads\\\/2024\\\/10\\\/24gliwice-logo-696.jpg\",\"width\":696,\"height\":696,\"caption\":\"24gliwice\"},\"image\":{\"@id\":\"https:\\\/\\\/www.24gliwice.pl\\\/wiadomosci\\\/#\\\/schema\\\/logo\\\/image\\\/\"},\"sameAs\":[\"https:\\\/\\\/www.facebook.com\\\/24gliwice\",\"https:\\\/\\\/x.com\\\/24gliwice\",\"https:\\\/\\\/www.youtube.com\\\/@24gliwice\"]},{\"@type\":\"Person\",\"@id\":\"https:\\\/\\\/www.24gliwice.pl\\\/wiadomosci\\\/#\\\/schema\\\/person\\\/cb5857e4a4d048c15984c1edcc8ef0c0\",\"name\":\"Marcin Fabrykowski\",\"image\":{\"@type\":\"ImageObject\",\"inLanguage\":\"pl-PL\",\"@id\":\"https:\\\/\\\/www.24gliwice.pl\\\/wiadomosci\\\/wp-content\\\/uploads\\\/2025\\\/11\\\/zdjecie-moje-marcin-300-96x96.jpg\",\"url\":\"https:\\\/\\\/www.24gliwice.pl\\\/wiadomosci\\\/wp-content\\\/uploads\\\/2025\\\/11\\\/zdjecie-moje-marcin-300-96x96.jpg\",\"contentUrl\":\"https:\\\/\\\/www.24gliwice.pl\\\/wiadomosci\\\/wp-content\\\/uploads\\\/2025\\\/11\\\/zdjecie-moje-marcin-300-96x96.jpg\",\"caption\":\"Marcin Fabrykowski\"},\"sameAs\":[\"http:\\\/\\\/24gliwice.pl\",\"https:\\\/\\\/www.facebook.com\\\/marcin.fabrykowski\"],\"url\":\"https:\\\/\\\/www.24gliwice.pl\\\/wiadomosci\\\/author\\\/marcin-fabrykowski\\\/\"}]}<\/script>\n<!-- \/ Yoast SEO plugin. -->","yoast_head_json":{"title":"Karambol na DT\u015a. Nadmierna pr\u0119dko\u015b\u0107 i chwila nieuwagi jednego kierowcy wywo\u0142a\u0142y efekt domina - 24GLIWICE - Portal Gliwice | codziennie nowe informacje","robots":{"index":"index","follow":"follow","max-snippet":"max-snippet:-1","max-image-preview":"max-image-preview:large","max-video-preview":"max-video-preview:-1"},"canonical":"https:\/\/www.24gliwice.pl\/wiadomosci\/karambol-na-dts-nadmierna-predkosc-i-chwila-nieuwagi-jednego-kierowcy-wywolaly-efekt-domina\/","og_locale":"pl_PL","og_type":"article","og_title":"Karambol na DT\u015a. Nadmierna pr\u0119dko\u015b\u0107 i chwila nieuwagi jednego kierowcy wywo\u0142a\u0142y efekt domina - 24GLIWICE - Portal Gliwice | codziennie nowe informacje","og_description":"Niedostosowanie pr\u0119dko\u015bci i niezachowanie nale\u017cytej ostro\u017cno\u015bci &#8211; to g\u0142\u00f3wne przyczyny karambolu, do kt\u00f3rego dosz\u0142o na gliwickim odcinku Drogowej Trasy \u015arednicowej. 40-letni mieszkaniec Zabrza kieruj\u0105cy fiatem, w pobli\u017cu przew\u0119\u017cenia jezdni, uderzy\u0142 w stoj\u0105ce samochody. \u0141\u0105cznie sze\u015b\u0107 pojazd\u00f3w zosta\u0142o zniszczonych lub uszkodzonych. Jedna osoba trafi\u0142a do szpitala. Policjanci zatrzymali kierowcy prawo jazdy. Policja wyja\u015bnia okoliczno\u015bci wypadku, do [&hellip;]","og_url":"https:\/\/www.24gliwice.pl\/wiadomosci\/karambol-na-dts-nadmierna-predkosc-i-chwila-nieuwagi-jednego-kierowcy-wywolaly-efekt-domina\/","og_site_name":"24GLIWICE - Portal Gliwice | codziennie nowe informacje","article_publisher":"https:\/\/www.facebook.com\/24gliwice","article_author":"https:\/\/www.facebook.com\/marcin.fabrykowski","article_published_time":"2018-05-22T10:07:26+00:00","article_modified_time":"2018-05-22T12:06:59+00:00","og_image":[{"width":810,"height":455,"url":"https:\/\/www.24gliwice.pl\/wiadomosci\/wp-content\/uploads\/2018\/05\/1-karambol-dts.jpg","type":"image\/jpeg"}],"author":"Marcin Fabrykowski","twitter_card":"summary_large_image","twitter_creator":"@24gliwice","twitter_site":"@24gliwice","twitter_misc":{"Napisane przez":"Marcin Fabrykowski","Szacowany czas czytania":"1 minuta"},"schema":{"@context":"https:\/\/schema.org","@graph":[{"@type":"Article","@id":"https:\/\/www.24gliwice.pl\/wiadomosci\/karambol-na-dts-nadmierna-predkosc-i-chwila-nieuwagi-jednego-kierowcy-wywolaly-efekt-domina\/#article","isPartOf":{"@id":"https:\/\/www.24gliwice.pl\/wiadomosci\/karambol-na-dts-nadmierna-predkosc-i-chwila-nieuwagi-jednego-kierowcy-wywolaly-efekt-domina\/"},"author":{"name":"Marcin Fabrykowski","@id":"https:\/\/www.24gliwice.pl\/wiadomosci\/#\/schema\/person\/cb5857e4a4d048c15984c1edcc8ef0c0"},"headline":"Karambol na DT\u015a. Nadmierna pr\u0119dko\u015b\u0107 i chwila nieuwagi jednego kierowcy wywo\u0142a\u0142y efekt domina","datePublished":"2018-05-22T10:07:26+00:00","dateModified":"2018-05-22T12:06:59+00:00","mainEntityOfPage":{"@id":"https:\/\/www.24gliwice.pl\/wiadomosci\/karambol-na-dts-nadmierna-predkosc-i-chwila-nieuwagi-jednego-kierowcy-wywolaly-efekt-domina\/"},"wordCount":225,"commentCount":0,"publisher":{"@id":"https:\/\/www.24gliwice.pl\/wiadomosci\/#organization"},"image":{"@id":"https:\/\/www.24gliwice.pl\/wiadomosci\/karambol-na-dts-nadmierna-predkosc-i-chwila-nieuwagi-jednego-kierowcy-wywolaly-efekt-domina\/#primaryimage"},"thumbnailUrl":"https:\/\/www.24gliwice.pl\/wiadomosci\/wp-content\/uploads\/2018\/05\/1-karambol-dts.jpg","keywords":["WYPADEK"],"articleSection":["Gliwice","Najnowsze wiadomo\u015bci","Portal Gliwice - Wiadomo\u015bci lokalne","Prawo"],"inLanguage":"pl-PL","potentialAction":[{"@type":"CommentAction","name":"Comment","target":["https:\/\/www.24gliwice.pl\/wiadomosci\/karambol-na-dts-nadmierna-predkosc-i-chwila-nieuwagi-jednego-kierowcy-wywolaly-efekt-domina\/#respond"]}]},{"@type":"WebPage","@id":"https:\/\/www.24gliwice.pl\/wiadomosci\/karambol-na-dts-nadmierna-predkosc-i-chwila-nieuwagi-jednego-kierowcy-wywolaly-efekt-domina\/","url":"https:\/\/www.24gliwice.pl\/wiadomosci\/karambol-na-dts-nadmierna-predkosc-i-chwila-nieuwagi-jednego-kierowcy-wywolaly-efekt-domina\/","name":"Karambol na DT\u015a. Nadmierna pr\u0119dko\u015b\u0107 i chwila nieuwagi jednego kierowcy wywo\u0142a\u0142y efekt domina - 24GLIWICE - Portal Gliwice | codziennie nowe informacje","isPartOf":{"@id":"https:\/\/www.24gliwice.pl\/wiadomosci\/#website"},"primaryImageOfPage":{"@id":"https:\/\/www.24gliwice.pl\/wiadomosci\/karambol-na-dts-nadmierna-predkosc-i-chwila-nieuwagi-jednego-kierowcy-wywolaly-efekt-domina\/#primaryimage"},"image":{"@id":"https:\/\/www.24gliwice.pl\/wiadomosci\/karambol-na-dts-nadmierna-predkosc-i-chwila-nieuwagi-jednego-kierowcy-wywolaly-efekt-domina\/#primaryimage"},"thumbnailUrl":"https:\/\/www.24gliwice.pl\/wiadomosci\/wp-content\/uploads\/2018\/05\/1-karambol-dts.jpg","datePublished":"2018-05-22T10:07:26+00:00","dateModified":"2018-05-22T12:06:59+00:00","breadcrumb":{"@id":"https:\/\/www.24gliwice.pl\/wiadomosci\/karambol-na-dts-nadmierna-predkosc-i-chwila-nieuwagi-jednego-kierowcy-wywolaly-efekt-domina\/#breadcrumb"},"inLanguage":"pl-PL","potentialAction":[{"@type":"ReadAction","target":["https:\/\/www.24gliwice.pl\/wiadomosci\/karambol-na-dts-nadmierna-predkosc-i-chwila-nieuwagi-jednego-kierowcy-wywolaly-efekt-domina\/"]}]},{"@type":"ImageObject","inLanguage":"pl-PL","@id":"https:\/\/www.24gliwice.pl\/wiadomosci\/karambol-na-dts-nadmierna-predkosc-i-chwila-nieuwagi-jednego-kierowcy-wywolaly-efekt-domina\/#primaryimage","url":"https:\/\/www.24gliwice.pl\/wiadomosci\/wp-content\/uploads\/2018\/05\/1-karambol-dts.jpg","contentUrl":"https:\/\/www.24gliwice.pl\/wiadomosci\/wp-content\/uploads\/2018\/05\/1-karambol-dts.jpg","width":810,"height":455},{"@type":"BreadcrumbList","@id":"https:\/\/www.24gliwice.pl\/wiadomosci\/karambol-na-dts-nadmierna-predkosc-i-chwila-nieuwagi-jednego-kierowcy-wywolaly-efekt-domina\/#breadcrumb","itemListElement":[{"@type":"ListItem","position":1,"name":"Strona g\u0142\u00f3wna","item":"https:\/\/www.24gliwice.pl\/wiadomosci\/"},{"@type":"ListItem","position":2,"name":"Karambol na DT\u015a. Nadmierna pr\u0119dko\u015b\u0107 i chwila nieuwagi jednego kierowcy wywo\u0142a\u0142y efekt domina"}]},{"@type":"WebSite","@id":"https:\/\/www.24gliwice.pl\/wiadomosci\/#website","url":"https:\/\/www.24gliwice.pl\/wiadomosci\/","name":"24GLIWICE - Portal Gliwice | codziennie nowe wiadomo\u015bci","description":"Portal Miejski Gliwice","publisher":{"@id":"https:\/\/www.24gliwice.pl\/wiadomosci\/#organization"},"potentialAction":[{"@type":"SearchAction","target":{"@type":"EntryPoint","urlTemplate":"https:\/\/www.24gliwice.pl\/wiadomosci\/?s={search_term_string}"},"query-input":{"@type":"PropertyValueSpecification","valueRequired":true,"valueName":"search_term_string"}}],"inLanguage":"pl-PL"},{"@type":"Organization","@id":"https:\/\/www.24gliwice.pl\/wiadomosci\/#organization","name":"24gliwice","url":"https:\/\/www.24gliwice.pl\/wiadomosci\/","logo":{"@type":"ImageObject","inLanguage":"pl-PL","@id":"https:\/\/www.24gliwice.pl\/wiadomosci\/#\/schema\/logo\/image\/","url":"https:\/\/www.24gliwice.pl\/wiadomosci\/wp-content\/uploads\/2024\/10\/24gliwice-logo-696.jpg","contentUrl":"https:\/\/www.24gliwice.pl\/wiadomosci\/wp-content\/uploads\/2024\/10\/24gliwice-logo-696.jpg","width":696,"height":696,"caption":"24gliwice"},"image":{"@id":"https:\/\/www.24gliwice.pl\/wiadomosci\/#\/schema\/logo\/image\/"},"sameAs":["https:\/\/www.facebook.com\/24gliwice","https:\/\/x.com\/24gliwice","https:\/\/www.youtube.com\/@24gliwice"]},{"@type":"Person","@id":"https:\/\/www.24gliwice.pl\/wiadomosci\/#\/schema\/person\/cb5857e4a4d048c15984c1edcc8ef0c0","name":"Marcin Fabrykowski","image":{"@type":"ImageObject","inLanguage":"pl-PL","@id":"https:\/\/www.24gliwice.pl\/wiadomosci\/wp-content\/uploads\/2025\/11\/zdjecie-moje-marcin-300-96x96.jpg","url":"https:\/\/www.24gliwice.pl\/wiadomosci\/wp-content\/uploads\/2025\/11\/zdjecie-moje-marcin-300-96x96.jpg","contentUrl":"https:\/\/www.24gliwice.pl\/wiadomosci\/wp-content\/uploads\/2025\/11\/zdjecie-moje-marcin-300-96x96.jpg","caption":"Marcin Fabrykowski"},"sameAs":["http:\/\/24gliwice.pl","https:\/\/www.facebook.com\/marcin.fabrykowski"],"url":"https:\/\/www.24gliwice.pl\/wiadomosci\/author\/marcin-fabrykowski\/"}]}},"_links":{"self":[{"href":"https:\/\/www.24gliwice.pl\/wiadomosci\/wp-json\/wp\/v2\/posts\/117498","targetHints":{"allow":["GET"]}}],"collection":[{"href":"https:\/\/www.24gliwice.pl\/wiadomosci\/wp-json\/wp\/v2\/posts"}],"about":[{"href":"https:\/\/www.24gliwice.pl\/wiadomosci\/wp-json\/wp\/v2\/types\/post"}],"author":[{"embeddable":true,"href":"https:\/\/www.24gliwice.pl\/wiadomosci\/wp-json\/wp\/v2\/users\/4"}],"replies":[{"embeddable":true,"href":"https:\/\/www.24gliwice.pl\/wiadomosci\/wp-json\/wp\/v2\/comments?post=117498"}],"version-history":[{"count":0,"href":"https:\/\/www.24gliwice.pl\/wiadomosci\/wp-json\/wp\/v2\/posts\/117498\/revisions"}],"wp:featuredmedia":[{"embeddable":true,"href":"https:\/\/www.24gliwice.pl\/wiadomosci\/wp-json\/wp\/v2\/media\/117499"}],"wp:attachment":[{"href":"https:\/\/www.24gliwice.pl\/wiadomosci\/wp-json\/wp\/v2\/media?parent=117498"}],"wp:term":[{"taxonomy":"category","embeddable":true,"href":"https:\/\/www.24gliwice.pl\/wiadomosci\/wp-json\/wp\/v2\/categories?post=117498"},{"taxonomy":"post_tag","embeddable":true,"href":"https:\/\/www.24gliwice.pl\/wiadomosci\/wp-json\/wp\/v2\/tags?post=117498"}],"curies":[{"name":"wp","href":"https:\/\/api.w.org\/{rel}","templated":true}]}}