{"id":117507,"date":"2018-05-25T11:55:39","date_gmt":"2018-05-25T09:55:39","guid":{"rendered":"https:\/\/www.24gliwice.pl\/wiadomosci\/?p=117507"},"modified":"2018-05-25T11:55:39","modified_gmt":"2018-05-25T09:55:39","slug":"klopotliwy-problem-na-podworku-mieszkancy-skarza-sie-na-mocz-wymioty-i-zaklocanie-porzadku","status":"publish","type":"post","link":"https:\/\/www.24gliwice.pl\/wiadomosci\/klopotliwy-problem-na-podworku-mieszkancy-skarza-sie-na-mocz-wymioty-i-zaklocanie-porzadku\/","title":{"rendered":"K\u0142opotliwy problem na podw\u00f3rku. Mieszka\u0144cy skar\u017c\u0105 si\u0119 na mocz, wymioty i zak\u0142\u00f3canie porz\u0105dku"},"content":{"rendered":"<div class=\"gliwi-a6-nad-leadem-artykulow gliwi-entity-placement\" id=\"gliwi-2543501498\"><div class=\"gliwi-adlabel\"><span style=\"font-size: 9px\">REKLAMA<\/span><\/div><div id=\"gliwi-2278815127\" style=\"margin-bottom: 25px;margin-left: auto;margin-right: auto;text-align: center;\"><a data-no-instant=\"1\" href=\"https:\/\/dom100.eu\/\" rel=\"noopener\" class=\"a2t-link\" target=\"_blank\" aria-label=\"20260415 DOM100 D\"><img loading=\"lazy\" decoding=\"async\" src=\"https:\/\/www.24gliwice.pl\/wiadomosci\/wp-content\/uploads\/2026\/04\/20260415-DOM100-D.jpg\" alt=\"\"  srcset=\"https:\/\/www.24gliwice.pl\/wiadomosci\/wp-content\/uploads\/2026\/04\/20260415-DOM100-D.jpg 750w, https:\/\/www.24gliwice.pl\/wiadomosci\/wp-content\/uploads\/2026\/04\/20260415-DOM100-D-410x109.jpg 410w\" sizes=\"(max-width: 750px) 100vw, 750px\" class=\"no-lazyload\" width=\"750\" height=\"200\"  style=\"display: inline-block; max-width: 100%; height: auto;\" \/><\/a><\/div><\/div><h3>Do radnych Bart\u0142omieja Kowalskiego i Tomasza Tylutko zg\u0142osili si\u0119 mieszka\u0144cy ulicy Zwyci\u0119stwa od nr 7 do 11, w bezpo\u015brednim s\u0105siedztwie Willi Caro. Za ich kamienicami, w podw\u00f3rku, podczas weekend\u00f3w dochodzi do r\u00f3\u017cnych eksces\u00f3w, w tym za\u0142atwiania potrzeb fizjologicznych.<\/h3>\n<p>Jak opisuje radny Kowalski, droga dojazdowa do posesji mieszka\u0144c\u00f3w ulicy Zwyci\u0119stwa 7-11, po\u0142o\u017cona na dzia\u0142ce nr 627, jest miejscem, gdzie g\u0142\u00f3wnie w czasie weekend\u00f3w wielu \u201eimprezowicz\u00f3w\u201d nie szanuje miejsca zamieszkania innych os\u00f3b i zachowuje si\u0119, delikatnie m\u00f3wi\u0105c, w spos\u00f3b powszechnie nieakceptowalny (pozostawiaj\u0105c po sobie wymioty, ka\u0142 czy mocz).<\/p>\n<p><em>&#8211; Tego typu sytuacja utrudnia \u201enormalne\u201d funkcjonowanie mieszka\u0144c\u00f3w i wychowywanie dzieci. W ich ocenie powinna zosta\u0107 zamontowana brama, kt\u00f3ra b\u0119dzie zamykana na noc. Bior\u0105c pod uwag\u0119, i\u017c Willa Caro jest siedzib\u0105 g\u0142\u00f3wn\u0105 Muzeum w Gliwicach, usytuowan\u0105 na dzia\u0142ce nr 627, kt\u00f3ra figuruje jako \u201eu\u017cytkowanie wieczyste: osoba prawna\u201d zwr\u00f3cili\u015bmy si\u0119 z interwencj\u0105 o podj\u0119cie dzia\u0142a\u0144 w przedmiotowej sprawie <\/em>&#8211; referuje radny.<\/p><div class=\"gliwi-a3-w-tresci-artykulow gliwi-entity-placement\" id=\"gliwi-3891684029\"><div class=\"gliwi-adlabel\"><span style=\"font-size: 9px\">REKLAMA<\/span><\/div><div id=\"gliwi-922657919\" style=\"margin-bottom: 30px;margin-left: auto;margin-right: auto;text-align: center;\"><a data-no-instant=\"1\" href=\"https:\/\/ogrodyandersa.pl\/\" rel=\"noopener\" class=\"a2t-link\" target=\"_blank\" aria-label=\"20260415 Ogrody Andersa KUP TERAZ D\"><img loading=\"lazy\" decoding=\"async\" src=\"https:\/\/www.24gliwice.pl\/wiadomosci\/wp-content\/uploads\/2026\/04\/20260415-Ogrody-Andersa-KUP-TERAZ-D.jpg\" alt=\"\"  srcset=\"https:\/\/www.24gliwice.pl\/wiadomosci\/wp-content\/uploads\/2026\/04\/20260415-Ogrody-Andersa-KUP-TERAZ-D.jpg 750w, https:\/\/www.24gliwice.pl\/wiadomosci\/wp-content\/uploads\/2026\/04\/20260415-Ogrody-Andersa-KUP-TERAZ-D-410x109.jpg 410w\" sizes=\"(max-width: 750px) 100vw, 750px\" class=\"no-lazyload\" width=\"750\" height=\"200\"  style=\"display: inline-block; max-width: 100%; height: auto;\" \/><\/a><\/div><\/div>\n<p><iframe loading=\"lazy\" style=\"border: none; overflow: hidden;\" src=\"https:\/\/www.facebook.com\/plugins\/post.php?href=https%3A%2F%2Fwww.facebook.com%2Fkowalskibartek%2Fposts%2F2049222808629170&amp;width=500\" width=\"500\" height=\"784\" frameborder=\"0\" scrolling=\"no\"><\/iframe><\/p>\n<p>Muzeum w Gliwicach, kt\u00f3re zosta\u0142o zapytane przez radnego o monta\u017c bramy, odnios\u0142o si\u0119 do sprawy w spos\u00f3b pozytywny. Po dok\u0142adnym rozeznaniu potrzeb wszystkich normalnych u\u017cytkownik\u00f3w drogi dojazdowej do podw\u00f3rza, uzyskaniu opinii Stra\u017cy Po\u017carnej oraz ZBM-u, podejmie dzia\u0142ania. Warunkiem jest partycypacja mieszka\u0144c\u00f3w ulicy Zwyci\u0119stwa 7-11 w kosztach instalacji i utrzymania urz\u0105dze\u0144.<\/p>\n<p><img loading=\"lazy\" decoding=\"async\" src=\"https:\/\/www.24gliwice.pl\/wiadomosci\/wp-content\/uploads\/2018\/05\/zwyci\u0119stwa-7-11-2-e1527154469319.jpg\" alt=\"\" width=\"810\" height=\"456\" class=\"alignnone size-full wp-image-117597\" \/><\/p>\n<h4>Stra\u017c miejska nie potwierdza<\/h4>\n<p>Chocia\u017c w uj\u0119ciu przedstawionym przez radnego, problem drogi dojazdowej i podw\u00f3rza za nieruchomo\u015bciami przy ul. Zwyci\u0119stwa 7-11 wygl\u0105da na powa\u017cny, stra\u017c miejska nie otrzymywa\u0142a skarg z tego rejonu.<br \/>\n&#8211; Informuj\u0119, \u017ce w 2017 roku nie odnotowali\u015bmy \u017cadnych zg\u0142osze\u0144 dotycz\u0105cych zak\u0142\u00f3cania spokoju i porz\u0105dku publicznego w tym miejscu. W 2018 roku mieli\u015bmy jedn\u0105 interwencj\u0119, kt\u00f3ra dotyczy\u0142a nietrze\u017awej osoby, przewiezionej do Izby Wytrze\u017awie\u0144 &#8211; przekazuje <strong>Bo\u017cena Frej<\/strong>, rzecznik stra\u017cy miejskiej.<\/p>\n<p>(\u017cms)<\/p>\n<div class=\"gliwi-a5-na-koncu-artykulow gliwi-entity-placement\" id=\"gliwi-2968507661\"><div class=\"gliwi-adlabel\"><span style=\"font-size: 9px\">REKLAMA<\/span><\/div><div id=\"gliwi-992105007\" style=\"margin-left: auto;margin-right: auto;text-align: center;\"><a data-no-instant=\"1\" href=\"https:\/\/prezeroarenagliwice.pl\/\" rel=\"noopener\" class=\"a2t-link\" target=\"_blank\" aria-label=\"20260309-PREZERO-WIOSNA-D\"><img loading=\"lazy\" decoding=\"async\" src=\"https:\/\/www.24gliwice.pl\/wiadomosci\/wp-content\/uploads\/2026\/03\/20260309-PREZERO-WIOSNA-D.webp\" alt=\"\"  srcset=\"https:\/\/www.24gliwice.pl\/wiadomosci\/wp-content\/uploads\/2026\/03\/20260309-PREZERO-WIOSNA-D.webp 750w, https:\/\/www.24gliwice.pl\/wiadomosci\/wp-content\/uploads\/2026\/03\/20260309-PREZERO-WIOSNA-D-410x109.webp 410w\" sizes=\"(max-width: 750px) 100vw, 750px\" class=\"no-lazyload\" width=\"750\" height=\"200\"  style=\"display: inline-block; max-width: 100%; height: auto;\" \/><\/a><\/div><\/div>","protected":false},"excerpt":{"rendered":"<p>Do radnych Bart\u0142omieja Kowalskiego i Tomasza Tylutko zg\u0142osili si\u0119 mieszka\u0144cy ulicy Zwyci\u0119stwa od nr 7 do 11, w bezpo\u015brednim s\u0105siedztwie Willi Caro. Za ich kamienicami, w podw\u00f3rku, podczas weekend\u00f3w dochodzi do r\u00f3\u017cnych eksces\u00f3w, w tym za\u0142atwiania potrzeb fizjologicznych. Jak opisuje radny Kowalski, droga dojazdowa do posesji mieszka\u0144c\u00f3w ulicy Zwyci\u0119stwa 7-11, po\u0142o\u017cona na dzia\u0142ce nr 627, [&hellip;]<\/p>\n","protected":false},"author":15,"featured_media":117599,"comment_status":"open","ping_status":"closed","sticky":false,"template":"","format":"standard","meta":{"_monsterinsights_skip_tracking":false,"_monsterinsights_sitenote_active":false,"_monsterinsights_sitenote_note":"","_monsterinsights_sitenote_category":0,"footnotes":"","_links_to":"","_links_to_target":""},"categories":[3,1],"tags":[5674,6778],"class_list":["post-117507","post","type-post","status-publish","format-standard","has-post-thumbnail","hentry","category-gliwice","category-wszystko","tag-muzeum","tag-rynek"],"yoast_head":"<!-- This site is optimized with the Yoast SEO plugin v27.5 - https:\/\/yoast.com\/product\/yoast-seo-wordpress\/ -->\n<title>K\u0142opotliwy problem na podw\u00f3rku. Mieszka\u0144cy skar\u017c\u0105 si\u0119 na mocz, wymioty i zak\u0142\u00f3canie porz\u0105dku - 24GLIWICE - Portal Gliwice | codziennie nowe informacje<\/title>\n<meta name=\"robots\" content=\"index, follow, max-snippet:-1, max-image-preview:large, max-video-preview:-1\" \/>\n<link rel=\"canonical\" href=\"https:\/\/www.24gliwice.pl\/wiadomosci\/klopotliwy-problem-na-podworku-mieszkancy-skarza-sie-na-mocz-wymioty-i-zaklocanie-porzadku\/\" \/>\n<meta property=\"og:locale\" content=\"pl_PL\" \/>\n<meta property=\"og:type\" content=\"article\" \/>\n<meta property=\"og:title\" content=\"K\u0142opotliwy problem na podw\u00f3rku. Mieszka\u0144cy skar\u017c\u0105 si\u0119 na mocz, wymioty i zak\u0142\u00f3canie porz\u0105dku - 24GLIWICE - Portal Gliwice | codziennie nowe informacje\" \/>\n<meta property=\"og:description\" content=\"Do radnych Bart\u0142omieja Kowalskiego i Tomasza Tylutko zg\u0142osili si\u0119 mieszka\u0144cy ulicy Zwyci\u0119stwa od nr 7 do 11, w bezpo\u015brednim s\u0105siedztwie Willi Caro. Za ich kamienicami, w podw\u00f3rku, podczas weekend\u00f3w dochodzi do r\u00f3\u017cnych eksces\u00f3w, w tym za\u0142atwiania potrzeb fizjologicznych. Jak opisuje radny Kowalski, droga dojazdowa do posesji mieszka\u0144c\u00f3w ulicy Zwyci\u0119stwa 7-11, po\u0142o\u017cona na dzia\u0142ce nr 627, [&hellip;]\" \/>\n<meta property=\"og:url\" content=\"https:\/\/www.24gliwice.pl\/wiadomosci\/klopotliwy-problem-na-podworku-mieszkancy-skarza-sie-na-mocz-wymioty-i-zaklocanie-porzadku\/\" \/>\n<meta property=\"og:site_name\" content=\"24GLIWICE - Portal Gliwice | codziennie nowe informacje\" \/>\n<meta property=\"article:publisher\" content=\"https:\/\/www.facebook.com\/24gliwice\" \/>\n<meta property=\"article:published_time\" content=\"2018-05-25T09:55:39+00:00\" \/>\n<meta property=\"og:image\" content=\"https:\/\/www.24gliwice.pl\/wiadomosci\/wp-content\/uploads\/2018\/05\/zwyci\u0119stwa-7-11-5-e1527154441749.jpg\" \/>\n\t<meta property=\"og:image:width\" content=\"810\" \/>\n\t<meta property=\"og:image:height\" content=\"456\" \/>\n\t<meta property=\"og:image:type\" content=\"image\/jpeg\" \/>\n<meta name=\"author\" content=\"\u017baneta Mrozek-Siewierska\" \/>\n<meta name=\"twitter:card\" content=\"summary_large_image\" \/>\n<meta name=\"twitter:creator\" content=\"@24gliwice\" \/>\n<meta name=\"twitter:site\" content=\"@24gliwice\" \/>\n<meta name=\"twitter:label1\" content=\"Napisane przez\" \/>\n\t<meta name=\"twitter:data1\" content=\"\u017baneta Mrozek-Siewierska\" \/>\n\t<meta name=\"twitter:label2\" content=\"Szacowany czas czytania\" \/>\n\t<meta name=\"twitter:data2\" content=\"2 minuty\" \/>\n<script type=\"application\/ld+json\" class=\"yoast-schema-graph\">{\"@context\":\"https:\\\/\\\/schema.org\",\"@graph\":[{\"@type\":\"Article\",\"@id\":\"https:\\\/\\\/www.24gliwice.pl\\\/wiadomosci\\\/klopotliwy-problem-na-podworku-mieszkancy-skarza-sie-na-mocz-wymioty-i-zaklocanie-porzadku\\\/#article\",\"isPartOf\":{\"@id\":\"https:\\\/\\\/www.24gliwice.pl\\\/wiadomosci\\\/klopotliwy-problem-na-podworku-mieszkancy-skarza-sie-na-mocz-wymioty-i-zaklocanie-porzadku\\\/\"},\"author\":{\"name\":\"\u017baneta Mrozek-Siewierska\",\"@id\":\"https:\\\/\\\/www.24gliwice.pl\\\/wiadomosci\\\/#\\\/schema\\\/person\\\/e42c650edd7f2fa332be3811fb166b6e\"},\"headline\":\"K\u0142opotliwy problem na podw\u00f3rku. Mieszka\u0144cy skar\u017c\u0105 si\u0119 na mocz, wymioty i zak\u0142\u00f3canie porz\u0105dku\",\"datePublished\":\"2018-05-25T09:55:39+00:00\",\"mainEntityOfPage\":{\"@id\":\"https:\\\/\\\/www.24gliwice.pl\\\/wiadomosci\\\/klopotliwy-problem-na-podworku-mieszkancy-skarza-sie-na-mocz-wymioty-i-zaklocanie-porzadku\\\/\"},\"wordCount\":353,\"commentCount\":0,\"publisher\":{\"@id\":\"https:\\\/\\\/www.24gliwice.pl\\\/wiadomosci\\\/#organization\"},\"image\":{\"@id\":\"https:\\\/\\\/www.24gliwice.pl\\\/wiadomosci\\\/klopotliwy-problem-na-podworku-mieszkancy-skarza-sie-na-mocz-wymioty-i-zaklocanie-porzadku\\\/#primaryimage\"},\"thumbnailUrl\":\"https:\\\/\\\/www.24gliwice.pl\\\/wiadomosci\\\/wp-content\\\/uploads\\\/2018\\\/05\\\/zwyci\u0119stwa-7-11-5-e1527154441749.jpg\",\"keywords\":[\"MUZEUM\",\"RYNEK\"],\"articleSection\":[\"Gliwice\",\"Najnowsze wiadomo\u015bci\"],\"inLanguage\":\"pl-PL\",\"potentialAction\":[{\"@type\":\"CommentAction\",\"name\":\"Comment\",\"target\":[\"https:\\\/\\\/www.24gliwice.pl\\\/wiadomosci\\\/klopotliwy-problem-na-podworku-mieszkancy-skarza-sie-na-mocz-wymioty-i-zaklocanie-porzadku\\\/#respond\"]}]},{\"@type\":\"WebPage\",\"@id\":\"https:\\\/\\\/www.24gliwice.pl\\\/wiadomosci\\\/klopotliwy-problem-na-podworku-mieszkancy-skarza-sie-na-mocz-wymioty-i-zaklocanie-porzadku\\\/\",\"url\":\"https:\\\/\\\/www.24gliwice.pl\\\/wiadomosci\\\/klopotliwy-problem-na-podworku-mieszkancy-skarza-sie-na-mocz-wymioty-i-zaklocanie-porzadku\\\/\",\"name\":\"K\u0142opotliwy problem na podw\u00f3rku. Mieszka\u0144cy skar\u017c\u0105 si\u0119 na mocz, wymioty i zak\u0142\u00f3canie porz\u0105dku - 24GLIWICE - Portal Gliwice | codziennie nowe informacje\",\"isPartOf\":{\"@id\":\"https:\\\/\\\/www.24gliwice.pl\\\/wiadomosci\\\/#website\"},\"primaryImageOfPage\":{\"@id\":\"https:\\\/\\\/www.24gliwice.pl\\\/wiadomosci\\\/klopotliwy-problem-na-podworku-mieszkancy-skarza-sie-na-mocz-wymioty-i-zaklocanie-porzadku\\\/#primaryimage\"},\"image\":{\"@id\":\"https:\\\/\\\/www.24gliwice.pl\\\/wiadomosci\\\/klopotliwy-problem-na-podworku-mieszkancy-skarza-sie-na-mocz-wymioty-i-zaklocanie-porzadku\\\/#primaryimage\"},\"thumbnailUrl\":\"https:\\\/\\\/www.24gliwice.pl\\\/wiadomosci\\\/wp-content\\\/uploads\\\/2018\\\/05\\\/zwyci\u0119stwa-7-11-5-e1527154441749.jpg\",\"datePublished\":\"2018-05-25T09:55:39+00:00\",\"breadcrumb\":{\"@id\":\"https:\\\/\\\/www.24gliwice.pl\\\/wiadomosci\\\/klopotliwy-problem-na-podworku-mieszkancy-skarza-sie-na-mocz-wymioty-i-zaklocanie-porzadku\\\/#breadcrumb\"},\"inLanguage\":\"pl-PL\",\"potentialAction\":[{\"@type\":\"ReadAction\",\"target\":[\"https:\\\/\\\/www.24gliwice.pl\\\/wiadomosci\\\/klopotliwy-problem-na-podworku-mieszkancy-skarza-sie-na-mocz-wymioty-i-zaklocanie-porzadku\\\/\"]}]},{\"@type\":\"ImageObject\",\"inLanguage\":\"pl-PL\",\"@id\":\"https:\\\/\\\/www.24gliwice.pl\\\/wiadomosci\\\/klopotliwy-problem-na-podworku-mieszkancy-skarza-sie-na-mocz-wymioty-i-zaklocanie-porzadku\\\/#primaryimage\",\"url\":\"https:\\\/\\\/www.24gliwice.pl\\\/wiadomosci\\\/wp-content\\\/uploads\\\/2018\\\/05\\\/zwyci\u0119stwa-7-11-5-e1527154441749.jpg\",\"contentUrl\":\"https:\\\/\\\/www.24gliwice.pl\\\/wiadomosci\\\/wp-content\\\/uploads\\\/2018\\\/05\\\/zwyci\u0119stwa-7-11-5-e1527154441749.jpg\",\"width\":810,\"height\":456},{\"@type\":\"BreadcrumbList\",\"@id\":\"https:\\\/\\\/www.24gliwice.pl\\\/wiadomosci\\\/klopotliwy-problem-na-podworku-mieszkancy-skarza-sie-na-mocz-wymioty-i-zaklocanie-porzadku\\\/#breadcrumb\",\"itemListElement\":[{\"@type\":\"ListItem\",\"position\":1,\"name\":\"Strona g\u0142\u00f3wna\",\"item\":\"https:\\\/\\\/www.24gliwice.pl\\\/wiadomosci\\\/\"},{\"@type\":\"ListItem\",\"position\":2,\"name\":\"K\u0142opotliwy problem na podw\u00f3rku. Mieszka\u0144cy skar\u017c\u0105 si\u0119 na mocz, wymioty i zak\u0142\u00f3canie porz\u0105dku\"}]},{\"@type\":\"WebSite\",\"@id\":\"https:\\\/\\\/www.24gliwice.pl\\\/wiadomosci\\\/#website\",\"url\":\"https:\\\/\\\/www.24gliwice.pl\\\/wiadomosci\\\/\",\"name\":\"24GLIWICE - Portal Gliwice | codziennie nowe wiadomo\u015bci\",\"description\":\"Portal Miejski Gliwice\",\"publisher\":{\"@id\":\"https:\\\/\\\/www.24gliwice.pl\\\/wiadomosci\\\/#organization\"},\"potentialAction\":[{\"@type\":\"SearchAction\",\"target\":{\"@type\":\"EntryPoint\",\"urlTemplate\":\"https:\\\/\\\/www.24gliwice.pl\\\/wiadomosci\\\/?s={search_term_string}\"},\"query-input\":{\"@type\":\"PropertyValueSpecification\",\"valueRequired\":true,\"valueName\":\"search_term_string\"}}],\"inLanguage\":\"pl-PL\"},{\"@type\":\"Organization\",\"@id\":\"https:\\\/\\\/www.24gliwice.pl\\\/wiadomosci\\\/#organization\",\"name\":\"24gliwice\",\"url\":\"https:\\\/\\\/www.24gliwice.pl\\\/wiadomosci\\\/\",\"logo\":{\"@type\":\"ImageObject\",\"inLanguage\":\"pl-PL\",\"@id\":\"https:\\\/\\\/www.24gliwice.pl\\\/wiadomosci\\\/#\\\/schema\\\/logo\\\/image\\\/\",\"url\":\"https:\\\/\\\/www.24gliwice.pl\\\/wiadomosci\\\/wp-content\\\/uploads\\\/2024\\\/10\\\/24gliwice-logo-696.jpg\",\"contentUrl\":\"https:\\\/\\\/www.24gliwice.pl\\\/wiadomosci\\\/wp-content\\\/uploads\\\/2024\\\/10\\\/24gliwice-logo-696.jpg\",\"width\":696,\"height\":696,\"caption\":\"24gliwice\"},\"image\":{\"@id\":\"https:\\\/\\\/www.24gliwice.pl\\\/wiadomosci\\\/#\\\/schema\\\/logo\\\/image\\\/\"},\"sameAs\":[\"https:\\\/\\\/www.facebook.com\\\/24gliwice\",\"https:\\\/\\\/x.com\\\/24gliwice\",\"https:\\\/\\\/www.youtube.com\\\/@24gliwice\"]},{\"@type\":\"Person\",\"@id\":\"https:\\\/\\\/www.24gliwice.pl\\\/wiadomosci\\\/#\\\/schema\\\/person\\\/e42c650edd7f2fa332be3811fb166b6e\",\"name\":\"\u017baneta Mrozek-Siewierska\",\"image\":{\"@type\":\"ImageObject\",\"inLanguage\":\"pl-PL\",\"@id\":\"https:\\\/\\\/secure.gravatar.com\\\/avatar\\\/1881429e9c64597c77ad7aef2d0a19be69a3253e57534d16aa15bf3a4d34a0a3?s=96&d=mm&r=g\",\"url\":\"https:\\\/\\\/secure.gravatar.com\\\/avatar\\\/1881429e9c64597c77ad7aef2d0a19be69a3253e57534d16aa15bf3a4d34a0a3?s=96&d=mm&r=g\",\"contentUrl\":\"https:\\\/\\\/secure.gravatar.com\\\/avatar\\\/1881429e9c64597c77ad7aef2d0a19be69a3253e57534d16aa15bf3a4d34a0a3?s=96&d=mm&r=g\",\"caption\":\"\u017baneta Mrozek-Siewierska\"},\"url\":\"https:\\\/\\\/www.24gliwice.pl\\\/wiadomosci\\\/author\\\/zms\\\/\"}]}<\/script>\n<!-- \/ Yoast SEO plugin. -->","yoast_head_json":{"title":"K\u0142opotliwy problem na podw\u00f3rku. Mieszka\u0144cy skar\u017c\u0105 si\u0119 na mocz, wymioty i zak\u0142\u00f3canie porz\u0105dku - 24GLIWICE - Portal Gliwice | codziennie nowe informacje","robots":{"index":"index","follow":"follow","max-snippet":"max-snippet:-1","max-image-preview":"max-image-preview:large","max-video-preview":"max-video-preview:-1"},"canonical":"https:\/\/www.24gliwice.pl\/wiadomosci\/klopotliwy-problem-na-podworku-mieszkancy-skarza-sie-na-mocz-wymioty-i-zaklocanie-porzadku\/","og_locale":"pl_PL","og_type":"article","og_title":"K\u0142opotliwy problem na podw\u00f3rku. Mieszka\u0144cy skar\u017c\u0105 si\u0119 na mocz, wymioty i zak\u0142\u00f3canie porz\u0105dku - 24GLIWICE - Portal Gliwice | codziennie nowe informacje","og_description":"Do radnych Bart\u0142omieja Kowalskiego i Tomasza Tylutko zg\u0142osili si\u0119 mieszka\u0144cy ulicy Zwyci\u0119stwa od nr 7 do 11, w bezpo\u015brednim s\u0105siedztwie Willi Caro. Za ich kamienicami, w podw\u00f3rku, podczas weekend\u00f3w dochodzi do r\u00f3\u017cnych eksces\u00f3w, w tym za\u0142atwiania potrzeb fizjologicznych. Jak opisuje radny Kowalski, droga dojazdowa do posesji mieszka\u0144c\u00f3w ulicy Zwyci\u0119stwa 7-11, po\u0142o\u017cona na dzia\u0142ce nr 627, [&hellip;]","og_url":"https:\/\/www.24gliwice.pl\/wiadomosci\/klopotliwy-problem-na-podworku-mieszkancy-skarza-sie-na-mocz-wymioty-i-zaklocanie-porzadku\/","og_site_name":"24GLIWICE - Portal Gliwice | codziennie nowe informacje","article_publisher":"https:\/\/www.facebook.com\/24gliwice","article_published_time":"2018-05-25T09:55:39+00:00","og_image":[{"width":810,"height":456,"url":"https:\/\/www.24gliwice.pl\/wiadomosci\/wp-content\/uploads\/2018\/05\/zwyci\u0119stwa-7-11-5-e1527154441749.jpg","type":"image\/jpeg"}],"author":"\u017baneta Mrozek-Siewierska","twitter_card":"summary_large_image","twitter_creator":"@24gliwice","twitter_site":"@24gliwice","twitter_misc":{"Napisane przez":"\u017baneta Mrozek-Siewierska","Szacowany czas czytania":"2 minuty"},"schema":{"@context":"https:\/\/schema.org","@graph":[{"@type":"Article","@id":"https:\/\/www.24gliwice.pl\/wiadomosci\/klopotliwy-problem-na-podworku-mieszkancy-skarza-sie-na-mocz-wymioty-i-zaklocanie-porzadku\/#article","isPartOf":{"@id":"https:\/\/www.24gliwice.pl\/wiadomosci\/klopotliwy-problem-na-podworku-mieszkancy-skarza-sie-na-mocz-wymioty-i-zaklocanie-porzadku\/"},"author":{"name":"\u017baneta Mrozek-Siewierska","@id":"https:\/\/www.24gliwice.pl\/wiadomosci\/#\/schema\/person\/e42c650edd7f2fa332be3811fb166b6e"},"headline":"K\u0142opotliwy problem na podw\u00f3rku. Mieszka\u0144cy skar\u017c\u0105 si\u0119 na mocz, wymioty i zak\u0142\u00f3canie porz\u0105dku","datePublished":"2018-05-25T09:55:39+00:00","mainEntityOfPage":{"@id":"https:\/\/www.24gliwice.pl\/wiadomosci\/klopotliwy-problem-na-podworku-mieszkancy-skarza-sie-na-mocz-wymioty-i-zaklocanie-porzadku\/"},"wordCount":353,"commentCount":0,"publisher":{"@id":"https:\/\/www.24gliwice.pl\/wiadomosci\/#organization"},"image":{"@id":"https:\/\/www.24gliwice.pl\/wiadomosci\/klopotliwy-problem-na-podworku-mieszkancy-skarza-sie-na-mocz-wymioty-i-zaklocanie-porzadku\/#primaryimage"},"thumbnailUrl":"https:\/\/www.24gliwice.pl\/wiadomosci\/wp-content\/uploads\/2018\/05\/zwyci\u0119stwa-7-11-5-e1527154441749.jpg","keywords":["MUZEUM","RYNEK"],"articleSection":["Gliwice","Najnowsze wiadomo\u015bci"],"inLanguage":"pl-PL","potentialAction":[{"@type":"CommentAction","name":"Comment","target":["https:\/\/www.24gliwice.pl\/wiadomosci\/klopotliwy-problem-na-podworku-mieszkancy-skarza-sie-na-mocz-wymioty-i-zaklocanie-porzadku\/#respond"]}]},{"@type":"WebPage","@id":"https:\/\/www.24gliwice.pl\/wiadomosci\/klopotliwy-problem-na-podworku-mieszkancy-skarza-sie-na-mocz-wymioty-i-zaklocanie-porzadku\/","url":"https:\/\/www.24gliwice.pl\/wiadomosci\/klopotliwy-problem-na-podworku-mieszkancy-skarza-sie-na-mocz-wymioty-i-zaklocanie-porzadku\/","name":"K\u0142opotliwy problem na podw\u00f3rku. Mieszka\u0144cy skar\u017c\u0105 si\u0119 na mocz, wymioty i zak\u0142\u00f3canie porz\u0105dku - 24GLIWICE - Portal Gliwice | codziennie nowe informacje","isPartOf":{"@id":"https:\/\/www.24gliwice.pl\/wiadomosci\/#website"},"primaryImageOfPage":{"@id":"https:\/\/www.24gliwice.pl\/wiadomosci\/klopotliwy-problem-na-podworku-mieszkancy-skarza-sie-na-mocz-wymioty-i-zaklocanie-porzadku\/#primaryimage"},"image":{"@id":"https:\/\/www.24gliwice.pl\/wiadomosci\/klopotliwy-problem-na-podworku-mieszkancy-skarza-sie-na-mocz-wymioty-i-zaklocanie-porzadku\/#primaryimage"},"thumbnailUrl":"https:\/\/www.24gliwice.pl\/wiadomosci\/wp-content\/uploads\/2018\/05\/zwyci\u0119stwa-7-11-5-e1527154441749.jpg","datePublished":"2018-05-25T09:55:39+00:00","breadcrumb":{"@id":"https:\/\/www.24gliwice.pl\/wiadomosci\/klopotliwy-problem-na-podworku-mieszkancy-skarza-sie-na-mocz-wymioty-i-zaklocanie-porzadku\/#breadcrumb"},"inLanguage":"pl-PL","potentialAction":[{"@type":"ReadAction","target":["https:\/\/www.24gliwice.pl\/wiadomosci\/klopotliwy-problem-na-podworku-mieszkancy-skarza-sie-na-mocz-wymioty-i-zaklocanie-porzadku\/"]}]},{"@type":"ImageObject","inLanguage":"pl-PL","@id":"https:\/\/www.24gliwice.pl\/wiadomosci\/klopotliwy-problem-na-podworku-mieszkancy-skarza-sie-na-mocz-wymioty-i-zaklocanie-porzadku\/#primaryimage","url":"https:\/\/www.24gliwice.pl\/wiadomosci\/wp-content\/uploads\/2018\/05\/zwyci\u0119stwa-7-11-5-e1527154441749.jpg","contentUrl":"https:\/\/www.24gliwice.pl\/wiadomosci\/wp-content\/uploads\/2018\/05\/zwyci\u0119stwa-7-11-5-e1527154441749.jpg","width":810,"height":456},{"@type":"BreadcrumbList","@id":"https:\/\/www.24gliwice.pl\/wiadomosci\/klopotliwy-problem-na-podworku-mieszkancy-skarza-sie-na-mocz-wymioty-i-zaklocanie-porzadku\/#breadcrumb","itemListElement":[{"@type":"ListItem","position":1,"name":"Strona g\u0142\u00f3wna","item":"https:\/\/www.24gliwice.pl\/wiadomosci\/"},{"@type":"ListItem","position":2,"name":"K\u0142opotliwy problem na podw\u00f3rku. Mieszka\u0144cy skar\u017c\u0105 si\u0119 na mocz, wymioty i zak\u0142\u00f3canie porz\u0105dku"}]},{"@type":"WebSite","@id":"https:\/\/www.24gliwice.pl\/wiadomosci\/#website","url":"https:\/\/www.24gliwice.pl\/wiadomosci\/","name":"24GLIWICE - Portal Gliwice | codziennie nowe wiadomo\u015bci","description":"Portal Miejski Gliwice","publisher":{"@id":"https:\/\/www.24gliwice.pl\/wiadomosci\/#organization"},"potentialAction":[{"@type":"SearchAction","target":{"@type":"EntryPoint","urlTemplate":"https:\/\/www.24gliwice.pl\/wiadomosci\/?s={search_term_string}"},"query-input":{"@type":"PropertyValueSpecification","valueRequired":true,"valueName":"search_term_string"}}],"inLanguage":"pl-PL"},{"@type":"Organization","@id":"https:\/\/www.24gliwice.pl\/wiadomosci\/#organization","name":"24gliwice","url":"https:\/\/www.24gliwice.pl\/wiadomosci\/","logo":{"@type":"ImageObject","inLanguage":"pl-PL","@id":"https:\/\/www.24gliwice.pl\/wiadomosci\/#\/schema\/logo\/image\/","url":"https:\/\/www.24gliwice.pl\/wiadomosci\/wp-content\/uploads\/2024\/10\/24gliwice-logo-696.jpg","contentUrl":"https:\/\/www.24gliwice.pl\/wiadomosci\/wp-content\/uploads\/2024\/10\/24gliwice-logo-696.jpg","width":696,"height":696,"caption":"24gliwice"},"image":{"@id":"https:\/\/www.24gliwice.pl\/wiadomosci\/#\/schema\/logo\/image\/"},"sameAs":["https:\/\/www.facebook.com\/24gliwice","https:\/\/x.com\/24gliwice","https:\/\/www.youtube.com\/@24gliwice"]},{"@type":"Person","@id":"https:\/\/www.24gliwice.pl\/wiadomosci\/#\/schema\/person\/e42c650edd7f2fa332be3811fb166b6e","name":"\u017baneta Mrozek-Siewierska","image":{"@type":"ImageObject","inLanguage":"pl-PL","@id":"https:\/\/secure.gravatar.com\/avatar\/1881429e9c64597c77ad7aef2d0a19be69a3253e57534d16aa15bf3a4d34a0a3?s=96&d=mm&r=g","url":"https:\/\/secure.gravatar.com\/avatar\/1881429e9c64597c77ad7aef2d0a19be69a3253e57534d16aa15bf3a4d34a0a3?s=96&d=mm&r=g","contentUrl":"https:\/\/secure.gravatar.com\/avatar\/1881429e9c64597c77ad7aef2d0a19be69a3253e57534d16aa15bf3a4d34a0a3?s=96&d=mm&r=g","caption":"\u017baneta Mrozek-Siewierska"},"url":"https:\/\/www.24gliwice.pl\/wiadomosci\/author\/zms\/"}]}},"_links":{"self":[{"href":"https:\/\/www.24gliwice.pl\/wiadomosci\/wp-json\/wp\/v2\/posts\/117507","targetHints":{"allow":["GET"]}}],"collection":[{"href":"https:\/\/www.24gliwice.pl\/wiadomosci\/wp-json\/wp\/v2\/posts"}],"about":[{"href":"https:\/\/www.24gliwice.pl\/wiadomosci\/wp-json\/wp\/v2\/types\/post"}],"author":[{"embeddable":true,"href":"https:\/\/www.24gliwice.pl\/wiadomosci\/wp-json\/wp\/v2\/users\/15"}],"replies":[{"embeddable":true,"href":"https:\/\/www.24gliwice.pl\/wiadomosci\/wp-json\/wp\/v2\/comments?post=117507"}],"version-history":[{"count":0,"href":"https:\/\/www.24gliwice.pl\/wiadomosci\/wp-json\/wp\/v2\/posts\/117507\/revisions"}],"wp:featuredmedia":[{"embeddable":true,"href":"https:\/\/www.24gliwice.pl\/wiadomosci\/wp-json\/wp\/v2\/media\/117599"}],"wp:attachment":[{"href":"https:\/\/www.24gliwice.pl\/wiadomosci\/wp-json\/wp\/v2\/media?parent=117507"}],"wp:term":[{"taxonomy":"category","embeddable":true,"href":"https:\/\/www.24gliwice.pl\/wiadomosci\/wp-json\/wp\/v2\/categories?post=117507"},{"taxonomy":"post_tag","embeddable":true,"href":"https:\/\/www.24gliwice.pl\/wiadomosci\/wp-json\/wp\/v2\/tags?post=117507"}],"curies":[{"name":"wp","href":"https:\/\/api.w.org\/{rel}","templated":true}]}}