{"id":117569,"date":"2018-05-24T01:55:52","date_gmt":"2018-05-23T23:55:52","guid":{"rendered":"https:\/\/www.24gliwice.pl\/wiadomosci\/?p=117569"},"modified":"2018-05-24T01:55:52","modified_gmt":"2018-05-23T23:55:52","slug":"jest-nowy-wlasciciel-wiezy-cisnien-przy-ul-sobieskiego-to-znana-firma-z-pyskowic","status":"publish","type":"post","link":"https:\/\/www.24gliwice.pl\/wiadomosci\/jest-nowy-wlasciciel-wiezy-cisnien-przy-ul-sobieskiego-to-znana-firma-z-pyskowic\/","title":{"rendered":"Jest nowy w\u0142a\u015bciciel wie\u017cy ci\u015bnie\u0144 przy ul. Sobieskiego. To znana firma z Pyskowic"},"content":{"rendered":"<div class=\"gliwi-a6-nad-leadem-artykulow gliwi-entity-placement\" id=\"gliwi-1065165354\"><div class=\"gliwi-adlabel\"><span style=\"font-size: 9px\">REKLAMA<\/span><\/div><div id=\"gliwi-885139256\" style=\"margin-bottom: 25px;margin-left: auto;margin-right: auto;text-align: center;\"><a data-no-instant=\"1\" href=\"https:\/\/dom100.eu\/\" rel=\"noopener\" class=\"a2t-link\" target=\"_blank\" aria-label=\"20260415 DOM100 D\"><img loading=\"lazy\" decoding=\"async\" src=\"https:\/\/www.24gliwice.pl\/wiadomosci\/wp-content\/uploads\/2026\/04\/20260415-DOM100-D.jpg\" alt=\"\"  srcset=\"https:\/\/www.24gliwice.pl\/wiadomosci\/wp-content\/uploads\/2026\/04\/20260415-DOM100-D.jpg 750w, https:\/\/www.24gliwice.pl\/wiadomosci\/wp-content\/uploads\/2026\/04\/20260415-DOM100-D-410x109.jpg 410w\" sizes=\"(max-width: 750px) 100vw, 750px\" class=\"no-lazyload\" width=\"750\" height=\"200\"  style=\"display: inline-block; max-width: 100%; height: auto;\" \/><\/a><\/div><\/div><h3>Po pi\u0119ciu latach zabytkowa wie\u017ca ci\u015bnie\u0144 przy ul. Sobieskiego po raz kolejny zmieni\u0142a w\u0142a\u015bciciela. Obiekt trafi\u0142 pod opiek\u0119 pyskowickiej firmy Komsta Okna i Drzwi.<\/h3>\n<p>&#8211; Obecnie pracujemy nad koncepcj\u0105 zagospodarowania terenu oraz wie\u017cy. Mamy kilka projekt\u00f3w, ale jeszcze nie zapad\u0142y decyzje, w kt\u00f3r\u0105 stron\u0119 p\u00f3jdziemy &#8211; m\u00f3wi nam <strong>Micha\u0142 Komsta<\/strong>, dyrektor ds. exportu w Komsta Okna i Drzwi.<\/p>\n<p>&#8211; Nowy nabywca jest gliwiczaninem, buduje bardzo \u0142adne obiekty i odnosz\u0119 wra\u017cenie, \u017ce zadba by kupiony teren by\u0142 jego wizyt\u00f3wk\u0105 &#8211; m\u00f3wi o przeprowadzonej transakcji by\u0142y ju\u017c w\u0142a\u015bciciel zabytku, <strong>Cyprian Lutoborski<\/strong>.<\/p><div class=\"gliwi-a3-w-tresci-artykulow gliwi-entity-placement\" id=\"gliwi-3541001741\"><div class=\"gliwi-adlabel\"><span style=\"font-size: 9px\">REKLAMA<\/span><\/div><div id=\"gliwi-299770383\" style=\"margin-bottom: 30px;margin-left: auto;margin-right: auto;text-align: center;\"><a data-no-instant=\"1\" href=\"https:\/\/zlobek.halogen.org.pl\/\" rel=\"noopener\" class=\"a2t-link\" target=\"_blank\" aria-label=\"animator-zlobek_750x200\"><img loading=\"lazy\" decoding=\"async\" src=\"https:\/\/www.24gliwice.pl\/wiadomosci\/wp-content\/uploads\/2026\/02\/animator-zlobek_750x200.webp\" alt=\"\"  srcset=\"https:\/\/www.24gliwice.pl\/wiadomosci\/wp-content\/uploads\/2026\/02\/animator-zlobek_750x200.webp 750w, https:\/\/www.24gliwice.pl\/wiadomosci\/wp-content\/uploads\/2026\/02\/animator-zlobek_750x200-410x109.webp 410w\" sizes=\"(max-width: 750px) 100vw, 750px\" class=\"no-lazyload\" width=\"750\" height=\"200\"  style=\"display: inline-block; max-width: 100%; height: auto;\" \/><\/a><\/div><\/div>\n<p>Lutoborski wie\u017c\u0105 zarz\u0105dza\u0142 od 2013 roku. By\u0142 pierwszym od lat w\u0142a\u015bcicielem, kt\u00f3ry realnie zabezpieczy\u0142 obiekt i uporz\u0105dkowa\u0142 okalaj\u0105cy go teren. Od kilku lat nie ukrywa\u0142 jednak, \u017ce szuka kupca na atrakcyjny teren w sercu miasta. W 2017 roku dzia\u0142ka zosta\u0142a wystawiona na sprzeda\u017c za 2,5 mln z\u0142otych. Ile ostatecznie wynios\u0142a kwota transakcji, o tym strony nie chc\u0105 m\u00f3wi\u0107. Wiadomo jednak, \u017ce pieni\u0105dze wy\u0142o\u017cone na jej zakup to tylko pocz\u0105tek wydatk\u00f3w zwi\u0105zanych z rewitalizacj\u0105 obiektu.<\/p>\n[perfectpullquote align=&#8221;full&#8221; bordertop=&#8221;false&#8221; cite=&#8221;&#8221; link=&#8221;&#8221; color=&#8221;&#8221; class=&#8221;&#8221; size=&#8221;&#8221;]- Sama renowacja budynku, czyli stworzenie \u015blicznego pomnika z nowym dachem, odnowion\u0105 elewacj\u0105 oraz oknami, bez wyra\u017anej funkcji u\u017cytkowej to koszt kilku milion\u00f3w z\u0142otych &#8211; m\u00f3wi\u0142 Lutoborski w wywiadzie dla 24gliwice.pl &#8211; Nadanie wie\u017cy funkcji u\u017cytkowej tzn. podzia\u0142 na pi\u0119tra, zainstalowanie windy, stworzenie klatki schodowej, monta\u017c szklanego dachu to dodatkowy koszt rz\u0119du 5 milion\u00f3w z\u0142otych.[\/perfectpullquote]\n<p>W kt\u00f3r\u0105 stron\u0119 p\u00f3jdzie pyskowicka sp\u00f3\u0142ka? Jak m\u00f3wi\u0105 przedstawiciele firmy, dok\u0142adne plany dotycz\u0105ce nieruchomo\u015bci powinni\u015bmy pozna\u0107 do dw\u00f3ch miesi\u0119cy.<\/p>\n<p><em>Nagranie archiwalne z 2013 roku<\/em><br \/>\n<iframe loading=\"lazy\" width=\"810\" height=\"456\" src=\"https:\/\/www.youtube.com\/embed\/om5Pv0pnVAg\" frameborder=\"0\" allow=\"autoplay; encrypted-media\" allowfullscreen><\/iframe><\/p>\n<p>Dla wie\u017cy ci\u015bnie\u0144 przy Sobieskiego po latach zawirowa\u0144 po raz kolejny otwiera si\u0119 wi\u0119c nowa szansa. W regionie istnieje sporo przyk\u0142ad\u00f3w udanych rewitalizacji poprzemys\u0142owych obiekt\u00f3w. <strong>Niedawno Zabrze pozyska\u0142o prawie 26 mln z\u0142otych dofinansowania na modernizacj\u0119 wie\u017cy ci\u015bnie\u0144 przy ul. Zamoyskiego (ca\u0142kowity koszt inwestycji to bagatela 34 mln z\u0142otych).<\/strong> W obiekcie powstanie m.in. Centrum Aktywizacji Spo\u0142eczno-Zawodowej, przestrze\u0144 wystawiennicza, Centrum Dzia\u0142a\u0144 Rewitalizacyjnych, O\u015brodek Dokumentacji G\u00f3rniczej oraz taras widokowy na wysoko\u015bci oko\u0142o 20,5 metr\u00f3w. Obiekt ma w przysz\u0142o\u015bci sta\u0107 si\u0119 now\u0105 atrakcj\u0105 szlaku zabytk\u00f3w techniki.<\/p>\n<p>Micha\u0142 Szewczyk<\/p>\n<p style=\"padding-left: 30px;\"><em>Prawie 50-metrowa wie\u017ca ci\u015bnie\u0144 zosta\u0142a wybudowana na pocz\u0105tku ubieg\u0142ego stulecia. Mia\u0142a sprosta\u0107 potrzebom mieszka\u0144c\u00f3w i dostarcza\u0107 wod\u0119 do po\u0142udniowych dzielnic Gliwic. W czasach PRL opuszczony obiekt uleg\u0142 stopniowej degradacji. Kilka lat temu pojawi\u0142a si\u0119 koncepcja zaadaptowania wie\u017cy na inkubator kultury i sztuki. W pomys\u0142 zaanga\u017cowany by\u0142 znany fotograf Tomasz Gudzowaty. Propozycja podparta by\u0142a imponuj\u0105co wygl\u0105daj\u0105cymi wizualizacjami, autorstwa renomowanej pracowni architektonicznej Medusa Group. Projekt \u201cPlantacji sztuki\u201d jednak nie powi\u00f3d\u0142 si\u0119. W dodatku w 2008 roku, w wie\u017cy wybuch\u0142 po\u017car. Policja m\u00f3wi\u0142a o przypadkowym zapr\u00f3szeniu ognia przez nieznanego sprawc\u0119. Od Gudzowatego obiekt odkupi\u0142a sp\u00f3\u0142ka Water Tower, kt\u00f3ra nie stosowa\u0142a si\u0119 do zalece\u0144 konserwatorskich. Od Water Tower wie\u017c\u0119 przej\u0105\u0142 Zak\u0142ad Badawczo-Produkcyjny Mostostal. Po pewnym czasie okaza\u0142o si\u0119, \u017ce pod t\u0105 nazw\u0105 kryje si\u0119 ten sam w\u0142a\u015bciciel. Wreszcie, w 2013 roku obiekt znalaz\u0142 si\u0119 w r\u0119kach Cypriana Lutoborskiego, prywatnego przedsi\u0119biorcy spod Warszawy.<\/em><\/p>\n<div class=\"gliwi-a5-na-koncu-artykulow gliwi-entity-placement\" id=\"gliwi-3507379636\"><div class=\"gliwi-adlabel\"><span style=\"font-size: 9px\">REKLAMA<\/span><\/div><div id=\"gliwi-804726093\" style=\"margin-left: auto;margin-right: auto;text-align: center;\"><a data-no-instant=\"1\" href=\"https:\/\/www.jasek.pl\/\" rel=\"noopener\" class=\"a2t-link\" target=\"_blank\" aria-label=\"20200401-jasek 600\"><img loading=\"lazy\" decoding=\"async\" src=\"https:\/\/www.24gliwice.pl\/wiadomosci\/wp-content\/uploads\/2020\/04\/20200401-jasek-600.jpg\" alt=\"\"  srcset=\"https:\/\/www.24gliwice.pl\/wiadomosci\/wp-content\/uploads\/2020\/04\/20200401-jasek-600.jpg 600w, https:\/\/www.24gliwice.pl\/wiadomosci\/wp-content\/uploads\/2020\/04\/20200401-jasek-600-410x109.jpg 410w\" sizes=\"(max-width: 600px) 100vw, 600px\" class=\"no-lazyload\" width=\"600\" height=\"160\"  style=\"display: inline-block; max-width: 100%; height: auto;\" \/><\/a><\/div><\/div>","protected":false},"excerpt":{"rendered":"<p>Po pi\u0119ciu latach zabytkowa wie\u017ca ci\u015bnie\u0144 przy ul. Sobieskiego po raz kolejny zmieni\u0142a w\u0142a\u015bciciela. Obiekt trafi\u0142 pod opiek\u0119 pyskowickiej firmy Komsta Okna i Drzwi. &#8211; Obecnie pracujemy nad koncepcj\u0105 zagospodarowania terenu oraz wie\u017cy. Mamy kilka projekt\u00f3w, ale jeszcze nie zapad\u0142y decyzje, w kt\u00f3r\u0105 stron\u0119 p\u00f3jdziemy &#8211; m\u00f3wi nam Micha\u0142 Komsta, dyrektor ds. exportu w Komsta [&hellip;]<\/p>\n","protected":false},"author":12,"featured_media":117581,"comment_status":"open","ping_status":"closed","sticky":false,"template":"","format":"standard","meta":{"_monsterinsights_skip_tracking":false,"_monsterinsights_sitenote_active":false,"_monsterinsights_sitenote_note":"","_monsterinsights_sitenote_category":0,"footnotes":"","_links_to":"","_links_to_target":""},"categories":[3,1,9],"tags":[12430,7569],"class_list":["post-117569","post","type-post","status-publish","format-standard","has-post-thumbnail","hentry","category-gliwice","category-wszystko","category-aktualnosci_lokalne","tag-komsta","tag-wieza-cisnien-sobieskiego"],"yoast_head":"<!-- This site is optimized with the Yoast SEO plugin v27.5 - https:\/\/yoast.com\/product\/yoast-seo-wordpress\/ -->\n<title>Jest nowy w\u0142a\u015bciciel wie\u017cy ci\u015bnie\u0144 przy ul. Sobieskiego. To znana firma z Pyskowic - 24GLIWICE - Portal Gliwice | codziennie nowe informacje<\/title>\n<meta name=\"robots\" content=\"index, follow, max-snippet:-1, max-image-preview:large, max-video-preview:-1\" \/>\n<link rel=\"canonical\" href=\"https:\/\/www.24gliwice.pl\/wiadomosci\/jest-nowy-wlasciciel-wiezy-cisnien-przy-ul-sobieskiego-to-znana-firma-z-pyskowic\/\" \/>\n<meta property=\"og:locale\" content=\"pl_PL\" \/>\n<meta property=\"og:type\" content=\"article\" \/>\n<meta property=\"og:title\" content=\"Jest nowy w\u0142a\u015bciciel wie\u017cy ci\u015bnie\u0144 przy ul. Sobieskiego. To znana firma z Pyskowic - 24GLIWICE - Portal Gliwice | codziennie nowe informacje\" \/>\n<meta property=\"og:description\" content=\"Po pi\u0119ciu latach zabytkowa wie\u017ca ci\u015bnie\u0144 przy ul. Sobieskiego po raz kolejny zmieni\u0142a w\u0142a\u015bciciela. Obiekt trafi\u0142 pod opiek\u0119 pyskowickiej firmy Komsta Okna i Drzwi. &#8211; Obecnie pracujemy nad koncepcj\u0105 zagospodarowania terenu oraz wie\u017cy. Mamy kilka projekt\u00f3w, ale jeszcze nie zapad\u0142y decyzje, w kt\u00f3r\u0105 stron\u0119 p\u00f3jdziemy &#8211; m\u00f3wi nam Micha\u0142 Komsta, dyrektor ds. exportu w Komsta [&hellip;]\" \/>\n<meta property=\"og:url\" content=\"https:\/\/www.24gliwice.pl\/wiadomosci\/jest-nowy-wlasciciel-wiezy-cisnien-przy-ul-sobieskiego-to-znana-firma-z-pyskowic\/\" \/>\n<meta property=\"og:site_name\" content=\"24GLIWICE - Portal Gliwice | codziennie nowe informacje\" \/>\n<meta property=\"article:publisher\" content=\"https:\/\/www.facebook.com\/24gliwice\" \/>\n<meta property=\"article:published_time\" content=\"2018-05-23T23:55:52+00:00\" \/>\n<meta property=\"og:image\" content=\"https:\/\/www.24gliwice.pl\/wiadomosci\/wp-content\/uploads\/2018\/05\/1-wieza-cisnien-sobieskiego-fot-msz-1.jpg\" \/>\n\t<meta property=\"og:image:width\" content=\"810\" \/>\n\t<meta property=\"og:image:height\" content=\"456\" \/>\n\t<meta property=\"og:image:type\" content=\"image\/jpeg\" \/>\n<meta name=\"author\" content=\"Micha\u0142 Szewczyk\" \/>\n<meta name=\"twitter:card\" content=\"summary_large_image\" \/>\n<meta name=\"twitter:creator\" content=\"@24gliwice\" \/>\n<meta name=\"twitter:site\" content=\"@24gliwice\" \/>\n<meta name=\"twitter:label1\" content=\"Napisane przez\" \/>\n\t<meta name=\"twitter:data1\" content=\"Micha\u0142 Szewczyk\" \/>\n\t<meta name=\"twitter:label2\" content=\"Szacowany czas czytania\" \/>\n\t<meta name=\"twitter:data2\" content=\"3 minuty\" \/>\n<script type=\"application\/ld+json\" class=\"yoast-schema-graph\">{\"@context\":\"https:\\\/\\\/schema.org\",\"@graph\":[{\"@type\":\"Article\",\"@id\":\"https:\\\/\\\/www.24gliwice.pl\\\/wiadomosci\\\/jest-nowy-wlasciciel-wiezy-cisnien-przy-ul-sobieskiego-to-znana-firma-z-pyskowic\\\/#article\",\"isPartOf\":{\"@id\":\"https:\\\/\\\/www.24gliwice.pl\\\/wiadomosci\\\/jest-nowy-wlasciciel-wiezy-cisnien-przy-ul-sobieskiego-to-znana-firma-z-pyskowic\\\/\"},\"author\":{\"name\":\"Micha\u0142 Szewczyk\",\"@id\":\"https:\\\/\\\/www.24gliwice.pl\\\/wiadomosci\\\/#\\\/schema\\\/person\\\/940e8f8a097e322de4f463f061ef8d45\"},\"headline\":\"Jest nowy w\u0142a\u015bciciel wie\u017cy ci\u015bnie\u0144 przy ul. Sobieskiego. To znana firma z Pyskowic\",\"datePublished\":\"2018-05-23T23:55:52+00:00\",\"mainEntityOfPage\":{\"@id\":\"https:\\\/\\\/www.24gliwice.pl\\\/wiadomosci\\\/jest-nowy-wlasciciel-wiezy-cisnien-przy-ul-sobieskiego-to-znana-firma-z-pyskowic\\\/\"},\"wordCount\":595,\"commentCount\":0,\"publisher\":{\"@id\":\"https:\\\/\\\/www.24gliwice.pl\\\/wiadomosci\\\/#organization\"},\"image\":{\"@id\":\"https:\\\/\\\/www.24gliwice.pl\\\/wiadomosci\\\/jest-nowy-wlasciciel-wiezy-cisnien-przy-ul-sobieskiego-to-znana-firma-z-pyskowic\\\/#primaryimage\"},\"thumbnailUrl\":\"https:\\\/\\\/www.24gliwice.pl\\\/wiadomosci\\\/wp-content\\\/uploads\\\/2018\\\/05\\\/1-wieza-cisnien-sobieskiego-fot-msz-1.jpg\",\"keywords\":[\"komsta\",\"wie\u017ca ci\u015bnie\u0144 sobieskiego\"],\"articleSection\":[\"Gliwice\",\"Najnowsze wiadomo\u015bci\",\"Portal Gliwice - Wiadomo\u015bci lokalne\"],\"inLanguage\":\"pl-PL\",\"potentialAction\":[{\"@type\":\"CommentAction\",\"name\":\"Comment\",\"target\":[\"https:\\\/\\\/www.24gliwice.pl\\\/wiadomosci\\\/jest-nowy-wlasciciel-wiezy-cisnien-przy-ul-sobieskiego-to-znana-firma-z-pyskowic\\\/#respond\"]}]},{\"@type\":\"WebPage\",\"@id\":\"https:\\\/\\\/www.24gliwice.pl\\\/wiadomosci\\\/jest-nowy-wlasciciel-wiezy-cisnien-przy-ul-sobieskiego-to-znana-firma-z-pyskowic\\\/\",\"url\":\"https:\\\/\\\/www.24gliwice.pl\\\/wiadomosci\\\/jest-nowy-wlasciciel-wiezy-cisnien-przy-ul-sobieskiego-to-znana-firma-z-pyskowic\\\/\",\"name\":\"Jest nowy w\u0142a\u015bciciel wie\u017cy ci\u015bnie\u0144 przy ul. Sobieskiego. To znana firma z Pyskowic - 24GLIWICE - Portal Gliwice | codziennie nowe informacje\",\"isPartOf\":{\"@id\":\"https:\\\/\\\/www.24gliwice.pl\\\/wiadomosci\\\/#website\"},\"primaryImageOfPage\":{\"@id\":\"https:\\\/\\\/www.24gliwice.pl\\\/wiadomosci\\\/jest-nowy-wlasciciel-wiezy-cisnien-przy-ul-sobieskiego-to-znana-firma-z-pyskowic\\\/#primaryimage\"},\"image\":{\"@id\":\"https:\\\/\\\/www.24gliwice.pl\\\/wiadomosci\\\/jest-nowy-wlasciciel-wiezy-cisnien-przy-ul-sobieskiego-to-znana-firma-z-pyskowic\\\/#primaryimage\"},\"thumbnailUrl\":\"https:\\\/\\\/www.24gliwice.pl\\\/wiadomosci\\\/wp-content\\\/uploads\\\/2018\\\/05\\\/1-wieza-cisnien-sobieskiego-fot-msz-1.jpg\",\"datePublished\":\"2018-05-23T23:55:52+00:00\",\"breadcrumb\":{\"@id\":\"https:\\\/\\\/www.24gliwice.pl\\\/wiadomosci\\\/jest-nowy-wlasciciel-wiezy-cisnien-przy-ul-sobieskiego-to-znana-firma-z-pyskowic\\\/#breadcrumb\"},\"inLanguage\":\"pl-PL\",\"potentialAction\":[{\"@type\":\"ReadAction\",\"target\":[\"https:\\\/\\\/www.24gliwice.pl\\\/wiadomosci\\\/jest-nowy-wlasciciel-wiezy-cisnien-przy-ul-sobieskiego-to-znana-firma-z-pyskowic\\\/\"]}]},{\"@type\":\"ImageObject\",\"inLanguage\":\"pl-PL\",\"@id\":\"https:\\\/\\\/www.24gliwice.pl\\\/wiadomosci\\\/jest-nowy-wlasciciel-wiezy-cisnien-przy-ul-sobieskiego-to-znana-firma-z-pyskowic\\\/#primaryimage\",\"url\":\"https:\\\/\\\/www.24gliwice.pl\\\/wiadomosci\\\/wp-content\\\/uploads\\\/2018\\\/05\\\/1-wieza-cisnien-sobieskiego-fot-msz-1.jpg\",\"contentUrl\":\"https:\\\/\\\/www.24gliwice.pl\\\/wiadomosci\\\/wp-content\\\/uploads\\\/2018\\\/05\\\/1-wieza-cisnien-sobieskiego-fot-msz-1.jpg\",\"width\":810,\"height\":456},{\"@type\":\"BreadcrumbList\",\"@id\":\"https:\\\/\\\/www.24gliwice.pl\\\/wiadomosci\\\/jest-nowy-wlasciciel-wiezy-cisnien-przy-ul-sobieskiego-to-znana-firma-z-pyskowic\\\/#breadcrumb\",\"itemListElement\":[{\"@type\":\"ListItem\",\"position\":1,\"name\":\"Strona g\u0142\u00f3wna\",\"item\":\"https:\\\/\\\/www.24gliwice.pl\\\/wiadomosci\\\/\"},{\"@type\":\"ListItem\",\"position\":2,\"name\":\"Jest nowy w\u0142a\u015bciciel wie\u017cy ci\u015bnie\u0144 przy ul. Sobieskiego. To znana firma z Pyskowic\"}]},{\"@type\":\"WebSite\",\"@id\":\"https:\\\/\\\/www.24gliwice.pl\\\/wiadomosci\\\/#website\",\"url\":\"https:\\\/\\\/www.24gliwice.pl\\\/wiadomosci\\\/\",\"name\":\"24GLIWICE - Portal Gliwice | codziennie nowe wiadomo\u015bci\",\"description\":\"Portal Miejski Gliwice\",\"publisher\":{\"@id\":\"https:\\\/\\\/www.24gliwice.pl\\\/wiadomosci\\\/#organization\"},\"potentialAction\":[{\"@type\":\"SearchAction\",\"target\":{\"@type\":\"EntryPoint\",\"urlTemplate\":\"https:\\\/\\\/www.24gliwice.pl\\\/wiadomosci\\\/?s={search_term_string}\"},\"query-input\":{\"@type\":\"PropertyValueSpecification\",\"valueRequired\":true,\"valueName\":\"search_term_string\"}}],\"inLanguage\":\"pl-PL\"},{\"@type\":\"Organization\",\"@id\":\"https:\\\/\\\/www.24gliwice.pl\\\/wiadomosci\\\/#organization\",\"name\":\"24gliwice\",\"url\":\"https:\\\/\\\/www.24gliwice.pl\\\/wiadomosci\\\/\",\"logo\":{\"@type\":\"ImageObject\",\"inLanguage\":\"pl-PL\",\"@id\":\"https:\\\/\\\/www.24gliwice.pl\\\/wiadomosci\\\/#\\\/schema\\\/logo\\\/image\\\/\",\"url\":\"https:\\\/\\\/www.24gliwice.pl\\\/wiadomosci\\\/wp-content\\\/uploads\\\/2024\\\/10\\\/24gliwice-logo-696.jpg\",\"contentUrl\":\"https:\\\/\\\/www.24gliwice.pl\\\/wiadomosci\\\/wp-content\\\/uploads\\\/2024\\\/10\\\/24gliwice-logo-696.jpg\",\"width\":696,\"height\":696,\"caption\":\"24gliwice\"},\"image\":{\"@id\":\"https:\\\/\\\/www.24gliwice.pl\\\/wiadomosci\\\/#\\\/schema\\\/logo\\\/image\\\/\"},\"sameAs\":[\"https:\\\/\\\/www.facebook.com\\\/24gliwice\",\"https:\\\/\\\/x.com\\\/24gliwice\",\"https:\\\/\\\/www.youtube.com\\\/@24gliwice\"]},{\"@type\":\"Person\",\"@id\":\"https:\\\/\\\/www.24gliwice.pl\\\/wiadomosci\\\/#\\\/schema\\\/person\\\/940e8f8a097e322de4f463f061ef8d45\",\"name\":\"Micha\u0142 Szewczyk\",\"image\":{\"@type\":\"ImageObject\",\"inLanguage\":\"pl-PL\",\"@id\":\"https:\\\/\\\/secure.gravatar.com\\\/avatar\\\/771b8b6c74cd8d255e46392d605e01a86133900ef09b6ef3c8d451c9d92288cf?s=96&d=mm&r=g\",\"url\":\"https:\\\/\\\/secure.gravatar.com\\\/avatar\\\/771b8b6c74cd8d255e46392d605e01a86133900ef09b6ef3c8d451c9d92288cf?s=96&d=mm&r=g\",\"contentUrl\":\"https:\\\/\\\/secure.gravatar.com\\\/avatar\\\/771b8b6c74cd8d255e46392d605e01a86133900ef09b6ef3c8d451c9d92288cf?s=96&d=mm&r=g\",\"caption\":\"Micha\u0142 Szewczyk\"},\"sameAs\":[\"http:\\\/\\\/www.gazeta-miejska.pl\"],\"url\":\"https:\\\/\\\/www.24gliwice.pl\\\/wiadomosci\\\/author\\\/michal-szewczyk\\\/\"}]}<\/script>\n<!-- \/ Yoast SEO plugin. -->","yoast_head_json":{"title":"Jest nowy w\u0142a\u015bciciel wie\u017cy ci\u015bnie\u0144 przy ul. Sobieskiego. To znana firma z Pyskowic - 24GLIWICE - Portal Gliwice | codziennie nowe informacje","robots":{"index":"index","follow":"follow","max-snippet":"max-snippet:-1","max-image-preview":"max-image-preview:large","max-video-preview":"max-video-preview:-1"},"canonical":"https:\/\/www.24gliwice.pl\/wiadomosci\/jest-nowy-wlasciciel-wiezy-cisnien-przy-ul-sobieskiego-to-znana-firma-z-pyskowic\/","og_locale":"pl_PL","og_type":"article","og_title":"Jest nowy w\u0142a\u015bciciel wie\u017cy ci\u015bnie\u0144 przy ul. Sobieskiego. To znana firma z Pyskowic - 24GLIWICE - Portal Gliwice | codziennie nowe informacje","og_description":"Po pi\u0119ciu latach zabytkowa wie\u017ca ci\u015bnie\u0144 przy ul. Sobieskiego po raz kolejny zmieni\u0142a w\u0142a\u015bciciela. Obiekt trafi\u0142 pod opiek\u0119 pyskowickiej firmy Komsta Okna i Drzwi. &#8211; Obecnie pracujemy nad koncepcj\u0105 zagospodarowania terenu oraz wie\u017cy. Mamy kilka projekt\u00f3w, ale jeszcze nie zapad\u0142y decyzje, w kt\u00f3r\u0105 stron\u0119 p\u00f3jdziemy &#8211; m\u00f3wi nam Micha\u0142 Komsta, dyrektor ds. exportu w Komsta [&hellip;]","og_url":"https:\/\/www.24gliwice.pl\/wiadomosci\/jest-nowy-wlasciciel-wiezy-cisnien-przy-ul-sobieskiego-to-znana-firma-z-pyskowic\/","og_site_name":"24GLIWICE - Portal Gliwice | codziennie nowe informacje","article_publisher":"https:\/\/www.facebook.com\/24gliwice","article_published_time":"2018-05-23T23:55:52+00:00","og_image":[{"width":810,"height":456,"url":"https:\/\/www.24gliwice.pl\/wiadomosci\/wp-content\/uploads\/2018\/05\/1-wieza-cisnien-sobieskiego-fot-msz-1.jpg","type":"image\/jpeg"}],"author":"Micha\u0142 Szewczyk","twitter_card":"summary_large_image","twitter_creator":"@24gliwice","twitter_site":"@24gliwice","twitter_misc":{"Napisane przez":"Micha\u0142 Szewczyk","Szacowany czas czytania":"3 minuty"},"schema":{"@context":"https:\/\/schema.org","@graph":[{"@type":"Article","@id":"https:\/\/www.24gliwice.pl\/wiadomosci\/jest-nowy-wlasciciel-wiezy-cisnien-przy-ul-sobieskiego-to-znana-firma-z-pyskowic\/#article","isPartOf":{"@id":"https:\/\/www.24gliwice.pl\/wiadomosci\/jest-nowy-wlasciciel-wiezy-cisnien-przy-ul-sobieskiego-to-znana-firma-z-pyskowic\/"},"author":{"name":"Micha\u0142 Szewczyk","@id":"https:\/\/www.24gliwice.pl\/wiadomosci\/#\/schema\/person\/940e8f8a097e322de4f463f061ef8d45"},"headline":"Jest nowy w\u0142a\u015bciciel wie\u017cy ci\u015bnie\u0144 przy ul. Sobieskiego. To znana firma z Pyskowic","datePublished":"2018-05-23T23:55:52+00:00","mainEntityOfPage":{"@id":"https:\/\/www.24gliwice.pl\/wiadomosci\/jest-nowy-wlasciciel-wiezy-cisnien-przy-ul-sobieskiego-to-znana-firma-z-pyskowic\/"},"wordCount":595,"commentCount":0,"publisher":{"@id":"https:\/\/www.24gliwice.pl\/wiadomosci\/#organization"},"image":{"@id":"https:\/\/www.24gliwice.pl\/wiadomosci\/jest-nowy-wlasciciel-wiezy-cisnien-przy-ul-sobieskiego-to-znana-firma-z-pyskowic\/#primaryimage"},"thumbnailUrl":"https:\/\/www.24gliwice.pl\/wiadomosci\/wp-content\/uploads\/2018\/05\/1-wieza-cisnien-sobieskiego-fot-msz-1.jpg","keywords":["komsta","wie\u017ca ci\u015bnie\u0144 sobieskiego"],"articleSection":["Gliwice","Najnowsze wiadomo\u015bci","Portal Gliwice - Wiadomo\u015bci lokalne"],"inLanguage":"pl-PL","potentialAction":[{"@type":"CommentAction","name":"Comment","target":["https:\/\/www.24gliwice.pl\/wiadomosci\/jest-nowy-wlasciciel-wiezy-cisnien-przy-ul-sobieskiego-to-znana-firma-z-pyskowic\/#respond"]}]},{"@type":"WebPage","@id":"https:\/\/www.24gliwice.pl\/wiadomosci\/jest-nowy-wlasciciel-wiezy-cisnien-przy-ul-sobieskiego-to-znana-firma-z-pyskowic\/","url":"https:\/\/www.24gliwice.pl\/wiadomosci\/jest-nowy-wlasciciel-wiezy-cisnien-przy-ul-sobieskiego-to-znana-firma-z-pyskowic\/","name":"Jest nowy w\u0142a\u015bciciel wie\u017cy ci\u015bnie\u0144 przy ul. Sobieskiego. To znana firma z Pyskowic - 24GLIWICE - Portal Gliwice | codziennie nowe informacje","isPartOf":{"@id":"https:\/\/www.24gliwice.pl\/wiadomosci\/#website"},"primaryImageOfPage":{"@id":"https:\/\/www.24gliwice.pl\/wiadomosci\/jest-nowy-wlasciciel-wiezy-cisnien-przy-ul-sobieskiego-to-znana-firma-z-pyskowic\/#primaryimage"},"image":{"@id":"https:\/\/www.24gliwice.pl\/wiadomosci\/jest-nowy-wlasciciel-wiezy-cisnien-przy-ul-sobieskiego-to-znana-firma-z-pyskowic\/#primaryimage"},"thumbnailUrl":"https:\/\/www.24gliwice.pl\/wiadomosci\/wp-content\/uploads\/2018\/05\/1-wieza-cisnien-sobieskiego-fot-msz-1.jpg","datePublished":"2018-05-23T23:55:52+00:00","breadcrumb":{"@id":"https:\/\/www.24gliwice.pl\/wiadomosci\/jest-nowy-wlasciciel-wiezy-cisnien-przy-ul-sobieskiego-to-znana-firma-z-pyskowic\/#breadcrumb"},"inLanguage":"pl-PL","potentialAction":[{"@type":"ReadAction","target":["https:\/\/www.24gliwice.pl\/wiadomosci\/jest-nowy-wlasciciel-wiezy-cisnien-przy-ul-sobieskiego-to-znana-firma-z-pyskowic\/"]}]},{"@type":"ImageObject","inLanguage":"pl-PL","@id":"https:\/\/www.24gliwice.pl\/wiadomosci\/jest-nowy-wlasciciel-wiezy-cisnien-przy-ul-sobieskiego-to-znana-firma-z-pyskowic\/#primaryimage","url":"https:\/\/www.24gliwice.pl\/wiadomosci\/wp-content\/uploads\/2018\/05\/1-wieza-cisnien-sobieskiego-fot-msz-1.jpg","contentUrl":"https:\/\/www.24gliwice.pl\/wiadomosci\/wp-content\/uploads\/2018\/05\/1-wieza-cisnien-sobieskiego-fot-msz-1.jpg","width":810,"height":456},{"@type":"BreadcrumbList","@id":"https:\/\/www.24gliwice.pl\/wiadomosci\/jest-nowy-wlasciciel-wiezy-cisnien-przy-ul-sobieskiego-to-znana-firma-z-pyskowic\/#breadcrumb","itemListElement":[{"@type":"ListItem","position":1,"name":"Strona g\u0142\u00f3wna","item":"https:\/\/www.24gliwice.pl\/wiadomosci\/"},{"@type":"ListItem","position":2,"name":"Jest nowy w\u0142a\u015bciciel wie\u017cy ci\u015bnie\u0144 przy ul. Sobieskiego. To znana firma z Pyskowic"}]},{"@type":"WebSite","@id":"https:\/\/www.24gliwice.pl\/wiadomosci\/#website","url":"https:\/\/www.24gliwice.pl\/wiadomosci\/","name":"24GLIWICE - Portal Gliwice | codziennie nowe wiadomo\u015bci","description":"Portal Miejski Gliwice","publisher":{"@id":"https:\/\/www.24gliwice.pl\/wiadomosci\/#organization"},"potentialAction":[{"@type":"SearchAction","target":{"@type":"EntryPoint","urlTemplate":"https:\/\/www.24gliwice.pl\/wiadomosci\/?s={search_term_string}"},"query-input":{"@type":"PropertyValueSpecification","valueRequired":true,"valueName":"search_term_string"}}],"inLanguage":"pl-PL"},{"@type":"Organization","@id":"https:\/\/www.24gliwice.pl\/wiadomosci\/#organization","name":"24gliwice","url":"https:\/\/www.24gliwice.pl\/wiadomosci\/","logo":{"@type":"ImageObject","inLanguage":"pl-PL","@id":"https:\/\/www.24gliwice.pl\/wiadomosci\/#\/schema\/logo\/image\/","url":"https:\/\/www.24gliwice.pl\/wiadomosci\/wp-content\/uploads\/2024\/10\/24gliwice-logo-696.jpg","contentUrl":"https:\/\/www.24gliwice.pl\/wiadomosci\/wp-content\/uploads\/2024\/10\/24gliwice-logo-696.jpg","width":696,"height":696,"caption":"24gliwice"},"image":{"@id":"https:\/\/www.24gliwice.pl\/wiadomosci\/#\/schema\/logo\/image\/"},"sameAs":["https:\/\/www.facebook.com\/24gliwice","https:\/\/x.com\/24gliwice","https:\/\/www.youtube.com\/@24gliwice"]},{"@type":"Person","@id":"https:\/\/www.24gliwice.pl\/wiadomosci\/#\/schema\/person\/940e8f8a097e322de4f463f061ef8d45","name":"Micha\u0142 Szewczyk","image":{"@type":"ImageObject","inLanguage":"pl-PL","@id":"https:\/\/secure.gravatar.com\/avatar\/771b8b6c74cd8d255e46392d605e01a86133900ef09b6ef3c8d451c9d92288cf?s=96&d=mm&r=g","url":"https:\/\/secure.gravatar.com\/avatar\/771b8b6c74cd8d255e46392d605e01a86133900ef09b6ef3c8d451c9d92288cf?s=96&d=mm&r=g","contentUrl":"https:\/\/secure.gravatar.com\/avatar\/771b8b6c74cd8d255e46392d605e01a86133900ef09b6ef3c8d451c9d92288cf?s=96&d=mm&r=g","caption":"Micha\u0142 Szewczyk"},"sameAs":["http:\/\/www.gazeta-miejska.pl"],"url":"https:\/\/www.24gliwice.pl\/wiadomosci\/author\/michal-szewczyk\/"}]}},"_links":{"self":[{"href":"https:\/\/www.24gliwice.pl\/wiadomosci\/wp-json\/wp\/v2\/posts\/117569","targetHints":{"allow":["GET"]}}],"collection":[{"href":"https:\/\/www.24gliwice.pl\/wiadomosci\/wp-json\/wp\/v2\/posts"}],"about":[{"href":"https:\/\/www.24gliwice.pl\/wiadomosci\/wp-json\/wp\/v2\/types\/post"}],"author":[{"embeddable":true,"href":"https:\/\/www.24gliwice.pl\/wiadomosci\/wp-json\/wp\/v2\/users\/12"}],"replies":[{"embeddable":true,"href":"https:\/\/www.24gliwice.pl\/wiadomosci\/wp-json\/wp\/v2\/comments?post=117569"}],"version-history":[{"count":0,"href":"https:\/\/www.24gliwice.pl\/wiadomosci\/wp-json\/wp\/v2\/posts\/117569\/revisions"}],"wp:featuredmedia":[{"embeddable":true,"href":"https:\/\/www.24gliwice.pl\/wiadomosci\/wp-json\/wp\/v2\/media\/117581"}],"wp:attachment":[{"href":"https:\/\/www.24gliwice.pl\/wiadomosci\/wp-json\/wp\/v2\/media?parent=117569"}],"wp:term":[{"taxonomy":"category","embeddable":true,"href":"https:\/\/www.24gliwice.pl\/wiadomosci\/wp-json\/wp\/v2\/categories?post=117569"},{"taxonomy":"post_tag","embeddable":true,"href":"https:\/\/www.24gliwice.pl\/wiadomosci\/wp-json\/wp\/v2\/tags?post=117569"}],"curies":[{"name":"wp","href":"https:\/\/api.w.org\/{rel}","templated":true}]}}