{"id":117580,"date":"2018-05-23T17:09:07","date_gmt":"2018-05-23T15:09:07","guid":{"rendered":"https:\/\/www.24gliwice.pl\/wiadomosci\/?p=117580"},"modified":"2018-05-23T17:17:39","modified_gmt":"2018-05-23T15:17:39","slug":"pis-ma-swojego-kandydata-na-prezydenta-gliwic-to-posel-i-byly-radny","status":"publish","type":"post","link":"https:\/\/www.24gliwice.pl\/wiadomosci\/pis-ma-swojego-kandydata-na-prezydenta-gliwic-to-posel-i-byly-radny\/","title":{"rendered":"PiS ma swojego kandydata na prezydenta Gliwic. To pose\u0142 i by\u0142y radny"},"content":{"rendered":"<div class=\"gliwi-a6-nad-leadem-artykulow gliwi-entity-placement\" id=\"gliwi-118388308\"><div class=\"gliwi-adlabel\"><span style=\"font-size: 9px\">REKLAMA<\/span><\/div><div id=\"gliwi-156718023\" style=\"margin-bottom: 30px;margin-left: auto;margin-right: auto;text-align: center;\"><a data-no-instant=\"1\" href=\"https:\/\/przedszkole.halogen.org.pl\/\" rel=\"noopener\" class=\"a2t-link\" target=\"_blank\" aria-label=\"20260402-ANIMATOR-przedszkole_grafika_750x200\"><img loading=\"lazy\" decoding=\"async\" src=\"https:\/\/www.24gliwice.pl\/wiadomosci\/wp-content\/uploads\/2026\/04\/20260402-ANIMATOR-przedszkole_grafika_750x200.webp\" alt=\"\"  srcset=\"https:\/\/www.24gliwice.pl\/wiadomosci\/wp-content\/uploads\/2026\/04\/20260402-ANIMATOR-przedszkole_grafika_750x200.webp 750w, https:\/\/www.24gliwice.pl\/wiadomosci\/wp-content\/uploads\/2026\/04\/20260402-ANIMATOR-przedszkole_grafika_750x200-410x109.webp 410w\" sizes=\"(max-width: 750px) 100vw, 750px\" class=\"no-lazyload\" width=\"750\" height=\"200\"  style=\"display: inline-block; max-width: 100%; height: auto;\" \/><\/a><\/div><\/div><h3>&#8211; Pose\u0142 Jaros\u0142aw Gonciarz b\u0119dzie kandydatem PiS na prezydenta Gliwic w nadchodz\u0105cych wyborach samorz\u0105dowych &#8211; potwierdzi\u0142 dzi\u015b <strong>\u0141ukasz Chmielewski<\/strong>, dyrektor gliwickiego biura poselskiego PiS.<\/h3>\n<p>Tym samym by\u0142y gliwicki radny jest pierwszym kandydatem, kt\u00f3ry zapowiedzia\u0142 sw\u00f3j udzia\u0142 w tegorocznych wyborach prezydenckich.<\/p>\n[perfectpullquote align=&#8221;full&#8221; bordertop=&#8221;false&#8221; cite=&#8221;&#8221; link=&#8221;&#8221; color=&#8221;&#8221; class=&#8221;&#8221; size=&#8221;&#8221;]Nazwisko Gonciarza (obok wojewody Jaros\u0142awa Wieczorka i senatora Krystiana Probierza) na gie\u0142dzie potencjalnych kandydat\u00f3w pojawia\u0142o si\u0119 ju\u017c od kilku miesi\u0119cy.[\/perfectpullquote]\n<p>Tymczasem, jak si\u0119 nieoficjalnie dowiedzieli\u015bmy najpowa\u017cniejszym konkurentem gliwickiego pos\u0142a na ostatniej prostej zosta\u0142&#8230; by\u0142y wiceprezydent Gliwic Janusz Moszy\u0144ski. Ta kandydatura mia\u0142a by\u0107 silnie forsowana przez Barbar\u0119 Dziuk, wp\u0142ywow\u0105 pos\u0142ank\u0119 PiS z Tarnowskich G\u00f3r.<br \/>\n&#8211; Mog\u0119 zapewni\u0107, \u017ce ze strony gliwickich struktur partii Jaros\u0142aw Gonciarz by\u0142 jedynym kandydatem &#8211; komentuje Chmielewski.<\/p><div class=\"gliwi-a3-w-tresci-artykulow gliwi-entity-placement\" id=\"gliwi-1649321778\"><div class=\"gliwi-adlabel\"><span style=\"font-size: 9px\">REKLAMA<\/span><\/div><div id=\"gliwi-3211896205\" style=\"margin-bottom: 30px;margin-left: auto;margin-right: auto;text-align: center;\"><a data-no-instant=\"1\" href=\"https:\/\/zlobek.halogen.org.pl\/\" rel=\"noopener\" class=\"a2t-link\" target=\"_blank\" aria-label=\"animator-zlobek_750x200\"><img loading=\"lazy\" decoding=\"async\" src=\"https:\/\/www.24gliwice.pl\/wiadomosci\/wp-content\/uploads\/2026\/02\/animator-zlobek_750x200.webp\" alt=\"\"  srcset=\"https:\/\/www.24gliwice.pl\/wiadomosci\/wp-content\/uploads\/2026\/02\/animator-zlobek_750x200.webp 750w, https:\/\/www.24gliwice.pl\/wiadomosci\/wp-content\/uploads\/2026\/02\/animator-zlobek_750x200-410x109.webp 410w\" sizes=\"(max-width: 750px) 100vw, 750px\" class=\"no-lazyload\" width=\"750\" height=\"200\"  style=\"display: inline-block; max-width: 100%; height: auto;\" \/><\/a><\/div><\/div>\n<p>Kim b\u0119d\u0105 kontrkandydaci Gonciarza w wyborach? Tego na razie nie wiadomo, cho\u0107 wiele wskazuje na to, \u017ce Zygmunt Frankiewicz (o ile zdecyduje si\u0119 na start) zyska poparcie tzw. &#8220;wielkiej koalicji&#8221; &#8211; Platformy Obywatelskiej, Nowoczesnej, KODu i oczywi\u015bcie w\u0142asnej Koalicji dla Gliwic. To pozornie stawia kandydata PiS w jeszcze trudniejszej sytuacji ni\u017c dotychczas. Z drugiej strony koalicja najwi\u0119kszych ugrupowa\u0144 i brak innych mocnych kandydat\u00f3w (np. obywatelskich) pozwoli prezentowa\u0107 Gonciarza jako jedyn\u0105 mocn\u0105 alternatyw\u0119 do rz\u0105d\u00f3w Frankiewicza.<\/p>\n<p>48-letni Jaros\u0142aw Gonciarz urodzi\u0142 si\u0119 w Czeladzi. Ma wykszta\u0142cenie \u015brednie pomaturalne. Od 1989 zawodowo zwi\u0105zany jest z bran\u017c\u0105 g\u00f3rnicz\u0105, pracowa\u0142 m.in. jako informatyk w jednym z zak\u0142ad\u00f3w Kompanii W\u0119glowej. Od 2010 roku zasiada\u0142 w gliwickiej Radzie Miasta. W wyborach parlamentarnych w 2015 uzyska\u0142 mandat pos\u0142a otrzymuj\u0105c 4884 g\u0142osy. W Warszawie wielokrotnie interpelowa\u0142 w sprawach Gliwic. Nale\u017cy do pos\u0142\u00f3w o najwy\u017cszej frekwencji na g\u0142osowaniach (opu\u015bci\u0142 zaledwie 7 z 5376). W ostatnich miesi\u0105cach zwi\u0119kszy\u0142 te\u017c swoj\u0105 aktywno\u015b\u0107 podczas sejmowych posiedze\u0144. W pierwszych miesi\u0105cach kadencji ani razu nie pojawi\u0142 si\u0119 na sejmowej m\u00f3wnicy, za co by\u0142 krytykowany przez niekt\u00f3re media. Obecnie ma na koncie ju\u017c 174 wyst\u0105pienia (w tym jednak 69 niewyg\u0142oszonych o\u015bwiadcze\u0144).<br \/>\n(msz)<\/p>\n<p><iframe loading=\"lazy\" width=\"810\" height=\"456\" src=\"https:\/\/www.youtube.com\/embed\/q_7a5A1Oc2U?start=6\" frameborder=\"0\" allow=\"autoplay; encrypted-media\" allowfullscreen><\/iframe><\/p>\n<div class=\"gliwi-a5-na-koncu-artykulow gliwi-entity-placement\" id=\"gliwi-691592119\"><div class=\"gliwi-adlabel\"><span style=\"font-size: 9px\">REKLAMA<\/span><\/div><div id=\"gliwi-1399937647\" style=\"margin-left: auto;margin-right: auto;text-align: center;\"><a data-no-instant=\"1\" href=\"https:\/\/prezeroarenagliwice.pl\/\" rel=\"noopener\" class=\"a2t-link\" target=\"_blank\" aria-label=\"20260309-PREZERO-WIOSNA-D\"><img loading=\"lazy\" decoding=\"async\" src=\"https:\/\/www.24gliwice.pl\/wiadomosci\/wp-content\/uploads\/2026\/03\/20260309-PREZERO-WIOSNA-D.webp\" alt=\"\"  srcset=\"https:\/\/www.24gliwice.pl\/wiadomosci\/wp-content\/uploads\/2026\/03\/20260309-PREZERO-WIOSNA-D.webp 750w, https:\/\/www.24gliwice.pl\/wiadomosci\/wp-content\/uploads\/2026\/03\/20260309-PREZERO-WIOSNA-D-410x109.webp 410w\" sizes=\"(max-width: 750px) 100vw, 750px\" class=\"no-lazyload\" width=\"750\" height=\"200\"  style=\"display: inline-block; max-width: 100%; height: auto;\" \/><\/a><\/div><\/div>","protected":false},"excerpt":{"rendered":"<p>&#8211; Pose\u0142 Jaros\u0142aw Gonciarz b\u0119dzie kandydatem PiS na prezydenta Gliwic w nadchodz\u0105cych wyborach samorz\u0105dowych &#8211; potwierdzi\u0142 dzi\u015b \u0141ukasz Chmielewski, dyrektor gliwickiego biura poselskiego PiS. Tym samym by\u0142y gliwicki radny jest pierwszym kandydatem, kt\u00f3ry zapowiedzia\u0142 sw\u00f3j udzia\u0142 w tegorocznych wyborach prezydenckich. [perfectpullquote align=&#8221;full&#8221; bordertop=&#8221;false&#8221; cite=&#8221;&#8221; link=&#8221;&#8221; color=&#8221;&#8221; class=&#8221;&#8221; size=&#8221;&#8221;]Nazwisko Gonciarza (obok wojewody Jaros\u0142awa Wieczorka i senatora [&hellip;]<\/p>\n","protected":false},"author":12,"featured_media":117590,"comment_status":"open","ping_status":"closed","sticky":false,"template":"","format":"standard","meta":{"_monsterinsights_skip_tracking":false,"_monsterinsights_sitenote_active":false,"_monsterinsights_sitenote_note":"","_monsterinsights_sitenote_category":0,"footnotes":"","_links_to":"","_links_to_target":""},"categories":[3,1,9,8],"tags":[6526,6634,8383,2360],"class_list":["post-117580","post","type-post","status-publish","format-standard","has-post-thumbnail","hentry","category-gliwice","category-wszystko","category-aktualnosci_lokalne","category-samorzad_polityka","tag-gonciarz-gliwice","tag-jaroslaw-gonciarz","tag-wybory-2018","tag-wybory-gliwice"],"yoast_head":"<!-- This site is optimized with the Yoast SEO plugin v27.5 - https:\/\/yoast.com\/product\/yoast-seo-wordpress\/ -->\n<title>PiS ma swojego kandydata na prezydenta Gliwic. To pose\u0142 i by\u0142y radny - 24GLIWICE - Portal Gliwice | codziennie nowe informacje<\/title>\n<meta name=\"robots\" content=\"index, follow, max-snippet:-1, max-image-preview:large, max-video-preview:-1\" \/>\n<link rel=\"canonical\" href=\"https:\/\/www.24gliwice.pl\/wiadomosci\/pis-ma-swojego-kandydata-na-prezydenta-gliwic-to-posel-i-byly-radny\/\" \/>\n<meta property=\"og:locale\" content=\"pl_PL\" \/>\n<meta property=\"og:type\" content=\"article\" \/>\n<meta property=\"og:title\" content=\"PiS ma swojego kandydata na prezydenta Gliwic. To pose\u0142 i by\u0142y radny - 24GLIWICE - Portal Gliwice | codziennie nowe informacje\" \/>\n<meta property=\"og:description\" content=\"&#8211; Pose\u0142 Jaros\u0142aw Gonciarz b\u0119dzie kandydatem PiS na prezydenta Gliwic w nadchodz\u0105cych wyborach samorz\u0105dowych &#8211; potwierdzi\u0142 dzi\u015b \u0141ukasz Chmielewski, dyrektor gliwickiego biura poselskiego PiS. Tym samym by\u0142y gliwicki radny jest pierwszym kandydatem, kt\u00f3ry zapowiedzia\u0142 sw\u00f3j udzia\u0142 w tegorocznych wyborach prezydenckich. [perfectpullquote align=&#8221;full&#8221; bordertop=&#8221;false&#8221; cite=&#8221;&#8221; link=&#8221;&#8221; color=&#8221;&#8221; class=&#8221;&#8221; size=&#8221;&#8221;]Nazwisko Gonciarza (obok wojewody Jaros\u0142awa Wieczorka i senatora [&hellip;]\" \/>\n<meta property=\"og:url\" content=\"https:\/\/www.24gliwice.pl\/wiadomosci\/pis-ma-swojego-kandydata-na-prezydenta-gliwic-to-posel-i-byly-radny\/\" \/>\n<meta property=\"og:site_name\" content=\"24GLIWICE - Portal Gliwice | codziennie nowe informacje\" \/>\n<meta property=\"article:publisher\" content=\"https:\/\/www.facebook.com\/24gliwice\" \/>\n<meta property=\"article:published_time\" content=\"2018-05-23T15:09:07+00:00\" \/>\n<meta property=\"article:modified_time\" content=\"2018-05-23T15:17:39+00:00\" \/>\n<meta property=\"og:image\" content=\"https:\/\/www.24gliwice.pl\/wiadomosci\/wp-content\/uploads\/2018\/05\/jaroslaw-gonciarz.jpg\" \/>\n\t<meta property=\"og:image:width\" content=\"1204\" \/>\n\t<meta property=\"og:image:height\" content=\"671\" \/>\n\t<meta property=\"og:image:type\" content=\"image\/jpeg\" \/>\n<meta name=\"author\" content=\"Micha\u0142 Szewczyk\" \/>\n<meta name=\"twitter:card\" content=\"summary_large_image\" \/>\n<meta name=\"twitter:creator\" content=\"@24gliwice\" \/>\n<meta name=\"twitter:site\" content=\"@24gliwice\" \/>\n<meta name=\"twitter:label1\" content=\"Napisane przez\" \/>\n\t<meta name=\"twitter:data1\" content=\"Micha\u0142 Szewczyk\" \/>\n\t<meta name=\"twitter:label2\" content=\"Szacowany czas czytania\" \/>\n\t<meta name=\"twitter:data2\" content=\"2 minuty\" \/>\n<script type=\"application\/ld+json\" class=\"yoast-schema-graph\">{\"@context\":\"https:\\\/\\\/schema.org\",\"@graph\":[{\"@type\":\"Article\",\"@id\":\"https:\\\/\\\/www.24gliwice.pl\\\/wiadomosci\\\/pis-ma-swojego-kandydata-na-prezydenta-gliwic-to-posel-i-byly-radny\\\/#article\",\"isPartOf\":{\"@id\":\"https:\\\/\\\/www.24gliwice.pl\\\/wiadomosci\\\/pis-ma-swojego-kandydata-na-prezydenta-gliwic-to-posel-i-byly-radny\\\/\"},\"author\":{\"name\":\"Micha\u0142 Szewczyk\",\"@id\":\"https:\\\/\\\/www.24gliwice.pl\\\/wiadomosci\\\/#\\\/schema\\\/person\\\/940e8f8a097e322de4f463f061ef8d45\"},\"headline\":\"PiS ma swojego kandydata na prezydenta Gliwic. To pose\u0142 i by\u0142y radny\",\"datePublished\":\"2018-05-23T15:09:07+00:00\",\"dateModified\":\"2018-05-23T15:17:39+00:00\",\"mainEntityOfPage\":{\"@id\":\"https:\\\/\\\/www.24gliwice.pl\\\/wiadomosci\\\/pis-ma-swojego-kandydata-na-prezydenta-gliwic-to-posel-i-byly-radny\\\/\"},\"wordCount\":365,\"commentCount\":0,\"publisher\":{\"@id\":\"https:\\\/\\\/www.24gliwice.pl\\\/wiadomosci\\\/#organization\"},\"image\":{\"@id\":\"https:\\\/\\\/www.24gliwice.pl\\\/wiadomosci\\\/pis-ma-swojego-kandydata-na-prezydenta-gliwic-to-posel-i-byly-radny\\\/#primaryimage\"},\"thumbnailUrl\":\"https:\\\/\\\/www.24gliwice.pl\\\/wiadomosci\\\/wp-content\\\/uploads\\\/2018\\\/05\\\/jaroslaw-gonciarz.jpg\",\"keywords\":[\"gonciarz gliwice\",\"jaros\u0142aw gonciarz\",\"WYBORY 2018\",\"WYBORY GLIWICE\"],\"articleSection\":[\"Gliwice\",\"Najnowsze wiadomo\u015bci\",\"Portal Gliwice - Wiadomo\u015bci lokalne\",\"Samorz\u0105d, polityka\"],\"inLanguage\":\"pl-PL\",\"potentialAction\":[{\"@type\":\"CommentAction\",\"name\":\"Comment\",\"target\":[\"https:\\\/\\\/www.24gliwice.pl\\\/wiadomosci\\\/pis-ma-swojego-kandydata-na-prezydenta-gliwic-to-posel-i-byly-radny\\\/#respond\"]}]},{\"@type\":\"WebPage\",\"@id\":\"https:\\\/\\\/www.24gliwice.pl\\\/wiadomosci\\\/pis-ma-swojego-kandydata-na-prezydenta-gliwic-to-posel-i-byly-radny\\\/\",\"url\":\"https:\\\/\\\/www.24gliwice.pl\\\/wiadomosci\\\/pis-ma-swojego-kandydata-na-prezydenta-gliwic-to-posel-i-byly-radny\\\/\",\"name\":\"PiS ma swojego kandydata na prezydenta Gliwic. To pose\u0142 i by\u0142y radny - 24GLIWICE - Portal Gliwice | codziennie nowe informacje\",\"isPartOf\":{\"@id\":\"https:\\\/\\\/www.24gliwice.pl\\\/wiadomosci\\\/#website\"},\"primaryImageOfPage\":{\"@id\":\"https:\\\/\\\/www.24gliwice.pl\\\/wiadomosci\\\/pis-ma-swojego-kandydata-na-prezydenta-gliwic-to-posel-i-byly-radny\\\/#primaryimage\"},\"image\":{\"@id\":\"https:\\\/\\\/www.24gliwice.pl\\\/wiadomosci\\\/pis-ma-swojego-kandydata-na-prezydenta-gliwic-to-posel-i-byly-radny\\\/#primaryimage\"},\"thumbnailUrl\":\"https:\\\/\\\/www.24gliwice.pl\\\/wiadomosci\\\/wp-content\\\/uploads\\\/2018\\\/05\\\/jaroslaw-gonciarz.jpg\",\"datePublished\":\"2018-05-23T15:09:07+00:00\",\"dateModified\":\"2018-05-23T15:17:39+00:00\",\"breadcrumb\":{\"@id\":\"https:\\\/\\\/www.24gliwice.pl\\\/wiadomosci\\\/pis-ma-swojego-kandydata-na-prezydenta-gliwic-to-posel-i-byly-radny\\\/#breadcrumb\"},\"inLanguage\":\"pl-PL\",\"potentialAction\":[{\"@type\":\"ReadAction\",\"target\":[\"https:\\\/\\\/www.24gliwice.pl\\\/wiadomosci\\\/pis-ma-swojego-kandydata-na-prezydenta-gliwic-to-posel-i-byly-radny\\\/\"]}]},{\"@type\":\"ImageObject\",\"inLanguage\":\"pl-PL\",\"@id\":\"https:\\\/\\\/www.24gliwice.pl\\\/wiadomosci\\\/pis-ma-swojego-kandydata-na-prezydenta-gliwic-to-posel-i-byly-radny\\\/#primaryimage\",\"url\":\"https:\\\/\\\/www.24gliwice.pl\\\/wiadomosci\\\/wp-content\\\/uploads\\\/2018\\\/05\\\/jaroslaw-gonciarz.jpg\",\"contentUrl\":\"https:\\\/\\\/www.24gliwice.pl\\\/wiadomosci\\\/wp-content\\\/uploads\\\/2018\\\/05\\\/jaroslaw-gonciarz.jpg\",\"width\":1204,\"height\":671,\"caption\":\"fot. FB Jaros\u0142aw Gonciarz\"},{\"@type\":\"BreadcrumbList\",\"@id\":\"https:\\\/\\\/www.24gliwice.pl\\\/wiadomosci\\\/pis-ma-swojego-kandydata-na-prezydenta-gliwic-to-posel-i-byly-radny\\\/#breadcrumb\",\"itemListElement\":[{\"@type\":\"ListItem\",\"position\":1,\"name\":\"Strona g\u0142\u00f3wna\",\"item\":\"https:\\\/\\\/www.24gliwice.pl\\\/wiadomosci\\\/\"},{\"@type\":\"ListItem\",\"position\":2,\"name\":\"PiS ma swojego kandydata na prezydenta Gliwic. To pose\u0142 i by\u0142y radny\"}]},{\"@type\":\"WebSite\",\"@id\":\"https:\\\/\\\/www.24gliwice.pl\\\/wiadomosci\\\/#website\",\"url\":\"https:\\\/\\\/www.24gliwice.pl\\\/wiadomosci\\\/\",\"name\":\"24GLIWICE - Portal Gliwice | codziennie nowe wiadomo\u015bci\",\"description\":\"Portal Miejski Gliwice\",\"publisher\":{\"@id\":\"https:\\\/\\\/www.24gliwice.pl\\\/wiadomosci\\\/#organization\"},\"potentialAction\":[{\"@type\":\"SearchAction\",\"target\":{\"@type\":\"EntryPoint\",\"urlTemplate\":\"https:\\\/\\\/www.24gliwice.pl\\\/wiadomosci\\\/?s={search_term_string}\"},\"query-input\":{\"@type\":\"PropertyValueSpecification\",\"valueRequired\":true,\"valueName\":\"search_term_string\"}}],\"inLanguage\":\"pl-PL\"},{\"@type\":\"Organization\",\"@id\":\"https:\\\/\\\/www.24gliwice.pl\\\/wiadomosci\\\/#organization\",\"name\":\"24gliwice\",\"url\":\"https:\\\/\\\/www.24gliwice.pl\\\/wiadomosci\\\/\",\"logo\":{\"@type\":\"ImageObject\",\"inLanguage\":\"pl-PL\",\"@id\":\"https:\\\/\\\/www.24gliwice.pl\\\/wiadomosci\\\/#\\\/schema\\\/logo\\\/image\\\/\",\"url\":\"https:\\\/\\\/www.24gliwice.pl\\\/wiadomosci\\\/wp-content\\\/uploads\\\/2024\\\/10\\\/24gliwice-logo-696.jpg\",\"contentUrl\":\"https:\\\/\\\/www.24gliwice.pl\\\/wiadomosci\\\/wp-content\\\/uploads\\\/2024\\\/10\\\/24gliwice-logo-696.jpg\",\"width\":696,\"height\":696,\"caption\":\"24gliwice\"},\"image\":{\"@id\":\"https:\\\/\\\/www.24gliwice.pl\\\/wiadomosci\\\/#\\\/schema\\\/logo\\\/image\\\/\"},\"sameAs\":[\"https:\\\/\\\/www.facebook.com\\\/24gliwice\",\"https:\\\/\\\/x.com\\\/24gliwice\",\"https:\\\/\\\/www.youtube.com\\\/@24gliwice\"]},{\"@type\":\"Person\",\"@id\":\"https:\\\/\\\/www.24gliwice.pl\\\/wiadomosci\\\/#\\\/schema\\\/person\\\/940e8f8a097e322de4f463f061ef8d45\",\"name\":\"Micha\u0142 Szewczyk\",\"image\":{\"@type\":\"ImageObject\",\"inLanguage\":\"pl-PL\",\"@id\":\"https:\\\/\\\/secure.gravatar.com\\\/avatar\\\/771b8b6c74cd8d255e46392d605e01a86133900ef09b6ef3c8d451c9d92288cf?s=96&d=mm&r=g\",\"url\":\"https:\\\/\\\/secure.gravatar.com\\\/avatar\\\/771b8b6c74cd8d255e46392d605e01a86133900ef09b6ef3c8d451c9d92288cf?s=96&d=mm&r=g\",\"contentUrl\":\"https:\\\/\\\/secure.gravatar.com\\\/avatar\\\/771b8b6c74cd8d255e46392d605e01a86133900ef09b6ef3c8d451c9d92288cf?s=96&d=mm&r=g\",\"caption\":\"Micha\u0142 Szewczyk\"},\"sameAs\":[\"http:\\\/\\\/www.gazeta-miejska.pl\"],\"url\":\"https:\\\/\\\/www.24gliwice.pl\\\/wiadomosci\\\/author\\\/michal-szewczyk\\\/\"}]}<\/script>\n<!-- \/ Yoast SEO plugin. -->","yoast_head_json":{"title":"PiS ma swojego kandydata na prezydenta Gliwic. To pose\u0142 i by\u0142y radny - 24GLIWICE - Portal Gliwice | codziennie nowe informacje","robots":{"index":"index","follow":"follow","max-snippet":"max-snippet:-1","max-image-preview":"max-image-preview:large","max-video-preview":"max-video-preview:-1"},"canonical":"https:\/\/www.24gliwice.pl\/wiadomosci\/pis-ma-swojego-kandydata-na-prezydenta-gliwic-to-posel-i-byly-radny\/","og_locale":"pl_PL","og_type":"article","og_title":"PiS ma swojego kandydata na prezydenta Gliwic. To pose\u0142 i by\u0142y radny - 24GLIWICE - Portal Gliwice | codziennie nowe informacje","og_description":"&#8211; Pose\u0142 Jaros\u0142aw Gonciarz b\u0119dzie kandydatem PiS na prezydenta Gliwic w nadchodz\u0105cych wyborach samorz\u0105dowych &#8211; potwierdzi\u0142 dzi\u015b \u0141ukasz Chmielewski, dyrektor gliwickiego biura poselskiego PiS. Tym samym by\u0142y gliwicki radny jest pierwszym kandydatem, kt\u00f3ry zapowiedzia\u0142 sw\u00f3j udzia\u0142 w tegorocznych wyborach prezydenckich. [perfectpullquote align=&#8221;full&#8221; bordertop=&#8221;false&#8221; cite=&#8221;&#8221; link=&#8221;&#8221; color=&#8221;&#8221; class=&#8221;&#8221; size=&#8221;&#8221;]Nazwisko Gonciarza (obok wojewody Jaros\u0142awa Wieczorka i senatora [&hellip;]","og_url":"https:\/\/www.24gliwice.pl\/wiadomosci\/pis-ma-swojego-kandydata-na-prezydenta-gliwic-to-posel-i-byly-radny\/","og_site_name":"24GLIWICE - Portal Gliwice | codziennie nowe informacje","article_publisher":"https:\/\/www.facebook.com\/24gliwice","article_published_time":"2018-05-23T15:09:07+00:00","article_modified_time":"2018-05-23T15:17:39+00:00","og_image":[{"width":1204,"height":671,"url":"https:\/\/www.24gliwice.pl\/wiadomosci\/wp-content\/uploads\/2018\/05\/jaroslaw-gonciarz.jpg","type":"image\/jpeg"}],"author":"Micha\u0142 Szewczyk","twitter_card":"summary_large_image","twitter_creator":"@24gliwice","twitter_site":"@24gliwice","twitter_misc":{"Napisane przez":"Micha\u0142 Szewczyk","Szacowany czas czytania":"2 minuty"},"schema":{"@context":"https:\/\/schema.org","@graph":[{"@type":"Article","@id":"https:\/\/www.24gliwice.pl\/wiadomosci\/pis-ma-swojego-kandydata-na-prezydenta-gliwic-to-posel-i-byly-radny\/#article","isPartOf":{"@id":"https:\/\/www.24gliwice.pl\/wiadomosci\/pis-ma-swojego-kandydata-na-prezydenta-gliwic-to-posel-i-byly-radny\/"},"author":{"name":"Micha\u0142 Szewczyk","@id":"https:\/\/www.24gliwice.pl\/wiadomosci\/#\/schema\/person\/940e8f8a097e322de4f463f061ef8d45"},"headline":"PiS ma swojego kandydata na prezydenta Gliwic. To pose\u0142 i by\u0142y radny","datePublished":"2018-05-23T15:09:07+00:00","dateModified":"2018-05-23T15:17:39+00:00","mainEntityOfPage":{"@id":"https:\/\/www.24gliwice.pl\/wiadomosci\/pis-ma-swojego-kandydata-na-prezydenta-gliwic-to-posel-i-byly-radny\/"},"wordCount":365,"commentCount":0,"publisher":{"@id":"https:\/\/www.24gliwice.pl\/wiadomosci\/#organization"},"image":{"@id":"https:\/\/www.24gliwice.pl\/wiadomosci\/pis-ma-swojego-kandydata-na-prezydenta-gliwic-to-posel-i-byly-radny\/#primaryimage"},"thumbnailUrl":"https:\/\/www.24gliwice.pl\/wiadomosci\/wp-content\/uploads\/2018\/05\/jaroslaw-gonciarz.jpg","keywords":["gonciarz gliwice","jaros\u0142aw gonciarz","WYBORY 2018","WYBORY GLIWICE"],"articleSection":["Gliwice","Najnowsze wiadomo\u015bci","Portal Gliwice - Wiadomo\u015bci lokalne","Samorz\u0105d, polityka"],"inLanguage":"pl-PL","potentialAction":[{"@type":"CommentAction","name":"Comment","target":["https:\/\/www.24gliwice.pl\/wiadomosci\/pis-ma-swojego-kandydata-na-prezydenta-gliwic-to-posel-i-byly-radny\/#respond"]}]},{"@type":"WebPage","@id":"https:\/\/www.24gliwice.pl\/wiadomosci\/pis-ma-swojego-kandydata-na-prezydenta-gliwic-to-posel-i-byly-radny\/","url":"https:\/\/www.24gliwice.pl\/wiadomosci\/pis-ma-swojego-kandydata-na-prezydenta-gliwic-to-posel-i-byly-radny\/","name":"PiS ma swojego kandydata na prezydenta Gliwic. To pose\u0142 i by\u0142y radny - 24GLIWICE - Portal Gliwice | codziennie nowe informacje","isPartOf":{"@id":"https:\/\/www.24gliwice.pl\/wiadomosci\/#website"},"primaryImageOfPage":{"@id":"https:\/\/www.24gliwice.pl\/wiadomosci\/pis-ma-swojego-kandydata-na-prezydenta-gliwic-to-posel-i-byly-radny\/#primaryimage"},"image":{"@id":"https:\/\/www.24gliwice.pl\/wiadomosci\/pis-ma-swojego-kandydata-na-prezydenta-gliwic-to-posel-i-byly-radny\/#primaryimage"},"thumbnailUrl":"https:\/\/www.24gliwice.pl\/wiadomosci\/wp-content\/uploads\/2018\/05\/jaroslaw-gonciarz.jpg","datePublished":"2018-05-23T15:09:07+00:00","dateModified":"2018-05-23T15:17:39+00:00","breadcrumb":{"@id":"https:\/\/www.24gliwice.pl\/wiadomosci\/pis-ma-swojego-kandydata-na-prezydenta-gliwic-to-posel-i-byly-radny\/#breadcrumb"},"inLanguage":"pl-PL","potentialAction":[{"@type":"ReadAction","target":["https:\/\/www.24gliwice.pl\/wiadomosci\/pis-ma-swojego-kandydata-na-prezydenta-gliwic-to-posel-i-byly-radny\/"]}]},{"@type":"ImageObject","inLanguage":"pl-PL","@id":"https:\/\/www.24gliwice.pl\/wiadomosci\/pis-ma-swojego-kandydata-na-prezydenta-gliwic-to-posel-i-byly-radny\/#primaryimage","url":"https:\/\/www.24gliwice.pl\/wiadomosci\/wp-content\/uploads\/2018\/05\/jaroslaw-gonciarz.jpg","contentUrl":"https:\/\/www.24gliwice.pl\/wiadomosci\/wp-content\/uploads\/2018\/05\/jaroslaw-gonciarz.jpg","width":1204,"height":671,"caption":"fot. FB Jaros\u0142aw Gonciarz"},{"@type":"BreadcrumbList","@id":"https:\/\/www.24gliwice.pl\/wiadomosci\/pis-ma-swojego-kandydata-na-prezydenta-gliwic-to-posel-i-byly-radny\/#breadcrumb","itemListElement":[{"@type":"ListItem","position":1,"name":"Strona g\u0142\u00f3wna","item":"https:\/\/www.24gliwice.pl\/wiadomosci\/"},{"@type":"ListItem","position":2,"name":"PiS ma swojego kandydata na prezydenta Gliwic. To pose\u0142 i by\u0142y radny"}]},{"@type":"WebSite","@id":"https:\/\/www.24gliwice.pl\/wiadomosci\/#website","url":"https:\/\/www.24gliwice.pl\/wiadomosci\/","name":"24GLIWICE - Portal Gliwice | codziennie nowe wiadomo\u015bci","description":"Portal Miejski Gliwice","publisher":{"@id":"https:\/\/www.24gliwice.pl\/wiadomosci\/#organization"},"potentialAction":[{"@type":"SearchAction","target":{"@type":"EntryPoint","urlTemplate":"https:\/\/www.24gliwice.pl\/wiadomosci\/?s={search_term_string}"},"query-input":{"@type":"PropertyValueSpecification","valueRequired":true,"valueName":"search_term_string"}}],"inLanguage":"pl-PL"},{"@type":"Organization","@id":"https:\/\/www.24gliwice.pl\/wiadomosci\/#organization","name":"24gliwice","url":"https:\/\/www.24gliwice.pl\/wiadomosci\/","logo":{"@type":"ImageObject","inLanguage":"pl-PL","@id":"https:\/\/www.24gliwice.pl\/wiadomosci\/#\/schema\/logo\/image\/","url":"https:\/\/www.24gliwice.pl\/wiadomosci\/wp-content\/uploads\/2024\/10\/24gliwice-logo-696.jpg","contentUrl":"https:\/\/www.24gliwice.pl\/wiadomosci\/wp-content\/uploads\/2024\/10\/24gliwice-logo-696.jpg","width":696,"height":696,"caption":"24gliwice"},"image":{"@id":"https:\/\/www.24gliwice.pl\/wiadomosci\/#\/schema\/logo\/image\/"},"sameAs":["https:\/\/www.facebook.com\/24gliwice","https:\/\/x.com\/24gliwice","https:\/\/www.youtube.com\/@24gliwice"]},{"@type":"Person","@id":"https:\/\/www.24gliwice.pl\/wiadomosci\/#\/schema\/person\/940e8f8a097e322de4f463f061ef8d45","name":"Micha\u0142 Szewczyk","image":{"@type":"ImageObject","inLanguage":"pl-PL","@id":"https:\/\/secure.gravatar.com\/avatar\/771b8b6c74cd8d255e46392d605e01a86133900ef09b6ef3c8d451c9d92288cf?s=96&d=mm&r=g","url":"https:\/\/secure.gravatar.com\/avatar\/771b8b6c74cd8d255e46392d605e01a86133900ef09b6ef3c8d451c9d92288cf?s=96&d=mm&r=g","contentUrl":"https:\/\/secure.gravatar.com\/avatar\/771b8b6c74cd8d255e46392d605e01a86133900ef09b6ef3c8d451c9d92288cf?s=96&d=mm&r=g","caption":"Micha\u0142 Szewczyk"},"sameAs":["http:\/\/www.gazeta-miejska.pl"],"url":"https:\/\/www.24gliwice.pl\/wiadomosci\/author\/michal-szewczyk\/"}]}},"_links":{"self":[{"href":"https:\/\/www.24gliwice.pl\/wiadomosci\/wp-json\/wp\/v2\/posts\/117580","targetHints":{"allow":["GET"]}}],"collection":[{"href":"https:\/\/www.24gliwice.pl\/wiadomosci\/wp-json\/wp\/v2\/posts"}],"about":[{"href":"https:\/\/www.24gliwice.pl\/wiadomosci\/wp-json\/wp\/v2\/types\/post"}],"author":[{"embeddable":true,"href":"https:\/\/www.24gliwice.pl\/wiadomosci\/wp-json\/wp\/v2\/users\/12"}],"replies":[{"embeddable":true,"href":"https:\/\/www.24gliwice.pl\/wiadomosci\/wp-json\/wp\/v2\/comments?post=117580"}],"version-history":[{"count":0,"href":"https:\/\/www.24gliwice.pl\/wiadomosci\/wp-json\/wp\/v2\/posts\/117580\/revisions"}],"wp:featuredmedia":[{"embeddable":true,"href":"https:\/\/www.24gliwice.pl\/wiadomosci\/wp-json\/wp\/v2\/media\/117590"}],"wp:attachment":[{"href":"https:\/\/www.24gliwice.pl\/wiadomosci\/wp-json\/wp\/v2\/media?parent=117580"}],"wp:term":[{"taxonomy":"category","embeddable":true,"href":"https:\/\/www.24gliwice.pl\/wiadomosci\/wp-json\/wp\/v2\/categories?post=117580"},{"taxonomy":"post_tag","embeddable":true,"href":"https:\/\/www.24gliwice.pl\/wiadomosci\/wp-json\/wp\/v2\/tags?post=117580"}],"curies":[{"name":"wp","href":"https:\/\/api.w.org\/{rel}","templated":true}]}}