{"id":117652,"date":"2018-05-25T14:08:25","date_gmt":"2018-05-25T12:08:25","guid":{"rendered":"https:\/\/www.24gliwice.pl\/wiadomosci\/?p=117652"},"modified":"2018-05-25T14:08:25","modified_gmt":"2018-05-25T12:08:25","slug":"tv-na-kanale-gliwickim-zainaugurowano-rok-odry-wraz-z-doplywami-rzeka-ma-duzy-potencjal","status":"publish","type":"post","link":"https:\/\/www.24gliwice.pl\/wiadomosci\/tv-na-kanale-gliwickim-zainaugurowano-rok-odry-wraz-z-doplywami-rzeka-ma-duzy-potencjal\/","title":{"rendered":"(TV) Na Kanale Gliwickim zainaugurowano Rok Odry. Wraz z dop\u0142ywami rzeka ma du\u017cy potencja\u0142"},"content":{"rendered":"<div class=\"gliwi-a6-nad-leadem-artykulow gliwi-entity-placement\" id=\"gliwi-2666023912\"><div class=\"gliwi-adlabel\"><span style=\"font-size: 9px\">REKLAMA<\/span><\/div><div id=\"gliwi-1679832098\" style=\"margin-bottom: 25px;margin-left: auto;margin-right: auto;text-align: center;\"><a data-no-instant=\"1\" href=\"https:\/\/dom100.eu\/\" rel=\"noopener\" class=\"a2t-link\" target=\"_blank\" aria-label=\"20260415 DOM100 D\"><img loading=\"lazy\" decoding=\"async\" src=\"https:\/\/www.24gliwice.pl\/wiadomosci\/wp-content\/uploads\/2026\/04\/20260415-DOM100-D.jpg\" alt=\"\"  srcset=\"https:\/\/www.24gliwice.pl\/wiadomosci\/wp-content\/uploads\/2026\/04\/20260415-DOM100-D.jpg 750w, https:\/\/www.24gliwice.pl\/wiadomosci\/wp-content\/uploads\/2026\/04\/20260415-DOM100-D-410x109.jpg 410w\" sizes=\"(max-width: 750px) 100vw, 750px\" class=\"no-lazyload\" width=\"750\" height=\"200\"  style=\"display: inline-block; max-width: 100%; height: auto;\" \/><\/a><\/div><\/div><h3>Na pok\u0142adzie zabytkowego statku Fokstrot, nale\u017c\u0105cego do Mariny Gliwice odby\u0142a si\u0119 konferencja prasowa, kt\u00f3ra rozpocz\u0119\u0142a obchody Roku Odry \u2013 Rzeki Pozytywnej Energii w regionie.<\/h3>\n<p>&#8211; Jestem fanem Odry i wierz\u0119 w potencja\u0142 tej rzeki, ale to od nas zale\u017cy, czy szans\u0119 jak\u0105 jest jej posiadanie b\u0119dziemy umieli wykorzysta\u0107. Odra jest kr\u0119gos\u0142upem zachodniej cz\u0119\u015bci Polski i wodnym kr\u0119gos\u0142upem \u015al\u0105ska, to element naszego dziedzictwa materialnego i niematerialnego. To r\u00f3wnie\u017c znakomity i gotowy produkt turystyczny, o czym \u015bwiadczy\u0107 mo\u017ce w\u0142a\u015bnie forma tego spotkania \u2013 m\u00f3wi\u0142 w trakcie konferencji <strong>Henryk Mercik<\/strong>, cz\u0142onek Zarz\u0105du Wojew\u00f3dztwa \u015al\u0105skiego, kt\u00f3ry uczestniczy\u0142 w rejsie.<\/p>\n[perfectpullquote align=&#8221;full&#8221; bordertop=&#8221;false&#8221; cite=&#8221;&#8221; link=&#8221;&#8221; color=&#8221;&#8221; class=&#8221;&#8221; size=&#8221;&#8221;]Podczas rejsu om\u00f3wiono potencja\u0142 rzeki w kontek\u015bcie jej wykorzystania gospodarczego i turystycznego, cho\u0107by w odniesieniu do zbli\u017caj\u0105cej si\u0119 Industriady, czyli \u015bwi\u0119ta Szlaku Zabytk\u00f3w Techniki. [\/perfectpullquote]\n<p>&#8211; Odra ma ogromny potencja\u0142 turystyczny, ale od lat nie potrafimy z niego korzysta\u0107. Tu wiele zale\u017cy od samorz\u0105dowc\u00f3w i ciesz\u0119 si\u0119, \u017ce samorz\u0105dowcy wojew\u00f3dztw odrza\u0144skich powoli to dostrzegaj\u0105, czego efektem jest w\u0142a\u015bnie wsp\u00f3lne og\u0142oszenie roku 2018 Rokiem Odry. Chcieliby\u015bmy, \u017ceby ludzie nie traktowali rzeki jako zagro\u017cenia, cho\u0107by przed powodzi\u0105, ale \u017ceby nast\u0105pi\u0142 zwrot ku rzece, tak jak to si\u0119 dzieje np. we Wroc\u0142awiu \u2013 doda\u0142 Henryk Mercik.<\/p><div class=\"gliwi-a3-w-tresci-artykulow gliwi-entity-placement\" id=\"gliwi-2154932707\"><div class=\"gliwi-adlabel\"><span style=\"font-size: 9px\">REKLAMA<\/span><\/div><div id=\"gliwi-3733264974\" style=\"margin-bottom: 30px;margin-left: auto;margin-right: auto;text-align: center;\"><a data-no-instant=\"1\" href=\"https:\/\/zlobek.halogen.org.pl\/\" rel=\"noopener\" class=\"a2t-link\" target=\"_blank\" aria-label=\"animator-zlobek_750x200\"><img loading=\"lazy\" decoding=\"async\" src=\"https:\/\/www.24gliwice.pl\/wiadomosci\/wp-content\/uploads\/2026\/02\/animator-zlobek_750x200.webp\" alt=\"\"  srcset=\"https:\/\/www.24gliwice.pl\/wiadomosci\/wp-content\/uploads\/2026\/02\/animator-zlobek_750x200.webp 750w, https:\/\/www.24gliwice.pl\/wiadomosci\/wp-content\/uploads\/2026\/02\/animator-zlobek_750x200-410x109.webp 410w\" sizes=\"(max-width: 750px) 100vw, 750px\" class=\"no-lazyload\" width=\"750\" height=\"200\"  style=\"display: inline-block; max-width: 100%; height: auto;\" \/><\/a><\/div><\/div>\n<div id='gallery-1' class='vce-gallery gallery galleryid-117652 gallery-columns-3 gallery-size-vce-lay-b'><div class=\"vce-gallery-big\"><div class=\"big-gallery-item item-0\" >\n\t\t\t<div class='gallery-icon'>\n\t\t\t\t<a href='https:\/\/www.24gliwice.pl\/wiadomosci\/wp-content\/uploads\/2018\/05\/flota-mariny.jpg'><img loading=\"lazy\" decoding=\"async\" width=\"810\" height=\"455\" src=\"https:\/\/www.24gliwice.pl\/wiadomosci\/wp-content\/uploads\/2018\/05\/flota-mariny-810x455.jpg\" class=\"attachment-vce-lay-a size-vce-lay-a\" alt=\"\" srcset=\"https:\/\/www.24gliwice.pl\/wiadomosci\/wp-content\/uploads\/2018\/05\/flota-mariny-810x455.jpg 810w, https:\/\/www.24gliwice.pl\/wiadomosci\/wp-content\/uploads\/2018\/05\/flota-mariny-410x230.jpg 410w, https:\/\/www.24gliwice.pl\/wiadomosci\/wp-content\/uploads\/2018\/05\/flota-mariny-768x431.jpg 768w, https:\/\/www.24gliwice.pl\/wiadomosci\/wp-content\/uploads\/2018\/05\/flota-mariny-1140x640.jpg 1140w, https:\/\/www.24gliwice.pl\/wiadomosci\/wp-content\/uploads\/2018\/05\/flota-mariny.jpg 1200w\" sizes=\"auto, (max-width: 810px) 100vw, 810px\" \/><\/a>\n\t\t\t<\/div>\n\t\t\t\t<figcaption class='wp-caption-text gallery-caption'>\n\t\t\t\tfot. Witold Tr\u00f3lka\n\t\t\t\t<\/figcaption><\/div><div class=\"big-gallery-item item-1\" style=\"display:none;\">\n\t\t\t<div class='gallery-icon'>\n\t\t\t\t<a href='https:\/\/www.24gliwice.pl\/wiadomosci\/wp-content\/uploads\/2018\/05\/skrzynie-w-porcie.jpg'><img loading=\"lazy\" decoding=\"async\" width=\"810\" height=\"455\" src=\"https:\/\/www.24gliwice.pl\/wiadomosci\/wp-content\/uploads\/2018\/05\/skrzynie-w-porcie-810x455.jpg\" class=\"attachment-vce-lay-a size-vce-lay-a\" alt=\"\" srcset=\"https:\/\/www.24gliwice.pl\/wiadomosci\/wp-content\/uploads\/2018\/05\/skrzynie-w-porcie-810x455.jpg 810w, https:\/\/www.24gliwice.pl\/wiadomosci\/wp-content\/uploads\/2018\/05\/skrzynie-w-porcie-410x230.jpg 410w, https:\/\/www.24gliwice.pl\/wiadomosci\/wp-content\/uploads\/2018\/05\/skrzynie-w-porcie-768x431.jpg 768w, https:\/\/www.24gliwice.pl\/wiadomosci\/wp-content\/uploads\/2018\/05\/skrzynie-w-porcie-1140x640.jpg 1140w, https:\/\/www.24gliwice.pl\/wiadomosci\/wp-content\/uploads\/2018\/05\/skrzynie-w-porcie.jpg 1200w\" sizes=\"auto, (max-width: 810px) 100vw, 810px\" \/><\/a>\n\t\t\t<\/div>\n\t\t\t\t<figcaption class='wp-caption-text gallery-caption'>\n\t\t\t\tfot. Witold Tr\u00f3lka\n\t\t\t\t<\/figcaption><\/div><div class=\"big-gallery-item item-2\" style=\"display:none;\">\n\t\t\t<div class='gallery-icon'>\n\t\t\t\t<a href='https:\/\/www.24gliwice.pl\/wiadomosci\/wp-content\/uploads\/2018\/05\/\u015bluza.jpg'><img loading=\"lazy\" decoding=\"async\" width=\"810\" height=\"455\" src=\"https:\/\/www.24gliwice.pl\/wiadomosci\/wp-content\/uploads\/2018\/05\/\u015bluza-810x455.jpg\" class=\"attachment-vce-lay-a size-vce-lay-a\" alt=\"\" srcset=\"https:\/\/www.24gliwice.pl\/wiadomosci\/wp-content\/uploads\/2018\/05\/\u015bluza-810x455.jpg 810w, https:\/\/www.24gliwice.pl\/wiadomosci\/wp-content\/uploads\/2018\/05\/\u015bluza-410x230.jpg 410w, https:\/\/www.24gliwice.pl\/wiadomosci\/wp-content\/uploads\/2018\/05\/\u015bluza-768x431.jpg 768w, https:\/\/www.24gliwice.pl\/wiadomosci\/wp-content\/uploads\/2018\/05\/\u015bluza-1140x640.jpg 1140w, https:\/\/www.24gliwice.pl\/wiadomosci\/wp-content\/uploads\/2018\/05\/\u015bluza.jpg 1200w\" sizes=\"auto, (max-width: 810px) 100vw, 810px\" \/><\/a>\n\t\t\t<\/div>\n\t\t\t\t<figcaption class='wp-caption-text gallery-caption'>\n\t\t\t\tfot. Witold Tr\u00f3lka\n\t\t\t\t<\/figcaption><\/div><div class=\"big-gallery-item item-3\" style=\"display:none;\">\n\t\t\t<div class='gallery-icon'>\n\t\t\t\t<a href='https:\/\/www.24gliwice.pl\/wiadomosci\/wp-content\/uploads\/2018\/05\/orwieraj\u0105-\u015bluz\u0119.jpg'><img loading=\"lazy\" decoding=\"async\" width=\"810\" height=\"455\" src=\"https:\/\/www.24gliwice.pl\/wiadomosci\/wp-content\/uploads\/2018\/05\/orwieraj\u0105-\u015bluz\u0119-810x455.jpg\" class=\"attachment-vce-lay-a size-vce-lay-a\" alt=\"\" srcset=\"https:\/\/www.24gliwice.pl\/wiadomosci\/wp-content\/uploads\/2018\/05\/orwieraj\u0105-\u015bluz\u0119-810x455.jpg 810w, https:\/\/www.24gliwice.pl\/wiadomosci\/wp-content\/uploads\/2018\/05\/orwieraj\u0105-\u015bluz\u0119-410x230.jpg 410w, https:\/\/www.24gliwice.pl\/wiadomosci\/wp-content\/uploads\/2018\/05\/orwieraj\u0105-\u015bluz\u0119-768x431.jpg 768w, https:\/\/www.24gliwice.pl\/wiadomosci\/wp-content\/uploads\/2018\/05\/orwieraj\u0105-\u015bluz\u0119-1140x640.jpg 1140w, https:\/\/www.24gliwice.pl\/wiadomosci\/wp-content\/uploads\/2018\/05\/orwieraj\u0105-\u015bluz\u0119.jpg 1200w\" sizes=\"auto, (max-width: 810px) 100vw, 810px\" \/><\/a>\n\t\t\t<\/div>\n\t\t\t\t<figcaption class='wp-caption-text gallery-caption'>\n\t\t\t\tfot. Witold Tr\u00f3lka\n\t\t\t\t<\/figcaption><\/div><div class=\"big-gallery-item item-4\" style=\"display:none;\">\n\t\t\t<div class='gallery-icon'>\n\t\t\t\t<a href='https:\/\/www.24gliwice.pl\/wiadomosci\/wp-content\/uploads\/2018\/05\/widok-z-pok\u0142adu.jpg'><img loading=\"lazy\" decoding=\"async\" width=\"810\" height=\"456\" src=\"https:\/\/www.24gliwice.pl\/wiadomosci\/wp-content\/uploads\/2018\/05\/widok-z-pok\u0142adu-810x456.jpg\" class=\"attachment-vce-lay-a size-vce-lay-a\" alt=\"\" srcset=\"https:\/\/www.24gliwice.pl\/wiadomosci\/wp-content\/uploads\/2018\/05\/widok-z-pok\u0142adu-810x456.jpg 810w, https:\/\/www.24gliwice.pl\/wiadomosci\/wp-content\/uploads\/2018\/05\/widok-z-pok\u0142adu-410x232.jpg 410w, https:\/\/www.24gliwice.pl\/wiadomosci\/wp-content\/uploads\/2018\/05\/widok-z-pok\u0142adu-768x432.jpg 768w, https:\/\/www.24gliwice.pl\/wiadomosci\/wp-content\/uploads\/2018\/05\/widok-z-pok\u0142adu-1140x641.jpg 1140w, https:\/\/www.24gliwice.pl\/wiadomosci\/wp-content\/uploads\/2018\/05\/widok-z-pok\u0142adu.jpg 1200w\" sizes=\"auto, (max-width: 810px) 100vw, 810px\" \/><\/a>\n\t\t\t<\/div>\n\t\t\t\t<figcaption class='wp-caption-text gallery-caption'>\n\t\t\t\tfot. Witold Tr\u00f3lka\n\t\t\t\t<\/figcaption><\/div><div class=\"big-gallery-item item-5\" style=\"display:none;\">\n\t\t\t<div class='gallery-icon'>\n\t\t\t\t<a href='https:\/\/www.24gliwice.pl\/wiadomosci\/wp-content\/uploads\/2018\/05\/otwieraj\u0105-sluz\u0119-2.jpg'><img loading=\"lazy\" decoding=\"async\" width=\"810\" height=\"455\" src=\"https:\/\/www.24gliwice.pl\/wiadomosci\/wp-content\/uploads\/2018\/05\/otwieraj\u0105-sluz\u0119-2-810x455.jpg\" class=\"attachment-vce-lay-a size-vce-lay-a\" alt=\"\" srcset=\"https:\/\/www.24gliwice.pl\/wiadomosci\/wp-content\/uploads\/2018\/05\/otwieraj\u0105-sluz\u0119-2-810x455.jpg 810w, https:\/\/www.24gliwice.pl\/wiadomosci\/wp-content\/uploads\/2018\/05\/otwieraj\u0105-sluz\u0119-2-410x230.jpg 410w, https:\/\/www.24gliwice.pl\/wiadomosci\/wp-content\/uploads\/2018\/05\/otwieraj\u0105-sluz\u0119-2-768x431.jpg 768w, https:\/\/www.24gliwice.pl\/wiadomosci\/wp-content\/uploads\/2018\/05\/otwieraj\u0105-sluz\u0119-2-1140x640.jpg 1140w, https:\/\/www.24gliwice.pl\/wiadomosci\/wp-content\/uploads\/2018\/05\/otwieraj\u0105-sluz\u0119-2.jpg 1200w\" sizes=\"auto, (max-width: 810px) 100vw, 810px\" \/><\/a>\n\t\t\t<\/div>\n\t\t\t\t<figcaption class='wp-caption-text gallery-caption'>\n\t\t\t\tfot. Witold Tr\u00f3lka\n\t\t\t\t<\/figcaption><\/div><div class=\"big-gallery-item item-6\" style=\"display:none;\">\n\t\t\t<div class='gallery-icon'>\n\t\t\t\t<a href='https:\/\/www.24gliwice.pl\/wiadomosci\/wp-content\/uploads\/2018\/05\/most-nad-kana\u0142em.jpg'><img loading=\"lazy\" decoding=\"async\" width=\"810\" height=\"455\" src=\"https:\/\/www.24gliwice.pl\/wiadomosci\/wp-content\/uploads\/2018\/05\/most-nad-kana\u0142em-810x455.jpg\" class=\"attachment-vce-lay-a size-vce-lay-a\" alt=\"\" srcset=\"https:\/\/www.24gliwice.pl\/wiadomosci\/wp-content\/uploads\/2018\/05\/most-nad-kana\u0142em-810x455.jpg 810w, https:\/\/www.24gliwice.pl\/wiadomosci\/wp-content\/uploads\/2018\/05\/most-nad-kana\u0142em-410x230.jpg 410w, https:\/\/www.24gliwice.pl\/wiadomosci\/wp-content\/uploads\/2018\/05\/most-nad-kana\u0142em-768x431.jpg 768w, https:\/\/www.24gliwice.pl\/wiadomosci\/wp-content\/uploads\/2018\/05\/most-nad-kana\u0142em-1140x640.jpg 1140w, https:\/\/www.24gliwice.pl\/wiadomosci\/wp-content\/uploads\/2018\/05\/most-nad-kana\u0142em.jpg 1200w\" sizes=\"auto, (max-width: 810px) 100vw, 810px\" \/><\/a>\n\t\t\t<\/div>\n\t\t\t\t<figcaption class='wp-caption-text gallery-caption'>\n\t\t\t\tfot. Witold Tr\u00f3lka\n\t\t\t\t<\/figcaption><\/div><div class=\"big-gallery-item item-7\" style=\"display:none;\">\n\t\t\t<div class='gallery-icon'>\n\t\t\t\t<a href='https:\/\/www.24gliwice.pl\/wiadomosci\/wp-content\/uploads\/2018\/05\/\u015bluza-dzier\u017cno.jpg'><img loading=\"lazy\" decoding=\"async\" width=\"810\" height=\"455\" src=\"https:\/\/www.24gliwice.pl\/wiadomosci\/wp-content\/uploads\/2018\/05\/\u015bluza-dzier\u017cno-810x455.jpg\" class=\"attachment-vce-lay-a size-vce-lay-a\" alt=\"\" srcset=\"https:\/\/www.24gliwice.pl\/wiadomosci\/wp-content\/uploads\/2018\/05\/\u015bluza-dzier\u017cno-810x455.jpg 810w, https:\/\/www.24gliwice.pl\/wiadomosci\/wp-content\/uploads\/2018\/05\/\u015bluza-dzier\u017cno-410x230.jpg 410w, https:\/\/www.24gliwice.pl\/wiadomosci\/wp-content\/uploads\/2018\/05\/\u015bluza-dzier\u017cno-768x431.jpg 768w, https:\/\/www.24gliwice.pl\/wiadomosci\/wp-content\/uploads\/2018\/05\/\u015bluza-dzier\u017cno-1140x640.jpg 1140w, https:\/\/www.24gliwice.pl\/wiadomosci\/wp-content\/uploads\/2018\/05\/\u015bluza-dzier\u017cno.jpg 1200w\" sizes=\"auto, (max-width: 810px) 100vw, 810px\" \/><\/a>\n\t\t\t<\/div>\n\t\t\t\t<figcaption class='wp-caption-text gallery-caption'>\n\t\t\t\tfot. Witold Tr\u00f3lka\n\t\t\t\t<\/figcaption><\/div><div class=\"big-gallery-item item-8\" style=\"display:none;\">\n\t\t\t<div class='gallery-icon'>\n\t\t\t\t<a href='https:\/\/www.24gliwice.pl\/wiadomosci\/wp-content\/uploads\/2018\/05\/widok-na-kana\u0142.jpg'><img loading=\"lazy\" decoding=\"async\" width=\"810\" height=\"456\" src=\"https:\/\/www.24gliwice.pl\/wiadomosci\/wp-content\/uploads\/2018\/05\/widok-na-kana\u0142-810x456.jpg\" class=\"attachment-vce-lay-a size-vce-lay-a\" alt=\"\" srcset=\"https:\/\/www.24gliwice.pl\/wiadomosci\/wp-content\/uploads\/2018\/05\/widok-na-kana\u0142-810x456.jpg 810w, https:\/\/www.24gliwice.pl\/wiadomosci\/wp-content\/uploads\/2018\/05\/widok-na-kana\u0142-410x232.jpg 410w, https:\/\/www.24gliwice.pl\/wiadomosci\/wp-content\/uploads\/2018\/05\/widok-na-kana\u0142-768x432.jpg 768w, https:\/\/www.24gliwice.pl\/wiadomosci\/wp-content\/uploads\/2018\/05\/widok-na-kana\u0142-1140x641.jpg 1140w, https:\/\/www.24gliwice.pl\/wiadomosci\/wp-content\/uploads\/2018\/05\/widok-na-kana\u0142.jpg 1200w\" sizes=\"auto, (max-width: 810px) 100vw, 810px\" \/><\/a>\n\t\t\t<\/div>\n\t\t\t\t<figcaption class='wp-caption-text gallery-caption'>\n\t\t\t\tfot. Witold Tr\u00f3lka\n\t\t\t\t<\/figcaption><\/div><div class=\"big-gallery-item item-9\" style=\"display:none;\">\n\t\t\t<div class='gallery-icon'>\n\t\t\t\t<a href='https:\/\/www.24gliwice.pl\/wiadomosci\/wp-content\/uploads\/2018\/05\/widok-z-pok\u0142adu-2.jpg'><img loading=\"lazy\" decoding=\"async\" width=\"810\" height=\"456\" src=\"https:\/\/www.24gliwice.pl\/wiadomosci\/wp-content\/uploads\/2018\/05\/widok-z-pok\u0142adu-2-810x456.jpg\" class=\"attachment-vce-lay-a size-vce-lay-a\" alt=\"\" srcset=\"https:\/\/www.24gliwice.pl\/wiadomosci\/wp-content\/uploads\/2018\/05\/widok-z-pok\u0142adu-2-810x456.jpg 810w, https:\/\/www.24gliwice.pl\/wiadomosci\/wp-content\/uploads\/2018\/05\/widok-z-pok\u0142adu-2-410x232.jpg 410w, https:\/\/www.24gliwice.pl\/wiadomosci\/wp-content\/uploads\/2018\/05\/widok-z-pok\u0142adu-2-768x432.jpg 768w, https:\/\/www.24gliwice.pl\/wiadomosci\/wp-content\/uploads\/2018\/05\/widok-z-pok\u0142adu-2-1140x641.jpg 1140w, https:\/\/www.24gliwice.pl\/wiadomosci\/wp-content\/uploads\/2018\/05\/widok-z-pok\u0142adu-2.jpg 1200w\" sizes=\"auto, (max-width: 810px) 100vw, 810px\" \/><\/a>\n\t\t\t<\/div>\n\t\t\t\t<figcaption class='wp-caption-text gallery-caption'>\n\t\t\t\tfot. Witold Tr\u00f3lka\n\t\t\t\t<\/figcaption><\/div><div class=\"big-gallery-item item-10\" style=\"display:none;\">\n\t\t\t<div class='gallery-icon'>\n\t\t\t\t<a href='https:\/\/www.24gliwice.pl\/wiadomosci\/wp-content\/uploads\/2018\/05\/widok-z-portu.jpg'><img loading=\"lazy\" decoding=\"async\" width=\"810\" height=\"456\" src=\"https:\/\/www.24gliwice.pl\/wiadomosci\/wp-content\/uploads\/2018\/05\/widok-z-portu-810x456.jpg\" class=\"attachment-vce-lay-a size-vce-lay-a\" alt=\"\" srcset=\"https:\/\/www.24gliwice.pl\/wiadomosci\/wp-content\/uploads\/2018\/05\/widok-z-portu-810x456.jpg 810w, https:\/\/www.24gliwice.pl\/wiadomosci\/wp-content\/uploads\/2018\/05\/widok-z-portu-410x232.jpg 410w, https:\/\/www.24gliwice.pl\/wiadomosci\/wp-content\/uploads\/2018\/05\/widok-z-portu-768x432.jpg 768w, https:\/\/www.24gliwice.pl\/wiadomosci\/wp-content\/uploads\/2018\/05\/widok-z-portu-1140x641.jpg 1140w, https:\/\/www.24gliwice.pl\/wiadomosci\/wp-content\/uploads\/2018\/05\/widok-z-portu.jpg 1200w\" sizes=\"auto, (max-width: 810px) 100vw, 810px\" \/><\/a>\n\t\t\t<\/div>\n\t\t\t\t<figcaption class='wp-caption-text gallery-caption'>\n\t\t\t\tfot. Witold Tr\u00f3lka\n\t\t\t\t<\/figcaption><\/div><div class=\"big-gallery-item item-11\" style=\"display:none;\">\n\t\t\t<div class='gallery-icon'>\n\t\t\t\t<a href='https:\/\/www.24gliwice.pl\/wiadomosci\/wp-content\/uploads\/2018\/05\/widok-z-pok\u0142adu-3.jpg'><img loading=\"lazy\" decoding=\"async\" width=\"810\" height=\"456\" src=\"https:\/\/www.24gliwice.pl\/wiadomosci\/wp-content\/uploads\/2018\/05\/widok-z-pok\u0142adu-3-810x456.jpg\" class=\"attachment-vce-lay-a size-vce-lay-a\" alt=\"\" srcset=\"https:\/\/www.24gliwice.pl\/wiadomosci\/wp-content\/uploads\/2018\/05\/widok-z-pok\u0142adu-3-810x456.jpg 810w, https:\/\/www.24gliwice.pl\/wiadomosci\/wp-content\/uploads\/2018\/05\/widok-z-pok\u0142adu-3-410x232.jpg 410w, https:\/\/www.24gliwice.pl\/wiadomosci\/wp-content\/uploads\/2018\/05\/widok-z-pok\u0142adu-3-768x432.jpg 768w, https:\/\/www.24gliwice.pl\/wiadomosci\/wp-content\/uploads\/2018\/05\/widok-z-pok\u0142adu-3-1140x641.jpg 1140w, https:\/\/www.24gliwice.pl\/wiadomosci\/wp-content\/uploads\/2018\/05\/widok-z-pok\u0142adu-3.jpg 1200w\" sizes=\"auto, (max-width: 810px) 100vw, 810px\" \/><\/a>\n\t\t\t<\/div>\n\t\t\t\t<figcaption class='wp-caption-text gallery-caption'>\n\t\t\t\tfot. Witold Tr\u00f3lka\n\t\t\t\t<\/figcaption><\/div><div class=\"big-gallery-item item-12\" style=\"display:none;\">\n\t\t\t<div class='gallery-icon'>\n\t\t\t\t<a href='https:\/\/www.24gliwice.pl\/wiadomosci\/wp-content\/uploads\/2018\/05\/kormoran.jpg'><img loading=\"lazy\" decoding=\"async\" width=\"810\" height=\"456\" src=\"https:\/\/www.24gliwice.pl\/wiadomosci\/wp-content\/uploads\/2018\/05\/kormoran-810x456.jpg\" class=\"attachment-vce-lay-a size-vce-lay-a\" alt=\"\" srcset=\"https:\/\/www.24gliwice.pl\/wiadomosci\/wp-content\/uploads\/2018\/05\/kormoran-810x456.jpg 810w, https:\/\/www.24gliwice.pl\/wiadomosci\/wp-content\/uploads\/2018\/05\/kormoran-410x232.jpg 410w, https:\/\/www.24gliwice.pl\/wiadomosci\/wp-content\/uploads\/2018\/05\/kormoran-768x433.jpg 768w, https:\/\/www.24gliwice.pl\/wiadomosci\/wp-content\/uploads\/2018\/05\/kormoran-808x455.jpg 808w, https:\/\/www.24gliwice.pl\/wiadomosci\/wp-content\/uploads\/2018\/05\/kormoran-1140x642.jpg 1140w, https:\/\/www.24gliwice.pl\/wiadomosci\/wp-content\/uploads\/2018\/05\/kormoran.jpg 1200w\" sizes=\"auto, (max-width: 810px) 100vw, 810px\" \/><\/a>\n\t\t\t<\/div>\n\t\t\t\t<figcaption class='wp-caption-text gallery-caption'>\n\t\t\t\tfot. Witold Tr\u00f3lka\n\t\t\t\t<\/figcaption><\/div><div class=\"big-gallery-item item-13\" style=\"display:none;\">\n\t\t\t<div class='gallery-icon'>\n\t\t\t\t<a href='https:\/\/www.24gliwice.pl\/wiadomosci\/wp-content\/uploads\/2018\/05\/widok-ze-statku.jpg'><img loading=\"lazy\" decoding=\"async\" width=\"810\" height=\"455\" src=\"https:\/\/www.24gliwice.pl\/wiadomosci\/wp-content\/uploads\/2018\/05\/widok-ze-statku-810x455.jpg\" class=\"attachment-vce-lay-a size-vce-lay-a\" alt=\"\" srcset=\"https:\/\/www.24gliwice.pl\/wiadomosci\/wp-content\/uploads\/2018\/05\/widok-ze-statku-810x455.jpg 810w, https:\/\/www.24gliwice.pl\/wiadomosci\/wp-content\/uploads\/2018\/05\/widok-ze-statku-410x230.jpg 410w, https:\/\/www.24gliwice.pl\/wiadomosci\/wp-content\/uploads\/2018\/05\/widok-ze-statku-768x431.jpg 768w, https:\/\/www.24gliwice.pl\/wiadomosci\/wp-content\/uploads\/2018\/05\/widok-ze-statku-1140x640.jpg 1140w, https:\/\/www.24gliwice.pl\/wiadomosci\/wp-content\/uploads\/2018\/05\/widok-ze-statku.jpg 1200w\" sizes=\"auto, (max-width: 810px) 100vw, 810px\" \/><\/a>\n\t\t\t<\/div><\/div><\/div><div class=\"vce-gallery-slider\" data-columns=\"3\"><figure class='gallery-item' data-item='0'>\n\t\t\t<div class='gallery-icon landscape'>\n\t\t\t\t<a href='https:\/\/www.24gliwice.pl\/wiadomosci\/wp-content\/uploads\/2018\/05\/flota-mariny.jpg'><img loading=\"lazy\" decoding=\"async\" width=\"375\" height=\"195\" src=\"https:\/\/www.24gliwice.pl\/wiadomosci\/wp-content\/uploads\/2018\/05\/flota-mariny-375x195.jpg\" class=\"attachment-vce-lay-b size-vce-lay-b\" alt=\"\" \/><\/a>\n\t\t\t<\/div><\/figure><figure class='gallery-item' data-item='1'>\n\t\t\t<div class='gallery-icon landscape'>\n\t\t\t\t<a href='https:\/\/www.24gliwice.pl\/wiadomosci\/wp-content\/uploads\/2018\/05\/skrzynie-w-porcie.jpg'><img loading=\"lazy\" decoding=\"async\" width=\"375\" height=\"195\" src=\"https:\/\/www.24gliwice.pl\/wiadomosci\/wp-content\/uploads\/2018\/05\/skrzynie-w-porcie-375x195.jpg\" class=\"attachment-vce-lay-b size-vce-lay-b\" alt=\"\" \/><\/a>\n\t\t\t<\/div><\/figure><figure class='gallery-item' data-item='2'>\n\t\t\t<div class='gallery-icon landscape'>\n\t\t\t\t<a href='https:\/\/www.24gliwice.pl\/wiadomosci\/wp-content\/uploads\/2018\/05\/\u015bluza.jpg'><img loading=\"lazy\" decoding=\"async\" width=\"375\" height=\"195\" src=\"https:\/\/www.24gliwice.pl\/wiadomosci\/wp-content\/uploads\/2018\/05\/\u015bluza-375x195.jpg\" class=\"attachment-vce-lay-b size-vce-lay-b\" alt=\"\" \/><\/a>\n\t\t\t<\/div><\/figure><figure class='gallery-item' data-item='3'>\n\t\t\t<div class='gallery-icon landscape'>\n\t\t\t\t<a href='https:\/\/www.24gliwice.pl\/wiadomosci\/wp-content\/uploads\/2018\/05\/orwieraj\u0105-\u015bluz\u0119.jpg'><img loading=\"lazy\" decoding=\"async\" width=\"375\" height=\"195\" src=\"https:\/\/www.24gliwice.pl\/wiadomosci\/wp-content\/uploads\/2018\/05\/orwieraj\u0105-\u015bluz\u0119-375x195.jpg\" class=\"attachment-vce-lay-b size-vce-lay-b\" alt=\"\" \/><\/a>\n\t\t\t<\/div><\/figure><figure class='gallery-item' data-item='4'>\n\t\t\t<div class='gallery-icon landscape'>\n\t\t\t\t<a href='https:\/\/www.24gliwice.pl\/wiadomosci\/wp-content\/uploads\/2018\/05\/widok-z-pok\u0142adu.jpg'><img loading=\"lazy\" decoding=\"async\" width=\"375\" height=\"195\" src=\"https:\/\/www.24gliwice.pl\/wiadomosci\/wp-content\/uploads\/2018\/05\/widok-z-pok\u0142adu-375x195.jpg\" class=\"attachment-vce-lay-b size-vce-lay-b\" alt=\"\" \/><\/a>\n\t\t\t<\/div><\/figure><figure class='gallery-item' data-item='5'>\n\t\t\t<div class='gallery-icon landscape'>\n\t\t\t\t<a href='https:\/\/www.24gliwice.pl\/wiadomosci\/wp-content\/uploads\/2018\/05\/otwieraj\u0105-sluz\u0119-2.jpg'><img loading=\"lazy\" decoding=\"async\" width=\"375\" height=\"195\" src=\"https:\/\/www.24gliwice.pl\/wiadomosci\/wp-content\/uploads\/2018\/05\/otwieraj\u0105-sluz\u0119-2-375x195.jpg\" class=\"attachment-vce-lay-b size-vce-lay-b\" alt=\"\" \/><\/a>\n\t\t\t<\/div><\/figure><figure class='gallery-item' data-item='6'>\n\t\t\t<div class='gallery-icon landscape'>\n\t\t\t\t<a href='https:\/\/www.24gliwice.pl\/wiadomosci\/wp-content\/uploads\/2018\/05\/most-nad-kana\u0142em.jpg'><img loading=\"lazy\" decoding=\"async\" width=\"375\" height=\"195\" src=\"https:\/\/www.24gliwice.pl\/wiadomosci\/wp-content\/uploads\/2018\/05\/most-nad-kana\u0142em-375x195.jpg\" class=\"attachment-vce-lay-b size-vce-lay-b\" alt=\"\" \/><\/a>\n\t\t\t<\/div><\/figure><figure class='gallery-item' data-item='7'>\n\t\t\t<div class='gallery-icon landscape'>\n\t\t\t\t<a href='https:\/\/www.24gliwice.pl\/wiadomosci\/wp-content\/uploads\/2018\/05\/\u015bluza-dzier\u017cno.jpg'><img loading=\"lazy\" decoding=\"async\" width=\"375\" height=\"195\" src=\"https:\/\/www.24gliwice.pl\/wiadomosci\/wp-content\/uploads\/2018\/05\/\u015bluza-dzier\u017cno-375x195.jpg\" class=\"attachment-vce-lay-b size-vce-lay-b\" alt=\"\" \/><\/a>\n\t\t\t<\/div><\/figure><figure class='gallery-item' data-item='8'>\n\t\t\t<div class='gallery-icon landscape'>\n\t\t\t\t<a href='https:\/\/www.24gliwice.pl\/wiadomosci\/wp-content\/uploads\/2018\/05\/widok-na-kana\u0142.jpg'><img loading=\"lazy\" decoding=\"async\" width=\"375\" height=\"195\" src=\"https:\/\/www.24gliwice.pl\/wiadomosci\/wp-content\/uploads\/2018\/05\/widok-na-kana\u0142-375x195.jpg\" class=\"attachment-vce-lay-b size-vce-lay-b\" alt=\"\" \/><\/a>\n\t\t\t<\/div><\/figure><figure class='gallery-item' data-item='9'>\n\t\t\t<div class='gallery-icon landscape'>\n\t\t\t\t<a href='https:\/\/www.24gliwice.pl\/wiadomosci\/wp-content\/uploads\/2018\/05\/widok-z-pok\u0142adu-2.jpg'><img loading=\"lazy\" decoding=\"async\" width=\"375\" height=\"195\" src=\"https:\/\/www.24gliwice.pl\/wiadomosci\/wp-content\/uploads\/2018\/05\/widok-z-pok\u0142adu-2-375x195.jpg\" class=\"attachment-vce-lay-b size-vce-lay-b\" alt=\"\" \/><\/a>\n\t\t\t<\/div><\/figure><figure class='gallery-item' data-item='10'>\n\t\t\t<div class='gallery-icon landscape'>\n\t\t\t\t<a href='https:\/\/www.24gliwice.pl\/wiadomosci\/wp-content\/uploads\/2018\/05\/widok-z-portu.jpg'><img loading=\"lazy\" decoding=\"async\" width=\"375\" height=\"195\" src=\"https:\/\/www.24gliwice.pl\/wiadomosci\/wp-content\/uploads\/2018\/05\/widok-z-portu-375x195.jpg\" class=\"attachment-vce-lay-b size-vce-lay-b\" alt=\"\" \/><\/a>\n\t\t\t<\/div><\/figure><figure class='gallery-item' data-item='11'>\n\t\t\t<div class='gallery-icon landscape'>\n\t\t\t\t<a href='https:\/\/www.24gliwice.pl\/wiadomosci\/wp-content\/uploads\/2018\/05\/widok-z-pok\u0142adu-3.jpg'><img loading=\"lazy\" decoding=\"async\" width=\"375\" height=\"195\" src=\"https:\/\/www.24gliwice.pl\/wiadomosci\/wp-content\/uploads\/2018\/05\/widok-z-pok\u0142adu-3-375x195.jpg\" class=\"attachment-vce-lay-b size-vce-lay-b\" alt=\"\" \/><\/a>\n\t\t\t<\/div><\/figure><figure class='gallery-item' data-item='12'>\n\t\t\t<div class='gallery-icon landscape'>\n\t\t\t\t<a href='https:\/\/www.24gliwice.pl\/wiadomosci\/wp-content\/uploads\/2018\/05\/kormoran.jpg'><img loading=\"lazy\" decoding=\"async\" width=\"375\" height=\"195\" src=\"https:\/\/www.24gliwice.pl\/wiadomosci\/wp-content\/uploads\/2018\/05\/kormoran-375x195.jpg\" class=\"attachment-vce-lay-b size-vce-lay-b\" alt=\"\" \/><\/a>\n\t\t\t<\/div><\/figure><figure class='gallery-item' data-item='13'>\n\t\t\t<div class='gallery-icon landscape'>\n\t\t\t\t<a href='https:\/\/www.24gliwice.pl\/wiadomosci\/wp-content\/uploads\/2018\/05\/widok-ze-statku.jpg'><img loading=\"lazy\" decoding=\"async\" width=\"375\" height=\"195\" src=\"https:\/\/www.24gliwice.pl\/wiadomosci\/wp-content\/uploads\/2018\/05\/widok-ze-statku-375x195.jpg\" class=\"attachment-vce-lay-b size-vce-lay-b\" alt=\"\" \/><\/a>\n\t\t\t<\/div><\/figure><\/div><\/div>\n\n<p>Najwi\u0119kszym atutem Odry jest wreszcie potencja\u0142 gospodarczy, a celem ustanowionego roku u\u015bwiadomienie spo\u0142ecze\u0144stwa o szansach rozwojowych wynikaj\u0105cych z po\u0142o\u017cenia wojew\u00f3dztwa \u015bl\u0105skiego nad Odr\u0105 i jej dop\u0142ywami. <\/p>\n<p>&#8211; Odra by\u0142a drog\u0105 transportow\u0105, a transport rzeczny jest wed\u0142ug mnie najbardziej ekonomiczn\u0105 i ekologiczn\u0105 jego form\u0105, szczeg\u00f3lnie w odniesieniu do d\u00f3br wielkogabarytowych. Ten kto ma rzek\u0119, ten ma drog\u0119. Chcemy, \u017ceby Odra wr\u00f3ci\u0142a jako element naszej gospodarki i jedno z jej k\u00f3\u0142 zamachowych \u2013 podsumowa\u0142 Henryk Mercik.<\/p>\n<p>(\u017cms)\/slaskie.pl<br \/>\nfot. Witold Tr\u00f3lka\/slaskie.pl<\/p>\n<p><iframe loading=\"lazy\" width=\"810\" height=\"455\" src=\"https:\/\/www.youtube.com\/embed\/4dyVKIMBVto\" frameborder=\"0\" allow=\"autoplay; encrypted-media\" allowfullscreen><\/iframe><\/p>\n<div class=\"gliwi-a5-na-koncu-artykulow gliwi-entity-placement\" id=\"gliwi-1870404544\"><div class=\"gliwi-adlabel\"><span style=\"font-size: 9px\">REKLAMA<\/span><\/div><div id=\"gliwi-2122535868\" style=\"margin-left: auto;margin-right: auto;text-align: center;\"><a data-no-instant=\"1\" href=\"https:\/\/prezeroarenagliwice.pl\/\" rel=\"noopener\" class=\"a2t-link\" target=\"_blank\" aria-label=\"20260309-PREZERO-WIOSNA-D\"><img loading=\"lazy\" decoding=\"async\" src=\"https:\/\/www.24gliwice.pl\/wiadomosci\/wp-content\/uploads\/2026\/03\/20260309-PREZERO-WIOSNA-D.webp\" alt=\"\"  srcset=\"https:\/\/www.24gliwice.pl\/wiadomosci\/wp-content\/uploads\/2026\/03\/20260309-PREZERO-WIOSNA-D.webp 750w, https:\/\/www.24gliwice.pl\/wiadomosci\/wp-content\/uploads\/2026\/03\/20260309-PREZERO-WIOSNA-D-410x109.webp 410w\" sizes=\"(max-width: 750px) 100vw, 750px\" class=\"no-lazyload\" width=\"750\" height=\"200\"  style=\"display: inline-block; max-width: 100%; height: auto;\" \/><\/a><\/div><\/div>","protected":false},"excerpt":{"rendered":"<p>Na pok\u0142adzie zabytkowego statku Fokstrot, nale\u017c\u0105cego do Mariny Gliwice odby\u0142a si\u0119 konferencja prasowa, kt\u00f3ra rozpocz\u0119\u0142a obchody Roku Odry \u2013 Rzeki Pozytywnej Energii w regionie. &#8211; Jestem fanem Odry i wierz\u0119 w potencja\u0142 tej rzeki, ale to od nas zale\u017cy, czy szans\u0119 jak\u0105 jest jej posiadanie b\u0119dziemy umieli wykorzysta\u0107. Odra jest kr\u0119gos\u0142upem zachodniej cz\u0119\u015bci Polski i [&hellip;]<\/p>\n","protected":false},"author":15,"featured_media":117665,"comment_status":"open","ping_status":"closed","sticky":false,"template":"","format":"video","meta":{"_monsterinsights_skip_tracking":false,"_monsterinsights_sitenote_active":false,"_monsterinsights_sitenote_note":"","_monsterinsights_sitenote_category":0,"footnotes":"","_links_to":"","_links_to_target":""},"categories":[3,1],"tags":[2437,5343,9711,2408,8599,9311],"class_list":["post-117652","post","type-post","status-publish","format-video","has-post-thumbnail","hentry","category-gliwice","category-wszystko","tag-kanal-gliwicki","tag-klodnica","tag-marina","tag-marina-gliwice","tag-port","tag-rejs","post_format-post-format-video"],"yoast_head":"<!-- This site is optimized with the Yoast SEO plugin v27.5 - https:\/\/yoast.com\/product\/yoast-seo-wordpress\/ -->\n<title>(TV) Na Kanale Gliwickim zainaugurowano Rok Odry. Wraz z dop\u0142ywami rzeka ma du\u017cy potencja\u0142 - 24GLIWICE - Portal Gliwice | codziennie nowe informacje<\/title>\n<meta name=\"robots\" content=\"index, follow, max-snippet:-1, max-image-preview:large, max-video-preview:-1\" \/>\n<link rel=\"canonical\" href=\"https:\/\/www.24gliwice.pl\/wiadomosci\/tv-na-kanale-gliwickim-zainaugurowano-rok-odry-wraz-z-doplywami-rzeka-ma-duzy-potencjal\/\" \/>\n<meta property=\"og:locale\" content=\"pl_PL\" \/>\n<meta property=\"og:type\" content=\"article\" \/>\n<meta property=\"og:title\" content=\"(TV) Na Kanale Gliwickim zainaugurowano Rok Odry. Wraz z dop\u0142ywami rzeka ma du\u017cy potencja\u0142 - 24GLIWICE - Portal Gliwice | codziennie nowe informacje\" \/>\n<meta property=\"og:description\" content=\"Na pok\u0142adzie zabytkowego statku Fokstrot, nale\u017c\u0105cego do Mariny Gliwice odby\u0142a si\u0119 konferencja prasowa, kt\u00f3ra rozpocz\u0119\u0142a obchody Roku Odry \u2013 Rzeki Pozytywnej Energii w regionie. &#8211; Jestem fanem Odry i wierz\u0119 w potencja\u0142 tej rzeki, ale to od nas zale\u017cy, czy szans\u0119 jak\u0105 jest jej posiadanie b\u0119dziemy umieli wykorzysta\u0107. Odra jest kr\u0119gos\u0142upem zachodniej cz\u0119\u015bci Polski i [&hellip;]\" \/>\n<meta property=\"og:url\" content=\"https:\/\/www.24gliwice.pl\/wiadomosci\/tv-na-kanale-gliwickim-zainaugurowano-rok-odry-wraz-z-doplywami-rzeka-ma-duzy-potencjal\/\" \/>\n<meta property=\"og:site_name\" content=\"24GLIWICE - Portal Gliwice | codziennie nowe informacje\" \/>\n<meta property=\"article:publisher\" content=\"https:\/\/www.facebook.com\/24gliwice\" \/>\n<meta property=\"article:published_time\" content=\"2018-05-25T12:08:25+00:00\" \/>\n<meta property=\"og:image\" content=\"https:\/\/www.24gliwice.pl\/wiadomosci\/wp-content\/uploads\/2018\/05\/\u015bluza-dzier\u017cno.jpg\" \/>\n\t<meta property=\"og:image:width\" content=\"1200\" \/>\n\t<meta property=\"og:image:height\" content=\"674\" \/>\n\t<meta property=\"og:image:type\" content=\"image\/jpeg\" \/>\n<meta name=\"author\" content=\"\u017baneta Mrozek-Siewierska\" \/>\n<meta name=\"twitter:card\" content=\"summary_large_image\" \/>\n<meta name=\"twitter:creator\" content=\"@24gliwice\" \/>\n<meta name=\"twitter:site\" content=\"@24gliwice\" \/>\n<meta name=\"twitter:label1\" content=\"Napisane przez\" \/>\n\t<meta name=\"twitter:data1\" content=\"\u017baneta Mrozek-Siewierska\" \/>\n\t<meta name=\"twitter:label2\" content=\"Szacowany czas czytania\" \/>\n\t<meta name=\"twitter:data2\" content=\"2 minuty\" \/>\n<script type=\"application\/ld+json\" class=\"yoast-schema-graph\">{\"@context\":\"https:\\\/\\\/schema.org\",\"@graph\":[{\"@type\":\"Article\",\"@id\":\"https:\\\/\\\/www.24gliwice.pl\\\/wiadomosci\\\/tv-na-kanale-gliwickim-zainaugurowano-rok-odry-wraz-z-doplywami-rzeka-ma-duzy-potencjal\\\/#article\",\"isPartOf\":{\"@id\":\"https:\\\/\\\/www.24gliwice.pl\\\/wiadomosci\\\/tv-na-kanale-gliwickim-zainaugurowano-rok-odry-wraz-z-doplywami-rzeka-ma-duzy-potencjal\\\/\"},\"author\":{\"name\":\"\u017baneta Mrozek-Siewierska\",\"@id\":\"https:\\\/\\\/www.24gliwice.pl\\\/wiadomosci\\\/#\\\/schema\\\/person\\\/e42c650edd7f2fa332be3811fb166b6e\"},\"headline\":\"(TV) Na Kanale Gliwickim zainaugurowano Rok Odry. Wraz z dop\u0142ywami rzeka ma du\u017cy potencja\u0142\",\"datePublished\":\"2018-05-25T12:08:25+00:00\",\"mainEntityOfPage\":{\"@id\":\"https:\\\/\\\/www.24gliwice.pl\\\/wiadomosci\\\/tv-na-kanale-gliwickim-zainaugurowano-rok-odry-wraz-z-doplywami-rzeka-ma-duzy-potencjal\\\/\"},\"wordCount\":355,\"commentCount\":0,\"publisher\":{\"@id\":\"https:\\\/\\\/www.24gliwice.pl\\\/wiadomosci\\\/#organization\"},\"image\":{\"@id\":\"https:\\\/\\\/www.24gliwice.pl\\\/wiadomosci\\\/tv-na-kanale-gliwickim-zainaugurowano-rok-odry-wraz-z-doplywami-rzeka-ma-duzy-potencjal\\\/#primaryimage\"},\"thumbnailUrl\":\"https:\\\/\\\/www.24gliwice.pl\\\/wiadomosci\\\/wp-content\\\/uploads\\\/2018\\\/05\\\/\u015bluza-dzier\u017cno.jpg\",\"keywords\":[\"KANA\u0141 GLIWICKI\",\"K\u0141ODNICA\",\"marina\",\"MARINA GLIWICE\",\"port\",\"rejs\"],\"articleSection\":[\"Gliwice\",\"Najnowsze wiadomo\u015bci\"],\"inLanguage\":\"pl-PL\",\"potentialAction\":[{\"@type\":\"CommentAction\",\"name\":\"Comment\",\"target\":[\"https:\\\/\\\/www.24gliwice.pl\\\/wiadomosci\\\/tv-na-kanale-gliwickim-zainaugurowano-rok-odry-wraz-z-doplywami-rzeka-ma-duzy-potencjal\\\/#respond\"]}]},{\"@type\":\"WebPage\",\"@id\":\"https:\\\/\\\/www.24gliwice.pl\\\/wiadomosci\\\/tv-na-kanale-gliwickim-zainaugurowano-rok-odry-wraz-z-doplywami-rzeka-ma-duzy-potencjal\\\/\",\"url\":\"https:\\\/\\\/www.24gliwice.pl\\\/wiadomosci\\\/tv-na-kanale-gliwickim-zainaugurowano-rok-odry-wraz-z-doplywami-rzeka-ma-duzy-potencjal\\\/\",\"name\":\"(TV) Na Kanale Gliwickim zainaugurowano Rok Odry. Wraz z dop\u0142ywami rzeka ma du\u017cy potencja\u0142 - 24GLIWICE - Portal Gliwice | codziennie nowe informacje\",\"isPartOf\":{\"@id\":\"https:\\\/\\\/www.24gliwice.pl\\\/wiadomosci\\\/#website\"},\"primaryImageOfPage\":{\"@id\":\"https:\\\/\\\/www.24gliwice.pl\\\/wiadomosci\\\/tv-na-kanale-gliwickim-zainaugurowano-rok-odry-wraz-z-doplywami-rzeka-ma-duzy-potencjal\\\/#primaryimage\"},\"image\":{\"@id\":\"https:\\\/\\\/www.24gliwice.pl\\\/wiadomosci\\\/tv-na-kanale-gliwickim-zainaugurowano-rok-odry-wraz-z-doplywami-rzeka-ma-duzy-potencjal\\\/#primaryimage\"},\"thumbnailUrl\":\"https:\\\/\\\/www.24gliwice.pl\\\/wiadomosci\\\/wp-content\\\/uploads\\\/2018\\\/05\\\/\u015bluza-dzier\u017cno.jpg\",\"datePublished\":\"2018-05-25T12:08:25+00:00\",\"breadcrumb\":{\"@id\":\"https:\\\/\\\/www.24gliwice.pl\\\/wiadomosci\\\/tv-na-kanale-gliwickim-zainaugurowano-rok-odry-wraz-z-doplywami-rzeka-ma-duzy-potencjal\\\/#breadcrumb\"},\"inLanguage\":\"pl-PL\",\"potentialAction\":[{\"@type\":\"ReadAction\",\"target\":[\"https:\\\/\\\/www.24gliwice.pl\\\/wiadomosci\\\/tv-na-kanale-gliwickim-zainaugurowano-rok-odry-wraz-z-doplywami-rzeka-ma-duzy-potencjal\\\/\"]}]},{\"@type\":\"ImageObject\",\"inLanguage\":\"pl-PL\",\"@id\":\"https:\\\/\\\/www.24gliwice.pl\\\/wiadomosci\\\/tv-na-kanale-gliwickim-zainaugurowano-rok-odry-wraz-z-doplywami-rzeka-ma-duzy-potencjal\\\/#primaryimage\",\"url\":\"https:\\\/\\\/www.24gliwice.pl\\\/wiadomosci\\\/wp-content\\\/uploads\\\/2018\\\/05\\\/\u015bluza-dzier\u017cno.jpg\",\"contentUrl\":\"https:\\\/\\\/www.24gliwice.pl\\\/wiadomosci\\\/wp-content\\\/uploads\\\/2018\\\/05\\\/\u015bluza-dzier\u017cno.jpg\",\"width\":1200,\"height\":674,\"caption\":\"fot. Witold Tr\u00f3lka\"},{\"@type\":\"BreadcrumbList\",\"@id\":\"https:\\\/\\\/www.24gliwice.pl\\\/wiadomosci\\\/tv-na-kanale-gliwickim-zainaugurowano-rok-odry-wraz-z-doplywami-rzeka-ma-duzy-potencjal\\\/#breadcrumb\",\"itemListElement\":[{\"@type\":\"ListItem\",\"position\":1,\"name\":\"Strona g\u0142\u00f3wna\",\"item\":\"https:\\\/\\\/www.24gliwice.pl\\\/wiadomosci\\\/\"},{\"@type\":\"ListItem\",\"position\":2,\"name\":\"(TV) Na Kanale Gliwickim zainaugurowano Rok Odry. Wraz z dop\u0142ywami rzeka ma du\u017cy potencja\u0142\"}]},{\"@type\":\"WebSite\",\"@id\":\"https:\\\/\\\/www.24gliwice.pl\\\/wiadomosci\\\/#website\",\"url\":\"https:\\\/\\\/www.24gliwice.pl\\\/wiadomosci\\\/\",\"name\":\"24GLIWICE - Portal Gliwice | codziennie nowe wiadomo\u015bci\",\"description\":\"Portal Miejski Gliwice\",\"publisher\":{\"@id\":\"https:\\\/\\\/www.24gliwice.pl\\\/wiadomosci\\\/#organization\"},\"potentialAction\":[{\"@type\":\"SearchAction\",\"target\":{\"@type\":\"EntryPoint\",\"urlTemplate\":\"https:\\\/\\\/www.24gliwice.pl\\\/wiadomosci\\\/?s={search_term_string}\"},\"query-input\":{\"@type\":\"PropertyValueSpecification\",\"valueRequired\":true,\"valueName\":\"search_term_string\"}}],\"inLanguage\":\"pl-PL\"},{\"@type\":\"Organization\",\"@id\":\"https:\\\/\\\/www.24gliwice.pl\\\/wiadomosci\\\/#organization\",\"name\":\"24gliwice\",\"url\":\"https:\\\/\\\/www.24gliwice.pl\\\/wiadomosci\\\/\",\"logo\":{\"@type\":\"ImageObject\",\"inLanguage\":\"pl-PL\",\"@id\":\"https:\\\/\\\/www.24gliwice.pl\\\/wiadomosci\\\/#\\\/schema\\\/logo\\\/image\\\/\",\"url\":\"https:\\\/\\\/www.24gliwice.pl\\\/wiadomosci\\\/wp-content\\\/uploads\\\/2024\\\/10\\\/24gliwice-logo-696.jpg\",\"contentUrl\":\"https:\\\/\\\/www.24gliwice.pl\\\/wiadomosci\\\/wp-content\\\/uploads\\\/2024\\\/10\\\/24gliwice-logo-696.jpg\",\"width\":696,\"height\":696,\"caption\":\"24gliwice\"},\"image\":{\"@id\":\"https:\\\/\\\/www.24gliwice.pl\\\/wiadomosci\\\/#\\\/schema\\\/logo\\\/image\\\/\"},\"sameAs\":[\"https:\\\/\\\/www.facebook.com\\\/24gliwice\",\"https:\\\/\\\/x.com\\\/24gliwice\",\"https:\\\/\\\/www.youtube.com\\\/@24gliwice\"]},{\"@type\":\"Person\",\"@id\":\"https:\\\/\\\/www.24gliwice.pl\\\/wiadomosci\\\/#\\\/schema\\\/person\\\/e42c650edd7f2fa332be3811fb166b6e\",\"name\":\"\u017baneta Mrozek-Siewierska\",\"image\":{\"@type\":\"ImageObject\",\"inLanguage\":\"pl-PL\",\"@id\":\"https:\\\/\\\/secure.gravatar.com\\\/avatar\\\/1881429e9c64597c77ad7aef2d0a19be69a3253e57534d16aa15bf3a4d34a0a3?s=96&d=mm&r=g\",\"url\":\"https:\\\/\\\/secure.gravatar.com\\\/avatar\\\/1881429e9c64597c77ad7aef2d0a19be69a3253e57534d16aa15bf3a4d34a0a3?s=96&d=mm&r=g\",\"contentUrl\":\"https:\\\/\\\/secure.gravatar.com\\\/avatar\\\/1881429e9c64597c77ad7aef2d0a19be69a3253e57534d16aa15bf3a4d34a0a3?s=96&d=mm&r=g\",\"caption\":\"\u017baneta Mrozek-Siewierska\"},\"url\":\"https:\\\/\\\/www.24gliwice.pl\\\/wiadomosci\\\/author\\\/zms\\\/\"}]}<\/script>\n<!-- \/ Yoast SEO plugin. -->","yoast_head_json":{"title":"(TV) Na Kanale Gliwickim zainaugurowano Rok Odry. Wraz z dop\u0142ywami rzeka ma du\u017cy potencja\u0142 - 24GLIWICE - Portal Gliwice | codziennie nowe informacje","robots":{"index":"index","follow":"follow","max-snippet":"max-snippet:-1","max-image-preview":"max-image-preview:large","max-video-preview":"max-video-preview:-1"},"canonical":"https:\/\/www.24gliwice.pl\/wiadomosci\/tv-na-kanale-gliwickim-zainaugurowano-rok-odry-wraz-z-doplywami-rzeka-ma-duzy-potencjal\/","og_locale":"pl_PL","og_type":"article","og_title":"(TV) Na Kanale Gliwickim zainaugurowano Rok Odry. Wraz z dop\u0142ywami rzeka ma du\u017cy potencja\u0142 - 24GLIWICE - Portal Gliwice | codziennie nowe informacje","og_description":"Na pok\u0142adzie zabytkowego statku Fokstrot, nale\u017c\u0105cego do Mariny Gliwice odby\u0142a si\u0119 konferencja prasowa, kt\u00f3ra rozpocz\u0119\u0142a obchody Roku Odry \u2013 Rzeki Pozytywnej Energii w regionie. &#8211; Jestem fanem Odry i wierz\u0119 w potencja\u0142 tej rzeki, ale to od nas zale\u017cy, czy szans\u0119 jak\u0105 jest jej posiadanie b\u0119dziemy umieli wykorzysta\u0107. Odra jest kr\u0119gos\u0142upem zachodniej cz\u0119\u015bci Polski i [&hellip;]","og_url":"https:\/\/www.24gliwice.pl\/wiadomosci\/tv-na-kanale-gliwickim-zainaugurowano-rok-odry-wraz-z-doplywami-rzeka-ma-duzy-potencjal\/","og_site_name":"24GLIWICE - Portal Gliwice | codziennie nowe informacje","article_publisher":"https:\/\/www.facebook.com\/24gliwice","article_published_time":"2018-05-25T12:08:25+00:00","og_image":[{"width":1200,"height":674,"url":"https:\/\/www.24gliwice.pl\/wiadomosci\/wp-content\/uploads\/2018\/05\/\u015bluza-dzier\u017cno.jpg","type":"image\/jpeg"}],"author":"\u017baneta Mrozek-Siewierska","twitter_card":"summary_large_image","twitter_creator":"@24gliwice","twitter_site":"@24gliwice","twitter_misc":{"Napisane przez":"\u017baneta Mrozek-Siewierska","Szacowany czas czytania":"2 minuty"},"schema":{"@context":"https:\/\/schema.org","@graph":[{"@type":"Article","@id":"https:\/\/www.24gliwice.pl\/wiadomosci\/tv-na-kanale-gliwickim-zainaugurowano-rok-odry-wraz-z-doplywami-rzeka-ma-duzy-potencjal\/#article","isPartOf":{"@id":"https:\/\/www.24gliwice.pl\/wiadomosci\/tv-na-kanale-gliwickim-zainaugurowano-rok-odry-wraz-z-doplywami-rzeka-ma-duzy-potencjal\/"},"author":{"name":"\u017baneta Mrozek-Siewierska","@id":"https:\/\/www.24gliwice.pl\/wiadomosci\/#\/schema\/person\/e42c650edd7f2fa332be3811fb166b6e"},"headline":"(TV) Na Kanale Gliwickim zainaugurowano Rok Odry. Wraz z dop\u0142ywami rzeka ma du\u017cy potencja\u0142","datePublished":"2018-05-25T12:08:25+00:00","mainEntityOfPage":{"@id":"https:\/\/www.24gliwice.pl\/wiadomosci\/tv-na-kanale-gliwickim-zainaugurowano-rok-odry-wraz-z-doplywami-rzeka-ma-duzy-potencjal\/"},"wordCount":355,"commentCount":0,"publisher":{"@id":"https:\/\/www.24gliwice.pl\/wiadomosci\/#organization"},"image":{"@id":"https:\/\/www.24gliwice.pl\/wiadomosci\/tv-na-kanale-gliwickim-zainaugurowano-rok-odry-wraz-z-doplywami-rzeka-ma-duzy-potencjal\/#primaryimage"},"thumbnailUrl":"https:\/\/www.24gliwice.pl\/wiadomosci\/wp-content\/uploads\/2018\/05\/\u015bluza-dzier\u017cno.jpg","keywords":["KANA\u0141 GLIWICKI","K\u0141ODNICA","marina","MARINA GLIWICE","port","rejs"],"articleSection":["Gliwice","Najnowsze wiadomo\u015bci"],"inLanguage":"pl-PL","potentialAction":[{"@type":"CommentAction","name":"Comment","target":["https:\/\/www.24gliwice.pl\/wiadomosci\/tv-na-kanale-gliwickim-zainaugurowano-rok-odry-wraz-z-doplywami-rzeka-ma-duzy-potencjal\/#respond"]}]},{"@type":"WebPage","@id":"https:\/\/www.24gliwice.pl\/wiadomosci\/tv-na-kanale-gliwickim-zainaugurowano-rok-odry-wraz-z-doplywami-rzeka-ma-duzy-potencjal\/","url":"https:\/\/www.24gliwice.pl\/wiadomosci\/tv-na-kanale-gliwickim-zainaugurowano-rok-odry-wraz-z-doplywami-rzeka-ma-duzy-potencjal\/","name":"(TV) Na Kanale Gliwickim zainaugurowano Rok Odry. Wraz z dop\u0142ywami rzeka ma du\u017cy potencja\u0142 - 24GLIWICE - Portal Gliwice | codziennie nowe informacje","isPartOf":{"@id":"https:\/\/www.24gliwice.pl\/wiadomosci\/#website"},"primaryImageOfPage":{"@id":"https:\/\/www.24gliwice.pl\/wiadomosci\/tv-na-kanale-gliwickim-zainaugurowano-rok-odry-wraz-z-doplywami-rzeka-ma-duzy-potencjal\/#primaryimage"},"image":{"@id":"https:\/\/www.24gliwice.pl\/wiadomosci\/tv-na-kanale-gliwickim-zainaugurowano-rok-odry-wraz-z-doplywami-rzeka-ma-duzy-potencjal\/#primaryimage"},"thumbnailUrl":"https:\/\/www.24gliwice.pl\/wiadomosci\/wp-content\/uploads\/2018\/05\/\u015bluza-dzier\u017cno.jpg","datePublished":"2018-05-25T12:08:25+00:00","breadcrumb":{"@id":"https:\/\/www.24gliwice.pl\/wiadomosci\/tv-na-kanale-gliwickim-zainaugurowano-rok-odry-wraz-z-doplywami-rzeka-ma-duzy-potencjal\/#breadcrumb"},"inLanguage":"pl-PL","potentialAction":[{"@type":"ReadAction","target":["https:\/\/www.24gliwice.pl\/wiadomosci\/tv-na-kanale-gliwickim-zainaugurowano-rok-odry-wraz-z-doplywami-rzeka-ma-duzy-potencjal\/"]}]},{"@type":"ImageObject","inLanguage":"pl-PL","@id":"https:\/\/www.24gliwice.pl\/wiadomosci\/tv-na-kanale-gliwickim-zainaugurowano-rok-odry-wraz-z-doplywami-rzeka-ma-duzy-potencjal\/#primaryimage","url":"https:\/\/www.24gliwice.pl\/wiadomosci\/wp-content\/uploads\/2018\/05\/\u015bluza-dzier\u017cno.jpg","contentUrl":"https:\/\/www.24gliwice.pl\/wiadomosci\/wp-content\/uploads\/2018\/05\/\u015bluza-dzier\u017cno.jpg","width":1200,"height":674,"caption":"fot. Witold Tr\u00f3lka"},{"@type":"BreadcrumbList","@id":"https:\/\/www.24gliwice.pl\/wiadomosci\/tv-na-kanale-gliwickim-zainaugurowano-rok-odry-wraz-z-doplywami-rzeka-ma-duzy-potencjal\/#breadcrumb","itemListElement":[{"@type":"ListItem","position":1,"name":"Strona g\u0142\u00f3wna","item":"https:\/\/www.24gliwice.pl\/wiadomosci\/"},{"@type":"ListItem","position":2,"name":"(TV) Na Kanale Gliwickim zainaugurowano Rok Odry. Wraz z dop\u0142ywami rzeka ma du\u017cy potencja\u0142"}]},{"@type":"WebSite","@id":"https:\/\/www.24gliwice.pl\/wiadomosci\/#website","url":"https:\/\/www.24gliwice.pl\/wiadomosci\/","name":"24GLIWICE - Portal Gliwice | codziennie nowe wiadomo\u015bci","description":"Portal Miejski Gliwice","publisher":{"@id":"https:\/\/www.24gliwice.pl\/wiadomosci\/#organization"},"potentialAction":[{"@type":"SearchAction","target":{"@type":"EntryPoint","urlTemplate":"https:\/\/www.24gliwice.pl\/wiadomosci\/?s={search_term_string}"},"query-input":{"@type":"PropertyValueSpecification","valueRequired":true,"valueName":"search_term_string"}}],"inLanguage":"pl-PL"},{"@type":"Organization","@id":"https:\/\/www.24gliwice.pl\/wiadomosci\/#organization","name":"24gliwice","url":"https:\/\/www.24gliwice.pl\/wiadomosci\/","logo":{"@type":"ImageObject","inLanguage":"pl-PL","@id":"https:\/\/www.24gliwice.pl\/wiadomosci\/#\/schema\/logo\/image\/","url":"https:\/\/www.24gliwice.pl\/wiadomosci\/wp-content\/uploads\/2024\/10\/24gliwice-logo-696.jpg","contentUrl":"https:\/\/www.24gliwice.pl\/wiadomosci\/wp-content\/uploads\/2024\/10\/24gliwice-logo-696.jpg","width":696,"height":696,"caption":"24gliwice"},"image":{"@id":"https:\/\/www.24gliwice.pl\/wiadomosci\/#\/schema\/logo\/image\/"},"sameAs":["https:\/\/www.facebook.com\/24gliwice","https:\/\/x.com\/24gliwice","https:\/\/www.youtube.com\/@24gliwice"]},{"@type":"Person","@id":"https:\/\/www.24gliwice.pl\/wiadomosci\/#\/schema\/person\/e42c650edd7f2fa332be3811fb166b6e","name":"\u017baneta Mrozek-Siewierska","image":{"@type":"ImageObject","inLanguage":"pl-PL","@id":"https:\/\/secure.gravatar.com\/avatar\/1881429e9c64597c77ad7aef2d0a19be69a3253e57534d16aa15bf3a4d34a0a3?s=96&d=mm&r=g","url":"https:\/\/secure.gravatar.com\/avatar\/1881429e9c64597c77ad7aef2d0a19be69a3253e57534d16aa15bf3a4d34a0a3?s=96&d=mm&r=g","contentUrl":"https:\/\/secure.gravatar.com\/avatar\/1881429e9c64597c77ad7aef2d0a19be69a3253e57534d16aa15bf3a4d34a0a3?s=96&d=mm&r=g","caption":"\u017baneta Mrozek-Siewierska"},"url":"https:\/\/www.24gliwice.pl\/wiadomosci\/author\/zms\/"}]}},"_links":{"self":[{"href":"https:\/\/www.24gliwice.pl\/wiadomosci\/wp-json\/wp\/v2\/posts\/117652","targetHints":{"allow":["GET"]}}],"collection":[{"href":"https:\/\/www.24gliwice.pl\/wiadomosci\/wp-json\/wp\/v2\/posts"}],"about":[{"href":"https:\/\/www.24gliwice.pl\/wiadomosci\/wp-json\/wp\/v2\/types\/post"}],"author":[{"embeddable":true,"href":"https:\/\/www.24gliwice.pl\/wiadomosci\/wp-json\/wp\/v2\/users\/15"}],"replies":[{"embeddable":true,"href":"https:\/\/www.24gliwice.pl\/wiadomosci\/wp-json\/wp\/v2\/comments?post=117652"}],"version-history":[{"count":0,"href":"https:\/\/www.24gliwice.pl\/wiadomosci\/wp-json\/wp\/v2\/posts\/117652\/revisions"}],"wp:featuredmedia":[{"embeddable":true,"href":"https:\/\/www.24gliwice.pl\/wiadomosci\/wp-json\/wp\/v2\/media\/117665"}],"wp:attachment":[{"href":"https:\/\/www.24gliwice.pl\/wiadomosci\/wp-json\/wp\/v2\/media?parent=117652"}],"wp:term":[{"taxonomy":"category","embeddable":true,"href":"https:\/\/www.24gliwice.pl\/wiadomosci\/wp-json\/wp\/v2\/categories?post=117652"},{"taxonomy":"post_tag","embeddable":true,"href":"https:\/\/www.24gliwice.pl\/wiadomosci\/wp-json\/wp\/v2\/tags?post=117652"}],"curies":[{"name":"wp","href":"https:\/\/api.w.org\/{rel}","templated":true}]}}