{"id":117895,"date":"2018-05-30T13:27:17","date_gmt":"2018-05-30T11:27:17","guid":{"rendered":"https:\/\/www.24gliwice.pl\/wiadomosci\/?p=117895"},"modified":"2024-08-20T02:00:05","modified_gmt":"2024-08-20T00:00:05","slug":"pierwsze-decyzje-kadrowe-po-nieudanym-sezonie-z-klubu-przy-okrzei-odchodzi-dyrektor-sportowy","status":"publish","type":"post","link":"https:\/\/www.24gliwice.pl\/wiadomosci\/pierwsze-decyzje-kadrowe-po-nieudanym-sezonie-z-klubu-przy-okrzei-odchodzi-dyrektor-sportowy\/","title":{"rendered":"Pierwsze decyzje kadrowe po nieudanym sezonie. Z klubu przy Okrzei odchodzi dyrektor sportowy"},"content":{"rendered":"<div class=\"gliwi-a6-nad-leadem-artykulow gliwi-entity-placement\" id=\"gliwi-2801190842\"><div class=\"gliwi-adlabel\"><span style=\"font-size: 9px\">REKLAMA<\/span><\/div><div id=\"gliwi-3202205265\" style=\"margin-bottom: 30px;margin-left: auto;margin-right: auto;text-align: center;\"><a data-no-instant=\"1\" href=\"https:\/\/przedszkole.halogen.org.pl\/\" rel=\"noopener\" class=\"a2t-link\" target=\"_blank\" aria-label=\"20260402-ANIMATOR-przedszkole_grafika_750x200\"><img loading=\"lazy\" decoding=\"async\" src=\"https:\/\/www.24gliwice.pl\/wiadomosci\/wp-content\/uploads\/2026\/04\/20260402-ANIMATOR-przedszkole_grafika_750x200.webp\" alt=\"\"  srcset=\"https:\/\/www.24gliwice.pl\/wiadomosci\/wp-content\/uploads\/2026\/04\/20260402-ANIMATOR-przedszkole_grafika_750x200.webp 750w, https:\/\/www.24gliwice.pl\/wiadomosci\/wp-content\/uploads\/2026\/04\/20260402-ANIMATOR-przedszkole_grafika_750x200-410x109.webp 410w\" sizes=\"(max-width: 750px) 100vw, 750px\" class=\"no-lazyload\" width=\"750\" height=\"200\"  style=\"display: inline-block; max-width: 100%; height: auto;\" \/><\/a><\/div><\/div><h3>Decyzj\u0105 Klubu wraz z ko\u0144cem maja funkcj\u0119 dyrektora sportowego Piasta Gliwice przesta\u0142 pe\u0142ni\u0107 Jacek Bednarz. Dzia\u0142acz pi\u0142karski z klubem Niebiesko-Czerwonych zwi\u0105za\u0142 si\u0119 w pa\u017adzierniku ubieg\u0142ego roku.<\/h3>\n<p>W \u015brod\u0119 Jacek Bednarz po\u017cegna\u0142 si\u0119 z pracownikami Klubu. &#8211; Dzi\u0119kuj\u0119 za wsp\u00f3ln\u0105 prac\u0119 wykonan\u0105 na rzecz Piasta Gliwice, a kibicom za wsparcie, kt\u00f3re okazali podczas ubieg\u0142ego sezonu. \u017bycz\u0119 Piastowi wszystkiego co najlepsze. Samych sukces\u00f3w &#8211; powiedzia\u0142 <strong>Jacek Bednarz<\/strong>.<\/p>\n[perfectpullquote align=&#8221;full&#8221; bordertop=&#8221;false&#8221; cite=&#8221;&#8221; link=&#8221;&#8221; color=&#8221;&#8221; class=&#8221;&#8221; size=&#8221;&#8221;]Piast Gliwice r\u00f3wnie\u017c dzi\u0119kuje za prac\u0119 wykonan\u0105 na rzecz Klubu i \u017cyczy powodzenia w dalszej pracy zawodowej[\/perfectpullquote]\n<p>&#8211; widnieje w komunikacie zamieszczonym w serwisie informacyjnym Piasta Gliwice.<\/p><div class=\"gliwi-a3-w-tresci-artykulow gliwi-entity-placement\" id=\"gliwi-286230285\"><div class=\"gliwi-adlabel\"><span style=\"font-size: 9px\">REKLAMA<\/span><\/div><div id=\"gliwi-2264353548\" style=\"margin-bottom: 30px;margin-left: auto;margin-right: auto;text-align: center;\"><a data-no-instant=\"1\" href=\"https:\/\/ogrodyandersa.pl\/\" rel=\"noopener\" class=\"a2t-link\" target=\"_blank\" aria-label=\"20260415 Ogrody Andersa KUP TERAZ D\"><img loading=\"lazy\" decoding=\"async\" src=\"https:\/\/www.24gliwice.pl\/wiadomosci\/wp-content\/uploads\/2026\/04\/20260415-Ogrody-Andersa-KUP-TERAZ-D.jpg\" alt=\"\"  srcset=\"https:\/\/www.24gliwice.pl\/wiadomosci\/wp-content\/uploads\/2026\/04\/20260415-Ogrody-Andersa-KUP-TERAZ-D.jpg 750w, https:\/\/www.24gliwice.pl\/wiadomosci\/wp-content\/uploads\/2026\/04\/20260415-Ogrody-Andersa-KUP-TERAZ-D-410x109.jpg 410w\" sizes=\"(max-width: 750px) 100vw, 750px\" class=\"no-lazyload\" width=\"750\" height=\"200\"  style=\"display: inline-block; max-width: 100%; height: auto;\" \/><\/a><\/div><\/div>\n<p>Przypomnijmy &#8211; Jacek Bednarz to by\u0142y reprezentant Polski. W kadrze narodowej rozegra\u0142 pi\u0119\u0107 spotka\u0144. Jako pi\u0142karz gra\u0142 w Ruchu Chorz\u00f3w, Legii Warszawa i Pogoni Szczecin, gdzie zako\u0144czy\u0142 karier\u0119. Do jego najwi\u0119kszych pi\u0142karskich sukces\u00f3w nale\u017cy zaliczy\u0107 mistrzostwo Polski, dwa Puchary oraz Superpuchar Polski. Na boiskach Ekstraklasy rozegra\u0142 \u0142\u0105cznie 317 spotka\u0144, w kt\u00f3rych zdoby\u0142 22 bramki. Gra\u0142 na pozycji obro\u0144cy.<\/p>\n<p>Po zako\u0144czeniu pi\u0142karskiej kariery rozpocz\u0105\u0142 prac\u0119 w Legii Warszawa, gdzie pe\u0142ni\u0142 funkcj\u0119 rzecznika prasowego. Nast\u0119pnie przez p\u00f3\u0142 roku by\u0142 dyrektorem sportowym sto\u0142ecznego klubu. W 2007 roku zosta\u0142 dyrektorem sportowym Wis\u0142y Krak\u00f3w. Funkcj\u0119 t\u0119 sprawowa\u0142 przez dwa lata. W 2012 roku wr\u00f3ci\u0142 do Wis\u0142y i obj\u0105\u0142 stanowisko wiceprezesa zarz\u0105du Klubu do spraw sportowych. Rok p\u00f3\u017aniej zosta\u0142 prezesem zarz\u0105du Wis\u0142y Krak\u00f3w. Na stanowisku zasiada\u0142 od kwietnia 2013 do czerwca 2014. Od listopada 2013 do czerwca 2016 by\u0142 prokurentem w Ruchu Chorz\u00f3w, sk\u0105d przeni\u00f3s\u0142 si\u0119 do sp\u00f3\u0142ki Ekstraklasa, gdzie sprawowa\u0142 funkcj\u0119 cz\u0142onka zarz\u0105du. Dla Piasta Gliwice prac\u0119 rozpocz\u0105\u0142 w pa\u017adzierniku 2017 roku.<\/p>\n<p>(\u017cms)\/Biuro Prasowe GKS Piast<\/p>\n<div class=\"gliwi-a5-na-koncu-artykulow gliwi-entity-placement\" id=\"gliwi-2726076369\"><div class=\"gliwi-adlabel\"><span style=\"font-size: 9px\">REKLAMA<\/span><\/div><div id=\"gliwi-2294027961\" style=\"margin-left: auto;margin-right: auto;text-align: center;\"><a data-no-instant=\"1\" href=\"https:\/\/prezeroarenagliwice.pl\/\" rel=\"noopener\" class=\"a2t-link\" target=\"_blank\" aria-label=\"20260309-PREZERO-WIOSNA-D\"><img loading=\"lazy\" decoding=\"async\" src=\"https:\/\/www.24gliwice.pl\/wiadomosci\/wp-content\/uploads\/2026\/03\/20260309-PREZERO-WIOSNA-D.webp\" alt=\"\"  srcset=\"https:\/\/www.24gliwice.pl\/wiadomosci\/wp-content\/uploads\/2026\/03\/20260309-PREZERO-WIOSNA-D.webp 750w, https:\/\/www.24gliwice.pl\/wiadomosci\/wp-content\/uploads\/2026\/03\/20260309-PREZERO-WIOSNA-D-410x109.webp 410w\" sizes=\"(max-width: 750px) 100vw, 750px\" class=\"no-lazyload\" width=\"750\" height=\"200\"  style=\"display: inline-block; max-width: 100%; height: auto;\" \/><\/a><\/div><\/div>","protected":false},"excerpt":{"rendered":"<p>Decyzj\u0105 Klubu wraz z ko\u0144cem maja funkcj\u0119 dyrektora sportowego Piasta Gliwice przesta\u0142 pe\u0142ni\u0107 Jacek Bednarz. Dzia\u0142acz pi\u0142karski z klubem Niebiesko-Czerwonych zwi\u0105za\u0142 si\u0119 w pa\u017adzierniku ubieg\u0142ego roku. W \u015brod\u0119 Jacek Bednarz po\u017cegna\u0142 si\u0119 z pracownikami Klubu. &#8211; Dzi\u0119kuj\u0119 za wsp\u00f3ln\u0105 prac\u0119 wykonan\u0105 na rzecz Piasta Gliwice, a kibicom za wsparcie, kt\u00f3re okazali podczas ubieg\u0142ego sezonu. \u017bycz\u0119 [&hellip;]<\/p>\n","protected":false},"author":15,"featured_media":117900,"comment_status":"open","ping_status":"closed","sticky":false,"template":"","format":"standard","meta":{"_monsterinsights_skip_tracking":false,"_monsterinsights_sitenote_active":false,"_monsterinsights_sitenote_note":"","_monsterinsights_sitenote_category":0,"footnotes":"","_links_to":"","_links_to_target":""},"categories":[3,1,23842],"tags":[8850,9777,74],"class_list":["post-117895","post","type-post","status-publish","format-standard","has-post-thumbnail","hentry","category-gliwice","category-wszystko","category-sport_gliwice","tag-dyrektor-sportowy","tag-pawel-zelem","tag-piast-gliwice"],"yoast_head":"<!-- This site is optimized with the Yoast SEO plugin v27.5 - https:\/\/yoast.com\/product\/yoast-seo-wordpress\/ -->\n<title>Pierwsze decyzje kadrowe po nieudanym sezonie. Z klubu przy Okrzei odchodzi dyrektor sportowy - 24GLIWICE - Portal Gliwice | codziennie nowe informacje<\/title>\n<meta name=\"robots\" content=\"index, follow, max-snippet:-1, max-image-preview:large, max-video-preview:-1\" \/>\n<link rel=\"canonical\" href=\"https:\/\/www.24gliwice.pl\/wiadomosci\/pierwsze-decyzje-kadrowe-po-nieudanym-sezonie-z-klubu-przy-okrzei-odchodzi-dyrektor-sportowy\/\" \/>\n<meta property=\"og:locale\" content=\"pl_PL\" \/>\n<meta property=\"og:type\" content=\"article\" \/>\n<meta property=\"og:title\" content=\"Pierwsze decyzje kadrowe po nieudanym sezonie. Z klubu przy Okrzei odchodzi dyrektor sportowy - 24GLIWICE - Portal Gliwice | codziennie nowe informacje\" \/>\n<meta property=\"og:description\" content=\"Decyzj\u0105 Klubu wraz z ko\u0144cem maja funkcj\u0119 dyrektora sportowego Piasta Gliwice przesta\u0142 pe\u0142ni\u0107 Jacek Bednarz. Dzia\u0142acz pi\u0142karski z klubem Niebiesko-Czerwonych zwi\u0105za\u0142 si\u0119 w pa\u017adzierniku ubieg\u0142ego roku. W \u015brod\u0119 Jacek Bednarz po\u017cegna\u0142 si\u0119 z pracownikami Klubu. &#8211; Dzi\u0119kuj\u0119 za wsp\u00f3ln\u0105 prac\u0119 wykonan\u0105 na rzecz Piasta Gliwice, a kibicom za wsparcie, kt\u00f3re okazali podczas ubieg\u0142ego sezonu. \u017bycz\u0119 [&hellip;]\" \/>\n<meta property=\"og:url\" content=\"https:\/\/www.24gliwice.pl\/wiadomosci\/pierwsze-decyzje-kadrowe-po-nieudanym-sezonie-z-klubu-przy-okrzei-odchodzi-dyrektor-sportowy\/\" \/>\n<meta property=\"og:site_name\" content=\"24GLIWICE - Portal Gliwice | codziennie nowe informacje\" \/>\n<meta property=\"article:publisher\" content=\"https:\/\/www.facebook.com\/24gliwice\" \/>\n<meta property=\"article:published_time\" content=\"2018-05-30T11:27:17+00:00\" \/>\n<meta property=\"article:modified_time\" content=\"2024-08-20T00:00:05+00:00\" \/>\n<meta property=\"og:image\" content=\"https:\/\/www.24gliwice.pl\/wiadomosci\/wp-content\/uploads\/2018\/05\/jacek-bednarz.jpg\" \/>\n\t<meta property=\"og:image:width\" content=\"810\" \/>\n\t<meta property=\"og:image:height\" content=\"454\" \/>\n\t<meta property=\"og:image:type\" content=\"image\/jpeg\" \/>\n<meta name=\"author\" content=\"\u017baneta Mrozek-Siewierska\" \/>\n<meta name=\"twitter:card\" content=\"summary_large_image\" \/>\n<meta name=\"twitter:creator\" content=\"@24gliwice\" \/>\n<meta name=\"twitter:site\" content=\"@24gliwice\" \/>\n<meta name=\"twitter:label1\" content=\"Napisane przez\" \/>\n\t<meta name=\"twitter:data1\" content=\"\u017baneta Mrozek-Siewierska\" \/>\n\t<meta name=\"twitter:label2\" content=\"Szacowany czas czytania\" \/>\n\t<meta name=\"twitter:data2\" content=\"2 minuty\" \/>\n<script type=\"application\/ld+json\" class=\"yoast-schema-graph\">{\"@context\":\"https:\\\/\\\/schema.org\",\"@graph\":[{\"@type\":\"Article\",\"@id\":\"https:\\\/\\\/www.24gliwice.pl\\\/wiadomosci\\\/pierwsze-decyzje-kadrowe-po-nieudanym-sezonie-z-klubu-przy-okrzei-odchodzi-dyrektor-sportowy\\\/#article\",\"isPartOf\":{\"@id\":\"https:\\\/\\\/www.24gliwice.pl\\\/wiadomosci\\\/pierwsze-decyzje-kadrowe-po-nieudanym-sezonie-z-klubu-przy-okrzei-odchodzi-dyrektor-sportowy\\\/\"},\"author\":{\"name\":\"\u017baneta Mrozek-Siewierska\",\"@id\":\"https:\\\/\\\/www.24gliwice.pl\\\/wiadomosci\\\/#\\\/schema\\\/person\\\/e42c650edd7f2fa332be3811fb166b6e\"},\"headline\":\"Pierwsze decyzje kadrowe po nieudanym sezonie. Z klubu przy Okrzei odchodzi dyrektor sportowy\",\"datePublished\":\"2018-05-30T11:27:17+00:00\",\"dateModified\":\"2024-08-20T00:00:05+00:00\",\"mainEntityOfPage\":{\"@id\":\"https:\\\/\\\/www.24gliwice.pl\\\/wiadomosci\\\/pierwsze-decyzje-kadrowe-po-nieudanym-sezonie-z-klubu-przy-okrzei-odchodzi-dyrektor-sportowy\\\/\"},\"wordCount\":315,\"commentCount\":0,\"publisher\":{\"@id\":\"https:\\\/\\\/www.24gliwice.pl\\\/wiadomosci\\\/#organization\"},\"image\":{\"@id\":\"https:\\\/\\\/www.24gliwice.pl\\\/wiadomosci\\\/pierwsze-decyzje-kadrowe-po-nieudanym-sezonie-z-klubu-przy-okrzei-odchodzi-dyrektor-sportowy\\\/#primaryimage\"},\"thumbnailUrl\":\"https:\\\/\\\/www.24gliwice.pl\\\/wiadomosci\\\/wp-content\\\/uploads\\\/2018\\\/05\\\/jacek-bednarz.jpg\",\"keywords\":[\"dyrektor sportowy\",\"pawe\u0142 \u017celem\",\"PIAST GLIWICE\"],\"articleSection\":[\"Gliwice\",\"Najnowsze wiadomo\u015bci\",\"Sport\"],\"inLanguage\":\"pl-PL\",\"potentialAction\":[{\"@type\":\"CommentAction\",\"name\":\"Comment\",\"target\":[\"https:\\\/\\\/www.24gliwice.pl\\\/wiadomosci\\\/pierwsze-decyzje-kadrowe-po-nieudanym-sezonie-z-klubu-przy-okrzei-odchodzi-dyrektor-sportowy\\\/#respond\"]}]},{\"@type\":\"WebPage\",\"@id\":\"https:\\\/\\\/www.24gliwice.pl\\\/wiadomosci\\\/pierwsze-decyzje-kadrowe-po-nieudanym-sezonie-z-klubu-przy-okrzei-odchodzi-dyrektor-sportowy\\\/\",\"url\":\"https:\\\/\\\/www.24gliwice.pl\\\/wiadomosci\\\/pierwsze-decyzje-kadrowe-po-nieudanym-sezonie-z-klubu-przy-okrzei-odchodzi-dyrektor-sportowy\\\/\",\"name\":\"Pierwsze decyzje kadrowe po nieudanym sezonie. Z klubu przy Okrzei odchodzi dyrektor sportowy - 24GLIWICE - Portal Gliwice | codziennie nowe informacje\",\"isPartOf\":{\"@id\":\"https:\\\/\\\/www.24gliwice.pl\\\/wiadomosci\\\/#website\"},\"primaryImageOfPage\":{\"@id\":\"https:\\\/\\\/www.24gliwice.pl\\\/wiadomosci\\\/pierwsze-decyzje-kadrowe-po-nieudanym-sezonie-z-klubu-przy-okrzei-odchodzi-dyrektor-sportowy\\\/#primaryimage\"},\"image\":{\"@id\":\"https:\\\/\\\/www.24gliwice.pl\\\/wiadomosci\\\/pierwsze-decyzje-kadrowe-po-nieudanym-sezonie-z-klubu-przy-okrzei-odchodzi-dyrektor-sportowy\\\/#primaryimage\"},\"thumbnailUrl\":\"https:\\\/\\\/www.24gliwice.pl\\\/wiadomosci\\\/wp-content\\\/uploads\\\/2018\\\/05\\\/jacek-bednarz.jpg\",\"datePublished\":\"2018-05-30T11:27:17+00:00\",\"dateModified\":\"2024-08-20T00:00:05+00:00\",\"breadcrumb\":{\"@id\":\"https:\\\/\\\/www.24gliwice.pl\\\/wiadomosci\\\/pierwsze-decyzje-kadrowe-po-nieudanym-sezonie-z-klubu-przy-okrzei-odchodzi-dyrektor-sportowy\\\/#breadcrumb\"},\"inLanguage\":\"pl-PL\",\"potentialAction\":[{\"@type\":\"ReadAction\",\"target\":[\"https:\\\/\\\/www.24gliwice.pl\\\/wiadomosci\\\/pierwsze-decyzje-kadrowe-po-nieudanym-sezonie-z-klubu-przy-okrzei-odchodzi-dyrektor-sportowy\\\/\"]}]},{\"@type\":\"ImageObject\",\"inLanguage\":\"pl-PL\",\"@id\":\"https:\\\/\\\/www.24gliwice.pl\\\/wiadomosci\\\/pierwsze-decyzje-kadrowe-po-nieudanym-sezonie-z-klubu-przy-okrzei-odchodzi-dyrektor-sportowy\\\/#primaryimage\",\"url\":\"https:\\\/\\\/www.24gliwice.pl\\\/wiadomosci\\\/wp-content\\\/uploads\\\/2018\\\/05\\\/jacek-bednarz.jpg\",\"contentUrl\":\"https:\\\/\\\/www.24gliwice.pl\\\/wiadomosci\\\/wp-content\\\/uploads\\\/2018\\\/05\\\/jacek-bednarz.jpg\",\"width\":810,\"height\":454,\"caption\":\"fot. piast-gliwice.eu\"},{\"@type\":\"BreadcrumbList\",\"@id\":\"https:\\\/\\\/www.24gliwice.pl\\\/wiadomosci\\\/pierwsze-decyzje-kadrowe-po-nieudanym-sezonie-z-klubu-przy-okrzei-odchodzi-dyrektor-sportowy\\\/#breadcrumb\",\"itemListElement\":[{\"@type\":\"ListItem\",\"position\":1,\"name\":\"Strona g\u0142\u00f3wna\",\"item\":\"https:\\\/\\\/www.24gliwice.pl\\\/wiadomosci\\\/\"},{\"@type\":\"ListItem\",\"position\":2,\"name\":\"Pierwsze decyzje kadrowe po nieudanym sezonie. Z klubu przy Okrzei odchodzi dyrektor sportowy\"}]},{\"@type\":\"WebSite\",\"@id\":\"https:\\\/\\\/www.24gliwice.pl\\\/wiadomosci\\\/#website\",\"url\":\"https:\\\/\\\/www.24gliwice.pl\\\/wiadomosci\\\/\",\"name\":\"24GLIWICE - Portal Gliwice | codziennie nowe wiadomo\u015bci\",\"description\":\"Portal Miejski Gliwice\",\"publisher\":{\"@id\":\"https:\\\/\\\/www.24gliwice.pl\\\/wiadomosci\\\/#organization\"},\"potentialAction\":[{\"@type\":\"SearchAction\",\"target\":{\"@type\":\"EntryPoint\",\"urlTemplate\":\"https:\\\/\\\/www.24gliwice.pl\\\/wiadomosci\\\/?s={search_term_string}\"},\"query-input\":{\"@type\":\"PropertyValueSpecification\",\"valueRequired\":true,\"valueName\":\"search_term_string\"}}],\"inLanguage\":\"pl-PL\"},{\"@type\":\"Organization\",\"@id\":\"https:\\\/\\\/www.24gliwice.pl\\\/wiadomosci\\\/#organization\",\"name\":\"24gliwice\",\"url\":\"https:\\\/\\\/www.24gliwice.pl\\\/wiadomosci\\\/\",\"logo\":{\"@type\":\"ImageObject\",\"inLanguage\":\"pl-PL\",\"@id\":\"https:\\\/\\\/www.24gliwice.pl\\\/wiadomosci\\\/#\\\/schema\\\/logo\\\/image\\\/\",\"url\":\"https:\\\/\\\/www.24gliwice.pl\\\/wiadomosci\\\/wp-content\\\/uploads\\\/2024\\\/10\\\/24gliwice-logo-696.jpg\",\"contentUrl\":\"https:\\\/\\\/www.24gliwice.pl\\\/wiadomosci\\\/wp-content\\\/uploads\\\/2024\\\/10\\\/24gliwice-logo-696.jpg\",\"width\":696,\"height\":696,\"caption\":\"24gliwice\"},\"image\":{\"@id\":\"https:\\\/\\\/www.24gliwice.pl\\\/wiadomosci\\\/#\\\/schema\\\/logo\\\/image\\\/\"},\"sameAs\":[\"https:\\\/\\\/www.facebook.com\\\/24gliwice\",\"https:\\\/\\\/x.com\\\/24gliwice\",\"https:\\\/\\\/www.youtube.com\\\/@24gliwice\"]},{\"@type\":\"Person\",\"@id\":\"https:\\\/\\\/www.24gliwice.pl\\\/wiadomosci\\\/#\\\/schema\\\/person\\\/e42c650edd7f2fa332be3811fb166b6e\",\"name\":\"\u017baneta Mrozek-Siewierska\",\"image\":{\"@type\":\"ImageObject\",\"inLanguage\":\"pl-PL\",\"@id\":\"https:\\\/\\\/secure.gravatar.com\\\/avatar\\\/1881429e9c64597c77ad7aef2d0a19be69a3253e57534d16aa15bf3a4d34a0a3?s=96&d=mm&r=g\",\"url\":\"https:\\\/\\\/secure.gravatar.com\\\/avatar\\\/1881429e9c64597c77ad7aef2d0a19be69a3253e57534d16aa15bf3a4d34a0a3?s=96&d=mm&r=g\",\"contentUrl\":\"https:\\\/\\\/secure.gravatar.com\\\/avatar\\\/1881429e9c64597c77ad7aef2d0a19be69a3253e57534d16aa15bf3a4d34a0a3?s=96&d=mm&r=g\",\"caption\":\"\u017baneta Mrozek-Siewierska\"},\"url\":\"https:\\\/\\\/www.24gliwice.pl\\\/wiadomosci\\\/author\\\/zms\\\/\"}]}<\/script>\n<!-- \/ Yoast SEO plugin. -->","yoast_head_json":{"title":"Pierwsze decyzje kadrowe po nieudanym sezonie. Z klubu przy Okrzei odchodzi dyrektor sportowy - 24GLIWICE - Portal Gliwice | codziennie nowe informacje","robots":{"index":"index","follow":"follow","max-snippet":"max-snippet:-1","max-image-preview":"max-image-preview:large","max-video-preview":"max-video-preview:-1"},"canonical":"https:\/\/www.24gliwice.pl\/wiadomosci\/pierwsze-decyzje-kadrowe-po-nieudanym-sezonie-z-klubu-przy-okrzei-odchodzi-dyrektor-sportowy\/","og_locale":"pl_PL","og_type":"article","og_title":"Pierwsze decyzje kadrowe po nieudanym sezonie. Z klubu przy Okrzei odchodzi dyrektor sportowy - 24GLIWICE - Portal Gliwice | codziennie nowe informacje","og_description":"Decyzj\u0105 Klubu wraz z ko\u0144cem maja funkcj\u0119 dyrektora sportowego Piasta Gliwice przesta\u0142 pe\u0142ni\u0107 Jacek Bednarz. Dzia\u0142acz pi\u0142karski z klubem Niebiesko-Czerwonych zwi\u0105za\u0142 si\u0119 w pa\u017adzierniku ubieg\u0142ego roku. W \u015brod\u0119 Jacek Bednarz po\u017cegna\u0142 si\u0119 z pracownikami Klubu. &#8211; Dzi\u0119kuj\u0119 za wsp\u00f3ln\u0105 prac\u0119 wykonan\u0105 na rzecz Piasta Gliwice, a kibicom za wsparcie, kt\u00f3re okazali podczas ubieg\u0142ego sezonu. \u017bycz\u0119 [&hellip;]","og_url":"https:\/\/www.24gliwice.pl\/wiadomosci\/pierwsze-decyzje-kadrowe-po-nieudanym-sezonie-z-klubu-przy-okrzei-odchodzi-dyrektor-sportowy\/","og_site_name":"24GLIWICE - Portal Gliwice | codziennie nowe informacje","article_publisher":"https:\/\/www.facebook.com\/24gliwice","article_published_time":"2018-05-30T11:27:17+00:00","article_modified_time":"2024-08-20T00:00:05+00:00","og_image":[{"width":810,"height":454,"url":"https:\/\/www.24gliwice.pl\/wiadomosci\/wp-content\/uploads\/2018\/05\/jacek-bednarz.jpg","type":"image\/jpeg"}],"author":"\u017baneta Mrozek-Siewierska","twitter_card":"summary_large_image","twitter_creator":"@24gliwice","twitter_site":"@24gliwice","twitter_misc":{"Napisane przez":"\u017baneta Mrozek-Siewierska","Szacowany czas czytania":"2 minuty"},"schema":{"@context":"https:\/\/schema.org","@graph":[{"@type":"Article","@id":"https:\/\/www.24gliwice.pl\/wiadomosci\/pierwsze-decyzje-kadrowe-po-nieudanym-sezonie-z-klubu-przy-okrzei-odchodzi-dyrektor-sportowy\/#article","isPartOf":{"@id":"https:\/\/www.24gliwice.pl\/wiadomosci\/pierwsze-decyzje-kadrowe-po-nieudanym-sezonie-z-klubu-przy-okrzei-odchodzi-dyrektor-sportowy\/"},"author":{"name":"\u017baneta Mrozek-Siewierska","@id":"https:\/\/www.24gliwice.pl\/wiadomosci\/#\/schema\/person\/e42c650edd7f2fa332be3811fb166b6e"},"headline":"Pierwsze decyzje kadrowe po nieudanym sezonie. Z klubu przy Okrzei odchodzi dyrektor sportowy","datePublished":"2018-05-30T11:27:17+00:00","dateModified":"2024-08-20T00:00:05+00:00","mainEntityOfPage":{"@id":"https:\/\/www.24gliwice.pl\/wiadomosci\/pierwsze-decyzje-kadrowe-po-nieudanym-sezonie-z-klubu-przy-okrzei-odchodzi-dyrektor-sportowy\/"},"wordCount":315,"commentCount":0,"publisher":{"@id":"https:\/\/www.24gliwice.pl\/wiadomosci\/#organization"},"image":{"@id":"https:\/\/www.24gliwice.pl\/wiadomosci\/pierwsze-decyzje-kadrowe-po-nieudanym-sezonie-z-klubu-przy-okrzei-odchodzi-dyrektor-sportowy\/#primaryimage"},"thumbnailUrl":"https:\/\/www.24gliwice.pl\/wiadomosci\/wp-content\/uploads\/2018\/05\/jacek-bednarz.jpg","keywords":["dyrektor sportowy","pawe\u0142 \u017celem","PIAST GLIWICE"],"articleSection":["Gliwice","Najnowsze wiadomo\u015bci","Sport"],"inLanguage":"pl-PL","potentialAction":[{"@type":"CommentAction","name":"Comment","target":["https:\/\/www.24gliwice.pl\/wiadomosci\/pierwsze-decyzje-kadrowe-po-nieudanym-sezonie-z-klubu-przy-okrzei-odchodzi-dyrektor-sportowy\/#respond"]}]},{"@type":"WebPage","@id":"https:\/\/www.24gliwice.pl\/wiadomosci\/pierwsze-decyzje-kadrowe-po-nieudanym-sezonie-z-klubu-przy-okrzei-odchodzi-dyrektor-sportowy\/","url":"https:\/\/www.24gliwice.pl\/wiadomosci\/pierwsze-decyzje-kadrowe-po-nieudanym-sezonie-z-klubu-przy-okrzei-odchodzi-dyrektor-sportowy\/","name":"Pierwsze decyzje kadrowe po nieudanym sezonie. Z klubu przy Okrzei odchodzi dyrektor sportowy - 24GLIWICE - Portal Gliwice | codziennie nowe informacje","isPartOf":{"@id":"https:\/\/www.24gliwice.pl\/wiadomosci\/#website"},"primaryImageOfPage":{"@id":"https:\/\/www.24gliwice.pl\/wiadomosci\/pierwsze-decyzje-kadrowe-po-nieudanym-sezonie-z-klubu-przy-okrzei-odchodzi-dyrektor-sportowy\/#primaryimage"},"image":{"@id":"https:\/\/www.24gliwice.pl\/wiadomosci\/pierwsze-decyzje-kadrowe-po-nieudanym-sezonie-z-klubu-przy-okrzei-odchodzi-dyrektor-sportowy\/#primaryimage"},"thumbnailUrl":"https:\/\/www.24gliwice.pl\/wiadomosci\/wp-content\/uploads\/2018\/05\/jacek-bednarz.jpg","datePublished":"2018-05-30T11:27:17+00:00","dateModified":"2024-08-20T00:00:05+00:00","breadcrumb":{"@id":"https:\/\/www.24gliwice.pl\/wiadomosci\/pierwsze-decyzje-kadrowe-po-nieudanym-sezonie-z-klubu-przy-okrzei-odchodzi-dyrektor-sportowy\/#breadcrumb"},"inLanguage":"pl-PL","potentialAction":[{"@type":"ReadAction","target":["https:\/\/www.24gliwice.pl\/wiadomosci\/pierwsze-decyzje-kadrowe-po-nieudanym-sezonie-z-klubu-przy-okrzei-odchodzi-dyrektor-sportowy\/"]}]},{"@type":"ImageObject","inLanguage":"pl-PL","@id":"https:\/\/www.24gliwice.pl\/wiadomosci\/pierwsze-decyzje-kadrowe-po-nieudanym-sezonie-z-klubu-przy-okrzei-odchodzi-dyrektor-sportowy\/#primaryimage","url":"https:\/\/www.24gliwice.pl\/wiadomosci\/wp-content\/uploads\/2018\/05\/jacek-bednarz.jpg","contentUrl":"https:\/\/www.24gliwice.pl\/wiadomosci\/wp-content\/uploads\/2018\/05\/jacek-bednarz.jpg","width":810,"height":454,"caption":"fot. piast-gliwice.eu"},{"@type":"BreadcrumbList","@id":"https:\/\/www.24gliwice.pl\/wiadomosci\/pierwsze-decyzje-kadrowe-po-nieudanym-sezonie-z-klubu-przy-okrzei-odchodzi-dyrektor-sportowy\/#breadcrumb","itemListElement":[{"@type":"ListItem","position":1,"name":"Strona g\u0142\u00f3wna","item":"https:\/\/www.24gliwice.pl\/wiadomosci\/"},{"@type":"ListItem","position":2,"name":"Pierwsze decyzje kadrowe po nieudanym sezonie. Z klubu przy Okrzei odchodzi dyrektor sportowy"}]},{"@type":"WebSite","@id":"https:\/\/www.24gliwice.pl\/wiadomosci\/#website","url":"https:\/\/www.24gliwice.pl\/wiadomosci\/","name":"24GLIWICE - Portal Gliwice | codziennie nowe wiadomo\u015bci","description":"Portal Miejski Gliwice","publisher":{"@id":"https:\/\/www.24gliwice.pl\/wiadomosci\/#organization"},"potentialAction":[{"@type":"SearchAction","target":{"@type":"EntryPoint","urlTemplate":"https:\/\/www.24gliwice.pl\/wiadomosci\/?s={search_term_string}"},"query-input":{"@type":"PropertyValueSpecification","valueRequired":true,"valueName":"search_term_string"}}],"inLanguage":"pl-PL"},{"@type":"Organization","@id":"https:\/\/www.24gliwice.pl\/wiadomosci\/#organization","name":"24gliwice","url":"https:\/\/www.24gliwice.pl\/wiadomosci\/","logo":{"@type":"ImageObject","inLanguage":"pl-PL","@id":"https:\/\/www.24gliwice.pl\/wiadomosci\/#\/schema\/logo\/image\/","url":"https:\/\/www.24gliwice.pl\/wiadomosci\/wp-content\/uploads\/2024\/10\/24gliwice-logo-696.jpg","contentUrl":"https:\/\/www.24gliwice.pl\/wiadomosci\/wp-content\/uploads\/2024\/10\/24gliwice-logo-696.jpg","width":696,"height":696,"caption":"24gliwice"},"image":{"@id":"https:\/\/www.24gliwice.pl\/wiadomosci\/#\/schema\/logo\/image\/"},"sameAs":["https:\/\/www.facebook.com\/24gliwice","https:\/\/x.com\/24gliwice","https:\/\/www.youtube.com\/@24gliwice"]},{"@type":"Person","@id":"https:\/\/www.24gliwice.pl\/wiadomosci\/#\/schema\/person\/e42c650edd7f2fa332be3811fb166b6e","name":"\u017baneta Mrozek-Siewierska","image":{"@type":"ImageObject","inLanguage":"pl-PL","@id":"https:\/\/secure.gravatar.com\/avatar\/1881429e9c64597c77ad7aef2d0a19be69a3253e57534d16aa15bf3a4d34a0a3?s=96&d=mm&r=g","url":"https:\/\/secure.gravatar.com\/avatar\/1881429e9c64597c77ad7aef2d0a19be69a3253e57534d16aa15bf3a4d34a0a3?s=96&d=mm&r=g","contentUrl":"https:\/\/secure.gravatar.com\/avatar\/1881429e9c64597c77ad7aef2d0a19be69a3253e57534d16aa15bf3a4d34a0a3?s=96&d=mm&r=g","caption":"\u017baneta Mrozek-Siewierska"},"url":"https:\/\/www.24gliwice.pl\/wiadomosci\/author\/zms\/"}]}},"_links":{"self":[{"href":"https:\/\/www.24gliwice.pl\/wiadomosci\/wp-json\/wp\/v2\/posts\/117895","targetHints":{"allow":["GET"]}}],"collection":[{"href":"https:\/\/www.24gliwice.pl\/wiadomosci\/wp-json\/wp\/v2\/posts"}],"about":[{"href":"https:\/\/www.24gliwice.pl\/wiadomosci\/wp-json\/wp\/v2\/types\/post"}],"author":[{"embeddable":true,"href":"https:\/\/www.24gliwice.pl\/wiadomosci\/wp-json\/wp\/v2\/users\/15"}],"replies":[{"embeddable":true,"href":"https:\/\/www.24gliwice.pl\/wiadomosci\/wp-json\/wp\/v2\/comments?post=117895"}],"version-history":[{"count":0,"href":"https:\/\/www.24gliwice.pl\/wiadomosci\/wp-json\/wp\/v2\/posts\/117895\/revisions"}],"wp:featuredmedia":[{"embeddable":true,"href":"https:\/\/www.24gliwice.pl\/wiadomosci\/wp-json\/wp\/v2\/media\/117900"}],"wp:attachment":[{"href":"https:\/\/www.24gliwice.pl\/wiadomosci\/wp-json\/wp\/v2\/media?parent=117895"}],"wp:term":[{"taxonomy":"category","embeddable":true,"href":"https:\/\/www.24gliwice.pl\/wiadomosci\/wp-json\/wp\/v2\/categories?post=117895"},{"taxonomy":"post_tag","embeddable":true,"href":"https:\/\/www.24gliwice.pl\/wiadomosci\/wp-json\/wp\/v2\/tags?post=117895"}],"curies":[{"name":"wp","href":"https:\/\/api.w.org\/{rel}","templated":true}]}}