{"id":117973,"date":"2018-06-01T14:56:08","date_gmt":"2018-06-01T12:56:08","guid":{"rendered":"https:\/\/www.24gliwice.pl\/wiadomosci\/?p=117973"},"modified":"2018-06-01T14:56:08","modified_gmt":"2018-06-01T12:56:08","slug":"bedzie-duzy-ruch-na-niebie-warto-to-zobaczyc-spadochronowe-mistrzostwa-w-celnosci-ladowania","status":"publish","type":"post","link":"https:\/\/www.24gliwice.pl\/wiadomosci\/bedzie-duzy-ruch-na-niebie-warto-to-zobaczyc-spadochronowe-mistrzostwa-w-celnosci-ladowania\/","title":{"rendered":"B\u0119dzie du\u017cy ruch na niebie, warto to zobaczy\u0107! Spadochronowe Mistrzostwa w celno\u015bci l\u0105dowania"},"content":{"rendered":"<div class=\"gliwi-a6-nad-leadem-artykulow gliwi-entity-placement\" id=\"gliwi-404530387\"><div class=\"gliwi-adlabel\"><span style=\"font-size: 9px\">REKLAMA<\/span><\/div><div id=\"gliwi-4128699032\" style=\"margin-bottom: 30px;margin-left: auto;margin-right: auto;text-align: center;\"><a data-no-instant=\"1\" href=\"https:\/\/przedszkole.halogen.org.pl\/\" rel=\"noopener\" class=\"a2t-link\" target=\"_blank\" aria-label=\"20260402-ANIMATOR-przedszkole_grafika_750x200\"><img loading=\"lazy\" decoding=\"async\" src=\"https:\/\/www.24gliwice.pl\/wiadomosci\/wp-content\/uploads\/2026\/04\/20260402-ANIMATOR-przedszkole_grafika_750x200.webp\" alt=\"\"  srcset=\"https:\/\/www.24gliwice.pl\/wiadomosci\/wp-content\/uploads\/2026\/04\/20260402-ANIMATOR-przedszkole_grafika_750x200.webp 750w, https:\/\/www.24gliwice.pl\/wiadomosci\/wp-content\/uploads\/2026\/04\/20260402-ANIMATOR-przedszkole_grafika_750x200-410x109.webp 410w\" sizes=\"(max-width: 750px) 100vw, 750px\" class=\"no-lazyload\" width=\"750\" height=\"200\"  style=\"display: inline-block; max-width: 100%; height: auto;\" \/><\/a><\/div><\/div><h3>Ju\u017c w najbli\u017csz\u0105 sobot\u0119 \u2013 2 czerwca \u2013 na lotnisku gliwickiego aeroklubu odb\u0119d\u0105 si\u0119 Spadochronowe Mistrzostwa \u015al\u0105ska w celno\u015bci l\u0105dowania. <\/h3>\n<p>Nie przegapcie tej imprezy. Warto przyj\u015b\u0107 na lotnisko i obserwowa\u0107 to, co dzieje si\u0119 na niebie!<\/p>\n<p>Wszystko wskazuje na to, \u017ce w sobotnich zawodach we\u017amie udzia\u0142 ok. 40 zawodnik\u00f3w. Start zadeklarowa\u0142y ju\u017c ekipy z Wroc\u0142awia, Opola i Krakowa. By\u0107 mo\u017ce do Gliwic przyjad\u0105 te\u017c Czesi. Spadochronowe Mistrzostwa \u015al\u0105ska w celno\u015bci l\u0105dowania dla zawodnik\u00f3w to przede wszystkim rywalizacja. <\/p><div class=\"gliwi-a3-w-tresci-artykulow gliwi-entity-placement\" id=\"gliwi-335985944\"><div class=\"gliwi-adlabel\"><span style=\"font-size: 9px\">REKLAMA<\/span><\/div><div id=\"gliwi-467666719\" style=\"margin-bottom: 30px;margin-left: auto;margin-right: auto;text-align: center;\"><a data-no-instant=\"1\" href=\"https:\/\/zlobek.halogen.org.pl\/\" rel=\"noopener\" class=\"a2t-link\" target=\"_blank\" aria-label=\"animator-zlobek_750x200\"><img loading=\"lazy\" decoding=\"async\" src=\"https:\/\/www.24gliwice.pl\/wiadomosci\/wp-content\/uploads\/2026\/02\/animator-zlobek_750x200.webp\" alt=\"\"  srcset=\"https:\/\/www.24gliwice.pl\/wiadomosci\/wp-content\/uploads\/2026\/02\/animator-zlobek_750x200.webp 750w, https:\/\/www.24gliwice.pl\/wiadomosci\/wp-content\/uploads\/2026\/02\/animator-zlobek_750x200-410x109.webp 410w\" sizes=\"(max-width: 750px) 100vw, 750px\" class=\"no-lazyload\" width=\"750\" height=\"200\"  style=\"display: inline-block; max-width: 100%; height: auto;\" \/><\/a><\/div><\/div>\n<p>Dla mieszka\u0144c\u00f3w Gliwic i okolic okazja, by z bliska zobaczy\u0107 spadochroniarzy w akcji. Ruch na niebie b\u0119dzie wi\u0119kszy ni\u017c zwykle. <\/p>\n<blockquote><p>\u2013 Apeluj\u0119 i prosz\u0119, \u017ceby mieszka\u0144cy nie denerwowali si\u0119 ha\u0142asem. B\u0119dzie ciekawa impreza. B\u0119dziemy dzia\u0142a\u0107 od rana. Warto do nas przyj\u015b\u0107 i zobaczy\u0107 co si\u0119 b\u0119dzie dzia\u0142o <\/p><\/blockquote>\n<p>\u2013 zaprasza <strong>Beata Mi\u0105cz-Pa\u0142ka<\/strong>, dyrektor Aeroklubu Gliwickiego <\/p>\n<audio class=\"wp-audio-shortcode\" id=\"audio-117973-1\" preload=\"none\" style=\"width: 100%;\" controls=\"controls\"><source type=\"audio\/mpeg\" src=\"https:\/\/www.24gliwice.pl\/wiadomosci\/wp-content\/uploads\/2018\/06\/dyrektor_1.mp3?_=1\" \/><a href=\"https:\/\/www.24gliwice.pl\/wiadomosci\/wp-content\/uploads\/2018\/06\/dyrektor_1.mp3\">https:\/\/www.24gliwice.pl\/wiadomosci\/wp-content\/uploads\/2018\/06\/dyrektor_1.mp3<\/a><\/audio>\n<p>\u2013 Co roku mamy oko\u0142o 40 zawodnik\u00f3w z r\u00f3\u017cnych region\u00f3w Polski. Jest du\u017ce zainteresowanie, coraz wi\u0119ksze. Mamy tutaj doskona\u0142e warunki, \u015bwietn\u0105 lokalizacj\u0119 i super dojazd. Infrastruktura jest odpowiednia \u2013 dodaje dyrektor AGL <\/p>\n<audio class=\"wp-audio-shortcode\" id=\"audio-117973-2\" preload=\"none\" style=\"width: 100%;\" controls=\"controls\"><source type=\"audio\/mpeg\" src=\"https:\/\/www.24gliwice.pl\/wiadomosci\/wp-content\/uploads\/2018\/06\/dyrektor_2.mp3?_=2\" \/><a href=\"https:\/\/www.24gliwice.pl\/wiadomosci\/wp-content\/uploads\/2018\/06\/dyrektor_2.mp3\">https:\/\/www.24gliwice.pl\/wiadomosci\/wp-content\/uploads\/2018\/06\/dyrektor_2.mp3<\/a><\/audio>\n<p>Rywalizacja b\u0119dzie si\u0119 toczy\u0107 w klasyfikacji indywidualnej i dru\u017cynowej (dru\u017cyny 3-osobowe). Zawody na lotnisku gliwickiego aeroklubu odb\u0119d\u0105 si\u0119\u00a0              <strong>2 czerwca (sobota) od godz. 09.00! <\/strong>W\u0142a\u015bnie wtedy rozpocznie si\u0119 rejestracja zawodnik\u00f3w. Konkurencje rozgrywane b\u0119d\u0105 od godz. 10.00 do godziny 19.00.\u00a0 <\/p>\n<p>Dniem rezerwowym jest niedziela, 3 czerwca. \u2013 Gdyby pogoda nie pozwoli\u0142a  w sobot\u0119 nam mistrzostw rozegra\u0107, to przenosimy zawody na dzie\u0144 p\u00f3\u017aniej, czyli na niedziel\u0119 \u2013 podkre\u015bla <strong>Jan Isielenis<\/strong> \u2013 instruktor spadochroniarstwa w Aeroklubie Gliwickim <\/p>\n<audio class=\"wp-audio-shortcode\" id=\"audio-117973-3\" preload=\"none\" style=\"width: 100%;\" controls=\"controls\"><source type=\"audio\/mpeg\" src=\"https:\/\/www.24gliwice.pl\/wiadomosci\/wp-content\/uploads\/2018\/06\/instruktor_1.mp3?_=3\" \/><a href=\"https:\/\/www.24gliwice.pl\/wiadomosci\/wp-content\/uploads\/2018\/06\/instruktor_1.mp3\">https:\/\/www.24gliwice.pl\/wiadomosci\/wp-content\/uploads\/2018\/06\/instruktor_1.mp3<\/a><\/audio>\n<p>Dla spadochron\u00f3w klasycznych przewidziano cztery kolejki skok\u00f3w \u2013 natomiast dla spadochron\u00f3w szkolnych i szybkich \u2013 dwie kolejki. Zasada punktowania jest prosta. Zawodnicy musz\u0105 wyl\u0105dowa\u0107 jak najbli\u017cej miejsca wyznaczonego przez organizator\u00f3w (tzw. centra).  \u2013 Im mniej b\u0119dzie mia\u0142 zawodnik na swoim koncie metr\u00f3w i centymetr\u00f3w \u2013 zostanie Mistrzem \u015al\u0105ska w celno\u015bci l\u0105dowania na 2018 rok \u2013 dodaje Jan Isielenis <\/p>\n<audio class=\"wp-audio-shortcode\" id=\"audio-117973-4\" preload=\"none\" style=\"width: 100%;\" controls=\"controls\"><source type=\"audio\/mpeg\" src=\"https:\/\/www.24gliwice.pl\/wiadomosci\/wp-content\/uploads\/2018\/06\/instruktor_2.mp3?_=4\" \/><a href=\"https:\/\/www.24gliwice.pl\/wiadomosci\/wp-content\/uploads\/2018\/06\/instruktor_2.mp3\">https:\/\/www.24gliwice.pl\/wiadomosci\/wp-content\/uploads\/2018\/06\/instruktor_2.mp3<\/a><\/audio>\n<p>Zawodnicy w poszczeg\u00f3lnych konkurencjach otrzymaj\u0105 dyplomy, puchary i upominki.<br \/>\n(mat. prasowe Aeroklub Gliwicki)<\/p>\n<div class=\"gliwi-a5-na-koncu-artykulow gliwi-entity-placement\" id=\"gliwi-1482505420\"><div class=\"gliwi-adlabel\"><span style=\"font-size: 9px\">REKLAMA<\/span><\/div><div id=\"gliwi-2268766017\" style=\"margin-left: auto;margin-right: auto;text-align: center;\"><a data-no-instant=\"1\" href=\"https:\/\/prezeroarenagliwice.pl\/\" rel=\"noopener\" class=\"a2t-link\" target=\"_blank\" aria-label=\"20260309-PREZERO-WIOSNA-D\"><img loading=\"lazy\" decoding=\"async\" src=\"https:\/\/www.24gliwice.pl\/wiadomosci\/wp-content\/uploads\/2026\/03\/20260309-PREZERO-WIOSNA-D.webp\" alt=\"\"  srcset=\"https:\/\/www.24gliwice.pl\/wiadomosci\/wp-content\/uploads\/2026\/03\/20260309-PREZERO-WIOSNA-D.webp 750w, https:\/\/www.24gliwice.pl\/wiadomosci\/wp-content\/uploads\/2026\/03\/20260309-PREZERO-WIOSNA-D-410x109.webp 410w\" sizes=\"(max-width: 750px) 100vw, 750px\" class=\"no-lazyload\" width=\"750\" height=\"200\"  style=\"display: inline-block; max-width: 100%; height: auto;\" \/><\/a><\/div><\/div>","protected":false},"excerpt":{"rendered":"<p>Ju\u017c w najbli\u017csz\u0105 sobot\u0119 \u2013 2 czerwca \u2013 na lotnisku gliwickiego aeroklubu odb\u0119d\u0105 si\u0119 Spadochronowe Mistrzostwa \u015al\u0105ska w celno\u015bci l\u0105dowania. Nie przegapcie tej imprezy. Warto przyj\u015b\u0107 na lotnisko i obserwowa\u0107 to, co dzieje si\u0119 na niebie! Wszystko wskazuje na to, \u017ce w sobotnich zawodach we\u017amie udzia\u0142 ok. 40 zawodnik\u00f3w. Start zadeklarowa\u0142y ju\u017c ekipy z Wroc\u0142awia, [&hellip;]<\/p>\n","protected":false},"author":4,"featured_media":117977,"comment_status":"open","ping_status":"closed","sticky":false,"template":"","format":"standard","meta":{"_monsterinsights_skip_tracking":false,"_monsterinsights_sitenote_active":false,"_monsterinsights_sitenote_note":"","_monsterinsights_sitenote_category":0,"footnotes":"","_links_to":"","_links_to_target":""},"categories":[3,6,1],"tags":[10598],"class_list":["post-117973","post","type-post","status-publish","format-standard","has-post-thumbnail","hentry","category-gliwice","category-kultura","category-wszystko","tag-skoki"],"yoast_head":"<!-- This site is optimized with the Yoast SEO plugin v27.5 - https:\/\/yoast.com\/product\/yoast-seo-wordpress\/ -->\n<title>B\u0119dzie du\u017cy ruch na niebie, warto to zobaczy\u0107! Spadochronowe Mistrzostwa w celno\u015bci l\u0105dowania - 24GLIWICE - Portal Gliwice | codziennie nowe informacje<\/title>\n<meta name=\"robots\" content=\"index, follow, max-snippet:-1, max-image-preview:large, max-video-preview:-1\" \/>\n<link rel=\"canonical\" href=\"https:\/\/www.24gliwice.pl\/wiadomosci\/bedzie-duzy-ruch-na-niebie-warto-to-zobaczyc-spadochronowe-mistrzostwa-w-celnosci-ladowania\/\" \/>\n<meta property=\"og:locale\" content=\"pl_PL\" \/>\n<meta property=\"og:type\" content=\"article\" \/>\n<meta property=\"og:title\" content=\"B\u0119dzie du\u017cy ruch na niebie, warto to zobaczy\u0107! Spadochronowe Mistrzostwa w celno\u015bci l\u0105dowania - 24GLIWICE - Portal Gliwice | codziennie nowe informacje\" \/>\n<meta property=\"og:description\" content=\"Ju\u017c w najbli\u017csz\u0105 sobot\u0119 \u2013 2 czerwca \u2013 na lotnisku gliwickiego aeroklubu odb\u0119d\u0105 si\u0119 Spadochronowe Mistrzostwa \u015al\u0105ska w celno\u015bci l\u0105dowania. Nie przegapcie tej imprezy. Warto przyj\u015b\u0107 na lotnisko i obserwowa\u0107 to, co dzieje si\u0119 na niebie! Wszystko wskazuje na to, \u017ce w sobotnich zawodach we\u017amie udzia\u0142 ok. 40 zawodnik\u00f3w. Start zadeklarowa\u0142y ju\u017c ekipy z Wroc\u0142awia, [&hellip;]\" \/>\n<meta property=\"og:url\" content=\"https:\/\/www.24gliwice.pl\/wiadomosci\/bedzie-duzy-ruch-na-niebie-warto-to-zobaczyc-spadochronowe-mistrzostwa-w-celnosci-ladowania\/\" \/>\n<meta property=\"og:site_name\" content=\"24GLIWICE - Portal Gliwice | codziennie nowe informacje\" \/>\n<meta property=\"article:publisher\" content=\"https:\/\/www.facebook.com\/24gliwice\" \/>\n<meta property=\"article:author\" content=\"https:\/\/www.facebook.com\/marcin.fabrykowski\" \/>\n<meta property=\"article:published_time\" content=\"2018-06-01T12:56:08+00:00\" \/>\n<meta property=\"og:image\" content=\"https:\/\/www.24gliwice.pl\/wiadomosci\/wp-content\/uploads\/2018\/06\/1-fot-Aeroklub-Gliwicki-5.jpg\" \/>\n\t<meta property=\"og:image:width\" content=\"810\" \/>\n\t<meta property=\"og:image:height\" content=\"456\" \/>\n\t<meta property=\"og:image:type\" content=\"image\/jpeg\" \/>\n<meta name=\"author\" content=\"Marcin Fabrykowski\" \/>\n<meta name=\"twitter:card\" content=\"summary_large_image\" \/>\n<meta name=\"twitter:creator\" content=\"@24gliwice\" \/>\n<meta name=\"twitter:site\" content=\"@24gliwice\" \/>\n<meta name=\"twitter:label1\" content=\"Napisane przez\" \/>\n\t<meta name=\"twitter:data1\" content=\"Marcin Fabrykowski\" \/>\n\t<meta name=\"twitter:label2\" content=\"Szacowany czas czytania\" \/>\n\t<meta name=\"twitter:data2\" content=\"2 minuty\" \/>\n<script type=\"application\/ld+json\" class=\"yoast-schema-graph\">{\"@context\":\"https:\\\/\\\/schema.org\",\"@graph\":[{\"@type\":\"Article\",\"@id\":\"https:\\\/\\\/www.24gliwice.pl\\\/wiadomosci\\\/bedzie-duzy-ruch-na-niebie-warto-to-zobaczyc-spadochronowe-mistrzostwa-w-celnosci-ladowania\\\/#article\",\"isPartOf\":{\"@id\":\"https:\\\/\\\/www.24gliwice.pl\\\/wiadomosci\\\/bedzie-duzy-ruch-na-niebie-warto-to-zobaczyc-spadochronowe-mistrzostwa-w-celnosci-ladowania\\\/\"},\"author\":{\"name\":\"Marcin Fabrykowski\",\"@id\":\"https:\\\/\\\/www.24gliwice.pl\\\/wiadomosci\\\/#\\\/schema\\\/person\\\/cb5857e4a4d048c15984c1edcc8ef0c0\"},\"headline\":\"B\u0119dzie du\u017cy ruch na niebie, warto to zobaczy\u0107! Spadochronowe Mistrzostwa w celno\u015bci l\u0105dowania\",\"datePublished\":\"2018-06-01T12:56:08+00:00\",\"mainEntityOfPage\":{\"@id\":\"https:\\\/\\\/www.24gliwice.pl\\\/wiadomosci\\\/bedzie-duzy-ruch-na-niebie-warto-to-zobaczyc-spadochronowe-mistrzostwa-w-celnosci-ladowania\\\/\"},\"wordCount\":408,\"commentCount\":0,\"publisher\":{\"@id\":\"https:\\\/\\\/www.24gliwice.pl\\\/wiadomosci\\\/#organization\"},\"image\":{\"@id\":\"https:\\\/\\\/www.24gliwice.pl\\\/wiadomosci\\\/bedzie-duzy-ruch-na-niebie-warto-to-zobaczyc-spadochronowe-mistrzostwa-w-celnosci-ladowania\\\/#primaryimage\"},\"thumbnailUrl\":\"https:\\\/\\\/www.24gliwice.pl\\\/wiadomosci\\\/wp-content\\\/uploads\\\/2018\\\/06\\\/1-fot-Aeroklub-Gliwicki-5.jpg\",\"keywords\":[\"skoki\"],\"articleSection\":[\"Gliwice\",\"Kultura, wydarzenia, imprezy\",\"Najnowsze wiadomo\u015bci\"],\"inLanguage\":\"pl-PL\",\"potentialAction\":[{\"@type\":\"CommentAction\",\"name\":\"Comment\",\"target\":[\"https:\\\/\\\/www.24gliwice.pl\\\/wiadomosci\\\/bedzie-duzy-ruch-na-niebie-warto-to-zobaczyc-spadochronowe-mistrzostwa-w-celnosci-ladowania\\\/#respond\"]}]},{\"@type\":\"WebPage\",\"@id\":\"https:\\\/\\\/www.24gliwice.pl\\\/wiadomosci\\\/bedzie-duzy-ruch-na-niebie-warto-to-zobaczyc-spadochronowe-mistrzostwa-w-celnosci-ladowania\\\/\",\"url\":\"https:\\\/\\\/www.24gliwice.pl\\\/wiadomosci\\\/bedzie-duzy-ruch-na-niebie-warto-to-zobaczyc-spadochronowe-mistrzostwa-w-celnosci-ladowania\\\/\",\"name\":\"B\u0119dzie du\u017cy ruch na niebie, warto to zobaczy\u0107! Spadochronowe Mistrzostwa w celno\u015bci l\u0105dowania - 24GLIWICE - Portal Gliwice | codziennie nowe informacje\",\"isPartOf\":{\"@id\":\"https:\\\/\\\/www.24gliwice.pl\\\/wiadomosci\\\/#website\"},\"primaryImageOfPage\":{\"@id\":\"https:\\\/\\\/www.24gliwice.pl\\\/wiadomosci\\\/bedzie-duzy-ruch-na-niebie-warto-to-zobaczyc-spadochronowe-mistrzostwa-w-celnosci-ladowania\\\/#primaryimage\"},\"image\":{\"@id\":\"https:\\\/\\\/www.24gliwice.pl\\\/wiadomosci\\\/bedzie-duzy-ruch-na-niebie-warto-to-zobaczyc-spadochronowe-mistrzostwa-w-celnosci-ladowania\\\/#primaryimage\"},\"thumbnailUrl\":\"https:\\\/\\\/www.24gliwice.pl\\\/wiadomosci\\\/wp-content\\\/uploads\\\/2018\\\/06\\\/1-fot-Aeroklub-Gliwicki-5.jpg\",\"datePublished\":\"2018-06-01T12:56:08+00:00\",\"breadcrumb\":{\"@id\":\"https:\\\/\\\/www.24gliwice.pl\\\/wiadomosci\\\/bedzie-duzy-ruch-na-niebie-warto-to-zobaczyc-spadochronowe-mistrzostwa-w-celnosci-ladowania\\\/#breadcrumb\"},\"inLanguage\":\"pl-PL\",\"potentialAction\":[{\"@type\":\"ReadAction\",\"target\":[\"https:\\\/\\\/www.24gliwice.pl\\\/wiadomosci\\\/bedzie-duzy-ruch-na-niebie-warto-to-zobaczyc-spadochronowe-mistrzostwa-w-celnosci-ladowania\\\/\"]}]},{\"@type\":\"ImageObject\",\"inLanguage\":\"pl-PL\",\"@id\":\"https:\\\/\\\/www.24gliwice.pl\\\/wiadomosci\\\/bedzie-duzy-ruch-na-niebie-warto-to-zobaczyc-spadochronowe-mistrzostwa-w-celnosci-ladowania\\\/#primaryimage\",\"url\":\"https:\\\/\\\/www.24gliwice.pl\\\/wiadomosci\\\/wp-content\\\/uploads\\\/2018\\\/06\\\/1-fot-Aeroklub-Gliwicki-5.jpg\",\"contentUrl\":\"https:\\\/\\\/www.24gliwice.pl\\\/wiadomosci\\\/wp-content\\\/uploads\\\/2018\\\/06\\\/1-fot-Aeroklub-Gliwicki-5.jpg\",\"width\":810,\"height\":456,\"caption\":\"fot. Aeroklub Gliwicki\"},{\"@type\":\"BreadcrumbList\",\"@id\":\"https:\\\/\\\/www.24gliwice.pl\\\/wiadomosci\\\/bedzie-duzy-ruch-na-niebie-warto-to-zobaczyc-spadochronowe-mistrzostwa-w-celnosci-ladowania\\\/#breadcrumb\",\"itemListElement\":[{\"@type\":\"ListItem\",\"position\":1,\"name\":\"Strona g\u0142\u00f3wna\",\"item\":\"https:\\\/\\\/www.24gliwice.pl\\\/wiadomosci\\\/\"},{\"@type\":\"ListItem\",\"position\":2,\"name\":\"B\u0119dzie du\u017cy ruch na niebie, warto to zobaczy\u0107! Spadochronowe Mistrzostwa w celno\u015bci l\u0105dowania\"}]},{\"@type\":\"WebSite\",\"@id\":\"https:\\\/\\\/www.24gliwice.pl\\\/wiadomosci\\\/#website\",\"url\":\"https:\\\/\\\/www.24gliwice.pl\\\/wiadomosci\\\/\",\"name\":\"24GLIWICE - Portal Gliwice | codziennie nowe wiadomo\u015bci\",\"description\":\"Portal Miejski Gliwice\",\"publisher\":{\"@id\":\"https:\\\/\\\/www.24gliwice.pl\\\/wiadomosci\\\/#organization\"},\"potentialAction\":[{\"@type\":\"SearchAction\",\"target\":{\"@type\":\"EntryPoint\",\"urlTemplate\":\"https:\\\/\\\/www.24gliwice.pl\\\/wiadomosci\\\/?s={search_term_string}\"},\"query-input\":{\"@type\":\"PropertyValueSpecification\",\"valueRequired\":true,\"valueName\":\"search_term_string\"}}],\"inLanguage\":\"pl-PL\"},{\"@type\":\"Organization\",\"@id\":\"https:\\\/\\\/www.24gliwice.pl\\\/wiadomosci\\\/#organization\",\"name\":\"24gliwice\",\"url\":\"https:\\\/\\\/www.24gliwice.pl\\\/wiadomosci\\\/\",\"logo\":{\"@type\":\"ImageObject\",\"inLanguage\":\"pl-PL\",\"@id\":\"https:\\\/\\\/www.24gliwice.pl\\\/wiadomosci\\\/#\\\/schema\\\/logo\\\/image\\\/\",\"url\":\"https:\\\/\\\/www.24gliwice.pl\\\/wiadomosci\\\/wp-content\\\/uploads\\\/2024\\\/10\\\/24gliwice-logo-696.jpg\",\"contentUrl\":\"https:\\\/\\\/www.24gliwice.pl\\\/wiadomosci\\\/wp-content\\\/uploads\\\/2024\\\/10\\\/24gliwice-logo-696.jpg\",\"width\":696,\"height\":696,\"caption\":\"24gliwice\"},\"image\":{\"@id\":\"https:\\\/\\\/www.24gliwice.pl\\\/wiadomosci\\\/#\\\/schema\\\/logo\\\/image\\\/\"},\"sameAs\":[\"https:\\\/\\\/www.facebook.com\\\/24gliwice\",\"https:\\\/\\\/x.com\\\/24gliwice\",\"https:\\\/\\\/www.youtube.com\\\/@24gliwice\"]},{\"@type\":\"Person\",\"@id\":\"https:\\\/\\\/www.24gliwice.pl\\\/wiadomosci\\\/#\\\/schema\\\/person\\\/cb5857e4a4d048c15984c1edcc8ef0c0\",\"name\":\"Marcin Fabrykowski\",\"image\":{\"@type\":\"ImageObject\",\"inLanguage\":\"pl-PL\",\"@id\":\"https:\\\/\\\/www.24gliwice.pl\\\/wiadomosci\\\/wp-content\\\/uploads\\\/2025\\\/11\\\/zdjecie-moje-marcin-300-96x96.jpg\",\"url\":\"https:\\\/\\\/www.24gliwice.pl\\\/wiadomosci\\\/wp-content\\\/uploads\\\/2025\\\/11\\\/zdjecie-moje-marcin-300-96x96.jpg\",\"contentUrl\":\"https:\\\/\\\/www.24gliwice.pl\\\/wiadomosci\\\/wp-content\\\/uploads\\\/2025\\\/11\\\/zdjecie-moje-marcin-300-96x96.jpg\",\"caption\":\"Marcin Fabrykowski\"},\"sameAs\":[\"http:\\\/\\\/24gliwice.pl\",\"https:\\\/\\\/www.facebook.com\\\/marcin.fabrykowski\"],\"url\":\"https:\\\/\\\/www.24gliwice.pl\\\/wiadomosci\\\/author\\\/marcin-fabrykowski\\\/\"}]}<\/script>\n<!-- \/ Yoast SEO plugin. -->","yoast_head_json":{"title":"B\u0119dzie du\u017cy ruch na niebie, warto to zobaczy\u0107! Spadochronowe Mistrzostwa w celno\u015bci l\u0105dowania - 24GLIWICE - Portal Gliwice | codziennie nowe informacje","robots":{"index":"index","follow":"follow","max-snippet":"max-snippet:-1","max-image-preview":"max-image-preview:large","max-video-preview":"max-video-preview:-1"},"canonical":"https:\/\/www.24gliwice.pl\/wiadomosci\/bedzie-duzy-ruch-na-niebie-warto-to-zobaczyc-spadochronowe-mistrzostwa-w-celnosci-ladowania\/","og_locale":"pl_PL","og_type":"article","og_title":"B\u0119dzie du\u017cy ruch na niebie, warto to zobaczy\u0107! Spadochronowe Mistrzostwa w celno\u015bci l\u0105dowania - 24GLIWICE - Portal Gliwice | codziennie nowe informacje","og_description":"Ju\u017c w najbli\u017csz\u0105 sobot\u0119 \u2013 2 czerwca \u2013 na lotnisku gliwickiego aeroklubu odb\u0119d\u0105 si\u0119 Spadochronowe Mistrzostwa \u015al\u0105ska w celno\u015bci l\u0105dowania. Nie przegapcie tej imprezy. Warto przyj\u015b\u0107 na lotnisko i obserwowa\u0107 to, co dzieje si\u0119 na niebie! Wszystko wskazuje na to, \u017ce w sobotnich zawodach we\u017amie udzia\u0142 ok. 40 zawodnik\u00f3w. Start zadeklarowa\u0142y ju\u017c ekipy z Wroc\u0142awia, [&hellip;]","og_url":"https:\/\/www.24gliwice.pl\/wiadomosci\/bedzie-duzy-ruch-na-niebie-warto-to-zobaczyc-spadochronowe-mistrzostwa-w-celnosci-ladowania\/","og_site_name":"24GLIWICE - Portal Gliwice | codziennie nowe informacje","article_publisher":"https:\/\/www.facebook.com\/24gliwice","article_author":"https:\/\/www.facebook.com\/marcin.fabrykowski","article_published_time":"2018-06-01T12:56:08+00:00","og_image":[{"width":810,"height":456,"url":"https:\/\/www.24gliwice.pl\/wiadomosci\/wp-content\/uploads\/2018\/06\/1-fot-Aeroklub-Gliwicki-5.jpg","type":"image\/jpeg"}],"author":"Marcin Fabrykowski","twitter_card":"summary_large_image","twitter_creator":"@24gliwice","twitter_site":"@24gliwice","twitter_misc":{"Napisane przez":"Marcin Fabrykowski","Szacowany czas czytania":"2 minuty"},"schema":{"@context":"https:\/\/schema.org","@graph":[{"@type":"Article","@id":"https:\/\/www.24gliwice.pl\/wiadomosci\/bedzie-duzy-ruch-na-niebie-warto-to-zobaczyc-spadochronowe-mistrzostwa-w-celnosci-ladowania\/#article","isPartOf":{"@id":"https:\/\/www.24gliwice.pl\/wiadomosci\/bedzie-duzy-ruch-na-niebie-warto-to-zobaczyc-spadochronowe-mistrzostwa-w-celnosci-ladowania\/"},"author":{"name":"Marcin Fabrykowski","@id":"https:\/\/www.24gliwice.pl\/wiadomosci\/#\/schema\/person\/cb5857e4a4d048c15984c1edcc8ef0c0"},"headline":"B\u0119dzie du\u017cy ruch na niebie, warto to zobaczy\u0107! Spadochronowe Mistrzostwa w celno\u015bci l\u0105dowania","datePublished":"2018-06-01T12:56:08+00:00","mainEntityOfPage":{"@id":"https:\/\/www.24gliwice.pl\/wiadomosci\/bedzie-duzy-ruch-na-niebie-warto-to-zobaczyc-spadochronowe-mistrzostwa-w-celnosci-ladowania\/"},"wordCount":408,"commentCount":0,"publisher":{"@id":"https:\/\/www.24gliwice.pl\/wiadomosci\/#organization"},"image":{"@id":"https:\/\/www.24gliwice.pl\/wiadomosci\/bedzie-duzy-ruch-na-niebie-warto-to-zobaczyc-spadochronowe-mistrzostwa-w-celnosci-ladowania\/#primaryimage"},"thumbnailUrl":"https:\/\/www.24gliwice.pl\/wiadomosci\/wp-content\/uploads\/2018\/06\/1-fot-Aeroklub-Gliwicki-5.jpg","keywords":["skoki"],"articleSection":["Gliwice","Kultura, wydarzenia, imprezy","Najnowsze wiadomo\u015bci"],"inLanguage":"pl-PL","potentialAction":[{"@type":"CommentAction","name":"Comment","target":["https:\/\/www.24gliwice.pl\/wiadomosci\/bedzie-duzy-ruch-na-niebie-warto-to-zobaczyc-spadochronowe-mistrzostwa-w-celnosci-ladowania\/#respond"]}]},{"@type":"WebPage","@id":"https:\/\/www.24gliwice.pl\/wiadomosci\/bedzie-duzy-ruch-na-niebie-warto-to-zobaczyc-spadochronowe-mistrzostwa-w-celnosci-ladowania\/","url":"https:\/\/www.24gliwice.pl\/wiadomosci\/bedzie-duzy-ruch-na-niebie-warto-to-zobaczyc-spadochronowe-mistrzostwa-w-celnosci-ladowania\/","name":"B\u0119dzie du\u017cy ruch na niebie, warto to zobaczy\u0107! Spadochronowe Mistrzostwa w celno\u015bci l\u0105dowania - 24GLIWICE - Portal Gliwice | codziennie nowe informacje","isPartOf":{"@id":"https:\/\/www.24gliwice.pl\/wiadomosci\/#website"},"primaryImageOfPage":{"@id":"https:\/\/www.24gliwice.pl\/wiadomosci\/bedzie-duzy-ruch-na-niebie-warto-to-zobaczyc-spadochronowe-mistrzostwa-w-celnosci-ladowania\/#primaryimage"},"image":{"@id":"https:\/\/www.24gliwice.pl\/wiadomosci\/bedzie-duzy-ruch-na-niebie-warto-to-zobaczyc-spadochronowe-mistrzostwa-w-celnosci-ladowania\/#primaryimage"},"thumbnailUrl":"https:\/\/www.24gliwice.pl\/wiadomosci\/wp-content\/uploads\/2018\/06\/1-fot-Aeroklub-Gliwicki-5.jpg","datePublished":"2018-06-01T12:56:08+00:00","breadcrumb":{"@id":"https:\/\/www.24gliwice.pl\/wiadomosci\/bedzie-duzy-ruch-na-niebie-warto-to-zobaczyc-spadochronowe-mistrzostwa-w-celnosci-ladowania\/#breadcrumb"},"inLanguage":"pl-PL","potentialAction":[{"@type":"ReadAction","target":["https:\/\/www.24gliwice.pl\/wiadomosci\/bedzie-duzy-ruch-na-niebie-warto-to-zobaczyc-spadochronowe-mistrzostwa-w-celnosci-ladowania\/"]}]},{"@type":"ImageObject","inLanguage":"pl-PL","@id":"https:\/\/www.24gliwice.pl\/wiadomosci\/bedzie-duzy-ruch-na-niebie-warto-to-zobaczyc-spadochronowe-mistrzostwa-w-celnosci-ladowania\/#primaryimage","url":"https:\/\/www.24gliwice.pl\/wiadomosci\/wp-content\/uploads\/2018\/06\/1-fot-Aeroklub-Gliwicki-5.jpg","contentUrl":"https:\/\/www.24gliwice.pl\/wiadomosci\/wp-content\/uploads\/2018\/06\/1-fot-Aeroklub-Gliwicki-5.jpg","width":810,"height":456,"caption":"fot. Aeroklub Gliwicki"},{"@type":"BreadcrumbList","@id":"https:\/\/www.24gliwice.pl\/wiadomosci\/bedzie-duzy-ruch-na-niebie-warto-to-zobaczyc-spadochronowe-mistrzostwa-w-celnosci-ladowania\/#breadcrumb","itemListElement":[{"@type":"ListItem","position":1,"name":"Strona g\u0142\u00f3wna","item":"https:\/\/www.24gliwice.pl\/wiadomosci\/"},{"@type":"ListItem","position":2,"name":"B\u0119dzie du\u017cy ruch na niebie, warto to zobaczy\u0107! Spadochronowe Mistrzostwa w celno\u015bci l\u0105dowania"}]},{"@type":"WebSite","@id":"https:\/\/www.24gliwice.pl\/wiadomosci\/#website","url":"https:\/\/www.24gliwice.pl\/wiadomosci\/","name":"24GLIWICE - Portal Gliwice | codziennie nowe wiadomo\u015bci","description":"Portal Miejski Gliwice","publisher":{"@id":"https:\/\/www.24gliwice.pl\/wiadomosci\/#organization"},"potentialAction":[{"@type":"SearchAction","target":{"@type":"EntryPoint","urlTemplate":"https:\/\/www.24gliwice.pl\/wiadomosci\/?s={search_term_string}"},"query-input":{"@type":"PropertyValueSpecification","valueRequired":true,"valueName":"search_term_string"}}],"inLanguage":"pl-PL"},{"@type":"Organization","@id":"https:\/\/www.24gliwice.pl\/wiadomosci\/#organization","name":"24gliwice","url":"https:\/\/www.24gliwice.pl\/wiadomosci\/","logo":{"@type":"ImageObject","inLanguage":"pl-PL","@id":"https:\/\/www.24gliwice.pl\/wiadomosci\/#\/schema\/logo\/image\/","url":"https:\/\/www.24gliwice.pl\/wiadomosci\/wp-content\/uploads\/2024\/10\/24gliwice-logo-696.jpg","contentUrl":"https:\/\/www.24gliwice.pl\/wiadomosci\/wp-content\/uploads\/2024\/10\/24gliwice-logo-696.jpg","width":696,"height":696,"caption":"24gliwice"},"image":{"@id":"https:\/\/www.24gliwice.pl\/wiadomosci\/#\/schema\/logo\/image\/"},"sameAs":["https:\/\/www.facebook.com\/24gliwice","https:\/\/x.com\/24gliwice","https:\/\/www.youtube.com\/@24gliwice"]},{"@type":"Person","@id":"https:\/\/www.24gliwice.pl\/wiadomosci\/#\/schema\/person\/cb5857e4a4d048c15984c1edcc8ef0c0","name":"Marcin Fabrykowski","image":{"@type":"ImageObject","inLanguage":"pl-PL","@id":"https:\/\/www.24gliwice.pl\/wiadomosci\/wp-content\/uploads\/2025\/11\/zdjecie-moje-marcin-300-96x96.jpg","url":"https:\/\/www.24gliwice.pl\/wiadomosci\/wp-content\/uploads\/2025\/11\/zdjecie-moje-marcin-300-96x96.jpg","contentUrl":"https:\/\/www.24gliwice.pl\/wiadomosci\/wp-content\/uploads\/2025\/11\/zdjecie-moje-marcin-300-96x96.jpg","caption":"Marcin Fabrykowski"},"sameAs":["http:\/\/24gliwice.pl","https:\/\/www.facebook.com\/marcin.fabrykowski"],"url":"https:\/\/www.24gliwice.pl\/wiadomosci\/author\/marcin-fabrykowski\/"}]}},"_links":{"self":[{"href":"https:\/\/www.24gliwice.pl\/wiadomosci\/wp-json\/wp\/v2\/posts\/117973","targetHints":{"allow":["GET"]}}],"collection":[{"href":"https:\/\/www.24gliwice.pl\/wiadomosci\/wp-json\/wp\/v2\/posts"}],"about":[{"href":"https:\/\/www.24gliwice.pl\/wiadomosci\/wp-json\/wp\/v2\/types\/post"}],"author":[{"embeddable":true,"href":"https:\/\/www.24gliwice.pl\/wiadomosci\/wp-json\/wp\/v2\/users\/4"}],"replies":[{"embeddable":true,"href":"https:\/\/www.24gliwice.pl\/wiadomosci\/wp-json\/wp\/v2\/comments?post=117973"}],"version-history":[{"count":0,"href":"https:\/\/www.24gliwice.pl\/wiadomosci\/wp-json\/wp\/v2\/posts\/117973\/revisions"}],"wp:featuredmedia":[{"embeddable":true,"href":"https:\/\/www.24gliwice.pl\/wiadomosci\/wp-json\/wp\/v2\/media\/117977"}],"wp:attachment":[{"href":"https:\/\/www.24gliwice.pl\/wiadomosci\/wp-json\/wp\/v2\/media?parent=117973"}],"wp:term":[{"taxonomy":"category","embeddable":true,"href":"https:\/\/www.24gliwice.pl\/wiadomosci\/wp-json\/wp\/v2\/categories?post=117973"},{"taxonomy":"post_tag","embeddable":true,"href":"https:\/\/www.24gliwice.pl\/wiadomosci\/wp-json\/wp\/v2\/tags?post=117973"}],"curies":[{"name":"wp","href":"https:\/\/api.w.org\/{rel}","templated":true}]}}