{"id":118036,"date":"2018-06-05T01:51:45","date_gmt":"2018-06-04T23:51:45","guid":{"rendered":"https:\/\/www.24gliwice.pl\/wiadomosci\/?p=118036"},"modified":"2018-06-05T07:16:18","modified_gmt":"2018-06-05T05:16:18","slug":"takiej-inicjatywy-w-gliwicach-jeszcze-nie-bylo-powstaje-ogrod-spoleczny","status":"publish","type":"post","link":"https:\/\/www.24gliwice.pl\/wiadomosci\/takiej-inicjatywy-w-gliwicach-jeszcze-nie-bylo-powstaje-ogrod-spoleczny\/","title":{"rendered":"Takiej inicjatywy w Gliwicach jeszcze nie by\u0142o. Powstaje ogr\u00f3d spo\u0142eczny"},"content":{"rendered":"<div class=\"gliwi-a6-nad-leadem-artykulow gliwi-entity-placement\" id=\"gliwi-4041638770\"><div class=\"gliwi-adlabel\"><span style=\"font-size: 9px\">REKLAMA<\/span><\/div><div id=\"gliwi-1309905822\" style=\"margin-bottom: 30px;margin-left: auto;margin-right: auto;text-align: center;\"><a data-no-instant=\"1\" href=\"https:\/\/przedszkole.halogen.org.pl\/\" rel=\"noopener\" class=\"a2t-link\" target=\"_blank\" aria-label=\"20260402-ANIMATOR-przedszkole_grafika_750x200\"><img loading=\"lazy\" decoding=\"async\" src=\"https:\/\/www.24gliwice.pl\/wiadomosci\/wp-content\/uploads\/2026\/04\/20260402-ANIMATOR-przedszkole_grafika_750x200.webp\" alt=\"\"  srcset=\"https:\/\/www.24gliwice.pl\/wiadomosci\/wp-content\/uploads\/2026\/04\/20260402-ANIMATOR-przedszkole_grafika_750x200.webp 750w, https:\/\/www.24gliwice.pl\/wiadomosci\/wp-content\/uploads\/2026\/04\/20260402-ANIMATOR-przedszkole_grafika_750x200-410x109.webp 410w\" sizes=\"(max-width: 750px) 100vw, 750px\" class=\"no-lazyload\" width=\"750\" height=\"200\"  style=\"display: inline-block; max-width: 100%; height: auto;\" \/><\/a><\/div><\/div><h3>Na prze\u0142omie czerwca i lipca wystartuje pierwszy w Gliwicach ogr\u00f3d spo\u0142eczny. Tak jak w tradycyjnym ogrodzie b\u0119d\u0105 tu uprawiane warzywa i owoce, ale przede wszystkim ma to by\u0107 miejsce spotka\u0144 i okazja do s\u0105siedzkiej integracji.<\/h3>\n<p>&#8211; Ka\u017cdy kto ma ochot\u0119 popracowa\u0107 i pogrzeba\u0107 w ziemi jest mile widziany. Pozytywne nastawienie i ch\u0119\u0107 wsp\u00f3\u0142pracy to jedyne warunki, jakie trzeba spe\u0142ni\u0107 &#8211; m\u00f3wi <strong>Natalia W\u00f3jcik<\/strong> ze Stowarzyszenia O\u015brodek Studi\u00f3w o Mie\u015bcie Gliwice, g\u0142\u00f3wnego koordynatora projektu.<\/p>\n<p>Idea ogrod\u00f3w spo\u0142ecznych, kt\u00f3re z powodzeniem funkcjonuj\u0105 ju\u017c w innych miastach Polski (Warszawa, Wroc\u0142aw, Tr\u00f3jmiasto), \u0142\u0105czy w sobie walory ekologiczne (naturalna uprawa ro\u015blin), spo\u0142eczne (okazje do spotka\u0144) i praktyczne. Nie ka\u017cdy bowiem ma w mie\u015bcie sw\u00f3j ogr\u00f3dek, dzia\u0142k\u0119 b\u0105d\u017a balkon. W Gliwicach na pomys\u0142 stworzenia ogrodu spo\u0142ecznego wpad\u0142 <strong>Pawe\u0142 Harlender<\/strong> z OSOM Gliwice.<\/p><div class=\"gliwi-a3-w-tresci-artykulow gliwi-entity-placement\" id=\"gliwi-3164078527\"><div class=\"gliwi-adlabel\"><span style=\"font-size: 9px\">REKLAMA<\/span><\/div><div id=\"gliwi-2695772518\" style=\"margin-bottom: 30px;margin-left: auto;margin-right: auto;text-align: center;\"><a data-no-instant=\"1\" href=\"https:\/\/ogrodyandersa.pl\/\" rel=\"noopener\" class=\"a2t-link\" target=\"_blank\" aria-label=\"20260415 Ogrody Andersa KUP TERAZ D\"><img loading=\"lazy\" decoding=\"async\" src=\"https:\/\/www.24gliwice.pl\/wiadomosci\/wp-content\/uploads\/2026\/04\/20260415-Ogrody-Andersa-KUP-TERAZ-D.jpg\" alt=\"\"  srcset=\"https:\/\/www.24gliwice.pl\/wiadomosci\/wp-content\/uploads\/2026\/04\/20260415-Ogrody-Andersa-KUP-TERAZ-D.jpg 750w, https:\/\/www.24gliwice.pl\/wiadomosci\/wp-content\/uploads\/2026\/04\/20260415-Ogrody-Andersa-KUP-TERAZ-D-410x109.jpg 410w\" sizes=\"(max-width: 750px) 100vw, 750px\" class=\"no-lazyload\" width=\"750\" height=\"200\"  style=\"display: inline-block; max-width: 100%; height: auto;\" \/><\/a><\/div><\/div>\n<p>&#8211; Chcemy sp\u00f3jnej polityki i wizji zieleni w mie\u015bcie. Gliwice potrzebuj\u0105 Ogrodnika Miejskiego &#8211; osoby odpowiedzialnej za realizacj\u0119 takiej polityki. Konieczne jest zrozumienie roli ro\u015blinno\u015bci miejskiej, a w szczeg\u00f3lno\u015bci tej przyulicznej, tak\u017ce w centrum miasta &#8211; czytamy w Manife\u015bcie &#8220;za\u0142o\u017cycielskim&#8221; gliwickiego ogrodu przygotowanym przez OSOM.<\/p>\n[perfectpullquote align=&#8221;full&#8221; bordertop=&#8221;false&#8221; cite=&#8221;&#8221; link=&#8221;&#8221; color=&#8221;&#8221; class=&#8221;&#8221; size=&#8221;&#8221;]Wst\u0119pnie na terenie ogrodu opr\u00f3cz grz\u0105dek ma pojawi\u0107 si\u0119 m.in. szklarnia, kompostownik, miejsce zabaw, piec, strefa warsztatowa, strefa odpoczynku, a by\u0107 mo\u017ce tak\u017ce specjalna przestrze\u0144 do grillowania.[\/perfectpullquote]\n<p>&#8211; Po upublicznieniu informacji o projekcie zg\u0142osi\u0142y si\u0119 do nas pierwsze osoby, ch\u0119tne do pracy i zak\u0142adamy, \u017ce tak w\u0142a\u015bnie b\u0119dzie to dzia\u0142a\u0142o. Ka\u017cdy mieszkaniec mo\u017ce si\u0119 do nas zg\u0142osi\u0107 i uczestniczy\u0107 ju\u017c teraz w pracach projektowych, zapraszamy te\u017c do wsp\u00f3lnej budowy ogrodu w dniach 18-22 czerwca &#8211; zach\u0119ca Natalia W\u00f3jcik. &#8211; Jako pomys\u0142odawcy pocz\u0105tkowo na pewno b\u0119dziemy nadzorowa\u0107 wszystkie dzia\u0142ania, ale jeste\u015bmy pewni, \u017ce ostatecznie wy\u0142oni si\u0119 grupa naturalnych lider\u00f3w i oddamy ogr\u00f3d w ich r\u0119ce. Teren, kt\u00f3ry mo\u017cemy zagospodarowa\u0107 nie jest du\u017cy, wi\u0119c nie oczekujemy wielkich plon\u00f3w. To co wyhodujemy b\u0119dziemy przede wszystkim wykorzystywa\u0107 na miejscu podczas wsp\u00f3lnego gotowania &#8211; dodaje.<\/p>\n<p><img loading=\"lazy\" decoding=\"async\" class=\"alignnone size-full wp-image-118038\" src=\"https:\/\/www.24gliwice.pl\/wiadomosci\/wp-content\/uploads\/2018\/06\/os.jpg\" alt=\"\" width=\"1200\" height=\"709\" srcset=\"https:\/\/www.24gliwice.pl\/wiadomosci\/wp-content\/uploads\/2018\/06\/os.jpg 1200w, https:\/\/www.24gliwice.pl\/wiadomosci\/wp-content\/uploads\/2018\/06\/os-393x232.jpg 393w, https:\/\/www.24gliwice.pl\/wiadomosci\/wp-content\/uploads\/2018\/06\/os-768x454.jpg 768w, https:\/\/www.24gliwice.pl\/wiadomosci\/wp-content\/uploads\/2018\/06\/os-770x455.jpg 770w, https:\/\/www.24gliwice.pl\/wiadomosci\/wp-content\/uploads\/2018\/06\/os-810x479.jpg 810w, https:\/\/www.24gliwice.pl\/wiadomosci\/wp-content\/uploads\/2018\/06\/os-1140x674.jpg 1140w\" sizes=\"auto, (max-width: 1200px) 100vw, 1200px\" \/><\/p>\n<p>Tzw. urban farming dotar\u0142 do nas z kraj\u00f3w Europy Zachodniej, gdzie ju\u017c wcze\u015bniej miejscy aktywi\u015bci pr\u00f3bowali poszuka\u0107 zielonej przestrzeni w betonowych pustyniach du\u017cych miast. Pomys\u0142 znalaz\u0142 wielu entuzjast\u00f3w, cho\u0107 szybko te\u017c zrodzi\u0142y si\u0119 w\u0105tpliwo\u015bci. Mi\u0119dzy innymi te natury \u015brodowiskowej &#8211; o jako\u015b\u0107 warzyw wyhodowanych w \u015brodku miasta. I cho\u0107 faktycznie takie uprawy powinno lokowa\u0107 si\u0119 poza centrami miast, okaza\u0142o si\u0119, \u017ce ogrody spo\u0142eczne s\u0105 du\u017co wydajniejsze. Idea zacz\u0119\u0142a wi\u0119c cieszy\u0107 si\u0119 coraz wi\u0119ksz\u0105 popularno\u015bci\u0105, a ogrody sta\u0142y si\u0119 miejskim enklawami m.in. dla zwolennik\u00f3w ruchu slow food czy mi\u0142o\u015bnik\u00f3w dobrej kuchni.<\/p>\n[perfectpullquote align=&#8221;full&#8221; bordertop=&#8221;false&#8221; cite=&#8221;&#8221; link=&#8221;&#8221; color=&#8221;&#8221; class=&#8221;&#8221; size=&#8221;&#8221;]Gliwicki ogr\u00f3d ma funkcjonowa\u0107 przez ca\u0142y rok. Zim\u0105, kiedy nie b\u0119dzie mo\u017cliwa uprawa ro\u015blin, ma by\u0107 miejscem spotka\u0144 czy animacji. [\/perfectpullquote]\n<p>Ci\u0105gle tajemnic\u0105 pozostaje jego lokalizacja. Teren zosta\u0142 ju\u017c wybrany, natomiast do oficjalnego og\u0142oszenie potrzebne jest formalne potwierdzenie ze strony wynajmuj\u0105cego. Wiadomo jednak, \u017ce b\u0119dzie to dzia\u0142ka w centrum miasta. Wkr\u00f3tce ruszy te\u017c akcja crowdfoundingowa na ten cel, a wszelkie szczeg\u00f3\u0142y dotycz\u0105ce inicjatywy mo\u017cna znale\u017a\u0107 na fanpage&#8217;u <a href=\"https:\/\/www.facebook.com\/zieloneGL\/\" target=\"_blank\" rel=\"noopener\">Zielone Gliwice fb\/zieloneGL<\/a>.<br \/>\n(msz)<\/p>\n<div class=\"gliwi-a5-na-koncu-artykulow gliwi-entity-placement\" id=\"gliwi-725796570\"><div class=\"gliwi-adlabel\"><span style=\"font-size: 9px\">REKLAMA<\/span><\/div><div id=\"gliwi-1580301200\" style=\"margin-left: auto;margin-right: auto;text-align: center;\"><a data-no-instant=\"1\" href=\"https:\/\/www.jasek.pl\/\" rel=\"noopener\" class=\"a2t-link\" target=\"_blank\" aria-label=\"20200401-jasek 600\"><img loading=\"lazy\" decoding=\"async\" src=\"https:\/\/www.24gliwice.pl\/wiadomosci\/wp-content\/uploads\/2020\/04\/20200401-jasek-600.jpg\" alt=\"\"  srcset=\"https:\/\/www.24gliwice.pl\/wiadomosci\/wp-content\/uploads\/2020\/04\/20200401-jasek-600.jpg 600w, https:\/\/www.24gliwice.pl\/wiadomosci\/wp-content\/uploads\/2020\/04\/20200401-jasek-600-410x109.jpg 410w\" sizes=\"(max-width: 600px) 100vw, 600px\" class=\"no-lazyload\" width=\"600\" height=\"160\"  style=\"display: inline-block; max-width: 100%; height: auto;\" \/><\/a><\/div><\/div>","protected":false},"excerpt":{"rendered":"<p>Na prze\u0142omie czerwca i lipca wystartuje pierwszy w Gliwicach ogr\u00f3d spo\u0142eczny. Tak jak w tradycyjnym ogrodzie b\u0119d\u0105 tu uprawiane warzywa i owoce, ale przede wszystkim ma to by\u0107 miejsce spotka\u0144 i okazja do s\u0105siedzkiej integracji. &#8211; Ka\u017cdy kto ma ochot\u0119 popracowa\u0107 i pogrzeba\u0107 w ziemi jest mile widziany. Pozytywne nastawienie i ch\u0119\u0107 wsp\u00f3\u0142pracy to jedyne [&hellip;]<\/p>\n","protected":false},"author":12,"featured_media":118039,"comment_status":"open","ping_status":"closed","sticky":false,"template":"","format":"standard","meta":{"_monsterinsights_skip_tracking":false,"_monsterinsights_sitenote_active":false,"_monsterinsights_sitenote_note":"","_monsterinsights_sitenote_category":0,"footnotes":"","_links_to":"","_links_to_target":""},"categories":[3,1,9],"tags":[7255],"class_list":["post-118036","post","type-post","status-publish","format-standard","has-post-thumbnail","hentry","category-gliwice","category-wszystko","category-aktualnosci_lokalne","tag-osom"],"yoast_head":"<!-- This site is optimized with the Yoast SEO plugin v27.5 - https:\/\/yoast.com\/product\/yoast-seo-wordpress\/ -->\n<title>Takiej inicjatywy w Gliwicach jeszcze nie by\u0142o. Powstaje ogr\u00f3d spo\u0142eczny - 24GLIWICE - Portal Gliwice | codziennie nowe informacje<\/title>\n<meta name=\"robots\" content=\"index, follow, max-snippet:-1, max-image-preview:large, max-video-preview:-1\" \/>\n<link rel=\"canonical\" href=\"https:\/\/www.24gliwice.pl\/wiadomosci\/takiej-inicjatywy-w-gliwicach-jeszcze-nie-bylo-powstaje-ogrod-spoleczny\/\" \/>\n<meta property=\"og:locale\" content=\"pl_PL\" \/>\n<meta property=\"og:type\" content=\"article\" \/>\n<meta property=\"og:title\" content=\"Takiej inicjatywy w Gliwicach jeszcze nie by\u0142o. Powstaje ogr\u00f3d spo\u0142eczny - 24GLIWICE - Portal Gliwice | codziennie nowe informacje\" \/>\n<meta property=\"og:description\" content=\"Na prze\u0142omie czerwca i lipca wystartuje pierwszy w Gliwicach ogr\u00f3d spo\u0142eczny. Tak jak w tradycyjnym ogrodzie b\u0119d\u0105 tu uprawiane warzywa i owoce, ale przede wszystkim ma to by\u0107 miejsce spotka\u0144 i okazja do s\u0105siedzkiej integracji. &#8211; Ka\u017cdy kto ma ochot\u0119 popracowa\u0107 i pogrzeba\u0107 w ziemi jest mile widziany. Pozytywne nastawienie i ch\u0119\u0107 wsp\u00f3\u0142pracy to jedyne [&hellip;]\" \/>\n<meta property=\"og:url\" content=\"https:\/\/www.24gliwice.pl\/wiadomosci\/takiej-inicjatywy-w-gliwicach-jeszcze-nie-bylo-powstaje-ogrod-spoleczny\/\" \/>\n<meta property=\"og:site_name\" content=\"24GLIWICE - Portal Gliwice | codziennie nowe informacje\" \/>\n<meta property=\"article:publisher\" content=\"https:\/\/www.facebook.com\/24gliwice\" \/>\n<meta property=\"article:published_time\" content=\"2018-06-04T23:51:45+00:00\" \/>\n<meta property=\"article:modified_time\" content=\"2018-06-05T05:16:18+00:00\" \/>\n<meta property=\"og:image\" content=\"https:\/\/www.24gliwice.pl\/wiadomosci\/wp-content\/uploads\/2018\/06\/os1.jpg\" \/>\n\t<meta property=\"og:image:width\" content=\"1200\" \/>\n\t<meta property=\"og:image:height\" content=\"676\" \/>\n\t<meta property=\"og:image:type\" content=\"image\/jpeg\" \/>\n<meta name=\"author\" content=\"Micha\u0142 Szewczyk\" \/>\n<meta name=\"twitter:card\" content=\"summary_large_image\" \/>\n<meta name=\"twitter:creator\" content=\"@24gliwice\" \/>\n<meta name=\"twitter:site\" content=\"@24gliwice\" \/>\n<meta name=\"twitter:label1\" content=\"Napisane przez\" \/>\n\t<meta name=\"twitter:data1\" content=\"Micha\u0142 Szewczyk\" \/>\n\t<meta name=\"twitter:label2\" content=\"Szacowany czas czytania\" \/>\n\t<meta name=\"twitter:data2\" content=\"3 minuty\" \/>\n<script type=\"application\/ld+json\" class=\"yoast-schema-graph\">{\"@context\":\"https:\\\/\\\/schema.org\",\"@graph\":[{\"@type\":\"Article\",\"@id\":\"https:\\\/\\\/www.24gliwice.pl\\\/wiadomosci\\\/takiej-inicjatywy-w-gliwicach-jeszcze-nie-bylo-powstaje-ogrod-spoleczny\\\/#article\",\"isPartOf\":{\"@id\":\"https:\\\/\\\/www.24gliwice.pl\\\/wiadomosci\\\/takiej-inicjatywy-w-gliwicach-jeszcze-nie-bylo-powstaje-ogrod-spoleczny\\\/\"},\"author\":{\"name\":\"Micha\u0142 Szewczyk\",\"@id\":\"https:\\\/\\\/www.24gliwice.pl\\\/wiadomosci\\\/#\\\/schema\\\/person\\\/940e8f8a097e322de4f463f061ef8d45\"},\"headline\":\"Takiej inicjatywy w Gliwicach jeszcze nie by\u0142o. Powstaje ogr\u00f3d spo\u0142eczny\",\"datePublished\":\"2018-06-04T23:51:45+00:00\",\"dateModified\":\"2018-06-05T05:16:18+00:00\",\"mainEntityOfPage\":{\"@id\":\"https:\\\/\\\/www.24gliwice.pl\\\/wiadomosci\\\/takiej-inicjatywy-w-gliwicach-jeszcze-nie-bylo-powstaje-ogrod-spoleczny\\\/\"},\"wordCount\":610,\"commentCount\":0,\"publisher\":{\"@id\":\"https:\\\/\\\/www.24gliwice.pl\\\/wiadomosci\\\/#organization\"},\"image\":{\"@id\":\"https:\\\/\\\/www.24gliwice.pl\\\/wiadomosci\\\/takiej-inicjatywy-w-gliwicach-jeszcze-nie-bylo-powstaje-ogrod-spoleczny\\\/#primaryimage\"},\"thumbnailUrl\":\"https:\\\/\\\/www.24gliwice.pl\\\/wiadomosci\\\/wp-content\\\/uploads\\\/2018\\\/06\\\/os1.jpg\",\"keywords\":[\"osom\"],\"articleSection\":[\"Gliwice\",\"Najnowsze wiadomo\u015bci\",\"Portal Gliwice - Wiadomo\u015bci lokalne\"],\"inLanguage\":\"pl-PL\",\"potentialAction\":[{\"@type\":\"CommentAction\",\"name\":\"Comment\",\"target\":[\"https:\\\/\\\/www.24gliwice.pl\\\/wiadomosci\\\/takiej-inicjatywy-w-gliwicach-jeszcze-nie-bylo-powstaje-ogrod-spoleczny\\\/#respond\"]}]},{\"@type\":\"WebPage\",\"@id\":\"https:\\\/\\\/www.24gliwice.pl\\\/wiadomosci\\\/takiej-inicjatywy-w-gliwicach-jeszcze-nie-bylo-powstaje-ogrod-spoleczny\\\/\",\"url\":\"https:\\\/\\\/www.24gliwice.pl\\\/wiadomosci\\\/takiej-inicjatywy-w-gliwicach-jeszcze-nie-bylo-powstaje-ogrod-spoleczny\\\/\",\"name\":\"Takiej inicjatywy w Gliwicach jeszcze nie by\u0142o. Powstaje ogr\u00f3d spo\u0142eczny - 24GLIWICE - Portal Gliwice | codziennie nowe informacje\",\"isPartOf\":{\"@id\":\"https:\\\/\\\/www.24gliwice.pl\\\/wiadomosci\\\/#website\"},\"primaryImageOfPage\":{\"@id\":\"https:\\\/\\\/www.24gliwice.pl\\\/wiadomosci\\\/takiej-inicjatywy-w-gliwicach-jeszcze-nie-bylo-powstaje-ogrod-spoleczny\\\/#primaryimage\"},\"image\":{\"@id\":\"https:\\\/\\\/www.24gliwice.pl\\\/wiadomosci\\\/takiej-inicjatywy-w-gliwicach-jeszcze-nie-bylo-powstaje-ogrod-spoleczny\\\/#primaryimage\"},\"thumbnailUrl\":\"https:\\\/\\\/www.24gliwice.pl\\\/wiadomosci\\\/wp-content\\\/uploads\\\/2018\\\/06\\\/os1.jpg\",\"datePublished\":\"2018-06-04T23:51:45+00:00\",\"dateModified\":\"2018-06-05T05:16:18+00:00\",\"breadcrumb\":{\"@id\":\"https:\\\/\\\/www.24gliwice.pl\\\/wiadomosci\\\/takiej-inicjatywy-w-gliwicach-jeszcze-nie-bylo-powstaje-ogrod-spoleczny\\\/#breadcrumb\"},\"inLanguage\":\"pl-PL\",\"potentialAction\":[{\"@type\":\"ReadAction\",\"target\":[\"https:\\\/\\\/www.24gliwice.pl\\\/wiadomosci\\\/takiej-inicjatywy-w-gliwicach-jeszcze-nie-bylo-powstaje-ogrod-spoleczny\\\/\"]}]},{\"@type\":\"ImageObject\",\"inLanguage\":\"pl-PL\",\"@id\":\"https:\\\/\\\/www.24gliwice.pl\\\/wiadomosci\\\/takiej-inicjatywy-w-gliwicach-jeszcze-nie-bylo-powstaje-ogrod-spoleczny\\\/#primaryimage\",\"url\":\"https:\\\/\\\/www.24gliwice.pl\\\/wiadomosci\\\/wp-content\\\/uploads\\\/2018\\\/06\\\/os1.jpg\",\"contentUrl\":\"https:\\\/\\\/www.24gliwice.pl\\\/wiadomosci\\\/wp-content\\\/uploads\\\/2018\\\/06\\\/os1.jpg\",\"width\":1200,\"height\":676},{\"@type\":\"BreadcrumbList\",\"@id\":\"https:\\\/\\\/www.24gliwice.pl\\\/wiadomosci\\\/takiej-inicjatywy-w-gliwicach-jeszcze-nie-bylo-powstaje-ogrod-spoleczny\\\/#breadcrumb\",\"itemListElement\":[{\"@type\":\"ListItem\",\"position\":1,\"name\":\"Strona g\u0142\u00f3wna\",\"item\":\"https:\\\/\\\/www.24gliwice.pl\\\/wiadomosci\\\/\"},{\"@type\":\"ListItem\",\"position\":2,\"name\":\"Takiej inicjatywy w Gliwicach jeszcze nie by\u0142o. Powstaje ogr\u00f3d spo\u0142eczny\"}]},{\"@type\":\"WebSite\",\"@id\":\"https:\\\/\\\/www.24gliwice.pl\\\/wiadomosci\\\/#website\",\"url\":\"https:\\\/\\\/www.24gliwice.pl\\\/wiadomosci\\\/\",\"name\":\"24GLIWICE - Portal Gliwice | codziennie nowe wiadomo\u015bci\",\"description\":\"Portal Miejski Gliwice\",\"publisher\":{\"@id\":\"https:\\\/\\\/www.24gliwice.pl\\\/wiadomosci\\\/#organization\"},\"potentialAction\":[{\"@type\":\"SearchAction\",\"target\":{\"@type\":\"EntryPoint\",\"urlTemplate\":\"https:\\\/\\\/www.24gliwice.pl\\\/wiadomosci\\\/?s={search_term_string}\"},\"query-input\":{\"@type\":\"PropertyValueSpecification\",\"valueRequired\":true,\"valueName\":\"search_term_string\"}}],\"inLanguage\":\"pl-PL\"},{\"@type\":\"Organization\",\"@id\":\"https:\\\/\\\/www.24gliwice.pl\\\/wiadomosci\\\/#organization\",\"name\":\"24gliwice\",\"url\":\"https:\\\/\\\/www.24gliwice.pl\\\/wiadomosci\\\/\",\"logo\":{\"@type\":\"ImageObject\",\"inLanguage\":\"pl-PL\",\"@id\":\"https:\\\/\\\/www.24gliwice.pl\\\/wiadomosci\\\/#\\\/schema\\\/logo\\\/image\\\/\",\"url\":\"https:\\\/\\\/www.24gliwice.pl\\\/wiadomosci\\\/wp-content\\\/uploads\\\/2024\\\/10\\\/24gliwice-logo-696.jpg\",\"contentUrl\":\"https:\\\/\\\/www.24gliwice.pl\\\/wiadomosci\\\/wp-content\\\/uploads\\\/2024\\\/10\\\/24gliwice-logo-696.jpg\",\"width\":696,\"height\":696,\"caption\":\"24gliwice\"},\"image\":{\"@id\":\"https:\\\/\\\/www.24gliwice.pl\\\/wiadomosci\\\/#\\\/schema\\\/logo\\\/image\\\/\"},\"sameAs\":[\"https:\\\/\\\/www.facebook.com\\\/24gliwice\",\"https:\\\/\\\/x.com\\\/24gliwice\",\"https:\\\/\\\/www.youtube.com\\\/@24gliwice\"]},{\"@type\":\"Person\",\"@id\":\"https:\\\/\\\/www.24gliwice.pl\\\/wiadomosci\\\/#\\\/schema\\\/person\\\/940e8f8a097e322de4f463f061ef8d45\",\"name\":\"Micha\u0142 Szewczyk\",\"image\":{\"@type\":\"ImageObject\",\"inLanguage\":\"pl-PL\",\"@id\":\"https:\\\/\\\/secure.gravatar.com\\\/avatar\\\/771b8b6c74cd8d255e46392d605e01a86133900ef09b6ef3c8d451c9d92288cf?s=96&d=mm&r=g\",\"url\":\"https:\\\/\\\/secure.gravatar.com\\\/avatar\\\/771b8b6c74cd8d255e46392d605e01a86133900ef09b6ef3c8d451c9d92288cf?s=96&d=mm&r=g\",\"contentUrl\":\"https:\\\/\\\/secure.gravatar.com\\\/avatar\\\/771b8b6c74cd8d255e46392d605e01a86133900ef09b6ef3c8d451c9d92288cf?s=96&d=mm&r=g\",\"caption\":\"Micha\u0142 Szewczyk\"},\"sameAs\":[\"http:\\\/\\\/www.gazeta-miejska.pl\"],\"url\":\"https:\\\/\\\/www.24gliwice.pl\\\/wiadomosci\\\/author\\\/michal-szewczyk\\\/\"}]}<\/script>\n<!-- \/ Yoast SEO plugin. -->","yoast_head_json":{"title":"Takiej inicjatywy w Gliwicach jeszcze nie by\u0142o. Powstaje ogr\u00f3d spo\u0142eczny - 24GLIWICE - Portal Gliwice | codziennie nowe informacje","robots":{"index":"index","follow":"follow","max-snippet":"max-snippet:-1","max-image-preview":"max-image-preview:large","max-video-preview":"max-video-preview:-1"},"canonical":"https:\/\/www.24gliwice.pl\/wiadomosci\/takiej-inicjatywy-w-gliwicach-jeszcze-nie-bylo-powstaje-ogrod-spoleczny\/","og_locale":"pl_PL","og_type":"article","og_title":"Takiej inicjatywy w Gliwicach jeszcze nie by\u0142o. Powstaje ogr\u00f3d spo\u0142eczny - 24GLIWICE - Portal Gliwice | codziennie nowe informacje","og_description":"Na prze\u0142omie czerwca i lipca wystartuje pierwszy w Gliwicach ogr\u00f3d spo\u0142eczny. Tak jak w tradycyjnym ogrodzie b\u0119d\u0105 tu uprawiane warzywa i owoce, ale przede wszystkim ma to by\u0107 miejsce spotka\u0144 i okazja do s\u0105siedzkiej integracji. &#8211; Ka\u017cdy kto ma ochot\u0119 popracowa\u0107 i pogrzeba\u0107 w ziemi jest mile widziany. Pozytywne nastawienie i ch\u0119\u0107 wsp\u00f3\u0142pracy to jedyne [&hellip;]","og_url":"https:\/\/www.24gliwice.pl\/wiadomosci\/takiej-inicjatywy-w-gliwicach-jeszcze-nie-bylo-powstaje-ogrod-spoleczny\/","og_site_name":"24GLIWICE - Portal Gliwice | codziennie nowe informacje","article_publisher":"https:\/\/www.facebook.com\/24gliwice","article_published_time":"2018-06-04T23:51:45+00:00","article_modified_time":"2018-06-05T05:16:18+00:00","og_image":[{"width":1200,"height":676,"url":"https:\/\/www.24gliwice.pl\/wiadomosci\/wp-content\/uploads\/2018\/06\/os1.jpg","type":"image\/jpeg"}],"author":"Micha\u0142 Szewczyk","twitter_card":"summary_large_image","twitter_creator":"@24gliwice","twitter_site":"@24gliwice","twitter_misc":{"Napisane przez":"Micha\u0142 Szewczyk","Szacowany czas czytania":"3 minuty"},"schema":{"@context":"https:\/\/schema.org","@graph":[{"@type":"Article","@id":"https:\/\/www.24gliwice.pl\/wiadomosci\/takiej-inicjatywy-w-gliwicach-jeszcze-nie-bylo-powstaje-ogrod-spoleczny\/#article","isPartOf":{"@id":"https:\/\/www.24gliwice.pl\/wiadomosci\/takiej-inicjatywy-w-gliwicach-jeszcze-nie-bylo-powstaje-ogrod-spoleczny\/"},"author":{"name":"Micha\u0142 Szewczyk","@id":"https:\/\/www.24gliwice.pl\/wiadomosci\/#\/schema\/person\/940e8f8a097e322de4f463f061ef8d45"},"headline":"Takiej inicjatywy w Gliwicach jeszcze nie by\u0142o. Powstaje ogr\u00f3d spo\u0142eczny","datePublished":"2018-06-04T23:51:45+00:00","dateModified":"2018-06-05T05:16:18+00:00","mainEntityOfPage":{"@id":"https:\/\/www.24gliwice.pl\/wiadomosci\/takiej-inicjatywy-w-gliwicach-jeszcze-nie-bylo-powstaje-ogrod-spoleczny\/"},"wordCount":610,"commentCount":0,"publisher":{"@id":"https:\/\/www.24gliwice.pl\/wiadomosci\/#organization"},"image":{"@id":"https:\/\/www.24gliwice.pl\/wiadomosci\/takiej-inicjatywy-w-gliwicach-jeszcze-nie-bylo-powstaje-ogrod-spoleczny\/#primaryimage"},"thumbnailUrl":"https:\/\/www.24gliwice.pl\/wiadomosci\/wp-content\/uploads\/2018\/06\/os1.jpg","keywords":["osom"],"articleSection":["Gliwice","Najnowsze wiadomo\u015bci","Portal Gliwice - Wiadomo\u015bci lokalne"],"inLanguage":"pl-PL","potentialAction":[{"@type":"CommentAction","name":"Comment","target":["https:\/\/www.24gliwice.pl\/wiadomosci\/takiej-inicjatywy-w-gliwicach-jeszcze-nie-bylo-powstaje-ogrod-spoleczny\/#respond"]}]},{"@type":"WebPage","@id":"https:\/\/www.24gliwice.pl\/wiadomosci\/takiej-inicjatywy-w-gliwicach-jeszcze-nie-bylo-powstaje-ogrod-spoleczny\/","url":"https:\/\/www.24gliwice.pl\/wiadomosci\/takiej-inicjatywy-w-gliwicach-jeszcze-nie-bylo-powstaje-ogrod-spoleczny\/","name":"Takiej inicjatywy w Gliwicach jeszcze nie by\u0142o. Powstaje ogr\u00f3d spo\u0142eczny - 24GLIWICE - Portal Gliwice | codziennie nowe informacje","isPartOf":{"@id":"https:\/\/www.24gliwice.pl\/wiadomosci\/#website"},"primaryImageOfPage":{"@id":"https:\/\/www.24gliwice.pl\/wiadomosci\/takiej-inicjatywy-w-gliwicach-jeszcze-nie-bylo-powstaje-ogrod-spoleczny\/#primaryimage"},"image":{"@id":"https:\/\/www.24gliwice.pl\/wiadomosci\/takiej-inicjatywy-w-gliwicach-jeszcze-nie-bylo-powstaje-ogrod-spoleczny\/#primaryimage"},"thumbnailUrl":"https:\/\/www.24gliwice.pl\/wiadomosci\/wp-content\/uploads\/2018\/06\/os1.jpg","datePublished":"2018-06-04T23:51:45+00:00","dateModified":"2018-06-05T05:16:18+00:00","breadcrumb":{"@id":"https:\/\/www.24gliwice.pl\/wiadomosci\/takiej-inicjatywy-w-gliwicach-jeszcze-nie-bylo-powstaje-ogrod-spoleczny\/#breadcrumb"},"inLanguage":"pl-PL","potentialAction":[{"@type":"ReadAction","target":["https:\/\/www.24gliwice.pl\/wiadomosci\/takiej-inicjatywy-w-gliwicach-jeszcze-nie-bylo-powstaje-ogrod-spoleczny\/"]}]},{"@type":"ImageObject","inLanguage":"pl-PL","@id":"https:\/\/www.24gliwice.pl\/wiadomosci\/takiej-inicjatywy-w-gliwicach-jeszcze-nie-bylo-powstaje-ogrod-spoleczny\/#primaryimage","url":"https:\/\/www.24gliwice.pl\/wiadomosci\/wp-content\/uploads\/2018\/06\/os1.jpg","contentUrl":"https:\/\/www.24gliwice.pl\/wiadomosci\/wp-content\/uploads\/2018\/06\/os1.jpg","width":1200,"height":676},{"@type":"BreadcrumbList","@id":"https:\/\/www.24gliwice.pl\/wiadomosci\/takiej-inicjatywy-w-gliwicach-jeszcze-nie-bylo-powstaje-ogrod-spoleczny\/#breadcrumb","itemListElement":[{"@type":"ListItem","position":1,"name":"Strona g\u0142\u00f3wna","item":"https:\/\/www.24gliwice.pl\/wiadomosci\/"},{"@type":"ListItem","position":2,"name":"Takiej inicjatywy w Gliwicach jeszcze nie by\u0142o. Powstaje ogr\u00f3d spo\u0142eczny"}]},{"@type":"WebSite","@id":"https:\/\/www.24gliwice.pl\/wiadomosci\/#website","url":"https:\/\/www.24gliwice.pl\/wiadomosci\/","name":"24GLIWICE - Portal Gliwice | codziennie nowe wiadomo\u015bci","description":"Portal Miejski Gliwice","publisher":{"@id":"https:\/\/www.24gliwice.pl\/wiadomosci\/#organization"},"potentialAction":[{"@type":"SearchAction","target":{"@type":"EntryPoint","urlTemplate":"https:\/\/www.24gliwice.pl\/wiadomosci\/?s={search_term_string}"},"query-input":{"@type":"PropertyValueSpecification","valueRequired":true,"valueName":"search_term_string"}}],"inLanguage":"pl-PL"},{"@type":"Organization","@id":"https:\/\/www.24gliwice.pl\/wiadomosci\/#organization","name":"24gliwice","url":"https:\/\/www.24gliwice.pl\/wiadomosci\/","logo":{"@type":"ImageObject","inLanguage":"pl-PL","@id":"https:\/\/www.24gliwice.pl\/wiadomosci\/#\/schema\/logo\/image\/","url":"https:\/\/www.24gliwice.pl\/wiadomosci\/wp-content\/uploads\/2024\/10\/24gliwice-logo-696.jpg","contentUrl":"https:\/\/www.24gliwice.pl\/wiadomosci\/wp-content\/uploads\/2024\/10\/24gliwice-logo-696.jpg","width":696,"height":696,"caption":"24gliwice"},"image":{"@id":"https:\/\/www.24gliwice.pl\/wiadomosci\/#\/schema\/logo\/image\/"},"sameAs":["https:\/\/www.facebook.com\/24gliwice","https:\/\/x.com\/24gliwice","https:\/\/www.youtube.com\/@24gliwice"]},{"@type":"Person","@id":"https:\/\/www.24gliwice.pl\/wiadomosci\/#\/schema\/person\/940e8f8a097e322de4f463f061ef8d45","name":"Micha\u0142 Szewczyk","image":{"@type":"ImageObject","inLanguage":"pl-PL","@id":"https:\/\/secure.gravatar.com\/avatar\/771b8b6c74cd8d255e46392d605e01a86133900ef09b6ef3c8d451c9d92288cf?s=96&d=mm&r=g","url":"https:\/\/secure.gravatar.com\/avatar\/771b8b6c74cd8d255e46392d605e01a86133900ef09b6ef3c8d451c9d92288cf?s=96&d=mm&r=g","contentUrl":"https:\/\/secure.gravatar.com\/avatar\/771b8b6c74cd8d255e46392d605e01a86133900ef09b6ef3c8d451c9d92288cf?s=96&d=mm&r=g","caption":"Micha\u0142 Szewczyk"},"sameAs":["http:\/\/www.gazeta-miejska.pl"],"url":"https:\/\/www.24gliwice.pl\/wiadomosci\/author\/michal-szewczyk\/"}]}},"_links":{"self":[{"href":"https:\/\/www.24gliwice.pl\/wiadomosci\/wp-json\/wp\/v2\/posts\/118036","targetHints":{"allow":["GET"]}}],"collection":[{"href":"https:\/\/www.24gliwice.pl\/wiadomosci\/wp-json\/wp\/v2\/posts"}],"about":[{"href":"https:\/\/www.24gliwice.pl\/wiadomosci\/wp-json\/wp\/v2\/types\/post"}],"author":[{"embeddable":true,"href":"https:\/\/www.24gliwice.pl\/wiadomosci\/wp-json\/wp\/v2\/users\/12"}],"replies":[{"embeddable":true,"href":"https:\/\/www.24gliwice.pl\/wiadomosci\/wp-json\/wp\/v2\/comments?post=118036"}],"version-history":[{"count":0,"href":"https:\/\/www.24gliwice.pl\/wiadomosci\/wp-json\/wp\/v2\/posts\/118036\/revisions"}],"wp:featuredmedia":[{"embeddable":true,"href":"https:\/\/www.24gliwice.pl\/wiadomosci\/wp-json\/wp\/v2\/media\/118039"}],"wp:attachment":[{"href":"https:\/\/www.24gliwice.pl\/wiadomosci\/wp-json\/wp\/v2\/media?parent=118036"}],"wp:term":[{"taxonomy":"category","embeddable":true,"href":"https:\/\/www.24gliwice.pl\/wiadomosci\/wp-json\/wp\/v2\/categories?post=118036"},{"taxonomy":"post_tag","embeddable":true,"href":"https:\/\/www.24gliwice.pl\/wiadomosci\/wp-json\/wp\/v2\/tags?post=118036"}],"curies":[{"name":"wp","href":"https:\/\/api.w.org\/{rel}","templated":true}]}}